{"id":4525,"date":"2023-06-26T15:23:07","date_gmt":"2023-06-26T18:23:07","guid":{"rendered":"https:\/\/lackman.com.br\/?p=4525"},"modified":"2023-06-26T15:23:07","modified_gmt":"2023-06-26T18:23:07","slug":"fila-traz-mano-brown-para-os-40-anos-do-sneaker-fx-2","status":"publish","type":"post","link":"https:\/\/lackman.com.br\/index.php\/2023\/06\/26\/fila-traz-mano-brown-para-os-40-anos-do-sneaker-fx-2\/","title":{"rendered":"Fila traz Mano Brown para os 40 anos do Sneaker FX-2"},"content":{"rendered":"<h5 style=\"text-align: justify;\"><em><strong>Vers\u00e3o comemorativa do primeiro cal\u00e7ado produzido pela FILA ganha parceria com artista que usa sneaker h\u00e1 mais de 30 anos<\/strong><\/em><\/h5>\n<p style=\"text-align: justify;\">H\u00e1 mais de tr\u00eas d\u00e9cadas provando que a atitude <em>change the game<\/em> n\u00e3o \u00e9 apenas uma <strong>express\u00e3o<\/strong> aspiracional, o paulista Pedro Paulo Soares Pereira, ou melhor Mano Brown, tem uma rela\u00e7\u00e3o com a FILA que envolve admira\u00e7\u00e3o, desejo e muita <strong>representatividade.<\/strong> Desde os <strong>anos 80<\/strong>, o rapper j\u00e1 escolhia a marca para criar suas produ\u00e7\u00f5es e traduzir sua <strong>originalidade<\/strong> nos palcos e nas ruas.<\/p>\n<p style=\"text-align: justify;\"><img fetchpriority=\"high\" decoding=\"async\" class=\"alignnone size-large wp-image-4528\" src=\"http:\/\/lackman.com.br\/wp-content\/uploads\/2023\/06\/Mano-Brow-Fila-1-1024x576.png\" alt=\"\" width=\"1024\" height=\"576\" srcset=\"https:\/\/lackman.com.br\/wp-content\/uploads\/2023\/06\/Mano-Brow-Fila-1-1024x576.png 1024w, https:\/\/lackman.com.br\/wp-content\/uploads\/2023\/06\/Mano-Brow-Fila-1-300x169.png 300w, https:\/\/lackman.com.br\/wp-content\/uploads\/2023\/06\/Mano-Brow-Fila-1-768x432.png 768w, https:\/\/lackman.com.br\/wp-content\/uploads\/2023\/06\/Mano-Brow-Fila-1.png 1280w\" sizes=\"(max-width: 1024px) 100vw, 1024px\" \/><\/p>\n<p style=\"text-align: justify;\">O per\u00edodo tamb\u00e9m \u00e9 considerado <strong>simb\u00f3lico<\/strong> para a <strong>FILA,<\/strong> que transbordava sua ousadia e criatividade dentro e fora das quadras de tennis e basquete. Nos anos 80, tamb\u00e9m surgiram pe\u00e7as <strong>cl\u00e1ssicas e sneakers<\/strong> lend\u00e1rios como o <strong>FX-2<\/strong>. O cal\u00e7ado faz parte de uma lista c\u00e9lebre que inclui modelos como a <strong>jaqueta Settanta<\/strong>, a tradicional polo confeccionada em branco, azul e vermelho e diversos outros t\u00eanis que estampam o logo <strong>F-BOX<\/strong> e homenageiam <strong>grandes astros<\/strong>.<\/p>\n<div id='gallery-1' class='gallery galleryid-4525 gallery-columns-2 gallery-size-large'><figure class='gallery-item'>\n\t\t\t<div class='gallery-icon portrait'>\n\t\t\t\t<a href='https:\/\/lackman.com.br\/index.php\/2023\/06\/26\/fila-traz-mano-brown-para-os-40-anos-do-sneaker-fx-2\/mano-brow-fila-2\/'><img decoding=\"async\" width=\"767\" height=\"1024\" src=\"https:\/\/lackman.com.br\/wp-content\/uploads\/2023\/06\/Mano-Brow-Fila-2-767x1024.png\" class=\"attachment-large size-large\" alt=\"\" srcset=\"https:\/\/lackman.com.br\/wp-content\/uploads\/2023\/06\/Mano-Brow-Fila-2-767x1024.png 767w, https:\/\/lackman.com.br\/wp-content\/uploads\/2023\/06\/Mano-Brow-Fila-2-225x300.png 225w, https:\/\/lackman.com.br\/wp-content\/uploads\/2023\/06\/Mano-Brow-Fila-2-768x1025.png 768w, https:\/\/lackman.com.br\/wp-content\/uploads\/2023\/06\/Mano-Brow-Fila-2.png 1000w\" sizes=\"(max-width: 767px) 100vw, 767px\" \/><\/a>\n\t\t\t<\/div><\/figure><figure class='gallery-item'>\n\t\t\t<div class='gallery-icon portrait'>\n\t\t\t\t<a href='https:\/\/lackman.com.br\/index.php\/2023\/06\/26\/fila-traz-mano-brown-para-os-40-anos-do-sneaker-fx-2\/mano-brown-fila-3\/'><img decoding=\"async\" width=\"767\" height=\"1024\" src=\"https:\/\/lackman.com.br\/wp-content\/uploads\/2023\/06\/Mano-Brown-Fila-3-767x1024.jpg\" class=\"attachment-large size-large\" alt=\"\" srcset=\"https:\/\/lackman.com.br\/wp-content\/uploads\/2023\/06\/Mano-Brown-Fila-3-767x1024.jpg 767w, https:\/\/lackman.com.br\/wp-content\/uploads\/2023\/06\/Mano-Brown-Fila-3-225x300.jpg 225w, https:\/\/lackman.com.br\/wp-content\/uploads\/2023\/06\/Mano-Brown-Fila-3-768x1025.jpg 768w, https:\/\/lackman.com.br\/wp-content\/uploads\/2023\/06\/Mano-Brown-Fila-3.jpg 1000w\" sizes=\"(max-width: 767px) 100vw, 767px\" \/><\/a>\n\t\t\t<\/div><\/figure>\n\t\t<\/div>\n\n<p style=\"text-align: justify;\">Estrelando a campanha da FX-2, <strong>Mano Brown<\/strong> foi escolhido pela sua <strong>autenticidade.<\/strong> Assim como a marca no cen\u00e1rio <strong>urbano,<\/strong> seu nome faz parte da hist\u00f3ria do <strong>rap brasileiro<\/strong> e inspirou diversas gera\u00e7\u00f5es. Com roteiros que se misturam pela <strong>criatividade<\/strong> e legado, o artista apresenta o conceito <strong>\u201cil primo\u201d<\/strong> criado pela marca para celebrar a vers\u00e3o comemorativa do <strong>primeiro t\u00eanis<\/strong> assinado pela FILA.<\/p>\n<hr \/>\n<pre>Fotos: Divulga\u00e7\u00e3o<\/pre>\n","protected":false},"excerpt":{"rendered":"<p>Vers\u00e3o comemorativa do primeiro cal\u00e7ado produzido pela FILA ganha parceria com artista que usa sneaker h\u00e1 mais de 30 anos H\u00e1 mais de tr\u00eas d\u00e9cadas provando que a atitude change the game n\u00e3o \u00e9 apenas uma express\u00e3o aspiracional, o paulista Pedro Paulo Soares Pereira, ou melhor Mano Brown, tem uma rela\u00e7\u00e3o com a FILA que envolve admira\u00e7\u00e3o, desejo e muita representatividade. Desde os anos 80, o rapper j\u00e1 escolhia a marca para criar suas produ\u00e7\u00f5es e traduzir sua originalidade nos palcos e nas ruas. O per\u00edodo tamb\u00e9m \u00e9 considerado simb\u00f3lico para a FILA, que transbordava sua ousadia e criatividade dentro e fora das quadras de tennis e basquete. Nos anos 80, tamb\u00e9m surgiram pe\u00e7as cl\u00e1ssicas e sneakers lend\u00e1rios como o FX-2. O cal\u00e7ado faz parte de uma lista c\u00e9lebre que inclui modelos como a jaqueta Settanta, a tradicional polo confeccionada em branco, azul e vermelho e diversos outros t\u00eanis que estampam o logo F-BOX e homenageiam grandes astros. Estrelando a campanha da FX-2, Mano Brown foi escolhido pela sua autenticidade. Assim como a marca no cen\u00e1rio urbano, seu nome faz parte da hist\u00f3ria do rap brasileiro e inspirou diversas gera\u00e7\u00f5es. Com roteiros que se misturam pela criatividade e legado, o artista apresenta o conceito \u201cil primo\u201d criado pela marca para celebrar a vers\u00e3o comemorativa do primeiro t\u00eanis assinado pela FILA. Fotos: Divulga\u00e7\u00e3o<\/p>\n","protected":false},"author":2,"featured_media":4527,"comment_status":"closed","ping_status":"open","sticky":false,"template":"","format":"standard","meta":{"site-sidebar-layout":"default","site-content-layout":"default","ast-site-content-layout":"default","site-content-style":"default","site-sidebar-style":"default","ast-global-header-display":"","ast-banner-title-visibility":"","ast-main-header-display":"","ast-hfb-above-header-display":"","ast-hfb-below-header-display":"","ast-hfb-mobile-header-display":"","site-post-title":"","ast-breadcrumbs-content":"","ast-featured-img":"","footer-sml-layout":"","ast-disable-related-posts":"","theme-transparent-header-meta":"default","adv-header-id-meta":"","stick-header-meta":"","header-above-stick-meta":"","header-main-stick-meta":"","header-below-stick-meta":"","astra-migrate-meta-layouts":"default","ast-page-background-enabled":"default","ast-page-background-meta":{"desktop":{"background-color":"","background-image":"","background-repeat":"repeat","background-position":"center center","background-size":"auto","background-attachment":"scroll","background-type":"","background-media":"","overlay-type":"","overlay-color":"","overlay-opacity":"","overlay-gradient":""},"tablet":{"background-color":"","background-image":"","background-repeat":"repeat","background-position":"center center","background-size":"auto","background-attachment":"scroll","background-type":"","background-media":"","overlay-type":"","overlay-color":"","overlay-opacity":"","overlay-gradient":""},"mobile":{"background-color":"","background-image":"","background-repeat":"repeat","background-position":"center center","background-size":"auto","background-attachment":"scroll","background-type":"","background-media":"","overlay-type":"","overlay-color":"","overlay-opacity":"","overlay-gradient":""}},"ast-content-background-meta":{"desktop":{"background-color":"var(--ast-global-color-5)","background-image":"","background-repeat":"repeat","background-position":"center center","background-size":"auto","background-attachment":"scroll","background-type":"","background-media":"","overlay-type":"","overlay-color":"","overlay-opacity":"","overlay-gradient":""},"tablet":{"background-color":"var(--ast-global-color-5)","background-image":"","background-repeat":"repeat","background-position":"center center","background-size":"auto","background-attachment":"scroll","background-type":"","background-media":"","overlay-type":"","overlay-color":"","overlay-opacity":"","overlay-gradient":""},"mobile":{"background-color":"var(--ast-global-color-5)","background-image":"","background-repeat":"repeat","background-position":"center center","background-size":"auto","background-attachment":"scroll","background-type":"","background-media":"","overlay-type":"","overlay-color":"","overlay-opacity":"","overlay-gradient":""}},"footnotes":""},"categories":[40],"tags":[199,200,59,201,202],"class_list":["post-4525","post","type-post","status-publish","format-standard","has-post-thumbnail","hentry","category-marcas","tag-fila","tag-mano-brown","tag-moda","tag-sneaker","tag-tenis-fila"],"yoast_head":"<!-- This site is optimized with the Yoast SEO plugin v27.0 - https:\/\/yoast.com\/product\/yoast-seo-wordpress\/ -->\n<title>Fila traz Mano Brown para os 40 anos do Sneaker FX-2 - LACKMAN &amp; CO.<\/title>\n<meta name=\"robots\" content=\"index, follow, max-snippet:-1, max-image-preview:large, max-video-preview:-1\" \/>\n<link rel=\"canonical\" href=\"https:\/\/lackman.com.br\/index.php\/2023\/06\/26\/fila-traz-mano-brown-para-os-40-anos-do-sneaker-fx-2\/\" \/>\n<meta property=\"og:locale\" content=\"pt_BR\" \/>\n<meta property=\"og:type\" content=\"article\" \/>\n<meta property=\"og:title\" content=\"Fila traz Mano Brown para os 40 anos do Sneaker FX-2 - LACKMAN &amp; CO.\" \/>\n<meta property=\"og:description\" content=\"Vers\u00e3o comemorativa do primeiro cal\u00e7ado produzido pela FILA ganha parceria com artista que usa sneaker h\u00e1 mais de 30 anos H\u00e1 mais de tr\u00eas d\u00e9cadas provando que a atitude change the game n\u00e3o \u00e9 apenas uma express\u00e3o aspiracional, o paulista Pedro Paulo Soares Pereira, ou melhor Mano Brown, tem uma rela\u00e7\u00e3o com a FILA que envolve admira\u00e7\u00e3o, desejo e muita representatividade. Desde os anos 80, o rapper j\u00e1 escolhia a marca para criar suas produ\u00e7\u00f5es e traduzir sua originalidade nos palcos e nas ruas. O per\u00edodo tamb\u00e9m \u00e9 considerado simb\u00f3lico para a FILA, que transbordava sua ousadia e criatividade dentro e fora das quadras de tennis e basquete. Nos anos 80, tamb\u00e9m surgiram pe\u00e7as cl\u00e1ssicas e sneakers lend\u00e1rios como o FX-2. O cal\u00e7ado faz parte de uma lista c\u00e9lebre que inclui modelos como a jaqueta Settanta, a tradicional polo confeccionada em branco, azul e vermelho e diversos outros t\u00eanis que estampam o logo F-BOX e homenageiam grandes astros. Estrelando a campanha da FX-2, Mano Brown foi escolhido pela sua autenticidade. Assim como a marca no cen\u00e1rio urbano, seu nome faz parte da hist\u00f3ria do rap brasileiro e inspirou diversas gera\u00e7\u00f5es. Com roteiros que se misturam pela criatividade e legado, o artista apresenta o conceito \u201cil primo\u201d criado pela marca para celebrar a vers\u00e3o comemorativa do primeiro t\u00eanis assinado pela FILA. Fotos: Divulga\u00e7\u00e3o\" \/>\n<meta property=\"og:url\" content=\"https:\/\/lackman.com.br\/index.php\/2023\/06\/26\/fila-traz-mano-brown-para-os-40-anos-do-sneaker-fx-2\/\" \/>\n<meta property=\"og:site_name\" content=\"LACKMAN &amp; CO.\" \/>\n<meta property=\"article:author\" content=\"https:\/\/www.facebook.com\/fernandolackman\" \/>\n<meta property=\"article:published_time\" content=\"2023-06-26T18:23:07+00:00\" \/>\n<meta property=\"og:image\" content=\"http:\/\/lackman.com.br\/wp-content\/uploads\/2023\/06\/Mano-Brow-Fila.png\" \/>\n\t<meta property=\"og:image:width\" content=\"1000\" \/>\n\t<meta property=\"og:image:height\" content=\"858\" \/>\n\t<meta property=\"og:image:type\" content=\"image\/png\" \/>\n<meta name=\"author\" content=\"Fernando Lackman\" \/>\n<meta name=\"twitter:card\" content=\"summary_large_image\" \/>\n<meta name=\"twitter:creator\" content=\"@fernandolackman\" \/>\n<meta name=\"twitter:label1\" content=\"Escrito por\" \/>\n\t<meta name=\"twitter:data1\" content=\"Fernando Lackman\" \/>\n\t<meta name=\"twitter:label2\" content=\"Est. tempo de leitura\" \/>\n\t<meta name=\"twitter:data2\" content=\"2 minutos\" \/>\n<script type=\"application\/ld+json\" class=\"yoast-schema-graph\">{\"@context\":\"https:\/\/schema.org\",\"@graph\":[{\"@type\":\"Article\",\"@id\":\"https:\/\/lackman.com.br\/index.php\/2023\/06\/26\/fila-traz-mano-brown-para-os-40-anos-do-sneaker-fx-2\/#article\",\"isPartOf\":{\"@id\":\"https:\/\/lackman.com.br\/index.php\/2023\/06\/26\/fila-traz-mano-brown-para-os-40-anos-do-sneaker-fx-2\/\"},\"author\":{\"name\":\"Fernando Lackman\",\"@id\":\"https:\/\/lackman.com.br\/#\/schema\/person\/dbfb3fbfc55f2b0bd4f9039696e70858\"},\"headline\":\"Fila traz Mano Brown para os 40 anos do Sneaker FX-2\",\"datePublished\":\"2023-06-26T18:23:07+00:00\",\"mainEntityOfPage\":{\"@id\":\"https:\/\/lackman.com.br\/index.php\/2023\/06\/26\/fila-traz-mano-brown-para-os-40-anos-do-sneaker-fx-2\/\"},\"wordCount\":254,\"publisher\":{\"@id\":\"https:\/\/lackman.com.br\/#organization\"},\"image\":{\"@id\":\"https:\/\/lackman.com.br\/index.php\/2023\/06\/26\/fila-traz-mano-brown-para-os-40-anos-do-sneaker-fx-2\/#primaryimage\"},\"thumbnailUrl\":\"https:\/\/lackman.com.br\/wp-content\/uploads\/2023\/06\/Mano-Brow-Fila.png\",\"keywords\":[\"fila\",\"mano brown\",\"Moda\",\"sneaker\",\"t\u00e8nis fila\"],\"articleSection\":[\"Marcas\"],\"inLanguage\":\"pt-BR\"},{\"@type\":\"WebPage\",\"@id\":\"https:\/\/lackman.com.br\/index.php\/2023\/06\/26\/fila-traz-mano-brown-para-os-40-anos-do-sneaker-fx-2\/\",\"url\":\"https:\/\/lackman.com.br\/index.php\/2023\/06\/26\/fila-traz-mano-brown-para-os-40-anos-do-sneaker-fx-2\/\",\"name\":\"Fila traz Mano Brown para os 40 anos do Sneaker FX-2 - LACKMAN &amp; CO.\",\"isPartOf\":{\"@id\":\"https:\/\/lackman.com.br\/#website\"},\"primaryImageOfPage\":{\"@id\":\"https:\/\/lackman.com.br\/index.php\/2023\/06\/26\/fila-traz-mano-brown-para-os-40-anos-do-sneaker-fx-2\/#primaryimage\"},\"image\":{\"@id\":\"https:\/\/lackman.com.br\/index.php\/2023\/06\/26\/fila-traz-mano-brown-para-os-40-anos-do-sneaker-fx-2\/#primaryimage\"},\"thumbnailUrl\":\"https:\/\/lackman.com.br\/wp-content\/uploads\/2023\/06\/Mano-Brow-Fila.png\",\"datePublished\":\"2023-06-26T18:23:07+00:00\",\"breadcrumb\":{\"@id\":\"https:\/\/lackman.com.br\/index.php\/2023\/06\/26\/fila-traz-mano-brown-para-os-40-anos-do-sneaker-fx-2\/#breadcrumb\"},\"inLanguage\":\"pt-BR\",\"potentialAction\":[{\"@type\":\"ReadAction\",\"target\":[\"https:\/\/lackman.com.br\/index.php\/2023\/06\/26\/fila-traz-mano-brown-para-os-40-anos-do-sneaker-fx-2\/\"]}]},{\"@type\":\"ImageObject\",\"inLanguage\":\"pt-BR\",\"@id\":\"https:\/\/lackman.com.br\/index.php\/2023\/06\/26\/fila-traz-mano-brown-para-os-40-anos-do-sneaker-fx-2\/#primaryimage\",\"url\":\"https:\/\/lackman.com.br\/wp-content\/uploads\/2023\/06\/Mano-Brow-Fila.png\",\"contentUrl\":\"https:\/\/lackman.com.br\/wp-content\/uploads\/2023\/06\/Mano-Brow-Fila.png\",\"width\":1000,\"height\":858},{\"@type\":\"BreadcrumbList\",\"@id\":\"https:\/\/lackman.com.br\/index.php\/2023\/06\/26\/fila-traz-mano-brown-para-os-40-anos-do-sneaker-fx-2\/#breadcrumb\",\"itemListElement\":[{\"@type\":\"ListItem\",\"position\":1,\"name\":\"In\u00edcio\",\"item\":\"https:\/\/lackman.com.br\/\"},{\"@type\":\"ListItem\",\"position\":2,\"name\":\"Fila traz Mano Brown para os 40 anos do Sneaker FX-2\"}]},{\"@type\":\"WebSite\",\"@id\":\"https:\/\/lackman.com.br\/#website\",\"url\":\"https:\/\/lackman.com.br\/\",\"name\":\"LACKMAN &amp; CO.\",\"description\":\"VIDA | MODA | ARTE\",\"publisher\":{\"@id\":\"https:\/\/lackman.com.br\/#organization\"},\"potentialAction\":[{\"@type\":\"SearchAction\",\"target\":{\"@type\":\"EntryPoint\",\"urlTemplate\":\"https:\/\/lackman.com.br\/?s={search_term_string}\"},\"query-input\":{\"@type\":\"PropertyValueSpecification\",\"valueRequired\":true,\"valueName\":\"search_term_string\"}}],\"inLanguage\":\"pt-BR\"},{\"@type\":\"Organization\",\"@id\":\"https:\/\/lackman.com.br\/#organization\",\"name\":\"LACKMAN &amp; CO.\",\"url\":\"https:\/\/lackman.com.br\/\",\"logo\":{\"@type\":\"ImageObject\",\"inLanguage\":\"pt-BR\",\"@id\":\"https:\/\/lackman.com.br\/#\/schema\/logo\/image\/\",\"url\":\"https:\/\/lackman.com.br\/wp-content\/uploads\/2023\/06\/Logotipo_preto-1.png\",\"contentUrl\":\"https:\/\/lackman.com.br\/wp-content\/uploads\/2023\/06\/Logotipo_preto-1.png\",\"width\":739,\"height\":393,\"caption\":\"LACKMAN &amp; CO.\"},\"image\":{\"@id\":\"https:\/\/lackman.com.br\/#\/schema\/logo\/image\/\"}},{\"@type\":\"Person\",\"@id\":\"https:\/\/lackman.com.br\/#\/schema\/person\/dbfb3fbfc55f2b0bd4f9039696e70858\",\"name\":\"Fernando Lackman\",\"image\":{\"@type\":\"ImageObject\",\"inLanguage\":\"pt-BR\",\"@id\":\"https:\/\/lackman.com.br\/#\/schema\/person\/image\/\",\"url\":\"https:\/\/secure.gravatar.com\/avatar\/ae7993150af197e66480c8a769891833dd2b8d809f0d9ff3f25af796cf378ce8?s=96&d=mm&r=g\",\"contentUrl\":\"https:\/\/secure.gravatar.com\/avatar\/ae7993150af197e66480c8a769891833dd2b8d809f0d9ff3f25af796cf378ce8?s=96&d=mm&r=g\",\"caption\":\"Fernando Lackman\"},\"description\":\"Fernando Lackman \u00e9 jornalista especializado em Moda e Cultura, editor do site LACKMAN.com.br. \u00c9 autor do livro Bras\u00edlia Capital dos Criadores, que conta a hist\u00f3ria da moda no Distrito Federal. Tem em seu curr\u00edculo assinatura de dire\u00e7\u00e3o criativa e de desfiles em eventos como Estilo DF Plaza, Summer Collections, JK Street Fashion, Desfile Beleza Negra (DBN), PicniK Fashion Show, Vogue Fashion\u2019s Night Out Bras\u00edlia, entre outros. Foi diretor criativo do extinto Capital Fashion Week. Atualmente trabalha na dire\u00e7\u00e3o criativa de eventos como Top CUFA, BSB Fashion Street, Bras\u00edlia Fashion House, Ateli\u00ea Bras\u00edlia e Goi\u00e1s Fashion Week.\",\"sameAs\":[\"https:\/\/lackman.com.br\/\",\"https:\/\/www.facebook.com\/fernandolackman\",\"https:\/\/www.instagram.com\/fernandolackman\/\",\"https:\/\/www.linkedin.com\/in\/fernando-lackman\/\",\"https:\/\/br.pinterest.com\/fernandolackman\/\",\"https:\/\/x.com\/fernandolackman\"],\"url\":\"https:\/\/lackman.com.br\/index.php\/author\/fernando-lackman\/\"}]}<\/script>\n<!-- \/ Yoast SEO plugin. -->","yoast_head_json":{"title":"Fila traz Mano Brown para os 40 anos do Sneaker FX-2 - LACKMAN &amp; CO.","robots":{"index":"index","follow":"follow","max-snippet":"max-snippet:-1","max-image-preview":"max-image-preview:large","max-video-preview":"max-video-preview:-1"},"canonical":"https:\/\/lackman.com.br\/index.php\/2023\/06\/26\/fila-traz-mano-brown-para-os-40-anos-do-sneaker-fx-2\/","og_locale":"pt_BR","og_type":"article","og_title":"Fila traz Mano Brown para os 40 anos do Sneaker FX-2 - LACKMAN &amp; CO.","og_description":"Vers\u00e3o comemorativa do primeiro cal\u00e7ado produzido pela FILA ganha parceria com artista que usa sneaker h\u00e1 mais de 30 anos H\u00e1 mais de tr\u00eas d\u00e9cadas provando que a atitude change the game n\u00e3o \u00e9 apenas uma express\u00e3o aspiracional, o paulista Pedro Paulo Soares Pereira, ou melhor Mano Brown, tem uma rela\u00e7\u00e3o com a FILA que envolve admira\u00e7\u00e3o, desejo e muita representatividade. Desde os anos 80, o rapper j\u00e1 escolhia a marca para criar suas produ\u00e7\u00f5es e traduzir sua originalidade nos palcos e nas ruas. O per\u00edodo tamb\u00e9m \u00e9 considerado simb\u00f3lico para a FILA, que transbordava sua ousadia e criatividade dentro e fora das quadras de tennis e basquete. Nos anos 80, tamb\u00e9m surgiram pe\u00e7as cl\u00e1ssicas e sneakers lend\u00e1rios como o FX-2. O cal\u00e7ado faz parte de uma lista c\u00e9lebre que inclui modelos como a jaqueta Settanta, a tradicional polo confeccionada em branco, azul e vermelho e diversos outros t\u00eanis que estampam o logo F-BOX e homenageiam grandes astros. Estrelando a campanha da FX-2, Mano Brown foi escolhido pela sua autenticidade. Assim como a marca no cen\u00e1rio urbano, seu nome faz parte da hist\u00f3ria do rap brasileiro e inspirou diversas gera\u00e7\u00f5es. Com roteiros que se misturam pela criatividade e legado, o artista apresenta o conceito \u201cil primo\u201d criado pela marca para celebrar a vers\u00e3o comemorativa do primeiro t\u00eanis assinado pela FILA. Fotos: Divulga\u00e7\u00e3o","og_url":"https:\/\/lackman.com.br\/index.php\/2023\/06\/26\/fila-traz-mano-brown-para-os-40-anos-do-sneaker-fx-2\/","og_site_name":"LACKMAN &amp; CO.","article_author":"https:\/\/www.facebook.com\/fernandolackman","article_published_time":"2023-06-26T18:23:07+00:00","og_image":[{"width":1000,"height":858,"url":"http:\/\/lackman.com.br\/wp-content\/uploads\/2023\/06\/Mano-Brow-Fila.png","type":"image\/png"}],"author":"Fernando Lackman","twitter_card":"summary_large_image","twitter_creator":"@fernandolackman","twitter_misc":{"Escrito por":"Fernando Lackman","Est. tempo de leitura":"2 minutos"},"schema":{"@context":"https:\/\/schema.org","@graph":[{"@type":"Article","@id":"https:\/\/lackman.com.br\/index.php\/2023\/06\/26\/fila-traz-mano-brown-para-os-40-anos-do-sneaker-fx-2\/#article","isPartOf":{"@id":"https:\/\/lackman.com.br\/index.php\/2023\/06\/26\/fila-traz-mano-brown-para-os-40-anos-do-sneaker-fx-2\/"},"author":{"name":"Fernando Lackman","@id":"https:\/\/lackman.com.br\/#\/schema\/person\/dbfb3fbfc55f2b0bd4f9039696e70858"},"headline":"Fila traz Mano Brown para os 40 anos do Sneaker FX-2","datePublished":"2023-06-26T18:23:07+00:00","mainEntityOfPage":{"@id":"https:\/\/lackman.com.br\/index.php\/2023\/06\/26\/fila-traz-mano-brown-para-os-40-anos-do-sneaker-fx-2\/"},"wordCount":254,"publisher":{"@id":"https:\/\/lackman.com.br\/#organization"},"image":{"@id":"https:\/\/lackman.com.br\/index.php\/2023\/06\/26\/fila-traz-mano-brown-para-os-40-anos-do-sneaker-fx-2\/#primaryimage"},"thumbnailUrl":"https:\/\/lackman.com.br\/wp-content\/uploads\/2023\/06\/Mano-Brow-Fila.png","keywords":["fila","mano brown","Moda","sneaker","t\u00e8nis fila"],"articleSection":["Marcas"],"inLanguage":"pt-BR"},{"@type":"WebPage","@id":"https:\/\/lackman.com.br\/index.php\/2023\/06\/26\/fila-traz-mano-brown-para-os-40-anos-do-sneaker-fx-2\/","url":"https:\/\/lackman.com.br\/index.php\/2023\/06\/26\/fila-traz-mano-brown-para-os-40-anos-do-sneaker-fx-2\/","name":"Fila traz Mano Brown para os 40 anos do Sneaker FX-2 - LACKMAN &amp; CO.","isPartOf":{"@id":"https:\/\/lackman.com.br\/#website"},"primaryImageOfPage":{"@id":"https:\/\/lackman.com.br\/index.php\/2023\/06\/26\/fila-traz-mano-brown-para-os-40-anos-do-sneaker-fx-2\/#primaryimage"},"image":{"@id":"https:\/\/lackman.com.br\/index.php\/2023\/06\/26\/fila-traz-mano-brown-para-os-40-anos-do-sneaker-fx-2\/#primaryimage"},"thumbnailUrl":"https:\/\/lackman.com.br\/wp-content\/uploads\/2023\/06\/Mano-Brow-Fila.png","datePublished":"2023-06-26T18:23:07+00:00","breadcrumb":{"@id":"https:\/\/lackman.com.br\/index.php\/2023\/06\/26\/fila-traz-mano-brown-para-os-40-anos-do-sneaker-fx-2\/#breadcrumb"},"inLanguage":"pt-BR","potentialAction":[{"@type":"ReadAction","target":["https:\/\/lackman.com.br\/index.php\/2023\/06\/26\/fila-traz-mano-brown-para-os-40-anos-do-sneaker-fx-2\/"]}]},{"@type":"ImageObject","inLanguage":"pt-BR","@id":"https:\/\/lackman.com.br\/index.php\/2023\/06\/26\/fila-traz-mano-brown-para-os-40-anos-do-sneaker-fx-2\/#primaryimage","url":"https:\/\/lackman.com.br\/wp-content\/uploads\/2023\/06\/Mano-Brow-Fila.png","contentUrl":"https:\/\/lackman.com.br\/wp-content\/uploads\/2023\/06\/Mano-Brow-Fila.png","width":1000,"height":858},{"@type":"BreadcrumbList","@id":"https:\/\/lackman.com.br\/index.php\/2023\/06\/26\/fila-traz-mano-brown-para-os-40-anos-do-sneaker-fx-2\/#breadcrumb","itemListElement":[{"@type":"ListItem","position":1,"name":"In\u00edcio","item":"https:\/\/lackman.com.br\/"},{"@type":"ListItem","position":2,"name":"Fila traz Mano Brown para os 40 anos do Sneaker FX-2"}]},{"@type":"WebSite","@id":"https:\/\/lackman.com.br\/#website","url":"https:\/\/lackman.com.br\/","name":"LACKMAN &amp; CO.","description":"VIDA | MODA | ARTE","publisher":{"@id":"https:\/\/lackman.com.br\/#organization"},"potentialAction":[{"@type":"SearchAction","target":{"@type":"EntryPoint","urlTemplate":"https:\/\/lackman.com.br\/?s={search_term_string}"},"query-input":{"@type":"PropertyValueSpecification","valueRequired":true,"valueName":"search_term_string"}}],"inLanguage":"pt-BR"},{"@type":"Organization","@id":"https:\/\/lackman.com.br\/#organization","name":"LACKMAN &amp; CO.","url":"https:\/\/lackman.com.br\/","logo":{"@type":"ImageObject","inLanguage":"pt-BR","@id":"https:\/\/lackman.com.br\/#\/schema\/logo\/image\/","url":"https:\/\/lackman.com.br\/wp-content\/uploads\/2023\/06\/Logotipo_preto-1.png","contentUrl":"https:\/\/lackman.com.br\/wp-content\/uploads\/2023\/06\/Logotipo_preto-1.png","width":739,"height":393,"caption":"LACKMAN &amp; CO."},"image":{"@id":"https:\/\/lackman.com.br\/#\/schema\/logo\/image\/"}},{"@type":"Person","@id":"https:\/\/lackman.com.br\/#\/schema\/person\/dbfb3fbfc55f2b0bd4f9039696e70858","name":"Fernando Lackman","image":{"@type":"ImageObject","inLanguage":"pt-BR","@id":"https:\/\/lackman.com.br\/#\/schema\/person\/image\/","url":"https:\/\/secure.gravatar.com\/avatar\/ae7993150af197e66480c8a769891833dd2b8d809f0d9ff3f25af796cf378ce8?s=96&d=mm&r=g","contentUrl":"https:\/\/secure.gravatar.com\/avatar\/ae7993150af197e66480c8a769891833dd2b8d809f0d9ff3f25af796cf378ce8?s=96&d=mm&r=g","caption":"Fernando Lackman"},"description":"Fernando Lackman \u00e9 jornalista especializado em Moda e Cultura, editor do site LACKMAN.com.br. \u00c9 autor do livro Bras\u00edlia Capital dos Criadores, que conta a hist\u00f3ria da moda no Distrito Federal. Tem em seu curr\u00edculo assinatura de dire\u00e7\u00e3o criativa e de desfiles em eventos como Estilo DF Plaza, Summer Collections, JK Street Fashion, Desfile Beleza Negra (DBN), PicniK Fashion Show, Vogue Fashion\u2019s Night Out Bras\u00edlia, entre outros. Foi diretor criativo do extinto Capital Fashion Week. Atualmente trabalha na dire\u00e7\u00e3o criativa de eventos como Top CUFA, BSB Fashion Street, Bras\u00edlia Fashion House, Ateli\u00ea Bras\u00edlia e Goi\u00e1s Fashion Week.","sameAs":["https:\/\/lackman.com.br\/","https:\/\/www.facebook.com\/fernandolackman","https:\/\/www.instagram.com\/fernandolackman\/","https:\/\/www.linkedin.com\/in\/fernando-lackman\/","https:\/\/br.pinterest.com\/fernandolackman\/","https:\/\/x.com\/fernandolackman"],"url":"https:\/\/lackman.com.br\/index.php\/author\/fernando-lackman\/"}]}},"rttpg_featured_image_url":{"full":["https:\/\/lackman.com.br\/wp-content\/uploads\/2023\/06\/Mano-Brow-Fila.png",1000,858,false],"landscape":["https:\/\/lackman.com.br\/wp-content\/uploads\/2023\/06\/Mano-Brow-Fila.png",1000,858,false],"portraits":["https:\/\/lackman.com.br\/wp-content\/uploads\/2023\/06\/Mano-Brow-Fila.png",1000,858,false],"thumbnail":["https:\/\/lackman.com.br\/wp-content\/uploads\/2023\/06\/Mano-Brow-Fila-150x150.png",150,150,true],"medium":["https:\/\/lackman.com.br\/wp-content\/uploads\/2023\/06\/Mano-Brow-Fila-300x257.png",300,257,true],"large":["https:\/\/lackman.com.br\/wp-content\/uploads\/2023\/06\/Mano-Brow-Fila.png",1000,858,false],"RoboGalleryMansoryImagesCenter":["https:\/\/lackman.com.br\/wp-content\/uploads\/2023\/06\/Mano-Brow-Fila-600x858.png",600,858,true],"RoboGalleryPreload":["https:\/\/lackman.com.br\/wp-content\/uploads\/2023\/06\/Mano-Brow-Fila.png",100,86,false],"1536x1536":["https:\/\/lackman.com.br\/wp-content\/uploads\/2023\/06\/Mano-Brow-Fila.png",1000,858,false],"2048x2048":["https:\/\/lackman.com.br\/wp-content\/uploads\/2023\/06\/Mano-Brow-Fila.png",1000,858,false]},"rttpg_author":{"display_name":"Fernando Lackman","author_link":"https:\/\/lackman.com.br\/index.php\/author\/fernando-lackman\/"},"rttpg_comment":0,"rttpg_category":"<a href=\"https:\/\/lackman.com.br\/index.php\/category\/moda\/marcas\/\" rel=\"category tag\">Marcas<\/a>","rttpg_excerpt":"Vers\u00e3o comemorativa do primeiro cal\u00e7ado produzido pela FILA ganha parceria com artista que usa sneaker h\u00e1 mais de 30 anos H\u00e1 mais de tr\u00eas d\u00e9cadas provando que a atitude change the game n\u00e3o \u00e9 apenas uma express\u00e3o aspiracional, o paulista Pedro Paulo Soares Pereira, ou melhor Mano Brown, tem uma rela\u00e7\u00e3o com a FILA que&hellip;","_links":{"self":[{"href":"https:\/\/lackman.com.br\/index.php\/wp-json\/wp\/v2\/posts\/4525","targetHints":{"allow":["GET"]}}],"collection":[{"href":"https:\/\/lackman.com.br\/index.php\/wp-json\/wp\/v2\/posts"}],"about":[{"href":"https:\/\/lackman.com.br\/index.php\/wp-json\/wp\/v2\/types\/post"}],"author":[{"embeddable":true,"href":"https:\/\/lackman.com.br\/index.php\/wp-json\/wp\/v2\/users\/2"}],"replies":[{"embeddable":true,"href":"https:\/\/lackman.com.br\/index.php\/wp-json\/wp\/v2\/comments?post=4525"}],"version-history":[{"count":2,"href":"https:\/\/lackman.com.br\/index.php\/wp-json\/wp\/v2\/posts\/4525\/revisions"}],"predecessor-version":[{"id":4531,"href":"https:\/\/lackman.com.br\/index.php\/wp-json\/wp\/v2\/posts\/4525\/revisions\/4531"}],"wp:featuredmedia":[{"embeddable":true,"href":"https:\/\/lackman.com.br\/index.php\/wp-json\/wp\/v2\/media\/4527"}],"wp:attachment":[{"href":"https:\/\/lackman.com.br\/index.php\/wp-json\/wp\/v2\/media?parent=4525"}],"wp:term":[{"taxonomy":"category","embeddable":true,"href":"https:\/\/lackman.com.br\/index.php\/wp-json\/wp\/v2\/categories?post=4525"},{"taxonomy":"post_tag","embeddable":true,"href":"https:\/\/lackman.com.br\/index.php\/wp-json\/wp\/v2\/tags?post=4525"}],"curies":[{"name":"wp","href":"https:\/\/api.w.org\/{rel}","templated":true}]}}