{"id":4512,"date":"2023-06-23T18:38:25","date_gmt":"2023-06-23T21:38:25","guid":{"rendered":"https:\/\/lackman.com.br\/?p=4512"},"modified":"2023-06-23T18:38:25","modified_gmt":"2023-06-23T21:38:25","slug":"matine-para-adultos-estreia-no-beco-da-externa-club","status":"publish","type":"post","link":"https:\/\/lackman.com.br\/index.php\/2023\/06\/23\/matine-para-adultos-estreia-no-beco-da-externa-club\/","title":{"rendered":"Matin\u00ea para adultos estreia no beco da Externa Club"},"content":{"rendered":"<h5 style=\"font-weight: 400;\"><strong><i style=\"-webkit-text-size-adjust: 100%;\">Farra para jovens adultos amantes de 8h de sono oferece uma experi\u00eancia m\u00faltipla de entretenimento que \u00e9 tend\u00eancia mundial<\/i><\/strong><\/h5>\n<p style=\"font-weight: 400;\"><span style=\"font-weight: 400;\">Matin\u00ea \u00e9 novidade? N\u00e3o! Mas essa, em especial, \u00e9 para quem n\u00e3o quer madrugar na rua. <\/span><span style=\"font-weight: 400;\">N\u00e3o se trata de uma t\u00edpica matin\u00ea para aquela galera que precisa sair cedo por causa da idade. \u00c9 exatamente o contr\u00e1rio: aqueles que n\u00e3o est\u00e3o mais dispostos perder a noite de sono, j\u00e1 t\u00eam onde curtir no DF.<\/span><\/p>\n<p><img fetchpriority=\"high\" decoding=\"async\" class=\"alignnone size-full wp-image-4522\" src=\"http:\/\/lackman.com.br\/wp-content\/uploads\/2023\/06\/DJ-GEO-Credito-Fotos_Odara-1.jpeg\" alt=\"\" width=\"598\" height=\"443\" srcset=\"https:\/\/lackman.com.br\/wp-content\/uploads\/2023\/06\/DJ-GEO-Credito-Fotos_Odara-1.jpeg 598w, https:\/\/lackman.com.br\/wp-content\/uploads\/2023\/06\/DJ-GEO-Credito-Fotos_Odara-1-300x222.jpeg 300w\" sizes=\"(max-width: 598px) 100vw, 598px\" \/><\/p>\n<p style=\"font-weight: 400;\"><span style=\"font-weight: 400;\">Com quatro espa\u00e7os \u2014 pistas de dan\u00e7a, pra\u00e7a de alimenta\u00e7\u00e3o, espa\u00e7o de jogos e espa\u00e7o picadeiro \u2014, a festa ocupa todo o beco da Externa Club, localizado no Setor Comercial Sul, das 15h \u00e0s 22 horas (isso mesmo!), com edi\u00e7\u00f5es a cada 15 dias, a partir de 24 de junho.<\/span><\/p>\n<p><img decoding=\"async\" class=\"alignnone size-full wp-image-4520\" src=\"http:\/\/lackman.com.br\/wp-content\/uploads\/2023\/06\/DJ-Savana-_foto-Divulgacao.jpeg\" alt=\"\" width=\"683\" height=\"551\" srcset=\"https:\/\/lackman.com.br\/wp-content\/uploads\/2023\/06\/DJ-Savana-_foto-Divulgacao.jpeg 683w, https:\/\/lackman.com.br\/wp-content\/uploads\/2023\/06\/DJ-Savana-_foto-Divulgacao-300x242.jpeg 300w\" sizes=\"(max-width: 683px) 100vw, 683px\" \/><\/p>\n<p style=\"font-weight: 400;\"><b>Tend\u00eancia Mundial<\/b><\/p>\n<p style=\"font-weight: 400;\"><span style=\"font-weight: 400;\">A Matin\u00ea surge em Bras\u00edlia como parte de um movimento global de eventos que buscam hor\u00e1rios mais acess\u00edveis e experi\u00eancias inovadoras. Com o objetivo de criar uma nova identidade, a festa combina hor\u00e1rio conveniente, ambiente diferenciado e propostas envolventes, acompanhando a tend\u00eancia mundial de ocupar menos as madrugadas.<\/span><\/p>\n<p style=\"font-weight: 400;\"><b>Para todos os gostos<\/b><\/p>\n<p style=\"font-weight: 400;\"><span style=\"font-weight: 400;\"><img decoding=\"async\" class=\"alignnone size-full wp-image-4519\" src=\"http:\/\/lackman.com.br\/wp-content\/uploads\/2023\/06\/DJ-Wash_Foto-Divulgacao.jpeg\" alt=\"\" width=\"960\" height=\"595\" srcset=\"https:\/\/lackman.com.br\/wp-content\/uploads\/2023\/06\/DJ-Wash_Foto-Divulgacao.jpeg 960w, https:\/\/lackman.com.br\/wp-content\/uploads\/2023\/06\/DJ-Wash_Foto-Divulgacao-300x186.jpeg 300w, https:\/\/lackman.com.br\/wp-content\/uploads\/2023\/06\/DJ-Wash_Foto-Divulgacao-768x476.jpeg 768w\" sizes=\"(max-width: 960px) 100vw, 960px\" \/><br \/>\nAs duas pistas de dan\u00e7a apresentam diversidade na curadoria musical. Homem Foguete ser\u00e1 focada em m\u00fasica brasileira dan\u00e7ante, enquanto Globo da Morte ter\u00e1 uma sele\u00e7\u00e3o internacional que varia do hip-hop at\u00e9 temas estilo r\u00e1dio <\/span><i><span style=\"font-weight: 400;\">Antena 1<\/span><\/i><span style=\"font-weight: 400;\">. A festa busca oferecer uma variedade musical \u00fanica, garantindo que haja m\u00fasica para todos os gostos,\u00a0 mantendo corpos em movimento.<\/span><\/p>\n<p style=\"font-weight: 400;\"><b>Estreia de luxo<\/b><\/p>\n<p style=\"font-weight: 400;\"><span style=\"font-weight: 400;\"><img loading=\"lazy\" decoding=\"async\" class=\"wp-image-4523 size-medium alignleft\" src=\"http:\/\/lackman.com.br\/wp-content\/uploads\/2023\/06\/Isadora-Pina_foto-Diego-Bresani-2-185x300.jpeg\" alt=\"\" width=\"185\" height=\"300\" srcset=\"https:\/\/lackman.com.br\/wp-content\/uploads\/2023\/06\/Isadora-Pina_foto-Diego-Bresani-2-185x300.jpeg 185w, https:\/\/lackman.com.br\/wp-content\/uploads\/2023\/06\/Isadora-Pina_foto-Diego-Bresani-2-631x1024.jpeg 631w, https:\/\/lackman.com.br\/wp-content\/uploads\/2023\/06\/Isadora-Pina_foto-Diego-Bresani-2.jpeg 633w\" sizes=\"(max-width: 185px) 100vw, 185px\" \/><br \/>\nEst\u00e3o na programa\u00e7\u00e3o <\/span><a href=\"https:\/\/www.instagram.com\/a.k.a.geo\/\"><span style=\"font-weight: 400;\">DJ Geo<\/span><\/a><span style=\"font-weight: 400;\">, com seu acervo de vinis, e a renomada DJ brasiliense <\/span><a href=\"https:\/\/www.instagram.com\/promundoficarodara\/\"><span style=\"font-weight: 400;\">Odara Kadiegi<\/span><\/a><span style=\"font-weight: 400;\">. Ambos comandam a Homem Foguete, que ainda conta com o show da incr\u00edvel cantora e saxofonista <\/span><a href=\"https:\/\/www.instagram.com\/isadorapina\/\"><span style=\"font-weight: 400;\">Pina<\/span><\/a><span style=\"font-weight: 400;\">. Na Globo da Morte, a talentosa <\/span><a href=\"https:\/\/www.instagram.com\/savana.mesmo\/\"><span style=\"font-weight: 400;\">DJ Savana<\/span><\/a><span style=\"font-weight: 400;\"> e o renomado pesquisador de black music, <\/span><a href=\"https:\/\/www.instagram.com\/wash._.coelho\/\"><span style=\"font-weight: 400;\">DJ Wash<\/span><\/a><span style=\"font-weight: 400;\">.<\/span><\/p>\n<p style=\"font-weight: 400;\"><b>Quer ir?<\/b><\/p>\n<p style=\"font-weight: 400;\"><span style=\"font-weight: 400;\">Festa Matin\u00ea, dia 24 de junho (s\u00e1bado), no B<\/span><span style=\"font-weight: 400;\">eco da Externa Club (SCS Q. 5 BL B &#8211; Asa Sul), <\/span><span style=\"font-size: 16px; -webkit-text-size-adjust: 100%;\">das 15h \u00e0s 22h.<\/span><\/p>\n<p style=\"font-weight: 400;\">Ingressos: <b><a href=\"https:\/\/www.sympla.com.br\/evento\/matine\/2015354?_gl=1*1gujdda*_ga*MTI5MzI3MjE3NS4xNjczMjk3MjQ0*_ga_KXH10SQTZF*MTY4NTYzNjY1OC4xNDQuMS4xNjg1NjM3MTI4LjAuMC4w\">sympla.com.br<\/a><\/b><\/p>\n<hr \/>\n<pre>Fotos: Divulga\u00e7\u00e3o<\/pre>\n<p style=\"font-weight: 400;\">\n","protected":false},"excerpt":{"rendered":"<p>Farra para jovens adultos amantes de 8h de sono oferece uma experi\u00eancia m\u00faltipla de entretenimento que \u00e9 tend\u00eancia mundial Matin\u00ea \u00e9 novidade? N\u00e3o! Mas essa, em especial, \u00e9 para quem n\u00e3o quer madrugar na rua. N\u00e3o se trata de uma t\u00edpica matin\u00ea para aquela galera que precisa sair cedo por causa da idade. \u00c9 exatamente o contr\u00e1rio: aqueles que n\u00e3o est\u00e3o mais dispostos perder a noite de sono, j\u00e1 t\u00eam onde curtir no DF. Com quatro espa\u00e7os \u2014 pistas de dan\u00e7a, pra\u00e7a de alimenta\u00e7\u00e3o, espa\u00e7o de jogos e espa\u00e7o picadeiro \u2014, a festa ocupa todo o beco da Externa Club, localizado no Setor Comercial Sul, das 15h \u00e0s 22 horas (isso mesmo!), com edi\u00e7\u00f5es a cada 15 dias, a partir de 24 de junho. Tend\u00eancia Mundial A Matin\u00ea surge em Bras\u00edlia como parte de um movimento global de eventos que buscam hor\u00e1rios mais acess\u00edveis e experi\u00eancias inovadoras. Com o objetivo de criar uma nova identidade, a festa combina hor\u00e1rio conveniente, ambiente diferenciado e propostas envolventes, acompanhando a tend\u00eancia mundial de ocupar menos as madrugadas. Para todos os gostos As duas pistas de dan\u00e7a apresentam diversidade na curadoria musical. Homem Foguete ser\u00e1 focada em m\u00fasica brasileira dan\u00e7ante, enquanto Globo da Morte ter\u00e1 uma sele\u00e7\u00e3o internacional que varia do hip-hop at\u00e9 temas estilo r\u00e1dio Antena 1. A festa busca oferecer uma variedade musical \u00fanica, garantindo que haja m\u00fasica para todos os gostos,\u00a0 mantendo corpos em movimento. Estreia de luxo Est\u00e3o na programa\u00e7\u00e3o DJ Geo, com seu acervo de vinis, e a renomada DJ brasiliense Odara Kadiegi. Ambos comandam a Homem Foguete, que ainda conta com o show da incr\u00edvel cantora e saxofonista Pina. Na Globo da Morte, a talentosa DJ Savana e o renomado pesquisador de black music, DJ Wash. Quer ir? Festa Matin\u00ea, dia 24 de junho (s\u00e1bado), no Beco da Externa Club (SCS Q. 5 BL B &#8211; Asa Sul), das 15h \u00e0s 22h. Ingressos: sympla.com.br Fotos: Divulga\u00e7\u00e3o<\/p>\n","protected":false},"author":2,"featured_media":4521,"comment_status":"closed","ping_status":"open","sticky":false,"template":"","format":"standard","meta":{"site-sidebar-layout":"default","site-content-layout":"default","ast-site-content-layout":"default","site-content-style":"default","site-sidebar-style":"default","ast-global-header-display":"","ast-banner-title-visibility":"","ast-main-header-display":"","ast-hfb-above-header-display":"","ast-hfb-below-header-display":"","ast-hfb-mobile-header-display":"","site-post-title":"","ast-breadcrumbs-content":"","ast-featured-img":"","footer-sml-layout":"","ast-disable-related-posts":"","theme-transparent-header-meta":"default","adv-header-id-meta":"","stick-header-meta":"","header-above-stick-meta":"","header-main-stick-meta":"","header-below-stick-meta":"","astra-migrate-meta-layouts":"default","ast-page-background-enabled":"default","ast-page-background-meta":{"desktop":{"background-color":"","background-image":"","background-repeat":"repeat","background-position":"center center","background-size":"auto","background-attachment":"scroll","background-type":"","background-media":"","overlay-type":"","overlay-color":"","overlay-opacity":"","overlay-gradient":""},"tablet":{"background-color":"","background-image":"","background-repeat":"repeat","background-position":"center center","background-size":"auto","background-attachment":"scroll","background-type":"","background-media":"","overlay-type":"","overlay-color":"","overlay-opacity":"","overlay-gradient":""},"mobile":{"background-color":"","background-image":"","background-repeat":"repeat","background-position":"center center","background-size":"auto","background-attachment":"scroll","background-type":"","background-media":"","overlay-type":"","overlay-color":"","overlay-opacity":"","overlay-gradient":""}},"ast-content-background-meta":{"desktop":{"background-color":"var(--ast-global-color-5)","background-image":"","background-repeat":"repeat","background-position":"center center","background-size":"auto","background-attachment":"scroll","background-type":"","background-media":"","overlay-type":"","overlay-color":"","overlay-opacity":"","overlay-gradient":""},"tablet":{"background-color":"var(--ast-global-color-5)","background-image":"","background-repeat":"repeat","background-position":"center center","background-size":"auto","background-attachment":"scroll","background-type":"","background-media":"","overlay-type":"","overlay-color":"","overlay-opacity":"","overlay-gradient":""},"mobile":{"background-color":"var(--ast-global-color-5)","background-image":"","background-repeat":"repeat","background-position":"center center","background-size":"auto","background-attachment":"scroll","background-type":"","background-media":"","overlay-type":"","overlay-color":"","overlay-opacity":"","overlay-gradient":""}},"footnotes":""},"categories":[48],"tags":[197,82,198],"class_list":["post-4512","post","type-post","status-publish","format-standard","has-post-thumbnail","hentry","category-entretenimento","tag-externa","tag-festa","tag-matine"],"yoast_head":"<!-- This site is optimized with the Yoast SEO plugin v27.0 - https:\/\/yoast.com\/product\/yoast-seo-wordpress\/ -->\n<title>Matin\u00ea para adultos estreia no beco da Externa Club - LACKMAN &amp; CO.<\/title>\n<meta name=\"robots\" content=\"index, follow, max-snippet:-1, max-image-preview:large, max-video-preview:-1\" \/>\n<link rel=\"canonical\" href=\"https:\/\/lackman.com.br\/index.php\/2023\/06\/23\/matine-para-adultos-estreia-no-beco-da-externa-club\/\" \/>\n<meta property=\"og:locale\" content=\"pt_BR\" \/>\n<meta property=\"og:type\" content=\"article\" \/>\n<meta property=\"og:title\" content=\"Matin\u00ea para adultos estreia no beco da Externa Club - LACKMAN &amp; CO.\" \/>\n<meta property=\"og:description\" content=\"Farra para jovens adultos amantes de 8h de sono oferece uma experi\u00eancia m\u00faltipla de entretenimento que \u00e9 tend\u00eancia mundial Matin\u00ea \u00e9 novidade? N\u00e3o! Mas essa, em especial, \u00e9 para quem n\u00e3o quer madrugar na rua. N\u00e3o se trata de uma t\u00edpica matin\u00ea para aquela galera que precisa sair cedo por causa da idade. \u00c9 exatamente o contr\u00e1rio: aqueles que n\u00e3o est\u00e3o mais dispostos perder a noite de sono, j\u00e1 t\u00eam onde curtir no DF. Com quatro espa\u00e7os \u2014 pistas de dan\u00e7a, pra\u00e7a de alimenta\u00e7\u00e3o, espa\u00e7o de jogos e espa\u00e7o picadeiro \u2014, a festa ocupa todo o beco da Externa Club, localizado no Setor Comercial Sul, das 15h \u00e0s 22 horas (isso mesmo!), com edi\u00e7\u00f5es a cada 15 dias, a partir de 24 de junho. Tend\u00eancia Mundial A Matin\u00ea surge em Bras\u00edlia como parte de um movimento global de eventos que buscam hor\u00e1rios mais acess\u00edveis e experi\u00eancias inovadoras. Com o objetivo de criar uma nova identidade, a festa combina hor\u00e1rio conveniente, ambiente diferenciado e propostas envolventes, acompanhando a tend\u00eancia mundial de ocupar menos as madrugadas. Para todos os gostos As duas pistas de dan\u00e7a apresentam diversidade na curadoria musical. Homem Foguete ser\u00e1 focada em m\u00fasica brasileira dan\u00e7ante, enquanto Globo da Morte ter\u00e1 uma sele\u00e7\u00e3o internacional que varia do hip-hop at\u00e9 temas estilo r\u00e1dio Antena 1. A festa busca oferecer uma variedade musical \u00fanica, garantindo que haja m\u00fasica para todos os gostos,\u00a0 mantendo corpos em movimento. Estreia de luxo Est\u00e3o na programa\u00e7\u00e3o DJ Geo, com seu acervo de vinis, e a renomada DJ brasiliense Odara Kadiegi. Ambos comandam a Homem Foguete, que ainda conta com o show da incr\u00edvel cantora e saxofonista Pina. Na Globo da Morte, a talentosa DJ Savana e o renomado pesquisador de black music, DJ Wash. Quer ir? Festa Matin\u00ea, dia 24 de junho (s\u00e1bado), no Beco da Externa Club (SCS Q. 5 BL B &#8211; Asa Sul), das 15h \u00e0s 22h. Ingressos: sympla.com.br Fotos: Divulga\u00e7\u00e3o\" \/>\n<meta property=\"og:url\" content=\"https:\/\/lackman.com.br\/index.php\/2023\/06\/23\/matine-para-adultos-estreia-no-beco-da-externa-club\/\" \/>\n<meta property=\"og:site_name\" content=\"LACKMAN &amp; CO.\" \/>\n<meta property=\"article:author\" content=\"https:\/\/www.facebook.com\/fernandolackman\" \/>\n<meta property=\"article:published_time\" content=\"2023-06-23T21:38:25+00:00\" \/>\n<meta property=\"og:image\" content=\"http:\/\/lackman.com.br\/wp-content\/uploads\/2023\/06\/DJ-Odara.jpeg\" \/>\n\t<meta property=\"og:image:width\" content=\"919\" \/>\n\t<meta property=\"og:image:height\" content=\"720\" \/>\n\t<meta property=\"og:image:type\" content=\"image\/jpeg\" \/>\n<meta name=\"author\" content=\"Fernando Lackman\" \/>\n<meta name=\"twitter:card\" content=\"summary_large_image\" \/>\n<meta name=\"twitter:creator\" content=\"@fernandolackman\" \/>\n<meta name=\"twitter:label1\" content=\"Escrito por\" \/>\n\t<meta name=\"twitter:data1\" content=\"Fernando Lackman\" \/>\n\t<meta name=\"twitter:label2\" content=\"Est. tempo de leitura\" \/>\n\t<meta name=\"twitter:data2\" content=\"3 minutos\" \/>\n<script type=\"application\/ld+json\" class=\"yoast-schema-graph\">{\"@context\":\"https:\/\/schema.org\",\"@graph\":[{\"@type\":\"Article\",\"@id\":\"https:\/\/lackman.com.br\/index.php\/2023\/06\/23\/matine-para-adultos-estreia-no-beco-da-externa-club\/#article\",\"isPartOf\":{\"@id\":\"https:\/\/lackman.com.br\/index.php\/2023\/06\/23\/matine-para-adultos-estreia-no-beco-da-externa-club\/\"},\"author\":{\"name\":\"Fernando Lackman\",\"@id\":\"https:\/\/lackman.com.br\/#\/schema\/person\/dbfb3fbfc55f2b0bd4f9039696e70858\"},\"headline\":\"Matin\u00ea para adultos estreia no beco da Externa Club\",\"datePublished\":\"2023-06-23T21:38:25+00:00\",\"mainEntityOfPage\":{\"@id\":\"https:\/\/lackman.com.br\/index.php\/2023\/06\/23\/matine-para-adultos-estreia-no-beco-da-externa-club\/\"},\"wordCount\":351,\"publisher\":{\"@id\":\"https:\/\/lackman.com.br\/#organization\"},\"image\":{\"@id\":\"https:\/\/lackman.com.br\/index.php\/2023\/06\/23\/matine-para-adultos-estreia-no-beco-da-externa-club\/#primaryimage\"},\"thumbnailUrl\":\"https:\/\/lackman.com.br\/wp-content\/uploads\/2023\/06\/DJ-Odara.jpeg\",\"keywords\":[\"Externa\",\"festa\",\"matin\u00ea\"],\"articleSection\":[\"Entretenimento\"],\"inLanguage\":\"pt-BR\"},{\"@type\":\"WebPage\",\"@id\":\"https:\/\/lackman.com.br\/index.php\/2023\/06\/23\/matine-para-adultos-estreia-no-beco-da-externa-club\/\",\"url\":\"https:\/\/lackman.com.br\/index.php\/2023\/06\/23\/matine-para-adultos-estreia-no-beco-da-externa-club\/\",\"name\":\"Matin\u00ea para adultos estreia no beco da Externa Club - LACKMAN &amp; CO.\",\"isPartOf\":{\"@id\":\"https:\/\/lackman.com.br\/#website\"},\"primaryImageOfPage\":{\"@id\":\"https:\/\/lackman.com.br\/index.php\/2023\/06\/23\/matine-para-adultos-estreia-no-beco-da-externa-club\/#primaryimage\"},\"image\":{\"@id\":\"https:\/\/lackman.com.br\/index.php\/2023\/06\/23\/matine-para-adultos-estreia-no-beco-da-externa-club\/#primaryimage\"},\"thumbnailUrl\":\"https:\/\/lackman.com.br\/wp-content\/uploads\/2023\/06\/DJ-Odara.jpeg\",\"datePublished\":\"2023-06-23T21:38:25+00:00\",\"breadcrumb\":{\"@id\":\"https:\/\/lackman.com.br\/index.php\/2023\/06\/23\/matine-para-adultos-estreia-no-beco-da-externa-club\/#breadcrumb\"},\"inLanguage\":\"pt-BR\",\"potentialAction\":[{\"@type\":\"ReadAction\",\"target\":[\"https:\/\/lackman.com.br\/index.php\/2023\/06\/23\/matine-para-adultos-estreia-no-beco-da-externa-club\/\"]}]},{\"@type\":\"ImageObject\",\"inLanguage\":\"pt-BR\",\"@id\":\"https:\/\/lackman.com.br\/index.php\/2023\/06\/23\/matine-para-adultos-estreia-no-beco-da-externa-club\/#primaryimage\",\"url\":\"https:\/\/lackman.com.br\/wp-content\/uploads\/2023\/06\/DJ-Odara.jpeg\",\"contentUrl\":\"https:\/\/lackman.com.br\/wp-content\/uploads\/2023\/06\/DJ-Odara.jpeg\",\"width\":919,\"height\":720},{\"@type\":\"BreadcrumbList\",\"@id\":\"https:\/\/lackman.com.br\/index.php\/2023\/06\/23\/matine-para-adultos-estreia-no-beco-da-externa-club\/#breadcrumb\",\"itemListElement\":[{\"@type\":\"ListItem\",\"position\":1,\"name\":\"In\u00edcio\",\"item\":\"https:\/\/lackman.com.br\/\"},{\"@type\":\"ListItem\",\"position\":2,\"name\":\"Matin\u00ea para adultos estreia no beco da Externa Club\"}]},{\"@type\":\"WebSite\",\"@id\":\"https:\/\/lackman.com.br\/#website\",\"url\":\"https:\/\/lackman.com.br\/\",\"name\":\"LACKMAN &amp; CO.\",\"description\":\"VIDA | MODA | ARTE\",\"publisher\":{\"@id\":\"https:\/\/lackman.com.br\/#organization\"},\"potentialAction\":[{\"@type\":\"SearchAction\",\"target\":{\"@type\":\"EntryPoint\",\"urlTemplate\":\"https:\/\/lackman.com.br\/?s={search_term_string}\"},\"query-input\":{\"@type\":\"PropertyValueSpecification\",\"valueRequired\":true,\"valueName\":\"search_term_string\"}}],\"inLanguage\":\"pt-BR\"},{\"@type\":\"Organization\",\"@id\":\"https:\/\/lackman.com.br\/#organization\",\"name\":\"LACKMAN &amp; CO.\",\"url\":\"https:\/\/lackman.com.br\/\",\"logo\":{\"@type\":\"ImageObject\",\"inLanguage\":\"pt-BR\",\"@id\":\"https:\/\/lackman.com.br\/#\/schema\/logo\/image\/\",\"url\":\"https:\/\/lackman.com.br\/wp-content\/uploads\/2023\/06\/Logotipo_preto-1.png\",\"contentUrl\":\"https:\/\/lackman.com.br\/wp-content\/uploads\/2023\/06\/Logotipo_preto-1.png\",\"width\":739,\"height\":393,\"caption\":\"LACKMAN &amp; CO.\"},\"image\":{\"@id\":\"https:\/\/lackman.com.br\/#\/schema\/logo\/image\/\"}},{\"@type\":\"Person\",\"@id\":\"https:\/\/lackman.com.br\/#\/schema\/person\/dbfb3fbfc55f2b0bd4f9039696e70858\",\"name\":\"Fernando Lackman\",\"image\":{\"@type\":\"ImageObject\",\"inLanguage\":\"pt-BR\",\"@id\":\"https:\/\/lackman.com.br\/#\/schema\/person\/image\/\",\"url\":\"https:\/\/secure.gravatar.com\/avatar\/ae7993150af197e66480c8a769891833dd2b8d809f0d9ff3f25af796cf378ce8?s=96&d=mm&r=g\",\"contentUrl\":\"https:\/\/secure.gravatar.com\/avatar\/ae7993150af197e66480c8a769891833dd2b8d809f0d9ff3f25af796cf378ce8?s=96&d=mm&r=g\",\"caption\":\"Fernando Lackman\"},\"description\":\"Fernando Lackman \u00e9 jornalista especializado em Moda e Cultura, editor do site LACKMAN.com.br. \u00c9 autor do livro Bras\u00edlia Capital dos Criadores, que conta a hist\u00f3ria da moda no Distrito Federal. Tem em seu curr\u00edculo assinatura de dire\u00e7\u00e3o criativa e de desfiles em eventos como Estilo DF Plaza, Summer Collections, JK Street Fashion, Desfile Beleza Negra (DBN), PicniK Fashion Show, Vogue Fashion\u2019s Night Out Bras\u00edlia, entre outros. Foi diretor criativo do extinto Capital Fashion Week. Atualmente trabalha na dire\u00e7\u00e3o criativa de eventos como Top CUFA, BSB Fashion Street, Bras\u00edlia Fashion House, Ateli\u00ea Bras\u00edlia e Goi\u00e1s Fashion Week.\",\"sameAs\":[\"https:\/\/lackman.com.br\/\",\"https:\/\/www.facebook.com\/fernandolackman\",\"https:\/\/www.instagram.com\/fernandolackman\/\",\"https:\/\/www.linkedin.com\/in\/fernando-lackman\/\",\"https:\/\/br.pinterest.com\/fernandolackman\/\",\"https:\/\/x.com\/fernandolackman\"],\"url\":\"https:\/\/lackman.com.br\/index.php\/author\/fernando-lackman\/\"}]}<\/script>\n<!-- \/ Yoast SEO plugin. -->","yoast_head_json":{"title":"Matin\u00ea para adultos estreia no beco da Externa Club - LACKMAN &amp; CO.","robots":{"index":"index","follow":"follow","max-snippet":"max-snippet:-1","max-image-preview":"max-image-preview:large","max-video-preview":"max-video-preview:-1"},"canonical":"https:\/\/lackman.com.br\/index.php\/2023\/06\/23\/matine-para-adultos-estreia-no-beco-da-externa-club\/","og_locale":"pt_BR","og_type":"article","og_title":"Matin\u00ea para adultos estreia no beco da Externa Club - LACKMAN &amp; CO.","og_description":"Farra para jovens adultos amantes de 8h de sono oferece uma experi\u00eancia m\u00faltipla de entretenimento que \u00e9 tend\u00eancia mundial Matin\u00ea \u00e9 novidade? N\u00e3o! Mas essa, em especial, \u00e9 para quem n\u00e3o quer madrugar na rua. N\u00e3o se trata de uma t\u00edpica matin\u00ea para aquela galera que precisa sair cedo por causa da idade. \u00c9 exatamente o contr\u00e1rio: aqueles que n\u00e3o est\u00e3o mais dispostos perder a noite de sono, j\u00e1 t\u00eam onde curtir no DF. Com quatro espa\u00e7os \u2014 pistas de dan\u00e7a, pra\u00e7a de alimenta\u00e7\u00e3o, espa\u00e7o de jogos e espa\u00e7o picadeiro \u2014, a festa ocupa todo o beco da Externa Club, localizado no Setor Comercial Sul, das 15h \u00e0s 22 horas (isso mesmo!), com edi\u00e7\u00f5es a cada 15 dias, a partir de 24 de junho. Tend\u00eancia Mundial A Matin\u00ea surge em Bras\u00edlia como parte de um movimento global de eventos que buscam hor\u00e1rios mais acess\u00edveis e experi\u00eancias inovadoras. Com o objetivo de criar uma nova identidade, a festa combina hor\u00e1rio conveniente, ambiente diferenciado e propostas envolventes, acompanhando a tend\u00eancia mundial de ocupar menos as madrugadas. Para todos os gostos As duas pistas de dan\u00e7a apresentam diversidade na curadoria musical. Homem Foguete ser\u00e1 focada em m\u00fasica brasileira dan\u00e7ante, enquanto Globo da Morte ter\u00e1 uma sele\u00e7\u00e3o internacional que varia do hip-hop at\u00e9 temas estilo r\u00e1dio Antena 1. A festa busca oferecer uma variedade musical \u00fanica, garantindo que haja m\u00fasica para todos os gostos,\u00a0 mantendo corpos em movimento. Estreia de luxo Est\u00e3o na programa\u00e7\u00e3o DJ Geo, com seu acervo de vinis, e a renomada DJ brasiliense Odara Kadiegi. Ambos comandam a Homem Foguete, que ainda conta com o show da incr\u00edvel cantora e saxofonista Pina. Na Globo da Morte, a talentosa DJ Savana e o renomado pesquisador de black music, DJ Wash. Quer ir? Festa Matin\u00ea, dia 24 de junho (s\u00e1bado), no Beco da Externa Club (SCS Q. 5 BL B &#8211; Asa Sul), das 15h \u00e0s 22h. Ingressos: sympla.com.br Fotos: Divulga\u00e7\u00e3o","og_url":"https:\/\/lackman.com.br\/index.php\/2023\/06\/23\/matine-para-adultos-estreia-no-beco-da-externa-club\/","og_site_name":"LACKMAN &amp; CO.","article_author":"https:\/\/www.facebook.com\/fernandolackman","article_published_time":"2023-06-23T21:38:25+00:00","og_image":[{"width":919,"height":720,"url":"http:\/\/lackman.com.br\/wp-content\/uploads\/2023\/06\/DJ-Odara.jpeg","type":"image\/jpeg"}],"author":"Fernando Lackman","twitter_card":"summary_large_image","twitter_creator":"@fernandolackman","twitter_misc":{"Escrito por":"Fernando Lackman","Est. tempo de leitura":"3 minutos"},"schema":{"@context":"https:\/\/schema.org","@graph":[{"@type":"Article","@id":"https:\/\/lackman.com.br\/index.php\/2023\/06\/23\/matine-para-adultos-estreia-no-beco-da-externa-club\/#article","isPartOf":{"@id":"https:\/\/lackman.com.br\/index.php\/2023\/06\/23\/matine-para-adultos-estreia-no-beco-da-externa-club\/"},"author":{"name":"Fernando Lackman","@id":"https:\/\/lackman.com.br\/#\/schema\/person\/dbfb3fbfc55f2b0bd4f9039696e70858"},"headline":"Matin\u00ea para adultos estreia no beco da Externa Club","datePublished":"2023-06-23T21:38:25+00:00","mainEntityOfPage":{"@id":"https:\/\/lackman.com.br\/index.php\/2023\/06\/23\/matine-para-adultos-estreia-no-beco-da-externa-club\/"},"wordCount":351,"publisher":{"@id":"https:\/\/lackman.com.br\/#organization"},"image":{"@id":"https:\/\/lackman.com.br\/index.php\/2023\/06\/23\/matine-para-adultos-estreia-no-beco-da-externa-club\/#primaryimage"},"thumbnailUrl":"https:\/\/lackman.com.br\/wp-content\/uploads\/2023\/06\/DJ-Odara.jpeg","keywords":["Externa","festa","matin\u00ea"],"articleSection":["Entretenimento"],"inLanguage":"pt-BR"},{"@type":"WebPage","@id":"https:\/\/lackman.com.br\/index.php\/2023\/06\/23\/matine-para-adultos-estreia-no-beco-da-externa-club\/","url":"https:\/\/lackman.com.br\/index.php\/2023\/06\/23\/matine-para-adultos-estreia-no-beco-da-externa-club\/","name":"Matin\u00ea para adultos estreia no beco da Externa Club - LACKMAN &amp; CO.","isPartOf":{"@id":"https:\/\/lackman.com.br\/#website"},"primaryImageOfPage":{"@id":"https:\/\/lackman.com.br\/index.php\/2023\/06\/23\/matine-para-adultos-estreia-no-beco-da-externa-club\/#primaryimage"},"image":{"@id":"https:\/\/lackman.com.br\/index.php\/2023\/06\/23\/matine-para-adultos-estreia-no-beco-da-externa-club\/#primaryimage"},"thumbnailUrl":"https:\/\/lackman.com.br\/wp-content\/uploads\/2023\/06\/DJ-Odara.jpeg","datePublished":"2023-06-23T21:38:25+00:00","breadcrumb":{"@id":"https:\/\/lackman.com.br\/index.php\/2023\/06\/23\/matine-para-adultos-estreia-no-beco-da-externa-club\/#breadcrumb"},"inLanguage":"pt-BR","potentialAction":[{"@type":"ReadAction","target":["https:\/\/lackman.com.br\/index.php\/2023\/06\/23\/matine-para-adultos-estreia-no-beco-da-externa-club\/"]}]},{"@type":"ImageObject","inLanguage":"pt-BR","@id":"https:\/\/lackman.com.br\/index.php\/2023\/06\/23\/matine-para-adultos-estreia-no-beco-da-externa-club\/#primaryimage","url":"https:\/\/lackman.com.br\/wp-content\/uploads\/2023\/06\/DJ-Odara.jpeg","contentUrl":"https:\/\/lackman.com.br\/wp-content\/uploads\/2023\/06\/DJ-Odara.jpeg","width":919,"height":720},{"@type":"BreadcrumbList","@id":"https:\/\/lackman.com.br\/index.php\/2023\/06\/23\/matine-para-adultos-estreia-no-beco-da-externa-club\/#breadcrumb","itemListElement":[{"@type":"ListItem","position":1,"name":"In\u00edcio","item":"https:\/\/lackman.com.br\/"},{"@type":"ListItem","position":2,"name":"Matin\u00ea para adultos estreia no beco da Externa Club"}]},{"@type":"WebSite","@id":"https:\/\/lackman.com.br\/#website","url":"https:\/\/lackman.com.br\/","name":"LACKMAN &amp; CO.","description":"VIDA | MODA | ARTE","publisher":{"@id":"https:\/\/lackman.com.br\/#organization"},"potentialAction":[{"@type":"SearchAction","target":{"@type":"EntryPoint","urlTemplate":"https:\/\/lackman.com.br\/?s={search_term_string}"},"query-input":{"@type":"PropertyValueSpecification","valueRequired":true,"valueName":"search_term_string"}}],"inLanguage":"pt-BR"},{"@type":"Organization","@id":"https:\/\/lackman.com.br\/#organization","name":"LACKMAN &amp; CO.","url":"https:\/\/lackman.com.br\/","logo":{"@type":"ImageObject","inLanguage":"pt-BR","@id":"https:\/\/lackman.com.br\/#\/schema\/logo\/image\/","url":"https:\/\/lackman.com.br\/wp-content\/uploads\/2023\/06\/Logotipo_preto-1.png","contentUrl":"https:\/\/lackman.com.br\/wp-content\/uploads\/2023\/06\/Logotipo_preto-1.png","width":739,"height":393,"caption":"LACKMAN &amp; CO."},"image":{"@id":"https:\/\/lackman.com.br\/#\/schema\/logo\/image\/"}},{"@type":"Person","@id":"https:\/\/lackman.com.br\/#\/schema\/person\/dbfb3fbfc55f2b0bd4f9039696e70858","name":"Fernando Lackman","image":{"@type":"ImageObject","inLanguage":"pt-BR","@id":"https:\/\/lackman.com.br\/#\/schema\/person\/image\/","url":"https:\/\/secure.gravatar.com\/avatar\/ae7993150af197e66480c8a769891833dd2b8d809f0d9ff3f25af796cf378ce8?s=96&d=mm&r=g","contentUrl":"https:\/\/secure.gravatar.com\/avatar\/ae7993150af197e66480c8a769891833dd2b8d809f0d9ff3f25af796cf378ce8?s=96&d=mm&r=g","caption":"Fernando Lackman"},"description":"Fernando Lackman \u00e9 jornalista especializado em Moda e Cultura, editor do site LACKMAN.com.br. \u00c9 autor do livro Bras\u00edlia Capital dos Criadores, que conta a hist\u00f3ria da moda no Distrito Federal. Tem em seu curr\u00edculo assinatura de dire\u00e7\u00e3o criativa e de desfiles em eventos como Estilo DF Plaza, Summer Collections, JK Street Fashion, Desfile Beleza Negra (DBN), PicniK Fashion Show, Vogue Fashion\u2019s Night Out Bras\u00edlia, entre outros. Foi diretor criativo do extinto Capital Fashion Week. Atualmente trabalha na dire\u00e7\u00e3o criativa de eventos como Top CUFA, BSB Fashion Street, Bras\u00edlia Fashion House, Ateli\u00ea Bras\u00edlia e Goi\u00e1s Fashion Week.","sameAs":["https:\/\/lackman.com.br\/","https:\/\/www.facebook.com\/fernandolackman","https:\/\/www.instagram.com\/fernandolackman\/","https:\/\/www.linkedin.com\/in\/fernando-lackman\/","https:\/\/br.pinterest.com\/fernandolackman\/","https:\/\/x.com\/fernandolackman"],"url":"https:\/\/lackman.com.br\/index.php\/author\/fernando-lackman\/"}]}},"rttpg_featured_image_url":{"full":["https:\/\/lackman.com.br\/wp-content\/uploads\/2023\/06\/DJ-Odara.jpeg",919,720,false],"landscape":["https:\/\/lackman.com.br\/wp-content\/uploads\/2023\/06\/DJ-Odara.jpeg",919,720,false],"portraits":["https:\/\/lackman.com.br\/wp-content\/uploads\/2023\/06\/DJ-Odara.jpeg",919,720,false],"thumbnail":["https:\/\/lackman.com.br\/wp-content\/uploads\/2023\/06\/DJ-Odara-150x150.jpeg",150,150,true],"medium":["https:\/\/lackman.com.br\/wp-content\/uploads\/2023\/06\/DJ-Odara-300x235.jpeg",300,235,true],"large":["https:\/\/lackman.com.br\/wp-content\/uploads\/2023\/06\/DJ-Odara.jpeg",919,720,false],"RoboGalleryMansoryImagesCenter":["https:\/\/lackman.com.br\/wp-content\/uploads\/2023\/06\/DJ-Odara-600x720.jpeg",600,720,true],"RoboGalleryPreload":["https:\/\/lackman.com.br\/wp-content\/uploads\/2023\/06\/DJ-Odara.jpeg",100,78,false],"1536x1536":["https:\/\/lackman.com.br\/wp-content\/uploads\/2023\/06\/DJ-Odara.jpeg",919,720,false],"2048x2048":["https:\/\/lackman.com.br\/wp-content\/uploads\/2023\/06\/DJ-Odara.jpeg",919,720,false]},"rttpg_author":{"display_name":"Fernando Lackman","author_link":"https:\/\/lackman.com.br\/index.php\/author\/fernando-lackman\/"},"rttpg_comment":0,"rttpg_category":"<a href=\"https:\/\/lackman.com.br\/index.php\/category\/arte\/entretenimento\/\" rel=\"category tag\">Entretenimento<\/a>","rttpg_excerpt":"Farra para jovens adultos amantes de 8h de sono oferece uma experi\u00eancia m\u00faltipla de entretenimento que \u00e9 tend\u00eancia mundial Matin\u00ea \u00e9 novidade? N\u00e3o! Mas essa, em especial, \u00e9 para quem n\u00e3o quer madrugar na rua. N\u00e3o se trata de uma t\u00edpica matin\u00ea para aquela galera que precisa sair cedo por causa da idade. \u00c9 exatamente&hellip;","_links":{"self":[{"href":"https:\/\/lackman.com.br\/index.php\/wp-json\/wp\/v2\/posts\/4512","targetHints":{"allow":["GET"]}}],"collection":[{"href":"https:\/\/lackman.com.br\/index.php\/wp-json\/wp\/v2\/posts"}],"about":[{"href":"https:\/\/lackman.com.br\/index.php\/wp-json\/wp\/v2\/types\/post"}],"author":[{"embeddable":true,"href":"https:\/\/lackman.com.br\/index.php\/wp-json\/wp\/v2\/users\/2"}],"replies":[{"embeddable":true,"href":"https:\/\/lackman.com.br\/index.php\/wp-json\/wp\/v2\/comments?post=4512"}],"version-history":[{"count":1,"href":"https:\/\/lackman.com.br\/index.php\/wp-json\/wp\/v2\/posts\/4512\/revisions"}],"predecessor-version":[{"id":4524,"href":"https:\/\/lackman.com.br\/index.php\/wp-json\/wp\/v2\/posts\/4512\/revisions\/4524"}],"wp:featuredmedia":[{"embeddable":true,"href":"https:\/\/lackman.com.br\/index.php\/wp-json\/wp\/v2\/media\/4521"}],"wp:attachment":[{"href":"https:\/\/lackman.com.br\/index.php\/wp-json\/wp\/v2\/media?parent=4512"}],"wp:term":[{"taxonomy":"category","embeddable":true,"href":"https:\/\/lackman.com.br\/index.php\/wp-json\/wp\/v2\/categories?post=4512"},{"taxonomy":"post_tag","embeddable":true,"href":"https:\/\/lackman.com.br\/index.php\/wp-json\/wp\/v2\/tags?post=4512"}],"curies":[{"name":"wp","href":"https:\/\/api.w.org\/{rel}","templated":true}]}}