{"id":4465,"date":"2023-06-22T03:21:19","date_gmt":"2023-06-22T06:21:19","guid":{"rendered":"https:\/\/lackman.com.br\/?p=4465"},"modified":"2023-06-22T03:21:19","modified_gmt":"2023-06-22T06:21:19","slug":"florescer-de-barreto-e-marcelo-quadros-estreia-na-skaf","status":"publish","type":"post","link":"https:\/\/lackman.com.br\/index.php\/2023\/06\/22\/florescer-de-barreto-e-marcelo-quadros-estreia-na-skaf\/","title":{"rendered":"Florescer de Barreto e Marcelo quadros estreia na Skaf"},"content":{"rendered":"<h5 class=\"p1\" style=\"text-align: justify;\"><em><strong>Trunk show com as pe\u00e7as da collab marcou a segunda parceria entre as duas labels<\/strong><\/em><\/h5>\n<p class=\"p1\" style=\"text-align: justify;\"><span style=\"font-size: 16px; -webkit-text-size-adjust: 100%;\">Convidadas de elite puderam apreciar looks deslumbrantes e bater papos descontra\u00eddos com a estreia da collab Florescer, das marcas Barreto e Marcelo Quadros, em Bras\u00edlia. Tainah Barreto (fundadora e diretora criativa da Barreto) e o estilista Marcelo Quadros brindaram a segunda parceria entre as duas marcas com um evento especial na multimarcas Skaf, no Lago Sul.<\/span><\/p>\n<p style=\"text-align: justify;\"><img fetchpriority=\"high\" decoding=\"async\" class=\"alignnone size-large wp-image-4484\" src=\"http:\/\/lackman.com.br\/wp-content\/uploads\/2023\/06\/IMG_7248-1024x755.jpeg\" alt=\"\" width=\"1024\" height=\"755\" srcset=\"https:\/\/lackman.com.br\/wp-content\/uploads\/2023\/06\/IMG_7248-1024x755.jpeg 1024w, https:\/\/lackman.com.br\/wp-content\/uploads\/2023\/06\/IMG_7248-300x221.jpeg 300w, https:\/\/lackman.com.br\/wp-content\/uploads\/2023\/06\/IMG_7248-768x566.jpeg 768w, https:\/\/lackman.com.br\/wp-content\/uploads\/2023\/06\/IMG_7248-1536x1132.jpeg 1536w, https:\/\/lackman.com.br\/wp-content\/uploads\/2023\/06\/IMG_7248-2048x1510.jpeg 2048w\" sizes=\"(max-width: 1024px) 100vw, 1024px\" \/><\/p>\n<p class=\"p1\" style=\"text-align: justify;\"><span style=\"font-size: 16px; -webkit-text-size-adjust: 100%;\">O agito come\u00e7ou \u00e0 tarde e seguiu at\u00e9 a noite, com direito a um trunk show com modelos vestindo as cria\u00e7\u00f5es de Quadros e as sand\u00e1lias da Barreto para a collab, voltada para a moda festa.<\/span><\/p>\n<p class=\"p1\" style=\"text-align: justify;\"><span class=\"s2\"> <img decoding=\"async\" class=\"alignnone size-large wp-image-4479\" src=\"http:\/\/lackman.com.br\/wp-content\/uploads\/2023\/06\/IMG_7253-1024x780.jpeg\" alt=\"\" width=\"1024\" height=\"780\" srcset=\"https:\/\/lackman.com.br\/wp-content\/uploads\/2023\/06\/IMG_7253-1024x780.jpeg 1024w, https:\/\/lackman.com.br\/wp-content\/uploads\/2023\/06\/IMG_7253-300x229.jpeg 300w, https:\/\/lackman.com.br\/wp-content\/uploads\/2023\/06\/IMG_7253-768x585.jpeg 768w, https:\/\/lackman.com.br\/wp-content\/uploads\/2023\/06\/IMG_7253-1536x1171.jpeg 1536w, https:\/\/lackman.com.br\/wp-content\/uploads\/2023\/06\/IMG_7253-2048x1561.jpeg 2048w\" sizes=\"(max-width: 1024px) 100vw, 1024px\" \/><\/span><\/p>\n<div id='gallery-1' class='gallery galleryid-4465 gallery-columns-3 gallery-size-large'><figure class='gallery-item'>\n\t\t\t<div class='gallery-icon portrait'>\n\t\t\t\t<img decoding=\"async\" width=\"683\" height=\"1024\" src=\"https:\/\/lackman.com.br\/wp-content\/uploads\/2023\/06\/IMG_7252-1-683x1024.jpeg\" class=\"attachment-large size-large\" alt=\"\" srcset=\"https:\/\/lackman.com.br\/wp-content\/uploads\/2023\/06\/IMG_7252-1-683x1024.jpeg 683w, https:\/\/lackman.com.br\/wp-content\/uploads\/2023\/06\/IMG_7252-1-200x300.jpeg 200w, https:\/\/lackman.com.br\/wp-content\/uploads\/2023\/06\/IMG_7252-1-768x1152.jpeg 768w, https:\/\/lackman.com.br\/wp-content\/uploads\/2023\/06\/IMG_7252-1-1024x1536.jpeg 1024w, https:\/\/lackman.com.br\/wp-content\/uploads\/2023\/06\/IMG_7252-1-1365x2048.jpeg 1365w, https:\/\/lackman.com.br\/wp-content\/uploads\/2023\/06\/IMG_7252-1-scaled.jpeg 1707w\" sizes=\"(max-width: 683px) 100vw, 683px\" \/>\n\t\t\t<\/div><\/figure><figure class='gallery-item'>\n\t\t\t<div class='gallery-icon portrait'>\n\t\t\t\t<img loading=\"lazy\" decoding=\"async\" width=\"683\" height=\"1024\" src=\"https:\/\/lackman.com.br\/wp-content\/uploads\/2023\/06\/IMG_7255-1-683x1024.jpeg\" class=\"attachment-large size-large\" alt=\"\" srcset=\"https:\/\/lackman.com.br\/wp-content\/uploads\/2023\/06\/IMG_7255-1-683x1024.jpeg 683w, https:\/\/lackman.com.br\/wp-content\/uploads\/2023\/06\/IMG_7255-1-200x300.jpeg 200w, https:\/\/lackman.com.br\/wp-content\/uploads\/2023\/06\/IMG_7255-1-768x1152.jpeg 768w, https:\/\/lackman.com.br\/wp-content\/uploads\/2023\/06\/IMG_7255-1-1024x1536.jpeg 1024w, https:\/\/lackman.com.br\/wp-content\/uploads\/2023\/06\/IMG_7255-1-1365x2048.jpeg 1365w, https:\/\/lackman.com.br\/wp-content\/uploads\/2023\/06\/IMG_7255-1-scaled.jpeg 1707w\" sizes=\"(max-width: 683px) 100vw, 683px\" \/>\n\t\t\t<\/div><\/figure><figure class='gallery-item'>\n\t\t\t<div class='gallery-icon portrait'>\n\t\t\t\t<img loading=\"lazy\" decoding=\"async\" width=\"683\" height=\"1024\" src=\"https:\/\/lackman.com.br\/wp-content\/uploads\/2023\/06\/IMG_7251-1-683x1024.jpeg\" class=\"attachment-large size-large\" alt=\"\" srcset=\"https:\/\/lackman.com.br\/wp-content\/uploads\/2023\/06\/IMG_7251-1-683x1024.jpeg 683w, https:\/\/lackman.com.br\/wp-content\/uploads\/2023\/06\/IMG_7251-1-200x300.jpeg 200w, https:\/\/lackman.com.br\/wp-content\/uploads\/2023\/06\/IMG_7251-1-768x1152.jpeg 768w, https:\/\/lackman.com.br\/wp-content\/uploads\/2023\/06\/IMG_7251-1-1024x1536.jpeg 1024w, https:\/\/lackman.com.br\/wp-content\/uploads\/2023\/06\/IMG_7251-1-1365x2048.jpeg 1365w, https:\/\/lackman.com.br\/wp-content\/uploads\/2023\/06\/IMG_7251-1-scaled.jpeg 1707w\" sizes=\"(max-width: 683px) 100vw, 683px\" \/>\n\t\t\t<\/div><\/figure>\n\t\t<\/div>\n\n<p class=\"p1\" style=\"text-align: justify;\"><span class=\"s2\">Al\u00e9m dos la\u00e7os de cetim, que marcaram presen\u00e7a na collab anterior, a cole\u00e7\u00e3o Florescer traz sand\u00e1lias decoradas com p\u00e9talas de tecido costuradas cuidadosamente a m\u00e3o. Trabalhadas em couro specchio magenta e azul royal, as pe\u00e7as prometem agradar tanto ao p\u00fablico mais cl\u00e1ssico como \u00e0s clientes mais fashionistas.<\/span><\/p>\n<p style=\"text-align: justify;\"><style type=\"text\/css\" scoped>.rbs_gallery_69f370551335eSpinner{\r\n\t\t\t\tmargin: 50px auto;\r\n\t\t\t\twidth: 50px;\r\n\t\t\t\theight: 40px;\r\n\t\t\t\ttext-align: center;\r\n\t\t\t\tfont-size: 10px;\r\n\t\t\t}\r\n\t\t\t.rbs_gallery_69f370551335eSpinner > div{\r\n\t\t\t  background-color: #333;\r\n\t\t\t  height: 100%;\r\n\t\t\t  width: 6px;\r\n\t\t\t  display: inline-block;\r\n\t\t\t  -webkit-animation: rbs_gallery_69f370551335e-stretchdelay 1.2s infinite ease-in-out;\r\n\t\t\t  animation: rbs_gallery_69f370551335e-stretchdelay 1.2s infinite ease-in-out;\r\n\t\t\t}\r\n\t\t\t.rbs_gallery_69f370551335eSpinner .rbs_gallery_69f370551335eRect2 {\r\n\t\t\t  -webkit-animation-delay: -1.1s;\r\n\t\t\t  animation-delay: -1.1s;\r\n\t\t\t}\r\n\t\t\t.rbs_gallery_69f370551335eSpinner .rbs_gallery_69f370551335eRect3 {\r\n\t\t\t  -webkit-animation-delay: -1.0s;\r\n\t\t\t  animation-delay: -1.0s;\r\n\t\t\t}\r\n\t\t\t.rbs_gallery_69f370551335eSpinner .rbs_gallery_69f370551335eRect4 {\r\n\t\t\t  -webkit-animation-delay: -0.9s;\r\n\t\t\t  animation-delay: -0.9s;\r\n\t\t\t}\r\n\t\t\t.rbs_gallery_69f370551335eSpinner .rbs_gallery_69f370551335eRect5 {\r\n\t\t\t  -webkit-animation-delay: -0.8s;\r\n\t\t\t  animation-delay: -0.8s;\r\n\t\t\t}\r\n\t\t\t@-webkit-keyframes rbs_gallery_69f370551335e-stretchdelay {\r\n\t\t\t  0%, 40%, 100% { -webkit-transform: scaleY(0.4) }  \r\n\t\t\t  20% { -webkit-transform: scaleY(1.0) }\r\n\t\t\t}\r\n\t\t\t@keyframes rbs_gallery_69f370551335e-stretchdelay {\r\n\t\t\t  0%, 40%, 100% { \r\n\t\t\t    transform: scaleY(0.4);\r\n\t\t\t    -webkit-transform: scaleY(0.4);\r\n\t\t\t  }  20% { \r\n\t\t\t    transform: scaleY(1.0);\r\n\t\t\t    -webkit-transform: scaleY(1.0);\r\n\t\t\t  }\r\n\t\t\t}\r\n\t\t<\/style><div class=\"robo-gallery-wrap robo-gallery-wrap-id4468 robo-gallery-masonry\" ><div id=\"rbs_gallery_69f370551335e-block-loader\" class=\"rbs_gallery_69f370551335eSpinner\"><div class=\"rbs_gallery_69f370551335eRect1\"><\/div> <div class=\"rbs_gallery_69f370551335eRect2\"><\/div> <div class=\"rbs_gallery_69f370551335eRect3\"><\/div> <div class=\"rbs_gallery_69f370551335eRect4\"><\/div> <div class=\"rbs_gallery_69f370551335eRect5\"><\/div><\/div><div id=\"robo_gallery_main_block_rbs_gallery_69f370551335e\" class=\"robogallery-gallery-4468\" style=\"width:100%;  display: none;\"><div id=\"rbs_gallery_69f370551335e\" data-options=\"rbs_gallery_69f370551335e\" style=\"width:100%;\" class=\"robo_gallery  \"><div class=\"rbs-img  category4468 \" ><div class=\"rbs-img-image   rbs-lightbox \" ><div class=\"rbs-img-thumbs\"  data-thumbnail=\"https:\/\/lackman.com.br\/wp-content\/uploads\/2023\/06\/IMG_7241-600x1024.jpeg\"  title=\"Tainah Barreto e Marcelo Quadros\"  data-width=\"600\"  data-height=\"1024\" ><\/div><div class=\"rbs-img-data-popup\"  data-popup=\"https:\/\/lackman.com.br\/wp-content\/uploads\/2023\/06\/IMG_7241-scaled.jpeg\"  title=\"Tainah Barreto e Marcelo Quadros\" ><\/div><div class=\"thumbnail-overlay\"><div class=\"rbsTitle \">Tainah Barreto e Marcelo Quadros<\/div><div class=\"rbsIcons\"><i class=\"fa fa-plus rbsZoomIcon \" ><\/i><\/div><\/div><\/div><\/div><div class=\"rbs-img  category4468 \" ><div class=\"rbs-img-image   rbs-lightbox \" ><div class=\"rbs-img-thumbs\"  data-thumbnail=\"https:\/\/lackman.com.br\/wp-content\/uploads\/2023\/06\/IMG_7254-300x200.jpeg\"  title=\"Thiago Malva e Claudia Meireles\"  data-width=\"300\"  data-height=\"200\" ><\/div><div class=\"rbs-img-data-popup\"  data-popup=\"https:\/\/lackman.com.br\/wp-content\/uploads\/2023\/06\/IMG_7254-scaled.jpeg\"  title=\"Thiago Malva e Claudia Meireles\" ><\/div><div class=\"thumbnail-overlay\"><div class=\"rbsTitle \">Thiago Malva e Claudia Meireles<\/div><div class=\"rbsIcons\"><i class=\"fa fa-plus rbsZoomIcon \" ><\/i><\/div><\/div><\/div><\/div><div class=\"rbs-img  category4468 \" ><div class=\"rbs-img-image   rbs-lightbox \" ><div class=\"rbs-img-thumbs\"  data-thumbnail=\"https:\/\/lackman.com.br\/wp-content\/uploads\/2023\/06\/IMG_7246-600x1024.jpeg\"  title=\"Cl\u00e1udia Salom\u00e3o e Priscila Skaf\"  data-width=\"600\"  data-height=\"1024\" ><\/div><div class=\"rbs-img-data-popup\"  data-popup=\"https:\/\/lackman.com.br\/wp-content\/uploads\/2023\/06\/IMG_7246-scaled.jpeg\"  title=\"Cl\u00e1udia Salom\u00e3o e Priscila Skaf\" ><\/div><div class=\"thumbnail-overlay\"><div class=\"rbsTitle \">Cl\u00e1udia Salom\u00e3o e Priscila Skaf<\/div><div class=\"rbsIcons\"><i class=\"fa fa-plus rbsZoomIcon \" ><\/i><\/div><\/div><\/div><\/div><div class=\"rbs-img  category4468 \" ><div class=\"rbs-img-image   rbs-lightbox \" ><div class=\"rbs-img-thumbs\"  data-thumbnail=\"https:\/\/lackman.com.br\/wp-content\/uploads\/2023\/06\/IMG_7237-600x1024.jpeg\"  title=\"Patr\u00edcia e Sarah Skaf\"  data-width=\"600\"  data-height=\"1024\" ><\/div><div class=\"rbs-img-data-popup\"  data-popup=\"https:\/\/lackman.com.br\/wp-content\/uploads\/2023\/06\/IMG_7237-scaled.jpeg\"  title=\"Patr\u00edcia e Sarah Skaf\" ><\/div><div class=\"thumbnail-overlay\"><div class=\"rbsTitle \">Patr\u00edcia e Sarah Skaf<\/div><div class=\"rbsIcons\"><i class=\"fa fa-plus rbsZoomIcon \" ><\/i><\/div><\/div><\/div><\/div><div class=\"rbs-img  category4468 \" ><div class=\"rbs-img-image   rbs-lightbox \" ><div class=\"rbs-img-thumbs\"  data-thumbnail=\"https:\/\/lackman.com.br\/wp-content\/uploads\/2023\/06\/IMG_7243-600x1024.jpeg\"  title=\"Vald\u00eania Afonso e Renata Andrade\"  data-width=\"600\"  data-height=\"1024\" ><\/div><div class=\"rbs-img-data-popup\"  data-popup=\"https:\/\/lackman.com.br\/wp-content\/uploads\/2023\/06\/IMG_7243-scaled.jpeg\"  title=\"Vald\u00eania Afonso e Renata Andrade\" ><\/div><div class=\"thumbnail-overlay\"><div class=\"rbsTitle \">Vald\u00eania Afonso e Renata Andrade<\/div><div class=\"rbsIcons\"><i class=\"fa fa-plus rbsZoomIcon \" ><\/i><\/div><\/div><\/div><\/div><div class=\"rbs-img  category4468 \" ><div class=\"rbs-img-image   rbs-lightbox \" ><div class=\"rbs-img-thumbs\"  data-thumbnail=\"https:\/\/lackman.com.br\/wp-content\/uploads\/2023\/06\/IMG_7244-600x1024.jpeg\"  title=\"Anna Maria Reis, Rejane Rocha e Palmira Santiago\"  data-width=\"600\"  data-height=\"1024\" ><\/div><div class=\"rbs-img-data-popup\"  data-popup=\"https:\/\/lackman.com.br\/wp-content\/uploads\/2023\/06\/IMG_7244-scaled.jpeg\"  title=\"Anna Maria Reis, Rejane Rocha e Palmira Santiago\" ><\/div><div class=\"thumbnail-overlay\"><div class=\"rbsTitle \">Anna Maria Reis, Rejane Rocha e Palmira Santiago<\/div><div class=\"rbsIcons\"><i class=\"fa fa-plus rbsZoomIcon \" ><\/i><\/div><\/div><\/div><\/div><div class=\"rbs-img  category4468 \" ><div class=\"rbs-img-image   rbs-lightbox \" ><div class=\"rbs-img-thumbs\"  data-thumbnail=\"https:\/\/lackman.com.br\/wp-content\/uploads\/2023\/06\/IMG_7242-200x300.jpeg\"  title=\"Thais Madruga e Giovanna Spegiorin\"  data-width=\"200\"  data-height=\"300\" ><\/div><div class=\"rbs-img-data-popup\"  data-popup=\"https:\/\/lackman.com.br\/wp-content\/uploads\/2023\/06\/IMG_7242-scaled.jpeg\"  title=\"Thais Madruga e Giovanna Spegiorin\" ><\/div><div class=\"thumbnail-overlay\"><div class=\"rbsTitle \">Thais Madruga e Giovanna Spegiorin<\/div><div class=\"rbsIcons\"><i class=\"fa fa-plus rbsZoomIcon \" ><\/i><\/div><\/div><\/div><\/div><div class=\"rbs-img  category4468 \" ><div class=\"rbs-img-image   rbs-lightbox \" ><div class=\"rbs-img-thumbs\"  data-thumbnail=\"https:\/\/lackman.com.br\/wp-content\/uploads\/2023\/06\/IMG_7257-600x1024.jpeg\"  title=\"Let\u00edcia Cunha e Simone Novaes\"  data-width=\"600\"  data-height=\"1024\" ><\/div><div class=\"rbs-img-data-popup\"  data-popup=\"https:\/\/lackman.com.br\/wp-content\/uploads\/2023\/06\/IMG_7257-scaled.jpeg\"  title=\"Let\u00edcia Cunha e Simone Novaes\" ><\/div><div class=\"thumbnail-overlay\"><div class=\"rbsTitle \">Let\u00edcia Cunha e Simone Novaes<\/div><div class=\"rbsIcons\"><i class=\"fa fa-plus rbsZoomIcon \" ><\/i><\/div><\/div><\/div><\/div><div class=\"rbs-img  category4468 \" ><div class=\"rbs-img-image   rbs-lightbox \" ><div class=\"rbs-img-thumbs\"  data-thumbnail=\"https:\/\/lackman.com.br\/wp-content\/uploads\/2023\/06\/IMG_7239-600x1024.jpeg\"  title=\"Ra\u00edssa Baeta\"  data-width=\"600\"  data-height=\"1024\" ><\/div><div class=\"rbs-img-data-popup\"  data-popup=\"https:\/\/lackman.com.br\/wp-content\/uploads\/2023\/06\/IMG_7239-scaled.jpeg\"  title=\"Ra\u00edssa Baeta\" ><\/div><div class=\"thumbnail-overlay\"><div class=\"rbsTitle \">Ra\u00edssa Baeta<\/div><div class=\"rbsIcons\"><i class=\"fa fa-plus rbsZoomIcon \" ><\/i><\/div><\/div><\/div><\/div><div class=\"rbs-img  category4468 \" ><div class=\"rbs-img-image   rbs-lightbox \" ><div class=\"rbs-img-thumbs\"  data-thumbnail=\"https:\/\/lackman.com.br\/wp-content\/uploads\/2023\/06\/IMG_7245-600x1024.jpeg\"  title=\"Ciromar Amaral\"  data-width=\"600\"  data-height=\"1024\" ><\/div><div class=\"rbs-img-data-popup\"  data-popup=\"https:\/\/lackman.com.br\/wp-content\/uploads\/2023\/06\/IMG_7245-scaled.jpeg\"  title=\"Ciromar Amaral\" ><\/div><div class=\"thumbnail-overlay\"><div class=\"rbsTitle \">Ciromar Amaral<\/div><div class=\"rbsIcons\"><i class=\"fa fa-plus rbsZoomIcon \" ><\/i><\/div><\/div><\/div><\/div><\/div><\/div><\/div><script>var rbs_gallery_69f370551335e = {\"version\":\"5.1.2\",\"id\":4468,\"class\":\"id4468\",\"roboGalleryDelay\":1000,\"mainContainer\":\"#robo_gallery_main_block_rbs_gallery_69f370551335e\",\"loadingContainer\":\"#rbs_gallery_69f370551335e-block-loader\",\"loadingContainerObj\":\"rbs_gallery_69f370551335e-block-loader\",\"columnWidth\":\"auto\",\"columns\":3,\"resolutions\":[{\"columnWidth\":\"auto\",\"columns\":3,\"maxWidth\":960},{\"columnWidth\":\"auto\",\"columns\":2,\"maxWidth\":650},{\"columnWidth\":\"auto\",\"columns\":1,\"maxWidth\":450}],\"lightboxOptions\":{\"gallery\":{\"enabled\":true,\"tCounter\":\"%curr% of %total%\"}},\"overlayEffect\":\"direction-aware-fade\",\"boxesToLoadStart\":12,\"boxesToLoad\":8,\"waitUntilThumbLoads\":1,\"LoadingWord\":\"Loading...\",\"loadMoreWord\":\"Load More\",\"noMoreEntriesWord\":\"No More Entries\",\"horizontalSpaceBetweenBoxes\":15,\"verticalSpaceBetweenBoxes\":15,\"lazyLoad\":1,\"wrapContainer\":\"#robo-gallery-wrap-rbs_gallery_69f370551335e\"};<\/script><\/p>\n<p class=\"p1\" style=\"text-align: justify;\"><span class=\"s2\"> Em breve, estar\u00e3o \u00e0 venda no e-commerce da Barreto (<a href=\"http:\/\/shoesbarreto.com.br\/\"><span class=\"s3\">shoesbarreto.com.br<\/span><\/a>), com entregas para todo o Brasil e frete gratuito em Bras\u00edlia, sede da marca, lan\u00e7ada em 2021.<\/span><\/p>\n<hr \/>\n<pre class=\"p1\"><span class=\"s2\">Fotos: C\u00e9sar Rebou\u00e7as\/Divulga\u00e7\u00e3o <\/span><\/pre>\n","protected":false},"excerpt":{"rendered":"<p>Trunk show com as pe\u00e7as da collab marcou a segunda parceria entre as duas labels Convidadas de elite puderam apreciar looks deslumbrantes e bater papos descontra\u00eddos com a estreia da collab Florescer, das marcas Barreto e Marcelo Quadros, em Bras\u00edlia. Tainah Barreto (fundadora e diretora criativa da Barreto) e o estilista Marcelo Quadros brindaram a segunda parceria entre as duas marcas com um evento especial na multimarcas Skaf, no Lago Sul. O agito come\u00e7ou \u00e0 tarde e seguiu at\u00e9 a noite, com direito a um trunk show com modelos vestindo as cria\u00e7\u00f5es de Quadros e as sand\u00e1lias da Barreto para a collab, voltada para a moda festa. Al\u00e9m dos la\u00e7os de cetim, que marcaram presen\u00e7a na collab anterior, a cole\u00e7\u00e3o Florescer traz sand\u00e1lias decoradas com p\u00e9talas de tecido costuradas cuidadosamente a m\u00e3o. Trabalhadas em couro specchio magenta e azul royal, as pe\u00e7as prometem agradar tanto ao p\u00fablico mais cl\u00e1ssico como \u00e0s clientes mais fashionistas. Em breve, estar\u00e3o \u00e0 venda no e-commerce da Barreto (shoesbarreto.com.br), com entregas para todo o Brasil e frete gratuito em Bras\u00edlia, sede da marca, lan\u00e7ada em 2021. Fotos: C\u00e9sar Rebou\u00e7as\/Divulga\u00e7\u00e3o<\/p>\n","protected":false},"author":2,"featured_media":4485,"comment_status":"closed","ping_status":"open","sticky":false,"template":"","format":"standard","meta":{"site-sidebar-layout":"default","site-content-layout":"default","ast-site-content-layout":"default","site-content-style":"default","site-sidebar-style":"default","ast-global-header-display":"","ast-banner-title-visibility":"","ast-main-header-display":"","ast-hfb-above-header-display":"","ast-hfb-below-header-display":"","ast-hfb-mobile-header-display":"","site-post-title":"","ast-breadcrumbs-content":"","ast-featured-img":"","footer-sml-layout":"","ast-disable-related-posts":"","theme-transparent-header-meta":"default","adv-header-id-meta":"","stick-header-meta":"","header-above-stick-meta":"","header-main-stick-meta":"","header-below-stick-meta":"","astra-migrate-meta-layouts":"default","ast-page-background-enabled":"default","ast-page-background-meta":{"desktop":{"background-color":"","background-image":"","background-repeat":"repeat","background-position":"center center","background-size":"auto","background-attachment":"scroll","background-type":"","background-media":"","overlay-type":"","overlay-color":"","overlay-opacity":"","overlay-gradient":""},"tablet":{"background-color":"","background-image":"","background-repeat":"repeat","background-position":"center center","background-size":"auto","background-attachment":"scroll","background-type":"","background-media":"","overlay-type":"","overlay-color":"","overlay-opacity":"","overlay-gradient":""},"mobile":{"background-color":"","background-image":"","background-repeat":"repeat","background-position":"center center","background-size":"auto","background-attachment":"scroll","background-type":"","background-media":"","overlay-type":"","overlay-color":"","overlay-opacity":"","overlay-gradient":""}},"ast-content-background-meta":{"desktop":{"background-color":"var(--ast-global-color-5)","background-image":"","background-repeat":"repeat","background-position":"center center","background-size":"auto","background-attachment":"scroll","background-type":"","background-media":"","overlay-type":"","overlay-color":"","overlay-opacity":"","overlay-gradient":""},"tablet":{"background-color":"var(--ast-global-color-5)","background-image":"","background-repeat":"repeat","background-position":"center center","background-size":"auto","background-attachment":"scroll","background-type":"","background-media":"","overlay-type":"","overlay-color":"","overlay-opacity":"","overlay-gradient":""},"mobile":{"background-color":"var(--ast-global-color-5)","background-image":"","background-repeat":"repeat","background-position":"center center","background-size":"auto","background-attachment":"scroll","background-type":"","background-media":"","overlay-type":"","overlay-color":"","overlay-opacity":"","overlay-gradient":""}},"footnotes":""},"categories":[40,35],"tags":[191,53,195,193,59,196,194,192],"class_list":["post-4465","post","type-post","status-publish","format-standard","has-post-thumbnail","hentry","category-marcas","category-moda","tag-barreto","tag-bsb","tag-fashion","tag-marcelo-quadros","tag-moda","tag-sapatos","tag-skaf","tag-trunk-show"],"yoast_head":"<!-- This site is optimized with the Yoast SEO plugin v27.0 - https:\/\/yoast.com\/product\/yoast-seo-wordpress\/ -->\n<title>Florescer de Barreto e Marcelo quadros estreia na Skaf - LACKMAN &amp; CO.<\/title>\n<meta name=\"robots\" content=\"index, follow, max-snippet:-1, max-image-preview:large, max-video-preview:-1\" \/>\n<link rel=\"canonical\" href=\"https:\/\/lackman.com.br\/index.php\/2023\/06\/22\/florescer-de-barreto-e-marcelo-quadros-estreia-na-skaf\/\" \/>\n<meta property=\"og:locale\" content=\"pt_BR\" \/>\n<meta property=\"og:type\" content=\"article\" \/>\n<meta property=\"og:title\" content=\"Florescer de Barreto e Marcelo quadros estreia na Skaf - LACKMAN &amp; CO.\" \/>\n<meta property=\"og:description\" content=\"Trunk show com as pe\u00e7as da collab marcou a segunda parceria entre as duas labels Convidadas de elite puderam apreciar looks deslumbrantes e bater papos descontra\u00eddos com a estreia da collab Florescer, das marcas Barreto e Marcelo Quadros, em Bras\u00edlia. Tainah Barreto (fundadora e diretora criativa da Barreto) e o estilista Marcelo Quadros brindaram a segunda parceria entre as duas marcas com um evento especial na multimarcas Skaf, no Lago Sul. O agito come\u00e7ou \u00e0 tarde e seguiu at\u00e9 a noite, com direito a um trunk show com modelos vestindo as cria\u00e7\u00f5es de Quadros e as sand\u00e1lias da Barreto para a collab, voltada para a moda festa. Al\u00e9m dos la\u00e7os de cetim, que marcaram presen\u00e7a na collab anterior, a cole\u00e7\u00e3o Florescer traz sand\u00e1lias decoradas com p\u00e9talas de tecido costuradas cuidadosamente a m\u00e3o. Trabalhadas em couro specchio magenta e azul royal, as pe\u00e7as prometem agradar tanto ao p\u00fablico mais cl\u00e1ssico como \u00e0s clientes mais fashionistas. Em breve, estar\u00e3o \u00e0 venda no e-commerce da Barreto (shoesbarreto.com.br), com entregas para todo o Brasil e frete gratuito em Bras\u00edlia, sede da marca, lan\u00e7ada em 2021. Fotos: C\u00e9sar Rebou\u00e7as\/Divulga\u00e7\u00e3o\" \/>\n<meta property=\"og:url\" content=\"https:\/\/lackman.com.br\/index.php\/2023\/06\/22\/florescer-de-barreto-e-marcelo-quadros-estreia-na-skaf\/\" \/>\n<meta property=\"og:site_name\" content=\"LACKMAN &amp; CO.\" \/>\n<meta property=\"article:author\" content=\"https:\/\/www.facebook.com\/fernandolackman\" \/>\n<meta property=\"article:published_time\" content=\"2023-06-22T06:21:19+00:00\" \/>\n<meta property=\"og:image\" content=\"http:\/\/lackman.com.br\/wp-content\/uploads\/2023\/06\/IMG_7238-scaled.jpeg\" \/>\n\t<meta property=\"og:image:width\" content=\"2560\" \/>\n\t<meta property=\"og:image:height\" content=\"2278\" \/>\n\t<meta property=\"og:image:type\" content=\"image\/jpeg\" \/>\n<meta name=\"author\" content=\"Fernando Lackman\" \/>\n<meta name=\"twitter:card\" content=\"summary_large_image\" \/>\n<meta name=\"twitter:creator\" content=\"@fernandolackman\" \/>\n<meta name=\"twitter:label1\" content=\"Escrito por\" \/>\n\t<meta name=\"twitter:data1\" content=\"Fernando Lackman\" \/>\n\t<meta name=\"twitter:label2\" content=\"Est. tempo de leitura\" \/>\n\t<meta name=\"twitter:data2\" content=\"2 minutos\" \/>\n<script type=\"application\/ld+json\" class=\"yoast-schema-graph\">{\"@context\":\"https:\/\/schema.org\",\"@graph\":[{\"@type\":\"Article\",\"@id\":\"https:\/\/lackman.com.br\/index.php\/2023\/06\/22\/florescer-de-barreto-e-marcelo-quadros-estreia-na-skaf\/#article\",\"isPartOf\":{\"@id\":\"https:\/\/lackman.com.br\/index.php\/2023\/06\/22\/florescer-de-barreto-e-marcelo-quadros-estreia-na-skaf\/\"},\"author\":{\"name\":\"Fernando Lackman\",\"@id\":\"https:\/\/lackman.com.br\/#\/schema\/person\/dbfb3fbfc55f2b0bd4f9039696e70858\"},\"headline\":\"Florescer de Barreto e Marcelo quadros estreia na Skaf\",\"datePublished\":\"2023-06-22T06:21:19+00:00\",\"mainEntityOfPage\":{\"@id\":\"https:\/\/lackman.com.br\/index.php\/2023\/06\/22\/florescer-de-barreto-e-marcelo-quadros-estreia-na-skaf\/\"},\"wordCount\":216,\"publisher\":{\"@id\":\"https:\/\/lackman.com.br\/#organization\"},\"image\":{\"@id\":\"https:\/\/lackman.com.br\/index.php\/2023\/06\/22\/florescer-de-barreto-e-marcelo-quadros-estreia-na-skaf\/#primaryimage\"},\"thumbnailUrl\":\"https:\/\/lackman.com.br\/wp-content\/uploads\/2023\/06\/IMG_7238-scaled.jpeg\",\"keywords\":[\"Barreto\",\"bsb\",\"fashion\",\"Marcelo Quadros\",\"Moda\",\"sapatos\",\"Skaf\",\"trunk show\"],\"articleSection\":[\"Marcas\",\"Moda\"],\"inLanguage\":\"pt-BR\"},{\"@type\":\"WebPage\",\"@id\":\"https:\/\/lackman.com.br\/index.php\/2023\/06\/22\/florescer-de-barreto-e-marcelo-quadros-estreia-na-skaf\/\",\"url\":\"https:\/\/lackman.com.br\/index.php\/2023\/06\/22\/florescer-de-barreto-e-marcelo-quadros-estreia-na-skaf\/\",\"name\":\"Florescer de Barreto e Marcelo quadros estreia na Skaf - LACKMAN &amp; CO.\",\"isPartOf\":{\"@id\":\"https:\/\/lackman.com.br\/#website\"},\"primaryImageOfPage\":{\"@id\":\"https:\/\/lackman.com.br\/index.php\/2023\/06\/22\/florescer-de-barreto-e-marcelo-quadros-estreia-na-skaf\/#primaryimage\"},\"image\":{\"@id\":\"https:\/\/lackman.com.br\/index.php\/2023\/06\/22\/florescer-de-barreto-e-marcelo-quadros-estreia-na-skaf\/#primaryimage\"},\"thumbnailUrl\":\"https:\/\/lackman.com.br\/wp-content\/uploads\/2023\/06\/IMG_7238-scaled.jpeg\",\"datePublished\":\"2023-06-22T06:21:19+00:00\",\"breadcrumb\":{\"@id\":\"https:\/\/lackman.com.br\/index.php\/2023\/06\/22\/florescer-de-barreto-e-marcelo-quadros-estreia-na-skaf\/#breadcrumb\"},\"inLanguage\":\"pt-BR\",\"potentialAction\":[{\"@type\":\"ReadAction\",\"target\":[\"https:\/\/lackman.com.br\/index.php\/2023\/06\/22\/florescer-de-barreto-e-marcelo-quadros-estreia-na-skaf\/\"]}]},{\"@type\":\"ImageObject\",\"inLanguage\":\"pt-BR\",\"@id\":\"https:\/\/lackman.com.br\/index.php\/2023\/06\/22\/florescer-de-barreto-e-marcelo-quadros-estreia-na-skaf\/#primaryimage\",\"url\":\"https:\/\/lackman.com.br\/wp-content\/uploads\/2023\/06\/IMG_7238-scaled.jpeg\",\"contentUrl\":\"https:\/\/lackman.com.br\/wp-content\/uploads\/2023\/06\/IMG_7238-scaled.jpeg\",\"width\":2560,\"height\":2278},{\"@type\":\"BreadcrumbList\",\"@id\":\"https:\/\/lackman.com.br\/index.php\/2023\/06\/22\/florescer-de-barreto-e-marcelo-quadros-estreia-na-skaf\/#breadcrumb\",\"itemListElement\":[{\"@type\":\"ListItem\",\"position\":1,\"name\":\"In\u00edcio\",\"item\":\"https:\/\/lackman.com.br\/\"},{\"@type\":\"ListItem\",\"position\":2,\"name\":\"Florescer de Barreto e Marcelo quadros estreia na Skaf\"}]},{\"@type\":\"WebSite\",\"@id\":\"https:\/\/lackman.com.br\/#website\",\"url\":\"https:\/\/lackman.com.br\/\",\"name\":\"LACKMAN &amp; CO.\",\"description\":\"VIDA | MODA | ARTE\",\"publisher\":{\"@id\":\"https:\/\/lackman.com.br\/#organization\"},\"potentialAction\":[{\"@type\":\"SearchAction\",\"target\":{\"@type\":\"EntryPoint\",\"urlTemplate\":\"https:\/\/lackman.com.br\/?s={search_term_string}\"},\"query-input\":{\"@type\":\"PropertyValueSpecification\",\"valueRequired\":true,\"valueName\":\"search_term_string\"}}],\"inLanguage\":\"pt-BR\"},{\"@type\":\"Organization\",\"@id\":\"https:\/\/lackman.com.br\/#organization\",\"name\":\"LACKMAN &amp; CO.\",\"url\":\"https:\/\/lackman.com.br\/\",\"logo\":{\"@type\":\"ImageObject\",\"inLanguage\":\"pt-BR\",\"@id\":\"https:\/\/lackman.com.br\/#\/schema\/logo\/image\/\",\"url\":\"https:\/\/lackman.com.br\/wp-content\/uploads\/2023\/06\/Logotipo_preto-1.png\",\"contentUrl\":\"https:\/\/lackman.com.br\/wp-content\/uploads\/2023\/06\/Logotipo_preto-1.png\",\"width\":739,\"height\":393,\"caption\":\"LACKMAN &amp; CO.\"},\"image\":{\"@id\":\"https:\/\/lackman.com.br\/#\/schema\/logo\/image\/\"}},{\"@type\":\"Person\",\"@id\":\"https:\/\/lackman.com.br\/#\/schema\/person\/dbfb3fbfc55f2b0bd4f9039696e70858\",\"name\":\"Fernando Lackman\",\"image\":{\"@type\":\"ImageObject\",\"inLanguage\":\"pt-BR\",\"@id\":\"https:\/\/lackman.com.br\/#\/schema\/person\/image\/\",\"url\":\"https:\/\/secure.gravatar.com\/avatar\/ae7993150af197e66480c8a769891833dd2b8d809f0d9ff3f25af796cf378ce8?s=96&d=mm&r=g\",\"contentUrl\":\"https:\/\/secure.gravatar.com\/avatar\/ae7993150af197e66480c8a769891833dd2b8d809f0d9ff3f25af796cf378ce8?s=96&d=mm&r=g\",\"caption\":\"Fernando Lackman\"},\"description\":\"Fernando Lackman \u00e9 jornalista especializado em Moda e Cultura, editor do site LACKMAN.com.br. \u00c9 autor do livro Bras\u00edlia Capital dos Criadores, que conta a hist\u00f3ria da moda no Distrito Federal. Tem em seu curr\u00edculo assinatura de dire\u00e7\u00e3o criativa e de desfiles em eventos como Estilo DF Plaza, Summer Collections, JK Street Fashion, Desfile Beleza Negra (DBN), PicniK Fashion Show, Vogue Fashion\u2019s Night Out Bras\u00edlia, entre outros. Foi diretor criativo do extinto Capital Fashion Week. Atualmente trabalha na dire\u00e7\u00e3o criativa de eventos como Top CUFA, BSB Fashion Street, Bras\u00edlia Fashion House, Ateli\u00ea Bras\u00edlia e Goi\u00e1s Fashion Week.\",\"sameAs\":[\"https:\/\/lackman.com.br\/\",\"https:\/\/www.facebook.com\/fernandolackman\",\"https:\/\/www.instagram.com\/fernandolackman\/\",\"https:\/\/www.linkedin.com\/in\/fernando-lackman\/\",\"https:\/\/br.pinterest.com\/fernandolackman\/\",\"https:\/\/x.com\/fernandolackman\"],\"url\":\"https:\/\/lackman.com.br\/index.php\/author\/fernando-lackman\/\"}]}<\/script>\n<!-- \/ Yoast SEO plugin. -->","yoast_head_json":{"title":"Florescer de Barreto e Marcelo quadros estreia na Skaf - LACKMAN &amp; CO.","robots":{"index":"index","follow":"follow","max-snippet":"max-snippet:-1","max-image-preview":"max-image-preview:large","max-video-preview":"max-video-preview:-1"},"canonical":"https:\/\/lackman.com.br\/index.php\/2023\/06\/22\/florescer-de-barreto-e-marcelo-quadros-estreia-na-skaf\/","og_locale":"pt_BR","og_type":"article","og_title":"Florescer de Barreto e Marcelo quadros estreia na Skaf - LACKMAN &amp; CO.","og_description":"Trunk show com as pe\u00e7as da collab marcou a segunda parceria entre as duas labels Convidadas de elite puderam apreciar looks deslumbrantes e bater papos descontra\u00eddos com a estreia da collab Florescer, das marcas Barreto e Marcelo Quadros, em Bras\u00edlia. Tainah Barreto (fundadora e diretora criativa da Barreto) e o estilista Marcelo Quadros brindaram a segunda parceria entre as duas marcas com um evento especial na multimarcas Skaf, no Lago Sul. O agito come\u00e7ou \u00e0 tarde e seguiu at\u00e9 a noite, com direito a um trunk show com modelos vestindo as cria\u00e7\u00f5es de Quadros e as sand\u00e1lias da Barreto para a collab, voltada para a moda festa. Al\u00e9m dos la\u00e7os de cetim, que marcaram presen\u00e7a na collab anterior, a cole\u00e7\u00e3o Florescer traz sand\u00e1lias decoradas com p\u00e9talas de tecido costuradas cuidadosamente a m\u00e3o. Trabalhadas em couro specchio magenta e azul royal, as pe\u00e7as prometem agradar tanto ao p\u00fablico mais cl\u00e1ssico como \u00e0s clientes mais fashionistas. Em breve, estar\u00e3o \u00e0 venda no e-commerce da Barreto (shoesbarreto.com.br), com entregas para todo o Brasil e frete gratuito em Bras\u00edlia, sede da marca, lan\u00e7ada em 2021. Fotos: C\u00e9sar Rebou\u00e7as\/Divulga\u00e7\u00e3o","og_url":"https:\/\/lackman.com.br\/index.php\/2023\/06\/22\/florescer-de-barreto-e-marcelo-quadros-estreia-na-skaf\/","og_site_name":"LACKMAN &amp; CO.","article_author":"https:\/\/www.facebook.com\/fernandolackman","article_published_time":"2023-06-22T06:21:19+00:00","og_image":[{"width":2560,"height":2278,"url":"http:\/\/lackman.com.br\/wp-content\/uploads\/2023\/06\/IMG_7238-scaled.jpeg","type":"image\/jpeg"}],"author":"Fernando Lackman","twitter_card":"summary_large_image","twitter_creator":"@fernandolackman","twitter_misc":{"Escrito por":"Fernando Lackman","Est. tempo de leitura":"2 minutos"},"schema":{"@context":"https:\/\/schema.org","@graph":[{"@type":"Article","@id":"https:\/\/lackman.com.br\/index.php\/2023\/06\/22\/florescer-de-barreto-e-marcelo-quadros-estreia-na-skaf\/#article","isPartOf":{"@id":"https:\/\/lackman.com.br\/index.php\/2023\/06\/22\/florescer-de-barreto-e-marcelo-quadros-estreia-na-skaf\/"},"author":{"name":"Fernando Lackman","@id":"https:\/\/lackman.com.br\/#\/schema\/person\/dbfb3fbfc55f2b0bd4f9039696e70858"},"headline":"Florescer de Barreto e Marcelo quadros estreia na Skaf","datePublished":"2023-06-22T06:21:19+00:00","mainEntityOfPage":{"@id":"https:\/\/lackman.com.br\/index.php\/2023\/06\/22\/florescer-de-barreto-e-marcelo-quadros-estreia-na-skaf\/"},"wordCount":216,"publisher":{"@id":"https:\/\/lackman.com.br\/#organization"},"image":{"@id":"https:\/\/lackman.com.br\/index.php\/2023\/06\/22\/florescer-de-barreto-e-marcelo-quadros-estreia-na-skaf\/#primaryimage"},"thumbnailUrl":"https:\/\/lackman.com.br\/wp-content\/uploads\/2023\/06\/IMG_7238-scaled.jpeg","keywords":["Barreto","bsb","fashion","Marcelo Quadros","Moda","sapatos","Skaf","trunk show"],"articleSection":["Marcas","Moda"],"inLanguage":"pt-BR"},{"@type":"WebPage","@id":"https:\/\/lackman.com.br\/index.php\/2023\/06\/22\/florescer-de-barreto-e-marcelo-quadros-estreia-na-skaf\/","url":"https:\/\/lackman.com.br\/index.php\/2023\/06\/22\/florescer-de-barreto-e-marcelo-quadros-estreia-na-skaf\/","name":"Florescer de Barreto e Marcelo quadros estreia na Skaf - LACKMAN &amp; CO.","isPartOf":{"@id":"https:\/\/lackman.com.br\/#website"},"primaryImageOfPage":{"@id":"https:\/\/lackman.com.br\/index.php\/2023\/06\/22\/florescer-de-barreto-e-marcelo-quadros-estreia-na-skaf\/#primaryimage"},"image":{"@id":"https:\/\/lackman.com.br\/index.php\/2023\/06\/22\/florescer-de-barreto-e-marcelo-quadros-estreia-na-skaf\/#primaryimage"},"thumbnailUrl":"https:\/\/lackman.com.br\/wp-content\/uploads\/2023\/06\/IMG_7238-scaled.jpeg","datePublished":"2023-06-22T06:21:19+00:00","breadcrumb":{"@id":"https:\/\/lackman.com.br\/index.php\/2023\/06\/22\/florescer-de-barreto-e-marcelo-quadros-estreia-na-skaf\/#breadcrumb"},"inLanguage":"pt-BR","potentialAction":[{"@type":"ReadAction","target":["https:\/\/lackman.com.br\/index.php\/2023\/06\/22\/florescer-de-barreto-e-marcelo-quadros-estreia-na-skaf\/"]}]},{"@type":"ImageObject","inLanguage":"pt-BR","@id":"https:\/\/lackman.com.br\/index.php\/2023\/06\/22\/florescer-de-barreto-e-marcelo-quadros-estreia-na-skaf\/#primaryimage","url":"https:\/\/lackman.com.br\/wp-content\/uploads\/2023\/06\/IMG_7238-scaled.jpeg","contentUrl":"https:\/\/lackman.com.br\/wp-content\/uploads\/2023\/06\/IMG_7238-scaled.jpeg","width":2560,"height":2278},{"@type":"BreadcrumbList","@id":"https:\/\/lackman.com.br\/index.php\/2023\/06\/22\/florescer-de-barreto-e-marcelo-quadros-estreia-na-skaf\/#breadcrumb","itemListElement":[{"@type":"ListItem","position":1,"name":"In\u00edcio","item":"https:\/\/lackman.com.br\/"},{"@type":"ListItem","position":2,"name":"Florescer de Barreto e Marcelo quadros estreia na Skaf"}]},{"@type":"WebSite","@id":"https:\/\/lackman.com.br\/#website","url":"https:\/\/lackman.com.br\/","name":"LACKMAN &amp; CO.","description":"VIDA | MODA | ARTE","publisher":{"@id":"https:\/\/lackman.com.br\/#organization"},"potentialAction":[{"@type":"SearchAction","target":{"@type":"EntryPoint","urlTemplate":"https:\/\/lackman.com.br\/?s={search_term_string}"},"query-input":{"@type":"PropertyValueSpecification","valueRequired":true,"valueName":"search_term_string"}}],"inLanguage":"pt-BR"},{"@type":"Organization","@id":"https:\/\/lackman.com.br\/#organization","name":"LACKMAN &amp; CO.","url":"https:\/\/lackman.com.br\/","logo":{"@type":"ImageObject","inLanguage":"pt-BR","@id":"https:\/\/lackman.com.br\/#\/schema\/logo\/image\/","url":"https:\/\/lackman.com.br\/wp-content\/uploads\/2023\/06\/Logotipo_preto-1.png","contentUrl":"https:\/\/lackman.com.br\/wp-content\/uploads\/2023\/06\/Logotipo_preto-1.png","width":739,"height":393,"caption":"LACKMAN &amp; CO."},"image":{"@id":"https:\/\/lackman.com.br\/#\/schema\/logo\/image\/"}},{"@type":"Person","@id":"https:\/\/lackman.com.br\/#\/schema\/person\/dbfb3fbfc55f2b0bd4f9039696e70858","name":"Fernando Lackman","image":{"@type":"ImageObject","inLanguage":"pt-BR","@id":"https:\/\/lackman.com.br\/#\/schema\/person\/image\/","url":"https:\/\/secure.gravatar.com\/avatar\/ae7993150af197e66480c8a769891833dd2b8d809f0d9ff3f25af796cf378ce8?s=96&d=mm&r=g","contentUrl":"https:\/\/secure.gravatar.com\/avatar\/ae7993150af197e66480c8a769891833dd2b8d809f0d9ff3f25af796cf378ce8?s=96&d=mm&r=g","caption":"Fernando Lackman"},"description":"Fernando Lackman \u00e9 jornalista especializado em Moda e Cultura, editor do site LACKMAN.com.br. \u00c9 autor do livro Bras\u00edlia Capital dos Criadores, que conta a hist\u00f3ria da moda no Distrito Federal. Tem em seu curr\u00edculo assinatura de dire\u00e7\u00e3o criativa e de desfiles em eventos como Estilo DF Plaza, Summer Collections, JK Street Fashion, Desfile Beleza Negra (DBN), PicniK Fashion Show, Vogue Fashion\u2019s Night Out Bras\u00edlia, entre outros. Foi diretor criativo do extinto Capital Fashion Week. Atualmente trabalha na dire\u00e7\u00e3o criativa de eventos como Top CUFA, BSB Fashion Street, Bras\u00edlia Fashion House, Ateli\u00ea Bras\u00edlia e Goi\u00e1s Fashion Week.","sameAs":["https:\/\/lackman.com.br\/","https:\/\/www.facebook.com\/fernandolackman","https:\/\/www.instagram.com\/fernandolackman\/","https:\/\/www.linkedin.com\/in\/fernando-lackman\/","https:\/\/br.pinterest.com\/fernandolackman\/","https:\/\/x.com\/fernandolackman"],"url":"https:\/\/lackman.com.br\/index.php\/author\/fernando-lackman\/"}]}},"rttpg_featured_image_url":{"full":["https:\/\/lackman.com.br\/wp-content\/uploads\/2023\/06\/IMG_7238-scaled.jpeg",2560,2278,false],"landscape":["https:\/\/lackman.com.br\/wp-content\/uploads\/2023\/06\/IMG_7238-scaled.jpeg",2560,2278,false],"portraits":["https:\/\/lackman.com.br\/wp-content\/uploads\/2023\/06\/IMG_7238-scaled.jpeg",2560,2278,false],"thumbnail":["https:\/\/lackman.com.br\/wp-content\/uploads\/2023\/06\/IMG_7238-150x150.jpeg",150,150,true],"medium":["https:\/\/lackman.com.br\/wp-content\/uploads\/2023\/06\/IMG_7238-300x267.jpeg",300,267,true],"large":["https:\/\/lackman.com.br\/wp-content\/uploads\/2023\/06\/IMG_7238-1024x911.jpeg",1024,911,true],"RoboGalleryMansoryImagesCenter":["https:\/\/lackman.com.br\/wp-content\/uploads\/2023\/06\/IMG_7238-600x1024.jpeg",600,1024,true],"RoboGalleryPreload":["https:\/\/lackman.com.br\/wp-content\/uploads\/2023\/06\/IMG_7238-scaled.jpeg",100,89,false],"1536x1536":["https:\/\/lackman.com.br\/wp-content\/uploads\/2023\/06\/IMG_7238-1536x1367.jpeg",1536,1367,true],"2048x2048":["https:\/\/lackman.com.br\/wp-content\/uploads\/2023\/06\/IMG_7238-2048x1822.jpeg",2048,1822,true]},"rttpg_author":{"display_name":"Fernando Lackman","author_link":"https:\/\/lackman.com.br\/index.php\/author\/fernando-lackman\/"},"rttpg_comment":0,"rttpg_category":"<a href=\"https:\/\/lackman.com.br\/index.php\/category\/moda\/marcas\/\" rel=\"category tag\">Marcas<\/a> <a href=\"https:\/\/lackman.com.br\/index.php\/category\/moda\/\" rel=\"category tag\">Moda<\/a>","rttpg_excerpt":"Trunk show com as pe\u00e7as da collab marcou a segunda parceria entre as duas labels Convidadas de elite puderam apreciar looks deslumbrantes e bater papos descontra\u00eddos com a estreia da collab Florescer, das marcas Barreto e Marcelo Quadros, em Bras\u00edlia. Tainah Barreto (fundadora e diretora criativa da Barreto) e o estilista Marcelo Quadros brindaram a&hellip;","_links":{"self":[{"href":"https:\/\/lackman.com.br\/index.php\/wp-json\/wp\/v2\/posts\/4465","targetHints":{"allow":["GET"]}}],"collection":[{"href":"https:\/\/lackman.com.br\/index.php\/wp-json\/wp\/v2\/posts"}],"about":[{"href":"https:\/\/lackman.com.br\/index.php\/wp-json\/wp\/v2\/types\/post"}],"author":[{"embeddable":true,"href":"https:\/\/lackman.com.br\/index.php\/wp-json\/wp\/v2\/users\/2"}],"replies":[{"embeddable":true,"href":"https:\/\/lackman.com.br\/index.php\/wp-json\/wp\/v2\/comments?post=4465"}],"version-history":[{"count":7,"href":"https:\/\/lackman.com.br\/index.php\/wp-json\/wp\/v2\/posts\/4465\/revisions"}],"predecessor-version":[{"id":4498,"href":"https:\/\/lackman.com.br\/index.php\/wp-json\/wp\/v2\/posts\/4465\/revisions\/4498"}],"wp:featuredmedia":[{"embeddable":true,"href":"https:\/\/lackman.com.br\/index.php\/wp-json\/wp\/v2\/media\/4485"}],"wp:attachment":[{"href":"https:\/\/lackman.com.br\/index.php\/wp-json\/wp\/v2\/media?parent=4465"}],"wp:term":[{"taxonomy":"category","embeddable":true,"href":"https:\/\/lackman.com.br\/index.php\/wp-json\/wp\/v2\/categories?post=4465"},{"taxonomy":"post_tag","embeddable":true,"href":"https:\/\/lackman.com.br\/index.php\/wp-json\/wp\/v2\/tags?post=4465"}],"curies":[{"name":"wp","href":"https:\/\/api.w.org\/{rel}","templated":true}]}}