{"id":4448,"date":"2023-06-20T01:14:25","date_gmt":"2023-06-20T04:14:25","guid":{"rendered":"https:\/\/lackman.com.br\/?p=4448"},"modified":"2023-06-22T03:50:00","modified_gmt":"2023-06-22T06:50:00","slug":"fraternidade-sem-fronteiras-acolhe-25-mil-refugiados","status":"publish","type":"post","link":"https:\/\/lackman.com.br\/index.php\/2023\/06\/20\/fraternidade-sem-fronteiras-acolhe-25-mil-refugiados\/","title":{"rendered":"Fraternidade sem Fronteiras acolhe 2,5 mil  refugiados"},"content":{"rendered":"<h5><em><strong><span style=\"font-size: 16px; -webkit-text-size-adjust: 100%;\">Estimativa \u00e9 de que 110 milh\u00f5es de pessoas tenham sido for\u00e7adas a deixar fugir de conflitos, viol\u00eancia, viola\u00e7\u00f5es de direitos humanos e persegui\u00e7\u00f5es<\/span><\/strong><\/em><\/h5>\n<p>O dia 20 de junho, \u00e9 marcado o Dia Mundial do Refugiado, a data internacional designada pelas Na\u00e7\u00f5es Unidas \u00e9 para lembrar da exist\u00eancia de milh\u00f5es de pessoas ao redor do mundo que foram obrigadas a abandonar suas casas, muitas vezes seus pa\u00edses para escapar de conflitos, viol\u00eancia, viola\u00e7\u00f5es de direitos humanos ou persegui\u00e7\u00f5es.<\/p>\n<p>A organiza\u00e7\u00e3o humanit\u00e1ria Fraternidade sem Fronteiras (FSF) tem dois projetos que acolhem refugiados e migrantes, sendo um localizado no continente africano: o Na\u00e7\u00e3o Ubuntu, no Malawi, e um outro no extremo norte do Brasil, no estado de Roraima, Brasil, um cora\u00e7\u00e3o que acolhe. Juntos, atualmente, oferecem acolhimento para 2 mil e 500 pessoas em situa\u00e7\u00e3o de vulnerabilidade e promovem mais de 30 atividades cotidianas nos espa\u00e7os.<\/p>\n<p><img fetchpriority=\"high\" decoding=\"async\" class=\"alignnone size-large wp-image-4462\" src=\"http:\/\/lackman.com.br\/wp-content\/uploads\/2023\/06\/2b6fc7ed-c4ce-4b54-b6e3-743a82f05140-1024x576.jpeg\" alt=\"\" width=\"1024\" height=\"576\" srcset=\"https:\/\/lackman.com.br\/wp-content\/uploads\/2023\/06\/2b6fc7ed-c4ce-4b54-b6e3-743a82f05140-1024x576.jpeg 1024w, https:\/\/lackman.com.br\/wp-content\/uploads\/2023\/06\/2b6fc7ed-c4ce-4b54-b6e3-743a82f05140-300x169.jpeg 300w, https:\/\/lackman.com.br\/wp-content\/uploads\/2023\/06\/2b6fc7ed-c4ce-4b54-b6e3-743a82f05140-768x432.jpeg 768w, https:\/\/lackman.com.br\/wp-content\/uploads\/2023\/06\/2b6fc7ed-c4ce-4b54-b6e3-743a82f05140.jpeg 1280w\" sizes=\"(max-width: 1024px) 100vw, 1024px\" \/><\/p>\n<p>O deslocamento for\u00e7ado global n\u00e3o mostrou sinais de desacelera\u00e7\u00e3o em 2023 com a eclos\u00e3o do conflito no Sud\u00e3o, que desencadeou novos fluxos de sa\u00edda, elevando o total global para uma estimativa de 110 milh\u00f5es at\u00e9 maio.<\/p>\n<p>\u201cEsta situa\u00e7\u00e3o de mais de 100 milh\u00f5es de refugiados precisa despertar a nossa humanidade e acolhimento para estes irm\u00e3os que eram como n\u00f3s, tinham casa, trabalho, estabilidade financeira, uma vida normal. Agora, est\u00e3o em situa\u00e7\u00e3o de vulnerabilidade e precisam da nossa fraternidade para recome\u00e7arem\u201d, afirma o fundador-presidente da Fraternidade sem Fronteiras, Wagner Moura Gomes.<\/p>\n<p>No Brasil, o Projeto Brasil, um cora\u00e7\u00e3o que acolhe (BCA) foi criado em outubro de 2017, ap\u00f3s o aumento significativo do fluxo migrat\u00f3rio da Venezuela para o Brasil, via estado de Roraima. Na \u00e9poca, milhares de venezuelanos entravam diariamente no Brasil, legal e ilegalmente, e chegando aqui passaram a viver em situa\u00e7\u00e3o de vulnerabilidade, sem casa e sem comida, nas ruas, principalmente, de Pacaraima e Boa Vista, onde est\u00e3o as frentes de atua\u00e7\u00e3o do BCA. Hoje, o projeto tem quatro frentes de trabalho: Interioriza\u00e7\u00e3o, Sustentabilidade, Meios de Vida e Gest\u00e3o de Centros de Acolhimento. Os dois centros de acolhimento, Jardim Floresta e Pricum\u00e3, abrigam quase 1800 acolhidos. No ano passado, 506 pessoas foram interiorizadas.<\/p>\n<p><span style=\"font-size: 16px; -webkit-text-size-adjust: 100%;\">Mais informa\u00e7\u00f5es podem ser obtidas pelo site <\/span><strong style=\"font-size: 16px; -webkit-text-size-adjust: 100%;\"><a href=\"http:\/\/www.fraternidadesemfronteiras.org.br\/\">fraternidadesemfronteiras.org.br<\/a><\/strong><\/p>\n<hr \/>\n<pre>Foto: Divulga\u00e7\u00e3o<\/pre>\n","protected":false},"excerpt":{"rendered":"<p>Estimativa \u00e9 de que 110 milh\u00f5es de pessoas tenham sido for\u00e7adas a deixar fugir de conflitos, viol\u00eancia, viola\u00e7\u00f5es de direitos humanos e persegui\u00e7\u00f5es O dia 20 de junho, \u00e9 marcado o Dia Mundial do Refugiado, a data internacional designada pelas Na\u00e7\u00f5es Unidas \u00e9 para lembrar da exist\u00eancia de milh\u00f5es de pessoas ao redor do mundo que foram obrigadas a abandonar suas casas, muitas vezes seus pa\u00edses para escapar de conflitos, viol\u00eancia, viola\u00e7\u00f5es de direitos humanos ou persegui\u00e7\u00f5es. A organiza\u00e7\u00e3o humanit\u00e1ria Fraternidade sem Fronteiras (FSF) tem dois projetos que acolhem refugiados e migrantes, sendo um localizado no continente africano: o Na\u00e7\u00e3o Ubuntu, no Malawi, e um outro no extremo norte do Brasil, no estado de Roraima, Brasil, um cora\u00e7\u00e3o que acolhe. Juntos, atualmente, oferecem acolhimento para 2 mil e 500 pessoas em situa\u00e7\u00e3o de vulnerabilidade e promovem mais de 30 atividades cotidianas nos espa\u00e7os. O deslocamento for\u00e7ado global n\u00e3o mostrou sinais de desacelera\u00e7\u00e3o em 2023 com a eclos\u00e3o do conflito no Sud\u00e3o, que desencadeou novos fluxos de sa\u00edda, elevando o total global para uma estimativa de 110 milh\u00f5es at\u00e9 maio. \u201cEsta situa\u00e7\u00e3o de mais de 100 milh\u00f5es de refugiados precisa despertar a nossa humanidade e acolhimento para estes irm\u00e3os que eram como n\u00f3s, tinham casa, trabalho, estabilidade financeira, uma vida normal. Agora, est\u00e3o em situa\u00e7\u00e3o de vulnerabilidade e precisam da nossa fraternidade para recome\u00e7arem\u201d, afirma o fundador-presidente da Fraternidade sem Fronteiras, Wagner Moura Gomes. No Brasil, o Projeto Brasil, um cora\u00e7\u00e3o que acolhe (BCA) foi criado em outubro de 2017, ap\u00f3s o aumento significativo do fluxo migrat\u00f3rio da Venezuela para o Brasil, via estado de Roraima. Na \u00e9poca, milhares de venezuelanos entravam diariamente no Brasil, legal e ilegalmente, e chegando aqui passaram a viver em situa\u00e7\u00e3o de vulnerabilidade, sem casa e sem comida, nas ruas, principalmente, de Pacaraima e Boa Vista, onde est\u00e3o as frentes de atua\u00e7\u00e3o do BCA. Hoje, o projeto tem quatro frentes de trabalho: Interioriza\u00e7\u00e3o, Sustentabilidade, Meios de Vida e Gest\u00e3o de Centros de Acolhimento. Os dois centros de acolhimento, Jardim Floresta e Pricum\u00e3, abrigam quase 1800 acolhidos. No ano passado, 506 pessoas foram interiorizadas. Mais informa\u00e7\u00f5es podem ser obtidas pelo site fraternidadesemfronteiras.org.br Foto: Divulga\u00e7\u00e3o<\/p>\n","protected":false},"author":2,"featured_media":4499,"comment_status":"closed","ping_status":"open","sticky":false,"template":"","format":"standard","meta":{"site-sidebar-layout":"default","site-content-layout":"default","ast-site-content-layout":"default","site-content-style":"default","site-sidebar-style":"default","ast-global-header-display":"","ast-banner-title-visibility":"","ast-main-header-display":"","ast-hfb-above-header-display":"","ast-hfb-below-header-display":"","ast-hfb-mobile-header-display":"","site-post-title":"","ast-breadcrumbs-content":"","ast-featured-img":"","footer-sml-layout":"","ast-disable-related-posts":"","theme-transparent-header-meta":"default","adv-header-id-meta":"","stick-header-meta":"","header-above-stick-meta":"","header-main-stick-meta":"","header-below-stick-meta":"","astra-migrate-meta-layouts":"default","ast-page-background-enabled":"default","ast-page-background-meta":{"desktop":{"background-color":"","background-image":"","background-repeat":"repeat","background-position":"center center","background-size":"auto","background-attachment":"scroll","background-type":"","background-media":"","overlay-type":"","overlay-color":"","overlay-opacity":"","overlay-gradient":""},"tablet":{"background-color":"","background-image":"","background-repeat":"repeat","background-position":"center center","background-size":"auto","background-attachment":"scroll","background-type":"","background-media":"","overlay-type":"","overlay-color":"","overlay-opacity":"","overlay-gradient":""},"mobile":{"background-color":"","background-image":"","background-repeat":"repeat","background-position":"center center","background-size":"auto","background-attachment":"scroll","background-type":"","background-media":"","overlay-type":"","overlay-color":"","overlay-opacity":"","overlay-gradient":""}},"ast-content-background-meta":{"desktop":{"background-color":"var(--ast-global-color-5)","background-image":"","background-repeat":"repeat","background-position":"center center","background-size":"auto","background-attachment":"scroll","background-type":"","background-media":"","overlay-type":"","overlay-color":"","overlay-opacity":"","overlay-gradient":""},"tablet":{"background-color":"var(--ast-global-color-5)","background-image":"","background-repeat":"repeat","background-position":"center center","background-size":"auto","background-attachment":"scroll","background-type":"","background-media":"","overlay-type":"","overlay-color":"","overlay-opacity":"","overlay-gradient":""},"mobile":{"background-color":"var(--ast-global-color-5)","background-image":"","background-repeat":"repeat","background-position":"center center","background-size":"auto","background-attachment":"scroll","background-type":"","background-media":"","overlay-type":"","overlay-color":"","overlay-opacity":"","overlay-gradient":""}},"footnotes":""},"categories":[44],"tags":[],"class_list":["post-4448","post","type-post","status-publish","format-standard","has-post-thumbnail","hentry","category-capital-e-politica"],"yoast_head":"<!-- This site is optimized with the Yoast SEO plugin v27.0 - https:\/\/yoast.com\/product\/yoast-seo-wordpress\/ -->\n<title>Fraternidade sem Fronteiras acolhe 2,5 mil refugiados - LACKMAN &amp; CO.<\/title>\n<meta name=\"robots\" content=\"index, follow, max-snippet:-1, max-image-preview:large, max-video-preview:-1\" \/>\n<link rel=\"canonical\" href=\"https:\/\/lackman.com.br\/index.php\/2023\/06\/20\/fraternidade-sem-fronteiras-acolhe-25-mil-refugiados\/\" \/>\n<meta property=\"og:locale\" content=\"pt_BR\" \/>\n<meta property=\"og:type\" content=\"article\" \/>\n<meta property=\"og:title\" content=\"Fraternidade sem Fronteiras acolhe 2,5 mil refugiados - LACKMAN &amp; CO.\" \/>\n<meta property=\"og:description\" content=\"Estimativa \u00e9 de que 110 milh\u00f5es de pessoas tenham sido for\u00e7adas a deixar fugir de conflitos, viol\u00eancia, viola\u00e7\u00f5es de direitos humanos e persegui\u00e7\u00f5es O dia 20 de junho, \u00e9 marcado o Dia Mundial do Refugiado, a data internacional designada pelas Na\u00e7\u00f5es Unidas \u00e9 para lembrar da exist\u00eancia de milh\u00f5es de pessoas ao redor do mundo que foram obrigadas a abandonar suas casas, muitas vezes seus pa\u00edses para escapar de conflitos, viol\u00eancia, viola\u00e7\u00f5es de direitos humanos ou persegui\u00e7\u00f5es. A organiza\u00e7\u00e3o humanit\u00e1ria Fraternidade sem Fronteiras (FSF) tem dois projetos que acolhem refugiados e migrantes, sendo um localizado no continente africano: o Na\u00e7\u00e3o Ubuntu, no Malawi, e um outro no extremo norte do Brasil, no estado de Roraima, Brasil, um cora\u00e7\u00e3o que acolhe. Juntos, atualmente, oferecem acolhimento para 2 mil e 500 pessoas em situa\u00e7\u00e3o de vulnerabilidade e promovem mais de 30 atividades cotidianas nos espa\u00e7os. O deslocamento for\u00e7ado global n\u00e3o mostrou sinais de desacelera\u00e7\u00e3o em 2023 com a eclos\u00e3o do conflito no Sud\u00e3o, que desencadeou novos fluxos de sa\u00edda, elevando o total global para uma estimativa de 110 milh\u00f5es at\u00e9 maio. \u201cEsta situa\u00e7\u00e3o de mais de 100 milh\u00f5es de refugiados precisa despertar a nossa humanidade e acolhimento para estes irm\u00e3os que eram como n\u00f3s, tinham casa, trabalho, estabilidade financeira, uma vida normal. Agora, est\u00e3o em situa\u00e7\u00e3o de vulnerabilidade e precisam da nossa fraternidade para recome\u00e7arem\u201d, afirma o fundador-presidente da Fraternidade sem Fronteiras, Wagner Moura Gomes. No Brasil, o Projeto Brasil, um cora\u00e7\u00e3o que acolhe (BCA) foi criado em outubro de 2017, ap\u00f3s o aumento significativo do fluxo migrat\u00f3rio da Venezuela para o Brasil, via estado de Roraima. Na \u00e9poca, milhares de venezuelanos entravam diariamente no Brasil, legal e ilegalmente, e chegando aqui passaram a viver em situa\u00e7\u00e3o de vulnerabilidade, sem casa e sem comida, nas ruas, principalmente, de Pacaraima e Boa Vista, onde est\u00e3o as frentes de atua\u00e7\u00e3o do BCA. Hoje, o projeto tem quatro frentes de trabalho: Interioriza\u00e7\u00e3o, Sustentabilidade, Meios de Vida e Gest\u00e3o de Centros de Acolhimento. Os dois centros de acolhimento, Jardim Floresta e Pricum\u00e3, abrigam quase 1800 acolhidos. No ano passado, 506 pessoas foram interiorizadas. Mais informa\u00e7\u00f5es podem ser obtidas pelo site fraternidadesemfronteiras.org.br Foto: Divulga\u00e7\u00e3o\" \/>\n<meta property=\"og:url\" content=\"https:\/\/lackman.com.br\/index.php\/2023\/06\/20\/fraternidade-sem-fronteiras-acolhe-25-mil-refugiados\/\" \/>\n<meta property=\"og:site_name\" content=\"LACKMAN &amp; CO.\" \/>\n<meta property=\"article:author\" content=\"https:\/\/www.facebook.com\/fernandolackman\" \/>\n<meta property=\"article:published_time\" content=\"2023-06-20T04:14:25+00:00\" \/>\n<meta property=\"article:modified_time\" content=\"2023-06-22T06:50:00+00:00\" \/>\n<meta property=\"og:image\" content=\"http:\/\/lackman.com.br\/wp-content\/uploads\/2023\/06\/agua-na-africa.jpeg\" \/>\n\t<meta property=\"og:image:width\" content=\"1280\" \/>\n\t<meta property=\"og:image:height\" content=\"1280\" \/>\n\t<meta property=\"og:image:type\" content=\"image\/jpeg\" \/>\n<meta name=\"author\" content=\"Fernando Lackman\" \/>\n<meta name=\"twitter:card\" content=\"summary_large_image\" \/>\n<meta name=\"twitter:creator\" content=\"@fernandolackman\" \/>\n<meta name=\"twitter:label1\" content=\"Escrito por\" \/>\n\t<meta name=\"twitter:data1\" content=\"Fernando Lackman\" \/>\n\t<meta name=\"twitter:label2\" content=\"Est. tempo de leitura\" \/>\n\t<meta name=\"twitter:data2\" content=\"3 minutos\" \/>\n<script type=\"application\/ld+json\" class=\"yoast-schema-graph\">{\"@context\":\"https:\/\/schema.org\",\"@graph\":[{\"@type\":\"Article\",\"@id\":\"https:\/\/lackman.com.br\/index.php\/2023\/06\/20\/fraternidade-sem-fronteiras-acolhe-25-mil-refugiados\/#article\",\"isPartOf\":{\"@id\":\"https:\/\/lackman.com.br\/index.php\/2023\/06\/20\/fraternidade-sem-fronteiras-acolhe-25-mil-refugiados\/\"},\"author\":{\"name\":\"Fernando Lackman\",\"@id\":\"https:\/\/lackman.com.br\/#\/schema\/person\/dbfb3fbfc55f2b0bd4f9039696e70858\"},\"headline\":\"Fraternidade sem Fronteiras acolhe 2,5 mil refugiados\",\"datePublished\":\"2023-06-20T04:14:25+00:00\",\"dateModified\":\"2023-06-22T06:50:00+00:00\",\"mainEntityOfPage\":{\"@id\":\"https:\/\/lackman.com.br\/index.php\/2023\/06\/20\/fraternidade-sem-fronteiras-acolhe-25-mil-refugiados\/\"},\"wordCount\":390,\"publisher\":{\"@id\":\"https:\/\/lackman.com.br\/#organization\"},\"image\":{\"@id\":\"https:\/\/lackman.com.br\/index.php\/2023\/06\/20\/fraternidade-sem-fronteiras-acolhe-25-mil-refugiados\/#primaryimage\"},\"thumbnailUrl\":\"https:\/\/lackman.com.br\/wp-content\/uploads\/2023\/06\/agua-na-africa.jpeg\",\"articleSection\":[\"Capital &amp; Pol\u00edtica\"],\"inLanguage\":\"pt-BR\"},{\"@type\":\"WebPage\",\"@id\":\"https:\/\/lackman.com.br\/index.php\/2023\/06\/20\/fraternidade-sem-fronteiras-acolhe-25-mil-refugiados\/\",\"url\":\"https:\/\/lackman.com.br\/index.php\/2023\/06\/20\/fraternidade-sem-fronteiras-acolhe-25-mil-refugiados\/\",\"name\":\"Fraternidade sem Fronteiras acolhe 2,5 mil refugiados - LACKMAN &amp; CO.\",\"isPartOf\":{\"@id\":\"https:\/\/lackman.com.br\/#website\"},\"primaryImageOfPage\":{\"@id\":\"https:\/\/lackman.com.br\/index.php\/2023\/06\/20\/fraternidade-sem-fronteiras-acolhe-25-mil-refugiados\/#primaryimage\"},\"image\":{\"@id\":\"https:\/\/lackman.com.br\/index.php\/2023\/06\/20\/fraternidade-sem-fronteiras-acolhe-25-mil-refugiados\/#primaryimage\"},\"thumbnailUrl\":\"https:\/\/lackman.com.br\/wp-content\/uploads\/2023\/06\/agua-na-africa.jpeg\",\"datePublished\":\"2023-06-20T04:14:25+00:00\",\"dateModified\":\"2023-06-22T06:50:00+00:00\",\"breadcrumb\":{\"@id\":\"https:\/\/lackman.com.br\/index.php\/2023\/06\/20\/fraternidade-sem-fronteiras-acolhe-25-mil-refugiados\/#breadcrumb\"},\"inLanguage\":\"pt-BR\",\"potentialAction\":[{\"@type\":\"ReadAction\",\"target\":[\"https:\/\/lackman.com.br\/index.php\/2023\/06\/20\/fraternidade-sem-fronteiras-acolhe-25-mil-refugiados\/\"]}]},{\"@type\":\"ImageObject\",\"inLanguage\":\"pt-BR\",\"@id\":\"https:\/\/lackman.com.br\/index.php\/2023\/06\/20\/fraternidade-sem-fronteiras-acolhe-25-mil-refugiados\/#primaryimage\",\"url\":\"https:\/\/lackman.com.br\/wp-content\/uploads\/2023\/06\/agua-na-africa.jpeg\",\"contentUrl\":\"https:\/\/lackman.com.br\/wp-content\/uploads\/2023\/06\/agua-na-africa.jpeg\",\"width\":1280,\"height\":1280},{\"@type\":\"BreadcrumbList\",\"@id\":\"https:\/\/lackman.com.br\/index.php\/2023\/06\/20\/fraternidade-sem-fronteiras-acolhe-25-mil-refugiados\/#breadcrumb\",\"itemListElement\":[{\"@type\":\"ListItem\",\"position\":1,\"name\":\"In\u00edcio\",\"item\":\"https:\/\/lackman.com.br\/\"},{\"@type\":\"ListItem\",\"position\":2,\"name\":\"Fraternidade sem Fronteiras acolhe 2,5 mil refugiados\"}]},{\"@type\":\"WebSite\",\"@id\":\"https:\/\/lackman.com.br\/#website\",\"url\":\"https:\/\/lackman.com.br\/\",\"name\":\"LACKMAN &amp; CO.\",\"description\":\"VIDA | MODA | ARTE\",\"publisher\":{\"@id\":\"https:\/\/lackman.com.br\/#organization\"},\"potentialAction\":[{\"@type\":\"SearchAction\",\"target\":{\"@type\":\"EntryPoint\",\"urlTemplate\":\"https:\/\/lackman.com.br\/?s={search_term_string}\"},\"query-input\":{\"@type\":\"PropertyValueSpecification\",\"valueRequired\":true,\"valueName\":\"search_term_string\"}}],\"inLanguage\":\"pt-BR\"},{\"@type\":\"Organization\",\"@id\":\"https:\/\/lackman.com.br\/#organization\",\"name\":\"LACKMAN &amp; CO.\",\"url\":\"https:\/\/lackman.com.br\/\",\"logo\":{\"@type\":\"ImageObject\",\"inLanguage\":\"pt-BR\",\"@id\":\"https:\/\/lackman.com.br\/#\/schema\/logo\/image\/\",\"url\":\"https:\/\/lackman.com.br\/wp-content\/uploads\/2023\/06\/Logotipo_preto-1.png\",\"contentUrl\":\"https:\/\/lackman.com.br\/wp-content\/uploads\/2023\/06\/Logotipo_preto-1.png\",\"width\":739,\"height\":393,\"caption\":\"LACKMAN &amp; CO.\"},\"image\":{\"@id\":\"https:\/\/lackman.com.br\/#\/schema\/logo\/image\/\"}},{\"@type\":\"Person\",\"@id\":\"https:\/\/lackman.com.br\/#\/schema\/person\/dbfb3fbfc55f2b0bd4f9039696e70858\",\"name\":\"Fernando Lackman\",\"image\":{\"@type\":\"ImageObject\",\"inLanguage\":\"pt-BR\",\"@id\":\"https:\/\/lackman.com.br\/#\/schema\/person\/image\/\",\"url\":\"https:\/\/secure.gravatar.com\/avatar\/ae7993150af197e66480c8a769891833dd2b8d809f0d9ff3f25af796cf378ce8?s=96&d=mm&r=g\",\"contentUrl\":\"https:\/\/secure.gravatar.com\/avatar\/ae7993150af197e66480c8a769891833dd2b8d809f0d9ff3f25af796cf378ce8?s=96&d=mm&r=g\",\"caption\":\"Fernando Lackman\"},\"description\":\"Fernando Lackman \u00e9 jornalista especializado em Moda e Cultura, editor do site LACKMAN.com.br. \u00c9 autor do livro Bras\u00edlia Capital dos Criadores, que conta a hist\u00f3ria da moda no Distrito Federal. Tem em seu curr\u00edculo assinatura de dire\u00e7\u00e3o criativa e de desfiles em eventos como Estilo DF Plaza, Summer Collections, JK Street Fashion, Desfile Beleza Negra (DBN), PicniK Fashion Show, Vogue Fashion\u2019s Night Out Bras\u00edlia, entre outros. Foi diretor criativo do extinto Capital Fashion Week. Atualmente trabalha na dire\u00e7\u00e3o criativa de eventos como Top CUFA, BSB Fashion Street, Bras\u00edlia Fashion House, Ateli\u00ea Bras\u00edlia e Goi\u00e1s Fashion Week.\",\"sameAs\":[\"https:\/\/lackman.com.br\/\",\"https:\/\/www.facebook.com\/fernandolackman\",\"https:\/\/www.instagram.com\/fernandolackman\/\",\"https:\/\/www.linkedin.com\/in\/fernando-lackman\/\",\"https:\/\/br.pinterest.com\/fernandolackman\/\",\"https:\/\/x.com\/fernandolackman\"],\"url\":\"https:\/\/lackman.com.br\/index.php\/author\/fernando-lackman\/\"}]}<\/script>\n<!-- \/ Yoast SEO plugin. -->","yoast_head_json":{"title":"Fraternidade sem Fronteiras acolhe 2,5 mil refugiados - LACKMAN &amp; CO.","robots":{"index":"index","follow":"follow","max-snippet":"max-snippet:-1","max-image-preview":"max-image-preview:large","max-video-preview":"max-video-preview:-1"},"canonical":"https:\/\/lackman.com.br\/index.php\/2023\/06\/20\/fraternidade-sem-fronteiras-acolhe-25-mil-refugiados\/","og_locale":"pt_BR","og_type":"article","og_title":"Fraternidade sem Fronteiras acolhe 2,5 mil refugiados - LACKMAN &amp; CO.","og_description":"Estimativa \u00e9 de que 110 milh\u00f5es de pessoas tenham sido for\u00e7adas a deixar fugir de conflitos, viol\u00eancia, viola\u00e7\u00f5es de direitos humanos e persegui\u00e7\u00f5es O dia 20 de junho, \u00e9 marcado o Dia Mundial do Refugiado, a data internacional designada pelas Na\u00e7\u00f5es Unidas \u00e9 para lembrar da exist\u00eancia de milh\u00f5es de pessoas ao redor do mundo que foram obrigadas a abandonar suas casas, muitas vezes seus pa\u00edses para escapar de conflitos, viol\u00eancia, viola\u00e7\u00f5es de direitos humanos ou persegui\u00e7\u00f5es. A organiza\u00e7\u00e3o humanit\u00e1ria Fraternidade sem Fronteiras (FSF) tem dois projetos que acolhem refugiados e migrantes, sendo um localizado no continente africano: o Na\u00e7\u00e3o Ubuntu, no Malawi, e um outro no extremo norte do Brasil, no estado de Roraima, Brasil, um cora\u00e7\u00e3o que acolhe. Juntos, atualmente, oferecem acolhimento para 2 mil e 500 pessoas em situa\u00e7\u00e3o de vulnerabilidade e promovem mais de 30 atividades cotidianas nos espa\u00e7os. O deslocamento for\u00e7ado global n\u00e3o mostrou sinais de desacelera\u00e7\u00e3o em 2023 com a eclos\u00e3o do conflito no Sud\u00e3o, que desencadeou novos fluxos de sa\u00edda, elevando o total global para uma estimativa de 110 milh\u00f5es at\u00e9 maio. \u201cEsta situa\u00e7\u00e3o de mais de 100 milh\u00f5es de refugiados precisa despertar a nossa humanidade e acolhimento para estes irm\u00e3os que eram como n\u00f3s, tinham casa, trabalho, estabilidade financeira, uma vida normal. Agora, est\u00e3o em situa\u00e7\u00e3o de vulnerabilidade e precisam da nossa fraternidade para recome\u00e7arem\u201d, afirma o fundador-presidente da Fraternidade sem Fronteiras, Wagner Moura Gomes. No Brasil, o Projeto Brasil, um cora\u00e7\u00e3o que acolhe (BCA) foi criado em outubro de 2017, ap\u00f3s o aumento significativo do fluxo migrat\u00f3rio da Venezuela para o Brasil, via estado de Roraima. Na \u00e9poca, milhares de venezuelanos entravam diariamente no Brasil, legal e ilegalmente, e chegando aqui passaram a viver em situa\u00e7\u00e3o de vulnerabilidade, sem casa e sem comida, nas ruas, principalmente, de Pacaraima e Boa Vista, onde est\u00e3o as frentes de atua\u00e7\u00e3o do BCA. Hoje, o projeto tem quatro frentes de trabalho: Interioriza\u00e7\u00e3o, Sustentabilidade, Meios de Vida e Gest\u00e3o de Centros de Acolhimento. Os dois centros de acolhimento, Jardim Floresta e Pricum\u00e3, abrigam quase 1800 acolhidos. No ano passado, 506 pessoas foram interiorizadas. Mais informa\u00e7\u00f5es podem ser obtidas pelo site fraternidadesemfronteiras.org.br Foto: Divulga\u00e7\u00e3o","og_url":"https:\/\/lackman.com.br\/index.php\/2023\/06\/20\/fraternidade-sem-fronteiras-acolhe-25-mil-refugiados\/","og_site_name":"LACKMAN &amp; CO.","article_author":"https:\/\/www.facebook.com\/fernandolackman","article_published_time":"2023-06-20T04:14:25+00:00","article_modified_time":"2023-06-22T06:50:00+00:00","og_image":[{"width":1280,"height":1280,"url":"http:\/\/lackman.com.br\/wp-content\/uploads\/2023\/06\/agua-na-africa.jpeg","type":"image\/jpeg"}],"author":"Fernando Lackman","twitter_card":"summary_large_image","twitter_creator":"@fernandolackman","twitter_misc":{"Escrito por":"Fernando Lackman","Est. tempo de leitura":"3 minutos"},"schema":{"@context":"https:\/\/schema.org","@graph":[{"@type":"Article","@id":"https:\/\/lackman.com.br\/index.php\/2023\/06\/20\/fraternidade-sem-fronteiras-acolhe-25-mil-refugiados\/#article","isPartOf":{"@id":"https:\/\/lackman.com.br\/index.php\/2023\/06\/20\/fraternidade-sem-fronteiras-acolhe-25-mil-refugiados\/"},"author":{"name":"Fernando Lackman","@id":"https:\/\/lackman.com.br\/#\/schema\/person\/dbfb3fbfc55f2b0bd4f9039696e70858"},"headline":"Fraternidade sem Fronteiras acolhe 2,5 mil refugiados","datePublished":"2023-06-20T04:14:25+00:00","dateModified":"2023-06-22T06:50:00+00:00","mainEntityOfPage":{"@id":"https:\/\/lackman.com.br\/index.php\/2023\/06\/20\/fraternidade-sem-fronteiras-acolhe-25-mil-refugiados\/"},"wordCount":390,"publisher":{"@id":"https:\/\/lackman.com.br\/#organization"},"image":{"@id":"https:\/\/lackman.com.br\/index.php\/2023\/06\/20\/fraternidade-sem-fronteiras-acolhe-25-mil-refugiados\/#primaryimage"},"thumbnailUrl":"https:\/\/lackman.com.br\/wp-content\/uploads\/2023\/06\/agua-na-africa.jpeg","articleSection":["Capital &amp; Pol\u00edtica"],"inLanguage":"pt-BR"},{"@type":"WebPage","@id":"https:\/\/lackman.com.br\/index.php\/2023\/06\/20\/fraternidade-sem-fronteiras-acolhe-25-mil-refugiados\/","url":"https:\/\/lackman.com.br\/index.php\/2023\/06\/20\/fraternidade-sem-fronteiras-acolhe-25-mil-refugiados\/","name":"Fraternidade sem Fronteiras acolhe 2,5 mil refugiados - LACKMAN &amp; CO.","isPartOf":{"@id":"https:\/\/lackman.com.br\/#website"},"primaryImageOfPage":{"@id":"https:\/\/lackman.com.br\/index.php\/2023\/06\/20\/fraternidade-sem-fronteiras-acolhe-25-mil-refugiados\/#primaryimage"},"image":{"@id":"https:\/\/lackman.com.br\/index.php\/2023\/06\/20\/fraternidade-sem-fronteiras-acolhe-25-mil-refugiados\/#primaryimage"},"thumbnailUrl":"https:\/\/lackman.com.br\/wp-content\/uploads\/2023\/06\/agua-na-africa.jpeg","datePublished":"2023-06-20T04:14:25+00:00","dateModified":"2023-06-22T06:50:00+00:00","breadcrumb":{"@id":"https:\/\/lackman.com.br\/index.php\/2023\/06\/20\/fraternidade-sem-fronteiras-acolhe-25-mil-refugiados\/#breadcrumb"},"inLanguage":"pt-BR","potentialAction":[{"@type":"ReadAction","target":["https:\/\/lackman.com.br\/index.php\/2023\/06\/20\/fraternidade-sem-fronteiras-acolhe-25-mil-refugiados\/"]}]},{"@type":"ImageObject","inLanguage":"pt-BR","@id":"https:\/\/lackman.com.br\/index.php\/2023\/06\/20\/fraternidade-sem-fronteiras-acolhe-25-mil-refugiados\/#primaryimage","url":"https:\/\/lackman.com.br\/wp-content\/uploads\/2023\/06\/agua-na-africa.jpeg","contentUrl":"https:\/\/lackman.com.br\/wp-content\/uploads\/2023\/06\/agua-na-africa.jpeg","width":1280,"height":1280},{"@type":"BreadcrumbList","@id":"https:\/\/lackman.com.br\/index.php\/2023\/06\/20\/fraternidade-sem-fronteiras-acolhe-25-mil-refugiados\/#breadcrumb","itemListElement":[{"@type":"ListItem","position":1,"name":"In\u00edcio","item":"https:\/\/lackman.com.br\/"},{"@type":"ListItem","position":2,"name":"Fraternidade sem Fronteiras acolhe 2,5 mil refugiados"}]},{"@type":"WebSite","@id":"https:\/\/lackman.com.br\/#website","url":"https:\/\/lackman.com.br\/","name":"LACKMAN &amp; CO.","description":"VIDA | MODA | ARTE","publisher":{"@id":"https:\/\/lackman.com.br\/#organization"},"potentialAction":[{"@type":"SearchAction","target":{"@type":"EntryPoint","urlTemplate":"https:\/\/lackman.com.br\/?s={search_term_string}"},"query-input":{"@type":"PropertyValueSpecification","valueRequired":true,"valueName":"search_term_string"}}],"inLanguage":"pt-BR"},{"@type":"Organization","@id":"https:\/\/lackman.com.br\/#organization","name":"LACKMAN &amp; CO.","url":"https:\/\/lackman.com.br\/","logo":{"@type":"ImageObject","inLanguage":"pt-BR","@id":"https:\/\/lackman.com.br\/#\/schema\/logo\/image\/","url":"https:\/\/lackman.com.br\/wp-content\/uploads\/2023\/06\/Logotipo_preto-1.png","contentUrl":"https:\/\/lackman.com.br\/wp-content\/uploads\/2023\/06\/Logotipo_preto-1.png","width":739,"height":393,"caption":"LACKMAN &amp; CO."},"image":{"@id":"https:\/\/lackman.com.br\/#\/schema\/logo\/image\/"}},{"@type":"Person","@id":"https:\/\/lackman.com.br\/#\/schema\/person\/dbfb3fbfc55f2b0bd4f9039696e70858","name":"Fernando Lackman","image":{"@type":"ImageObject","inLanguage":"pt-BR","@id":"https:\/\/lackman.com.br\/#\/schema\/person\/image\/","url":"https:\/\/secure.gravatar.com\/avatar\/ae7993150af197e66480c8a769891833dd2b8d809f0d9ff3f25af796cf378ce8?s=96&d=mm&r=g","contentUrl":"https:\/\/secure.gravatar.com\/avatar\/ae7993150af197e66480c8a769891833dd2b8d809f0d9ff3f25af796cf378ce8?s=96&d=mm&r=g","caption":"Fernando Lackman"},"description":"Fernando Lackman \u00e9 jornalista especializado em Moda e Cultura, editor do site LACKMAN.com.br. \u00c9 autor do livro Bras\u00edlia Capital dos Criadores, que conta a hist\u00f3ria da moda no Distrito Federal. Tem em seu curr\u00edculo assinatura de dire\u00e7\u00e3o criativa e de desfiles em eventos como Estilo DF Plaza, Summer Collections, JK Street Fashion, Desfile Beleza Negra (DBN), PicniK Fashion Show, Vogue Fashion\u2019s Night Out Bras\u00edlia, entre outros. Foi diretor criativo do extinto Capital Fashion Week. Atualmente trabalha na dire\u00e7\u00e3o criativa de eventos como Top CUFA, BSB Fashion Street, Bras\u00edlia Fashion House, Ateli\u00ea Bras\u00edlia e Goi\u00e1s Fashion Week.","sameAs":["https:\/\/lackman.com.br\/","https:\/\/www.facebook.com\/fernandolackman","https:\/\/www.instagram.com\/fernandolackman\/","https:\/\/www.linkedin.com\/in\/fernando-lackman\/","https:\/\/br.pinterest.com\/fernandolackman\/","https:\/\/x.com\/fernandolackman"],"url":"https:\/\/lackman.com.br\/index.php\/author\/fernando-lackman\/"}]}},"rttpg_featured_image_url":{"full":["https:\/\/lackman.com.br\/wp-content\/uploads\/2023\/06\/agua-na-africa.jpeg",1280,1280,false],"landscape":["https:\/\/lackman.com.br\/wp-content\/uploads\/2023\/06\/agua-na-africa.jpeg",1280,1280,false],"portraits":["https:\/\/lackman.com.br\/wp-content\/uploads\/2023\/06\/agua-na-africa.jpeg",1280,1280,false],"thumbnail":["https:\/\/lackman.com.br\/wp-content\/uploads\/2023\/06\/agua-na-africa-150x150.jpeg",150,150,true],"medium":["https:\/\/lackman.com.br\/wp-content\/uploads\/2023\/06\/agua-na-africa-300x300.jpeg",300,300,true],"large":["https:\/\/lackman.com.br\/wp-content\/uploads\/2023\/06\/agua-na-africa-1024x1024.jpeg",1024,1024,true],"RoboGalleryMansoryImagesCenter":["https:\/\/lackman.com.br\/wp-content\/uploads\/2023\/06\/agua-na-africa-600x1024.jpeg",600,1024,true],"RoboGalleryPreload":["https:\/\/lackman.com.br\/wp-content\/uploads\/2023\/06\/agua-na-africa.jpeg",100,100,false],"1536x1536":["https:\/\/lackman.com.br\/wp-content\/uploads\/2023\/06\/agua-na-africa.jpeg",1280,1280,false],"2048x2048":["https:\/\/lackman.com.br\/wp-content\/uploads\/2023\/06\/agua-na-africa.jpeg",1280,1280,false]},"rttpg_author":{"display_name":"Fernando Lackman","author_link":"https:\/\/lackman.com.br\/index.php\/author\/fernando-lackman\/"},"rttpg_comment":0,"rttpg_category":"<a href=\"https:\/\/lackman.com.br\/index.php\/category\/vida\/capital-e-politica\/\" rel=\"category tag\">Capital &amp; Pol\u00edtica<\/a>","rttpg_excerpt":"Estimativa \u00e9 de que 110 milh\u00f5es de pessoas tenham sido for\u00e7adas a deixar fugir de conflitos, viol\u00eancia, viola\u00e7\u00f5es de direitos humanos e persegui\u00e7\u00f5es O dia 20 de junho, \u00e9 marcado o Dia Mundial do Refugiado, a data internacional designada pelas Na\u00e7\u00f5es Unidas \u00e9 para lembrar da exist\u00eancia de milh\u00f5es de pessoas ao redor do mundo&hellip;","_links":{"self":[{"href":"https:\/\/lackman.com.br\/index.php\/wp-json\/wp\/v2\/posts\/4448","targetHints":{"allow":["GET"]}}],"collection":[{"href":"https:\/\/lackman.com.br\/index.php\/wp-json\/wp\/v2\/posts"}],"about":[{"href":"https:\/\/lackman.com.br\/index.php\/wp-json\/wp\/v2\/types\/post"}],"author":[{"embeddable":true,"href":"https:\/\/lackman.com.br\/index.php\/wp-json\/wp\/v2\/users\/2"}],"replies":[{"embeddable":true,"href":"https:\/\/lackman.com.br\/index.php\/wp-json\/wp\/v2\/comments?post=4448"}],"version-history":[{"count":1,"href":"https:\/\/lackman.com.br\/index.php\/wp-json\/wp\/v2\/posts\/4448\/revisions"}],"predecessor-version":[{"id":4464,"href":"https:\/\/lackman.com.br\/index.php\/wp-json\/wp\/v2\/posts\/4448\/revisions\/4464"}],"wp:featuredmedia":[{"embeddable":true,"href":"https:\/\/lackman.com.br\/index.php\/wp-json\/wp\/v2\/media\/4499"}],"wp:attachment":[{"href":"https:\/\/lackman.com.br\/index.php\/wp-json\/wp\/v2\/media?parent=4448"}],"wp:term":[{"taxonomy":"category","embeddable":true,"href":"https:\/\/lackman.com.br\/index.php\/wp-json\/wp\/v2\/categories?post=4448"},{"taxonomy":"post_tag","embeddable":true,"href":"https:\/\/lackman.com.br\/index.php\/wp-json\/wp\/v2\/tags?post=4448"}],"curies":[{"name":"wp","href":"https:\/\/api.w.org\/{rel}","templated":true}]}}