{"id":4376,"date":"2023-06-02T12:11:49","date_gmt":"2023-06-02T15:11:49","guid":{"rendered":"https:\/\/lackman.com.br\/?p=4376"},"modified":"2023-06-03T11:08:06","modified_gmt":"2023-06-03T14:08:06","slug":"anarrie-confira-4-dicas-de-festas-juninas-pelo","status":"publish","type":"post","link":"https:\/\/lackman.com.br\/index.php\/2023\/06\/02\/anarrie-confira-4-dicas-de-festas-juninas-pelo\/","title":{"rendered":"Anarri\u00ea! Confira 4 dicas de festas juninas pelo DF"},"content":{"rendered":"<h5 style=\"text-align: justify;\"><em><strong>Em meio a tantas op\u00e7\u00f5es, veja quais s\u00e3o as escolhas para sair PERAMBULANDO de xadrez, cal\u00e7a jeans e muito apetite com Gilberto Evangelista<\/strong><\/em><\/h5>\n<p style=\"text-align: justify;\">\u00c9 isso mesmo, maio n\u00e3o tinha nem chegado ao fim e as festas \u201cjuninas\u201d j\u00e1 estavam pipocando Distrito Federal afora. Por\u00e9m, com o d\u00e9but do m\u00eas oficial que ostenta datas comemorativas dedicadas a Santo Ant\u00f4nio (13), S\u00e3o Jo\u00e3o (24) e S\u00e3o Pedro (29), partiu canjica, pipoca, bolos, quent\u00e3o, churrasquinho, curau, batidas, galinhada, ma\u00e7\u00e3 do amor, amendoim torrado, cerveja geladinha e muito mais. Afinal, sempre tem um show da hora para dan\u00e7ar agarradinho, al\u00e9m das atra\u00e7\u00f5es infantis para a garotada.<\/p>\n<p style=\"text-align: justify;\"><img fetchpriority=\"high\" decoding=\"async\" class=\"alignnone wp-image-4382 size-full\" src=\"http:\/\/lackman.com.br\/wp-content\/uploads\/2023\/06\/Pamonha-Divulgacao-scaled-e1685717786485.jpg\" alt=\"\" width=\"1707\" height=\"1523\" srcset=\"https:\/\/lackman.com.br\/wp-content\/uploads\/2023\/06\/Pamonha-Divulgacao-scaled-e1685717786485.jpg 1707w, https:\/\/lackman.com.br\/wp-content\/uploads\/2023\/06\/Pamonha-Divulgacao-scaled-e1685717786485-300x268.jpg 300w, https:\/\/lackman.com.br\/wp-content\/uploads\/2023\/06\/Pamonha-Divulgacao-scaled-e1685717786485-1024x914.jpg 1024w, https:\/\/lackman.com.br\/wp-content\/uploads\/2023\/06\/Pamonha-Divulgacao-scaled-e1685717786485-768x685.jpg 768w, https:\/\/lackman.com.br\/wp-content\/uploads\/2023\/06\/Pamonha-Divulgacao-scaled-e1685717786485-1536x1370.jpg 1536w\" sizes=\"(max-width: 1707px) 100vw, 1707px\" \/><\/p>\n<p style=\"text-align: justify;\">Ta\u00ed a festa junina do Iate Clube, que come\u00e7ou nesta quinta-feira (01) e vai at\u00e9 s\u00e1bado (03) trazendo uma minicidade cenogr\u00e1fica com esta\u00e7\u00e3o de trem e uma vila que re\u00fane 24 barracas de comidas t\u00edpicas, al\u00e9m das del\u00edcias especiais servidas por Parrilla Madrid, Pedacinho Pizzas, Miqu\u00e9ias Fast Food, Churros do Tio, Koni Store, Sweet Cake e Raclete Swiss Gourmet. Na programa\u00e7\u00e3o, Adriana Samartini, Lucas e B\u00e1rbara e Trio Balan\u00e7ado est\u00e3o entre as atra\u00e7\u00f5es confirmadas do evento. Hor\u00e1rio, pre\u00e7o e outros detalhes das festas est\u00e3o no servi\u00e7o no final desse texto.<\/p>\n<p style=\"text-align: justify;\"><img decoding=\"async\" class=\"alignnone size-large wp-image-4377\" src=\"http:\/\/lackman.com.br\/wp-content\/uploads\/2023\/06\/Iate-Clube-1024x683.jpg\" alt=\"\" width=\"1024\" height=\"683\" srcset=\"https:\/\/lackman.com.br\/wp-content\/uploads\/2023\/06\/Iate-Clube-1024x683.jpg 1024w, https:\/\/lackman.com.br\/wp-content\/uploads\/2023\/06\/Iate-Clube-300x200.jpg 300w, https:\/\/lackman.com.br\/wp-content\/uploads\/2023\/06\/Iate-Clube-768x512.jpg 768w, https:\/\/lackman.com.br\/wp-content\/uploads\/2023\/06\/Iate-Clube-1536x1024.jpg 1536w, https:\/\/lackman.com.br\/wp-content\/uploads\/2023\/06\/Iate-Clube.jpg 2048w\" sizes=\"(max-width: 1024px) 100vw, 1024px\" \/><\/p>\n<p style=\"text-align: justify;\">Mas antes de ir l\u00e1 curi\u00e1, fique sabendo que \u00e9 neste s\u00e1bado (3) tem in\u00edcio o Quintal da Dona Gra\u00e7a. Isso mesmo, aquela festa l\u00e1 no Park Way, que s\u00f3 quem foi sabe o tanto que \u00e9 boa. Primeiro porque a decora\u00e7\u00e3o \u00e9 surpreendente, uma experi\u00eancia \u00fanica; segundo pelo enorme e variado buffet \u201csirva-se \u00e0 vontade\u201d que o ingresso d\u00e1 direito (bebidas \u00e0 parte); e terceiro, pelas atra\u00e7\u00f5es para adultos e crian\u00e7as. T\u00e1 duvidando? Pergunta para quem j\u00e1 foi ou fu\u00e7a o Instagram deles e tire suas conclus\u00f5es, que tamb\u00e9m podem ser tiradas in loco at\u00e9 o dia 13 de agosto.<\/p>\n<p style=\"text-align: justify;\"><img decoding=\"async\" class=\"alignnone size-large wp-image-4381\" src=\"http:\/\/lackman.com.br\/wp-content\/uploads\/2023\/06\/Graca-Yoda-Divulgacao-1024x576.jpg\" alt=\"\" width=\"1024\" height=\"576\" srcset=\"https:\/\/lackman.com.br\/wp-content\/uploads\/2023\/06\/Graca-Yoda-Divulgacao-1024x576.jpg 1024w, https:\/\/lackman.com.br\/wp-content\/uploads\/2023\/06\/Graca-Yoda-Divulgacao-300x169.jpg 300w, https:\/\/lackman.com.br\/wp-content\/uploads\/2023\/06\/Graca-Yoda-Divulgacao-768x432.jpg 768w, https:\/\/lackman.com.br\/wp-content\/uploads\/2023\/06\/Graca-Yoda-Divulgacao.jpg 1500w\" sizes=\"(max-width: 1024px) 100vw, 1024px\" \/><\/p>\n<p style=\"text-align: justify;\">E se voc\u00ea pensa que o Casapark \u00e9 apenas um shopping de design para ir fazer compras para deixar sua casa completa, est\u00e1 muito enganado. O centro comercial se esmera em oferecer experi\u00eancias para seus clientes, e o Arraial que eles est\u00e3o programando para o pr\u00f3ximo dia 17 promete. Isso mesmo, t\u00e1 longe, mas \u00e9 um Save The Date, para ningu\u00e9m perder o <strong>show\u00a0da dupla sertaneja Lucas Viana e Barbara<\/strong>, nem a\u00a0<strong>apresenta\u00e7\u00e3o da quadrilha Formiga<\/strong>, al\u00e9m das comidas t\u00edpicas, bar, \u00e1rea para crian\u00e7as com brinquedos infl\u00e1veis, pescaria e muita divers\u00e3o. Agasalhos e alimentos n\u00e3o perec\u00edveis ser\u00e3o doados \u00e0 ONG Formiguinhas da Alegria e dar\u00e3o direito \u00e0 meia-entrada.<\/p>\n<p style=\"text-align: justify;\"><img loading=\"lazy\" decoding=\"async\" class=\"alignnone size-large wp-image-4379\" src=\"http:\/\/lackman.com.br\/wp-content\/uploads\/2023\/06\/Lucas-e-Barbara--1024x684.jpg\" alt=\"\" width=\"1024\" height=\"684\" srcset=\"https:\/\/lackman.com.br\/wp-content\/uploads\/2023\/06\/Lucas-e-Barbara--1024x684.jpg 1024w, https:\/\/lackman.com.br\/wp-content\/uploads\/2023\/06\/Lucas-e-Barbara--300x200.jpg 300w, https:\/\/lackman.com.br\/wp-content\/uploads\/2023\/06\/Lucas-e-Barbara--768x513.jpg 768w, https:\/\/lackman.com.br\/wp-content\/uploads\/2023\/06\/Lucas-e-Barbara--1536x1025.jpg 1536w, https:\/\/lackman.com.br\/wp-content\/uploads\/2023\/06\/Lucas-e-Barbara-.jpg 2000w\" sizes=\"(max-width: 1024px) 100vw, 1024px\" \/><\/p>\n<p style=\"text-align: justify;\">Por fim, conta aqui para mim: voc\u00ea tamb\u00e9m \u00e9 f\u00e3 da Casa de Biscoitos Mineiros? Eu sou louco, amo a broa temperada e o bolo de cenoura at\u00e9 n\u00e3o poder mais. Pois \u00e9, a rede que completa 27 anos nesta sexta-feira, 2, faz festas juninas com barraquinhas, del\u00edcias, tudo nos conformes, durante todo o m\u00eas. Mas o detalhe \u00e9 que os quitutes da \u00e9poca s\u00e3o vendidos no dia a dia nas lojas, podendo ser consumidos no local, comprar e levar pra casa ou encomendar. Tem arroz doce, bolo de mandioca, p\u00e9 de moleque, pamonha assada e muito, mas muito mais mesmo!<\/p>\n<p style=\"text-align: justify;\"><img loading=\"lazy\" decoding=\"async\" class=\"alignnone size-large wp-image-4384\" src=\"http:\/\/lackman.com.br\/wp-content\/uploads\/2023\/06\/Deck-Brasil_CBM_PHOTO-2022-08-23-16-06-01-819x1024.jpg\" alt=\"\" width=\"819\" height=\"1024\" \/><\/p>\n<p style=\"text-align: justify;\">\u00c9 isso pessoal, seja <em>en arri\u00e8re<\/em> em bom franc\u00eas ou <em>anirri\u00ea<\/em> em portugu\u00eas, partiu PERAMBULAR pelas festas juninas da capital!<\/p>\n<h5 style=\"text-align: justify;\"><u>Quer ir?<\/u><\/h5>\n<p style=\"text-align: justify;\"><strong>A Vila 2023<\/strong><br \/>\nIate Clube de Bras\u00edlia \u2013 Setor de Clubes Esportivos Norte, Trecho 2, Conjunto 4<br \/>\n01 a 03 de junho. Quinta e sexta-feira a partir das 19h; s\u00e1bado, 18h<br \/>\nEntrada franca para s\u00f3cios e crian\u00e7as at\u00e9 04 anos; R$ 50 adulto e R$ 30 de 5 a 12 anos (ingresso solid\u00e1rio com doa\u00e7\u00e3o de 1Kg de alimento n\u00e3o perec\u00edvel)<br \/>\nCompre: na portaria do clube ou pelo link: <a href=\"https:\/\/l.instagram.com\/?u=https%3A%2F%2Fwww.bilheteriadigital.com%2Ffesta-junina-do-iate-2023-02-de-junho&amp;e=AT1fkWpIDAXs1wDlmDD48k9X0zS73S8ChpXdgMcyx8Oq5V_ou76Cw_nbyxRYEn8D7SuMttadGigxsqG3LjlXyv9aaKVbH4BbjqN27P0RQHhpRUQZQJov\">www.bilheteriadigital.com\/festa-junina-do-iate-2023-02-de-junho<\/a><br \/>\nPrograma\u00e7\u00e3o completa: @iatebsb<\/p>\n<p style=\"text-align: justify;\">\n<p style=\"text-align: justify;\"><strong>Quintal da Dona Gra\u00e7a 2023<\/strong><br \/>\nSMPW, Quadra 04, Conjunto 03, Lote 11<br \/>\nFinais de semana at\u00e9 13 de agosto, a partir das 18h, aos domingos \u00e0s 16h<br \/>\n<span style=\"font-size: 16px;\">Buffet a partir de R$ 70 (crian\u00e7as de 5 a 10 anos) e R$ 130 (11 anos em diante); bebidas \u00e0 parte<br \/>\n<\/span>Compre: pelo link: <a href=\"https:\/\/l.instagram.com\/?u=https%3A%2F%2Fbileto.sympla.com.br%2Fevent%2F83099&amp;e=AT0Q3n5BswoMmvzutrgYdzfkJT_G2LqOZnuNdEQyJXkwYks8AN2GJgZwElCBDdL_oo_So9aIE3YyVRZe0cXg-zFRh7L_933mTNGkVXEVkNpSotnlriTb\">bileto.sympla.com.br\/event\/83099<\/a><br \/>\nPrograma\u00e7\u00e3o completa: @quintaldadonagraca<\/p>\n<p style=\"text-align: justify;\">\n<p style=\"text-align: justify;\"><strong>Arrai\u00e1 Casapark<\/strong><br \/>\nEstacionamento da Cobasi no Shopping Casapark, SGCV Lote 22<strong><br \/>\n<\/strong>17 de junho, das 18h \u00e0s 22h<br \/>\nEntrada franca para crian\u00e7as at\u00e9 07 anos e R$ 15 (meia-entrada solid\u00e1ria com doa\u00e7\u00e3o de 1Kg de alimento ou agasalho)<br \/>\nCompre: pelo link: <a href=\"https:\/\/www.sympla.com.br\/evento\/arraia-casapark\/1999043?_gl=1*1oc7as2*_ga*NjY0NzA5NDAyLjE2ODI0MjQ4ODQ.*_ga_KXH10SQTZF*MTY4NDg0NDUxNi41Ni4xLjE2ODQ4NDUxNDIuMC4wLjA\">https:\/\/www.sympla.com.br\/evento\/arraia-casapark\/<\/a><br \/>\nPrograma\u00e7\u00e3o completa: @casapark<\/p>\n<p style=\"text-align: justify;\">\n<p style=\"text-align: justify;\"><strong>Arrai\u00e1 Casa de Biscoitos Mineiros<br \/>\n<\/strong>Nas lojas da rede<br \/>\nDia 03 de junho na unidade Asa Norte; dia 10 em \u00c1guas Clara Castanheiras; dia 17 na Asa Sul; dia 24 em \u00c1guas Claras Alecrim; e dia 01 de julho no Sudoeste<br \/>\nEntrada franca, consuma\u00e7\u00e3o in loco<br \/>\nInforma\u00e7\u00f5es e endere\u00e7os: @casadebiscoitosmineiros<\/p>\n<hr \/>\n<pre>Fotos: Divulga\u00e7\u00e3o<\/pre>\n","protected":false},"excerpt":{"rendered":"<p>Em meio a tantas op\u00e7\u00f5es, veja quais s\u00e3o as escolhas para sair PERAMBULANDO de xadrez, cal\u00e7a jeans e muito apetite com Gilberto Evangelista \u00c9 isso mesmo, maio n\u00e3o tinha nem chegado ao fim e as festas \u201cjuninas\u201d j\u00e1 estavam pipocando Distrito Federal afora. Por\u00e9m, com o d\u00e9but do m\u00eas oficial que ostenta datas comemorativas dedicadas a Santo Ant\u00f4nio (13), S\u00e3o Jo\u00e3o (24) e S\u00e3o Pedro (29), partiu canjica, pipoca, bolos, quent\u00e3o, churrasquinho, curau, batidas, galinhada, ma\u00e7\u00e3 do amor, amendoim torrado, cerveja geladinha e muito mais. Afinal, sempre tem um show da hora para dan\u00e7ar agarradinho, al\u00e9m das atra\u00e7\u00f5es infantis para a garotada. Ta\u00ed a festa junina do Iate Clube, que come\u00e7ou nesta quinta-feira (01) e vai at\u00e9 s\u00e1bado (03) trazendo uma minicidade cenogr\u00e1fica com esta\u00e7\u00e3o de trem e uma vila que re\u00fane 24 barracas de comidas t\u00edpicas, al\u00e9m das del\u00edcias especiais servidas por Parrilla Madrid, Pedacinho Pizzas, Miqu\u00e9ias Fast Food, Churros do Tio, Koni Store, Sweet Cake e Raclete Swiss Gourmet. Na programa\u00e7\u00e3o, Adriana Samartini, Lucas e B\u00e1rbara e Trio Balan\u00e7ado est\u00e3o entre as atra\u00e7\u00f5es confirmadas do evento. Hor\u00e1rio, pre\u00e7o e outros detalhes das festas est\u00e3o no servi\u00e7o no final desse texto. Mas antes de ir l\u00e1 curi\u00e1, fique sabendo que \u00e9 neste s\u00e1bado (3) tem in\u00edcio o Quintal da Dona Gra\u00e7a. Isso mesmo, aquela festa l\u00e1 no Park Way, que s\u00f3 quem foi sabe o tanto que \u00e9 boa. Primeiro porque a decora\u00e7\u00e3o \u00e9 surpreendente, uma experi\u00eancia \u00fanica; segundo pelo enorme e variado buffet \u201csirva-se \u00e0 vontade\u201d que o ingresso d\u00e1 direito (bebidas \u00e0 parte); e terceiro, pelas atra\u00e7\u00f5es para adultos e crian\u00e7as. T\u00e1 duvidando? Pergunta para quem j\u00e1 foi ou fu\u00e7a o Instagram deles e tire suas conclus\u00f5es, que tamb\u00e9m podem ser tiradas in loco at\u00e9 o dia 13 de agosto. E se voc\u00ea pensa que o Casapark \u00e9 apenas um shopping de design para ir fazer compras para deixar sua casa completa, est\u00e1 muito enganado. O centro comercial se esmera em oferecer experi\u00eancias para seus clientes, e o Arraial que eles est\u00e3o programando para o pr\u00f3ximo dia 17 promete. Isso mesmo, t\u00e1 longe, mas \u00e9 um Save The Date, para ningu\u00e9m perder o show\u00a0da dupla sertaneja Lucas Viana e Barbara, nem a\u00a0apresenta\u00e7\u00e3o da quadrilha Formiga, al\u00e9m das comidas t\u00edpicas, bar, \u00e1rea para crian\u00e7as com brinquedos infl\u00e1veis, pescaria e muita divers\u00e3o. Agasalhos e alimentos n\u00e3o perec\u00edveis ser\u00e3o doados \u00e0 ONG Formiguinhas da Alegria e dar\u00e3o direito \u00e0 meia-entrada. Por fim, conta aqui para mim: voc\u00ea tamb\u00e9m \u00e9 f\u00e3 da Casa de Biscoitos Mineiros? Eu sou louco, amo a broa temperada e o bolo de cenoura at\u00e9 n\u00e3o poder mais. Pois \u00e9, a rede que completa 27 anos nesta sexta-feira, 2, faz festas juninas com barraquinhas, del\u00edcias, tudo nos conformes, durante todo o m\u00eas. Mas o detalhe \u00e9 que os quitutes da \u00e9poca s\u00e3o vendidos no dia a dia nas lojas, podendo ser consumidos no local, comprar e levar pra casa ou encomendar. Tem arroz doce, bolo de mandioca, p\u00e9 de moleque, pamonha assada e muito, mas muito mais mesmo! \u00c9 isso pessoal, seja en arri\u00e8re em bom franc\u00eas ou anirri\u00ea em portugu\u00eas, partiu PERAMBULAR pelas festas juninas da capital! Quer ir? A Vila 2023 Iate Clube de Bras\u00edlia \u2013 Setor de Clubes Esportivos Norte, Trecho 2, Conjunto 4 01 a 03 de junho. Quinta e sexta-feira a partir das 19h; s\u00e1bado, 18h Entrada franca para s\u00f3cios e crian\u00e7as at\u00e9 04 anos; R$ 50 adulto e R$ 30 de 5 a 12 anos (ingresso solid\u00e1rio com doa\u00e7\u00e3o de 1Kg de alimento n\u00e3o perec\u00edvel) Compre: na portaria do clube ou pelo link: www.bilheteriadigital.com\/festa-junina-do-iate-2023-02-de-junho Programa\u00e7\u00e3o completa: @iatebsb Quintal da Dona Gra\u00e7a 2023 SMPW, Quadra 04, Conjunto 03, Lote 11 Finais de semana at\u00e9 13 de agosto, a partir das 18h, aos domingos \u00e0s 16h Buffet a partir de R$ 70 (crian\u00e7as de 5 a 10 anos) e R$ 130 (11 anos em diante); bebidas \u00e0 parte Compre: pelo link: bileto.sympla.com.br\/event\/83099 Programa\u00e7\u00e3o completa: @quintaldadonagraca Arrai\u00e1 Casapark Estacionamento da Cobasi no Shopping Casapark, SGCV Lote 22 17 de junho, das 18h \u00e0s 22h Entrada franca para crian\u00e7as at\u00e9 07 anos e R$ 15 (meia-entrada solid\u00e1ria com doa\u00e7\u00e3o de 1Kg de alimento ou agasalho) Compre: pelo link: https:\/\/www.sympla.com.br\/evento\/arraia-casapark\/ Programa\u00e7\u00e3o completa: @casapark Arrai\u00e1 Casa de Biscoitos Mineiros Nas lojas da rede Dia 03 de junho na unidade Asa Norte; dia 10 em \u00c1guas Clara Castanheiras; dia 17 na Asa Sul; dia 24 em \u00c1guas Claras Alecrim; e dia 01 de julho no Sudoeste Entrada franca, consuma\u00e7\u00e3o in loco Informa\u00e7\u00f5es e endere\u00e7os: @casadebiscoitosmineiros Fotos: Divulga\u00e7\u00e3o<\/p>\n","protected":false},"author":6,"featured_media":4385,"comment_status":"closed","ping_status":"open","sticky":false,"template":"","format":"standard","meta":{"site-sidebar-layout":"default","site-content-layout":"default","ast-site-content-layout":"default","site-content-style":"default","site-sidebar-style":"default","ast-global-header-display":"","ast-banner-title-visibility":"","ast-main-header-display":"","ast-hfb-above-header-display":"","ast-hfb-below-header-display":"","ast-hfb-mobile-header-display":"","site-post-title":"","ast-breadcrumbs-content":"","ast-featured-img":"","footer-sml-layout":"","ast-disable-related-posts":"","theme-transparent-header-meta":"default","adv-header-id-meta":"","stick-header-meta":"","header-above-stick-meta":"","header-main-stick-meta":"","header-below-stick-meta":"","astra-migrate-meta-layouts":"default","ast-page-background-enabled":"default","ast-page-background-meta":{"desktop":{"background-color":"","background-image":"","background-repeat":"repeat","background-position":"center center","background-size":"auto","background-attachment":"scroll","background-type":"","background-media":"","overlay-type":"","overlay-color":"","overlay-opacity":"","overlay-gradient":""},"tablet":{"background-color":"","background-image":"","background-repeat":"repeat","background-position":"center center","background-size":"auto","background-attachment":"scroll","background-type":"","background-media":"","overlay-type":"","overlay-color":"","overlay-opacity":"","overlay-gradient":""},"mobile":{"background-color":"","background-image":"","background-repeat":"repeat","background-position":"center center","background-size":"auto","background-attachment":"scroll","background-type":"","background-media":"","overlay-type":"","overlay-color":"","overlay-opacity":"","overlay-gradient":""}},"ast-content-background-meta":{"desktop":{"background-color":"var(--ast-global-color-5)","background-image":"","background-repeat":"repeat","background-position":"center center","background-size":"auto","background-attachment":"scroll","background-type":"","background-media":"","overlay-type":"","overlay-color":"","overlay-opacity":"","overlay-gradient":""},"tablet":{"background-color":"var(--ast-global-color-5)","background-image":"","background-repeat":"repeat","background-position":"center center","background-size":"auto","background-attachment":"scroll","background-type":"","background-media":"","overlay-type":"","overlay-color":"","overlay-opacity":"","overlay-gradient":""},"mobile":{"background-color":"var(--ast-global-color-5)","background-image":"","background-repeat":"repeat","background-position":"center center","background-size":"auto","background-attachment":"scroll","background-type":"","background-media":"","overlay-type":"","overlay-color":"","overlay-opacity":"","overlay-gradient":""}},"footnotes":""},"categories":[48],"tags":[],"class_list":["post-4376","post","type-post","status-publish","format-standard","has-post-thumbnail","hentry","category-entretenimento"],"yoast_head":"<!-- This site is optimized with the Yoast SEO plugin v27.0 - https:\/\/yoast.com\/product\/yoast-seo-wordpress\/ -->\n<title>Anarri\u00ea! Confira 4 dicas de festas juninas pelo DF - LACKMAN &amp; CO.<\/title>\n<meta name=\"robots\" content=\"index, follow, max-snippet:-1, max-image-preview:large, max-video-preview:-1\" \/>\n<link rel=\"canonical\" href=\"https:\/\/lackman.com.br\/index.php\/2023\/06\/02\/anarrie-confira-4-dicas-de-festas-juninas-pelo\/\" \/>\n<meta property=\"og:locale\" content=\"pt_BR\" \/>\n<meta property=\"og:type\" content=\"article\" \/>\n<meta property=\"og:title\" content=\"Anarri\u00ea! Confira 4 dicas de festas juninas pelo DF - LACKMAN &amp; CO.\" \/>\n<meta property=\"og:description\" content=\"Em meio a tantas op\u00e7\u00f5es, veja quais s\u00e3o as escolhas para sair PERAMBULANDO de xadrez, cal\u00e7a jeans e muito apetite com Gilberto Evangelista \u00c9 isso mesmo, maio n\u00e3o tinha nem chegado ao fim e as festas \u201cjuninas\u201d j\u00e1 estavam pipocando Distrito Federal afora. Por\u00e9m, com o d\u00e9but do m\u00eas oficial que ostenta datas comemorativas dedicadas a Santo Ant\u00f4nio (13), S\u00e3o Jo\u00e3o (24) e S\u00e3o Pedro (29), partiu canjica, pipoca, bolos, quent\u00e3o, churrasquinho, curau, batidas, galinhada, ma\u00e7\u00e3 do amor, amendoim torrado, cerveja geladinha e muito mais. Afinal, sempre tem um show da hora para dan\u00e7ar agarradinho, al\u00e9m das atra\u00e7\u00f5es infantis para a garotada. Ta\u00ed a festa junina do Iate Clube, que come\u00e7ou nesta quinta-feira (01) e vai at\u00e9 s\u00e1bado (03) trazendo uma minicidade cenogr\u00e1fica com esta\u00e7\u00e3o de trem e uma vila que re\u00fane 24 barracas de comidas t\u00edpicas, al\u00e9m das del\u00edcias especiais servidas por Parrilla Madrid, Pedacinho Pizzas, Miqu\u00e9ias Fast Food, Churros do Tio, Koni Store, Sweet Cake e Raclete Swiss Gourmet. Na programa\u00e7\u00e3o, Adriana Samartini, Lucas e B\u00e1rbara e Trio Balan\u00e7ado est\u00e3o entre as atra\u00e7\u00f5es confirmadas do evento. Hor\u00e1rio, pre\u00e7o e outros detalhes das festas est\u00e3o no servi\u00e7o no final desse texto. Mas antes de ir l\u00e1 curi\u00e1, fique sabendo que \u00e9 neste s\u00e1bado (3) tem in\u00edcio o Quintal da Dona Gra\u00e7a. Isso mesmo, aquela festa l\u00e1 no Park Way, que s\u00f3 quem foi sabe o tanto que \u00e9 boa. Primeiro porque a decora\u00e7\u00e3o \u00e9 surpreendente, uma experi\u00eancia \u00fanica; segundo pelo enorme e variado buffet \u201csirva-se \u00e0 vontade\u201d que o ingresso d\u00e1 direito (bebidas \u00e0 parte); e terceiro, pelas atra\u00e7\u00f5es para adultos e crian\u00e7as. T\u00e1 duvidando? Pergunta para quem j\u00e1 foi ou fu\u00e7a o Instagram deles e tire suas conclus\u00f5es, que tamb\u00e9m podem ser tiradas in loco at\u00e9 o dia 13 de agosto. E se voc\u00ea pensa que o Casapark \u00e9 apenas um shopping de design para ir fazer compras para deixar sua casa completa, est\u00e1 muito enganado. O centro comercial se esmera em oferecer experi\u00eancias para seus clientes, e o Arraial que eles est\u00e3o programando para o pr\u00f3ximo dia 17 promete. Isso mesmo, t\u00e1 longe, mas \u00e9 um Save The Date, para ningu\u00e9m perder o show\u00a0da dupla sertaneja Lucas Viana e Barbara, nem a\u00a0apresenta\u00e7\u00e3o da quadrilha Formiga, al\u00e9m das comidas t\u00edpicas, bar, \u00e1rea para crian\u00e7as com brinquedos infl\u00e1veis, pescaria e muita divers\u00e3o. Agasalhos e alimentos n\u00e3o perec\u00edveis ser\u00e3o doados \u00e0 ONG Formiguinhas da Alegria e dar\u00e3o direito \u00e0 meia-entrada. Por fim, conta aqui para mim: voc\u00ea tamb\u00e9m \u00e9 f\u00e3 da Casa de Biscoitos Mineiros? Eu sou louco, amo a broa temperada e o bolo de cenoura at\u00e9 n\u00e3o poder mais. Pois \u00e9, a rede que completa 27 anos nesta sexta-feira, 2, faz festas juninas com barraquinhas, del\u00edcias, tudo nos conformes, durante todo o m\u00eas. Mas o detalhe \u00e9 que os quitutes da \u00e9poca s\u00e3o vendidos no dia a dia nas lojas, podendo ser consumidos no local, comprar e levar pra casa ou encomendar. Tem arroz doce, bolo de mandioca, p\u00e9 de moleque, pamonha assada e muito, mas muito mais mesmo! \u00c9 isso pessoal, seja en arri\u00e8re em bom franc\u00eas ou anirri\u00ea em portugu\u00eas, partiu PERAMBULAR pelas festas juninas da capital! Quer ir? A Vila 2023 Iate Clube de Bras\u00edlia \u2013 Setor de Clubes Esportivos Norte, Trecho 2, Conjunto 4 01 a 03 de junho. Quinta e sexta-feira a partir das 19h; s\u00e1bado, 18h Entrada franca para s\u00f3cios e crian\u00e7as at\u00e9 04 anos; R$ 50 adulto e R$ 30 de 5 a 12 anos (ingresso solid\u00e1rio com doa\u00e7\u00e3o de 1Kg de alimento n\u00e3o perec\u00edvel) Compre: na portaria do clube ou pelo link: www.bilheteriadigital.com\/festa-junina-do-iate-2023-02-de-junho Programa\u00e7\u00e3o completa: @iatebsb Quintal da Dona Gra\u00e7a 2023 SMPW, Quadra 04, Conjunto 03, Lote 11 Finais de semana at\u00e9 13 de agosto, a partir das 18h, aos domingos \u00e0s 16h Buffet a partir de R$ 70 (crian\u00e7as de 5 a 10 anos) e R$ 130 (11 anos em diante); bebidas \u00e0 parte Compre: pelo link: bileto.sympla.com.br\/event\/83099 Programa\u00e7\u00e3o completa: @quintaldadonagraca Arrai\u00e1 Casapark Estacionamento da Cobasi no Shopping Casapark, SGCV Lote 22 17 de junho, das 18h \u00e0s 22h Entrada franca para crian\u00e7as at\u00e9 07 anos e R$ 15 (meia-entrada solid\u00e1ria com doa\u00e7\u00e3o de 1Kg de alimento ou agasalho) Compre: pelo link: https:\/\/www.sympla.com.br\/evento\/arraia-casapark\/ Programa\u00e7\u00e3o completa: @casapark Arrai\u00e1 Casa de Biscoitos Mineiros Nas lojas da rede Dia 03 de junho na unidade Asa Norte; dia 10 em \u00c1guas Clara Castanheiras; dia 17 na Asa Sul; dia 24 em \u00c1guas Claras Alecrim; e dia 01 de julho no Sudoeste Entrada franca, consuma\u00e7\u00e3o in loco Informa\u00e7\u00f5es e endere\u00e7os: @casadebiscoitosmineiros Fotos: Divulga\u00e7\u00e3o\" \/>\n<meta property=\"og:url\" content=\"https:\/\/lackman.com.br\/index.php\/2023\/06\/02\/anarrie-confira-4-dicas-de-festas-juninas-pelo\/\" \/>\n<meta property=\"og:site_name\" content=\"LACKMAN &amp; CO.\" \/>\n<meta property=\"article:published_time\" content=\"2023-06-02T15:11:49+00:00\" \/>\n<meta property=\"article:modified_time\" content=\"2023-06-03T14:08:06+00:00\" \/>\n<meta property=\"og:image\" content=\"http:\/\/lackman.com.br\/wp-content\/uploads\/2023\/06\/Caldo-Divulgacao-1-scaled.jpg\" \/>\n\t<meta property=\"og:image:width\" content=\"2560\" \/>\n\t<meta property=\"og:image:height\" content=\"1707\" \/>\n\t<meta property=\"og:image:type\" content=\"image\/jpeg\" \/>\n<meta name=\"author\" content=\"Gilberto Evangelista - Colunista\" \/>\n<meta name=\"twitter:card\" content=\"summary_large_image\" \/>\n<meta name=\"twitter:label1\" content=\"Escrito por\" \/>\n\t<meta name=\"twitter:data1\" content=\"Gilberto Evangelista - Colunista\" \/>\n\t<meta name=\"twitter:label2\" content=\"Est. tempo de leitura\" \/>\n\t<meta name=\"twitter:data2\" content=\"6 minutos\" \/>\n<script type=\"application\/ld+json\" class=\"yoast-schema-graph\">{\"@context\":\"https:\/\/schema.org\",\"@graph\":[{\"@type\":\"Article\",\"@id\":\"https:\/\/lackman.com.br\/index.php\/2023\/06\/02\/anarrie-confira-4-dicas-de-festas-juninas-pelo\/#article\",\"isPartOf\":{\"@id\":\"https:\/\/lackman.com.br\/index.php\/2023\/06\/02\/anarrie-confira-4-dicas-de-festas-juninas-pelo\/\"},\"author\":{\"name\":\"Gilberto Evangelista - Colunista\",\"@id\":\"https:\/\/lackman.com.br\/#\/schema\/person\/8a2355f699593d21d4f0d25b69db5747\"},\"headline\":\"Anarri\u00ea! Confira 4 dicas de festas juninas pelo DF\",\"datePublished\":\"2023-06-02T15:11:49+00:00\",\"dateModified\":\"2023-06-03T14:08:06+00:00\",\"mainEntityOfPage\":{\"@id\":\"https:\/\/lackman.com.br\/index.php\/2023\/06\/02\/anarrie-confira-4-dicas-de-festas-juninas-pelo\/\"},\"wordCount\":800,\"publisher\":{\"@id\":\"https:\/\/lackman.com.br\/#organization\"},\"image\":{\"@id\":\"https:\/\/lackman.com.br\/index.php\/2023\/06\/02\/anarrie-confira-4-dicas-de-festas-juninas-pelo\/#primaryimage\"},\"thumbnailUrl\":\"https:\/\/lackman.com.br\/wp-content\/uploads\/2023\/06\/Caldo-Divulgacao-1-scaled.jpg\",\"articleSection\":[\"Entretenimento\"],\"inLanguage\":\"pt-BR\"},{\"@type\":\"WebPage\",\"@id\":\"https:\/\/lackman.com.br\/index.php\/2023\/06\/02\/anarrie-confira-4-dicas-de-festas-juninas-pelo\/\",\"url\":\"https:\/\/lackman.com.br\/index.php\/2023\/06\/02\/anarrie-confira-4-dicas-de-festas-juninas-pelo\/\",\"name\":\"Anarri\u00ea! Confira 4 dicas de festas juninas pelo DF - LACKMAN &amp; CO.\",\"isPartOf\":{\"@id\":\"https:\/\/lackman.com.br\/#website\"},\"primaryImageOfPage\":{\"@id\":\"https:\/\/lackman.com.br\/index.php\/2023\/06\/02\/anarrie-confira-4-dicas-de-festas-juninas-pelo\/#primaryimage\"},\"image\":{\"@id\":\"https:\/\/lackman.com.br\/index.php\/2023\/06\/02\/anarrie-confira-4-dicas-de-festas-juninas-pelo\/#primaryimage\"},\"thumbnailUrl\":\"https:\/\/lackman.com.br\/wp-content\/uploads\/2023\/06\/Caldo-Divulgacao-1-scaled.jpg\",\"datePublished\":\"2023-06-02T15:11:49+00:00\",\"dateModified\":\"2023-06-03T14:08:06+00:00\",\"breadcrumb\":{\"@id\":\"https:\/\/lackman.com.br\/index.php\/2023\/06\/02\/anarrie-confira-4-dicas-de-festas-juninas-pelo\/#breadcrumb\"},\"inLanguage\":\"pt-BR\",\"potentialAction\":[{\"@type\":\"ReadAction\",\"target\":[\"https:\/\/lackman.com.br\/index.php\/2023\/06\/02\/anarrie-confira-4-dicas-de-festas-juninas-pelo\/\"]}]},{\"@type\":\"ImageObject\",\"inLanguage\":\"pt-BR\",\"@id\":\"https:\/\/lackman.com.br\/index.php\/2023\/06\/02\/anarrie-confira-4-dicas-de-festas-juninas-pelo\/#primaryimage\",\"url\":\"https:\/\/lackman.com.br\/wp-content\/uploads\/2023\/06\/Caldo-Divulgacao-1-scaled.jpg\",\"contentUrl\":\"https:\/\/lackman.com.br\/wp-content\/uploads\/2023\/06\/Caldo-Divulgacao-1-scaled.jpg\",\"width\":2560,\"height\":1707},{\"@type\":\"BreadcrumbList\",\"@id\":\"https:\/\/lackman.com.br\/index.php\/2023\/06\/02\/anarrie-confira-4-dicas-de-festas-juninas-pelo\/#breadcrumb\",\"itemListElement\":[{\"@type\":\"ListItem\",\"position\":1,\"name\":\"In\u00edcio\",\"item\":\"https:\/\/lackman.com.br\/\"},{\"@type\":\"ListItem\",\"position\":2,\"name\":\"Anarri\u00ea! Confira 4 dicas de festas juninas pelo DF\"}]},{\"@type\":\"WebSite\",\"@id\":\"https:\/\/lackman.com.br\/#website\",\"url\":\"https:\/\/lackman.com.br\/\",\"name\":\"LACKMAN &amp; CO.\",\"description\":\"VIDA | MODA | ARTE\",\"publisher\":{\"@id\":\"https:\/\/lackman.com.br\/#organization\"},\"potentialAction\":[{\"@type\":\"SearchAction\",\"target\":{\"@type\":\"EntryPoint\",\"urlTemplate\":\"https:\/\/lackman.com.br\/?s={search_term_string}\"},\"query-input\":{\"@type\":\"PropertyValueSpecification\",\"valueRequired\":true,\"valueName\":\"search_term_string\"}}],\"inLanguage\":\"pt-BR\"},{\"@type\":\"Organization\",\"@id\":\"https:\/\/lackman.com.br\/#organization\",\"name\":\"LACKMAN &amp; CO.\",\"url\":\"https:\/\/lackman.com.br\/\",\"logo\":{\"@type\":\"ImageObject\",\"inLanguage\":\"pt-BR\",\"@id\":\"https:\/\/lackman.com.br\/#\/schema\/logo\/image\/\",\"url\":\"https:\/\/lackman.com.br\/wp-content\/uploads\/2023\/06\/Logotipo_preto-1.png\",\"contentUrl\":\"https:\/\/lackman.com.br\/wp-content\/uploads\/2023\/06\/Logotipo_preto-1.png\",\"width\":739,\"height\":393,\"caption\":\"LACKMAN &amp; CO.\"},\"image\":{\"@id\":\"https:\/\/lackman.com.br\/#\/schema\/logo\/image\/\"}},{\"@type\":\"Person\",\"@id\":\"https:\/\/lackman.com.br\/#\/schema\/person\/8a2355f699593d21d4f0d25b69db5747\",\"name\":\"Gilberto Evangelista - Colunista\",\"image\":{\"@type\":\"ImageObject\",\"inLanguage\":\"pt-BR\",\"@id\":\"https:\/\/lackman.com.br\/#\/schema\/person\/image\/\",\"url\":\"https:\/\/secure.gravatar.com\/avatar\/cea9badf02f8a90f7a745f2cbea45fda61f65711ec015e2faf3809cca6337c28?s=96&d=mm&r=g\",\"contentUrl\":\"https:\/\/secure.gravatar.com\/avatar\/cea9badf02f8a90f7a745f2cbea45fda61f65711ec015e2faf3809cca6337c28?s=96&d=mm&r=g\",\"caption\":\"Gilberto Evangelista - Colunista\"},\"description\":\"Jornalista e globetrotter.\",\"url\":\"https:\/\/lackman.com.br\/index.php\/author\/gilberto-brito\/\"}]}<\/script>\n<!-- \/ Yoast SEO plugin. -->","yoast_head_json":{"title":"Anarri\u00ea! Confira 4 dicas de festas juninas pelo DF - LACKMAN &amp; CO.","robots":{"index":"index","follow":"follow","max-snippet":"max-snippet:-1","max-image-preview":"max-image-preview:large","max-video-preview":"max-video-preview:-1"},"canonical":"https:\/\/lackman.com.br\/index.php\/2023\/06\/02\/anarrie-confira-4-dicas-de-festas-juninas-pelo\/","og_locale":"pt_BR","og_type":"article","og_title":"Anarri\u00ea! Confira 4 dicas de festas juninas pelo DF - LACKMAN &amp; CO.","og_description":"Em meio a tantas op\u00e7\u00f5es, veja quais s\u00e3o as escolhas para sair PERAMBULANDO de xadrez, cal\u00e7a jeans e muito apetite com Gilberto Evangelista \u00c9 isso mesmo, maio n\u00e3o tinha nem chegado ao fim e as festas \u201cjuninas\u201d j\u00e1 estavam pipocando Distrito Federal afora. Por\u00e9m, com o d\u00e9but do m\u00eas oficial que ostenta datas comemorativas dedicadas a Santo Ant\u00f4nio (13), S\u00e3o Jo\u00e3o (24) e S\u00e3o Pedro (29), partiu canjica, pipoca, bolos, quent\u00e3o, churrasquinho, curau, batidas, galinhada, ma\u00e7\u00e3 do amor, amendoim torrado, cerveja geladinha e muito mais. Afinal, sempre tem um show da hora para dan\u00e7ar agarradinho, al\u00e9m das atra\u00e7\u00f5es infantis para a garotada. Ta\u00ed a festa junina do Iate Clube, que come\u00e7ou nesta quinta-feira (01) e vai at\u00e9 s\u00e1bado (03) trazendo uma minicidade cenogr\u00e1fica com esta\u00e7\u00e3o de trem e uma vila que re\u00fane 24 barracas de comidas t\u00edpicas, al\u00e9m das del\u00edcias especiais servidas por Parrilla Madrid, Pedacinho Pizzas, Miqu\u00e9ias Fast Food, Churros do Tio, Koni Store, Sweet Cake e Raclete Swiss Gourmet. Na programa\u00e7\u00e3o, Adriana Samartini, Lucas e B\u00e1rbara e Trio Balan\u00e7ado est\u00e3o entre as atra\u00e7\u00f5es confirmadas do evento. Hor\u00e1rio, pre\u00e7o e outros detalhes das festas est\u00e3o no servi\u00e7o no final desse texto. Mas antes de ir l\u00e1 curi\u00e1, fique sabendo que \u00e9 neste s\u00e1bado (3) tem in\u00edcio o Quintal da Dona Gra\u00e7a. Isso mesmo, aquela festa l\u00e1 no Park Way, que s\u00f3 quem foi sabe o tanto que \u00e9 boa. Primeiro porque a decora\u00e7\u00e3o \u00e9 surpreendente, uma experi\u00eancia \u00fanica; segundo pelo enorme e variado buffet \u201csirva-se \u00e0 vontade\u201d que o ingresso d\u00e1 direito (bebidas \u00e0 parte); e terceiro, pelas atra\u00e7\u00f5es para adultos e crian\u00e7as. T\u00e1 duvidando? Pergunta para quem j\u00e1 foi ou fu\u00e7a o Instagram deles e tire suas conclus\u00f5es, que tamb\u00e9m podem ser tiradas in loco at\u00e9 o dia 13 de agosto. E se voc\u00ea pensa que o Casapark \u00e9 apenas um shopping de design para ir fazer compras para deixar sua casa completa, est\u00e1 muito enganado. O centro comercial se esmera em oferecer experi\u00eancias para seus clientes, e o Arraial que eles est\u00e3o programando para o pr\u00f3ximo dia 17 promete. Isso mesmo, t\u00e1 longe, mas \u00e9 um Save The Date, para ningu\u00e9m perder o show\u00a0da dupla sertaneja Lucas Viana e Barbara, nem a\u00a0apresenta\u00e7\u00e3o da quadrilha Formiga, al\u00e9m das comidas t\u00edpicas, bar, \u00e1rea para crian\u00e7as com brinquedos infl\u00e1veis, pescaria e muita divers\u00e3o. Agasalhos e alimentos n\u00e3o perec\u00edveis ser\u00e3o doados \u00e0 ONG Formiguinhas da Alegria e dar\u00e3o direito \u00e0 meia-entrada. Por fim, conta aqui para mim: voc\u00ea tamb\u00e9m \u00e9 f\u00e3 da Casa de Biscoitos Mineiros? Eu sou louco, amo a broa temperada e o bolo de cenoura at\u00e9 n\u00e3o poder mais. Pois \u00e9, a rede que completa 27 anos nesta sexta-feira, 2, faz festas juninas com barraquinhas, del\u00edcias, tudo nos conformes, durante todo o m\u00eas. Mas o detalhe \u00e9 que os quitutes da \u00e9poca s\u00e3o vendidos no dia a dia nas lojas, podendo ser consumidos no local, comprar e levar pra casa ou encomendar. Tem arroz doce, bolo de mandioca, p\u00e9 de moleque, pamonha assada e muito, mas muito mais mesmo! \u00c9 isso pessoal, seja en arri\u00e8re em bom franc\u00eas ou anirri\u00ea em portugu\u00eas, partiu PERAMBULAR pelas festas juninas da capital! Quer ir? A Vila 2023 Iate Clube de Bras\u00edlia \u2013 Setor de Clubes Esportivos Norte, Trecho 2, Conjunto 4 01 a 03 de junho. Quinta e sexta-feira a partir das 19h; s\u00e1bado, 18h Entrada franca para s\u00f3cios e crian\u00e7as at\u00e9 04 anos; R$ 50 adulto e R$ 30 de 5 a 12 anos (ingresso solid\u00e1rio com doa\u00e7\u00e3o de 1Kg de alimento n\u00e3o perec\u00edvel) Compre: na portaria do clube ou pelo link: www.bilheteriadigital.com\/festa-junina-do-iate-2023-02-de-junho Programa\u00e7\u00e3o completa: @iatebsb Quintal da Dona Gra\u00e7a 2023 SMPW, Quadra 04, Conjunto 03, Lote 11 Finais de semana at\u00e9 13 de agosto, a partir das 18h, aos domingos \u00e0s 16h Buffet a partir de R$ 70 (crian\u00e7as de 5 a 10 anos) e R$ 130 (11 anos em diante); bebidas \u00e0 parte Compre: pelo link: bileto.sympla.com.br\/event\/83099 Programa\u00e7\u00e3o completa: @quintaldadonagraca Arrai\u00e1 Casapark Estacionamento da Cobasi no Shopping Casapark, SGCV Lote 22 17 de junho, das 18h \u00e0s 22h Entrada franca para crian\u00e7as at\u00e9 07 anos e R$ 15 (meia-entrada solid\u00e1ria com doa\u00e7\u00e3o de 1Kg de alimento ou agasalho) Compre: pelo link: https:\/\/www.sympla.com.br\/evento\/arraia-casapark\/ Programa\u00e7\u00e3o completa: @casapark Arrai\u00e1 Casa de Biscoitos Mineiros Nas lojas da rede Dia 03 de junho na unidade Asa Norte; dia 10 em \u00c1guas Clara Castanheiras; dia 17 na Asa Sul; dia 24 em \u00c1guas Claras Alecrim; e dia 01 de julho no Sudoeste Entrada franca, consuma\u00e7\u00e3o in loco Informa\u00e7\u00f5es e endere\u00e7os: @casadebiscoitosmineiros Fotos: Divulga\u00e7\u00e3o","og_url":"https:\/\/lackman.com.br\/index.php\/2023\/06\/02\/anarrie-confira-4-dicas-de-festas-juninas-pelo\/","og_site_name":"LACKMAN &amp; CO.","article_published_time":"2023-06-02T15:11:49+00:00","article_modified_time":"2023-06-03T14:08:06+00:00","og_image":[{"width":2560,"height":1707,"url":"http:\/\/lackman.com.br\/wp-content\/uploads\/2023\/06\/Caldo-Divulgacao-1-scaled.jpg","type":"image\/jpeg"}],"author":"Gilberto Evangelista - Colunista","twitter_card":"summary_large_image","twitter_misc":{"Escrito por":"Gilberto Evangelista - Colunista","Est. tempo de leitura":"6 minutos"},"schema":{"@context":"https:\/\/schema.org","@graph":[{"@type":"Article","@id":"https:\/\/lackman.com.br\/index.php\/2023\/06\/02\/anarrie-confira-4-dicas-de-festas-juninas-pelo\/#article","isPartOf":{"@id":"https:\/\/lackman.com.br\/index.php\/2023\/06\/02\/anarrie-confira-4-dicas-de-festas-juninas-pelo\/"},"author":{"name":"Gilberto Evangelista - Colunista","@id":"https:\/\/lackman.com.br\/#\/schema\/person\/8a2355f699593d21d4f0d25b69db5747"},"headline":"Anarri\u00ea! Confira 4 dicas de festas juninas pelo DF","datePublished":"2023-06-02T15:11:49+00:00","dateModified":"2023-06-03T14:08:06+00:00","mainEntityOfPage":{"@id":"https:\/\/lackman.com.br\/index.php\/2023\/06\/02\/anarrie-confira-4-dicas-de-festas-juninas-pelo\/"},"wordCount":800,"publisher":{"@id":"https:\/\/lackman.com.br\/#organization"},"image":{"@id":"https:\/\/lackman.com.br\/index.php\/2023\/06\/02\/anarrie-confira-4-dicas-de-festas-juninas-pelo\/#primaryimage"},"thumbnailUrl":"https:\/\/lackman.com.br\/wp-content\/uploads\/2023\/06\/Caldo-Divulgacao-1-scaled.jpg","articleSection":["Entretenimento"],"inLanguage":"pt-BR"},{"@type":"WebPage","@id":"https:\/\/lackman.com.br\/index.php\/2023\/06\/02\/anarrie-confira-4-dicas-de-festas-juninas-pelo\/","url":"https:\/\/lackman.com.br\/index.php\/2023\/06\/02\/anarrie-confira-4-dicas-de-festas-juninas-pelo\/","name":"Anarri\u00ea! Confira 4 dicas de festas juninas pelo DF - LACKMAN &amp; CO.","isPartOf":{"@id":"https:\/\/lackman.com.br\/#website"},"primaryImageOfPage":{"@id":"https:\/\/lackman.com.br\/index.php\/2023\/06\/02\/anarrie-confira-4-dicas-de-festas-juninas-pelo\/#primaryimage"},"image":{"@id":"https:\/\/lackman.com.br\/index.php\/2023\/06\/02\/anarrie-confira-4-dicas-de-festas-juninas-pelo\/#primaryimage"},"thumbnailUrl":"https:\/\/lackman.com.br\/wp-content\/uploads\/2023\/06\/Caldo-Divulgacao-1-scaled.jpg","datePublished":"2023-06-02T15:11:49+00:00","dateModified":"2023-06-03T14:08:06+00:00","breadcrumb":{"@id":"https:\/\/lackman.com.br\/index.php\/2023\/06\/02\/anarrie-confira-4-dicas-de-festas-juninas-pelo\/#breadcrumb"},"inLanguage":"pt-BR","potentialAction":[{"@type":"ReadAction","target":["https:\/\/lackman.com.br\/index.php\/2023\/06\/02\/anarrie-confira-4-dicas-de-festas-juninas-pelo\/"]}]},{"@type":"ImageObject","inLanguage":"pt-BR","@id":"https:\/\/lackman.com.br\/index.php\/2023\/06\/02\/anarrie-confira-4-dicas-de-festas-juninas-pelo\/#primaryimage","url":"https:\/\/lackman.com.br\/wp-content\/uploads\/2023\/06\/Caldo-Divulgacao-1-scaled.jpg","contentUrl":"https:\/\/lackman.com.br\/wp-content\/uploads\/2023\/06\/Caldo-Divulgacao-1-scaled.jpg","width":2560,"height":1707},{"@type":"BreadcrumbList","@id":"https:\/\/lackman.com.br\/index.php\/2023\/06\/02\/anarrie-confira-4-dicas-de-festas-juninas-pelo\/#breadcrumb","itemListElement":[{"@type":"ListItem","position":1,"name":"In\u00edcio","item":"https:\/\/lackman.com.br\/"},{"@type":"ListItem","position":2,"name":"Anarri\u00ea! Confira 4 dicas de festas juninas pelo DF"}]},{"@type":"WebSite","@id":"https:\/\/lackman.com.br\/#website","url":"https:\/\/lackman.com.br\/","name":"LACKMAN &amp; CO.","description":"VIDA | MODA | ARTE","publisher":{"@id":"https:\/\/lackman.com.br\/#organization"},"potentialAction":[{"@type":"SearchAction","target":{"@type":"EntryPoint","urlTemplate":"https:\/\/lackman.com.br\/?s={search_term_string}"},"query-input":{"@type":"PropertyValueSpecification","valueRequired":true,"valueName":"search_term_string"}}],"inLanguage":"pt-BR"},{"@type":"Organization","@id":"https:\/\/lackman.com.br\/#organization","name":"LACKMAN &amp; CO.","url":"https:\/\/lackman.com.br\/","logo":{"@type":"ImageObject","inLanguage":"pt-BR","@id":"https:\/\/lackman.com.br\/#\/schema\/logo\/image\/","url":"https:\/\/lackman.com.br\/wp-content\/uploads\/2023\/06\/Logotipo_preto-1.png","contentUrl":"https:\/\/lackman.com.br\/wp-content\/uploads\/2023\/06\/Logotipo_preto-1.png","width":739,"height":393,"caption":"LACKMAN &amp; CO."},"image":{"@id":"https:\/\/lackman.com.br\/#\/schema\/logo\/image\/"}},{"@type":"Person","@id":"https:\/\/lackman.com.br\/#\/schema\/person\/8a2355f699593d21d4f0d25b69db5747","name":"Gilberto Evangelista - Colunista","image":{"@type":"ImageObject","inLanguage":"pt-BR","@id":"https:\/\/lackman.com.br\/#\/schema\/person\/image\/","url":"https:\/\/secure.gravatar.com\/avatar\/cea9badf02f8a90f7a745f2cbea45fda61f65711ec015e2faf3809cca6337c28?s=96&d=mm&r=g","contentUrl":"https:\/\/secure.gravatar.com\/avatar\/cea9badf02f8a90f7a745f2cbea45fda61f65711ec015e2faf3809cca6337c28?s=96&d=mm&r=g","caption":"Gilberto Evangelista - Colunista"},"description":"Jornalista e globetrotter.","url":"https:\/\/lackman.com.br\/index.php\/author\/gilberto-brito\/"}]}},"rttpg_featured_image_url":{"full":["https:\/\/lackman.com.br\/wp-content\/uploads\/2023\/06\/Caldo-Divulgacao-1-scaled.jpg",2560,1707,false],"landscape":["https:\/\/lackman.com.br\/wp-content\/uploads\/2023\/06\/Caldo-Divulgacao-1-scaled.jpg",2560,1707,false],"portraits":["https:\/\/lackman.com.br\/wp-content\/uploads\/2023\/06\/Caldo-Divulgacao-1-scaled.jpg",2560,1707,false],"thumbnail":["https:\/\/lackman.com.br\/wp-content\/uploads\/2023\/06\/Caldo-Divulgacao-1-150x150.jpg",150,150,true],"medium":["https:\/\/lackman.com.br\/wp-content\/uploads\/2023\/06\/Caldo-Divulgacao-1-300x200.jpg",300,200,true],"large":["https:\/\/lackman.com.br\/wp-content\/uploads\/2023\/06\/Caldo-Divulgacao-1-1024x683.jpg",1024,683,true],"RoboGalleryMansoryImagesCenter":["https:\/\/lackman.com.br\/wp-content\/uploads\/2023\/06\/Caldo-Divulgacao-1-600x1024.jpg",600,1024,true],"RoboGalleryPreload":["https:\/\/lackman.com.br\/wp-content\/uploads\/2023\/06\/Caldo-Divulgacao-1-scaled.jpg",100,67,false],"1536x1536":["https:\/\/lackman.com.br\/wp-content\/uploads\/2023\/06\/Caldo-Divulgacao-1-1536x1024.jpg",1536,1024,true],"2048x2048":["https:\/\/lackman.com.br\/wp-content\/uploads\/2023\/06\/Caldo-Divulgacao-1-2048x1365.jpg",2048,1365,true]},"rttpg_author":{"display_name":"Gilberto Evangelista - Colunista","author_link":"https:\/\/lackman.com.br\/index.php\/author\/gilberto-brito\/"},"rttpg_comment":0,"rttpg_category":"<a href=\"https:\/\/lackman.com.br\/index.php\/category\/arte\/entretenimento\/\" rel=\"category tag\">Entretenimento<\/a>","rttpg_excerpt":"Em meio a tantas op\u00e7\u00f5es, veja quais s\u00e3o as escolhas para sair PERAMBULANDO de xadrez, cal\u00e7a jeans e muito apetite com Gilberto Evangelista \u00c9 isso mesmo, maio n\u00e3o tinha nem chegado ao fim e as festas \u201cjuninas\u201d j\u00e1 estavam pipocando Distrito Federal afora. Por\u00e9m, com o d\u00e9but do m\u00eas oficial que ostenta datas comemorativas dedicadas&hellip;","_links":{"self":[{"href":"https:\/\/lackman.com.br\/index.php\/wp-json\/wp\/v2\/posts\/4376","targetHints":{"allow":["GET"]}}],"collection":[{"href":"https:\/\/lackman.com.br\/index.php\/wp-json\/wp\/v2\/posts"}],"about":[{"href":"https:\/\/lackman.com.br\/index.php\/wp-json\/wp\/v2\/types\/post"}],"author":[{"embeddable":true,"href":"https:\/\/lackman.com.br\/index.php\/wp-json\/wp\/v2\/users\/6"}],"replies":[{"embeddable":true,"href":"https:\/\/lackman.com.br\/index.php\/wp-json\/wp\/v2\/comments?post=4376"}],"version-history":[{"count":2,"href":"https:\/\/lackman.com.br\/index.php\/wp-json\/wp\/v2\/posts\/4376\/revisions"}],"predecessor-version":[{"id":4392,"href":"https:\/\/lackman.com.br\/index.php\/wp-json\/wp\/v2\/posts\/4376\/revisions\/4392"}],"wp:featuredmedia":[{"embeddable":true,"href":"https:\/\/lackman.com.br\/index.php\/wp-json\/wp\/v2\/media\/4385"}],"wp:attachment":[{"href":"https:\/\/lackman.com.br\/index.php\/wp-json\/wp\/v2\/media?parent=4376"}],"wp:term":[{"taxonomy":"category","embeddable":true,"href":"https:\/\/lackman.com.br\/index.php\/wp-json\/wp\/v2\/categories?post=4376"},{"taxonomy":"post_tag","embeddable":true,"href":"https:\/\/lackman.com.br\/index.php\/wp-json\/wp\/v2\/tags?post=4376"}],"curies":[{"name":"wp","href":"https:\/\/api.w.org\/{rel}","templated":true}]}}