{"id":4309,"date":"2023-05-27T14:37:51","date_gmt":"2023-05-27T17:37:51","guid":{"rendered":"https:\/\/lackman.com.br\/?p=4309"},"modified":"2023-05-27T15:50:27","modified_gmt":"2023-05-27T18:50:27","slug":"100-brasil-comecou-2a-edicao-do-vinho-na-vila","status":"publish","type":"post","link":"https:\/\/lackman.com.br\/index.php\/2023\/05\/27\/100-brasil-comecou-2a-edicao-do-vinho-na-vila\/","title":{"rendered":"100% Brasil: come\u00e7ou no CasaPark a 2\u00aa edi\u00e7\u00e3o do Vinho na Vila"},"content":{"rendered":"<h5 style=\"font-weight: 400; text-align: justify;\"><strong><em>Evento re\u00fane 200 r\u00f3tulos e tem noite de estreia agitada no shopping de design queridinho da cidade<\/em><\/strong><\/h5>\n<p style=\"font-weight: 400; text-align: justify;\">Acostumada com agitos badalados, a <strong>pra\u00e7a central do Casapark<\/strong> ficou pequena para a quantidade de convidados que foi conferir de pertinho mais uma edi\u00e7\u00e3o do <strong>Vinho na Vila<\/strong>, que tem curta temporada no local, indo somente at\u00e9 este domingo (28). O evento dedicado aos amantes da bebida mais apreciada pelo deus Baco est\u00e1 de volta \u00e0 cidade trazendo mais de <strong>200 r\u00f3tulos nacionais de vinhos e espumantes brancos, tintos e ros\u00e9s<\/strong>, al\u00e9m de sete tipos de queijos (todos brasileiros) para harmoniza\u00e7\u00e3o in loco.<\/p>\n<p><img fetchpriority=\"high\" decoding=\"async\" class=\"alignnone size-large wp-image-4314\" src=\"http:\/\/lackman.com.br\/wp-content\/uploads\/2023\/05\/Vinho-na-Vila-CasaPark-destaque-1024x683.jpg\" alt=\"\" width=\"1024\" height=\"683\" srcset=\"https:\/\/lackman.com.br\/wp-content\/uploads\/2023\/05\/Vinho-na-Vila-CasaPark-destaque-1024x683.jpg 1024w, https:\/\/lackman.com.br\/wp-content\/uploads\/2023\/05\/Vinho-na-Vila-CasaPark-destaque-300x200.jpg 300w, https:\/\/lackman.com.br\/wp-content\/uploads\/2023\/05\/Vinho-na-Vila-CasaPark-destaque-768x512.jpg 768w, https:\/\/lackman.com.br\/wp-content\/uploads\/2023\/05\/Vinho-na-Vila-CasaPark-destaque-1536x1024.jpg 1536w, https:\/\/lackman.com.br\/wp-content\/uploads\/2023\/05\/Vinho-na-Vila-CasaPark-destaque-2048x1365.jpg 2048w\" sizes=\"(max-width: 1024px) 100vw, 1024px\" \/><\/p>\n<p style=\"font-weight: 400; text-align: justify;\">Dividido em turnos, o programa garante <strong>tr\u00eas horas de uma aventura<\/strong> onde a degusta\u00e7\u00e3o vai de acordo com o gosto do visitante. O ingresso custa a partir de R$ 114 e d\u00e1 direito ainda a uma <strong>ecobag de brinde<\/strong>, assim como uma ta\u00e7a personalizada do evento. Imperd\u00edvel tamb\u00e9m a feirinha com artesanato e <strong>guloseimas Made in Bsb<\/strong>.<\/p>\n<div id='gallery-1' class='gallery galleryid-4309 gallery-columns-2 gallery-size-full'><figure class='gallery-item'>\n\t\t\t<div class='gallery-icon landscape'>\n\t\t\t\t<a href='https:\/\/lackman.com.br\/index.php\/2023\/05\/27\/100-brasil-comecou-2a-edicao-do-vinho-na-vila\/vinho-na-vila-casapark-1\/'><img decoding=\"async\" width=\"2560\" height=\"1707\" src=\"https:\/\/lackman.com.br\/wp-content\/uploads\/2023\/05\/Vinho-na-Vila-CasaPark-1-scaled.jpg\" class=\"attachment-full size-full\" alt=\"\" srcset=\"https:\/\/lackman.com.br\/wp-content\/uploads\/2023\/05\/Vinho-na-Vila-CasaPark-1-scaled.jpg 2560w, https:\/\/lackman.com.br\/wp-content\/uploads\/2023\/05\/Vinho-na-Vila-CasaPark-1-300x200.jpg 300w, https:\/\/lackman.com.br\/wp-content\/uploads\/2023\/05\/Vinho-na-Vila-CasaPark-1-1024x683.jpg 1024w, https:\/\/lackman.com.br\/wp-content\/uploads\/2023\/05\/Vinho-na-Vila-CasaPark-1-768x512.jpg 768w, https:\/\/lackman.com.br\/wp-content\/uploads\/2023\/05\/Vinho-na-Vila-CasaPark-1-1536x1024.jpg 1536w, https:\/\/lackman.com.br\/wp-content\/uploads\/2023\/05\/Vinho-na-Vila-CasaPark-1-2048x1365.jpg 2048w\" sizes=\"(max-width: 2560px) 100vw, 2560px\" \/><\/a>\n\t\t\t<\/div><\/figure><figure class='gallery-item'>\n\t\t\t<div class='gallery-icon landscape'>\n\t\t\t\t<a href='https:\/\/lackman.com.br\/index.php\/2023\/05\/27\/100-brasil-comecou-2a-edicao-do-vinho-na-vila\/vinho-na-vila-casapark-2\/'><img decoding=\"async\" width=\"2560\" height=\"1707\" src=\"https:\/\/lackman.com.br\/wp-content\/uploads\/2023\/05\/Vinho-na-Vila-CasaPark-2-scaled.jpg\" class=\"attachment-full size-full\" alt=\"\" srcset=\"https:\/\/lackman.com.br\/wp-content\/uploads\/2023\/05\/Vinho-na-Vila-CasaPark-2-scaled.jpg 2560w, https:\/\/lackman.com.br\/wp-content\/uploads\/2023\/05\/Vinho-na-Vila-CasaPark-2-300x200.jpg 300w, https:\/\/lackman.com.br\/wp-content\/uploads\/2023\/05\/Vinho-na-Vila-CasaPark-2-1024x683.jpg 1024w, https:\/\/lackman.com.br\/wp-content\/uploads\/2023\/05\/Vinho-na-Vila-CasaPark-2-768x512.jpg 768w, https:\/\/lackman.com.br\/wp-content\/uploads\/2023\/05\/Vinho-na-Vila-CasaPark-2-1536x1024.jpg 1536w, https:\/\/lackman.com.br\/wp-content\/uploads\/2023\/05\/Vinho-na-Vila-CasaPark-2-2048x1365.jpg 2048w\" sizes=\"(max-width: 2560px) 100vw, 2560px\" \/><\/a>\n\t\t\t<\/div><\/figure>\n\t\t<\/div>\n\n<p style=\"font-weight: 400; text-align: justify;\">Voltando a falar sobre os vinhos, eles vieram de <strong>25 vin\u00edcolas<\/strong> participantes do Sul, Sudeste, Nordeste e Centro-Oeste. Al\u00e9m das pequenas bodegas, vin\u00edcolas tradicionais como a <strong>Miolo, Salton<\/strong>\u00a0e <strong>Casa Valduga<\/strong> tamb\u00e9m est\u00e3o no Vinho e Vila.<\/p>\n<p style=\"font-weight: 400; text-align: justify;\">Se permitem a este colunista duas sugest\u00f5es: <strong>n\u00e3o deixem de provar<\/strong> o espumante <strong>Zanotto Brut da Vin\u00edcola Campestre<\/strong> (bebida digna para embalar um passeio de lancha ouvindo Jessie Ware); tampouco <strong>o encorpado Monte Castelo Syrah<\/strong>, que \u00e9 produzido no munic\u00edpio de Jaragu\u00e1 (GO) pela fam\u00edlia de Sheila Podest\u00e1 (isso mesmo, uma das organizadoras da CASACOR Bras\u00edlia). Trata-se de um <strong>tinto com aroma de frutas negras<\/strong>, pimenta e mel para quem quer ter uma real experi\u00eancia <em>farm to table<\/em>.<\/p>\n<p><img loading=\"lazy\" decoding=\"async\" class=\"alignnone size-large wp-image-4312\" src=\"http:\/\/lackman.com.br\/wp-content\/uploads\/2023\/05\/Vinho-na-Vila-CasaPark-3-1024x683.jpg\" alt=\"\" width=\"1024\" height=\"683\" srcset=\"https:\/\/lackman.com.br\/wp-content\/uploads\/2023\/05\/Vinho-na-Vila-CasaPark-3-1024x683.jpg 1024w, https:\/\/lackman.com.br\/wp-content\/uploads\/2023\/05\/Vinho-na-Vila-CasaPark-3-300x200.jpg 300w, https:\/\/lackman.com.br\/wp-content\/uploads\/2023\/05\/Vinho-na-Vila-CasaPark-3-768x512.jpg 768w, https:\/\/lackman.com.br\/wp-content\/uploads\/2023\/05\/Vinho-na-Vila-CasaPark-3-1536x1024.jpg 1536w, https:\/\/lackman.com.br\/wp-content\/uploads\/2023\/05\/Vinho-na-Vila-CasaPark-3-2048x1365.jpg 2048w\" sizes=\"(max-width: 1024px) 100vw, 1024px\" \/><\/p>\n<p style=\"font-weight: 400; text-align: justify;\">Pelas imagens que comp\u00f5em esta mat\u00e9ria, nem \u00e9 preciso dizer que o <strong>happening que deu a largada<\/strong> ao Vinho na Vila foi para l\u00e1 de <strong>prestigiado.<\/strong> N\u00e3o \u00e9 mesmo? Ent\u00e3o, n\u00e3o perca a oportunidade, pois al\u00e9m de degustar, voc\u00ea tamb\u00e9m pode adquirir no local, garrafas das bebidas que mais gostar a pre\u00e7os bem atraentes&#8230; <strong>#ficaadica<\/strong>.<\/p>\n<h5 style=\"text-align: justify;\">Quer ir?<\/h5>\n<p style=\"text-align: justify;\">Vinho na Vila &#8211; Bras\u00edlia, <span style=\"font-size: 16px; font-weight: 400;\">\u00a0at\u00e9 28 de maio,<\/span> no <span style=\"font-size: 16px; font-weight: 400;\">CasaPark Shopping (SGCV Sul Lote 22 &#8211; Guar\u00e1)<br \/>\n<\/span><span style=\"font-size: 16px; font-weight: 400;\">Primeira sess\u00e3o (das 11h30 \u00e0s 14h30): R$114<br \/>\n<\/span><span style=\"font-size: 16px; font-weight: 400;\">Segunda sess\u00e3o (das 15h30 \u00e0s 18h30): R$138<br \/>\n<\/span>Terceira sess\u00e3o (das 19h \u00e0s 22h): R$172,50<br \/>\nWine Local (<strong><a href=\"https:\/\/vinhonavila.wine-locals.com\/\" data-saferedirecturl=\"https:\/\/www.google.com\/url?q=https:\/\/vinhonavila.wine-locals.com\/&amp;source=gmail&amp;ust=1685293051760000&amp;usg=AOvVaw0xRZ4eYN4NPUfAF0Al5a1E\">https:\/\/vinhonavila.wine-locals.com\/<\/a><\/strong>)<br \/>\nObs.: O ingresso para a \u00e1rea restrita d\u00e1 direito a uma ta\u00e7a de cristal oficial do evento, ecobag e uma pulseira que garante 3 horas de degusta\u00e7\u00e3o.<br \/>\nInforma\u00e7\u00f5es <span style=\"color: #0000ff;\"><strong><a style=\"color: #0000ff;\" href=\"https:\/\/www.instagram.com\/vinhonavilla\/\">@vinhonavila<\/a><\/strong><\/span><\/p>\n<hr \/>\n<pre>Fotos: C\u00e9sar Rebou\u00e7as\/Divulga\u00e7\u00e3o<\/pre>\n","protected":false},"excerpt":{"rendered":"<p>Evento re\u00fane 200 r\u00f3tulos e tem noite de estreia agitada no shopping de design queridinho da cidade Acostumada com agitos badalados, a pra\u00e7a central do Casapark ficou pequena para a quantidade de convidados que foi conferir de pertinho mais uma edi\u00e7\u00e3o do Vinho na Vila, que tem curta temporada no local, indo somente at\u00e9 este domingo (28). O evento dedicado aos amantes da bebida mais apreciada pelo deus Baco est\u00e1 de volta \u00e0 cidade trazendo mais de 200 r\u00f3tulos nacionais de vinhos e espumantes brancos, tintos e ros\u00e9s, al\u00e9m de sete tipos de queijos (todos brasileiros) para harmoniza\u00e7\u00e3o in loco. Dividido em turnos, o programa garante tr\u00eas horas de uma aventura onde a degusta\u00e7\u00e3o vai de acordo com o gosto do visitante. O ingresso custa a partir de R$ 114 e d\u00e1 direito ainda a uma ecobag de brinde, assim como uma ta\u00e7a personalizada do evento. Imperd\u00edvel tamb\u00e9m a feirinha com artesanato e guloseimas Made in Bsb. Voltando a falar sobre os vinhos, eles vieram de 25 vin\u00edcolas participantes do Sul, Sudeste, Nordeste e Centro-Oeste. Al\u00e9m das pequenas bodegas, vin\u00edcolas tradicionais como a Miolo, Salton\u00a0e Casa Valduga tamb\u00e9m est\u00e3o no Vinho e Vila. Se permitem a este colunista duas sugest\u00f5es: n\u00e3o deixem de provar o espumante Zanotto Brut da Vin\u00edcola Campestre (bebida digna para embalar um passeio de lancha ouvindo Jessie Ware); tampouco o encorpado Monte Castelo Syrah, que \u00e9 produzido no munic\u00edpio de Jaragu\u00e1 (GO) pela fam\u00edlia de Sheila Podest\u00e1 (isso mesmo, uma das organizadoras da CASACOR Bras\u00edlia). Trata-se de um tinto com aroma de frutas negras, pimenta e mel para quem quer ter uma real experi\u00eancia farm to table. Pelas imagens que comp\u00f5em esta mat\u00e9ria, nem \u00e9 preciso dizer que o happening que deu a largada ao Vinho na Vila foi para l\u00e1 de prestigiado. N\u00e3o \u00e9 mesmo? Ent\u00e3o, n\u00e3o perca a oportunidade, pois al\u00e9m de degustar, voc\u00ea tamb\u00e9m pode adquirir no local, garrafas das bebidas que mais gostar a pre\u00e7os bem atraentes&#8230; #ficaadica. Quer ir? Vinho na Vila &#8211; Bras\u00edlia, \u00a0at\u00e9 28 de maio, no CasaPark Shopping (SGCV Sul Lote 22 &#8211; Guar\u00e1) Primeira sess\u00e3o (das 11h30 \u00e0s 14h30): R$114 Segunda sess\u00e3o (das 15h30 \u00e0s 18h30): R$138 Terceira sess\u00e3o (das 19h \u00e0s 22h): R$172,50 Wine Local (https:\/\/vinhonavila.wine-locals.com\/) Obs.: O ingresso para a \u00e1rea restrita d\u00e1 direito a uma ta\u00e7a de cristal oficial do evento, ecobag e uma pulseira que garante 3 horas de degusta\u00e7\u00e3o. Informa\u00e7\u00f5es @vinhonavila Fotos: C\u00e9sar Rebou\u00e7as\/Divulga\u00e7\u00e3o<\/p>\n","protected":false},"author":6,"featured_media":4313,"comment_status":"closed","ping_status":"open","sticky":false,"template":"","format":"standard","meta":{"site-sidebar-layout":"default","site-content-layout":"default","ast-site-content-layout":"default","site-content-style":"default","site-sidebar-style":"default","ast-global-header-display":"","ast-banner-title-visibility":"","ast-main-header-display":"","ast-hfb-above-header-display":"","ast-hfb-below-header-display":"","ast-hfb-mobile-header-display":"","site-post-title":"","ast-breadcrumbs-content":"","ast-featured-img":"","footer-sml-layout":"","ast-disable-related-posts":"","theme-transparent-header-meta":"default","adv-header-id-meta":"","stick-header-meta":"","header-above-stick-meta":"","header-main-stick-meta":"","header-below-stick-meta":"","astra-migrate-meta-layouts":"default","ast-page-background-enabled":"default","ast-page-background-meta":{"desktop":{"background-color":"","background-image":"","background-repeat":"repeat","background-position":"center center","background-size":"auto","background-attachment":"scroll","background-type":"","background-media":"","overlay-type":"","overlay-color":"","overlay-opacity":"","overlay-gradient":""},"tablet":{"background-color":"","background-image":"","background-repeat":"repeat","background-position":"center center","background-size":"auto","background-attachment":"scroll","background-type":"","background-media":"","overlay-type":"","overlay-color":"","overlay-opacity":"","overlay-gradient":""},"mobile":{"background-color":"","background-image":"","background-repeat":"repeat","background-position":"center center","background-size":"auto","background-attachment":"scroll","background-type":"","background-media":"","overlay-type":"","overlay-color":"","overlay-opacity":"","overlay-gradient":""}},"ast-content-background-meta":{"desktop":{"background-color":"var(--ast-global-color-5)","background-image":"","background-repeat":"repeat","background-position":"center center","background-size":"auto","background-attachment":"scroll","background-type":"","background-media":"","overlay-type":"","overlay-color":"","overlay-opacity":"","overlay-gradient":""},"tablet":{"background-color":"var(--ast-global-color-5)","background-image":"","background-repeat":"repeat","background-position":"center center","background-size":"auto","background-attachment":"scroll","background-type":"","background-media":"","overlay-type":"","overlay-color":"","overlay-opacity":"","overlay-gradient":""},"mobile":{"background-color":"var(--ast-global-color-5)","background-image":"","background-repeat":"repeat","background-position":"center center","background-size":"auto","background-attachment":"scroll","background-type":"","background-media":"","overlay-type":"","overlay-color":"","overlay-opacity":"","overlay-gradient":""}},"footnotes":""},"categories":[42],"tags":[176,174,173,175],"class_list":["post-4309","post","type-post","status-publish","format-standard","has-post-thumbnail","hentry","category-gastronomia","tag-casapark","tag-red","tag-vinho","tag-vino"],"yoast_head":"<!-- This site is optimized with the Yoast SEO plugin v27.0 - https:\/\/yoast.com\/product\/yoast-seo-wordpress\/ -->\n<title>100% Brasil: come\u00e7ou no CasaPark a 2\u00aa edi\u00e7\u00e3o do Vinho na Vila - LACKMAN &amp; CO.<\/title>\n<meta name=\"robots\" content=\"index, follow, max-snippet:-1, max-image-preview:large, max-video-preview:-1\" \/>\n<link rel=\"canonical\" href=\"https:\/\/lackman.com.br\/index.php\/2023\/05\/27\/100-brasil-comecou-2a-edicao-do-vinho-na-vila\/\" \/>\n<meta property=\"og:locale\" content=\"pt_BR\" \/>\n<meta property=\"og:type\" content=\"article\" \/>\n<meta property=\"og:title\" content=\"100% Brasil: come\u00e7ou no CasaPark a 2\u00aa edi\u00e7\u00e3o do Vinho na Vila - LACKMAN &amp; CO.\" \/>\n<meta property=\"og:description\" content=\"Evento re\u00fane 200 r\u00f3tulos e tem noite de estreia agitada no shopping de design queridinho da cidade Acostumada com agitos badalados, a pra\u00e7a central do Casapark ficou pequena para a quantidade de convidados que foi conferir de pertinho mais uma edi\u00e7\u00e3o do Vinho na Vila, que tem curta temporada no local, indo somente at\u00e9 este domingo (28). O evento dedicado aos amantes da bebida mais apreciada pelo deus Baco est\u00e1 de volta \u00e0 cidade trazendo mais de 200 r\u00f3tulos nacionais de vinhos e espumantes brancos, tintos e ros\u00e9s, al\u00e9m de sete tipos de queijos (todos brasileiros) para harmoniza\u00e7\u00e3o in loco. Dividido em turnos, o programa garante tr\u00eas horas de uma aventura onde a degusta\u00e7\u00e3o vai de acordo com o gosto do visitante. O ingresso custa a partir de R$ 114 e d\u00e1 direito ainda a uma ecobag de brinde, assim como uma ta\u00e7a personalizada do evento. Imperd\u00edvel tamb\u00e9m a feirinha com artesanato e guloseimas Made in Bsb. Voltando a falar sobre os vinhos, eles vieram de 25 vin\u00edcolas participantes do Sul, Sudeste, Nordeste e Centro-Oeste. Al\u00e9m das pequenas bodegas, vin\u00edcolas tradicionais como a Miolo, Salton\u00a0e Casa Valduga tamb\u00e9m est\u00e3o no Vinho e Vila. Se permitem a este colunista duas sugest\u00f5es: n\u00e3o deixem de provar o espumante Zanotto Brut da Vin\u00edcola Campestre (bebida digna para embalar um passeio de lancha ouvindo Jessie Ware); tampouco o encorpado Monte Castelo Syrah, que \u00e9 produzido no munic\u00edpio de Jaragu\u00e1 (GO) pela fam\u00edlia de Sheila Podest\u00e1 (isso mesmo, uma das organizadoras da CASACOR Bras\u00edlia). Trata-se de um tinto com aroma de frutas negras, pimenta e mel para quem quer ter uma real experi\u00eancia farm to table. Pelas imagens que comp\u00f5em esta mat\u00e9ria, nem \u00e9 preciso dizer que o happening que deu a largada ao Vinho na Vila foi para l\u00e1 de prestigiado. N\u00e3o \u00e9 mesmo? Ent\u00e3o, n\u00e3o perca a oportunidade, pois al\u00e9m de degustar, voc\u00ea tamb\u00e9m pode adquirir no local, garrafas das bebidas que mais gostar a pre\u00e7os bem atraentes&#8230; #ficaadica. Quer ir? Vinho na Vila &#8211; Bras\u00edlia, \u00a0at\u00e9 28 de maio, no CasaPark Shopping (SGCV Sul Lote 22 &#8211; Guar\u00e1) Primeira sess\u00e3o (das 11h30 \u00e0s 14h30): R$114 Segunda sess\u00e3o (das 15h30 \u00e0s 18h30): R$138 Terceira sess\u00e3o (das 19h \u00e0s 22h): R$172,50 Wine Local (https:\/\/vinhonavila.wine-locals.com\/) Obs.: O ingresso para a \u00e1rea restrita d\u00e1 direito a uma ta\u00e7a de cristal oficial do evento, ecobag e uma pulseira que garante 3 horas de degusta\u00e7\u00e3o. Informa\u00e7\u00f5es @vinhonavila Fotos: C\u00e9sar Rebou\u00e7as\/Divulga\u00e7\u00e3o\" \/>\n<meta property=\"og:url\" content=\"https:\/\/lackman.com.br\/index.php\/2023\/05\/27\/100-brasil-comecou-2a-edicao-do-vinho-na-vila\/\" \/>\n<meta property=\"og:site_name\" content=\"LACKMAN &amp; CO.\" \/>\n<meta property=\"article:published_time\" content=\"2023-05-27T17:37:51+00:00\" \/>\n<meta property=\"article:modified_time\" content=\"2023-05-27T18:50:27+00:00\" \/>\n<meta property=\"og:image\" content=\"http:\/\/lackman.com.br\/wp-content\/uploads\/2023\/05\/Vinho-na-Vila-CasaPark-5-scaled.jpg\" \/>\n\t<meta property=\"og:image:width\" content=\"2560\" \/>\n\t<meta property=\"og:image:height\" content=\"1707\" \/>\n\t<meta property=\"og:image:type\" content=\"image\/jpeg\" \/>\n<meta name=\"author\" content=\"Gilberto Evangelista - Colunista\" \/>\n<meta name=\"twitter:card\" content=\"summary_large_image\" \/>\n<meta name=\"twitter:label1\" content=\"Escrito por\" \/>\n\t<meta name=\"twitter:data1\" content=\"Gilberto Evangelista - Colunista\" \/>\n\t<meta name=\"twitter:label2\" content=\"Est. tempo de leitura\" \/>\n\t<meta name=\"twitter:data2\" content=\"3 minutos\" \/>\n<script type=\"application\/ld+json\" class=\"yoast-schema-graph\">{\"@context\":\"https:\/\/schema.org\",\"@graph\":[{\"@type\":\"Article\",\"@id\":\"https:\/\/lackman.com.br\/index.php\/2023\/05\/27\/100-brasil-comecou-2a-edicao-do-vinho-na-vila\/#article\",\"isPartOf\":{\"@id\":\"https:\/\/lackman.com.br\/index.php\/2023\/05\/27\/100-brasil-comecou-2a-edicao-do-vinho-na-vila\/\"},\"author\":{\"name\":\"Gilberto Evangelista - Colunista\",\"@id\":\"https:\/\/lackman.com.br\/#\/schema\/person\/8a2355f699593d21d4f0d25b69db5747\"},\"headline\":\"100% Brasil: come\u00e7ou no CasaPark a 2\u00aa edi\u00e7\u00e3o do Vinho na Vila\",\"datePublished\":\"2023-05-27T17:37:51+00:00\",\"dateModified\":\"2023-05-27T18:50:27+00:00\",\"mainEntityOfPage\":{\"@id\":\"https:\/\/lackman.com.br\/index.php\/2023\/05\/27\/100-brasil-comecou-2a-edicao-do-vinho-na-vila\/\"},\"wordCount\":448,\"publisher\":{\"@id\":\"https:\/\/lackman.com.br\/#organization\"},\"image\":{\"@id\":\"https:\/\/lackman.com.br\/index.php\/2023\/05\/27\/100-brasil-comecou-2a-edicao-do-vinho-na-vila\/#primaryimage\"},\"thumbnailUrl\":\"https:\/\/lackman.com.br\/wp-content\/uploads\/2023\/05\/Vinho-na-Vila-CasaPark-5-scaled.jpg\",\"keywords\":[\"casapark\",\"red\",\"vinho\",\"vino\"],\"articleSection\":[\"Gastr\u00f4\"],\"inLanguage\":\"pt-BR\"},{\"@type\":\"WebPage\",\"@id\":\"https:\/\/lackman.com.br\/index.php\/2023\/05\/27\/100-brasil-comecou-2a-edicao-do-vinho-na-vila\/\",\"url\":\"https:\/\/lackman.com.br\/index.php\/2023\/05\/27\/100-brasil-comecou-2a-edicao-do-vinho-na-vila\/\",\"name\":\"100% Brasil: come\u00e7ou no CasaPark a 2\u00aa edi\u00e7\u00e3o do Vinho na Vila - LACKMAN &amp; CO.\",\"isPartOf\":{\"@id\":\"https:\/\/lackman.com.br\/#website\"},\"primaryImageOfPage\":{\"@id\":\"https:\/\/lackman.com.br\/index.php\/2023\/05\/27\/100-brasil-comecou-2a-edicao-do-vinho-na-vila\/#primaryimage\"},\"image\":{\"@id\":\"https:\/\/lackman.com.br\/index.php\/2023\/05\/27\/100-brasil-comecou-2a-edicao-do-vinho-na-vila\/#primaryimage\"},\"thumbnailUrl\":\"https:\/\/lackman.com.br\/wp-content\/uploads\/2023\/05\/Vinho-na-Vila-CasaPark-5-scaled.jpg\",\"datePublished\":\"2023-05-27T17:37:51+00:00\",\"dateModified\":\"2023-05-27T18:50:27+00:00\",\"breadcrumb\":{\"@id\":\"https:\/\/lackman.com.br\/index.php\/2023\/05\/27\/100-brasil-comecou-2a-edicao-do-vinho-na-vila\/#breadcrumb\"},\"inLanguage\":\"pt-BR\",\"potentialAction\":[{\"@type\":\"ReadAction\",\"target\":[\"https:\/\/lackman.com.br\/index.php\/2023\/05\/27\/100-brasil-comecou-2a-edicao-do-vinho-na-vila\/\"]}]},{\"@type\":\"ImageObject\",\"inLanguage\":\"pt-BR\",\"@id\":\"https:\/\/lackman.com.br\/index.php\/2023\/05\/27\/100-brasil-comecou-2a-edicao-do-vinho-na-vila\/#primaryimage\",\"url\":\"https:\/\/lackman.com.br\/wp-content\/uploads\/2023\/05\/Vinho-na-Vila-CasaPark-5-scaled.jpg\",\"contentUrl\":\"https:\/\/lackman.com.br\/wp-content\/uploads\/2023\/05\/Vinho-na-Vila-CasaPark-5-scaled.jpg\",\"width\":2560,\"height\":1707},{\"@type\":\"BreadcrumbList\",\"@id\":\"https:\/\/lackman.com.br\/index.php\/2023\/05\/27\/100-brasil-comecou-2a-edicao-do-vinho-na-vila\/#breadcrumb\",\"itemListElement\":[{\"@type\":\"ListItem\",\"position\":1,\"name\":\"In\u00edcio\",\"item\":\"https:\/\/lackman.com.br\/\"},{\"@type\":\"ListItem\",\"position\":2,\"name\":\"100% Brasil: come\u00e7ou no CasaPark a 2\u00aa edi\u00e7\u00e3o do Vinho na Vila\"}]},{\"@type\":\"WebSite\",\"@id\":\"https:\/\/lackman.com.br\/#website\",\"url\":\"https:\/\/lackman.com.br\/\",\"name\":\"LACKMAN &amp; CO.\",\"description\":\"VIDA | MODA | ARTE\",\"publisher\":{\"@id\":\"https:\/\/lackman.com.br\/#organization\"},\"potentialAction\":[{\"@type\":\"SearchAction\",\"target\":{\"@type\":\"EntryPoint\",\"urlTemplate\":\"https:\/\/lackman.com.br\/?s={search_term_string}\"},\"query-input\":{\"@type\":\"PropertyValueSpecification\",\"valueRequired\":true,\"valueName\":\"search_term_string\"}}],\"inLanguage\":\"pt-BR\"},{\"@type\":\"Organization\",\"@id\":\"https:\/\/lackman.com.br\/#organization\",\"name\":\"LACKMAN &amp; CO.\",\"url\":\"https:\/\/lackman.com.br\/\",\"logo\":{\"@type\":\"ImageObject\",\"inLanguage\":\"pt-BR\",\"@id\":\"https:\/\/lackman.com.br\/#\/schema\/logo\/image\/\",\"url\":\"https:\/\/lackman.com.br\/wp-content\/uploads\/2023\/06\/Logotipo_preto-1.png\",\"contentUrl\":\"https:\/\/lackman.com.br\/wp-content\/uploads\/2023\/06\/Logotipo_preto-1.png\",\"width\":739,\"height\":393,\"caption\":\"LACKMAN &amp; CO.\"},\"image\":{\"@id\":\"https:\/\/lackman.com.br\/#\/schema\/logo\/image\/\"}},{\"@type\":\"Person\",\"@id\":\"https:\/\/lackman.com.br\/#\/schema\/person\/8a2355f699593d21d4f0d25b69db5747\",\"name\":\"Gilberto Evangelista - Colunista\",\"image\":{\"@type\":\"ImageObject\",\"inLanguage\":\"pt-BR\",\"@id\":\"https:\/\/lackman.com.br\/#\/schema\/person\/image\/\",\"url\":\"https:\/\/secure.gravatar.com\/avatar\/cea9badf02f8a90f7a745f2cbea45fda61f65711ec015e2faf3809cca6337c28?s=96&d=mm&r=g\",\"contentUrl\":\"https:\/\/secure.gravatar.com\/avatar\/cea9badf02f8a90f7a745f2cbea45fda61f65711ec015e2faf3809cca6337c28?s=96&d=mm&r=g\",\"caption\":\"Gilberto Evangelista - Colunista\"},\"description\":\"Jornalista e globetrotter.\",\"url\":\"https:\/\/lackman.com.br\/index.php\/author\/gilberto-brito\/\"}]}<\/script>\n<!-- \/ Yoast SEO plugin. -->","yoast_head_json":{"title":"100% Brasil: come\u00e7ou no CasaPark a 2\u00aa edi\u00e7\u00e3o do Vinho na Vila - LACKMAN &amp; CO.","robots":{"index":"index","follow":"follow","max-snippet":"max-snippet:-1","max-image-preview":"max-image-preview:large","max-video-preview":"max-video-preview:-1"},"canonical":"https:\/\/lackman.com.br\/index.php\/2023\/05\/27\/100-brasil-comecou-2a-edicao-do-vinho-na-vila\/","og_locale":"pt_BR","og_type":"article","og_title":"100% Brasil: come\u00e7ou no CasaPark a 2\u00aa edi\u00e7\u00e3o do Vinho na Vila - LACKMAN &amp; CO.","og_description":"Evento re\u00fane 200 r\u00f3tulos e tem noite de estreia agitada no shopping de design queridinho da cidade Acostumada com agitos badalados, a pra\u00e7a central do Casapark ficou pequena para a quantidade de convidados que foi conferir de pertinho mais uma edi\u00e7\u00e3o do Vinho na Vila, que tem curta temporada no local, indo somente at\u00e9 este domingo (28). O evento dedicado aos amantes da bebida mais apreciada pelo deus Baco est\u00e1 de volta \u00e0 cidade trazendo mais de 200 r\u00f3tulos nacionais de vinhos e espumantes brancos, tintos e ros\u00e9s, al\u00e9m de sete tipos de queijos (todos brasileiros) para harmoniza\u00e7\u00e3o in loco. Dividido em turnos, o programa garante tr\u00eas horas de uma aventura onde a degusta\u00e7\u00e3o vai de acordo com o gosto do visitante. O ingresso custa a partir de R$ 114 e d\u00e1 direito ainda a uma ecobag de brinde, assim como uma ta\u00e7a personalizada do evento. Imperd\u00edvel tamb\u00e9m a feirinha com artesanato e guloseimas Made in Bsb. Voltando a falar sobre os vinhos, eles vieram de 25 vin\u00edcolas participantes do Sul, Sudeste, Nordeste e Centro-Oeste. Al\u00e9m das pequenas bodegas, vin\u00edcolas tradicionais como a Miolo, Salton\u00a0e Casa Valduga tamb\u00e9m est\u00e3o no Vinho e Vila. Se permitem a este colunista duas sugest\u00f5es: n\u00e3o deixem de provar o espumante Zanotto Brut da Vin\u00edcola Campestre (bebida digna para embalar um passeio de lancha ouvindo Jessie Ware); tampouco o encorpado Monte Castelo Syrah, que \u00e9 produzido no munic\u00edpio de Jaragu\u00e1 (GO) pela fam\u00edlia de Sheila Podest\u00e1 (isso mesmo, uma das organizadoras da CASACOR Bras\u00edlia). Trata-se de um tinto com aroma de frutas negras, pimenta e mel para quem quer ter uma real experi\u00eancia farm to table. Pelas imagens que comp\u00f5em esta mat\u00e9ria, nem \u00e9 preciso dizer que o happening que deu a largada ao Vinho na Vila foi para l\u00e1 de prestigiado. N\u00e3o \u00e9 mesmo? Ent\u00e3o, n\u00e3o perca a oportunidade, pois al\u00e9m de degustar, voc\u00ea tamb\u00e9m pode adquirir no local, garrafas das bebidas que mais gostar a pre\u00e7os bem atraentes&#8230; #ficaadica. Quer ir? Vinho na Vila &#8211; Bras\u00edlia, \u00a0at\u00e9 28 de maio, no CasaPark Shopping (SGCV Sul Lote 22 &#8211; Guar\u00e1) Primeira sess\u00e3o (das 11h30 \u00e0s 14h30): R$114 Segunda sess\u00e3o (das 15h30 \u00e0s 18h30): R$138 Terceira sess\u00e3o (das 19h \u00e0s 22h): R$172,50 Wine Local (https:\/\/vinhonavila.wine-locals.com\/) Obs.: O ingresso para a \u00e1rea restrita d\u00e1 direito a uma ta\u00e7a de cristal oficial do evento, ecobag e uma pulseira que garante 3 horas de degusta\u00e7\u00e3o. Informa\u00e7\u00f5es @vinhonavila Fotos: C\u00e9sar Rebou\u00e7as\/Divulga\u00e7\u00e3o","og_url":"https:\/\/lackman.com.br\/index.php\/2023\/05\/27\/100-brasil-comecou-2a-edicao-do-vinho-na-vila\/","og_site_name":"LACKMAN &amp; CO.","article_published_time":"2023-05-27T17:37:51+00:00","article_modified_time":"2023-05-27T18:50:27+00:00","og_image":[{"width":2560,"height":1707,"url":"http:\/\/lackman.com.br\/wp-content\/uploads\/2023\/05\/Vinho-na-Vila-CasaPark-5-scaled.jpg","type":"image\/jpeg"}],"author":"Gilberto Evangelista - Colunista","twitter_card":"summary_large_image","twitter_misc":{"Escrito por":"Gilberto Evangelista - Colunista","Est. tempo de leitura":"3 minutos"},"schema":{"@context":"https:\/\/schema.org","@graph":[{"@type":"Article","@id":"https:\/\/lackman.com.br\/index.php\/2023\/05\/27\/100-brasil-comecou-2a-edicao-do-vinho-na-vila\/#article","isPartOf":{"@id":"https:\/\/lackman.com.br\/index.php\/2023\/05\/27\/100-brasil-comecou-2a-edicao-do-vinho-na-vila\/"},"author":{"name":"Gilberto Evangelista - Colunista","@id":"https:\/\/lackman.com.br\/#\/schema\/person\/8a2355f699593d21d4f0d25b69db5747"},"headline":"100% Brasil: come\u00e7ou no CasaPark a 2\u00aa edi\u00e7\u00e3o do Vinho na Vila","datePublished":"2023-05-27T17:37:51+00:00","dateModified":"2023-05-27T18:50:27+00:00","mainEntityOfPage":{"@id":"https:\/\/lackman.com.br\/index.php\/2023\/05\/27\/100-brasil-comecou-2a-edicao-do-vinho-na-vila\/"},"wordCount":448,"publisher":{"@id":"https:\/\/lackman.com.br\/#organization"},"image":{"@id":"https:\/\/lackman.com.br\/index.php\/2023\/05\/27\/100-brasil-comecou-2a-edicao-do-vinho-na-vila\/#primaryimage"},"thumbnailUrl":"https:\/\/lackman.com.br\/wp-content\/uploads\/2023\/05\/Vinho-na-Vila-CasaPark-5-scaled.jpg","keywords":["casapark","red","vinho","vino"],"articleSection":["Gastr\u00f4"],"inLanguage":"pt-BR"},{"@type":"WebPage","@id":"https:\/\/lackman.com.br\/index.php\/2023\/05\/27\/100-brasil-comecou-2a-edicao-do-vinho-na-vila\/","url":"https:\/\/lackman.com.br\/index.php\/2023\/05\/27\/100-brasil-comecou-2a-edicao-do-vinho-na-vila\/","name":"100% Brasil: come\u00e7ou no CasaPark a 2\u00aa edi\u00e7\u00e3o do Vinho na Vila - LACKMAN &amp; CO.","isPartOf":{"@id":"https:\/\/lackman.com.br\/#website"},"primaryImageOfPage":{"@id":"https:\/\/lackman.com.br\/index.php\/2023\/05\/27\/100-brasil-comecou-2a-edicao-do-vinho-na-vila\/#primaryimage"},"image":{"@id":"https:\/\/lackman.com.br\/index.php\/2023\/05\/27\/100-brasil-comecou-2a-edicao-do-vinho-na-vila\/#primaryimage"},"thumbnailUrl":"https:\/\/lackman.com.br\/wp-content\/uploads\/2023\/05\/Vinho-na-Vila-CasaPark-5-scaled.jpg","datePublished":"2023-05-27T17:37:51+00:00","dateModified":"2023-05-27T18:50:27+00:00","breadcrumb":{"@id":"https:\/\/lackman.com.br\/index.php\/2023\/05\/27\/100-brasil-comecou-2a-edicao-do-vinho-na-vila\/#breadcrumb"},"inLanguage":"pt-BR","potentialAction":[{"@type":"ReadAction","target":["https:\/\/lackman.com.br\/index.php\/2023\/05\/27\/100-brasil-comecou-2a-edicao-do-vinho-na-vila\/"]}]},{"@type":"ImageObject","inLanguage":"pt-BR","@id":"https:\/\/lackman.com.br\/index.php\/2023\/05\/27\/100-brasil-comecou-2a-edicao-do-vinho-na-vila\/#primaryimage","url":"https:\/\/lackman.com.br\/wp-content\/uploads\/2023\/05\/Vinho-na-Vila-CasaPark-5-scaled.jpg","contentUrl":"https:\/\/lackman.com.br\/wp-content\/uploads\/2023\/05\/Vinho-na-Vila-CasaPark-5-scaled.jpg","width":2560,"height":1707},{"@type":"BreadcrumbList","@id":"https:\/\/lackman.com.br\/index.php\/2023\/05\/27\/100-brasil-comecou-2a-edicao-do-vinho-na-vila\/#breadcrumb","itemListElement":[{"@type":"ListItem","position":1,"name":"In\u00edcio","item":"https:\/\/lackman.com.br\/"},{"@type":"ListItem","position":2,"name":"100% Brasil: come\u00e7ou no CasaPark a 2\u00aa edi\u00e7\u00e3o do Vinho na Vila"}]},{"@type":"WebSite","@id":"https:\/\/lackman.com.br\/#website","url":"https:\/\/lackman.com.br\/","name":"LACKMAN &amp; CO.","description":"VIDA | MODA | ARTE","publisher":{"@id":"https:\/\/lackman.com.br\/#organization"},"potentialAction":[{"@type":"SearchAction","target":{"@type":"EntryPoint","urlTemplate":"https:\/\/lackman.com.br\/?s={search_term_string}"},"query-input":{"@type":"PropertyValueSpecification","valueRequired":true,"valueName":"search_term_string"}}],"inLanguage":"pt-BR"},{"@type":"Organization","@id":"https:\/\/lackman.com.br\/#organization","name":"LACKMAN &amp; CO.","url":"https:\/\/lackman.com.br\/","logo":{"@type":"ImageObject","inLanguage":"pt-BR","@id":"https:\/\/lackman.com.br\/#\/schema\/logo\/image\/","url":"https:\/\/lackman.com.br\/wp-content\/uploads\/2023\/06\/Logotipo_preto-1.png","contentUrl":"https:\/\/lackman.com.br\/wp-content\/uploads\/2023\/06\/Logotipo_preto-1.png","width":739,"height":393,"caption":"LACKMAN &amp; CO."},"image":{"@id":"https:\/\/lackman.com.br\/#\/schema\/logo\/image\/"}},{"@type":"Person","@id":"https:\/\/lackman.com.br\/#\/schema\/person\/8a2355f699593d21d4f0d25b69db5747","name":"Gilberto Evangelista - Colunista","image":{"@type":"ImageObject","inLanguage":"pt-BR","@id":"https:\/\/lackman.com.br\/#\/schema\/person\/image\/","url":"https:\/\/secure.gravatar.com\/avatar\/cea9badf02f8a90f7a745f2cbea45fda61f65711ec015e2faf3809cca6337c28?s=96&d=mm&r=g","contentUrl":"https:\/\/secure.gravatar.com\/avatar\/cea9badf02f8a90f7a745f2cbea45fda61f65711ec015e2faf3809cca6337c28?s=96&d=mm&r=g","caption":"Gilberto Evangelista - Colunista"},"description":"Jornalista e globetrotter.","url":"https:\/\/lackman.com.br\/index.php\/author\/gilberto-brito\/"}]}},"rttpg_featured_image_url":{"full":["https:\/\/lackman.com.br\/wp-content\/uploads\/2023\/05\/Vinho-na-Vila-CasaPark-5-scaled.jpg",2560,1707,false],"landscape":["https:\/\/lackman.com.br\/wp-content\/uploads\/2023\/05\/Vinho-na-Vila-CasaPark-5-scaled.jpg",2560,1707,false],"portraits":["https:\/\/lackman.com.br\/wp-content\/uploads\/2023\/05\/Vinho-na-Vila-CasaPark-5-scaled.jpg",2560,1707,false],"thumbnail":["https:\/\/lackman.com.br\/wp-content\/uploads\/2023\/05\/Vinho-na-Vila-CasaPark-5-150x150.jpg",150,150,true],"medium":["https:\/\/lackman.com.br\/wp-content\/uploads\/2023\/05\/Vinho-na-Vila-CasaPark-5-300x200.jpg",300,200,true],"large":["https:\/\/lackman.com.br\/wp-content\/uploads\/2023\/05\/Vinho-na-Vila-CasaPark-5-1024x683.jpg",1024,683,true],"RoboGalleryMansoryImagesCenter":["https:\/\/lackman.com.br\/wp-content\/uploads\/2023\/05\/Vinho-na-Vila-CasaPark-5-600x1024.jpg",600,1024,true],"RoboGalleryPreload":["https:\/\/lackman.com.br\/wp-content\/uploads\/2023\/05\/Vinho-na-Vila-CasaPark-5-scaled.jpg",100,67,false],"1536x1536":["https:\/\/lackman.com.br\/wp-content\/uploads\/2023\/05\/Vinho-na-Vila-CasaPark-5-1536x1024.jpg",1536,1024,true],"2048x2048":["https:\/\/lackman.com.br\/wp-content\/uploads\/2023\/05\/Vinho-na-Vila-CasaPark-5-2048x1365.jpg",2048,1365,true]},"rttpg_author":{"display_name":"Gilberto Evangelista - Colunista","author_link":"https:\/\/lackman.com.br\/index.php\/author\/gilberto-brito\/"},"rttpg_comment":0,"rttpg_category":"<a href=\"https:\/\/lackman.com.br\/index.php\/category\/vida\/gastronomia\/\" rel=\"category tag\">Gastr\u00f4<\/a>","rttpg_excerpt":"Evento re\u00fane 200 r\u00f3tulos e tem noite de estreia agitada no shopping de design queridinho da cidade Acostumada com agitos badalados, a pra\u00e7a central do Casapark ficou pequena para a quantidade de convidados que foi conferir de pertinho mais uma edi\u00e7\u00e3o do Vinho na Vila, que tem curta temporada no local, indo somente at\u00e9 este&hellip;","_links":{"self":[{"href":"https:\/\/lackman.com.br\/index.php\/wp-json\/wp\/v2\/posts\/4309","targetHints":{"allow":["GET"]}}],"collection":[{"href":"https:\/\/lackman.com.br\/index.php\/wp-json\/wp\/v2\/posts"}],"about":[{"href":"https:\/\/lackman.com.br\/index.php\/wp-json\/wp\/v2\/types\/post"}],"author":[{"embeddable":true,"href":"https:\/\/lackman.com.br\/index.php\/wp-json\/wp\/v2\/users\/6"}],"replies":[{"embeddable":true,"href":"https:\/\/lackman.com.br\/index.php\/wp-json\/wp\/v2\/comments?post=4309"}],"version-history":[{"count":3,"href":"https:\/\/lackman.com.br\/index.php\/wp-json\/wp\/v2\/posts\/4309\/revisions"}],"predecessor-version":[{"id":4317,"href":"https:\/\/lackman.com.br\/index.php\/wp-json\/wp\/v2\/posts\/4309\/revisions\/4317"}],"wp:featuredmedia":[{"embeddable":true,"href":"https:\/\/lackman.com.br\/index.php\/wp-json\/wp\/v2\/media\/4313"}],"wp:attachment":[{"href":"https:\/\/lackman.com.br\/index.php\/wp-json\/wp\/v2\/media?parent=4309"}],"wp:term":[{"taxonomy":"category","embeddable":true,"href":"https:\/\/lackman.com.br\/index.php\/wp-json\/wp\/v2\/categories?post=4309"},{"taxonomy":"post_tag","embeddable":true,"href":"https:\/\/lackman.com.br\/index.php\/wp-json\/wp\/v2\/tags?post=4309"}],"curies":[{"name":"wp","href":"https:\/\/api.w.org\/{rel}","templated":true}]}}