{"id":4079,"date":"2023-04-25T19:41:08","date_gmt":"2023-04-25T22:41:08","guid":{"rendered":"https:\/\/lackman.com.br\/?p=4079"},"modified":"2023-04-25T19:48:24","modified_gmt":"2023-04-25T22:48:24","slug":"festival-de-moda-e-arte-traz-o-melhor-do-nordeste-para-brasilia","status":"publish","type":"post","link":"https:\/\/lackman.com.br\/index.php\/2023\/04\/25\/festival-de-moda-e-arte-traz-o-melhor-do-nordeste-para-brasilia\/","title":{"rendered":"Festival de moda e arte traz o melhor do Nordeste para Bras\u00edlia"},"content":{"rendered":"<h5 style=\"text-align: justify;\"><strong><em>Encontro que re\u00fane criadores nordestinos em prol da valoriza\u00e7\u00e3o da brasilidade e consumo consciente chega \u00e0 sua 3\u00aa edi\u00e7\u00e3o em BSB<\/em><\/strong><\/h5>\n<p style=\"text-align: justify;\">O <strong><a href=\"https:\/\/lackman.com.br\/index.php\/2023\/02\/10\/nordestesse-em-sao-paulo\/\">Festival <span class=\"il\">Nordestesse<\/span><\/a><\/strong> em Bras\u00edlia, ocupa a <strong>Quadra,<\/strong> no Lago Sul, de 25 a 27 de abril, com 22 marcas de moda, acess\u00f3rios e decora\u00e7\u00e3o. Como novidade dessa edi\u00e7\u00e3o: uma <strong>exposi\u00e7\u00e3o<\/strong> para mostrar que a <strong>for\u00e7a criativa<\/strong> do <span class=\"il\">Nordeste<\/span> anda mais potente que nunca.<\/p>\n<p style=\"text-align: justify;\"><img fetchpriority=\"high\" decoding=\"async\" class=\"alignnone wp-image-4084 size-full\" src=\"http:\/\/lackman.com.br\/wp-content\/uploads\/2023\/04\/IMG_4984-e1682462604946.jpeg\" alt=\"\" width=\"800\" height=\"924\" srcset=\"https:\/\/lackman.com.br\/wp-content\/uploads\/2023\/04\/IMG_4984-e1682462604946.jpeg 800w, https:\/\/lackman.com.br\/wp-content\/uploads\/2023\/04\/IMG_4984-e1682462604946-260x300.jpeg 260w, https:\/\/lackman.com.br\/wp-content\/uploads\/2023\/04\/IMG_4984-e1682462604946-768x887.jpeg 768w\" sizes=\"(max-width: 800px) 100vw, 800px\" \/><\/p>\n<p style=\"text-align: justify;\">Batizada de\u00a0<span class=\"il\">Nordestesse<\/span>\u00a0<strong>Arte Paratodas<\/strong>, a exposi\u00e7\u00e3o vai reunir cerca de 30 obras de nomes fortes das <strong>artes<\/strong> do\u00a0<span class=\"il\">Nordeste<\/span>, como os pernambucanos Bruno Vilela, Kilian Glasner, Juliana Notar e os paraibanos Christus N\u00f3brega e \u00cdris Helena; al\u00e9m de artistas cujos pais e\/ou av\u00f3s vieram do\u00a0<span class=\"il\">Nordeste<\/span>\u00a0para <strong>\u201cconstruir\u201d<\/strong> Bras\u00edlia, cujas obras t\u00eam influ\u00eancia dessa ascend\u00eancia.<\/p>\n<figure id=\"attachment_4083\" aria-describedby=\"caption-attachment-4083\" style=\"width: 866px\" class=\"wp-caption alignnone\"><img decoding=\"async\" class=\"wp-image-4083 size-large\" src=\"http:\/\/lackman.com.br\/wp-content\/uploads\/2023\/04\/27ae29f3-407c-4f42-bb71-4bdb1f32d512-e1682462660165-866x1024.jpeg\" alt=\"\" width=\"866\" height=\"1024\" srcset=\"https:\/\/lackman.com.br\/wp-content\/uploads\/2023\/04\/27ae29f3-407c-4f42-bb71-4bdb1f32d512-e1682462660165-866x1024.jpeg 866w, https:\/\/lackman.com.br\/wp-content\/uploads\/2023\/04\/27ae29f3-407c-4f42-bb71-4bdb1f32d512-e1682462660165-254x300.jpeg 254w, https:\/\/lackman.com.br\/wp-content\/uploads\/2023\/04\/27ae29f3-407c-4f42-bb71-4bdb1f32d512-e1682462660165-768x908.jpeg 768w, https:\/\/lackman.com.br\/wp-content\/uploads\/2023\/04\/27ae29f3-407c-4f42-bb71-4bdb1f32d512-e1682462660165.jpeg 1066w\" sizes=\"(max-width: 866px) 100vw, 866px\" \/><figcaption id=\"caption-attachment-4083\" class=\"wp-caption-text\"><strong>Cole\u00e7\u00e3o do estilista potiguar George Azevedo consolida marca autoral real\u00e7ada pela identidade nordestina e muita arte. Looks est\u00e3o dispon\u00edveis no Festival\u00a0<\/strong><\/figcaption><\/figure>\n<p style=\"text-align: justify;\">A exposi\u00e7\u00e3o \u00e9 100% <strong>social:<\/strong> metade da renda obtida com a venda ser\u00e1 <strong>revertida<\/strong> para os projetos da <strong>ONG Paratodos,<\/strong> que apoia crian\u00e7as e adolescentes em <strong>vulnerabilidade<\/strong> social atrav\u00e9s da arte e educa\u00e7\u00e3o em <strong>Pernambuco.<\/strong> A outra metade fica para os artistas investirem em suas carreiras.<\/p>\n<p style=\"text-align: justify;\">A loja do festival funciona de ter\u00e7a a quinta, das 11h \u00e0s 20h. A <strong>vernissage<\/strong> da exposi\u00e7\u00e3o\u00a0<span class=\"il\">Nordestesse<\/span>\u00a0Paratodas acontece no dia 26 de abril, das 17h \u00e0s 22h, e vai contar com <strong>degusta\u00e7\u00e3o<\/strong> de cacha\u00e7a e de produtos regionais.<\/p>\n<h5 style=\"text-align: justify;\">Quer ir?<\/h5>\n<p>Festival Nordestesse Para Todas<\/p>\n<p style=\"text-align: justify;\">A Quadra fica na SHIS QI 13, Conjunto 7, Casa 8 &#8211; Lago Sul.<\/p>\n<p style=\"text-align: justify;\">Instagram: <span style=\"color: #0000ff;\"><strong><a style=\"color: #0000ff;\" href=\"https:\/\/instagram.com\/q.u.a.d.r.a?igshid=YmMyMTA2M2Y=\">@q.u.a.d.r.a<\/a><\/strong><\/span><\/p>\n<hr \/>\n<pre>\u00a0Fotos: Divulga\u00e7\u00e3o<\/pre>\n<p>&nbsp;<\/p>\n","protected":false},"excerpt":{"rendered":"<p>Encontro que re\u00fane criadores nordestinos em prol da valoriza\u00e7\u00e3o da brasilidade e consumo consciente chega \u00e0 sua 3\u00aa edi\u00e7\u00e3o em BSB O Festival Nordestesse em Bras\u00edlia, ocupa a Quadra, no Lago Sul, de 25 a 27 de abril, com 22 marcas de moda, acess\u00f3rios e decora\u00e7\u00e3o. Como novidade dessa edi\u00e7\u00e3o: uma exposi\u00e7\u00e3o para mostrar que a for\u00e7a criativa do Nordeste anda mais potente que nunca. Batizada de\u00a0Nordestesse\u00a0Arte Paratodas, a exposi\u00e7\u00e3o vai reunir cerca de 30 obras de nomes fortes das artes do\u00a0Nordeste, como os pernambucanos Bruno Vilela, Kilian Glasner, Juliana Notar e os paraibanos Christus N\u00f3brega e \u00cdris Helena; al\u00e9m de artistas cujos pais e\/ou av\u00f3s vieram do\u00a0Nordeste\u00a0para \u201cconstruir\u201d Bras\u00edlia, cujas obras t\u00eam influ\u00eancia dessa ascend\u00eancia. A exposi\u00e7\u00e3o \u00e9 100% social: metade da renda obtida com a venda ser\u00e1 revertida para os projetos da ONG Paratodos, que apoia crian\u00e7as e adolescentes em vulnerabilidade social atrav\u00e9s da arte e educa\u00e7\u00e3o em Pernambuco. A outra metade fica para os artistas investirem em suas carreiras. A loja do festival funciona de ter\u00e7a a quinta, das 11h \u00e0s 20h. A vernissage da exposi\u00e7\u00e3o\u00a0Nordestesse\u00a0Paratodas acontece no dia 26 de abril, das 17h \u00e0s 22h, e vai contar com degusta\u00e7\u00e3o de cacha\u00e7a e de produtos regionais. Quer ir? Festival Nordestesse Para Todas A Quadra fica na SHIS QI 13, Conjunto 7, Casa 8 &#8211; Lago Sul. Instagram: @q.u.a.d.r.a \u00a0Fotos: Divulga\u00e7\u00e3o &nbsp;<\/p>\n","protected":false},"author":2,"featured_media":4081,"comment_status":"closed","ping_status":"open","sticky":false,"template":"","format":"standard","meta":{"site-sidebar-layout":"default","site-content-layout":"default","ast-site-content-layout":"default","site-content-style":"default","site-sidebar-style":"default","ast-global-header-display":"","ast-banner-title-visibility":"","ast-main-header-display":"","ast-hfb-above-header-display":"","ast-hfb-below-header-display":"","ast-hfb-mobile-header-display":"","site-post-title":"","ast-breadcrumbs-content":"","ast-featured-img":"","footer-sml-layout":"","ast-disable-related-posts":"","theme-transparent-header-meta":"default","adv-header-id-meta":"","stick-header-meta":"","header-above-stick-meta":"","header-main-stick-meta":"","header-below-stick-meta":"","astra-migrate-meta-layouts":"default","ast-page-background-enabled":"default","ast-page-background-meta":{"desktop":{"background-color":"","background-image":"","background-repeat":"repeat","background-position":"center center","background-size":"auto","background-attachment":"scroll","background-type":"","background-media":"","overlay-type":"","overlay-color":"","overlay-opacity":"","overlay-gradient":""},"tablet":{"background-color":"","background-image":"","background-repeat":"repeat","background-position":"center center","background-size":"auto","background-attachment":"scroll","background-type":"","background-media":"","overlay-type":"","overlay-color":"","overlay-opacity":"","overlay-gradient":""},"mobile":{"background-color":"","background-image":"","background-repeat":"repeat","background-position":"center center","background-size":"auto","background-attachment":"scroll","background-type":"","background-media":"","overlay-type":"","overlay-color":"","overlay-opacity":"","overlay-gradient":""}},"ast-content-background-meta":{"desktop":{"background-color":"var(--ast-global-color-5)","background-image":"","background-repeat":"repeat","background-position":"center center","background-size":"auto","background-attachment":"scroll","background-type":"","background-media":"","overlay-type":"","overlay-color":"","overlay-opacity":"","overlay-gradient":""},"tablet":{"background-color":"var(--ast-global-color-5)","background-image":"","background-repeat":"repeat","background-position":"center center","background-size":"auto","background-attachment":"scroll","background-type":"","background-media":"","overlay-type":"","overlay-color":"","overlay-opacity":"","overlay-gradient":""},"mobile":{"background-color":"var(--ast-global-color-5)","background-image":"","background-repeat":"repeat","background-position":"center center","background-size":"auto","background-attachment":"scroll","background-type":"","background-media":"","overlay-type":"","overlay-color":"","overlay-opacity":"","overlay-gradient":""}},"footnotes":""},"categories":[39],"tags":[],"class_list":["post-4079","post","type-post","status-publish","format-standard","has-post-thumbnail","hentry","category-em-alta"],"yoast_head":"<!-- This site is optimized with the Yoast SEO plugin v27.0 - https:\/\/yoast.com\/product\/yoast-seo-wordpress\/ -->\n<title>Festival de moda e arte traz o melhor do Nordeste para Bras\u00edlia - LACKMAN &amp; CO.<\/title>\n<meta name=\"robots\" content=\"index, follow, max-snippet:-1, max-image-preview:large, max-video-preview:-1\" \/>\n<link rel=\"canonical\" href=\"https:\/\/lackman.com.br\/index.php\/2023\/04\/25\/festival-de-moda-e-arte-traz-o-melhor-do-nordeste-para-brasilia\/\" \/>\n<meta property=\"og:locale\" content=\"pt_BR\" \/>\n<meta property=\"og:type\" content=\"article\" \/>\n<meta property=\"og:title\" content=\"Festival de moda e arte traz o melhor do Nordeste para Bras\u00edlia - LACKMAN &amp; CO.\" \/>\n<meta property=\"og:description\" content=\"Encontro que re\u00fane criadores nordestinos em prol da valoriza\u00e7\u00e3o da brasilidade e consumo consciente chega \u00e0 sua 3\u00aa edi\u00e7\u00e3o em BSB O Festival Nordestesse em Bras\u00edlia, ocupa a Quadra, no Lago Sul, de 25 a 27 de abril, com 22 marcas de moda, acess\u00f3rios e decora\u00e7\u00e3o. Como novidade dessa edi\u00e7\u00e3o: uma exposi\u00e7\u00e3o para mostrar que a for\u00e7a criativa do Nordeste anda mais potente que nunca. Batizada de\u00a0Nordestesse\u00a0Arte Paratodas, a exposi\u00e7\u00e3o vai reunir cerca de 30 obras de nomes fortes das artes do\u00a0Nordeste, como os pernambucanos Bruno Vilela, Kilian Glasner, Juliana Notar e os paraibanos Christus N\u00f3brega e \u00cdris Helena; al\u00e9m de artistas cujos pais e\/ou av\u00f3s vieram do\u00a0Nordeste\u00a0para \u201cconstruir\u201d Bras\u00edlia, cujas obras t\u00eam influ\u00eancia dessa ascend\u00eancia. A exposi\u00e7\u00e3o \u00e9 100% social: metade da renda obtida com a venda ser\u00e1 revertida para os projetos da ONG Paratodos, que apoia crian\u00e7as e adolescentes em vulnerabilidade social atrav\u00e9s da arte e educa\u00e7\u00e3o em Pernambuco. A outra metade fica para os artistas investirem em suas carreiras. A loja do festival funciona de ter\u00e7a a quinta, das 11h \u00e0s 20h. A vernissage da exposi\u00e7\u00e3o\u00a0Nordestesse\u00a0Paratodas acontece no dia 26 de abril, das 17h \u00e0s 22h, e vai contar com degusta\u00e7\u00e3o de cacha\u00e7a e de produtos regionais. Quer ir? Festival Nordestesse Para Todas A Quadra fica na SHIS QI 13, Conjunto 7, Casa 8 &#8211; Lago Sul. Instagram: @q.u.a.d.r.a \u00a0Fotos: Divulga\u00e7\u00e3o &nbsp;\" \/>\n<meta property=\"og:url\" content=\"https:\/\/lackman.com.br\/index.php\/2023\/04\/25\/festival-de-moda-e-arte-traz-o-melhor-do-nordeste-para-brasilia\/\" \/>\n<meta property=\"og:site_name\" content=\"LACKMAN &amp; CO.\" \/>\n<meta property=\"article:author\" content=\"https:\/\/www.facebook.com\/fernandolackman\" \/>\n<meta property=\"article:published_time\" content=\"2023-04-25T22:41:08+00:00\" \/>\n<meta property=\"article:modified_time\" content=\"2023-04-25T22:48:24+00:00\" \/>\n<meta property=\"og:image\" content=\"http:\/\/lackman.com.br\/wp-content\/uploads\/2023\/04\/403fc063-5e18-4ae9-b880-6b1007c05037.jpeg\" \/>\n\t<meta property=\"og:image:width\" content=\"1066\" \/>\n\t<meta property=\"og:image:height\" content=\"1600\" \/>\n\t<meta property=\"og:image:type\" content=\"image\/jpeg\" \/>\n<meta name=\"author\" content=\"Fernando Lackman\" \/>\n<meta name=\"twitter:card\" content=\"summary_large_image\" \/>\n<meta name=\"twitter:creator\" content=\"@fernandolackman\" \/>\n<meta name=\"twitter:label1\" content=\"Escrito por\" \/>\n\t<meta name=\"twitter:data1\" content=\"Fernando Lackman\" \/>\n\t<meta name=\"twitter:label2\" content=\"Est. tempo de leitura\" \/>\n\t<meta name=\"twitter:data2\" content=\"1 minuto\" \/>\n<script type=\"application\/ld+json\" class=\"yoast-schema-graph\">{\"@context\":\"https:\/\/schema.org\",\"@graph\":[{\"@type\":\"Article\",\"@id\":\"https:\/\/lackman.com.br\/index.php\/2023\/04\/25\/festival-de-moda-e-arte-traz-o-melhor-do-nordeste-para-brasilia\/#article\",\"isPartOf\":{\"@id\":\"https:\/\/lackman.com.br\/index.php\/2023\/04\/25\/festival-de-moda-e-arte-traz-o-melhor-do-nordeste-para-brasilia\/\"},\"author\":{\"name\":\"Fernando Lackman\",\"@id\":\"https:\/\/lackman.com.br\/#\/schema\/person\/dbfb3fbfc55f2b0bd4f9039696e70858\"},\"headline\":\"Festival de moda e arte traz o melhor do Nordeste para Bras\u00edlia\",\"datePublished\":\"2023-04-25T22:41:08+00:00\",\"dateModified\":\"2023-04-25T22:48:24+00:00\",\"mainEntityOfPage\":{\"@id\":\"https:\/\/lackman.com.br\/index.php\/2023\/04\/25\/festival-de-moda-e-arte-traz-o-melhor-do-nordeste-para-brasilia\/\"},\"wordCount\":294,\"publisher\":{\"@id\":\"https:\/\/lackman.com.br\/#organization\"},\"image\":{\"@id\":\"https:\/\/lackman.com.br\/index.php\/2023\/04\/25\/festival-de-moda-e-arte-traz-o-melhor-do-nordeste-para-brasilia\/#primaryimage\"},\"thumbnailUrl\":\"https:\/\/lackman.com.br\/wp-content\/uploads\/2023\/04\/403fc063-5e18-4ae9-b880-6b1007c05037.jpeg\",\"articleSection\":[\"Em alta\"],\"inLanguage\":\"pt-BR\"},{\"@type\":\"WebPage\",\"@id\":\"https:\/\/lackman.com.br\/index.php\/2023\/04\/25\/festival-de-moda-e-arte-traz-o-melhor-do-nordeste-para-brasilia\/\",\"url\":\"https:\/\/lackman.com.br\/index.php\/2023\/04\/25\/festival-de-moda-e-arte-traz-o-melhor-do-nordeste-para-brasilia\/\",\"name\":\"Festival de moda e arte traz o melhor do Nordeste para Bras\u00edlia - LACKMAN &amp; CO.\",\"isPartOf\":{\"@id\":\"https:\/\/lackman.com.br\/#website\"},\"primaryImageOfPage\":{\"@id\":\"https:\/\/lackman.com.br\/index.php\/2023\/04\/25\/festival-de-moda-e-arte-traz-o-melhor-do-nordeste-para-brasilia\/#primaryimage\"},\"image\":{\"@id\":\"https:\/\/lackman.com.br\/index.php\/2023\/04\/25\/festival-de-moda-e-arte-traz-o-melhor-do-nordeste-para-brasilia\/#primaryimage\"},\"thumbnailUrl\":\"https:\/\/lackman.com.br\/wp-content\/uploads\/2023\/04\/403fc063-5e18-4ae9-b880-6b1007c05037.jpeg\",\"datePublished\":\"2023-04-25T22:41:08+00:00\",\"dateModified\":\"2023-04-25T22:48:24+00:00\",\"breadcrumb\":{\"@id\":\"https:\/\/lackman.com.br\/index.php\/2023\/04\/25\/festival-de-moda-e-arte-traz-o-melhor-do-nordeste-para-brasilia\/#breadcrumb\"},\"inLanguage\":\"pt-BR\",\"potentialAction\":[{\"@type\":\"ReadAction\",\"target\":[\"https:\/\/lackman.com.br\/index.php\/2023\/04\/25\/festival-de-moda-e-arte-traz-o-melhor-do-nordeste-para-brasilia\/\"]}]},{\"@type\":\"ImageObject\",\"inLanguage\":\"pt-BR\",\"@id\":\"https:\/\/lackman.com.br\/index.php\/2023\/04\/25\/festival-de-moda-e-arte-traz-o-melhor-do-nordeste-para-brasilia\/#primaryimage\",\"url\":\"https:\/\/lackman.com.br\/wp-content\/uploads\/2023\/04\/403fc063-5e18-4ae9-b880-6b1007c05037.jpeg\",\"contentUrl\":\"https:\/\/lackman.com.br\/wp-content\/uploads\/2023\/04\/403fc063-5e18-4ae9-b880-6b1007c05037.jpeg\",\"width\":1066,\"height\":1600},{\"@type\":\"BreadcrumbList\",\"@id\":\"https:\/\/lackman.com.br\/index.php\/2023\/04\/25\/festival-de-moda-e-arte-traz-o-melhor-do-nordeste-para-brasilia\/#breadcrumb\",\"itemListElement\":[{\"@type\":\"ListItem\",\"position\":1,\"name\":\"In\u00edcio\",\"item\":\"https:\/\/lackman.com.br\/\"},{\"@type\":\"ListItem\",\"position\":2,\"name\":\"Festival de moda e arte traz o melhor do Nordeste para Bras\u00edlia\"}]},{\"@type\":\"WebSite\",\"@id\":\"https:\/\/lackman.com.br\/#website\",\"url\":\"https:\/\/lackman.com.br\/\",\"name\":\"LACKMAN &amp; CO.\",\"description\":\"VIDA | MODA | ARTE\",\"publisher\":{\"@id\":\"https:\/\/lackman.com.br\/#organization\"},\"potentialAction\":[{\"@type\":\"SearchAction\",\"target\":{\"@type\":\"EntryPoint\",\"urlTemplate\":\"https:\/\/lackman.com.br\/?s={search_term_string}\"},\"query-input\":{\"@type\":\"PropertyValueSpecification\",\"valueRequired\":true,\"valueName\":\"search_term_string\"}}],\"inLanguage\":\"pt-BR\"},{\"@type\":\"Organization\",\"@id\":\"https:\/\/lackman.com.br\/#organization\",\"name\":\"LACKMAN &amp; CO.\",\"url\":\"https:\/\/lackman.com.br\/\",\"logo\":{\"@type\":\"ImageObject\",\"inLanguage\":\"pt-BR\",\"@id\":\"https:\/\/lackman.com.br\/#\/schema\/logo\/image\/\",\"url\":\"https:\/\/lackman.com.br\/wp-content\/uploads\/2023\/06\/Logotipo_preto-1.png\",\"contentUrl\":\"https:\/\/lackman.com.br\/wp-content\/uploads\/2023\/06\/Logotipo_preto-1.png\",\"width\":739,\"height\":393,\"caption\":\"LACKMAN &amp; CO.\"},\"image\":{\"@id\":\"https:\/\/lackman.com.br\/#\/schema\/logo\/image\/\"}},{\"@type\":\"Person\",\"@id\":\"https:\/\/lackman.com.br\/#\/schema\/person\/dbfb3fbfc55f2b0bd4f9039696e70858\",\"name\":\"Fernando Lackman\",\"image\":{\"@type\":\"ImageObject\",\"inLanguage\":\"pt-BR\",\"@id\":\"https:\/\/lackman.com.br\/#\/schema\/person\/image\/\",\"url\":\"https:\/\/secure.gravatar.com\/avatar\/ae7993150af197e66480c8a769891833dd2b8d809f0d9ff3f25af796cf378ce8?s=96&d=mm&r=g\",\"contentUrl\":\"https:\/\/secure.gravatar.com\/avatar\/ae7993150af197e66480c8a769891833dd2b8d809f0d9ff3f25af796cf378ce8?s=96&d=mm&r=g\",\"caption\":\"Fernando Lackman\"},\"description\":\"Fernando Lackman \u00e9 jornalista especializado em Moda e Cultura, editor do site LACKMAN.com.br. \u00c9 autor do livro Bras\u00edlia Capital dos Criadores, que conta a hist\u00f3ria da moda no Distrito Federal. Tem em seu curr\u00edculo assinatura de dire\u00e7\u00e3o criativa e de desfiles em eventos como Estilo DF Plaza, Summer Collections, JK Street Fashion, Desfile Beleza Negra (DBN), PicniK Fashion Show, Vogue Fashion\u2019s Night Out Bras\u00edlia, entre outros. Foi diretor criativo do extinto Capital Fashion Week. Atualmente trabalha na dire\u00e7\u00e3o criativa de eventos como Top CUFA, BSB Fashion Street, Bras\u00edlia Fashion House, Ateli\u00ea Bras\u00edlia e Goi\u00e1s Fashion Week.\",\"sameAs\":[\"https:\/\/lackman.com.br\/\",\"https:\/\/www.facebook.com\/fernandolackman\",\"https:\/\/www.instagram.com\/fernandolackman\/\",\"https:\/\/www.linkedin.com\/in\/fernando-lackman\/\",\"https:\/\/br.pinterest.com\/fernandolackman\/\",\"https:\/\/x.com\/fernandolackman\"],\"url\":\"https:\/\/lackman.com.br\/index.php\/author\/fernando-lackman\/\"}]}<\/script>\n<!-- \/ Yoast SEO plugin. -->","yoast_head_json":{"title":"Festival de moda e arte traz o melhor do Nordeste para Bras\u00edlia - LACKMAN &amp; CO.","robots":{"index":"index","follow":"follow","max-snippet":"max-snippet:-1","max-image-preview":"max-image-preview:large","max-video-preview":"max-video-preview:-1"},"canonical":"https:\/\/lackman.com.br\/index.php\/2023\/04\/25\/festival-de-moda-e-arte-traz-o-melhor-do-nordeste-para-brasilia\/","og_locale":"pt_BR","og_type":"article","og_title":"Festival de moda e arte traz o melhor do Nordeste para Bras\u00edlia - LACKMAN &amp; CO.","og_description":"Encontro que re\u00fane criadores nordestinos em prol da valoriza\u00e7\u00e3o da brasilidade e consumo consciente chega \u00e0 sua 3\u00aa edi\u00e7\u00e3o em BSB O Festival Nordestesse em Bras\u00edlia, ocupa a Quadra, no Lago Sul, de 25 a 27 de abril, com 22 marcas de moda, acess\u00f3rios e decora\u00e7\u00e3o. Como novidade dessa edi\u00e7\u00e3o: uma exposi\u00e7\u00e3o para mostrar que a for\u00e7a criativa do Nordeste anda mais potente que nunca. Batizada de\u00a0Nordestesse\u00a0Arte Paratodas, a exposi\u00e7\u00e3o vai reunir cerca de 30 obras de nomes fortes das artes do\u00a0Nordeste, como os pernambucanos Bruno Vilela, Kilian Glasner, Juliana Notar e os paraibanos Christus N\u00f3brega e \u00cdris Helena; al\u00e9m de artistas cujos pais e\/ou av\u00f3s vieram do\u00a0Nordeste\u00a0para \u201cconstruir\u201d Bras\u00edlia, cujas obras t\u00eam influ\u00eancia dessa ascend\u00eancia. A exposi\u00e7\u00e3o \u00e9 100% social: metade da renda obtida com a venda ser\u00e1 revertida para os projetos da ONG Paratodos, que apoia crian\u00e7as e adolescentes em vulnerabilidade social atrav\u00e9s da arte e educa\u00e7\u00e3o em Pernambuco. A outra metade fica para os artistas investirem em suas carreiras. A loja do festival funciona de ter\u00e7a a quinta, das 11h \u00e0s 20h. A vernissage da exposi\u00e7\u00e3o\u00a0Nordestesse\u00a0Paratodas acontece no dia 26 de abril, das 17h \u00e0s 22h, e vai contar com degusta\u00e7\u00e3o de cacha\u00e7a e de produtos regionais. Quer ir? Festival Nordestesse Para Todas A Quadra fica na SHIS QI 13, Conjunto 7, Casa 8 &#8211; Lago Sul. Instagram: @q.u.a.d.r.a \u00a0Fotos: Divulga\u00e7\u00e3o &nbsp;","og_url":"https:\/\/lackman.com.br\/index.php\/2023\/04\/25\/festival-de-moda-e-arte-traz-o-melhor-do-nordeste-para-brasilia\/","og_site_name":"LACKMAN &amp; CO.","article_author":"https:\/\/www.facebook.com\/fernandolackman","article_published_time":"2023-04-25T22:41:08+00:00","article_modified_time":"2023-04-25T22:48:24+00:00","og_image":[{"width":1066,"height":1600,"url":"http:\/\/lackman.com.br\/wp-content\/uploads\/2023\/04\/403fc063-5e18-4ae9-b880-6b1007c05037.jpeg","type":"image\/jpeg"}],"author":"Fernando Lackman","twitter_card":"summary_large_image","twitter_creator":"@fernandolackman","twitter_misc":{"Escrito por":"Fernando Lackman","Est. tempo de leitura":"1 minuto"},"schema":{"@context":"https:\/\/schema.org","@graph":[{"@type":"Article","@id":"https:\/\/lackman.com.br\/index.php\/2023\/04\/25\/festival-de-moda-e-arte-traz-o-melhor-do-nordeste-para-brasilia\/#article","isPartOf":{"@id":"https:\/\/lackman.com.br\/index.php\/2023\/04\/25\/festival-de-moda-e-arte-traz-o-melhor-do-nordeste-para-brasilia\/"},"author":{"name":"Fernando Lackman","@id":"https:\/\/lackman.com.br\/#\/schema\/person\/dbfb3fbfc55f2b0bd4f9039696e70858"},"headline":"Festival de moda e arte traz o melhor do Nordeste para Bras\u00edlia","datePublished":"2023-04-25T22:41:08+00:00","dateModified":"2023-04-25T22:48:24+00:00","mainEntityOfPage":{"@id":"https:\/\/lackman.com.br\/index.php\/2023\/04\/25\/festival-de-moda-e-arte-traz-o-melhor-do-nordeste-para-brasilia\/"},"wordCount":294,"publisher":{"@id":"https:\/\/lackman.com.br\/#organization"},"image":{"@id":"https:\/\/lackman.com.br\/index.php\/2023\/04\/25\/festival-de-moda-e-arte-traz-o-melhor-do-nordeste-para-brasilia\/#primaryimage"},"thumbnailUrl":"https:\/\/lackman.com.br\/wp-content\/uploads\/2023\/04\/403fc063-5e18-4ae9-b880-6b1007c05037.jpeg","articleSection":["Em alta"],"inLanguage":"pt-BR"},{"@type":"WebPage","@id":"https:\/\/lackman.com.br\/index.php\/2023\/04\/25\/festival-de-moda-e-arte-traz-o-melhor-do-nordeste-para-brasilia\/","url":"https:\/\/lackman.com.br\/index.php\/2023\/04\/25\/festival-de-moda-e-arte-traz-o-melhor-do-nordeste-para-brasilia\/","name":"Festival de moda e arte traz o melhor do Nordeste para Bras\u00edlia - LACKMAN &amp; CO.","isPartOf":{"@id":"https:\/\/lackman.com.br\/#website"},"primaryImageOfPage":{"@id":"https:\/\/lackman.com.br\/index.php\/2023\/04\/25\/festival-de-moda-e-arte-traz-o-melhor-do-nordeste-para-brasilia\/#primaryimage"},"image":{"@id":"https:\/\/lackman.com.br\/index.php\/2023\/04\/25\/festival-de-moda-e-arte-traz-o-melhor-do-nordeste-para-brasilia\/#primaryimage"},"thumbnailUrl":"https:\/\/lackman.com.br\/wp-content\/uploads\/2023\/04\/403fc063-5e18-4ae9-b880-6b1007c05037.jpeg","datePublished":"2023-04-25T22:41:08+00:00","dateModified":"2023-04-25T22:48:24+00:00","breadcrumb":{"@id":"https:\/\/lackman.com.br\/index.php\/2023\/04\/25\/festival-de-moda-e-arte-traz-o-melhor-do-nordeste-para-brasilia\/#breadcrumb"},"inLanguage":"pt-BR","potentialAction":[{"@type":"ReadAction","target":["https:\/\/lackman.com.br\/index.php\/2023\/04\/25\/festival-de-moda-e-arte-traz-o-melhor-do-nordeste-para-brasilia\/"]}]},{"@type":"ImageObject","inLanguage":"pt-BR","@id":"https:\/\/lackman.com.br\/index.php\/2023\/04\/25\/festival-de-moda-e-arte-traz-o-melhor-do-nordeste-para-brasilia\/#primaryimage","url":"https:\/\/lackman.com.br\/wp-content\/uploads\/2023\/04\/403fc063-5e18-4ae9-b880-6b1007c05037.jpeg","contentUrl":"https:\/\/lackman.com.br\/wp-content\/uploads\/2023\/04\/403fc063-5e18-4ae9-b880-6b1007c05037.jpeg","width":1066,"height":1600},{"@type":"BreadcrumbList","@id":"https:\/\/lackman.com.br\/index.php\/2023\/04\/25\/festival-de-moda-e-arte-traz-o-melhor-do-nordeste-para-brasilia\/#breadcrumb","itemListElement":[{"@type":"ListItem","position":1,"name":"In\u00edcio","item":"https:\/\/lackman.com.br\/"},{"@type":"ListItem","position":2,"name":"Festival de moda e arte traz o melhor do Nordeste para Bras\u00edlia"}]},{"@type":"WebSite","@id":"https:\/\/lackman.com.br\/#website","url":"https:\/\/lackman.com.br\/","name":"LACKMAN &amp; CO.","description":"VIDA | MODA | ARTE","publisher":{"@id":"https:\/\/lackman.com.br\/#organization"},"potentialAction":[{"@type":"SearchAction","target":{"@type":"EntryPoint","urlTemplate":"https:\/\/lackman.com.br\/?s={search_term_string}"},"query-input":{"@type":"PropertyValueSpecification","valueRequired":true,"valueName":"search_term_string"}}],"inLanguage":"pt-BR"},{"@type":"Organization","@id":"https:\/\/lackman.com.br\/#organization","name":"LACKMAN &amp; CO.","url":"https:\/\/lackman.com.br\/","logo":{"@type":"ImageObject","inLanguage":"pt-BR","@id":"https:\/\/lackman.com.br\/#\/schema\/logo\/image\/","url":"https:\/\/lackman.com.br\/wp-content\/uploads\/2023\/06\/Logotipo_preto-1.png","contentUrl":"https:\/\/lackman.com.br\/wp-content\/uploads\/2023\/06\/Logotipo_preto-1.png","width":739,"height":393,"caption":"LACKMAN &amp; CO."},"image":{"@id":"https:\/\/lackman.com.br\/#\/schema\/logo\/image\/"}},{"@type":"Person","@id":"https:\/\/lackman.com.br\/#\/schema\/person\/dbfb3fbfc55f2b0bd4f9039696e70858","name":"Fernando Lackman","image":{"@type":"ImageObject","inLanguage":"pt-BR","@id":"https:\/\/lackman.com.br\/#\/schema\/person\/image\/","url":"https:\/\/secure.gravatar.com\/avatar\/ae7993150af197e66480c8a769891833dd2b8d809f0d9ff3f25af796cf378ce8?s=96&d=mm&r=g","contentUrl":"https:\/\/secure.gravatar.com\/avatar\/ae7993150af197e66480c8a769891833dd2b8d809f0d9ff3f25af796cf378ce8?s=96&d=mm&r=g","caption":"Fernando Lackman"},"description":"Fernando Lackman \u00e9 jornalista especializado em Moda e Cultura, editor do site LACKMAN.com.br. \u00c9 autor do livro Bras\u00edlia Capital dos Criadores, que conta a hist\u00f3ria da moda no Distrito Federal. Tem em seu curr\u00edculo assinatura de dire\u00e7\u00e3o criativa e de desfiles em eventos como Estilo DF Plaza, Summer Collections, JK Street Fashion, Desfile Beleza Negra (DBN), PicniK Fashion Show, Vogue Fashion\u2019s Night Out Bras\u00edlia, entre outros. Foi diretor criativo do extinto Capital Fashion Week. Atualmente trabalha na dire\u00e7\u00e3o criativa de eventos como Top CUFA, BSB Fashion Street, Bras\u00edlia Fashion House, Ateli\u00ea Bras\u00edlia e Goi\u00e1s Fashion Week.","sameAs":["https:\/\/lackman.com.br\/","https:\/\/www.facebook.com\/fernandolackman","https:\/\/www.instagram.com\/fernandolackman\/","https:\/\/www.linkedin.com\/in\/fernando-lackman\/","https:\/\/br.pinterest.com\/fernandolackman\/","https:\/\/x.com\/fernandolackman"],"url":"https:\/\/lackman.com.br\/index.php\/author\/fernando-lackman\/"}]}},"rttpg_featured_image_url":{"full":["https:\/\/lackman.com.br\/wp-content\/uploads\/2023\/04\/403fc063-5e18-4ae9-b880-6b1007c05037.jpeg",1066,1600,false],"landscape":["https:\/\/lackman.com.br\/wp-content\/uploads\/2023\/04\/403fc063-5e18-4ae9-b880-6b1007c05037.jpeg",1066,1600,false],"portraits":["https:\/\/lackman.com.br\/wp-content\/uploads\/2023\/04\/403fc063-5e18-4ae9-b880-6b1007c05037.jpeg",1066,1600,false],"thumbnail":["https:\/\/lackman.com.br\/wp-content\/uploads\/2023\/04\/403fc063-5e18-4ae9-b880-6b1007c05037-150x150.jpeg",150,150,true],"medium":["https:\/\/lackman.com.br\/wp-content\/uploads\/2023\/04\/403fc063-5e18-4ae9-b880-6b1007c05037-200x300.jpeg",200,300,true],"large":["https:\/\/lackman.com.br\/wp-content\/uploads\/2023\/04\/403fc063-5e18-4ae9-b880-6b1007c05037-682x1024.jpeg",682,1024,true],"RoboGalleryMansoryImagesCenter":["https:\/\/lackman.com.br\/wp-content\/uploads\/2023\/04\/403fc063-5e18-4ae9-b880-6b1007c05037-600x1024.jpeg",600,1024,true],"RoboGalleryPreload":["https:\/\/lackman.com.br\/wp-content\/uploads\/2023\/04\/403fc063-5e18-4ae9-b880-6b1007c05037.jpeg",100,150,false],"1536x1536":["https:\/\/lackman.com.br\/wp-content\/uploads\/2023\/04\/403fc063-5e18-4ae9-b880-6b1007c05037-1023x1536.jpeg",1023,1536,true],"2048x2048":["https:\/\/lackman.com.br\/wp-content\/uploads\/2023\/04\/403fc063-5e18-4ae9-b880-6b1007c05037.jpeg",1066,1600,false]},"rttpg_author":{"display_name":"Fernando Lackman","author_link":"https:\/\/lackman.com.br\/index.php\/author\/fernando-lackman\/"},"rttpg_comment":0,"rttpg_category":"<a href=\"https:\/\/lackman.com.br\/index.php\/category\/moda\/em-alta\/\" rel=\"category tag\">Em alta<\/a>","rttpg_excerpt":"Encontro que re\u00fane criadores nordestinos em prol da valoriza\u00e7\u00e3o da brasilidade e consumo consciente chega \u00e0 sua 3\u00aa edi\u00e7\u00e3o em BSB O Festival Nordestesse em Bras\u00edlia, ocupa a Quadra, no Lago Sul, de 25 a 27 de abril, com 22 marcas de moda, acess\u00f3rios e decora\u00e7\u00e3o. Como novidade dessa edi\u00e7\u00e3o: uma exposi\u00e7\u00e3o para mostrar que&hellip;","_links":{"self":[{"href":"https:\/\/lackman.com.br\/index.php\/wp-json\/wp\/v2\/posts\/4079","targetHints":{"allow":["GET"]}}],"collection":[{"href":"https:\/\/lackman.com.br\/index.php\/wp-json\/wp\/v2\/posts"}],"about":[{"href":"https:\/\/lackman.com.br\/index.php\/wp-json\/wp\/v2\/types\/post"}],"author":[{"embeddable":true,"href":"https:\/\/lackman.com.br\/index.php\/wp-json\/wp\/v2\/users\/2"}],"replies":[{"embeddable":true,"href":"https:\/\/lackman.com.br\/index.php\/wp-json\/wp\/v2\/comments?post=4079"}],"version-history":[{"count":4,"href":"https:\/\/lackman.com.br\/index.php\/wp-json\/wp\/v2\/posts\/4079\/revisions"}],"predecessor-version":[{"id":4087,"href":"https:\/\/lackman.com.br\/index.php\/wp-json\/wp\/v2\/posts\/4079\/revisions\/4087"}],"wp:featuredmedia":[{"embeddable":true,"href":"https:\/\/lackman.com.br\/index.php\/wp-json\/wp\/v2\/media\/4081"}],"wp:attachment":[{"href":"https:\/\/lackman.com.br\/index.php\/wp-json\/wp\/v2\/media?parent=4079"}],"wp:term":[{"taxonomy":"category","embeddable":true,"href":"https:\/\/lackman.com.br\/index.php\/wp-json\/wp\/v2\/categories?post=4079"},{"taxonomy":"post_tag","embeddable":true,"href":"https:\/\/lackman.com.br\/index.php\/wp-json\/wp\/v2\/tags?post=4079"}],"curies":[{"name":"wp","href":"https:\/\/api.w.org\/{rel}","templated":true}]}}