{"id":3994,"date":"2023-04-14T11:12:23","date_gmt":"2023-04-14T14:12:23","guid":{"rendered":"https:\/\/lackman.com.br\/?p=3994"},"modified":"2023-04-14T03:35:50","modified_gmt":"2023-04-14T06:35:50","slug":"inscricoes-abertas-para-projeto-sustentavel-costurando-o-futuro","status":"publish","type":"post","link":"https:\/\/lackman.com.br\/index.php\/2023\/04\/14\/inscricoes-abertas-para-projeto-sustentavel-costurando-o-futuro\/","title":{"rendered":"Inscri\u00e7\u00f5es abertas para projeto sustent\u00e1vel Costurando o Futuro"},"content":{"rendered":"<div class=\"col-12 col-md-10 news-title-md p-0\"><\/div>\n<h5><strong><em>Projeto conta com apoio do Instituto Focus T\u00eaxtil e pretende fomentar mercado de moda com desenvolvimento de cria\u00e7\u00f5es com foco na sustentabilidade e reformula\u00e7\u00e3o via upcycling<\/em><\/strong><\/h5>\n<p class=\"article-content col-md-8 offset-md-1\" style=\"text-align: justify;\">A edi\u00e7\u00e3o 2023 do Costurando o Futuro, projeto que visa o desenvolvimento de <strong>comunidades<\/strong> por meio do empreendedorismo em costura, est\u00e1 com inscri\u00e7\u00f5es abertas. A iniciativa oferece <strong>160 vagas<\/strong> gratuitas para as forma\u00e7\u00f5es, que ser\u00e3o realizadas presencialmente duas vezes por semana no bairro do Bom Retiro, em <strong>S\u00e3o Paulo,<\/strong> e ministradas por professores da <strong>Faculdade Santa Marcelina<\/strong>.<\/p>\n<p><img fetchpriority=\"high\" decoding=\"async\" class=\"alignnone wp-image-3996 size-large\" src=\"http:\/\/lackman.com.br\/wp-content\/uploads\/2023\/04\/Costurando-o-Futuro-1024x590.jpg\" alt=\"\" width=\"1024\" height=\"590\" srcset=\"https:\/\/lackman.com.br\/wp-content\/uploads\/2023\/04\/Costurando-o-Futuro-1024x590.jpg 1024w, https:\/\/lackman.com.br\/wp-content\/uploads\/2023\/04\/Costurando-o-Futuro-300x173.jpg 300w, https:\/\/lackman.com.br\/wp-content\/uploads\/2023\/04\/Costurando-o-Futuro-768x443.jpg 768w, https:\/\/lackman.com.br\/wp-content\/uploads\/2023\/04\/Costurando-o-Futuro.jpg 1143w\" sizes=\"(max-width: 1024px) 100vw, 1024px\" \/><\/p>\n<p class=\"article-content col-md-8 offset-md-1\" style=\"text-align: justify;\">As forma\u00e7\u00f5es incluem desde corte e costura, design sustent\u00e1vel <strong>(upcycling),<\/strong> planejamento de neg\u00f3cios, vendas, marketing, atua\u00e7\u00e3o em rede, entre outras, possibilitar\u00e3o ao aluno aprender e desenvolver <strong>compet\u00eancias<\/strong> relativas \u00e0s opera\u00e7\u00f5es da costura em ambiente industrial, <strong>ateli\u00eas de moda<\/strong> e oficinas de costura. Parte dos produtos \u00e9 feita com tecidos automotivos doados pelo Grupo Volkswagen e fornecedores, como revestimentos de bancos e cintos de seguran\u00e7a.<\/p>\n<p class=\"article-content col-md-8 offset-md-1\" style=\"text-align: justify;\">O curso tem curadoria e participa\u00e7\u00e3o do estilista brasileiro\u00a0<strong><a class=\"fnwAddLinks\" title=\"Walter Rodrigues\" href=\"https:\/\/lackman.com.br\/index.php\/2023\/03\/27\/walter-rodrigues-e-galeria-12-eu-acredito-que-roupa-boa-e-aquela-que-ja-existe\/\">Walter Rodrigues<\/a><\/strong> e tamb\u00e9m da designer uruguaia, <strong>Agustina Comas<\/strong>, que j\u00e1 levou sua marca para as passarelas do <strong>Brasil Eco Fashion Week<\/strong> e foi premiada na categoria \u201cInova\u00e7\u00e3o e Tecnologia\u201d pelo Pr\u00eamio Fashion Futures em 2021.<\/p>\n<div class=\"ast-oembed-container \" style=\"height: 100%;\"><iframe title=\"Projeto Costurando o Futuro - Sobre o Projeto\" width=\"500\" height=\"281\" src=\"https:\/\/www.youtube.com\/embed\/8-i3zYC25_s?feature=oembed\" frameborder=\"0\" allow=\"accelerometer; autoplay; clipboard-write; encrypted-media; gyroscope; picture-in-picture; web-share\" referrerpolicy=\"strict-origin-when-cross-origin\" allowfullscreen><\/iframe><\/div>\n<p class=\"col-md-8 offset-md-1 article-content--texte\" style=\"text-align: justify;\">Al\u00e9m da capacita\u00e7\u00e3o t\u00e9cnica, os formados poder\u00e3o integrar a rede Costurando o Futuro, <strong>grupo de costureiras<\/strong> e costureiros da Regi\u00e3o Metropolitana de S\u00e3o Paulo acompanhados pela <strong>Funda\u00e7\u00e3o Grupo Volkswagen<\/strong>, entidade que fundou o projeto em 2009.<\/p>\n<p>Informa\u00e7\u00f5es e inscri\u00e7\u00f5es pelo site: <a href=\"https:\/\/www.institutofocustextil.com.br\/costurandoofuturo\"><span style=\"color: #0000ff;\"><strong>https:\/\/www.institutofocustextil.com.br\/costurandoofuturo<\/strong><\/span><\/a><\/p>\n<hr \/>\n<pre>Fotos: Divulga\u00e7\u00e3o<\/pre>\n","protected":false},"excerpt":{"rendered":"<p>Projeto conta com apoio do Instituto Focus T\u00eaxtil e pretende fomentar mercado de moda com desenvolvimento de cria\u00e7\u00f5es com foco na sustentabilidade e reformula\u00e7\u00e3o via upcycling A edi\u00e7\u00e3o 2023 do Costurando o Futuro, projeto que visa o desenvolvimento de comunidades por meio do empreendedorismo em costura, est\u00e1 com inscri\u00e7\u00f5es abertas. A iniciativa oferece 160 vagas gratuitas para as forma\u00e7\u00f5es, que ser\u00e3o realizadas presencialmente duas vezes por semana no bairro do Bom Retiro, em S\u00e3o Paulo, e ministradas por professores da Faculdade Santa Marcelina. As forma\u00e7\u00f5es incluem desde corte e costura, design sustent\u00e1vel (upcycling), planejamento de neg\u00f3cios, vendas, marketing, atua\u00e7\u00e3o em rede, entre outras, possibilitar\u00e3o ao aluno aprender e desenvolver compet\u00eancias relativas \u00e0s opera\u00e7\u00f5es da costura em ambiente industrial, ateli\u00eas de moda e oficinas de costura. Parte dos produtos \u00e9 feita com tecidos automotivos doados pelo Grupo Volkswagen e fornecedores, como revestimentos de bancos e cintos de seguran\u00e7a. O curso tem curadoria e participa\u00e7\u00e3o do estilista brasileiro\u00a0Walter Rodrigues e tamb\u00e9m da designer uruguaia, Agustina Comas, que j\u00e1 levou sua marca para as passarelas do Brasil Eco Fashion Week e foi premiada na categoria \u201cInova\u00e7\u00e3o e Tecnologia\u201d pelo Pr\u00eamio Fashion Futures em 2021. Al\u00e9m da capacita\u00e7\u00e3o t\u00e9cnica, os formados poder\u00e3o integrar a rede Costurando o Futuro, grupo de costureiras e costureiros da Regi\u00e3o Metropolitana de S\u00e3o Paulo acompanhados pela Funda\u00e7\u00e3o Grupo Volkswagen, entidade que fundou o projeto em 2009. Informa\u00e7\u00f5es e inscri\u00e7\u00f5es pelo site: https:\/\/www.institutofocustextil.com.br\/costurandoofuturo Fotos: Divulga\u00e7\u00e3o<\/p>\n","protected":false},"author":2,"featured_media":3995,"comment_status":"closed","ping_status":"open","sticky":false,"template":"","format":"standard","meta":{"site-sidebar-layout":"default","site-content-layout":"default","ast-site-content-layout":"default","site-content-style":"default","site-sidebar-style":"default","ast-global-header-display":"","ast-banner-title-visibility":"","ast-main-header-display":"","ast-hfb-above-header-display":"","ast-hfb-below-header-display":"","ast-hfb-mobile-header-display":"","site-post-title":"","ast-breadcrumbs-content":"","ast-featured-img":"","footer-sml-layout":"","ast-disable-related-posts":"","theme-transparent-header-meta":"default","adv-header-id-meta":"","stick-header-meta":"","header-above-stick-meta":"","header-main-stick-meta":"","header-below-stick-meta":"","astra-migrate-meta-layouts":"default","ast-page-background-enabled":"default","ast-page-background-meta":{"desktop":{"background-color":"","background-image":"","background-repeat":"repeat","background-position":"center center","background-size":"auto","background-attachment":"scroll","background-type":"","background-media":"","overlay-type":"","overlay-color":"","overlay-opacity":"","overlay-gradient":""},"tablet":{"background-color":"","background-image":"","background-repeat":"repeat","background-position":"center center","background-size":"auto","background-attachment":"scroll","background-type":"","background-media":"","overlay-type":"","overlay-color":"","overlay-opacity":"","overlay-gradient":""},"mobile":{"background-color":"","background-image":"","background-repeat":"repeat","background-position":"center center","background-size":"auto","background-attachment":"scroll","background-type":"","background-media":"","overlay-type":"","overlay-color":"","overlay-opacity":"","overlay-gradient":""}},"ast-content-background-meta":{"desktop":{"background-color":"var(--ast-global-color-5)","background-image":"","background-repeat":"repeat","background-position":"center center","background-size":"auto","background-attachment":"scroll","background-type":"","background-media":"","overlay-type":"","overlay-color":"","overlay-opacity":"","overlay-gradient":""},"tablet":{"background-color":"var(--ast-global-color-5)","background-image":"","background-repeat":"repeat","background-position":"center center","background-size":"auto","background-attachment":"scroll","background-type":"","background-media":"","overlay-type":"","overlay-color":"","overlay-opacity":"","overlay-gradient":""},"mobile":{"background-color":"var(--ast-global-color-5)","background-image":"","background-repeat":"repeat","background-position":"center center","background-size":"auto","background-attachment":"scroll","background-type":"","background-media":"","overlay-type":"","overlay-color":"","overlay-opacity":"","overlay-gradient":""}},"footnotes":""},"categories":[35],"tags":[59,117,127],"class_list":["post-3994","post","type-post","status-publish","format-standard","has-post-thumbnail","hentry","category-moda","tag-moda","tag-sp","tag-upcycling"],"yoast_head":"<!-- This site is optimized with the Yoast SEO plugin v27.0 - https:\/\/yoast.com\/product\/yoast-seo-wordpress\/ -->\n<title>Inscri\u00e7\u00f5es abertas para projeto sustent\u00e1vel Costurando o Futuro - LACKMAN &amp; CO.<\/title>\n<meta name=\"robots\" content=\"index, follow, max-snippet:-1, max-image-preview:large, max-video-preview:-1\" \/>\n<link rel=\"canonical\" href=\"https:\/\/lackman.com.br\/index.php\/2023\/04\/14\/inscricoes-abertas-para-projeto-sustentavel-costurando-o-futuro\/\" \/>\n<meta property=\"og:locale\" content=\"pt_BR\" \/>\n<meta property=\"og:type\" content=\"article\" \/>\n<meta property=\"og:title\" content=\"Inscri\u00e7\u00f5es abertas para projeto sustent\u00e1vel Costurando o Futuro - LACKMAN &amp; CO.\" \/>\n<meta property=\"og:description\" content=\"Projeto conta com apoio do Instituto Focus T\u00eaxtil e pretende fomentar mercado de moda com desenvolvimento de cria\u00e7\u00f5es com foco na sustentabilidade e reformula\u00e7\u00e3o via upcycling A edi\u00e7\u00e3o 2023 do Costurando o Futuro, projeto que visa o desenvolvimento de comunidades por meio do empreendedorismo em costura, est\u00e1 com inscri\u00e7\u00f5es abertas. A iniciativa oferece 160 vagas gratuitas para as forma\u00e7\u00f5es, que ser\u00e3o realizadas presencialmente duas vezes por semana no bairro do Bom Retiro, em S\u00e3o Paulo, e ministradas por professores da Faculdade Santa Marcelina. As forma\u00e7\u00f5es incluem desde corte e costura, design sustent\u00e1vel (upcycling), planejamento de neg\u00f3cios, vendas, marketing, atua\u00e7\u00e3o em rede, entre outras, possibilitar\u00e3o ao aluno aprender e desenvolver compet\u00eancias relativas \u00e0s opera\u00e7\u00f5es da costura em ambiente industrial, ateli\u00eas de moda e oficinas de costura. Parte dos produtos \u00e9 feita com tecidos automotivos doados pelo Grupo Volkswagen e fornecedores, como revestimentos de bancos e cintos de seguran\u00e7a. O curso tem curadoria e participa\u00e7\u00e3o do estilista brasileiro\u00a0Walter Rodrigues e tamb\u00e9m da designer uruguaia, Agustina Comas, que j\u00e1 levou sua marca para as passarelas do Brasil Eco Fashion Week e foi premiada na categoria \u201cInova\u00e7\u00e3o e Tecnologia\u201d pelo Pr\u00eamio Fashion Futures em 2021. Al\u00e9m da capacita\u00e7\u00e3o t\u00e9cnica, os formados poder\u00e3o integrar a rede Costurando o Futuro, grupo de costureiras e costureiros da Regi\u00e3o Metropolitana de S\u00e3o Paulo acompanhados pela Funda\u00e7\u00e3o Grupo Volkswagen, entidade que fundou o projeto em 2009. Informa\u00e7\u00f5es e inscri\u00e7\u00f5es pelo site: https:\/\/www.institutofocustextil.com.br\/costurandoofuturo Fotos: Divulga\u00e7\u00e3o\" \/>\n<meta property=\"og:url\" content=\"https:\/\/lackman.com.br\/index.php\/2023\/04\/14\/inscricoes-abertas-para-projeto-sustentavel-costurando-o-futuro\/\" \/>\n<meta property=\"og:site_name\" content=\"LACKMAN &amp; CO.\" \/>\n<meta property=\"article:author\" content=\"https:\/\/www.facebook.com\/fernandolackman\" \/>\n<meta property=\"article:published_time\" content=\"2023-04-14T14:12:23+00:00\" \/>\n<meta property=\"og:image\" content=\"https:\/\/lackman.com.br\/wp-content\/uploads\/2023\/04\/Costurando-o-Futuro-2.jpg\" \/>\n\t<meta property=\"og:image:width\" content=\"611\" \/>\n\t<meta property=\"og:image:height\" content=\"659\" \/>\n\t<meta property=\"og:image:type\" content=\"image\/jpeg\" \/>\n<meta name=\"author\" content=\"Fernando Lackman\" \/>\n<meta name=\"twitter:card\" content=\"summary_large_image\" \/>\n<meta name=\"twitter:creator\" content=\"@fernandolackman\" \/>\n<meta name=\"twitter:label1\" content=\"Escrito por\" \/>\n\t<meta name=\"twitter:data1\" content=\"Fernando Lackman\" \/>\n\t<meta name=\"twitter:label2\" content=\"Est. tempo de leitura\" \/>\n\t<meta name=\"twitter:data2\" content=\"1 minuto\" \/>\n<script type=\"application\/ld+json\" class=\"yoast-schema-graph\">{\"@context\":\"https:\/\/schema.org\",\"@graph\":[{\"@type\":\"Article\",\"@id\":\"https:\/\/lackman.com.br\/index.php\/2023\/04\/14\/inscricoes-abertas-para-projeto-sustentavel-costurando-o-futuro\/#article\",\"isPartOf\":{\"@id\":\"https:\/\/lackman.com.br\/index.php\/2023\/04\/14\/inscricoes-abertas-para-projeto-sustentavel-costurando-o-futuro\/\"},\"author\":{\"name\":\"Fernando Lackman\",\"@id\":\"https:\/\/lackman.com.br\/#\/schema\/person\/dbfb3fbfc55f2b0bd4f9039696e70858\"},\"headline\":\"Inscri\u00e7\u00f5es abertas para projeto sustent\u00e1vel Costurando o Futuro\",\"datePublished\":\"2023-04-14T14:12:23+00:00\",\"mainEntityOfPage\":{\"@id\":\"https:\/\/lackman.com.br\/index.php\/2023\/04\/14\/inscricoes-abertas-para-projeto-sustentavel-costurando-o-futuro\/\"},\"wordCount\":283,\"publisher\":{\"@id\":\"https:\/\/lackman.com.br\/#organization\"},\"image\":{\"@id\":\"https:\/\/lackman.com.br\/index.php\/2023\/04\/14\/inscricoes-abertas-para-projeto-sustentavel-costurando-o-futuro\/#primaryimage\"},\"thumbnailUrl\":\"https:\/\/lackman.com.br\/wp-content\/uploads\/2023\/04\/Costurando-o-Futuro-2.jpg\",\"keywords\":[\"Moda\",\"sp\",\"upcycling\"],\"articleSection\":[\"Moda\"],\"inLanguage\":\"pt-BR\"},{\"@type\":\"WebPage\",\"@id\":\"https:\/\/lackman.com.br\/index.php\/2023\/04\/14\/inscricoes-abertas-para-projeto-sustentavel-costurando-o-futuro\/\",\"url\":\"https:\/\/lackman.com.br\/index.php\/2023\/04\/14\/inscricoes-abertas-para-projeto-sustentavel-costurando-o-futuro\/\",\"name\":\"Inscri\u00e7\u00f5es abertas para projeto sustent\u00e1vel Costurando o Futuro - LACKMAN &amp; CO.\",\"isPartOf\":{\"@id\":\"https:\/\/lackman.com.br\/#website\"},\"primaryImageOfPage\":{\"@id\":\"https:\/\/lackman.com.br\/index.php\/2023\/04\/14\/inscricoes-abertas-para-projeto-sustentavel-costurando-o-futuro\/#primaryimage\"},\"image\":{\"@id\":\"https:\/\/lackman.com.br\/index.php\/2023\/04\/14\/inscricoes-abertas-para-projeto-sustentavel-costurando-o-futuro\/#primaryimage\"},\"thumbnailUrl\":\"https:\/\/lackman.com.br\/wp-content\/uploads\/2023\/04\/Costurando-o-Futuro-2.jpg\",\"datePublished\":\"2023-04-14T14:12:23+00:00\",\"breadcrumb\":{\"@id\":\"https:\/\/lackman.com.br\/index.php\/2023\/04\/14\/inscricoes-abertas-para-projeto-sustentavel-costurando-o-futuro\/#breadcrumb\"},\"inLanguage\":\"pt-BR\",\"potentialAction\":[{\"@type\":\"ReadAction\",\"target\":[\"https:\/\/lackman.com.br\/index.php\/2023\/04\/14\/inscricoes-abertas-para-projeto-sustentavel-costurando-o-futuro\/\"]}]},{\"@type\":\"ImageObject\",\"inLanguage\":\"pt-BR\",\"@id\":\"https:\/\/lackman.com.br\/index.php\/2023\/04\/14\/inscricoes-abertas-para-projeto-sustentavel-costurando-o-futuro\/#primaryimage\",\"url\":\"https:\/\/lackman.com.br\/wp-content\/uploads\/2023\/04\/Costurando-o-Futuro-2.jpg\",\"contentUrl\":\"https:\/\/lackman.com.br\/wp-content\/uploads\/2023\/04\/Costurando-o-Futuro-2.jpg\",\"width\":611,\"height\":659},{\"@type\":\"BreadcrumbList\",\"@id\":\"https:\/\/lackman.com.br\/index.php\/2023\/04\/14\/inscricoes-abertas-para-projeto-sustentavel-costurando-o-futuro\/#breadcrumb\",\"itemListElement\":[{\"@type\":\"ListItem\",\"position\":1,\"name\":\"In\u00edcio\",\"item\":\"https:\/\/lackman.com.br\/\"},{\"@type\":\"ListItem\",\"position\":2,\"name\":\"Inscri\u00e7\u00f5es abertas para projeto sustent\u00e1vel Costurando o Futuro\"}]},{\"@type\":\"WebSite\",\"@id\":\"https:\/\/lackman.com.br\/#website\",\"url\":\"https:\/\/lackman.com.br\/\",\"name\":\"LACKMAN &amp; CO.\",\"description\":\"VIDA | MODA | ARTE\",\"publisher\":{\"@id\":\"https:\/\/lackman.com.br\/#organization\"},\"potentialAction\":[{\"@type\":\"SearchAction\",\"target\":{\"@type\":\"EntryPoint\",\"urlTemplate\":\"https:\/\/lackman.com.br\/?s={search_term_string}\"},\"query-input\":{\"@type\":\"PropertyValueSpecification\",\"valueRequired\":true,\"valueName\":\"search_term_string\"}}],\"inLanguage\":\"pt-BR\"},{\"@type\":\"Organization\",\"@id\":\"https:\/\/lackman.com.br\/#organization\",\"name\":\"LACKMAN &amp; CO.\",\"url\":\"https:\/\/lackman.com.br\/\",\"logo\":{\"@type\":\"ImageObject\",\"inLanguage\":\"pt-BR\",\"@id\":\"https:\/\/lackman.com.br\/#\/schema\/logo\/image\/\",\"url\":\"https:\/\/lackman.com.br\/wp-content\/uploads\/2023\/06\/Logotipo_preto-1.png\",\"contentUrl\":\"https:\/\/lackman.com.br\/wp-content\/uploads\/2023\/06\/Logotipo_preto-1.png\",\"width\":739,\"height\":393,\"caption\":\"LACKMAN &amp; CO.\"},\"image\":{\"@id\":\"https:\/\/lackman.com.br\/#\/schema\/logo\/image\/\"}},{\"@type\":\"Person\",\"@id\":\"https:\/\/lackman.com.br\/#\/schema\/person\/dbfb3fbfc55f2b0bd4f9039696e70858\",\"name\":\"Fernando Lackman\",\"image\":{\"@type\":\"ImageObject\",\"inLanguage\":\"pt-BR\",\"@id\":\"https:\/\/lackman.com.br\/#\/schema\/person\/image\/\",\"url\":\"https:\/\/secure.gravatar.com\/avatar\/ae7993150af197e66480c8a769891833dd2b8d809f0d9ff3f25af796cf378ce8?s=96&d=mm&r=g\",\"contentUrl\":\"https:\/\/secure.gravatar.com\/avatar\/ae7993150af197e66480c8a769891833dd2b8d809f0d9ff3f25af796cf378ce8?s=96&d=mm&r=g\",\"caption\":\"Fernando Lackman\"},\"description\":\"Fernando Lackman \u00e9 jornalista especializado em Moda e Cultura, editor do site LACKMAN.com.br. \u00c9 autor do livro Bras\u00edlia Capital dos Criadores, que conta a hist\u00f3ria da moda no Distrito Federal. Tem em seu curr\u00edculo assinatura de dire\u00e7\u00e3o criativa e de desfiles em eventos como Estilo DF Plaza, Summer Collections, JK Street Fashion, Desfile Beleza Negra (DBN), PicniK Fashion Show, Vogue Fashion\u2019s Night Out Bras\u00edlia, entre outros. Foi diretor criativo do extinto Capital Fashion Week. Atualmente trabalha na dire\u00e7\u00e3o criativa de eventos como Top CUFA, BSB Fashion Street, Bras\u00edlia Fashion House, Ateli\u00ea Bras\u00edlia e Goi\u00e1s Fashion Week.\",\"sameAs\":[\"https:\/\/lackman.com.br\/\",\"https:\/\/www.facebook.com\/fernandolackman\",\"https:\/\/www.instagram.com\/fernandolackman\/\",\"https:\/\/www.linkedin.com\/in\/fernando-lackman\/\",\"https:\/\/br.pinterest.com\/fernandolackman\/\",\"https:\/\/x.com\/fernandolackman\"],\"url\":\"https:\/\/lackman.com.br\/index.php\/author\/fernando-lackman\/\"}]}<\/script>\n<!-- \/ Yoast SEO plugin. -->","yoast_head_json":{"title":"Inscri\u00e7\u00f5es abertas para projeto sustent\u00e1vel Costurando o Futuro - LACKMAN &amp; CO.","robots":{"index":"index","follow":"follow","max-snippet":"max-snippet:-1","max-image-preview":"max-image-preview:large","max-video-preview":"max-video-preview:-1"},"canonical":"https:\/\/lackman.com.br\/index.php\/2023\/04\/14\/inscricoes-abertas-para-projeto-sustentavel-costurando-o-futuro\/","og_locale":"pt_BR","og_type":"article","og_title":"Inscri\u00e7\u00f5es abertas para projeto sustent\u00e1vel Costurando o Futuro - LACKMAN &amp; CO.","og_description":"Projeto conta com apoio do Instituto Focus T\u00eaxtil e pretende fomentar mercado de moda com desenvolvimento de cria\u00e7\u00f5es com foco na sustentabilidade e reformula\u00e7\u00e3o via upcycling A edi\u00e7\u00e3o 2023 do Costurando o Futuro, projeto que visa o desenvolvimento de comunidades por meio do empreendedorismo em costura, est\u00e1 com inscri\u00e7\u00f5es abertas. A iniciativa oferece 160 vagas gratuitas para as forma\u00e7\u00f5es, que ser\u00e3o realizadas presencialmente duas vezes por semana no bairro do Bom Retiro, em S\u00e3o Paulo, e ministradas por professores da Faculdade Santa Marcelina. As forma\u00e7\u00f5es incluem desde corte e costura, design sustent\u00e1vel (upcycling), planejamento de neg\u00f3cios, vendas, marketing, atua\u00e7\u00e3o em rede, entre outras, possibilitar\u00e3o ao aluno aprender e desenvolver compet\u00eancias relativas \u00e0s opera\u00e7\u00f5es da costura em ambiente industrial, ateli\u00eas de moda e oficinas de costura. Parte dos produtos \u00e9 feita com tecidos automotivos doados pelo Grupo Volkswagen e fornecedores, como revestimentos de bancos e cintos de seguran\u00e7a. O curso tem curadoria e participa\u00e7\u00e3o do estilista brasileiro\u00a0Walter Rodrigues e tamb\u00e9m da designer uruguaia, Agustina Comas, que j\u00e1 levou sua marca para as passarelas do Brasil Eco Fashion Week e foi premiada na categoria \u201cInova\u00e7\u00e3o e Tecnologia\u201d pelo Pr\u00eamio Fashion Futures em 2021. Al\u00e9m da capacita\u00e7\u00e3o t\u00e9cnica, os formados poder\u00e3o integrar a rede Costurando o Futuro, grupo de costureiras e costureiros da Regi\u00e3o Metropolitana de S\u00e3o Paulo acompanhados pela Funda\u00e7\u00e3o Grupo Volkswagen, entidade que fundou o projeto em 2009. Informa\u00e7\u00f5es e inscri\u00e7\u00f5es pelo site: https:\/\/www.institutofocustextil.com.br\/costurandoofuturo Fotos: Divulga\u00e7\u00e3o","og_url":"https:\/\/lackman.com.br\/index.php\/2023\/04\/14\/inscricoes-abertas-para-projeto-sustentavel-costurando-o-futuro\/","og_site_name":"LACKMAN &amp; CO.","article_author":"https:\/\/www.facebook.com\/fernandolackman","article_published_time":"2023-04-14T14:12:23+00:00","og_image":[{"width":611,"height":659,"url":"https:\/\/lackman.com.br\/wp-content\/uploads\/2023\/04\/Costurando-o-Futuro-2.jpg","type":"image\/jpeg"}],"author":"Fernando Lackman","twitter_card":"summary_large_image","twitter_creator":"@fernandolackman","twitter_misc":{"Escrito por":"Fernando Lackman","Est. tempo de leitura":"1 minuto"},"schema":{"@context":"https:\/\/schema.org","@graph":[{"@type":"Article","@id":"https:\/\/lackman.com.br\/index.php\/2023\/04\/14\/inscricoes-abertas-para-projeto-sustentavel-costurando-o-futuro\/#article","isPartOf":{"@id":"https:\/\/lackman.com.br\/index.php\/2023\/04\/14\/inscricoes-abertas-para-projeto-sustentavel-costurando-o-futuro\/"},"author":{"name":"Fernando Lackman","@id":"https:\/\/lackman.com.br\/#\/schema\/person\/dbfb3fbfc55f2b0bd4f9039696e70858"},"headline":"Inscri\u00e7\u00f5es abertas para projeto sustent\u00e1vel Costurando o Futuro","datePublished":"2023-04-14T14:12:23+00:00","mainEntityOfPage":{"@id":"https:\/\/lackman.com.br\/index.php\/2023\/04\/14\/inscricoes-abertas-para-projeto-sustentavel-costurando-o-futuro\/"},"wordCount":283,"publisher":{"@id":"https:\/\/lackman.com.br\/#organization"},"image":{"@id":"https:\/\/lackman.com.br\/index.php\/2023\/04\/14\/inscricoes-abertas-para-projeto-sustentavel-costurando-o-futuro\/#primaryimage"},"thumbnailUrl":"https:\/\/lackman.com.br\/wp-content\/uploads\/2023\/04\/Costurando-o-Futuro-2.jpg","keywords":["Moda","sp","upcycling"],"articleSection":["Moda"],"inLanguage":"pt-BR"},{"@type":"WebPage","@id":"https:\/\/lackman.com.br\/index.php\/2023\/04\/14\/inscricoes-abertas-para-projeto-sustentavel-costurando-o-futuro\/","url":"https:\/\/lackman.com.br\/index.php\/2023\/04\/14\/inscricoes-abertas-para-projeto-sustentavel-costurando-o-futuro\/","name":"Inscri\u00e7\u00f5es abertas para projeto sustent\u00e1vel Costurando o Futuro - LACKMAN &amp; CO.","isPartOf":{"@id":"https:\/\/lackman.com.br\/#website"},"primaryImageOfPage":{"@id":"https:\/\/lackman.com.br\/index.php\/2023\/04\/14\/inscricoes-abertas-para-projeto-sustentavel-costurando-o-futuro\/#primaryimage"},"image":{"@id":"https:\/\/lackman.com.br\/index.php\/2023\/04\/14\/inscricoes-abertas-para-projeto-sustentavel-costurando-o-futuro\/#primaryimage"},"thumbnailUrl":"https:\/\/lackman.com.br\/wp-content\/uploads\/2023\/04\/Costurando-o-Futuro-2.jpg","datePublished":"2023-04-14T14:12:23+00:00","breadcrumb":{"@id":"https:\/\/lackman.com.br\/index.php\/2023\/04\/14\/inscricoes-abertas-para-projeto-sustentavel-costurando-o-futuro\/#breadcrumb"},"inLanguage":"pt-BR","potentialAction":[{"@type":"ReadAction","target":["https:\/\/lackman.com.br\/index.php\/2023\/04\/14\/inscricoes-abertas-para-projeto-sustentavel-costurando-o-futuro\/"]}]},{"@type":"ImageObject","inLanguage":"pt-BR","@id":"https:\/\/lackman.com.br\/index.php\/2023\/04\/14\/inscricoes-abertas-para-projeto-sustentavel-costurando-o-futuro\/#primaryimage","url":"https:\/\/lackman.com.br\/wp-content\/uploads\/2023\/04\/Costurando-o-Futuro-2.jpg","contentUrl":"https:\/\/lackman.com.br\/wp-content\/uploads\/2023\/04\/Costurando-o-Futuro-2.jpg","width":611,"height":659},{"@type":"BreadcrumbList","@id":"https:\/\/lackman.com.br\/index.php\/2023\/04\/14\/inscricoes-abertas-para-projeto-sustentavel-costurando-o-futuro\/#breadcrumb","itemListElement":[{"@type":"ListItem","position":1,"name":"In\u00edcio","item":"https:\/\/lackman.com.br\/"},{"@type":"ListItem","position":2,"name":"Inscri\u00e7\u00f5es abertas para projeto sustent\u00e1vel Costurando o Futuro"}]},{"@type":"WebSite","@id":"https:\/\/lackman.com.br\/#website","url":"https:\/\/lackman.com.br\/","name":"LACKMAN &amp; CO.","description":"VIDA | MODA | ARTE","publisher":{"@id":"https:\/\/lackman.com.br\/#organization"},"potentialAction":[{"@type":"SearchAction","target":{"@type":"EntryPoint","urlTemplate":"https:\/\/lackman.com.br\/?s={search_term_string}"},"query-input":{"@type":"PropertyValueSpecification","valueRequired":true,"valueName":"search_term_string"}}],"inLanguage":"pt-BR"},{"@type":"Organization","@id":"https:\/\/lackman.com.br\/#organization","name":"LACKMAN &amp; CO.","url":"https:\/\/lackman.com.br\/","logo":{"@type":"ImageObject","inLanguage":"pt-BR","@id":"https:\/\/lackman.com.br\/#\/schema\/logo\/image\/","url":"https:\/\/lackman.com.br\/wp-content\/uploads\/2023\/06\/Logotipo_preto-1.png","contentUrl":"https:\/\/lackman.com.br\/wp-content\/uploads\/2023\/06\/Logotipo_preto-1.png","width":739,"height":393,"caption":"LACKMAN &amp; CO."},"image":{"@id":"https:\/\/lackman.com.br\/#\/schema\/logo\/image\/"}},{"@type":"Person","@id":"https:\/\/lackman.com.br\/#\/schema\/person\/dbfb3fbfc55f2b0bd4f9039696e70858","name":"Fernando Lackman","image":{"@type":"ImageObject","inLanguage":"pt-BR","@id":"https:\/\/lackman.com.br\/#\/schema\/person\/image\/","url":"https:\/\/secure.gravatar.com\/avatar\/ae7993150af197e66480c8a769891833dd2b8d809f0d9ff3f25af796cf378ce8?s=96&d=mm&r=g","contentUrl":"https:\/\/secure.gravatar.com\/avatar\/ae7993150af197e66480c8a769891833dd2b8d809f0d9ff3f25af796cf378ce8?s=96&d=mm&r=g","caption":"Fernando Lackman"},"description":"Fernando Lackman \u00e9 jornalista especializado em Moda e Cultura, editor do site LACKMAN.com.br. \u00c9 autor do livro Bras\u00edlia Capital dos Criadores, que conta a hist\u00f3ria da moda no Distrito Federal. Tem em seu curr\u00edculo assinatura de dire\u00e7\u00e3o criativa e de desfiles em eventos como Estilo DF Plaza, Summer Collections, JK Street Fashion, Desfile Beleza Negra (DBN), PicniK Fashion Show, Vogue Fashion\u2019s Night Out Bras\u00edlia, entre outros. Foi diretor criativo do extinto Capital Fashion Week. Atualmente trabalha na dire\u00e7\u00e3o criativa de eventos como Top CUFA, BSB Fashion Street, Bras\u00edlia Fashion House, Ateli\u00ea Bras\u00edlia e Goi\u00e1s Fashion Week.","sameAs":["https:\/\/lackman.com.br\/","https:\/\/www.facebook.com\/fernandolackman","https:\/\/www.instagram.com\/fernandolackman\/","https:\/\/www.linkedin.com\/in\/fernando-lackman\/","https:\/\/br.pinterest.com\/fernandolackman\/","https:\/\/x.com\/fernandolackman"],"url":"https:\/\/lackman.com.br\/index.php\/author\/fernando-lackman\/"}]}},"rttpg_featured_image_url":{"full":["https:\/\/lackman.com.br\/wp-content\/uploads\/2023\/04\/Costurando-o-Futuro-2.jpg",611,659,false],"landscape":["https:\/\/lackman.com.br\/wp-content\/uploads\/2023\/04\/Costurando-o-Futuro-2.jpg",611,659,false],"portraits":["https:\/\/lackman.com.br\/wp-content\/uploads\/2023\/04\/Costurando-o-Futuro-2.jpg",611,659,false],"thumbnail":["https:\/\/lackman.com.br\/wp-content\/uploads\/2023\/04\/Costurando-o-Futuro-2-150x150.jpg",150,150,true],"medium":["https:\/\/lackman.com.br\/wp-content\/uploads\/2023\/04\/Costurando-o-Futuro-2-278x300.jpg",278,300,true],"large":["https:\/\/lackman.com.br\/wp-content\/uploads\/2023\/04\/Costurando-o-Futuro-2.jpg",611,659,false],"RoboGalleryMansoryImagesCenter":["https:\/\/lackman.com.br\/wp-content\/uploads\/2023\/04\/Costurando-o-Futuro-2-600x659.jpg",600,659,true],"RoboGalleryPreload":["https:\/\/lackman.com.br\/wp-content\/uploads\/2023\/04\/Costurando-o-Futuro-2.jpg",100,108,false],"1536x1536":["https:\/\/lackman.com.br\/wp-content\/uploads\/2023\/04\/Costurando-o-Futuro-2.jpg",611,659,false],"2048x2048":["https:\/\/lackman.com.br\/wp-content\/uploads\/2023\/04\/Costurando-o-Futuro-2.jpg",611,659,false]},"rttpg_author":{"display_name":"Fernando Lackman","author_link":"https:\/\/lackman.com.br\/index.php\/author\/fernando-lackman\/"},"rttpg_comment":0,"rttpg_category":"<a href=\"https:\/\/lackman.com.br\/index.php\/category\/moda\/\" rel=\"category tag\">Moda<\/a>","rttpg_excerpt":"Projeto conta com apoio do Instituto Focus T\u00eaxtil e pretende fomentar mercado de moda com desenvolvimento de cria\u00e7\u00f5es com foco na sustentabilidade e reformula\u00e7\u00e3o via upcycling A edi\u00e7\u00e3o 2023 do Costurando o Futuro, projeto que visa o desenvolvimento de comunidades por meio do empreendedorismo em costura, est\u00e1 com inscri\u00e7\u00f5es abertas. A iniciativa oferece 160 vagas&hellip;","_links":{"self":[{"href":"https:\/\/lackman.com.br\/index.php\/wp-json\/wp\/v2\/posts\/3994","targetHints":{"allow":["GET"]}}],"collection":[{"href":"https:\/\/lackman.com.br\/index.php\/wp-json\/wp\/v2\/posts"}],"about":[{"href":"https:\/\/lackman.com.br\/index.php\/wp-json\/wp\/v2\/types\/post"}],"author":[{"embeddable":true,"href":"https:\/\/lackman.com.br\/index.php\/wp-json\/wp\/v2\/users\/2"}],"replies":[{"embeddable":true,"href":"https:\/\/lackman.com.br\/index.php\/wp-json\/wp\/v2\/comments?post=3994"}],"version-history":[{"count":1,"href":"https:\/\/lackman.com.br\/index.php\/wp-json\/wp\/v2\/posts\/3994\/revisions"}],"predecessor-version":[{"id":3997,"href":"https:\/\/lackman.com.br\/index.php\/wp-json\/wp\/v2\/posts\/3994\/revisions\/3997"}],"wp:featuredmedia":[{"embeddable":true,"href":"https:\/\/lackman.com.br\/index.php\/wp-json\/wp\/v2\/media\/3995"}],"wp:attachment":[{"href":"https:\/\/lackman.com.br\/index.php\/wp-json\/wp\/v2\/media?parent=3994"}],"wp:term":[{"taxonomy":"category","embeddable":true,"href":"https:\/\/lackman.com.br\/index.php\/wp-json\/wp\/v2\/categories?post=3994"},{"taxonomy":"post_tag","embeddable":true,"href":"https:\/\/lackman.com.br\/index.php\/wp-json\/wp\/v2\/tags?post=3994"}],"curies":[{"name":"wp","href":"https:\/\/api.w.org\/{rel}","templated":true}]}}