{"id":3957,"date":"2023-04-04T08:49:18","date_gmt":"2023-04-04T11:49:18","guid":{"rendered":"https:\/\/lackman.com.br\/?p=3957"},"modified":"2023-04-03T22:48:26","modified_gmt":"2023-04-04T01:48:26","slug":"terraco-recebe-exposicao-brasilia-em-linhas-de-jailson-belfort","status":"publish","type":"post","link":"https:\/\/lackman.com.br\/index.php\/2023\/04\/04\/terraco-recebe-exposicao-brasilia-em-linhas-de-jailson-belfort\/","title":{"rendered":"Terra\u00e7o recebe exposi\u00e7\u00e3o &#8220;Bras\u00edlia em Linhas&#8221; de Jailson\u00a0Belfort"},"content":{"rendered":"<h5 style=\"text-align: justify;\"><em><strong>Para celebrar o anivers\u00e1rio da cidade, durante o m\u00eas de abril, shopping recebe 60 obras feitas com canetas esferogr\u00e1ficas, oficinas de desenho e uma sess\u00e3o de live-painting<\/strong><\/em><\/h5>\n<p style=\"text-align: justify;\">O Terra\u00e7o Shopping, orgulhoso de ser brasiliense, e que j\u00e1 com seu conceito open mall valoriza ainda mais um dos tra\u00e7os mais belos da cidade, o c\u00e9u recebe para festejar o anivers\u00e1rio de Bras\u00edlia, uma exposi\u00e7\u00e3o para enaltecer os tra\u00e7os \u00fanicos da capital do pa\u00eds. Desde 1\u00ba de abril, o p\u00fablico pode ver a exposi\u00e7\u00e3o Bras\u00edlia em Linhas, com obras do artista Jailson Belfort feitas com canetas esferogr\u00e1ficas, cujos temas s\u00e3o \u00edcones e monumentos da cidade.<\/p>\n<p style=\"text-align: justify;\">Ser\u00e3o expostas 60 obras do artista, divididas em dois momentos. De 1\u00ba a 15 de abril, os quadros ter\u00e3o os temas &#8220;Esculturas &amp; Monumentos e Cultura &amp; Lazer&#8221;. Em seguida, entre os dias 16 a 30 de abril, a exposi\u00e7\u00e3o ter\u00e1 obras nos temas &#8220;Pr\u00e9dios P\u00fablicos e Religiosidade&#8221;.<\/p>\n<p><img fetchpriority=\"high\" decoding=\"async\" class=\"alignnone wp-image-3959 size-full\" src=\"http:\/\/lackman.com.br\/wp-content\/uploads\/2023\/04\/Jailson_Belfort_3-e1680572782619.jpg\" alt=\"\" width=\"1021\" height=\"760\" srcset=\"https:\/\/lackman.com.br\/wp-content\/uploads\/2023\/04\/Jailson_Belfort_3-e1680572782619.jpg 1021w, https:\/\/lackman.com.br\/wp-content\/uploads\/2023\/04\/Jailson_Belfort_3-e1680572782619-300x223.jpg 300w, https:\/\/lackman.com.br\/wp-content\/uploads\/2023\/04\/Jailson_Belfort_3-e1680572782619-768x572.jpg 768w\" sizes=\"(max-width: 1021px) 100vw, 1021px\" \/><\/p>\n<p style=\"text-align: justify;\">E para deixar o dia do anivers\u00e1rio de Bras\u00edlia, 21 de abril, ainda mais especial, o artista\u00a0Jailson\u00a0Belfort ir\u00e1 realizar uma sess\u00e3o de\u00a0live-painting, \u00e0s 15h, onde ele demonstrar\u00e1 sua t\u00e9cnica com as canetas esferogr\u00e1ficas ao produzir um retrato do Terra\u00e7o Shopping, no mesmo estilo das obras expostas.<\/p>\n<p style=\"text-align: justify;\">O artista nasceu em S\u00e3o Lu\u00eds no Maranh\u00e3o e est\u00e1 radicado em Bras\u00edlia desde 1999. Em sua carreira, ele foi designer gr\u00e1fico, ilustrador e diretor de arte, onde refinou seu estilo de arte visual sem abandonar a arte do desenho \u00e0 m\u00e3o livre. O universo din\u00e2mico da comunica\u00e7\u00e3o visual e sua sensibilidade \u00e0s imagens do cotidiano foram tomando forma de arte ao longo dos 28 anos de carreira.<\/p>\n<h5 style=\"text-align: justify;\">Oficinas<\/h5>\n<p style=\"text-align: justify;\">E para encantar o p\u00fablico infanto-juvenil ser\u00e3o oferecidas oficinas com o artista. As aulas acontecer\u00e3o todos os s\u00e1bados de abril, em tr\u00eas sess\u00f5es, 13h, 15h e 17h, de forma gratuita e sem necessidade de inscri\u00e7\u00e3o.<\/p>\n<p style=\"text-align: justify;\">As oficinas t\u00eam como proposta apresentar fundamentos b\u00e1sicos de desenhos, utilizando t\u00e9cnicas com canetas esferogr\u00e1ficas presentes nas obras expostas. As crian\u00e7as poder\u00e3o desenhar Bras\u00edlia e seus patrim\u00f4nios, presentes na s\u00e9rie Bras\u00edlia em Linhas. Com isso os pequenos ter\u00e3o chance de aprender sobre a Capital Federal, ao mesmo tempo em que exercitam a criatividade ao desenhar com esferogr\u00e1ficas.<\/p>\n<h5 style=\"text-align: justify;\">Quer ver?<\/h5>\n<p style=\"text-align: justify;\">Exposi\u00e7\u00e3o Bras\u00edlia em Linhas, de\u00a01\u00b0 a 30 de abril, na\u00a0Pra\u00e7a do Cinema no Terra\u00e7o Shopping.<\/p>\n<p style=\"text-align: justify;\">Oficinas de Desenho Bras\u00edlia em Linhas, com Jailson Belfort, aos s\u00e1bados,\u00a0\u00e0s 13h, 15h e 17h, na Pra\u00e7a do Cinema. Acesso livre e atividades g<span style=\"font-size: 16px;\">ratuitas.<\/span><\/p>\n<p style=\"text-align: justify;\">Sess\u00e3o de Live-painting, com Jailson Belfort,\u00a0sexta-feira, 21 de abril,\u00a0\u00e0s 15h, na\u00a0Pra\u00e7a do Cinema.<\/p>\n<hr \/>\n<pre style=\"text-align: justify;\">Imagens: Divulga\u00e7\u00e3o<\/pre>\n","protected":false},"excerpt":{"rendered":"<p>Para celebrar o anivers\u00e1rio da cidade, durante o m\u00eas de abril, shopping recebe 60 obras feitas com canetas esferogr\u00e1ficas, oficinas de desenho e uma sess\u00e3o de live-painting O Terra\u00e7o Shopping, orgulhoso de ser brasiliense, e que j\u00e1 com seu conceito open mall valoriza ainda mais um dos tra\u00e7os mais belos da cidade, o c\u00e9u recebe para festejar o anivers\u00e1rio de Bras\u00edlia, uma exposi\u00e7\u00e3o para enaltecer os tra\u00e7os \u00fanicos da capital do pa\u00eds. Desde 1\u00ba de abril, o p\u00fablico pode ver a exposi\u00e7\u00e3o Bras\u00edlia em Linhas, com obras do artista Jailson Belfort feitas com canetas esferogr\u00e1ficas, cujos temas s\u00e3o \u00edcones e monumentos da cidade. Ser\u00e3o expostas 60 obras do artista, divididas em dois momentos. De 1\u00ba a 15 de abril, os quadros ter\u00e3o os temas &#8220;Esculturas &amp; Monumentos e Cultura &amp; Lazer&#8221;. Em seguida, entre os dias 16 a 30 de abril, a exposi\u00e7\u00e3o ter\u00e1 obras nos temas &#8220;Pr\u00e9dios P\u00fablicos e Religiosidade&#8221;. E para deixar o dia do anivers\u00e1rio de Bras\u00edlia, 21 de abril, ainda mais especial, o artista\u00a0Jailson\u00a0Belfort ir\u00e1 realizar uma sess\u00e3o de\u00a0live-painting, \u00e0s 15h, onde ele demonstrar\u00e1 sua t\u00e9cnica com as canetas esferogr\u00e1ficas ao produzir um retrato do Terra\u00e7o Shopping, no mesmo estilo das obras expostas. O artista nasceu em S\u00e3o Lu\u00eds no Maranh\u00e3o e est\u00e1 radicado em Bras\u00edlia desde 1999. Em sua carreira, ele foi designer gr\u00e1fico, ilustrador e diretor de arte, onde refinou seu estilo de arte visual sem abandonar a arte do desenho \u00e0 m\u00e3o livre. O universo din\u00e2mico da comunica\u00e7\u00e3o visual e sua sensibilidade \u00e0s imagens do cotidiano foram tomando forma de arte ao longo dos 28 anos de carreira. Oficinas E para encantar o p\u00fablico infanto-juvenil ser\u00e3o oferecidas oficinas com o artista. As aulas acontecer\u00e3o todos os s\u00e1bados de abril, em tr\u00eas sess\u00f5es, 13h, 15h e 17h, de forma gratuita e sem necessidade de inscri\u00e7\u00e3o. As oficinas t\u00eam como proposta apresentar fundamentos b\u00e1sicos de desenhos, utilizando t\u00e9cnicas com canetas esferogr\u00e1ficas presentes nas obras expostas. As crian\u00e7as poder\u00e3o desenhar Bras\u00edlia e seus patrim\u00f4nios, presentes na s\u00e9rie Bras\u00edlia em Linhas. Com isso os pequenos ter\u00e3o chance de aprender sobre a Capital Federal, ao mesmo tempo em que exercitam a criatividade ao desenhar com esferogr\u00e1ficas. Quer ver? Exposi\u00e7\u00e3o Bras\u00edlia em Linhas, de\u00a01\u00b0 a 30 de abril, na\u00a0Pra\u00e7a do Cinema no Terra\u00e7o Shopping. Oficinas de Desenho Bras\u00edlia em Linhas, com Jailson Belfort, aos s\u00e1bados,\u00a0\u00e0s 13h, 15h e 17h, na Pra\u00e7a do Cinema. Acesso livre e atividades gratuitas. Sess\u00e3o de Live-painting, com Jailson Belfort,\u00a0sexta-feira, 21 de abril,\u00a0\u00e0s 15h, na\u00a0Pra\u00e7a do Cinema. Imagens: Divulga\u00e7\u00e3o<\/p>\n","protected":false},"author":2,"featured_media":3960,"comment_status":"closed","ping_status":"open","sticky":false,"template":"","format":"standard","meta":{"site-sidebar-layout":"default","site-content-layout":"default","ast-site-content-layout":"default","site-content-style":"default","site-sidebar-style":"default","ast-global-header-display":"","ast-banner-title-visibility":"","ast-main-header-display":"","ast-hfb-above-header-display":"","ast-hfb-below-header-display":"","ast-hfb-mobile-header-display":"","site-post-title":"","ast-breadcrumbs-content":"","ast-featured-img":"","footer-sml-layout":"","ast-disable-related-posts":"","theme-transparent-header-meta":"default","adv-header-id-meta":"","stick-header-meta":"","header-above-stick-meta":"","header-main-stick-meta":"","header-below-stick-meta":"","astra-migrate-meta-layouts":"default","ast-page-background-enabled":"default","ast-page-background-meta":{"desktop":{"background-color":"","background-image":"","background-repeat":"repeat","background-position":"center center","background-size":"auto","background-attachment":"scroll","background-type":"","background-media":"","overlay-type":"","overlay-color":"","overlay-opacity":"","overlay-gradient":""},"tablet":{"background-color":"","background-image":"","background-repeat":"repeat","background-position":"center center","background-size":"auto","background-attachment":"scroll","background-type":"","background-media":"","overlay-type":"","overlay-color":"","overlay-opacity":"","overlay-gradient":""},"mobile":{"background-color":"","background-image":"","background-repeat":"repeat","background-position":"center center","background-size":"auto","background-attachment":"scroll","background-type":"","background-media":"","overlay-type":"","overlay-color":"","overlay-opacity":"","overlay-gradient":""}},"ast-content-background-meta":{"desktop":{"background-color":"var(--ast-global-color-5)","background-image":"","background-repeat":"repeat","background-position":"center center","background-size":"auto","background-attachment":"scroll","background-type":"","background-media":"","overlay-type":"","overlay-color":"","overlay-opacity":"","overlay-gradient":""},"tablet":{"background-color":"var(--ast-global-color-5)","background-image":"","background-repeat":"repeat","background-position":"center center","background-size":"auto","background-attachment":"scroll","background-type":"","background-media":"","overlay-type":"","overlay-color":"","overlay-opacity":"","overlay-gradient":""},"mobile":{"background-color":"var(--ast-global-color-5)","background-image":"","background-repeat":"repeat","background-position":"center center","background-size":"auto","background-attachment":"scroll","background-type":"","background-media":"","overlay-type":"","overlay-color":"","overlay-opacity":"","overlay-gradient":""}},"footnotes":""},"categories":[48],"tags":[],"class_list":["post-3957","post","type-post","status-publish","format-standard","has-post-thumbnail","hentry","category-entretenimento"],"yoast_head":"<!-- This site is optimized with the Yoast SEO plugin v27.0 - https:\/\/yoast.com\/product\/yoast-seo-wordpress\/ -->\n<title>Terra\u00e7o recebe exposi\u00e7\u00e3o &quot;Bras\u00edlia em Linhas&quot; de Jailson\u00a0Belfort - LACKMAN &amp; CO.<\/title>\n<meta name=\"robots\" content=\"index, follow, max-snippet:-1, max-image-preview:large, max-video-preview:-1\" \/>\n<link rel=\"canonical\" href=\"https:\/\/lackman.com.br\/index.php\/2023\/04\/04\/terraco-recebe-exposicao-brasilia-em-linhas-de-jailson-belfort\/\" \/>\n<meta property=\"og:locale\" content=\"pt_BR\" \/>\n<meta property=\"og:type\" content=\"article\" \/>\n<meta property=\"og:title\" content=\"Terra\u00e7o recebe exposi\u00e7\u00e3o &quot;Bras\u00edlia em Linhas&quot; de Jailson\u00a0Belfort - LACKMAN &amp; CO.\" \/>\n<meta property=\"og:description\" content=\"Para celebrar o anivers\u00e1rio da cidade, durante o m\u00eas de abril, shopping recebe 60 obras feitas com canetas esferogr\u00e1ficas, oficinas de desenho e uma sess\u00e3o de live-painting O Terra\u00e7o Shopping, orgulhoso de ser brasiliense, e que j\u00e1 com seu conceito open mall valoriza ainda mais um dos tra\u00e7os mais belos da cidade, o c\u00e9u recebe para festejar o anivers\u00e1rio de Bras\u00edlia, uma exposi\u00e7\u00e3o para enaltecer os tra\u00e7os \u00fanicos da capital do pa\u00eds. Desde 1\u00ba de abril, o p\u00fablico pode ver a exposi\u00e7\u00e3o Bras\u00edlia em Linhas, com obras do artista Jailson Belfort feitas com canetas esferogr\u00e1ficas, cujos temas s\u00e3o \u00edcones e monumentos da cidade. Ser\u00e3o expostas 60 obras do artista, divididas em dois momentos. De 1\u00ba a 15 de abril, os quadros ter\u00e3o os temas &#8220;Esculturas &amp; Monumentos e Cultura &amp; Lazer&#8221;. Em seguida, entre os dias 16 a 30 de abril, a exposi\u00e7\u00e3o ter\u00e1 obras nos temas &#8220;Pr\u00e9dios P\u00fablicos e Religiosidade&#8221;. E para deixar o dia do anivers\u00e1rio de Bras\u00edlia, 21 de abril, ainda mais especial, o artista\u00a0Jailson\u00a0Belfort ir\u00e1 realizar uma sess\u00e3o de\u00a0live-painting, \u00e0s 15h, onde ele demonstrar\u00e1 sua t\u00e9cnica com as canetas esferogr\u00e1ficas ao produzir um retrato do Terra\u00e7o Shopping, no mesmo estilo das obras expostas. O artista nasceu em S\u00e3o Lu\u00eds no Maranh\u00e3o e est\u00e1 radicado em Bras\u00edlia desde 1999. Em sua carreira, ele foi designer gr\u00e1fico, ilustrador e diretor de arte, onde refinou seu estilo de arte visual sem abandonar a arte do desenho \u00e0 m\u00e3o livre. O universo din\u00e2mico da comunica\u00e7\u00e3o visual e sua sensibilidade \u00e0s imagens do cotidiano foram tomando forma de arte ao longo dos 28 anos de carreira. Oficinas E para encantar o p\u00fablico infanto-juvenil ser\u00e3o oferecidas oficinas com o artista. As aulas acontecer\u00e3o todos os s\u00e1bados de abril, em tr\u00eas sess\u00f5es, 13h, 15h e 17h, de forma gratuita e sem necessidade de inscri\u00e7\u00e3o. As oficinas t\u00eam como proposta apresentar fundamentos b\u00e1sicos de desenhos, utilizando t\u00e9cnicas com canetas esferogr\u00e1ficas presentes nas obras expostas. As crian\u00e7as poder\u00e3o desenhar Bras\u00edlia e seus patrim\u00f4nios, presentes na s\u00e9rie Bras\u00edlia em Linhas. Com isso os pequenos ter\u00e3o chance de aprender sobre a Capital Federal, ao mesmo tempo em que exercitam a criatividade ao desenhar com esferogr\u00e1ficas. Quer ver? Exposi\u00e7\u00e3o Bras\u00edlia em Linhas, de\u00a01\u00b0 a 30 de abril, na\u00a0Pra\u00e7a do Cinema no Terra\u00e7o Shopping. Oficinas de Desenho Bras\u00edlia em Linhas, com Jailson Belfort, aos s\u00e1bados,\u00a0\u00e0s 13h, 15h e 17h, na Pra\u00e7a do Cinema. Acesso livre e atividades gratuitas. Sess\u00e3o de Live-painting, com Jailson Belfort,\u00a0sexta-feira, 21 de abril,\u00a0\u00e0s 15h, na\u00a0Pra\u00e7a do Cinema. Imagens: Divulga\u00e7\u00e3o\" \/>\n<meta property=\"og:url\" content=\"https:\/\/lackman.com.br\/index.php\/2023\/04\/04\/terraco-recebe-exposicao-brasilia-em-linhas-de-jailson-belfort\/\" \/>\n<meta property=\"og:site_name\" content=\"LACKMAN &amp; CO.\" \/>\n<meta property=\"article:author\" content=\"https:\/\/www.facebook.com\/fernandolackman\" \/>\n<meta property=\"article:published_time\" content=\"2023-04-04T11:49:18+00:00\" \/>\n<meta property=\"og:image\" content=\"http:\/\/lackman.com.br\/wp-content\/uploads\/2023\/04\/Jailson_Belfort_2.jpg\" \/>\n\t<meta property=\"og:image:width\" content=\"2061\" \/>\n\t<meta property=\"og:image:height\" content=\"2560\" \/>\n\t<meta property=\"og:image:type\" content=\"image\/jpeg\" \/>\n<meta name=\"author\" content=\"Fernando Lackman\" \/>\n<meta name=\"twitter:card\" content=\"summary_large_image\" \/>\n<meta name=\"twitter:creator\" content=\"@fernandolackman\" \/>\n<meta name=\"twitter:label1\" content=\"Escrito por\" \/>\n\t<meta name=\"twitter:data1\" content=\"Fernando Lackman\" \/>\n\t<meta name=\"twitter:label2\" content=\"Est. tempo de leitura\" \/>\n\t<meta name=\"twitter:data2\" content=\"2 minutos\" \/>\n<script type=\"application\/ld+json\" class=\"yoast-schema-graph\">{\"@context\":\"https:\/\/schema.org\",\"@graph\":[{\"@type\":\"Article\",\"@id\":\"https:\/\/lackman.com.br\/index.php\/2023\/04\/04\/terraco-recebe-exposicao-brasilia-em-linhas-de-jailson-belfort\/#article\",\"isPartOf\":{\"@id\":\"https:\/\/lackman.com.br\/index.php\/2023\/04\/04\/terraco-recebe-exposicao-brasilia-em-linhas-de-jailson-belfort\/\"},\"author\":{\"name\":\"Fernando Lackman\",\"@id\":\"https:\/\/lackman.com.br\/#\/schema\/person\/dbfb3fbfc55f2b0bd4f9039696e70858\"},\"headline\":\"Terra\u00e7o recebe exposi\u00e7\u00e3o &#8220;Bras\u00edlia em Linhas&#8221; de Jailson\u00a0Belfort\",\"datePublished\":\"2023-04-04T11:49:18+00:00\",\"mainEntityOfPage\":{\"@id\":\"https:\/\/lackman.com.br\/index.php\/2023\/04\/04\/terraco-recebe-exposicao-brasilia-em-linhas-de-jailson-belfort\/\"},\"wordCount\":483,\"publisher\":{\"@id\":\"https:\/\/lackman.com.br\/#organization\"},\"image\":{\"@id\":\"https:\/\/lackman.com.br\/index.php\/2023\/04\/04\/terraco-recebe-exposicao-brasilia-em-linhas-de-jailson-belfort\/#primaryimage\"},\"thumbnailUrl\":\"https:\/\/lackman.com.br\/wp-content\/uploads\/2023\/04\/Jailson_Belfort_2.jpg\",\"articleSection\":[\"Entretenimento\"],\"inLanguage\":\"pt-BR\"},{\"@type\":\"WebPage\",\"@id\":\"https:\/\/lackman.com.br\/index.php\/2023\/04\/04\/terraco-recebe-exposicao-brasilia-em-linhas-de-jailson-belfort\/\",\"url\":\"https:\/\/lackman.com.br\/index.php\/2023\/04\/04\/terraco-recebe-exposicao-brasilia-em-linhas-de-jailson-belfort\/\",\"name\":\"Terra\u00e7o recebe exposi\u00e7\u00e3o \\\"Bras\u00edlia em Linhas\\\" de Jailson\u00a0Belfort - LACKMAN &amp; CO.\",\"isPartOf\":{\"@id\":\"https:\/\/lackman.com.br\/#website\"},\"primaryImageOfPage\":{\"@id\":\"https:\/\/lackman.com.br\/index.php\/2023\/04\/04\/terraco-recebe-exposicao-brasilia-em-linhas-de-jailson-belfort\/#primaryimage\"},\"image\":{\"@id\":\"https:\/\/lackman.com.br\/index.php\/2023\/04\/04\/terraco-recebe-exposicao-brasilia-em-linhas-de-jailson-belfort\/#primaryimage\"},\"thumbnailUrl\":\"https:\/\/lackman.com.br\/wp-content\/uploads\/2023\/04\/Jailson_Belfort_2.jpg\",\"datePublished\":\"2023-04-04T11:49:18+00:00\",\"breadcrumb\":{\"@id\":\"https:\/\/lackman.com.br\/index.php\/2023\/04\/04\/terraco-recebe-exposicao-brasilia-em-linhas-de-jailson-belfort\/#breadcrumb\"},\"inLanguage\":\"pt-BR\",\"potentialAction\":[{\"@type\":\"ReadAction\",\"target\":[\"https:\/\/lackman.com.br\/index.php\/2023\/04\/04\/terraco-recebe-exposicao-brasilia-em-linhas-de-jailson-belfort\/\"]}]},{\"@type\":\"ImageObject\",\"inLanguage\":\"pt-BR\",\"@id\":\"https:\/\/lackman.com.br\/index.php\/2023\/04\/04\/terraco-recebe-exposicao-brasilia-em-linhas-de-jailson-belfort\/#primaryimage\",\"url\":\"https:\/\/lackman.com.br\/wp-content\/uploads\/2023\/04\/Jailson_Belfort_2.jpg\",\"contentUrl\":\"https:\/\/lackman.com.br\/wp-content\/uploads\/2023\/04\/Jailson_Belfort_2.jpg\",\"width\":2061,\"height\":2560},{\"@type\":\"BreadcrumbList\",\"@id\":\"https:\/\/lackman.com.br\/index.php\/2023\/04\/04\/terraco-recebe-exposicao-brasilia-em-linhas-de-jailson-belfort\/#breadcrumb\",\"itemListElement\":[{\"@type\":\"ListItem\",\"position\":1,\"name\":\"In\u00edcio\",\"item\":\"https:\/\/lackman.com.br\/\"},{\"@type\":\"ListItem\",\"position\":2,\"name\":\"Terra\u00e7o recebe exposi\u00e7\u00e3o &#8220;Bras\u00edlia em Linhas&#8221; de Jailson\u00a0Belfort\"}]},{\"@type\":\"WebSite\",\"@id\":\"https:\/\/lackman.com.br\/#website\",\"url\":\"https:\/\/lackman.com.br\/\",\"name\":\"LACKMAN &amp; CO.\",\"description\":\"VIDA | MODA | ARTE\",\"publisher\":{\"@id\":\"https:\/\/lackman.com.br\/#organization\"},\"potentialAction\":[{\"@type\":\"SearchAction\",\"target\":{\"@type\":\"EntryPoint\",\"urlTemplate\":\"https:\/\/lackman.com.br\/?s={search_term_string}\"},\"query-input\":{\"@type\":\"PropertyValueSpecification\",\"valueRequired\":true,\"valueName\":\"search_term_string\"}}],\"inLanguage\":\"pt-BR\"},{\"@type\":\"Organization\",\"@id\":\"https:\/\/lackman.com.br\/#organization\",\"name\":\"LACKMAN &amp; CO.\",\"url\":\"https:\/\/lackman.com.br\/\",\"logo\":{\"@type\":\"ImageObject\",\"inLanguage\":\"pt-BR\",\"@id\":\"https:\/\/lackman.com.br\/#\/schema\/logo\/image\/\",\"url\":\"https:\/\/lackman.com.br\/wp-content\/uploads\/2023\/06\/Logotipo_preto-1.png\",\"contentUrl\":\"https:\/\/lackman.com.br\/wp-content\/uploads\/2023\/06\/Logotipo_preto-1.png\",\"width\":739,\"height\":393,\"caption\":\"LACKMAN &amp; CO.\"},\"image\":{\"@id\":\"https:\/\/lackman.com.br\/#\/schema\/logo\/image\/\"}},{\"@type\":\"Person\",\"@id\":\"https:\/\/lackman.com.br\/#\/schema\/person\/dbfb3fbfc55f2b0bd4f9039696e70858\",\"name\":\"Fernando Lackman\",\"image\":{\"@type\":\"ImageObject\",\"inLanguage\":\"pt-BR\",\"@id\":\"https:\/\/lackman.com.br\/#\/schema\/person\/image\/\",\"url\":\"https:\/\/secure.gravatar.com\/avatar\/ae7993150af197e66480c8a769891833dd2b8d809f0d9ff3f25af796cf378ce8?s=96&d=mm&r=g\",\"contentUrl\":\"https:\/\/secure.gravatar.com\/avatar\/ae7993150af197e66480c8a769891833dd2b8d809f0d9ff3f25af796cf378ce8?s=96&d=mm&r=g\",\"caption\":\"Fernando Lackman\"},\"description\":\"Fernando Lackman \u00e9 jornalista especializado em Moda e Cultura, editor do site LACKMAN.com.br. \u00c9 autor do livro Bras\u00edlia Capital dos Criadores, que conta a hist\u00f3ria da moda no Distrito Federal. Tem em seu curr\u00edculo assinatura de dire\u00e7\u00e3o criativa e de desfiles em eventos como Estilo DF Plaza, Summer Collections, JK Street Fashion, Desfile Beleza Negra (DBN), PicniK Fashion Show, Vogue Fashion\u2019s Night Out Bras\u00edlia, entre outros. Foi diretor criativo do extinto Capital Fashion Week. Atualmente trabalha na dire\u00e7\u00e3o criativa de eventos como Top CUFA, BSB Fashion Street, Bras\u00edlia Fashion House, Ateli\u00ea Bras\u00edlia e Goi\u00e1s Fashion Week.\",\"sameAs\":[\"https:\/\/lackman.com.br\/\",\"https:\/\/www.facebook.com\/fernandolackman\",\"https:\/\/www.instagram.com\/fernandolackman\/\",\"https:\/\/www.linkedin.com\/in\/fernando-lackman\/\",\"https:\/\/br.pinterest.com\/fernandolackman\/\",\"https:\/\/x.com\/fernandolackman\"],\"url\":\"https:\/\/lackman.com.br\/index.php\/author\/fernando-lackman\/\"}]}<\/script>\n<!-- \/ Yoast SEO plugin. -->","yoast_head_json":{"title":"Terra\u00e7o recebe exposi\u00e7\u00e3o \"Bras\u00edlia em Linhas\" de Jailson\u00a0Belfort - LACKMAN &amp; CO.","robots":{"index":"index","follow":"follow","max-snippet":"max-snippet:-1","max-image-preview":"max-image-preview:large","max-video-preview":"max-video-preview:-1"},"canonical":"https:\/\/lackman.com.br\/index.php\/2023\/04\/04\/terraco-recebe-exposicao-brasilia-em-linhas-de-jailson-belfort\/","og_locale":"pt_BR","og_type":"article","og_title":"Terra\u00e7o recebe exposi\u00e7\u00e3o \"Bras\u00edlia em Linhas\" de Jailson\u00a0Belfort - LACKMAN &amp; CO.","og_description":"Para celebrar o anivers\u00e1rio da cidade, durante o m\u00eas de abril, shopping recebe 60 obras feitas com canetas esferogr\u00e1ficas, oficinas de desenho e uma sess\u00e3o de live-painting O Terra\u00e7o Shopping, orgulhoso de ser brasiliense, e que j\u00e1 com seu conceito open mall valoriza ainda mais um dos tra\u00e7os mais belos da cidade, o c\u00e9u recebe para festejar o anivers\u00e1rio de Bras\u00edlia, uma exposi\u00e7\u00e3o para enaltecer os tra\u00e7os \u00fanicos da capital do pa\u00eds. Desde 1\u00ba de abril, o p\u00fablico pode ver a exposi\u00e7\u00e3o Bras\u00edlia em Linhas, com obras do artista Jailson Belfort feitas com canetas esferogr\u00e1ficas, cujos temas s\u00e3o \u00edcones e monumentos da cidade. Ser\u00e3o expostas 60 obras do artista, divididas em dois momentos. De 1\u00ba a 15 de abril, os quadros ter\u00e3o os temas &#8220;Esculturas &amp; Monumentos e Cultura &amp; Lazer&#8221;. Em seguida, entre os dias 16 a 30 de abril, a exposi\u00e7\u00e3o ter\u00e1 obras nos temas &#8220;Pr\u00e9dios P\u00fablicos e Religiosidade&#8221;. E para deixar o dia do anivers\u00e1rio de Bras\u00edlia, 21 de abril, ainda mais especial, o artista\u00a0Jailson\u00a0Belfort ir\u00e1 realizar uma sess\u00e3o de\u00a0live-painting, \u00e0s 15h, onde ele demonstrar\u00e1 sua t\u00e9cnica com as canetas esferogr\u00e1ficas ao produzir um retrato do Terra\u00e7o Shopping, no mesmo estilo das obras expostas. O artista nasceu em S\u00e3o Lu\u00eds no Maranh\u00e3o e est\u00e1 radicado em Bras\u00edlia desde 1999. Em sua carreira, ele foi designer gr\u00e1fico, ilustrador e diretor de arte, onde refinou seu estilo de arte visual sem abandonar a arte do desenho \u00e0 m\u00e3o livre. O universo din\u00e2mico da comunica\u00e7\u00e3o visual e sua sensibilidade \u00e0s imagens do cotidiano foram tomando forma de arte ao longo dos 28 anos de carreira. Oficinas E para encantar o p\u00fablico infanto-juvenil ser\u00e3o oferecidas oficinas com o artista. As aulas acontecer\u00e3o todos os s\u00e1bados de abril, em tr\u00eas sess\u00f5es, 13h, 15h e 17h, de forma gratuita e sem necessidade de inscri\u00e7\u00e3o. As oficinas t\u00eam como proposta apresentar fundamentos b\u00e1sicos de desenhos, utilizando t\u00e9cnicas com canetas esferogr\u00e1ficas presentes nas obras expostas. As crian\u00e7as poder\u00e3o desenhar Bras\u00edlia e seus patrim\u00f4nios, presentes na s\u00e9rie Bras\u00edlia em Linhas. Com isso os pequenos ter\u00e3o chance de aprender sobre a Capital Federal, ao mesmo tempo em que exercitam a criatividade ao desenhar com esferogr\u00e1ficas. Quer ver? Exposi\u00e7\u00e3o Bras\u00edlia em Linhas, de\u00a01\u00b0 a 30 de abril, na\u00a0Pra\u00e7a do Cinema no Terra\u00e7o Shopping. Oficinas de Desenho Bras\u00edlia em Linhas, com Jailson Belfort, aos s\u00e1bados,\u00a0\u00e0s 13h, 15h e 17h, na Pra\u00e7a do Cinema. Acesso livre e atividades gratuitas. Sess\u00e3o de Live-painting, com Jailson Belfort,\u00a0sexta-feira, 21 de abril,\u00a0\u00e0s 15h, na\u00a0Pra\u00e7a do Cinema. Imagens: Divulga\u00e7\u00e3o","og_url":"https:\/\/lackman.com.br\/index.php\/2023\/04\/04\/terraco-recebe-exposicao-brasilia-em-linhas-de-jailson-belfort\/","og_site_name":"LACKMAN &amp; CO.","article_author":"https:\/\/www.facebook.com\/fernandolackman","article_published_time":"2023-04-04T11:49:18+00:00","og_image":[{"width":2061,"height":2560,"url":"http:\/\/lackman.com.br\/wp-content\/uploads\/2023\/04\/Jailson_Belfort_2.jpg","type":"image\/jpeg"}],"author":"Fernando Lackman","twitter_card":"summary_large_image","twitter_creator":"@fernandolackman","twitter_misc":{"Escrito por":"Fernando Lackman","Est. tempo de leitura":"2 minutos"},"schema":{"@context":"https:\/\/schema.org","@graph":[{"@type":"Article","@id":"https:\/\/lackman.com.br\/index.php\/2023\/04\/04\/terraco-recebe-exposicao-brasilia-em-linhas-de-jailson-belfort\/#article","isPartOf":{"@id":"https:\/\/lackman.com.br\/index.php\/2023\/04\/04\/terraco-recebe-exposicao-brasilia-em-linhas-de-jailson-belfort\/"},"author":{"name":"Fernando Lackman","@id":"https:\/\/lackman.com.br\/#\/schema\/person\/dbfb3fbfc55f2b0bd4f9039696e70858"},"headline":"Terra\u00e7o recebe exposi\u00e7\u00e3o &#8220;Bras\u00edlia em Linhas&#8221; de Jailson\u00a0Belfort","datePublished":"2023-04-04T11:49:18+00:00","mainEntityOfPage":{"@id":"https:\/\/lackman.com.br\/index.php\/2023\/04\/04\/terraco-recebe-exposicao-brasilia-em-linhas-de-jailson-belfort\/"},"wordCount":483,"publisher":{"@id":"https:\/\/lackman.com.br\/#organization"},"image":{"@id":"https:\/\/lackman.com.br\/index.php\/2023\/04\/04\/terraco-recebe-exposicao-brasilia-em-linhas-de-jailson-belfort\/#primaryimage"},"thumbnailUrl":"https:\/\/lackman.com.br\/wp-content\/uploads\/2023\/04\/Jailson_Belfort_2.jpg","articleSection":["Entretenimento"],"inLanguage":"pt-BR"},{"@type":"WebPage","@id":"https:\/\/lackman.com.br\/index.php\/2023\/04\/04\/terraco-recebe-exposicao-brasilia-em-linhas-de-jailson-belfort\/","url":"https:\/\/lackman.com.br\/index.php\/2023\/04\/04\/terraco-recebe-exposicao-brasilia-em-linhas-de-jailson-belfort\/","name":"Terra\u00e7o recebe exposi\u00e7\u00e3o \"Bras\u00edlia em Linhas\" de Jailson\u00a0Belfort - LACKMAN &amp; CO.","isPartOf":{"@id":"https:\/\/lackman.com.br\/#website"},"primaryImageOfPage":{"@id":"https:\/\/lackman.com.br\/index.php\/2023\/04\/04\/terraco-recebe-exposicao-brasilia-em-linhas-de-jailson-belfort\/#primaryimage"},"image":{"@id":"https:\/\/lackman.com.br\/index.php\/2023\/04\/04\/terraco-recebe-exposicao-brasilia-em-linhas-de-jailson-belfort\/#primaryimage"},"thumbnailUrl":"https:\/\/lackman.com.br\/wp-content\/uploads\/2023\/04\/Jailson_Belfort_2.jpg","datePublished":"2023-04-04T11:49:18+00:00","breadcrumb":{"@id":"https:\/\/lackman.com.br\/index.php\/2023\/04\/04\/terraco-recebe-exposicao-brasilia-em-linhas-de-jailson-belfort\/#breadcrumb"},"inLanguage":"pt-BR","potentialAction":[{"@type":"ReadAction","target":["https:\/\/lackman.com.br\/index.php\/2023\/04\/04\/terraco-recebe-exposicao-brasilia-em-linhas-de-jailson-belfort\/"]}]},{"@type":"ImageObject","inLanguage":"pt-BR","@id":"https:\/\/lackman.com.br\/index.php\/2023\/04\/04\/terraco-recebe-exposicao-brasilia-em-linhas-de-jailson-belfort\/#primaryimage","url":"https:\/\/lackman.com.br\/wp-content\/uploads\/2023\/04\/Jailson_Belfort_2.jpg","contentUrl":"https:\/\/lackman.com.br\/wp-content\/uploads\/2023\/04\/Jailson_Belfort_2.jpg","width":2061,"height":2560},{"@type":"BreadcrumbList","@id":"https:\/\/lackman.com.br\/index.php\/2023\/04\/04\/terraco-recebe-exposicao-brasilia-em-linhas-de-jailson-belfort\/#breadcrumb","itemListElement":[{"@type":"ListItem","position":1,"name":"In\u00edcio","item":"https:\/\/lackman.com.br\/"},{"@type":"ListItem","position":2,"name":"Terra\u00e7o recebe exposi\u00e7\u00e3o &#8220;Bras\u00edlia em Linhas&#8221; de Jailson\u00a0Belfort"}]},{"@type":"WebSite","@id":"https:\/\/lackman.com.br\/#website","url":"https:\/\/lackman.com.br\/","name":"LACKMAN &amp; CO.","description":"VIDA | MODA | ARTE","publisher":{"@id":"https:\/\/lackman.com.br\/#organization"},"potentialAction":[{"@type":"SearchAction","target":{"@type":"EntryPoint","urlTemplate":"https:\/\/lackman.com.br\/?s={search_term_string}"},"query-input":{"@type":"PropertyValueSpecification","valueRequired":true,"valueName":"search_term_string"}}],"inLanguage":"pt-BR"},{"@type":"Organization","@id":"https:\/\/lackman.com.br\/#organization","name":"LACKMAN &amp; CO.","url":"https:\/\/lackman.com.br\/","logo":{"@type":"ImageObject","inLanguage":"pt-BR","@id":"https:\/\/lackman.com.br\/#\/schema\/logo\/image\/","url":"https:\/\/lackman.com.br\/wp-content\/uploads\/2023\/06\/Logotipo_preto-1.png","contentUrl":"https:\/\/lackman.com.br\/wp-content\/uploads\/2023\/06\/Logotipo_preto-1.png","width":739,"height":393,"caption":"LACKMAN &amp; CO."},"image":{"@id":"https:\/\/lackman.com.br\/#\/schema\/logo\/image\/"}},{"@type":"Person","@id":"https:\/\/lackman.com.br\/#\/schema\/person\/dbfb3fbfc55f2b0bd4f9039696e70858","name":"Fernando Lackman","image":{"@type":"ImageObject","inLanguage":"pt-BR","@id":"https:\/\/lackman.com.br\/#\/schema\/person\/image\/","url":"https:\/\/secure.gravatar.com\/avatar\/ae7993150af197e66480c8a769891833dd2b8d809f0d9ff3f25af796cf378ce8?s=96&d=mm&r=g","contentUrl":"https:\/\/secure.gravatar.com\/avatar\/ae7993150af197e66480c8a769891833dd2b8d809f0d9ff3f25af796cf378ce8?s=96&d=mm&r=g","caption":"Fernando Lackman"},"description":"Fernando Lackman \u00e9 jornalista especializado em Moda e Cultura, editor do site LACKMAN.com.br. \u00c9 autor do livro Bras\u00edlia Capital dos Criadores, que conta a hist\u00f3ria da moda no Distrito Federal. Tem em seu curr\u00edculo assinatura de dire\u00e7\u00e3o criativa e de desfiles em eventos como Estilo DF Plaza, Summer Collections, JK Street Fashion, Desfile Beleza Negra (DBN), PicniK Fashion Show, Vogue Fashion\u2019s Night Out Bras\u00edlia, entre outros. Foi diretor criativo do extinto Capital Fashion Week. Atualmente trabalha na dire\u00e7\u00e3o criativa de eventos como Top CUFA, BSB Fashion Street, Bras\u00edlia Fashion House, Ateli\u00ea Bras\u00edlia e Goi\u00e1s Fashion Week.","sameAs":["https:\/\/lackman.com.br\/","https:\/\/www.facebook.com\/fernandolackman","https:\/\/www.instagram.com\/fernandolackman\/","https:\/\/www.linkedin.com\/in\/fernando-lackman\/","https:\/\/br.pinterest.com\/fernandolackman\/","https:\/\/x.com\/fernandolackman"],"url":"https:\/\/lackman.com.br\/index.php\/author\/fernando-lackman\/"}]}},"rttpg_featured_image_url":{"full":["https:\/\/lackman.com.br\/wp-content\/uploads\/2023\/04\/Jailson_Belfort_2.jpg",2061,2560,false],"landscape":["https:\/\/lackman.com.br\/wp-content\/uploads\/2023\/04\/Jailson_Belfort_2.jpg",2061,2560,false],"portraits":["https:\/\/lackman.com.br\/wp-content\/uploads\/2023\/04\/Jailson_Belfort_2.jpg",2061,2560,false],"thumbnail":["https:\/\/lackman.com.br\/wp-content\/uploads\/2023\/04\/Jailson_Belfort_2-150x150.jpg",150,150,true],"medium":["https:\/\/lackman.com.br\/wp-content\/uploads\/2023\/04\/Jailson_Belfort_2-242x300.jpg",242,300,true],"large":["https:\/\/lackman.com.br\/wp-content\/uploads\/2023\/04\/Jailson_Belfort_2-824x1024.jpg",824,1024,true],"RoboGalleryMansoryImagesCenter":["https:\/\/lackman.com.br\/wp-content\/uploads\/2023\/04\/Jailson_Belfort_2-600x1024.jpg",600,1024,true],"RoboGalleryPreload":["https:\/\/lackman.com.br\/wp-content\/uploads\/2023\/04\/Jailson_Belfort_2.jpg",100,124,false],"1536x1536":["https:\/\/lackman.com.br\/wp-content\/uploads\/2023\/04\/Jailson_Belfort_2-1237x1536.jpg",1237,1536,true],"2048x2048":["https:\/\/lackman.com.br\/wp-content\/uploads\/2023\/04\/Jailson_Belfort_2-1649x2048.jpg",1649,2048,true]},"rttpg_author":{"display_name":"Fernando Lackman","author_link":"https:\/\/lackman.com.br\/index.php\/author\/fernando-lackman\/"},"rttpg_comment":0,"rttpg_category":"<a href=\"https:\/\/lackman.com.br\/index.php\/category\/arte\/entretenimento\/\" rel=\"category tag\">Entretenimento<\/a>","rttpg_excerpt":"Para celebrar o anivers\u00e1rio da cidade, durante o m\u00eas de abril, shopping recebe 60 obras feitas com canetas esferogr\u00e1ficas, oficinas de desenho e uma sess\u00e3o de live-painting O Terra\u00e7o Shopping, orgulhoso de ser brasiliense, e que j\u00e1 com seu conceito open mall valoriza ainda mais um dos tra\u00e7os mais belos da cidade, o c\u00e9u recebe&hellip;","_links":{"self":[{"href":"https:\/\/lackman.com.br\/index.php\/wp-json\/wp\/v2\/posts\/3957","targetHints":{"allow":["GET"]}}],"collection":[{"href":"https:\/\/lackman.com.br\/index.php\/wp-json\/wp\/v2\/posts"}],"about":[{"href":"https:\/\/lackman.com.br\/index.php\/wp-json\/wp\/v2\/types\/post"}],"author":[{"embeddable":true,"href":"https:\/\/lackman.com.br\/index.php\/wp-json\/wp\/v2\/users\/2"}],"replies":[{"embeddable":true,"href":"https:\/\/lackman.com.br\/index.php\/wp-json\/wp\/v2\/comments?post=3957"}],"version-history":[{"count":2,"href":"https:\/\/lackman.com.br\/index.php\/wp-json\/wp\/v2\/posts\/3957\/revisions"}],"predecessor-version":[{"id":3963,"href":"https:\/\/lackman.com.br\/index.php\/wp-json\/wp\/v2\/posts\/3957\/revisions\/3963"}],"wp:featuredmedia":[{"embeddable":true,"href":"https:\/\/lackman.com.br\/index.php\/wp-json\/wp\/v2\/media\/3960"}],"wp:attachment":[{"href":"https:\/\/lackman.com.br\/index.php\/wp-json\/wp\/v2\/media?parent=3957"}],"wp:term":[{"taxonomy":"category","embeddable":true,"href":"https:\/\/lackman.com.br\/index.php\/wp-json\/wp\/v2\/categories?post=3957"},{"taxonomy":"post_tag","embeddable":true,"href":"https:\/\/lackman.com.br\/index.php\/wp-json\/wp\/v2\/tags?post=3957"}],"curies":[{"name":"wp","href":"https:\/\/api.w.org\/{rel}","templated":true}]}}