{"id":3709,"date":"2023-03-08T18:50:04","date_gmt":"2023-03-08T21:50:04","guid":{"rendered":"https:\/\/lackman.com.br\/?p=3709"},"modified":"2023-03-08T18:51:08","modified_gmt":"2023-03-08T21:51:08","slug":"souq-e-mixed-se-unem-em-linha-de-home-decor","status":"publish","type":"post","link":"https:\/\/lackman.com.br\/index.php\/2023\/03\/08\/souq-e-mixed-se-unem-em-linha-de-home-decor\/","title":{"rendered":"Souq e Mixed se unem em linha de home &#038; d\u00e9cor"},"content":{"rendered":"<h5 style=\"text-align: justify;\"><em><strong>As empres\u00e1rias da moda, Riccy e Traudi celebram a for\u00e7a feminina e lan\u00e7am collab com objetos e utens\u00edlios de mesa e festejam Dia Internacional da Mulher<\/strong><\/em><\/h5>\n<p style=\"text-align: justify;\">Traudi Guida e Riccy Souza Aranha (<em>foto principal<\/em>), empres\u00e1rias importantes do ramo da moda h\u00e1 mais de 30 anos, \u00e0 frente da Souq e Mixed respectivamente, desenvolveram juntas uma linha de home &amp; d\u00e9cor. A cole\u00e7\u00e3o tem edi\u00e7\u00e3o limitada e celebra a for\u00e7a e a feminilidade que norteiam a lideran\u00e7a de ambas as marcas, com seus olhares refinados, valorizando a beleza e o design com muita sofistica\u00e7\u00e3o.<\/p>\n<figure id=\"attachment_3714\" aria-describedby=\"caption-attachment-3714\" style=\"width: 1000px\" class=\"wp-caption alignleft\"><img fetchpriority=\"high\" decoding=\"async\" class=\"wp-image-3714 size-full\" src=\"http:\/\/lackman.com.br\/wp-content\/uploads\/2023\/03\/2022_12_12_SOUQMIXED_6272-e1678311189560.jpg\" alt=\"\" width=\"1000\" height=\"505\" srcset=\"https:\/\/lackman.com.br\/wp-content\/uploads\/2023\/03\/2022_12_12_SOUQMIXED_6272-e1678311189560.jpg 1000w, https:\/\/lackman.com.br\/wp-content\/uploads\/2023\/03\/2022_12_12_SOUQMIXED_6272-e1678311189560-300x152.jpg 300w, https:\/\/lackman.com.br\/wp-content\/uploads\/2023\/03\/2022_12_12_SOUQMIXED_6272-e1678311189560-768x388.jpg 768w\" sizes=\"(max-width: 1000px) 100vw, 1000px\" \/><figcaption id=\"caption-attachment-3714\" class=\"wp-caption-text\"><strong><em>Pe\u00e7as s\u00e3o em porcelana new bone China<\/em><\/strong><\/figcaption><\/figure>\n<p style=\"text-align: justify;\">A collab, pensada nos m\u00ednimos detalhes para transformar o ato de receber em um momento ainda mais especial conta com um tableware completo e objetos de decora\u00e7\u00e3o. Composta por sousplats, pratos, bandejas, guardanapos, bowls, copos, x\u00edcaras, almofadas, vasos e velas. Feitas em porcelana new bone China, uma cer\u00e2mica de corpo especial de grande dureza e translucidez, para maior qualidade e refinamento, as pe\u00e7as tamb\u00e9m possuem detalhes dourados nos frisos e hot stamps, adicionando um toque fino ao servir.<\/p>\n<div id='gallery-1' class='gallery galleryid-3709 gallery-columns-3 gallery-size-large'><figure class='gallery-item'>\n\t\t\t<div class='gallery-icon portrait'>\n\t\t\t\t<img decoding=\"async\" width=\"683\" height=\"1024\" src=\"https:\/\/lackman.com.br\/wp-content\/uploads\/2023\/03\/2022_12_12_SOUQMIXED_0181-683x1024.jpg\" class=\"attachment-large size-large\" alt=\"\" srcset=\"https:\/\/lackman.com.br\/wp-content\/uploads\/2023\/03\/2022_12_12_SOUQMIXED_0181-683x1024.jpg 683w, https:\/\/lackman.com.br\/wp-content\/uploads\/2023\/03\/2022_12_12_SOUQMIXED_0181-200x300.jpg 200w, https:\/\/lackman.com.br\/wp-content\/uploads\/2023\/03\/2022_12_12_SOUQMIXED_0181-768x1152.jpg 768w, https:\/\/lackman.com.br\/wp-content\/uploads\/2023\/03\/2022_12_12_SOUQMIXED_0181.jpg 1000w\" sizes=\"(max-width: 683px) 100vw, 683px\" \/>\n\t\t\t<\/div><\/figure><figure class='gallery-item'>\n\t\t\t<div class='gallery-icon portrait'>\n\t\t\t\t<img decoding=\"async\" width=\"683\" height=\"1024\" src=\"https:\/\/lackman.com.br\/wp-content\/uploads\/2023\/03\/2022_12_12_SOUQMIXED_6179-683x1024.jpg\" class=\"attachment-large size-large\" alt=\"\" srcset=\"https:\/\/lackman.com.br\/wp-content\/uploads\/2023\/03\/2022_12_12_SOUQMIXED_6179-683x1024.jpg 683w, https:\/\/lackman.com.br\/wp-content\/uploads\/2023\/03\/2022_12_12_SOUQMIXED_6179-200x300.jpg 200w, https:\/\/lackman.com.br\/wp-content\/uploads\/2023\/03\/2022_12_12_SOUQMIXED_6179-768x1152.jpg 768w, https:\/\/lackman.com.br\/wp-content\/uploads\/2023\/03\/2022_12_12_SOUQMIXED_6179.jpg 1000w\" sizes=\"(max-width: 683px) 100vw, 683px\" \/>\n\t\t\t<\/div><\/figure><figure class='gallery-item'>\n\t\t\t<div class='gallery-icon portrait'>\n\t\t\t\t<img loading=\"lazy\" decoding=\"async\" width=\"683\" height=\"1024\" src=\"https:\/\/lackman.com.br\/wp-content\/uploads\/2023\/03\/2022_12_12_SOUQMIXED_0160-2-683x1024.jpg\" class=\"attachment-large size-large\" alt=\"\" srcset=\"https:\/\/lackman.com.br\/wp-content\/uploads\/2023\/03\/2022_12_12_SOUQMIXED_0160-2-683x1024.jpg 683w, https:\/\/lackman.com.br\/wp-content\/uploads\/2023\/03\/2022_12_12_SOUQMIXED_0160-2-200x300.jpg 200w, https:\/\/lackman.com.br\/wp-content\/uploads\/2023\/03\/2022_12_12_SOUQMIXED_0160-2-768x1152.jpg 768w, https:\/\/lackman.com.br\/wp-content\/uploads\/2023\/03\/2022_12_12_SOUQMIXED_0160-2.jpg 1000w\" sizes=\"(max-width: 683px) 100vw, 683px\" \/>\n\t\t\t<\/div><\/figure>\n\t\t<\/div>\n\n<p style=\"text-align: justify;\">Nesta cole\u00e7\u00e3o, as diretoras criativas uniram suas paix\u00f5es pela moda em uma est\u00e9tica que representa ambas as marcas. As estampas, foram desenvolvidas exclusivamente e unem a padronagem de on\u00e7a e rosas, que representam o DNA de cada marca; sendo o animal print uma for\u00e7a da Souq e as rosas uma for\u00e7a da Mixed.<\/p>\n<p style=\"text-align: justify;\">A cole\u00e7\u00e3o j\u00e1 est\u00e1 dispon\u00edvel em todas as lojas f\u00edsicas Souq e nos sites oficiais das marcas. <span style=\"color: #0000ff;\"><strong><a style=\"color: #0000ff;\" href=\"https:\/\/www.souqstore.com.br\/\">Basta clicar aqui, <\/a><\/strong>\u00a0<strong><a style=\"color: #0000ff;\" href=\"https:\/\/loja.mixed.com.br\/\">ou aqui<\/a><\/strong>.<\/span><\/p>\n<hr \/>\n<pre>Fotos: Divulga\u00e7\u00e3o<\/pre>\n","protected":false},"excerpt":{"rendered":"<p>As empres\u00e1rias da moda, Riccy e Traudi celebram a for\u00e7a feminina e lan\u00e7am collab com objetos e utens\u00edlios de mesa e festejam Dia Internacional da Mulher Traudi Guida e Riccy Souza Aranha (foto principal), empres\u00e1rias importantes do ramo da moda h\u00e1 mais de 30 anos, \u00e0 frente da Souq e Mixed respectivamente, desenvolveram juntas uma linha de home &amp; d\u00e9cor. A cole\u00e7\u00e3o tem edi\u00e7\u00e3o limitada e celebra a for\u00e7a e a feminilidade que norteiam a lideran\u00e7a de ambas as marcas, com seus olhares refinados, valorizando a beleza e o design com muita sofistica\u00e7\u00e3o. A collab, pensada nos m\u00ednimos detalhes para transformar o ato de receber em um momento ainda mais especial conta com um tableware completo e objetos de decora\u00e7\u00e3o. Composta por sousplats, pratos, bandejas, guardanapos, bowls, copos, x\u00edcaras, almofadas, vasos e velas. Feitas em porcelana new bone China, uma cer\u00e2mica de corpo especial de grande dureza e translucidez, para maior qualidade e refinamento, as pe\u00e7as tamb\u00e9m possuem detalhes dourados nos frisos e hot stamps, adicionando um toque fino ao servir. Nesta cole\u00e7\u00e3o, as diretoras criativas uniram suas paix\u00f5es pela moda em uma est\u00e9tica que representa ambas as marcas. As estampas, foram desenvolvidas exclusivamente e unem a padronagem de on\u00e7a e rosas, que representam o DNA de cada marca; sendo o animal print uma for\u00e7a da Souq e as rosas uma for\u00e7a da Mixed. A cole\u00e7\u00e3o j\u00e1 est\u00e1 dispon\u00edvel em todas as lojas f\u00edsicas Souq e nos sites oficiais das marcas. Basta clicar aqui, \u00a0ou aqui. Fotos: Divulga\u00e7\u00e3o<\/p>\n","protected":false},"author":2,"featured_media":3715,"comment_status":"closed","ping_status":"open","sticky":false,"template":"","format":"standard","meta":{"site-sidebar-layout":"default","site-content-layout":"default","ast-site-content-layout":"default","site-content-style":"default","site-sidebar-style":"default","ast-global-header-display":"","ast-banner-title-visibility":"","ast-main-header-display":"","ast-hfb-above-header-display":"","ast-hfb-below-header-display":"","ast-hfb-mobile-header-display":"","site-post-title":"","ast-breadcrumbs-content":"","ast-featured-img":"","footer-sml-layout":"","ast-disable-related-posts":"","theme-transparent-header-meta":"default","adv-header-id-meta":"","stick-header-meta":"","header-above-stick-meta":"","header-main-stick-meta":"","header-below-stick-meta":"","astra-migrate-meta-layouts":"default","ast-page-background-enabled":"default","ast-page-background-meta":{"desktop":{"background-color":"","background-image":"","background-repeat":"repeat","background-position":"center center","background-size":"auto","background-attachment":"scroll","background-type":"","background-media":"","overlay-type":"","overlay-color":"","overlay-opacity":"","overlay-gradient":""},"tablet":{"background-color":"","background-image":"","background-repeat":"repeat","background-position":"center center","background-size":"auto","background-attachment":"scroll","background-type":"","background-media":"","overlay-type":"","overlay-color":"","overlay-opacity":"","overlay-gradient":""},"mobile":{"background-color":"","background-image":"","background-repeat":"repeat","background-position":"center center","background-size":"auto","background-attachment":"scroll","background-type":"","background-media":"","overlay-type":"","overlay-color":"","overlay-opacity":"","overlay-gradient":""}},"ast-content-background-meta":{"desktop":{"background-color":"var(--ast-global-color-5)","background-image":"","background-repeat":"repeat","background-position":"center center","background-size":"auto","background-attachment":"scroll","background-type":"","background-media":"","overlay-type":"","overlay-color":"","overlay-opacity":"","overlay-gradient":""},"tablet":{"background-color":"var(--ast-global-color-5)","background-image":"","background-repeat":"repeat","background-position":"center center","background-size":"auto","background-attachment":"scroll","background-type":"","background-media":"","overlay-type":"","overlay-color":"","overlay-opacity":"","overlay-gradient":""},"mobile":{"background-color":"var(--ast-global-color-5)","background-image":"","background-repeat":"repeat","background-position":"center center","background-size":"auto","background-attachment":"scroll","background-type":"","background-media":"","overlay-type":"","overlay-color":"","overlay-opacity":"","overlay-gradient":""}},"footnotes":""},"categories":[43],"tags":[],"class_list":["post-3709","post","type-post","status-publish","format-standard","has-post-thumbnail","hentry","category-perambulando"],"yoast_head":"<!-- This site is optimized with the Yoast SEO plugin v27.0 - https:\/\/yoast.com\/product\/yoast-seo-wordpress\/ -->\n<title>Souq e Mixed se unem em linha de home &amp; d\u00e9cor - LACKMAN &amp; CO.<\/title>\n<meta name=\"robots\" content=\"index, follow, max-snippet:-1, max-image-preview:large, max-video-preview:-1\" \/>\n<link rel=\"canonical\" href=\"https:\/\/lackman.com.br\/index.php\/2023\/03\/08\/souq-e-mixed-se-unem-em-linha-de-home-decor\/\" \/>\n<meta property=\"og:locale\" content=\"pt_BR\" \/>\n<meta property=\"og:type\" content=\"article\" \/>\n<meta property=\"og:title\" content=\"Souq e Mixed se unem em linha de home &amp; d\u00e9cor - LACKMAN &amp; CO.\" \/>\n<meta property=\"og:description\" content=\"As empres\u00e1rias da moda, Riccy e Traudi celebram a for\u00e7a feminina e lan\u00e7am collab com objetos e utens\u00edlios de mesa e festejam Dia Internacional da Mulher Traudi Guida e Riccy Souza Aranha (foto principal), empres\u00e1rias importantes do ramo da moda h\u00e1 mais de 30 anos, \u00e0 frente da Souq e Mixed respectivamente, desenvolveram juntas uma linha de home &amp; d\u00e9cor. A cole\u00e7\u00e3o tem edi\u00e7\u00e3o limitada e celebra a for\u00e7a e a feminilidade que norteiam a lideran\u00e7a de ambas as marcas, com seus olhares refinados, valorizando a beleza e o design com muita sofistica\u00e7\u00e3o. A collab, pensada nos m\u00ednimos detalhes para transformar o ato de receber em um momento ainda mais especial conta com um tableware completo e objetos de decora\u00e7\u00e3o. Composta por sousplats, pratos, bandejas, guardanapos, bowls, copos, x\u00edcaras, almofadas, vasos e velas. Feitas em porcelana new bone China, uma cer\u00e2mica de corpo especial de grande dureza e translucidez, para maior qualidade e refinamento, as pe\u00e7as tamb\u00e9m possuem detalhes dourados nos frisos e hot stamps, adicionando um toque fino ao servir. Nesta cole\u00e7\u00e3o, as diretoras criativas uniram suas paix\u00f5es pela moda em uma est\u00e9tica que representa ambas as marcas. As estampas, foram desenvolvidas exclusivamente e unem a padronagem de on\u00e7a e rosas, que representam o DNA de cada marca; sendo o animal print uma for\u00e7a da Souq e as rosas uma for\u00e7a da Mixed. A cole\u00e7\u00e3o j\u00e1 est\u00e1 dispon\u00edvel em todas as lojas f\u00edsicas Souq e nos sites oficiais das marcas. Basta clicar aqui, \u00a0ou aqui. Fotos: Divulga\u00e7\u00e3o\" \/>\n<meta property=\"og:url\" content=\"https:\/\/lackman.com.br\/index.php\/2023\/03\/08\/souq-e-mixed-se-unem-em-linha-de-home-decor\/\" \/>\n<meta property=\"og:site_name\" content=\"LACKMAN &amp; CO.\" \/>\n<meta property=\"article:author\" content=\"https:\/\/www.facebook.com\/fernandolackman\" \/>\n<meta property=\"article:published_time\" content=\"2023-03-08T21:50:04+00:00\" \/>\n<meta property=\"article:modified_time\" content=\"2023-03-08T21:51:08+00:00\" \/>\n<meta property=\"og:image\" content=\"http:\/\/lackman.com.br\/wp-content\/uploads\/2023\/03\/2022_12_12_SOUQMIXED_6356.jpg\" \/>\n\t<meta property=\"og:image:width\" content=\"1000\" \/>\n\t<meta property=\"og:image:height\" content=\"1046\" \/>\n\t<meta property=\"og:image:type\" content=\"image\/jpeg\" \/>\n<meta name=\"author\" content=\"Fernando Lackman\" \/>\n<meta name=\"twitter:card\" content=\"summary_large_image\" \/>\n<meta name=\"twitter:creator\" content=\"@fernandolackman\" \/>\n<meta name=\"twitter:label1\" content=\"Escrito por\" \/>\n\t<meta name=\"twitter:data1\" content=\"Fernando Lackman\" \/>\n\t<meta name=\"twitter:label2\" content=\"Est. tempo de leitura\" \/>\n\t<meta name=\"twitter:data2\" content=\"1 minuto\" \/>\n<script type=\"application\/ld+json\" class=\"yoast-schema-graph\">{\"@context\":\"https:\/\/schema.org\",\"@graph\":[{\"@type\":\"Article\",\"@id\":\"https:\/\/lackman.com.br\/index.php\/2023\/03\/08\/souq-e-mixed-se-unem-em-linha-de-home-decor\/#article\",\"isPartOf\":{\"@id\":\"https:\/\/lackman.com.br\/index.php\/2023\/03\/08\/souq-e-mixed-se-unem-em-linha-de-home-decor\/\"},\"author\":{\"name\":\"Fernando Lackman\",\"@id\":\"https:\/\/lackman.com.br\/#\/schema\/person\/dbfb3fbfc55f2b0bd4f9039696e70858\"},\"headline\":\"Souq e Mixed se unem em linha de home &#038; d\u00e9cor\",\"datePublished\":\"2023-03-08T21:50:04+00:00\",\"dateModified\":\"2023-03-08T21:51:08+00:00\",\"mainEntityOfPage\":{\"@id\":\"https:\/\/lackman.com.br\/index.php\/2023\/03\/08\/souq-e-mixed-se-unem-em-linha-de-home-decor\/\"},\"wordCount\":303,\"publisher\":{\"@id\":\"https:\/\/lackman.com.br\/#organization\"},\"image\":{\"@id\":\"https:\/\/lackman.com.br\/index.php\/2023\/03\/08\/souq-e-mixed-se-unem-em-linha-de-home-decor\/#primaryimage\"},\"thumbnailUrl\":\"https:\/\/lackman.com.br\/wp-content\/uploads\/2023\/03\/2022_12_12_SOUQMIXED_6356.jpg\",\"articleSection\":[\"Perambulando\"],\"inLanguage\":\"pt-BR\"},{\"@type\":\"WebPage\",\"@id\":\"https:\/\/lackman.com.br\/index.php\/2023\/03\/08\/souq-e-mixed-se-unem-em-linha-de-home-decor\/\",\"url\":\"https:\/\/lackman.com.br\/index.php\/2023\/03\/08\/souq-e-mixed-se-unem-em-linha-de-home-decor\/\",\"name\":\"Souq e Mixed se unem em linha de home & d\u00e9cor - LACKMAN &amp; CO.\",\"isPartOf\":{\"@id\":\"https:\/\/lackman.com.br\/#website\"},\"primaryImageOfPage\":{\"@id\":\"https:\/\/lackman.com.br\/index.php\/2023\/03\/08\/souq-e-mixed-se-unem-em-linha-de-home-decor\/#primaryimage\"},\"image\":{\"@id\":\"https:\/\/lackman.com.br\/index.php\/2023\/03\/08\/souq-e-mixed-se-unem-em-linha-de-home-decor\/#primaryimage\"},\"thumbnailUrl\":\"https:\/\/lackman.com.br\/wp-content\/uploads\/2023\/03\/2022_12_12_SOUQMIXED_6356.jpg\",\"datePublished\":\"2023-03-08T21:50:04+00:00\",\"dateModified\":\"2023-03-08T21:51:08+00:00\",\"breadcrumb\":{\"@id\":\"https:\/\/lackman.com.br\/index.php\/2023\/03\/08\/souq-e-mixed-se-unem-em-linha-de-home-decor\/#breadcrumb\"},\"inLanguage\":\"pt-BR\",\"potentialAction\":[{\"@type\":\"ReadAction\",\"target\":[\"https:\/\/lackman.com.br\/index.php\/2023\/03\/08\/souq-e-mixed-se-unem-em-linha-de-home-decor\/\"]}]},{\"@type\":\"ImageObject\",\"inLanguage\":\"pt-BR\",\"@id\":\"https:\/\/lackman.com.br\/index.php\/2023\/03\/08\/souq-e-mixed-se-unem-em-linha-de-home-decor\/#primaryimage\",\"url\":\"https:\/\/lackman.com.br\/wp-content\/uploads\/2023\/03\/2022_12_12_SOUQMIXED_6356.jpg\",\"contentUrl\":\"https:\/\/lackman.com.br\/wp-content\/uploads\/2023\/03\/2022_12_12_SOUQMIXED_6356.jpg\",\"width\":1000,\"height\":1046},{\"@type\":\"BreadcrumbList\",\"@id\":\"https:\/\/lackman.com.br\/index.php\/2023\/03\/08\/souq-e-mixed-se-unem-em-linha-de-home-decor\/#breadcrumb\",\"itemListElement\":[{\"@type\":\"ListItem\",\"position\":1,\"name\":\"In\u00edcio\",\"item\":\"https:\/\/lackman.com.br\/\"},{\"@type\":\"ListItem\",\"position\":2,\"name\":\"Souq e Mixed se unem em linha de home &#038; d\u00e9cor\"}]},{\"@type\":\"WebSite\",\"@id\":\"https:\/\/lackman.com.br\/#website\",\"url\":\"https:\/\/lackman.com.br\/\",\"name\":\"LACKMAN &amp; CO.\",\"description\":\"VIDA | MODA | ARTE\",\"publisher\":{\"@id\":\"https:\/\/lackman.com.br\/#organization\"},\"potentialAction\":[{\"@type\":\"SearchAction\",\"target\":{\"@type\":\"EntryPoint\",\"urlTemplate\":\"https:\/\/lackman.com.br\/?s={search_term_string}\"},\"query-input\":{\"@type\":\"PropertyValueSpecification\",\"valueRequired\":true,\"valueName\":\"search_term_string\"}}],\"inLanguage\":\"pt-BR\"},{\"@type\":\"Organization\",\"@id\":\"https:\/\/lackman.com.br\/#organization\",\"name\":\"LACKMAN &amp; CO.\",\"url\":\"https:\/\/lackman.com.br\/\",\"logo\":{\"@type\":\"ImageObject\",\"inLanguage\":\"pt-BR\",\"@id\":\"https:\/\/lackman.com.br\/#\/schema\/logo\/image\/\",\"url\":\"https:\/\/lackman.com.br\/wp-content\/uploads\/2023\/06\/Logotipo_preto-1.png\",\"contentUrl\":\"https:\/\/lackman.com.br\/wp-content\/uploads\/2023\/06\/Logotipo_preto-1.png\",\"width\":739,\"height\":393,\"caption\":\"LACKMAN &amp; CO.\"},\"image\":{\"@id\":\"https:\/\/lackman.com.br\/#\/schema\/logo\/image\/\"}},{\"@type\":\"Person\",\"@id\":\"https:\/\/lackman.com.br\/#\/schema\/person\/dbfb3fbfc55f2b0bd4f9039696e70858\",\"name\":\"Fernando Lackman\",\"image\":{\"@type\":\"ImageObject\",\"inLanguage\":\"pt-BR\",\"@id\":\"https:\/\/lackman.com.br\/#\/schema\/person\/image\/\",\"url\":\"https:\/\/secure.gravatar.com\/avatar\/ae7993150af197e66480c8a769891833dd2b8d809f0d9ff3f25af796cf378ce8?s=96&d=mm&r=g\",\"contentUrl\":\"https:\/\/secure.gravatar.com\/avatar\/ae7993150af197e66480c8a769891833dd2b8d809f0d9ff3f25af796cf378ce8?s=96&d=mm&r=g\",\"caption\":\"Fernando Lackman\"},\"description\":\"Fernando Lackman \u00e9 jornalista especializado em Moda e Cultura, editor do site LACKMAN.com.br. \u00c9 autor do livro Bras\u00edlia Capital dos Criadores, que conta a hist\u00f3ria da moda no Distrito Federal. Tem em seu curr\u00edculo assinatura de dire\u00e7\u00e3o criativa e de desfiles em eventos como Estilo DF Plaza, Summer Collections, JK Street Fashion, Desfile Beleza Negra (DBN), PicniK Fashion Show, Vogue Fashion\u2019s Night Out Bras\u00edlia, entre outros. Foi diretor criativo do extinto Capital Fashion Week. Atualmente trabalha na dire\u00e7\u00e3o criativa de eventos como Top CUFA, BSB Fashion Street, Bras\u00edlia Fashion House, Ateli\u00ea Bras\u00edlia e Goi\u00e1s Fashion Week.\",\"sameAs\":[\"https:\/\/lackman.com.br\/\",\"https:\/\/www.facebook.com\/fernandolackman\",\"https:\/\/www.instagram.com\/fernandolackman\/\",\"https:\/\/www.linkedin.com\/in\/fernando-lackman\/\",\"https:\/\/br.pinterest.com\/fernandolackman\/\",\"https:\/\/x.com\/fernandolackman\"],\"url\":\"https:\/\/lackman.com.br\/index.php\/author\/fernando-lackman\/\"}]}<\/script>\n<!-- \/ Yoast SEO plugin. -->","yoast_head_json":{"title":"Souq e Mixed se unem em linha de home & d\u00e9cor - LACKMAN &amp; CO.","robots":{"index":"index","follow":"follow","max-snippet":"max-snippet:-1","max-image-preview":"max-image-preview:large","max-video-preview":"max-video-preview:-1"},"canonical":"https:\/\/lackman.com.br\/index.php\/2023\/03\/08\/souq-e-mixed-se-unem-em-linha-de-home-decor\/","og_locale":"pt_BR","og_type":"article","og_title":"Souq e Mixed se unem em linha de home & d\u00e9cor - LACKMAN &amp; CO.","og_description":"As empres\u00e1rias da moda, Riccy e Traudi celebram a for\u00e7a feminina e lan\u00e7am collab com objetos e utens\u00edlios de mesa e festejam Dia Internacional da Mulher Traudi Guida e Riccy Souza Aranha (foto principal), empres\u00e1rias importantes do ramo da moda h\u00e1 mais de 30 anos, \u00e0 frente da Souq e Mixed respectivamente, desenvolveram juntas uma linha de home &amp; d\u00e9cor. A cole\u00e7\u00e3o tem edi\u00e7\u00e3o limitada e celebra a for\u00e7a e a feminilidade que norteiam a lideran\u00e7a de ambas as marcas, com seus olhares refinados, valorizando a beleza e o design com muita sofistica\u00e7\u00e3o. A collab, pensada nos m\u00ednimos detalhes para transformar o ato de receber em um momento ainda mais especial conta com um tableware completo e objetos de decora\u00e7\u00e3o. Composta por sousplats, pratos, bandejas, guardanapos, bowls, copos, x\u00edcaras, almofadas, vasos e velas. Feitas em porcelana new bone China, uma cer\u00e2mica de corpo especial de grande dureza e translucidez, para maior qualidade e refinamento, as pe\u00e7as tamb\u00e9m possuem detalhes dourados nos frisos e hot stamps, adicionando um toque fino ao servir. Nesta cole\u00e7\u00e3o, as diretoras criativas uniram suas paix\u00f5es pela moda em uma est\u00e9tica que representa ambas as marcas. As estampas, foram desenvolvidas exclusivamente e unem a padronagem de on\u00e7a e rosas, que representam o DNA de cada marca; sendo o animal print uma for\u00e7a da Souq e as rosas uma for\u00e7a da Mixed. A cole\u00e7\u00e3o j\u00e1 est\u00e1 dispon\u00edvel em todas as lojas f\u00edsicas Souq e nos sites oficiais das marcas. Basta clicar aqui, \u00a0ou aqui. Fotos: Divulga\u00e7\u00e3o","og_url":"https:\/\/lackman.com.br\/index.php\/2023\/03\/08\/souq-e-mixed-se-unem-em-linha-de-home-decor\/","og_site_name":"LACKMAN &amp; CO.","article_author":"https:\/\/www.facebook.com\/fernandolackman","article_published_time":"2023-03-08T21:50:04+00:00","article_modified_time":"2023-03-08T21:51:08+00:00","og_image":[{"width":1000,"height":1046,"url":"http:\/\/lackman.com.br\/wp-content\/uploads\/2023\/03\/2022_12_12_SOUQMIXED_6356.jpg","type":"image\/jpeg"}],"author":"Fernando Lackman","twitter_card":"summary_large_image","twitter_creator":"@fernandolackman","twitter_misc":{"Escrito por":"Fernando Lackman","Est. tempo de leitura":"1 minuto"},"schema":{"@context":"https:\/\/schema.org","@graph":[{"@type":"Article","@id":"https:\/\/lackman.com.br\/index.php\/2023\/03\/08\/souq-e-mixed-se-unem-em-linha-de-home-decor\/#article","isPartOf":{"@id":"https:\/\/lackman.com.br\/index.php\/2023\/03\/08\/souq-e-mixed-se-unem-em-linha-de-home-decor\/"},"author":{"name":"Fernando Lackman","@id":"https:\/\/lackman.com.br\/#\/schema\/person\/dbfb3fbfc55f2b0bd4f9039696e70858"},"headline":"Souq e Mixed se unem em linha de home &#038; d\u00e9cor","datePublished":"2023-03-08T21:50:04+00:00","dateModified":"2023-03-08T21:51:08+00:00","mainEntityOfPage":{"@id":"https:\/\/lackman.com.br\/index.php\/2023\/03\/08\/souq-e-mixed-se-unem-em-linha-de-home-decor\/"},"wordCount":303,"publisher":{"@id":"https:\/\/lackman.com.br\/#organization"},"image":{"@id":"https:\/\/lackman.com.br\/index.php\/2023\/03\/08\/souq-e-mixed-se-unem-em-linha-de-home-decor\/#primaryimage"},"thumbnailUrl":"https:\/\/lackman.com.br\/wp-content\/uploads\/2023\/03\/2022_12_12_SOUQMIXED_6356.jpg","articleSection":["Perambulando"],"inLanguage":"pt-BR"},{"@type":"WebPage","@id":"https:\/\/lackman.com.br\/index.php\/2023\/03\/08\/souq-e-mixed-se-unem-em-linha-de-home-decor\/","url":"https:\/\/lackman.com.br\/index.php\/2023\/03\/08\/souq-e-mixed-se-unem-em-linha-de-home-decor\/","name":"Souq e Mixed se unem em linha de home & d\u00e9cor - LACKMAN &amp; CO.","isPartOf":{"@id":"https:\/\/lackman.com.br\/#website"},"primaryImageOfPage":{"@id":"https:\/\/lackman.com.br\/index.php\/2023\/03\/08\/souq-e-mixed-se-unem-em-linha-de-home-decor\/#primaryimage"},"image":{"@id":"https:\/\/lackman.com.br\/index.php\/2023\/03\/08\/souq-e-mixed-se-unem-em-linha-de-home-decor\/#primaryimage"},"thumbnailUrl":"https:\/\/lackman.com.br\/wp-content\/uploads\/2023\/03\/2022_12_12_SOUQMIXED_6356.jpg","datePublished":"2023-03-08T21:50:04+00:00","dateModified":"2023-03-08T21:51:08+00:00","breadcrumb":{"@id":"https:\/\/lackman.com.br\/index.php\/2023\/03\/08\/souq-e-mixed-se-unem-em-linha-de-home-decor\/#breadcrumb"},"inLanguage":"pt-BR","potentialAction":[{"@type":"ReadAction","target":["https:\/\/lackman.com.br\/index.php\/2023\/03\/08\/souq-e-mixed-se-unem-em-linha-de-home-decor\/"]}]},{"@type":"ImageObject","inLanguage":"pt-BR","@id":"https:\/\/lackman.com.br\/index.php\/2023\/03\/08\/souq-e-mixed-se-unem-em-linha-de-home-decor\/#primaryimage","url":"https:\/\/lackman.com.br\/wp-content\/uploads\/2023\/03\/2022_12_12_SOUQMIXED_6356.jpg","contentUrl":"https:\/\/lackman.com.br\/wp-content\/uploads\/2023\/03\/2022_12_12_SOUQMIXED_6356.jpg","width":1000,"height":1046},{"@type":"BreadcrumbList","@id":"https:\/\/lackman.com.br\/index.php\/2023\/03\/08\/souq-e-mixed-se-unem-em-linha-de-home-decor\/#breadcrumb","itemListElement":[{"@type":"ListItem","position":1,"name":"In\u00edcio","item":"https:\/\/lackman.com.br\/"},{"@type":"ListItem","position":2,"name":"Souq e Mixed se unem em linha de home &#038; d\u00e9cor"}]},{"@type":"WebSite","@id":"https:\/\/lackman.com.br\/#website","url":"https:\/\/lackman.com.br\/","name":"LACKMAN &amp; CO.","description":"VIDA | MODA | ARTE","publisher":{"@id":"https:\/\/lackman.com.br\/#organization"},"potentialAction":[{"@type":"SearchAction","target":{"@type":"EntryPoint","urlTemplate":"https:\/\/lackman.com.br\/?s={search_term_string}"},"query-input":{"@type":"PropertyValueSpecification","valueRequired":true,"valueName":"search_term_string"}}],"inLanguage":"pt-BR"},{"@type":"Organization","@id":"https:\/\/lackman.com.br\/#organization","name":"LACKMAN &amp; CO.","url":"https:\/\/lackman.com.br\/","logo":{"@type":"ImageObject","inLanguage":"pt-BR","@id":"https:\/\/lackman.com.br\/#\/schema\/logo\/image\/","url":"https:\/\/lackman.com.br\/wp-content\/uploads\/2023\/06\/Logotipo_preto-1.png","contentUrl":"https:\/\/lackman.com.br\/wp-content\/uploads\/2023\/06\/Logotipo_preto-1.png","width":739,"height":393,"caption":"LACKMAN &amp; CO."},"image":{"@id":"https:\/\/lackman.com.br\/#\/schema\/logo\/image\/"}},{"@type":"Person","@id":"https:\/\/lackman.com.br\/#\/schema\/person\/dbfb3fbfc55f2b0bd4f9039696e70858","name":"Fernando Lackman","image":{"@type":"ImageObject","inLanguage":"pt-BR","@id":"https:\/\/lackman.com.br\/#\/schema\/person\/image\/","url":"https:\/\/secure.gravatar.com\/avatar\/ae7993150af197e66480c8a769891833dd2b8d809f0d9ff3f25af796cf378ce8?s=96&d=mm&r=g","contentUrl":"https:\/\/secure.gravatar.com\/avatar\/ae7993150af197e66480c8a769891833dd2b8d809f0d9ff3f25af796cf378ce8?s=96&d=mm&r=g","caption":"Fernando Lackman"},"description":"Fernando Lackman \u00e9 jornalista especializado em Moda e Cultura, editor do site LACKMAN.com.br. \u00c9 autor do livro Bras\u00edlia Capital dos Criadores, que conta a hist\u00f3ria da moda no Distrito Federal. Tem em seu curr\u00edculo assinatura de dire\u00e7\u00e3o criativa e de desfiles em eventos como Estilo DF Plaza, Summer Collections, JK Street Fashion, Desfile Beleza Negra (DBN), PicniK Fashion Show, Vogue Fashion\u2019s Night Out Bras\u00edlia, entre outros. Foi diretor criativo do extinto Capital Fashion Week. Atualmente trabalha na dire\u00e7\u00e3o criativa de eventos como Top CUFA, BSB Fashion Street, Bras\u00edlia Fashion House, Ateli\u00ea Bras\u00edlia e Goi\u00e1s Fashion Week.","sameAs":["https:\/\/lackman.com.br\/","https:\/\/www.facebook.com\/fernandolackman","https:\/\/www.instagram.com\/fernandolackman\/","https:\/\/www.linkedin.com\/in\/fernando-lackman\/","https:\/\/br.pinterest.com\/fernandolackman\/","https:\/\/x.com\/fernandolackman"],"url":"https:\/\/lackman.com.br\/index.php\/author\/fernando-lackman\/"}]}},"rttpg_featured_image_url":{"full":["https:\/\/lackman.com.br\/wp-content\/uploads\/2023\/03\/2022_12_12_SOUQMIXED_6356.jpg",1000,1046,false],"landscape":["https:\/\/lackman.com.br\/wp-content\/uploads\/2023\/03\/2022_12_12_SOUQMIXED_6356.jpg",1000,1046,false],"portraits":["https:\/\/lackman.com.br\/wp-content\/uploads\/2023\/03\/2022_12_12_SOUQMIXED_6356.jpg",1000,1046,false],"thumbnail":["https:\/\/lackman.com.br\/wp-content\/uploads\/2023\/03\/2022_12_12_SOUQMIXED_6356-150x150.jpg",150,150,true],"medium":["https:\/\/lackman.com.br\/wp-content\/uploads\/2023\/03\/2022_12_12_SOUQMIXED_6356-287x300.jpg",287,300,true],"large":["https:\/\/lackman.com.br\/wp-content\/uploads\/2023\/03\/2022_12_12_SOUQMIXED_6356-979x1024.jpg",979,1024,true],"RoboGalleryMansoryImagesCenter":["https:\/\/lackman.com.br\/wp-content\/uploads\/2023\/03\/2022_12_12_SOUQMIXED_6356-600x1024.jpg",600,1024,true],"RoboGalleryPreload":["https:\/\/lackman.com.br\/wp-content\/uploads\/2023\/03\/2022_12_12_SOUQMIXED_6356.jpg",100,105,false],"1536x1536":["https:\/\/lackman.com.br\/wp-content\/uploads\/2023\/03\/2022_12_12_SOUQMIXED_6356.jpg",1000,1046,false],"2048x2048":["https:\/\/lackman.com.br\/wp-content\/uploads\/2023\/03\/2022_12_12_SOUQMIXED_6356.jpg",1000,1046,false]},"rttpg_author":{"display_name":"Fernando Lackman","author_link":"https:\/\/lackman.com.br\/index.php\/author\/fernando-lackman\/"},"rttpg_comment":0,"rttpg_category":"<a href=\"https:\/\/lackman.com.br\/index.php\/category\/vida\/perambulando\/\" rel=\"category tag\">Perambulando<\/a>","rttpg_excerpt":"As empres\u00e1rias da moda, Riccy e Traudi celebram a for\u00e7a feminina e lan\u00e7am collab com objetos e utens\u00edlios de mesa e festejam Dia Internacional da Mulher Traudi Guida e Riccy Souza Aranha (foto principal), empres\u00e1rias importantes do ramo da moda h\u00e1 mais de 30 anos, \u00e0 frente da Souq e Mixed respectivamente, desenvolveram juntas uma&hellip;","_links":{"self":[{"href":"https:\/\/lackman.com.br\/index.php\/wp-json\/wp\/v2\/posts\/3709","targetHints":{"allow":["GET"]}}],"collection":[{"href":"https:\/\/lackman.com.br\/index.php\/wp-json\/wp\/v2\/posts"}],"about":[{"href":"https:\/\/lackman.com.br\/index.php\/wp-json\/wp\/v2\/types\/post"}],"author":[{"embeddable":true,"href":"https:\/\/lackman.com.br\/index.php\/wp-json\/wp\/v2\/users\/2"}],"replies":[{"embeddable":true,"href":"https:\/\/lackman.com.br\/index.php\/wp-json\/wp\/v2\/comments?post=3709"}],"version-history":[{"count":9,"href":"https:\/\/lackman.com.br\/index.php\/wp-json\/wp\/v2\/posts\/3709\/revisions"}],"predecessor-version":[{"id":3724,"href":"https:\/\/lackman.com.br\/index.php\/wp-json\/wp\/v2\/posts\/3709\/revisions\/3724"}],"wp:featuredmedia":[{"embeddable":true,"href":"https:\/\/lackman.com.br\/index.php\/wp-json\/wp\/v2\/media\/3715"}],"wp:attachment":[{"href":"https:\/\/lackman.com.br\/index.php\/wp-json\/wp\/v2\/media?parent=3709"}],"wp:term":[{"taxonomy":"category","embeddable":true,"href":"https:\/\/lackman.com.br\/index.php\/wp-json\/wp\/v2\/categories?post=3709"},{"taxonomy":"post_tag","embeddable":true,"href":"https:\/\/lackman.com.br\/index.php\/wp-json\/wp\/v2\/tags?post=3709"}],"curies":[{"name":"wp","href":"https:\/\/api.w.org\/{rel}","templated":true}]}}