{"id":3678,"date":"2023-03-07T12:41:23","date_gmt":"2023-03-07T15:41:23","guid":{"rendered":"https:\/\/lackman.com.br\/?p=3678"},"modified":"2023-03-07T14:02:35","modified_gmt":"2023-03-07T17:02:35","slug":"festival-cinema-fantastico-nas-telas-do-ccbb","status":"publish","type":"post","link":"https:\/\/lackman.com.br\/index.php\/2023\/03\/07\/festival-cinema-fantastico-nas-telas-do-ccbb\/","title":{"rendered":"Festival Cinema Fant\u00e1stico nas telas do CCBB"},"content":{"rendered":"<h5 style=\"text-align: justify;\"><strong><em>Abertura do Festival ser\u00e1 no Dia Internacional da Mulher(8), com filmes de 5 cineastas mulheres de diferentes pa\u00edses. Programa\u00e7\u00e3o musical ter\u00e1 show do duo Vermelho Wonder (SP), na obra Magic Square #3, de H\u00e9lio Oiticica<\/em><\/strong><sub>\u00a0<\/sub><\/h5>\n<p style=\"text-align: justify;\">O Festival Internacional do Cinema Fant\u00e1stico preparou uma sele\u00e7\u00e3o de 55 curtas e longas metragens, promovendo um passeio pelos subg\u00eaneros: fantasia, fic\u00e7\u00e3o cient\u00edfica, horror e outras varia\u00e7\u00f5es que coloquem o foco em temas intrigantes tratados por esse segmento do cinema. A IV edi\u00e7\u00e3o do evento, que acontece no CCBB Bras\u00edlia entre 8 a 18 de mar\u00e7o, homenageia o cineasta e roteirista Georges Franju, que fez parte do cinema moderno franc\u00eas e ganhou reconhecimento por filmes como o terror \u201cOs olhos sem rosto\u201d, que ser\u00e1 exibido no Festival. O diretor uruguaio Gustavo Hern\u00e1ndez \u00e9 o convidado especial do FIC Fant\u00e1stico 2023 e participa de um bate-papo nos dias 17\/03, ap\u00f3s a exibi\u00e7\u00e3o de \u201cV\u00edrus-32\u201d, e no dia 18 realiza pr\u00e9-estreia do seu mais novo filme, \u201cLobo Feroz\u201d e conversa com o p\u00fablico ap\u00f3s a sess\u00e3o.<\/p>\n<figure id=\"attachment_3679\" aria-describedby=\"caption-attachment-3679\" style=\"width: 1024px\" class=\"wp-caption aligncenter\"><img fetchpriority=\"high\" decoding=\"async\" class=\"wp-image-3679 size-large\" src=\"http:\/\/lackman.com.br\/wp-content\/uploads\/2023\/03\/Apocalypse_Dog-1024x427.jpg\" alt=\"\" width=\"1024\" height=\"427\" srcset=\"https:\/\/lackman.com.br\/wp-content\/uploads\/2023\/03\/Apocalypse_Dog-1024x427.jpg 1024w, https:\/\/lackman.com.br\/wp-content\/uploads\/2023\/03\/Apocalypse_Dog-300x125.jpg 300w, https:\/\/lackman.com.br\/wp-content\/uploads\/2023\/03\/Apocalypse_Dog-768x320.jpg 768w, https:\/\/lackman.com.br\/wp-content\/uploads\/2023\/03\/Apocalypse_Dog-1536x640.jpg 1536w, https:\/\/lackman.com.br\/wp-content\/uploads\/2023\/03\/Apocalypse_Dog-2048x854.jpg 2048w\" sizes=\"(max-width: 1024px) 100vw, 1024px\" \/><figcaption id=\"caption-attachment-3679\" class=\"wp-caption-text\"><strong> Apocalypse Dog &#8211; de Aziliz Le Clainche, Camille Nasarre, Jing Qian, Juliette Barraux, Emma Plumey, Lucile Arnaud e Sol\u00e8ne Cauchie, FRAN\u00c7A, 2022, 7m25<\/strong><\/figcaption><\/figure>\n<p style=\"text-align: justify;\">O cinema fant\u00e1stico fascina plateias desde os prim\u00f3rdios do cinema e atualmente, mais ainda com as redes sociais, onde realidade e fantasia se confundem. Na programa\u00e7\u00e3o, produ\u00e7\u00f5es nacionais e um recorte internacional, com participa\u00e7\u00e3o de 25 pa\u00edses sendo eles: \u00c1frica do Sul, Alemanha, Arg\u00e9lia, Argentina, B\u00e9lgica, Brasil, Ch\u00e9quia, Chile, China, Col\u00f4mbia, Cuba, Espanha, Estados Unidos, Fran\u00e7a, Gr\u00e9cia, Hungria, Israel, It\u00e1lia, Jap\u00e3o, Mal\u00e1sia, M\u00e9xico, Palestina, Portugal, Su\u00ed\u00e7a e Uruguai.<\/p>\n<p style=\"text-align: justify;\">Al\u00e9m dos filmes, o evento tamb\u00e9m contar\u00e1 com atividades infantis como a \u201cOficina de Monstros do Desconhecido-Stop Motion com Massinha\u201d para crian\u00e7as de 6 a 12 anos, mostras infanto-juvenis na parte da manh\u00e3 e tarde e mostras noturnas para o p\u00fablico jovem. A programa\u00e7\u00e3o, que tem entrada franca, contar\u00e1 ainda com atividades paralelas como lan\u00e7amento de livros e bate-papos sobre o cinema e a literatura Fant\u00e1stica.<\/p>\n<figure id=\"attachment_3683\" aria-describedby=\"caption-attachment-3683\" style=\"width: 1000px\" class=\"wp-caption aligncenter\"><img decoding=\"async\" class=\"wp-image-3683 size-full\" src=\"http:\/\/lackman.com.br\/wp-content\/uploads\/2023\/03\/Superherois-1.png\" alt=\"\" width=\"1000\" height=\"563\" srcset=\"https:\/\/lackman.com.br\/wp-content\/uploads\/2023\/03\/Superherois-1.png 1000w, https:\/\/lackman.com.br\/wp-content\/uploads\/2023\/03\/Superherois-1-300x169.png 300w, https:\/\/lackman.com.br\/wp-content\/uploads\/2023\/03\/Superherois-1-768x432.png 768w\" sizes=\"(max-width: 1000px) 100vw, 1000px\" \/><figcaption id=\"caption-attachment-3683\" class=\"wp-caption-text\"><strong> Superherois &#8211;\u00a0um universo p\u00f3s-apocal\u00edptico, Bob e seu cachorro Pasha sobrevivem em um terreno baldio. Eles est\u00e3o com fome, com sede e cansados. Quando de repente, eles avistam uma cidade ao longe!<\/strong><\/figcaption><\/figure>\n<p style=\"text-align: justify;\">A classifica\u00e7\u00e3o indicativa dos filmes pode ser conferida na programa\u00e7\u00e3o no site<span style=\"color: #0000ff;\"><strong> <a style=\"color: #0000ff;\" href=\"http:\/\/bb.com.br\/cultura\">bb.com.br\/cultura<\/a> <\/strong><\/span>e os ingressos podem ser retirados na bilheteria com uma hora de anteced\u00eancia.<\/p>\n<p style=\"text-align: justify;\">Para a sess\u00e3o de abertura do IV FIC Fant\u00e1stico, na quarta-feira (8), data em que se comemora o Dia Internacional da Mulher, o evento escolheu 5 curtas dirigidos por mulheres de 5 pa\u00edses diferentes para marcar a ocasi\u00e3o.<\/p>\n<p style=\"text-align: justify;\">Na sexta-feira (10) um show musical com o Duo \u201cVermelho Wonder\u201d (SP) vai acontecer, \u00e0s 20 horas, na obra \u201c<em>Magic Square #3\u201d<\/em>, do artista H\u00e9lio Oiticica. A dupla \u00e9 resultado de encontros entre o DJ\/produtor M\u00e1rcio Vermelho e o performer Victor Ivanon\/Ivana Wonder, dando origem a uma experimenta\u00e7\u00e3o que une m\u00fasica e imagens em v\u00eddeo.<\/p>\n<figure id=\"attachment_3682\" aria-describedby=\"caption-attachment-3682\" style=\"width: 1024px\" class=\"wp-caption aligncenter\"><img decoding=\"async\" class=\"wp-image-3682 size-large\" src=\"http:\/\/lackman.com.br\/wp-content\/uploads\/2023\/03\/The-Pillar-of-strength-1024x576.png\" alt=\"\" width=\"1024\" height=\"576\" srcset=\"https:\/\/lackman.com.br\/wp-content\/uploads\/2023\/03\/The-Pillar-of-strength-1024x576.png 1024w, https:\/\/lackman.com.br\/wp-content\/uploads\/2023\/03\/The-Pillar-of-strength-300x169.png 300w, https:\/\/lackman.com.br\/wp-content\/uploads\/2023\/03\/The-Pillar-of-strength-768x432.png 768w, https:\/\/lackman.com.br\/wp-content\/uploads\/2023\/03\/The-Pillar-of-strength-1536x864.png 1536w, https:\/\/lackman.com.br\/wp-content\/uploads\/2023\/03\/The-Pillar-of-strength.png 1920w\" sizes=\"(max-width: 1024px) 100vw, 1024px\" \/><figcaption id=\"caption-attachment-3682\" class=\"wp-caption-text\"><strong> The Pillar Of Strength &#8211; de Ayie Ibrahim, MAL\u00c1SIA, 2021, 7M32. Uma hist\u00f3ria sobre as pessoas no arquip\u00e9lago de Born\u00e9u e suas cren\u00e7as ancestrais dos deuses na natureza.<\/strong><\/figcaption><\/figure>\n<p style=\"text-align: justify;\">O IV Festival Internacional de Cinema Fant\u00e1stico de Bras\u00edlia \u00e9 uma realiza\u00e7\u00e3o da T\u00e1bata Filmes Entretenimento e conta com o patroc\u00ednio do Centro Cultural Banco do Brasil Bras\u00edlia, por interm\u00e9dio da Lei de Incentivo \u00e0 Cultura do DF- LIC DF.<\/p>\n<p style=\"text-align: justify;\"><strong>Homenagem &#8211;<\/strong> Um momento especial do IV FIC FANT\u00c1STICO \u00e9 a mostra em homenagem ao cineasta franc\u00eas Georges Franju, com exibi\u00e7\u00e3o de tr\u00eas filmes do diretor. Entre eles, o cl\u00e1ssico \u201c<em>Lex Yeux Sans Visage\u201d<\/em>, que ser\u00e1 exibido no dia 15\/03, e que em 1960 causou desmaio de expectadores em uma sess\u00e3o do Festival de Cinema de Edimburgo 1960.\u00a0 <em>\u201cO surrealismo me ensinou que a raz\u00e3o vem depois da cria\u00e7\u00e3o, e a cria\u00e7\u00e3o \u00e9 uma verdadeira deflagra\u00e7\u00e3o quando confrontada, n\u00e3o com uma solu\u00e7\u00e3o, mas com um obst\u00e1culo\u201d<\/em><strong>, <\/strong>costumava dizer Georges Franju.<\/p>\n<p style=\"text-align: justify;\">\n<h5 style=\"text-align: justify;\"><strong>Quer ir?<\/strong><\/h5>\n<p style=\"text-align: justify;\">Festival Internacional do Cinema Fant\u00e1stico no CCBB BRAS\u00cdLIA, de 8 a 18 de mar\u00e7o. Entrada franca com retirada de ingresso na bilheteria com uma 1 hora de anteced\u00eancia. Ingressos para a ocupa\u00e7\u00e3o do Magic Square #3 com show do Vermelho Wonder: Entrada franca com retirada de ingresso no site do CCBB (<a href=\"http:\/\/www.bb.com.br\/cultura\">www.bb.com.br\/cultura<\/a>) ou na bilheteria do CCBB.<\/p>\n<p>Programa\u00e7\u00e3o completa tamb\u00e9m pelo <span style=\"color: #0000ff;\"><a style=\"color: #0000ff;\" href=\"https:\/\/www.instagram.com\/ficfantastico\/\"><span style=\"color: #000000;\">Instagram<\/span><\/a><\/span><strong><span style=\"color: #0000ff;\"><a style=\"color: #0000ff;\" href=\"https:\/\/www.instagram.com\/ficfantastico\/\"> @ficfantastico.<\/a><\/span><\/strong><\/p>\n<p style=\"text-align: justify;\">Hor\u00e1rio de funcionamento CCBB: de ter\u00e7a-feira a domingo das 9h \u00e0s 21h<\/p>\n<p style=\"text-align: justify;\"><strong>Endere\u00e7o: <\/strong>SCES Trecho 2, Bras\u00edlia DF, De Ter\u00e7a a Domingo das 9 h \u00e0s 21 h, (61) 3108-7600<\/p>\n<h5 style=\"text-align: justify;\"><strong>Mais nas redes<\/strong><\/h5>\n<p style=\"text-align: justify;\"><span style=\"color: #0000ff;\"><a style=\"color: #0000ff;\" href=\"https:\/\/www.facebook.com\/ccbbbrasilia\/?locale=pt_BR\">Facebook\/ccbb.brasilia<\/a><\/span><\/p>\n<p style=\"text-align: justify;\"><span style=\"color: #0000ff;\"><a style=\"color: #0000ff;\" href=\"https:\/\/twitter.com\/CCBB_DF\">Twitter\/ @ccbb_df<\/a><\/span><\/p>\n<p style=\"text-align: justify;\"><span style=\"color: #0000ff;\"><a style=\"color: #0000ff;\" href=\"https:\/\/www.instagram.com\/ccbbbrasilia\/\">Instagram\/ccbbbrasilia<\/a><\/span><\/p>\n<hr \/>\n<pre>Imagens: Reprodu\u00e7\u00e3o e Divulga\u00e7\u00e3o<\/pre>\n","protected":false},"excerpt":{"rendered":"<p>Abertura do Festival ser\u00e1 no Dia Internacional da Mulher(8), com filmes de 5 cineastas mulheres de diferentes pa\u00edses. Programa\u00e7\u00e3o musical ter\u00e1 show do duo Vermelho Wonder (SP), na obra Magic Square #3, de H\u00e9lio Oiticica\u00a0 O Festival Internacional do Cinema Fant\u00e1stico preparou uma sele\u00e7\u00e3o de 55 curtas e longas metragens, promovendo um passeio pelos subg\u00eaneros: fantasia, fic\u00e7\u00e3o cient\u00edfica, horror e outras varia\u00e7\u00f5es que coloquem o foco em temas intrigantes tratados por esse segmento do cinema. A IV edi\u00e7\u00e3o do evento, que acontece no CCBB Bras\u00edlia entre 8 a 18 de mar\u00e7o, homenageia o cineasta e roteirista Georges Franju, que fez parte do cinema moderno franc\u00eas e ganhou reconhecimento por filmes como o terror \u201cOs olhos sem rosto\u201d, que ser\u00e1 exibido no Festival. O diretor uruguaio Gustavo Hern\u00e1ndez \u00e9 o convidado especial do FIC Fant\u00e1stico 2023 e participa de um bate-papo nos dias 17\/03, ap\u00f3s a exibi\u00e7\u00e3o de \u201cV\u00edrus-32\u201d, e no dia 18 realiza pr\u00e9-estreia do seu mais novo filme, \u201cLobo Feroz\u201d e conversa com o p\u00fablico ap\u00f3s a sess\u00e3o. O cinema fant\u00e1stico fascina plateias desde os prim\u00f3rdios do cinema e atualmente, mais ainda com as redes sociais, onde realidade e fantasia se confundem. Na programa\u00e7\u00e3o, produ\u00e7\u00f5es nacionais e um recorte internacional, com participa\u00e7\u00e3o de 25 pa\u00edses sendo eles: \u00c1frica do Sul, Alemanha, Arg\u00e9lia, Argentina, B\u00e9lgica, Brasil, Ch\u00e9quia, Chile, China, Col\u00f4mbia, Cuba, Espanha, Estados Unidos, Fran\u00e7a, Gr\u00e9cia, Hungria, Israel, It\u00e1lia, Jap\u00e3o, Mal\u00e1sia, M\u00e9xico, Palestina, Portugal, Su\u00ed\u00e7a e Uruguai. Al\u00e9m dos filmes, o evento tamb\u00e9m contar\u00e1 com atividades infantis como a \u201cOficina de Monstros do Desconhecido-Stop Motion com Massinha\u201d para crian\u00e7as de 6 a 12 anos, mostras infanto-juvenis na parte da manh\u00e3 e tarde e mostras noturnas para o p\u00fablico jovem. A programa\u00e7\u00e3o, que tem entrada franca, contar\u00e1 ainda com atividades paralelas como lan\u00e7amento de livros e bate-papos sobre o cinema e a literatura Fant\u00e1stica. A classifica\u00e7\u00e3o indicativa dos filmes pode ser conferida na programa\u00e7\u00e3o no site bb.com.br\/cultura e os ingressos podem ser retirados na bilheteria com uma hora de anteced\u00eancia. Para a sess\u00e3o de abertura do IV FIC Fant\u00e1stico, na quarta-feira (8), data em que se comemora o Dia Internacional da Mulher, o evento escolheu 5 curtas dirigidos por mulheres de 5 pa\u00edses diferentes para marcar a ocasi\u00e3o. Na sexta-feira (10) um show musical com o Duo \u201cVermelho Wonder\u201d (SP) vai acontecer, \u00e0s 20 horas, na obra \u201cMagic Square #3\u201d, do artista H\u00e9lio Oiticica. A dupla \u00e9 resultado de encontros entre o DJ\/produtor M\u00e1rcio Vermelho e o performer Victor Ivanon\/Ivana Wonder, dando origem a uma experimenta\u00e7\u00e3o que une m\u00fasica e imagens em v\u00eddeo. O IV Festival Internacional de Cinema Fant\u00e1stico de Bras\u00edlia \u00e9 uma realiza\u00e7\u00e3o da T\u00e1bata Filmes Entretenimento e conta com o patroc\u00ednio do Centro Cultural Banco do Brasil Bras\u00edlia, por interm\u00e9dio da Lei de Incentivo \u00e0 Cultura do DF- LIC DF. Homenagem &#8211; Um momento especial do IV FIC FANT\u00c1STICO \u00e9 a mostra em homenagem ao cineasta franc\u00eas Georges Franju, com exibi\u00e7\u00e3o de tr\u00eas filmes do diretor. Entre eles, o cl\u00e1ssico \u201cLex Yeux Sans Visage\u201d, que ser\u00e1 exibido no dia 15\/03, e que em 1960 causou desmaio de expectadores em uma sess\u00e3o do Festival de Cinema de Edimburgo 1960.\u00a0 \u201cO surrealismo me ensinou que a raz\u00e3o vem depois da cria\u00e7\u00e3o, e a cria\u00e7\u00e3o \u00e9 uma verdadeira deflagra\u00e7\u00e3o quando confrontada, n\u00e3o com uma solu\u00e7\u00e3o, mas com um obst\u00e1culo\u201d, costumava dizer Georges Franju. Quer ir? Festival Internacional do Cinema Fant\u00e1stico no CCBB BRAS\u00cdLIA, de 8 a 18 de mar\u00e7o. Entrada franca com retirada de ingresso na bilheteria com uma 1 hora de anteced\u00eancia. Ingressos para a ocupa\u00e7\u00e3o do Magic Square #3 com show do Vermelho Wonder: Entrada franca com retirada de ingresso no site do CCBB (www.bb.com.br\/cultura) ou na bilheteria do CCBB. Programa\u00e7\u00e3o completa tamb\u00e9m pelo Instagram @ficfantastico. Hor\u00e1rio de funcionamento CCBB: de ter\u00e7a-feira a domingo das 9h \u00e0s 21h Endere\u00e7o: SCES Trecho 2, Bras\u00edlia DF, De Ter\u00e7a a Domingo das 9 h \u00e0s 21 h, (61) 3108-7600 Mais nas redes Facebook\/ccbb.brasilia Twitter\/ @ccbb_df Instagram\/ccbbbrasilia Imagens: Reprodu\u00e7\u00e3o e Divulga\u00e7\u00e3o<\/p>\n","protected":false},"author":2,"featured_media":3680,"comment_status":"closed","ping_status":"open","sticky":false,"template":"","format":"standard","meta":{"site-sidebar-layout":"default","site-content-layout":"default","ast-site-content-layout":"default","site-content-style":"default","site-sidebar-style":"default","ast-global-header-display":"","ast-banner-title-visibility":"","ast-main-header-display":"","ast-hfb-above-header-display":"","ast-hfb-below-header-display":"","ast-hfb-mobile-header-display":"","site-post-title":"","ast-breadcrumbs-content":"","ast-featured-img":"","footer-sml-layout":"","ast-disable-related-posts":"","theme-transparent-header-meta":"default","adv-header-id-meta":"","stick-header-meta":"","header-above-stick-meta":"","header-main-stick-meta":"","header-below-stick-meta":"","astra-migrate-meta-layouts":"default","ast-page-background-enabled":"default","ast-page-background-meta":{"desktop":{"background-color":"","background-image":"","background-repeat":"repeat","background-position":"center center","background-size":"auto","background-attachment":"scroll","background-type":"","background-media":"","overlay-type":"","overlay-color":"","overlay-opacity":"","overlay-gradient":""},"tablet":{"background-color":"","background-image":"","background-repeat":"repeat","background-position":"center center","background-size":"auto","background-attachment":"scroll","background-type":"","background-media":"","overlay-type":"","overlay-color":"","overlay-opacity":"","overlay-gradient":""},"mobile":{"background-color":"","background-image":"","background-repeat":"repeat","background-position":"center center","background-size":"auto","background-attachment":"scroll","background-type":"","background-media":"","overlay-type":"","overlay-color":"","overlay-opacity":"","overlay-gradient":""}},"ast-content-background-meta":{"desktop":{"background-color":"var(--ast-global-color-5)","background-image":"","background-repeat":"repeat","background-position":"center center","background-size":"auto","background-attachment":"scroll","background-type":"","background-media":"","overlay-type":"","overlay-color":"","overlay-opacity":"","overlay-gradient":""},"tablet":{"background-color":"var(--ast-global-color-5)","background-image":"","background-repeat":"repeat","background-position":"center center","background-size":"auto","background-attachment":"scroll","background-type":"","background-media":"","overlay-type":"","overlay-color":"","overlay-opacity":"","overlay-gradient":""},"mobile":{"background-color":"var(--ast-global-color-5)","background-image":"","background-repeat":"repeat","background-position":"center center","background-size":"auto","background-attachment":"scroll","background-type":"","background-media":"","overlay-type":"","overlay-color":"","overlay-opacity":"","overlay-gradient":""}},"footnotes":""},"categories":[47],"tags":[],"class_list":["post-3678","post","type-post","status-publish","format-standard","has-post-thumbnail","hentry","category-cultura-arte"],"yoast_head":"<!-- This site is optimized with the Yoast SEO plugin v27.0 - https:\/\/yoast.com\/product\/yoast-seo-wordpress\/ -->\n<title>Festival Cinema Fant\u00e1stico nas telas do CCBB - LACKMAN &amp; CO.<\/title>\n<meta name=\"robots\" content=\"index, follow, max-snippet:-1, max-image-preview:large, max-video-preview:-1\" \/>\n<link rel=\"canonical\" href=\"https:\/\/lackman.com.br\/index.php\/2023\/03\/07\/festival-cinema-fantastico-nas-telas-do-ccbb\/\" \/>\n<meta property=\"og:locale\" content=\"pt_BR\" \/>\n<meta property=\"og:type\" content=\"article\" \/>\n<meta property=\"og:title\" content=\"Festival Cinema Fant\u00e1stico nas telas do CCBB - LACKMAN &amp; CO.\" \/>\n<meta property=\"og:description\" content=\"Abertura do Festival ser\u00e1 no Dia Internacional da Mulher(8), com filmes de 5 cineastas mulheres de diferentes pa\u00edses. Programa\u00e7\u00e3o musical ter\u00e1 show do duo Vermelho Wonder (SP), na obra Magic Square #3, de H\u00e9lio Oiticica\u00a0 O Festival Internacional do Cinema Fant\u00e1stico preparou uma sele\u00e7\u00e3o de 55 curtas e longas metragens, promovendo um passeio pelos subg\u00eaneros: fantasia, fic\u00e7\u00e3o cient\u00edfica, horror e outras varia\u00e7\u00f5es que coloquem o foco em temas intrigantes tratados por esse segmento do cinema. A IV edi\u00e7\u00e3o do evento, que acontece no CCBB Bras\u00edlia entre 8 a 18 de mar\u00e7o, homenageia o cineasta e roteirista Georges Franju, que fez parte do cinema moderno franc\u00eas e ganhou reconhecimento por filmes como o terror \u201cOs olhos sem rosto\u201d, que ser\u00e1 exibido no Festival. O diretor uruguaio Gustavo Hern\u00e1ndez \u00e9 o convidado especial do FIC Fant\u00e1stico 2023 e participa de um bate-papo nos dias 17\/03, ap\u00f3s a exibi\u00e7\u00e3o de \u201cV\u00edrus-32\u201d, e no dia 18 realiza pr\u00e9-estreia do seu mais novo filme, \u201cLobo Feroz\u201d e conversa com o p\u00fablico ap\u00f3s a sess\u00e3o. O cinema fant\u00e1stico fascina plateias desde os prim\u00f3rdios do cinema e atualmente, mais ainda com as redes sociais, onde realidade e fantasia se confundem. Na programa\u00e7\u00e3o, produ\u00e7\u00f5es nacionais e um recorte internacional, com participa\u00e7\u00e3o de 25 pa\u00edses sendo eles: \u00c1frica do Sul, Alemanha, Arg\u00e9lia, Argentina, B\u00e9lgica, Brasil, Ch\u00e9quia, Chile, China, Col\u00f4mbia, Cuba, Espanha, Estados Unidos, Fran\u00e7a, Gr\u00e9cia, Hungria, Israel, It\u00e1lia, Jap\u00e3o, Mal\u00e1sia, M\u00e9xico, Palestina, Portugal, Su\u00ed\u00e7a e Uruguai. Al\u00e9m dos filmes, o evento tamb\u00e9m contar\u00e1 com atividades infantis como a \u201cOficina de Monstros do Desconhecido-Stop Motion com Massinha\u201d para crian\u00e7as de 6 a 12 anos, mostras infanto-juvenis na parte da manh\u00e3 e tarde e mostras noturnas para o p\u00fablico jovem. A programa\u00e7\u00e3o, que tem entrada franca, contar\u00e1 ainda com atividades paralelas como lan\u00e7amento de livros e bate-papos sobre o cinema e a literatura Fant\u00e1stica. A classifica\u00e7\u00e3o indicativa dos filmes pode ser conferida na programa\u00e7\u00e3o no site bb.com.br\/cultura e os ingressos podem ser retirados na bilheteria com uma hora de anteced\u00eancia. Para a sess\u00e3o de abertura do IV FIC Fant\u00e1stico, na quarta-feira (8), data em que se comemora o Dia Internacional da Mulher, o evento escolheu 5 curtas dirigidos por mulheres de 5 pa\u00edses diferentes para marcar a ocasi\u00e3o. Na sexta-feira (10) um show musical com o Duo \u201cVermelho Wonder\u201d (SP) vai acontecer, \u00e0s 20 horas, na obra \u201cMagic Square #3\u201d, do artista H\u00e9lio Oiticica. A dupla \u00e9 resultado de encontros entre o DJ\/produtor M\u00e1rcio Vermelho e o performer Victor Ivanon\/Ivana Wonder, dando origem a uma experimenta\u00e7\u00e3o que une m\u00fasica e imagens em v\u00eddeo. O IV Festival Internacional de Cinema Fant\u00e1stico de Bras\u00edlia \u00e9 uma realiza\u00e7\u00e3o da T\u00e1bata Filmes Entretenimento e conta com o patroc\u00ednio do Centro Cultural Banco do Brasil Bras\u00edlia, por interm\u00e9dio da Lei de Incentivo \u00e0 Cultura do DF- LIC DF. Homenagem &#8211; Um momento especial do IV FIC FANT\u00c1STICO \u00e9 a mostra em homenagem ao cineasta franc\u00eas Georges Franju, com exibi\u00e7\u00e3o de tr\u00eas filmes do diretor. Entre eles, o cl\u00e1ssico \u201cLex Yeux Sans Visage\u201d, que ser\u00e1 exibido no dia 15\/03, e que em 1960 causou desmaio de expectadores em uma sess\u00e3o do Festival de Cinema de Edimburgo 1960.\u00a0 \u201cO surrealismo me ensinou que a raz\u00e3o vem depois da cria\u00e7\u00e3o, e a cria\u00e7\u00e3o \u00e9 uma verdadeira deflagra\u00e7\u00e3o quando confrontada, n\u00e3o com uma solu\u00e7\u00e3o, mas com um obst\u00e1culo\u201d, costumava dizer Georges Franju. Quer ir? Festival Internacional do Cinema Fant\u00e1stico no CCBB BRAS\u00cdLIA, de 8 a 18 de mar\u00e7o. Entrada franca com retirada de ingresso na bilheteria com uma 1 hora de anteced\u00eancia. Ingressos para a ocupa\u00e7\u00e3o do Magic Square #3 com show do Vermelho Wonder: Entrada franca com retirada de ingresso no site do CCBB (www.bb.com.br\/cultura) ou na bilheteria do CCBB. Programa\u00e7\u00e3o completa tamb\u00e9m pelo Instagram @ficfantastico. Hor\u00e1rio de funcionamento CCBB: de ter\u00e7a-feira a domingo das 9h \u00e0s 21h Endere\u00e7o: SCES Trecho 2, Bras\u00edlia DF, De Ter\u00e7a a Domingo das 9 h \u00e0s 21 h, (61) 3108-7600 Mais nas redes Facebook\/ccbb.brasilia Twitter\/ @ccbb_df Instagram\/ccbbbrasilia Imagens: Reprodu\u00e7\u00e3o e Divulga\u00e7\u00e3o\" \/>\n<meta property=\"og:url\" content=\"https:\/\/lackman.com.br\/index.php\/2023\/03\/07\/festival-cinema-fantastico-nas-telas-do-ccbb\/\" \/>\n<meta property=\"og:site_name\" content=\"LACKMAN &amp; CO.\" \/>\n<meta property=\"article:author\" content=\"https:\/\/www.facebook.com\/fernandolackman\" \/>\n<meta property=\"article:published_time\" content=\"2023-03-07T15:41:23+00:00\" \/>\n<meta property=\"article:modified_time\" content=\"2023-03-07T17:02:35+00:00\" \/>\n<meta property=\"og:image\" content=\"https:\/\/lackman.com.br\/wp-content\/uploads\/2023\/03\/Hellscape.jpg\" \/>\n\t<meta property=\"og:image:width\" content=\"1440\" \/>\n\t<meta property=\"og:image:height\" content=\"1080\" \/>\n\t<meta property=\"og:image:type\" content=\"image\/jpeg\" \/>\n<meta name=\"author\" content=\"Fernando Lackman\" \/>\n<meta name=\"twitter:card\" content=\"summary_large_image\" \/>\n<meta name=\"twitter:creator\" content=\"@fernandolackman\" \/>\n<meta name=\"twitter:label1\" content=\"Escrito por\" \/>\n\t<meta name=\"twitter:data1\" content=\"Fernando Lackman\" \/>\n\t<meta name=\"twitter:label2\" content=\"Est. tempo de leitura\" \/>\n\t<meta name=\"twitter:data2\" content=\"4 minutos\" \/>\n<script type=\"application\/ld+json\" class=\"yoast-schema-graph\">{\"@context\":\"https:\/\/schema.org\",\"@graph\":[{\"@type\":\"Article\",\"@id\":\"https:\/\/lackman.com.br\/index.php\/2023\/03\/07\/festival-cinema-fantastico-nas-telas-do-ccbb\/#article\",\"isPartOf\":{\"@id\":\"https:\/\/lackman.com.br\/index.php\/2023\/03\/07\/festival-cinema-fantastico-nas-telas-do-ccbb\/\"},\"author\":{\"name\":\"Fernando Lackman\",\"@id\":\"https:\/\/lackman.com.br\/#\/schema\/person\/dbfb3fbfc55f2b0bd4f9039696e70858\"},\"headline\":\"Festival Cinema Fant\u00e1stico nas telas do CCBB\",\"datePublished\":\"2023-03-07T15:41:23+00:00\",\"dateModified\":\"2023-03-07T17:02:35+00:00\",\"mainEntityOfPage\":{\"@id\":\"https:\/\/lackman.com.br\/index.php\/2023\/03\/07\/festival-cinema-fantastico-nas-telas-do-ccbb\/\"},\"wordCount\":843,\"publisher\":{\"@id\":\"https:\/\/lackman.com.br\/#organization\"},\"image\":{\"@id\":\"https:\/\/lackman.com.br\/index.php\/2023\/03\/07\/festival-cinema-fantastico-nas-telas-do-ccbb\/#primaryimage\"},\"thumbnailUrl\":\"https:\/\/lackman.com.br\/wp-content\/uploads\/2023\/03\/Hellscape.jpg\",\"articleSection\":[\"Cultura\"],\"inLanguage\":\"pt-BR\"},{\"@type\":\"WebPage\",\"@id\":\"https:\/\/lackman.com.br\/index.php\/2023\/03\/07\/festival-cinema-fantastico-nas-telas-do-ccbb\/\",\"url\":\"https:\/\/lackman.com.br\/index.php\/2023\/03\/07\/festival-cinema-fantastico-nas-telas-do-ccbb\/\",\"name\":\"Festival Cinema Fant\u00e1stico nas telas do CCBB - LACKMAN &amp; CO.\",\"isPartOf\":{\"@id\":\"https:\/\/lackman.com.br\/#website\"},\"primaryImageOfPage\":{\"@id\":\"https:\/\/lackman.com.br\/index.php\/2023\/03\/07\/festival-cinema-fantastico-nas-telas-do-ccbb\/#primaryimage\"},\"image\":{\"@id\":\"https:\/\/lackman.com.br\/index.php\/2023\/03\/07\/festival-cinema-fantastico-nas-telas-do-ccbb\/#primaryimage\"},\"thumbnailUrl\":\"https:\/\/lackman.com.br\/wp-content\/uploads\/2023\/03\/Hellscape.jpg\",\"datePublished\":\"2023-03-07T15:41:23+00:00\",\"dateModified\":\"2023-03-07T17:02:35+00:00\",\"breadcrumb\":{\"@id\":\"https:\/\/lackman.com.br\/index.php\/2023\/03\/07\/festival-cinema-fantastico-nas-telas-do-ccbb\/#breadcrumb\"},\"inLanguage\":\"pt-BR\",\"potentialAction\":[{\"@type\":\"ReadAction\",\"target\":[\"https:\/\/lackman.com.br\/index.php\/2023\/03\/07\/festival-cinema-fantastico-nas-telas-do-ccbb\/\"]}]},{\"@type\":\"ImageObject\",\"inLanguage\":\"pt-BR\",\"@id\":\"https:\/\/lackman.com.br\/index.php\/2023\/03\/07\/festival-cinema-fantastico-nas-telas-do-ccbb\/#primaryimage\",\"url\":\"https:\/\/lackman.com.br\/wp-content\/uploads\/2023\/03\/Hellscape.jpg\",\"contentUrl\":\"https:\/\/lackman.com.br\/wp-content\/uploads\/2023\/03\/Hellscape.jpg\",\"width\":1440,\"height\":1080},{\"@type\":\"BreadcrumbList\",\"@id\":\"https:\/\/lackman.com.br\/index.php\/2023\/03\/07\/festival-cinema-fantastico-nas-telas-do-ccbb\/#breadcrumb\",\"itemListElement\":[{\"@type\":\"ListItem\",\"position\":1,\"name\":\"In\u00edcio\",\"item\":\"https:\/\/lackman.com.br\/\"},{\"@type\":\"ListItem\",\"position\":2,\"name\":\"Festival Cinema Fant\u00e1stico nas telas do CCBB\"}]},{\"@type\":\"WebSite\",\"@id\":\"https:\/\/lackman.com.br\/#website\",\"url\":\"https:\/\/lackman.com.br\/\",\"name\":\"LACKMAN &amp; CO.\",\"description\":\"VIDA | MODA | ARTE\",\"publisher\":{\"@id\":\"https:\/\/lackman.com.br\/#organization\"},\"potentialAction\":[{\"@type\":\"SearchAction\",\"target\":{\"@type\":\"EntryPoint\",\"urlTemplate\":\"https:\/\/lackman.com.br\/?s={search_term_string}\"},\"query-input\":{\"@type\":\"PropertyValueSpecification\",\"valueRequired\":true,\"valueName\":\"search_term_string\"}}],\"inLanguage\":\"pt-BR\"},{\"@type\":\"Organization\",\"@id\":\"https:\/\/lackman.com.br\/#organization\",\"name\":\"LACKMAN &amp; CO.\",\"url\":\"https:\/\/lackman.com.br\/\",\"logo\":{\"@type\":\"ImageObject\",\"inLanguage\":\"pt-BR\",\"@id\":\"https:\/\/lackman.com.br\/#\/schema\/logo\/image\/\",\"url\":\"https:\/\/lackman.com.br\/wp-content\/uploads\/2023\/06\/Logotipo_preto-1.png\",\"contentUrl\":\"https:\/\/lackman.com.br\/wp-content\/uploads\/2023\/06\/Logotipo_preto-1.png\",\"width\":739,\"height\":393,\"caption\":\"LACKMAN &amp; CO.\"},\"image\":{\"@id\":\"https:\/\/lackman.com.br\/#\/schema\/logo\/image\/\"}},{\"@type\":\"Person\",\"@id\":\"https:\/\/lackman.com.br\/#\/schema\/person\/dbfb3fbfc55f2b0bd4f9039696e70858\",\"name\":\"Fernando Lackman\",\"image\":{\"@type\":\"ImageObject\",\"inLanguage\":\"pt-BR\",\"@id\":\"https:\/\/lackman.com.br\/#\/schema\/person\/image\/\",\"url\":\"https:\/\/secure.gravatar.com\/avatar\/ae7993150af197e66480c8a769891833dd2b8d809f0d9ff3f25af796cf378ce8?s=96&d=mm&r=g\",\"contentUrl\":\"https:\/\/secure.gravatar.com\/avatar\/ae7993150af197e66480c8a769891833dd2b8d809f0d9ff3f25af796cf378ce8?s=96&d=mm&r=g\",\"caption\":\"Fernando Lackman\"},\"description\":\"Fernando Lackman \u00e9 jornalista especializado em Moda e Cultura, editor do site LACKMAN.com.br. \u00c9 autor do livro Bras\u00edlia Capital dos Criadores, que conta a hist\u00f3ria da moda no Distrito Federal. Tem em seu curr\u00edculo assinatura de dire\u00e7\u00e3o criativa e de desfiles em eventos como Estilo DF Plaza, Summer Collections, JK Street Fashion, Desfile Beleza Negra (DBN), PicniK Fashion Show, Vogue Fashion\u2019s Night Out Bras\u00edlia, entre outros. Foi diretor criativo do extinto Capital Fashion Week. Atualmente trabalha na dire\u00e7\u00e3o criativa de eventos como Top CUFA, BSB Fashion Street, Bras\u00edlia Fashion House, Ateli\u00ea Bras\u00edlia e Goi\u00e1s Fashion Week.\",\"sameAs\":[\"https:\/\/lackman.com.br\/\",\"https:\/\/www.facebook.com\/fernandolackman\",\"https:\/\/www.instagram.com\/fernandolackman\/\",\"https:\/\/www.linkedin.com\/in\/fernando-lackman\/\",\"https:\/\/br.pinterest.com\/fernandolackman\/\",\"https:\/\/x.com\/fernandolackman\"],\"url\":\"https:\/\/lackman.com.br\/index.php\/author\/fernando-lackman\/\"}]}<\/script>\n<!-- \/ Yoast SEO plugin. -->","yoast_head_json":{"title":"Festival Cinema Fant\u00e1stico nas telas do CCBB - LACKMAN &amp; CO.","robots":{"index":"index","follow":"follow","max-snippet":"max-snippet:-1","max-image-preview":"max-image-preview:large","max-video-preview":"max-video-preview:-1"},"canonical":"https:\/\/lackman.com.br\/index.php\/2023\/03\/07\/festival-cinema-fantastico-nas-telas-do-ccbb\/","og_locale":"pt_BR","og_type":"article","og_title":"Festival Cinema Fant\u00e1stico nas telas do CCBB - LACKMAN &amp; CO.","og_description":"Abertura do Festival ser\u00e1 no Dia Internacional da Mulher(8), com filmes de 5 cineastas mulheres de diferentes pa\u00edses. Programa\u00e7\u00e3o musical ter\u00e1 show do duo Vermelho Wonder (SP), na obra Magic Square #3, de H\u00e9lio Oiticica\u00a0 O Festival Internacional do Cinema Fant\u00e1stico preparou uma sele\u00e7\u00e3o de 55 curtas e longas metragens, promovendo um passeio pelos subg\u00eaneros: fantasia, fic\u00e7\u00e3o cient\u00edfica, horror e outras varia\u00e7\u00f5es que coloquem o foco em temas intrigantes tratados por esse segmento do cinema. A IV edi\u00e7\u00e3o do evento, que acontece no CCBB Bras\u00edlia entre 8 a 18 de mar\u00e7o, homenageia o cineasta e roteirista Georges Franju, que fez parte do cinema moderno franc\u00eas e ganhou reconhecimento por filmes como o terror \u201cOs olhos sem rosto\u201d, que ser\u00e1 exibido no Festival. O diretor uruguaio Gustavo Hern\u00e1ndez \u00e9 o convidado especial do FIC Fant\u00e1stico 2023 e participa de um bate-papo nos dias 17\/03, ap\u00f3s a exibi\u00e7\u00e3o de \u201cV\u00edrus-32\u201d, e no dia 18 realiza pr\u00e9-estreia do seu mais novo filme, \u201cLobo Feroz\u201d e conversa com o p\u00fablico ap\u00f3s a sess\u00e3o. O cinema fant\u00e1stico fascina plateias desde os prim\u00f3rdios do cinema e atualmente, mais ainda com as redes sociais, onde realidade e fantasia se confundem. Na programa\u00e7\u00e3o, produ\u00e7\u00f5es nacionais e um recorte internacional, com participa\u00e7\u00e3o de 25 pa\u00edses sendo eles: \u00c1frica do Sul, Alemanha, Arg\u00e9lia, Argentina, B\u00e9lgica, Brasil, Ch\u00e9quia, Chile, China, Col\u00f4mbia, Cuba, Espanha, Estados Unidos, Fran\u00e7a, Gr\u00e9cia, Hungria, Israel, It\u00e1lia, Jap\u00e3o, Mal\u00e1sia, M\u00e9xico, Palestina, Portugal, Su\u00ed\u00e7a e Uruguai. Al\u00e9m dos filmes, o evento tamb\u00e9m contar\u00e1 com atividades infantis como a \u201cOficina de Monstros do Desconhecido-Stop Motion com Massinha\u201d para crian\u00e7as de 6 a 12 anos, mostras infanto-juvenis na parte da manh\u00e3 e tarde e mostras noturnas para o p\u00fablico jovem. A programa\u00e7\u00e3o, que tem entrada franca, contar\u00e1 ainda com atividades paralelas como lan\u00e7amento de livros e bate-papos sobre o cinema e a literatura Fant\u00e1stica. A classifica\u00e7\u00e3o indicativa dos filmes pode ser conferida na programa\u00e7\u00e3o no site bb.com.br\/cultura e os ingressos podem ser retirados na bilheteria com uma hora de anteced\u00eancia. Para a sess\u00e3o de abertura do IV FIC Fant\u00e1stico, na quarta-feira (8), data em que se comemora o Dia Internacional da Mulher, o evento escolheu 5 curtas dirigidos por mulheres de 5 pa\u00edses diferentes para marcar a ocasi\u00e3o. Na sexta-feira (10) um show musical com o Duo \u201cVermelho Wonder\u201d (SP) vai acontecer, \u00e0s 20 horas, na obra \u201cMagic Square #3\u201d, do artista H\u00e9lio Oiticica. A dupla \u00e9 resultado de encontros entre o DJ\/produtor M\u00e1rcio Vermelho e o performer Victor Ivanon\/Ivana Wonder, dando origem a uma experimenta\u00e7\u00e3o que une m\u00fasica e imagens em v\u00eddeo. O IV Festival Internacional de Cinema Fant\u00e1stico de Bras\u00edlia \u00e9 uma realiza\u00e7\u00e3o da T\u00e1bata Filmes Entretenimento e conta com o patroc\u00ednio do Centro Cultural Banco do Brasil Bras\u00edlia, por interm\u00e9dio da Lei de Incentivo \u00e0 Cultura do DF- LIC DF. Homenagem &#8211; Um momento especial do IV FIC FANT\u00c1STICO \u00e9 a mostra em homenagem ao cineasta franc\u00eas Georges Franju, com exibi\u00e7\u00e3o de tr\u00eas filmes do diretor. Entre eles, o cl\u00e1ssico \u201cLex Yeux Sans Visage\u201d, que ser\u00e1 exibido no dia 15\/03, e que em 1960 causou desmaio de expectadores em uma sess\u00e3o do Festival de Cinema de Edimburgo 1960.\u00a0 \u201cO surrealismo me ensinou que a raz\u00e3o vem depois da cria\u00e7\u00e3o, e a cria\u00e7\u00e3o \u00e9 uma verdadeira deflagra\u00e7\u00e3o quando confrontada, n\u00e3o com uma solu\u00e7\u00e3o, mas com um obst\u00e1culo\u201d, costumava dizer Georges Franju. Quer ir? Festival Internacional do Cinema Fant\u00e1stico no CCBB BRAS\u00cdLIA, de 8 a 18 de mar\u00e7o. Entrada franca com retirada de ingresso na bilheteria com uma 1 hora de anteced\u00eancia. Ingressos para a ocupa\u00e7\u00e3o do Magic Square #3 com show do Vermelho Wonder: Entrada franca com retirada de ingresso no site do CCBB (www.bb.com.br\/cultura) ou na bilheteria do CCBB. Programa\u00e7\u00e3o completa tamb\u00e9m pelo Instagram @ficfantastico. Hor\u00e1rio de funcionamento CCBB: de ter\u00e7a-feira a domingo das 9h \u00e0s 21h Endere\u00e7o: SCES Trecho 2, Bras\u00edlia DF, De Ter\u00e7a a Domingo das 9 h \u00e0s 21 h, (61) 3108-7600 Mais nas redes Facebook\/ccbb.brasilia Twitter\/ @ccbb_df Instagram\/ccbbbrasilia Imagens: Reprodu\u00e7\u00e3o e Divulga\u00e7\u00e3o","og_url":"https:\/\/lackman.com.br\/index.php\/2023\/03\/07\/festival-cinema-fantastico-nas-telas-do-ccbb\/","og_site_name":"LACKMAN &amp; CO.","article_author":"https:\/\/www.facebook.com\/fernandolackman","article_published_time":"2023-03-07T15:41:23+00:00","article_modified_time":"2023-03-07T17:02:35+00:00","og_image":[{"width":1440,"height":1080,"url":"https:\/\/lackman.com.br\/wp-content\/uploads\/2023\/03\/Hellscape.jpg","type":"image\/jpeg"}],"author":"Fernando Lackman","twitter_card":"summary_large_image","twitter_creator":"@fernandolackman","twitter_misc":{"Escrito por":"Fernando Lackman","Est. tempo de leitura":"4 minutos"},"schema":{"@context":"https:\/\/schema.org","@graph":[{"@type":"Article","@id":"https:\/\/lackman.com.br\/index.php\/2023\/03\/07\/festival-cinema-fantastico-nas-telas-do-ccbb\/#article","isPartOf":{"@id":"https:\/\/lackman.com.br\/index.php\/2023\/03\/07\/festival-cinema-fantastico-nas-telas-do-ccbb\/"},"author":{"name":"Fernando Lackman","@id":"https:\/\/lackman.com.br\/#\/schema\/person\/dbfb3fbfc55f2b0bd4f9039696e70858"},"headline":"Festival Cinema Fant\u00e1stico nas telas do CCBB","datePublished":"2023-03-07T15:41:23+00:00","dateModified":"2023-03-07T17:02:35+00:00","mainEntityOfPage":{"@id":"https:\/\/lackman.com.br\/index.php\/2023\/03\/07\/festival-cinema-fantastico-nas-telas-do-ccbb\/"},"wordCount":843,"publisher":{"@id":"https:\/\/lackman.com.br\/#organization"},"image":{"@id":"https:\/\/lackman.com.br\/index.php\/2023\/03\/07\/festival-cinema-fantastico-nas-telas-do-ccbb\/#primaryimage"},"thumbnailUrl":"https:\/\/lackman.com.br\/wp-content\/uploads\/2023\/03\/Hellscape.jpg","articleSection":["Cultura"],"inLanguage":"pt-BR"},{"@type":"WebPage","@id":"https:\/\/lackman.com.br\/index.php\/2023\/03\/07\/festival-cinema-fantastico-nas-telas-do-ccbb\/","url":"https:\/\/lackman.com.br\/index.php\/2023\/03\/07\/festival-cinema-fantastico-nas-telas-do-ccbb\/","name":"Festival Cinema Fant\u00e1stico nas telas do CCBB - LACKMAN &amp; CO.","isPartOf":{"@id":"https:\/\/lackman.com.br\/#website"},"primaryImageOfPage":{"@id":"https:\/\/lackman.com.br\/index.php\/2023\/03\/07\/festival-cinema-fantastico-nas-telas-do-ccbb\/#primaryimage"},"image":{"@id":"https:\/\/lackman.com.br\/index.php\/2023\/03\/07\/festival-cinema-fantastico-nas-telas-do-ccbb\/#primaryimage"},"thumbnailUrl":"https:\/\/lackman.com.br\/wp-content\/uploads\/2023\/03\/Hellscape.jpg","datePublished":"2023-03-07T15:41:23+00:00","dateModified":"2023-03-07T17:02:35+00:00","breadcrumb":{"@id":"https:\/\/lackman.com.br\/index.php\/2023\/03\/07\/festival-cinema-fantastico-nas-telas-do-ccbb\/#breadcrumb"},"inLanguage":"pt-BR","potentialAction":[{"@type":"ReadAction","target":["https:\/\/lackman.com.br\/index.php\/2023\/03\/07\/festival-cinema-fantastico-nas-telas-do-ccbb\/"]}]},{"@type":"ImageObject","inLanguage":"pt-BR","@id":"https:\/\/lackman.com.br\/index.php\/2023\/03\/07\/festival-cinema-fantastico-nas-telas-do-ccbb\/#primaryimage","url":"https:\/\/lackman.com.br\/wp-content\/uploads\/2023\/03\/Hellscape.jpg","contentUrl":"https:\/\/lackman.com.br\/wp-content\/uploads\/2023\/03\/Hellscape.jpg","width":1440,"height":1080},{"@type":"BreadcrumbList","@id":"https:\/\/lackman.com.br\/index.php\/2023\/03\/07\/festival-cinema-fantastico-nas-telas-do-ccbb\/#breadcrumb","itemListElement":[{"@type":"ListItem","position":1,"name":"In\u00edcio","item":"https:\/\/lackman.com.br\/"},{"@type":"ListItem","position":2,"name":"Festival Cinema Fant\u00e1stico nas telas do CCBB"}]},{"@type":"WebSite","@id":"https:\/\/lackman.com.br\/#website","url":"https:\/\/lackman.com.br\/","name":"LACKMAN &amp; CO.","description":"VIDA | MODA | ARTE","publisher":{"@id":"https:\/\/lackman.com.br\/#organization"},"potentialAction":[{"@type":"SearchAction","target":{"@type":"EntryPoint","urlTemplate":"https:\/\/lackman.com.br\/?s={search_term_string}"},"query-input":{"@type":"PropertyValueSpecification","valueRequired":true,"valueName":"search_term_string"}}],"inLanguage":"pt-BR"},{"@type":"Organization","@id":"https:\/\/lackman.com.br\/#organization","name":"LACKMAN &amp; CO.","url":"https:\/\/lackman.com.br\/","logo":{"@type":"ImageObject","inLanguage":"pt-BR","@id":"https:\/\/lackman.com.br\/#\/schema\/logo\/image\/","url":"https:\/\/lackman.com.br\/wp-content\/uploads\/2023\/06\/Logotipo_preto-1.png","contentUrl":"https:\/\/lackman.com.br\/wp-content\/uploads\/2023\/06\/Logotipo_preto-1.png","width":739,"height":393,"caption":"LACKMAN &amp; CO."},"image":{"@id":"https:\/\/lackman.com.br\/#\/schema\/logo\/image\/"}},{"@type":"Person","@id":"https:\/\/lackman.com.br\/#\/schema\/person\/dbfb3fbfc55f2b0bd4f9039696e70858","name":"Fernando Lackman","image":{"@type":"ImageObject","inLanguage":"pt-BR","@id":"https:\/\/lackman.com.br\/#\/schema\/person\/image\/","url":"https:\/\/secure.gravatar.com\/avatar\/ae7993150af197e66480c8a769891833dd2b8d809f0d9ff3f25af796cf378ce8?s=96&d=mm&r=g","contentUrl":"https:\/\/secure.gravatar.com\/avatar\/ae7993150af197e66480c8a769891833dd2b8d809f0d9ff3f25af796cf378ce8?s=96&d=mm&r=g","caption":"Fernando Lackman"},"description":"Fernando Lackman \u00e9 jornalista especializado em Moda e Cultura, editor do site LACKMAN.com.br. \u00c9 autor do livro Bras\u00edlia Capital dos Criadores, que conta a hist\u00f3ria da moda no Distrito Federal. Tem em seu curr\u00edculo assinatura de dire\u00e7\u00e3o criativa e de desfiles em eventos como Estilo DF Plaza, Summer Collections, JK Street Fashion, Desfile Beleza Negra (DBN), PicniK Fashion Show, Vogue Fashion\u2019s Night Out Bras\u00edlia, entre outros. Foi diretor criativo do extinto Capital Fashion Week. Atualmente trabalha na dire\u00e7\u00e3o criativa de eventos como Top CUFA, BSB Fashion Street, Bras\u00edlia Fashion House, Ateli\u00ea Bras\u00edlia e Goi\u00e1s Fashion Week.","sameAs":["https:\/\/lackman.com.br\/","https:\/\/www.facebook.com\/fernandolackman","https:\/\/www.instagram.com\/fernandolackman\/","https:\/\/www.linkedin.com\/in\/fernando-lackman\/","https:\/\/br.pinterest.com\/fernandolackman\/","https:\/\/x.com\/fernandolackman"],"url":"https:\/\/lackman.com.br\/index.php\/author\/fernando-lackman\/"}]}},"rttpg_featured_image_url":{"full":["https:\/\/lackman.com.br\/wp-content\/uploads\/2023\/03\/Hellscape.jpg",1440,1080,false],"landscape":["https:\/\/lackman.com.br\/wp-content\/uploads\/2023\/03\/Hellscape.jpg",1440,1080,false],"portraits":["https:\/\/lackman.com.br\/wp-content\/uploads\/2023\/03\/Hellscape.jpg",1440,1080,false],"thumbnail":["https:\/\/lackman.com.br\/wp-content\/uploads\/2023\/03\/Hellscape-150x150.jpg",150,150,true],"medium":["https:\/\/lackman.com.br\/wp-content\/uploads\/2023\/03\/Hellscape-300x225.jpg",300,225,true],"large":["https:\/\/lackman.com.br\/wp-content\/uploads\/2023\/03\/Hellscape-1024x768.jpg",1024,768,true],"RoboGalleryMansoryImagesCenter":["https:\/\/lackman.com.br\/wp-content\/uploads\/2023\/03\/Hellscape-600x1024.jpg",600,1024,true],"RoboGalleryPreload":["https:\/\/lackman.com.br\/wp-content\/uploads\/2023\/03\/Hellscape.jpg",100,75,false],"1536x1536":["https:\/\/lackman.com.br\/wp-content\/uploads\/2023\/03\/Hellscape.jpg",1440,1080,false],"2048x2048":["https:\/\/lackman.com.br\/wp-content\/uploads\/2023\/03\/Hellscape.jpg",1440,1080,false]},"rttpg_author":{"display_name":"Fernando Lackman","author_link":"https:\/\/lackman.com.br\/index.php\/author\/fernando-lackman\/"},"rttpg_comment":0,"rttpg_category":"<a href=\"https:\/\/lackman.com.br\/index.php\/category\/arte\/cultura-arte\/\" rel=\"category tag\">Cultura<\/a>","rttpg_excerpt":"Abertura do Festival ser\u00e1 no Dia Internacional da Mulher(8), com filmes de 5 cineastas mulheres de diferentes pa\u00edses. Programa\u00e7\u00e3o musical ter\u00e1 show do duo Vermelho Wonder (SP), na obra Magic Square #3, de H\u00e9lio Oiticica\u00a0 O Festival Internacional do Cinema Fant\u00e1stico preparou uma sele\u00e7\u00e3o de 55 curtas e longas metragens, promovendo um passeio pelos subg\u00eaneros:&hellip;","_links":{"self":[{"href":"https:\/\/lackman.com.br\/index.php\/wp-json\/wp\/v2\/posts\/3678","targetHints":{"allow":["GET"]}}],"collection":[{"href":"https:\/\/lackman.com.br\/index.php\/wp-json\/wp\/v2\/posts"}],"about":[{"href":"https:\/\/lackman.com.br\/index.php\/wp-json\/wp\/v2\/types\/post"}],"author":[{"embeddable":true,"href":"https:\/\/lackman.com.br\/index.php\/wp-json\/wp\/v2\/users\/2"}],"replies":[{"embeddable":true,"href":"https:\/\/lackman.com.br\/index.php\/wp-json\/wp\/v2\/comments?post=3678"}],"version-history":[{"count":2,"href":"https:\/\/lackman.com.br\/index.php\/wp-json\/wp\/v2\/posts\/3678\/revisions"}],"predecessor-version":[{"id":3685,"href":"https:\/\/lackman.com.br\/index.php\/wp-json\/wp\/v2\/posts\/3678\/revisions\/3685"}],"wp:featuredmedia":[{"embeddable":true,"href":"https:\/\/lackman.com.br\/index.php\/wp-json\/wp\/v2\/media\/3680"}],"wp:attachment":[{"href":"https:\/\/lackman.com.br\/index.php\/wp-json\/wp\/v2\/media?parent=3678"}],"wp:term":[{"taxonomy":"category","embeddable":true,"href":"https:\/\/lackman.com.br\/index.php\/wp-json\/wp\/v2\/categories?post=3678"},{"taxonomy":"post_tag","embeddable":true,"href":"https:\/\/lackman.com.br\/index.php\/wp-json\/wp\/v2\/tags?post=3678"}],"curies":[{"name":"wp","href":"https:\/\/api.w.org\/{rel}","templated":true}]}}