{"id":3585,"date":"2023-02-27T19:48:18","date_gmt":"2023-02-27T22:48:18","guid":{"rendered":"https:\/\/lackman.com.br\/?p=3585"},"modified":"2023-02-27T20:12:45","modified_gmt":"2023-02-27T23:12:45","slug":"modelo-brasiliense-faz-sucesso-em-passarelas-italianas","status":"publish","type":"post","link":"https:\/\/lackman.com.br\/index.php\/2023\/02\/27\/modelo-brasiliense-faz-sucesso-em-passarelas-italianas\/","title":{"rendered":"Modelo brasiliense faz sucesso em passarelas italianas"},"content":{"rendered":"<h5 style=\"text-align: justify; padding-left: 40px;\"><em><strong>Ap\u00f3s carreira bem-sucedida no DF, modelo da 3Models Agency, moradora do Recanto das Emas, desfila para gigantes da moda na Mil\u00e3o Fashion Week<\/strong><\/em><\/h5>\n<p style=\"text-align: justify;\">As fashion weeks vivem de lan\u00e7ar nomes, descobrir talentos, impulsionar carreiras, e para o mercado das modelos \u00e9 o term\u00f4metro para saber como a moda est\u00e1 se comportando quando o assunto \u00e9 o corpo e as pessoas que os habitam. Acaba de ser finalizada a semana de moda de Mil\u00e3o. Um dos principais eventos de moda do mundo com lan\u00e7amentos de cole\u00e7\u00f5es dos grandes nomes da moda italiana.<\/p>\n<p style=\"text-align: justify;\">Jamille Fernandes, de 17 anos, \u00e9 uma pacata e t\u00edmida brasiliense, moradora do Recanto das Emas. A jovem est\u00e1 desbravando o mundo da moda com seus de 1,79cm de altura e seus lindos cabelos cacheados e volumosos. As ag\u00eancias que cuidam de sua carreira europeia s\u00e3o a\u00a0<strong><a href=\"https:\/\/instagram.com\/tree_models?igshid=YmMyMTA2M2Y=\">Tree Models<\/a><\/strong> e a <strong><a href=\"https:\/\/instagram.com\/women_milano?igshid=YmMyMTA2M2Y=\">Women Milano<\/a><\/strong>, donas de castings com modelos dos quatro cantos do mundo.<\/p>\n<figure id=\"attachment_3601\" aria-describedby=\"caption-attachment-3601\" style=\"width: 1024px\" class=\"wp-caption aligncenter\"><img fetchpriority=\"high\" decoding=\"async\" class=\"wp-image-3601 size-large\" src=\"http:\/\/lackman.com.br\/wp-content\/uploads\/2023\/02\/Ferrari-e-Emporio-Armani-1024x819.jpg\" alt=\"\" width=\"1024\" height=\"819\" srcset=\"https:\/\/lackman.com.br\/wp-content\/uploads\/2023\/02\/Ferrari-e-Emporio-Armani-1024x819.jpg 1024w, https:\/\/lackman.com.br\/wp-content\/uploads\/2023\/02\/Ferrari-e-Emporio-Armani-300x240.jpg 300w, https:\/\/lackman.com.br\/wp-content\/uploads\/2023\/02\/Ferrari-e-Emporio-Armani-768x614.jpg 768w, https:\/\/lackman.com.br\/wp-content\/uploads\/2023\/02\/Ferrari-e-Emporio-Armani-1536x1229.jpg 1536w, https:\/\/lackman.com.br\/wp-content\/uploads\/2023\/02\/Ferrari-e-Emporio-Armani-2048x1638.jpg 2048w\" sizes=\"(max-width: 1024px) 100vw, 1024px\" \/><figcaption id=\"caption-attachment-3601\" class=\"wp-caption-text\"><em><strong>Jamille para Ferrari e Emp\u00f3rio Armani, na Mil\u00e3o Fashion Week<\/strong><\/em><\/figcaption><\/figure>\n<p style=\"text-align: justify;\">Em Mil\u00e3o, na \u00faltima semana, ela pisou na passarela por duas gigantes, Emp\u00f3rio Armani e Ferrari. Para uma modelo que sai da periferia de Bras\u00edlia, estar em desfiles como esses \u00e9 uma conquista e tanto. Entre um cast e outro, e um desfile, Jamille nos respondeu sobre como est\u00e1 se sentindo nesse momento. &#8220;\u00c9 incr\u00edvel! Eu nunca pensei que chegaria at\u00e9 aqui. \u00c9 a melhor sensa\u00e7\u00e3o do mundo entrar em uma passarela representando marcas t\u00e3o importante para a moda. Eu estou amando tudo isso&#8221;, contou ap\u00f3s sentir a emo\u00e7\u00e3o de ser uma das poucas representantes brasileiras no cast.<\/p>\n<p style=\"text-align: justify;\"><span style=\"font-size: 16px; font-style: normal; font-weight: 400;\"><style type=\"text\/css\" scoped>.rbs_gallery_69f35c1a8a54fSpinner{\r\n\t\t\t\tmargin: 50px auto;\r\n\t\t\t\twidth: 50px;\r\n\t\t\t\theight: 40px;\r\n\t\t\t\ttext-align: center;\r\n\t\t\t\tfont-size: 10px;\r\n\t\t\t}\r\n\t\t\t.rbs_gallery_69f35c1a8a54fSpinner > div{\r\n\t\t\t  background-color: #333;\r\n\t\t\t  height: 100%;\r\n\t\t\t  width: 6px;\r\n\t\t\t  display: inline-block;\r\n\t\t\t  -webkit-animation: rbs_gallery_69f35c1a8a54f-stretchdelay 1.2s infinite ease-in-out;\r\n\t\t\t  animation: rbs_gallery_69f35c1a8a54f-stretchdelay 1.2s infinite ease-in-out;\r\n\t\t\t}\r\n\t\t\t.rbs_gallery_69f35c1a8a54fSpinner .rbs_gallery_69f35c1a8a54fRect2 {\r\n\t\t\t  -webkit-animation-delay: -1.1s;\r\n\t\t\t  animation-delay: -1.1s;\r\n\t\t\t}\r\n\t\t\t.rbs_gallery_69f35c1a8a54fSpinner .rbs_gallery_69f35c1a8a54fRect3 {\r\n\t\t\t  -webkit-animation-delay: -1.0s;\r\n\t\t\t  animation-delay: -1.0s;\r\n\t\t\t}\r\n\t\t\t.rbs_gallery_69f35c1a8a54fSpinner .rbs_gallery_69f35c1a8a54fRect4 {\r\n\t\t\t  -webkit-animation-delay: -0.9s;\r\n\t\t\t  animation-delay: -0.9s;\r\n\t\t\t}\r\n\t\t\t.rbs_gallery_69f35c1a8a54fSpinner .rbs_gallery_69f35c1a8a54fRect5 {\r\n\t\t\t  -webkit-animation-delay: -0.8s;\r\n\t\t\t  animation-delay: -0.8s;\r\n\t\t\t}\r\n\t\t\t@-webkit-keyframes rbs_gallery_69f35c1a8a54f-stretchdelay {\r\n\t\t\t  0%, 40%, 100% { -webkit-transform: scaleY(0.4) }  \r\n\t\t\t  20% { -webkit-transform: scaleY(1.0) }\r\n\t\t\t}\r\n\t\t\t@keyframes rbs_gallery_69f35c1a8a54f-stretchdelay {\r\n\t\t\t  0%, 40%, 100% { \r\n\t\t\t    transform: scaleY(0.4);\r\n\t\t\t    -webkit-transform: scaleY(0.4);\r\n\t\t\t  }  20% { \r\n\t\t\t    transform: scaleY(1.0);\r\n\t\t\t    -webkit-transform: scaleY(1.0);\r\n\t\t\t  }\r\n\t\t\t}\r\n\t\t<\/style><div class=\"robo-gallery-wrap robo-gallery-wrap-id3599 robo-gallery-masonry\" ><div id=\"rbs_gallery_69f35c1a8a54f-block-loader\" class=\"rbs_gallery_69f35c1a8a54fSpinner\"><div class=\"rbs_gallery_69f35c1a8a54fRect1\"><\/div> <div class=\"rbs_gallery_69f35c1a8a54fRect2\"><\/div> <div class=\"rbs_gallery_69f35c1a8a54fRect3\"><\/div> <div class=\"rbs_gallery_69f35c1a8a54fRect4\"><\/div> <div class=\"rbs_gallery_69f35c1a8a54fRect5\"><\/div><\/div><div id=\"robo_gallery_main_block_rbs_gallery_69f35c1a8a54f\" class=\"robogallery-gallery-3599\" style=\"width:100%;  display: none;\"><div id=\"rbs_gallery_69f35c1a8a54f\" data-options=\"rbs_gallery_69f35c1a8a54f\" style=\"width:100%;\" class=\"robo_gallery  \"><div class=\"rbs-img  category3599 \" ><div class=\"rbs-img-image   rbs-lightbox \" ><div class=\"rbs-img-thumbs\"  data-thumbnail=\"https:\/\/lackman.com.br\/wp-content\/uploads\/2023\/02\/Jamille-Fernandes-11-600x939.jpeg\"  title=\"Jamille Fernandes\"  data-width=\"600\"  data-height=\"939\" ><\/div><div class=\"rbs-img-data-popup\"  data-popup=\"https:\/\/lackman.com.br\/wp-content\/uploads\/2023\/02\/Jamille-Fernandes-11.jpeg\"  title=\"Jamille Fernandes\" ><\/div><div class=\"thumbnail-overlay\"><div class=\"rbsTitle \">Jamille Fernandes<\/div><div class=\"rbsIcons\"><i class=\"fa fa-plus rbsZoomIcon \" ><\/i><\/div><\/div><\/div><\/div><div class=\"rbs-img  category3599 \" ><div class=\"rbs-img-image   rbs-lightbox \" ><div class=\"rbs-img-thumbs\"  data-thumbnail=\"https:\/\/lackman.com.br\/wp-content\/uploads\/2023\/02\/Jamille-Fernandes-4-232x300.jpeg\"  title=\"Jamille Fernandes\"  data-width=\"232\"  data-height=\"300\" ><\/div><div class=\"rbs-img-data-popup\"  data-popup=\"https:\/\/lackman.com.br\/wp-content\/uploads\/2023\/02\/Jamille-Fernandes-4.jpeg\"  title=\"Jamille Fernandes\" ><\/div><div class=\"thumbnail-overlay\"><div class=\"rbsTitle \">Jamille Fernandes<\/div><div class=\"rbsIcons\"><i class=\"fa fa-plus rbsZoomIcon \" ><\/i><\/div><\/div><\/div><\/div><div class=\"rbs-img  category3599 \" ><div class=\"rbs-img-image   rbs-lightbox \" ><div class=\"rbs-img-thumbs\"  data-thumbnail=\"https:\/\/lackman.com.br\/wp-content\/uploads\/2023\/02\/Jamille-Fernandes-5-600x1024.jpeg\"  title=\"Jamille Fernandes\"  data-width=\"600\"  data-height=\"1024\" ><\/div><div class=\"rbs-img-data-popup\"  data-popup=\"https:\/\/lackman.com.br\/wp-content\/uploads\/2023\/02\/Jamille-Fernandes-5.jpeg\"  title=\"Jamille Fernandes\" ><\/div><div class=\"thumbnail-overlay\"><div class=\"rbsTitle \">Jamille Fernandes<\/div><div class=\"rbsIcons\"><i class=\"fa fa-plus rbsZoomIcon \" ><\/i><\/div><\/div><\/div><\/div><div class=\"rbs-img  category3599 \" ><div class=\"rbs-img-image   rbs-lightbox \" ><div class=\"rbs-img-thumbs\"  data-thumbnail=\"https:\/\/lackman.com.br\/wp-content\/uploads\/2023\/02\/Jamille-Fernandes-6-600x1024.jpeg\"  title=\"Jamille Fernandes\"  data-width=\"600\"  data-height=\"1024\" ><\/div><div class=\"rbs-img-data-popup\"  data-popup=\"https:\/\/lackman.com.br\/wp-content\/uploads\/2023\/02\/Jamille-Fernandes-6.jpeg\"  title=\"Jamille Fernandes\" ><\/div><div class=\"thumbnail-overlay\"><div class=\"rbsTitle \">Jamille Fernandes<\/div><div class=\"rbsIcons\"><i class=\"fa fa-plus rbsZoomIcon \" ><\/i><\/div><\/div><\/div><\/div><div class=\"rbs-img  category3599 \" ><div class=\"rbs-img-image   rbs-lightbox \" ><div class=\"rbs-img-thumbs\"  data-thumbnail=\"https:\/\/lackman.com.br\/wp-content\/uploads\/2023\/02\/Jamille-Fernandes-10-600x1024.jpeg\"  title=\"Jamille Fernandes\"  data-width=\"600\"  data-height=\"1024\" ><\/div><div class=\"rbs-img-data-popup\"  data-popup=\"https:\/\/lackman.com.br\/wp-content\/uploads\/2023\/02\/Jamille-Fernandes-10.jpeg\"  title=\"Jamille Fernandes\" ><\/div><div class=\"thumbnail-overlay\"><div class=\"rbsTitle \">Jamille Fernandes<\/div><div class=\"rbsIcons\"><i class=\"fa fa-plus rbsZoomIcon \" ><\/i><\/div><\/div><\/div><\/div><div class=\"rbs-img  category3599 \" ><div class=\"rbs-img-image   rbs-lightbox \" ><div class=\"rbs-img-thumbs\"  data-thumbnail=\"https:\/\/lackman.com.br\/wp-content\/uploads\/2023\/02\/Jamille-Fernandes-9-600x1024.jpeg\"  title=\"Jamille Fernandes\"  data-width=\"600\"  data-height=\"1024\" ><\/div><div class=\"rbs-img-data-popup\"  data-popup=\"https:\/\/lackman.com.br\/wp-content\/uploads\/2023\/02\/Jamille-Fernandes-9.jpeg\"  title=\"Jamille Fernandes\" ><\/div><div class=\"thumbnail-overlay\"><div class=\"rbsTitle \">Jamille Fernandes<\/div><div class=\"rbsIcons\"><i class=\"fa fa-plus rbsZoomIcon \" ><\/i><\/div><\/div><\/div><\/div><div class=\"rbs-img  category3599 \" ><div class=\"rbs-img-image   rbs-lightbox \" ><div class=\"rbs-img-thumbs\"  data-thumbnail=\"https:\/\/lackman.com.br\/wp-content\/uploads\/2023\/02\/Jamille-Fernandes-8-200x300.jpeg\"  title=\"Jamille Fernandes\"  data-width=\"200\"  data-height=\"300\" ><\/div><div class=\"rbs-img-data-popup\"  data-popup=\"https:\/\/lackman.com.br\/wp-content\/uploads\/2023\/02\/Jamille-Fernandes-8.jpeg\"  title=\"Jamille Fernandes\" ><\/div><div class=\"thumbnail-overlay\"><div class=\"rbsTitle \">Jamille Fernandes<\/div><div class=\"rbsIcons\"><i class=\"fa fa-plus rbsZoomIcon \" ><\/i><\/div><\/div><\/div><\/div><div class=\"rbs-img  category3599 \" ><div class=\"rbs-img-image   rbs-lightbox \" ><div class=\"rbs-img-thumbs\"  data-thumbnail=\"https:\/\/lackman.com.br\/wp-content\/uploads\/2023\/02\/Jamille-Fernandes.-600x1024.jpeg\"  title=\"Jamille Fernandes.\"  data-width=\"600\"  data-height=\"1024\" ><\/div><div class=\"rbs-img-data-popup\"  data-popup=\"https:\/\/lackman.com.br\/wp-content\/uploads\/2023\/02\/Jamille-Fernandes..jpeg\"  title=\"Jamille Fernandes.\" ><\/div><div class=\"thumbnail-overlay\"><div class=\"rbsTitle \">Jamille Fernandes.<\/div><div class=\"rbsIcons\"><i class=\"fa fa-plus rbsZoomIcon \" ><\/i><\/div><\/div><\/div><\/div><div class=\"rbs-img  category3599 \" ><div class=\"rbs-img-image   rbs-lightbox \" ><div class=\"rbs-img-thumbs\"  data-thumbnail=\"https:\/\/lackman.com.br\/wp-content\/uploads\/2023\/02\/Jamille-Fernandes-600x1024.jpeg\"  title=\"Jamille Fernandes\"  data-width=\"600\"  data-height=\"1024\" ><\/div><div class=\"rbs-img-data-popup\"  data-popup=\"https:\/\/lackman.com.br\/wp-content\/uploads\/2023\/02\/Jamille-Fernandes.jpeg\"  title=\"Jamille Fernandes\" ><\/div><div class=\"thumbnail-overlay\"><div class=\"rbsTitle \">Jamille Fernandes<\/div><div class=\"rbsIcons\"><i class=\"fa fa-plus rbsZoomIcon \" ><\/i><\/div><\/div><\/div><\/div><\/div><\/div><\/div><script>var rbs_gallery_69f35c1a8a54f = {\"version\":\"5.1.2\",\"id\":3599,\"class\":\"id3599\",\"roboGalleryDelay\":1000,\"mainContainer\":\"#robo_gallery_main_block_rbs_gallery_69f35c1a8a54f\",\"loadingContainer\":\"#rbs_gallery_69f35c1a8a54f-block-loader\",\"loadingContainerObj\":\"rbs_gallery_69f35c1a8a54f-block-loader\",\"columnWidth\":\"auto\",\"columns\":3,\"resolutions\":[{\"columnWidth\":\"auto\",\"columns\":3,\"maxWidth\":960},{\"columnWidth\":\"auto\",\"columns\":2,\"maxWidth\":650},{\"columnWidth\":\"auto\",\"columns\":1,\"maxWidth\":450}],\"lightboxOptions\":{\"gallery\":{\"enabled\":true,\"tCounter\":\"%curr% of %total%\"}},\"overlayEffect\":\"direction-aware-fade\",\"boxesToLoadStart\":12,\"boxesToLoad\":8,\"waitUntilThumbLoads\":1,\"LoadingWord\":\"Loading...\",\"loadMoreWord\":\"Load More\",\"noMoreEntriesWord\":\"No More Entries\",\"horizontalSpaceBetweenBoxes\":15,\"verticalSpaceBetweenBoxes\":15,\"lazyLoad\":1,\"wrapContainer\":\"#robo-gallery-wrap-rbs_gallery_69f35c1a8a54f\"};<\/script><\/span><\/p>\n<p style=\"text-align: justify;\"><strong>Carreira \u2013<\/strong> Jamille, como a maioria das meninas que ingressam nesse mercado, iniciam carreira por incentivo de colegas, familiares e pessoas que trabalham no universo da moda. Quando sentou que estava pronta para tentar, aos 15 anos, procurou uma ag\u00eancia e acabou descobrindo o trabalho do Pedro Abdalla, CEO da <strong><a href=\"https:\/\/instagram.com\/3modelsagency?igshid=YmMyMTA2M2Y=\">3Models Agency<\/a><\/strong> de Bras\u00edlia.<\/p>\n<p>&nbsp;<\/p>\n<div class=\"ast-oembed-container \" style=\"height: 100%;\"><iframe title=\"Jamille Fernandes para Lu Garcia e Jukaf no Collections Bras\u00edlia - Spring Collections\" width=\"500\" height=\"281\" src=\"https:\/\/www.youtube.com\/embed\/PtCEdRMozmo?feature=oembed\" frameborder=\"0\" allow=\"accelerometer; autoplay; clipboard-write; encrypted-media; gyroscope; picture-in-picture; web-share\" referrerpolicy=\"strict-origin-when-cross-origin\" allowfullscreen><\/iframe><\/div>\n<p>&nbsp;<\/p>\n<p style=\"text-align: justify;\">Ap\u00f3s amplo treinamento, Jamille iniciou os trabalhos, tendo participados de eventos como o Spring Collections (<em>v\u00eddeo acima<\/em>), parte integrante do Collections Bras\u00edlia, programa de desenvolvimento de marcas na capital do pa\u00eds. Desfilou e ali criou mais apre\u00e7o pelas passarelas. Pedro sempre enxergou o perfil dela como de uma modelo famosa e que trabalha mundo afora. Foi a\u00ed que surgiu a possibilidade de internacionaliza\u00e7\u00e3o. &#8220;A Jamille \u00e9 bastante t\u00edmida, mas decidida e profissional. Por ela ser muito apegada \u00e0 fam\u00edlia n\u00f3s combinamos que ela sempre vai, faz os trabalhos e volta, at\u00e9 ficar mais segura e adulta&#8221;, conta.<\/p>\n<hr \/>\n<pre style=\"text-align: justify;\">Fotos: Filippo Fior\/Gorunway\/Vogue Runway\/Divulga\u00e7\u00e3o<\/pre>\n","protected":false},"excerpt":{"rendered":"<p>Ap\u00f3s carreira bem-sucedida no DF, modelo da 3Models Agency, moradora do Recanto das Emas, desfila para gigantes da moda na Mil\u00e3o Fashion Week As fashion weeks vivem de lan\u00e7ar nomes, descobrir talentos, impulsionar carreiras, e para o mercado das modelos \u00e9 o term\u00f4metro para saber como a moda est\u00e1 se comportando quando o assunto \u00e9 o corpo e as pessoas que os habitam. Acaba de ser finalizada a semana de moda de Mil\u00e3o. Um dos principais eventos de moda do mundo com lan\u00e7amentos de cole\u00e7\u00f5es dos grandes nomes da moda italiana. Jamille Fernandes, de 17 anos, \u00e9 uma pacata e t\u00edmida brasiliense, moradora do Recanto das Emas. A jovem est\u00e1 desbravando o mundo da moda com seus de 1,79cm de altura e seus lindos cabelos cacheados e volumosos. As ag\u00eancias que cuidam de sua carreira europeia s\u00e3o a\u00a0Tree Models e a Women Milano, donas de castings com modelos dos quatro cantos do mundo. Em Mil\u00e3o, na \u00faltima semana, ela pisou na passarela por duas gigantes, Emp\u00f3rio Armani e Ferrari. Para uma modelo que sai da periferia de Bras\u00edlia, estar em desfiles como esses \u00e9 uma conquista e tanto. Entre um cast e outro, e um desfile, Jamille nos respondeu sobre como est\u00e1 se sentindo nesse momento. &#8220;\u00c9 incr\u00edvel! Eu nunca pensei que chegaria at\u00e9 aqui. \u00c9 a melhor sensa\u00e7\u00e3o do mundo entrar em uma passarela representando marcas t\u00e3o importante para a moda. Eu estou amando tudo isso&#8221;, contou ap\u00f3s sentir a emo\u00e7\u00e3o de ser uma das poucas representantes brasileiras no cast. Carreira \u2013 Jamille, como a maioria das meninas que ingressam nesse mercado, iniciam carreira por incentivo de colegas, familiares e pessoas que trabalham no universo da moda. Quando sentou que estava pronta para tentar, aos 15 anos, procurou uma ag\u00eancia e acabou descobrindo o trabalho do Pedro Abdalla, CEO da 3Models Agency de Bras\u00edlia. &nbsp; &nbsp; Ap\u00f3s amplo treinamento, Jamille iniciou os trabalhos, tendo participados de eventos como o Spring Collections (v\u00eddeo acima), parte integrante do Collections Bras\u00edlia, programa de desenvolvimento de marcas na capital do pa\u00eds. Desfilou e ali criou mais apre\u00e7o pelas passarelas. Pedro sempre enxergou o perfil dela como de uma modelo famosa e que trabalha mundo afora. Foi a\u00ed que surgiu a possibilidade de internacionaliza\u00e7\u00e3o. &#8220;A Jamille \u00e9 bastante t\u00edmida, mas decidida e profissional. Por ela ser muito apegada \u00e0 fam\u00edlia n\u00f3s combinamos que ela sempre vai, faz os trabalhos e volta, at\u00e9 ficar mais segura e adulta&#8221;, conta. Fotos: Filippo Fior\/Gorunway\/Vogue Runway\/Divulga\u00e7\u00e3o<\/p>\n","protected":false},"author":2,"featured_media":3605,"comment_status":"closed","ping_status":"open","sticky":false,"template":"","format":"standard","meta":{"site-sidebar-layout":"default","site-content-layout":"default","ast-site-content-layout":"default","site-content-style":"default","site-sidebar-style":"default","ast-global-header-display":"","ast-banner-title-visibility":"","ast-main-header-display":"","ast-hfb-above-header-display":"","ast-hfb-below-header-display":"","ast-hfb-mobile-header-display":"","site-post-title":"","ast-breadcrumbs-content":"","ast-featured-img":"","footer-sml-layout":"","ast-disable-related-posts":"","theme-transparent-header-meta":"default","adv-header-id-meta":"","stick-header-meta":"","header-above-stick-meta":"","header-main-stick-meta":"","header-below-stick-meta":"","astra-migrate-meta-layouts":"default","ast-page-background-enabled":"default","ast-page-background-meta":{"desktop":{"background-color":"","background-image":"","background-repeat":"repeat","background-position":"center center","background-size":"auto","background-attachment":"scroll","background-type":"","background-media":"","overlay-type":"","overlay-color":"","overlay-opacity":"","overlay-gradient":""},"tablet":{"background-color":"","background-image":"","background-repeat":"repeat","background-position":"center center","background-size":"auto","background-attachment":"scroll","background-type":"","background-media":"","overlay-type":"","overlay-color":"","overlay-opacity":"","overlay-gradient":""},"mobile":{"background-color":"","background-image":"","background-repeat":"repeat","background-position":"center center","background-size":"auto","background-attachment":"scroll","background-type":"","background-media":"","overlay-type":"","overlay-color":"","overlay-opacity":"","overlay-gradient":""}},"ast-content-background-meta":{"desktop":{"background-color":"var(--ast-global-color-5)","background-image":"","background-repeat":"repeat","background-position":"center center","background-size":"auto","background-attachment":"scroll","background-type":"","background-media":"","overlay-type":"","overlay-color":"","overlay-opacity":"","overlay-gradient":""},"tablet":{"background-color":"var(--ast-global-color-5)","background-image":"","background-repeat":"repeat","background-position":"center center","background-size":"auto","background-attachment":"scroll","background-type":"","background-media":"","overlay-type":"","overlay-color":"","overlay-opacity":"","overlay-gradient":""},"mobile":{"background-color":"var(--ast-global-color-5)","background-image":"","background-repeat":"repeat","background-position":"center center","background-size":"auto","background-attachment":"scroll","background-type":"","background-media":"","overlay-type":"","overlay-color":"","overlay-opacity":"","overlay-gradient":""}},"footnotes":""},"categories":[38],"tags":[],"class_list":["post-3585","post","type-post","status-publish","format-standard","has-post-thumbnail","hentry","category-passarela"],"yoast_head":"<!-- This site is optimized with the Yoast SEO plugin v27.0 - https:\/\/yoast.com\/product\/yoast-seo-wordpress\/ -->\n<title>Modelo brasiliense faz sucesso em passarelas italianas - LACKMAN &amp; CO.<\/title>\n<meta name=\"robots\" content=\"index, follow, max-snippet:-1, max-image-preview:large, max-video-preview:-1\" \/>\n<link rel=\"canonical\" href=\"https:\/\/lackman.com.br\/index.php\/2023\/02\/27\/modelo-brasiliense-faz-sucesso-em-passarelas-italianas\/\" \/>\n<meta property=\"og:locale\" content=\"pt_BR\" \/>\n<meta property=\"og:type\" content=\"article\" \/>\n<meta property=\"og:title\" content=\"Modelo brasiliense faz sucesso em passarelas italianas - LACKMAN &amp; CO.\" \/>\n<meta property=\"og:description\" content=\"Ap\u00f3s carreira bem-sucedida no DF, modelo da 3Models Agency, moradora do Recanto das Emas, desfila para gigantes da moda na Mil\u00e3o Fashion Week As fashion weeks vivem de lan\u00e7ar nomes, descobrir talentos, impulsionar carreiras, e para o mercado das modelos \u00e9 o term\u00f4metro para saber como a moda est\u00e1 se comportando quando o assunto \u00e9 o corpo e as pessoas que os habitam. Acaba de ser finalizada a semana de moda de Mil\u00e3o. Um dos principais eventos de moda do mundo com lan\u00e7amentos de cole\u00e7\u00f5es dos grandes nomes da moda italiana. Jamille Fernandes, de 17 anos, \u00e9 uma pacata e t\u00edmida brasiliense, moradora do Recanto das Emas. A jovem est\u00e1 desbravando o mundo da moda com seus de 1,79cm de altura e seus lindos cabelos cacheados e volumosos. As ag\u00eancias que cuidam de sua carreira europeia s\u00e3o a\u00a0Tree Models e a Women Milano, donas de castings com modelos dos quatro cantos do mundo. Em Mil\u00e3o, na \u00faltima semana, ela pisou na passarela por duas gigantes, Emp\u00f3rio Armani e Ferrari. Para uma modelo que sai da periferia de Bras\u00edlia, estar em desfiles como esses \u00e9 uma conquista e tanto. Entre um cast e outro, e um desfile, Jamille nos respondeu sobre como est\u00e1 se sentindo nesse momento. &#8220;\u00c9 incr\u00edvel! Eu nunca pensei que chegaria at\u00e9 aqui. \u00c9 a melhor sensa\u00e7\u00e3o do mundo entrar em uma passarela representando marcas t\u00e3o importante para a moda. Eu estou amando tudo isso&#8221;, contou ap\u00f3s sentir a emo\u00e7\u00e3o de ser uma das poucas representantes brasileiras no cast. Carreira \u2013 Jamille, como a maioria das meninas que ingressam nesse mercado, iniciam carreira por incentivo de colegas, familiares e pessoas que trabalham no universo da moda. Quando sentou que estava pronta para tentar, aos 15 anos, procurou uma ag\u00eancia e acabou descobrindo o trabalho do Pedro Abdalla, CEO da 3Models Agency de Bras\u00edlia. &nbsp; &nbsp; Ap\u00f3s amplo treinamento, Jamille iniciou os trabalhos, tendo participados de eventos como o Spring Collections (v\u00eddeo acima), parte integrante do Collections Bras\u00edlia, programa de desenvolvimento de marcas na capital do pa\u00eds. Desfilou e ali criou mais apre\u00e7o pelas passarelas. Pedro sempre enxergou o perfil dela como de uma modelo famosa e que trabalha mundo afora. Foi a\u00ed que surgiu a possibilidade de internacionaliza\u00e7\u00e3o. &#8220;A Jamille \u00e9 bastante t\u00edmida, mas decidida e profissional. Por ela ser muito apegada \u00e0 fam\u00edlia n\u00f3s combinamos que ela sempre vai, faz os trabalhos e volta, at\u00e9 ficar mais segura e adulta&#8221;, conta. Fotos: Filippo Fior\/Gorunway\/Vogue Runway\/Divulga\u00e7\u00e3o\" \/>\n<meta property=\"og:url\" content=\"https:\/\/lackman.com.br\/index.php\/2023\/02\/27\/modelo-brasiliense-faz-sucesso-em-passarelas-italianas\/\" \/>\n<meta property=\"og:site_name\" content=\"LACKMAN &amp; CO.\" \/>\n<meta property=\"article:author\" content=\"https:\/\/www.facebook.com\/fernandolackman\" \/>\n<meta property=\"article:published_time\" content=\"2023-02-27T22:48:18+00:00\" \/>\n<meta property=\"article:modified_time\" content=\"2023-02-27T23:12:45+00:00\" \/>\n<meta property=\"og:image\" content=\"https:\/\/lackman.com.br\/wp-content\/uploads\/2023\/02\/Jamille-destaque.jpg\" \/>\n\t<meta property=\"og:image:width\" content=\"2000\" \/>\n\t<meta property=\"og:image:height\" content=\"1600\" \/>\n\t<meta property=\"og:image:type\" content=\"image\/jpeg\" \/>\n<meta name=\"author\" content=\"Fernando Lackman\" \/>\n<meta name=\"twitter:card\" content=\"summary_large_image\" \/>\n<meta name=\"twitter:creator\" content=\"@fernandolackman\" \/>\n<meta name=\"twitter:label1\" content=\"Escrito por\" \/>\n\t<meta name=\"twitter:data1\" content=\"Fernando Lackman\" \/>\n\t<meta name=\"twitter:label2\" content=\"Est. tempo de leitura\" \/>\n\t<meta name=\"twitter:data2\" content=\"2 minutos\" \/>\n<script type=\"application\/ld+json\" class=\"yoast-schema-graph\">{\"@context\":\"https:\/\/schema.org\",\"@graph\":[{\"@type\":\"Article\",\"@id\":\"https:\/\/lackman.com.br\/index.php\/2023\/02\/27\/modelo-brasiliense-faz-sucesso-em-passarelas-italianas\/#article\",\"isPartOf\":{\"@id\":\"https:\/\/lackman.com.br\/index.php\/2023\/02\/27\/modelo-brasiliense-faz-sucesso-em-passarelas-italianas\/\"},\"author\":{\"name\":\"Fernando Lackman\",\"@id\":\"https:\/\/lackman.com.br\/#\/schema\/person\/dbfb3fbfc55f2b0bd4f9039696e70858\"},\"headline\":\"Modelo brasiliense faz sucesso em passarelas italianas\",\"datePublished\":\"2023-02-27T22:48:18+00:00\",\"dateModified\":\"2023-02-27T23:12:45+00:00\",\"mainEntityOfPage\":{\"@id\":\"https:\/\/lackman.com.br\/index.php\/2023\/02\/27\/modelo-brasiliense-faz-sucesso-em-passarelas-italianas\/\"},\"wordCount\":458,\"publisher\":{\"@id\":\"https:\/\/lackman.com.br\/#organization\"},\"image\":{\"@id\":\"https:\/\/lackman.com.br\/index.php\/2023\/02\/27\/modelo-brasiliense-faz-sucesso-em-passarelas-italianas\/#primaryimage\"},\"thumbnailUrl\":\"https:\/\/lackman.com.br\/wp-content\/uploads\/2023\/02\/Jamille-destaque.jpg\",\"articleSection\":[\"Passarela\"],\"inLanguage\":\"pt-BR\"},{\"@type\":\"WebPage\",\"@id\":\"https:\/\/lackman.com.br\/index.php\/2023\/02\/27\/modelo-brasiliense-faz-sucesso-em-passarelas-italianas\/\",\"url\":\"https:\/\/lackman.com.br\/index.php\/2023\/02\/27\/modelo-brasiliense-faz-sucesso-em-passarelas-italianas\/\",\"name\":\"Modelo brasiliense faz sucesso em passarelas italianas - LACKMAN &amp; CO.\",\"isPartOf\":{\"@id\":\"https:\/\/lackman.com.br\/#website\"},\"primaryImageOfPage\":{\"@id\":\"https:\/\/lackman.com.br\/index.php\/2023\/02\/27\/modelo-brasiliense-faz-sucesso-em-passarelas-italianas\/#primaryimage\"},\"image\":{\"@id\":\"https:\/\/lackman.com.br\/index.php\/2023\/02\/27\/modelo-brasiliense-faz-sucesso-em-passarelas-italianas\/#primaryimage\"},\"thumbnailUrl\":\"https:\/\/lackman.com.br\/wp-content\/uploads\/2023\/02\/Jamille-destaque.jpg\",\"datePublished\":\"2023-02-27T22:48:18+00:00\",\"dateModified\":\"2023-02-27T23:12:45+00:00\",\"breadcrumb\":{\"@id\":\"https:\/\/lackman.com.br\/index.php\/2023\/02\/27\/modelo-brasiliense-faz-sucesso-em-passarelas-italianas\/#breadcrumb\"},\"inLanguage\":\"pt-BR\",\"potentialAction\":[{\"@type\":\"ReadAction\",\"target\":[\"https:\/\/lackman.com.br\/index.php\/2023\/02\/27\/modelo-brasiliense-faz-sucesso-em-passarelas-italianas\/\"]}]},{\"@type\":\"ImageObject\",\"inLanguage\":\"pt-BR\",\"@id\":\"https:\/\/lackman.com.br\/index.php\/2023\/02\/27\/modelo-brasiliense-faz-sucesso-em-passarelas-italianas\/#primaryimage\",\"url\":\"https:\/\/lackman.com.br\/wp-content\/uploads\/2023\/02\/Jamille-destaque.jpg\",\"contentUrl\":\"https:\/\/lackman.com.br\/wp-content\/uploads\/2023\/02\/Jamille-destaque.jpg\",\"width\":2000,\"height\":1600},{\"@type\":\"BreadcrumbList\",\"@id\":\"https:\/\/lackman.com.br\/index.php\/2023\/02\/27\/modelo-brasiliense-faz-sucesso-em-passarelas-italianas\/#breadcrumb\",\"itemListElement\":[{\"@type\":\"ListItem\",\"position\":1,\"name\":\"In\u00edcio\",\"item\":\"https:\/\/lackman.com.br\/\"},{\"@type\":\"ListItem\",\"position\":2,\"name\":\"Modelo brasiliense faz sucesso em passarelas italianas\"}]},{\"@type\":\"WebSite\",\"@id\":\"https:\/\/lackman.com.br\/#website\",\"url\":\"https:\/\/lackman.com.br\/\",\"name\":\"LACKMAN &amp; CO.\",\"description\":\"VIDA | MODA | ARTE\",\"publisher\":{\"@id\":\"https:\/\/lackman.com.br\/#organization\"},\"potentialAction\":[{\"@type\":\"SearchAction\",\"target\":{\"@type\":\"EntryPoint\",\"urlTemplate\":\"https:\/\/lackman.com.br\/?s={search_term_string}\"},\"query-input\":{\"@type\":\"PropertyValueSpecification\",\"valueRequired\":true,\"valueName\":\"search_term_string\"}}],\"inLanguage\":\"pt-BR\"},{\"@type\":\"Organization\",\"@id\":\"https:\/\/lackman.com.br\/#organization\",\"name\":\"LACKMAN &amp; CO.\",\"url\":\"https:\/\/lackman.com.br\/\",\"logo\":{\"@type\":\"ImageObject\",\"inLanguage\":\"pt-BR\",\"@id\":\"https:\/\/lackman.com.br\/#\/schema\/logo\/image\/\",\"url\":\"https:\/\/lackman.com.br\/wp-content\/uploads\/2023\/06\/Logotipo_preto-1.png\",\"contentUrl\":\"https:\/\/lackman.com.br\/wp-content\/uploads\/2023\/06\/Logotipo_preto-1.png\",\"width\":739,\"height\":393,\"caption\":\"LACKMAN &amp; CO.\"},\"image\":{\"@id\":\"https:\/\/lackman.com.br\/#\/schema\/logo\/image\/\"}},{\"@type\":\"Person\",\"@id\":\"https:\/\/lackman.com.br\/#\/schema\/person\/dbfb3fbfc55f2b0bd4f9039696e70858\",\"name\":\"Fernando Lackman\",\"image\":{\"@type\":\"ImageObject\",\"inLanguage\":\"pt-BR\",\"@id\":\"https:\/\/lackman.com.br\/#\/schema\/person\/image\/\",\"url\":\"https:\/\/secure.gravatar.com\/avatar\/ae7993150af197e66480c8a769891833dd2b8d809f0d9ff3f25af796cf378ce8?s=96&d=mm&r=g\",\"contentUrl\":\"https:\/\/secure.gravatar.com\/avatar\/ae7993150af197e66480c8a769891833dd2b8d809f0d9ff3f25af796cf378ce8?s=96&d=mm&r=g\",\"caption\":\"Fernando Lackman\"},\"description\":\"Fernando Lackman \u00e9 jornalista especializado em Moda e Cultura, editor do site LACKMAN.com.br. \u00c9 autor do livro Bras\u00edlia Capital dos Criadores, que conta a hist\u00f3ria da moda no Distrito Federal. Tem em seu curr\u00edculo assinatura de dire\u00e7\u00e3o criativa e de desfiles em eventos como Estilo DF Plaza, Summer Collections, JK Street Fashion, Desfile Beleza Negra (DBN), PicniK Fashion Show, Vogue Fashion\u2019s Night Out Bras\u00edlia, entre outros. Foi diretor criativo do extinto Capital Fashion Week. Atualmente trabalha na dire\u00e7\u00e3o criativa de eventos como Top CUFA, BSB Fashion Street, Bras\u00edlia Fashion House, Ateli\u00ea Bras\u00edlia e Goi\u00e1s Fashion Week.\",\"sameAs\":[\"https:\/\/lackman.com.br\/\",\"https:\/\/www.facebook.com\/fernandolackman\",\"https:\/\/www.instagram.com\/fernandolackman\/\",\"https:\/\/www.linkedin.com\/in\/fernando-lackman\/\",\"https:\/\/br.pinterest.com\/fernandolackman\/\",\"https:\/\/x.com\/fernandolackman\"],\"url\":\"https:\/\/lackman.com.br\/index.php\/author\/fernando-lackman\/\"}]}<\/script>\n<!-- \/ Yoast SEO plugin. -->","yoast_head_json":{"title":"Modelo brasiliense faz sucesso em passarelas italianas - LACKMAN &amp; CO.","robots":{"index":"index","follow":"follow","max-snippet":"max-snippet:-1","max-image-preview":"max-image-preview:large","max-video-preview":"max-video-preview:-1"},"canonical":"https:\/\/lackman.com.br\/index.php\/2023\/02\/27\/modelo-brasiliense-faz-sucesso-em-passarelas-italianas\/","og_locale":"pt_BR","og_type":"article","og_title":"Modelo brasiliense faz sucesso em passarelas italianas - LACKMAN &amp; CO.","og_description":"Ap\u00f3s carreira bem-sucedida no DF, modelo da 3Models Agency, moradora do Recanto das Emas, desfila para gigantes da moda na Mil\u00e3o Fashion Week As fashion weeks vivem de lan\u00e7ar nomes, descobrir talentos, impulsionar carreiras, e para o mercado das modelos \u00e9 o term\u00f4metro para saber como a moda est\u00e1 se comportando quando o assunto \u00e9 o corpo e as pessoas que os habitam. Acaba de ser finalizada a semana de moda de Mil\u00e3o. Um dos principais eventos de moda do mundo com lan\u00e7amentos de cole\u00e7\u00f5es dos grandes nomes da moda italiana. Jamille Fernandes, de 17 anos, \u00e9 uma pacata e t\u00edmida brasiliense, moradora do Recanto das Emas. A jovem est\u00e1 desbravando o mundo da moda com seus de 1,79cm de altura e seus lindos cabelos cacheados e volumosos. As ag\u00eancias que cuidam de sua carreira europeia s\u00e3o a\u00a0Tree Models e a Women Milano, donas de castings com modelos dos quatro cantos do mundo. Em Mil\u00e3o, na \u00faltima semana, ela pisou na passarela por duas gigantes, Emp\u00f3rio Armani e Ferrari. Para uma modelo que sai da periferia de Bras\u00edlia, estar em desfiles como esses \u00e9 uma conquista e tanto. Entre um cast e outro, e um desfile, Jamille nos respondeu sobre como est\u00e1 se sentindo nesse momento. &#8220;\u00c9 incr\u00edvel! Eu nunca pensei que chegaria at\u00e9 aqui. \u00c9 a melhor sensa\u00e7\u00e3o do mundo entrar em uma passarela representando marcas t\u00e3o importante para a moda. Eu estou amando tudo isso&#8221;, contou ap\u00f3s sentir a emo\u00e7\u00e3o de ser uma das poucas representantes brasileiras no cast. Carreira \u2013 Jamille, como a maioria das meninas que ingressam nesse mercado, iniciam carreira por incentivo de colegas, familiares e pessoas que trabalham no universo da moda. Quando sentou que estava pronta para tentar, aos 15 anos, procurou uma ag\u00eancia e acabou descobrindo o trabalho do Pedro Abdalla, CEO da 3Models Agency de Bras\u00edlia. &nbsp; &nbsp; Ap\u00f3s amplo treinamento, Jamille iniciou os trabalhos, tendo participados de eventos como o Spring Collections (v\u00eddeo acima), parte integrante do Collections Bras\u00edlia, programa de desenvolvimento de marcas na capital do pa\u00eds. Desfilou e ali criou mais apre\u00e7o pelas passarelas. Pedro sempre enxergou o perfil dela como de uma modelo famosa e que trabalha mundo afora. Foi a\u00ed que surgiu a possibilidade de internacionaliza\u00e7\u00e3o. &#8220;A Jamille \u00e9 bastante t\u00edmida, mas decidida e profissional. Por ela ser muito apegada \u00e0 fam\u00edlia n\u00f3s combinamos que ela sempre vai, faz os trabalhos e volta, at\u00e9 ficar mais segura e adulta&#8221;, conta. Fotos: Filippo Fior\/Gorunway\/Vogue Runway\/Divulga\u00e7\u00e3o","og_url":"https:\/\/lackman.com.br\/index.php\/2023\/02\/27\/modelo-brasiliense-faz-sucesso-em-passarelas-italianas\/","og_site_name":"LACKMAN &amp; CO.","article_author":"https:\/\/www.facebook.com\/fernandolackman","article_published_time":"2023-02-27T22:48:18+00:00","article_modified_time":"2023-02-27T23:12:45+00:00","og_image":[{"width":2000,"height":1600,"url":"https:\/\/lackman.com.br\/wp-content\/uploads\/2023\/02\/Jamille-destaque.jpg","type":"image\/jpeg"}],"author":"Fernando Lackman","twitter_card":"summary_large_image","twitter_creator":"@fernandolackman","twitter_misc":{"Escrito por":"Fernando Lackman","Est. tempo de leitura":"2 minutos"},"schema":{"@context":"https:\/\/schema.org","@graph":[{"@type":"Article","@id":"https:\/\/lackman.com.br\/index.php\/2023\/02\/27\/modelo-brasiliense-faz-sucesso-em-passarelas-italianas\/#article","isPartOf":{"@id":"https:\/\/lackman.com.br\/index.php\/2023\/02\/27\/modelo-brasiliense-faz-sucesso-em-passarelas-italianas\/"},"author":{"name":"Fernando Lackman","@id":"https:\/\/lackman.com.br\/#\/schema\/person\/dbfb3fbfc55f2b0bd4f9039696e70858"},"headline":"Modelo brasiliense faz sucesso em passarelas italianas","datePublished":"2023-02-27T22:48:18+00:00","dateModified":"2023-02-27T23:12:45+00:00","mainEntityOfPage":{"@id":"https:\/\/lackman.com.br\/index.php\/2023\/02\/27\/modelo-brasiliense-faz-sucesso-em-passarelas-italianas\/"},"wordCount":458,"publisher":{"@id":"https:\/\/lackman.com.br\/#organization"},"image":{"@id":"https:\/\/lackman.com.br\/index.php\/2023\/02\/27\/modelo-brasiliense-faz-sucesso-em-passarelas-italianas\/#primaryimage"},"thumbnailUrl":"https:\/\/lackman.com.br\/wp-content\/uploads\/2023\/02\/Jamille-destaque.jpg","articleSection":["Passarela"],"inLanguage":"pt-BR"},{"@type":"WebPage","@id":"https:\/\/lackman.com.br\/index.php\/2023\/02\/27\/modelo-brasiliense-faz-sucesso-em-passarelas-italianas\/","url":"https:\/\/lackman.com.br\/index.php\/2023\/02\/27\/modelo-brasiliense-faz-sucesso-em-passarelas-italianas\/","name":"Modelo brasiliense faz sucesso em passarelas italianas - LACKMAN &amp; CO.","isPartOf":{"@id":"https:\/\/lackman.com.br\/#website"},"primaryImageOfPage":{"@id":"https:\/\/lackman.com.br\/index.php\/2023\/02\/27\/modelo-brasiliense-faz-sucesso-em-passarelas-italianas\/#primaryimage"},"image":{"@id":"https:\/\/lackman.com.br\/index.php\/2023\/02\/27\/modelo-brasiliense-faz-sucesso-em-passarelas-italianas\/#primaryimage"},"thumbnailUrl":"https:\/\/lackman.com.br\/wp-content\/uploads\/2023\/02\/Jamille-destaque.jpg","datePublished":"2023-02-27T22:48:18+00:00","dateModified":"2023-02-27T23:12:45+00:00","breadcrumb":{"@id":"https:\/\/lackman.com.br\/index.php\/2023\/02\/27\/modelo-brasiliense-faz-sucesso-em-passarelas-italianas\/#breadcrumb"},"inLanguage":"pt-BR","potentialAction":[{"@type":"ReadAction","target":["https:\/\/lackman.com.br\/index.php\/2023\/02\/27\/modelo-brasiliense-faz-sucesso-em-passarelas-italianas\/"]}]},{"@type":"ImageObject","inLanguage":"pt-BR","@id":"https:\/\/lackman.com.br\/index.php\/2023\/02\/27\/modelo-brasiliense-faz-sucesso-em-passarelas-italianas\/#primaryimage","url":"https:\/\/lackman.com.br\/wp-content\/uploads\/2023\/02\/Jamille-destaque.jpg","contentUrl":"https:\/\/lackman.com.br\/wp-content\/uploads\/2023\/02\/Jamille-destaque.jpg","width":2000,"height":1600},{"@type":"BreadcrumbList","@id":"https:\/\/lackman.com.br\/index.php\/2023\/02\/27\/modelo-brasiliense-faz-sucesso-em-passarelas-italianas\/#breadcrumb","itemListElement":[{"@type":"ListItem","position":1,"name":"In\u00edcio","item":"https:\/\/lackman.com.br\/"},{"@type":"ListItem","position":2,"name":"Modelo brasiliense faz sucesso em passarelas italianas"}]},{"@type":"WebSite","@id":"https:\/\/lackman.com.br\/#website","url":"https:\/\/lackman.com.br\/","name":"LACKMAN &amp; CO.","description":"VIDA | MODA | ARTE","publisher":{"@id":"https:\/\/lackman.com.br\/#organization"},"potentialAction":[{"@type":"SearchAction","target":{"@type":"EntryPoint","urlTemplate":"https:\/\/lackman.com.br\/?s={search_term_string}"},"query-input":{"@type":"PropertyValueSpecification","valueRequired":true,"valueName":"search_term_string"}}],"inLanguage":"pt-BR"},{"@type":"Organization","@id":"https:\/\/lackman.com.br\/#organization","name":"LACKMAN &amp; CO.","url":"https:\/\/lackman.com.br\/","logo":{"@type":"ImageObject","inLanguage":"pt-BR","@id":"https:\/\/lackman.com.br\/#\/schema\/logo\/image\/","url":"https:\/\/lackman.com.br\/wp-content\/uploads\/2023\/06\/Logotipo_preto-1.png","contentUrl":"https:\/\/lackman.com.br\/wp-content\/uploads\/2023\/06\/Logotipo_preto-1.png","width":739,"height":393,"caption":"LACKMAN &amp; CO."},"image":{"@id":"https:\/\/lackman.com.br\/#\/schema\/logo\/image\/"}},{"@type":"Person","@id":"https:\/\/lackman.com.br\/#\/schema\/person\/dbfb3fbfc55f2b0bd4f9039696e70858","name":"Fernando Lackman","image":{"@type":"ImageObject","inLanguage":"pt-BR","@id":"https:\/\/lackman.com.br\/#\/schema\/person\/image\/","url":"https:\/\/secure.gravatar.com\/avatar\/ae7993150af197e66480c8a769891833dd2b8d809f0d9ff3f25af796cf378ce8?s=96&d=mm&r=g","contentUrl":"https:\/\/secure.gravatar.com\/avatar\/ae7993150af197e66480c8a769891833dd2b8d809f0d9ff3f25af796cf378ce8?s=96&d=mm&r=g","caption":"Fernando Lackman"},"description":"Fernando Lackman \u00e9 jornalista especializado em Moda e Cultura, editor do site LACKMAN.com.br. \u00c9 autor do livro Bras\u00edlia Capital dos Criadores, que conta a hist\u00f3ria da moda no Distrito Federal. Tem em seu curr\u00edculo assinatura de dire\u00e7\u00e3o criativa e de desfiles em eventos como Estilo DF Plaza, Summer Collections, JK Street Fashion, Desfile Beleza Negra (DBN), PicniK Fashion Show, Vogue Fashion\u2019s Night Out Bras\u00edlia, entre outros. Foi diretor criativo do extinto Capital Fashion Week. Atualmente trabalha na dire\u00e7\u00e3o criativa de eventos como Top CUFA, BSB Fashion Street, Bras\u00edlia Fashion House, Ateli\u00ea Bras\u00edlia e Goi\u00e1s Fashion Week.","sameAs":["https:\/\/lackman.com.br\/","https:\/\/www.facebook.com\/fernandolackman","https:\/\/www.instagram.com\/fernandolackman\/","https:\/\/www.linkedin.com\/in\/fernando-lackman\/","https:\/\/br.pinterest.com\/fernandolackman\/","https:\/\/x.com\/fernandolackman"],"url":"https:\/\/lackman.com.br\/index.php\/author\/fernando-lackman\/"}]}},"rttpg_featured_image_url":{"full":["https:\/\/lackman.com.br\/wp-content\/uploads\/2023\/02\/Jamille-destaque.jpg",2000,1600,false],"landscape":["https:\/\/lackman.com.br\/wp-content\/uploads\/2023\/02\/Jamille-destaque.jpg",2000,1600,false],"portraits":["https:\/\/lackman.com.br\/wp-content\/uploads\/2023\/02\/Jamille-destaque.jpg",2000,1600,false],"thumbnail":["https:\/\/lackman.com.br\/wp-content\/uploads\/2023\/02\/Jamille-destaque-150x150.jpg",150,150,true],"medium":["https:\/\/lackman.com.br\/wp-content\/uploads\/2023\/02\/Jamille-destaque-300x240.jpg",300,240,true],"large":["https:\/\/lackman.com.br\/wp-content\/uploads\/2023\/02\/Jamille-destaque-1024x819.jpg",1024,819,true],"RoboGalleryMansoryImagesCenter":["https:\/\/lackman.com.br\/wp-content\/uploads\/2023\/02\/Jamille-destaque-600x1024.jpg",600,1024,true],"RoboGalleryPreload":["https:\/\/lackman.com.br\/wp-content\/uploads\/2023\/02\/Jamille-destaque.jpg",100,80,false],"1536x1536":["https:\/\/lackman.com.br\/wp-content\/uploads\/2023\/02\/Jamille-destaque-1536x1229.jpg",1536,1229,true],"2048x2048":["https:\/\/lackman.com.br\/wp-content\/uploads\/2023\/02\/Jamille-destaque.jpg",2000,1600,false]},"rttpg_author":{"display_name":"Fernando Lackman","author_link":"https:\/\/lackman.com.br\/index.php\/author\/fernando-lackman\/"},"rttpg_comment":0,"rttpg_category":"<a href=\"https:\/\/lackman.com.br\/index.php\/category\/moda\/passarela\/\" rel=\"category tag\">Passarela<\/a>","rttpg_excerpt":"Ap\u00f3s carreira bem-sucedida no DF, modelo da 3Models Agency, moradora do Recanto das Emas, desfila para gigantes da moda na Mil\u00e3o Fashion Week As fashion weeks vivem de lan\u00e7ar nomes, descobrir talentos, impulsionar carreiras, e para o mercado das modelos \u00e9 o term\u00f4metro para saber como a moda est\u00e1 se comportando quando o assunto \u00e9&hellip;","_links":{"self":[{"href":"https:\/\/lackman.com.br\/index.php\/wp-json\/wp\/v2\/posts\/3585","targetHints":{"allow":["GET"]}}],"collection":[{"href":"https:\/\/lackman.com.br\/index.php\/wp-json\/wp\/v2\/posts"}],"about":[{"href":"https:\/\/lackman.com.br\/index.php\/wp-json\/wp\/v2\/types\/post"}],"author":[{"embeddable":true,"href":"https:\/\/lackman.com.br\/index.php\/wp-json\/wp\/v2\/users\/2"}],"replies":[{"embeddable":true,"href":"https:\/\/lackman.com.br\/index.php\/wp-json\/wp\/v2\/comments?post=3585"}],"version-history":[{"count":11,"href":"https:\/\/lackman.com.br\/index.php\/wp-json\/wp\/v2\/posts\/3585\/revisions"}],"predecessor-version":[{"id":3614,"href":"https:\/\/lackman.com.br\/index.php\/wp-json\/wp\/v2\/posts\/3585\/revisions\/3614"}],"wp:featuredmedia":[{"embeddable":true,"href":"https:\/\/lackman.com.br\/index.php\/wp-json\/wp\/v2\/media\/3605"}],"wp:attachment":[{"href":"https:\/\/lackman.com.br\/index.php\/wp-json\/wp\/v2\/media?parent=3585"}],"wp:term":[{"taxonomy":"category","embeddable":true,"href":"https:\/\/lackman.com.br\/index.php\/wp-json\/wp\/v2\/categories?post=3585"},{"taxonomy":"post_tag","embeddable":true,"href":"https:\/\/lackman.com.br\/index.php\/wp-json\/wp\/v2\/tags?post=3585"}],"curies":[{"name":"wp","href":"https:\/\/api.w.org\/{rel}","templated":true}]}}