{"id":3489,"date":"2023-02-22T16:40:22","date_gmt":"2023-02-22T19:40:22","guid":{"rendered":"https:\/\/lackman.com.br\/?p=3489"},"modified":"2023-02-22T16:44:10","modified_gmt":"2023-02-22T19:44:10","slug":"3489","status":"publish","type":"post","link":"https:\/\/lackman.com.br\/index.php\/2023\/02\/22\/3489\/","title":{"rendered":"Moli\u00e8re musical chega brilhando ao CCBB Bras\u00edlia"},"content":{"rendered":"<h5 style=\"font-weight: 400;\"><strong><em>Espet\u00e1culo com Matheus Nachtergaele, Renato Borghi e Elcio Nogueira Seixas\u00a0\u00e9 a primeira montagem da dramaturga mexicana Sabina Berman no Brasil<\/em><\/strong><strong style=\"font-size: 16px; -webkit-text-size-adjust: 100%;\">\u00a0<\/strong><\/h5>\n<p style=\"font-weight: 400;\"><span data-removefontsize=\"true\" data-originalcomputedfontsize=\"14.666667\">Uma disputa bem-humorada entre a Com\u00e9dia, representada por seu mais ilustre autor, Moli\u00e8re (vivido por Matheus Nachtergaele), e a Trag\u00e9dia, personificada pelo poeta Jean Racine (Elcio Nogueira Seixas), <strong data-removefontsize=\"true\" data-originalcomputedfontsize=\"14.666667\">Moli\u00e8re<\/strong> chega ao <strong data-removefontsize=\"true\" data-originalcomputedfontsize=\"14.666667\">Centro Cultural Banco do Brasil Bras\u00edlia<\/strong> ap\u00f3s de quatro anos de temporadas de sucesso pelo pa\u00eds. As apresenta\u00e7\u00f5es em Bras\u00edlia ser\u00e3o de 23 de fevereiro a 12 de mar\u00e7o, com sess\u00f5es de quinta a s\u00e1bado, \u00e0s 20h, e domingo, \u00e0s 18h, e ingressos a R$ 30, a inteira. A pe\u00e7a tem classifica\u00e7\u00e3o indicativa n\u00e3o recomendada para menores de 12 anos.<\/span><\/p>\n<p style=\"font-weight: 400;\"><img fetchpriority=\"high\" decoding=\"async\" class=\"alignnone wp-image-3493 size-large\" src=\"http:\/\/lackman.com.br\/wp-content\/uploads\/2023\/02\/29EF9F5C-8D57-452F-AA13-2EEB3F0F4C75-e1677094405552-1024x597.jpeg\" alt=\"\" width=\"1024\" height=\"597\" srcset=\"https:\/\/lackman.com.br\/wp-content\/uploads\/2023\/02\/29EF9F5C-8D57-452F-AA13-2EEB3F0F4C75-e1677094405552-1024x597.jpeg 1024w, https:\/\/lackman.com.br\/wp-content\/uploads\/2023\/02\/29EF9F5C-8D57-452F-AA13-2EEB3F0F4C75-e1677094405552-300x175.jpeg 300w, https:\/\/lackman.com.br\/wp-content\/uploads\/2023\/02\/29EF9F5C-8D57-452F-AA13-2EEB3F0F4C75-e1677094405552-768x448.jpeg 768w, https:\/\/lackman.com.br\/wp-content\/uploads\/2023\/02\/29EF9F5C-8D57-452F-AA13-2EEB3F0F4C75-e1677094405552-1536x896.jpeg 1536w, https:\/\/lackman.com.br\/wp-content\/uploads\/2023\/02\/29EF9F5C-8D57-452F-AA13-2EEB3F0F4C75-e1677094405552.jpeg 1754w\" sizes=\"(max-width: 1024px) 100vw, 1024px\" \/><\/p>\n<p style=\"font-weight: 400;\"><span data-removefontsize=\"true\" data-originalcomputedfontsize=\"14.666667\">Embalada por m\u00fasicas de<strong data-removefontsize=\"true\" data-originalcomputedfontsize=\"14.666667\"> Caetano Veloso<\/strong>, executadas ao vivo com arranjos originais do maestro Gilson Fukushima,\u00a0a montagem integra o projeto de interc\u00e2mbio cultural da valoriza\u00e7\u00e3o da dramaturgia latino-americana, o projeto Teatro Prom\u00edscuo. A pe\u00e7a, que marca a estreia da obra teatral da renomada dramaturga mexicana <strong data-removefontsize=\"true\" data-originalcomputedfontsize=\"14.666667\">Sabina Berman<\/strong> no Brasil, tem dire\u00e7\u00e3o de <strong data-removefontsize=\"true\" data-originalcomputedfontsize=\"14.666667\">Diego Fortes<\/strong>, ganhador do Pr\u00eamio Shell em 2017 pelo espet\u00e1culo\u00a0<em data-removefontsize=\"true\" data-originalcomputedfontsize=\"14.666667\">O Grande Sucesso<\/em>.<\/span><\/p>\n<p style=\"font-weight: 400;\"><img decoding=\"async\" class=\"alignnone wp-image-3491 size-large\" src=\"http:\/\/lackman.com.br\/wp-content\/uploads\/2023\/02\/F2810767-8269-42EE-B151-9D92CA810ACC-1024x684.jpeg\" alt=\"\" width=\"1024\" height=\"684\" srcset=\"https:\/\/lackman.com.br\/wp-content\/uploads\/2023\/02\/F2810767-8269-42EE-B151-9D92CA810ACC-1024x684.jpeg 1024w, https:\/\/lackman.com.br\/wp-content\/uploads\/2023\/02\/F2810767-8269-42EE-B151-9D92CA810ACC-300x200.jpeg 300w, https:\/\/lackman.com.br\/wp-content\/uploads\/2023\/02\/F2810767-8269-42EE-B151-9D92CA810ACC-768x513.jpeg 768w, https:\/\/lackman.com.br\/wp-content\/uploads\/2023\/02\/F2810767-8269-42EE-B151-9D92CA810ACC-1536x1025.jpeg 1536w, https:\/\/lackman.com.br\/wp-content\/uploads\/2023\/02\/F2810767-8269-42EE-B151-9D92CA810ACC-2048x1367.jpeg 2048w\" sizes=\"(max-width: 1024px) 100vw, 1024px\" \/><\/p>\n<p style=\"font-weight: 400;\"><span data-removefontsize=\"true\" data-originalcomputedfontsize=\"14.666667\">Inspirada no teatro de Moli\u00e8re, que fundia estilos em uma mesma obra (<em data-removefontsize=\"true\" data-originalcomputedfontsize=\"14.666667\">Commedia Dell\u2019Arte<\/em>; influ\u00eancias renascentistas e barrocas; humor sat\u00edrico), a encena\u00e7\u00e3o integra linguagens diversas em uma intensa din\u00e2mica c\u00eanica.\u00a0\u201cA fus\u00e3o de linguagens de Moli\u00e8re e a autenticidade de suas cria\u00e7\u00f5es nos possibilitaram misturar cores e texturas com extrema liberdade, procurando sempre uma encena\u00e7\u00e3o em que regras pudessem ser quebradas\u201d, diz o diretor Diego Fortes.<\/span><\/p>\n<p style=\"font-weight: 400;\"><img decoding=\"async\" class=\"alignnone wp-image-3490 size-large\" src=\"http:\/\/lackman.com.br\/wp-content\/uploads\/2023\/02\/ED0B520A-B300-47BD-AD5D-C1C2D86AF40E-1024x684.jpeg\" alt=\"\" width=\"1024\" height=\"684\" srcset=\"https:\/\/lackman.com.br\/wp-content\/uploads\/2023\/02\/ED0B520A-B300-47BD-AD5D-C1C2D86AF40E-1024x684.jpeg 1024w, https:\/\/lackman.com.br\/wp-content\/uploads\/2023\/02\/ED0B520A-B300-47BD-AD5D-C1C2D86AF40E-300x200.jpeg 300w, https:\/\/lackman.com.br\/wp-content\/uploads\/2023\/02\/ED0B520A-B300-47BD-AD5D-C1C2D86AF40E-768x513.jpeg 768w, https:\/\/lackman.com.br\/wp-content\/uploads\/2023\/02\/ED0B520A-B300-47BD-AD5D-C1C2D86AF40E-1536x1025.jpeg 1536w, https:\/\/lackman.com.br\/wp-content\/uploads\/2023\/02\/ED0B520A-B300-47BD-AD5D-C1C2D86AF40E-2048x1367.jpeg 2048w\" sizes=\"(max-width: 1024px) 100vw, 1024px\" \/><\/p>\n<p style=\"font-weight: 400;\"><span data-removefontsize=\"true\" data-originalcomputedfontsize=\"14.666667\">Em cena, quatorze atores e m\u00fasicos v\u00e3o narrar o inusitado conflito entre\u00a0maneiras opostas de pensar o mundo, expressas pelas famosas m\u00e1scaras do teatro: uma ri malandramente de tudo e de todos e a outra mostra rever\u00eancia e temor diante da dor e da morte. O embate \u00e9pico entre essas duas faces da vida tem como cen\u00e1rio a corte real de Luis XIV, o Rei Sol <\/span><span data-removefontsize=\"true\" data-originalcomputedfontsize=\"14.666667\">(Josie Antello), na Fran\u00e7a.<\/span><\/p>\n<p style=\"font-weight: 400;\"><span data-removefontsize=\"true\" data-originalcomputedfontsize=\"14.666667\">Amado por todos e favorito do extravagante rei, Moli\u00e8re trava uma luta tragic\u00f4mica com seu aprendiz Racine para manter a posi\u00e7\u00e3o de dramaturgo mais prestigiado da corte. Enquanto isso, o Arcebispo de Paris, entusiasta da guerra, Monsenhor P\u00e9r\u00e9fixe (Renato Borghi), tentar\u00e1 se aproveitar de um conflito em curso para banir do reino o Teatro e seus artistas, endurecer a censura e lan\u00e7ar a Fran\u00e7a em uma era de obscurantismo, viol\u00eancia e sacrif\u00edcio.<\/span><\/p>\n<p style=\"font-weight: 400;\"><span data-removefontsize=\"true\" data-originalcomputedfontsize=\"14.666667\">\u00c9 mais nobre fazer o p\u00fablico rir ou chorar? Os artistas devem mostrar o mundo como ele \u00e9 ou como deveria ser? Por que proibir obras de arte e perseguir seus criadores? At\u00e9 que ponto aqueles que criam devem submeter-se \u00e0 vontade daqueles que pagam? Estas s\u00e3o algumas das grandes quest\u00f5es que permeiam o enredo do espet\u00e1culo.<\/span><\/p>\n<div class=\"ast-oembed-container \" style=\"height: 100%;\"><iframe title=\"Moli\u00e8re ensaios\" width=\"500\" height=\"281\" src=\"https:\/\/www.youtube.com\/embed\/Nt2UfrTE330?feature=oembed\" frameborder=\"0\" allow=\"accelerometer; autoplay; clipboard-write; encrypted-media; gyroscope; picture-in-picture; web-share\" referrerpolicy=\"strict-origin-when-cross-origin\" allowfullscreen><\/iframe><\/div>\n<p style=\"font-weight: 400;\"><span data-removefontsize=\"true\" data-originalcomputedfontsize=\"14.666667\">O cen\u00e1rio de Andr\u00e9 Cortez evidencia o jogo de transi\u00e7\u00f5es entre teatro e realidade, ao mesmo tempo em que dissipa os limites entre palco e plateia. O p\u00fablico, enquanto assiste a uma encena\u00e7\u00e3o de Moli\u00e8re ou de Racine, tamb\u00e9m acompanha as rea\u00e7\u00f5es do Rei Lu\u00eds XIV e do Arcebispo P\u00e9r\u00e9fixe ao espet\u00e1culo. Os figurinos de Karlla Girotto brincam com a ideia irreverente de uma &#8220;Fran\u00e7a Tropical&#8221;, ou melhor, de uma delirante &#8220;Tropic\u00e1lia Francesa&#8221; irrompendo em plena corte absolutista do s\u00e9culo XVII.<\/span><\/p>\n<p style=\"font-weight: 400;\"><span data-removefontsize=\"true\" data-originalcomputedfontsize=\"14.666667\">Paralelo <\/span><span data-removefontsize=\"true\" data-originalcomputedfontsize=\"14.666667\">ao espet\u00e1culo, Matheus Nachtergaele est\u00e1 no ar em \u2018Cine Holli\u00fady (TV Globo) e entrar\u00e1 em cartaz com o longa \u2018O Clube dos Anjos\u2019, baseado na obra de Luis Fernando Ver\u00edssimo, com roteiro e dire\u00e7\u00e3o de Angelo Defanti. E ainda pode ser visto no longa \u2018Carro Rei\u2019, roteiro de <\/span><a href=\"https:\/\/www.adorocinema.com\/personalidades\/personalidade-568489\/\" data-saferedirecturl=\"https:\/\/www.google.com\/url?q=https:\/\/www.adorocinema.com\/personalidades\/personalidade-568489\/&amp;source=gmail&amp;ust=1676120042864000&amp;usg=AOvVaw39BS1T7l21SFbdEWVy0dDt\"><span data-removefontsize=\"true\" data-originalcomputedfontsize=\"14.666667\">S\u00e9rgio Oliveira<\/span><\/a><span data-removefontsize=\"true\" data-originalcomputedfontsize=\"14.666667\"> e\u00a0<\/span><a href=\"https:\/\/www.adorocinema.com\/personalidades\/personalidade-221629\/\" data-saferedirecturl=\"https:\/\/www.google.com\/url?q=https:\/\/www.adorocinema.com\/personalidades\/personalidade-221629\/&amp;source=gmail&amp;ust=1676120042864000&amp;usg=AOvVaw1yOFRrK241k9se1odpPk0R\"><span data-removefontsize=\"true\" data-originalcomputedfontsize=\"14.666667\">Renata Pinheiro<\/span><\/a><span data-removefontsize=\"true\" data-originalcomputedfontsize=\"14.666667\">, que tamb\u00e9m assina a dire\u00e7\u00e3o.<\/span><\/p>\n<h5 style=\"font-weight: 400;\"><strong>Quer ir?<\/strong><\/h5>\n<p style=\"font-weight: 400;\"><strong><em><span data-removefontsize=\"true\" data-originalcomputedfontsize=\"14.666667\">Moli\u00e8re <\/span><\/em><\/strong><strong><span data-removefontsize=\"true\" data-originalcomputedfontsize=\"14.666667\">\u2013 Uma com\u00e9dia musical de Sabina Berman<\/span><\/strong><\/p>\n<p style=\"font-weight: 400;\"><span data-removefontsize=\"true\" data-originalcomputedfontsize=\"14.666667\">No Teatro do Centro Cultural Banco do Brasil Bras\u00edlia (<\/span><a href=\"https:\/\/www.google.com\/maps\/search\/SCES+Trecho+2+Lt.+22+%E2%80%93+Bras%C3%ADlia%2FDF?entry=gmail&amp;source=g\" data-saferedirecturl=\"https:\/\/www.google.com\/url?q=https:\/\/www.google.com\/maps\/search\/SCES%2BTrecho%2B2%2BLt.%2B22%2B%25E2%2580%2593%2BBras%25C3%25ADlia%252FDF?entry%3Dgmail%26source%3Dg&amp;source=gmail&amp;ust=1676120042865000&amp;usg=AOvVaw1D-mAlrHemjYlATcR3Jzyz\" data-removefontsize=\"true\" data-originalcomputedfontsize=\"14.666667\">SCES Trecho 2 Lt. 22 \u2013 Bras\u00edlia\/DF)<\/a><\/p>\n<p style=\"font-weight: 400;\"><span data-removefontsize=\"true\" data-originalcomputedfontsize=\"14.666667\">Temporada:<\/span> <span data-removefontsize=\"true\" data-originalcomputedfontsize=\"14.666667\">de 23 de fevereiro a 12 de mar\u00e7o,\u00a0<\/span><span data-removefontsize=\"true\" data-originalcomputedfontsize=\"14.666667\">de quinta a s\u00e1bado, \u00e0s 20h, e domingo, \u00e0s 18h.\u00a0<\/span><span data-removefontsize=\"true\" data-originalcomputedfontsize=\"14.666667\">Sess\u00e3o com tradu\u00e7\u00e3o para Libras, dia 4 de mar\u00e7o, s\u00e1bado.<\/span><\/p>\n<p style=\"font-weight: 400;\"><span data-originalfontsize=\"11pt\" data-originalcomputedfontsize=\"14.666667\">Ingresso pelo <\/span><a href=\"http:\/\/www.bb.com.br\/cultura\" data-saferedirecturl=\"https:\/\/www.google.com\/url?q=http:\/\/www.bb.com.br\/cultura&amp;source=gmail&amp;ust=1676120042865000&amp;usg=AOvVaw2YsazM9XN7AixXGsBs3jVq\"><span data-originalfontsize=\"11pt\" data-originalcomputedfontsize=\"14.666667\">www.<\/span><span data-originalfontsize=\"11pt\" data-originalcomputedfontsize=\"14.666667\">bb.com.br\/cultura<\/span><\/a><span data-originalfontsize=\"11pt\" data-originalcomputedfontsize=\"14.666667\"> ou na bilheteria do CCBB Bras\u00edlia<\/span><\/p>\n<p style=\"font-weight: 400;\"><span data-removefontsize=\"true\" data-originalcomputedfontsize=\"14.666667\">Classifica\u00e7\u00e3o indicativa: n\u00e3o recomendado para menores de 12 anos.<\/span><\/p>\n<hr \/>\n<pre style=\"font-weight: 400;\">Fotos: Eika Yabusame e Aloysio Araripe\/Divulga\u00e7\u00e3o<\/pre>\n","protected":false},"excerpt":{"rendered":"<p>Espet\u00e1culo com Matheus Nachtergaele, Renato Borghi e Elcio Nogueira Seixas\u00a0\u00e9 a primeira montagem da dramaturga mexicana Sabina Berman no Brasil\u00a0 Uma disputa bem-humorada entre a Com\u00e9dia, representada por seu mais ilustre autor, Moli\u00e8re (vivido por Matheus Nachtergaele), e a Trag\u00e9dia, personificada pelo poeta Jean Racine (Elcio Nogueira Seixas), Moli\u00e8re chega ao Centro Cultural Banco do Brasil Bras\u00edlia ap\u00f3s de quatro anos de temporadas de sucesso pelo pa\u00eds. As apresenta\u00e7\u00f5es em Bras\u00edlia ser\u00e3o de 23 de fevereiro a 12 de mar\u00e7o, com sess\u00f5es de quinta a s\u00e1bado, \u00e0s 20h, e domingo, \u00e0s 18h, e ingressos a R$ 30, a inteira. A pe\u00e7a tem classifica\u00e7\u00e3o indicativa n\u00e3o recomendada para menores de 12 anos. Embalada por m\u00fasicas de Caetano Veloso, executadas ao vivo com arranjos originais do maestro Gilson Fukushima,\u00a0a montagem integra o projeto de interc\u00e2mbio cultural da valoriza\u00e7\u00e3o da dramaturgia latino-americana, o projeto Teatro Prom\u00edscuo. A pe\u00e7a, que marca a estreia da obra teatral da renomada dramaturga mexicana Sabina Berman no Brasil, tem dire\u00e7\u00e3o de Diego Fortes, ganhador do Pr\u00eamio Shell em 2017 pelo espet\u00e1culo\u00a0O Grande Sucesso. Inspirada no teatro de Moli\u00e8re, que fundia estilos em uma mesma obra (Commedia Dell\u2019Arte; influ\u00eancias renascentistas e barrocas; humor sat\u00edrico), a encena\u00e7\u00e3o integra linguagens diversas em uma intensa din\u00e2mica c\u00eanica.\u00a0\u201cA fus\u00e3o de linguagens de Moli\u00e8re e a autenticidade de suas cria\u00e7\u00f5es nos possibilitaram misturar cores e texturas com extrema liberdade, procurando sempre uma encena\u00e7\u00e3o em que regras pudessem ser quebradas\u201d, diz o diretor Diego Fortes. Em cena, quatorze atores e m\u00fasicos v\u00e3o narrar o inusitado conflito entre\u00a0maneiras opostas de pensar o mundo, expressas pelas famosas m\u00e1scaras do teatro: uma ri malandramente de tudo e de todos e a outra mostra rever\u00eancia e temor diante da dor e da morte. O embate \u00e9pico entre essas duas faces da vida tem como cen\u00e1rio a corte real de Luis XIV, o Rei Sol (Josie Antello), na Fran\u00e7a. Amado por todos e favorito do extravagante rei, Moli\u00e8re trava uma luta tragic\u00f4mica com seu aprendiz Racine para manter a posi\u00e7\u00e3o de dramaturgo mais prestigiado da corte. Enquanto isso, o Arcebispo de Paris, entusiasta da guerra, Monsenhor P\u00e9r\u00e9fixe (Renato Borghi), tentar\u00e1 se aproveitar de um conflito em curso para banir do reino o Teatro e seus artistas, endurecer a censura e lan\u00e7ar a Fran\u00e7a em uma era de obscurantismo, viol\u00eancia e sacrif\u00edcio. \u00c9 mais nobre fazer o p\u00fablico rir ou chorar? Os artistas devem mostrar o mundo como ele \u00e9 ou como deveria ser? Por que proibir obras de arte e perseguir seus criadores? At\u00e9 que ponto aqueles que criam devem submeter-se \u00e0 vontade daqueles que pagam? Estas s\u00e3o algumas das grandes quest\u00f5es que permeiam o enredo do espet\u00e1culo. O cen\u00e1rio de Andr\u00e9 Cortez evidencia o jogo de transi\u00e7\u00f5es entre teatro e realidade, ao mesmo tempo em que dissipa os limites entre palco e plateia. O p\u00fablico, enquanto assiste a uma encena\u00e7\u00e3o de Moli\u00e8re ou de Racine, tamb\u00e9m acompanha as rea\u00e7\u00f5es do Rei Lu\u00eds XIV e do Arcebispo P\u00e9r\u00e9fixe ao espet\u00e1culo. Os figurinos de Karlla Girotto brincam com a ideia irreverente de uma &#8220;Fran\u00e7a Tropical&#8221;, ou melhor, de uma delirante &#8220;Tropic\u00e1lia Francesa&#8221; irrompendo em plena corte absolutista do s\u00e9culo XVII. Paralelo ao espet\u00e1culo, Matheus Nachtergaele est\u00e1 no ar em \u2018Cine Holli\u00fady (TV Globo) e entrar\u00e1 em cartaz com o longa \u2018O Clube dos Anjos\u2019, baseado na obra de Luis Fernando Ver\u00edssimo, com roteiro e dire\u00e7\u00e3o de Angelo Defanti. E ainda pode ser visto no longa \u2018Carro Rei\u2019, roteiro de S\u00e9rgio Oliveira e\u00a0Renata Pinheiro, que tamb\u00e9m assina a dire\u00e7\u00e3o. Quer ir? Moli\u00e8re \u2013 Uma com\u00e9dia musical de Sabina Berman No Teatro do Centro Cultural Banco do Brasil Bras\u00edlia (SCES Trecho 2 Lt. 22 \u2013 Bras\u00edlia\/DF) Temporada: de 23 de fevereiro a 12 de mar\u00e7o,\u00a0de quinta a s\u00e1bado, \u00e0s 20h, e domingo, \u00e0s 18h.\u00a0Sess\u00e3o com tradu\u00e7\u00e3o para Libras, dia 4 de mar\u00e7o, s\u00e1bado. Ingresso pelo www.bb.com.br\/cultura ou na bilheteria do CCBB Bras\u00edlia Classifica\u00e7\u00e3o indicativa: n\u00e3o recomendado para menores de 12 anos. Fotos: Eika Yabusame e Aloysio Araripe\/Divulga\u00e7\u00e3o<\/p>\n","protected":false},"author":2,"featured_media":3492,"comment_status":"closed","ping_status":"open","sticky":false,"template":"","format":"standard","meta":{"site-sidebar-layout":"default","site-content-layout":"default","ast-site-content-layout":"default","site-content-style":"default","site-sidebar-style":"default","ast-global-header-display":"","ast-banner-title-visibility":"","ast-main-header-display":"","ast-hfb-above-header-display":"","ast-hfb-below-header-display":"","ast-hfb-mobile-header-display":"","site-post-title":"","ast-breadcrumbs-content":"","ast-featured-img":"","footer-sml-layout":"","ast-disable-related-posts":"","theme-transparent-header-meta":"default","adv-header-id-meta":"","stick-header-meta":"","header-above-stick-meta":"","header-main-stick-meta":"","header-below-stick-meta":"","astra-migrate-meta-layouts":"default","ast-page-background-enabled":"default","ast-page-background-meta":{"desktop":{"background-color":"","background-image":"","background-repeat":"repeat","background-position":"center center","background-size":"auto","background-attachment":"scroll","background-type":"","background-media":"","overlay-type":"","overlay-color":"","overlay-opacity":"","overlay-gradient":""},"tablet":{"background-color":"","background-image":"","background-repeat":"repeat","background-position":"center center","background-size":"auto","background-attachment":"scroll","background-type":"","background-media":"","overlay-type":"","overlay-color":"","overlay-opacity":"","overlay-gradient":""},"mobile":{"background-color":"","background-image":"","background-repeat":"repeat","background-position":"center center","background-size":"auto","background-attachment":"scroll","background-type":"","background-media":"","overlay-type":"","overlay-color":"","overlay-opacity":"","overlay-gradient":""}},"ast-content-background-meta":{"desktop":{"background-color":"var(--ast-global-color-5)","background-image":"","background-repeat":"repeat","background-position":"center center","background-size":"auto","background-attachment":"scroll","background-type":"","background-media":"","overlay-type":"","overlay-color":"","overlay-opacity":"","overlay-gradient":""},"tablet":{"background-color":"var(--ast-global-color-5)","background-image":"","background-repeat":"repeat","background-position":"center center","background-size":"auto","background-attachment":"scroll","background-type":"","background-media":"","overlay-type":"","overlay-color":"","overlay-opacity":"","overlay-gradient":""},"mobile":{"background-color":"var(--ast-global-color-5)","background-image":"","background-repeat":"repeat","background-position":"center center","background-size":"auto","background-attachment":"scroll","background-type":"","background-media":"","overlay-type":"","overlay-color":"","overlay-opacity":"","overlay-gradient":""}},"footnotes":""},"categories":[47],"tags":[],"class_list":["post-3489","post","type-post","status-publish","format-standard","has-post-thumbnail","hentry","category-cultura-arte"],"yoast_head":"<!-- This site is optimized with the Yoast SEO plugin v27.0 - https:\/\/yoast.com\/product\/yoast-seo-wordpress\/ -->\n<title>Moli\u00e8re musical chega brilhando ao CCBB Bras\u00edlia - LACKMAN &amp; CO.<\/title>\n<meta name=\"robots\" content=\"index, follow, max-snippet:-1, max-image-preview:large, max-video-preview:-1\" \/>\n<link rel=\"canonical\" href=\"https:\/\/lackman.com.br\/index.php\/2023\/02\/22\/3489\/\" \/>\n<meta property=\"og:locale\" content=\"pt_BR\" \/>\n<meta property=\"og:type\" content=\"article\" \/>\n<meta property=\"og:title\" content=\"Moli\u00e8re musical chega brilhando ao CCBB Bras\u00edlia - LACKMAN &amp; CO.\" \/>\n<meta property=\"og:description\" content=\"Espet\u00e1culo com Matheus Nachtergaele, Renato Borghi e Elcio Nogueira Seixas\u00a0\u00e9 a primeira montagem da dramaturga mexicana Sabina Berman no Brasil\u00a0 Uma disputa bem-humorada entre a Com\u00e9dia, representada por seu mais ilustre autor, Moli\u00e8re (vivido por Matheus Nachtergaele), e a Trag\u00e9dia, personificada pelo poeta Jean Racine (Elcio Nogueira Seixas), Moli\u00e8re chega ao Centro Cultural Banco do Brasil Bras\u00edlia ap\u00f3s de quatro anos de temporadas de sucesso pelo pa\u00eds. As apresenta\u00e7\u00f5es em Bras\u00edlia ser\u00e3o de 23 de fevereiro a 12 de mar\u00e7o, com sess\u00f5es de quinta a s\u00e1bado, \u00e0s 20h, e domingo, \u00e0s 18h, e ingressos a R$ 30, a inteira. A pe\u00e7a tem classifica\u00e7\u00e3o indicativa n\u00e3o recomendada para menores de 12 anos. Embalada por m\u00fasicas de Caetano Veloso, executadas ao vivo com arranjos originais do maestro Gilson Fukushima,\u00a0a montagem integra o projeto de interc\u00e2mbio cultural da valoriza\u00e7\u00e3o da dramaturgia latino-americana, o projeto Teatro Prom\u00edscuo. A pe\u00e7a, que marca a estreia da obra teatral da renomada dramaturga mexicana Sabina Berman no Brasil, tem dire\u00e7\u00e3o de Diego Fortes, ganhador do Pr\u00eamio Shell em 2017 pelo espet\u00e1culo\u00a0O Grande Sucesso. Inspirada no teatro de Moli\u00e8re, que fundia estilos em uma mesma obra (Commedia Dell\u2019Arte; influ\u00eancias renascentistas e barrocas; humor sat\u00edrico), a encena\u00e7\u00e3o integra linguagens diversas em uma intensa din\u00e2mica c\u00eanica.\u00a0\u201cA fus\u00e3o de linguagens de Moli\u00e8re e a autenticidade de suas cria\u00e7\u00f5es nos possibilitaram misturar cores e texturas com extrema liberdade, procurando sempre uma encena\u00e7\u00e3o em que regras pudessem ser quebradas\u201d, diz o diretor Diego Fortes. Em cena, quatorze atores e m\u00fasicos v\u00e3o narrar o inusitado conflito entre\u00a0maneiras opostas de pensar o mundo, expressas pelas famosas m\u00e1scaras do teatro: uma ri malandramente de tudo e de todos e a outra mostra rever\u00eancia e temor diante da dor e da morte. O embate \u00e9pico entre essas duas faces da vida tem como cen\u00e1rio a corte real de Luis XIV, o Rei Sol (Josie Antello), na Fran\u00e7a. Amado por todos e favorito do extravagante rei, Moli\u00e8re trava uma luta tragic\u00f4mica com seu aprendiz Racine para manter a posi\u00e7\u00e3o de dramaturgo mais prestigiado da corte. Enquanto isso, o Arcebispo de Paris, entusiasta da guerra, Monsenhor P\u00e9r\u00e9fixe (Renato Borghi), tentar\u00e1 se aproveitar de um conflito em curso para banir do reino o Teatro e seus artistas, endurecer a censura e lan\u00e7ar a Fran\u00e7a em uma era de obscurantismo, viol\u00eancia e sacrif\u00edcio. \u00c9 mais nobre fazer o p\u00fablico rir ou chorar? Os artistas devem mostrar o mundo como ele \u00e9 ou como deveria ser? Por que proibir obras de arte e perseguir seus criadores? At\u00e9 que ponto aqueles que criam devem submeter-se \u00e0 vontade daqueles que pagam? Estas s\u00e3o algumas das grandes quest\u00f5es que permeiam o enredo do espet\u00e1culo. O cen\u00e1rio de Andr\u00e9 Cortez evidencia o jogo de transi\u00e7\u00f5es entre teatro e realidade, ao mesmo tempo em que dissipa os limites entre palco e plateia. O p\u00fablico, enquanto assiste a uma encena\u00e7\u00e3o de Moli\u00e8re ou de Racine, tamb\u00e9m acompanha as rea\u00e7\u00f5es do Rei Lu\u00eds XIV e do Arcebispo P\u00e9r\u00e9fixe ao espet\u00e1culo. Os figurinos de Karlla Girotto brincam com a ideia irreverente de uma &#8220;Fran\u00e7a Tropical&#8221;, ou melhor, de uma delirante &#8220;Tropic\u00e1lia Francesa&#8221; irrompendo em plena corte absolutista do s\u00e9culo XVII. Paralelo ao espet\u00e1culo, Matheus Nachtergaele est\u00e1 no ar em \u2018Cine Holli\u00fady (TV Globo) e entrar\u00e1 em cartaz com o longa \u2018O Clube dos Anjos\u2019, baseado na obra de Luis Fernando Ver\u00edssimo, com roteiro e dire\u00e7\u00e3o de Angelo Defanti. E ainda pode ser visto no longa \u2018Carro Rei\u2019, roteiro de S\u00e9rgio Oliveira e\u00a0Renata Pinheiro, que tamb\u00e9m assina a dire\u00e7\u00e3o. Quer ir? Moli\u00e8re \u2013 Uma com\u00e9dia musical de Sabina Berman No Teatro do Centro Cultural Banco do Brasil Bras\u00edlia (SCES Trecho 2 Lt. 22 \u2013 Bras\u00edlia\/DF) Temporada: de 23 de fevereiro a 12 de mar\u00e7o,\u00a0de quinta a s\u00e1bado, \u00e0s 20h, e domingo, \u00e0s 18h.\u00a0Sess\u00e3o com tradu\u00e7\u00e3o para Libras, dia 4 de mar\u00e7o, s\u00e1bado. Ingresso pelo www.bb.com.br\/cultura ou na bilheteria do CCBB Bras\u00edlia Classifica\u00e7\u00e3o indicativa: n\u00e3o recomendado para menores de 12 anos. Fotos: Eika Yabusame e Aloysio Araripe\/Divulga\u00e7\u00e3o\" \/>\n<meta property=\"og:url\" content=\"https:\/\/lackman.com.br\/index.php\/2023\/02\/22\/3489\/\" \/>\n<meta property=\"og:site_name\" content=\"LACKMAN &amp; CO.\" \/>\n<meta property=\"article:author\" content=\"https:\/\/www.facebook.com\/fernandolackman\" \/>\n<meta property=\"article:published_time\" content=\"2023-02-22T19:40:22+00:00\" \/>\n<meta property=\"article:modified_time\" content=\"2023-02-22T19:44:10+00:00\" \/>\n<meta property=\"og:image\" content=\"https:\/\/lackman.com.br\/wp-content\/uploads\/2023\/02\/52359B37-1DB0-4F0F-99DF-A43D748ADDA7.jpeg\" \/>\n\t<meta property=\"og:image:width\" content=\"2160\" \/>\n\t<meta property=\"og:image:height\" content=\"1442\" \/>\n\t<meta property=\"og:image:type\" content=\"image\/jpeg\" \/>\n<meta name=\"author\" content=\"Fernando Lackman\" \/>\n<meta name=\"twitter:card\" content=\"summary_large_image\" \/>\n<meta name=\"twitter:creator\" content=\"@fernandolackman\" \/>\n<meta name=\"twitter:label1\" content=\"Escrito por\" \/>\n\t<meta name=\"twitter:data1\" content=\"Fernando Lackman\" \/>\n\t<meta name=\"twitter:label2\" content=\"Est. tempo de leitura\" \/>\n\t<meta name=\"twitter:data2\" content=\"4 minutos\" \/>\n<script type=\"application\/ld+json\" class=\"yoast-schema-graph\">{\"@context\":\"https:\/\/schema.org\",\"@graph\":[{\"@type\":\"Article\",\"@id\":\"https:\/\/lackman.com.br\/index.php\/2023\/02\/22\/3489\/#article\",\"isPartOf\":{\"@id\":\"https:\/\/lackman.com.br\/index.php\/2023\/02\/22\/3489\/\"},\"author\":{\"name\":\"Fernando Lackman\",\"@id\":\"https:\/\/lackman.com.br\/#\/schema\/person\/dbfb3fbfc55f2b0bd4f9039696e70858\"},\"headline\":\"Moli\u00e8re musical chega brilhando ao CCBB Bras\u00edlia\",\"datePublished\":\"2023-02-22T19:40:22+00:00\",\"dateModified\":\"2023-02-22T19:44:10+00:00\",\"mainEntityOfPage\":{\"@id\":\"https:\/\/lackman.com.br\/index.php\/2023\/02\/22\/3489\/\"},\"wordCount\":747,\"publisher\":{\"@id\":\"https:\/\/lackman.com.br\/#organization\"},\"image\":{\"@id\":\"https:\/\/lackman.com.br\/index.php\/2023\/02\/22\/3489\/#primaryimage\"},\"thumbnailUrl\":\"https:\/\/lackman.com.br\/wp-content\/uploads\/2023\/02\/52359B37-1DB0-4F0F-99DF-A43D748ADDA7.jpeg\",\"articleSection\":[\"Cultura\"],\"inLanguage\":\"pt-BR\"},{\"@type\":\"WebPage\",\"@id\":\"https:\/\/lackman.com.br\/index.php\/2023\/02\/22\/3489\/\",\"url\":\"https:\/\/lackman.com.br\/index.php\/2023\/02\/22\/3489\/\",\"name\":\"Moli\u00e8re musical chega brilhando ao CCBB Bras\u00edlia - LACKMAN &amp; CO.\",\"isPartOf\":{\"@id\":\"https:\/\/lackman.com.br\/#website\"},\"primaryImageOfPage\":{\"@id\":\"https:\/\/lackman.com.br\/index.php\/2023\/02\/22\/3489\/#primaryimage\"},\"image\":{\"@id\":\"https:\/\/lackman.com.br\/index.php\/2023\/02\/22\/3489\/#primaryimage\"},\"thumbnailUrl\":\"https:\/\/lackman.com.br\/wp-content\/uploads\/2023\/02\/52359B37-1DB0-4F0F-99DF-A43D748ADDA7.jpeg\",\"datePublished\":\"2023-02-22T19:40:22+00:00\",\"dateModified\":\"2023-02-22T19:44:10+00:00\",\"breadcrumb\":{\"@id\":\"https:\/\/lackman.com.br\/index.php\/2023\/02\/22\/3489\/#breadcrumb\"},\"inLanguage\":\"pt-BR\",\"potentialAction\":[{\"@type\":\"ReadAction\",\"target\":[\"https:\/\/lackman.com.br\/index.php\/2023\/02\/22\/3489\/\"]}]},{\"@type\":\"ImageObject\",\"inLanguage\":\"pt-BR\",\"@id\":\"https:\/\/lackman.com.br\/index.php\/2023\/02\/22\/3489\/#primaryimage\",\"url\":\"https:\/\/lackman.com.br\/wp-content\/uploads\/2023\/02\/52359B37-1DB0-4F0F-99DF-A43D748ADDA7.jpeg\",\"contentUrl\":\"https:\/\/lackman.com.br\/wp-content\/uploads\/2023\/02\/52359B37-1DB0-4F0F-99DF-A43D748ADDA7.jpeg\",\"width\":2160,\"height\":1442},{\"@type\":\"BreadcrumbList\",\"@id\":\"https:\/\/lackman.com.br\/index.php\/2023\/02\/22\/3489\/#breadcrumb\",\"itemListElement\":[{\"@type\":\"ListItem\",\"position\":1,\"name\":\"In\u00edcio\",\"item\":\"https:\/\/lackman.com.br\/\"},{\"@type\":\"ListItem\",\"position\":2,\"name\":\"Moli\u00e8re musical chega brilhando ao CCBB Bras\u00edlia\"}]},{\"@type\":\"WebSite\",\"@id\":\"https:\/\/lackman.com.br\/#website\",\"url\":\"https:\/\/lackman.com.br\/\",\"name\":\"LACKMAN &amp; CO.\",\"description\":\"VIDA | MODA | ARTE\",\"publisher\":{\"@id\":\"https:\/\/lackman.com.br\/#organization\"},\"potentialAction\":[{\"@type\":\"SearchAction\",\"target\":{\"@type\":\"EntryPoint\",\"urlTemplate\":\"https:\/\/lackman.com.br\/?s={search_term_string}\"},\"query-input\":{\"@type\":\"PropertyValueSpecification\",\"valueRequired\":true,\"valueName\":\"search_term_string\"}}],\"inLanguage\":\"pt-BR\"},{\"@type\":\"Organization\",\"@id\":\"https:\/\/lackman.com.br\/#organization\",\"name\":\"LACKMAN &amp; CO.\",\"url\":\"https:\/\/lackman.com.br\/\",\"logo\":{\"@type\":\"ImageObject\",\"inLanguage\":\"pt-BR\",\"@id\":\"https:\/\/lackman.com.br\/#\/schema\/logo\/image\/\",\"url\":\"https:\/\/lackman.com.br\/wp-content\/uploads\/2023\/06\/Logotipo_preto-1.png\",\"contentUrl\":\"https:\/\/lackman.com.br\/wp-content\/uploads\/2023\/06\/Logotipo_preto-1.png\",\"width\":739,\"height\":393,\"caption\":\"LACKMAN &amp; CO.\"},\"image\":{\"@id\":\"https:\/\/lackman.com.br\/#\/schema\/logo\/image\/\"}},{\"@type\":\"Person\",\"@id\":\"https:\/\/lackman.com.br\/#\/schema\/person\/dbfb3fbfc55f2b0bd4f9039696e70858\",\"name\":\"Fernando Lackman\",\"image\":{\"@type\":\"ImageObject\",\"inLanguage\":\"pt-BR\",\"@id\":\"https:\/\/lackman.com.br\/#\/schema\/person\/image\/\",\"url\":\"https:\/\/secure.gravatar.com\/avatar\/ae7993150af197e66480c8a769891833dd2b8d809f0d9ff3f25af796cf378ce8?s=96&d=mm&r=g\",\"contentUrl\":\"https:\/\/secure.gravatar.com\/avatar\/ae7993150af197e66480c8a769891833dd2b8d809f0d9ff3f25af796cf378ce8?s=96&d=mm&r=g\",\"caption\":\"Fernando Lackman\"},\"description\":\"Fernando Lackman \u00e9 jornalista especializado em Moda e Cultura, editor do site LACKMAN.com.br. \u00c9 autor do livro Bras\u00edlia Capital dos Criadores, que conta a hist\u00f3ria da moda no Distrito Federal. Tem em seu curr\u00edculo assinatura de dire\u00e7\u00e3o criativa e de desfiles em eventos como Estilo DF Plaza, Summer Collections, JK Street Fashion, Desfile Beleza Negra (DBN), PicniK Fashion Show, Vogue Fashion\u2019s Night Out Bras\u00edlia, entre outros. Foi diretor criativo do extinto Capital Fashion Week. Atualmente trabalha na dire\u00e7\u00e3o criativa de eventos como Top CUFA, BSB Fashion Street, Bras\u00edlia Fashion House, Ateli\u00ea Bras\u00edlia e Goi\u00e1s Fashion Week.\",\"sameAs\":[\"https:\/\/lackman.com.br\/\",\"https:\/\/www.facebook.com\/fernandolackman\",\"https:\/\/www.instagram.com\/fernandolackman\/\",\"https:\/\/www.linkedin.com\/in\/fernando-lackman\/\",\"https:\/\/br.pinterest.com\/fernandolackman\/\",\"https:\/\/x.com\/fernandolackman\"],\"url\":\"https:\/\/lackman.com.br\/index.php\/author\/fernando-lackman\/\"}]}<\/script>\n<!-- \/ Yoast SEO plugin. -->","yoast_head_json":{"title":"Moli\u00e8re musical chega brilhando ao CCBB Bras\u00edlia - LACKMAN &amp; CO.","robots":{"index":"index","follow":"follow","max-snippet":"max-snippet:-1","max-image-preview":"max-image-preview:large","max-video-preview":"max-video-preview:-1"},"canonical":"https:\/\/lackman.com.br\/index.php\/2023\/02\/22\/3489\/","og_locale":"pt_BR","og_type":"article","og_title":"Moli\u00e8re musical chega brilhando ao CCBB Bras\u00edlia - LACKMAN &amp; CO.","og_description":"Espet\u00e1culo com Matheus Nachtergaele, Renato Borghi e Elcio Nogueira Seixas\u00a0\u00e9 a primeira montagem da dramaturga mexicana Sabina Berman no Brasil\u00a0 Uma disputa bem-humorada entre a Com\u00e9dia, representada por seu mais ilustre autor, Moli\u00e8re (vivido por Matheus Nachtergaele), e a Trag\u00e9dia, personificada pelo poeta Jean Racine (Elcio Nogueira Seixas), Moli\u00e8re chega ao Centro Cultural Banco do Brasil Bras\u00edlia ap\u00f3s de quatro anos de temporadas de sucesso pelo pa\u00eds. As apresenta\u00e7\u00f5es em Bras\u00edlia ser\u00e3o de 23 de fevereiro a 12 de mar\u00e7o, com sess\u00f5es de quinta a s\u00e1bado, \u00e0s 20h, e domingo, \u00e0s 18h, e ingressos a R$ 30, a inteira. A pe\u00e7a tem classifica\u00e7\u00e3o indicativa n\u00e3o recomendada para menores de 12 anos. Embalada por m\u00fasicas de Caetano Veloso, executadas ao vivo com arranjos originais do maestro Gilson Fukushima,\u00a0a montagem integra o projeto de interc\u00e2mbio cultural da valoriza\u00e7\u00e3o da dramaturgia latino-americana, o projeto Teatro Prom\u00edscuo. A pe\u00e7a, que marca a estreia da obra teatral da renomada dramaturga mexicana Sabina Berman no Brasil, tem dire\u00e7\u00e3o de Diego Fortes, ganhador do Pr\u00eamio Shell em 2017 pelo espet\u00e1culo\u00a0O Grande Sucesso. Inspirada no teatro de Moli\u00e8re, que fundia estilos em uma mesma obra (Commedia Dell\u2019Arte; influ\u00eancias renascentistas e barrocas; humor sat\u00edrico), a encena\u00e7\u00e3o integra linguagens diversas em uma intensa din\u00e2mica c\u00eanica.\u00a0\u201cA fus\u00e3o de linguagens de Moli\u00e8re e a autenticidade de suas cria\u00e7\u00f5es nos possibilitaram misturar cores e texturas com extrema liberdade, procurando sempre uma encena\u00e7\u00e3o em que regras pudessem ser quebradas\u201d, diz o diretor Diego Fortes. Em cena, quatorze atores e m\u00fasicos v\u00e3o narrar o inusitado conflito entre\u00a0maneiras opostas de pensar o mundo, expressas pelas famosas m\u00e1scaras do teatro: uma ri malandramente de tudo e de todos e a outra mostra rever\u00eancia e temor diante da dor e da morte. O embate \u00e9pico entre essas duas faces da vida tem como cen\u00e1rio a corte real de Luis XIV, o Rei Sol (Josie Antello), na Fran\u00e7a. Amado por todos e favorito do extravagante rei, Moli\u00e8re trava uma luta tragic\u00f4mica com seu aprendiz Racine para manter a posi\u00e7\u00e3o de dramaturgo mais prestigiado da corte. Enquanto isso, o Arcebispo de Paris, entusiasta da guerra, Monsenhor P\u00e9r\u00e9fixe (Renato Borghi), tentar\u00e1 se aproveitar de um conflito em curso para banir do reino o Teatro e seus artistas, endurecer a censura e lan\u00e7ar a Fran\u00e7a em uma era de obscurantismo, viol\u00eancia e sacrif\u00edcio. \u00c9 mais nobre fazer o p\u00fablico rir ou chorar? Os artistas devem mostrar o mundo como ele \u00e9 ou como deveria ser? Por que proibir obras de arte e perseguir seus criadores? At\u00e9 que ponto aqueles que criam devem submeter-se \u00e0 vontade daqueles que pagam? Estas s\u00e3o algumas das grandes quest\u00f5es que permeiam o enredo do espet\u00e1culo. O cen\u00e1rio de Andr\u00e9 Cortez evidencia o jogo de transi\u00e7\u00f5es entre teatro e realidade, ao mesmo tempo em que dissipa os limites entre palco e plateia. O p\u00fablico, enquanto assiste a uma encena\u00e7\u00e3o de Moli\u00e8re ou de Racine, tamb\u00e9m acompanha as rea\u00e7\u00f5es do Rei Lu\u00eds XIV e do Arcebispo P\u00e9r\u00e9fixe ao espet\u00e1culo. Os figurinos de Karlla Girotto brincam com a ideia irreverente de uma &#8220;Fran\u00e7a Tropical&#8221;, ou melhor, de uma delirante &#8220;Tropic\u00e1lia Francesa&#8221; irrompendo em plena corte absolutista do s\u00e9culo XVII. Paralelo ao espet\u00e1culo, Matheus Nachtergaele est\u00e1 no ar em \u2018Cine Holli\u00fady (TV Globo) e entrar\u00e1 em cartaz com o longa \u2018O Clube dos Anjos\u2019, baseado na obra de Luis Fernando Ver\u00edssimo, com roteiro e dire\u00e7\u00e3o de Angelo Defanti. E ainda pode ser visto no longa \u2018Carro Rei\u2019, roteiro de S\u00e9rgio Oliveira e\u00a0Renata Pinheiro, que tamb\u00e9m assina a dire\u00e7\u00e3o. Quer ir? Moli\u00e8re \u2013 Uma com\u00e9dia musical de Sabina Berman No Teatro do Centro Cultural Banco do Brasil Bras\u00edlia (SCES Trecho 2 Lt. 22 \u2013 Bras\u00edlia\/DF) Temporada: de 23 de fevereiro a 12 de mar\u00e7o,\u00a0de quinta a s\u00e1bado, \u00e0s 20h, e domingo, \u00e0s 18h.\u00a0Sess\u00e3o com tradu\u00e7\u00e3o para Libras, dia 4 de mar\u00e7o, s\u00e1bado. Ingresso pelo www.bb.com.br\/cultura ou na bilheteria do CCBB Bras\u00edlia Classifica\u00e7\u00e3o indicativa: n\u00e3o recomendado para menores de 12 anos. Fotos: Eika Yabusame e Aloysio Araripe\/Divulga\u00e7\u00e3o","og_url":"https:\/\/lackman.com.br\/index.php\/2023\/02\/22\/3489\/","og_site_name":"LACKMAN &amp; CO.","article_author":"https:\/\/www.facebook.com\/fernandolackman","article_published_time":"2023-02-22T19:40:22+00:00","article_modified_time":"2023-02-22T19:44:10+00:00","og_image":[{"width":2160,"height":1442,"url":"https:\/\/lackman.com.br\/wp-content\/uploads\/2023\/02\/52359B37-1DB0-4F0F-99DF-A43D748ADDA7.jpeg","type":"image\/jpeg"}],"author":"Fernando Lackman","twitter_card":"summary_large_image","twitter_creator":"@fernandolackman","twitter_misc":{"Escrito por":"Fernando Lackman","Est. tempo de leitura":"4 minutos"},"schema":{"@context":"https:\/\/schema.org","@graph":[{"@type":"Article","@id":"https:\/\/lackman.com.br\/index.php\/2023\/02\/22\/3489\/#article","isPartOf":{"@id":"https:\/\/lackman.com.br\/index.php\/2023\/02\/22\/3489\/"},"author":{"name":"Fernando Lackman","@id":"https:\/\/lackman.com.br\/#\/schema\/person\/dbfb3fbfc55f2b0bd4f9039696e70858"},"headline":"Moli\u00e8re musical chega brilhando ao CCBB Bras\u00edlia","datePublished":"2023-02-22T19:40:22+00:00","dateModified":"2023-02-22T19:44:10+00:00","mainEntityOfPage":{"@id":"https:\/\/lackman.com.br\/index.php\/2023\/02\/22\/3489\/"},"wordCount":747,"publisher":{"@id":"https:\/\/lackman.com.br\/#organization"},"image":{"@id":"https:\/\/lackman.com.br\/index.php\/2023\/02\/22\/3489\/#primaryimage"},"thumbnailUrl":"https:\/\/lackman.com.br\/wp-content\/uploads\/2023\/02\/52359B37-1DB0-4F0F-99DF-A43D748ADDA7.jpeg","articleSection":["Cultura"],"inLanguage":"pt-BR"},{"@type":"WebPage","@id":"https:\/\/lackman.com.br\/index.php\/2023\/02\/22\/3489\/","url":"https:\/\/lackman.com.br\/index.php\/2023\/02\/22\/3489\/","name":"Moli\u00e8re musical chega brilhando ao CCBB Bras\u00edlia - LACKMAN &amp; CO.","isPartOf":{"@id":"https:\/\/lackman.com.br\/#website"},"primaryImageOfPage":{"@id":"https:\/\/lackman.com.br\/index.php\/2023\/02\/22\/3489\/#primaryimage"},"image":{"@id":"https:\/\/lackman.com.br\/index.php\/2023\/02\/22\/3489\/#primaryimage"},"thumbnailUrl":"https:\/\/lackman.com.br\/wp-content\/uploads\/2023\/02\/52359B37-1DB0-4F0F-99DF-A43D748ADDA7.jpeg","datePublished":"2023-02-22T19:40:22+00:00","dateModified":"2023-02-22T19:44:10+00:00","breadcrumb":{"@id":"https:\/\/lackman.com.br\/index.php\/2023\/02\/22\/3489\/#breadcrumb"},"inLanguage":"pt-BR","potentialAction":[{"@type":"ReadAction","target":["https:\/\/lackman.com.br\/index.php\/2023\/02\/22\/3489\/"]}]},{"@type":"ImageObject","inLanguage":"pt-BR","@id":"https:\/\/lackman.com.br\/index.php\/2023\/02\/22\/3489\/#primaryimage","url":"https:\/\/lackman.com.br\/wp-content\/uploads\/2023\/02\/52359B37-1DB0-4F0F-99DF-A43D748ADDA7.jpeg","contentUrl":"https:\/\/lackman.com.br\/wp-content\/uploads\/2023\/02\/52359B37-1DB0-4F0F-99DF-A43D748ADDA7.jpeg","width":2160,"height":1442},{"@type":"BreadcrumbList","@id":"https:\/\/lackman.com.br\/index.php\/2023\/02\/22\/3489\/#breadcrumb","itemListElement":[{"@type":"ListItem","position":1,"name":"In\u00edcio","item":"https:\/\/lackman.com.br\/"},{"@type":"ListItem","position":2,"name":"Moli\u00e8re musical chega brilhando ao CCBB Bras\u00edlia"}]},{"@type":"WebSite","@id":"https:\/\/lackman.com.br\/#website","url":"https:\/\/lackman.com.br\/","name":"LACKMAN &amp; CO.","description":"VIDA | MODA | ARTE","publisher":{"@id":"https:\/\/lackman.com.br\/#organization"},"potentialAction":[{"@type":"SearchAction","target":{"@type":"EntryPoint","urlTemplate":"https:\/\/lackman.com.br\/?s={search_term_string}"},"query-input":{"@type":"PropertyValueSpecification","valueRequired":true,"valueName":"search_term_string"}}],"inLanguage":"pt-BR"},{"@type":"Organization","@id":"https:\/\/lackman.com.br\/#organization","name":"LACKMAN &amp; CO.","url":"https:\/\/lackman.com.br\/","logo":{"@type":"ImageObject","inLanguage":"pt-BR","@id":"https:\/\/lackman.com.br\/#\/schema\/logo\/image\/","url":"https:\/\/lackman.com.br\/wp-content\/uploads\/2023\/06\/Logotipo_preto-1.png","contentUrl":"https:\/\/lackman.com.br\/wp-content\/uploads\/2023\/06\/Logotipo_preto-1.png","width":739,"height":393,"caption":"LACKMAN &amp; CO."},"image":{"@id":"https:\/\/lackman.com.br\/#\/schema\/logo\/image\/"}},{"@type":"Person","@id":"https:\/\/lackman.com.br\/#\/schema\/person\/dbfb3fbfc55f2b0bd4f9039696e70858","name":"Fernando Lackman","image":{"@type":"ImageObject","inLanguage":"pt-BR","@id":"https:\/\/lackman.com.br\/#\/schema\/person\/image\/","url":"https:\/\/secure.gravatar.com\/avatar\/ae7993150af197e66480c8a769891833dd2b8d809f0d9ff3f25af796cf378ce8?s=96&d=mm&r=g","contentUrl":"https:\/\/secure.gravatar.com\/avatar\/ae7993150af197e66480c8a769891833dd2b8d809f0d9ff3f25af796cf378ce8?s=96&d=mm&r=g","caption":"Fernando Lackman"},"description":"Fernando Lackman \u00e9 jornalista especializado em Moda e Cultura, editor do site LACKMAN.com.br. \u00c9 autor do livro Bras\u00edlia Capital dos Criadores, que conta a hist\u00f3ria da moda no Distrito Federal. Tem em seu curr\u00edculo assinatura de dire\u00e7\u00e3o criativa e de desfiles em eventos como Estilo DF Plaza, Summer Collections, JK Street Fashion, Desfile Beleza Negra (DBN), PicniK Fashion Show, Vogue Fashion\u2019s Night Out Bras\u00edlia, entre outros. Foi diretor criativo do extinto Capital Fashion Week. Atualmente trabalha na dire\u00e7\u00e3o criativa de eventos como Top CUFA, BSB Fashion Street, Bras\u00edlia Fashion House, Ateli\u00ea Bras\u00edlia e Goi\u00e1s Fashion Week.","sameAs":["https:\/\/lackman.com.br\/","https:\/\/www.facebook.com\/fernandolackman","https:\/\/www.instagram.com\/fernandolackman\/","https:\/\/www.linkedin.com\/in\/fernando-lackman\/","https:\/\/br.pinterest.com\/fernandolackman\/","https:\/\/x.com\/fernandolackman"],"url":"https:\/\/lackman.com.br\/index.php\/author\/fernando-lackman\/"}]}},"rttpg_featured_image_url":{"full":["https:\/\/lackman.com.br\/wp-content\/uploads\/2023\/02\/52359B37-1DB0-4F0F-99DF-A43D748ADDA7.jpeg",2160,1442,false],"landscape":["https:\/\/lackman.com.br\/wp-content\/uploads\/2023\/02\/52359B37-1DB0-4F0F-99DF-A43D748ADDA7.jpeg",2160,1442,false],"portraits":["https:\/\/lackman.com.br\/wp-content\/uploads\/2023\/02\/52359B37-1DB0-4F0F-99DF-A43D748ADDA7.jpeg",2160,1442,false],"thumbnail":["https:\/\/lackman.com.br\/wp-content\/uploads\/2023\/02\/52359B37-1DB0-4F0F-99DF-A43D748ADDA7-150x150.jpeg",150,150,true],"medium":["https:\/\/lackman.com.br\/wp-content\/uploads\/2023\/02\/52359B37-1DB0-4F0F-99DF-A43D748ADDA7-300x200.jpeg",300,200,true],"large":["https:\/\/lackman.com.br\/wp-content\/uploads\/2023\/02\/52359B37-1DB0-4F0F-99DF-A43D748ADDA7-1024x684.jpeg",1024,684,true],"RoboGalleryMansoryImagesCenter":["https:\/\/lackman.com.br\/wp-content\/uploads\/2023\/02\/52359B37-1DB0-4F0F-99DF-A43D748ADDA7-600x1024.jpeg",600,1024,true],"RoboGalleryPreload":["https:\/\/lackman.com.br\/wp-content\/uploads\/2023\/02\/52359B37-1DB0-4F0F-99DF-A43D748ADDA7.jpeg",100,67,false],"1536x1536":["https:\/\/lackman.com.br\/wp-content\/uploads\/2023\/02\/52359B37-1DB0-4F0F-99DF-A43D748ADDA7-1536x1025.jpeg",1536,1025,true],"2048x2048":["https:\/\/lackman.com.br\/wp-content\/uploads\/2023\/02\/52359B37-1DB0-4F0F-99DF-A43D748ADDA7-2048x1367.jpeg",2048,1367,true]},"rttpg_author":{"display_name":"Fernando Lackman","author_link":"https:\/\/lackman.com.br\/index.php\/author\/fernando-lackman\/"},"rttpg_comment":0,"rttpg_category":"<a href=\"https:\/\/lackman.com.br\/index.php\/category\/arte\/cultura-arte\/\" rel=\"category tag\">Cultura<\/a>","rttpg_excerpt":"Espet\u00e1culo com Matheus Nachtergaele, Renato Borghi e Elcio Nogueira Seixas\u00a0\u00e9 a primeira montagem da dramaturga mexicana Sabina Berman no Brasil\u00a0 Uma disputa bem-humorada entre a Com\u00e9dia, representada por seu mais ilustre autor, Moli\u00e8re (vivido por Matheus Nachtergaele), e a Trag\u00e9dia, personificada pelo poeta Jean Racine (Elcio Nogueira Seixas), Moli\u00e8re chega ao Centro Cultural Banco do&hellip;","_links":{"self":[{"href":"https:\/\/lackman.com.br\/index.php\/wp-json\/wp\/v2\/posts\/3489","targetHints":{"allow":["GET"]}}],"collection":[{"href":"https:\/\/lackman.com.br\/index.php\/wp-json\/wp\/v2\/posts"}],"about":[{"href":"https:\/\/lackman.com.br\/index.php\/wp-json\/wp\/v2\/types\/post"}],"author":[{"embeddable":true,"href":"https:\/\/lackman.com.br\/index.php\/wp-json\/wp\/v2\/users\/2"}],"replies":[{"embeddable":true,"href":"https:\/\/lackman.com.br\/index.php\/wp-json\/wp\/v2\/comments?post=3489"}],"version-history":[{"count":4,"href":"https:\/\/lackman.com.br\/index.php\/wp-json\/wp\/v2\/posts\/3489\/revisions"}],"predecessor-version":[{"id":3498,"href":"https:\/\/lackman.com.br\/index.php\/wp-json\/wp\/v2\/posts\/3489\/revisions\/3498"}],"wp:featuredmedia":[{"embeddable":true,"href":"https:\/\/lackman.com.br\/index.php\/wp-json\/wp\/v2\/media\/3492"}],"wp:attachment":[{"href":"https:\/\/lackman.com.br\/index.php\/wp-json\/wp\/v2\/media?parent=3489"}],"wp:term":[{"taxonomy":"category","embeddable":true,"href":"https:\/\/lackman.com.br\/index.php\/wp-json\/wp\/v2\/categories?post=3489"},{"taxonomy":"post_tag","embeddable":true,"href":"https:\/\/lackman.com.br\/index.php\/wp-json\/wp\/v2\/tags?post=3489"}],"curies":[{"name":"wp","href":"https:\/\/api.w.org\/{rel}","templated":true}]}}