{"id":3456,"date":"2023-02-16T09:08:31","date_gmt":"2023-02-16T12:08:31","guid":{"rendered":"https:\/\/lackman.com.br\/?p=3456"},"modified":"2023-02-16T19:17:42","modified_gmt":"2023-02-16T22:17:42","slug":"francisco-el-hombre-festeja10-anos-com-disco-e-turne","status":"publish","type":"post","link":"https:\/\/lackman.com.br\/index.php\/2023\/02\/16\/francisco-el-hombre-festeja10-anos-com-disco-e-turne\/","title":{"rendered":"Francisco, elHombre festeja 10 anos com disco e turn\u00ea"},"content":{"rendered":"<h5 style=\"text-align: justify;\"><em><strong>Estreia nacional acontece no Circo Voador, no Rio de Janeiro, no pr\u00e9-feriado do dia 20 de abril. Ingressos j\u00e1 est\u00e3o dispon\u00edveis<\/strong><\/em><\/h5>\n<p style=\"text-align: justify;\">Em 2013, a Francisco, el Hombre partia do interior de S\u00e3o Paulo rumo \u00e0 Am\u00e9rica do Sul, indo de pra\u00e7a em pra\u00e7a passando o seu chap\u00e9u, em dire\u00e7\u00e3o ao pr\u00f3ximo destino. A banda &#8216;estradeira&#8217; que surgiu a partir de encontros latino-americanos entre Brasil e M\u00e9xico, re\u00fane, hoje, os integrantes Mateo Pirac\u00e9s-Ugarte, Sebastianismos, LAZ\u00daLI, Helena Papini e Andrei Kozyreff em uma eterna celebra\u00e7\u00e3o \u00e0 m\u00fasica latina.<\/p>\n<figure id=\"attachment_3458\" aria-describedby=\"caption-attachment-3458\" style=\"width: 1024px\" class=\"wp-caption aligncenter\"><img fetchpriority=\"high\" decoding=\"async\" class=\"wp-image-3458 size-large\" src=\"http:\/\/lackman.com.br\/wp-content\/uploads\/2023\/02\/FEH-e1676542793505-1024x598.jpg\" alt=\"\" width=\"1024\" height=\"598\" srcset=\"https:\/\/lackman.com.br\/wp-content\/uploads\/2023\/02\/FEH-e1676542793505-1024x598.jpg 1024w, https:\/\/lackman.com.br\/wp-content\/uploads\/2023\/02\/FEH-e1676542793505-300x175.jpg 300w, https:\/\/lackman.com.br\/wp-content\/uploads\/2023\/02\/FEH-e1676542793505-768x449.jpg 768w, https:\/\/lackman.com.br\/wp-content\/uploads\/2023\/02\/FEH-e1676542793505.jpg 1080w\" sizes=\"(max-width: 1024px) 100vw, 1024px\" \/><figcaption id=\"caption-attachment-3458\" class=\"wp-caption-text\"><em><strong>Com a expectativa de passar pelo Brasil, outros pa\u00edses da Am\u00e9rica Latina, Estados Unidos e Europa, a turn\u00ea apresenta um repert\u00f3rio de cl\u00e1ssicos da banda com uma nova roupagem, como \u201cArrasta\u201d e \u201cTriste, Louca ou M\u00e1\u201d \u2014 single respons\u00e1vel pela indica\u00e7\u00e3o da banda ao Grammy Latino e que se transformou em um hino de empoderamento feminino <\/strong>(v\u00eddeo abaixo)<strong>. <\/strong><\/em><\/figcaption><\/figure>\n<p style=\"text-align: justify;\">Os acordes repletos de latinidades ganham, agora, novas composi\u00e7\u00f5es que expressam todas as transforma\u00e7\u00f5es que a Francisco, el Hombre experienciou ao longo dos \u00faltimos 10 anos, por meio de um disco in\u00e9dito, que ir\u00e1 ecoar em uma turn\u00ea comemorativa em 2023. Entre as datas j\u00e1 confirmadas, est\u00e3o: 10 de mar\u00e7o, em Montevid\u00e9u, no Uruguai; 11 de mar\u00e7o, em Buenos Aires, na Argentina; 17 de mar\u00e7o, no Lollapalooza Chile; e a estreia no Brasil, no dia 20 de abril, no Circo Voador, no Rio de Janeiro. Em breve, novas informa\u00e7\u00f5es ser\u00e3o anunciadas.<\/p>\n<div class=\"ast-oembed-container \" style=\"height: 100%;\"><iframe title=\"Francisco, el Hombre - Triste, Louca ou M\u00e1 (OFICIAL)\" width=\"500\" height=\"281\" src=\"https:\/\/www.youtube.com\/embed\/lKmYTHgBNoE?feature=oembed\" frameborder=\"0\" allow=\"accelerometer; autoplay; clipboard-write; encrypted-media; gyroscope; picture-in-picture; web-share\" referrerpolicy=\"strict-origin-when-cross-origin\" allowfullscreen><\/iframe><\/div>\n<p>&nbsp;<\/p>\n<h5><\/h5>\n<h5 style=\"text-align: justify;\">Quer ir?<\/h5>\n<p style=\"text-align: justify;\">Francisco, el Hombre no Circo Voador, RJ<br \/>\nDia 20 de abril (quinta-feira), a partir das 22h, no Circo Voador.<br \/>\nR. dos Arcos, s\/n &#8211; Centro, Rio de Janeiro &#8211; RJ<br \/>\nIngressos no <span style=\"color: #0000ff;\"><strong><a style=\"color: #0000ff;\" href=\"https:\/\/www.eventim.com.br\/artist\/francisco-hombre\/\">site Eventim<\/a><\/strong><\/span><\/p>\n<hr \/>\n<pre>Fotos: Divulga\u00e7\u00e3o<\/pre>\n","protected":false},"excerpt":{"rendered":"<p>Estreia nacional acontece no Circo Voador, no Rio de Janeiro, no pr\u00e9-feriado do dia 20 de abril. Ingressos j\u00e1 est\u00e3o dispon\u00edveis Em 2013, a Francisco, el Hombre partia do interior de S\u00e3o Paulo rumo \u00e0 Am\u00e9rica do Sul, indo de pra\u00e7a em pra\u00e7a passando o seu chap\u00e9u, em dire\u00e7\u00e3o ao pr\u00f3ximo destino. A banda &#8216;estradeira&#8217; que surgiu a partir de encontros latino-americanos entre Brasil e M\u00e9xico, re\u00fane, hoje, os integrantes Mateo Pirac\u00e9s-Ugarte, Sebastianismos, LAZ\u00daLI, Helena Papini e Andrei Kozyreff em uma eterna celebra\u00e7\u00e3o \u00e0 m\u00fasica latina. Os acordes repletos de latinidades ganham, agora, novas composi\u00e7\u00f5es que expressam todas as transforma\u00e7\u00f5es que a Francisco, el Hombre experienciou ao longo dos \u00faltimos 10 anos, por meio de um disco in\u00e9dito, que ir\u00e1 ecoar em uma turn\u00ea comemorativa em 2023. Entre as datas j\u00e1 confirmadas, est\u00e3o: 10 de mar\u00e7o, em Montevid\u00e9u, no Uruguai; 11 de mar\u00e7o, em Buenos Aires, na Argentina; 17 de mar\u00e7o, no Lollapalooza Chile; e a estreia no Brasil, no dia 20 de abril, no Circo Voador, no Rio de Janeiro. Em breve, novas informa\u00e7\u00f5es ser\u00e3o anunciadas. &nbsp; Quer ir? Francisco, el Hombre no Circo Voador, RJ Dia 20 de abril (quinta-feira), a partir das 22h, no Circo Voador. R. dos Arcos, s\/n &#8211; Centro, Rio de Janeiro &#8211; RJ Ingressos no site Eventim Fotos: Divulga\u00e7\u00e3o<\/p>\n","protected":false},"author":2,"featured_media":3457,"comment_status":"closed","ping_status":"open","sticky":false,"template":"","format":"standard","meta":{"site-sidebar-layout":"default","site-content-layout":"default","ast-site-content-layout":"default","site-content-style":"default","site-sidebar-style":"default","ast-global-header-display":"","ast-banner-title-visibility":"","ast-main-header-display":"","ast-hfb-above-header-display":"","ast-hfb-below-header-display":"","ast-hfb-mobile-header-display":"","site-post-title":"","ast-breadcrumbs-content":"","ast-featured-img":"","footer-sml-layout":"","ast-disable-related-posts":"","theme-transparent-header-meta":"default","adv-header-id-meta":"","stick-header-meta":"","header-above-stick-meta":"","header-main-stick-meta":"","header-below-stick-meta":"","astra-migrate-meta-layouts":"default","ast-page-background-enabled":"default","ast-page-background-meta":{"desktop":{"background-color":"","background-image":"","background-repeat":"repeat","background-position":"center center","background-size":"auto","background-attachment":"scroll","background-type":"","background-media":"","overlay-type":"","overlay-color":"","overlay-opacity":"","overlay-gradient":""},"tablet":{"background-color":"","background-image":"","background-repeat":"repeat","background-position":"center center","background-size":"auto","background-attachment":"scroll","background-type":"","background-media":"","overlay-type":"","overlay-color":"","overlay-opacity":"","overlay-gradient":""},"mobile":{"background-color":"","background-image":"","background-repeat":"repeat","background-position":"center center","background-size":"auto","background-attachment":"scroll","background-type":"","background-media":"","overlay-type":"","overlay-color":"","overlay-opacity":"","overlay-gradient":""}},"ast-content-background-meta":{"desktop":{"background-color":"var(--ast-global-color-5)","background-image":"","background-repeat":"repeat","background-position":"center center","background-size":"auto","background-attachment":"scroll","background-type":"","background-media":"","overlay-type":"","overlay-color":"","overlay-opacity":"","overlay-gradient":""},"tablet":{"background-color":"var(--ast-global-color-5)","background-image":"","background-repeat":"repeat","background-position":"center center","background-size":"auto","background-attachment":"scroll","background-type":"","background-media":"","overlay-type":"","overlay-color":"","overlay-opacity":"","overlay-gradient":""},"mobile":{"background-color":"var(--ast-global-color-5)","background-image":"","background-repeat":"repeat","background-position":"center center","background-size":"auto","background-attachment":"scroll","background-type":"","background-media":"","overlay-type":"","overlay-color":"","overlay-opacity":"","overlay-gradient":""}},"footnotes":""},"categories":[48],"tags":[111,110],"class_list":["post-3456","post","type-post","status-publish","format-standard","has-post-thumbnail","hentry","category-entretenimento","tag-francisco-el-hombre","tag-musica"],"yoast_head":"<!-- This site is optimized with the Yoast SEO plugin v27.0 - https:\/\/yoast.com\/product\/yoast-seo-wordpress\/ -->\n<title>Francisco, elHombre festeja 10 anos com disco e turn\u00ea - LACKMAN &amp; CO.<\/title>\n<meta name=\"robots\" content=\"index, follow, max-snippet:-1, max-image-preview:large, max-video-preview:-1\" \/>\n<link rel=\"canonical\" href=\"https:\/\/lackman.com.br\/index.php\/2023\/02\/16\/francisco-el-hombre-festeja10-anos-com-disco-e-turne\/\" \/>\n<meta property=\"og:locale\" content=\"pt_BR\" \/>\n<meta property=\"og:type\" content=\"article\" \/>\n<meta property=\"og:title\" content=\"Francisco, elHombre festeja 10 anos com disco e turn\u00ea - LACKMAN &amp; CO.\" \/>\n<meta property=\"og:description\" content=\"Estreia nacional acontece no Circo Voador, no Rio de Janeiro, no pr\u00e9-feriado do dia 20 de abril. Ingressos j\u00e1 est\u00e3o dispon\u00edveis Em 2013, a Francisco, el Hombre partia do interior de S\u00e3o Paulo rumo \u00e0 Am\u00e9rica do Sul, indo de pra\u00e7a em pra\u00e7a passando o seu chap\u00e9u, em dire\u00e7\u00e3o ao pr\u00f3ximo destino. A banda &#8216;estradeira&#8217; que surgiu a partir de encontros latino-americanos entre Brasil e M\u00e9xico, re\u00fane, hoje, os integrantes Mateo Pirac\u00e9s-Ugarte, Sebastianismos, LAZ\u00daLI, Helena Papini e Andrei Kozyreff em uma eterna celebra\u00e7\u00e3o \u00e0 m\u00fasica latina. Os acordes repletos de latinidades ganham, agora, novas composi\u00e7\u00f5es que expressam todas as transforma\u00e7\u00f5es que a Francisco, el Hombre experienciou ao longo dos \u00faltimos 10 anos, por meio de um disco in\u00e9dito, que ir\u00e1 ecoar em uma turn\u00ea comemorativa em 2023. Entre as datas j\u00e1 confirmadas, est\u00e3o: 10 de mar\u00e7o, em Montevid\u00e9u, no Uruguai; 11 de mar\u00e7o, em Buenos Aires, na Argentina; 17 de mar\u00e7o, no Lollapalooza Chile; e a estreia no Brasil, no dia 20 de abril, no Circo Voador, no Rio de Janeiro. Em breve, novas informa\u00e7\u00f5es ser\u00e3o anunciadas. &nbsp; Quer ir? Francisco, el Hombre no Circo Voador, RJ Dia 20 de abril (quinta-feira), a partir das 22h, no Circo Voador. R. dos Arcos, s\/n &#8211; Centro, Rio de Janeiro &#8211; RJ Ingressos no site Eventim Fotos: Divulga\u00e7\u00e3o\" \/>\n<meta property=\"og:url\" content=\"https:\/\/lackman.com.br\/index.php\/2023\/02\/16\/francisco-el-hombre-festeja10-anos-com-disco-e-turne\/\" \/>\n<meta property=\"og:site_name\" content=\"LACKMAN &amp; CO.\" \/>\n<meta property=\"article:author\" content=\"https:\/\/www.facebook.com\/fernandolackman\" \/>\n<meta property=\"article:published_time\" content=\"2023-02-16T12:08:31+00:00\" \/>\n<meta property=\"article:modified_time\" content=\"2023-02-16T22:17:42+00:00\" \/>\n<meta property=\"og:image\" content=\"https:\/\/lackman.com.br\/wp-content\/uploads\/2023\/02\/10-anos-FEH--e1676542949646.jpg\" \/>\n\t<meta property=\"og:image:width\" content=\"1000\" \/>\n\t<meta property=\"og:image:height\" content=\"555\" \/>\n\t<meta property=\"og:image:type\" content=\"image\/jpeg\" \/>\n<meta name=\"author\" content=\"Fernando Lackman\" \/>\n<meta name=\"twitter:card\" content=\"summary_large_image\" \/>\n<meta name=\"twitter:creator\" content=\"@fernandolackman\" \/>\n<meta name=\"twitter:label1\" content=\"Escrito por\" \/>\n\t<meta name=\"twitter:data1\" content=\"Fernando Lackman\" \/>\n\t<meta name=\"twitter:label2\" content=\"Est. tempo de leitura\" \/>\n\t<meta name=\"twitter:data2\" content=\"2 minutos\" \/>\n<script type=\"application\/ld+json\" class=\"yoast-schema-graph\">{\"@context\":\"https:\/\/schema.org\",\"@graph\":[{\"@type\":\"Article\",\"@id\":\"https:\/\/lackman.com.br\/index.php\/2023\/02\/16\/francisco-el-hombre-festeja10-anos-com-disco-e-turne\/#article\",\"isPartOf\":{\"@id\":\"https:\/\/lackman.com.br\/index.php\/2023\/02\/16\/francisco-el-hombre-festeja10-anos-com-disco-e-turne\/\"},\"author\":{\"name\":\"Fernando Lackman\",\"@id\":\"https:\/\/lackman.com.br\/#\/schema\/person\/dbfb3fbfc55f2b0bd4f9039696e70858\"},\"headline\":\"Francisco, elHombre festeja 10 anos com disco e turn\u00ea\",\"datePublished\":\"2023-02-16T12:08:31+00:00\",\"dateModified\":\"2023-02-16T22:17:42+00:00\",\"mainEntityOfPage\":{\"@id\":\"https:\/\/lackman.com.br\/index.php\/2023\/02\/16\/francisco-el-hombre-festeja10-anos-com-disco-e-turne\/\"},\"wordCount\":316,\"publisher\":{\"@id\":\"https:\/\/lackman.com.br\/#organization\"},\"image\":{\"@id\":\"https:\/\/lackman.com.br\/index.php\/2023\/02\/16\/francisco-el-hombre-festeja10-anos-com-disco-e-turne\/#primaryimage\"},\"thumbnailUrl\":\"https:\/\/lackman.com.br\/wp-content\/uploads\/2023\/02\/10-anos-FEH--e1676542949646.jpg\",\"keywords\":[\"francisco el hombre\",\"m\u00fasica\"],\"articleSection\":[\"Entretenimento\"],\"inLanguage\":\"pt-BR\"},{\"@type\":\"WebPage\",\"@id\":\"https:\/\/lackman.com.br\/index.php\/2023\/02\/16\/francisco-el-hombre-festeja10-anos-com-disco-e-turne\/\",\"url\":\"https:\/\/lackman.com.br\/index.php\/2023\/02\/16\/francisco-el-hombre-festeja10-anos-com-disco-e-turne\/\",\"name\":\"Francisco, elHombre festeja 10 anos com disco e turn\u00ea - LACKMAN &amp; CO.\",\"isPartOf\":{\"@id\":\"https:\/\/lackman.com.br\/#website\"},\"primaryImageOfPage\":{\"@id\":\"https:\/\/lackman.com.br\/index.php\/2023\/02\/16\/francisco-el-hombre-festeja10-anos-com-disco-e-turne\/#primaryimage\"},\"image\":{\"@id\":\"https:\/\/lackman.com.br\/index.php\/2023\/02\/16\/francisco-el-hombre-festeja10-anos-com-disco-e-turne\/#primaryimage\"},\"thumbnailUrl\":\"https:\/\/lackman.com.br\/wp-content\/uploads\/2023\/02\/10-anos-FEH--e1676542949646.jpg\",\"datePublished\":\"2023-02-16T12:08:31+00:00\",\"dateModified\":\"2023-02-16T22:17:42+00:00\",\"breadcrumb\":{\"@id\":\"https:\/\/lackman.com.br\/index.php\/2023\/02\/16\/francisco-el-hombre-festeja10-anos-com-disco-e-turne\/#breadcrumb\"},\"inLanguage\":\"pt-BR\",\"potentialAction\":[{\"@type\":\"ReadAction\",\"target\":[\"https:\/\/lackman.com.br\/index.php\/2023\/02\/16\/francisco-el-hombre-festeja10-anos-com-disco-e-turne\/\"]}]},{\"@type\":\"ImageObject\",\"inLanguage\":\"pt-BR\",\"@id\":\"https:\/\/lackman.com.br\/index.php\/2023\/02\/16\/francisco-el-hombre-festeja10-anos-com-disco-e-turne\/#primaryimage\",\"url\":\"https:\/\/lackman.com.br\/wp-content\/uploads\/2023\/02\/10-anos-FEH--e1676542949646.jpg\",\"contentUrl\":\"https:\/\/lackman.com.br\/wp-content\/uploads\/2023\/02\/10-anos-FEH--e1676542949646.jpg\",\"width\":1000,\"height\":555},{\"@type\":\"BreadcrumbList\",\"@id\":\"https:\/\/lackman.com.br\/index.php\/2023\/02\/16\/francisco-el-hombre-festeja10-anos-com-disco-e-turne\/#breadcrumb\",\"itemListElement\":[{\"@type\":\"ListItem\",\"position\":1,\"name\":\"In\u00edcio\",\"item\":\"https:\/\/lackman.com.br\/\"},{\"@type\":\"ListItem\",\"position\":2,\"name\":\"Francisco, elHombre festeja 10 anos com disco e turn\u00ea\"}]},{\"@type\":\"WebSite\",\"@id\":\"https:\/\/lackman.com.br\/#website\",\"url\":\"https:\/\/lackman.com.br\/\",\"name\":\"LACKMAN &amp; CO.\",\"description\":\"VIDA | MODA | ARTE\",\"publisher\":{\"@id\":\"https:\/\/lackman.com.br\/#organization\"},\"potentialAction\":[{\"@type\":\"SearchAction\",\"target\":{\"@type\":\"EntryPoint\",\"urlTemplate\":\"https:\/\/lackman.com.br\/?s={search_term_string}\"},\"query-input\":{\"@type\":\"PropertyValueSpecification\",\"valueRequired\":true,\"valueName\":\"search_term_string\"}}],\"inLanguage\":\"pt-BR\"},{\"@type\":\"Organization\",\"@id\":\"https:\/\/lackman.com.br\/#organization\",\"name\":\"LACKMAN &amp; CO.\",\"url\":\"https:\/\/lackman.com.br\/\",\"logo\":{\"@type\":\"ImageObject\",\"inLanguage\":\"pt-BR\",\"@id\":\"https:\/\/lackman.com.br\/#\/schema\/logo\/image\/\",\"url\":\"https:\/\/lackman.com.br\/wp-content\/uploads\/2023\/06\/Logotipo_preto-1.png\",\"contentUrl\":\"https:\/\/lackman.com.br\/wp-content\/uploads\/2023\/06\/Logotipo_preto-1.png\",\"width\":739,\"height\":393,\"caption\":\"LACKMAN &amp; CO.\"},\"image\":{\"@id\":\"https:\/\/lackman.com.br\/#\/schema\/logo\/image\/\"}},{\"@type\":\"Person\",\"@id\":\"https:\/\/lackman.com.br\/#\/schema\/person\/dbfb3fbfc55f2b0bd4f9039696e70858\",\"name\":\"Fernando Lackman\",\"image\":{\"@type\":\"ImageObject\",\"inLanguage\":\"pt-BR\",\"@id\":\"https:\/\/lackman.com.br\/#\/schema\/person\/image\/\",\"url\":\"https:\/\/secure.gravatar.com\/avatar\/ae7993150af197e66480c8a769891833dd2b8d809f0d9ff3f25af796cf378ce8?s=96&d=mm&r=g\",\"contentUrl\":\"https:\/\/secure.gravatar.com\/avatar\/ae7993150af197e66480c8a769891833dd2b8d809f0d9ff3f25af796cf378ce8?s=96&d=mm&r=g\",\"caption\":\"Fernando Lackman\"},\"description\":\"Fernando Lackman \u00e9 jornalista especializado em Moda e Cultura, editor do site LACKMAN.com.br. \u00c9 autor do livro Bras\u00edlia Capital dos Criadores, que conta a hist\u00f3ria da moda no Distrito Federal. Tem em seu curr\u00edculo assinatura de dire\u00e7\u00e3o criativa e de desfiles em eventos como Estilo DF Plaza, Summer Collections, JK Street Fashion, Desfile Beleza Negra (DBN), PicniK Fashion Show, Vogue Fashion\u2019s Night Out Bras\u00edlia, entre outros. Foi diretor criativo do extinto Capital Fashion Week. Atualmente trabalha na dire\u00e7\u00e3o criativa de eventos como Top CUFA, BSB Fashion Street, Bras\u00edlia Fashion House, Ateli\u00ea Bras\u00edlia e Goi\u00e1s Fashion Week.\",\"sameAs\":[\"https:\/\/lackman.com.br\/\",\"https:\/\/www.facebook.com\/fernandolackman\",\"https:\/\/www.instagram.com\/fernandolackman\/\",\"https:\/\/www.linkedin.com\/in\/fernando-lackman\/\",\"https:\/\/br.pinterest.com\/fernandolackman\/\",\"https:\/\/x.com\/fernandolackman\"],\"url\":\"https:\/\/lackman.com.br\/index.php\/author\/fernando-lackman\/\"}]}<\/script>\n<!-- \/ Yoast SEO plugin. -->","yoast_head_json":{"title":"Francisco, elHombre festeja 10 anos com disco e turn\u00ea - LACKMAN &amp; CO.","robots":{"index":"index","follow":"follow","max-snippet":"max-snippet:-1","max-image-preview":"max-image-preview:large","max-video-preview":"max-video-preview:-1"},"canonical":"https:\/\/lackman.com.br\/index.php\/2023\/02\/16\/francisco-el-hombre-festeja10-anos-com-disco-e-turne\/","og_locale":"pt_BR","og_type":"article","og_title":"Francisco, elHombre festeja 10 anos com disco e turn\u00ea - LACKMAN &amp; CO.","og_description":"Estreia nacional acontece no Circo Voador, no Rio de Janeiro, no pr\u00e9-feriado do dia 20 de abril. Ingressos j\u00e1 est\u00e3o dispon\u00edveis Em 2013, a Francisco, el Hombre partia do interior de S\u00e3o Paulo rumo \u00e0 Am\u00e9rica do Sul, indo de pra\u00e7a em pra\u00e7a passando o seu chap\u00e9u, em dire\u00e7\u00e3o ao pr\u00f3ximo destino. A banda &#8216;estradeira&#8217; que surgiu a partir de encontros latino-americanos entre Brasil e M\u00e9xico, re\u00fane, hoje, os integrantes Mateo Pirac\u00e9s-Ugarte, Sebastianismos, LAZ\u00daLI, Helena Papini e Andrei Kozyreff em uma eterna celebra\u00e7\u00e3o \u00e0 m\u00fasica latina. Os acordes repletos de latinidades ganham, agora, novas composi\u00e7\u00f5es que expressam todas as transforma\u00e7\u00f5es que a Francisco, el Hombre experienciou ao longo dos \u00faltimos 10 anos, por meio de um disco in\u00e9dito, que ir\u00e1 ecoar em uma turn\u00ea comemorativa em 2023. Entre as datas j\u00e1 confirmadas, est\u00e3o: 10 de mar\u00e7o, em Montevid\u00e9u, no Uruguai; 11 de mar\u00e7o, em Buenos Aires, na Argentina; 17 de mar\u00e7o, no Lollapalooza Chile; e a estreia no Brasil, no dia 20 de abril, no Circo Voador, no Rio de Janeiro. Em breve, novas informa\u00e7\u00f5es ser\u00e3o anunciadas. &nbsp; Quer ir? Francisco, el Hombre no Circo Voador, RJ Dia 20 de abril (quinta-feira), a partir das 22h, no Circo Voador. R. dos Arcos, s\/n &#8211; Centro, Rio de Janeiro &#8211; RJ Ingressos no site Eventim Fotos: Divulga\u00e7\u00e3o","og_url":"https:\/\/lackman.com.br\/index.php\/2023\/02\/16\/francisco-el-hombre-festeja10-anos-com-disco-e-turne\/","og_site_name":"LACKMAN &amp; CO.","article_author":"https:\/\/www.facebook.com\/fernandolackman","article_published_time":"2023-02-16T12:08:31+00:00","article_modified_time":"2023-02-16T22:17:42+00:00","og_image":[{"width":1000,"height":555,"url":"https:\/\/lackman.com.br\/wp-content\/uploads\/2023\/02\/10-anos-FEH--e1676542949646.jpg","type":"image\/jpeg"}],"author":"Fernando Lackman","twitter_card":"summary_large_image","twitter_creator":"@fernandolackman","twitter_misc":{"Escrito por":"Fernando Lackman","Est. tempo de leitura":"2 minutos"},"schema":{"@context":"https:\/\/schema.org","@graph":[{"@type":"Article","@id":"https:\/\/lackman.com.br\/index.php\/2023\/02\/16\/francisco-el-hombre-festeja10-anos-com-disco-e-turne\/#article","isPartOf":{"@id":"https:\/\/lackman.com.br\/index.php\/2023\/02\/16\/francisco-el-hombre-festeja10-anos-com-disco-e-turne\/"},"author":{"name":"Fernando Lackman","@id":"https:\/\/lackman.com.br\/#\/schema\/person\/dbfb3fbfc55f2b0bd4f9039696e70858"},"headline":"Francisco, elHombre festeja 10 anos com disco e turn\u00ea","datePublished":"2023-02-16T12:08:31+00:00","dateModified":"2023-02-16T22:17:42+00:00","mainEntityOfPage":{"@id":"https:\/\/lackman.com.br\/index.php\/2023\/02\/16\/francisco-el-hombre-festeja10-anos-com-disco-e-turne\/"},"wordCount":316,"publisher":{"@id":"https:\/\/lackman.com.br\/#organization"},"image":{"@id":"https:\/\/lackman.com.br\/index.php\/2023\/02\/16\/francisco-el-hombre-festeja10-anos-com-disco-e-turne\/#primaryimage"},"thumbnailUrl":"https:\/\/lackman.com.br\/wp-content\/uploads\/2023\/02\/10-anos-FEH--e1676542949646.jpg","keywords":["francisco el hombre","m\u00fasica"],"articleSection":["Entretenimento"],"inLanguage":"pt-BR"},{"@type":"WebPage","@id":"https:\/\/lackman.com.br\/index.php\/2023\/02\/16\/francisco-el-hombre-festeja10-anos-com-disco-e-turne\/","url":"https:\/\/lackman.com.br\/index.php\/2023\/02\/16\/francisco-el-hombre-festeja10-anos-com-disco-e-turne\/","name":"Francisco, elHombre festeja 10 anos com disco e turn\u00ea - LACKMAN &amp; CO.","isPartOf":{"@id":"https:\/\/lackman.com.br\/#website"},"primaryImageOfPage":{"@id":"https:\/\/lackman.com.br\/index.php\/2023\/02\/16\/francisco-el-hombre-festeja10-anos-com-disco-e-turne\/#primaryimage"},"image":{"@id":"https:\/\/lackman.com.br\/index.php\/2023\/02\/16\/francisco-el-hombre-festeja10-anos-com-disco-e-turne\/#primaryimage"},"thumbnailUrl":"https:\/\/lackman.com.br\/wp-content\/uploads\/2023\/02\/10-anos-FEH--e1676542949646.jpg","datePublished":"2023-02-16T12:08:31+00:00","dateModified":"2023-02-16T22:17:42+00:00","breadcrumb":{"@id":"https:\/\/lackman.com.br\/index.php\/2023\/02\/16\/francisco-el-hombre-festeja10-anos-com-disco-e-turne\/#breadcrumb"},"inLanguage":"pt-BR","potentialAction":[{"@type":"ReadAction","target":["https:\/\/lackman.com.br\/index.php\/2023\/02\/16\/francisco-el-hombre-festeja10-anos-com-disco-e-turne\/"]}]},{"@type":"ImageObject","inLanguage":"pt-BR","@id":"https:\/\/lackman.com.br\/index.php\/2023\/02\/16\/francisco-el-hombre-festeja10-anos-com-disco-e-turne\/#primaryimage","url":"https:\/\/lackman.com.br\/wp-content\/uploads\/2023\/02\/10-anos-FEH--e1676542949646.jpg","contentUrl":"https:\/\/lackman.com.br\/wp-content\/uploads\/2023\/02\/10-anos-FEH--e1676542949646.jpg","width":1000,"height":555},{"@type":"BreadcrumbList","@id":"https:\/\/lackman.com.br\/index.php\/2023\/02\/16\/francisco-el-hombre-festeja10-anos-com-disco-e-turne\/#breadcrumb","itemListElement":[{"@type":"ListItem","position":1,"name":"In\u00edcio","item":"https:\/\/lackman.com.br\/"},{"@type":"ListItem","position":2,"name":"Francisco, elHombre festeja 10 anos com disco e turn\u00ea"}]},{"@type":"WebSite","@id":"https:\/\/lackman.com.br\/#website","url":"https:\/\/lackman.com.br\/","name":"LACKMAN &amp; CO.","description":"VIDA | MODA | ARTE","publisher":{"@id":"https:\/\/lackman.com.br\/#organization"},"potentialAction":[{"@type":"SearchAction","target":{"@type":"EntryPoint","urlTemplate":"https:\/\/lackman.com.br\/?s={search_term_string}"},"query-input":{"@type":"PropertyValueSpecification","valueRequired":true,"valueName":"search_term_string"}}],"inLanguage":"pt-BR"},{"@type":"Organization","@id":"https:\/\/lackman.com.br\/#organization","name":"LACKMAN &amp; CO.","url":"https:\/\/lackman.com.br\/","logo":{"@type":"ImageObject","inLanguage":"pt-BR","@id":"https:\/\/lackman.com.br\/#\/schema\/logo\/image\/","url":"https:\/\/lackman.com.br\/wp-content\/uploads\/2023\/06\/Logotipo_preto-1.png","contentUrl":"https:\/\/lackman.com.br\/wp-content\/uploads\/2023\/06\/Logotipo_preto-1.png","width":739,"height":393,"caption":"LACKMAN &amp; CO."},"image":{"@id":"https:\/\/lackman.com.br\/#\/schema\/logo\/image\/"}},{"@type":"Person","@id":"https:\/\/lackman.com.br\/#\/schema\/person\/dbfb3fbfc55f2b0bd4f9039696e70858","name":"Fernando Lackman","image":{"@type":"ImageObject","inLanguage":"pt-BR","@id":"https:\/\/lackman.com.br\/#\/schema\/person\/image\/","url":"https:\/\/secure.gravatar.com\/avatar\/ae7993150af197e66480c8a769891833dd2b8d809f0d9ff3f25af796cf378ce8?s=96&d=mm&r=g","contentUrl":"https:\/\/secure.gravatar.com\/avatar\/ae7993150af197e66480c8a769891833dd2b8d809f0d9ff3f25af796cf378ce8?s=96&d=mm&r=g","caption":"Fernando Lackman"},"description":"Fernando Lackman \u00e9 jornalista especializado em Moda e Cultura, editor do site LACKMAN.com.br. \u00c9 autor do livro Bras\u00edlia Capital dos Criadores, que conta a hist\u00f3ria da moda no Distrito Federal. Tem em seu curr\u00edculo assinatura de dire\u00e7\u00e3o criativa e de desfiles em eventos como Estilo DF Plaza, Summer Collections, JK Street Fashion, Desfile Beleza Negra (DBN), PicniK Fashion Show, Vogue Fashion\u2019s Night Out Bras\u00edlia, entre outros. Foi diretor criativo do extinto Capital Fashion Week. Atualmente trabalha na dire\u00e7\u00e3o criativa de eventos como Top CUFA, BSB Fashion Street, Bras\u00edlia Fashion House, Ateli\u00ea Bras\u00edlia e Goi\u00e1s Fashion Week.","sameAs":["https:\/\/lackman.com.br\/","https:\/\/www.facebook.com\/fernandolackman","https:\/\/www.instagram.com\/fernandolackman\/","https:\/\/www.linkedin.com\/in\/fernando-lackman\/","https:\/\/br.pinterest.com\/fernandolackman\/","https:\/\/x.com\/fernandolackman"],"url":"https:\/\/lackman.com.br\/index.php\/author\/fernando-lackman\/"}]}},"rttpg_featured_image_url":{"full":["https:\/\/lackman.com.br\/wp-content\/uploads\/2023\/02\/10-anos-FEH--e1676542949646.jpg",1000,555,false],"landscape":["https:\/\/lackman.com.br\/wp-content\/uploads\/2023\/02\/10-anos-FEH--e1676542949646.jpg",1000,555,false],"portraits":["https:\/\/lackman.com.br\/wp-content\/uploads\/2023\/02\/10-anos-FEH--e1676542949646.jpg",1000,555,false],"thumbnail":["https:\/\/lackman.com.br\/wp-content\/uploads\/2023\/02\/10-anos-FEH--e1676542949646-150x150.jpg",150,150,true],"medium":["https:\/\/lackman.com.br\/wp-content\/uploads\/2023\/02\/10-anos-FEH--e1676542949646-300x167.jpg",300,167,true],"large":["https:\/\/lackman.com.br\/wp-content\/uploads\/2023\/02\/10-anos-FEH--e1676542949646.jpg",1000,555,false],"RoboGalleryMansoryImagesCenter":["https:\/\/lackman.com.br\/wp-content\/uploads\/2023\/02\/10-anos-FEH--e1676542949646-600x555.jpg",600,555,true],"RoboGalleryPreload":["https:\/\/lackman.com.br\/wp-content\/uploads\/2023\/02\/10-anos-FEH--e1676542949646.jpg",100,56,false],"1536x1536":["https:\/\/lackman.com.br\/wp-content\/uploads\/2023\/02\/10-anos-FEH--e1676542949646.jpg",1000,555,false],"2048x2048":["https:\/\/lackman.com.br\/wp-content\/uploads\/2023\/02\/10-anos-FEH--e1676542949646.jpg",1000,555,false]},"rttpg_author":{"display_name":"Fernando Lackman","author_link":"https:\/\/lackman.com.br\/index.php\/author\/fernando-lackman\/"},"rttpg_comment":0,"rttpg_category":"<a href=\"https:\/\/lackman.com.br\/index.php\/category\/arte\/entretenimento\/\" rel=\"category tag\">Entretenimento<\/a>","rttpg_excerpt":"Estreia nacional acontece no Circo Voador, no Rio de Janeiro, no pr\u00e9-feriado do dia 20 de abril. Ingressos j\u00e1 est\u00e3o dispon\u00edveis Em 2013, a Francisco, el Hombre partia do interior de S\u00e3o Paulo rumo \u00e0 Am\u00e9rica do Sul, indo de pra\u00e7a em pra\u00e7a passando o seu chap\u00e9u, em dire\u00e7\u00e3o ao pr\u00f3ximo destino. A banda &#8216;estradeira&#8217;&hellip;","_links":{"self":[{"href":"https:\/\/lackman.com.br\/index.php\/wp-json\/wp\/v2\/posts\/3456","targetHints":{"allow":["GET"]}}],"collection":[{"href":"https:\/\/lackman.com.br\/index.php\/wp-json\/wp\/v2\/posts"}],"about":[{"href":"https:\/\/lackman.com.br\/index.php\/wp-json\/wp\/v2\/types\/post"}],"author":[{"embeddable":true,"href":"https:\/\/lackman.com.br\/index.php\/wp-json\/wp\/v2\/users\/2"}],"replies":[{"embeddable":true,"href":"https:\/\/lackman.com.br\/index.php\/wp-json\/wp\/v2\/comments?post=3456"}],"version-history":[{"count":6,"href":"https:\/\/lackman.com.br\/index.php\/wp-json\/wp\/v2\/posts\/3456\/revisions"}],"predecessor-version":[{"id":3475,"href":"https:\/\/lackman.com.br\/index.php\/wp-json\/wp\/v2\/posts\/3456\/revisions\/3475"}],"wp:featuredmedia":[{"embeddable":true,"href":"https:\/\/lackman.com.br\/index.php\/wp-json\/wp\/v2\/media\/3457"}],"wp:attachment":[{"href":"https:\/\/lackman.com.br\/index.php\/wp-json\/wp\/v2\/media?parent=3456"}],"wp:term":[{"taxonomy":"category","embeddable":true,"href":"https:\/\/lackman.com.br\/index.php\/wp-json\/wp\/v2\/categories?post=3456"},{"taxonomy":"post_tag","embeddable":true,"href":"https:\/\/lackman.com.br\/index.php\/wp-json\/wp\/v2\/tags?post=3456"}],"curies":[{"name":"wp","href":"https:\/\/api.w.org\/{rel}","templated":true}]}}