{"id":3211,"date":"2023-02-13T17:07:41","date_gmt":"2023-02-13T20:07:41","guid":{"rendered":"https:\/\/lackman.com.br\/?p=3211"},"modified":"2023-02-13T17:36:22","modified_gmt":"2023-02-13T20:36:22","slug":"ronaldo-fraga-o-feito-a-mao-e-o-novo-luxo-e-continua-a-ganhar-valor","status":"publish","type":"post","link":"https:\/\/lackman.com.br\/index.php\/2023\/02\/13\/ronaldo-fraga-o-feito-a-mao-e-o-novo-luxo-e-continua-a-ganhar-valor\/","title":{"rendered":"Ronaldo Fraga: o feito \u00e0 m\u00e3o \u00e9 o novo luxo e continua a ganhar valor"},"content":{"rendered":"<p style=\"text-align: justify;\">A preocupa\u00e7\u00e3o em fazer arte e ter resultados a partir da arte \u00e9 uma das m\u00e1ximas de Ronaldo Fraga, um pensador, um fil\u00f3sofo do hoje e um pesquisador de ess\u00eancias. Dono de desfiles memor\u00e1veis e pe\u00e7as de arte que alteram o olhar sobre o mundo, Fraga distribui boas formas de ver o mundo e de se apropriar do que realmente vale a pena para escrever o futuro.<\/p>\n<p style=\"text-align: justify;\">Politizado, inteligente e de personalidade encantadora, Ronaldo esteve em Bras\u00edlia para participar e conduzir parte do projeto Casa de Criatividade e Inova\u00e7\u00e3o, comandado por Renata Oliveira.<\/p>\n<p style=\"text-align: justify;\">O refor\u00e7o do estilista e empreendedor ao CCI trouxe \u00e0 tona a vontade de jovens em se capacitar, por interm\u00e9dio do amor que sentem pela moda. Ao passar pela cidade, Ronaldo, atencioso como ele s\u00f3, nos concedeu uma entrevista, que voc\u00ea pode conferir abaixo.<\/p>\n<p style=\"text-align: justify;\"><strong>1 &#8211; Ronaldo, voc\u00ea anda pelos quatro cantos do pa\u00eds vendo pessoas, acompanhando trabalhos e desenvolvendo intelectualidade. O que voc\u00ea tira dessa sua experi\u00eancia de descoberta de novos talentos? O Brasil hoje ainda \u00e9 um pa\u00eds que pode ser considerado um celeiro de pessoas criativas pro mundo da moda?<\/strong><\/p>\n<p style=\"text-align: justify;\"><strong>R: <\/strong>O Brasil \u00e9 uma fonte inesgot\u00e1vel de criatividade e consequentemente de novos talentos. Eu credito isso a nossa mesti\u00e7agem, um pa\u00eds que teve e tem essa mistura de todos os povos do mundo no mesmo lugar n\u00e3o podia ser diferente, e isso n\u00e3o \u00e9 s\u00f3 pra moda, isso \u00e9 para qualquer \u00e1rea do design ou artes visuais.<\/p>\n<p><img fetchpriority=\"high\" decoding=\"async\" class=\"wp-image-3212 size-large alignleft\" src=\"http:\/\/lackman.com.br\/wp-content\/uploads\/2023\/02\/Ronaldo-Fraga-1-472x1024.jpeg\" alt=\"\" width=\"472\" height=\"1024\" srcset=\"https:\/\/lackman.com.br\/wp-content\/uploads\/2023\/02\/Ronaldo-Fraga-1-472x1024.jpeg 472w, https:\/\/lackman.com.br\/wp-content\/uploads\/2023\/02\/Ronaldo-Fraga-1-138x300.jpeg 138w, https:\/\/lackman.com.br\/wp-content\/uploads\/2023\/02\/Ronaldo-Fraga-1-768x1668.jpeg 768w, https:\/\/lackman.com.br\/wp-content\/uploads\/2023\/02\/Ronaldo-Fraga-1-707x1536.jpeg 707w, https:\/\/lackman.com.br\/wp-content\/uploads\/2023\/02\/Ronaldo-Fraga-1.jpeg 800w\" sizes=\"(max-width: 472px) 100vw, 472px\" \/><\/p>\n<p style=\"text-align: justify;\"><strong>A volta do gosto por tudo que \u00e9 feito com as m\u00e3os, e t\u00e3o somente com elas, \u00e9 algo muito evidente. O n\u00famero n\u00e3o chega perto do que foi feito no passado. Acredita que essa gera\u00e7\u00e3o est\u00e1 criando consci\u00eancia acerca da valoriza\u00e7\u00e3o do que \u00e9 handmade?<\/strong><\/p>\n<p style=\"text-align: justify;\"><strong>R: <\/strong>Bom, da mesma forma que eu afirmo que passado a euforia da globaliza\u00e7\u00e3o, genu\u00edno \u00e9 o novo luxo, todas as vezes que o homem perde o valor ou um valor entra quase em extin\u00e7\u00e3o ele vira artigo de luxo, e agora est\u00e1 acontecendo e vai acontecer cada vez mais com o feito \u00e0 m\u00e3o, quando tudo sai de uma ind\u00fastria asi\u00e1tica, da produ\u00e7\u00e3o em s\u00e9rie.\u00a0 Quando ele \u00e9 feito \u00e0 m\u00e3o, quando ele traz uma marca, ele vai ter cada vez mais valor.<\/p>\n<p style=\"text-align: justify;\"><strong>\u201c<\/strong><strong>O Brasil \u00e9 uma fonte inesgot\u00e1vel de criatividade e consequentemente de novos talentos.\u201d<\/strong><\/p>\n<p style=\"text-align: justify;\"><strong>3 &#8211; Da descoberta do talento ou facilidade pra uma profiss\u00e3o, at\u00e9 o sucesso no mercado de trabalho \u00e9 mais f\u00e1cil hoje ou foi mais f\u00e1cil para sua gera\u00e7\u00e3o? <\/strong><\/p>\n<p style=\"text-align: justify;\"><strong>R: <\/strong>Eu acho que toda \u00e9poca vai ter sua dificuldade. Se em outro momento a dificuldade ao acesso era uma, hoje no mundo globalizado vai ser outra, pois tem a facilidade justamente por ser globalizado, por se ter acesso a informa\u00e7\u00e3o muito mais do que voc\u00ea tinha no passado. Ent\u00e3o, coloca-se as facilidades e as dificuldades, eu acho que sempre vai ser diferente, n\u00e9? Vai mudar uma coisa ou outra, j\u00e1 que o que era dif\u00edcil no passado \u00e9 f\u00e1cil hoje e o que era f\u00e1cil no passado vai ser dif\u00edcil hoje.<\/p>\n<p style=\"text-align: justify;\"><strong>4 &#8211; Educa\u00e7\u00e3o profissional para \u00e1reas intuitivas \u00e9 quase inexistente. Isso faz muitos talentos serem deixados pra tr\u00e1s. Como poder\u00edamos resolver uma quest\u00e3o como essa no Brasil? <\/strong><\/p>\n<p style=\"text-align: justify;\"><strong>R: <\/strong>O problema n\u00e3o \u00e9 a educa\u00e7\u00e3o profissional para \u00e1reas intuitivas, o problema \u00e9 a educa\u00e7\u00e3o, o problema do Brasil \u00e9 esse, \u00e9 a educa\u00e7\u00e3o de qualidade em todas as \u00e1reas. Agora a intui\u00e7\u00e3o pra mim sempre vai ser a diferen\u00e7a no ensino t\u00e9cnico, no ensino de forma\u00e7\u00e3o universit\u00e1ria, ela vai ser sempre valorizada. \u00c0s vezes a gente tem a sensa\u00e7\u00e3o de que o Brasil n\u00e3o saiu do lugar, mas \u00e9 porque o investimento e a educa\u00e7\u00e3o \u00e9 incipiente, o acesso a educa\u00e7\u00e3o de qualidade ainda \u00e9 uma pontinha l\u00e1 no alto da pir\u00e2mide.<\/p>\n<p><img decoding=\"async\" class=\"alignnone wp-image-3213 size-full\" src=\"http:\/\/lackman.com.br\/wp-content\/uploads\/2023\/02\/Ronaldo-Fraga-4.jpg\" alt=\"\" width=\"1000\" height=\"717\" srcset=\"https:\/\/lackman.com.br\/wp-content\/uploads\/2023\/02\/Ronaldo-Fraga-4.jpg 1000w, https:\/\/lackman.com.br\/wp-content\/uploads\/2023\/02\/Ronaldo-Fraga-4-300x215.jpg 300w, https:\/\/lackman.com.br\/wp-content\/uploads\/2023\/02\/Ronaldo-Fraga-4-768x551.jpg 768w\" sizes=\"(max-width: 1000px) 100vw, 1000px\" \/><\/p>\n<p style=\"text-align: justify;\"><strong>5 &#8211; No contexto de moda brasileira, voc\u00ea consta em qualquer ranking de melhores estilistas. O seu trabalho na moda instiga reflex\u00f5es que fogem do contexto b\u00e1sico do consumo. Passeia pela arte, pela identifica\u00e7\u00e3o pessoal, pela emo\u00e7\u00e3o, entre outros fatores. O seu prop\u00f3sito sempre foi esse, ou o tempo te fez enveredar para tais conceitos?<\/strong><\/p>\n<p style=\"text-align: justify;\"><strong>R: <\/strong>A minha forma\u00e7\u00e3o \u00e9 a forma\u00e7\u00e3o de um profissional, a inf\u00e2ncia que ele teve, a adolesc\u00eancia e a juventude vai definir o profissional que ele \u00e9. Eu fui um adolescente na nova ditadura militar, onde eu lia s\u00f3 literatura pol\u00edtica, ent\u00e3o quando eu me distancio e olho a minha hist\u00f3ria, de onde eu sa\u00ed, de uma fam\u00edlia muito humilde que devorava os livros que conseguia, s\u00f3 podia dar no que deu n\u00e9? \u2013 risos \u2013, em um profissional que pensa a moda como vetor pol\u00edtico. Ali\u00e1s eu tenho cada vez mais claro que por acaso foi a moda, mas qualquer coisa que eu fizesse nos caminhos o olhar seria diferente.<\/p>\n<hr \/>\n<pre style=\"text-align: justify;\">Fotos: Zuleika de Souza\/Divulga\u00e7\u00e3o<\/pre>\n","protected":false},"excerpt":{"rendered":"<p>A preocupa\u00e7\u00e3o em fazer arte e ter resultados a partir da arte \u00e9 uma das m\u00e1ximas de Ronaldo Fraga, um pensador, um fil\u00f3sofo do hoje e um pesquisador de ess\u00eancias. Dono de desfiles memor\u00e1veis e pe\u00e7as de arte que alteram o olhar sobre o mundo, Fraga distribui boas formas de ver o mundo e de se apropriar do que realmente vale a pena para escrever o futuro. Politizado, inteligente e de personalidade encantadora, Ronaldo esteve em Bras\u00edlia para participar e conduzir parte do projeto Casa de Criatividade e Inova\u00e7\u00e3o, comandado por Renata Oliveira. O refor\u00e7o do estilista e empreendedor ao CCI trouxe \u00e0 tona a vontade de jovens em se capacitar, por interm\u00e9dio do amor que sentem pela moda. Ao passar pela cidade, Ronaldo, atencioso como ele s\u00f3, nos concedeu uma entrevista, que voc\u00ea pode conferir abaixo. 1 &#8211; Ronaldo, voc\u00ea anda pelos quatro cantos do pa\u00eds vendo pessoas, acompanhando trabalhos e desenvolvendo intelectualidade. O que voc\u00ea tira dessa sua experi\u00eancia de descoberta de novos talentos? O Brasil hoje ainda \u00e9 um pa\u00eds que pode ser considerado um celeiro de pessoas criativas pro mundo da moda? R: O Brasil \u00e9 uma fonte inesgot\u00e1vel de criatividade e consequentemente de novos talentos. Eu credito isso a nossa mesti\u00e7agem, um pa\u00eds que teve e tem essa mistura de todos os povos do mundo no mesmo lugar n\u00e3o podia ser diferente, e isso n\u00e3o \u00e9 s\u00f3 pra moda, isso \u00e9 para qualquer \u00e1rea do design ou artes visuais. A volta do gosto por tudo que \u00e9 feito com as m\u00e3os, e t\u00e3o somente com elas, \u00e9 algo muito evidente. O n\u00famero n\u00e3o chega perto do que foi feito no passado. Acredita que essa gera\u00e7\u00e3o est\u00e1 criando consci\u00eancia acerca da valoriza\u00e7\u00e3o do que \u00e9 handmade? R: Bom, da mesma forma que eu afirmo que passado a euforia da globaliza\u00e7\u00e3o, genu\u00edno \u00e9 o novo luxo, todas as vezes que o homem perde o valor ou um valor entra quase em extin\u00e7\u00e3o ele vira artigo de luxo, e agora est\u00e1 acontecendo e vai acontecer cada vez mais com o feito \u00e0 m\u00e3o, quando tudo sai de uma ind\u00fastria asi\u00e1tica, da produ\u00e7\u00e3o em s\u00e9rie.\u00a0 Quando ele \u00e9 feito \u00e0 m\u00e3o, quando ele traz uma marca, ele vai ter cada vez mais valor. \u201cO Brasil \u00e9 uma fonte inesgot\u00e1vel de criatividade e consequentemente de novos talentos.\u201d 3 &#8211; Da descoberta do talento ou facilidade pra uma profiss\u00e3o, at\u00e9 o sucesso no mercado de trabalho \u00e9 mais f\u00e1cil hoje ou foi mais f\u00e1cil para sua gera\u00e7\u00e3o? R: Eu acho que toda \u00e9poca vai ter sua dificuldade. Se em outro momento a dificuldade ao acesso era uma, hoje no mundo globalizado vai ser outra, pois tem a facilidade justamente por ser globalizado, por se ter acesso a informa\u00e7\u00e3o muito mais do que voc\u00ea tinha no passado. Ent\u00e3o, coloca-se as facilidades e as dificuldades, eu acho que sempre vai ser diferente, n\u00e9? Vai mudar uma coisa ou outra, j\u00e1 que o que era dif\u00edcil no passado \u00e9 f\u00e1cil hoje e o que era f\u00e1cil no passado vai ser dif\u00edcil hoje. 4 &#8211; Educa\u00e7\u00e3o profissional para \u00e1reas intuitivas \u00e9 quase inexistente. Isso faz muitos talentos serem deixados pra tr\u00e1s. Como poder\u00edamos resolver uma quest\u00e3o como essa no Brasil? R: O problema n\u00e3o \u00e9 a educa\u00e7\u00e3o profissional para \u00e1reas intuitivas, o problema \u00e9 a educa\u00e7\u00e3o, o problema do Brasil \u00e9 esse, \u00e9 a educa\u00e7\u00e3o de qualidade em todas as \u00e1reas. Agora a intui\u00e7\u00e3o pra mim sempre vai ser a diferen\u00e7a no ensino t\u00e9cnico, no ensino de forma\u00e7\u00e3o universit\u00e1ria, ela vai ser sempre valorizada. \u00c0s vezes a gente tem a sensa\u00e7\u00e3o de que o Brasil n\u00e3o saiu do lugar, mas \u00e9 porque o investimento e a educa\u00e7\u00e3o \u00e9 incipiente, o acesso a educa\u00e7\u00e3o de qualidade ainda \u00e9 uma pontinha l\u00e1 no alto da pir\u00e2mide. 5 &#8211; No contexto de moda brasileira, voc\u00ea consta em qualquer ranking de melhores estilistas. O seu trabalho na moda instiga reflex\u00f5es que fogem do contexto b\u00e1sico do consumo. Passeia pela arte, pela identifica\u00e7\u00e3o pessoal, pela emo\u00e7\u00e3o, entre outros fatores. O seu prop\u00f3sito sempre foi esse, ou o tempo te fez enveredar para tais conceitos? R: A minha forma\u00e7\u00e3o \u00e9 a forma\u00e7\u00e3o de um profissional, a inf\u00e2ncia que ele teve, a adolesc\u00eancia e a juventude vai definir o profissional que ele \u00e9. Eu fui um adolescente na nova ditadura militar, onde eu lia s\u00f3 literatura pol\u00edtica, ent\u00e3o quando eu me distancio e olho a minha hist\u00f3ria, de onde eu sa\u00ed, de uma fam\u00edlia muito humilde que devorava os livros que conseguia, s\u00f3 podia dar no que deu n\u00e9? \u2013 risos \u2013, em um profissional que pensa a moda como vetor pol\u00edtico. Ali\u00e1s eu tenho cada vez mais claro que por acaso foi a moda, mas qualquer coisa que eu fizesse nos caminhos o olhar seria diferente. Fotos: Zuleika de Souza\/Divulga\u00e7\u00e3o<\/p>\n","protected":false},"author":2,"featured_media":3222,"comment_status":"closed","ping_status":"open","sticky":false,"template":"","format":"standard","meta":{"site-sidebar-layout":"default","site-content-layout":"default","ast-site-content-layout":"default","site-content-style":"default","site-sidebar-style":"default","ast-global-header-display":"","ast-banner-title-visibility":"","ast-main-header-display":"","ast-hfb-above-header-display":"","ast-hfb-below-header-display":"","ast-hfb-mobile-header-display":"","site-post-title":"","ast-breadcrumbs-content":"","ast-featured-img":"","footer-sml-layout":"","ast-disable-related-posts":"","theme-transparent-header-meta":"default","adv-header-id-meta":"","stick-header-meta":"","header-above-stick-meta":"","header-main-stick-meta":"","header-below-stick-meta":"","astra-migrate-meta-layouts":"default","ast-page-background-enabled":"default","ast-page-background-meta":{"desktop":{"background-color":"","background-image":"","background-repeat":"repeat","background-position":"center center","background-size":"auto","background-attachment":"scroll","background-type":"","background-media":"","overlay-type":"","overlay-color":"","overlay-opacity":"","overlay-gradient":""},"tablet":{"background-color":"","background-image":"","background-repeat":"repeat","background-position":"center center","background-size":"auto","background-attachment":"scroll","background-type":"","background-media":"","overlay-type":"","overlay-color":"","overlay-opacity":"","overlay-gradient":""},"mobile":{"background-color":"","background-image":"","background-repeat":"repeat","background-position":"center center","background-size":"auto","background-attachment":"scroll","background-type":"","background-media":"","overlay-type":"","overlay-color":"","overlay-opacity":"","overlay-gradient":""}},"ast-content-background-meta":{"desktop":{"background-color":"var(--ast-global-color-5)","background-image":"","background-repeat":"repeat","background-position":"center center","background-size":"auto","background-attachment":"scroll","background-type":"","background-media":"","overlay-type":"","overlay-color":"","overlay-opacity":"","overlay-gradient":""},"tablet":{"background-color":"var(--ast-global-color-5)","background-image":"","background-repeat":"repeat","background-position":"center center","background-size":"auto","background-attachment":"scroll","background-type":"","background-media":"","overlay-type":"","overlay-color":"","overlay-opacity":"","overlay-gradient":""},"mobile":{"background-color":"var(--ast-global-color-5)","background-image":"","background-repeat":"repeat","background-position":"center center","background-size":"auto","background-attachment":"scroll","background-type":"","background-media":"","overlay-type":"","overlay-color":"","overlay-opacity":"","overlay-gradient":""}},"footnotes":""},"categories":[45],"tags":[103,59,102],"class_list":["post-3211","post","type-post","status-publish","format-standard","has-post-thumbnail","hentry","category-entrevistas","tag-estilista","tag-moda","tag-ronaldo-fraga"],"yoast_head":"<!-- This site is optimized with the Yoast SEO plugin v27.0 - https:\/\/yoast.com\/product\/yoast-seo-wordpress\/ -->\n<title>Ronaldo Fraga: o feito \u00e0 m\u00e3o \u00e9 o novo luxo e continua a ganhar valor - LACKMAN &amp; CO.<\/title>\n<meta name=\"robots\" content=\"index, follow, max-snippet:-1, max-image-preview:large, max-video-preview:-1\" \/>\n<link rel=\"canonical\" href=\"https:\/\/lackman.com.br\/index.php\/2023\/02\/13\/ronaldo-fraga-o-feito-a-mao-e-o-novo-luxo-e-continua-a-ganhar-valor\/\" \/>\n<meta property=\"og:locale\" content=\"pt_BR\" \/>\n<meta property=\"og:type\" content=\"article\" \/>\n<meta property=\"og:title\" content=\"Ronaldo Fraga: o feito \u00e0 m\u00e3o \u00e9 o novo luxo e continua a ganhar valor - LACKMAN &amp; CO.\" \/>\n<meta property=\"og:description\" content=\"A preocupa\u00e7\u00e3o em fazer arte e ter resultados a partir da arte \u00e9 uma das m\u00e1ximas de Ronaldo Fraga, um pensador, um fil\u00f3sofo do hoje e um pesquisador de ess\u00eancias. Dono de desfiles memor\u00e1veis e pe\u00e7as de arte que alteram o olhar sobre o mundo, Fraga distribui boas formas de ver o mundo e de se apropriar do que realmente vale a pena para escrever o futuro. Politizado, inteligente e de personalidade encantadora, Ronaldo esteve em Bras\u00edlia para participar e conduzir parte do projeto Casa de Criatividade e Inova\u00e7\u00e3o, comandado por Renata Oliveira. O refor\u00e7o do estilista e empreendedor ao CCI trouxe \u00e0 tona a vontade de jovens em se capacitar, por interm\u00e9dio do amor que sentem pela moda. Ao passar pela cidade, Ronaldo, atencioso como ele s\u00f3, nos concedeu uma entrevista, que voc\u00ea pode conferir abaixo. 1 &#8211; Ronaldo, voc\u00ea anda pelos quatro cantos do pa\u00eds vendo pessoas, acompanhando trabalhos e desenvolvendo intelectualidade. O que voc\u00ea tira dessa sua experi\u00eancia de descoberta de novos talentos? O Brasil hoje ainda \u00e9 um pa\u00eds que pode ser considerado um celeiro de pessoas criativas pro mundo da moda? R: O Brasil \u00e9 uma fonte inesgot\u00e1vel de criatividade e consequentemente de novos talentos. Eu credito isso a nossa mesti\u00e7agem, um pa\u00eds que teve e tem essa mistura de todos os povos do mundo no mesmo lugar n\u00e3o podia ser diferente, e isso n\u00e3o \u00e9 s\u00f3 pra moda, isso \u00e9 para qualquer \u00e1rea do design ou artes visuais. A volta do gosto por tudo que \u00e9 feito com as m\u00e3os, e t\u00e3o somente com elas, \u00e9 algo muito evidente. O n\u00famero n\u00e3o chega perto do que foi feito no passado. Acredita que essa gera\u00e7\u00e3o est\u00e1 criando consci\u00eancia acerca da valoriza\u00e7\u00e3o do que \u00e9 handmade? R: Bom, da mesma forma que eu afirmo que passado a euforia da globaliza\u00e7\u00e3o, genu\u00edno \u00e9 o novo luxo, todas as vezes que o homem perde o valor ou um valor entra quase em extin\u00e7\u00e3o ele vira artigo de luxo, e agora est\u00e1 acontecendo e vai acontecer cada vez mais com o feito \u00e0 m\u00e3o, quando tudo sai de uma ind\u00fastria asi\u00e1tica, da produ\u00e7\u00e3o em s\u00e9rie.\u00a0 Quando ele \u00e9 feito \u00e0 m\u00e3o, quando ele traz uma marca, ele vai ter cada vez mais valor. \u201cO Brasil \u00e9 uma fonte inesgot\u00e1vel de criatividade e consequentemente de novos talentos.\u201d 3 &#8211; Da descoberta do talento ou facilidade pra uma profiss\u00e3o, at\u00e9 o sucesso no mercado de trabalho \u00e9 mais f\u00e1cil hoje ou foi mais f\u00e1cil para sua gera\u00e7\u00e3o? R: Eu acho que toda \u00e9poca vai ter sua dificuldade. Se em outro momento a dificuldade ao acesso era uma, hoje no mundo globalizado vai ser outra, pois tem a facilidade justamente por ser globalizado, por se ter acesso a informa\u00e7\u00e3o muito mais do que voc\u00ea tinha no passado. Ent\u00e3o, coloca-se as facilidades e as dificuldades, eu acho que sempre vai ser diferente, n\u00e9? Vai mudar uma coisa ou outra, j\u00e1 que o que era dif\u00edcil no passado \u00e9 f\u00e1cil hoje e o que era f\u00e1cil no passado vai ser dif\u00edcil hoje. 4 &#8211; Educa\u00e7\u00e3o profissional para \u00e1reas intuitivas \u00e9 quase inexistente. Isso faz muitos talentos serem deixados pra tr\u00e1s. Como poder\u00edamos resolver uma quest\u00e3o como essa no Brasil? R: O problema n\u00e3o \u00e9 a educa\u00e7\u00e3o profissional para \u00e1reas intuitivas, o problema \u00e9 a educa\u00e7\u00e3o, o problema do Brasil \u00e9 esse, \u00e9 a educa\u00e7\u00e3o de qualidade em todas as \u00e1reas. Agora a intui\u00e7\u00e3o pra mim sempre vai ser a diferen\u00e7a no ensino t\u00e9cnico, no ensino de forma\u00e7\u00e3o universit\u00e1ria, ela vai ser sempre valorizada. \u00c0s vezes a gente tem a sensa\u00e7\u00e3o de que o Brasil n\u00e3o saiu do lugar, mas \u00e9 porque o investimento e a educa\u00e7\u00e3o \u00e9 incipiente, o acesso a educa\u00e7\u00e3o de qualidade ainda \u00e9 uma pontinha l\u00e1 no alto da pir\u00e2mide. 5 &#8211; No contexto de moda brasileira, voc\u00ea consta em qualquer ranking de melhores estilistas. O seu trabalho na moda instiga reflex\u00f5es que fogem do contexto b\u00e1sico do consumo. Passeia pela arte, pela identifica\u00e7\u00e3o pessoal, pela emo\u00e7\u00e3o, entre outros fatores. O seu prop\u00f3sito sempre foi esse, ou o tempo te fez enveredar para tais conceitos? R: A minha forma\u00e7\u00e3o \u00e9 a forma\u00e7\u00e3o de um profissional, a inf\u00e2ncia que ele teve, a adolesc\u00eancia e a juventude vai definir o profissional que ele \u00e9. Eu fui um adolescente na nova ditadura militar, onde eu lia s\u00f3 literatura pol\u00edtica, ent\u00e3o quando eu me distancio e olho a minha hist\u00f3ria, de onde eu sa\u00ed, de uma fam\u00edlia muito humilde que devorava os livros que conseguia, s\u00f3 podia dar no que deu n\u00e9? \u2013 risos \u2013, em um profissional que pensa a moda como vetor pol\u00edtico. Ali\u00e1s eu tenho cada vez mais claro que por acaso foi a moda, mas qualquer coisa que eu fizesse nos caminhos o olhar seria diferente. Fotos: Zuleika de Souza\/Divulga\u00e7\u00e3o\" \/>\n<meta property=\"og:url\" content=\"https:\/\/lackman.com.br\/index.php\/2023\/02\/13\/ronaldo-fraga-o-feito-a-mao-e-o-novo-luxo-e-continua-a-ganhar-valor\/\" \/>\n<meta property=\"og:site_name\" content=\"LACKMAN &amp; CO.\" \/>\n<meta property=\"article:author\" content=\"https:\/\/www.facebook.com\/fernandolackman\" \/>\n<meta property=\"article:published_time\" content=\"2023-02-13T20:07:41+00:00\" \/>\n<meta property=\"article:modified_time\" content=\"2023-02-13T20:36:22+00:00\" \/>\n<meta property=\"og:image\" content=\"http:\/\/lackman.com.br\/wp-content\/uploads\/2023\/02\/1676320029812.jpg\" \/>\n\t<meta property=\"og:image:width\" content=\"2226\" \/>\n\t<meta property=\"og:image:height\" content=\"1849\" \/>\n\t<meta property=\"og:image:type\" content=\"image\/jpeg\" \/>\n<meta name=\"author\" content=\"Fernando Lackman\" \/>\n<meta name=\"twitter:card\" content=\"summary_large_image\" \/>\n<meta name=\"twitter:creator\" content=\"@fernandolackman\" \/>\n<meta name=\"twitter:label1\" content=\"Escrito por\" \/>\n\t<meta name=\"twitter:data1\" content=\"Fernando Lackman\" \/>\n\t<meta name=\"twitter:label2\" content=\"Est. tempo de leitura\" \/>\n\t<meta name=\"twitter:data2\" content=\"4 minutos\" \/>\n<script type=\"application\/ld+json\" class=\"yoast-schema-graph\">{\"@context\":\"https:\/\/schema.org\",\"@graph\":[{\"@type\":\"Article\",\"@id\":\"https:\/\/lackman.com.br\/index.php\/2023\/02\/13\/ronaldo-fraga-o-feito-a-mao-e-o-novo-luxo-e-continua-a-ganhar-valor\/#article\",\"isPartOf\":{\"@id\":\"https:\/\/lackman.com.br\/index.php\/2023\/02\/13\/ronaldo-fraga-o-feito-a-mao-e-o-novo-luxo-e-continua-a-ganhar-valor\/\"},\"author\":{\"name\":\"Fernando Lackman\",\"@id\":\"https:\/\/lackman.com.br\/#\/schema\/person\/dbfb3fbfc55f2b0bd4f9039696e70858\"},\"headline\":\"Ronaldo Fraga: o feito \u00e0 m\u00e3o \u00e9 o novo luxo e continua a ganhar valor\",\"datePublished\":\"2023-02-13T20:07:41+00:00\",\"dateModified\":\"2023-02-13T20:36:22+00:00\",\"mainEntityOfPage\":{\"@id\":\"https:\/\/lackman.com.br\/index.php\/2023\/02\/13\/ronaldo-fraga-o-feito-a-mao-e-o-novo-luxo-e-continua-a-ganhar-valor\/\"},\"wordCount\":855,\"publisher\":{\"@id\":\"https:\/\/lackman.com.br\/#organization\"},\"image\":{\"@id\":\"https:\/\/lackman.com.br\/index.php\/2023\/02\/13\/ronaldo-fraga-o-feito-a-mao-e-o-novo-luxo-e-continua-a-ganhar-valor\/#primaryimage\"},\"thumbnailUrl\":\"https:\/\/lackman.com.br\/wp-content\/uploads\/2023\/02\/1676320029812.jpg\",\"keywords\":[\"Estilista\",\"Moda\",\"Ronaldo Fraga\"],\"articleSection\":[\"Entrevistas\"],\"inLanguage\":\"pt-BR\"},{\"@type\":\"WebPage\",\"@id\":\"https:\/\/lackman.com.br\/index.php\/2023\/02\/13\/ronaldo-fraga-o-feito-a-mao-e-o-novo-luxo-e-continua-a-ganhar-valor\/\",\"url\":\"https:\/\/lackman.com.br\/index.php\/2023\/02\/13\/ronaldo-fraga-o-feito-a-mao-e-o-novo-luxo-e-continua-a-ganhar-valor\/\",\"name\":\"Ronaldo Fraga: o feito \u00e0 m\u00e3o \u00e9 o novo luxo e continua a ganhar valor - LACKMAN &amp; CO.\",\"isPartOf\":{\"@id\":\"https:\/\/lackman.com.br\/#website\"},\"primaryImageOfPage\":{\"@id\":\"https:\/\/lackman.com.br\/index.php\/2023\/02\/13\/ronaldo-fraga-o-feito-a-mao-e-o-novo-luxo-e-continua-a-ganhar-valor\/#primaryimage\"},\"image\":{\"@id\":\"https:\/\/lackman.com.br\/index.php\/2023\/02\/13\/ronaldo-fraga-o-feito-a-mao-e-o-novo-luxo-e-continua-a-ganhar-valor\/#primaryimage\"},\"thumbnailUrl\":\"https:\/\/lackman.com.br\/wp-content\/uploads\/2023\/02\/1676320029812.jpg\",\"datePublished\":\"2023-02-13T20:07:41+00:00\",\"dateModified\":\"2023-02-13T20:36:22+00:00\",\"breadcrumb\":{\"@id\":\"https:\/\/lackman.com.br\/index.php\/2023\/02\/13\/ronaldo-fraga-o-feito-a-mao-e-o-novo-luxo-e-continua-a-ganhar-valor\/#breadcrumb\"},\"inLanguage\":\"pt-BR\",\"potentialAction\":[{\"@type\":\"ReadAction\",\"target\":[\"https:\/\/lackman.com.br\/index.php\/2023\/02\/13\/ronaldo-fraga-o-feito-a-mao-e-o-novo-luxo-e-continua-a-ganhar-valor\/\"]}]},{\"@type\":\"ImageObject\",\"inLanguage\":\"pt-BR\",\"@id\":\"https:\/\/lackman.com.br\/index.php\/2023\/02\/13\/ronaldo-fraga-o-feito-a-mao-e-o-novo-luxo-e-continua-a-ganhar-valor\/#primaryimage\",\"url\":\"https:\/\/lackman.com.br\/wp-content\/uploads\/2023\/02\/1676320029812.jpg\",\"contentUrl\":\"https:\/\/lackman.com.br\/wp-content\/uploads\/2023\/02\/1676320029812.jpg\",\"width\":2226,\"height\":1849},{\"@type\":\"BreadcrumbList\",\"@id\":\"https:\/\/lackman.com.br\/index.php\/2023\/02\/13\/ronaldo-fraga-o-feito-a-mao-e-o-novo-luxo-e-continua-a-ganhar-valor\/#breadcrumb\",\"itemListElement\":[{\"@type\":\"ListItem\",\"position\":1,\"name\":\"In\u00edcio\",\"item\":\"https:\/\/lackman.com.br\/\"},{\"@type\":\"ListItem\",\"position\":2,\"name\":\"Ronaldo Fraga: o feito \u00e0 m\u00e3o \u00e9 o novo luxo e continua a ganhar valor\"}]},{\"@type\":\"WebSite\",\"@id\":\"https:\/\/lackman.com.br\/#website\",\"url\":\"https:\/\/lackman.com.br\/\",\"name\":\"LACKMAN &amp; CO.\",\"description\":\"VIDA | MODA | ARTE\",\"publisher\":{\"@id\":\"https:\/\/lackman.com.br\/#organization\"},\"potentialAction\":[{\"@type\":\"SearchAction\",\"target\":{\"@type\":\"EntryPoint\",\"urlTemplate\":\"https:\/\/lackman.com.br\/?s={search_term_string}\"},\"query-input\":{\"@type\":\"PropertyValueSpecification\",\"valueRequired\":true,\"valueName\":\"search_term_string\"}}],\"inLanguage\":\"pt-BR\"},{\"@type\":\"Organization\",\"@id\":\"https:\/\/lackman.com.br\/#organization\",\"name\":\"LACKMAN &amp; CO.\",\"url\":\"https:\/\/lackman.com.br\/\",\"logo\":{\"@type\":\"ImageObject\",\"inLanguage\":\"pt-BR\",\"@id\":\"https:\/\/lackman.com.br\/#\/schema\/logo\/image\/\",\"url\":\"https:\/\/lackman.com.br\/wp-content\/uploads\/2023\/06\/Logotipo_preto-1.png\",\"contentUrl\":\"https:\/\/lackman.com.br\/wp-content\/uploads\/2023\/06\/Logotipo_preto-1.png\",\"width\":739,\"height\":393,\"caption\":\"LACKMAN &amp; CO.\"},\"image\":{\"@id\":\"https:\/\/lackman.com.br\/#\/schema\/logo\/image\/\"}},{\"@type\":\"Person\",\"@id\":\"https:\/\/lackman.com.br\/#\/schema\/person\/dbfb3fbfc55f2b0bd4f9039696e70858\",\"name\":\"Fernando Lackman\",\"image\":{\"@type\":\"ImageObject\",\"inLanguage\":\"pt-BR\",\"@id\":\"https:\/\/lackman.com.br\/#\/schema\/person\/image\/\",\"url\":\"https:\/\/secure.gravatar.com\/avatar\/ae7993150af197e66480c8a769891833dd2b8d809f0d9ff3f25af796cf378ce8?s=96&d=mm&r=g\",\"contentUrl\":\"https:\/\/secure.gravatar.com\/avatar\/ae7993150af197e66480c8a769891833dd2b8d809f0d9ff3f25af796cf378ce8?s=96&d=mm&r=g\",\"caption\":\"Fernando Lackman\"},\"description\":\"Fernando Lackman \u00e9 jornalista especializado em Moda e Cultura, editor do site LACKMAN.com.br. \u00c9 autor do livro Bras\u00edlia Capital dos Criadores, que conta a hist\u00f3ria da moda no Distrito Federal. Tem em seu curr\u00edculo assinatura de dire\u00e7\u00e3o criativa e de desfiles em eventos como Estilo DF Plaza, Summer Collections, JK Street Fashion, Desfile Beleza Negra (DBN), PicniK Fashion Show, Vogue Fashion\u2019s Night Out Bras\u00edlia, entre outros. Foi diretor criativo do extinto Capital Fashion Week. Atualmente trabalha na dire\u00e7\u00e3o criativa de eventos como Top CUFA, BSB Fashion Street, Bras\u00edlia Fashion House, Ateli\u00ea Bras\u00edlia e Goi\u00e1s Fashion Week.\",\"sameAs\":[\"https:\/\/lackman.com.br\/\",\"https:\/\/www.facebook.com\/fernandolackman\",\"https:\/\/www.instagram.com\/fernandolackman\/\",\"https:\/\/www.linkedin.com\/in\/fernando-lackman\/\",\"https:\/\/br.pinterest.com\/fernandolackman\/\",\"https:\/\/x.com\/fernandolackman\"],\"url\":\"https:\/\/lackman.com.br\/index.php\/author\/fernando-lackman\/\"}]}<\/script>\n<!-- \/ Yoast SEO plugin. -->","yoast_head_json":{"title":"Ronaldo Fraga: o feito \u00e0 m\u00e3o \u00e9 o novo luxo e continua a ganhar valor - LACKMAN &amp; CO.","robots":{"index":"index","follow":"follow","max-snippet":"max-snippet:-1","max-image-preview":"max-image-preview:large","max-video-preview":"max-video-preview:-1"},"canonical":"https:\/\/lackman.com.br\/index.php\/2023\/02\/13\/ronaldo-fraga-o-feito-a-mao-e-o-novo-luxo-e-continua-a-ganhar-valor\/","og_locale":"pt_BR","og_type":"article","og_title":"Ronaldo Fraga: o feito \u00e0 m\u00e3o \u00e9 o novo luxo e continua a ganhar valor - LACKMAN &amp; CO.","og_description":"A preocupa\u00e7\u00e3o em fazer arte e ter resultados a partir da arte \u00e9 uma das m\u00e1ximas de Ronaldo Fraga, um pensador, um fil\u00f3sofo do hoje e um pesquisador de ess\u00eancias. Dono de desfiles memor\u00e1veis e pe\u00e7as de arte que alteram o olhar sobre o mundo, Fraga distribui boas formas de ver o mundo e de se apropriar do que realmente vale a pena para escrever o futuro. Politizado, inteligente e de personalidade encantadora, Ronaldo esteve em Bras\u00edlia para participar e conduzir parte do projeto Casa de Criatividade e Inova\u00e7\u00e3o, comandado por Renata Oliveira. O refor\u00e7o do estilista e empreendedor ao CCI trouxe \u00e0 tona a vontade de jovens em se capacitar, por interm\u00e9dio do amor que sentem pela moda. Ao passar pela cidade, Ronaldo, atencioso como ele s\u00f3, nos concedeu uma entrevista, que voc\u00ea pode conferir abaixo. 1 &#8211; Ronaldo, voc\u00ea anda pelos quatro cantos do pa\u00eds vendo pessoas, acompanhando trabalhos e desenvolvendo intelectualidade. O que voc\u00ea tira dessa sua experi\u00eancia de descoberta de novos talentos? O Brasil hoje ainda \u00e9 um pa\u00eds que pode ser considerado um celeiro de pessoas criativas pro mundo da moda? R: O Brasil \u00e9 uma fonte inesgot\u00e1vel de criatividade e consequentemente de novos talentos. Eu credito isso a nossa mesti\u00e7agem, um pa\u00eds que teve e tem essa mistura de todos os povos do mundo no mesmo lugar n\u00e3o podia ser diferente, e isso n\u00e3o \u00e9 s\u00f3 pra moda, isso \u00e9 para qualquer \u00e1rea do design ou artes visuais. A volta do gosto por tudo que \u00e9 feito com as m\u00e3os, e t\u00e3o somente com elas, \u00e9 algo muito evidente. O n\u00famero n\u00e3o chega perto do que foi feito no passado. Acredita que essa gera\u00e7\u00e3o est\u00e1 criando consci\u00eancia acerca da valoriza\u00e7\u00e3o do que \u00e9 handmade? R: Bom, da mesma forma que eu afirmo que passado a euforia da globaliza\u00e7\u00e3o, genu\u00edno \u00e9 o novo luxo, todas as vezes que o homem perde o valor ou um valor entra quase em extin\u00e7\u00e3o ele vira artigo de luxo, e agora est\u00e1 acontecendo e vai acontecer cada vez mais com o feito \u00e0 m\u00e3o, quando tudo sai de uma ind\u00fastria asi\u00e1tica, da produ\u00e7\u00e3o em s\u00e9rie.\u00a0 Quando ele \u00e9 feito \u00e0 m\u00e3o, quando ele traz uma marca, ele vai ter cada vez mais valor. \u201cO Brasil \u00e9 uma fonte inesgot\u00e1vel de criatividade e consequentemente de novos talentos.\u201d 3 &#8211; Da descoberta do talento ou facilidade pra uma profiss\u00e3o, at\u00e9 o sucesso no mercado de trabalho \u00e9 mais f\u00e1cil hoje ou foi mais f\u00e1cil para sua gera\u00e7\u00e3o? R: Eu acho que toda \u00e9poca vai ter sua dificuldade. Se em outro momento a dificuldade ao acesso era uma, hoje no mundo globalizado vai ser outra, pois tem a facilidade justamente por ser globalizado, por se ter acesso a informa\u00e7\u00e3o muito mais do que voc\u00ea tinha no passado. Ent\u00e3o, coloca-se as facilidades e as dificuldades, eu acho que sempre vai ser diferente, n\u00e9? Vai mudar uma coisa ou outra, j\u00e1 que o que era dif\u00edcil no passado \u00e9 f\u00e1cil hoje e o que era f\u00e1cil no passado vai ser dif\u00edcil hoje. 4 &#8211; Educa\u00e7\u00e3o profissional para \u00e1reas intuitivas \u00e9 quase inexistente. Isso faz muitos talentos serem deixados pra tr\u00e1s. Como poder\u00edamos resolver uma quest\u00e3o como essa no Brasil? R: O problema n\u00e3o \u00e9 a educa\u00e7\u00e3o profissional para \u00e1reas intuitivas, o problema \u00e9 a educa\u00e7\u00e3o, o problema do Brasil \u00e9 esse, \u00e9 a educa\u00e7\u00e3o de qualidade em todas as \u00e1reas. Agora a intui\u00e7\u00e3o pra mim sempre vai ser a diferen\u00e7a no ensino t\u00e9cnico, no ensino de forma\u00e7\u00e3o universit\u00e1ria, ela vai ser sempre valorizada. \u00c0s vezes a gente tem a sensa\u00e7\u00e3o de que o Brasil n\u00e3o saiu do lugar, mas \u00e9 porque o investimento e a educa\u00e7\u00e3o \u00e9 incipiente, o acesso a educa\u00e7\u00e3o de qualidade ainda \u00e9 uma pontinha l\u00e1 no alto da pir\u00e2mide. 5 &#8211; No contexto de moda brasileira, voc\u00ea consta em qualquer ranking de melhores estilistas. O seu trabalho na moda instiga reflex\u00f5es que fogem do contexto b\u00e1sico do consumo. Passeia pela arte, pela identifica\u00e7\u00e3o pessoal, pela emo\u00e7\u00e3o, entre outros fatores. O seu prop\u00f3sito sempre foi esse, ou o tempo te fez enveredar para tais conceitos? R: A minha forma\u00e7\u00e3o \u00e9 a forma\u00e7\u00e3o de um profissional, a inf\u00e2ncia que ele teve, a adolesc\u00eancia e a juventude vai definir o profissional que ele \u00e9. Eu fui um adolescente na nova ditadura militar, onde eu lia s\u00f3 literatura pol\u00edtica, ent\u00e3o quando eu me distancio e olho a minha hist\u00f3ria, de onde eu sa\u00ed, de uma fam\u00edlia muito humilde que devorava os livros que conseguia, s\u00f3 podia dar no que deu n\u00e9? \u2013 risos \u2013, em um profissional que pensa a moda como vetor pol\u00edtico. Ali\u00e1s eu tenho cada vez mais claro que por acaso foi a moda, mas qualquer coisa que eu fizesse nos caminhos o olhar seria diferente. Fotos: Zuleika de Souza\/Divulga\u00e7\u00e3o","og_url":"https:\/\/lackman.com.br\/index.php\/2023\/02\/13\/ronaldo-fraga-o-feito-a-mao-e-o-novo-luxo-e-continua-a-ganhar-valor\/","og_site_name":"LACKMAN &amp; CO.","article_author":"https:\/\/www.facebook.com\/fernandolackman","article_published_time":"2023-02-13T20:07:41+00:00","article_modified_time":"2023-02-13T20:36:22+00:00","og_image":[{"width":2226,"height":1849,"url":"http:\/\/lackman.com.br\/wp-content\/uploads\/2023\/02\/1676320029812.jpg","type":"image\/jpeg"}],"author":"Fernando Lackman","twitter_card":"summary_large_image","twitter_creator":"@fernandolackman","twitter_misc":{"Escrito por":"Fernando Lackman","Est. tempo de leitura":"4 minutos"},"schema":{"@context":"https:\/\/schema.org","@graph":[{"@type":"Article","@id":"https:\/\/lackman.com.br\/index.php\/2023\/02\/13\/ronaldo-fraga-o-feito-a-mao-e-o-novo-luxo-e-continua-a-ganhar-valor\/#article","isPartOf":{"@id":"https:\/\/lackman.com.br\/index.php\/2023\/02\/13\/ronaldo-fraga-o-feito-a-mao-e-o-novo-luxo-e-continua-a-ganhar-valor\/"},"author":{"name":"Fernando Lackman","@id":"https:\/\/lackman.com.br\/#\/schema\/person\/dbfb3fbfc55f2b0bd4f9039696e70858"},"headline":"Ronaldo Fraga: o feito \u00e0 m\u00e3o \u00e9 o novo luxo e continua a ganhar valor","datePublished":"2023-02-13T20:07:41+00:00","dateModified":"2023-02-13T20:36:22+00:00","mainEntityOfPage":{"@id":"https:\/\/lackman.com.br\/index.php\/2023\/02\/13\/ronaldo-fraga-o-feito-a-mao-e-o-novo-luxo-e-continua-a-ganhar-valor\/"},"wordCount":855,"publisher":{"@id":"https:\/\/lackman.com.br\/#organization"},"image":{"@id":"https:\/\/lackman.com.br\/index.php\/2023\/02\/13\/ronaldo-fraga-o-feito-a-mao-e-o-novo-luxo-e-continua-a-ganhar-valor\/#primaryimage"},"thumbnailUrl":"https:\/\/lackman.com.br\/wp-content\/uploads\/2023\/02\/1676320029812.jpg","keywords":["Estilista","Moda","Ronaldo Fraga"],"articleSection":["Entrevistas"],"inLanguage":"pt-BR"},{"@type":"WebPage","@id":"https:\/\/lackman.com.br\/index.php\/2023\/02\/13\/ronaldo-fraga-o-feito-a-mao-e-o-novo-luxo-e-continua-a-ganhar-valor\/","url":"https:\/\/lackman.com.br\/index.php\/2023\/02\/13\/ronaldo-fraga-o-feito-a-mao-e-o-novo-luxo-e-continua-a-ganhar-valor\/","name":"Ronaldo Fraga: o feito \u00e0 m\u00e3o \u00e9 o novo luxo e continua a ganhar valor - LACKMAN &amp; CO.","isPartOf":{"@id":"https:\/\/lackman.com.br\/#website"},"primaryImageOfPage":{"@id":"https:\/\/lackman.com.br\/index.php\/2023\/02\/13\/ronaldo-fraga-o-feito-a-mao-e-o-novo-luxo-e-continua-a-ganhar-valor\/#primaryimage"},"image":{"@id":"https:\/\/lackman.com.br\/index.php\/2023\/02\/13\/ronaldo-fraga-o-feito-a-mao-e-o-novo-luxo-e-continua-a-ganhar-valor\/#primaryimage"},"thumbnailUrl":"https:\/\/lackman.com.br\/wp-content\/uploads\/2023\/02\/1676320029812.jpg","datePublished":"2023-02-13T20:07:41+00:00","dateModified":"2023-02-13T20:36:22+00:00","breadcrumb":{"@id":"https:\/\/lackman.com.br\/index.php\/2023\/02\/13\/ronaldo-fraga-o-feito-a-mao-e-o-novo-luxo-e-continua-a-ganhar-valor\/#breadcrumb"},"inLanguage":"pt-BR","potentialAction":[{"@type":"ReadAction","target":["https:\/\/lackman.com.br\/index.php\/2023\/02\/13\/ronaldo-fraga-o-feito-a-mao-e-o-novo-luxo-e-continua-a-ganhar-valor\/"]}]},{"@type":"ImageObject","inLanguage":"pt-BR","@id":"https:\/\/lackman.com.br\/index.php\/2023\/02\/13\/ronaldo-fraga-o-feito-a-mao-e-o-novo-luxo-e-continua-a-ganhar-valor\/#primaryimage","url":"https:\/\/lackman.com.br\/wp-content\/uploads\/2023\/02\/1676320029812.jpg","contentUrl":"https:\/\/lackman.com.br\/wp-content\/uploads\/2023\/02\/1676320029812.jpg","width":2226,"height":1849},{"@type":"BreadcrumbList","@id":"https:\/\/lackman.com.br\/index.php\/2023\/02\/13\/ronaldo-fraga-o-feito-a-mao-e-o-novo-luxo-e-continua-a-ganhar-valor\/#breadcrumb","itemListElement":[{"@type":"ListItem","position":1,"name":"In\u00edcio","item":"https:\/\/lackman.com.br\/"},{"@type":"ListItem","position":2,"name":"Ronaldo Fraga: o feito \u00e0 m\u00e3o \u00e9 o novo luxo e continua a ganhar valor"}]},{"@type":"WebSite","@id":"https:\/\/lackman.com.br\/#website","url":"https:\/\/lackman.com.br\/","name":"LACKMAN &amp; CO.","description":"VIDA | MODA | ARTE","publisher":{"@id":"https:\/\/lackman.com.br\/#organization"},"potentialAction":[{"@type":"SearchAction","target":{"@type":"EntryPoint","urlTemplate":"https:\/\/lackman.com.br\/?s={search_term_string}"},"query-input":{"@type":"PropertyValueSpecification","valueRequired":true,"valueName":"search_term_string"}}],"inLanguage":"pt-BR"},{"@type":"Organization","@id":"https:\/\/lackman.com.br\/#organization","name":"LACKMAN &amp; CO.","url":"https:\/\/lackman.com.br\/","logo":{"@type":"ImageObject","inLanguage":"pt-BR","@id":"https:\/\/lackman.com.br\/#\/schema\/logo\/image\/","url":"https:\/\/lackman.com.br\/wp-content\/uploads\/2023\/06\/Logotipo_preto-1.png","contentUrl":"https:\/\/lackman.com.br\/wp-content\/uploads\/2023\/06\/Logotipo_preto-1.png","width":739,"height":393,"caption":"LACKMAN &amp; CO."},"image":{"@id":"https:\/\/lackman.com.br\/#\/schema\/logo\/image\/"}},{"@type":"Person","@id":"https:\/\/lackman.com.br\/#\/schema\/person\/dbfb3fbfc55f2b0bd4f9039696e70858","name":"Fernando Lackman","image":{"@type":"ImageObject","inLanguage":"pt-BR","@id":"https:\/\/lackman.com.br\/#\/schema\/person\/image\/","url":"https:\/\/secure.gravatar.com\/avatar\/ae7993150af197e66480c8a769891833dd2b8d809f0d9ff3f25af796cf378ce8?s=96&d=mm&r=g","contentUrl":"https:\/\/secure.gravatar.com\/avatar\/ae7993150af197e66480c8a769891833dd2b8d809f0d9ff3f25af796cf378ce8?s=96&d=mm&r=g","caption":"Fernando Lackman"},"description":"Fernando Lackman \u00e9 jornalista especializado em Moda e Cultura, editor do site LACKMAN.com.br. \u00c9 autor do livro Bras\u00edlia Capital dos Criadores, que conta a hist\u00f3ria da moda no Distrito Federal. Tem em seu curr\u00edculo assinatura de dire\u00e7\u00e3o criativa e de desfiles em eventos como Estilo DF Plaza, Summer Collections, JK Street Fashion, Desfile Beleza Negra (DBN), PicniK Fashion Show, Vogue Fashion\u2019s Night Out Bras\u00edlia, entre outros. Foi diretor criativo do extinto Capital Fashion Week. Atualmente trabalha na dire\u00e7\u00e3o criativa de eventos como Top CUFA, BSB Fashion Street, Bras\u00edlia Fashion House, Ateli\u00ea Bras\u00edlia e Goi\u00e1s Fashion Week.","sameAs":["https:\/\/lackman.com.br\/","https:\/\/www.facebook.com\/fernandolackman","https:\/\/www.instagram.com\/fernandolackman\/","https:\/\/www.linkedin.com\/in\/fernando-lackman\/","https:\/\/br.pinterest.com\/fernandolackman\/","https:\/\/x.com\/fernandolackman"],"url":"https:\/\/lackman.com.br\/index.php\/author\/fernando-lackman\/"}]}},"rttpg_featured_image_url":{"full":["https:\/\/lackman.com.br\/wp-content\/uploads\/2023\/02\/1676320029812.jpg",2226,1849,false],"landscape":["https:\/\/lackman.com.br\/wp-content\/uploads\/2023\/02\/1676320029812.jpg",2226,1849,false],"portraits":["https:\/\/lackman.com.br\/wp-content\/uploads\/2023\/02\/1676320029812.jpg",2226,1849,false],"thumbnail":["https:\/\/lackman.com.br\/wp-content\/uploads\/2023\/02\/1676320029812-150x150.jpg",150,150,true],"medium":["https:\/\/lackman.com.br\/wp-content\/uploads\/2023\/02\/1676320029812-300x249.jpg",300,249,true],"large":["https:\/\/lackman.com.br\/wp-content\/uploads\/2023\/02\/1676320029812-1024x851.jpg",1024,851,true],"RoboGalleryMansoryImagesCenter":["https:\/\/lackman.com.br\/wp-content\/uploads\/2023\/02\/1676320029812-600x1024.jpg",600,1024,true],"RoboGalleryPreload":["https:\/\/lackman.com.br\/wp-content\/uploads\/2023\/02\/1676320029812.jpg",100,83,false],"1536x1536":["https:\/\/lackman.com.br\/wp-content\/uploads\/2023\/02\/1676320029812-1536x1276.jpg",1536,1276,true],"2048x2048":["https:\/\/lackman.com.br\/wp-content\/uploads\/2023\/02\/1676320029812-2048x1701.jpg",2048,1701,true]},"rttpg_author":{"display_name":"Fernando Lackman","author_link":"https:\/\/lackman.com.br\/index.php\/author\/fernando-lackman\/"},"rttpg_comment":0,"rttpg_category":"<a href=\"https:\/\/lackman.com.br\/index.php\/category\/vida\/entrevistas\/\" rel=\"category tag\">Entrevistas<\/a>","rttpg_excerpt":"A preocupa\u00e7\u00e3o em fazer arte e ter resultados a partir da arte \u00e9 uma das m\u00e1ximas de Ronaldo Fraga, um pensador, um fil\u00f3sofo do hoje e um pesquisador de ess\u00eancias. Dono de desfiles memor\u00e1veis e pe\u00e7as de arte que alteram o olhar sobre o mundo, Fraga distribui boas formas de ver o mundo e de&hellip;","_links":{"self":[{"href":"https:\/\/lackman.com.br\/index.php\/wp-json\/wp\/v2\/posts\/3211","targetHints":{"allow":["GET"]}}],"collection":[{"href":"https:\/\/lackman.com.br\/index.php\/wp-json\/wp\/v2\/posts"}],"about":[{"href":"https:\/\/lackman.com.br\/index.php\/wp-json\/wp\/v2\/types\/post"}],"author":[{"embeddable":true,"href":"https:\/\/lackman.com.br\/index.php\/wp-json\/wp\/v2\/users\/2"}],"replies":[{"embeddable":true,"href":"https:\/\/lackman.com.br\/index.php\/wp-json\/wp\/v2\/comments?post=3211"}],"version-history":[{"count":1,"href":"https:\/\/lackman.com.br\/index.php\/wp-json\/wp\/v2\/posts\/3211\/revisions"}],"predecessor-version":[{"id":3215,"href":"https:\/\/lackman.com.br\/index.php\/wp-json\/wp\/v2\/posts\/3211\/revisions\/3215"}],"wp:featuredmedia":[{"embeddable":true,"href":"https:\/\/lackman.com.br\/index.php\/wp-json\/wp\/v2\/media\/3222"}],"wp:attachment":[{"href":"https:\/\/lackman.com.br\/index.php\/wp-json\/wp\/v2\/media?parent=3211"}],"wp:term":[{"taxonomy":"category","embeddable":true,"href":"https:\/\/lackman.com.br\/index.php\/wp-json\/wp\/v2\/categories?post=3211"},{"taxonomy":"post_tag","embeddable":true,"href":"https:\/\/lackman.com.br\/index.php\/wp-json\/wp\/v2\/tags?post=3211"}],"curies":[{"name":"wp","href":"https:\/\/api.w.org\/{rel}","templated":true}]}}