{"id":3197,"date":"2023-02-14T09:57:04","date_gmt":"2023-02-14T12:57:04","guid":{"rendered":"https:\/\/lackman.com.br\/?p=3197"},"modified":"2023-02-14T10:00:54","modified_gmt":"2023-02-14T13:00:54","slug":"501-jeans-mais-famoso-da-levis-faz-150-anos","status":"publish","type":"post","link":"https:\/\/lackman.com.br\/index.php\/2023\/02\/14\/501-jeans-mais-famoso-da-levis-faz-150-anos\/","title":{"rendered":"501\u00ae, jeans mais famoso da Levi&#8217;s faz 150 anos"},"content":{"rendered":"<h5 style=\"text-align: justify;\"><em><strong>Hist\u00f3rico modelo de cal\u00e7a jeans da Levi&#8217;s festeja exist\u00eancia como pe\u00e7a ic\u00f4nica e tradicional<\/strong><\/em><\/h5>\n<p style=\"text-align: justify;\">O que come\u00e7ou como uma patente para rebites de cobre em cal\u00e7as de trabalho, em 1873, tornou-se ao longo dos \u00faltimos anos uma das pe\u00e7as de roupa mais ic\u00f4nicas e influentes j\u00e1 criadas. Tela em branco para quebrar regras e inventar qualquer estilo, a cal\u00e7a jeans 501\u00ae da Levi&#8217;s\u00ae ultrapassou os limites do tempo e da cultura. Este ano, o principal produto da marca comemora 150 anos de exist\u00eancia, ainda como um verdadeiro item original adotado por cada gera\u00e7\u00e3o \u00e0 sua pr\u00f3pria maneira.<\/p>\n<p><img fetchpriority=\"high\" decoding=\"async\" class=\"alignnone wp-image-3208 size-large\" src=\"http:\/\/lackman.com.br\/wp-content\/uploads\/2023\/02\/levis-501-e1676318184860-1024x689.jpg\" alt=\"\" width=\"1024\" height=\"689\" srcset=\"https:\/\/lackman.com.br\/wp-content\/uploads\/2023\/02\/levis-501-e1676318184860-1024x689.jpg 1024w, https:\/\/lackman.com.br\/wp-content\/uploads\/2023\/02\/levis-501-e1676318184860-300x202.jpg 300w, https:\/\/lackman.com.br\/wp-content\/uploads\/2023\/02\/levis-501-e1676318184860-768x516.jpg 768w, https:\/\/lackman.com.br\/wp-content\/uploads\/2023\/02\/levis-501-e1676318184860-1536x1033.jpg 1536w, https:\/\/lackman.com.br\/wp-content\/uploads\/2023\/02\/levis-501-e1676318184860.jpg 1563w\" sizes=\"(max-width: 1024px) 100vw, 1024px\" \/><\/p>\n<p style=\"text-align: justify;\">Tudo se iniciou quando Jacob Davis imaginou uma marcante inova\u00e7\u00e3o para o\u00a0<i>workwear<\/i>, as aplica\u00e7\u00f5es de rebites de cobre em cal\u00e7as de lona. Observando a instantaneidade do sucesso de sua ideia, Davis\u00a0pregou rebites iguais em um macac\u00e3o e o mostrou a\u00a0seu fornecedor dos produtos de mercearia, Levi Strauss. A partir disso, a dupla concebeu uma vers\u00e3o do macac\u00e3o,\u00a0mas usando denim e lona de pato, um tecido resistente de algod\u00e3o.\u00a0A pe\u00e7a foi patenteada em 1873, quando foi lan\u00e7ado oficialmente o\u00a0<i>jeans\u00a0<\/i>501\u00ae.<\/p>\n<p style=\"text-align: justify;\">Conheca a hist\u00f3ria completa no <span style=\"color: #0000ff;\"><strong><a style=\"color: #0000ff;\" href=\"https:\/\/www.levi.com.br\/institucional\/sobre-nos\/historia-legado\">link<\/a>.<\/strong><\/span><\/p>\n<p style=\"text-align: justify;\">O que d\u00e1 in\u00edcio \u00e0 celebra\u00e7\u00e3o do 150\u00ba anivers\u00e1rio do <i>jeans<\/i>\u00a0501\u00ae s\u00e3o os lan\u00e7amentos dos filmes que constroem a campanha \u201cA Maior Hist\u00f3ria J\u00e1 Vestida\u201d (<i>The Greatest Story Ever Worn<\/i>). A a\u00e7\u00e3o reunir\u00e1 curtas-metragens dirigidos por Martin de Thurah e Melina Matsoukas que exploram hist\u00f3rias originais e ver\u00eddicas de todo o mundo envolvendo o\u00a0<i>jeans\u00a0<\/i>501\u00ae e seu papel em in\u00fameros momentos hist\u00f3ricos, culturais e pessoais a fim de inspirar uma nova gera\u00e7\u00e3o a escrever o pr\u00f3ximo cap\u00edtulo.<\/p>\n<p style=\"text-align: justify;\"><img decoding=\"async\" class=\"alignnone wp-image-3204 size-large\" src=\"http:\/\/lackman.com.br\/wp-content\/uploads\/2023\/02\/501-Levis-e1676317902760-1024x876.jpg\" alt=\"\" width=\"1024\" height=\"876\" srcset=\"https:\/\/lackman.com.br\/wp-content\/uploads\/2023\/02\/501-Levis-e1676317902760-1024x876.jpg 1024w, https:\/\/lackman.com.br\/wp-content\/uploads\/2023\/02\/501-Levis-e1676317902760-300x257.jpg 300w, https:\/\/lackman.com.br\/wp-content\/uploads\/2023\/02\/501-Levis-e1676317902760-768x657.jpg 768w, https:\/\/lackman.com.br\/wp-content\/uploads\/2023\/02\/501-Levis-e1676317902760-1536x1313.jpg 1536w, https:\/\/lackman.com.br\/wp-content\/uploads\/2023\/02\/501-Levis-e1676317902760.jpg 1600w\" sizes=\"(max-width: 1024px) 100vw, 1024px\" \/><\/p>\n<p style=\"text-align: justify;\">\u201cA Maior Hist\u00f3ria J\u00e1 Vestida\u201d apresenta o 501\u00ae como uma trajet\u00f3ria em constante expans\u00e3o, escrita e reescrita por todos os amantes do modelo. &#8220;Poucos produtos, especialmente as roupas, estiveram presentes de forma t\u00e3o consistente em tantas experi\u00eancias humanas por tanto tempo quanto o 501\u00ae. De sua origem humilde como cal\u00e7as de trabalho, o Jeans Levi&#8217;s\u00ae 501\u00ae se tornou uma tela em branco para a auto express\u00e3o e um s\u00edmbolo atemporal para os inovadores que transcendem os limites de cultura e de classe. Este \u00e9 um momento incr\u00edvel e um marco para a Levi&#8217;s\u00ae. Atrav\u00e9s da campanha \u201cA Maior Hist\u00f3ria J\u00e1 Vestida\u201d, vamos celebrar o legado do 501\u00ae, sua abrang\u00eancia incompar\u00e1vel e relev\u00e2ncia global, al\u00e9m de inspirar a pr\u00f3xima gera\u00e7\u00e3o a criar novos momentos&#8221;, explica Chris Jackman, VP de Brand Marketing da Levi&#8217;s\u00ae.<\/p>\n<div class=\"ast-oembed-container \" style=\"height: 100%;\"><iframe title=\"One Influential Island in the Greatest Story Ever Worn | Precious Cargo Trailer | Levi&#039;s\" width=\"500\" height=\"281\" src=\"https:\/\/www.youtube.com\/embed\/xf2TN9be_fM?feature=oembed\" frameborder=\"0\" allow=\"accelerometer; autoplay; clipboard-write; encrypted-media; gyroscope; picture-in-picture; web-share\" referrerpolicy=\"strict-origin-when-cross-origin\" allowfullscreen><\/iframe><\/div>\n<p style=\"text-align: justify;\">Os filmes ir\u00e3o abordar hist\u00f3rias inacredit\u00e1veis como quando os\u00a0<i>jeans<\/i>\u00a0501\u00ae chegaram a Kingston, na Jamaica, durante a d\u00e9cada de 70 e o pa\u00eds transformou em algo exclusivamente seu, ou quando um fiel usu\u00e1rio de Levi&#8217;s\u00ae pediu para ser enterrado com seu 501\u00ae, al\u00e9m de desejar tamb\u00e9m que os participantes do funeral estivessem vestidos com ela. Esses curtas trazem intensas reflex\u00f5es de que\u00a0<i>jeans\u00a0<\/i>n\u00e3o representa apenas a hist\u00f3ria de uma pessoa, mas a hist\u00f3ria de todos. Para a marca, o futuro \u00e9 garantir os pr\u00f3ximos 150 anos do 501\u00ae como uma das cal\u00e7as mais dur\u00e1veis, inovadoras e elegantes j\u00e1 feitas, adaptando-a ao decorrer dos tempos para participar de ainda mais hist\u00f3rias.<\/p>\n<hr \/>\n<pre><i>Foto: Divulga\u00e7\u00e3o\/Levi Strauss &amp; Co.<\/i><\/pre>\n","protected":false},"excerpt":{"rendered":"<p>Hist\u00f3rico modelo de cal\u00e7a jeans da Levi&#8217;s festeja exist\u00eancia como pe\u00e7a ic\u00f4nica e tradicional O que come\u00e7ou como uma patente para rebites de cobre em cal\u00e7as de trabalho, em 1873, tornou-se ao longo dos \u00faltimos anos uma das pe\u00e7as de roupa mais ic\u00f4nicas e influentes j\u00e1 criadas. Tela em branco para quebrar regras e inventar qualquer estilo, a cal\u00e7a jeans 501\u00ae da Levi&#8217;s\u00ae ultrapassou os limites do tempo e da cultura. Este ano, o principal produto da marca comemora 150 anos de exist\u00eancia, ainda como um verdadeiro item original adotado por cada gera\u00e7\u00e3o \u00e0 sua pr\u00f3pria maneira. Tudo se iniciou quando Jacob Davis imaginou uma marcante inova\u00e7\u00e3o para o\u00a0workwear, as aplica\u00e7\u00f5es de rebites de cobre em cal\u00e7as de lona. Observando a instantaneidade do sucesso de sua ideia, Davis\u00a0pregou rebites iguais em um macac\u00e3o e o mostrou a\u00a0seu fornecedor dos produtos de mercearia, Levi Strauss. A partir disso, a dupla concebeu uma vers\u00e3o do macac\u00e3o,\u00a0mas usando denim e lona de pato, um tecido resistente de algod\u00e3o.\u00a0A pe\u00e7a foi patenteada em 1873, quando foi lan\u00e7ado oficialmente o\u00a0jeans\u00a0501\u00ae. Conheca a hist\u00f3ria completa no link. O que d\u00e1 in\u00edcio \u00e0 celebra\u00e7\u00e3o do 150\u00ba anivers\u00e1rio do jeans\u00a0501\u00ae s\u00e3o os lan\u00e7amentos dos filmes que constroem a campanha \u201cA Maior Hist\u00f3ria J\u00e1 Vestida\u201d (The Greatest Story Ever Worn). A a\u00e7\u00e3o reunir\u00e1 curtas-metragens dirigidos por Martin de Thurah e Melina Matsoukas que exploram hist\u00f3rias originais e ver\u00eddicas de todo o mundo envolvendo o\u00a0jeans\u00a0501\u00ae e seu papel em in\u00fameros momentos hist\u00f3ricos, culturais e pessoais a fim de inspirar uma nova gera\u00e7\u00e3o a escrever o pr\u00f3ximo cap\u00edtulo. \u201cA Maior Hist\u00f3ria J\u00e1 Vestida\u201d apresenta o 501\u00ae como uma trajet\u00f3ria em constante expans\u00e3o, escrita e reescrita por todos os amantes do modelo. &#8220;Poucos produtos, especialmente as roupas, estiveram presentes de forma t\u00e3o consistente em tantas experi\u00eancias humanas por tanto tempo quanto o 501\u00ae. De sua origem humilde como cal\u00e7as de trabalho, o Jeans Levi&#8217;s\u00ae 501\u00ae se tornou uma tela em branco para a auto express\u00e3o e um s\u00edmbolo atemporal para os inovadores que transcendem os limites de cultura e de classe. Este \u00e9 um momento incr\u00edvel e um marco para a Levi&#8217;s\u00ae. Atrav\u00e9s da campanha \u201cA Maior Hist\u00f3ria J\u00e1 Vestida\u201d, vamos celebrar o legado do 501\u00ae, sua abrang\u00eancia incompar\u00e1vel e relev\u00e2ncia global, al\u00e9m de inspirar a pr\u00f3xima gera\u00e7\u00e3o a criar novos momentos&#8221;, explica Chris Jackman, VP de Brand Marketing da Levi&#8217;s\u00ae. Os filmes ir\u00e3o abordar hist\u00f3rias inacredit\u00e1veis como quando os\u00a0jeans\u00a0501\u00ae chegaram a Kingston, na Jamaica, durante a d\u00e9cada de 70 e o pa\u00eds transformou em algo exclusivamente seu, ou quando um fiel usu\u00e1rio de Levi&#8217;s\u00ae pediu para ser enterrado com seu 501\u00ae, al\u00e9m de desejar tamb\u00e9m que os participantes do funeral estivessem vestidos com ela. Esses curtas trazem intensas reflex\u00f5es de que\u00a0jeans\u00a0n\u00e3o representa apenas a hist\u00f3ria de uma pessoa, mas a hist\u00f3ria de todos. Para a marca, o futuro \u00e9 garantir os pr\u00f3ximos 150 anos do 501\u00ae como uma das cal\u00e7as mais dur\u00e1veis, inovadoras e elegantes j\u00e1 feitas, adaptando-a ao decorrer dos tempos para participar de ainda mais hist\u00f3rias. Foto: Divulga\u00e7\u00e3o\/Levi Strauss &amp; Co.<\/p>\n","protected":false},"author":2,"featured_media":3209,"comment_status":"closed","ping_status":"open","sticky":false,"template":"","format":"standard","meta":{"site-sidebar-layout":"default","site-content-layout":"default","ast-site-content-layout":"default","site-content-style":"default","site-sidebar-style":"default","ast-global-header-display":"","ast-banner-title-visibility":"","ast-main-header-display":"","ast-hfb-above-header-display":"","ast-hfb-below-header-display":"","ast-hfb-mobile-header-display":"","site-post-title":"","ast-breadcrumbs-content":"","ast-featured-img":"","footer-sml-layout":"","ast-disable-related-posts":"","theme-transparent-header-meta":"default","adv-header-id-meta":"","stick-header-meta":"","header-above-stick-meta":"","header-main-stick-meta":"","header-below-stick-meta":"","astra-migrate-meta-layouts":"default","ast-page-background-enabled":"default","ast-page-background-meta":{"desktop":{"background-color":"","background-image":"","background-repeat":"repeat","background-position":"center center","background-size":"auto","background-attachment":"scroll","background-type":"","background-media":"","overlay-type":"","overlay-color":"","overlay-opacity":"","overlay-gradient":""},"tablet":{"background-color":"","background-image":"","background-repeat":"repeat","background-position":"center center","background-size":"auto","background-attachment":"scroll","background-type":"","background-media":"","overlay-type":"","overlay-color":"","overlay-opacity":"","overlay-gradient":""},"mobile":{"background-color":"","background-image":"","background-repeat":"repeat","background-position":"center center","background-size":"auto","background-attachment":"scroll","background-type":"","background-media":"","overlay-type":"","overlay-color":"","overlay-opacity":"","overlay-gradient":""}},"ast-content-background-meta":{"desktop":{"background-color":"var(--ast-global-color-5)","background-image":"","background-repeat":"repeat","background-position":"center center","background-size":"auto","background-attachment":"scroll","background-type":"","background-media":"","overlay-type":"","overlay-color":"","overlay-opacity":"","overlay-gradient":""},"tablet":{"background-color":"var(--ast-global-color-5)","background-image":"","background-repeat":"repeat","background-position":"center center","background-size":"auto","background-attachment":"scroll","background-type":"","background-media":"","overlay-type":"","overlay-color":"","overlay-opacity":"","overlay-gradient":""},"mobile":{"background-color":"var(--ast-global-color-5)","background-image":"","background-repeat":"repeat","background-position":"center center","background-size":"auto","background-attachment":"scroll","background-type":"","background-media":"","overlay-type":"","overlay-color":"","overlay-opacity":"","overlay-gradient":""}},"footnotes":""},"categories":[40],"tags":[100,101,99],"class_list":["post-3197","post","type-post","status-publish","format-standard","has-post-thumbnail","hentry","category-marcas","tag-100","tag-jeans","tag-levis"],"yoast_head":"<!-- This site is optimized with the Yoast SEO plugin v27.0 - https:\/\/yoast.com\/product\/yoast-seo-wordpress\/ -->\n<title>501\u00ae, jeans mais famoso da Levi&#039;s faz 150 anos - LACKMAN &amp; CO.<\/title>\n<meta name=\"robots\" content=\"index, follow, max-snippet:-1, max-image-preview:large, max-video-preview:-1\" \/>\n<link rel=\"canonical\" href=\"https:\/\/lackman.com.br\/index.php\/2023\/02\/14\/501-jeans-mais-famoso-da-levis-faz-150-anos\/\" \/>\n<meta property=\"og:locale\" content=\"pt_BR\" \/>\n<meta property=\"og:type\" content=\"article\" \/>\n<meta property=\"og:title\" content=\"501\u00ae, jeans mais famoso da Levi&#039;s faz 150 anos - LACKMAN &amp; CO.\" \/>\n<meta property=\"og:description\" content=\"Hist\u00f3rico modelo de cal\u00e7a jeans da Levi&#8217;s festeja exist\u00eancia como pe\u00e7a ic\u00f4nica e tradicional O que come\u00e7ou como uma patente para rebites de cobre em cal\u00e7as de trabalho, em 1873, tornou-se ao longo dos \u00faltimos anos uma das pe\u00e7as de roupa mais ic\u00f4nicas e influentes j\u00e1 criadas. Tela em branco para quebrar regras e inventar qualquer estilo, a cal\u00e7a jeans 501\u00ae da Levi&#8217;s\u00ae ultrapassou os limites do tempo e da cultura. Este ano, o principal produto da marca comemora 150 anos de exist\u00eancia, ainda como um verdadeiro item original adotado por cada gera\u00e7\u00e3o \u00e0 sua pr\u00f3pria maneira. Tudo se iniciou quando Jacob Davis imaginou uma marcante inova\u00e7\u00e3o para o\u00a0workwear, as aplica\u00e7\u00f5es de rebites de cobre em cal\u00e7as de lona. Observando a instantaneidade do sucesso de sua ideia, Davis\u00a0pregou rebites iguais em um macac\u00e3o e o mostrou a\u00a0seu fornecedor dos produtos de mercearia, Levi Strauss. A partir disso, a dupla concebeu uma vers\u00e3o do macac\u00e3o,\u00a0mas usando denim e lona de pato, um tecido resistente de algod\u00e3o.\u00a0A pe\u00e7a foi patenteada em 1873, quando foi lan\u00e7ado oficialmente o\u00a0jeans\u00a0501\u00ae. Conheca a hist\u00f3ria completa no link. O que d\u00e1 in\u00edcio \u00e0 celebra\u00e7\u00e3o do 150\u00ba anivers\u00e1rio do jeans\u00a0501\u00ae s\u00e3o os lan\u00e7amentos dos filmes que constroem a campanha \u201cA Maior Hist\u00f3ria J\u00e1 Vestida\u201d (The Greatest Story Ever Worn). A a\u00e7\u00e3o reunir\u00e1 curtas-metragens dirigidos por Martin de Thurah e Melina Matsoukas que exploram hist\u00f3rias originais e ver\u00eddicas de todo o mundo envolvendo o\u00a0jeans\u00a0501\u00ae e seu papel em in\u00fameros momentos hist\u00f3ricos, culturais e pessoais a fim de inspirar uma nova gera\u00e7\u00e3o a escrever o pr\u00f3ximo cap\u00edtulo. \u201cA Maior Hist\u00f3ria J\u00e1 Vestida\u201d apresenta o 501\u00ae como uma trajet\u00f3ria em constante expans\u00e3o, escrita e reescrita por todos os amantes do modelo. &#8220;Poucos produtos, especialmente as roupas, estiveram presentes de forma t\u00e3o consistente em tantas experi\u00eancias humanas por tanto tempo quanto o 501\u00ae. De sua origem humilde como cal\u00e7as de trabalho, o Jeans Levi&#8217;s\u00ae 501\u00ae se tornou uma tela em branco para a auto express\u00e3o e um s\u00edmbolo atemporal para os inovadores que transcendem os limites de cultura e de classe. Este \u00e9 um momento incr\u00edvel e um marco para a Levi&#8217;s\u00ae. Atrav\u00e9s da campanha \u201cA Maior Hist\u00f3ria J\u00e1 Vestida\u201d, vamos celebrar o legado do 501\u00ae, sua abrang\u00eancia incompar\u00e1vel e relev\u00e2ncia global, al\u00e9m de inspirar a pr\u00f3xima gera\u00e7\u00e3o a criar novos momentos&#8221;, explica Chris Jackman, VP de Brand Marketing da Levi&#8217;s\u00ae. Os filmes ir\u00e3o abordar hist\u00f3rias inacredit\u00e1veis como quando os\u00a0jeans\u00a0501\u00ae chegaram a Kingston, na Jamaica, durante a d\u00e9cada de 70 e o pa\u00eds transformou em algo exclusivamente seu, ou quando um fiel usu\u00e1rio de Levi&#8217;s\u00ae pediu para ser enterrado com seu 501\u00ae, al\u00e9m de desejar tamb\u00e9m que os participantes do funeral estivessem vestidos com ela. Esses curtas trazem intensas reflex\u00f5es de que\u00a0jeans\u00a0n\u00e3o representa apenas a hist\u00f3ria de uma pessoa, mas a hist\u00f3ria de todos. Para a marca, o futuro \u00e9 garantir os pr\u00f3ximos 150 anos do 501\u00ae como uma das cal\u00e7as mais dur\u00e1veis, inovadoras e elegantes j\u00e1 feitas, adaptando-a ao decorrer dos tempos para participar de ainda mais hist\u00f3rias. Foto: Divulga\u00e7\u00e3o\/Levi Strauss &amp; Co.\" \/>\n<meta property=\"og:url\" content=\"https:\/\/lackman.com.br\/index.php\/2023\/02\/14\/501-jeans-mais-famoso-da-levis-faz-150-anos\/\" \/>\n<meta property=\"og:site_name\" content=\"LACKMAN &amp; CO.\" \/>\n<meta property=\"article:author\" content=\"https:\/\/www.facebook.com\/fernandolackman\" \/>\n<meta property=\"article:published_time\" content=\"2023-02-14T12:57:04+00:00\" \/>\n<meta property=\"article:modified_time\" content=\"2023-02-14T13:00:54+00:00\" \/>\n<meta property=\"og:image\" content=\"http:\/\/lackman.com.br\/wp-content\/uploads\/2023\/02\/Levis-501-XX.jpg\" \/>\n\t<meta property=\"og:image:width\" content=\"1180\" \/>\n\t<meta property=\"og:image:height\" content=\"1180\" \/>\n\t<meta property=\"og:image:type\" content=\"image\/jpeg\" \/>\n<meta name=\"author\" content=\"Fernando Lackman\" \/>\n<meta name=\"twitter:card\" content=\"summary_large_image\" \/>\n<meta name=\"twitter:creator\" content=\"@fernandolackman\" \/>\n<meta name=\"twitter:label1\" content=\"Escrito por\" \/>\n\t<meta name=\"twitter:data1\" content=\"Fernando Lackman\" \/>\n\t<meta name=\"twitter:label2\" content=\"Est. tempo de leitura\" \/>\n\t<meta name=\"twitter:data2\" content=\"3 minutos\" \/>\n<script type=\"application\/ld+json\" class=\"yoast-schema-graph\">{\"@context\":\"https:\/\/schema.org\",\"@graph\":[{\"@type\":\"Article\",\"@id\":\"https:\/\/lackman.com.br\/index.php\/2023\/02\/14\/501-jeans-mais-famoso-da-levis-faz-150-anos\/#article\",\"isPartOf\":{\"@id\":\"https:\/\/lackman.com.br\/index.php\/2023\/02\/14\/501-jeans-mais-famoso-da-levis-faz-150-anos\/\"},\"author\":{\"name\":\"Fernando Lackman\",\"@id\":\"https:\/\/lackman.com.br\/#\/schema\/person\/dbfb3fbfc55f2b0bd4f9039696e70858\"},\"headline\":\"501\u00ae, jeans mais famoso da Levi&#8217;s faz 150 anos\",\"datePublished\":\"2023-02-14T12:57:04+00:00\",\"dateModified\":\"2023-02-14T13:00:54+00:00\",\"mainEntityOfPage\":{\"@id\":\"https:\/\/lackman.com.br\/index.php\/2023\/02\/14\/501-jeans-mais-famoso-da-levis-faz-150-anos\/\"},\"wordCount\":574,\"publisher\":{\"@id\":\"https:\/\/lackman.com.br\/#organization\"},\"image\":{\"@id\":\"https:\/\/lackman.com.br\/index.php\/2023\/02\/14\/501-jeans-mais-famoso-da-levis-faz-150-anos\/#primaryimage\"},\"thumbnailUrl\":\"https:\/\/lackman.com.br\/wp-content\/uploads\/2023\/02\/Levis-501-XX.jpg\",\"keywords\":[\"501\",\"jeans\",\"levi's\"],\"articleSection\":[\"Marcas\"],\"inLanguage\":\"pt-BR\"},{\"@type\":\"WebPage\",\"@id\":\"https:\/\/lackman.com.br\/index.php\/2023\/02\/14\/501-jeans-mais-famoso-da-levis-faz-150-anos\/\",\"url\":\"https:\/\/lackman.com.br\/index.php\/2023\/02\/14\/501-jeans-mais-famoso-da-levis-faz-150-anos\/\",\"name\":\"501\u00ae, jeans mais famoso da Levi's faz 150 anos - LACKMAN &amp; CO.\",\"isPartOf\":{\"@id\":\"https:\/\/lackman.com.br\/#website\"},\"primaryImageOfPage\":{\"@id\":\"https:\/\/lackman.com.br\/index.php\/2023\/02\/14\/501-jeans-mais-famoso-da-levis-faz-150-anos\/#primaryimage\"},\"image\":{\"@id\":\"https:\/\/lackman.com.br\/index.php\/2023\/02\/14\/501-jeans-mais-famoso-da-levis-faz-150-anos\/#primaryimage\"},\"thumbnailUrl\":\"https:\/\/lackman.com.br\/wp-content\/uploads\/2023\/02\/Levis-501-XX.jpg\",\"datePublished\":\"2023-02-14T12:57:04+00:00\",\"dateModified\":\"2023-02-14T13:00:54+00:00\",\"breadcrumb\":{\"@id\":\"https:\/\/lackman.com.br\/index.php\/2023\/02\/14\/501-jeans-mais-famoso-da-levis-faz-150-anos\/#breadcrumb\"},\"inLanguage\":\"pt-BR\",\"potentialAction\":[{\"@type\":\"ReadAction\",\"target\":[\"https:\/\/lackman.com.br\/index.php\/2023\/02\/14\/501-jeans-mais-famoso-da-levis-faz-150-anos\/\"]}]},{\"@type\":\"ImageObject\",\"inLanguage\":\"pt-BR\",\"@id\":\"https:\/\/lackman.com.br\/index.php\/2023\/02\/14\/501-jeans-mais-famoso-da-levis-faz-150-anos\/#primaryimage\",\"url\":\"https:\/\/lackman.com.br\/wp-content\/uploads\/2023\/02\/Levis-501-XX.jpg\",\"contentUrl\":\"https:\/\/lackman.com.br\/wp-content\/uploads\/2023\/02\/Levis-501-XX.jpg\",\"width\":1180,\"height\":1180},{\"@type\":\"BreadcrumbList\",\"@id\":\"https:\/\/lackman.com.br\/index.php\/2023\/02\/14\/501-jeans-mais-famoso-da-levis-faz-150-anos\/#breadcrumb\",\"itemListElement\":[{\"@type\":\"ListItem\",\"position\":1,\"name\":\"In\u00edcio\",\"item\":\"https:\/\/lackman.com.br\/\"},{\"@type\":\"ListItem\",\"position\":2,\"name\":\"501\u00ae, jeans mais famoso da Levi&#8217;s faz 150 anos\"}]},{\"@type\":\"WebSite\",\"@id\":\"https:\/\/lackman.com.br\/#website\",\"url\":\"https:\/\/lackman.com.br\/\",\"name\":\"LACKMAN &amp; CO.\",\"description\":\"VIDA | MODA | ARTE\",\"publisher\":{\"@id\":\"https:\/\/lackman.com.br\/#organization\"},\"potentialAction\":[{\"@type\":\"SearchAction\",\"target\":{\"@type\":\"EntryPoint\",\"urlTemplate\":\"https:\/\/lackman.com.br\/?s={search_term_string}\"},\"query-input\":{\"@type\":\"PropertyValueSpecification\",\"valueRequired\":true,\"valueName\":\"search_term_string\"}}],\"inLanguage\":\"pt-BR\"},{\"@type\":\"Organization\",\"@id\":\"https:\/\/lackman.com.br\/#organization\",\"name\":\"LACKMAN &amp; CO.\",\"url\":\"https:\/\/lackman.com.br\/\",\"logo\":{\"@type\":\"ImageObject\",\"inLanguage\":\"pt-BR\",\"@id\":\"https:\/\/lackman.com.br\/#\/schema\/logo\/image\/\",\"url\":\"https:\/\/lackman.com.br\/wp-content\/uploads\/2023\/06\/Logotipo_preto-1.png\",\"contentUrl\":\"https:\/\/lackman.com.br\/wp-content\/uploads\/2023\/06\/Logotipo_preto-1.png\",\"width\":739,\"height\":393,\"caption\":\"LACKMAN &amp; CO.\"},\"image\":{\"@id\":\"https:\/\/lackman.com.br\/#\/schema\/logo\/image\/\"}},{\"@type\":\"Person\",\"@id\":\"https:\/\/lackman.com.br\/#\/schema\/person\/dbfb3fbfc55f2b0bd4f9039696e70858\",\"name\":\"Fernando Lackman\",\"image\":{\"@type\":\"ImageObject\",\"inLanguage\":\"pt-BR\",\"@id\":\"https:\/\/lackman.com.br\/#\/schema\/person\/image\/\",\"url\":\"https:\/\/secure.gravatar.com\/avatar\/ae7993150af197e66480c8a769891833dd2b8d809f0d9ff3f25af796cf378ce8?s=96&d=mm&r=g\",\"contentUrl\":\"https:\/\/secure.gravatar.com\/avatar\/ae7993150af197e66480c8a769891833dd2b8d809f0d9ff3f25af796cf378ce8?s=96&d=mm&r=g\",\"caption\":\"Fernando Lackman\"},\"description\":\"Fernando Lackman \u00e9 jornalista especializado em Moda e Cultura, editor do site LACKMAN.com.br. \u00c9 autor do livro Bras\u00edlia Capital dos Criadores, que conta a hist\u00f3ria da moda no Distrito Federal. Tem em seu curr\u00edculo assinatura de dire\u00e7\u00e3o criativa e de desfiles em eventos como Estilo DF Plaza, Summer Collections, JK Street Fashion, Desfile Beleza Negra (DBN), PicniK Fashion Show, Vogue Fashion\u2019s Night Out Bras\u00edlia, entre outros. Foi diretor criativo do extinto Capital Fashion Week. Atualmente trabalha na dire\u00e7\u00e3o criativa de eventos como Top CUFA, BSB Fashion Street, Bras\u00edlia Fashion House, Ateli\u00ea Bras\u00edlia e Goi\u00e1s Fashion Week.\",\"sameAs\":[\"https:\/\/lackman.com.br\/\",\"https:\/\/www.facebook.com\/fernandolackman\",\"https:\/\/www.instagram.com\/fernandolackman\/\",\"https:\/\/www.linkedin.com\/in\/fernando-lackman\/\",\"https:\/\/br.pinterest.com\/fernandolackman\/\",\"https:\/\/x.com\/fernandolackman\"],\"url\":\"https:\/\/lackman.com.br\/index.php\/author\/fernando-lackman\/\"}]}<\/script>\n<!-- \/ Yoast SEO plugin. -->","yoast_head_json":{"title":"501\u00ae, jeans mais famoso da Levi's faz 150 anos - LACKMAN &amp; CO.","robots":{"index":"index","follow":"follow","max-snippet":"max-snippet:-1","max-image-preview":"max-image-preview:large","max-video-preview":"max-video-preview:-1"},"canonical":"https:\/\/lackman.com.br\/index.php\/2023\/02\/14\/501-jeans-mais-famoso-da-levis-faz-150-anos\/","og_locale":"pt_BR","og_type":"article","og_title":"501\u00ae, jeans mais famoso da Levi's faz 150 anos - LACKMAN &amp; CO.","og_description":"Hist\u00f3rico modelo de cal\u00e7a jeans da Levi&#8217;s festeja exist\u00eancia como pe\u00e7a ic\u00f4nica e tradicional O que come\u00e7ou como uma patente para rebites de cobre em cal\u00e7as de trabalho, em 1873, tornou-se ao longo dos \u00faltimos anos uma das pe\u00e7as de roupa mais ic\u00f4nicas e influentes j\u00e1 criadas. Tela em branco para quebrar regras e inventar qualquer estilo, a cal\u00e7a jeans 501\u00ae da Levi&#8217;s\u00ae ultrapassou os limites do tempo e da cultura. Este ano, o principal produto da marca comemora 150 anos de exist\u00eancia, ainda como um verdadeiro item original adotado por cada gera\u00e7\u00e3o \u00e0 sua pr\u00f3pria maneira. Tudo se iniciou quando Jacob Davis imaginou uma marcante inova\u00e7\u00e3o para o\u00a0workwear, as aplica\u00e7\u00f5es de rebites de cobre em cal\u00e7as de lona. Observando a instantaneidade do sucesso de sua ideia, Davis\u00a0pregou rebites iguais em um macac\u00e3o e o mostrou a\u00a0seu fornecedor dos produtos de mercearia, Levi Strauss. A partir disso, a dupla concebeu uma vers\u00e3o do macac\u00e3o,\u00a0mas usando denim e lona de pato, um tecido resistente de algod\u00e3o.\u00a0A pe\u00e7a foi patenteada em 1873, quando foi lan\u00e7ado oficialmente o\u00a0jeans\u00a0501\u00ae. Conheca a hist\u00f3ria completa no link. O que d\u00e1 in\u00edcio \u00e0 celebra\u00e7\u00e3o do 150\u00ba anivers\u00e1rio do jeans\u00a0501\u00ae s\u00e3o os lan\u00e7amentos dos filmes que constroem a campanha \u201cA Maior Hist\u00f3ria J\u00e1 Vestida\u201d (The Greatest Story Ever Worn). A a\u00e7\u00e3o reunir\u00e1 curtas-metragens dirigidos por Martin de Thurah e Melina Matsoukas que exploram hist\u00f3rias originais e ver\u00eddicas de todo o mundo envolvendo o\u00a0jeans\u00a0501\u00ae e seu papel em in\u00fameros momentos hist\u00f3ricos, culturais e pessoais a fim de inspirar uma nova gera\u00e7\u00e3o a escrever o pr\u00f3ximo cap\u00edtulo. \u201cA Maior Hist\u00f3ria J\u00e1 Vestida\u201d apresenta o 501\u00ae como uma trajet\u00f3ria em constante expans\u00e3o, escrita e reescrita por todos os amantes do modelo. &#8220;Poucos produtos, especialmente as roupas, estiveram presentes de forma t\u00e3o consistente em tantas experi\u00eancias humanas por tanto tempo quanto o 501\u00ae. De sua origem humilde como cal\u00e7as de trabalho, o Jeans Levi&#8217;s\u00ae 501\u00ae se tornou uma tela em branco para a auto express\u00e3o e um s\u00edmbolo atemporal para os inovadores que transcendem os limites de cultura e de classe. Este \u00e9 um momento incr\u00edvel e um marco para a Levi&#8217;s\u00ae. Atrav\u00e9s da campanha \u201cA Maior Hist\u00f3ria J\u00e1 Vestida\u201d, vamos celebrar o legado do 501\u00ae, sua abrang\u00eancia incompar\u00e1vel e relev\u00e2ncia global, al\u00e9m de inspirar a pr\u00f3xima gera\u00e7\u00e3o a criar novos momentos&#8221;, explica Chris Jackman, VP de Brand Marketing da Levi&#8217;s\u00ae. Os filmes ir\u00e3o abordar hist\u00f3rias inacredit\u00e1veis como quando os\u00a0jeans\u00a0501\u00ae chegaram a Kingston, na Jamaica, durante a d\u00e9cada de 70 e o pa\u00eds transformou em algo exclusivamente seu, ou quando um fiel usu\u00e1rio de Levi&#8217;s\u00ae pediu para ser enterrado com seu 501\u00ae, al\u00e9m de desejar tamb\u00e9m que os participantes do funeral estivessem vestidos com ela. Esses curtas trazem intensas reflex\u00f5es de que\u00a0jeans\u00a0n\u00e3o representa apenas a hist\u00f3ria de uma pessoa, mas a hist\u00f3ria de todos. Para a marca, o futuro \u00e9 garantir os pr\u00f3ximos 150 anos do 501\u00ae como uma das cal\u00e7as mais dur\u00e1veis, inovadoras e elegantes j\u00e1 feitas, adaptando-a ao decorrer dos tempos para participar de ainda mais hist\u00f3rias. Foto: Divulga\u00e7\u00e3o\/Levi Strauss &amp; Co.","og_url":"https:\/\/lackman.com.br\/index.php\/2023\/02\/14\/501-jeans-mais-famoso-da-levis-faz-150-anos\/","og_site_name":"LACKMAN &amp; CO.","article_author":"https:\/\/www.facebook.com\/fernandolackman","article_published_time":"2023-02-14T12:57:04+00:00","article_modified_time":"2023-02-14T13:00:54+00:00","og_image":[{"width":1180,"height":1180,"url":"http:\/\/lackman.com.br\/wp-content\/uploads\/2023\/02\/Levis-501-XX.jpg","type":"image\/jpeg"}],"author":"Fernando Lackman","twitter_card":"summary_large_image","twitter_creator":"@fernandolackman","twitter_misc":{"Escrito por":"Fernando Lackman","Est. tempo de leitura":"3 minutos"},"schema":{"@context":"https:\/\/schema.org","@graph":[{"@type":"Article","@id":"https:\/\/lackman.com.br\/index.php\/2023\/02\/14\/501-jeans-mais-famoso-da-levis-faz-150-anos\/#article","isPartOf":{"@id":"https:\/\/lackman.com.br\/index.php\/2023\/02\/14\/501-jeans-mais-famoso-da-levis-faz-150-anos\/"},"author":{"name":"Fernando Lackman","@id":"https:\/\/lackman.com.br\/#\/schema\/person\/dbfb3fbfc55f2b0bd4f9039696e70858"},"headline":"501\u00ae, jeans mais famoso da Levi&#8217;s faz 150 anos","datePublished":"2023-02-14T12:57:04+00:00","dateModified":"2023-02-14T13:00:54+00:00","mainEntityOfPage":{"@id":"https:\/\/lackman.com.br\/index.php\/2023\/02\/14\/501-jeans-mais-famoso-da-levis-faz-150-anos\/"},"wordCount":574,"publisher":{"@id":"https:\/\/lackman.com.br\/#organization"},"image":{"@id":"https:\/\/lackman.com.br\/index.php\/2023\/02\/14\/501-jeans-mais-famoso-da-levis-faz-150-anos\/#primaryimage"},"thumbnailUrl":"https:\/\/lackman.com.br\/wp-content\/uploads\/2023\/02\/Levis-501-XX.jpg","keywords":["501","jeans","levi's"],"articleSection":["Marcas"],"inLanguage":"pt-BR"},{"@type":"WebPage","@id":"https:\/\/lackman.com.br\/index.php\/2023\/02\/14\/501-jeans-mais-famoso-da-levis-faz-150-anos\/","url":"https:\/\/lackman.com.br\/index.php\/2023\/02\/14\/501-jeans-mais-famoso-da-levis-faz-150-anos\/","name":"501\u00ae, jeans mais famoso da Levi's faz 150 anos - LACKMAN &amp; CO.","isPartOf":{"@id":"https:\/\/lackman.com.br\/#website"},"primaryImageOfPage":{"@id":"https:\/\/lackman.com.br\/index.php\/2023\/02\/14\/501-jeans-mais-famoso-da-levis-faz-150-anos\/#primaryimage"},"image":{"@id":"https:\/\/lackman.com.br\/index.php\/2023\/02\/14\/501-jeans-mais-famoso-da-levis-faz-150-anos\/#primaryimage"},"thumbnailUrl":"https:\/\/lackman.com.br\/wp-content\/uploads\/2023\/02\/Levis-501-XX.jpg","datePublished":"2023-02-14T12:57:04+00:00","dateModified":"2023-02-14T13:00:54+00:00","breadcrumb":{"@id":"https:\/\/lackman.com.br\/index.php\/2023\/02\/14\/501-jeans-mais-famoso-da-levis-faz-150-anos\/#breadcrumb"},"inLanguage":"pt-BR","potentialAction":[{"@type":"ReadAction","target":["https:\/\/lackman.com.br\/index.php\/2023\/02\/14\/501-jeans-mais-famoso-da-levis-faz-150-anos\/"]}]},{"@type":"ImageObject","inLanguage":"pt-BR","@id":"https:\/\/lackman.com.br\/index.php\/2023\/02\/14\/501-jeans-mais-famoso-da-levis-faz-150-anos\/#primaryimage","url":"https:\/\/lackman.com.br\/wp-content\/uploads\/2023\/02\/Levis-501-XX.jpg","contentUrl":"https:\/\/lackman.com.br\/wp-content\/uploads\/2023\/02\/Levis-501-XX.jpg","width":1180,"height":1180},{"@type":"BreadcrumbList","@id":"https:\/\/lackman.com.br\/index.php\/2023\/02\/14\/501-jeans-mais-famoso-da-levis-faz-150-anos\/#breadcrumb","itemListElement":[{"@type":"ListItem","position":1,"name":"In\u00edcio","item":"https:\/\/lackman.com.br\/"},{"@type":"ListItem","position":2,"name":"501\u00ae, jeans mais famoso da Levi&#8217;s faz 150 anos"}]},{"@type":"WebSite","@id":"https:\/\/lackman.com.br\/#website","url":"https:\/\/lackman.com.br\/","name":"LACKMAN &amp; CO.","description":"VIDA | MODA | ARTE","publisher":{"@id":"https:\/\/lackman.com.br\/#organization"},"potentialAction":[{"@type":"SearchAction","target":{"@type":"EntryPoint","urlTemplate":"https:\/\/lackman.com.br\/?s={search_term_string}"},"query-input":{"@type":"PropertyValueSpecification","valueRequired":true,"valueName":"search_term_string"}}],"inLanguage":"pt-BR"},{"@type":"Organization","@id":"https:\/\/lackman.com.br\/#organization","name":"LACKMAN &amp; CO.","url":"https:\/\/lackman.com.br\/","logo":{"@type":"ImageObject","inLanguage":"pt-BR","@id":"https:\/\/lackman.com.br\/#\/schema\/logo\/image\/","url":"https:\/\/lackman.com.br\/wp-content\/uploads\/2023\/06\/Logotipo_preto-1.png","contentUrl":"https:\/\/lackman.com.br\/wp-content\/uploads\/2023\/06\/Logotipo_preto-1.png","width":739,"height":393,"caption":"LACKMAN &amp; CO."},"image":{"@id":"https:\/\/lackman.com.br\/#\/schema\/logo\/image\/"}},{"@type":"Person","@id":"https:\/\/lackman.com.br\/#\/schema\/person\/dbfb3fbfc55f2b0bd4f9039696e70858","name":"Fernando Lackman","image":{"@type":"ImageObject","inLanguage":"pt-BR","@id":"https:\/\/lackman.com.br\/#\/schema\/person\/image\/","url":"https:\/\/secure.gravatar.com\/avatar\/ae7993150af197e66480c8a769891833dd2b8d809f0d9ff3f25af796cf378ce8?s=96&d=mm&r=g","contentUrl":"https:\/\/secure.gravatar.com\/avatar\/ae7993150af197e66480c8a769891833dd2b8d809f0d9ff3f25af796cf378ce8?s=96&d=mm&r=g","caption":"Fernando Lackman"},"description":"Fernando Lackman \u00e9 jornalista especializado em Moda e Cultura, editor do site LACKMAN.com.br. \u00c9 autor do livro Bras\u00edlia Capital dos Criadores, que conta a hist\u00f3ria da moda no Distrito Federal. Tem em seu curr\u00edculo assinatura de dire\u00e7\u00e3o criativa e de desfiles em eventos como Estilo DF Plaza, Summer Collections, JK Street Fashion, Desfile Beleza Negra (DBN), PicniK Fashion Show, Vogue Fashion\u2019s Night Out Bras\u00edlia, entre outros. Foi diretor criativo do extinto Capital Fashion Week. Atualmente trabalha na dire\u00e7\u00e3o criativa de eventos como Top CUFA, BSB Fashion Street, Bras\u00edlia Fashion House, Ateli\u00ea Bras\u00edlia e Goi\u00e1s Fashion Week.","sameAs":["https:\/\/lackman.com.br\/","https:\/\/www.facebook.com\/fernandolackman","https:\/\/www.instagram.com\/fernandolackman\/","https:\/\/www.linkedin.com\/in\/fernando-lackman\/","https:\/\/br.pinterest.com\/fernandolackman\/","https:\/\/x.com\/fernandolackman"],"url":"https:\/\/lackman.com.br\/index.php\/author\/fernando-lackman\/"}]}},"rttpg_featured_image_url":{"full":["https:\/\/lackman.com.br\/wp-content\/uploads\/2023\/02\/Levis-501-XX.jpg",1180,1180,false],"landscape":["https:\/\/lackman.com.br\/wp-content\/uploads\/2023\/02\/Levis-501-XX.jpg",1180,1180,false],"portraits":["https:\/\/lackman.com.br\/wp-content\/uploads\/2023\/02\/Levis-501-XX.jpg",1180,1180,false],"thumbnail":["https:\/\/lackman.com.br\/wp-content\/uploads\/2023\/02\/Levis-501-XX-150x150.jpg",150,150,true],"medium":["https:\/\/lackman.com.br\/wp-content\/uploads\/2023\/02\/Levis-501-XX-300x300.jpg",300,300,true],"large":["https:\/\/lackman.com.br\/wp-content\/uploads\/2023\/02\/Levis-501-XX-1024x1024.jpg",1024,1024,true],"RoboGalleryMansoryImagesCenter":["https:\/\/lackman.com.br\/wp-content\/uploads\/2023\/02\/Levis-501-XX-600x1024.jpg",600,1024,true],"RoboGalleryPreload":["https:\/\/lackman.com.br\/wp-content\/uploads\/2023\/02\/Levis-501-XX.jpg",100,100,false],"1536x1536":["https:\/\/lackman.com.br\/wp-content\/uploads\/2023\/02\/Levis-501-XX.jpg",1180,1180,false],"2048x2048":["https:\/\/lackman.com.br\/wp-content\/uploads\/2023\/02\/Levis-501-XX.jpg",1180,1180,false]},"rttpg_author":{"display_name":"Fernando Lackman","author_link":"https:\/\/lackman.com.br\/index.php\/author\/fernando-lackman\/"},"rttpg_comment":0,"rttpg_category":"<a href=\"https:\/\/lackman.com.br\/index.php\/category\/moda\/marcas\/\" rel=\"category tag\">Marcas<\/a>","rttpg_excerpt":"Hist\u00f3rico modelo de cal\u00e7a jeans da Levi&#8217;s festeja exist\u00eancia como pe\u00e7a ic\u00f4nica e tradicional O que come\u00e7ou como uma patente para rebites de cobre em cal\u00e7as de trabalho, em 1873, tornou-se ao longo dos \u00faltimos anos uma das pe\u00e7as de roupa mais ic\u00f4nicas e influentes j\u00e1 criadas. Tela em branco para quebrar regras e inventar&hellip;","_links":{"self":[{"href":"https:\/\/lackman.com.br\/index.php\/wp-json\/wp\/v2\/posts\/3197","targetHints":{"allow":["GET"]}}],"collection":[{"href":"https:\/\/lackman.com.br\/index.php\/wp-json\/wp\/v2\/posts"}],"about":[{"href":"https:\/\/lackman.com.br\/index.php\/wp-json\/wp\/v2\/types\/post"}],"author":[{"embeddable":true,"href":"https:\/\/lackman.com.br\/index.php\/wp-json\/wp\/v2\/users\/2"}],"replies":[{"embeddable":true,"href":"https:\/\/lackman.com.br\/index.php\/wp-json\/wp\/v2\/comments?post=3197"}],"version-history":[{"count":1,"href":"https:\/\/lackman.com.br\/index.php\/wp-json\/wp\/v2\/posts\/3197\/revisions"}],"predecessor-version":[{"id":3210,"href":"https:\/\/lackman.com.br\/index.php\/wp-json\/wp\/v2\/posts\/3197\/revisions\/3210"}],"wp:featuredmedia":[{"embeddable":true,"href":"https:\/\/lackman.com.br\/index.php\/wp-json\/wp\/v2\/media\/3209"}],"wp:attachment":[{"href":"https:\/\/lackman.com.br\/index.php\/wp-json\/wp\/v2\/media?parent=3197"}],"wp:term":[{"taxonomy":"category","embeddable":true,"href":"https:\/\/lackman.com.br\/index.php\/wp-json\/wp\/v2\/categories?post=3197"},{"taxonomy":"post_tag","embeddable":true,"href":"https:\/\/lackman.com.br\/index.php\/wp-json\/wp\/v2\/tags?post=3197"}],"curies":[{"name":"wp","href":"https:\/\/api.w.org\/{rel}","templated":true}]}}