{"id":2018,"date":"2023-02-10T02:03:35","date_gmt":"2023-02-10T05:03:35","guid":{"rendered":"https:\/\/lackman.com.br\/?p=2018"},"modified":"2023-02-24T11:14:07","modified_gmt":"2023-02-24T14:14:07","slug":"nordestesse-em-sao-paulo","status":"publish","type":"post","link":"https:\/\/lackman.com.br\/index.php\/2023\/02\/10\/nordestesse-em-sao-paulo\/","title":{"rendered":"Nordestesse aposta em expans\u00e3o com loja f\u00edsica em SP"},"content":{"rendered":"<h5 style=\"text-align: justify;\"><strong><i>Dando in\u00edcio nas novidades de 2023, novas cole\u00e7\u00f5es chegam na Casa Nordestesse e se juntam a marcas selecionadas para o carnaval<\/i><\/strong><\/h5>\n<p style=\"text-align: justify;\"><span style=\"font-size: 16px;\"><br \/>\nA Casa Nordestesse em S\u00e3o Paulo \u00e9 o primeiro espa\u00e7o pr\u00f3prio da plataforma criada em julho de 2021 com o objetivo de fomentar o trabalho de estilistas, designers, artistas e chefes de cozinha dos 9 estados do Nordeste. Localizado no segundo andar da Casa Cip\u00f3, na Alameda Lorena, entre as ruas Augusta e Haddock Lobo, a Casa Nordestesse abriga um mix seleto de marcas de moda, decora\u00e7\u00e3o e o Kassu\u00e1, plataforma que seleciona produtos gastron\u00f4micos premiados de toda a regi\u00e3o.<\/span><\/p>\n<style type=\"text\/css\" scoped>.rbs_gallery_69f3497a1d132Spinner{\r\n\t\t\t\tmargin: 50px auto;\r\n\t\t\t\twidth: 50px;\r\n\t\t\t\theight: 40px;\r\n\t\t\t\ttext-align: center;\r\n\t\t\t\tfont-size: 10px;\r\n\t\t\t}\r\n\t\t\t.rbs_gallery_69f3497a1d132Spinner > div{\r\n\t\t\t  background-color: #333;\r\n\t\t\t  height: 100%;\r\n\t\t\t  width: 6px;\r\n\t\t\t  display: inline-block;\r\n\t\t\t  -webkit-animation: rbs_gallery_69f3497a1d132-stretchdelay 1.2s infinite ease-in-out;\r\n\t\t\t  animation: rbs_gallery_69f3497a1d132-stretchdelay 1.2s infinite ease-in-out;\r\n\t\t\t}\r\n\t\t\t.rbs_gallery_69f3497a1d132Spinner .rbs_gallery_69f3497a1d132Rect2 {\r\n\t\t\t  -webkit-animation-delay: -1.1s;\r\n\t\t\t  animation-delay: -1.1s;\r\n\t\t\t}\r\n\t\t\t.rbs_gallery_69f3497a1d132Spinner .rbs_gallery_69f3497a1d132Rect3 {\r\n\t\t\t  -webkit-animation-delay: -1.0s;\r\n\t\t\t  animation-delay: -1.0s;\r\n\t\t\t}\r\n\t\t\t.rbs_gallery_69f3497a1d132Spinner .rbs_gallery_69f3497a1d132Rect4 {\r\n\t\t\t  -webkit-animation-delay: -0.9s;\r\n\t\t\t  animation-delay: -0.9s;\r\n\t\t\t}\r\n\t\t\t.rbs_gallery_69f3497a1d132Spinner .rbs_gallery_69f3497a1d132Rect5 {\r\n\t\t\t  -webkit-animation-delay: -0.8s;\r\n\t\t\t  animation-delay: -0.8s;\r\n\t\t\t}\r\n\t\t\t@-webkit-keyframes rbs_gallery_69f3497a1d132-stretchdelay {\r\n\t\t\t  0%, 40%, 100% { -webkit-transform: scaleY(0.4) }  \r\n\t\t\t  20% { -webkit-transform: scaleY(1.0) }\r\n\t\t\t}\r\n\t\t\t@keyframes rbs_gallery_69f3497a1d132-stretchdelay {\r\n\t\t\t  0%, 40%, 100% { \r\n\t\t\t    transform: scaleY(0.4);\r\n\t\t\t    -webkit-transform: scaleY(0.4);\r\n\t\t\t  }  20% { \r\n\t\t\t    transform: scaleY(1.0);\r\n\t\t\t    -webkit-transform: scaleY(1.0);\r\n\t\t\t  }\r\n\t\t\t}\r\n\t\t<\/style><div class=\"robo-gallery-wrap robo-gallery-wrap-id2340 robo-gallery-masonry\" ><div id=\"rbs_gallery_69f3497a1d132-block-loader\" class=\"rbs_gallery_69f3497a1d132Spinner\"><div class=\"rbs_gallery_69f3497a1d132Rect1\"><\/div> <div class=\"rbs_gallery_69f3497a1d132Rect2\"><\/div> <div class=\"rbs_gallery_69f3497a1d132Rect3\"><\/div> <div class=\"rbs_gallery_69f3497a1d132Rect4\"><\/div> <div class=\"rbs_gallery_69f3497a1d132Rect5\"><\/div><\/div><div id=\"robo_gallery_main_block_rbs_gallery_69f3497a1d132\" class=\"robogallery-gallery-2340\" style=\"width:100%;  display: none;\"><div id=\"rbs_gallery_69f3497a1d132\" data-options=\"rbs_gallery_69f3497a1d132\" style=\"width:100%;\" class=\"robo_gallery  \"><div class=\"rbs-img  category2340 \" ><div class=\"rbs-img-image   rbs-lightbox \" ><div class=\"rbs-img-thumbs\"  data-thumbnail=\"https:\/\/lackman.com.br\/wp-content\/uploads\/2023\/02\/nordestesse-1-600x1000.jpg\"  title=\"nordestesse (1)\"  data-width=\"600\"  data-height=\"1000\" ><\/div><div class=\"rbs-img-data-popup\"  data-popup=\"https:\/\/lackman.com.br\/wp-content\/uploads\/2023\/02\/nordestesse-1.jpg\"  title=\"nordestesse (1)\" ><\/div><div class=\"thumbnail-overlay\"><div class=\"rbsTitle \">nordestesse (1)<\/div><div class=\"rbsIcons\"><i class=\"fa fa-plus rbsZoomIcon \" ><\/i><\/div><\/div><\/div><\/div><div class=\"rbs-img  category2340 \" ><div class=\"rbs-img-image   rbs-lightbox \" ><div class=\"rbs-img-thumbs\"  data-thumbnail=\"https:\/\/lackman.com.br\/wp-content\/uploads\/2023\/02\/nordestesse-2-241x300.jpg\"  title=\"nordestesse (2)\"  data-width=\"241\"  data-height=\"300\" ><\/div><div class=\"rbs-img-data-popup\"  data-popup=\"https:\/\/lackman.com.br\/wp-content\/uploads\/2023\/02\/nordestesse-2.jpg\"  title=\"nordestesse (2)\" ><\/div><div class=\"thumbnail-overlay\"><div class=\"rbsTitle \">nordestesse (2)<\/div><div class=\"rbsIcons\"><i class=\"fa fa-plus rbsZoomIcon \" ><\/i><\/div><\/div><\/div><\/div><div class=\"rbs-img  category2340 \" ><div class=\"rbs-img-image   rbs-lightbox \" ><div class=\"rbs-img-thumbs\"  data-thumbnail=\"https:\/\/lackman.com.br\/wp-content\/uploads\/2023\/02\/nordestesse-3-600x875.jpg\"  title=\"nordestesse (3)\"  data-width=\"600\"  data-height=\"875\" ><\/div><div class=\"rbs-img-data-popup\"  data-popup=\"https:\/\/lackman.com.br\/wp-content\/uploads\/2023\/02\/nordestesse-3.jpg\"  title=\"nordestesse (3)\" ><\/div><div class=\"thumbnail-overlay\"><div class=\"rbsTitle \">nordestesse (3)<\/div><div class=\"rbsIcons\"><i class=\"fa fa-plus rbsZoomIcon \" ><\/i><\/div><\/div><\/div><\/div><div class=\"rbs-img  category2340 \" ><div class=\"rbs-img-image   rbs-lightbox \" ><div class=\"rbs-img-thumbs\"  data-thumbnail=\"https:\/\/lackman.com.br\/wp-content\/uploads\/2023\/02\/nordestesse-4-600x875.jpg\"  title=\"nordestesse (4)\"  data-width=\"600\"  data-height=\"875\" ><\/div><div class=\"rbs-img-data-popup\"  data-popup=\"https:\/\/lackman.com.br\/wp-content\/uploads\/2023\/02\/nordestesse-4.jpg\"  title=\"nordestesse (4)\" ><\/div><div class=\"thumbnail-overlay\"><div class=\"rbsTitle \">nordestesse (4)<\/div><div class=\"rbsIcons\"><i class=\"fa fa-plus rbsZoomIcon \" ><\/i><\/div><\/div><\/div><\/div><div class=\"rbs-img  category2340 \" ><div class=\"rbs-img-image   rbs-lightbox \" ><div class=\"rbs-img-thumbs\"  data-thumbnail=\"https:\/\/lackman.com.br\/wp-content\/uploads\/2023\/02\/nordestesse-5-600x875.jpg\"  title=\"nordestesse (5)\"  data-width=\"600\"  data-height=\"875\" ><\/div><div class=\"rbs-img-data-popup\"  data-popup=\"https:\/\/lackman.com.br\/wp-content\/uploads\/2023\/02\/nordestesse-5.jpg\"  title=\"nordestesse (5)\" ><\/div><div class=\"thumbnail-overlay\"><div class=\"rbsTitle \">nordestesse (5)<\/div><div class=\"rbsIcons\"><i class=\"fa fa-plus rbsZoomIcon \" ><\/i><\/div><\/div><\/div><\/div><\/div><\/div><\/div><script>var rbs_gallery_69f3497a1d132 = {\"version\":\"5.1.2\",\"id\":2340,\"class\":\"id2340\",\"roboGalleryDelay\":1000,\"mainContainer\":\"#robo_gallery_main_block_rbs_gallery_69f3497a1d132\",\"loadingContainer\":\"#rbs_gallery_69f3497a1d132-block-loader\",\"loadingContainerObj\":\"rbs_gallery_69f3497a1d132-block-loader\",\"columnWidth\":\"auto\",\"columns\":3,\"resolutions\":[{\"columnWidth\":\"auto\",\"columns\":3,\"maxWidth\":960},{\"columnWidth\":\"auto\",\"columns\":2,\"maxWidth\":650},{\"columnWidth\":\"auto\",\"columns\":1,\"maxWidth\":450}],\"lightboxOptions\":{\"gallery\":{\"enabled\":true,\"tCounter\":\"%curr% of %total%\"}},\"overlayEffect\":\"direction-aware-fade\",\"boxesToLoadStart\":12,\"boxesToLoad\":8,\"waitUntilThumbLoads\":1,\"LoadingWord\":\"Loading...\",\"loadMoreWord\":\"Load More\",\"noMoreEntriesWord\":\"No More Entries\",\"horizontalSpaceBetweenBoxes\":15,\"verticalSpaceBetweenBoxes\":15,\"lazyLoad\":1,\"wrapContainer\":\"#robo-gallery-wrap-rbs_gallery_69f3497a1d132\"};<\/script>\n<p style=\"text-align: justify;\">A novidade da vez \u00e9 a chegada de duas marcas potentes rec\u00e9m desfiladas no\u00a0<span class=\"il\">SPFW<\/span>\u00a0para completar a nossa curadoria: Santa Resist\u00eancia e Ateli\u00ea M\u00e3o de M\u00e3e. Ambas baianas, se destacam dentro do cen\u00e1rio nacional por suas cria\u00e7\u00f5es aut\u00eanticas e cheias de hist\u00f3rias que resgatam os saberes manuais e ancestrais.<\/p>\n<p style=\"text-align: justify;\">Seguindo com as novidades de fevereiro, pensando no carnaval, a Casa Nordestesse tamb\u00e9m recebe cole\u00e7\u00f5es especiais e tem\u00e1ticas para celebrar a data com frevo e estilo.<\/p>\n<h5 style=\"text-align: justify;\">Quer saber mais?<\/h5>\n<p style=\"text-align: justify;\">Visite a Casa Nordestesse na Alameda Lorena, 1601 &#8211; Jardim Paulista, S\u00e3o Paulo ou no <a href=\"https:\/\/nordestesse.com.br\/\" target=\"_blank\" rel=\"noopener\" data-saferedirecturl=\"https:\/\/www.google.com\/url?q=https:\/\/s2302.imxsnd02.com\/link.php?code%3DbDpodHRwcyUzQSUyRiUyRm5vcmRlc3Rlc3NlLmNvbS5iciUyRjozNTc2OTYzODc6ZmVybmFuZG9sYWNrbWFuQGdtYWlsLmNvbTowZmJjNjc6Mzk%3D&amp;source=gmail&amp;ust=1676194290473000&amp;usg=AOvVaw1vqxJ1wWUUDxNNunncdBta\"><strong>site<\/strong>\u00a0<\/a>e\u00a0<strong><a href=\"https:\/\/www.instagram.com\/nordestesse_\/\" target=\"_blank\" rel=\"noopener\" data-saferedirecturl=\"https:\/\/www.google.com\/url?q=https:\/\/s2302.imxsnd02.com\/link.php?code%3DbDpodHRwcyUzQSUyRiUyRnd3dy5pbnN0YWdyYW0uY29tJTJGbm9yZGVzdGVzc2VfJTJGOjM1NzY5NjM4NzpmZXJuYW5kb2xhY2ttYW5AZ21haWwuY29tOjdkZmY0ODozOQ%3D%3D&amp;source=gmail&amp;ust=1676194290473000&amp;usg=AOvVaw1OlfQhn7E8nBd708ReRgn9\">Instagram<\/a>.<\/strong><\/p>\n<hr \/>\n<pre style=\"text-align: justify;\">Foto: Divulga\u00e7\u00e3o<\/pre>\n","protected":false},"excerpt":{"rendered":"<p>Dando in\u00edcio nas novidades de 2023, novas cole\u00e7\u00f5es chegam na Casa Nordestesse e se juntam a marcas selecionadas para o carnaval A Casa Nordestesse em S\u00e3o Paulo \u00e9 o primeiro espa\u00e7o pr\u00f3prio da plataforma criada em julho de 2021 com o objetivo de fomentar o trabalho de estilistas, designers, artistas e chefes de cozinha dos 9 estados do Nordeste. Localizado no segundo andar da Casa Cip\u00f3, na Alameda Lorena, entre as ruas Augusta e Haddock Lobo, a Casa Nordestesse abriga um mix seleto de marcas de moda, decora\u00e7\u00e3o e o Kassu\u00e1, plataforma que seleciona produtos gastron\u00f4micos premiados de toda a regi\u00e3o. A novidade da vez \u00e9 a chegada de duas marcas potentes rec\u00e9m desfiladas no\u00a0SPFW\u00a0para completar a nossa curadoria: Santa Resist\u00eancia e Ateli\u00ea M\u00e3o de M\u00e3e. Ambas baianas, se destacam dentro do cen\u00e1rio nacional por suas cria\u00e7\u00f5es aut\u00eanticas e cheias de hist\u00f3rias que resgatam os saberes manuais e ancestrais. Seguindo com as novidades de fevereiro, pensando no carnaval, a Casa Nordestesse tamb\u00e9m recebe cole\u00e7\u00f5es especiais e tem\u00e1ticas para celebrar a data com frevo e estilo. Quer saber mais? Visite a Casa Nordestesse na Alameda Lorena, 1601 &#8211; Jardim Paulista, S\u00e3o Paulo ou no site\u00a0e\u00a0Instagram. Foto: Divulga\u00e7\u00e3o<\/p>\n","protected":false},"author":2,"featured_media":2346,"comment_status":"closed","ping_status":"open","sticky":false,"template":"","format":"standard","meta":{"site-sidebar-layout":"default","site-content-layout":"default","ast-site-content-layout":"default","site-content-style":"default","site-sidebar-style":"default","ast-global-header-display":"","ast-banner-title-visibility":"","ast-main-header-display":"","ast-hfb-above-header-display":"","ast-hfb-below-header-display":"","ast-hfb-mobile-header-display":"","site-post-title":"","ast-breadcrumbs-content":"","ast-featured-img":"","footer-sml-layout":"","ast-disable-related-posts":"","theme-transparent-header-meta":"default","adv-header-id-meta":"","stick-header-meta":"","header-above-stick-meta":"","header-main-stick-meta":"","header-below-stick-meta":"","astra-migrate-meta-layouts":"default","ast-page-background-enabled":"default","ast-page-background-meta":{"desktop":{"background-color":"","background-image":"","background-repeat":"repeat","background-position":"center center","background-size":"auto","background-attachment":"scroll","background-type":"","background-media":"","overlay-type":"","overlay-color":"","overlay-opacity":"","overlay-gradient":""},"tablet":{"background-color":"","background-image":"","background-repeat":"repeat","background-position":"center center","background-size":"auto","background-attachment":"scroll","background-type":"","background-media":"","overlay-type":"","overlay-color":"","overlay-opacity":"","overlay-gradient":""},"mobile":{"background-color":"","background-image":"","background-repeat":"repeat","background-position":"center center","background-size":"auto","background-attachment":"scroll","background-type":"","background-media":"","overlay-type":"","overlay-color":"","overlay-opacity":"","overlay-gradient":""}},"ast-content-background-meta":{"desktop":{"background-color":"var(--ast-global-color-5)","background-image":"","background-repeat":"repeat","background-position":"center center","background-size":"auto","background-attachment":"scroll","background-type":"","background-media":"","overlay-type":"","overlay-color":"","overlay-opacity":"","overlay-gradient":""},"tablet":{"background-color":"var(--ast-global-color-5)","background-image":"","background-repeat":"repeat","background-position":"center center","background-size":"auto","background-attachment":"scroll","background-type":"","background-media":"","overlay-type":"","overlay-color":"","overlay-opacity":"","overlay-gradient":""},"mobile":{"background-color":"var(--ast-global-color-5)","background-image":"","background-repeat":"repeat","background-position":"center center","background-size":"auto","background-attachment":"scroll","background-type":"","background-media":"","overlay-type":"","overlay-color":"","overlay-opacity":"","overlay-gradient":""}},"footnotes":""},"categories":[35],"tags":[],"class_list":["post-2018","post","type-post","status-publish","format-standard","has-post-thumbnail","hentry","category-moda"],"yoast_head":"<!-- This site is optimized with the Yoast SEO plugin v27.0 - https:\/\/yoast.com\/product\/yoast-seo-wordpress\/ -->\n<title>Nordestesse aposta em expans\u00e3o com loja f\u00edsica em SP - LACKMAN &amp; CO.<\/title>\n<meta name=\"robots\" content=\"index, follow, max-snippet:-1, max-image-preview:large, max-video-preview:-1\" \/>\n<link rel=\"canonical\" href=\"https:\/\/lackman.com.br\/index.php\/2023\/02\/10\/nordestesse-em-sao-paulo\/\" \/>\n<meta property=\"og:locale\" content=\"pt_BR\" \/>\n<meta property=\"og:type\" content=\"article\" \/>\n<meta property=\"og:title\" content=\"Nordestesse aposta em expans\u00e3o com loja f\u00edsica em SP - LACKMAN &amp; CO.\" \/>\n<meta property=\"og:description\" content=\"Dando in\u00edcio nas novidades de 2023, novas cole\u00e7\u00f5es chegam na Casa Nordestesse e se juntam a marcas selecionadas para o carnaval A Casa Nordestesse em S\u00e3o Paulo \u00e9 o primeiro espa\u00e7o pr\u00f3prio da plataforma criada em julho de 2021 com o objetivo de fomentar o trabalho de estilistas, designers, artistas e chefes de cozinha dos 9 estados do Nordeste. Localizado no segundo andar da Casa Cip\u00f3, na Alameda Lorena, entre as ruas Augusta e Haddock Lobo, a Casa Nordestesse abriga um mix seleto de marcas de moda, decora\u00e7\u00e3o e o Kassu\u00e1, plataforma que seleciona produtos gastron\u00f4micos premiados de toda a regi\u00e3o. A novidade da vez \u00e9 a chegada de duas marcas potentes rec\u00e9m desfiladas no\u00a0SPFW\u00a0para completar a nossa curadoria: Santa Resist\u00eancia e Ateli\u00ea M\u00e3o de M\u00e3e. Ambas baianas, se destacam dentro do cen\u00e1rio nacional por suas cria\u00e7\u00f5es aut\u00eanticas e cheias de hist\u00f3rias que resgatam os saberes manuais e ancestrais. Seguindo com as novidades de fevereiro, pensando no carnaval, a Casa Nordestesse tamb\u00e9m recebe cole\u00e7\u00f5es especiais e tem\u00e1ticas para celebrar a data com frevo e estilo. Quer saber mais? Visite a Casa Nordestesse na Alameda Lorena, 1601 &#8211; Jardim Paulista, S\u00e3o Paulo ou no site\u00a0e\u00a0Instagram. Foto: Divulga\u00e7\u00e3o\" \/>\n<meta property=\"og:url\" content=\"https:\/\/lackman.com.br\/index.php\/2023\/02\/10\/nordestesse-em-sao-paulo\/\" \/>\n<meta property=\"og:site_name\" content=\"LACKMAN &amp; CO.\" \/>\n<meta property=\"article:author\" content=\"https:\/\/www.facebook.com\/fernandolackman\" \/>\n<meta property=\"article:published_time\" content=\"2023-02-10T05:03:35+00:00\" \/>\n<meta property=\"article:modified_time\" content=\"2023-02-24T14:14:07+00:00\" \/>\n<meta property=\"og:image\" content=\"https:\/\/lackman.com.br\/wp-content\/uploads\/2023\/02\/nordestesse-6-e1676444104167.jpg\" \/>\n\t<meta property=\"og:image:width\" content=\"700\" \/>\n\t<meta property=\"og:image:height\" content=\"479\" \/>\n\t<meta property=\"og:image:type\" content=\"image\/jpeg\" \/>\n<meta name=\"author\" content=\"Fernando Lackman\" \/>\n<meta name=\"twitter:card\" content=\"summary_large_image\" \/>\n<meta name=\"twitter:creator\" content=\"@fernandolackman\" \/>\n<meta name=\"twitter:label1\" content=\"Escrito por\" \/>\n\t<meta name=\"twitter:data1\" content=\"Fernando Lackman\" \/>\n\t<meta name=\"twitter:label2\" content=\"Est. tempo de leitura\" \/>\n\t<meta name=\"twitter:data2\" content=\"1 minuto\" \/>\n<script type=\"application\/ld+json\" class=\"yoast-schema-graph\">{\"@context\":\"https:\/\/schema.org\",\"@graph\":[{\"@type\":\"Article\",\"@id\":\"https:\/\/lackman.com.br\/index.php\/2023\/02\/10\/nordestesse-em-sao-paulo\/#article\",\"isPartOf\":{\"@id\":\"https:\/\/lackman.com.br\/index.php\/2023\/02\/10\/nordestesse-em-sao-paulo\/\"},\"author\":{\"name\":\"Fernando Lackman\",\"@id\":\"https:\/\/lackman.com.br\/#\/schema\/person\/dbfb3fbfc55f2b0bd4f9039696e70858\"},\"headline\":\"Nordestesse aposta em expans\u00e3o com loja f\u00edsica em SP\",\"datePublished\":\"2023-02-10T05:03:35+00:00\",\"dateModified\":\"2023-02-24T14:14:07+00:00\",\"mainEntityOfPage\":{\"@id\":\"https:\/\/lackman.com.br\/index.php\/2023\/02\/10\/nordestesse-em-sao-paulo\/\"},\"wordCount\":225,\"publisher\":{\"@id\":\"https:\/\/lackman.com.br\/#organization\"},\"image\":{\"@id\":\"https:\/\/lackman.com.br\/index.php\/2023\/02\/10\/nordestesse-em-sao-paulo\/#primaryimage\"},\"thumbnailUrl\":\"https:\/\/lackman.com.br\/wp-content\/uploads\/2023\/02\/nordestesse-6-e1676444104167.jpg\",\"articleSection\":[\"Moda\"],\"inLanguage\":\"pt-BR\"},{\"@type\":\"WebPage\",\"@id\":\"https:\/\/lackman.com.br\/index.php\/2023\/02\/10\/nordestesse-em-sao-paulo\/\",\"url\":\"https:\/\/lackman.com.br\/index.php\/2023\/02\/10\/nordestesse-em-sao-paulo\/\",\"name\":\"Nordestesse aposta em expans\u00e3o com loja f\u00edsica em SP - LACKMAN &amp; CO.\",\"isPartOf\":{\"@id\":\"https:\/\/lackman.com.br\/#website\"},\"primaryImageOfPage\":{\"@id\":\"https:\/\/lackman.com.br\/index.php\/2023\/02\/10\/nordestesse-em-sao-paulo\/#primaryimage\"},\"image\":{\"@id\":\"https:\/\/lackman.com.br\/index.php\/2023\/02\/10\/nordestesse-em-sao-paulo\/#primaryimage\"},\"thumbnailUrl\":\"https:\/\/lackman.com.br\/wp-content\/uploads\/2023\/02\/nordestesse-6-e1676444104167.jpg\",\"datePublished\":\"2023-02-10T05:03:35+00:00\",\"dateModified\":\"2023-02-24T14:14:07+00:00\",\"breadcrumb\":{\"@id\":\"https:\/\/lackman.com.br\/index.php\/2023\/02\/10\/nordestesse-em-sao-paulo\/#breadcrumb\"},\"inLanguage\":\"pt-BR\",\"potentialAction\":[{\"@type\":\"ReadAction\",\"target\":[\"https:\/\/lackman.com.br\/index.php\/2023\/02\/10\/nordestesse-em-sao-paulo\/\"]}]},{\"@type\":\"ImageObject\",\"inLanguage\":\"pt-BR\",\"@id\":\"https:\/\/lackman.com.br\/index.php\/2023\/02\/10\/nordestesse-em-sao-paulo\/#primaryimage\",\"url\":\"https:\/\/lackman.com.br\/wp-content\/uploads\/2023\/02\/nordestesse-6-e1676444104167.jpg\",\"contentUrl\":\"https:\/\/lackman.com.br\/wp-content\/uploads\/2023\/02\/nordestesse-6-e1676444104167.jpg\",\"width\":700,\"height\":479},{\"@type\":\"BreadcrumbList\",\"@id\":\"https:\/\/lackman.com.br\/index.php\/2023\/02\/10\/nordestesse-em-sao-paulo\/#breadcrumb\",\"itemListElement\":[{\"@type\":\"ListItem\",\"position\":1,\"name\":\"In\u00edcio\",\"item\":\"https:\/\/lackman.com.br\/\"},{\"@type\":\"ListItem\",\"position\":2,\"name\":\"Nordestesse aposta em expans\u00e3o com loja f\u00edsica em SP\"}]},{\"@type\":\"WebSite\",\"@id\":\"https:\/\/lackman.com.br\/#website\",\"url\":\"https:\/\/lackman.com.br\/\",\"name\":\"LACKMAN &amp; CO.\",\"description\":\"VIDA | MODA | ARTE\",\"publisher\":{\"@id\":\"https:\/\/lackman.com.br\/#organization\"},\"potentialAction\":[{\"@type\":\"SearchAction\",\"target\":{\"@type\":\"EntryPoint\",\"urlTemplate\":\"https:\/\/lackman.com.br\/?s={search_term_string}\"},\"query-input\":{\"@type\":\"PropertyValueSpecification\",\"valueRequired\":true,\"valueName\":\"search_term_string\"}}],\"inLanguage\":\"pt-BR\"},{\"@type\":\"Organization\",\"@id\":\"https:\/\/lackman.com.br\/#organization\",\"name\":\"LACKMAN &amp; CO.\",\"url\":\"https:\/\/lackman.com.br\/\",\"logo\":{\"@type\":\"ImageObject\",\"inLanguage\":\"pt-BR\",\"@id\":\"https:\/\/lackman.com.br\/#\/schema\/logo\/image\/\",\"url\":\"https:\/\/lackman.com.br\/wp-content\/uploads\/2023\/06\/Logotipo_preto-1.png\",\"contentUrl\":\"https:\/\/lackman.com.br\/wp-content\/uploads\/2023\/06\/Logotipo_preto-1.png\",\"width\":739,\"height\":393,\"caption\":\"LACKMAN &amp; CO.\"},\"image\":{\"@id\":\"https:\/\/lackman.com.br\/#\/schema\/logo\/image\/\"}},{\"@type\":\"Person\",\"@id\":\"https:\/\/lackman.com.br\/#\/schema\/person\/dbfb3fbfc55f2b0bd4f9039696e70858\",\"name\":\"Fernando Lackman\",\"image\":{\"@type\":\"ImageObject\",\"inLanguage\":\"pt-BR\",\"@id\":\"https:\/\/lackman.com.br\/#\/schema\/person\/image\/\",\"url\":\"https:\/\/secure.gravatar.com\/avatar\/ae7993150af197e66480c8a769891833dd2b8d809f0d9ff3f25af796cf378ce8?s=96&d=mm&r=g\",\"contentUrl\":\"https:\/\/secure.gravatar.com\/avatar\/ae7993150af197e66480c8a769891833dd2b8d809f0d9ff3f25af796cf378ce8?s=96&d=mm&r=g\",\"caption\":\"Fernando Lackman\"},\"description\":\"Fernando Lackman \u00e9 jornalista especializado em Moda e Cultura, editor do site LACKMAN.com.br. \u00c9 autor do livro Bras\u00edlia Capital dos Criadores, que conta a hist\u00f3ria da moda no Distrito Federal. Tem em seu curr\u00edculo assinatura de dire\u00e7\u00e3o criativa e de desfiles em eventos como Estilo DF Plaza, Summer Collections, JK Street Fashion, Desfile Beleza Negra (DBN), PicniK Fashion Show, Vogue Fashion\u2019s Night Out Bras\u00edlia, entre outros. Foi diretor criativo do extinto Capital Fashion Week. Atualmente trabalha na dire\u00e7\u00e3o criativa de eventos como Top CUFA, BSB Fashion Street, Bras\u00edlia Fashion House, Ateli\u00ea Bras\u00edlia e Goi\u00e1s Fashion Week.\",\"sameAs\":[\"https:\/\/lackman.com.br\/\",\"https:\/\/www.facebook.com\/fernandolackman\",\"https:\/\/www.instagram.com\/fernandolackman\/\",\"https:\/\/www.linkedin.com\/in\/fernando-lackman\/\",\"https:\/\/br.pinterest.com\/fernandolackman\/\",\"https:\/\/x.com\/fernandolackman\"],\"url\":\"https:\/\/lackman.com.br\/index.php\/author\/fernando-lackman\/\"}]}<\/script>\n<!-- \/ Yoast SEO plugin. -->","yoast_head_json":{"title":"Nordestesse aposta em expans\u00e3o com loja f\u00edsica em SP - LACKMAN &amp; CO.","robots":{"index":"index","follow":"follow","max-snippet":"max-snippet:-1","max-image-preview":"max-image-preview:large","max-video-preview":"max-video-preview:-1"},"canonical":"https:\/\/lackman.com.br\/index.php\/2023\/02\/10\/nordestesse-em-sao-paulo\/","og_locale":"pt_BR","og_type":"article","og_title":"Nordestesse aposta em expans\u00e3o com loja f\u00edsica em SP - LACKMAN &amp; CO.","og_description":"Dando in\u00edcio nas novidades de 2023, novas cole\u00e7\u00f5es chegam na Casa Nordestesse e se juntam a marcas selecionadas para o carnaval A Casa Nordestesse em S\u00e3o Paulo \u00e9 o primeiro espa\u00e7o pr\u00f3prio da plataforma criada em julho de 2021 com o objetivo de fomentar o trabalho de estilistas, designers, artistas e chefes de cozinha dos 9 estados do Nordeste. Localizado no segundo andar da Casa Cip\u00f3, na Alameda Lorena, entre as ruas Augusta e Haddock Lobo, a Casa Nordestesse abriga um mix seleto de marcas de moda, decora\u00e7\u00e3o e o Kassu\u00e1, plataforma que seleciona produtos gastron\u00f4micos premiados de toda a regi\u00e3o. A novidade da vez \u00e9 a chegada de duas marcas potentes rec\u00e9m desfiladas no\u00a0SPFW\u00a0para completar a nossa curadoria: Santa Resist\u00eancia e Ateli\u00ea M\u00e3o de M\u00e3e. Ambas baianas, se destacam dentro do cen\u00e1rio nacional por suas cria\u00e7\u00f5es aut\u00eanticas e cheias de hist\u00f3rias que resgatam os saberes manuais e ancestrais. Seguindo com as novidades de fevereiro, pensando no carnaval, a Casa Nordestesse tamb\u00e9m recebe cole\u00e7\u00f5es especiais e tem\u00e1ticas para celebrar a data com frevo e estilo. Quer saber mais? Visite a Casa Nordestesse na Alameda Lorena, 1601 &#8211; Jardim Paulista, S\u00e3o Paulo ou no site\u00a0e\u00a0Instagram. Foto: Divulga\u00e7\u00e3o","og_url":"https:\/\/lackman.com.br\/index.php\/2023\/02\/10\/nordestesse-em-sao-paulo\/","og_site_name":"LACKMAN &amp; CO.","article_author":"https:\/\/www.facebook.com\/fernandolackman","article_published_time":"2023-02-10T05:03:35+00:00","article_modified_time":"2023-02-24T14:14:07+00:00","og_image":[{"width":700,"height":479,"url":"https:\/\/lackman.com.br\/wp-content\/uploads\/2023\/02\/nordestesse-6-e1676444104167.jpg","type":"image\/jpeg"}],"author":"Fernando Lackman","twitter_card":"summary_large_image","twitter_creator":"@fernandolackman","twitter_misc":{"Escrito por":"Fernando Lackman","Est. tempo de leitura":"1 minuto"},"schema":{"@context":"https:\/\/schema.org","@graph":[{"@type":"Article","@id":"https:\/\/lackman.com.br\/index.php\/2023\/02\/10\/nordestesse-em-sao-paulo\/#article","isPartOf":{"@id":"https:\/\/lackman.com.br\/index.php\/2023\/02\/10\/nordestesse-em-sao-paulo\/"},"author":{"name":"Fernando Lackman","@id":"https:\/\/lackman.com.br\/#\/schema\/person\/dbfb3fbfc55f2b0bd4f9039696e70858"},"headline":"Nordestesse aposta em expans\u00e3o com loja f\u00edsica em SP","datePublished":"2023-02-10T05:03:35+00:00","dateModified":"2023-02-24T14:14:07+00:00","mainEntityOfPage":{"@id":"https:\/\/lackman.com.br\/index.php\/2023\/02\/10\/nordestesse-em-sao-paulo\/"},"wordCount":225,"publisher":{"@id":"https:\/\/lackman.com.br\/#organization"},"image":{"@id":"https:\/\/lackman.com.br\/index.php\/2023\/02\/10\/nordestesse-em-sao-paulo\/#primaryimage"},"thumbnailUrl":"https:\/\/lackman.com.br\/wp-content\/uploads\/2023\/02\/nordestesse-6-e1676444104167.jpg","articleSection":["Moda"],"inLanguage":"pt-BR"},{"@type":"WebPage","@id":"https:\/\/lackman.com.br\/index.php\/2023\/02\/10\/nordestesse-em-sao-paulo\/","url":"https:\/\/lackman.com.br\/index.php\/2023\/02\/10\/nordestesse-em-sao-paulo\/","name":"Nordestesse aposta em expans\u00e3o com loja f\u00edsica em SP - LACKMAN &amp; CO.","isPartOf":{"@id":"https:\/\/lackman.com.br\/#website"},"primaryImageOfPage":{"@id":"https:\/\/lackman.com.br\/index.php\/2023\/02\/10\/nordestesse-em-sao-paulo\/#primaryimage"},"image":{"@id":"https:\/\/lackman.com.br\/index.php\/2023\/02\/10\/nordestesse-em-sao-paulo\/#primaryimage"},"thumbnailUrl":"https:\/\/lackman.com.br\/wp-content\/uploads\/2023\/02\/nordestesse-6-e1676444104167.jpg","datePublished":"2023-02-10T05:03:35+00:00","dateModified":"2023-02-24T14:14:07+00:00","breadcrumb":{"@id":"https:\/\/lackman.com.br\/index.php\/2023\/02\/10\/nordestesse-em-sao-paulo\/#breadcrumb"},"inLanguage":"pt-BR","potentialAction":[{"@type":"ReadAction","target":["https:\/\/lackman.com.br\/index.php\/2023\/02\/10\/nordestesse-em-sao-paulo\/"]}]},{"@type":"ImageObject","inLanguage":"pt-BR","@id":"https:\/\/lackman.com.br\/index.php\/2023\/02\/10\/nordestesse-em-sao-paulo\/#primaryimage","url":"https:\/\/lackman.com.br\/wp-content\/uploads\/2023\/02\/nordestesse-6-e1676444104167.jpg","contentUrl":"https:\/\/lackman.com.br\/wp-content\/uploads\/2023\/02\/nordestesse-6-e1676444104167.jpg","width":700,"height":479},{"@type":"BreadcrumbList","@id":"https:\/\/lackman.com.br\/index.php\/2023\/02\/10\/nordestesse-em-sao-paulo\/#breadcrumb","itemListElement":[{"@type":"ListItem","position":1,"name":"In\u00edcio","item":"https:\/\/lackman.com.br\/"},{"@type":"ListItem","position":2,"name":"Nordestesse aposta em expans\u00e3o com loja f\u00edsica em SP"}]},{"@type":"WebSite","@id":"https:\/\/lackman.com.br\/#website","url":"https:\/\/lackman.com.br\/","name":"LACKMAN &amp; CO.","description":"VIDA | MODA | ARTE","publisher":{"@id":"https:\/\/lackman.com.br\/#organization"},"potentialAction":[{"@type":"SearchAction","target":{"@type":"EntryPoint","urlTemplate":"https:\/\/lackman.com.br\/?s={search_term_string}"},"query-input":{"@type":"PropertyValueSpecification","valueRequired":true,"valueName":"search_term_string"}}],"inLanguage":"pt-BR"},{"@type":"Organization","@id":"https:\/\/lackman.com.br\/#organization","name":"LACKMAN &amp; CO.","url":"https:\/\/lackman.com.br\/","logo":{"@type":"ImageObject","inLanguage":"pt-BR","@id":"https:\/\/lackman.com.br\/#\/schema\/logo\/image\/","url":"https:\/\/lackman.com.br\/wp-content\/uploads\/2023\/06\/Logotipo_preto-1.png","contentUrl":"https:\/\/lackman.com.br\/wp-content\/uploads\/2023\/06\/Logotipo_preto-1.png","width":739,"height":393,"caption":"LACKMAN &amp; CO."},"image":{"@id":"https:\/\/lackman.com.br\/#\/schema\/logo\/image\/"}},{"@type":"Person","@id":"https:\/\/lackman.com.br\/#\/schema\/person\/dbfb3fbfc55f2b0bd4f9039696e70858","name":"Fernando Lackman","image":{"@type":"ImageObject","inLanguage":"pt-BR","@id":"https:\/\/lackman.com.br\/#\/schema\/person\/image\/","url":"https:\/\/secure.gravatar.com\/avatar\/ae7993150af197e66480c8a769891833dd2b8d809f0d9ff3f25af796cf378ce8?s=96&d=mm&r=g","contentUrl":"https:\/\/secure.gravatar.com\/avatar\/ae7993150af197e66480c8a769891833dd2b8d809f0d9ff3f25af796cf378ce8?s=96&d=mm&r=g","caption":"Fernando Lackman"},"description":"Fernando Lackman \u00e9 jornalista especializado em Moda e Cultura, editor do site LACKMAN.com.br. \u00c9 autor do livro Bras\u00edlia Capital dos Criadores, que conta a hist\u00f3ria da moda no Distrito Federal. Tem em seu curr\u00edculo assinatura de dire\u00e7\u00e3o criativa e de desfiles em eventos como Estilo DF Plaza, Summer Collections, JK Street Fashion, Desfile Beleza Negra (DBN), PicniK Fashion Show, Vogue Fashion\u2019s Night Out Bras\u00edlia, entre outros. Foi diretor criativo do extinto Capital Fashion Week. Atualmente trabalha na dire\u00e7\u00e3o criativa de eventos como Top CUFA, BSB Fashion Street, Bras\u00edlia Fashion House, Ateli\u00ea Bras\u00edlia e Goi\u00e1s Fashion Week.","sameAs":["https:\/\/lackman.com.br\/","https:\/\/www.facebook.com\/fernandolackman","https:\/\/www.instagram.com\/fernandolackman\/","https:\/\/www.linkedin.com\/in\/fernando-lackman\/","https:\/\/br.pinterest.com\/fernandolackman\/","https:\/\/x.com\/fernandolackman"],"url":"https:\/\/lackman.com.br\/index.php\/author\/fernando-lackman\/"}]}},"rttpg_featured_image_url":{"full":["https:\/\/lackman.com.br\/wp-content\/uploads\/2023\/02\/nordestesse-6-e1676444104167.jpg",700,479,false],"landscape":["https:\/\/lackman.com.br\/wp-content\/uploads\/2023\/02\/nordestesse-6-e1676444104167.jpg",700,479,false],"portraits":["https:\/\/lackman.com.br\/wp-content\/uploads\/2023\/02\/nordestesse-6-e1676444104167.jpg",700,479,false],"thumbnail":["https:\/\/lackman.com.br\/wp-content\/uploads\/2023\/02\/nordestesse-6-e1676444104167-150x150.jpg",150,150,true],"medium":["https:\/\/lackman.com.br\/wp-content\/uploads\/2023\/02\/nordestesse-6-e1676444104167-300x205.jpg",300,205,true],"large":["https:\/\/lackman.com.br\/wp-content\/uploads\/2023\/02\/nordestesse-6-e1676444104167.jpg",700,479,false],"RoboGalleryMansoryImagesCenter":["https:\/\/lackman.com.br\/wp-content\/uploads\/2023\/02\/nordestesse-6-e1676444104167-600x479.jpg",600,479,true],"RoboGalleryPreload":["https:\/\/lackman.com.br\/wp-content\/uploads\/2023\/02\/nordestesse-6-e1676444104167.jpg",100,68,false],"1536x1536":["https:\/\/lackman.com.br\/wp-content\/uploads\/2023\/02\/nordestesse-6-e1676444104167.jpg",700,479,false],"2048x2048":["https:\/\/lackman.com.br\/wp-content\/uploads\/2023\/02\/nordestesse-6-e1676444104167.jpg",700,479,false]},"rttpg_author":{"display_name":"Fernando Lackman","author_link":"https:\/\/lackman.com.br\/index.php\/author\/fernando-lackman\/"},"rttpg_comment":1,"rttpg_category":"<a href=\"https:\/\/lackman.com.br\/index.php\/category\/moda\/\" rel=\"category tag\">Moda<\/a>","rttpg_excerpt":"Dando in\u00edcio nas novidades de 2023, novas cole\u00e7\u00f5es chegam na Casa Nordestesse e se juntam a marcas selecionadas para o carnaval A Casa Nordestesse em S\u00e3o Paulo \u00e9 o primeiro espa\u00e7o pr\u00f3prio da plataforma criada em julho de 2021 com o objetivo de fomentar o trabalho de estilistas, designers, artistas e chefes de cozinha dos&hellip;","_links":{"self":[{"href":"https:\/\/lackman.com.br\/index.php\/wp-json\/wp\/v2\/posts\/2018","targetHints":{"allow":["GET"]}}],"collection":[{"href":"https:\/\/lackman.com.br\/index.php\/wp-json\/wp\/v2\/posts"}],"about":[{"href":"https:\/\/lackman.com.br\/index.php\/wp-json\/wp\/v2\/types\/post"}],"author":[{"embeddable":true,"href":"https:\/\/lackman.com.br\/index.php\/wp-json\/wp\/v2\/users\/2"}],"replies":[{"embeddable":true,"href":"https:\/\/lackman.com.br\/index.php\/wp-json\/wp\/v2\/comments?post=2018"}],"version-history":[{"count":4,"href":"https:\/\/lackman.com.br\/index.php\/wp-json\/wp\/v2\/posts\/2018\/revisions"}],"predecessor-version":[{"id":3565,"href":"https:\/\/lackman.com.br\/index.php\/wp-json\/wp\/v2\/posts\/2018\/revisions\/3565"}],"wp:featuredmedia":[{"embeddable":true,"href":"https:\/\/lackman.com.br\/index.php\/wp-json\/wp\/v2\/media\/2346"}],"wp:attachment":[{"href":"https:\/\/lackman.com.br\/index.php\/wp-json\/wp\/v2\/media?parent=2018"}],"wp:term":[{"taxonomy":"category","embeddable":true,"href":"https:\/\/lackman.com.br\/index.php\/wp-json\/wp\/v2\/categories?post=2018"},{"taxonomy":"post_tag","embeddable":true,"href":"https:\/\/lackman.com.br\/index.php\/wp-json\/wp\/v2\/tags?post=2018"}],"curies":[{"name":"wp","href":"https:\/\/api.w.org\/{rel}","templated":true}]}}