{"id":1705,"date":"2023-02-01T08:47:41","date_gmt":"2023-02-01T11:47:41","guid":{"rendered":"https:\/\/lackman.com.br\/?p=1705"},"modified":"2023-02-11T06:52:20","modified_gmt":"2023-02-11T09:52:20","slug":"lacoste-traz-para-o-brasil-collab-com-a-a-p-c","status":"publish","type":"post","link":"https:\/\/lackman.com.br\/index.php\/2023\/02\/01\/lacoste-traz-para-o-brasil-collab-com-a-a-p-c\/","title":{"rendered":"Lacoste traz para o Brasil collab com a A.P.C."},"content":{"rendered":"<h5 style=\"text-align: justify;\"><em><strong>A parceria tem o intuito de unir o minimalismo e a casualidade da A.P.C. com o fashion sport da <span class=\"il\">Lacoste<\/span><\/strong><\/em><\/h5>\n<p style=\"text-align: justify;\">Lacoste e A.P.C., ambas originalmente francesas, trazem uma <i>collab<\/i>\u00a0ao Brasil para oferecer o essencial ao dia a dia das pessoas. A parceria tem o intuito de compartilhar \u00edcones entre duas marcas ic\u00f4nicas e assim reinterpretar os cl\u00e1ssicos presentes em cada uma. Louise Trotter, ex-diretora art\u00edstica da\u00a0<span class=\"il\">Lacoste<\/span>, encontrou Jean Touitou, que forma dupla com sua esposa, Judith Touitou, diretora art\u00edstica da APC, para unir o minimalismo e a casualidade da A.P.C. com o Fashion Sport da\u00a0<span class=\"il\">Lacoste<\/span>.<\/p>\n<p><img fetchpriority=\"high\" decoding=\"async\" class=\"alignnone wp-image-1708 size-full\" src=\"http:\/\/lackman.com.br\/wp-content\/uploads\/2023\/02\/Lacoste-e-A.P.C-3.jpg\" alt=\"\" width=\"1080\" height=\"1350\" srcset=\"https:\/\/lackman.com.br\/wp-content\/uploads\/2023\/02\/Lacoste-e-A.P.C-3.jpg 1080w, https:\/\/lackman.com.br\/wp-content\/uploads\/2023\/02\/Lacoste-e-A.P.C-3-240x300.jpg 240w, https:\/\/lackman.com.br\/wp-content\/uploads\/2023\/02\/Lacoste-e-A.P.C-3-819x1024.jpg 819w, https:\/\/lackman.com.br\/wp-content\/uploads\/2023\/02\/Lacoste-e-A.P.C-3-768x960.jpg 768w, https:\/\/lackman.com.br\/wp-content\/uploads\/2023\/02\/Lacoste-e-A.P.C-3-200x250.jpg 200w\" sizes=\"(max-width: 1080px) 100vw, 1080px\" \/><\/p>\n<p style=\"text-align: justify;\">Na colabora\u00e7\u00e3o com a A.P.C., Louise Trotter trabalhou com Jean e Judith Touitou para criar mais de 30 pe\u00e7as l\u00fadicas destinadas a mulheres e homens e todas trar\u00e3o um logotipo pr\u00f3prio, em que o famoso crocodilo interage com as letras que formam o s\u00edmbolo da A.P.C. V\u00e1rios artigos da nova cole\u00e7\u00e3o t\u00eam as refer\u00eancias militares que fazem parte do DNA da A.P.C e tamb\u00e9m um toque dos anos 90, em termos de cores e volumes. Clique\u00a0<span style=\"color: #0000ff;\"><strong><a style=\"color: #0000ff;\" href=\"https:\/\/www.lacoste.com\/br\/lacoste-x-a.p.c\/?utm_source=CONTENT&amp;utm_medium=MEDIA&amp;utm_campaign=2023_APC&amp;utm_id=%5BBR%5DLACOSTEBRASIL\" target=\"_blank\" rel=\"noopener\" data-saferedirecturl=\"https:\/\/www.google.com\/url?q=https:\/\/s2301.imxsnd01.com\/link.php?code%3DbDpodHRwcyUzQSUyRiUyRnd3dy5sYWNvc3RlLmNvbSUyRmJyJTJGbGFjb3N0ZS14LWEucC5jJTJGJTNGdXRtX3NvdXJjZSUzRENPTlRFTlQlMjZ1dG1fbWVkaXVtJTNETUVESUElMjZ1dG1fY2FtcGFpZ24lM0QyMDIzX0FQQyUyNnV0bV9pZCUzRCUyNTVCQlIlMjU1RExBQ09TVEVCUkFTSUw6MzExNzQ1ODM3NTpmZXJuYW5kb2xhY2ttYW5%250DAZ21haWwuY29tOjI0OTlmNzozNw%3D%3D&amp;source=gmail&amp;ust=1675475208268000&amp;usg=AOvVaw1EO8TpBN9cjaI_hhMYknIL\"><u>aqui<\/u><\/a><\/strong><\/span>\u00a0para ver a cole\u00e7\u00e3o.<\/p>\n<p><img decoding=\"async\" class=\"alignnone wp-image-1707 size-full\" src=\"http:\/\/lackman.com.br\/wp-content\/uploads\/2023\/02\/Lacoste-e-A.P.C-2.jpg\" alt=\"\" width=\"1080\" height=\"1350\" srcset=\"https:\/\/lackman.com.br\/wp-content\/uploads\/2023\/02\/Lacoste-e-A.P.C-2.jpg 1080w, https:\/\/lackman.com.br\/wp-content\/uploads\/2023\/02\/Lacoste-e-A.P.C-2-240x300.jpg 240w, https:\/\/lackman.com.br\/wp-content\/uploads\/2023\/02\/Lacoste-e-A.P.C-2-819x1024.jpg 819w, https:\/\/lackman.com.br\/wp-content\/uploads\/2023\/02\/Lacoste-e-A.P.C-2-768x960.jpg 768w, https:\/\/lackman.com.br\/wp-content\/uploads\/2023\/02\/Lacoste-e-A.P.C-2-200x250.jpg 200w\" sizes=\"(max-width: 1080px) 100vw, 1080px\" \/><\/p>\n<p style=\"text-align: justify;\">O Brasil recebe itens selecionados em quantidades limitadas. No\u00a0<i>mix<\/i>\u00a0destacam-se\u00a0<i>windbreakers<\/i>, camisetas, bon\u00e9s e bolsas, todos estampados com o novo s\u00edmbolo criado exclusivamente para a\u00a0<i>collab<\/i>, onde os logos de\u00a0<span class=\"il\">Lacoste<\/span> e A.P.C se integram.<\/p>\n<p style=\"text-align: justify;\">O lan\u00e7amento est\u00e1 dispon\u00edvel desde 24 de janeiro de 2023. As pe\u00e7as podem ser encontradas na loja\u00a0<span class=\"il\">Lacoste<\/span>\u00a0do Shopping Iguatemi S\u00e3o Paulo,\u00a0<a href=\"https:\/\/www.iguatemi365.com\/marcas\/lacoste.html\" target=\"_blank\" rel=\"noopener\" data-saferedirecturl=\"https:\/\/www.google.com\/url?q=https:\/\/s2301.imxsnd01.com\/link.php?code%3DbDpodHRwcyUzQSUyRiUyRnd3dy5pZ3VhdGVtaTM2NS5jb20lMkZsaW54c2VhcmNoJTJGc2VhcmNoJTJGcmVzdWx0JTNGcSUzRGxhY29zdGU6MzExNzQ1ODM3NTpmZXJuYW5kb2xhY2ttYW5AZ21haWwuY29tOmE4OTQ2NDozNw%3D%3D&amp;source=gmail&amp;ust=1675475208268000&amp;usg=AOvVaw1AnEtVmkXhZPjjjiyAKyht\"><u><span style=\"color: #0000ff;\"><strong>Iguatemi<\/strong> 365<\/span><\/u><\/a>\u00a0e no\u00a0<span style=\"color: #0000ff;\"><strong><a style=\"color: #0000ff;\" href=\"https:\/\/s2301.imxsnd01.com\/link.php?code=bDpodHRwcyUzQSUyRiUyRnd3dy5sYWNvc3RlLmNvbSUyRmJyJTJGbGFjb3N0ZSUyRnNhbGUlMkYlM0ZnY2xpZCUzRENqMEtDUWlBbEttZUJoQ2tBUklzQUh5N1dWdlgtcjJMbW10QV9wZVFOckRZeXZUUFI0dktfWmktb0hYNGRfejQwTkdCOVdNVkEwbElWZ2NhQXVTX0VBTHdfd2NCOjMxMTc0NTgzNzU6ZmVybmFuZG9sYWNrbWFuQGdtYWl%0DsLmNvbToyNGQ3ZGE6Mzc=\" target=\"_blank\" rel=\"noopener\" data-saferedirecturl=\"https:\/\/www.google.com\/url?q=https:\/\/s2301.imxsnd01.com\/link.php?code%3DbDpodHRwcyUzQSUyRiUyRnd3dy5sYWNvc3RlLmNvbSUyRmJyJTJGbGFjb3N0ZSUyRnNhbGUlMkYlM0ZnY2xpZCUzRENqMEtDUWlBbEttZUJoQ2tBUklzQUh5N1dWdlgtcjJMbW10QV9wZVFOckRZeXZUUFI0dktfWmktb0hYNGRfejQwTkdCOVdNVkEwbElWZ2NhQXVTX0VBTHdfd2NCOjMxMTc0NTgzNzU6ZmVybmFuZG9sYWNrbWFuQGdtYWl%250DsLmNvbToyNGQ3ZGE6Mzc%3D&amp;source=gmail&amp;ust=1675475208268000&amp;usg=AOvVaw2JyQ-H4wh-X-SN2sa8PUFP\"><u>e-commerce da\u00a0<span class=\"il\">Lacoste<\/span>\u00a0Brasil<\/u><\/a><\/strong><\/span>.<\/p>\n<hr \/>\n<pre style=\"text-align: justify;\">Fotos: Divulga\u00e7\u00e3o<\/pre>\n","protected":false},"excerpt":{"rendered":"<p>A parceria tem o intuito de unir o minimalismo e a casualidade da A.P.C. com o fashion sport da Lacoste Lacoste e A.P.C., ambas originalmente francesas, trazem uma collab\u00a0ao Brasil para oferecer o essencial ao dia a dia das pessoas. A parceria tem o intuito de compartilhar \u00edcones entre duas marcas ic\u00f4nicas e assim reinterpretar os cl\u00e1ssicos presentes em cada uma. Louise Trotter, ex-diretora art\u00edstica da\u00a0Lacoste, encontrou Jean Touitou, que forma dupla com sua esposa, Judith Touitou, diretora art\u00edstica da APC, para unir o minimalismo e a casualidade da A.P.C. com o Fashion Sport da\u00a0Lacoste. Na colabora\u00e7\u00e3o com a A.P.C., Louise Trotter trabalhou com Jean e Judith Touitou para criar mais de 30 pe\u00e7as l\u00fadicas destinadas a mulheres e homens e todas trar\u00e3o um logotipo pr\u00f3prio, em que o famoso crocodilo interage com as letras que formam o s\u00edmbolo da A.P.C. V\u00e1rios artigos da nova cole\u00e7\u00e3o t\u00eam as refer\u00eancias militares que fazem parte do DNA da A.P.C e tamb\u00e9m um toque dos anos 90, em termos de cores e volumes. Clique\u00a0aqui\u00a0para ver a cole\u00e7\u00e3o. O Brasil recebe itens selecionados em quantidades limitadas. No\u00a0mix\u00a0destacam-se\u00a0windbreakers, camisetas, bon\u00e9s e bolsas, todos estampados com o novo s\u00edmbolo criado exclusivamente para a\u00a0collab, onde os logos de\u00a0Lacoste e A.P.C se integram. O lan\u00e7amento est\u00e1 dispon\u00edvel desde 24 de janeiro de 2023. As pe\u00e7as podem ser encontradas na loja\u00a0Lacoste\u00a0do Shopping Iguatemi S\u00e3o Paulo,\u00a0Iguatemi 365\u00a0e no\u00a0e-commerce da\u00a0Lacoste\u00a0Brasil. Fotos: Divulga\u00e7\u00e3o<\/p>\n","protected":false},"author":2,"featured_media":1706,"comment_status":"closed","ping_status":"closed","sticky":false,"template":"","format":"standard","meta":{"site-sidebar-layout":"default","site-content-layout":"default","ast-site-content-layout":"default","site-content-style":"default","site-sidebar-style":"default","ast-global-header-display":"","ast-banner-title-visibility":"","ast-main-header-display":"","ast-hfb-above-header-display":"","ast-hfb-below-header-display":"","ast-hfb-mobile-header-display":"","site-post-title":"","ast-breadcrumbs-content":"","ast-featured-img":"","footer-sml-layout":"","ast-disable-related-posts":"","theme-transparent-header-meta":"default","adv-header-id-meta":"","stick-header-meta":"","header-above-stick-meta":"","header-main-stick-meta":"","header-below-stick-meta":"","astra-migrate-meta-layouts":"default","ast-page-background-enabled":"default","ast-page-background-meta":{"desktop":{"background-color":"","background-image":"","background-repeat":"repeat","background-position":"center center","background-size":"auto","background-attachment":"scroll","background-type":"","background-media":"","overlay-type":"","overlay-color":"","overlay-opacity":"","overlay-gradient":""},"tablet":{"background-color":"","background-image":"","background-repeat":"repeat","background-position":"center center","background-size":"auto","background-attachment":"scroll","background-type":"","background-media":"","overlay-type":"","overlay-color":"","overlay-opacity":"","overlay-gradient":""},"mobile":{"background-color":"","background-image":"","background-repeat":"repeat","background-position":"center center","background-size":"auto","background-attachment":"scroll","background-type":"","background-media":"","overlay-type":"","overlay-color":"","overlay-opacity":"","overlay-gradient":""}},"ast-content-background-meta":{"desktop":{"background-color":"var(--ast-global-color-5)","background-image":"","background-repeat":"repeat","background-position":"center center","background-size":"auto","background-attachment":"scroll","background-type":"","background-media":"","overlay-type":"","overlay-color":"","overlay-opacity":"","overlay-gradient":""},"tablet":{"background-color":"var(--ast-global-color-5)","background-image":"","background-repeat":"repeat","background-position":"center center","background-size":"auto","background-attachment":"scroll","background-type":"","background-media":"","overlay-type":"","overlay-color":"","overlay-opacity":"","overlay-gradient":""},"mobile":{"background-color":"var(--ast-global-color-5)","background-image":"","background-repeat":"repeat","background-position":"center center","background-size":"auto","background-attachment":"scroll","background-type":"","background-media":"","overlay-type":"","overlay-color":"","overlay-opacity":"","overlay-gradient":""}},"footnotes":""},"categories":[40],"tags":[85,84,59,86],"class_list":["post-1705","post","type-post","status-publish","format-standard","has-post-thumbnail","hentry","category-marcas","tag-collab","tag-lacoste","tag-moda","tag-parceria"],"yoast_head":"<!-- This site is optimized with the Yoast SEO plugin v27.0 - https:\/\/yoast.com\/product\/yoast-seo-wordpress\/ -->\n<title>Lacoste traz para o Brasil collab com a A.P.C. - LACKMAN &amp; CO.<\/title>\n<meta name=\"robots\" content=\"index, follow, max-snippet:-1, max-image-preview:large, max-video-preview:-1\" \/>\n<link rel=\"canonical\" href=\"https:\/\/lackman.com.br\/index.php\/2023\/02\/01\/lacoste-traz-para-o-brasil-collab-com-a-a-p-c\/\" \/>\n<meta property=\"og:locale\" content=\"pt_BR\" \/>\n<meta property=\"og:type\" content=\"article\" \/>\n<meta property=\"og:title\" content=\"Lacoste traz para o Brasil collab com a A.P.C. - LACKMAN &amp; CO.\" \/>\n<meta property=\"og:description\" content=\"A parceria tem o intuito de unir o minimalismo e a casualidade da A.P.C. com o fashion sport da Lacoste Lacoste e A.P.C., ambas originalmente francesas, trazem uma collab\u00a0ao Brasil para oferecer o essencial ao dia a dia das pessoas. A parceria tem o intuito de compartilhar \u00edcones entre duas marcas ic\u00f4nicas e assim reinterpretar os cl\u00e1ssicos presentes em cada uma. Louise Trotter, ex-diretora art\u00edstica da\u00a0Lacoste, encontrou Jean Touitou, que forma dupla com sua esposa, Judith Touitou, diretora art\u00edstica da APC, para unir o minimalismo e a casualidade da A.P.C. com o Fashion Sport da\u00a0Lacoste. Na colabora\u00e7\u00e3o com a A.P.C., Louise Trotter trabalhou com Jean e Judith Touitou para criar mais de 30 pe\u00e7as l\u00fadicas destinadas a mulheres e homens e todas trar\u00e3o um logotipo pr\u00f3prio, em que o famoso crocodilo interage com as letras que formam o s\u00edmbolo da A.P.C. V\u00e1rios artigos da nova cole\u00e7\u00e3o t\u00eam as refer\u00eancias militares que fazem parte do DNA da A.P.C e tamb\u00e9m um toque dos anos 90, em termos de cores e volumes. Clique\u00a0aqui\u00a0para ver a cole\u00e7\u00e3o. O Brasil recebe itens selecionados em quantidades limitadas. No\u00a0mix\u00a0destacam-se\u00a0windbreakers, camisetas, bon\u00e9s e bolsas, todos estampados com o novo s\u00edmbolo criado exclusivamente para a\u00a0collab, onde os logos de\u00a0Lacoste e A.P.C se integram. O lan\u00e7amento est\u00e1 dispon\u00edvel desde 24 de janeiro de 2023. As pe\u00e7as podem ser encontradas na loja\u00a0Lacoste\u00a0do Shopping Iguatemi S\u00e3o Paulo,\u00a0Iguatemi 365\u00a0e no\u00a0e-commerce da\u00a0Lacoste\u00a0Brasil. Fotos: Divulga\u00e7\u00e3o\" \/>\n<meta property=\"og:url\" content=\"https:\/\/lackman.com.br\/index.php\/2023\/02\/01\/lacoste-traz-para-o-brasil-collab-com-a-a-p-c\/\" \/>\n<meta property=\"og:site_name\" content=\"LACKMAN &amp; CO.\" \/>\n<meta property=\"article:author\" content=\"https:\/\/www.facebook.com\/fernandolackman\" \/>\n<meta property=\"article:published_time\" content=\"2023-02-01T11:47:41+00:00\" \/>\n<meta property=\"article:modified_time\" content=\"2023-02-11T09:52:20+00:00\" \/>\n<meta property=\"og:image\" content=\"https:\/\/lackman.com.br\/wp-content\/uploads\/2023\/02\/Lacoste-e-A.P.C-1.jpg\" \/>\n\t<meta property=\"og:image:width\" content=\"1080\" \/>\n\t<meta property=\"og:image:height\" content=\"1350\" \/>\n\t<meta property=\"og:image:type\" content=\"image\/jpeg\" \/>\n<meta name=\"author\" content=\"Fernando Lackman\" \/>\n<meta name=\"twitter:card\" content=\"summary_large_image\" \/>\n<meta name=\"twitter:creator\" content=\"@fernandolackman\" \/>\n<meta name=\"twitter:label1\" content=\"Escrito por\" \/>\n\t<meta name=\"twitter:data1\" content=\"Fernando Lackman\" \/>\n\t<meta name=\"twitter:label2\" content=\"Est. tempo de leitura\" \/>\n\t<meta name=\"twitter:data2\" content=\"1 minuto\" \/>\n<script type=\"application\/ld+json\" class=\"yoast-schema-graph\">{\"@context\":\"https:\/\/schema.org\",\"@graph\":[{\"@type\":\"Article\",\"@id\":\"https:\/\/lackman.com.br\/index.php\/2023\/02\/01\/lacoste-traz-para-o-brasil-collab-com-a-a-p-c\/#article\",\"isPartOf\":{\"@id\":\"https:\/\/lackman.com.br\/index.php\/2023\/02\/01\/lacoste-traz-para-o-brasil-collab-com-a-a-p-c\/\"},\"author\":{\"name\":\"Fernando Lackman\",\"@id\":\"https:\/\/lackman.com.br\/#\/schema\/person\/dbfb3fbfc55f2b0bd4f9039696e70858\"},\"headline\":\"Lacoste traz para o Brasil collab com a A.P.C.\",\"datePublished\":\"2023-02-01T11:47:41+00:00\",\"dateModified\":\"2023-02-11T09:52:20+00:00\",\"mainEntityOfPage\":{\"@id\":\"https:\/\/lackman.com.br\/index.php\/2023\/02\/01\/lacoste-traz-para-o-brasil-collab-com-a-a-p-c\/\"},\"wordCount\":288,\"publisher\":{\"@id\":\"https:\/\/lackman.com.br\/#organization\"},\"image\":{\"@id\":\"https:\/\/lackman.com.br\/index.php\/2023\/02\/01\/lacoste-traz-para-o-brasil-collab-com-a-a-p-c\/#primaryimage\"},\"thumbnailUrl\":\"https:\/\/lackman.com.br\/wp-content\/uploads\/2023\/02\/Lacoste-e-A.P.C-1.jpg\",\"keywords\":[\"collab\",\"Lacoste\",\"Moda\",\"parceria\"],\"articleSection\":[\"Marcas\"],\"inLanguage\":\"pt-BR\"},{\"@type\":\"WebPage\",\"@id\":\"https:\/\/lackman.com.br\/index.php\/2023\/02\/01\/lacoste-traz-para-o-brasil-collab-com-a-a-p-c\/\",\"url\":\"https:\/\/lackman.com.br\/index.php\/2023\/02\/01\/lacoste-traz-para-o-brasil-collab-com-a-a-p-c\/\",\"name\":\"Lacoste traz para o Brasil collab com a A.P.C. - LACKMAN &amp; CO.\",\"isPartOf\":{\"@id\":\"https:\/\/lackman.com.br\/#website\"},\"primaryImageOfPage\":{\"@id\":\"https:\/\/lackman.com.br\/index.php\/2023\/02\/01\/lacoste-traz-para-o-brasil-collab-com-a-a-p-c\/#primaryimage\"},\"image\":{\"@id\":\"https:\/\/lackman.com.br\/index.php\/2023\/02\/01\/lacoste-traz-para-o-brasil-collab-com-a-a-p-c\/#primaryimage\"},\"thumbnailUrl\":\"https:\/\/lackman.com.br\/wp-content\/uploads\/2023\/02\/Lacoste-e-A.P.C-1.jpg\",\"datePublished\":\"2023-02-01T11:47:41+00:00\",\"dateModified\":\"2023-02-11T09:52:20+00:00\",\"breadcrumb\":{\"@id\":\"https:\/\/lackman.com.br\/index.php\/2023\/02\/01\/lacoste-traz-para-o-brasil-collab-com-a-a-p-c\/#breadcrumb\"},\"inLanguage\":\"pt-BR\",\"potentialAction\":[{\"@type\":\"ReadAction\",\"target\":[\"https:\/\/lackman.com.br\/index.php\/2023\/02\/01\/lacoste-traz-para-o-brasil-collab-com-a-a-p-c\/\"]}]},{\"@type\":\"ImageObject\",\"inLanguage\":\"pt-BR\",\"@id\":\"https:\/\/lackman.com.br\/index.php\/2023\/02\/01\/lacoste-traz-para-o-brasil-collab-com-a-a-p-c\/#primaryimage\",\"url\":\"https:\/\/lackman.com.br\/wp-content\/uploads\/2023\/02\/Lacoste-e-A.P.C-1.jpg\",\"contentUrl\":\"https:\/\/lackman.com.br\/wp-content\/uploads\/2023\/02\/Lacoste-e-A.P.C-1.jpg\",\"width\":1080,\"height\":1350},{\"@type\":\"BreadcrumbList\",\"@id\":\"https:\/\/lackman.com.br\/index.php\/2023\/02\/01\/lacoste-traz-para-o-brasil-collab-com-a-a-p-c\/#breadcrumb\",\"itemListElement\":[{\"@type\":\"ListItem\",\"position\":1,\"name\":\"In\u00edcio\",\"item\":\"https:\/\/lackman.com.br\/\"},{\"@type\":\"ListItem\",\"position\":2,\"name\":\"Lacoste traz para o Brasil collab com a A.P.C.\"}]},{\"@type\":\"WebSite\",\"@id\":\"https:\/\/lackman.com.br\/#website\",\"url\":\"https:\/\/lackman.com.br\/\",\"name\":\"LACKMAN &amp; CO.\",\"description\":\"VIDA | MODA | ARTE\",\"publisher\":{\"@id\":\"https:\/\/lackman.com.br\/#organization\"},\"potentialAction\":[{\"@type\":\"SearchAction\",\"target\":{\"@type\":\"EntryPoint\",\"urlTemplate\":\"https:\/\/lackman.com.br\/?s={search_term_string}\"},\"query-input\":{\"@type\":\"PropertyValueSpecification\",\"valueRequired\":true,\"valueName\":\"search_term_string\"}}],\"inLanguage\":\"pt-BR\"},{\"@type\":\"Organization\",\"@id\":\"https:\/\/lackman.com.br\/#organization\",\"name\":\"LACKMAN &amp; CO.\",\"url\":\"https:\/\/lackman.com.br\/\",\"logo\":{\"@type\":\"ImageObject\",\"inLanguage\":\"pt-BR\",\"@id\":\"https:\/\/lackman.com.br\/#\/schema\/logo\/image\/\",\"url\":\"https:\/\/lackman.com.br\/wp-content\/uploads\/2023\/06\/Logotipo_preto-1.png\",\"contentUrl\":\"https:\/\/lackman.com.br\/wp-content\/uploads\/2023\/06\/Logotipo_preto-1.png\",\"width\":739,\"height\":393,\"caption\":\"LACKMAN &amp; CO.\"},\"image\":{\"@id\":\"https:\/\/lackman.com.br\/#\/schema\/logo\/image\/\"}},{\"@type\":\"Person\",\"@id\":\"https:\/\/lackman.com.br\/#\/schema\/person\/dbfb3fbfc55f2b0bd4f9039696e70858\",\"name\":\"Fernando Lackman\",\"image\":{\"@type\":\"ImageObject\",\"inLanguage\":\"pt-BR\",\"@id\":\"https:\/\/lackman.com.br\/#\/schema\/person\/image\/\",\"url\":\"https:\/\/secure.gravatar.com\/avatar\/ae7993150af197e66480c8a769891833dd2b8d809f0d9ff3f25af796cf378ce8?s=96&d=mm&r=g\",\"contentUrl\":\"https:\/\/secure.gravatar.com\/avatar\/ae7993150af197e66480c8a769891833dd2b8d809f0d9ff3f25af796cf378ce8?s=96&d=mm&r=g\",\"caption\":\"Fernando Lackman\"},\"description\":\"Fernando Lackman \u00e9 jornalista especializado em Moda e Cultura, editor do site LACKMAN.com.br. \u00c9 autor do livro Bras\u00edlia Capital dos Criadores, que conta a hist\u00f3ria da moda no Distrito Federal. Tem em seu curr\u00edculo assinatura de dire\u00e7\u00e3o criativa e de desfiles em eventos como Estilo DF Plaza, Summer Collections, JK Street Fashion, Desfile Beleza Negra (DBN), PicniK Fashion Show, Vogue Fashion\u2019s Night Out Bras\u00edlia, entre outros. Foi diretor criativo do extinto Capital Fashion Week. Atualmente trabalha na dire\u00e7\u00e3o criativa de eventos como Top CUFA, BSB Fashion Street, Bras\u00edlia Fashion House, Ateli\u00ea Bras\u00edlia e Goi\u00e1s Fashion Week.\",\"sameAs\":[\"https:\/\/lackman.com.br\/\",\"https:\/\/www.facebook.com\/fernandolackman\",\"https:\/\/www.instagram.com\/fernandolackman\/\",\"https:\/\/www.linkedin.com\/in\/fernando-lackman\/\",\"https:\/\/br.pinterest.com\/fernandolackman\/\",\"https:\/\/x.com\/fernandolackman\"],\"url\":\"https:\/\/lackman.com.br\/index.php\/author\/fernando-lackman\/\"}]}<\/script>\n<!-- \/ Yoast SEO plugin. -->","yoast_head_json":{"title":"Lacoste traz para o Brasil collab com a A.P.C. - LACKMAN &amp; CO.","robots":{"index":"index","follow":"follow","max-snippet":"max-snippet:-1","max-image-preview":"max-image-preview:large","max-video-preview":"max-video-preview:-1"},"canonical":"https:\/\/lackman.com.br\/index.php\/2023\/02\/01\/lacoste-traz-para-o-brasil-collab-com-a-a-p-c\/","og_locale":"pt_BR","og_type":"article","og_title":"Lacoste traz para o Brasil collab com a A.P.C. - LACKMAN &amp; CO.","og_description":"A parceria tem o intuito de unir o minimalismo e a casualidade da A.P.C. com o fashion sport da Lacoste Lacoste e A.P.C., ambas originalmente francesas, trazem uma collab\u00a0ao Brasil para oferecer o essencial ao dia a dia das pessoas. A parceria tem o intuito de compartilhar \u00edcones entre duas marcas ic\u00f4nicas e assim reinterpretar os cl\u00e1ssicos presentes em cada uma. Louise Trotter, ex-diretora art\u00edstica da\u00a0Lacoste, encontrou Jean Touitou, que forma dupla com sua esposa, Judith Touitou, diretora art\u00edstica da APC, para unir o minimalismo e a casualidade da A.P.C. com o Fashion Sport da\u00a0Lacoste. Na colabora\u00e7\u00e3o com a A.P.C., Louise Trotter trabalhou com Jean e Judith Touitou para criar mais de 30 pe\u00e7as l\u00fadicas destinadas a mulheres e homens e todas trar\u00e3o um logotipo pr\u00f3prio, em que o famoso crocodilo interage com as letras que formam o s\u00edmbolo da A.P.C. V\u00e1rios artigos da nova cole\u00e7\u00e3o t\u00eam as refer\u00eancias militares que fazem parte do DNA da A.P.C e tamb\u00e9m um toque dos anos 90, em termos de cores e volumes. Clique\u00a0aqui\u00a0para ver a cole\u00e7\u00e3o. O Brasil recebe itens selecionados em quantidades limitadas. No\u00a0mix\u00a0destacam-se\u00a0windbreakers, camisetas, bon\u00e9s e bolsas, todos estampados com o novo s\u00edmbolo criado exclusivamente para a\u00a0collab, onde os logos de\u00a0Lacoste e A.P.C se integram. O lan\u00e7amento est\u00e1 dispon\u00edvel desde 24 de janeiro de 2023. As pe\u00e7as podem ser encontradas na loja\u00a0Lacoste\u00a0do Shopping Iguatemi S\u00e3o Paulo,\u00a0Iguatemi 365\u00a0e no\u00a0e-commerce da\u00a0Lacoste\u00a0Brasil. Fotos: Divulga\u00e7\u00e3o","og_url":"https:\/\/lackman.com.br\/index.php\/2023\/02\/01\/lacoste-traz-para-o-brasil-collab-com-a-a-p-c\/","og_site_name":"LACKMAN &amp; CO.","article_author":"https:\/\/www.facebook.com\/fernandolackman","article_published_time":"2023-02-01T11:47:41+00:00","article_modified_time":"2023-02-11T09:52:20+00:00","og_image":[{"width":1080,"height":1350,"url":"https:\/\/lackman.com.br\/wp-content\/uploads\/2023\/02\/Lacoste-e-A.P.C-1.jpg","type":"image\/jpeg"}],"author":"Fernando Lackman","twitter_card":"summary_large_image","twitter_creator":"@fernandolackman","twitter_misc":{"Escrito por":"Fernando Lackman","Est. tempo de leitura":"1 minuto"},"schema":{"@context":"https:\/\/schema.org","@graph":[{"@type":"Article","@id":"https:\/\/lackman.com.br\/index.php\/2023\/02\/01\/lacoste-traz-para-o-brasil-collab-com-a-a-p-c\/#article","isPartOf":{"@id":"https:\/\/lackman.com.br\/index.php\/2023\/02\/01\/lacoste-traz-para-o-brasil-collab-com-a-a-p-c\/"},"author":{"name":"Fernando Lackman","@id":"https:\/\/lackman.com.br\/#\/schema\/person\/dbfb3fbfc55f2b0bd4f9039696e70858"},"headline":"Lacoste traz para o Brasil collab com a A.P.C.","datePublished":"2023-02-01T11:47:41+00:00","dateModified":"2023-02-11T09:52:20+00:00","mainEntityOfPage":{"@id":"https:\/\/lackman.com.br\/index.php\/2023\/02\/01\/lacoste-traz-para-o-brasil-collab-com-a-a-p-c\/"},"wordCount":288,"publisher":{"@id":"https:\/\/lackman.com.br\/#organization"},"image":{"@id":"https:\/\/lackman.com.br\/index.php\/2023\/02\/01\/lacoste-traz-para-o-brasil-collab-com-a-a-p-c\/#primaryimage"},"thumbnailUrl":"https:\/\/lackman.com.br\/wp-content\/uploads\/2023\/02\/Lacoste-e-A.P.C-1.jpg","keywords":["collab","Lacoste","Moda","parceria"],"articleSection":["Marcas"],"inLanguage":"pt-BR"},{"@type":"WebPage","@id":"https:\/\/lackman.com.br\/index.php\/2023\/02\/01\/lacoste-traz-para-o-brasil-collab-com-a-a-p-c\/","url":"https:\/\/lackman.com.br\/index.php\/2023\/02\/01\/lacoste-traz-para-o-brasil-collab-com-a-a-p-c\/","name":"Lacoste traz para o Brasil collab com a A.P.C. - LACKMAN &amp; CO.","isPartOf":{"@id":"https:\/\/lackman.com.br\/#website"},"primaryImageOfPage":{"@id":"https:\/\/lackman.com.br\/index.php\/2023\/02\/01\/lacoste-traz-para-o-brasil-collab-com-a-a-p-c\/#primaryimage"},"image":{"@id":"https:\/\/lackman.com.br\/index.php\/2023\/02\/01\/lacoste-traz-para-o-brasil-collab-com-a-a-p-c\/#primaryimage"},"thumbnailUrl":"https:\/\/lackman.com.br\/wp-content\/uploads\/2023\/02\/Lacoste-e-A.P.C-1.jpg","datePublished":"2023-02-01T11:47:41+00:00","dateModified":"2023-02-11T09:52:20+00:00","breadcrumb":{"@id":"https:\/\/lackman.com.br\/index.php\/2023\/02\/01\/lacoste-traz-para-o-brasil-collab-com-a-a-p-c\/#breadcrumb"},"inLanguage":"pt-BR","potentialAction":[{"@type":"ReadAction","target":["https:\/\/lackman.com.br\/index.php\/2023\/02\/01\/lacoste-traz-para-o-brasil-collab-com-a-a-p-c\/"]}]},{"@type":"ImageObject","inLanguage":"pt-BR","@id":"https:\/\/lackman.com.br\/index.php\/2023\/02\/01\/lacoste-traz-para-o-brasil-collab-com-a-a-p-c\/#primaryimage","url":"https:\/\/lackman.com.br\/wp-content\/uploads\/2023\/02\/Lacoste-e-A.P.C-1.jpg","contentUrl":"https:\/\/lackman.com.br\/wp-content\/uploads\/2023\/02\/Lacoste-e-A.P.C-1.jpg","width":1080,"height":1350},{"@type":"BreadcrumbList","@id":"https:\/\/lackman.com.br\/index.php\/2023\/02\/01\/lacoste-traz-para-o-brasil-collab-com-a-a-p-c\/#breadcrumb","itemListElement":[{"@type":"ListItem","position":1,"name":"In\u00edcio","item":"https:\/\/lackman.com.br\/"},{"@type":"ListItem","position":2,"name":"Lacoste traz para o Brasil collab com a A.P.C."}]},{"@type":"WebSite","@id":"https:\/\/lackman.com.br\/#website","url":"https:\/\/lackman.com.br\/","name":"LACKMAN &amp; CO.","description":"VIDA | MODA | ARTE","publisher":{"@id":"https:\/\/lackman.com.br\/#organization"},"potentialAction":[{"@type":"SearchAction","target":{"@type":"EntryPoint","urlTemplate":"https:\/\/lackman.com.br\/?s={search_term_string}"},"query-input":{"@type":"PropertyValueSpecification","valueRequired":true,"valueName":"search_term_string"}}],"inLanguage":"pt-BR"},{"@type":"Organization","@id":"https:\/\/lackman.com.br\/#organization","name":"LACKMAN &amp; CO.","url":"https:\/\/lackman.com.br\/","logo":{"@type":"ImageObject","inLanguage":"pt-BR","@id":"https:\/\/lackman.com.br\/#\/schema\/logo\/image\/","url":"https:\/\/lackman.com.br\/wp-content\/uploads\/2023\/06\/Logotipo_preto-1.png","contentUrl":"https:\/\/lackman.com.br\/wp-content\/uploads\/2023\/06\/Logotipo_preto-1.png","width":739,"height":393,"caption":"LACKMAN &amp; CO."},"image":{"@id":"https:\/\/lackman.com.br\/#\/schema\/logo\/image\/"}},{"@type":"Person","@id":"https:\/\/lackman.com.br\/#\/schema\/person\/dbfb3fbfc55f2b0bd4f9039696e70858","name":"Fernando Lackman","image":{"@type":"ImageObject","inLanguage":"pt-BR","@id":"https:\/\/lackman.com.br\/#\/schema\/person\/image\/","url":"https:\/\/secure.gravatar.com\/avatar\/ae7993150af197e66480c8a769891833dd2b8d809f0d9ff3f25af796cf378ce8?s=96&d=mm&r=g","contentUrl":"https:\/\/secure.gravatar.com\/avatar\/ae7993150af197e66480c8a769891833dd2b8d809f0d9ff3f25af796cf378ce8?s=96&d=mm&r=g","caption":"Fernando Lackman"},"description":"Fernando Lackman \u00e9 jornalista especializado em Moda e Cultura, editor do site LACKMAN.com.br. \u00c9 autor do livro Bras\u00edlia Capital dos Criadores, que conta a hist\u00f3ria da moda no Distrito Federal. Tem em seu curr\u00edculo assinatura de dire\u00e7\u00e3o criativa e de desfiles em eventos como Estilo DF Plaza, Summer Collections, JK Street Fashion, Desfile Beleza Negra (DBN), PicniK Fashion Show, Vogue Fashion\u2019s Night Out Bras\u00edlia, entre outros. Foi diretor criativo do extinto Capital Fashion Week. Atualmente trabalha na dire\u00e7\u00e3o criativa de eventos como Top CUFA, BSB Fashion Street, Bras\u00edlia Fashion House, Ateli\u00ea Bras\u00edlia e Goi\u00e1s Fashion Week.","sameAs":["https:\/\/lackman.com.br\/","https:\/\/www.facebook.com\/fernandolackman","https:\/\/www.instagram.com\/fernandolackman\/","https:\/\/www.linkedin.com\/in\/fernando-lackman\/","https:\/\/br.pinterest.com\/fernandolackman\/","https:\/\/x.com\/fernandolackman"],"url":"https:\/\/lackman.com.br\/index.php\/author\/fernando-lackman\/"}]}},"rttpg_featured_image_url":{"full":["https:\/\/lackman.com.br\/wp-content\/uploads\/2023\/02\/Lacoste-e-A.P.C-1.jpg",1080,1350,false],"landscape":["https:\/\/lackman.com.br\/wp-content\/uploads\/2023\/02\/Lacoste-e-A.P.C-1.jpg",1080,1350,false],"portraits":["https:\/\/lackman.com.br\/wp-content\/uploads\/2023\/02\/Lacoste-e-A.P.C-1.jpg",1080,1350,false],"thumbnail":["https:\/\/lackman.com.br\/wp-content\/uploads\/2023\/02\/Lacoste-e-A.P.C-1-150x150.jpg",150,150,true],"medium":["https:\/\/lackman.com.br\/wp-content\/uploads\/2023\/02\/Lacoste-e-A.P.C-1-240x300.jpg",240,300,true],"large":["https:\/\/lackman.com.br\/wp-content\/uploads\/2023\/02\/Lacoste-e-A.P.C-1-819x1024.jpg",819,1024,true],"RoboGalleryMansoryImagesCenter":["https:\/\/lackman.com.br\/wp-content\/uploads\/2023\/02\/Lacoste-e-A.P.C-1-600x1024.jpg",600,1024,true],"RoboGalleryPreload":["https:\/\/lackman.com.br\/wp-content\/uploads\/2023\/02\/Lacoste-e-A.P.C-1.jpg",100,125,false],"1536x1536":["https:\/\/lackman.com.br\/wp-content\/uploads\/2023\/02\/Lacoste-e-A.P.C-1.jpg",1080,1350,false],"2048x2048":["https:\/\/lackman.com.br\/wp-content\/uploads\/2023\/02\/Lacoste-e-A.P.C-1.jpg",1080,1350,false]},"rttpg_author":{"display_name":"Fernando Lackman","author_link":"https:\/\/lackman.com.br\/index.php\/author\/fernando-lackman\/"},"rttpg_comment":0,"rttpg_category":"<a href=\"https:\/\/lackman.com.br\/index.php\/category\/moda\/marcas\/\" rel=\"category tag\">Marcas<\/a>","rttpg_excerpt":"A parceria tem o intuito de unir o minimalismo e a casualidade da A.P.C. com o fashion sport da Lacoste Lacoste e A.P.C., ambas originalmente francesas, trazem uma collab\u00a0ao Brasil para oferecer o essencial ao dia a dia das pessoas. A parceria tem o intuito de compartilhar \u00edcones entre duas marcas ic\u00f4nicas e assim reinterpretar&hellip;","_links":{"self":[{"href":"https:\/\/lackman.com.br\/index.php\/wp-json\/wp\/v2\/posts\/1705","targetHints":{"allow":["GET"]}}],"collection":[{"href":"https:\/\/lackman.com.br\/index.php\/wp-json\/wp\/v2\/posts"}],"about":[{"href":"https:\/\/lackman.com.br\/index.php\/wp-json\/wp\/v2\/types\/post"}],"author":[{"embeddable":true,"href":"https:\/\/lackman.com.br\/index.php\/wp-json\/wp\/v2\/users\/2"}],"replies":[{"embeddable":true,"href":"https:\/\/lackman.com.br\/index.php\/wp-json\/wp\/v2\/comments?post=1705"}],"version-history":[{"count":1,"href":"https:\/\/lackman.com.br\/index.php\/wp-json\/wp\/v2\/posts\/1705\/revisions"}],"predecessor-version":[{"id":1709,"href":"https:\/\/lackman.com.br\/index.php\/wp-json\/wp\/v2\/posts\/1705\/revisions\/1709"}],"wp:featuredmedia":[{"embeddable":true,"href":"https:\/\/lackman.com.br\/index.php\/wp-json\/wp\/v2\/media\/1706"}],"wp:attachment":[{"href":"https:\/\/lackman.com.br\/index.php\/wp-json\/wp\/v2\/media?parent=1705"}],"wp:term":[{"taxonomy":"category","embeddable":true,"href":"https:\/\/lackman.com.br\/index.php\/wp-json\/wp\/v2\/categories?post=1705"},{"taxonomy":"post_tag","embeddable":true,"href":"https:\/\/lackman.com.br\/index.php\/wp-json\/wp\/v2\/tags?post=1705"}],"curies":[{"name":"wp","href":"https:\/\/api.w.org\/{rel}","templated":true}]}}