{"id":1697,"date":"2023-01-31T08:05:12","date_gmt":"2023-01-31T11:05:12","guid":{"rendered":"https:\/\/lackman.com.br\/?p=1697"},"modified":"2023-02-03T00:11:43","modified_gmt":"2023-02-03T03:11:43","slug":"arca-de-noe-em-brasilia-tem-ingressos-liberados-para-venda","status":"publish","type":"post","link":"https:\/\/lackman.com.br\/index.php\/2023\/01\/31\/arca-de-noe-em-brasilia-tem-ingressos-liberados-para-venda\/","title":{"rendered":"Arca de No\u00e9 em Bras\u00edlia tem ingressos liberados"},"content":{"rendered":"<h5 style=\"text-align: justify;\"><em><strong>Famosa festa carioca \u00e9 open bar premium e acontece dia 01 de abril, em local surpresa<\/strong><\/em><\/h5>\n<p style=\"text-align: justify;\">Foi iniciado nesta semana a venda de ingressos para a badalada festa carioca, Arca de No\u00e9, na vers\u00e3o <em>Arca Is This New Bloc<\/em>, marcada para o dia 01 de abril, em Bras\u00edlia. \u00c9 para matar as saudades do Carnaval e fechar o Ver\u00e3o com chave de ouro. A festa nasceu em 2013, no Rio de Janeiro, se transformou em um grande sucesso e hoje percorre v\u00e1rias cidades do pa\u00eds com seu espet\u00e1culo multicolorido. O evento \u00e9 open bar premium e os ingressos podem ser adquiridos pelo <strong><a href=\"https:\/\/www.ingresse.com\/arca-is-the-new-bloco-bsb\">site Ingresse<\/a><\/strong>.<\/p>\n<p><img fetchpriority=\"high\" decoding=\"async\" class=\"alignnone wp-image-1700 size-large\" src=\"http:\/\/lackman.com.br\/wp-content\/uploads\/2023\/02\/festa-ARCA-2-scaled-e1675336739395-1024x661.jpg\" alt=\"\" width=\"1024\" height=\"661\" srcset=\"https:\/\/lackman.com.br\/wp-content\/uploads\/2023\/02\/festa-ARCA-2-scaled-e1675336739395-1024x661.jpg 1024w, https:\/\/lackman.com.br\/wp-content\/uploads\/2023\/02\/festa-ARCA-2-scaled-e1675336739395-300x194.jpg 300w, https:\/\/lackman.com.br\/wp-content\/uploads\/2023\/02\/festa-ARCA-2-scaled-e1675336739395-768x496.jpg 768w, https:\/\/lackman.com.br\/wp-content\/uploads\/2023\/02\/festa-ARCA-2-scaled-e1675336739395-1536x992.jpg 1536w, https:\/\/lackman.com.br\/wp-content\/uploads\/2023\/02\/festa-ARCA-2-scaled-e1675336739395-2048x1322.jpg 2048w, https:\/\/lackman.com.br\/wp-content\/uploads\/2023\/02\/festa-ARCA-2-scaled-e1675336739395-200x129.jpg 200w\" sizes=\"(max-width: 1024px) 100vw, 1024px\" \/><\/p>\n<p style=\"text-align: justify;\">O local da festa \u00e9 surpresa e s\u00f3 ser\u00e1 anunciado na semana do evento A certeza \u00e9 que, como sempre acontece, o p\u00fablico vai vivenciar uma cenografia impactante, com muita cor, bandeiras, tinta neon, glitter, m\u00fasica boa e mais de 8 horas de open bar premium. Um verdadeiro parque de divers\u00f5es para o brasiliense curtir uma aventura hipnotizante onde imperam a alegria e a empolga\u00e7\u00e3o, ess\u00eancia da Arca de No\u00e9 e motivo do seu sucesso.<\/p>\n<p style=\"text-align: justify;\"><img decoding=\"async\" class=\"alignnone wp-image-1698 size-large\" src=\"http:\/\/lackman.com.br\/wp-content\/uploads\/2023\/02\/festa-ARCA-1-1024x683.jpeg\" alt=\"\" width=\"1024\" height=\"683\" srcset=\"https:\/\/lackman.com.br\/wp-content\/uploads\/2023\/02\/festa-ARCA-1-1024x683.jpeg 1024w, https:\/\/lackman.com.br\/wp-content\/uploads\/2023\/02\/festa-ARCA-1-300x200.jpeg 300w, https:\/\/lackman.com.br\/wp-content\/uploads\/2023\/02\/festa-ARCA-1-768x512.jpeg 768w, https:\/\/lackman.com.br\/wp-content\/uploads\/2023\/02\/festa-ARCA-1-1536x1024.jpeg 1536w, https:\/\/lackman.com.br\/wp-content\/uploads\/2023\/02\/festa-ARCA-1-2048x1365.jpeg 2048w, https:\/\/lackman.com.br\/wp-content\/uploads\/2023\/02\/festa-ARCA-1-200x133.jpeg 200w\" sizes=\"(max-width: 1024px) 100vw, 1024px\" \/><\/p>\n<p style=\"text-align: justify;\">Esta ser\u00e1 a 5\u00aa edi\u00e7\u00e3o da festa na capital federal em uma parceria das produtoras Influ Produ\u00e7\u00f5es, VBR Entretenimento, Anima, Medley e Pa\u00efm. Desde a primeira, em 2013, no Rio de Janeiro, mais de 100 mil pessoas, de v\u00e1rios estados do Brasil, marcaram presen\u00e7a no parque de divers\u00f5es da Arca.<\/p>\n<h5 style=\"text-align: justify;\">Quer ir?<\/h5>\n<p style=\"text-align: justify;\">Arca this is New Bloco BSB, dia 1 de abril, com local a revelar na semana do evento.<\/p>\n<p style=\"text-align: justify;\">Ingressos: <a href=\"https:\/\/www.ingresse.com\/arca-is-the-new-bloco-bsb\">https:\/\/www.ingresse.com\/arca-is-the-new-bloco-bsb<\/a><\/p>\n<p>Classifica\u00e7\u00e3o Indicativa: Recomendado para maiores de 18 anos.<\/p>\n<hr \/>\n<pre>Fotos: Jean Pitrez e Nelson Avelar\/Divulga\u00e7\u00e3o<\/pre>\n","protected":false},"excerpt":{"rendered":"<p>Famosa festa carioca \u00e9 open bar premium e acontece dia 01 de abril, em local surpresa Foi iniciado nesta semana a venda de ingressos para a badalada festa carioca, Arca de No\u00e9, na vers\u00e3o Arca Is This New Bloc, marcada para o dia 01 de abril, em Bras\u00edlia. \u00c9 para matar as saudades do Carnaval e fechar o Ver\u00e3o com chave de ouro. A festa nasceu em 2013, no Rio de Janeiro, se transformou em um grande sucesso e hoje percorre v\u00e1rias cidades do pa\u00eds com seu espet\u00e1culo multicolorido. O evento \u00e9 open bar premium e os ingressos podem ser adquiridos pelo site Ingresse. O local da festa \u00e9 surpresa e s\u00f3 ser\u00e1 anunciado na semana do evento A certeza \u00e9 que, como sempre acontece, o p\u00fablico vai vivenciar uma cenografia impactante, com muita cor, bandeiras, tinta neon, glitter, m\u00fasica boa e mais de 8 horas de open bar premium. Um verdadeiro parque de divers\u00f5es para o brasiliense curtir uma aventura hipnotizante onde imperam a alegria e a empolga\u00e7\u00e3o, ess\u00eancia da Arca de No\u00e9 e motivo do seu sucesso. Esta ser\u00e1 a 5\u00aa edi\u00e7\u00e3o da festa na capital federal em uma parceria das produtoras Influ Produ\u00e7\u00f5es, VBR Entretenimento, Anima, Medley e Pa\u00efm. Desde a primeira, em 2013, no Rio de Janeiro, mais de 100 mil pessoas, de v\u00e1rios estados do Brasil, marcaram presen\u00e7a no parque de divers\u00f5es da Arca. Quer ir? Arca this is New Bloco BSB, dia 1 de abril, com local a revelar na semana do evento. Ingressos: https:\/\/www.ingresse.com\/arca-is-the-new-bloco-bsb Classifica\u00e7\u00e3o Indicativa: Recomendado para maiores de 18 anos. Fotos: Jean Pitrez e Nelson Avelar\/Divulga\u00e7\u00e3o<\/p>\n","protected":false},"author":2,"featured_media":1699,"comment_status":"closed","ping_status":"closed","sticky":false,"template":"","format":"standard","meta":{"site-sidebar-layout":"default","site-content-layout":"default","ast-site-content-layout":"default","site-content-style":"default","site-sidebar-style":"default","ast-global-header-display":"","ast-banner-title-visibility":"","ast-main-header-display":"","ast-hfb-above-header-display":"","ast-hfb-below-header-display":"","ast-hfb-mobile-header-display":"","site-post-title":"","ast-breadcrumbs-content":"","ast-featured-img":"","footer-sml-layout":"","ast-disable-related-posts":"","theme-transparent-header-meta":"default","adv-header-id-meta":"","stick-header-meta":"","header-above-stick-meta":"","header-main-stick-meta":"","header-below-stick-meta":"","astra-migrate-meta-layouts":"default","ast-page-background-enabled":"default","ast-page-background-meta":{"desktop":{"background-color":"","background-image":"","background-repeat":"repeat","background-position":"center center","background-size":"auto","background-attachment":"scroll","background-type":"","background-media":"","overlay-type":"","overlay-color":"","overlay-opacity":"","overlay-gradient":""},"tablet":{"background-color":"","background-image":"","background-repeat":"repeat","background-position":"center center","background-size":"auto","background-attachment":"scroll","background-type":"","background-media":"","overlay-type":"","overlay-color":"","overlay-opacity":"","overlay-gradient":""},"mobile":{"background-color":"","background-image":"","background-repeat":"repeat","background-position":"center center","background-size":"auto","background-attachment":"scroll","background-type":"","background-media":"","overlay-type":"","overlay-color":"","overlay-opacity":"","overlay-gradient":""}},"ast-content-background-meta":{"desktop":{"background-color":"var(--ast-global-color-5)","background-image":"","background-repeat":"repeat","background-position":"center center","background-size":"auto","background-attachment":"scroll","background-type":"","background-media":"","overlay-type":"","overlay-color":"","overlay-opacity":"","overlay-gradient":""},"tablet":{"background-color":"var(--ast-global-color-5)","background-image":"","background-repeat":"repeat","background-position":"center center","background-size":"auto","background-attachment":"scroll","background-type":"","background-media":"","overlay-type":"","overlay-color":"","overlay-opacity":"","overlay-gradient":""},"mobile":{"background-color":"var(--ast-global-color-5)","background-image":"","background-repeat":"repeat","background-position":"center center","background-size":"auto","background-attachment":"scroll","background-type":"","background-media":"","overlay-type":"","overlay-color":"","overlay-opacity":"","overlay-gradient":""}},"footnotes":""},"categories":[48],"tags":[83,54,82,64],"class_list":["post-1697","post","type-post","status-publish","format-standard","has-post-thumbnail","hentry","category-entretenimento","tag-arca","tag-brasilia","tag-festa","tag-rj"],"yoast_head":"<!-- This site is optimized with the Yoast SEO plugin v27.0 - https:\/\/yoast.com\/product\/yoast-seo-wordpress\/ -->\n<title>Arca de No\u00e9 em Bras\u00edlia tem ingressos liberados - LACKMAN &amp; CO.<\/title>\n<meta name=\"robots\" content=\"index, follow, max-snippet:-1, max-image-preview:large, max-video-preview:-1\" \/>\n<link rel=\"canonical\" href=\"https:\/\/lackman.com.br\/index.php\/2023\/01\/31\/arca-de-noe-em-brasilia-tem-ingressos-liberados-para-venda\/\" \/>\n<meta property=\"og:locale\" content=\"pt_BR\" \/>\n<meta property=\"og:type\" content=\"article\" \/>\n<meta property=\"og:title\" content=\"Arca de No\u00e9 em Bras\u00edlia tem ingressos liberados - LACKMAN &amp; CO.\" \/>\n<meta property=\"og:description\" content=\"Famosa festa carioca \u00e9 open bar premium e acontece dia 01 de abril, em local surpresa Foi iniciado nesta semana a venda de ingressos para a badalada festa carioca, Arca de No\u00e9, na vers\u00e3o Arca Is This New Bloc, marcada para o dia 01 de abril, em Bras\u00edlia. \u00c9 para matar as saudades do Carnaval e fechar o Ver\u00e3o com chave de ouro. A festa nasceu em 2013, no Rio de Janeiro, se transformou em um grande sucesso e hoje percorre v\u00e1rias cidades do pa\u00eds com seu espet\u00e1culo multicolorido. O evento \u00e9 open bar premium e os ingressos podem ser adquiridos pelo site Ingresse. O local da festa \u00e9 surpresa e s\u00f3 ser\u00e1 anunciado na semana do evento A certeza \u00e9 que, como sempre acontece, o p\u00fablico vai vivenciar uma cenografia impactante, com muita cor, bandeiras, tinta neon, glitter, m\u00fasica boa e mais de 8 horas de open bar premium. Um verdadeiro parque de divers\u00f5es para o brasiliense curtir uma aventura hipnotizante onde imperam a alegria e a empolga\u00e7\u00e3o, ess\u00eancia da Arca de No\u00e9 e motivo do seu sucesso. Esta ser\u00e1 a 5\u00aa edi\u00e7\u00e3o da festa na capital federal em uma parceria das produtoras Influ Produ\u00e7\u00f5es, VBR Entretenimento, Anima, Medley e Pa\u00efm. Desde a primeira, em 2013, no Rio de Janeiro, mais de 100 mil pessoas, de v\u00e1rios estados do Brasil, marcaram presen\u00e7a no parque de divers\u00f5es da Arca. Quer ir? Arca this is New Bloco BSB, dia 1 de abril, com local a revelar na semana do evento. Ingressos: https:\/\/www.ingresse.com\/arca-is-the-new-bloco-bsb Classifica\u00e7\u00e3o Indicativa: Recomendado para maiores de 18 anos. Fotos: Jean Pitrez e Nelson Avelar\/Divulga\u00e7\u00e3o\" \/>\n<meta property=\"og:url\" content=\"https:\/\/lackman.com.br\/index.php\/2023\/01\/31\/arca-de-noe-em-brasilia-tem-ingressos-liberados-para-venda\/\" \/>\n<meta property=\"og:site_name\" content=\"LACKMAN &amp; CO.\" \/>\n<meta property=\"article:author\" content=\"https:\/\/www.facebook.com\/fernandolackman\" \/>\n<meta property=\"article:published_time\" content=\"2023-01-31T11:05:12+00:00\" \/>\n<meta property=\"article:modified_time\" content=\"2023-02-03T03:11:43+00:00\" \/>\n<meta property=\"og:image\" content=\"http:\/\/lackman.com.br\/wp-content\/uploads\/2023\/02\/festa-ARCA-1-scaled-e1675336819389.jpg\" \/>\n\t<meta property=\"og:image:width\" content=\"2355\" \/>\n\t<meta property=\"og:image:height\" content=\"1478\" \/>\n\t<meta property=\"og:image:type\" content=\"image\/jpeg\" \/>\n<meta name=\"author\" content=\"Fernando Lackman\" \/>\n<meta name=\"twitter:card\" content=\"summary_large_image\" \/>\n<meta name=\"twitter:creator\" content=\"@fernandolackman\" \/>\n<meta name=\"twitter:label1\" content=\"Escrito por\" \/>\n\t<meta name=\"twitter:data1\" content=\"Fernando Lackman\" \/>\n\t<meta name=\"twitter:label2\" content=\"Est. tempo de leitura\" \/>\n\t<meta name=\"twitter:data2\" content=\"1 minuto\" \/>\n<script type=\"application\/ld+json\" class=\"yoast-schema-graph\">{\"@context\":\"https:\/\/schema.org\",\"@graph\":[{\"@type\":\"Article\",\"@id\":\"https:\/\/lackman.com.br\/index.php\/2023\/01\/31\/arca-de-noe-em-brasilia-tem-ingressos-liberados-para-venda\/#article\",\"isPartOf\":{\"@id\":\"https:\/\/lackman.com.br\/index.php\/2023\/01\/31\/arca-de-noe-em-brasilia-tem-ingressos-liberados-para-venda\/\"},\"author\":{\"name\":\"Fernando Lackman\",\"@id\":\"https:\/\/lackman.com.br\/#\/schema\/person\/dbfb3fbfc55f2b0bd4f9039696e70858\"},\"headline\":\"Arca de No\u00e9 em Bras\u00edlia tem ingressos liberados\",\"datePublished\":\"2023-01-31T11:05:12+00:00\",\"dateModified\":\"2023-02-03T03:11:43+00:00\",\"mainEntityOfPage\":{\"@id\":\"https:\/\/lackman.com.br\/index.php\/2023\/01\/31\/arca-de-noe-em-brasilia-tem-ingressos-liberados-para-venda\/\"},\"wordCount\":276,\"publisher\":{\"@id\":\"https:\/\/lackman.com.br\/#organization\"},\"image\":{\"@id\":\"https:\/\/lackman.com.br\/index.php\/2023\/01\/31\/arca-de-noe-em-brasilia-tem-ingressos-liberados-para-venda\/#primaryimage\"},\"thumbnailUrl\":\"https:\/\/lackman.com.br\/wp-content\/uploads\/2023\/02\/festa-ARCA-1-scaled-e1675336819389.jpg\",\"keywords\":[\"Arca\",\"brasilia\",\"festa\",\"RJ\"],\"articleSection\":[\"Entretenimento\"],\"inLanguage\":\"pt-BR\"},{\"@type\":\"WebPage\",\"@id\":\"https:\/\/lackman.com.br\/index.php\/2023\/01\/31\/arca-de-noe-em-brasilia-tem-ingressos-liberados-para-venda\/\",\"url\":\"https:\/\/lackman.com.br\/index.php\/2023\/01\/31\/arca-de-noe-em-brasilia-tem-ingressos-liberados-para-venda\/\",\"name\":\"Arca de No\u00e9 em Bras\u00edlia tem ingressos liberados - LACKMAN &amp; CO.\",\"isPartOf\":{\"@id\":\"https:\/\/lackman.com.br\/#website\"},\"primaryImageOfPage\":{\"@id\":\"https:\/\/lackman.com.br\/index.php\/2023\/01\/31\/arca-de-noe-em-brasilia-tem-ingressos-liberados-para-venda\/#primaryimage\"},\"image\":{\"@id\":\"https:\/\/lackman.com.br\/index.php\/2023\/01\/31\/arca-de-noe-em-brasilia-tem-ingressos-liberados-para-venda\/#primaryimage\"},\"thumbnailUrl\":\"https:\/\/lackman.com.br\/wp-content\/uploads\/2023\/02\/festa-ARCA-1-scaled-e1675336819389.jpg\",\"datePublished\":\"2023-01-31T11:05:12+00:00\",\"dateModified\":\"2023-02-03T03:11:43+00:00\",\"breadcrumb\":{\"@id\":\"https:\/\/lackman.com.br\/index.php\/2023\/01\/31\/arca-de-noe-em-brasilia-tem-ingressos-liberados-para-venda\/#breadcrumb\"},\"inLanguage\":\"pt-BR\",\"potentialAction\":[{\"@type\":\"ReadAction\",\"target\":[\"https:\/\/lackman.com.br\/index.php\/2023\/01\/31\/arca-de-noe-em-brasilia-tem-ingressos-liberados-para-venda\/\"]}]},{\"@type\":\"ImageObject\",\"inLanguage\":\"pt-BR\",\"@id\":\"https:\/\/lackman.com.br\/index.php\/2023\/01\/31\/arca-de-noe-em-brasilia-tem-ingressos-liberados-para-venda\/#primaryimage\",\"url\":\"https:\/\/lackman.com.br\/wp-content\/uploads\/2023\/02\/festa-ARCA-1-scaled-e1675336819389.jpg\",\"contentUrl\":\"https:\/\/lackman.com.br\/wp-content\/uploads\/2023\/02\/festa-ARCA-1-scaled-e1675336819389.jpg\",\"width\":2355,\"height\":1478,\"caption\":\"Foto: Nelson Avelar \/ www.bsfotografias.com.br\"},{\"@type\":\"BreadcrumbList\",\"@id\":\"https:\/\/lackman.com.br\/index.php\/2023\/01\/31\/arca-de-noe-em-brasilia-tem-ingressos-liberados-para-venda\/#breadcrumb\",\"itemListElement\":[{\"@type\":\"ListItem\",\"position\":1,\"name\":\"In\u00edcio\",\"item\":\"https:\/\/lackman.com.br\/\"},{\"@type\":\"ListItem\",\"position\":2,\"name\":\"Arca de No\u00e9 em Bras\u00edlia tem ingressos liberados\"}]},{\"@type\":\"WebSite\",\"@id\":\"https:\/\/lackman.com.br\/#website\",\"url\":\"https:\/\/lackman.com.br\/\",\"name\":\"LACKMAN &amp; CO.\",\"description\":\"VIDA | MODA | ARTE\",\"publisher\":{\"@id\":\"https:\/\/lackman.com.br\/#organization\"},\"potentialAction\":[{\"@type\":\"SearchAction\",\"target\":{\"@type\":\"EntryPoint\",\"urlTemplate\":\"https:\/\/lackman.com.br\/?s={search_term_string}\"},\"query-input\":{\"@type\":\"PropertyValueSpecification\",\"valueRequired\":true,\"valueName\":\"search_term_string\"}}],\"inLanguage\":\"pt-BR\"},{\"@type\":\"Organization\",\"@id\":\"https:\/\/lackman.com.br\/#organization\",\"name\":\"LACKMAN &amp; CO.\",\"url\":\"https:\/\/lackman.com.br\/\",\"logo\":{\"@type\":\"ImageObject\",\"inLanguage\":\"pt-BR\",\"@id\":\"https:\/\/lackman.com.br\/#\/schema\/logo\/image\/\",\"url\":\"https:\/\/lackman.com.br\/wp-content\/uploads\/2023\/06\/Logotipo_preto-1.png\",\"contentUrl\":\"https:\/\/lackman.com.br\/wp-content\/uploads\/2023\/06\/Logotipo_preto-1.png\",\"width\":739,\"height\":393,\"caption\":\"LACKMAN &amp; CO.\"},\"image\":{\"@id\":\"https:\/\/lackman.com.br\/#\/schema\/logo\/image\/\"}},{\"@type\":\"Person\",\"@id\":\"https:\/\/lackman.com.br\/#\/schema\/person\/dbfb3fbfc55f2b0bd4f9039696e70858\",\"name\":\"Fernando Lackman\",\"image\":{\"@type\":\"ImageObject\",\"inLanguage\":\"pt-BR\",\"@id\":\"https:\/\/lackman.com.br\/#\/schema\/person\/image\/\",\"url\":\"https:\/\/secure.gravatar.com\/avatar\/ae7993150af197e66480c8a769891833dd2b8d809f0d9ff3f25af796cf378ce8?s=96&d=mm&r=g\",\"contentUrl\":\"https:\/\/secure.gravatar.com\/avatar\/ae7993150af197e66480c8a769891833dd2b8d809f0d9ff3f25af796cf378ce8?s=96&d=mm&r=g\",\"caption\":\"Fernando Lackman\"},\"description\":\"Fernando Lackman \u00e9 jornalista especializado em Moda e Cultura, editor do site LACKMAN.com.br. \u00c9 autor do livro Bras\u00edlia Capital dos Criadores, que conta a hist\u00f3ria da moda no Distrito Federal. Tem em seu curr\u00edculo assinatura de dire\u00e7\u00e3o criativa e de desfiles em eventos como Estilo DF Plaza, Summer Collections, JK Street Fashion, Desfile Beleza Negra (DBN), PicniK Fashion Show, Vogue Fashion\u2019s Night Out Bras\u00edlia, entre outros. Foi diretor criativo do extinto Capital Fashion Week. Atualmente trabalha na dire\u00e7\u00e3o criativa de eventos como Top CUFA, BSB Fashion Street, Bras\u00edlia Fashion House, Ateli\u00ea Bras\u00edlia e Goi\u00e1s Fashion Week.\",\"sameAs\":[\"https:\/\/lackman.com.br\/\",\"https:\/\/www.facebook.com\/fernandolackman\",\"https:\/\/www.instagram.com\/fernandolackman\/\",\"https:\/\/www.linkedin.com\/in\/fernando-lackman\/\",\"https:\/\/br.pinterest.com\/fernandolackman\/\",\"https:\/\/x.com\/fernandolackman\"],\"url\":\"https:\/\/lackman.com.br\/index.php\/author\/fernando-lackman\/\"}]}<\/script>\n<!-- \/ Yoast SEO plugin. -->","yoast_head_json":{"title":"Arca de No\u00e9 em Bras\u00edlia tem ingressos liberados - LACKMAN &amp; CO.","robots":{"index":"index","follow":"follow","max-snippet":"max-snippet:-1","max-image-preview":"max-image-preview:large","max-video-preview":"max-video-preview:-1"},"canonical":"https:\/\/lackman.com.br\/index.php\/2023\/01\/31\/arca-de-noe-em-brasilia-tem-ingressos-liberados-para-venda\/","og_locale":"pt_BR","og_type":"article","og_title":"Arca de No\u00e9 em Bras\u00edlia tem ingressos liberados - LACKMAN &amp; CO.","og_description":"Famosa festa carioca \u00e9 open bar premium e acontece dia 01 de abril, em local surpresa Foi iniciado nesta semana a venda de ingressos para a badalada festa carioca, Arca de No\u00e9, na vers\u00e3o Arca Is This New Bloc, marcada para o dia 01 de abril, em Bras\u00edlia. \u00c9 para matar as saudades do Carnaval e fechar o Ver\u00e3o com chave de ouro. A festa nasceu em 2013, no Rio de Janeiro, se transformou em um grande sucesso e hoje percorre v\u00e1rias cidades do pa\u00eds com seu espet\u00e1culo multicolorido. O evento \u00e9 open bar premium e os ingressos podem ser adquiridos pelo site Ingresse. O local da festa \u00e9 surpresa e s\u00f3 ser\u00e1 anunciado na semana do evento A certeza \u00e9 que, como sempre acontece, o p\u00fablico vai vivenciar uma cenografia impactante, com muita cor, bandeiras, tinta neon, glitter, m\u00fasica boa e mais de 8 horas de open bar premium. Um verdadeiro parque de divers\u00f5es para o brasiliense curtir uma aventura hipnotizante onde imperam a alegria e a empolga\u00e7\u00e3o, ess\u00eancia da Arca de No\u00e9 e motivo do seu sucesso. Esta ser\u00e1 a 5\u00aa edi\u00e7\u00e3o da festa na capital federal em uma parceria das produtoras Influ Produ\u00e7\u00f5es, VBR Entretenimento, Anima, Medley e Pa\u00efm. Desde a primeira, em 2013, no Rio de Janeiro, mais de 100 mil pessoas, de v\u00e1rios estados do Brasil, marcaram presen\u00e7a no parque de divers\u00f5es da Arca. Quer ir? Arca this is New Bloco BSB, dia 1 de abril, com local a revelar na semana do evento. Ingressos: https:\/\/www.ingresse.com\/arca-is-the-new-bloco-bsb Classifica\u00e7\u00e3o Indicativa: Recomendado para maiores de 18 anos. Fotos: Jean Pitrez e Nelson Avelar\/Divulga\u00e7\u00e3o","og_url":"https:\/\/lackman.com.br\/index.php\/2023\/01\/31\/arca-de-noe-em-brasilia-tem-ingressos-liberados-para-venda\/","og_site_name":"LACKMAN &amp; CO.","article_author":"https:\/\/www.facebook.com\/fernandolackman","article_published_time":"2023-01-31T11:05:12+00:00","article_modified_time":"2023-02-03T03:11:43+00:00","og_image":[{"width":2355,"height":1478,"url":"http:\/\/lackman.com.br\/wp-content\/uploads\/2023\/02\/festa-ARCA-1-scaled-e1675336819389.jpg","type":"image\/jpeg"}],"author":"Fernando Lackman","twitter_card":"summary_large_image","twitter_creator":"@fernandolackman","twitter_misc":{"Escrito por":"Fernando Lackman","Est. tempo de leitura":"1 minuto"},"schema":{"@context":"https:\/\/schema.org","@graph":[{"@type":"Article","@id":"https:\/\/lackman.com.br\/index.php\/2023\/01\/31\/arca-de-noe-em-brasilia-tem-ingressos-liberados-para-venda\/#article","isPartOf":{"@id":"https:\/\/lackman.com.br\/index.php\/2023\/01\/31\/arca-de-noe-em-brasilia-tem-ingressos-liberados-para-venda\/"},"author":{"name":"Fernando Lackman","@id":"https:\/\/lackman.com.br\/#\/schema\/person\/dbfb3fbfc55f2b0bd4f9039696e70858"},"headline":"Arca de No\u00e9 em Bras\u00edlia tem ingressos liberados","datePublished":"2023-01-31T11:05:12+00:00","dateModified":"2023-02-03T03:11:43+00:00","mainEntityOfPage":{"@id":"https:\/\/lackman.com.br\/index.php\/2023\/01\/31\/arca-de-noe-em-brasilia-tem-ingressos-liberados-para-venda\/"},"wordCount":276,"publisher":{"@id":"https:\/\/lackman.com.br\/#organization"},"image":{"@id":"https:\/\/lackman.com.br\/index.php\/2023\/01\/31\/arca-de-noe-em-brasilia-tem-ingressos-liberados-para-venda\/#primaryimage"},"thumbnailUrl":"https:\/\/lackman.com.br\/wp-content\/uploads\/2023\/02\/festa-ARCA-1-scaled-e1675336819389.jpg","keywords":["Arca","brasilia","festa","RJ"],"articleSection":["Entretenimento"],"inLanguage":"pt-BR"},{"@type":"WebPage","@id":"https:\/\/lackman.com.br\/index.php\/2023\/01\/31\/arca-de-noe-em-brasilia-tem-ingressos-liberados-para-venda\/","url":"https:\/\/lackman.com.br\/index.php\/2023\/01\/31\/arca-de-noe-em-brasilia-tem-ingressos-liberados-para-venda\/","name":"Arca de No\u00e9 em Bras\u00edlia tem ingressos liberados - LACKMAN &amp; CO.","isPartOf":{"@id":"https:\/\/lackman.com.br\/#website"},"primaryImageOfPage":{"@id":"https:\/\/lackman.com.br\/index.php\/2023\/01\/31\/arca-de-noe-em-brasilia-tem-ingressos-liberados-para-venda\/#primaryimage"},"image":{"@id":"https:\/\/lackman.com.br\/index.php\/2023\/01\/31\/arca-de-noe-em-brasilia-tem-ingressos-liberados-para-venda\/#primaryimage"},"thumbnailUrl":"https:\/\/lackman.com.br\/wp-content\/uploads\/2023\/02\/festa-ARCA-1-scaled-e1675336819389.jpg","datePublished":"2023-01-31T11:05:12+00:00","dateModified":"2023-02-03T03:11:43+00:00","breadcrumb":{"@id":"https:\/\/lackman.com.br\/index.php\/2023\/01\/31\/arca-de-noe-em-brasilia-tem-ingressos-liberados-para-venda\/#breadcrumb"},"inLanguage":"pt-BR","potentialAction":[{"@type":"ReadAction","target":["https:\/\/lackman.com.br\/index.php\/2023\/01\/31\/arca-de-noe-em-brasilia-tem-ingressos-liberados-para-venda\/"]}]},{"@type":"ImageObject","inLanguage":"pt-BR","@id":"https:\/\/lackman.com.br\/index.php\/2023\/01\/31\/arca-de-noe-em-brasilia-tem-ingressos-liberados-para-venda\/#primaryimage","url":"https:\/\/lackman.com.br\/wp-content\/uploads\/2023\/02\/festa-ARCA-1-scaled-e1675336819389.jpg","contentUrl":"https:\/\/lackman.com.br\/wp-content\/uploads\/2023\/02\/festa-ARCA-1-scaled-e1675336819389.jpg","width":2355,"height":1478,"caption":"Foto: Nelson Avelar \/ www.bsfotografias.com.br"},{"@type":"BreadcrumbList","@id":"https:\/\/lackman.com.br\/index.php\/2023\/01\/31\/arca-de-noe-em-brasilia-tem-ingressos-liberados-para-venda\/#breadcrumb","itemListElement":[{"@type":"ListItem","position":1,"name":"In\u00edcio","item":"https:\/\/lackman.com.br\/"},{"@type":"ListItem","position":2,"name":"Arca de No\u00e9 em Bras\u00edlia tem ingressos liberados"}]},{"@type":"WebSite","@id":"https:\/\/lackman.com.br\/#website","url":"https:\/\/lackman.com.br\/","name":"LACKMAN &amp; CO.","description":"VIDA | MODA | ARTE","publisher":{"@id":"https:\/\/lackman.com.br\/#organization"},"potentialAction":[{"@type":"SearchAction","target":{"@type":"EntryPoint","urlTemplate":"https:\/\/lackman.com.br\/?s={search_term_string}"},"query-input":{"@type":"PropertyValueSpecification","valueRequired":true,"valueName":"search_term_string"}}],"inLanguage":"pt-BR"},{"@type":"Organization","@id":"https:\/\/lackman.com.br\/#organization","name":"LACKMAN &amp; CO.","url":"https:\/\/lackman.com.br\/","logo":{"@type":"ImageObject","inLanguage":"pt-BR","@id":"https:\/\/lackman.com.br\/#\/schema\/logo\/image\/","url":"https:\/\/lackman.com.br\/wp-content\/uploads\/2023\/06\/Logotipo_preto-1.png","contentUrl":"https:\/\/lackman.com.br\/wp-content\/uploads\/2023\/06\/Logotipo_preto-1.png","width":739,"height":393,"caption":"LACKMAN &amp; CO."},"image":{"@id":"https:\/\/lackman.com.br\/#\/schema\/logo\/image\/"}},{"@type":"Person","@id":"https:\/\/lackman.com.br\/#\/schema\/person\/dbfb3fbfc55f2b0bd4f9039696e70858","name":"Fernando Lackman","image":{"@type":"ImageObject","inLanguage":"pt-BR","@id":"https:\/\/lackman.com.br\/#\/schema\/person\/image\/","url":"https:\/\/secure.gravatar.com\/avatar\/ae7993150af197e66480c8a769891833dd2b8d809f0d9ff3f25af796cf378ce8?s=96&d=mm&r=g","contentUrl":"https:\/\/secure.gravatar.com\/avatar\/ae7993150af197e66480c8a769891833dd2b8d809f0d9ff3f25af796cf378ce8?s=96&d=mm&r=g","caption":"Fernando Lackman"},"description":"Fernando Lackman \u00e9 jornalista especializado em Moda e Cultura, editor do site LACKMAN.com.br. \u00c9 autor do livro Bras\u00edlia Capital dos Criadores, que conta a hist\u00f3ria da moda no Distrito Federal. Tem em seu curr\u00edculo assinatura de dire\u00e7\u00e3o criativa e de desfiles em eventos como Estilo DF Plaza, Summer Collections, JK Street Fashion, Desfile Beleza Negra (DBN), PicniK Fashion Show, Vogue Fashion\u2019s Night Out Bras\u00edlia, entre outros. Foi diretor criativo do extinto Capital Fashion Week. Atualmente trabalha na dire\u00e7\u00e3o criativa de eventos como Top CUFA, BSB Fashion Street, Bras\u00edlia Fashion House, Ateli\u00ea Bras\u00edlia e Goi\u00e1s Fashion Week.","sameAs":["https:\/\/lackman.com.br\/","https:\/\/www.facebook.com\/fernandolackman","https:\/\/www.instagram.com\/fernandolackman\/","https:\/\/www.linkedin.com\/in\/fernando-lackman\/","https:\/\/br.pinterest.com\/fernandolackman\/","https:\/\/x.com\/fernandolackman"],"url":"https:\/\/lackman.com.br\/index.php\/author\/fernando-lackman\/"}]}},"rttpg_featured_image_url":{"full":["https:\/\/lackman.com.br\/wp-content\/uploads\/2023\/02\/festa-ARCA-1-scaled-e1675336819389.jpg",2355,1478,false],"landscape":["https:\/\/lackman.com.br\/wp-content\/uploads\/2023\/02\/festa-ARCA-1-scaled-e1675336819389.jpg",2355,1478,false],"portraits":["https:\/\/lackman.com.br\/wp-content\/uploads\/2023\/02\/festa-ARCA-1-scaled-e1675336819389.jpg",2355,1478,false],"thumbnail":["https:\/\/lackman.com.br\/wp-content\/uploads\/2023\/02\/festa-ARCA-1-scaled-e1675336819389-150x150.jpg",150,150,true],"medium":["https:\/\/lackman.com.br\/wp-content\/uploads\/2023\/02\/festa-ARCA-1-scaled-e1675336819389-300x188.jpg",300,188,true],"large":["https:\/\/lackman.com.br\/wp-content\/uploads\/2023\/02\/festa-ARCA-1-scaled-e1675336819389-1024x643.jpg",1024,643,true],"RoboGalleryMansoryImagesCenter":["https:\/\/lackman.com.br\/wp-content\/uploads\/2023\/02\/festa-ARCA-1-scaled-e1675336819389-600x1024.jpg",600,1024,true],"RoboGalleryPreload":["https:\/\/lackman.com.br\/wp-content\/uploads\/2023\/02\/festa-ARCA-1-scaled-e1675336819389.jpg",100,63,false],"1536x1536":["https:\/\/lackman.com.br\/wp-content\/uploads\/2023\/02\/festa-ARCA-1-scaled-e1675336819389-1536x964.jpg",1536,964,true],"2048x2048":["https:\/\/lackman.com.br\/wp-content\/uploads\/2023\/02\/festa-ARCA-1-scaled-e1675336819389-2048x1285.jpg",2048,1285,true]},"rttpg_author":{"display_name":"Fernando Lackman","author_link":"https:\/\/lackman.com.br\/index.php\/author\/fernando-lackman\/"},"rttpg_comment":0,"rttpg_category":"<a href=\"https:\/\/lackman.com.br\/index.php\/category\/arte\/entretenimento\/\" rel=\"category tag\">Entretenimento<\/a>","rttpg_excerpt":"Famosa festa carioca \u00e9 open bar premium e acontece dia 01 de abril, em local surpresa Foi iniciado nesta semana a venda de ingressos para a badalada festa carioca, Arca de No\u00e9, na vers\u00e3o Arca Is This New Bloc, marcada para o dia 01 de abril, em Bras\u00edlia. \u00c9 para matar as saudades do Carnaval&hellip;","_links":{"self":[{"href":"https:\/\/lackman.com.br\/index.php\/wp-json\/wp\/v2\/posts\/1697","targetHints":{"allow":["GET"]}}],"collection":[{"href":"https:\/\/lackman.com.br\/index.php\/wp-json\/wp\/v2\/posts"}],"about":[{"href":"https:\/\/lackman.com.br\/index.php\/wp-json\/wp\/v2\/types\/post"}],"author":[{"embeddable":true,"href":"https:\/\/lackman.com.br\/index.php\/wp-json\/wp\/v2\/users\/2"}],"replies":[{"embeddable":true,"href":"https:\/\/lackman.com.br\/index.php\/wp-json\/wp\/v2\/comments?post=1697"}],"version-history":[{"count":5,"href":"https:\/\/lackman.com.br\/index.php\/wp-json\/wp\/v2\/posts\/1697\/revisions"}],"predecessor-version":[{"id":1710,"href":"https:\/\/lackman.com.br\/index.php\/wp-json\/wp\/v2\/posts\/1697\/revisions\/1710"}],"wp:featuredmedia":[{"embeddable":true,"href":"https:\/\/lackman.com.br\/index.php\/wp-json\/wp\/v2\/media\/1699"}],"wp:attachment":[{"href":"https:\/\/lackman.com.br\/index.php\/wp-json\/wp\/v2\/media?parent=1697"}],"wp:term":[{"taxonomy":"category","embeddable":true,"href":"https:\/\/lackman.com.br\/index.php\/wp-json\/wp\/v2\/categories?post=1697"},{"taxonomy":"post_tag","embeddable":true,"href":"https:\/\/lackman.com.br\/index.php\/wp-json\/wp\/v2\/tags?post=1697"}],"curies":[{"name":"wp","href":"https:\/\/api.w.org\/{rel}","templated":true}]}}