{"id":12508,"date":"2026-04-30T02:18:14","date_gmt":"2026-04-30T05:18:14","guid":{"rendered":"https:\/\/lackman.com.br\/?p=12508"},"modified":"2026-04-30T02:18:14","modified_gmt":"2026-04-30T05:18:14","slug":"dfb-2026-a-moda-volta-ao-mar-e-mostra-seu-poder","status":"publish","type":"post","link":"https:\/\/lackman.com.br\/index.php\/2026\/04\/30\/dfb-2026-a-moda-volta-ao-mar-e-mostra-seu-poder\/","title":{"rendered":"DFB 2026: a moda volta ao mar e mostra seu poder"},"content":{"rendered":"<p style=\"text-align: justify;\"><strong><em>Na Praia de Iracema, e conectado \u00e0s celebra\u00e7\u00f5es dos 300 anos de Fortaleza, o festival abandona a neutralidade e assume um posicionamento: territ\u00f3rio \u00e9 discurso, e autoria n\u00e3o se negocia<\/em><\/strong><\/p>\n<p style=\"text-align: justify;\">H\u00e1 edi\u00e7\u00f5es que acontecem. E h\u00e1 edi\u00e7\u00f5es que se posicionam. O DFB Festival 2026 pertence \u00e0 segunda categoria. Ao sair do espa\u00e7o neutro e reocupar a Praia de Iracema, em Fortaleza, o evento mostra mais do que uma escolha est\u00e9tica \u2014 faz uma escolha pol\u00edtica. Coloca a moda de frente para o vento, para o sal, para a cidade real. E, sobretudo, para si mesma.<\/p>\n<p style=\"text-align: justify;\">De 9 a 12 de junho, o festival assume o tema \u201cPraia de Iracema: cora\u00e7\u00e3o e c\u00e9rebro da Cidade Drag\u00e3o\u201d e, com isso, abandona qualquer tentativa de pasteuriza\u00e7\u00e3o com muito contexto. E isso muda tudo.<\/p>\n<figure id=\"attachment_12512\" aria-describedby=\"caption-attachment-12512\" style=\"width: 1024px\" class=\"wp-caption aligncenter\"><img fetchpriority=\"high\" decoding=\"async\" class=\"wp-image-12512 size-full\" src=\"http:\/\/lackman.com.br\/wp-content\/uploads\/2026\/04\/dfb.jpg\" alt=\"\" width=\"1024\" height=\"1024\" srcset=\"https:\/\/lackman.com.br\/wp-content\/uploads\/2026\/04\/dfb.jpg 1024w, https:\/\/lackman.com.br\/wp-content\/uploads\/2026\/04\/dfb-300x300.jpg 300w, https:\/\/lackman.com.br\/wp-content\/uploads\/2026\/04\/dfb-150x150.jpg 150w, https:\/\/lackman.com.br\/wp-content\/uploads\/2026\/04\/dfb-768x768.jpg 768w, https:\/\/lackman.com.br\/wp-content\/uploads\/2026\/04\/dfb-100x100.jpg 100w\" sizes=\"(max-width: 1024px) 100vw, 1024px\" \/><figcaption id=\"caption-attachment-12512\" class=\"wp-caption-text\"><strong> Quando o desfile acontece diante do mar, n\u00e3o h\u00e1 como dissociar roupa de origem<\/strong><\/figcaption><\/figure>\n<p style=\"text-align: justify;\">A moda brasileira passou anos tentando se explicar para fora. Traduzir-se para caber. O DFB, h\u00e1 algum tempo, entendeu que esse esfor\u00e7o n\u00e3o \u00e9 importante \u2014 e talvez at\u00e9 prejudicial. Em 2026, essa consci\u00eancia se radicaliza: a praia n\u00e3o \u00e9 backdrop, \u00e9 narrativa<\/p>\n<p style=\"text-align: justify;\">Quando o desfile acontece diante do mar, n\u00e3o h\u00e1 como dissociar roupa de origem. A renda deixa de ser tend\u00eancia e imprime linguagem. O feito \u00e0 m\u00e3o deixa de ser \u201cdetalhe\u201d e reassume seu lugar de tecnologia ancestral. \u00c9 nesse ponto que o DFB se diferencia de outros eventos do calend\u00e1rio: ele n\u00e3o simula identidade. Ele opera a partir dela.<\/p>\n<h4 style=\"text-align: left;\">Line-up confirma movimento que j\u00e1 vinha se desenhando com mais constru\u00e7\u00e3o de discurso<\/h4>\n<figure id=\"attachment_12510\" aria-describedby=\"caption-attachment-12510\" style=\"width: 1024px\" class=\"wp-caption aligncenter\"><img decoding=\"async\" class=\"wp-image-12510 size-large\" src=\"http:\/\/lackman.com.br\/wp-content\/uploads\/2026\/04\/DFB-BACKSTAGE-FOTO-NICHOLAS-GONDIM-1024x684.jpg\" alt=\"\" width=\"1024\" height=\"684\" srcset=\"https:\/\/lackman.com.br\/wp-content\/uploads\/2026\/04\/DFB-BACKSTAGE-FOTO-NICHOLAS-GONDIM-1024x684.jpg 1024w, https:\/\/lackman.com.br\/wp-content\/uploads\/2026\/04\/DFB-BACKSTAGE-FOTO-NICHOLAS-GONDIM-300x200.jpg 300w, https:\/\/lackman.com.br\/wp-content\/uploads\/2026\/04\/DFB-BACKSTAGE-FOTO-NICHOLAS-GONDIM-768x513.jpg 768w, https:\/\/lackman.com.br\/wp-content\/uploads\/2026\/04\/DFB-BACKSTAGE-FOTO-NICHOLAS-GONDIM-100x67.jpg 100w, https:\/\/lackman.com.br\/wp-content\/uploads\/2026\/04\/DFB-BACKSTAGE-FOTO-NICHOLAS-GONDIM-1536x1025.jpg 1536w, https:\/\/lackman.com.br\/wp-content\/uploads\/2026\/04\/DFB-BACKSTAGE-FOTO-NICHOLAS-GONDIM.jpg 2048w\" sizes=\"(max-width: 1024px) 100vw, 1024px\" \/><figcaption id=\"caption-attachment-12510\" class=\"wp-caption-text\"><strong> Lino Villaventura volta ao line-up com sua for\u00e7a de alta moda brasileira<\/strong><\/figcaption><\/figure>\n<p style=\"text-align: justify;\">Nomes como Lino Villaventura, Almir Fran\u00e7a s\u00e3o criadores que n\u00e3o precisam provar relev\u00e2ncia porque j\u00e1 a incorporaram \u00e0 pr\u00f3pria trajet\u00f3ria. Ao lado deles, David Lee, Melk Zda e J. Cabral e George Azevedo refor\u00e7am uma moda que flerta com o experimental sem perder densidade.<\/p>\n<p style=\"text-align: justify;\">Entre os nomes confirmados, est\u00e3o, Silv\u00e2nia de Deus, Gabriela Fiuza, Ethos, 4 Town, al\u00e9m de marcas e coletivos como Casa Aika, Oco Club, Studio Orla, Almacor, 407 AA e Lire Brand revelam um deslocamento importante: a autoria deixa de ser individual e passa a ser coletiva, territorial, expandida. A moda deixa de ser assinatura e passa a ser ecossistema.<\/p>\n<figure id=\"attachment_12513\" aria-describedby=\"caption-attachment-12513\" style=\"width: 1000px\" class=\"wp-caption aligncenter\"><img decoding=\"async\" class=\"wp-image-12513 size-full\" src=\"http:\/\/lackman.com.br\/wp-content\/uploads\/2026\/04\/dfb-1.jpeg\" alt=\"\" width=\"1000\" height=\"759\" srcset=\"https:\/\/lackman.com.br\/wp-content\/uploads\/2026\/04\/dfb-1.jpeg 1000w, https:\/\/lackman.com.br\/wp-content\/uploads\/2026\/04\/dfb-1-300x228.jpeg 300w, https:\/\/lackman.com.br\/wp-content\/uploads\/2026\/04\/dfb-1-768x583.jpeg 768w, https:\/\/lackman.com.br\/wp-content\/uploads\/2026\/04\/dfb-1-100x76.jpeg 100w\" sizes=\"(max-width: 1000px) 100vw, 1000px\" \/><figcaption id=\"caption-attachment-12513\" class=\"wp-caption-text\"><strong> George Azevedo faz sua segunda participa\u00e7\u00e3o na passarela do DFB<\/strong><\/figcaption><\/figure>\n<p style=\"text-align: justify;\">A programa\u00e7\u00e3o tamb\u00e9m evidencia a for\u00e7a de iniciativas colaborativas, como o projeto M\u00e3os da Moda &#8211; com Adriana Meira, Dua, Luci Bortowski, Carnavalia, Teroy, Areia, Inttui e Morada &#8211; e o movimento Nordestesse, presente por meio de marcas como Patu e Almacor.<\/p>\n<h4 style=\"text-align: justify;\">Consist\u00eancia no Concurso dos Novos<\/h4>\n<p style=\"text-align: justify;\">Com as institui\u00e7\u00f5es Ateneu (CE), UCS (RS), Udesc (SC), UFCA (CE), UFPE (PE), Unifor (CE), Unipe (PB) e UTFPR (PR) e outras, o projeto segue sendo espa\u00e7o para experimentar, porque \u00e9 a\u00ed que surge linguagem.<\/p>\n<p style=\"text-align: justify;\">Enquanto parte do mercado insiste em formar profissionais prontos para vender, o Concurso dos Novos permite formar criadores que pensam. E isso, hoje, \u00e9 raro.<\/p>\n<figure id=\"attachment_12514\" aria-describedby=\"caption-attachment-12514\" style=\"width: 1000px\" class=\"wp-caption aligncenter\"><img loading=\"lazy\" decoding=\"async\" class=\"wp-image-12514 size-full\" src=\"http:\/\/lackman.com.br\/wp-content\/uploads\/2026\/04\/dfb__David_LEE.png\" alt=\"\" width=\"1000\" height=\"731\" srcset=\"https:\/\/lackman.com.br\/wp-content\/uploads\/2026\/04\/dfb__David_LEE.png 1000w, https:\/\/lackman.com.br\/wp-content\/uploads\/2026\/04\/dfb__David_LEE-300x219.png 300w, https:\/\/lackman.com.br\/wp-content\/uploads\/2026\/04\/dfb__David_LEE-768x561.png 768w, https:\/\/lackman.com.br\/wp-content\/uploads\/2026\/04\/dfb__David_LEE-100x73.png 100w\" sizes=\"(max-width: 1000px) 100vw, 1000px\" \/><figcaption id=\"caption-attachment-12514\" class=\"wp-caption-text\"><strong>DFB coloca a moda de frente para o vento, para a cidade real, e, sobretudo, para si mesma<\/strong><\/figcaption><\/figure>\n<h4 style=\"text-align: justify;\">Shows e energia criativa<\/h4>\n<p style=\"text-align: justify;\">A programa\u00e7\u00e3o musical acontece na Arena DFB, localizada na Pra\u00e7a Verde do Centro Drag\u00e3o do Mar de Arte e Cultura, com atra\u00e7\u00f5es distribu\u00eddas ao longo dos quatro dias de festival, sempre a partir do p\u00f4r do sol. Voltada a convidados, a agenda re\u00fane shows de artistas nacionais e locais, que ser\u00e3o divulgados em breve.<\/p>\n<p style=\"text-align: justify;\">\n<h4 style=\"text-align: justify;\">Quer ir?<\/h4>\n<p style=\"text-align: justify;\">DFB Festival 2026<\/p>\n<p style=\"text-align: justify;\">De 9 a 12 de junho de 2016, na Praia de Iracema e no Centro Cultural Drag\u00e3o do Mar \u2013 Fortaleza (CE)<\/p>\n<p style=\"text-align: justify;\">Instagram: <strong><a href=\"https:\/\/www.instagram.com\/dfbfestival\/\">@dfbfestival\u00a0<\/a><\/strong><\/p>\n<hr \/>\n<pre>Imagens: Eduardo Maranh\u00e3o e Nicholas Gondim\/Divulga\u00e7\u00e3o<\/pre>\n","protected":false},"excerpt":{"rendered":"<p>Na Praia de Iracema, e conectado \u00e0s celebra\u00e7\u00f5es dos 300 anos de Fortaleza, o festival abandona a neutralidade e assume um posicionamento: territ\u00f3rio \u00e9 discurso, e autoria n\u00e3o se negocia H\u00e1 edi\u00e7\u00f5es que acontecem. E h\u00e1 edi\u00e7\u00f5es que se posicionam. O DFB Festival 2026 pertence \u00e0 segunda categoria. Ao sair do espa\u00e7o neutro e reocupar a Praia de Iracema, em Fortaleza, o evento mostra mais do que uma escolha est\u00e9tica \u2014 faz uma escolha pol\u00edtica. Coloca a moda de frente para o vento, para o sal, para a cidade real. E, sobretudo, para si mesma. De 9 a 12 de junho, o festival assume o tema \u201cPraia de Iracema: cora\u00e7\u00e3o e c\u00e9rebro da Cidade Drag\u00e3o\u201d e, com isso, abandona qualquer tentativa de pasteuriza\u00e7\u00e3o com muito contexto. E isso muda tudo. A moda brasileira passou anos tentando se explicar para fora. Traduzir-se para caber. O DFB, h\u00e1 algum tempo, entendeu que esse esfor\u00e7o n\u00e3o \u00e9 importante \u2014 e talvez at\u00e9 prejudicial. Em 2026, essa consci\u00eancia se radicaliza: a praia n\u00e3o \u00e9 backdrop, \u00e9 narrativa Quando o desfile acontece diante do mar, n\u00e3o h\u00e1 como dissociar roupa de origem. A renda deixa de ser tend\u00eancia e imprime linguagem. O feito \u00e0 m\u00e3o deixa de ser \u201cdetalhe\u201d e reassume seu lugar de tecnologia ancestral. \u00c9 nesse ponto que o DFB se diferencia de outros eventos do calend\u00e1rio: ele n\u00e3o simula identidade. Ele opera a partir dela. Line-up confirma movimento que j\u00e1 vinha se desenhando com mais constru\u00e7\u00e3o de discurso Nomes como Lino Villaventura, Almir Fran\u00e7a s\u00e3o criadores que n\u00e3o precisam provar relev\u00e2ncia porque j\u00e1 a incorporaram \u00e0 pr\u00f3pria trajet\u00f3ria. Ao lado deles, David Lee, Melk Zda e J. Cabral e George Azevedo refor\u00e7am uma moda que flerta com o experimental sem perder densidade. Entre os nomes confirmados, est\u00e3o, Silv\u00e2nia de Deus, Gabriela Fiuza, Ethos, 4 Town, al\u00e9m de marcas e coletivos como Casa Aika, Oco Club, Studio Orla, Almacor, 407 AA e Lire Brand revelam um deslocamento importante: a autoria deixa de ser individual e passa a ser coletiva, territorial, expandida. A moda deixa de ser assinatura e passa a ser ecossistema. A programa\u00e7\u00e3o tamb\u00e9m evidencia a for\u00e7a de iniciativas colaborativas, como o projeto M\u00e3os da Moda &#8211; com Adriana Meira, Dua, Luci Bortowski, Carnavalia, Teroy, Areia, Inttui e Morada &#8211; e o movimento Nordestesse, presente por meio de marcas como Patu e Almacor. Consist\u00eancia no Concurso dos Novos Com as institui\u00e7\u00f5es Ateneu (CE), UCS (RS), Udesc (SC), UFCA (CE), UFPE (PE), Unifor (CE), Unipe (PB) e UTFPR (PR) e outras, o projeto segue sendo espa\u00e7o para experimentar, porque \u00e9 a\u00ed que surge linguagem. Enquanto parte do mercado insiste em formar profissionais prontos para vender, o Concurso dos Novos permite formar criadores que pensam. E isso, hoje, \u00e9 raro. Shows e energia criativa A programa\u00e7\u00e3o musical acontece na Arena DFB, localizada na Pra\u00e7a Verde do Centro Drag\u00e3o do Mar de Arte e Cultura, com atra\u00e7\u00f5es distribu\u00eddas ao longo dos quatro dias de festival, sempre a partir do p\u00f4r do sol. Voltada a convidados, a agenda re\u00fane shows de artistas nacionais e locais, que ser\u00e3o divulgados em breve. Quer ir? DFB Festival 2026 De 9 a 12 de junho de 2016, na Praia de Iracema e no Centro Cultural Drag\u00e3o do Mar \u2013 Fortaleza (CE) Instagram: @dfbfestival\u00a0 Imagens: Eduardo Maranh\u00e3o e Nicholas Gondim\/Divulga\u00e7\u00e3o<\/p>\n","protected":false},"author":2,"featured_media":12511,"comment_status":"closed","ping_status":"open","sticky":false,"template":"","format":"standard","meta":{"site-sidebar-layout":"default","site-content-layout":"","ast-site-content-layout":"default","site-content-style":"default","site-sidebar-style":"default","ast-global-header-display":"","ast-banner-title-visibility":"","ast-main-header-display":"","ast-hfb-above-header-display":"","ast-hfb-below-header-display":"","ast-hfb-mobile-header-display":"","site-post-title":"","ast-breadcrumbs-content":"","ast-featured-img":"","footer-sml-layout":"","ast-disable-related-posts":"","theme-transparent-header-meta":"default","adv-header-id-meta":"","stick-header-meta":"","header-above-stick-meta":"","header-main-stick-meta":"","header-below-stick-meta":"","astra-migrate-meta-layouts":"set","ast-page-background-enabled":"default","ast-page-background-meta":{"desktop":{"background-color":"","background-image":"","background-repeat":"repeat","background-position":"center center","background-size":"auto","background-attachment":"scroll","background-type":"","background-media":"","overlay-type":"","overlay-color":"","overlay-opacity":"","overlay-gradient":""},"tablet":{"background-color":"","background-image":"","background-repeat":"repeat","background-position":"center center","background-size":"auto","background-attachment":"scroll","background-type":"","background-media":"","overlay-type":"","overlay-color":"","overlay-opacity":"","overlay-gradient":""},"mobile":{"background-color":"","background-image":"","background-repeat":"repeat","background-position":"center center","background-size":"auto","background-attachment":"scroll","background-type":"","background-media":"","overlay-type":"","overlay-color":"","overlay-opacity":"","overlay-gradient":""}},"ast-content-background-meta":{"desktop":{"background-color":"var(--ast-global-color-5)","background-image":"","background-repeat":"repeat","background-position":"center center","background-size":"auto","background-attachment":"scroll","background-type":"","background-media":"","overlay-type":"","overlay-color":"","overlay-opacity":"","overlay-gradient":""},"tablet":{"background-color":"var(--ast-global-color-5)","background-image":"","background-repeat":"repeat","background-position":"center center","background-size":"auto","background-attachment":"scroll","background-type":"","background-media":"","overlay-type":"","overlay-color":"","overlay-opacity":"","overlay-gradient":""},"mobile":{"background-color":"var(--ast-global-color-5)","background-image":"","background-repeat":"repeat","background-position":"center center","background-size":"auto","background-attachment":"scroll","background-type":"","background-media":"","overlay-type":"","overlay-color":"","overlay-opacity":"","overlay-gradient":""}},"footnotes":""},"categories":[35,38],"tags":[1276,63,1275,1277,1266,1081,620],"class_list":["post-12508","post","type-post","status-publish","format-standard","has-post-thumbnail","hentry","category-moda","category-passarela","tag-ceara","tag-desfiles","tag-dfb","tag-dfb-festival","tag-fortaleza","tag-modelos","tag-passarela"],"yoast_head":"<!-- This site is optimized with the Yoast SEO plugin v27.0 - https:\/\/yoast.com\/product\/yoast-seo-wordpress\/ -->\n<title>DFB 2026: a moda volta ao mar e mostra seu poder - LACKMAN &amp; CO.<\/title>\n<meta name=\"robots\" content=\"index, follow, max-snippet:-1, max-image-preview:large, max-video-preview:-1\" \/>\n<link rel=\"canonical\" href=\"https:\/\/lackman.com.br\/index.php\/2026\/04\/30\/dfb-2026-a-moda-volta-ao-mar-e-mostra-seu-poder\/\" \/>\n<meta property=\"og:locale\" content=\"pt_BR\" \/>\n<meta property=\"og:type\" content=\"article\" \/>\n<meta property=\"og:title\" content=\"DFB 2026: a moda volta ao mar e mostra seu poder - LACKMAN &amp; CO.\" \/>\n<meta property=\"og:description\" content=\"Na Praia de Iracema, e conectado \u00e0s celebra\u00e7\u00f5es dos 300 anos de Fortaleza, o festival abandona a neutralidade e assume um posicionamento: territ\u00f3rio \u00e9 discurso, e autoria n\u00e3o se negocia H\u00e1 edi\u00e7\u00f5es que acontecem. E h\u00e1 edi\u00e7\u00f5es que se posicionam. O DFB Festival 2026 pertence \u00e0 segunda categoria. Ao sair do espa\u00e7o neutro e reocupar a Praia de Iracema, em Fortaleza, o evento mostra mais do que uma escolha est\u00e9tica \u2014 faz uma escolha pol\u00edtica. Coloca a moda de frente para o vento, para o sal, para a cidade real. E, sobretudo, para si mesma. De 9 a 12 de junho, o festival assume o tema \u201cPraia de Iracema: cora\u00e7\u00e3o e c\u00e9rebro da Cidade Drag\u00e3o\u201d e, com isso, abandona qualquer tentativa de pasteuriza\u00e7\u00e3o com muito contexto. E isso muda tudo. A moda brasileira passou anos tentando se explicar para fora. Traduzir-se para caber. O DFB, h\u00e1 algum tempo, entendeu que esse esfor\u00e7o n\u00e3o \u00e9 importante \u2014 e talvez at\u00e9 prejudicial. Em 2026, essa consci\u00eancia se radicaliza: a praia n\u00e3o \u00e9 backdrop, \u00e9 narrativa Quando o desfile acontece diante do mar, n\u00e3o h\u00e1 como dissociar roupa de origem. A renda deixa de ser tend\u00eancia e imprime linguagem. O feito \u00e0 m\u00e3o deixa de ser \u201cdetalhe\u201d e reassume seu lugar de tecnologia ancestral. \u00c9 nesse ponto que o DFB se diferencia de outros eventos do calend\u00e1rio: ele n\u00e3o simula identidade. Ele opera a partir dela. Line-up confirma movimento que j\u00e1 vinha se desenhando com mais constru\u00e7\u00e3o de discurso Nomes como Lino Villaventura, Almir Fran\u00e7a s\u00e3o criadores que n\u00e3o precisam provar relev\u00e2ncia porque j\u00e1 a incorporaram \u00e0 pr\u00f3pria trajet\u00f3ria. Ao lado deles, David Lee, Melk Zda e J. Cabral e George Azevedo refor\u00e7am uma moda que flerta com o experimental sem perder densidade. Entre os nomes confirmados, est\u00e3o, Silv\u00e2nia de Deus, Gabriela Fiuza, Ethos, 4 Town, al\u00e9m de marcas e coletivos como Casa Aika, Oco Club, Studio Orla, Almacor, 407 AA e Lire Brand revelam um deslocamento importante: a autoria deixa de ser individual e passa a ser coletiva, territorial, expandida. A moda deixa de ser assinatura e passa a ser ecossistema. A programa\u00e7\u00e3o tamb\u00e9m evidencia a for\u00e7a de iniciativas colaborativas, como o projeto M\u00e3os da Moda &#8211; com Adriana Meira, Dua, Luci Bortowski, Carnavalia, Teroy, Areia, Inttui e Morada &#8211; e o movimento Nordestesse, presente por meio de marcas como Patu e Almacor. Consist\u00eancia no Concurso dos Novos Com as institui\u00e7\u00f5es Ateneu (CE), UCS (RS), Udesc (SC), UFCA (CE), UFPE (PE), Unifor (CE), Unipe (PB) e UTFPR (PR) e outras, o projeto segue sendo espa\u00e7o para experimentar, porque \u00e9 a\u00ed que surge linguagem. Enquanto parte do mercado insiste em formar profissionais prontos para vender, o Concurso dos Novos permite formar criadores que pensam. E isso, hoje, \u00e9 raro. Shows e energia criativa A programa\u00e7\u00e3o musical acontece na Arena DFB, localizada na Pra\u00e7a Verde do Centro Drag\u00e3o do Mar de Arte e Cultura, com atra\u00e7\u00f5es distribu\u00eddas ao longo dos quatro dias de festival, sempre a partir do p\u00f4r do sol. Voltada a convidados, a agenda re\u00fane shows de artistas nacionais e locais, que ser\u00e3o divulgados em breve. Quer ir? DFB Festival 2026 De 9 a 12 de junho de 2016, na Praia de Iracema e no Centro Cultural Drag\u00e3o do Mar \u2013 Fortaleza (CE) Instagram: @dfbfestival\u00a0 Imagens: Eduardo Maranh\u00e3o e Nicholas Gondim\/Divulga\u00e7\u00e3o\" \/>\n<meta property=\"og:url\" content=\"https:\/\/lackman.com.br\/index.php\/2026\/04\/30\/dfb-2026-a-moda-volta-ao-mar-e-mostra-seu-poder\/\" \/>\n<meta property=\"og:site_name\" content=\"LACKMAN &amp; CO.\" \/>\n<meta property=\"article:author\" content=\"https:\/\/www.facebook.com\/fernandolackman\" \/>\n<meta property=\"article:published_time\" content=\"2026-04-30T05:18:14+00:00\" \/>\n<meta property=\"og:image\" content=\"http:\/\/lackman.com.br\/wp-content\/uploads\/2026\/04\/dfb_montagem_lackman.jpg\" \/>\n\t<meta property=\"og:image:width\" content=\"1024\" \/>\n\t<meta property=\"og:image:height\" content=\"1024\" \/>\n\t<meta property=\"og:image:type\" content=\"image\/jpeg\" \/>\n<meta name=\"author\" content=\"Fernando Lackman\" \/>\n<meta name=\"twitter:card\" content=\"summary_large_image\" \/>\n<meta name=\"twitter:creator\" content=\"@fernandolackman\" \/>\n<meta name=\"twitter:label1\" content=\"Escrito por\" \/>\n\t<meta name=\"twitter:data1\" content=\"Fernando Lackman\" \/>\n\t<meta name=\"twitter:label2\" content=\"Est. tempo de leitura\" \/>\n\t<meta name=\"twitter:data2\" content=\"5 minutos\" \/>\n<script type=\"application\/ld+json\" class=\"yoast-schema-graph\">{\"@context\":\"https:\/\/schema.org\",\"@graph\":[{\"@type\":\"Article\",\"@id\":\"https:\/\/lackman.com.br\/index.php\/2026\/04\/30\/dfb-2026-a-moda-volta-ao-mar-e-mostra-seu-poder\/#article\",\"isPartOf\":{\"@id\":\"https:\/\/lackman.com.br\/index.php\/2026\/04\/30\/dfb-2026-a-moda-volta-ao-mar-e-mostra-seu-poder\/\"},\"author\":{\"name\":\"Fernando Lackman\",\"@id\":\"https:\/\/lackman.com.br\/#\/schema\/person\/dbfb3fbfc55f2b0bd4f9039696e70858\"},\"headline\":\"DFB 2026: a moda volta ao mar e mostra seu poder\",\"datePublished\":\"2026-04-30T05:18:14+00:00\",\"mainEntityOfPage\":{\"@id\":\"https:\/\/lackman.com.br\/index.php\/2026\/04\/30\/dfb-2026-a-moda-volta-ao-mar-e-mostra-seu-poder\/\"},\"wordCount\":662,\"publisher\":{\"@id\":\"https:\/\/lackman.com.br\/#organization\"},\"image\":{\"@id\":\"https:\/\/lackman.com.br\/index.php\/2026\/04\/30\/dfb-2026-a-moda-volta-ao-mar-e-mostra-seu-poder\/#primaryimage\"},\"thumbnailUrl\":\"https:\/\/lackman.com.br\/wp-content\/uploads\/2026\/04\/dfb_montagem_lackman.jpg\",\"keywords\":[\"Cear\u00e1\",\"desfiles\",\"DFB\",\"DFB Festival\",\"Fortaleza\",\"modelos\",\"passarela\"],\"articleSection\":[\"Moda\",\"Passarela\"],\"inLanguage\":\"pt-BR\"},{\"@type\":\"WebPage\",\"@id\":\"https:\/\/lackman.com.br\/index.php\/2026\/04\/30\/dfb-2026-a-moda-volta-ao-mar-e-mostra-seu-poder\/\",\"url\":\"https:\/\/lackman.com.br\/index.php\/2026\/04\/30\/dfb-2026-a-moda-volta-ao-mar-e-mostra-seu-poder\/\",\"name\":\"DFB 2026: a moda volta ao mar e mostra seu poder - LACKMAN &amp; CO.\",\"isPartOf\":{\"@id\":\"https:\/\/lackman.com.br\/#website\"},\"primaryImageOfPage\":{\"@id\":\"https:\/\/lackman.com.br\/index.php\/2026\/04\/30\/dfb-2026-a-moda-volta-ao-mar-e-mostra-seu-poder\/#primaryimage\"},\"image\":{\"@id\":\"https:\/\/lackman.com.br\/index.php\/2026\/04\/30\/dfb-2026-a-moda-volta-ao-mar-e-mostra-seu-poder\/#primaryimage\"},\"thumbnailUrl\":\"https:\/\/lackman.com.br\/wp-content\/uploads\/2026\/04\/dfb_montagem_lackman.jpg\",\"datePublished\":\"2026-04-30T05:18:14+00:00\",\"breadcrumb\":{\"@id\":\"https:\/\/lackman.com.br\/index.php\/2026\/04\/30\/dfb-2026-a-moda-volta-ao-mar-e-mostra-seu-poder\/#breadcrumb\"},\"inLanguage\":\"pt-BR\",\"potentialAction\":[{\"@type\":\"ReadAction\",\"target\":[\"https:\/\/lackman.com.br\/index.php\/2026\/04\/30\/dfb-2026-a-moda-volta-ao-mar-e-mostra-seu-poder\/\"]}]},{\"@type\":\"ImageObject\",\"inLanguage\":\"pt-BR\",\"@id\":\"https:\/\/lackman.com.br\/index.php\/2026\/04\/30\/dfb-2026-a-moda-volta-ao-mar-e-mostra-seu-poder\/#primaryimage\",\"url\":\"https:\/\/lackman.com.br\/wp-content\/uploads\/2026\/04\/dfb_montagem_lackman.jpg\",\"contentUrl\":\"https:\/\/lackman.com.br\/wp-content\/uploads\/2026\/04\/dfb_montagem_lackman.jpg\",\"width\":1024,\"height\":1024},{\"@type\":\"BreadcrumbList\",\"@id\":\"https:\/\/lackman.com.br\/index.php\/2026\/04\/30\/dfb-2026-a-moda-volta-ao-mar-e-mostra-seu-poder\/#breadcrumb\",\"itemListElement\":[{\"@type\":\"ListItem\",\"position\":1,\"name\":\"In\u00edcio\",\"item\":\"https:\/\/lackman.com.br\/\"},{\"@type\":\"ListItem\",\"position\":2,\"name\":\"DFB 2026: a moda volta ao mar e mostra seu poder\"}]},{\"@type\":\"WebSite\",\"@id\":\"https:\/\/lackman.com.br\/#website\",\"url\":\"https:\/\/lackman.com.br\/\",\"name\":\"LACKMAN &amp; CO.\",\"description\":\"VIDA | MODA | ARTE\",\"publisher\":{\"@id\":\"https:\/\/lackman.com.br\/#organization\"},\"potentialAction\":[{\"@type\":\"SearchAction\",\"target\":{\"@type\":\"EntryPoint\",\"urlTemplate\":\"https:\/\/lackman.com.br\/?s={search_term_string}\"},\"query-input\":{\"@type\":\"PropertyValueSpecification\",\"valueRequired\":true,\"valueName\":\"search_term_string\"}}],\"inLanguage\":\"pt-BR\"},{\"@type\":\"Organization\",\"@id\":\"https:\/\/lackman.com.br\/#organization\",\"name\":\"LACKMAN &amp; CO.\",\"url\":\"https:\/\/lackman.com.br\/\",\"logo\":{\"@type\":\"ImageObject\",\"inLanguage\":\"pt-BR\",\"@id\":\"https:\/\/lackman.com.br\/#\/schema\/logo\/image\/\",\"url\":\"https:\/\/lackman.com.br\/wp-content\/uploads\/2023\/06\/Logotipo_preto-1.png\",\"contentUrl\":\"https:\/\/lackman.com.br\/wp-content\/uploads\/2023\/06\/Logotipo_preto-1.png\",\"width\":739,\"height\":393,\"caption\":\"LACKMAN &amp; CO.\"},\"image\":{\"@id\":\"https:\/\/lackman.com.br\/#\/schema\/logo\/image\/\"}},{\"@type\":\"Person\",\"@id\":\"https:\/\/lackman.com.br\/#\/schema\/person\/dbfb3fbfc55f2b0bd4f9039696e70858\",\"name\":\"Fernando Lackman\",\"image\":{\"@type\":\"ImageObject\",\"inLanguage\":\"pt-BR\",\"@id\":\"https:\/\/lackman.com.br\/#\/schema\/person\/image\/\",\"url\":\"https:\/\/secure.gravatar.com\/avatar\/ae7993150af197e66480c8a769891833dd2b8d809f0d9ff3f25af796cf378ce8?s=96&d=mm&r=g\",\"contentUrl\":\"https:\/\/secure.gravatar.com\/avatar\/ae7993150af197e66480c8a769891833dd2b8d809f0d9ff3f25af796cf378ce8?s=96&d=mm&r=g\",\"caption\":\"Fernando Lackman\"},\"description\":\"Fernando Lackman \u00e9 jornalista especializado em Moda e Cultura, editor do site LACKMAN.com.br. \u00c9 autor do livro Bras\u00edlia Capital dos Criadores, que conta a hist\u00f3ria da moda no Distrito Federal. Tem em seu curr\u00edculo assinatura de dire\u00e7\u00e3o criativa e de desfiles em eventos como Estilo DF Plaza, Summer Collections, JK Street Fashion, Desfile Beleza Negra (DBN), PicniK Fashion Show, Vogue Fashion\u2019s Night Out Bras\u00edlia, entre outros. Foi diretor criativo do extinto Capital Fashion Week. Atualmente trabalha na dire\u00e7\u00e3o criativa de eventos como Top CUFA, BSB Fashion Street, Bras\u00edlia Fashion House, Ateli\u00ea Bras\u00edlia e Goi\u00e1s Fashion Week.\",\"sameAs\":[\"https:\/\/lackman.com.br\/\",\"https:\/\/www.facebook.com\/fernandolackman\",\"https:\/\/www.instagram.com\/fernandolackman\/\",\"https:\/\/www.linkedin.com\/in\/fernando-lackman\/\",\"https:\/\/br.pinterest.com\/fernandolackman\/\",\"https:\/\/x.com\/fernandolackman\"],\"url\":\"https:\/\/lackman.com.br\/index.php\/author\/fernando-lackman\/\"}]}<\/script>\n<!-- \/ Yoast SEO plugin. -->","yoast_head_json":{"title":"DFB 2026: a moda volta ao mar e mostra seu poder - LACKMAN &amp; CO.","robots":{"index":"index","follow":"follow","max-snippet":"max-snippet:-1","max-image-preview":"max-image-preview:large","max-video-preview":"max-video-preview:-1"},"canonical":"https:\/\/lackman.com.br\/index.php\/2026\/04\/30\/dfb-2026-a-moda-volta-ao-mar-e-mostra-seu-poder\/","og_locale":"pt_BR","og_type":"article","og_title":"DFB 2026: a moda volta ao mar e mostra seu poder - LACKMAN &amp; CO.","og_description":"Na Praia de Iracema, e conectado \u00e0s celebra\u00e7\u00f5es dos 300 anos de Fortaleza, o festival abandona a neutralidade e assume um posicionamento: territ\u00f3rio \u00e9 discurso, e autoria n\u00e3o se negocia H\u00e1 edi\u00e7\u00f5es que acontecem. E h\u00e1 edi\u00e7\u00f5es que se posicionam. O DFB Festival 2026 pertence \u00e0 segunda categoria. Ao sair do espa\u00e7o neutro e reocupar a Praia de Iracema, em Fortaleza, o evento mostra mais do que uma escolha est\u00e9tica \u2014 faz uma escolha pol\u00edtica. Coloca a moda de frente para o vento, para o sal, para a cidade real. E, sobretudo, para si mesma. De 9 a 12 de junho, o festival assume o tema \u201cPraia de Iracema: cora\u00e7\u00e3o e c\u00e9rebro da Cidade Drag\u00e3o\u201d e, com isso, abandona qualquer tentativa de pasteuriza\u00e7\u00e3o com muito contexto. E isso muda tudo. A moda brasileira passou anos tentando se explicar para fora. Traduzir-se para caber. O DFB, h\u00e1 algum tempo, entendeu que esse esfor\u00e7o n\u00e3o \u00e9 importante \u2014 e talvez at\u00e9 prejudicial. Em 2026, essa consci\u00eancia se radicaliza: a praia n\u00e3o \u00e9 backdrop, \u00e9 narrativa Quando o desfile acontece diante do mar, n\u00e3o h\u00e1 como dissociar roupa de origem. A renda deixa de ser tend\u00eancia e imprime linguagem. O feito \u00e0 m\u00e3o deixa de ser \u201cdetalhe\u201d e reassume seu lugar de tecnologia ancestral. \u00c9 nesse ponto que o DFB se diferencia de outros eventos do calend\u00e1rio: ele n\u00e3o simula identidade. Ele opera a partir dela. Line-up confirma movimento que j\u00e1 vinha se desenhando com mais constru\u00e7\u00e3o de discurso Nomes como Lino Villaventura, Almir Fran\u00e7a s\u00e3o criadores que n\u00e3o precisam provar relev\u00e2ncia porque j\u00e1 a incorporaram \u00e0 pr\u00f3pria trajet\u00f3ria. Ao lado deles, David Lee, Melk Zda e J. Cabral e George Azevedo refor\u00e7am uma moda que flerta com o experimental sem perder densidade. Entre os nomes confirmados, est\u00e3o, Silv\u00e2nia de Deus, Gabriela Fiuza, Ethos, 4 Town, al\u00e9m de marcas e coletivos como Casa Aika, Oco Club, Studio Orla, Almacor, 407 AA e Lire Brand revelam um deslocamento importante: a autoria deixa de ser individual e passa a ser coletiva, territorial, expandida. A moda deixa de ser assinatura e passa a ser ecossistema. A programa\u00e7\u00e3o tamb\u00e9m evidencia a for\u00e7a de iniciativas colaborativas, como o projeto M\u00e3os da Moda &#8211; com Adriana Meira, Dua, Luci Bortowski, Carnavalia, Teroy, Areia, Inttui e Morada &#8211; e o movimento Nordestesse, presente por meio de marcas como Patu e Almacor. Consist\u00eancia no Concurso dos Novos Com as institui\u00e7\u00f5es Ateneu (CE), UCS (RS), Udesc (SC), UFCA (CE), UFPE (PE), Unifor (CE), Unipe (PB) e UTFPR (PR) e outras, o projeto segue sendo espa\u00e7o para experimentar, porque \u00e9 a\u00ed que surge linguagem. Enquanto parte do mercado insiste em formar profissionais prontos para vender, o Concurso dos Novos permite formar criadores que pensam. E isso, hoje, \u00e9 raro. Shows e energia criativa A programa\u00e7\u00e3o musical acontece na Arena DFB, localizada na Pra\u00e7a Verde do Centro Drag\u00e3o do Mar de Arte e Cultura, com atra\u00e7\u00f5es distribu\u00eddas ao longo dos quatro dias de festival, sempre a partir do p\u00f4r do sol. Voltada a convidados, a agenda re\u00fane shows de artistas nacionais e locais, que ser\u00e3o divulgados em breve. Quer ir? DFB Festival 2026 De 9 a 12 de junho de 2016, na Praia de Iracema e no Centro Cultural Drag\u00e3o do Mar \u2013 Fortaleza (CE) Instagram: @dfbfestival\u00a0 Imagens: Eduardo Maranh\u00e3o e Nicholas Gondim\/Divulga\u00e7\u00e3o","og_url":"https:\/\/lackman.com.br\/index.php\/2026\/04\/30\/dfb-2026-a-moda-volta-ao-mar-e-mostra-seu-poder\/","og_site_name":"LACKMAN &amp; CO.","article_author":"https:\/\/www.facebook.com\/fernandolackman","article_published_time":"2026-04-30T05:18:14+00:00","og_image":[{"width":1024,"height":1024,"url":"http:\/\/lackman.com.br\/wp-content\/uploads\/2026\/04\/dfb_montagem_lackman.jpg","type":"image\/jpeg"}],"author":"Fernando Lackman","twitter_card":"summary_large_image","twitter_creator":"@fernandolackman","twitter_misc":{"Escrito por":"Fernando Lackman","Est. tempo de leitura":"5 minutos"},"schema":{"@context":"https:\/\/schema.org","@graph":[{"@type":"Article","@id":"https:\/\/lackman.com.br\/index.php\/2026\/04\/30\/dfb-2026-a-moda-volta-ao-mar-e-mostra-seu-poder\/#article","isPartOf":{"@id":"https:\/\/lackman.com.br\/index.php\/2026\/04\/30\/dfb-2026-a-moda-volta-ao-mar-e-mostra-seu-poder\/"},"author":{"name":"Fernando Lackman","@id":"https:\/\/lackman.com.br\/#\/schema\/person\/dbfb3fbfc55f2b0bd4f9039696e70858"},"headline":"DFB 2026: a moda volta ao mar e mostra seu poder","datePublished":"2026-04-30T05:18:14+00:00","mainEntityOfPage":{"@id":"https:\/\/lackman.com.br\/index.php\/2026\/04\/30\/dfb-2026-a-moda-volta-ao-mar-e-mostra-seu-poder\/"},"wordCount":662,"publisher":{"@id":"https:\/\/lackman.com.br\/#organization"},"image":{"@id":"https:\/\/lackman.com.br\/index.php\/2026\/04\/30\/dfb-2026-a-moda-volta-ao-mar-e-mostra-seu-poder\/#primaryimage"},"thumbnailUrl":"https:\/\/lackman.com.br\/wp-content\/uploads\/2026\/04\/dfb_montagem_lackman.jpg","keywords":["Cear\u00e1","desfiles","DFB","DFB Festival","Fortaleza","modelos","passarela"],"articleSection":["Moda","Passarela"],"inLanguage":"pt-BR"},{"@type":"WebPage","@id":"https:\/\/lackman.com.br\/index.php\/2026\/04\/30\/dfb-2026-a-moda-volta-ao-mar-e-mostra-seu-poder\/","url":"https:\/\/lackman.com.br\/index.php\/2026\/04\/30\/dfb-2026-a-moda-volta-ao-mar-e-mostra-seu-poder\/","name":"DFB 2026: a moda volta ao mar e mostra seu poder - LACKMAN &amp; CO.","isPartOf":{"@id":"https:\/\/lackman.com.br\/#website"},"primaryImageOfPage":{"@id":"https:\/\/lackman.com.br\/index.php\/2026\/04\/30\/dfb-2026-a-moda-volta-ao-mar-e-mostra-seu-poder\/#primaryimage"},"image":{"@id":"https:\/\/lackman.com.br\/index.php\/2026\/04\/30\/dfb-2026-a-moda-volta-ao-mar-e-mostra-seu-poder\/#primaryimage"},"thumbnailUrl":"https:\/\/lackman.com.br\/wp-content\/uploads\/2026\/04\/dfb_montagem_lackman.jpg","datePublished":"2026-04-30T05:18:14+00:00","breadcrumb":{"@id":"https:\/\/lackman.com.br\/index.php\/2026\/04\/30\/dfb-2026-a-moda-volta-ao-mar-e-mostra-seu-poder\/#breadcrumb"},"inLanguage":"pt-BR","potentialAction":[{"@type":"ReadAction","target":["https:\/\/lackman.com.br\/index.php\/2026\/04\/30\/dfb-2026-a-moda-volta-ao-mar-e-mostra-seu-poder\/"]}]},{"@type":"ImageObject","inLanguage":"pt-BR","@id":"https:\/\/lackman.com.br\/index.php\/2026\/04\/30\/dfb-2026-a-moda-volta-ao-mar-e-mostra-seu-poder\/#primaryimage","url":"https:\/\/lackman.com.br\/wp-content\/uploads\/2026\/04\/dfb_montagem_lackman.jpg","contentUrl":"https:\/\/lackman.com.br\/wp-content\/uploads\/2026\/04\/dfb_montagem_lackman.jpg","width":1024,"height":1024},{"@type":"BreadcrumbList","@id":"https:\/\/lackman.com.br\/index.php\/2026\/04\/30\/dfb-2026-a-moda-volta-ao-mar-e-mostra-seu-poder\/#breadcrumb","itemListElement":[{"@type":"ListItem","position":1,"name":"In\u00edcio","item":"https:\/\/lackman.com.br\/"},{"@type":"ListItem","position":2,"name":"DFB 2026: a moda volta ao mar e mostra seu poder"}]},{"@type":"WebSite","@id":"https:\/\/lackman.com.br\/#website","url":"https:\/\/lackman.com.br\/","name":"LACKMAN &amp; CO.","description":"VIDA | MODA | ARTE","publisher":{"@id":"https:\/\/lackman.com.br\/#organization"},"potentialAction":[{"@type":"SearchAction","target":{"@type":"EntryPoint","urlTemplate":"https:\/\/lackman.com.br\/?s={search_term_string}"},"query-input":{"@type":"PropertyValueSpecification","valueRequired":true,"valueName":"search_term_string"}}],"inLanguage":"pt-BR"},{"@type":"Organization","@id":"https:\/\/lackman.com.br\/#organization","name":"LACKMAN &amp; CO.","url":"https:\/\/lackman.com.br\/","logo":{"@type":"ImageObject","inLanguage":"pt-BR","@id":"https:\/\/lackman.com.br\/#\/schema\/logo\/image\/","url":"https:\/\/lackman.com.br\/wp-content\/uploads\/2023\/06\/Logotipo_preto-1.png","contentUrl":"https:\/\/lackman.com.br\/wp-content\/uploads\/2023\/06\/Logotipo_preto-1.png","width":739,"height":393,"caption":"LACKMAN &amp; CO."},"image":{"@id":"https:\/\/lackman.com.br\/#\/schema\/logo\/image\/"}},{"@type":"Person","@id":"https:\/\/lackman.com.br\/#\/schema\/person\/dbfb3fbfc55f2b0bd4f9039696e70858","name":"Fernando Lackman","image":{"@type":"ImageObject","inLanguage":"pt-BR","@id":"https:\/\/lackman.com.br\/#\/schema\/person\/image\/","url":"https:\/\/secure.gravatar.com\/avatar\/ae7993150af197e66480c8a769891833dd2b8d809f0d9ff3f25af796cf378ce8?s=96&d=mm&r=g","contentUrl":"https:\/\/secure.gravatar.com\/avatar\/ae7993150af197e66480c8a769891833dd2b8d809f0d9ff3f25af796cf378ce8?s=96&d=mm&r=g","caption":"Fernando Lackman"},"description":"Fernando Lackman \u00e9 jornalista especializado em Moda e Cultura, editor do site LACKMAN.com.br. \u00c9 autor do livro Bras\u00edlia Capital dos Criadores, que conta a hist\u00f3ria da moda no Distrito Federal. Tem em seu curr\u00edculo assinatura de dire\u00e7\u00e3o criativa e de desfiles em eventos como Estilo DF Plaza, Summer Collections, JK Street Fashion, Desfile Beleza Negra (DBN), PicniK Fashion Show, Vogue Fashion\u2019s Night Out Bras\u00edlia, entre outros. Foi diretor criativo do extinto Capital Fashion Week. Atualmente trabalha na dire\u00e7\u00e3o criativa de eventos como Top CUFA, BSB Fashion Street, Bras\u00edlia Fashion House, Ateli\u00ea Bras\u00edlia e Goi\u00e1s Fashion Week.","sameAs":["https:\/\/lackman.com.br\/","https:\/\/www.facebook.com\/fernandolackman","https:\/\/www.instagram.com\/fernandolackman\/","https:\/\/www.linkedin.com\/in\/fernando-lackman\/","https:\/\/br.pinterest.com\/fernandolackman\/","https:\/\/x.com\/fernandolackman"],"url":"https:\/\/lackman.com.br\/index.php\/author\/fernando-lackman\/"}]}},"rttpg_featured_image_url":{"full":["https:\/\/lackman.com.br\/wp-content\/uploads\/2026\/04\/dfb_montagem_lackman.jpg",1024,1024,false],"landscape":["https:\/\/lackman.com.br\/wp-content\/uploads\/2026\/04\/dfb_montagem_lackman.jpg",1024,1024,false],"portraits":["https:\/\/lackman.com.br\/wp-content\/uploads\/2026\/04\/dfb_montagem_lackman.jpg",1024,1024,false],"thumbnail":["https:\/\/lackman.com.br\/wp-content\/uploads\/2026\/04\/dfb_montagem_lackman-150x150.jpg",150,150,true],"medium":["https:\/\/lackman.com.br\/wp-content\/uploads\/2026\/04\/dfb_montagem_lackman-300x300.jpg",300,300,true],"large":["https:\/\/lackman.com.br\/wp-content\/uploads\/2026\/04\/dfb_montagem_lackman.jpg",1024,1024,false],"RoboGalleryMansoryImagesCenter":["https:\/\/lackman.com.br\/wp-content\/uploads\/2026\/04\/dfb_montagem_lackman-600x1024.jpg",600,1024,true],"RoboGalleryPreload":["https:\/\/lackman.com.br\/wp-content\/uploads\/2026\/04\/dfb_montagem_lackman-100x100.jpg",100,100,true],"1536x1536":["https:\/\/lackman.com.br\/wp-content\/uploads\/2026\/04\/dfb_montagem_lackman.jpg",1024,1024,false],"2048x2048":["https:\/\/lackman.com.br\/wp-content\/uploads\/2026\/04\/dfb_montagem_lackman.jpg",1024,1024,false]},"rttpg_author":{"display_name":"Fernando Lackman","author_link":"https:\/\/lackman.com.br\/index.php\/author\/fernando-lackman\/"},"rttpg_comment":0,"rttpg_category":"<a href=\"https:\/\/lackman.com.br\/index.php\/category\/moda\/\" rel=\"category tag\">Moda<\/a> <a href=\"https:\/\/lackman.com.br\/index.php\/category\/moda\/passarela\/\" rel=\"category tag\">Passarela<\/a>","rttpg_excerpt":"Na Praia de Iracema, e conectado \u00e0s celebra\u00e7\u00f5es dos 300 anos de Fortaleza, o festival abandona a neutralidade e assume um posicionamento: territ\u00f3rio \u00e9 discurso, e autoria n\u00e3o se negocia H\u00e1 edi\u00e7\u00f5es que acontecem. E h\u00e1 edi\u00e7\u00f5es que se posicionam. O DFB Festival 2026 pertence \u00e0 segunda categoria. Ao sair do espa\u00e7o neutro e reocupar&hellip;","_links":{"self":[{"href":"https:\/\/lackman.com.br\/index.php\/wp-json\/wp\/v2\/posts\/12508","targetHints":{"allow":["GET"]}}],"collection":[{"href":"https:\/\/lackman.com.br\/index.php\/wp-json\/wp\/v2\/posts"}],"about":[{"href":"https:\/\/lackman.com.br\/index.php\/wp-json\/wp\/v2\/types\/post"}],"author":[{"embeddable":true,"href":"https:\/\/lackman.com.br\/index.php\/wp-json\/wp\/v2\/users\/2"}],"replies":[{"embeddable":true,"href":"https:\/\/lackman.com.br\/index.php\/wp-json\/wp\/v2\/comments?post=12508"}],"version-history":[{"count":4,"href":"https:\/\/lackman.com.br\/index.php\/wp-json\/wp\/v2\/posts\/12508\/revisions"}],"predecessor-version":[{"id":12518,"href":"https:\/\/lackman.com.br\/index.php\/wp-json\/wp\/v2\/posts\/12508\/revisions\/12518"}],"wp:featuredmedia":[{"embeddable":true,"href":"https:\/\/lackman.com.br\/index.php\/wp-json\/wp\/v2\/media\/12511"}],"wp:attachment":[{"href":"https:\/\/lackman.com.br\/index.php\/wp-json\/wp\/v2\/media?parent=12508"}],"wp:term":[{"taxonomy":"category","embeddable":true,"href":"https:\/\/lackman.com.br\/index.php\/wp-json\/wp\/v2\/categories?post=12508"},{"taxonomy":"post_tag","embeddable":true,"href":"https:\/\/lackman.com.br\/index.php\/wp-json\/wp\/v2\/tags?post=12508"}],"curies":[{"name":"wp","href":"https:\/\/api.w.org\/{rel}","templated":true}]}}