{"id":12503,"date":"2026-04-29T00:04:05","date_gmt":"2026-04-29T03:04:05","guid":{"rendered":"https:\/\/lackman.com.br\/?p=12503"},"modified":"2026-04-29T00:04:05","modified_gmt":"2026-04-29T03:04:05","slug":"dia-das-maes-com-afeto-e-athos-bulcao-no-tgs","status":"publish","type":"post","link":"https:\/\/lackman.com.br\/index.php\/2026\/04\/29\/dia-das-maes-com-afeto-e-athos-bulcao-no-tgs\/","title":{"rendered":"Dia das M\u00e3es com afeto e Athos Bulc\u00e3o no TGS"},"content":{"rendered":"<h4 style=\"text-align: justify;\"><em>Taguatinga Shopping aposta em mem\u00f3ria afetiva e design brasiliense em campanha de Dia das M\u00e3es<\/em><\/h4>\n<p style=\"text-align: justify;\">H\u00e1 campanhas que operam no autom\u00e1tico \u2014 e h\u00e1 aquelas que tocam em algo mais silencioso, quase \u00edntimo. A do Taguatinga Shopping, neste Dia das M\u00e3es, me parece caminhar nesse segundo lugar. N\u00e3o pela mec\u00e2nica, que \u00e9 clara, mas pelo gesto de escolher Athos Bulc\u00e3o como ponto de partida. Em Bras\u00edlia, isso nunca \u00e9 apenas uma refer\u00eancia est\u00e9tica; \u00e9 mem\u00f3ria incorporada ao cotidiano.<\/p>\n<p style=\"text-align: justify;\"><img fetchpriority=\"high\" decoding=\"async\" class=\"aligncenter wp-image-12506 size-large\" src=\"http:\/\/lackman.com.br\/wp-content\/uploads\/2026\/04\/Maes-TGS-1-e1777431572735-1024x532.png\" alt=\"\" width=\"1024\" height=\"532\" srcset=\"https:\/\/lackman.com.br\/wp-content\/uploads\/2026\/04\/Maes-TGS-1-e1777431572735-1024x532.png 1024w, https:\/\/lackman.com.br\/wp-content\/uploads\/2026\/04\/Maes-TGS-1-e1777431572735-300x156.png 300w, https:\/\/lackman.com.br\/wp-content\/uploads\/2026\/04\/Maes-TGS-1-e1777431572735-768x399.png 768w, https:\/\/lackman.com.br\/wp-content\/uploads\/2026\/04\/Maes-TGS-1-e1777431572735-100x52.png 100w, https:\/\/lackman.com.br\/wp-content\/uploads\/2026\/04\/Maes-TGS-1-e1777431572735-1536x799.png 1536w, https:\/\/lackman.com.br\/wp-content\/uploads\/2026\/04\/Maes-TGS-1-e1777431572735.png 1600w\" sizes=\"(max-width: 1024px) 100vw, 1024px\" \/><\/p>\n<p style=\"text-align: justify;\">Entre 30 de abril e 11 de maio, o presente deixa de ser apenas um objeto e passa a carregar uma camada de reconhecimento. A boleira colecion\u00e1vel, constru\u00edda a partir dos grafismos de Athos, n\u00e3o \u00e9 s\u00f3 um brinde \u2014 ela evoca a cidade dentro de casa. H\u00e1 algo de muito preciso nessa transi\u00e7\u00e3o: do azulejo p\u00fablico \u00e0 mesa privada, do monumental ao afetivo. \u201cA proposta deste ano foi trazer um item que tivesse reconhecimento imediato e conex\u00e3o com a cidade. A escolha do Athos Bulc\u00e3o fortalece esse v\u00ednculo e amplia o valor percebido do presente\u201d, afirma a gerente de marketing do\u00a0Taguatinga\u00a0shopping, Mayce Tranquillini.<\/p>\n<p><img decoding=\"async\" class=\"aligncenter wp-image-12504 size-large\" src=\"http:\/\/lackman.com.br\/wp-content\/uploads\/2026\/04\/Maes-TGS-2-e1777431528148-1024x589.png\" alt=\"\" width=\"1024\" height=\"589\" srcset=\"https:\/\/lackman.com.br\/wp-content\/uploads\/2026\/04\/Maes-TGS-2-e1777431528148-1024x589.png 1024w, https:\/\/lackman.com.br\/wp-content\/uploads\/2026\/04\/Maes-TGS-2-e1777431528148-300x173.png 300w, https:\/\/lackman.com.br\/wp-content\/uploads\/2026\/04\/Maes-TGS-2-e1777431528148-768x442.png 768w, https:\/\/lackman.com.br\/wp-content\/uploads\/2026\/04\/Maes-TGS-2-e1777431528148-100x58.png 100w, https:\/\/lackman.com.br\/wp-content\/uploads\/2026\/04\/Maes-TGS-2-e1777431528148-1536x883.png 1536w, https:\/\/lackman.com.br\/wp-content\/uploads\/2026\/04\/Maes-TGS-2-e1777431528148.png 2000w\" sizes=\"(max-width: 1024px) 100vw, 1024px\" \/><\/p>\n<h5 style=\"text-align: justify;\">Saiba mais&#8230;<\/h5>\n<p style=\"text-align: justify;\">Entre 30 de abril e 11 de maio, a campanha organiza-se de forma direta: a cada R$ 600 em compras, o cliente garante uma boleira exclusiva inspirada na obra de Athos Bulc\u00e3o; a cada R$ 400, recebe um cupom para os sorteios. Est\u00e3o em jogo 50 vouchers de R$ 500 para o Madero, com sorteios nos dias 9 e 13 de maio, al\u00e9m de um Citro\u00ebn Basalt 0km, que ser\u00e1 sorteado em 17 de junho.<\/p>\n<p style=\"text-align: justify;\">Notas fiscais do Madero pontuam em dobro, assim como a doa\u00e7\u00e3o de 1kg de alimento n\u00e3o perec\u00edvel. Toda a participa\u00e7\u00e3o acontece via aplicativo do shopping, com apoio presencial no Piso 3. O resgate do brinde \u00e9 limitado a uma unidade por CPF.<\/p>\n<p style=\"text-align: justify;\">Todos os detalhes no <a href=\"http:\/\/www.taguatingashopping.com.br\"><strong>www.taguatingashopping.com.br<\/strong><\/a><\/p>\n<hr \/>\n<pre>Imagens: Divulga\u00e7\u00e3o<\/pre>\n","protected":false},"excerpt":{"rendered":"<p>Taguatinga Shopping aposta em mem\u00f3ria afetiva e design brasiliense em campanha de Dia das M\u00e3es H\u00e1 campanhas que operam no autom\u00e1tico \u2014 e h\u00e1 aquelas que tocam em algo mais silencioso, quase \u00edntimo. A do Taguatinga Shopping, neste Dia das M\u00e3es, me parece caminhar nesse segundo lugar. N\u00e3o pela mec\u00e2nica, que \u00e9 clara, mas pelo gesto de escolher Athos Bulc\u00e3o como ponto de partida. Em Bras\u00edlia, isso nunca \u00e9 apenas uma refer\u00eancia est\u00e9tica; \u00e9 mem\u00f3ria incorporada ao cotidiano. Entre 30 de abril e 11 de maio, o presente deixa de ser apenas um objeto e passa a carregar uma camada de reconhecimento. A boleira colecion\u00e1vel, constru\u00edda a partir dos grafismos de Athos, n\u00e3o \u00e9 s\u00f3 um brinde \u2014 ela evoca a cidade dentro de casa. H\u00e1 algo de muito preciso nessa transi\u00e7\u00e3o: do azulejo p\u00fablico \u00e0 mesa privada, do monumental ao afetivo. \u201cA proposta deste ano foi trazer um item que tivesse reconhecimento imediato e conex\u00e3o com a cidade. A escolha do Athos Bulc\u00e3o fortalece esse v\u00ednculo e amplia o valor percebido do presente\u201d, afirma a gerente de marketing do\u00a0Taguatinga\u00a0shopping, Mayce Tranquillini. Saiba mais&#8230; Entre 30 de abril e 11 de maio, a campanha organiza-se de forma direta: a cada R$ 600 em compras, o cliente garante uma boleira exclusiva inspirada na obra de Athos Bulc\u00e3o; a cada R$ 400, recebe um cupom para os sorteios. Est\u00e3o em jogo 50 vouchers de R$ 500 para o Madero, com sorteios nos dias 9 e 13 de maio, al\u00e9m de um Citro\u00ebn Basalt 0km, que ser\u00e1 sorteado em 17 de junho. Notas fiscais do Madero pontuam em dobro, assim como a doa\u00e7\u00e3o de 1kg de alimento n\u00e3o perec\u00edvel. Toda a participa\u00e7\u00e3o acontece via aplicativo do shopping, com apoio presencial no Piso 3. O resgate do brinde \u00e9 limitado a uma unidade por CPF. Todos os detalhes no www.taguatingashopping.com.br Imagens: Divulga\u00e7\u00e3o<\/p>\n","protected":false},"author":2,"featured_media":12505,"comment_status":"closed","ping_status":"open","sticky":false,"template":"","format":"standard","meta":{"site-sidebar-layout":"default","site-content-layout":"","ast-site-content-layout":"default","site-content-style":"default","site-sidebar-style":"default","ast-global-header-display":"","ast-banner-title-visibility":"","ast-main-header-display":"","ast-hfb-above-header-display":"","ast-hfb-below-header-display":"","ast-hfb-mobile-header-display":"","site-post-title":"","ast-breadcrumbs-content":"","ast-featured-img":"","footer-sml-layout":"","ast-disable-related-posts":"","theme-transparent-header-meta":"default","adv-header-id-meta":"","stick-header-meta":"","header-above-stick-meta":"","header-main-stick-meta":"","header-below-stick-meta":"","astra-migrate-meta-layouts":"set","ast-page-background-enabled":"default","ast-page-background-meta":{"desktop":{"background-color":"","background-image":"","background-repeat":"repeat","background-position":"center center","background-size":"auto","background-attachment":"scroll","background-type":"","background-media":"","overlay-type":"","overlay-color":"","overlay-opacity":"","overlay-gradient":""},"tablet":{"background-color":"","background-image":"","background-repeat":"repeat","background-position":"center center","background-size":"auto","background-attachment":"scroll","background-type":"","background-media":"","overlay-type":"","overlay-color":"","overlay-opacity":"","overlay-gradient":""},"mobile":{"background-color":"","background-image":"","background-repeat":"repeat","background-position":"center center","background-size":"auto","background-attachment":"scroll","background-type":"","background-media":"","overlay-type":"","overlay-color":"","overlay-opacity":"","overlay-gradient":""}},"ast-content-background-meta":{"desktop":{"background-color":"var(--ast-global-color-5)","background-image":"","background-repeat":"repeat","background-position":"center center","background-size":"auto","background-attachment":"scroll","background-type":"","background-media":"","overlay-type":"","overlay-color":"","overlay-opacity":"","overlay-gradient":""},"tablet":{"background-color":"var(--ast-global-color-5)","background-image":"","background-repeat":"repeat","background-position":"center center","background-size":"auto","background-attachment":"scroll","background-type":"","background-media":"","overlay-type":"","overlay-color":"","overlay-opacity":"","overlay-gradient":""},"mobile":{"background-color":"var(--ast-global-color-5)","background-image":"","background-repeat":"repeat","background-position":"center center","background-size":"auto","background-attachment":"scroll","background-type":"","background-media":"","overlay-type":"","overlay-color":"","overlay-opacity":"","overlay-gradient":""}},"footnotes":""},"categories":[67,32],"tags":[1331,1171,2040,395,255],"class_list":["post-12503","post","type-post","status-publish","format-standard","has-post-thumbnail","hentry","category-design","category-especiais","tag-athos-bulcao","tag-dia-das-maes","tag-promo","tag-promocao","tag-tgs"],"yoast_head":"<!-- This site is optimized with the Yoast SEO plugin v27.0 - https:\/\/yoast.com\/product\/yoast-seo-wordpress\/ -->\n<title>Dia das M\u00e3es com afeto e Athos Bulc\u00e3o no TGS - LACKMAN &amp; CO.<\/title>\n<meta name=\"robots\" content=\"index, follow, max-snippet:-1, max-image-preview:large, max-video-preview:-1\" \/>\n<link rel=\"canonical\" href=\"https:\/\/lackman.com.br\/index.php\/2026\/04\/29\/dia-das-maes-com-afeto-e-athos-bulcao-no-tgs\/\" \/>\n<meta property=\"og:locale\" content=\"pt_BR\" \/>\n<meta property=\"og:type\" content=\"article\" \/>\n<meta property=\"og:title\" content=\"Dia das M\u00e3es com afeto e Athos Bulc\u00e3o no TGS - LACKMAN &amp; CO.\" \/>\n<meta property=\"og:description\" content=\"Taguatinga Shopping aposta em mem\u00f3ria afetiva e design brasiliense em campanha de Dia das M\u00e3es H\u00e1 campanhas que operam no autom\u00e1tico \u2014 e h\u00e1 aquelas que tocam em algo mais silencioso, quase \u00edntimo. A do Taguatinga Shopping, neste Dia das M\u00e3es, me parece caminhar nesse segundo lugar. N\u00e3o pela mec\u00e2nica, que \u00e9 clara, mas pelo gesto de escolher Athos Bulc\u00e3o como ponto de partida. Em Bras\u00edlia, isso nunca \u00e9 apenas uma refer\u00eancia est\u00e9tica; \u00e9 mem\u00f3ria incorporada ao cotidiano. Entre 30 de abril e 11 de maio, o presente deixa de ser apenas um objeto e passa a carregar uma camada de reconhecimento. A boleira colecion\u00e1vel, constru\u00edda a partir dos grafismos de Athos, n\u00e3o \u00e9 s\u00f3 um brinde \u2014 ela evoca a cidade dentro de casa. H\u00e1 algo de muito preciso nessa transi\u00e7\u00e3o: do azulejo p\u00fablico \u00e0 mesa privada, do monumental ao afetivo. \u201cA proposta deste ano foi trazer um item que tivesse reconhecimento imediato e conex\u00e3o com a cidade. A escolha do Athos Bulc\u00e3o fortalece esse v\u00ednculo e amplia o valor percebido do presente\u201d, afirma a gerente de marketing do\u00a0Taguatinga\u00a0shopping, Mayce Tranquillini. Saiba mais&#8230; Entre 30 de abril e 11 de maio, a campanha organiza-se de forma direta: a cada R$ 600 em compras, o cliente garante uma boleira exclusiva inspirada na obra de Athos Bulc\u00e3o; a cada R$ 400, recebe um cupom para os sorteios. Est\u00e3o em jogo 50 vouchers de R$ 500 para o Madero, com sorteios nos dias 9 e 13 de maio, al\u00e9m de um Citro\u00ebn Basalt 0km, que ser\u00e1 sorteado em 17 de junho. Notas fiscais do Madero pontuam em dobro, assim como a doa\u00e7\u00e3o de 1kg de alimento n\u00e3o perec\u00edvel. Toda a participa\u00e7\u00e3o acontece via aplicativo do shopping, com apoio presencial no Piso 3. O resgate do brinde \u00e9 limitado a uma unidade por CPF. Todos os detalhes no www.taguatingashopping.com.br Imagens: Divulga\u00e7\u00e3o\" \/>\n<meta property=\"og:url\" content=\"https:\/\/lackman.com.br\/index.php\/2026\/04\/29\/dia-das-maes-com-afeto-e-athos-bulcao-no-tgs\/\" \/>\n<meta property=\"og:site_name\" content=\"LACKMAN &amp; CO.\" \/>\n<meta property=\"article:author\" content=\"https:\/\/www.facebook.com\/fernandolackman\" \/>\n<meta property=\"article:published_time\" content=\"2026-04-29T03:04:05+00:00\" \/>\n<meta property=\"og:image\" content=\"http:\/\/lackman.com.br\/wp-content\/uploads\/2026\/04\/Maes-TGS-3-e1777431777440-1017x1024.png\" \/>\n\t<meta property=\"og:image:width\" content=\"1017\" \/>\n\t<meta property=\"og:image:height\" content=\"1024\" \/>\n\t<meta property=\"og:image:type\" content=\"image\/png\" \/>\n<meta name=\"author\" content=\"Fernando Lackman\" \/>\n<meta name=\"twitter:card\" content=\"summary_large_image\" \/>\n<meta name=\"twitter:creator\" content=\"@fernandolackman\" \/>\n<meta name=\"twitter:label1\" content=\"Escrito por\" \/>\n\t<meta name=\"twitter:data1\" content=\"Fernando Lackman\" \/>\n\t<meta name=\"twitter:label2\" content=\"Est. tempo de leitura\" \/>\n\t<meta name=\"twitter:data2\" content=\"3 minutos\" \/>\n<script type=\"application\/ld+json\" class=\"yoast-schema-graph\">{\"@context\":\"https:\/\/schema.org\",\"@graph\":[{\"@type\":\"Article\",\"@id\":\"https:\/\/lackman.com.br\/index.php\/2026\/04\/29\/dia-das-maes-com-afeto-e-athos-bulcao-no-tgs\/#article\",\"isPartOf\":{\"@id\":\"https:\/\/lackman.com.br\/index.php\/2026\/04\/29\/dia-das-maes-com-afeto-e-athos-bulcao-no-tgs\/\"},\"author\":{\"name\":\"Fernando Lackman\",\"@id\":\"https:\/\/lackman.com.br\/#\/schema\/person\/dbfb3fbfc55f2b0bd4f9039696e70858\"},\"headline\":\"Dia das M\u00e3es com afeto e Athos Bulc\u00e3o no TGS\",\"datePublished\":\"2026-04-29T03:04:05+00:00\",\"mainEntityOfPage\":{\"@id\":\"https:\/\/lackman.com.br\/index.php\/2026\/04\/29\/dia-das-maes-com-afeto-e-athos-bulcao-no-tgs\/\"},\"wordCount\":330,\"publisher\":{\"@id\":\"https:\/\/lackman.com.br\/#organization\"},\"image\":{\"@id\":\"https:\/\/lackman.com.br\/index.php\/2026\/04\/29\/dia-das-maes-com-afeto-e-athos-bulcao-no-tgs\/#primaryimage\"},\"thumbnailUrl\":\"https:\/\/lackman.com.br\/wp-content\/uploads\/2026\/04\/Maes-TGS-3-e1777431777440.png\",\"keywords\":[\"Athos Bulc\u00e3o\",\"Dia das M\u00e3es\",\"PROMO\",\"promo\u00e7\u00e3o\",\"TGS\"],\"articleSection\":[\"Design\",\"Especiais\"],\"inLanguage\":\"pt-BR\"},{\"@type\":\"WebPage\",\"@id\":\"https:\/\/lackman.com.br\/index.php\/2026\/04\/29\/dia-das-maes-com-afeto-e-athos-bulcao-no-tgs\/\",\"url\":\"https:\/\/lackman.com.br\/index.php\/2026\/04\/29\/dia-das-maes-com-afeto-e-athos-bulcao-no-tgs\/\",\"name\":\"Dia das M\u00e3es com afeto e Athos Bulc\u00e3o no TGS - LACKMAN &amp; CO.\",\"isPartOf\":{\"@id\":\"https:\/\/lackman.com.br\/#website\"},\"primaryImageOfPage\":{\"@id\":\"https:\/\/lackman.com.br\/index.php\/2026\/04\/29\/dia-das-maes-com-afeto-e-athos-bulcao-no-tgs\/#primaryimage\"},\"image\":{\"@id\":\"https:\/\/lackman.com.br\/index.php\/2026\/04\/29\/dia-das-maes-com-afeto-e-athos-bulcao-no-tgs\/#primaryimage\"},\"thumbnailUrl\":\"https:\/\/lackman.com.br\/wp-content\/uploads\/2026\/04\/Maes-TGS-3-e1777431777440.png\",\"datePublished\":\"2026-04-29T03:04:05+00:00\",\"breadcrumb\":{\"@id\":\"https:\/\/lackman.com.br\/index.php\/2026\/04\/29\/dia-das-maes-com-afeto-e-athos-bulcao-no-tgs\/#breadcrumb\"},\"inLanguage\":\"pt-BR\",\"potentialAction\":[{\"@type\":\"ReadAction\",\"target\":[\"https:\/\/lackman.com.br\/index.php\/2026\/04\/29\/dia-das-maes-com-afeto-e-athos-bulcao-no-tgs\/\"]}]},{\"@type\":\"ImageObject\",\"inLanguage\":\"pt-BR\",\"@id\":\"https:\/\/lackman.com.br\/index.php\/2026\/04\/29\/dia-das-maes-com-afeto-e-athos-bulcao-no-tgs\/#primaryimage\",\"url\":\"https:\/\/lackman.com.br\/wp-content\/uploads\/2026\/04\/Maes-TGS-3-e1777431777440.png\",\"contentUrl\":\"https:\/\/lackman.com.br\/wp-content\/uploads\/2026\/04\/Maes-TGS-3-e1777431777440.png\",\"width\":1517,\"height\":1527},{\"@type\":\"BreadcrumbList\",\"@id\":\"https:\/\/lackman.com.br\/index.php\/2026\/04\/29\/dia-das-maes-com-afeto-e-athos-bulcao-no-tgs\/#breadcrumb\",\"itemListElement\":[{\"@type\":\"ListItem\",\"position\":1,\"name\":\"In\u00edcio\",\"item\":\"https:\/\/lackman.com.br\/\"},{\"@type\":\"ListItem\",\"position\":2,\"name\":\"Dia das M\u00e3es com afeto e Athos Bulc\u00e3o no TGS\"}]},{\"@type\":\"WebSite\",\"@id\":\"https:\/\/lackman.com.br\/#website\",\"url\":\"https:\/\/lackman.com.br\/\",\"name\":\"LACKMAN &amp; CO.\",\"description\":\"VIDA | MODA | ARTE\",\"publisher\":{\"@id\":\"https:\/\/lackman.com.br\/#organization\"},\"potentialAction\":[{\"@type\":\"SearchAction\",\"target\":{\"@type\":\"EntryPoint\",\"urlTemplate\":\"https:\/\/lackman.com.br\/?s={search_term_string}\"},\"query-input\":{\"@type\":\"PropertyValueSpecification\",\"valueRequired\":true,\"valueName\":\"search_term_string\"}}],\"inLanguage\":\"pt-BR\"},{\"@type\":\"Organization\",\"@id\":\"https:\/\/lackman.com.br\/#organization\",\"name\":\"LACKMAN &amp; CO.\",\"url\":\"https:\/\/lackman.com.br\/\",\"logo\":{\"@type\":\"ImageObject\",\"inLanguage\":\"pt-BR\",\"@id\":\"https:\/\/lackman.com.br\/#\/schema\/logo\/image\/\",\"url\":\"https:\/\/lackman.com.br\/wp-content\/uploads\/2023\/06\/Logotipo_preto-1.png\",\"contentUrl\":\"https:\/\/lackman.com.br\/wp-content\/uploads\/2023\/06\/Logotipo_preto-1.png\",\"width\":739,\"height\":393,\"caption\":\"LACKMAN &amp; CO.\"},\"image\":{\"@id\":\"https:\/\/lackman.com.br\/#\/schema\/logo\/image\/\"}},{\"@type\":\"Person\",\"@id\":\"https:\/\/lackman.com.br\/#\/schema\/person\/dbfb3fbfc55f2b0bd4f9039696e70858\",\"name\":\"Fernando Lackman\",\"image\":{\"@type\":\"ImageObject\",\"inLanguage\":\"pt-BR\",\"@id\":\"https:\/\/lackman.com.br\/#\/schema\/person\/image\/\",\"url\":\"https:\/\/secure.gravatar.com\/avatar\/ae7993150af197e66480c8a769891833dd2b8d809f0d9ff3f25af796cf378ce8?s=96&d=mm&r=g\",\"contentUrl\":\"https:\/\/secure.gravatar.com\/avatar\/ae7993150af197e66480c8a769891833dd2b8d809f0d9ff3f25af796cf378ce8?s=96&d=mm&r=g\",\"caption\":\"Fernando Lackman\"},\"description\":\"Fernando Lackman \u00e9 jornalista especializado em Moda e Cultura, editor do site LACKMAN.com.br. \u00c9 autor do livro Bras\u00edlia Capital dos Criadores, que conta a hist\u00f3ria da moda no Distrito Federal. Tem em seu curr\u00edculo assinatura de dire\u00e7\u00e3o criativa e de desfiles em eventos como Estilo DF Plaza, Summer Collections, JK Street Fashion, Desfile Beleza Negra (DBN), PicniK Fashion Show, Vogue Fashion\u2019s Night Out Bras\u00edlia, entre outros. Foi diretor criativo do extinto Capital Fashion Week. Atualmente trabalha na dire\u00e7\u00e3o criativa de eventos como Top CUFA, BSB Fashion Street, Bras\u00edlia Fashion House, Ateli\u00ea Bras\u00edlia e Goi\u00e1s Fashion Week.\",\"sameAs\":[\"https:\/\/lackman.com.br\/\",\"https:\/\/www.facebook.com\/fernandolackman\",\"https:\/\/www.instagram.com\/fernandolackman\/\",\"https:\/\/www.linkedin.com\/in\/fernando-lackman\/\",\"https:\/\/br.pinterest.com\/fernandolackman\/\",\"https:\/\/x.com\/fernandolackman\"],\"url\":\"https:\/\/lackman.com.br\/index.php\/author\/fernando-lackman\/\"}]}<\/script>\n<!-- \/ Yoast SEO plugin. -->","yoast_head_json":{"title":"Dia das M\u00e3es com afeto e Athos Bulc\u00e3o no TGS - LACKMAN &amp; CO.","robots":{"index":"index","follow":"follow","max-snippet":"max-snippet:-1","max-image-preview":"max-image-preview:large","max-video-preview":"max-video-preview:-1"},"canonical":"https:\/\/lackman.com.br\/index.php\/2026\/04\/29\/dia-das-maes-com-afeto-e-athos-bulcao-no-tgs\/","og_locale":"pt_BR","og_type":"article","og_title":"Dia das M\u00e3es com afeto e Athos Bulc\u00e3o no TGS - LACKMAN &amp; CO.","og_description":"Taguatinga Shopping aposta em mem\u00f3ria afetiva e design brasiliense em campanha de Dia das M\u00e3es H\u00e1 campanhas que operam no autom\u00e1tico \u2014 e h\u00e1 aquelas que tocam em algo mais silencioso, quase \u00edntimo. A do Taguatinga Shopping, neste Dia das M\u00e3es, me parece caminhar nesse segundo lugar. N\u00e3o pela mec\u00e2nica, que \u00e9 clara, mas pelo gesto de escolher Athos Bulc\u00e3o como ponto de partida. Em Bras\u00edlia, isso nunca \u00e9 apenas uma refer\u00eancia est\u00e9tica; \u00e9 mem\u00f3ria incorporada ao cotidiano. Entre 30 de abril e 11 de maio, o presente deixa de ser apenas um objeto e passa a carregar uma camada de reconhecimento. A boleira colecion\u00e1vel, constru\u00edda a partir dos grafismos de Athos, n\u00e3o \u00e9 s\u00f3 um brinde \u2014 ela evoca a cidade dentro de casa. H\u00e1 algo de muito preciso nessa transi\u00e7\u00e3o: do azulejo p\u00fablico \u00e0 mesa privada, do monumental ao afetivo. \u201cA proposta deste ano foi trazer um item que tivesse reconhecimento imediato e conex\u00e3o com a cidade. A escolha do Athos Bulc\u00e3o fortalece esse v\u00ednculo e amplia o valor percebido do presente\u201d, afirma a gerente de marketing do\u00a0Taguatinga\u00a0shopping, Mayce Tranquillini. Saiba mais&#8230; Entre 30 de abril e 11 de maio, a campanha organiza-se de forma direta: a cada R$ 600 em compras, o cliente garante uma boleira exclusiva inspirada na obra de Athos Bulc\u00e3o; a cada R$ 400, recebe um cupom para os sorteios. Est\u00e3o em jogo 50 vouchers de R$ 500 para o Madero, com sorteios nos dias 9 e 13 de maio, al\u00e9m de um Citro\u00ebn Basalt 0km, que ser\u00e1 sorteado em 17 de junho. Notas fiscais do Madero pontuam em dobro, assim como a doa\u00e7\u00e3o de 1kg de alimento n\u00e3o perec\u00edvel. Toda a participa\u00e7\u00e3o acontece via aplicativo do shopping, com apoio presencial no Piso 3. O resgate do brinde \u00e9 limitado a uma unidade por CPF. Todos os detalhes no www.taguatingashopping.com.br Imagens: Divulga\u00e7\u00e3o","og_url":"https:\/\/lackman.com.br\/index.php\/2026\/04\/29\/dia-das-maes-com-afeto-e-athos-bulcao-no-tgs\/","og_site_name":"LACKMAN &amp; CO.","article_author":"https:\/\/www.facebook.com\/fernandolackman","article_published_time":"2026-04-29T03:04:05+00:00","og_image":[{"width":1017,"height":1024,"url":"http:\/\/lackman.com.br\/wp-content\/uploads\/2026\/04\/Maes-TGS-3-e1777431777440-1017x1024.png","type":"image\/png"}],"author":"Fernando Lackman","twitter_card":"summary_large_image","twitter_creator":"@fernandolackman","twitter_misc":{"Escrito por":"Fernando Lackman","Est. tempo de leitura":"3 minutos"},"schema":{"@context":"https:\/\/schema.org","@graph":[{"@type":"Article","@id":"https:\/\/lackman.com.br\/index.php\/2026\/04\/29\/dia-das-maes-com-afeto-e-athos-bulcao-no-tgs\/#article","isPartOf":{"@id":"https:\/\/lackman.com.br\/index.php\/2026\/04\/29\/dia-das-maes-com-afeto-e-athos-bulcao-no-tgs\/"},"author":{"name":"Fernando Lackman","@id":"https:\/\/lackman.com.br\/#\/schema\/person\/dbfb3fbfc55f2b0bd4f9039696e70858"},"headline":"Dia das M\u00e3es com afeto e Athos Bulc\u00e3o no TGS","datePublished":"2026-04-29T03:04:05+00:00","mainEntityOfPage":{"@id":"https:\/\/lackman.com.br\/index.php\/2026\/04\/29\/dia-das-maes-com-afeto-e-athos-bulcao-no-tgs\/"},"wordCount":330,"publisher":{"@id":"https:\/\/lackman.com.br\/#organization"},"image":{"@id":"https:\/\/lackman.com.br\/index.php\/2026\/04\/29\/dia-das-maes-com-afeto-e-athos-bulcao-no-tgs\/#primaryimage"},"thumbnailUrl":"https:\/\/lackman.com.br\/wp-content\/uploads\/2026\/04\/Maes-TGS-3-e1777431777440.png","keywords":["Athos Bulc\u00e3o","Dia das M\u00e3es","PROMO","promo\u00e7\u00e3o","TGS"],"articleSection":["Design","Especiais"],"inLanguage":"pt-BR"},{"@type":"WebPage","@id":"https:\/\/lackman.com.br\/index.php\/2026\/04\/29\/dia-das-maes-com-afeto-e-athos-bulcao-no-tgs\/","url":"https:\/\/lackman.com.br\/index.php\/2026\/04\/29\/dia-das-maes-com-afeto-e-athos-bulcao-no-tgs\/","name":"Dia das M\u00e3es com afeto e Athos Bulc\u00e3o no TGS - LACKMAN &amp; CO.","isPartOf":{"@id":"https:\/\/lackman.com.br\/#website"},"primaryImageOfPage":{"@id":"https:\/\/lackman.com.br\/index.php\/2026\/04\/29\/dia-das-maes-com-afeto-e-athos-bulcao-no-tgs\/#primaryimage"},"image":{"@id":"https:\/\/lackman.com.br\/index.php\/2026\/04\/29\/dia-das-maes-com-afeto-e-athos-bulcao-no-tgs\/#primaryimage"},"thumbnailUrl":"https:\/\/lackman.com.br\/wp-content\/uploads\/2026\/04\/Maes-TGS-3-e1777431777440.png","datePublished":"2026-04-29T03:04:05+00:00","breadcrumb":{"@id":"https:\/\/lackman.com.br\/index.php\/2026\/04\/29\/dia-das-maes-com-afeto-e-athos-bulcao-no-tgs\/#breadcrumb"},"inLanguage":"pt-BR","potentialAction":[{"@type":"ReadAction","target":["https:\/\/lackman.com.br\/index.php\/2026\/04\/29\/dia-das-maes-com-afeto-e-athos-bulcao-no-tgs\/"]}]},{"@type":"ImageObject","inLanguage":"pt-BR","@id":"https:\/\/lackman.com.br\/index.php\/2026\/04\/29\/dia-das-maes-com-afeto-e-athos-bulcao-no-tgs\/#primaryimage","url":"https:\/\/lackman.com.br\/wp-content\/uploads\/2026\/04\/Maes-TGS-3-e1777431777440.png","contentUrl":"https:\/\/lackman.com.br\/wp-content\/uploads\/2026\/04\/Maes-TGS-3-e1777431777440.png","width":1517,"height":1527},{"@type":"BreadcrumbList","@id":"https:\/\/lackman.com.br\/index.php\/2026\/04\/29\/dia-das-maes-com-afeto-e-athos-bulcao-no-tgs\/#breadcrumb","itemListElement":[{"@type":"ListItem","position":1,"name":"In\u00edcio","item":"https:\/\/lackman.com.br\/"},{"@type":"ListItem","position":2,"name":"Dia das M\u00e3es com afeto e Athos Bulc\u00e3o no TGS"}]},{"@type":"WebSite","@id":"https:\/\/lackman.com.br\/#website","url":"https:\/\/lackman.com.br\/","name":"LACKMAN &amp; CO.","description":"VIDA | MODA | ARTE","publisher":{"@id":"https:\/\/lackman.com.br\/#organization"},"potentialAction":[{"@type":"SearchAction","target":{"@type":"EntryPoint","urlTemplate":"https:\/\/lackman.com.br\/?s={search_term_string}"},"query-input":{"@type":"PropertyValueSpecification","valueRequired":true,"valueName":"search_term_string"}}],"inLanguage":"pt-BR"},{"@type":"Organization","@id":"https:\/\/lackman.com.br\/#organization","name":"LACKMAN &amp; CO.","url":"https:\/\/lackman.com.br\/","logo":{"@type":"ImageObject","inLanguage":"pt-BR","@id":"https:\/\/lackman.com.br\/#\/schema\/logo\/image\/","url":"https:\/\/lackman.com.br\/wp-content\/uploads\/2023\/06\/Logotipo_preto-1.png","contentUrl":"https:\/\/lackman.com.br\/wp-content\/uploads\/2023\/06\/Logotipo_preto-1.png","width":739,"height":393,"caption":"LACKMAN &amp; CO."},"image":{"@id":"https:\/\/lackman.com.br\/#\/schema\/logo\/image\/"}},{"@type":"Person","@id":"https:\/\/lackman.com.br\/#\/schema\/person\/dbfb3fbfc55f2b0bd4f9039696e70858","name":"Fernando Lackman","image":{"@type":"ImageObject","inLanguage":"pt-BR","@id":"https:\/\/lackman.com.br\/#\/schema\/person\/image\/","url":"https:\/\/secure.gravatar.com\/avatar\/ae7993150af197e66480c8a769891833dd2b8d809f0d9ff3f25af796cf378ce8?s=96&d=mm&r=g","contentUrl":"https:\/\/secure.gravatar.com\/avatar\/ae7993150af197e66480c8a769891833dd2b8d809f0d9ff3f25af796cf378ce8?s=96&d=mm&r=g","caption":"Fernando Lackman"},"description":"Fernando Lackman \u00e9 jornalista especializado em Moda e Cultura, editor do site LACKMAN.com.br. \u00c9 autor do livro Bras\u00edlia Capital dos Criadores, que conta a hist\u00f3ria da moda no Distrito Federal. Tem em seu curr\u00edculo assinatura de dire\u00e7\u00e3o criativa e de desfiles em eventos como Estilo DF Plaza, Summer Collections, JK Street Fashion, Desfile Beleza Negra (DBN), PicniK Fashion Show, Vogue Fashion\u2019s Night Out Bras\u00edlia, entre outros. Foi diretor criativo do extinto Capital Fashion Week. Atualmente trabalha na dire\u00e7\u00e3o criativa de eventos como Top CUFA, BSB Fashion Street, Bras\u00edlia Fashion House, Ateli\u00ea Bras\u00edlia e Goi\u00e1s Fashion Week.","sameAs":["https:\/\/lackman.com.br\/","https:\/\/www.facebook.com\/fernandolackman","https:\/\/www.instagram.com\/fernandolackman\/","https:\/\/www.linkedin.com\/in\/fernando-lackman\/","https:\/\/br.pinterest.com\/fernandolackman\/","https:\/\/x.com\/fernandolackman"],"url":"https:\/\/lackman.com.br\/index.php\/author\/fernando-lackman\/"}]}},"rttpg_featured_image_url":{"full":["https:\/\/lackman.com.br\/wp-content\/uploads\/2026\/04\/Maes-TGS-3-e1777431777440.png",1517,1527,false],"landscape":["https:\/\/lackman.com.br\/wp-content\/uploads\/2026\/04\/Maes-TGS-3-e1777431777440.png",1517,1527,false],"portraits":["https:\/\/lackman.com.br\/wp-content\/uploads\/2026\/04\/Maes-TGS-3-e1777431777440.png",1517,1527,false],"thumbnail":["https:\/\/lackman.com.br\/wp-content\/uploads\/2026\/04\/Maes-TGS-3-e1777431777440-150x150.png",150,150,true],"medium":["https:\/\/lackman.com.br\/wp-content\/uploads\/2026\/04\/Maes-TGS-3-e1777431777440-298x300.png",298,300,true],"large":["https:\/\/lackman.com.br\/wp-content\/uploads\/2026\/04\/Maes-TGS-3-e1777431777440-1017x1024.png",1017,1024,true],"RoboGalleryMansoryImagesCenter":["https:\/\/lackman.com.br\/wp-content\/uploads\/2026\/04\/Maes-TGS-3-e1777431777440-600x1024.png",600,1024,true],"RoboGalleryPreload":["https:\/\/lackman.com.br\/wp-content\/uploads\/2026\/04\/Maes-TGS-3-e1777431777440-100x101.png",100,101,true],"1536x1536":["https:\/\/lackman.com.br\/wp-content\/uploads\/2026\/04\/Maes-TGS-3-1536x1536.png",1536,1536,true],"2048x2048":["https:\/\/lackman.com.br\/wp-content\/uploads\/2026\/04\/Maes-TGS-3-e1777431777440.png",1517,1527,false]},"rttpg_author":{"display_name":"Fernando Lackman","author_link":"https:\/\/lackman.com.br\/index.php\/author\/fernando-lackman\/"},"rttpg_comment":0,"rttpg_category":"<a href=\"https:\/\/lackman.com.br\/index.php\/category\/arte\/design\/\" rel=\"category tag\">Design<\/a> <a href=\"https:\/\/lackman.com.br\/index.php\/category\/especiais\/\" rel=\"category tag\">Especiais<\/a>","rttpg_excerpt":"Taguatinga Shopping aposta em mem\u00f3ria afetiva e design brasiliense em campanha de Dia das M\u00e3es H\u00e1 campanhas que operam no autom\u00e1tico \u2014 e h\u00e1 aquelas que tocam em algo mais silencioso, quase \u00edntimo. A do Taguatinga Shopping, neste Dia das M\u00e3es, me parece caminhar nesse segundo lugar. N\u00e3o pela mec\u00e2nica, que \u00e9 clara, mas pelo&hellip;","_links":{"self":[{"href":"https:\/\/lackman.com.br\/index.php\/wp-json\/wp\/v2\/posts\/12503","targetHints":{"allow":["GET"]}}],"collection":[{"href":"https:\/\/lackman.com.br\/index.php\/wp-json\/wp\/v2\/posts"}],"about":[{"href":"https:\/\/lackman.com.br\/index.php\/wp-json\/wp\/v2\/types\/post"}],"author":[{"embeddable":true,"href":"https:\/\/lackman.com.br\/index.php\/wp-json\/wp\/v2\/users\/2"}],"replies":[{"embeddable":true,"href":"https:\/\/lackman.com.br\/index.php\/wp-json\/wp\/v2\/comments?post=12503"}],"version-history":[{"count":1,"href":"https:\/\/lackman.com.br\/index.php\/wp-json\/wp\/v2\/posts\/12503\/revisions"}],"predecessor-version":[{"id":12507,"href":"https:\/\/lackman.com.br\/index.php\/wp-json\/wp\/v2\/posts\/12503\/revisions\/12507"}],"wp:featuredmedia":[{"embeddable":true,"href":"https:\/\/lackman.com.br\/index.php\/wp-json\/wp\/v2\/media\/12505"}],"wp:attachment":[{"href":"https:\/\/lackman.com.br\/index.php\/wp-json\/wp\/v2\/media?parent=12503"}],"wp:term":[{"taxonomy":"category","embeddable":true,"href":"https:\/\/lackman.com.br\/index.php\/wp-json\/wp\/v2\/categories?post=12503"},{"taxonomy":"post_tag","embeddable":true,"href":"https:\/\/lackman.com.br\/index.php\/wp-json\/wp\/v2\/tags?post=12503"}],"curies":[{"name":"wp","href":"https:\/\/api.w.org\/{rel}","templated":true}]}}