{"id":12126,"date":"2026-03-16T21:20:17","date_gmt":"2026-03-17T00:20:17","guid":{"rendered":"https:\/\/lackman.com.br\/?p=12126"},"modified":"2026-03-16T22:03:28","modified_gmt":"2026-03-17T01:03:28","slug":"saude-arquitetura-e-qualidade-de-vida","status":"publish","type":"post","link":"https:\/\/lackman.com.br\/index.php\/2026\/03\/16\/saude-arquitetura-e-qualidade-de-vida\/","title":{"rendered":"Sa\u00fade, arquitetura e qualidade de vida"},"content":{"rendered":"<h5 style=\"font-weight: 400;text-align: justify\"><strong><em>Casapark Prime realiza o bate-papo que coloca o bem-estar como uma premissa da arquitetura e da decora\u00e7\u00e3o.<\/em><\/strong><\/h5>\n<p style=\"text-align: justify\">\n<p style=\"font-weight: 400;text-align: justify\">Em mar\u00e7o, o\u00a0<strong>Casapark\u00a0Prime<\/strong>, programa de relacionamento do\u00a0Casapark, retoma os encontros com especialistas de diferentes \u00e1reas do conhecimento voltados para arquitetos e designers de interiores. No dia\u00a0<strong>18 de mar\u00e7o, \u00e0s 18h30<\/strong>, no\u00a0<strong>Espa\u00e7o Casa,\u00a0<\/strong>acontece o\u00a0<strong>Casapark\u00a0Prime Talk<\/strong>\u00a0<strong>\u201cQuando a casa ajuda a dormir\u201d.\u00a0<\/strong>Realizado em parceria com o a<strong>\u00a0Atlas Colch\u00f5es, o evento\u00a0<\/strong>re\u00fane profissionais da sa\u00fade, arquitetura e bem-estar para discutir como o ambiente dom\u00e9stico pode influenciar a qualidade do sono e contribuir para uma vida mais saud\u00e1vel. Participam do encontro\u00a0<strong>Aliciane Mota, Carolina Cola\u00e7o, Cristiane Coelho, Danuska Tokarski, Giovanna Leal, Ruan Braga e S\u00e9rgio Leite<\/strong>.<\/p>\n<p style=\"font-weight: 400;text-align: justify\">Voltado principalmente para arquitetos e designers de interiores, o evento tamb\u00e9m \u00e9 aberto ao p\u00fablico interessado no tema, mediante inscri\u00e7\u00e3o pr\u00e9via e sujeito \u00e0 disponibilidade de vagas. A\u00a0entrada \u00e9 gratuita e o espa\u00e7o tem capacidade para\u00a0<strong>200 pessoas<\/strong>. As inscri\u00e7\u00f5es s\u00e3o feitas pelo\u00a0<strong><a href=\"https:\/\/www.sympla.com.br\/evento\/casapark-prime-talks-quando-a-casa-ajuda-a-dormir\/3340940\">Sympla<\/a>.<\/strong>\u00a0Para acompanhar a programa\u00e7\u00e3o completa, acesse\u00a0<strong>@casaparkprime<\/strong>\u00a0e\u00a0<a href=\"https:\/\/www.instagram.com\/casapark\/\"><strong>@casapark<\/strong><\/a>.<\/p>\n<p style=\"font-weight: 400;text-align: justify\">\u00a0<img fetchpriority=\"high\" decoding=\"async\" class=\"aligncenter wp-image-12129 size-full\" src=\"http:\/\/lackman.com.br\/wp-content\/uploads\/2026\/03\/SaveClip.App_628356511_18504935074076218_8485528463013843878_n.jpg\" alt=\"\" width=\"1080\" height=\"720\" srcset=\"https:\/\/lackman.com.br\/wp-content\/uploads\/2026\/03\/SaveClip.App_628356511_18504935074076218_8485528463013843878_n.jpg 1080w, https:\/\/lackman.com.br\/wp-content\/uploads\/2026\/03\/SaveClip.App_628356511_18504935074076218_8485528463013843878_n-300x200.jpg 300w, https:\/\/lackman.com.br\/wp-content\/uploads\/2026\/03\/SaveClip.App_628356511_18504935074076218_8485528463013843878_n-1024x683.jpg 1024w, https:\/\/lackman.com.br\/wp-content\/uploads\/2026\/03\/SaveClip.App_628356511_18504935074076218_8485528463013843878_n-768x512.jpg 768w, https:\/\/lackman.com.br\/wp-content\/uploads\/2026\/03\/SaveClip.App_628356511_18504935074076218_8485528463013843878_n-100x67.jpg 100w\" sizes=\"(max-width: 1080px) 100vw, 1080px\" \/><\/p>\n<p style=\"font-weight: 400;text-align: justify\">A conversa re\u00fane profissionais de diferentes \u00e1reas que pesquisam e atuam diretamente com o tema. Participam a\u00a0<strong>otorrinolaringologista Dra. Aliciane Mota<\/strong>, especialista em medicina do sono; a\u00a0<strong>neurologista e m\u00e9dica do sono Carolina Cola\u00e7o<\/strong>, professora de Neurologia da Universidade Cat\u00f3lica de Bras\u00edlia; a\u00a0<strong>psic\u00f3loga Danuska Tokarski<\/strong>, certificada em Psicologia do Sono pela Academia Brasileira do Sono; e o\u00a0<strong>fisioterapeuta S\u00e9rgio Leite<\/strong>, doutor em Ci\u00eancias M\u00e9dicas pela UnB. Tamb\u00e9m participam da conversa a\u00a0<strong>empres\u00e1ria Cristiane Coelho<\/strong>, CEO da Atlas Colch\u00f5es, com mais de 30 anos de experi\u00eancia no desenvolvimento de solu\u00e7\u00f5es voltadas ao descanso e ao bem-estar, e os arquitetos\u00a0<strong>Giovanna Leal<\/strong>, do escrit\u00f3rio GL Arquitetos, e\u00a0<strong>Ruan Braga<\/strong>, \u00e0 frente do Studio Ruan Braga, que trar\u00e3o a perspectiva da arquitetura e do design de interiores na constru\u00e7\u00e3o de ambientes que favore\u00e7am o descanso.<\/p>\n<p style=\"font-weight: 400;text-align: justify\">A arquitetura e a ci\u00eancia do sono t\u00eam se mostrado aliadas fundamentais na promo\u00e7\u00e3o do bem-estar e da qualidade de vida. O modo como os ambientes dom\u00e9sticos s\u00e3o concebidos \u2014 considerando aspectos como ilumina\u00e7\u00e3o, ventila\u00e7\u00e3o, escolha de materiais e organiza\u00e7\u00e3o dos espa\u00e7os \u2014 pode influenciar diretamente a qualidade do descanso e a recupera\u00e7\u00e3o do corpo e da mente. Ao integrar princ\u00edpios da arquitetura com o conhecimento cient\u00edfico sobre o sono, \u00e9 poss\u00edvel projetar casas que favore\u00e7am rotinas mais saud\u00e1veis e contribuam para noites verdadeiramente reparadoras<\/p>\n<p style=\"font-weight: 400;text-align: justify\">O talk\u00a0<strong>\u201c<em>Quando a casa ajuda a dormir<\/em>\u201d<\/strong>\u00a0acontece durante a\u00a0<strong>Semana do Sono<\/strong>, promovida pela\u00a0<strong>Associa\u00e7\u00e3o Brasileira do Sono (ABS)<\/strong>. O evento tem como objetivo levar \u00e0 popula\u00e7\u00e3o informa\u00e7\u00f5es qualificadas, novidades e as pesquisas mais recentes sobre a sa\u00fade do sono. Com o lema\u00a0<strong>\u201cDurma bem: viva melhor\u201d<\/strong>, a Semana do Sono \u00e9 realizada em diversos estados do Brasil.<\/p>\n<p style=\"font-weight: 400;text-align: justify\"><em><strong>Sobre os participantes<\/strong><\/em><\/p>\n<figure id=\"attachment_12128\" aria-describedby=\"caption-attachment-12128\" style=\"width: 1080px\" class=\"wp-caption aligncenter\"><img decoding=\"async\" class=\"wp-image-12128 size-full\" src=\"http:\/\/lackman.com.br\/wp-content\/uploads\/2026\/03\/Copia-de-LookANONOVO.jpg\" alt=\"\" width=\"1080\" height=\"566\" srcset=\"https:\/\/lackman.com.br\/wp-content\/uploads\/2026\/03\/Copia-de-LookANONOVO.jpg 1080w, https:\/\/lackman.com.br\/wp-content\/uploads\/2026\/03\/Copia-de-LookANONOVO-300x157.jpg 300w, https:\/\/lackman.com.br\/wp-content\/uploads\/2026\/03\/Copia-de-LookANONOVO-1024x537.jpg 1024w, https:\/\/lackman.com.br\/wp-content\/uploads\/2026\/03\/Copia-de-LookANONOVO-768x402.jpg 768w, https:\/\/lackman.com.br\/wp-content\/uploads\/2026\/03\/Copia-de-LookANONOVO-100x52.jpg 100w\" sizes=\"(max-width: 1080px) 100vw, 1080px\" \/><figcaption id=\"caption-attachment-12128\" class=\"wp-caption-text\">Carolina Cola\u00e7o, Ruan Braga e Cristiane Coelho est\u00e3o entre os participantes do talk<\/figcaption><\/figure>\n<p style=\"font-weight: 400;text-align: justify\"><strong>Aliciane Mota<\/strong>\u00a0\u2013 M\u00e9dica formada pela UFC, com especializa\u00e7\u00e3o em Otorrinolaringologia pela USP\u2013Bauru. Possui t\u00edtulo de especialista em Otorrinolaringologia e Cirurgia C\u00e9rvico-Facial pela ABORL e forma\u00e7\u00e3o em Medicina do Sono pela ABORL e pelo Instituto do Sono para adultos, crian\u00e7as e adolescentes. \u00c9 membra titular da ABORL, da IAPO (Interamerican Association of Pediatric Otorhinolaryngology) e da Sociedade Brasileira do Sono.<\/p>\n<p style=\"font-weight: 400;text-align: justify\"><strong>Carolina Cola\u00e7o<\/strong>\u00a0\u2013 Neurologista formada pela UFPR, m\u00e9dica do sono pela USP de S\u00e3o Paulo, membra titular da Academia Brasileira do Sono e professora de Neurologia da Universidade Cat\u00f3lica de Bras\u00edlia.<\/p>\n<p style=\"font-weight: 400;text-align: justify\"><strong>Cristiane Coelho<\/strong>\u00a0\u2013 Empres\u00e1ria e CEO da Atlas Colch\u00f5es, com mais de 30 anos de experi\u00eancia no segmento. Lidera a pesquisa e o desenvolvimento de colch\u00f5es e acess\u00f3rios da marca, unindo tecnologia, inova\u00e7\u00e3o e princ\u00edpios da medicina do sono para promover mais sa\u00fade e bem-estar.<\/p>\n<p style=\"font-weight: 400;text-align: justify\"><strong>Danuska Tokarski<\/strong>\u00a0\u2013 Psic\u00f3loga pela Universidade de Bras\u00edlia (UnB), certificada em Psicologia do Sono pela Academia Brasileira do Sono (ABS) e pela Sociedade Brasileira de Psicologia (SBP). \u00c9 membro da Sociedade Brasileira do Sono, secret\u00e1ria da ABS-DF nos bi\u00eanios 2022\/23 e 2024\/25, e possui forma\u00e7\u00e3o em EMDR pelo IABAPT.<\/p>\n<p style=\"font-weight: 400;text-align: justify\"><strong>Giovanna Leal<\/strong>\u00a0\u2013 Arquiteta \u00e0 frente do escrit\u00f3rio GL Arquitetos, onde desenvolve projetos residenciais de alto padr\u00e3o com abordagem autoral, unindo sofistica\u00e7\u00e3o, funcionalidade e a experi\u00eancia do morar. Atua tamb\u00e9m como mentora de arquitetos, compartilhando processos e estrat\u00e9gias de gest\u00e3o para escrit\u00f3rios de arquitetura.<\/p>\n<p style=\"font-weight: 400;text-align: justify\"><strong>Ruan Braga<\/strong>\u00a0\u2013 Arquiteto com mais de 20 anos de trajet\u00f3ria dedicada \u00e0 arquitetura de alto padr\u00e3o e fundador do Studio Ruan Braga. O escrit\u00f3rio re\u00fane um portf\u00f3lio de projetos residenciais e comerciais marcados pelo equil\u00edbrio entre est\u00e9tica e funcionalidade, com foco na escuta dos h\u00e1bitos e da din\u00e2mica de quem vive os espa\u00e7os.<\/p>\n<p style=\"font-weight: 400;text-align: justify\"><strong>Sergio Leite<\/strong>\u00a0\u00e9 fisioterapeuta formado pela UFRN, especialista em Fisioterapia Respirat\u00f3ria pela UnB, mestre em Ci\u00eancias da Sa\u00fade pela UnB e doutor em Ci\u00eancias M\u00e9dicas pela mesma institui\u00e7\u00e3o. \u00c9 tamb\u00e9m diretor da empresa Complemento SleepCare.<\/p>\n<p><em><strong>Vamos falar de bem-estar?<\/strong><\/em><\/p>\n<p style=\"font-weight: 400;text-align: justify\"><strong>Casapark Prime Talks &#8211;\u00a0\u201c<em>Quando a casa ajuda a dormir<\/em>\u201d<\/strong> \/ Com Aliciane Mota, Carolina Cola\u00e7o, Cristiane Coelho, Danuska Tokarski, Giovanna Leal, Ruan Braga S\u00e9rgio Leite \/\u00a0Espa\u00e7o Casa &#8211; Mezanino da Livraria da Travessa , Piso Superior, Casapark \/ Dia 18 de mar\u00e7o &#8211; 18h30 \/\u00a0Ingressos no <a href=\"https:\/\/www.sympla.com.br\/evento\/casapark-prime-talks-quando-a-casa-ajuda-a-dormir\/3340940\">Sympla<\/a> \/ Inscri\u00e7\u00e3o Gratuita<strong> \/\u00a0<\/strong>Siga: <a href=\"https:\/\/www.instagram.com\/casaparkprime\/\">@casaparkprime<\/a> e <a href=\"https:\/\/www.instagram.com\/casapark\/\">@casapark<\/a><\/p>\n<p style=\"text-align: justify\">\n<pre>Fotos: Divulga\u00e7\u00e3o<\/pre>\n","protected":false},"excerpt":{"rendered":"<p>Casapark Prime realiza o bate-papo que coloca o bem-estar como uma premissa da arquitetura e da decora\u00e7\u00e3o. Em mar\u00e7o, o\u00a0Casapark\u00a0Prime, programa de relacionamento do\u00a0Casapark, retoma os encontros com especialistas de diferentes \u00e1reas do conhecimento voltados para arquitetos e designers de interiores. No dia\u00a018 de mar\u00e7o, \u00e0s 18h30, no\u00a0Espa\u00e7o Casa,\u00a0acontece o\u00a0Casapark\u00a0Prime Talk\u00a0\u201cQuando a casa ajuda a dormir\u201d.\u00a0Realizado em parceria com o a\u00a0Atlas Colch\u00f5es, o evento\u00a0re\u00fane profissionais da sa\u00fade, arquitetura e bem-estar para discutir como o ambiente dom\u00e9stico pode influenciar a qualidade do sono e contribuir para uma vida mais saud\u00e1vel. Participam do encontro\u00a0Aliciane Mota, Carolina Cola\u00e7o, Cristiane Coelho, Danuska Tokarski, Giovanna Leal, Ruan Braga e S\u00e9rgio Leite. Voltado principalmente para arquitetos e designers de interiores, o evento tamb\u00e9m \u00e9 aberto ao p\u00fablico interessado no tema, mediante inscri\u00e7\u00e3o pr\u00e9via e sujeito \u00e0 disponibilidade de vagas. A\u00a0entrada \u00e9 gratuita e o espa\u00e7o tem capacidade para\u00a0200 pessoas. As inscri\u00e7\u00f5es s\u00e3o feitas pelo\u00a0Sympla.\u00a0Para acompanhar a programa\u00e7\u00e3o completa, acesse\u00a0@casaparkprime\u00a0e\u00a0@casapark. \u00a0 A conversa re\u00fane profissionais de diferentes \u00e1reas que pesquisam e atuam diretamente com o tema. Participam a\u00a0otorrinolaringologista Dra. Aliciane Mota, especialista em medicina do sono; a\u00a0neurologista e m\u00e9dica do sono Carolina Cola\u00e7o, professora de Neurologia da Universidade Cat\u00f3lica de Bras\u00edlia; a\u00a0psic\u00f3loga Danuska Tokarski, certificada em Psicologia do Sono pela Academia Brasileira do Sono; e o\u00a0fisioterapeuta S\u00e9rgio Leite, doutor em Ci\u00eancias M\u00e9dicas pela UnB. Tamb\u00e9m participam da conversa a\u00a0empres\u00e1ria Cristiane Coelho, CEO da Atlas Colch\u00f5es, com mais de 30 anos de experi\u00eancia no desenvolvimento de solu\u00e7\u00f5es voltadas ao descanso e ao bem-estar, e os arquitetos\u00a0Giovanna Leal, do escrit\u00f3rio GL Arquitetos, e\u00a0Ruan Braga, \u00e0 frente do Studio Ruan Braga, que trar\u00e3o a perspectiva da arquitetura e do design de interiores na constru\u00e7\u00e3o de ambientes que favore\u00e7am o descanso. A arquitetura e a ci\u00eancia do sono t\u00eam se mostrado aliadas fundamentais na promo\u00e7\u00e3o do bem-estar e da qualidade de vida. O modo como os ambientes dom\u00e9sticos s\u00e3o concebidos \u2014 considerando aspectos como ilumina\u00e7\u00e3o, ventila\u00e7\u00e3o, escolha de materiais e organiza\u00e7\u00e3o dos espa\u00e7os \u2014 pode influenciar diretamente a qualidade do descanso e a recupera\u00e7\u00e3o do corpo e da mente. Ao integrar princ\u00edpios da arquitetura com o conhecimento cient\u00edfico sobre o sono, \u00e9 poss\u00edvel projetar casas que favore\u00e7am rotinas mais saud\u00e1veis e contribuam para noites verdadeiramente reparadoras O talk\u00a0\u201cQuando a casa ajuda a dormir\u201d\u00a0acontece durante a\u00a0Semana do Sono, promovida pela\u00a0Associa\u00e7\u00e3o Brasileira do Sono (ABS). O evento tem como objetivo levar \u00e0 popula\u00e7\u00e3o informa\u00e7\u00f5es qualificadas, novidades e as pesquisas mais recentes sobre a sa\u00fade do sono. Com o lema\u00a0\u201cDurma bem: viva melhor\u201d, a Semana do Sono \u00e9 realizada em diversos estados do Brasil. Sobre os participantes Aliciane Mota\u00a0\u2013 M\u00e9dica formada pela UFC, com especializa\u00e7\u00e3o em Otorrinolaringologia pela USP\u2013Bauru. Possui t\u00edtulo de especialista em Otorrinolaringologia e Cirurgia C\u00e9rvico-Facial pela ABORL e forma\u00e7\u00e3o em Medicina do Sono pela ABORL e pelo Instituto do Sono para adultos, crian\u00e7as e adolescentes. \u00c9 membra titular da ABORL, da IAPO (Interamerican Association of Pediatric Otorhinolaryngology) e da Sociedade Brasileira do Sono. Carolina Cola\u00e7o\u00a0\u2013 Neurologista formada pela UFPR, m\u00e9dica do sono pela USP de S\u00e3o Paulo, membra titular da Academia Brasileira do Sono e professora de Neurologia da Universidade Cat\u00f3lica de Bras\u00edlia. Cristiane Coelho\u00a0\u2013 Empres\u00e1ria e CEO da Atlas Colch\u00f5es, com mais de 30 anos de experi\u00eancia no segmento. Lidera a pesquisa e o desenvolvimento de colch\u00f5es e acess\u00f3rios da marca, unindo tecnologia, inova\u00e7\u00e3o e princ\u00edpios da medicina do sono para promover mais sa\u00fade e bem-estar. Danuska Tokarski\u00a0\u2013 Psic\u00f3loga pela Universidade de Bras\u00edlia (UnB), certificada em Psicologia do Sono pela Academia Brasileira do Sono (ABS) e pela Sociedade Brasileira de Psicologia (SBP). \u00c9 membro da Sociedade Brasileira do Sono, secret\u00e1ria da ABS-DF nos bi\u00eanios 2022\/23 e 2024\/25, e possui forma\u00e7\u00e3o em EMDR pelo IABAPT. Giovanna Leal\u00a0\u2013 Arquiteta \u00e0 frente do escrit\u00f3rio GL Arquitetos, onde desenvolve projetos residenciais de alto padr\u00e3o com abordagem autoral, unindo sofistica\u00e7\u00e3o, funcionalidade e a experi\u00eancia do morar. Atua tamb\u00e9m como mentora de arquitetos, compartilhando processos e estrat\u00e9gias de gest\u00e3o para escrit\u00f3rios de arquitetura. Ruan Braga\u00a0\u2013 Arquiteto com mais de 20 anos de trajet\u00f3ria dedicada \u00e0 arquitetura de alto padr\u00e3o e fundador do Studio Ruan Braga. O escrit\u00f3rio re\u00fane um portf\u00f3lio de projetos residenciais e comerciais marcados pelo equil\u00edbrio entre est\u00e9tica e funcionalidade, com foco na escuta dos h\u00e1bitos e da din\u00e2mica de quem vive os espa\u00e7os. Sergio Leite\u00a0\u00e9 fisioterapeuta formado pela UFRN, especialista em Fisioterapia Respirat\u00f3ria pela UnB, mestre em Ci\u00eancias da Sa\u00fade pela UnB e doutor em Ci\u00eancias M\u00e9dicas pela mesma institui\u00e7\u00e3o. \u00c9 tamb\u00e9m diretor da empresa Complemento SleepCare. Vamos falar de bem-estar? Casapark Prime Talks &#8211;\u00a0\u201cQuando a casa ajuda a dormir\u201d \/ Com Aliciane Mota, Carolina Cola\u00e7o, Cristiane Coelho, Danuska Tokarski, Giovanna Leal, Ruan Braga S\u00e9rgio Leite \/\u00a0Espa\u00e7o Casa &#8211; Mezanino da Livraria da Travessa , Piso Superior, Casapark \/ Dia 18 de mar\u00e7o &#8211; 18h30 \/\u00a0Ingressos no Sympla \/ Inscri\u00e7\u00e3o Gratuita \/\u00a0Siga: @casaparkprime e @casapark Fotos: Divulga\u00e7\u00e3o<\/p>\n","protected":false},"author":6,"featured_media":12127,"comment_status":"closed","ping_status":"open","sticky":false,"template":"","format":"standard","meta":{"site-sidebar-layout":"default","site-content-layout":"","ast-site-content-layout":"default","site-content-style":"default","site-sidebar-style":"default","ast-global-header-display":"","ast-banner-title-visibility":"","ast-main-header-display":"","ast-hfb-above-header-display":"","ast-hfb-below-header-display":"","ast-hfb-mobile-header-display":"","site-post-title":"","ast-breadcrumbs-content":"","ast-featured-img":"","footer-sml-layout":"","ast-disable-related-posts":"","theme-transparent-header-meta":"default","adv-header-id-meta":"","stick-header-meta":"","header-above-stick-meta":"","header-main-stick-meta":"","header-below-stick-meta":"","astra-migrate-meta-layouts":"set","ast-page-background-enabled":"default","ast-page-background-meta":{"desktop":{"background-color":"","background-image":"","background-repeat":"repeat","background-position":"center center","background-size":"auto","background-attachment":"scroll","background-type":"","background-media":"","overlay-type":"","overlay-color":"","overlay-opacity":"","overlay-gradient":""},"tablet":{"background-color":"","background-image":"","background-repeat":"repeat","background-position":"center center","background-size":"auto","background-attachment":"scroll","background-type":"","background-media":"","overlay-type":"","overlay-color":"","overlay-opacity":"","overlay-gradient":""},"mobile":{"background-color":"","background-image":"","background-repeat":"repeat","background-position":"center center","background-size":"auto","background-attachment":"scroll","background-type":"","background-media":"","overlay-type":"","overlay-color":"","overlay-opacity":"","overlay-gradient":""}},"ast-content-background-meta":{"desktop":{"background-color":"var(--ast-global-color-5)","background-image":"","background-repeat":"repeat","background-position":"center center","background-size":"auto","background-attachment":"scroll","background-type":"","background-media":"","overlay-type":"","overlay-color":"","overlay-opacity":"","overlay-gradient":""},"tablet":{"background-color":"var(--ast-global-color-5)","background-image":"","background-repeat":"repeat","background-position":"center center","background-size":"auto","background-attachment":"scroll","background-type":"","background-media":"","overlay-type":"","overlay-color":"","overlay-opacity":"","overlay-gradient":""},"mobile":{"background-color":"var(--ast-global-color-5)","background-image":"","background-repeat":"repeat","background-position":"center center","background-size":"auto","background-attachment":"scroll","background-type":"","background-media":"","overlay-type":"","overlay-color":"","overlay-opacity":"","overlay-gradient":""}},"footnotes":""},"categories":[67,43],"tags":[],"class_list":["post-12126","post","type-post","status-publish","format-standard","has-post-thumbnail","hentry","category-design","category-perambulando"],"yoast_head":"<!-- This site is optimized with the Yoast SEO plugin v27.0 - https:\/\/yoast.com\/product\/yoast-seo-wordpress\/ -->\n<title>Sa\u00fade, arquitetura e qualidade de vida - LACKMAN &amp; CO.<\/title>\n<meta name=\"robots\" content=\"index, follow, max-snippet:-1, max-image-preview:large, max-video-preview:-1\" \/>\n<link rel=\"canonical\" href=\"https:\/\/lackman.com.br\/index.php\/2026\/03\/16\/saude-arquitetura-e-qualidade-de-vida\/\" \/>\n<meta property=\"og:locale\" content=\"pt_BR\" \/>\n<meta property=\"og:type\" content=\"article\" \/>\n<meta property=\"og:title\" content=\"Sa\u00fade, arquitetura e qualidade de vida - LACKMAN &amp; CO.\" \/>\n<meta property=\"og:description\" content=\"Casapark Prime realiza o bate-papo que coloca o bem-estar como uma premissa da arquitetura e da decora\u00e7\u00e3o. Em mar\u00e7o, o\u00a0Casapark\u00a0Prime, programa de relacionamento do\u00a0Casapark, retoma os encontros com especialistas de diferentes \u00e1reas do conhecimento voltados para arquitetos e designers de interiores. No dia\u00a018 de mar\u00e7o, \u00e0s 18h30, no\u00a0Espa\u00e7o Casa,\u00a0acontece o\u00a0Casapark\u00a0Prime Talk\u00a0\u201cQuando a casa ajuda a dormir\u201d.\u00a0Realizado em parceria com o a\u00a0Atlas Colch\u00f5es, o evento\u00a0re\u00fane profissionais da sa\u00fade, arquitetura e bem-estar para discutir como o ambiente dom\u00e9stico pode influenciar a qualidade do sono e contribuir para uma vida mais saud\u00e1vel. Participam do encontro\u00a0Aliciane Mota, Carolina Cola\u00e7o, Cristiane Coelho, Danuska Tokarski, Giovanna Leal, Ruan Braga e S\u00e9rgio Leite. Voltado principalmente para arquitetos e designers de interiores, o evento tamb\u00e9m \u00e9 aberto ao p\u00fablico interessado no tema, mediante inscri\u00e7\u00e3o pr\u00e9via e sujeito \u00e0 disponibilidade de vagas. A\u00a0entrada \u00e9 gratuita e o espa\u00e7o tem capacidade para\u00a0200 pessoas. As inscri\u00e7\u00f5es s\u00e3o feitas pelo\u00a0Sympla.\u00a0Para acompanhar a programa\u00e7\u00e3o completa, acesse\u00a0@casaparkprime\u00a0e\u00a0@casapark. \u00a0 A conversa re\u00fane profissionais de diferentes \u00e1reas que pesquisam e atuam diretamente com o tema. Participam a\u00a0otorrinolaringologista Dra. Aliciane Mota, especialista em medicina do sono; a\u00a0neurologista e m\u00e9dica do sono Carolina Cola\u00e7o, professora de Neurologia da Universidade Cat\u00f3lica de Bras\u00edlia; a\u00a0psic\u00f3loga Danuska Tokarski, certificada em Psicologia do Sono pela Academia Brasileira do Sono; e o\u00a0fisioterapeuta S\u00e9rgio Leite, doutor em Ci\u00eancias M\u00e9dicas pela UnB. Tamb\u00e9m participam da conversa a\u00a0empres\u00e1ria Cristiane Coelho, CEO da Atlas Colch\u00f5es, com mais de 30 anos de experi\u00eancia no desenvolvimento de solu\u00e7\u00f5es voltadas ao descanso e ao bem-estar, e os arquitetos\u00a0Giovanna Leal, do escrit\u00f3rio GL Arquitetos, e\u00a0Ruan Braga, \u00e0 frente do Studio Ruan Braga, que trar\u00e3o a perspectiva da arquitetura e do design de interiores na constru\u00e7\u00e3o de ambientes que favore\u00e7am o descanso. A arquitetura e a ci\u00eancia do sono t\u00eam se mostrado aliadas fundamentais na promo\u00e7\u00e3o do bem-estar e da qualidade de vida. O modo como os ambientes dom\u00e9sticos s\u00e3o concebidos \u2014 considerando aspectos como ilumina\u00e7\u00e3o, ventila\u00e7\u00e3o, escolha de materiais e organiza\u00e7\u00e3o dos espa\u00e7os \u2014 pode influenciar diretamente a qualidade do descanso e a recupera\u00e7\u00e3o do corpo e da mente. Ao integrar princ\u00edpios da arquitetura com o conhecimento cient\u00edfico sobre o sono, \u00e9 poss\u00edvel projetar casas que favore\u00e7am rotinas mais saud\u00e1veis e contribuam para noites verdadeiramente reparadoras O talk\u00a0\u201cQuando a casa ajuda a dormir\u201d\u00a0acontece durante a\u00a0Semana do Sono, promovida pela\u00a0Associa\u00e7\u00e3o Brasileira do Sono (ABS). O evento tem como objetivo levar \u00e0 popula\u00e7\u00e3o informa\u00e7\u00f5es qualificadas, novidades e as pesquisas mais recentes sobre a sa\u00fade do sono. Com o lema\u00a0\u201cDurma bem: viva melhor\u201d, a Semana do Sono \u00e9 realizada em diversos estados do Brasil. Sobre os participantes Aliciane Mota\u00a0\u2013 M\u00e9dica formada pela UFC, com especializa\u00e7\u00e3o em Otorrinolaringologia pela USP\u2013Bauru. Possui t\u00edtulo de especialista em Otorrinolaringologia e Cirurgia C\u00e9rvico-Facial pela ABORL e forma\u00e7\u00e3o em Medicina do Sono pela ABORL e pelo Instituto do Sono para adultos, crian\u00e7as e adolescentes. \u00c9 membra titular da ABORL, da IAPO (Interamerican Association of Pediatric Otorhinolaryngology) e da Sociedade Brasileira do Sono. Carolina Cola\u00e7o\u00a0\u2013 Neurologista formada pela UFPR, m\u00e9dica do sono pela USP de S\u00e3o Paulo, membra titular da Academia Brasileira do Sono e professora de Neurologia da Universidade Cat\u00f3lica de Bras\u00edlia. Cristiane Coelho\u00a0\u2013 Empres\u00e1ria e CEO da Atlas Colch\u00f5es, com mais de 30 anos de experi\u00eancia no segmento. Lidera a pesquisa e o desenvolvimento de colch\u00f5es e acess\u00f3rios da marca, unindo tecnologia, inova\u00e7\u00e3o e princ\u00edpios da medicina do sono para promover mais sa\u00fade e bem-estar. Danuska Tokarski\u00a0\u2013 Psic\u00f3loga pela Universidade de Bras\u00edlia (UnB), certificada em Psicologia do Sono pela Academia Brasileira do Sono (ABS) e pela Sociedade Brasileira de Psicologia (SBP). \u00c9 membro da Sociedade Brasileira do Sono, secret\u00e1ria da ABS-DF nos bi\u00eanios 2022\/23 e 2024\/25, e possui forma\u00e7\u00e3o em EMDR pelo IABAPT. Giovanna Leal\u00a0\u2013 Arquiteta \u00e0 frente do escrit\u00f3rio GL Arquitetos, onde desenvolve projetos residenciais de alto padr\u00e3o com abordagem autoral, unindo sofistica\u00e7\u00e3o, funcionalidade e a experi\u00eancia do morar. Atua tamb\u00e9m como mentora de arquitetos, compartilhando processos e estrat\u00e9gias de gest\u00e3o para escrit\u00f3rios de arquitetura. Ruan Braga\u00a0\u2013 Arquiteto com mais de 20 anos de trajet\u00f3ria dedicada \u00e0 arquitetura de alto padr\u00e3o e fundador do Studio Ruan Braga. O escrit\u00f3rio re\u00fane um portf\u00f3lio de projetos residenciais e comerciais marcados pelo equil\u00edbrio entre est\u00e9tica e funcionalidade, com foco na escuta dos h\u00e1bitos e da din\u00e2mica de quem vive os espa\u00e7os. Sergio Leite\u00a0\u00e9 fisioterapeuta formado pela UFRN, especialista em Fisioterapia Respirat\u00f3ria pela UnB, mestre em Ci\u00eancias da Sa\u00fade pela UnB e doutor em Ci\u00eancias M\u00e9dicas pela mesma institui\u00e7\u00e3o. \u00c9 tamb\u00e9m diretor da empresa Complemento SleepCare. Vamos falar de bem-estar? Casapark Prime Talks &#8211;\u00a0\u201cQuando a casa ajuda a dormir\u201d \/ Com Aliciane Mota, Carolina Cola\u00e7o, Cristiane Coelho, Danuska Tokarski, Giovanna Leal, Ruan Braga S\u00e9rgio Leite \/\u00a0Espa\u00e7o Casa &#8211; Mezanino da Livraria da Travessa , Piso Superior, Casapark \/ Dia 18 de mar\u00e7o &#8211; 18h30 \/\u00a0Ingressos no Sympla \/ Inscri\u00e7\u00e3o Gratuita \/\u00a0Siga: @casaparkprime e @casapark Fotos: Divulga\u00e7\u00e3o\" \/>\n<meta property=\"og:url\" content=\"https:\/\/lackman.com.br\/index.php\/2026\/03\/16\/saude-arquitetura-e-qualidade-de-vida\/\" \/>\n<meta property=\"og:site_name\" content=\"LACKMAN &amp; CO.\" \/>\n<meta property=\"article:published_time\" content=\"2026-03-17T00:20:17+00:00\" \/>\n<meta property=\"article:modified_time\" content=\"2026-03-17T01:03:28+00:00\" \/>\n<meta property=\"og:image\" content=\"http:\/\/lackman.com.br\/wp-content\/uploads\/2026\/03\/Casapark-Foto-Bruno-Aguiar-3-683x1024.png\" \/>\n\t<meta property=\"og:image:width\" content=\"683\" \/>\n\t<meta property=\"og:image:height\" content=\"1024\" \/>\n\t<meta property=\"og:image:type\" content=\"image\/png\" \/>\n<meta name=\"author\" content=\"Gilberto Evangelista - Colunista\" \/>\n<meta name=\"twitter:card\" content=\"summary_large_image\" \/>\n<meta name=\"twitter:label1\" content=\"Escrito por\" \/>\n\t<meta name=\"twitter:data1\" content=\"Gilberto Evangelista - Colunista\" \/>\n\t<meta name=\"twitter:label2\" content=\"Est. tempo de leitura\" \/>\n\t<meta name=\"twitter:data2\" content=\"6 minutos\" \/>\n<script type=\"application\/ld+json\" class=\"yoast-schema-graph\">{\"@context\":\"https:\/\/schema.org\",\"@graph\":[{\"@type\":\"Article\",\"@id\":\"https:\/\/lackman.com.br\/index.php\/2026\/03\/16\/saude-arquitetura-e-qualidade-de-vida\/#article\",\"isPartOf\":{\"@id\":\"https:\/\/lackman.com.br\/index.php\/2026\/03\/16\/saude-arquitetura-e-qualidade-de-vida\/\"},\"author\":{\"name\":\"Gilberto Evangelista - Colunista\",\"@id\":\"https:\/\/lackman.com.br\/#\/schema\/person\/8a2355f699593d21d4f0d25b69db5747\"},\"headline\":\"Sa\u00fade, arquitetura e qualidade de vida\",\"datePublished\":\"2026-03-17T00:20:17+00:00\",\"dateModified\":\"2026-03-17T01:03:28+00:00\",\"mainEntityOfPage\":{\"@id\":\"https:\/\/lackman.com.br\/index.php\/2026\/03\/16\/saude-arquitetura-e-qualidade-de-vida\/\"},\"wordCount\":938,\"publisher\":{\"@id\":\"https:\/\/lackman.com.br\/#organization\"},\"image\":{\"@id\":\"https:\/\/lackman.com.br\/index.php\/2026\/03\/16\/saude-arquitetura-e-qualidade-de-vida\/#primaryimage\"},\"thumbnailUrl\":\"https:\/\/lackman.com.br\/wp-content\/uploads\/2026\/03\/Casapark-Foto-Bruno-Aguiar-3.png\",\"articleSection\":[\"Design\",\"Perambulando\"],\"inLanguage\":\"pt-BR\"},{\"@type\":\"WebPage\",\"@id\":\"https:\/\/lackman.com.br\/index.php\/2026\/03\/16\/saude-arquitetura-e-qualidade-de-vida\/\",\"url\":\"https:\/\/lackman.com.br\/index.php\/2026\/03\/16\/saude-arquitetura-e-qualidade-de-vida\/\",\"name\":\"Sa\u00fade, arquitetura e qualidade de vida - LACKMAN &amp; CO.\",\"isPartOf\":{\"@id\":\"https:\/\/lackman.com.br\/#website\"},\"primaryImageOfPage\":{\"@id\":\"https:\/\/lackman.com.br\/index.php\/2026\/03\/16\/saude-arquitetura-e-qualidade-de-vida\/#primaryimage\"},\"image\":{\"@id\":\"https:\/\/lackman.com.br\/index.php\/2026\/03\/16\/saude-arquitetura-e-qualidade-de-vida\/#primaryimage\"},\"thumbnailUrl\":\"https:\/\/lackman.com.br\/wp-content\/uploads\/2026\/03\/Casapark-Foto-Bruno-Aguiar-3.png\",\"datePublished\":\"2026-03-17T00:20:17+00:00\",\"dateModified\":\"2026-03-17T01:03:28+00:00\",\"breadcrumb\":{\"@id\":\"https:\/\/lackman.com.br\/index.php\/2026\/03\/16\/saude-arquitetura-e-qualidade-de-vida\/#breadcrumb\"},\"inLanguage\":\"pt-BR\",\"potentialAction\":[{\"@type\":\"ReadAction\",\"target\":[\"https:\/\/lackman.com.br\/index.php\/2026\/03\/16\/saude-arquitetura-e-qualidade-de-vida\/\"]}]},{\"@type\":\"ImageObject\",\"inLanguage\":\"pt-BR\",\"@id\":\"https:\/\/lackman.com.br\/index.php\/2026\/03\/16\/saude-arquitetura-e-qualidade-de-vida\/#primaryimage\",\"url\":\"https:\/\/lackman.com.br\/wp-content\/uploads\/2026\/03\/Casapark-Foto-Bruno-Aguiar-3.png\",\"contentUrl\":\"https:\/\/lackman.com.br\/wp-content\/uploads\/2026\/03\/Casapark-Foto-Bruno-Aguiar-3.png\",\"width\":1680,\"height\":2520},{\"@type\":\"BreadcrumbList\",\"@id\":\"https:\/\/lackman.com.br\/index.php\/2026\/03\/16\/saude-arquitetura-e-qualidade-de-vida\/#breadcrumb\",\"itemListElement\":[{\"@type\":\"ListItem\",\"position\":1,\"name\":\"In\u00edcio\",\"item\":\"https:\/\/lackman.com.br\/\"},{\"@type\":\"ListItem\",\"position\":2,\"name\":\"Sa\u00fade, arquitetura e qualidade de vida\"}]},{\"@type\":\"WebSite\",\"@id\":\"https:\/\/lackman.com.br\/#website\",\"url\":\"https:\/\/lackman.com.br\/\",\"name\":\"LACKMAN &amp; CO.\",\"description\":\"VIDA | MODA | ARTE\",\"publisher\":{\"@id\":\"https:\/\/lackman.com.br\/#organization\"},\"potentialAction\":[{\"@type\":\"SearchAction\",\"target\":{\"@type\":\"EntryPoint\",\"urlTemplate\":\"https:\/\/lackman.com.br\/?s={search_term_string}\"},\"query-input\":{\"@type\":\"PropertyValueSpecification\",\"valueRequired\":true,\"valueName\":\"search_term_string\"}}],\"inLanguage\":\"pt-BR\"},{\"@type\":\"Organization\",\"@id\":\"https:\/\/lackman.com.br\/#organization\",\"name\":\"LACKMAN &amp; CO.\",\"url\":\"https:\/\/lackman.com.br\/\",\"logo\":{\"@type\":\"ImageObject\",\"inLanguage\":\"pt-BR\",\"@id\":\"https:\/\/lackman.com.br\/#\/schema\/logo\/image\/\",\"url\":\"https:\/\/lackman.com.br\/wp-content\/uploads\/2023\/06\/Logotipo_preto-1.png\",\"contentUrl\":\"https:\/\/lackman.com.br\/wp-content\/uploads\/2023\/06\/Logotipo_preto-1.png\",\"width\":739,\"height\":393,\"caption\":\"LACKMAN &amp; CO.\"},\"image\":{\"@id\":\"https:\/\/lackman.com.br\/#\/schema\/logo\/image\/\"}},{\"@type\":\"Person\",\"@id\":\"https:\/\/lackman.com.br\/#\/schema\/person\/8a2355f699593d21d4f0d25b69db5747\",\"name\":\"Gilberto Evangelista - Colunista\",\"image\":{\"@type\":\"ImageObject\",\"inLanguage\":\"pt-BR\",\"@id\":\"https:\/\/lackman.com.br\/#\/schema\/person\/image\/\",\"url\":\"https:\/\/secure.gravatar.com\/avatar\/cea9badf02f8a90f7a745f2cbea45fda61f65711ec015e2faf3809cca6337c28?s=96&d=mm&r=g\",\"contentUrl\":\"https:\/\/secure.gravatar.com\/avatar\/cea9badf02f8a90f7a745f2cbea45fda61f65711ec015e2faf3809cca6337c28?s=96&d=mm&r=g\",\"caption\":\"Gilberto Evangelista - Colunista\"},\"description\":\"Jornalista e globetrotter.\",\"url\":\"https:\/\/lackman.com.br\/index.php\/author\/gilberto-brito\/\"}]}<\/script>\n<!-- \/ Yoast SEO plugin. -->","yoast_head_json":{"title":"Sa\u00fade, arquitetura e qualidade de vida - LACKMAN &amp; CO.","robots":{"index":"index","follow":"follow","max-snippet":"max-snippet:-1","max-image-preview":"max-image-preview:large","max-video-preview":"max-video-preview:-1"},"canonical":"https:\/\/lackman.com.br\/index.php\/2026\/03\/16\/saude-arquitetura-e-qualidade-de-vida\/","og_locale":"pt_BR","og_type":"article","og_title":"Sa\u00fade, arquitetura e qualidade de vida - LACKMAN &amp; CO.","og_description":"Casapark Prime realiza o bate-papo que coloca o bem-estar como uma premissa da arquitetura e da decora\u00e7\u00e3o. Em mar\u00e7o, o\u00a0Casapark\u00a0Prime, programa de relacionamento do\u00a0Casapark, retoma os encontros com especialistas de diferentes \u00e1reas do conhecimento voltados para arquitetos e designers de interiores. No dia\u00a018 de mar\u00e7o, \u00e0s 18h30, no\u00a0Espa\u00e7o Casa,\u00a0acontece o\u00a0Casapark\u00a0Prime Talk\u00a0\u201cQuando a casa ajuda a dormir\u201d.\u00a0Realizado em parceria com o a\u00a0Atlas Colch\u00f5es, o evento\u00a0re\u00fane profissionais da sa\u00fade, arquitetura e bem-estar para discutir como o ambiente dom\u00e9stico pode influenciar a qualidade do sono e contribuir para uma vida mais saud\u00e1vel. Participam do encontro\u00a0Aliciane Mota, Carolina Cola\u00e7o, Cristiane Coelho, Danuska Tokarski, Giovanna Leal, Ruan Braga e S\u00e9rgio Leite. Voltado principalmente para arquitetos e designers de interiores, o evento tamb\u00e9m \u00e9 aberto ao p\u00fablico interessado no tema, mediante inscri\u00e7\u00e3o pr\u00e9via e sujeito \u00e0 disponibilidade de vagas. A\u00a0entrada \u00e9 gratuita e o espa\u00e7o tem capacidade para\u00a0200 pessoas. As inscri\u00e7\u00f5es s\u00e3o feitas pelo\u00a0Sympla.\u00a0Para acompanhar a programa\u00e7\u00e3o completa, acesse\u00a0@casaparkprime\u00a0e\u00a0@casapark. \u00a0 A conversa re\u00fane profissionais de diferentes \u00e1reas que pesquisam e atuam diretamente com o tema. Participam a\u00a0otorrinolaringologista Dra. Aliciane Mota, especialista em medicina do sono; a\u00a0neurologista e m\u00e9dica do sono Carolina Cola\u00e7o, professora de Neurologia da Universidade Cat\u00f3lica de Bras\u00edlia; a\u00a0psic\u00f3loga Danuska Tokarski, certificada em Psicologia do Sono pela Academia Brasileira do Sono; e o\u00a0fisioterapeuta S\u00e9rgio Leite, doutor em Ci\u00eancias M\u00e9dicas pela UnB. Tamb\u00e9m participam da conversa a\u00a0empres\u00e1ria Cristiane Coelho, CEO da Atlas Colch\u00f5es, com mais de 30 anos de experi\u00eancia no desenvolvimento de solu\u00e7\u00f5es voltadas ao descanso e ao bem-estar, e os arquitetos\u00a0Giovanna Leal, do escrit\u00f3rio GL Arquitetos, e\u00a0Ruan Braga, \u00e0 frente do Studio Ruan Braga, que trar\u00e3o a perspectiva da arquitetura e do design de interiores na constru\u00e7\u00e3o de ambientes que favore\u00e7am o descanso. A arquitetura e a ci\u00eancia do sono t\u00eam se mostrado aliadas fundamentais na promo\u00e7\u00e3o do bem-estar e da qualidade de vida. O modo como os ambientes dom\u00e9sticos s\u00e3o concebidos \u2014 considerando aspectos como ilumina\u00e7\u00e3o, ventila\u00e7\u00e3o, escolha de materiais e organiza\u00e7\u00e3o dos espa\u00e7os \u2014 pode influenciar diretamente a qualidade do descanso e a recupera\u00e7\u00e3o do corpo e da mente. Ao integrar princ\u00edpios da arquitetura com o conhecimento cient\u00edfico sobre o sono, \u00e9 poss\u00edvel projetar casas que favore\u00e7am rotinas mais saud\u00e1veis e contribuam para noites verdadeiramente reparadoras O talk\u00a0\u201cQuando a casa ajuda a dormir\u201d\u00a0acontece durante a\u00a0Semana do Sono, promovida pela\u00a0Associa\u00e7\u00e3o Brasileira do Sono (ABS). O evento tem como objetivo levar \u00e0 popula\u00e7\u00e3o informa\u00e7\u00f5es qualificadas, novidades e as pesquisas mais recentes sobre a sa\u00fade do sono. Com o lema\u00a0\u201cDurma bem: viva melhor\u201d, a Semana do Sono \u00e9 realizada em diversos estados do Brasil. Sobre os participantes Aliciane Mota\u00a0\u2013 M\u00e9dica formada pela UFC, com especializa\u00e7\u00e3o em Otorrinolaringologia pela USP\u2013Bauru. Possui t\u00edtulo de especialista em Otorrinolaringologia e Cirurgia C\u00e9rvico-Facial pela ABORL e forma\u00e7\u00e3o em Medicina do Sono pela ABORL e pelo Instituto do Sono para adultos, crian\u00e7as e adolescentes. \u00c9 membra titular da ABORL, da IAPO (Interamerican Association of Pediatric Otorhinolaryngology) e da Sociedade Brasileira do Sono. Carolina Cola\u00e7o\u00a0\u2013 Neurologista formada pela UFPR, m\u00e9dica do sono pela USP de S\u00e3o Paulo, membra titular da Academia Brasileira do Sono e professora de Neurologia da Universidade Cat\u00f3lica de Bras\u00edlia. Cristiane Coelho\u00a0\u2013 Empres\u00e1ria e CEO da Atlas Colch\u00f5es, com mais de 30 anos de experi\u00eancia no segmento. Lidera a pesquisa e o desenvolvimento de colch\u00f5es e acess\u00f3rios da marca, unindo tecnologia, inova\u00e7\u00e3o e princ\u00edpios da medicina do sono para promover mais sa\u00fade e bem-estar. Danuska Tokarski\u00a0\u2013 Psic\u00f3loga pela Universidade de Bras\u00edlia (UnB), certificada em Psicologia do Sono pela Academia Brasileira do Sono (ABS) e pela Sociedade Brasileira de Psicologia (SBP). \u00c9 membro da Sociedade Brasileira do Sono, secret\u00e1ria da ABS-DF nos bi\u00eanios 2022\/23 e 2024\/25, e possui forma\u00e7\u00e3o em EMDR pelo IABAPT. Giovanna Leal\u00a0\u2013 Arquiteta \u00e0 frente do escrit\u00f3rio GL Arquitetos, onde desenvolve projetos residenciais de alto padr\u00e3o com abordagem autoral, unindo sofistica\u00e7\u00e3o, funcionalidade e a experi\u00eancia do morar. Atua tamb\u00e9m como mentora de arquitetos, compartilhando processos e estrat\u00e9gias de gest\u00e3o para escrit\u00f3rios de arquitetura. Ruan Braga\u00a0\u2013 Arquiteto com mais de 20 anos de trajet\u00f3ria dedicada \u00e0 arquitetura de alto padr\u00e3o e fundador do Studio Ruan Braga. O escrit\u00f3rio re\u00fane um portf\u00f3lio de projetos residenciais e comerciais marcados pelo equil\u00edbrio entre est\u00e9tica e funcionalidade, com foco na escuta dos h\u00e1bitos e da din\u00e2mica de quem vive os espa\u00e7os. Sergio Leite\u00a0\u00e9 fisioterapeuta formado pela UFRN, especialista em Fisioterapia Respirat\u00f3ria pela UnB, mestre em Ci\u00eancias da Sa\u00fade pela UnB e doutor em Ci\u00eancias M\u00e9dicas pela mesma institui\u00e7\u00e3o. \u00c9 tamb\u00e9m diretor da empresa Complemento SleepCare. Vamos falar de bem-estar? Casapark Prime Talks &#8211;\u00a0\u201cQuando a casa ajuda a dormir\u201d \/ Com Aliciane Mota, Carolina Cola\u00e7o, Cristiane Coelho, Danuska Tokarski, Giovanna Leal, Ruan Braga S\u00e9rgio Leite \/\u00a0Espa\u00e7o Casa &#8211; Mezanino da Livraria da Travessa , Piso Superior, Casapark \/ Dia 18 de mar\u00e7o &#8211; 18h30 \/\u00a0Ingressos no Sympla \/ Inscri\u00e7\u00e3o Gratuita \/\u00a0Siga: @casaparkprime e @casapark Fotos: Divulga\u00e7\u00e3o","og_url":"https:\/\/lackman.com.br\/index.php\/2026\/03\/16\/saude-arquitetura-e-qualidade-de-vida\/","og_site_name":"LACKMAN &amp; CO.","article_published_time":"2026-03-17T00:20:17+00:00","article_modified_time":"2026-03-17T01:03:28+00:00","og_image":[{"width":683,"height":1024,"url":"http:\/\/lackman.com.br\/wp-content\/uploads\/2026\/03\/Casapark-Foto-Bruno-Aguiar-3-683x1024.png","type":"image\/png"}],"author":"Gilberto Evangelista - Colunista","twitter_card":"summary_large_image","twitter_misc":{"Escrito por":"Gilberto Evangelista - Colunista","Est. tempo de leitura":"6 minutos"},"schema":{"@context":"https:\/\/schema.org","@graph":[{"@type":"Article","@id":"https:\/\/lackman.com.br\/index.php\/2026\/03\/16\/saude-arquitetura-e-qualidade-de-vida\/#article","isPartOf":{"@id":"https:\/\/lackman.com.br\/index.php\/2026\/03\/16\/saude-arquitetura-e-qualidade-de-vida\/"},"author":{"name":"Gilberto Evangelista - Colunista","@id":"https:\/\/lackman.com.br\/#\/schema\/person\/8a2355f699593d21d4f0d25b69db5747"},"headline":"Sa\u00fade, arquitetura e qualidade de vida","datePublished":"2026-03-17T00:20:17+00:00","dateModified":"2026-03-17T01:03:28+00:00","mainEntityOfPage":{"@id":"https:\/\/lackman.com.br\/index.php\/2026\/03\/16\/saude-arquitetura-e-qualidade-de-vida\/"},"wordCount":938,"publisher":{"@id":"https:\/\/lackman.com.br\/#organization"},"image":{"@id":"https:\/\/lackman.com.br\/index.php\/2026\/03\/16\/saude-arquitetura-e-qualidade-de-vida\/#primaryimage"},"thumbnailUrl":"https:\/\/lackman.com.br\/wp-content\/uploads\/2026\/03\/Casapark-Foto-Bruno-Aguiar-3.png","articleSection":["Design","Perambulando"],"inLanguage":"pt-BR"},{"@type":"WebPage","@id":"https:\/\/lackman.com.br\/index.php\/2026\/03\/16\/saude-arquitetura-e-qualidade-de-vida\/","url":"https:\/\/lackman.com.br\/index.php\/2026\/03\/16\/saude-arquitetura-e-qualidade-de-vida\/","name":"Sa\u00fade, arquitetura e qualidade de vida - LACKMAN &amp; CO.","isPartOf":{"@id":"https:\/\/lackman.com.br\/#website"},"primaryImageOfPage":{"@id":"https:\/\/lackman.com.br\/index.php\/2026\/03\/16\/saude-arquitetura-e-qualidade-de-vida\/#primaryimage"},"image":{"@id":"https:\/\/lackman.com.br\/index.php\/2026\/03\/16\/saude-arquitetura-e-qualidade-de-vida\/#primaryimage"},"thumbnailUrl":"https:\/\/lackman.com.br\/wp-content\/uploads\/2026\/03\/Casapark-Foto-Bruno-Aguiar-3.png","datePublished":"2026-03-17T00:20:17+00:00","dateModified":"2026-03-17T01:03:28+00:00","breadcrumb":{"@id":"https:\/\/lackman.com.br\/index.php\/2026\/03\/16\/saude-arquitetura-e-qualidade-de-vida\/#breadcrumb"},"inLanguage":"pt-BR","potentialAction":[{"@type":"ReadAction","target":["https:\/\/lackman.com.br\/index.php\/2026\/03\/16\/saude-arquitetura-e-qualidade-de-vida\/"]}]},{"@type":"ImageObject","inLanguage":"pt-BR","@id":"https:\/\/lackman.com.br\/index.php\/2026\/03\/16\/saude-arquitetura-e-qualidade-de-vida\/#primaryimage","url":"https:\/\/lackman.com.br\/wp-content\/uploads\/2026\/03\/Casapark-Foto-Bruno-Aguiar-3.png","contentUrl":"https:\/\/lackman.com.br\/wp-content\/uploads\/2026\/03\/Casapark-Foto-Bruno-Aguiar-3.png","width":1680,"height":2520},{"@type":"BreadcrumbList","@id":"https:\/\/lackman.com.br\/index.php\/2026\/03\/16\/saude-arquitetura-e-qualidade-de-vida\/#breadcrumb","itemListElement":[{"@type":"ListItem","position":1,"name":"In\u00edcio","item":"https:\/\/lackman.com.br\/"},{"@type":"ListItem","position":2,"name":"Sa\u00fade, arquitetura e qualidade de vida"}]},{"@type":"WebSite","@id":"https:\/\/lackman.com.br\/#website","url":"https:\/\/lackman.com.br\/","name":"LACKMAN &amp; CO.","description":"VIDA | MODA | ARTE","publisher":{"@id":"https:\/\/lackman.com.br\/#organization"},"potentialAction":[{"@type":"SearchAction","target":{"@type":"EntryPoint","urlTemplate":"https:\/\/lackman.com.br\/?s={search_term_string}"},"query-input":{"@type":"PropertyValueSpecification","valueRequired":true,"valueName":"search_term_string"}}],"inLanguage":"pt-BR"},{"@type":"Organization","@id":"https:\/\/lackman.com.br\/#organization","name":"LACKMAN &amp; CO.","url":"https:\/\/lackman.com.br\/","logo":{"@type":"ImageObject","inLanguage":"pt-BR","@id":"https:\/\/lackman.com.br\/#\/schema\/logo\/image\/","url":"https:\/\/lackman.com.br\/wp-content\/uploads\/2023\/06\/Logotipo_preto-1.png","contentUrl":"https:\/\/lackman.com.br\/wp-content\/uploads\/2023\/06\/Logotipo_preto-1.png","width":739,"height":393,"caption":"LACKMAN &amp; CO."},"image":{"@id":"https:\/\/lackman.com.br\/#\/schema\/logo\/image\/"}},{"@type":"Person","@id":"https:\/\/lackman.com.br\/#\/schema\/person\/8a2355f699593d21d4f0d25b69db5747","name":"Gilberto Evangelista - Colunista","image":{"@type":"ImageObject","inLanguage":"pt-BR","@id":"https:\/\/lackman.com.br\/#\/schema\/person\/image\/","url":"https:\/\/secure.gravatar.com\/avatar\/cea9badf02f8a90f7a745f2cbea45fda61f65711ec015e2faf3809cca6337c28?s=96&d=mm&r=g","contentUrl":"https:\/\/secure.gravatar.com\/avatar\/cea9badf02f8a90f7a745f2cbea45fda61f65711ec015e2faf3809cca6337c28?s=96&d=mm&r=g","caption":"Gilberto Evangelista - Colunista"},"description":"Jornalista e globetrotter.","url":"https:\/\/lackman.com.br\/index.php\/author\/gilberto-brito\/"}]}},"rttpg_featured_image_url":{"full":["https:\/\/lackman.com.br\/wp-content\/uploads\/2026\/03\/Casapark-Foto-Bruno-Aguiar-3.png",1680,2520,false],"landscape":["https:\/\/lackman.com.br\/wp-content\/uploads\/2026\/03\/Casapark-Foto-Bruno-Aguiar-3.png",1680,2520,false],"portraits":["https:\/\/lackman.com.br\/wp-content\/uploads\/2026\/03\/Casapark-Foto-Bruno-Aguiar-3.png",1680,2520,false],"thumbnail":["https:\/\/lackman.com.br\/wp-content\/uploads\/2026\/03\/Casapark-Foto-Bruno-Aguiar-3-150x150.png",150,150,true],"medium":["https:\/\/lackman.com.br\/wp-content\/uploads\/2026\/03\/Casapark-Foto-Bruno-Aguiar-3-200x300.png",200,300,true],"large":["https:\/\/lackman.com.br\/wp-content\/uploads\/2026\/03\/Casapark-Foto-Bruno-Aguiar-3-683x1024.png",683,1024,true],"RoboGalleryMansoryImagesCenter":["https:\/\/lackman.com.br\/wp-content\/uploads\/2026\/03\/Casapark-Foto-Bruno-Aguiar-3-600x1024.png",600,1024,true],"RoboGalleryPreload":["https:\/\/lackman.com.br\/wp-content\/uploads\/2026\/03\/Casapark-Foto-Bruno-Aguiar-3-100x150.png",100,150,true],"1536x1536":["https:\/\/lackman.com.br\/wp-content\/uploads\/2026\/03\/Casapark-Foto-Bruno-Aguiar-3-1024x1536.png",1024,1536,true],"2048x2048":["https:\/\/lackman.com.br\/wp-content\/uploads\/2026\/03\/Casapark-Foto-Bruno-Aguiar-3-1365x2048.png",1365,2048,true]},"rttpg_author":{"display_name":"Gilberto Evangelista - Colunista","author_link":"https:\/\/lackman.com.br\/index.php\/author\/gilberto-brito\/"},"rttpg_comment":0,"rttpg_category":"<a href=\"https:\/\/lackman.com.br\/index.php\/category\/arte\/design\/\" rel=\"category tag\">Design<\/a> <a href=\"https:\/\/lackman.com.br\/index.php\/category\/vida\/perambulando\/\" rel=\"category tag\">Perambulando<\/a>","rttpg_excerpt":"Casapark Prime realiza o bate-papo que coloca o bem-estar como uma premissa da arquitetura e da decora\u00e7\u00e3o. Em mar\u00e7o, o\u00a0Casapark\u00a0Prime, programa de relacionamento do\u00a0Casapark, retoma os encontros com especialistas de diferentes \u00e1reas do conhecimento voltados para arquitetos e designers de interiores. No dia\u00a018 de mar\u00e7o, \u00e0s 18h30, no\u00a0Espa\u00e7o Casa,\u00a0acontece o\u00a0Casapark\u00a0Prime Talk\u00a0\u201cQuando a casa ajuda a&hellip;","_links":{"self":[{"href":"https:\/\/lackman.com.br\/index.php\/wp-json\/wp\/v2\/posts\/12126","targetHints":{"allow":["GET"]}}],"collection":[{"href":"https:\/\/lackman.com.br\/index.php\/wp-json\/wp\/v2\/posts"}],"about":[{"href":"https:\/\/lackman.com.br\/index.php\/wp-json\/wp\/v2\/types\/post"}],"author":[{"embeddable":true,"href":"https:\/\/lackman.com.br\/index.php\/wp-json\/wp\/v2\/users\/6"}],"replies":[{"embeddable":true,"href":"https:\/\/lackman.com.br\/index.php\/wp-json\/wp\/v2\/comments?post=12126"}],"version-history":[{"count":1,"href":"https:\/\/lackman.com.br\/index.php\/wp-json\/wp\/v2\/posts\/12126\/revisions"}],"predecessor-version":[{"id":12130,"href":"https:\/\/lackman.com.br\/index.php\/wp-json\/wp\/v2\/posts\/12126\/revisions\/12130"}],"wp:featuredmedia":[{"embeddable":true,"href":"https:\/\/lackman.com.br\/index.php\/wp-json\/wp\/v2\/media\/12127"}],"wp:attachment":[{"href":"https:\/\/lackman.com.br\/index.php\/wp-json\/wp\/v2\/media?parent=12126"}],"wp:term":[{"taxonomy":"category","embeddable":true,"href":"https:\/\/lackman.com.br\/index.php\/wp-json\/wp\/v2\/categories?post=12126"},{"taxonomy":"post_tag","embeddable":true,"href":"https:\/\/lackman.com.br\/index.php\/wp-json\/wp\/v2\/tags?post=12126"}],"curies":[{"name":"wp","href":"https:\/\/api.w.org\/{rel}","templated":true}]}}