{"id":12100,"date":"2026-03-16T21:30:25","date_gmt":"2026-03-17T00:30:25","guid":{"rendered":"https:\/\/lackman.com.br\/?p=12100"},"modified":"2026-03-16T22:02:53","modified_gmt":"2026-03-17T01:02:53","slug":"foi-dada-a-largada-para-a-jetour-bsb","status":"publish","type":"post","link":"https:\/\/lackman.com.br\/index.php\/2026\/03\/16\/foi-dada-a-largada-para-a-jetour-bsb\/","title":{"rendered":"Foi dada a largada para a Jetour Bsb"},"content":{"rendered":"<h5 style=\"font-weight: 400;text-align: justify\"><em><b>Com coquetel prestigiado, marca chinesa promove noite de tecnologia e lan\u00e7amento em sua nova concession\u00e1ria na capital federal.<\/b><\/em><\/h5>\n<p>&nbsp;<\/p>\n<p style=\"font-weight: 400;text-align: justify\">A\u00a0<strong>JETOUR PRIMAVIA<\/strong> foi inaugurada na \u00faltima quinta-feira, 12 de mar\u00e7o. O evento marcou oficialmente a chegada da marca ao Complexo Primavia Aeroporto, no Lago Sul, em Bras\u00edlia-DF. Com o conceito \u201c<em>Desperte sua sede por aventura<\/em>\u201d, a noite foi dedicada \u00e0 apresenta\u00e7\u00e3o do universo Jetour, com SUVs h\u00edbridos plug-in com esp\u00edrito explorador, tecnologia de ponta e autonomia pensada para ir al\u00e9m das rotas tradicionais, revelando modelos aventureiros.<\/p>\n<p><img fetchpriority=\"high\" decoding=\"async\" class=\"aligncenter wp-image-12105 size-full\" src=\"http:\/\/lackman.com.br\/wp-content\/uploads\/2026\/03\/DSCF4673.jpg\" alt=\"\" width=\"1417\" height=\"945\" srcset=\"https:\/\/lackman.com.br\/wp-content\/uploads\/2026\/03\/DSCF4673.jpg 1417w, https:\/\/lackman.com.br\/wp-content\/uploads\/2026\/03\/DSCF4673-300x200.jpg 300w, https:\/\/lackman.com.br\/wp-content\/uploads\/2026\/03\/DSCF4673-1024x683.jpg 1024w, https:\/\/lackman.com.br\/wp-content\/uploads\/2026\/03\/DSCF4673-768x512.jpg 768w, https:\/\/lackman.com.br\/wp-content\/uploads\/2026\/03\/DSCF4673-100x67.jpg 100w\" sizes=\"(max-width: 1417px) 100vw, 1417px\" \/><\/p>\n<p style=\"font-weight: 400;text-align: justify\">No evento, os convidados puderam conhecer de perto os T1, T2 e S06, que chegam ao mercado brasileiro como parte da estrat\u00e9gia global da marca de expandir a presen\u00e7a com ve\u00edculos eletrificados e de alta efici\u00eancia na capital dos ve\u00edculos el\u00e9tricos. No novo espa\u00e7o, o p\u00fablico teve a oportunidade de explorar SUVs que est\u00e3o redefinindo o conceito de mobilidade no segmento, com a linha de h\u00edbridos plug-in presentes no showroom e condi\u00e7\u00f5es exclusivas de lan\u00e7amento.<\/p>\n<p style=\"font-weight: 400;text-align: justify\">Marca global, a companhia chinesa aposta na eletrifica\u00e7\u00e3o e em solu\u00e7\u00f5es tecnol\u00f3gicas capazes de oferecer maior autonomia, sustentabilidade, efici\u00eancia energ\u00e9tica e uma experi\u00eancia de condu\u00e7\u00e3o mais inteligente, combinando motor a combust\u00e3o e motores el\u00e9tricos em sistemas de \u00faltima gera\u00e7\u00e3o.<\/p>\n<p><img decoding=\"async\" class=\"aligncenter wp-image-12118 size-full\" src=\"http:\/\/lackman.com.br\/wp-content\/uploads\/2026\/03\/DSCF4670.jpg\" alt=\"\" width=\"1417\" height=\"945\" srcset=\"https:\/\/lackman.com.br\/wp-content\/uploads\/2026\/03\/DSCF4670.jpg 1417w, https:\/\/lackman.com.br\/wp-content\/uploads\/2026\/03\/DSCF4670-300x200.jpg 300w, https:\/\/lackman.com.br\/wp-content\/uploads\/2026\/03\/DSCF4670-1024x683.jpg 1024w, https:\/\/lackman.com.br\/wp-content\/uploads\/2026\/03\/DSCF4670-768x512.jpg 768w, https:\/\/lackman.com.br\/wp-content\/uploads\/2026\/03\/DSCF4670-100x67.jpg 100w\" sizes=\"(max-width: 1417px) 100vw, 1417px\" \/><\/p>\n<p><img decoding=\"async\" class=\"aligncenter wp-image-12108 size-full\" src=\"http:\/\/lackman.com.br\/wp-content\/uploads\/2026\/03\/DSCF4733.jpg\" alt=\"\" width=\"1417\" height=\"945\" srcset=\"https:\/\/lackman.com.br\/wp-content\/uploads\/2026\/03\/DSCF4733.jpg 1417w, https:\/\/lackman.com.br\/wp-content\/uploads\/2026\/03\/DSCF4733-300x200.jpg 300w, https:\/\/lackman.com.br\/wp-content\/uploads\/2026\/03\/DSCF4733-1024x683.jpg 1024w, https:\/\/lackman.com.br\/wp-content\/uploads\/2026\/03\/DSCF4733-768x512.jpg 768w, https:\/\/lackman.com.br\/wp-content\/uploads\/2026\/03\/DSCF4733-100x67.jpg 100w\" sizes=\"(max-width: 1417px) 100vw, 1417px\" \/><\/p>\n<p><img loading=\"lazy\" decoding=\"async\" class=\"aligncenter wp-image-12119 size-full\" src=\"http:\/\/lackman.com.br\/wp-content\/uploads\/2026\/03\/DSCF4678.jpg\" alt=\"\" width=\"945\" height=\"1417\" srcset=\"https:\/\/lackman.com.br\/wp-content\/uploads\/2026\/03\/DSCF4678.jpg 945w, https:\/\/lackman.com.br\/wp-content\/uploads\/2026\/03\/DSCF4678-200x300.jpg 200w, https:\/\/lackman.com.br\/wp-content\/uploads\/2026\/03\/DSCF4678-683x1024.jpg 683w, https:\/\/lackman.com.br\/wp-content\/uploads\/2026\/03\/DSCF4678-768x1152.jpg 768w, https:\/\/lackman.com.br\/wp-content\/uploads\/2026\/03\/DSCF4678-100x150.jpg 100w\" sizes=\"(max-width: 945px) 100vw, 945px\" \/><\/p>\n<p style=\"font-weight: 400;text-align: justify\">Jetour \u00e9 a mais nova marca do Grupo Primavia, nascido h\u00e1 31 anos na cidade de Una\u00ed, em Minas Gerais, e que desde ent\u00e3o vem construindo uma trajet\u00f3ria marcada por crescimento, inova\u00e7\u00e3o e compromisso com a excel\u00eancia. O que come\u00e7ou como uma opera\u00e7\u00e3o local tornou-se uma das maiores redes de concession\u00e1rias do pa\u00eds, representando com orgulho marcas de prest\u00edgio como OMODA JAECOO, FIAT, RENAULT, NISSAN, JEEP, RAM, PEUGEOT, CITRO\u00cbN, CHERY, YAMAHA, VENTURA EXPERIENCE, LEAPMOTOR e agora JETOUR.<\/p>\n<p><img loading=\"lazy\" decoding=\"async\" class=\"aligncenter wp-image-12106 size-full\" src=\"http:\/\/lackman.com.br\/wp-content\/uploads\/2026\/03\/DSCF4688.jpg\" alt=\"\" width=\"1417\" height=\"945\" srcset=\"https:\/\/lackman.com.br\/wp-content\/uploads\/2026\/03\/DSCF4688.jpg 1417w, https:\/\/lackman.com.br\/wp-content\/uploads\/2026\/03\/DSCF4688-300x200.jpg 300w, https:\/\/lackman.com.br\/wp-content\/uploads\/2026\/03\/DSCF4688-1024x683.jpg 1024w, https:\/\/lackman.com.br\/wp-content\/uploads\/2026\/03\/DSCF4688-768x512.jpg 768w, https:\/\/lackman.com.br\/wp-content\/uploads\/2026\/03\/DSCF4688-100x67.jpg 100w\" sizes=\"(max-width: 1417px) 100vw, 1417px\" \/><\/p>\n<p style=\"font-weight: 400;text-align: justify\">Com mais de 50 lojas distribu\u00eddas em 13 cidades nos estados de Minas Gerais, Goi\u00e1s, Bahia, Tocantins e no Distrito Federal, o Grupo Primavia tem como objetivo agregar competitividade \u00e0s concession\u00e1rias e proporcionar uma experi\u00eancia de compra e atendimento diferenciada. O crescimento ao longo dessas tr\u00eas d\u00e9cadas \u00e9 resultado de uma expans\u00e3o sustent\u00e1vel e de uma gest\u00e3o cada vez mais profissionalizada, pautada na busca constante por inova\u00e7\u00e3o e qualidade. Tr\u00eas d\u00e9cadas depois de sua funda\u00e7\u00e3o, o grupo segue em movimento, unindo tradi\u00e7\u00e3o e modernidade, consolidando-se como refer\u00eancia no setor automotivo e reafirmando seu compromisso com a qualidade, a confian\u00e7a e a satisfa\u00e7\u00e3o dos clientes que impulsionam essa hist\u00f3ria de sucesso.<\/p>\n<p>Confira alguns dos convidados presentes nessa noite especial pelas lentes deste fot\u00f3grafo\/colunista:<\/p>\n<figure id=\"attachment_12114\" aria-describedby=\"caption-attachment-12114\" style=\"width: 1417px\" class=\"wp-caption aligncenter\"><img loading=\"lazy\" decoding=\"async\" class=\"wp-image-12114 size-full\" src=\"http:\/\/lackman.com.br\/wp-content\/uploads\/2026\/03\/Maria-Clara-Elza-Maria-Jose-Carlos-e-Maria-Carolina-Dourado_01.jpg\" alt=\"\" width=\"1417\" height=\"945\" srcset=\"https:\/\/lackman.com.br\/wp-content\/uploads\/2026\/03\/Maria-Clara-Elza-Maria-Jose-Carlos-e-Maria-Carolina-Dourado_01.jpg 1417w, https:\/\/lackman.com.br\/wp-content\/uploads\/2026\/03\/Maria-Clara-Elza-Maria-Jose-Carlos-e-Maria-Carolina-Dourado_01-300x200.jpg 300w, https:\/\/lackman.com.br\/wp-content\/uploads\/2026\/03\/Maria-Clara-Elza-Maria-Jose-Carlos-e-Maria-Carolina-Dourado_01-1024x683.jpg 1024w, https:\/\/lackman.com.br\/wp-content\/uploads\/2026\/03\/Maria-Clara-Elza-Maria-Jose-Carlos-e-Maria-Carolina-Dourado_01-768x512.jpg 768w, https:\/\/lackman.com.br\/wp-content\/uploads\/2026\/03\/Maria-Clara-Elza-Maria-Jose-Carlos-e-Maria-Carolina-Dourado_01-100x67.jpg 100w\" sizes=\"(max-width: 1417px) 100vw, 1417px\" \/><figcaption id=\"caption-attachment-12114\" class=\"wp-caption-text\">Maria Clara, Elza Maria, Jos\u00e9 Carlos e Maria Carolina Dourado<\/figcaption><\/figure>\n<p><img loading=\"lazy\" decoding=\"async\" class=\"wp-image-12113 size-full\" style=\"font-style: inherit;font-weight: 600;text-align: center\" src=\"http:\/\/lackman.com.br\/wp-content\/uploads\/2026\/03\/Marcos-Chain-e-Eliane-Martins.jpg\" alt=\"\" width=\"1417\" height=\"945\" srcset=\"https:\/\/lackman.com.br\/wp-content\/uploads\/2026\/03\/Marcos-Chain-e-Eliane-Martins.jpg 1417w, https:\/\/lackman.com.br\/wp-content\/uploads\/2026\/03\/Marcos-Chain-e-Eliane-Martins-300x200.jpg 300w, https:\/\/lackman.com.br\/wp-content\/uploads\/2026\/03\/Marcos-Chain-e-Eliane-Martins-1024x683.jpg 1024w, https:\/\/lackman.com.br\/wp-content\/uploads\/2026\/03\/Marcos-Chain-e-Eliane-Martins-768x512.jpg 768w, https:\/\/lackman.com.br\/wp-content\/uploads\/2026\/03\/Marcos-Chain-e-Eliane-Martins-100x67.jpg 100w\" sizes=\"(max-width: 1417px) 100vw, 1417px\" \/><\/p>\n<p>Marcos Chain e Eliane Martins<\/p>\n<figure id=\"attachment_12101\" aria-describedby=\"caption-attachment-12101\" style=\"width: 1417px\" class=\"wp-caption aligncenter\"><img loading=\"lazy\" decoding=\"async\" class=\"wp-image-12101 size-full\" src=\"http:\/\/lackman.com.br\/wp-content\/uploads\/2026\/03\/Ana-e-Pedro-Guerra.jpg\" alt=\"\" width=\"1417\" height=\"945\" srcset=\"https:\/\/lackman.com.br\/wp-content\/uploads\/2026\/03\/Ana-e-Pedro-Guerra.jpg 1417w, https:\/\/lackman.com.br\/wp-content\/uploads\/2026\/03\/Ana-e-Pedro-Guerra-300x200.jpg 300w, https:\/\/lackman.com.br\/wp-content\/uploads\/2026\/03\/Ana-e-Pedro-Guerra-1024x683.jpg 1024w, https:\/\/lackman.com.br\/wp-content\/uploads\/2026\/03\/Ana-e-Pedro-Guerra-768x512.jpg 768w, https:\/\/lackman.com.br\/wp-content\/uploads\/2026\/03\/Ana-e-Pedro-Guerra-100x67.jpg 100w\" sizes=\"(max-width: 1417px) 100vw, 1417px\" \/><figcaption id=\"caption-attachment-12101\" class=\"wp-caption-text\">Ana e Pedro Guerra<\/figcaption><\/figure>\n<figure id=\"attachment_12102\" aria-describedby=\"caption-attachment-12102\" style=\"width: 1417px\" class=\"wp-caption aligncenter\"><img loading=\"lazy\" decoding=\"async\" class=\"wp-image-12102 size-full\" src=\"http:\/\/lackman.com.br\/wp-content\/uploads\/2026\/03\/Angela-Feitoza-e-Rafael-Vilela.jpg\" alt=\"\" width=\"1417\" height=\"945\" srcset=\"https:\/\/lackman.com.br\/wp-content\/uploads\/2026\/03\/Angela-Feitoza-e-Rafael-Vilela.jpg 1417w, https:\/\/lackman.com.br\/wp-content\/uploads\/2026\/03\/Angela-Feitoza-e-Rafael-Vilela-300x200.jpg 300w, https:\/\/lackman.com.br\/wp-content\/uploads\/2026\/03\/Angela-Feitoza-e-Rafael-Vilela-1024x683.jpg 1024w, https:\/\/lackman.com.br\/wp-content\/uploads\/2026\/03\/Angela-Feitoza-e-Rafael-Vilela-768x512.jpg 768w, https:\/\/lackman.com.br\/wp-content\/uploads\/2026\/03\/Angela-Feitoza-e-Rafael-Vilela-100x67.jpg 100w\" sizes=\"(max-width: 1417px) 100vw, 1417px\" \/><figcaption id=\"caption-attachment-12102\" class=\"wp-caption-text\">Angela Feitoza e Rafael Vilela<\/figcaption><\/figure>\n<figure id=\"attachment_12117\" aria-describedby=\"caption-attachment-12117\" style=\"width: 1417px\" class=\"wp-caption aligncenter\"><img loading=\"lazy\" decoding=\"async\" class=\"wp-image-12117 size-full\" src=\"http:\/\/lackman.com.br\/wp-content\/uploads\/2026\/03\/Paulo-Afonso-Oliveira-Larissa-Oliveira-e-Marcelo-De-Mari.jpg\" alt=\"\" width=\"1417\" height=\"945\" srcset=\"https:\/\/lackman.com.br\/wp-content\/uploads\/2026\/03\/Paulo-Afonso-Oliveira-Larissa-Oliveira-e-Marcelo-De-Mari.jpg 1417w, https:\/\/lackman.com.br\/wp-content\/uploads\/2026\/03\/Paulo-Afonso-Oliveira-Larissa-Oliveira-e-Marcelo-De-Mari-300x200.jpg 300w, https:\/\/lackman.com.br\/wp-content\/uploads\/2026\/03\/Paulo-Afonso-Oliveira-Larissa-Oliveira-e-Marcelo-De-Mari-1024x683.jpg 1024w, https:\/\/lackman.com.br\/wp-content\/uploads\/2026\/03\/Paulo-Afonso-Oliveira-Larissa-Oliveira-e-Marcelo-De-Mari-768x512.jpg 768w, https:\/\/lackman.com.br\/wp-content\/uploads\/2026\/03\/Paulo-Afonso-Oliveira-Larissa-Oliveira-e-Marcelo-De-Mari-100x67.jpg 100w\" sizes=\"(max-width: 1417px) 100vw, 1417px\" \/><figcaption id=\"caption-attachment-12117\" class=\"wp-caption-text\">Paulo Afonso Oliveira, Larissa Oliveira e Marcelo De Mari<\/figcaption><\/figure>\n<figure id=\"attachment_12103\" aria-describedby=\"caption-attachment-12103\" style=\"width: 1417px\" class=\"wp-caption aligncenter\"><img loading=\"lazy\" decoding=\"async\" class=\"wp-image-12103 size-full\" src=\"http:\/\/lackman.com.br\/wp-content\/uploads\/2026\/03\/Bruno-De-Luca-Andre-Von-e-Nagib-Maluf.jpg\" alt=\"\" width=\"1417\" height=\"945\" srcset=\"https:\/\/lackman.com.br\/wp-content\/uploads\/2026\/03\/Bruno-De-Luca-Andre-Von-e-Nagib-Maluf.jpg 1417w, https:\/\/lackman.com.br\/wp-content\/uploads\/2026\/03\/Bruno-De-Luca-Andre-Von-e-Nagib-Maluf-300x200.jpg 300w, https:\/\/lackman.com.br\/wp-content\/uploads\/2026\/03\/Bruno-De-Luca-Andre-Von-e-Nagib-Maluf-1024x683.jpg 1024w, https:\/\/lackman.com.br\/wp-content\/uploads\/2026\/03\/Bruno-De-Luca-Andre-Von-e-Nagib-Maluf-768x512.jpg 768w, https:\/\/lackman.com.br\/wp-content\/uploads\/2026\/03\/Bruno-De-Luca-Andre-Von-e-Nagib-Maluf-100x67.jpg 100w\" sizes=\"(max-width: 1417px) 100vw, 1417px\" \/><figcaption id=\"caption-attachment-12103\" class=\"wp-caption-text\">Bruno De Luca, Andr\u00e9 Von e Nagib Maluf<\/figcaption><\/figure>\n<figure id=\"attachment_12104\" aria-describedby=\"caption-attachment-12104\" style=\"width: 1024px\" class=\"wp-caption aligncenter\"><img loading=\"lazy\" decoding=\"async\" class=\"wp-image-12104 size-large\" src=\"http:\/\/lackman.com.br\/wp-content\/uploads\/2026\/03\/Clayton-Sousa-e-Heitor-Diniz-1024x683.jpg\" alt=\"\" width=\"1024\" height=\"683\" srcset=\"https:\/\/lackman.com.br\/wp-content\/uploads\/2026\/03\/Clayton-Sousa-e-Heitor-Diniz-1024x683.jpg 1024w, https:\/\/lackman.com.br\/wp-content\/uploads\/2026\/03\/Clayton-Sousa-e-Heitor-Diniz-300x200.jpg 300w, https:\/\/lackman.com.br\/wp-content\/uploads\/2026\/03\/Clayton-Sousa-e-Heitor-Diniz-768x512.jpg 768w, https:\/\/lackman.com.br\/wp-content\/uploads\/2026\/03\/Clayton-Sousa-e-Heitor-Diniz-100x67.jpg 100w, https:\/\/lackman.com.br\/wp-content\/uploads\/2026\/03\/Clayton-Sousa-e-Heitor-Diniz.jpg 1417w\" sizes=\"(max-width: 1024px) 100vw, 1024px\" \/><figcaption id=\"caption-attachment-12104\" class=\"wp-caption-text\">Clayton Sousa e Heitor Diniz<\/figcaption><\/figure>\n<figure id=\"attachment_12110\" aria-describedby=\"caption-attachment-12110\" style=\"width: 1417px\" class=\"wp-caption aligncenter\"><img loading=\"lazy\" decoding=\"async\" class=\"wp-image-12110 size-full\" src=\"http:\/\/lackman.com.br\/wp-content\/uploads\/2026\/03\/Ju-Viegas.jpg\" alt=\"\" width=\"1417\" height=\"945\" srcset=\"https:\/\/lackman.com.br\/wp-content\/uploads\/2026\/03\/Ju-Viegas.jpg 1417w, https:\/\/lackman.com.br\/wp-content\/uploads\/2026\/03\/Ju-Viegas-300x200.jpg 300w, https:\/\/lackman.com.br\/wp-content\/uploads\/2026\/03\/Ju-Viegas-1024x683.jpg 1024w, https:\/\/lackman.com.br\/wp-content\/uploads\/2026\/03\/Ju-Viegas-768x512.jpg 768w, https:\/\/lackman.com.br\/wp-content\/uploads\/2026\/03\/Ju-Viegas-100x67.jpg 100w\" sizes=\"(max-width: 1417px) 100vw, 1417px\" \/><figcaption id=\"caption-attachment-12110\" class=\"wp-caption-text\">Ju Viegas<\/figcaption><\/figure>\n<figure id=\"attachment_12109\" aria-describedby=\"caption-attachment-12109\" style=\"width: 1417px\" class=\"wp-caption aligncenter\"><img loading=\"lazy\" decoding=\"async\" class=\"wp-image-12109 size-full\" style=\"font-style: inherit;font-weight: 600\" src=\"http:\/\/lackman.com.br\/wp-content\/uploads\/2026\/03\/Eder-Silva-e-Raul-Perillo.jpg\" alt=\"\" width=\"1417\" height=\"945\" srcset=\"https:\/\/lackman.com.br\/wp-content\/uploads\/2026\/03\/Eder-Silva-e-Raul-Perillo.jpg 1417w, https:\/\/lackman.com.br\/wp-content\/uploads\/2026\/03\/Eder-Silva-e-Raul-Perillo-300x200.jpg 300w, https:\/\/lackman.com.br\/wp-content\/uploads\/2026\/03\/Eder-Silva-e-Raul-Perillo-1024x683.jpg 1024w, https:\/\/lackman.com.br\/wp-content\/uploads\/2026\/03\/Eder-Silva-e-Raul-Perillo-768x512.jpg 768w, https:\/\/lackman.com.br\/wp-content\/uploads\/2026\/03\/Eder-Silva-e-Raul-Perillo-100x67.jpg 100w\" sizes=\"(max-width: 1417px) 100vw, 1417px\" \/><figcaption id=\"caption-attachment-12109\" class=\"wp-caption-text\">\u00c9der Silva e Raul Perillo<\/figcaption><\/figure>\n<figure id=\"attachment_12120\" aria-describedby=\"caption-attachment-12120\" style=\"width: 1417px\" class=\"wp-caption aligncenter\"><img loading=\"lazy\" decoding=\"async\" class=\"wp-image-12120 size-full\" src=\"http:\/\/lackman.com.br\/wp-content\/uploads\/2026\/03\/Maria-Paula-e-Levi-Castelo-Branco.jpg\" alt=\"\" width=\"1417\" height=\"945\" srcset=\"https:\/\/lackman.com.br\/wp-content\/uploads\/2026\/03\/Maria-Paula-e-Levi-Castelo-Branco.jpg 1417w, https:\/\/lackman.com.br\/wp-content\/uploads\/2026\/03\/Maria-Paula-e-Levi-Castelo-Branco-300x200.jpg 300w, https:\/\/lackman.com.br\/wp-content\/uploads\/2026\/03\/Maria-Paula-e-Levi-Castelo-Branco-1024x683.jpg 1024w, https:\/\/lackman.com.br\/wp-content\/uploads\/2026\/03\/Maria-Paula-e-Levi-Castelo-Branco-768x512.jpg 768w, https:\/\/lackman.com.br\/wp-content\/uploads\/2026\/03\/Maria-Paula-e-Levi-Castelo-Branco-100x67.jpg 100w\" sizes=\"(max-width: 1417px) 100vw, 1417px\" \/><figcaption id=\"caption-attachment-12120\" class=\"wp-caption-text\">Maria Paula e Levi Castelo Branco<\/figcaption><\/figure>\n<figure id=\"attachment_12112\" aria-describedby=\"caption-attachment-12112\" style=\"width: 1417px\" class=\"wp-caption aligncenter\"><img loading=\"lazy\" decoding=\"async\" class=\"wp-image-12112 size-full\" src=\"http:\/\/lackman.com.br\/wp-content\/uploads\/2026\/03\/Ludmila-Jose-e-Jose-Eduardo-dos-Anjos.jpg\" alt=\"\" width=\"1417\" height=\"945\" srcset=\"https:\/\/lackman.com.br\/wp-content\/uploads\/2026\/03\/Ludmila-Jose-e-Jose-Eduardo-dos-Anjos.jpg 1417w, https:\/\/lackman.com.br\/wp-content\/uploads\/2026\/03\/Ludmila-Jose-e-Jose-Eduardo-dos-Anjos-300x200.jpg 300w, https:\/\/lackman.com.br\/wp-content\/uploads\/2026\/03\/Ludmila-Jose-e-Jose-Eduardo-dos-Anjos-1024x683.jpg 1024w, https:\/\/lackman.com.br\/wp-content\/uploads\/2026\/03\/Ludmila-Jose-e-Jose-Eduardo-dos-Anjos-768x512.jpg 768w, https:\/\/lackman.com.br\/wp-content\/uploads\/2026\/03\/Ludmila-Jose-e-Jose-Eduardo-dos-Anjos-100x67.jpg 100w\" sizes=\"(max-width: 1417px) 100vw, 1417px\" \/><figcaption id=\"caption-attachment-12112\" class=\"wp-caption-text\">Ludmila, Jos\u00e9 e Jos\u00e9 Eduardo dos Anjos<\/figcaption><\/figure>\n<figure id=\"attachment_12116\" aria-describedby=\"caption-attachment-12116\" style=\"width: 1417px\" class=\"wp-caption aligncenter\"><img loading=\"lazy\" decoding=\"async\" class=\"wp-image-12116 size-full\" src=\"http:\/\/lackman.com.br\/wp-content\/uploads\/2026\/03\/Matheus-Rabelo-Macurs-Vinicius-Nunes-e-Celso-Lago.jpg\" alt=\"\" width=\"1417\" height=\"945\" srcset=\"https:\/\/lackman.com.br\/wp-content\/uploads\/2026\/03\/Matheus-Rabelo-Macurs-Vinicius-Nunes-e-Celso-Lago.jpg 1417w, https:\/\/lackman.com.br\/wp-content\/uploads\/2026\/03\/Matheus-Rabelo-Macurs-Vinicius-Nunes-e-Celso-Lago-300x200.jpg 300w, https:\/\/lackman.com.br\/wp-content\/uploads\/2026\/03\/Matheus-Rabelo-Macurs-Vinicius-Nunes-e-Celso-Lago-1024x683.jpg 1024w, https:\/\/lackman.com.br\/wp-content\/uploads\/2026\/03\/Matheus-Rabelo-Macurs-Vinicius-Nunes-e-Celso-Lago-768x512.jpg 768w, https:\/\/lackman.com.br\/wp-content\/uploads\/2026\/03\/Matheus-Rabelo-Macurs-Vinicius-Nunes-e-Celso-Lago-100x67.jpg 100w\" sizes=\"(max-width: 1417px) 100vw, 1417px\" \/><figcaption id=\"caption-attachment-12116\" class=\"wp-caption-text\">Matheus Rabelo, Macurs Vin\u00edcius Nunes e Celso Lago<\/figcaption><\/figure>\n<figure id=\"attachment_12115\" aria-describedby=\"caption-attachment-12115\" style=\"width: 1417px\" class=\"wp-caption aligncenter\"><img loading=\"lazy\" decoding=\"async\" class=\"wp-image-12115 size-full\" style=\"font-size: 16px;font-style: inherit;font-weight: 600\" src=\"http:\/\/lackman.com.br\/wp-content\/uploads\/2026\/03\/Maria-Paula-e-Jose-Carlos-Dourado_02.jpg\" alt=\"\" width=\"1417\" height=\"945\" srcset=\"https:\/\/lackman.com.br\/wp-content\/uploads\/2026\/03\/Maria-Paula-e-Jose-Carlos-Dourado_02.jpg 1417w, https:\/\/lackman.com.br\/wp-content\/uploads\/2026\/03\/Maria-Paula-e-Jose-Carlos-Dourado_02-300x200.jpg 300w, https:\/\/lackman.com.br\/wp-content\/uploads\/2026\/03\/Maria-Paula-e-Jose-Carlos-Dourado_02-1024x683.jpg 1024w, https:\/\/lackman.com.br\/wp-content\/uploads\/2026\/03\/Maria-Paula-e-Jose-Carlos-Dourado_02-768x512.jpg 768w, https:\/\/lackman.com.br\/wp-content\/uploads\/2026\/03\/Maria-Paula-e-Jose-Carlos-Dourado_02-100x67.jpg 100w\" sizes=\"(max-width: 1417px) 100vw, 1417px\" \/><figcaption id=\"caption-attachment-12115\" class=\"wp-caption-text\">Maria Paula e Jos\u00e9 Carlos Dourado<\/figcaption><\/figure>\n","protected":false},"excerpt":{"rendered":"<p>Com coquetel prestigiado, marca chinesa promove noite de tecnologia e lan\u00e7amento em sua nova concession\u00e1ria na capital federal. &nbsp; A\u00a0JETOUR PRIMAVIA foi inaugurada na \u00faltima quinta-feira, 12 de mar\u00e7o. O evento marcou oficialmente a chegada da marca ao Complexo Primavia Aeroporto, no Lago Sul, em Bras\u00edlia-DF. Com o conceito \u201cDesperte sua sede por aventura\u201d, a noite foi dedicada \u00e0 apresenta\u00e7\u00e3o do universo Jetour, com SUVs h\u00edbridos plug-in com esp\u00edrito explorador, tecnologia de ponta e autonomia pensada para ir al\u00e9m das rotas tradicionais, revelando modelos aventureiros. No evento, os convidados puderam conhecer de perto os T1, T2 e S06, que chegam ao mercado brasileiro como parte da estrat\u00e9gia global da marca de expandir a presen\u00e7a com ve\u00edculos eletrificados e de alta efici\u00eancia na capital dos ve\u00edculos el\u00e9tricos. No novo espa\u00e7o, o p\u00fablico teve a oportunidade de explorar SUVs que est\u00e3o redefinindo o conceito de mobilidade no segmento, com a linha de h\u00edbridos plug-in presentes no showroom e condi\u00e7\u00f5es exclusivas de lan\u00e7amento. Marca global, a companhia chinesa aposta na eletrifica\u00e7\u00e3o e em solu\u00e7\u00f5es tecnol\u00f3gicas capazes de oferecer maior autonomia, sustentabilidade, efici\u00eancia energ\u00e9tica e uma experi\u00eancia de condu\u00e7\u00e3o mais inteligente, combinando motor a combust\u00e3o e motores el\u00e9tricos em sistemas de \u00faltima gera\u00e7\u00e3o. Jetour \u00e9 a mais nova marca do Grupo Primavia, nascido h\u00e1 31 anos na cidade de Una\u00ed, em Minas Gerais, e que desde ent\u00e3o vem construindo uma trajet\u00f3ria marcada por crescimento, inova\u00e7\u00e3o e compromisso com a excel\u00eancia. O que come\u00e7ou como uma opera\u00e7\u00e3o local tornou-se uma das maiores redes de concession\u00e1rias do pa\u00eds, representando com orgulho marcas de prest\u00edgio como OMODA JAECOO, FIAT, RENAULT, NISSAN, JEEP, RAM, PEUGEOT, CITRO\u00cbN, CHERY, YAMAHA, VENTURA EXPERIENCE, LEAPMOTOR e agora JETOUR. Com mais de 50 lojas distribu\u00eddas em 13 cidades nos estados de Minas Gerais, Goi\u00e1s, Bahia, Tocantins e no Distrito Federal, o Grupo Primavia tem como objetivo agregar competitividade \u00e0s concession\u00e1rias e proporcionar uma experi\u00eancia de compra e atendimento diferenciada. O crescimento ao longo dessas tr\u00eas d\u00e9cadas \u00e9 resultado de uma expans\u00e3o sustent\u00e1vel e de uma gest\u00e3o cada vez mais profissionalizada, pautada na busca constante por inova\u00e7\u00e3o e qualidade. Tr\u00eas d\u00e9cadas depois de sua funda\u00e7\u00e3o, o grupo segue em movimento, unindo tradi\u00e7\u00e3o e modernidade, consolidando-se como refer\u00eancia no setor automotivo e reafirmando seu compromisso com a qualidade, a confian\u00e7a e a satisfa\u00e7\u00e3o dos clientes que impulsionam essa hist\u00f3ria de sucesso. Confira alguns dos convidados presentes nessa noite especial pelas lentes deste fot\u00f3grafo\/colunista: Marcos Chain e Eliane Martins<\/p>\n","protected":false},"author":6,"featured_media":12107,"comment_status":"closed","ping_status":"open","sticky":false,"template":"","format":"standard","meta":{"site-sidebar-layout":"default","site-content-layout":"","ast-site-content-layout":"default","site-content-style":"default","site-sidebar-style":"default","ast-global-header-display":"","ast-banner-title-visibility":"","ast-main-header-display":"","ast-hfb-above-header-display":"","ast-hfb-below-header-display":"","ast-hfb-mobile-header-display":"","site-post-title":"","ast-breadcrumbs-content":"","ast-featured-img":"","footer-sml-layout":"","ast-disable-related-posts":"","theme-transparent-header-meta":"default","adv-header-id-meta":"","stick-header-meta":"","header-above-stick-meta":"","header-main-stick-meta":"","header-below-stick-meta":"","astra-migrate-meta-layouts":"set","ast-page-background-enabled":"default","ast-page-background-meta":{"desktop":{"background-color":"","background-image":"","background-repeat":"repeat","background-position":"center center","background-size":"auto","background-attachment":"scroll","background-type":"","background-media":"","overlay-type":"","overlay-color":"","overlay-opacity":"","overlay-gradient":""},"tablet":{"background-color":"","background-image":"","background-repeat":"repeat","background-position":"center center","background-size":"auto","background-attachment":"scroll","background-type":"","background-media":"","overlay-type":"","overlay-color":"","overlay-opacity":"","overlay-gradient":""},"mobile":{"background-color":"","background-image":"","background-repeat":"repeat","background-position":"center center","background-size":"auto","background-attachment":"scroll","background-type":"","background-media":"","overlay-type":"","overlay-color":"","overlay-opacity":"","overlay-gradient":""}},"ast-content-background-meta":{"desktop":{"background-color":"var(--ast-global-color-5)","background-image":"","background-repeat":"repeat","background-position":"center center","background-size":"auto","background-attachment":"scroll","background-type":"","background-media":"","overlay-type":"","overlay-color":"","overlay-opacity":"","overlay-gradient":""},"tablet":{"background-color":"var(--ast-global-color-5)","background-image":"","background-repeat":"repeat","background-position":"center center","background-size":"auto","background-attachment":"scroll","background-type":"","background-media":"","overlay-type":"","overlay-color":"","overlay-opacity":"","overlay-gradient":""},"mobile":{"background-color":"var(--ast-global-color-5)","background-image":"","background-repeat":"repeat","background-position":"center center","background-size":"auto","background-attachment":"scroll","background-type":"","background-media":"","overlay-type":"","overlay-color":"","overlay-opacity":"","overlay-gradient":""}},"footnotes":""},"categories":[39,43],"tags":[],"class_list":["post-12100","post","type-post","status-publish","format-standard","has-post-thumbnail","hentry","category-em-alta","category-perambulando"],"yoast_head":"<!-- This site is optimized with the Yoast SEO plugin v27.0 - https:\/\/yoast.com\/product\/yoast-seo-wordpress\/ -->\n<title>Foi dada a largada para a Jetour Bsb - LACKMAN &amp; CO.<\/title>\n<meta name=\"robots\" content=\"index, follow, max-snippet:-1, max-image-preview:large, max-video-preview:-1\" \/>\n<link rel=\"canonical\" href=\"https:\/\/lackman.com.br\/index.php\/2026\/03\/16\/foi-dada-a-largada-para-a-jetour-bsb\/\" \/>\n<meta property=\"og:locale\" content=\"pt_BR\" \/>\n<meta property=\"og:type\" content=\"article\" \/>\n<meta property=\"og:title\" content=\"Foi dada a largada para a Jetour Bsb - LACKMAN &amp; CO.\" \/>\n<meta property=\"og:description\" content=\"Com coquetel prestigiado, marca chinesa promove noite de tecnologia e lan\u00e7amento em sua nova concession\u00e1ria na capital federal. &nbsp; A\u00a0JETOUR PRIMAVIA foi inaugurada na \u00faltima quinta-feira, 12 de mar\u00e7o. O evento marcou oficialmente a chegada da marca ao Complexo Primavia Aeroporto, no Lago Sul, em Bras\u00edlia-DF. Com o conceito \u201cDesperte sua sede por aventura\u201d, a noite foi dedicada \u00e0 apresenta\u00e7\u00e3o do universo Jetour, com SUVs h\u00edbridos plug-in com esp\u00edrito explorador, tecnologia de ponta e autonomia pensada para ir al\u00e9m das rotas tradicionais, revelando modelos aventureiros. No evento, os convidados puderam conhecer de perto os T1, T2 e S06, que chegam ao mercado brasileiro como parte da estrat\u00e9gia global da marca de expandir a presen\u00e7a com ve\u00edculos eletrificados e de alta efici\u00eancia na capital dos ve\u00edculos el\u00e9tricos. No novo espa\u00e7o, o p\u00fablico teve a oportunidade de explorar SUVs que est\u00e3o redefinindo o conceito de mobilidade no segmento, com a linha de h\u00edbridos plug-in presentes no showroom e condi\u00e7\u00f5es exclusivas de lan\u00e7amento. Marca global, a companhia chinesa aposta na eletrifica\u00e7\u00e3o e em solu\u00e7\u00f5es tecnol\u00f3gicas capazes de oferecer maior autonomia, sustentabilidade, efici\u00eancia energ\u00e9tica e uma experi\u00eancia de condu\u00e7\u00e3o mais inteligente, combinando motor a combust\u00e3o e motores el\u00e9tricos em sistemas de \u00faltima gera\u00e7\u00e3o. Jetour \u00e9 a mais nova marca do Grupo Primavia, nascido h\u00e1 31 anos na cidade de Una\u00ed, em Minas Gerais, e que desde ent\u00e3o vem construindo uma trajet\u00f3ria marcada por crescimento, inova\u00e7\u00e3o e compromisso com a excel\u00eancia. O que come\u00e7ou como uma opera\u00e7\u00e3o local tornou-se uma das maiores redes de concession\u00e1rias do pa\u00eds, representando com orgulho marcas de prest\u00edgio como OMODA JAECOO, FIAT, RENAULT, NISSAN, JEEP, RAM, PEUGEOT, CITRO\u00cbN, CHERY, YAMAHA, VENTURA EXPERIENCE, LEAPMOTOR e agora JETOUR. Com mais de 50 lojas distribu\u00eddas em 13 cidades nos estados de Minas Gerais, Goi\u00e1s, Bahia, Tocantins e no Distrito Federal, o Grupo Primavia tem como objetivo agregar competitividade \u00e0s concession\u00e1rias e proporcionar uma experi\u00eancia de compra e atendimento diferenciada. O crescimento ao longo dessas tr\u00eas d\u00e9cadas \u00e9 resultado de uma expans\u00e3o sustent\u00e1vel e de uma gest\u00e3o cada vez mais profissionalizada, pautada na busca constante por inova\u00e7\u00e3o e qualidade. Tr\u00eas d\u00e9cadas depois de sua funda\u00e7\u00e3o, o grupo segue em movimento, unindo tradi\u00e7\u00e3o e modernidade, consolidando-se como refer\u00eancia no setor automotivo e reafirmando seu compromisso com a qualidade, a confian\u00e7a e a satisfa\u00e7\u00e3o dos clientes que impulsionam essa hist\u00f3ria de sucesso. Confira alguns dos convidados presentes nessa noite especial pelas lentes deste fot\u00f3grafo\/colunista: Marcos Chain e Eliane Martins\" \/>\n<meta property=\"og:url\" content=\"https:\/\/lackman.com.br\/index.php\/2026\/03\/16\/foi-dada-a-largada-para-a-jetour-bsb\/\" \/>\n<meta property=\"og:site_name\" content=\"LACKMAN &amp; CO.\" \/>\n<meta property=\"article:published_time\" content=\"2026-03-17T00:30:25+00:00\" \/>\n<meta property=\"article:modified_time\" content=\"2026-03-17T01:02:53+00:00\" \/>\n<meta property=\"og:image\" content=\"http:\/\/lackman.com.br\/wp-content\/uploads\/2026\/03\/DSCF4724.jpg\" \/>\n\t<meta property=\"og:image:width\" content=\"1417\" \/>\n\t<meta property=\"og:image:height\" content=\"945\" \/>\n\t<meta property=\"og:image:type\" content=\"image\/jpeg\" \/>\n<meta name=\"author\" content=\"Gilberto Evangelista - Colunista\" \/>\n<meta name=\"twitter:card\" content=\"summary_large_image\" \/>\n<meta name=\"twitter:label1\" content=\"Escrito por\" \/>\n\t<meta name=\"twitter:data1\" content=\"Gilberto Evangelista - Colunista\" \/>\n\t<meta name=\"twitter:label2\" content=\"Est. tempo de leitura\" \/>\n\t<meta name=\"twitter:data2\" content=\"7 minutos\" \/>\n<script type=\"application\/ld+json\" class=\"yoast-schema-graph\">{\"@context\":\"https:\/\/schema.org\",\"@graph\":[{\"@type\":\"Article\",\"@id\":\"https:\/\/lackman.com.br\/index.php\/2026\/03\/16\/foi-dada-a-largada-para-a-jetour-bsb\/#article\",\"isPartOf\":{\"@id\":\"https:\/\/lackman.com.br\/index.php\/2026\/03\/16\/foi-dada-a-largada-para-a-jetour-bsb\/\"},\"author\":{\"name\":\"Gilberto Evangelista - Colunista\",\"@id\":\"https:\/\/lackman.com.br\/#\/schema\/person\/8a2355f699593d21d4f0d25b69db5747\"},\"headline\":\"Foi dada a largada para a Jetour Bsb\",\"datePublished\":\"2026-03-17T00:30:25+00:00\",\"dateModified\":\"2026-03-17T01:02:53+00:00\",\"mainEntityOfPage\":{\"@id\":\"https:\/\/lackman.com.br\/index.php\/2026\/03\/16\/foi-dada-a-largada-para-a-jetour-bsb\/\"},\"wordCount\":625,\"publisher\":{\"@id\":\"https:\/\/lackman.com.br\/#organization\"},\"image\":{\"@id\":\"https:\/\/lackman.com.br\/index.php\/2026\/03\/16\/foi-dada-a-largada-para-a-jetour-bsb\/#primaryimage\"},\"thumbnailUrl\":\"https:\/\/lackman.com.br\/wp-content\/uploads\/2026\/03\/DSCF4724.jpg\",\"articleSection\":[\"Em alta\",\"Perambulando\"],\"inLanguage\":\"pt-BR\"},{\"@type\":\"WebPage\",\"@id\":\"https:\/\/lackman.com.br\/index.php\/2026\/03\/16\/foi-dada-a-largada-para-a-jetour-bsb\/\",\"url\":\"https:\/\/lackman.com.br\/index.php\/2026\/03\/16\/foi-dada-a-largada-para-a-jetour-bsb\/\",\"name\":\"Foi dada a largada para a Jetour Bsb - LACKMAN &amp; CO.\",\"isPartOf\":{\"@id\":\"https:\/\/lackman.com.br\/#website\"},\"primaryImageOfPage\":{\"@id\":\"https:\/\/lackman.com.br\/index.php\/2026\/03\/16\/foi-dada-a-largada-para-a-jetour-bsb\/#primaryimage\"},\"image\":{\"@id\":\"https:\/\/lackman.com.br\/index.php\/2026\/03\/16\/foi-dada-a-largada-para-a-jetour-bsb\/#primaryimage\"},\"thumbnailUrl\":\"https:\/\/lackman.com.br\/wp-content\/uploads\/2026\/03\/DSCF4724.jpg\",\"datePublished\":\"2026-03-17T00:30:25+00:00\",\"dateModified\":\"2026-03-17T01:02:53+00:00\",\"breadcrumb\":{\"@id\":\"https:\/\/lackman.com.br\/index.php\/2026\/03\/16\/foi-dada-a-largada-para-a-jetour-bsb\/#breadcrumb\"},\"inLanguage\":\"pt-BR\",\"potentialAction\":[{\"@type\":\"ReadAction\",\"target\":[\"https:\/\/lackman.com.br\/index.php\/2026\/03\/16\/foi-dada-a-largada-para-a-jetour-bsb\/\"]}]},{\"@type\":\"ImageObject\",\"inLanguage\":\"pt-BR\",\"@id\":\"https:\/\/lackman.com.br\/index.php\/2026\/03\/16\/foi-dada-a-largada-para-a-jetour-bsb\/#primaryimage\",\"url\":\"https:\/\/lackman.com.br\/wp-content\/uploads\/2026\/03\/DSCF4724.jpg\",\"contentUrl\":\"https:\/\/lackman.com.br\/wp-content\/uploads\/2026\/03\/DSCF4724.jpg\",\"width\":1417,\"height\":945},{\"@type\":\"BreadcrumbList\",\"@id\":\"https:\/\/lackman.com.br\/index.php\/2026\/03\/16\/foi-dada-a-largada-para-a-jetour-bsb\/#breadcrumb\",\"itemListElement\":[{\"@type\":\"ListItem\",\"position\":1,\"name\":\"In\u00edcio\",\"item\":\"https:\/\/lackman.com.br\/\"},{\"@type\":\"ListItem\",\"position\":2,\"name\":\"Foi dada a largada para a Jetour Bsb\"}]},{\"@type\":\"WebSite\",\"@id\":\"https:\/\/lackman.com.br\/#website\",\"url\":\"https:\/\/lackman.com.br\/\",\"name\":\"LACKMAN &amp; CO.\",\"description\":\"VIDA | MODA | ARTE\",\"publisher\":{\"@id\":\"https:\/\/lackman.com.br\/#organization\"},\"potentialAction\":[{\"@type\":\"SearchAction\",\"target\":{\"@type\":\"EntryPoint\",\"urlTemplate\":\"https:\/\/lackman.com.br\/?s={search_term_string}\"},\"query-input\":{\"@type\":\"PropertyValueSpecification\",\"valueRequired\":true,\"valueName\":\"search_term_string\"}}],\"inLanguage\":\"pt-BR\"},{\"@type\":\"Organization\",\"@id\":\"https:\/\/lackman.com.br\/#organization\",\"name\":\"LACKMAN &amp; CO.\",\"url\":\"https:\/\/lackman.com.br\/\",\"logo\":{\"@type\":\"ImageObject\",\"inLanguage\":\"pt-BR\",\"@id\":\"https:\/\/lackman.com.br\/#\/schema\/logo\/image\/\",\"url\":\"https:\/\/lackman.com.br\/wp-content\/uploads\/2023\/06\/Logotipo_preto-1.png\",\"contentUrl\":\"https:\/\/lackman.com.br\/wp-content\/uploads\/2023\/06\/Logotipo_preto-1.png\",\"width\":739,\"height\":393,\"caption\":\"LACKMAN &amp; CO.\"},\"image\":{\"@id\":\"https:\/\/lackman.com.br\/#\/schema\/logo\/image\/\"}},{\"@type\":\"Person\",\"@id\":\"https:\/\/lackman.com.br\/#\/schema\/person\/8a2355f699593d21d4f0d25b69db5747\",\"name\":\"Gilberto Evangelista - Colunista\",\"image\":{\"@type\":\"ImageObject\",\"inLanguage\":\"pt-BR\",\"@id\":\"https:\/\/lackman.com.br\/#\/schema\/person\/image\/\",\"url\":\"https:\/\/secure.gravatar.com\/avatar\/cea9badf02f8a90f7a745f2cbea45fda61f65711ec015e2faf3809cca6337c28?s=96&d=mm&r=g\",\"contentUrl\":\"https:\/\/secure.gravatar.com\/avatar\/cea9badf02f8a90f7a745f2cbea45fda61f65711ec015e2faf3809cca6337c28?s=96&d=mm&r=g\",\"caption\":\"Gilberto Evangelista - Colunista\"},\"description\":\"Jornalista e globetrotter.\",\"url\":\"https:\/\/lackman.com.br\/index.php\/author\/gilberto-brito\/\"}]}<\/script>\n<!-- \/ Yoast SEO plugin. -->","yoast_head_json":{"title":"Foi dada a largada para a Jetour Bsb - LACKMAN &amp; CO.","robots":{"index":"index","follow":"follow","max-snippet":"max-snippet:-1","max-image-preview":"max-image-preview:large","max-video-preview":"max-video-preview:-1"},"canonical":"https:\/\/lackman.com.br\/index.php\/2026\/03\/16\/foi-dada-a-largada-para-a-jetour-bsb\/","og_locale":"pt_BR","og_type":"article","og_title":"Foi dada a largada para a Jetour Bsb - LACKMAN &amp; CO.","og_description":"Com coquetel prestigiado, marca chinesa promove noite de tecnologia e lan\u00e7amento em sua nova concession\u00e1ria na capital federal. &nbsp; A\u00a0JETOUR PRIMAVIA foi inaugurada na \u00faltima quinta-feira, 12 de mar\u00e7o. O evento marcou oficialmente a chegada da marca ao Complexo Primavia Aeroporto, no Lago Sul, em Bras\u00edlia-DF. Com o conceito \u201cDesperte sua sede por aventura\u201d, a noite foi dedicada \u00e0 apresenta\u00e7\u00e3o do universo Jetour, com SUVs h\u00edbridos plug-in com esp\u00edrito explorador, tecnologia de ponta e autonomia pensada para ir al\u00e9m das rotas tradicionais, revelando modelos aventureiros. No evento, os convidados puderam conhecer de perto os T1, T2 e S06, que chegam ao mercado brasileiro como parte da estrat\u00e9gia global da marca de expandir a presen\u00e7a com ve\u00edculos eletrificados e de alta efici\u00eancia na capital dos ve\u00edculos el\u00e9tricos. No novo espa\u00e7o, o p\u00fablico teve a oportunidade de explorar SUVs que est\u00e3o redefinindo o conceito de mobilidade no segmento, com a linha de h\u00edbridos plug-in presentes no showroom e condi\u00e7\u00f5es exclusivas de lan\u00e7amento. Marca global, a companhia chinesa aposta na eletrifica\u00e7\u00e3o e em solu\u00e7\u00f5es tecnol\u00f3gicas capazes de oferecer maior autonomia, sustentabilidade, efici\u00eancia energ\u00e9tica e uma experi\u00eancia de condu\u00e7\u00e3o mais inteligente, combinando motor a combust\u00e3o e motores el\u00e9tricos em sistemas de \u00faltima gera\u00e7\u00e3o. Jetour \u00e9 a mais nova marca do Grupo Primavia, nascido h\u00e1 31 anos na cidade de Una\u00ed, em Minas Gerais, e que desde ent\u00e3o vem construindo uma trajet\u00f3ria marcada por crescimento, inova\u00e7\u00e3o e compromisso com a excel\u00eancia. O que come\u00e7ou como uma opera\u00e7\u00e3o local tornou-se uma das maiores redes de concession\u00e1rias do pa\u00eds, representando com orgulho marcas de prest\u00edgio como OMODA JAECOO, FIAT, RENAULT, NISSAN, JEEP, RAM, PEUGEOT, CITRO\u00cbN, CHERY, YAMAHA, VENTURA EXPERIENCE, LEAPMOTOR e agora JETOUR. Com mais de 50 lojas distribu\u00eddas em 13 cidades nos estados de Minas Gerais, Goi\u00e1s, Bahia, Tocantins e no Distrito Federal, o Grupo Primavia tem como objetivo agregar competitividade \u00e0s concession\u00e1rias e proporcionar uma experi\u00eancia de compra e atendimento diferenciada. O crescimento ao longo dessas tr\u00eas d\u00e9cadas \u00e9 resultado de uma expans\u00e3o sustent\u00e1vel e de uma gest\u00e3o cada vez mais profissionalizada, pautada na busca constante por inova\u00e7\u00e3o e qualidade. Tr\u00eas d\u00e9cadas depois de sua funda\u00e7\u00e3o, o grupo segue em movimento, unindo tradi\u00e7\u00e3o e modernidade, consolidando-se como refer\u00eancia no setor automotivo e reafirmando seu compromisso com a qualidade, a confian\u00e7a e a satisfa\u00e7\u00e3o dos clientes que impulsionam essa hist\u00f3ria de sucesso. Confira alguns dos convidados presentes nessa noite especial pelas lentes deste fot\u00f3grafo\/colunista: Marcos Chain e Eliane Martins","og_url":"https:\/\/lackman.com.br\/index.php\/2026\/03\/16\/foi-dada-a-largada-para-a-jetour-bsb\/","og_site_name":"LACKMAN &amp; CO.","article_published_time":"2026-03-17T00:30:25+00:00","article_modified_time":"2026-03-17T01:02:53+00:00","og_image":[{"width":1417,"height":945,"url":"http:\/\/lackman.com.br\/wp-content\/uploads\/2026\/03\/DSCF4724.jpg","type":"image\/jpeg"}],"author":"Gilberto Evangelista - Colunista","twitter_card":"summary_large_image","twitter_misc":{"Escrito por":"Gilberto Evangelista - Colunista","Est. tempo de leitura":"7 minutos"},"schema":{"@context":"https:\/\/schema.org","@graph":[{"@type":"Article","@id":"https:\/\/lackman.com.br\/index.php\/2026\/03\/16\/foi-dada-a-largada-para-a-jetour-bsb\/#article","isPartOf":{"@id":"https:\/\/lackman.com.br\/index.php\/2026\/03\/16\/foi-dada-a-largada-para-a-jetour-bsb\/"},"author":{"name":"Gilberto Evangelista - Colunista","@id":"https:\/\/lackman.com.br\/#\/schema\/person\/8a2355f699593d21d4f0d25b69db5747"},"headline":"Foi dada a largada para a Jetour Bsb","datePublished":"2026-03-17T00:30:25+00:00","dateModified":"2026-03-17T01:02:53+00:00","mainEntityOfPage":{"@id":"https:\/\/lackman.com.br\/index.php\/2026\/03\/16\/foi-dada-a-largada-para-a-jetour-bsb\/"},"wordCount":625,"publisher":{"@id":"https:\/\/lackman.com.br\/#organization"},"image":{"@id":"https:\/\/lackman.com.br\/index.php\/2026\/03\/16\/foi-dada-a-largada-para-a-jetour-bsb\/#primaryimage"},"thumbnailUrl":"https:\/\/lackman.com.br\/wp-content\/uploads\/2026\/03\/DSCF4724.jpg","articleSection":["Em alta","Perambulando"],"inLanguage":"pt-BR"},{"@type":"WebPage","@id":"https:\/\/lackman.com.br\/index.php\/2026\/03\/16\/foi-dada-a-largada-para-a-jetour-bsb\/","url":"https:\/\/lackman.com.br\/index.php\/2026\/03\/16\/foi-dada-a-largada-para-a-jetour-bsb\/","name":"Foi dada a largada para a Jetour Bsb - LACKMAN &amp; CO.","isPartOf":{"@id":"https:\/\/lackman.com.br\/#website"},"primaryImageOfPage":{"@id":"https:\/\/lackman.com.br\/index.php\/2026\/03\/16\/foi-dada-a-largada-para-a-jetour-bsb\/#primaryimage"},"image":{"@id":"https:\/\/lackman.com.br\/index.php\/2026\/03\/16\/foi-dada-a-largada-para-a-jetour-bsb\/#primaryimage"},"thumbnailUrl":"https:\/\/lackman.com.br\/wp-content\/uploads\/2026\/03\/DSCF4724.jpg","datePublished":"2026-03-17T00:30:25+00:00","dateModified":"2026-03-17T01:02:53+00:00","breadcrumb":{"@id":"https:\/\/lackman.com.br\/index.php\/2026\/03\/16\/foi-dada-a-largada-para-a-jetour-bsb\/#breadcrumb"},"inLanguage":"pt-BR","potentialAction":[{"@type":"ReadAction","target":["https:\/\/lackman.com.br\/index.php\/2026\/03\/16\/foi-dada-a-largada-para-a-jetour-bsb\/"]}]},{"@type":"ImageObject","inLanguage":"pt-BR","@id":"https:\/\/lackman.com.br\/index.php\/2026\/03\/16\/foi-dada-a-largada-para-a-jetour-bsb\/#primaryimage","url":"https:\/\/lackman.com.br\/wp-content\/uploads\/2026\/03\/DSCF4724.jpg","contentUrl":"https:\/\/lackman.com.br\/wp-content\/uploads\/2026\/03\/DSCF4724.jpg","width":1417,"height":945},{"@type":"BreadcrumbList","@id":"https:\/\/lackman.com.br\/index.php\/2026\/03\/16\/foi-dada-a-largada-para-a-jetour-bsb\/#breadcrumb","itemListElement":[{"@type":"ListItem","position":1,"name":"In\u00edcio","item":"https:\/\/lackman.com.br\/"},{"@type":"ListItem","position":2,"name":"Foi dada a largada para a Jetour Bsb"}]},{"@type":"WebSite","@id":"https:\/\/lackman.com.br\/#website","url":"https:\/\/lackman.com.br\/","name":"LACKMAN &amp; CO.","description":"VIDA | MODA | ARTE","publisher":{"@id":"https:\/\/lackman.com.br\/#organization"},"potentialAction":[{"@type":"SearchAction","target":{"@type":"EntryPoint","urlTemplate":"https:\/\/lackman.com.br\/?s={search_term_string}"},"query-input":{"@type":"PropertyValueSpecification","valueRequired":true,"valueName":"search_term_string"}}],"inLanguage":"pt-BR"},{"@type":"Organization","@id":"https:\/\/lackman.com.br\/#organization","name":"LACKMAN &amp; CO.","url":"https:\/\/lackman.com.br\/","logo":{"@type":"ImageObject","inLanguage":"pt-BR","@id":"https:\/\/lackman.com.br\/#\/schema\/logo\/image\/","url":"https:\/\/lackman.com.br\/wp-content\/uploads\/2023\/06\/Logotipo_preto-1.png","contentUrl":"https:\/\/lackman.com.br\/wp-content\/uploads\/2023\/06\/Logotipo_preto-1.png","width":739,"height":393,"caption":"LACKMAN &amp; CO."},"image":{"@id":"https:\/\/lackman.com.br\/#\/schema\/logo\/image\/"}},{"@type":"Person","@id":"https:\/\/lackman.com.br\/#\/schema\/person\/8a2355f699593d21d4f0d25b69db5747","name":"Gilberto Evangelista - Colunista","image":{"@type":"ImageObject","inLanguage":"pt-BR","@id":"https:\/\/lackman.com.br\/#\/schema\/person\/image\/","url":"https:\/\/secure.gravatar.com\/avatar\/cea9badf02f8a90f7a745f2cbea45fda61f65711ec015e2faf3809cca6337c28?s=96&d=mm&r=g","contentUrl":"https:\/\/secure.gravatar.com\/avatar\/cea9badf02f8a90f7a745f2cbea45fda61f65711ec015e2faf3809cca6337c28?s=96&d=mm&r=g","caption":"Gilberto Evangelista - Colunista"},"description":"Jornalista e globetrotter.","url":"https:\/\/lackman.com.br\/index.php\/author\/gilberto-brito\/"}]}},"rttpg_featured_image_url":{"full":["https:\/\/lackman.com.br\/wp-content\/uploads\/2026\/03\/DSCF4724.jpg",1417,945,false],"landscape":["https:\/\/lackman.com.br\/wp-content\/uploads\/2026\/03\/DSCF4724.jpg",1417,945,false],"portraits":["https:\/\/lackman.com.br\/wp-content\/uploads\/2026\/03\/DSCF4724.jpg",1417,945,false],"thumbnail":["https:\/\/lackman.com.br\/wp-content\/uploads\/2026\/03\/DSCF4724-150x150.jpg",150,150,true],"medium":["https:\/\/lackman.com.br\/wp-content\/uploads\/2026\/03\/DSCF4724-300x200.jpg",300,200,true],"large":["https:\/\/lackman.com.br\/wp-content\/uploads\/2026\/03\/DSCF4724-1024x683.jpg",1024,683,true],"RoboGalleryMansoryImagesCenter":["https:\/\/lackman.com.br\/wp-content\/uploads\/2026\/03\/DSCF4724-600x945.jpg",600,945,true],"RoboGalleryPreload":["https:\/\/lackman.com.br\/wp-content\/uploads\/2026\/03\/DSCF4724-100x67.jpg",100,67,true],"1536x1536":["https:\/\/lackman.com.br\/wp-content\/uploads\/2026\/03\/DSCF4724.jpg",1417,945,false],"2048x2048":["https:\/\/lackman.com.br\/wp-content\/uploads\/2026\/03\/DSCF4724.jpg",1417,945,false]},"rttpg_author":{"display_name":"Gilberto Evangelista - Colunista","author_link":"https:\/\/lackman.com.br\/index.php\/author\/gilberto-brito\/"},"rttpg_comment":0,"rttpg_category":"<a href=\"https:\/\/lackman.com.br\/index.php\/category\/moda\/em-alta\/\" rel=\"category tag\">Em alta<\/a> <a href=\"https:\/\/lackman.com.br\/index.php\/category\/vida\/perambulando\/\" rel=\"category tag\">Perambulando<\/a>","rttpg_excerpt":"Com coquetel prestigiado, marca chinesa promove noite de tecnologia e lan\u00e7amento em sua nova concession\u00e1ria na capital federal. &nbsp; A\u00a0JETOUR PRIMAVIA foi inaugurada na \u00faltima quinta-feira, 12 de mar\u00e7o. O evento marcou oficialmente a chegada da marca ao Complexo Primavia Aeroporto, no Lago Sul, em Bras\u00edlia-DF. Com o conceito \u201cDesperte sua sede por aventura\u201d, a&hellip;","_links":{"self":[{"href":"https:\/\/lackman.com.br\/index.php\/wp-json\/wp\/v2\/posts\/12100","targetHints":{"allow":["GET"]}}],"collection":[{"href":"https:\/\/lackman.com.br\/index.php\/wp-json\/wp\/v2\/posts"}],"about":[{"href":"https:\/\/lackman.com.br\/index.php\/wp-json\/wp\/v2\/types\/post"}],"author":[{"embeddable":true,"href":"https:\/\/lackman.com.br\/index.php\/wp-json\/wp\/v2\/users\/6"}],"replies":[{"embeddable":true,"href":"https:\/\/lackman.com.br\/index.php\/wp-json\/wp\/v2\/comments?post=12100"}],"version-history":[{"count":1,"href":"https:\/\/lackman.com.br\/index.php\/wp-json\/wp\/v2\/posts\/12100\/revisions"}],"predecessor-version":[{"id":12121,"href":"https:\/\/lackman.com.br\/index.php\/wp-json\/wp\/v2\/posts\/12100\/revisions\/12121"}],"wp:featuredmedia":[{"embeddable":true,"href":"https:\/\/lackman.com.br\/index.php\/wp-json\/wp\/v2\/media\/12107"}],"wp:attachment":[{"href":"https:\/\/lackman.com.br\/index.php\/wp-json\/wp\/v2\/media?parent=12100"}],"wp:term":[{"taxonomy":"category","embeddable":true,"href":"https:\/\/lackman.com.br\/index.php\/wp-json\/wp\/v2\/categories?post=12100"},{"taxonomy":"post_tag","embeddable":true,"href":"https:\/\/lackman.com.br\/index.php\/wp-json\/wp\/v2\/tags?post=12100"}],"curies":[{"name":"wp","href":"https:\/\/api.w.org\/{rel}","templated":true}]}}