{"id":11678,"date":"2026-01-27T07:30:31","date_gmt":"2026-01-27T10:30:31","guid":{"rendered":"https:\/\/lackman.com.br\/?p=11678"},"modified":"2026-01-27T15:04:14","modified_gmt":"2026-01-27T18:04:14","slug":"sou-de-algodao-e-a-chance-para-casa-de-criadores","status":"publish","type":"post","link":"https:\/\/lackman.com.br\/index.php\/2026\/01\/27\/sou-de-algodao-e-a-chance-para-casa-de-criadores\/","title":{"rendered":"Sou de Algod\u00e3o e a chance para Casa de Criadores"},"content":{"rendered":"<h5 style=\"text-align: justify;\"><strong><em>Concurso abre inscri\u00e7\u00f5es para 2026 e convoca talentos de todo pa\u00eds para apresentarem cole\u00e7\u00f5es naturais e que valorizam o Brasil<\/em><\/strong><\/h5>\n<p style=\"text-align: justify;\">Est\u00e3o abertas as inscri\u00e7\u00f5es para o <strong>Concurso Sou de Algod\u00e3o<\/strong>, uma das iniciativas mais relevantes da <strong>Casa de Criadores<\/strong> voltadas \u00e0 descoberta e valoriza\u00e7\u00e3o de <strong>novos estilistas no Brasil<\/strong>. Em 2026, o projeto refor\u00e7a seu <strong>compromisso com a moda autoral<\/strong>, o uso do <strong>algod\u00e3o brasileiro<\/strong> e a constru\u00e7\u00e3o de narrativas criativas alinhadas \u00e0 sustentabilidade e inova\u00e7\u00e3o.<\/p>\n<figure id=\"attachment_11681\" aria-describedby=\"caption-attachment-11681\" style=\"width: 895px\" class=\"wp-caption aligncenter\"><img fetchpriority=\"high\" decoding=\"async\" class=\"wp-image-11681 size-large\" src=\"http:\/\/lackman.com.br\/wp-content\/uploads\/2026\/01\/Lucas-Caslu-2-895x1024.jpeg\" alt=\"\" width=\"895\" height=\"1024\" srcset=\"https:\/\/lackman.com.br\/wp-content\/uploads\/2026\/01\/Lucas-Caslu-2-895x1024.jpeg 895w, https:\/\/lackman.com.br\/wp-content\/uploads\/2026\/01\/Lucas-Caslu-2-262x300.jpeg 262w, https:\/\/lackman.com.br\/wp-content\/uploads\/2026\/01\/Lucas-Caslu-2-768x879.jpeg 768w, https:\/\/lackman.com.br\/wp-content\/uploads\/2026\/01\/Lucas-Caslu-2-100x114.jpeg 100w, https:\/\/lackman.com.br\/wp-content\/uploads\/2026\/01\/Lucas-Caslu-2.jpeg 1320w\" sizes=\"(max-width: 895px) 100vw, 895px\" \/><figcaption id=\"caption-attachment-11681\" class=\"wp-caption-text\"><strong> Look Lucas Casl\u00fa<\/strong><\/figcaption><\/figure>\n<p style=\"text-align: justify;\">Ao longo das \u00faltimas edi\u00e7\u00f5es, o Sou de Algod\u00e3o revelou talentos como <strong>Lucas Casl\u00fa<\/strong> (2024\/2025), <strong>Guilherme Dutra<\/strong> (2022) e <strong>Mateus Cardoso<\/strong> (2019). Na edi\u00e7\u00e3o mais recente, a aluna do Instituto Federal de Bras\u00edlia (IFB), <strong>J\u00falia The\u00f3filo<\/strong> foi uma das finalistas. Mais do que uma competi\u00e7\u00e3o, o concurso funciona como uma vitrine de visibilidade, amadurecimento e conex\u00e3o com a ind\u00fastria.<\/p>\n<figure id=\"attachment_11679\" aria-describedby=\"caption-attachment-11679\" style=\"width: 793px\" class=\"wp-caption aligncenter\"><img decoding=\"async\" class=\"wp-image-11679 size-large\" src=\"http:\/\/lackman.com.br\/wp-content\/uploads\/2026\/01\/Julia-Theofilo-793x1024.jpeg\" alt=\"\" width=\"793\" height=\"1024\" srcset=\"https:\/\/lackman.com.br\/wp-content\/uploads\/2026\/01\/Julia-Theofilo-793x1024.jpeg 793w, https:\/\/lackman.com.br\/wp-content\/uploads\/2026\/01\/Julia-Theofilo-232x300.jpeg 232w, https:\/\/lackman.com.br\/wp-content\/uploads\/2026\/01\/Julia-Theofilo-768x991.jpeg 768w, https:\/\/lackman.com.br\/wp-content\/uploads\/2026\/01\/Julia-Theofilo-100x129.jpeg 100w, https:\/\/lackman.com.br\/wp-content\/uploads\/2026\/01\/Julia-Theofilo-1190x1536.jpeg 1190w, https:\/\/lackman.com.br\/wp-content\/uploads\/2026\/01\/Julia-Theofilo.jpeg 1249w\" sizes=\"(max-width: 793px) 100vw, 793px\" \/><figcaption id=\"caption-attachment-11679\" class=\"wp-caption-text\"><span style=\"color: #000000;\"><strong> Look de J\u00falia The\u00f3filo desfilado na final do Desafio Sou de Algod\u00e3o<\/strong><\/span><\/figcaption><\/figure>\n<p style=\"text-align: justify;\">Para os criadores de Bras\u00edlia, o momento \u00e9 estrat\u00e9gico. A capital tem uma cena autoral potente e diversa, ainda sub-representada em concursos nacionais desse porte. Participar do Sou de Algod\u00e3o \u00e9 uma oportunidade de ocupar espa\u00e7o, ampliar repert\u00f3rio e colocar o DF no radar da moda brasileira. <strong>As inscri\u00e7\u00f5es j\u00e1 est\u00e3o abertas<\/strong> e o regulamento completo pode ser conferido nos canais oficiais da Casa de Criadores e do movimento Sou de Algod\u00e3o, ou no\u00a0<strong><a href=\"http:\/\/soudealgodao.com.br\/\" target=\"_blank\" rel=\"noopener\" data-saferedirecturl=\"https:\/\/www.google.com\/url?q=http:\/\/soudealgodao.com.br&amp;source=gmail&amp;ust=1769556520920000&amp;usg=AOvVaw1p6rzYFGLakk-CHKYs-KHL\">soudealgodao.com.br<\/a>\u00a0<\/strong><\/p>\n<hr \/>\n<pre>Fotos: Divulga\u00e7\u00e3o<\/pre>\n","protected":false},"excerpt":{"rendered":"<p>Concurso abre inscri\u00e7\u00f5es para 2026 e convoca talentos de todo pa\u00eds para apresentarem cole\u00e7\u00f5es naturais e que valorizam o Brasil Est\u00e3o abertas as inscri\u00e7\u00f5es para o Concurso Sou de Algod\u00e3o, uma das iniciativas mais relevantes da Casa de Criadores voltadas \u00e0 descoberta e valoriza\u00e7\u00e3o de novos estilistas no Brasil. Em 2026, o projeto refor\u00e7a seu compromisso com a moda autoral, o uso do algod\u00e3o brasileiro e a constru\u00e7\u00e3o de narrativas criativas alinhadas \u00e0 sustentabilidade e inova\u00e7\u00e3o. Ao longo das \u00faltimas edi\u00e7\u00f5es, o Sou de Algod\u00e3o revelou talentos como Lucas Casl\u00fa (2024\/2025), Guilherme Dutra (2022) e Mateus Cardoso (2019). Na edi\u00e7\u00e3o mais recente, a aluna do Instituto Federal de Bras\u00edlia (IFB), J\u00falia The\u00f3filo foi uma das finalistas. Mais do que uma competi\u00e7\u00e3o, o concurso funciona como uma vitrine de visibilidade, amadurecimento e conex\u00e3o com a ind\u00fastria. Para os criadores de Bras\u00edlia, o momento \u00e9 estrat\u00e9gico. A capital tem uma cena autoral potente e diversa, ainda sub-representada em concursos nacionais desse porte. Participar do Sou de Algod\u00e3o \u00e9 uma oportunidade de ocupar espa\u00e7o, ampliar repert\u00f3rio e colocar o DF no radar da moda brasileira. As inscri\u00e7\u00f5es j\u00e1 est\u00e3o abertas e o regulamento completo pode ser conferido nos canais oficiais da Casa de Criadores e do movimento Sou de Algod\u00e3o, ou no\u00a0soudealgodao.com.br\u00a0 Fotos: Divulga\u00e7\u00e3o<\/p>\n","protected":false},"author":2,"featured_media":11680,"comment_status":"closed","ping_status":"open","sticky":false,"template":"","format":"standard","meta":{"site-sidebar-layout":"default","site-content-layout":"","ast-site-content-layout":"default","site-content-style":"default","site-sidebar-style":"default","ast-global-header-display":"","ast-banner-title-visibility":"","ast-main-header-display":"","ast-hfb-above-header-display":"","ast-hfb-below-header-display":"","ast-hfb-mobile-header-display":"","site-post-title":"","ast-breadcrumbs-content":"","ast-featured-img":"","footer-sml-layout":"","ast-disable-related-posts":"","theme-transparent-header-meta":"default","adv-header-id-meta":"","stick-header-meta":"","header-above-stick-meta":"","header-main-stick-meta":"","header-below-stick-meta":"","astra-migrate-meta-layouts":"set","ast-page-background-enabled":"default","ast-page-background-meta":{"desktop":{"background-color":"","background-image":"","background-repeat":"repeat","background-position":"center center","background-size":"auto","background-attachment":"scroll","background-type":"","background-media":"","overlay-type":"","overlay-color":"","overlay-opacity":"","overlay-gradient":""},"tablet":{"background-color":"","background-image":"","background-repeat":"repeat","background-position":"center center","background-size":"auto","background-attachment":"scroll","background-type":"","background-media":"","overlay-type":"","overlay-color":"","overlay-opacity":"","overlay-gradient":""},"mobile":{"background-color":"","background-image":"","background-repeat":"repeat","background-position":"center center","background-size":"auto","background-attachment":"scroll","background-type":"","background-media":"","overlay-type":"","overlay-color":"","overlay-opacity":"","overlay-gradient":""}},"ast-content-background-meta":{"desktop":{"background-color":"var(--ast-global-color-5)","background-image":"","background-repeat":"repeat","background-position":"center center","background-size":"auto","background-attachment":"scroll","background-type":"","background-media":"","overlay-type":"","overlay-color":"","overlay-opacity":"","overlay-gradient":""},"tablet":{"background-color":"var(--ast-global-color-5)","background-image":"","background-repeat":"repeat","background-position":"center center","background-size":"auto","background-attachment":"scroll","background-type":"","background-media":"","overlay-type":"","overlay-color":"","overlay-opacity":"","overlay-gradient":""},"mobile":{"background-color":"var(--ast-global-color-5)","background-image":"","background-repeat":"repeat","background-position":"center center","background-size":"auto","background-attachment":"scroll","background-type":"","background-media":"","overlay-type":"","overlay-color":"","overlay-opacity":"","overlay-gradient":""}},"footnotes":""},"categories":[35,38],"tags":[1355,2034,1360,556,1356,117],"class_list":["post-11678","post","type-post","status-publish","format-standard","has-post-thumbnail","hentry","category-moda","category-passarela","tag-casa-de-criadores","tag-cdc","tag-desafio-sou-de-algodao","tag-desfile","tag-sou-de-algodao","tag-sp"],"yoast_head":"<!-- This site is optimized with the Yoast SEO plugin v27.0 - https:\/\/yoast.com\/product\/yoast-seo-wordpress\/ -->\n<title>Sou de Algod\u00e3o e a chance para Casa de Criadores - LACKMAN &amp; CO.<\/title>\n<meta name=\"robots\" content=\"index, follow, max-snippet:-1, max-image-preview:large, max-video-preview:-1\" \/>\n<link rel=\"canonical\" href=\"https:\/\/lackman.com.br\/index.php\/2026\/01\/27\/sou-de-algodao-e-a-chance-para-casa-de-criadores\/\" \/>\n<meta property=\"og:locale\" content=\"pt_BR\" \/>\n<meta property=\"og:type\" content=\"article\" \/>\n<meta property=\"og:title\" content=\"Sou de Algod\u00e3o e a chance para Casa de Criadores - LACKMAN &amp; CO.\" \/>\n<meta property=\"og:description\" content=\"Concurso abre inscri\u00e7\u00f5es para 2026 e convoca talentos de todo pa\u00eds para apresentarem cole\u00e7\u00f5es naturais e que valorizam o Brasil Est\u00e3o abertas as inscri\u00e7\u00f5es para o Concurso Sou de Algod\u00e3o, uma das iniciativas mais relevantes da Casa de Criadores voltadas \u00e0 descoberta e valoriza\u00e7\u00e3o de novos estilistas no Brasil. Em 2026, o projeto refor\u00e7a seu compromisso com a moda autoral, o uso do algod\u00e3o brasileiro e a constru\u00e7\u00e3o de narrativas criativas alinhadas \u00e0 sustentabilidade e inova\u00e7\u00e3o. Ao longo das \u00faltimas edi\u00e7\u00f5es, o Sou de Algod\u00e3o revelou talentos como Lucas Casl\u00fa (2024\/2025), Guilherme Dutra (2022) e Mateus Cardoso (2019). Na edi\u00e7\u00e3o mais recente, a aluna do Instituto Federal de Bras\u00edlia (IFB), J\u00falia The\u00f3filo foi uma das finalistas. Mais do que uma competi\u00e7\u00e3o, o concurso funciona como uma vitrine de visibilidade, amadurecimento e conex\u00e3o com a ind\u00fastria. Para os criadores de Bras\u00edlia, o momento \u00e9 estrat\u00e9gico. A capital tem uma cena autoral potente e diversa, ainda sub-representada em concursos nacionais desse porte. Participar do Sou de Algod\u00e3o \u00e9 uma oportunidade de ocupar espa\u00e7o, ampliar repert\u00f3rio e colocar o DF no radar da moda brasileira. As inscri\u00e7\u00f5es j\u00e1 est\u00e3o abertas e o regulamento completo pode ser conferido nos canais oficiais da Casa de Criadores e do movimento Sou de Algod\u00e3o, ou no\u00a0soudealgodao.com.br\u00a0 Fotos: Divulga\u00e7\u00e3o\" \/>\n<meta property=\"og:url\" content=\"https:\/\/lackman.com.br\/index.php\/2026\/01\/27\/sou-de-algodao-e-a-chance-para-casa-de-criadores\/\" \/>\n<meta property=\"og:site_name\" content=\"LACKMAN &amp; CO.\" \/>\n<meta property=\"article:author\" content=\"https:\/\/www.facebook.com\/fernandolackman\" \/>\n<meta property=\"article:published_time\" content=\"2026-01-27T10:30:31+00:00\" \/>\n<meta property=\"article:modified_time\" content=\"2026-01-27T18:04:14+00:00\" \/>\n<meta property=\"og:image\" content=\"http:\/\/lackman.com.br\/wp-content\/uploads\/2026\/01\/Lucas-Caslu-1.jpeg\" \/>\n\t<meta property=\"og:image:width\" content=\"1046\" \/>\n\t<meta property=\"og:image:height\" content=\"1314\" \/>\n\t<meta property=\"og:image:type\" content=\"image\/jpeg\" \/>\n<meta name=\"author\" content=\"Fernando Lackman\" \/>\n<meta name=\"twitter:card\" content=\"summary_large_image\" \/>\n<meta name=\"twitter:creator\" content=\"@fernandolackman\" \/>\n<meta name=\"twitter:label1\" content=\"Escrito por\" \/>\n\t<meta name=\"twitter:data1\" content=\"Fernando Lackman\" \/>\n\t<meta name=\"twitter:label2\" content=\"Est. tempo de leitura\" \/>\n\t<meta name=\"twitter:data2\" content=\"2 minutos\" \/>\n<script type=\"application\/ld+json\" class=\"yoast-schema-graph\">{\"@context\":\"https:\/\/schema.org\",\"@graph\":[{\"@type\":\"Article\",\"@id\":\"https:\/\/lackman.com.br\/index.php\/2026\/01\/27\/sou-de-algodao-e-a-chance-para-casa-de-criadores\/#article\",\"isPartOf\":{\"@id\":\"https:\/\/lackman.com.br\/index.php\/2026\/01\/27\/sou-de-algodao-e-a-chance-para-casa-de-criadores\/\"},\"author\":{\"name\":\"Fernando Lackman\",\"@id\":\"https:\/\/lackman.com.br\/#\/schema\/person\/dbfb3fbfc55f2b0bd4f9039696e70858\"},\"headline\":\"Sou de Algod\u00e3o e a chance para Casa de Criadores\",\"datePublished\":\"2026-01-27T10:30:31+00:00\",\"dateModified\":\"2026-01-27T18:04:14+00:00\",\"mainEntityOfPage\":{\"@id\":\"https:\/\/lackman.com.br\/index.php\/2026\/01\/27\/sou-de-algodao-e-a-chance-para-casa-de-criadores\/\"},\"wordCount\":274,\"publisher\":{\"@id\":\"https:\/\/lackman.com.br\/#organization\"},\"image\":{\"@id\":\"https:\/\/lackman.com.br\/index.php\/2026\/01\/27\/sou-de-algodao-e-a-chance-para-casa-de-criadores\/#primaryimage\"},\"thumbnailUrl\":\"https:\/\/lackman.com.br\/wp-content\/uploads\/2026\/01\/Lucas-Caslu-1.jpeg\",\"keywords\":[\"casa de criadores\",\"cdc\",\"desafio sou de algod\u00e3o\",\"desfile\",\"sou de algod\u00e3o\",\"sp\"],\"articleSection\":[\"Moda\",\"Passarela\"],\"inLanguage\":\"pt-BR\"},{\"@type\":\"WebPage\",\"@id\":\"https:\/\/lackman.com.br\/index.php\/2026\/01\/27\/sou-de-algodao-e-a-chance-para-casa-de-criadores\/\",\"url\":\"https:\/\/lackman.com.br\/index.php\/2026\/01\/27\/sou-de-algodao-e-a-chance-para-casa-de-criadores\/\",\"name\":\"Sou de Algod\u00e3o e a chance para Casa de Criadores - LACKMAN &amp; CO.\",\"isPartOf\":{\"@id\":\"https:\/\/lackman.com.br\/#website\"},\"primaryImageOfPage\":{\"@id\":\"https:\/\/lackman.com.br\/index.php\/2026\/01\/27\/sou-de-algodao-e-a-chance-para-casa-de-criadores\/#primaryimage\"},\"image\":{\"@id\":\"https:\/\/lackman.com.br\/index.php\/2026\/01\/27\/sou-de-algodao-e-a-chance-para-casa-de-criadores\/#primaryimage\"},\"thumbnailUrl\":\"https:\/\/lackman.com.br\/wp-content\/uploads\/2026\/01\/Lucas-Caslu-1.jpeg\",\"datePublished\":\"2026-01-27T10:30:31+00:00\",\"dateModified\":\"2026-01-27T18:04:14+00:00\",\"breadcrumb\":{\"@id\":\"https:\/\/lackman.com.br\/index.php\/2026\/01\/27\/sou-de-algodao-e-a-chance-para-casa-de-criadores\/#breadcrumb\"},\"inLanguage\":\"pt-BR\",\"potentialAction\":[{\"@type\":\"ReadAction\",\"target\":[\"https:\/\/lackman.com.br\/index.php\/2026\/01\/27\/sou-de-algodao-e-a-chance-para-casa-de-criadores\/\"]}]},{\"@type\":\"ImageObject\",\"inLanguage\":\"pt-BR\",\"@id\":\"https:\/\/lackman.com.br\/index.php\/2026\/01\/27\/sou-de-algodao-e-a-chance-para-casa-de-criadores\/#primaryimage\",\"url\":\"https:\/\/lackman.com.br\/wp-content\/uploads\/2026\/01\/Lucas-Caslu-1.jpeg\",\"contentUrl\":\"https:\/\/lackman.com.br\/wp-content\/uploads\/2026\/01\/Lucas-Caslu-1.jpeg\",\"width\":1046,\"height\":1314},{\"@type\":\"BreadcrumbList\",\"@id\":\"https:\/\/lackman.com.br\/index.php\/2026\/01\/27\/sou-de-algodao-e-a-chance-para-casa-de-criadores\/#breadcrumb\",\"itemListElement\":[{\"@type\":\"ListItem\",\"position\":1,\"name\":\"In\u00edcio\",\"item\":\"https:\/\/lackman.com.br\/\"},{\"@type\":\"ListItem\",\"position\":2,\"name\":\"Sou de Algod\u00e3o e a chance para Casa de Criadores\"}]},{\"@type\":\"WebSite\",\"@id\":\"https:\/\/lackman.com.br\/#website\",\"url\":\"https:\/\/lackman.com.br\/\",\"name\":\"LACKMAN &amp; CO.\",\"description\":\"VIDA | MODA | ARTE\",\"publisher\":{\"@id\":\"https:\/\/lackman.com.br\/#organization\"},\"potentialAction\":[{\"@type\":\"SearchAction\",\"target\":{\"@type\":\"EntryPoint\",\"urlTemplate\":\"https:\/\/lackman.com.br\/?s={search_term_string}\"},\"query-input\":{\"@type\":\"PropertyValueSpecification\",\"valueRequired\":true,\"valueName\":\"search_term_string\"}}],\"inLanguage\":\"pt-BR\"},{\"@type\":\"Organization\",\"@id\":\"https:\/\/lackman.com.br\/#organization\",\"name\":\"LACKMAN &amp; CO.\",\"url\":\"https:\/\/lackman.com.br\/\",\"logo\":{\"@type\":\"ImageObject\",\"inLanguage\":\"pt-BR\",\"@id\":\"https:\/\/lackman.com.br\/#\/schema\/logo\/image\/\",\"url\":\"https:\/\/lackman.com.br\/wp-content\/uploads\/2023\/06\/Logotipo_preto-1.png\",\"contentUrl\":\"https:\/\/lackman.com.br\/wp-content\/uploads\/2023\/06\/Logotipo_preto-1.png\",\"width\":739,\"height\":393,\"caption\":\"LACKMAN &amp; CO.\"},\"image\":{\"@id\":\"https:\/\/lackman.com.br\/#\/schema\/logo\/image\/\"}},{\"@type\":\"Person\",\"@id\":\"https:\/\/lackman.com.br\/#\/schema\/person\/dbfb3fbfc55f2b0bd4f9039696e70858\",\"name\":\"Fernando Lackman\",\"image\":{\"@type\":\"ImageObject\",\"inLanguage\":\"pt-BR\",\"@id\":\"https:\/\/lackman.com.br\/#\/schema\/person\/image\/\",\"url\":\"https:\/\/secure.gravatar.com\/avatar\/ae7993150af197e66480c8a769891833dd2b8d809f0d9ff3f25af796cf378ce8?s=96&d=mm&r=g\",\"contentUrl\":\"https:\/\/secure.gravatar.com\/avatar\/ae7993150af197e66480c8a769891833dd2b8d809f0d9ff3f25af796cf378ce8?s=96&d=mm&r=g\",\"caption\":\"Fernando Lackman\"},\"description\":\"Fernando Lackman \u00e9 jornalista especializado em Moda e Cultura, editor do site LACKMAN.com.br. \u00c9 autor do livro Bras\u00edlia Capital dos Criadores, que conta a hist\u00f3ria da moda no Distrito Federal. Tem em seu curr\u00edculo assinatura de dire\u00e7\u00e3o criativa e de desfiles em eventos como Estilo DF Plaza, Summer Collections, JK Street Fashion, Desfile Beleza Negra (DBN), PicniK Fashion Show, Vogue Fashion\u2019s Night Out Bras\u00edlia, entre outros. Foi diretor criativo do extinto Capital Fashion Week. Atualmente trabalha na dire\u00e7\u00e3o criativa de eventos como Top CUFA, BSB Fashion Street, Bras\u00edlia Fashion House, Ateli\u00ea Bras\u00edlia e Goi\u00e1s Fashion Week.\",\"sameAs\":[\"https:\/\/lackman.com.br\/\",\"https:\/\/www.facebook.com\/fernandolackman\",\"https:\/\/www.instagram.com\/fernandolackman\/\",\"https:\/\/www.linkedin.com\/in\/fernando-lackman\/\",\"https:\/\/br.pinterest.com\/fernandolackman\/\",\"https:\/\/x.com\/fernandolackman\"],\"url\":\"https:\/\/lackman.com.br\/index.php\/author\/fernando-lackman\/\"}]}<\/script>\n<!-- \/ Yoast SEO plugin. -->","yoast_head_json":{"title":"Sou de Algod\u00e3o e a chance para Casa de Criadores - LACKMAN &amp; CO.","robots":{"index":"index","follow":"follow","max-snippet":"max-snippet:-1","max-image-preview":"max-image-preview:large","max-video-preview":"max-video-preview:-1"},"canonical":"https:\/\/lackman.com.br\/index.php\/2026\/01\/27\/sou-de-algodao-e-a-chance-para-casa-de-criadores\/","og_locale":"pt_BR","og_type":"article","og_title":"Sou de Algod\u00e3o e a chance para Casa de Criadores - LACKMAN &amp; CO.","og_description":"Concurso abre inscri\u00e7\u00f5es para 2026 e convoca talentos de todo pa\u00eds para apresentarem cole\u00e7\u00f5es naturais e que valorizam o Brasil Est\u00e3o abertas as inscri\u00e7\u00f5es para o Concurso Sou de Algod\u00e3o, uma das iniciativas mais relevantes da Casa de Criadores voltadas \u00e0 descoberta e valoriza\u00e7\u00e3o de novos estilistas no Brasil. Em 2026, o projeto refor\u00e7a seu compromisso com a moda autoral, o uso do algod\u00e3o brasileiro e a constru\u00e7\u00e3o de narrativas criativas alinhadas \u00e0 sustentabilidade e inova\u00e7\u00e3o. Ao longo das \u00faltimas edi\u00e7\u00f5es, o Sou de Algod\u00e3o revelou talentos como Lucas Casl\u00fa (2024\/2025), Guilherme Dutra (2022) e Mateus Cardoso (2019). Na edi\u00e7\u00e3o mais recente, a aluna do Instituto Federal de Bras\u00edlia (IFB), J\u00falia The\u00f3filo foi uma das finalistas. Mais do que uma competi\u00e7\u00e3o, o concurso funciona como uma vitrine de visibilidade, amadurecimento e conex\u00e3o com a ind\u00fastria. Para os criadores de Bras\u00edlia, o momento \u00e9 estrat\u00e9gico. A capital tem uma cena autoral potente e diversa, ainda sub-representada em concursos nacionais desse porte. Participar do Sou de Algod\u00e3o \u00e9 uma oportunidade de ocupar espa\u00e7o, ampliar repert\u00f3rio e colocar o DF no radar da moda brasileira. As inscri\u00e7\u00f5es j\u00e1 est\u00e3o abertas e o regulamento completo pode ser conferido nos canais oficiais da Casa de Criadores e do movimento Sou de Algod\u00e3o, ou no\u00a0soudealgodao.com.br\u00a0 Fotos: Divulga\u00e7\u00e3o","og_url":"https:\/\/lackman.com.br\/index.php\/2026\/01\/27\/sou-de-algodao-e-a-chance-para-casa-de-criadores\/","og_site_name":"LACKMAN &amp; CO.","article_author":"https:\/\/www.facebook.com\/fernandolackman","article_published_time":"2026-01-27T10:30:31+00:00","article_modified_time":"2026-01-27T18:04:14+00:00","og_image":[{"width":1046,"height":1314,"url":"http:\/\/lackman.com.br\/wp-content\/uploads\/2026\/01\/Lucas-Caslu-1.jpeg","type":"image\/jpeg"}],"author":"Fernando Lackman","twitter_card":"summary_large_image","twitter_creator":"@fernandolackman","twitter_misc":{"Escrito por":"Fernando Lackman","Est. tempo de leitura":"2 minutos"},"schema":{"@context":"https:\/\/schema.org","@graph":[{"@type":"Article","@id":"https:\/\/lackman.com.br\/index.php\/2026\/01\/27\/sou-de-algodao-e-a-chance-para-casa-de-criadores\/#article","isPartOf":{"@id":"https:\/\/lackman.com.br\/index.php\/2026\/01\/27\/sou-de-algodao-e-a-chance-para-casa-de-criadores\/"},"author":{"name":"Fernando Lackman","@id":"https:\/\/lackman.com.br\/#\/schema\/person\/dbfb3fbfc55f2b0bd4f9039696e70858"},"headline":"Sou de Algod\u00e3o e a chance para Casa de Criadores","datePublished":"2026-01-27T10:30:31+00:00","dateModified":"2026-01-27T18:04:14+00:00","mainEntityOfPage":{"@id":"https:\/\/lackman.com.br\/index.php\/2026\/01\/27\/sou-de-algodao-e-a-chance-para-casa-de-criadores\/"},"wordCount":274,"publisher":{"@id":"https:\/\/lackman.com.br\/#organization"},"image":{"@id":"https:\/\/lackman.com.br\/index.php\/2026\/01\/27\/sou-de-algodao-e-a-chance-para-casa-de-criadores\/#primaryimage"},"thumbnailUrl":"https:\/\/lackman.com.br\/wp-content\/uploads\/2026\/01\/Lucas-Caslu-1.jpeg","keywords":["casa de criadores","cdc","desafio sou de algod\u00e3o","desfile","sou de algod\u00e3o","sp"],"articleSection":["Moda","Passarela"],"inLanguage":"pt-BR"},{"@type":"WebPage","@id":"https:\/\/lackman.com.br\/index.php\/2026\/01\/27\/sou-de-algodao-e-a-chance-para-casa-de-criadores\/","url":"https:\/\/lackman.com.br\/index.php\/2026\/01\/27\/sou-de-algodao-e-a-chance-para-casa-de-criadores\/","name":"Sou de Algod\u00e3o e a chance para Casa de Criadores - LACKMAN &amp; CO.","isPartOf":{"@id":"https:\/\/lackman.com.br\/#website"},"primaryImageOfPage":{"@id":"https:\/\/lackman.com.br\/index.php\/2026\/01\/27\/sou-de-algodao-e-a-chance-para-casa-de-criadores\/#primaryimage"},"image":{"@id":"https:\/\/lackman.com.br\/index.php\/2026\/01\/27\/sou-de-algodao-e-a-chance-para-casa-de-criadores\/#primaryimage"},"thumbnailUrl":"https:\/\/lackman.com.br\/wp-content\/uploads\/2026\/01\/Lucas-Caslu-1.jpeg","datePublished":"2026-01-27T10:30:31+00:00","dateModified":"2026-01-27T18:04:14+00:00","breadcrumb":{"@id":"https:\/\/lackman.com.br\/index.php\/2026\/01\/27\/sou-de-algodao-e-a-chance-para-casa-de-criadores\/#breadcrumb"},"inLanguage":"pt-BR","potentialAction":[{"@type":"ReadAction","target":["https:\/\/lackman.com.br\/index.php\/2026\/01\/27\/sou-de-algodao-e-a-chance-para-casa-de-criadores\/"]}]},{"@type":"ImageObject","inLanguage":"pt-BR","@id":"https:\/\/lackman.com.br\/index.php\/2026\/01\/27\/sou-de-algodao-e-a-chance-para-casa-de-criadores\/#primaryimage","url":"https:\/\/lackman.com.br\/wp-content\/uploads\/2026\/01\/Lucas-Caslu-1.jpeg","contentUrl":"https:\/\/lackman.com.br\/wp-content\/uploads\/2026\/01\/Lucas-Caslu-1.jpeg","width":1046,"height":1314},{"@type":"BreadcrumbList","@id":"https:\/\/lackman.com.br\/index.php\/2026\/01\/27\/sou-de-algodao-e-a-chance-para-casa-de-criadores\/#breadcrumb","itemListElement":[{"@type":"ListItem","position":1,"name":"In\u00edcio","item":"https:\/\/lackman.com.br\/"},{"@type":"ListItem","position":2,"name":"Sou de Algod\u00e3o e a chance para Casa de Criadores"}]},{"@type":"WebSite","@id":"https:\/\/lackman.com.br\/#website","url":"https:\/\/lackman.com.br\/","name":"LACKMAN &amp; CO.","description":"VIDA | MODA | ARTE","publisher":{"@id":"https:\/\/lackman.com.br\/#organization"},"potentialAction":[{"@type":"SearchAction","target":{"@type":"EntryPoint","urlTemplate":"https:\/\/lackman.com.br\/?s={search_term_string}"},"query-input":{"@type":"PropertyValueSpecification","valueRequired":true,"valueName":"search_term_string"}}],"inLanguage":"pt-BR"},{"@type":"Organization","@id":"https:\/\/lackman.com.br\/#organization","name":"LACKMAN &amp; CO.","url":"https:\/\/lackman.com.br\/","logo":{"@type":"ImageObject","inLanguage":"pt-BR","@id":"https:\/\/lackman.com.br\/#\/schema\/logo\/image\/","url":"https:\/\/lackman.com.br\/wp-content\/uploads\/2023\/06\/Logotipo_preto-1.png","contentUrl":"https:\/\/lackman.com.br\/wp-content\/uploads\/2023\/06\/Logotipo_preto-1.png","width":739,"height":393,"caption":"LACKMAN &amp; CO."},"image":{"@id":"https:\/\/lackman.com.br\/#\/schema\/logo\/image\/"}},{"@type":"Person","@id":"https:\/\/lackman.com.br\/#\/schema\/person\/dbfb3fbfc55f2b0bd4f9039696e70858","name":"Fernando Lackman","image":{"@type":"ImageObject","inLanguage":"pt-BR","@id":"https:\/\/lackman.com.br\/#\/schema\/person\/image\/","url":"https:\/\/secure.gravatar.com\/avatar\/ae7993150af197e66480c8a769891833dd2b8d809f0d9ff3f25af796cf378ce8?s=96&d=mm&r=g","contentUrl":"https:\/\/secure.gravatar.com\/avatar\/ae7993150af197e66480c8a769891833dd2b8d809f0d9ff3f25af796cf378ce8?s=96&d=mm&r=g","caption":"Fernando Lackman"},"description":"Fernando Lackman \u00e9 jornalista especializado em Moda e Cultura, editor do site LACKMAN.com.br. \u00c9 autor do livro Bras\u00edlia Capital dos Criadores, que conta a hist\u00f3ria da moda no Distrito Federal. Tem em seu curr\u00edculo assinatura de dire\u00e7\u00e3o criativa e de desfiles em eventos como Estilo DF Plaza, Summer Collections, JK Street Fashion, Desfile Beleza Negra (DBN), PicniK Fashion Show, Vogue Fashion\u2019s Night Out Bras\u00edlia, entre outros. Foi diretor criativo do extinto Capital Fashion Week. Atualmente trabalha na dire\u00e7\u00e3o criativa de eventos como Top CUFA, BSB Fashion Street, Bras\u00edlia Fashion House, Ateli\u00ea Bras\u00edlia e Goi\u00e1s Fashion Week.","sameAs":["https:\/\/lackman.com.br\/","https:\/\/www.facebook.com\/fernandolackman","https:\/\/www.instagram.com\/fernandolackman\/","https:\/\/www.linkedin.com\/in\/fernando-lackman\/","https:\/\/br.pinterest.com\/fernandolackman\/","https:\/\/x.com\/fernandolackman"],"url":"https:\/\/lackman.com.br\/index.php\/author\/fernando-lackman\/"}]}},"rttpg_featured_image_url":{"full":["https:\/\/lackman.com.br\/wp-content\/uploads\/2026\/01\/Lucas-Caslu-1.jpeg",1046,1314,false],"landscape":["https:\/\/lackman.com.br\/wp-content\/uploads\/2026\/01\/Lucas-Caslu-1.jpeg",1046,1314,false],"portraits":["https:\/\/lackman.com.br\/wp-content\/uploads\/2026\/01\/Lucas-Caslu-1.jpeg",1046,1314,false],"thumbnail":["https:\/\/lackman.com.br\/wp-content\/uploads\/2026\/01\/Lucas-Caslu-1-150x150.jpeg",150,150,true],"medium":["https:\/\/lackman.com.br\/wp-content\/uploads\/2026\/01\/Lucas-Caslu-1-239x300.jpeg",239,300,true],"large":["https:\/\/lackman.com.br\/wp-content\/uploads\/2026\/01\/Lucas-Caslu-1-815x1024.jpeg",815,1024,true],"RoboGalleryMansoryImagesCenter":["https:\/\/lackman.com.br\/wp-content\/uploads\/2026\/01\/Lucas-Caslu-1-600x1024.jpeg",600,1024,true],"RoboGalleryPreload":["https:\/\/lackman.com.br\/wp-content\/uploads\/2026\/01\/Lucas-Caslu-1-100x126.jpeg",100,126,true],"1536x1536":["https:\/\/lackman.com.br\/wp-content\/uploads\/2026\/01\/Lucas-Caslu-1.jpeg",1046,1314,false],"2048x2048":["https:\/\/lackman.com.br\/wp-content\/uploads\/2026\/01\/Lucas-Caslu-1.jpeg",1046,1314,false]},"rttpg_author":{"display_name":"Fernando Lackman","author_link":"https:\/\/lackman.com.br\/index.php\/author\/fernando-lackman\/"},"rttpg_comment":0,"rttpg_category":"<a href=\"https:\/\/lackman.com.br\/index.php\/category\/moda\/\" rel=\"category tag\">Moda<\/a> <a href=\"https:\/\/lackman.com.br\/index.php\/category\/moda\/passarela\/\" rel=\"category tag\">Passarela<\/a>","rttpg_excerpt":"Concurso abre inscri\u00e7\u00f5es para 2026 e convoca talentos de todo pa\u00eds para apresentarem cole\u00e7\u00f5es naturais e que valorizam o Brasil Est\u00e3o abertas as inscri\u00e7\u00f5es para o Concurso Sou de Algod\u00e3o, uma das iniciativas mais relevantes da Casa de Criadores voltadas \u00e0 descoberta e valoriza\u00e7\u00e3o de novos estilistas no Brasil. Em 2026, o projeto refor\u00e7a seu&hellip;","_links":{"self":[{"href":"https:\/\/lackman.com.br\/index.php\/wp-json\/wp\/v2\/posts\/11678","targetHints":{"allow":["GET"]}}],"collection":[{"href":"https:\/\/lackman.com.br\/index.php\/wp-json\/wp\/v2\/posts"}],"about":[{"href":"https:\/\/lackman.com.br\/index.php\/wp-json\/wp\/v2\/types\/post"}],"author":[{"embeddable":true,"href":"https:\/\/lackman.com.br\/index.php\/wp-json\/wp\/v2\/users\/2"}],"replies":[{"embeddable":true,"href":"https:\/\/lackman.com.br\/index.php\/wp-json\/wp\/v2\/comments?post=11678"}],"version-history":[{"count":1,"href":"https:\/\/lackman.com.br\/index.php\/wp-json\/wp\/v2\/posts\/11678\/revisions"}],"predecessor-version":[{"id":11682,"href":"https:\/\/lackman.com.br\/index.php\/wp-json\/wp\/v2\/posts\/11678\/revisions\/11682"}],"wp:featuredmedia":[{"embeddable":true,"href":"https:\/\/lackman.com.br\/index.php\/wp-json\/wp\/v2\/media\/11680"}],"wp:attachment":[{"href":"https:\/\/lackman.com.br\/index.php\/wp-json\/wp\/v2\/media?parent=11678"}],"wp:term":[{"taxonomy":"category","embeddable":true,"href":"https:\/\/lackman.com.br\/index.php\/wp-json\/wp\/v2\/categories?post=11678"},{"taxonomy":"post_tag","embeddable":true,"href":"https:\/\/lackman.com.br\/index.php\/wp-json\/wp\/v2\/tags?post=11678"}],"curies":[{"name":"wp","href":"https:\/\/api.w.org\/{rel}","templated":true}]}}