{"id":11671,"date":"2026-01-23T18:07:14","date_gmt":"2026-01-23T21:07:14","guid":{"rendered":"https:\/\/lackman.com.br\/?p=11671"},"modified":"2026-01-23T18:07:14","modified_gmt":"2026-01-23T21:07:14","slug":"a-beira-do-sol-em-cartaz-no-ccbb","status":"publish","type":"post","link":"https:\/\/lackman.com.br\/index.php\/2026\/01\/23\/a-beira-do-sol-em-cartaz-no-ccbb\/","title":{"rendered":"\u201c\u00c0 Beira do Sol\u201d em cartaz no CCBB"},"content":{"rendered":"<h5 style=\"text-align: justify\"><em>Atra\u00e7\u00e3o integra a <\/em>Ocupa\u00e7\u00e3o Os Buriti \u2013 30 anos e fica em cartaz at\u00e9 domingo (25).<\/h5>\n<p style=\"text-align: justify\">\n<p style=\"text-align: justify\">A Cia. <a href=\"https:\/\/www.instagram.com\/osburiti\/\"><strong>Os Buriti<\/strong><\/a> est\u00e1 em cartaz de <strong>22 a 25 de janeiro<\/strong> (quinta a domingo) com o espet\u00e1culo \u201c<em><strong>\u00c0 Beira do Sol<\/strong><\/em>\u201d (classifica\u00e7\u00e3o livre), no teatro do Centro Cultural Banco do Brasil Bras\u00edlia (CCBB Bras\u00edlia). A pe\u00e7a integra a Ocupa\u00e7\u00e3o Os Buriti \u2013 30 anos, que celebra tr\u00eas d\u00e9cadas do grupo. O espet\u00e1culo fica em cartaz na quinta e sexta (22 e 23), \u00e0s 19h; e no s\u00e1bado e domingo (24 e 25), com sess\u00f5es \u00e0s 16h. A sess\u00e3o do dia 23 tem interpreta\u00e7\u00e3o em Libras. Os ingressos est\u00e3o dispon\u00edveis no <a href=\"http:\/\/ccbb.com.br\/brasilia\/programacao\"><strong>site do CCBB Bras\u00edlia<\/strong><\/a> e na bilheteria do CCBB.<\/p>\n<p style=\"text-align: justify\">\u201c<em>\u00c0 Beira do Sol<\/em>\u201d \u00e9 um solo interpretado por Naira Carneiro, que tamb\u00e9m assina a dire\u00e7\u00e3o e a dramaturgia juntamente com Duda Rios (Cia Barca dos Cora\u00e7\u00f5es Partidos). A montagem prop\u00f5e uma imers\u00e3o po\u00e9tica no universo da loucura e do inconsciente. A cria\u00e7\u00e3o se inspira nos artistas Arthur Bispo do Ros\u00e1rio e Profeta Gentileza, e tamb\u00e9m nos relatos da psiquiatra Nise da Silveira. A pe\u00e7a \u00e9 apresentada em sess\u00e3o extra em 22 de janeiro (quinta), \u00e0s 19h. Os ingressos j\u00e1 est\u00e3o dispon\u00edveis na bilheteria f\u00edsica do CCBB e no site.<\/p>\n<p style=\"text-align: justify\">A obra acompanha a trajet\u00f3ria de Arian, que ouve vozes dizendo que o Astro Rei vai se p\u00f4r para nunca mais voltar. Ela, ent\u00e3o, passa a vigiar o Sol para impedir que o mundo fique para sempre na escurid\u00e3o. O espet\u00e1culo recebeu 19 indica\u00e7\u00f5es a pr\u00eamios nacionais, como a de melhor espet\u00e1culo infantil pelo Pr\u00eamio APTR (Associa\u00e7\u00e3o de Produtores de Teatro) e a de melhor atriz no Pr\u00eamio CBTIJ.<\/p>\n<p style=\"text-align: justify\"><strong>Ocupa\u00e7\u00e3o<\/strong><\/p>\n<p><img fetchpriority=\"high\" decoding=\"async\" class=\"aligncenter wp-image-11672 size-full\" src=\"http:\/\/lackman.com.br\/wp-content\/uploads\/2026\/01\/Espetaculo-Depois-do-Silencio-Foto-de-Diego-Bresani-2-scaled.jpg\" alt=\"\" width=\"2560\" height=\"1708\" srcset=\"https:\/\/lackman.com.br\/wp-content\/uploads\/2026\/01\/Espetaculo-Depois-do-Silencio-Foto-de-Diego-Bresani-2-scaled.jpg 2560w, https:\/\/lackman.com.br\/wp-content\/uploads\/2026\/01\/Espetaculo-Depois-do-Silencio-Foto-de-Diego-Bresani-2-300x200.jpg 300w, https:\/\/lackman.com.br\/wp-content\/uploads\/2026\/01\/Espetaculo-Depois-do-Silencio-Foto-de-Diego-Bresani-2-1024x683.jpg 1024w, https:\/\/lackman.com.br\/wp-content\/uploads\/2026\/01\/Espetaculo-Depois-do-Silencio-Foto-de-Diego-Bresani-2-768x513.jpg 768w, https:\/\/lackman.com.br\/wp-content\/uploads\/2026\/01\/Espetaculo-Depois-do-Silencio-Foto-de-Diego-Bresani-2-100x67.jpg 100w, https:\/\/lackman.com.br\/wp-content\/uploads\/2026\/01\/Espetaculo-Depois-do-Silencio-Foto-de-Diego-Bresani-2-1536x1025.jpg 1536w, https:\/\/lackman.com.br\/wp-content\/uploads\/2026\/01\/Espetaculo-Depois-do-Silencio-Foto-de-Diego-Bresani-2-2048x1367.jpg 2048w\" sizes=\"(max-width: 2560px) 100vw, 2560px\" \/><\/p>\n<p style=\"text-align: justify\">Al\u00e9m de \u201c<em>\u00c0 Beira do Sol<\/em>\u201d, a Ocupa\u00e7\u00e3o Os Buriti \u2013 30 anos apresenta ainda os espet\u00e1culos \u201c<em><strong>Cantos de Encontro<\/strong><\/em>\u201d (classifica\u00e7\u00e3o livre). \u201c<em><strong>Depois do Sil\u00eancio<\/strong><\/em>\u201d (foto acima &#8211; classifica\u00e7\u00e3o 12 anos), que fica em cartaz nos fins de semana de 30 de janeiro a 1\u00ba de fevereiro e de 6 a 8 de fevereiro, com sess\u00f5es sempre \u00e0s 19h. As entradas podem ser adquiridas na bilheteria f\u00edsica do CCBB e no site.<\/p>\n<p style=\"text-align: justify\">Com dire\u00e7\u00e3o art\u00edstica e coreografia de Eliana Carneiro, a atra\u00e7\u00e3o se baseia em fatos reais da vida da menina Helen Keller (1880-1968), que perde a vis\u00e3o e a audi\u00e7\u00e3o com poucos anos de idade e passa a viver em um mundo totalmente apartado at\u00e9 a chegada da professora Anne Sullivan. A partir desse encontro, Anne inicia a \u00e1rdua tarefa de ensinar libras t\u00e1til e possibilitar que Helen aprenda a se comunicar com o mundo exterior.<\/p>\n<p style=\"text-align: justify\">A montagem tem no elenco Camila Guerra e Naira Carneiro, que interpretam Anne Sullivan e Helen Keller, e Renata Rezende, atriz surda, que apresenta ao p\u00fablico um contexto atual e autobiogr\u00e1fico, criando um contundente di\u00e1logo paralelo entre as personagens de 1890 e os dias de hoje. A pe\u00e7a \u00e9 bil\u00edngue, encenada em portugu\u00eas e em Libras pelas pr\u00f3prias atrizes, o que a torna acess\u00edvel para pessoas surdas.<\/p>\n<p style=\"text-align: justify\">J\u00e1 \u201c<em>Cantos de Encontro<\/em>\u201d tem sess\u00f5es nos dias 31 de janeiro, 1\u00ba, 7 e 8 de fevereiro, sempre \u00e0s 16h, com venda de ingressos na bilheteria f\u00edsica do CCBB e no site do CCBB. Voltado para crian\u00e7as de todas as idades, o espet\u00e1culo apresenta can\u00e7\u00f5es autorais, hist\u00f3rias, dan\u00e7a e manipula\u00e7\u00e3o de bonecos. Em cena, quatro int\u00e9rpretes apresentam diferentes ritmos da m\u00fasica popular brasileira, em uma montagem que j\u00e1 encantou p\u00fablicos no Brasil e no exterior, com passagens por 40 cidades brasileiras e seis pa\u00edses europeus.<\/p>\n<p style=\"text-align: justify\"><strong>Tr\u00eas d\u00e9cadas<\/strong><br \/>\nCriada em 1995 por Eliana Carneiro, a Cia Os Buriti &#8211; Teatro de Dan\u00e7a se dedica \u00e0 cria\u00e7\u00e3o de espet\u00e1culos para todas as idades, unindo diferentes linguagens art\u00edsticas. A companhia \u00e9 formada pela diretora e atriz Eliana, seus filhos Naira Carneiro e Guian Carneiro, pelas atrizes Camila Guerra e Renata Rezende e pelos m\u00fasicos Jorge Brasil, Andr\u00e9 Togni, Daniel Pitanga, Mar\u00edlia Carvalho, Diogo Vanelli e Carlos Fraz\u00e3o.<\/p>\n<p style=\"text-align: justify\">Ao longo de sua trajet\u00f3ria, o grupo criou 16 espet\u00e1culos autorais, gravou tr\u00eas \u00e1lbuns musicais, lan\u00e7ou tr\u00eas livros infantis, produziu dois curtas-metragens e 14 videoclipes. Desde 2020, realiza a\u00e7\u00f5es art\u00edsticas e educacionais cont\u00ednuas no Espa\u00e7o Cultural Casa Buriti. A companhia j\u00e1 se apresentou em diversas cidades brasileiras e em pa\u00edses como Portugal, Espanha, Alemanha, It\u00e1lia, Fran\u00e7a, \u00c1ustria, Gr\u00e9cia, \u00cdndia, M\u00e9xico, Paraguai e Rom\u00eania, participando de importantes festivais e encontros de teatro, dan\u00e7a e m\u00fasica.<\/p>\n<figure id=\"attachment_11673\" aria-describedby=\"caption-attachment-11673\" style=\"width: 2000px\" class=\"wp-caption aligncenter\"><img decoding=\"async\" class=\"wp-image-11673 size-full\" src=\"http:\/\/lackman.com.br\/wp-content\/uploads\/2026\/01\/Espetaculo-A-Beira-do-Sol-da-Cia.-Os-Buriti-Foto-Diego-Bresani-2.jpg\" alt=\"\" width=\"2000\" height=\"1335\" srcset=\"https:\/\/lackman.com.br\/wp-content\/uploads\/2026\/01\/Espetaculo-A-Beira-do-Sol-da-Cia.-Os-Buriti-Foto-Diego-Bresani-2.jpg 2000w, https:\/\/lackman.com.br\/wp-content\/uploads\/2026\/01\/Espetaculo-A-Beira-do-Sol-da-Cia.-Os-Buriti-Foto-Diego-Bresani-2-300x200.jpg 300w, https:\/\/lackman.com.br\/wp-content\/uploads\/2026\/01\/Espetaculo-A-Beira-do-Sol-da-Cia.-Os-Buriti-Foto-Diego-Bresani-2-1024x684.jpg 1024w, https:\/\/lackman.com.br\/wp-content\/uploads\/2026\/01\/Espetaculo-A-Beira-do-Sol-da-Cia.-Os-Buriti-Foto-Diego-Bresani-2-768x513.jpg 768w, https:\/\/lackman.com.br\/wp-content\/uploads\/2026\/01\/Espetaculo-A-Beira-do-Sol-da-Cia.-Os-Buriti-Foto-Diego-Bresani-2-100x67.jpg 100w, https:\/\/lackman.com.br\/wp-content\/uploads\/2026\/01\/Espetaculo-A-Beira-do-Sol-da-Cia.-Os-Buriti-Foto-Diego-Bresani-2-1536x1025.jpg 1536w\" sizes=\"(max-width: 2000px) 100vw, 2000px\" \/><figcaption id=\"caption-attachment-11673\" class=\"wp-caption-text\">\u00c0 Beira do Sol<\/figcaption><\/figure>\n<p style=\"text-align: justify\"><strong>Parceria<\/strong><br \/>\nO Centro Cultural Banco do Brasil e a Cia. Os Buriti mant\u00eam uma parceria s\u00f3lida desde 2006, com a montagem do espet\u00e1culo &#8220;<em>Cordas e Contos<\/em>&#8220;. Em 2016, essa uni\u00e3o foi reafirmada com o espet\u00e1culo &#8220;<em>Kalo &#8211; Filhos do Vento<\/em>&#8220;. Em seguida, a companhia foi convidada a conceber e realizar a instala\u00e7\u00e3o e a performance de abertura do Museu Permanente do CCBB. Foi no palco do Centro Cultural que os \u00faltimos espet\u00e1culos da companhia, &#8220;<em>\u00c0 Beira do Sol<\/em>&#8221; e &#8220;<em>Depois do Sil\u00eancio<\/em>&#8220;, tiveram suas estreias.<\/p>\n<p style=\"text-align: justify\"><strong>Sobre o CCBB Bras\u00edlia<\/strong><br \/>\nO Centro Cultural Banco do Brasil Bras\u00edlia (CCBB Bras\u00edlia) foi inaugurado em 12 de outubro de 2000. Sediado no Edif\u00edcio Tancredo Neves, uma obra arquitet\u00f4nica de Oscar Niemeyer, tem o objetivo de reunir, em um s\u00f3 lugar, todas as formas de arte e criatividade poss\u00edveis.<\/p>\n<p style=\"text-align: justify\">Com projeto paisag\u00edstico assinado por Alda Rabello Cunha, disp\u00f5e de amplos espa\u00e7os de conviv\u00eancia, galerias de artes, sala de cinema, teatro, pra\u00e7a central e jardins, onde s\u00e3o realizadas exposi\u00e7\u00f5es, shows musicais, espet\u00e1culos, exibi\u00e7\u00f5es de filmes e performances.<\/p>\n<p style=\"text-align: justify\">Al\u00e9m disso, oferece o Programa Educativo CCBB Bras\u00edlia, projeto cont\u00ednuo de arte-educa\u00e7\u00e3o que desenvolve a\u00e7\u00f5es educativas e culturais para aproximar o visitante da programa\u00e7\u00e3o em cartaz, acolhendo o p\u00fablico espont\u00e2neo e, especialmente, estudantes de escolas p\u00fablicas e particulares, universit\u00e1rios e institui\u00e7\u00f5es, por meio de visitas mediadas agendadas.<\/p>\n<p style=\"text-align: justify\">Em 2022, o CCBB Bras\u00edlia se tornou o terceiro pr\u00e9dio do Banco do Brasil a receber a certifica\u00e7\u00e3o ISO 14001, cuja renova\u00e7\u00e3o anual ratifica o compromisso da institui\u00e7\u00e3o com a gest\u00e3o ambiental e a sustentabilidade.<\/p>\n<p style=\"text-align: justify\">\n<p><em><strong>Partiu Teatro?<\/strong><\/em><\/p>\n<p style=\"text-align: justify\"><em><strong>\u201c\u00c0 Beira do Sol\u201d<\/strong> \/ 16 a 25 de janeiro &#8211; sextas \u00e0s 19h; s\u00e1bados e domingos \u00e0s 16h \/ Sess\u00e3o extra em 22 de janeiro (quinta) \u00e0s 19h &#8211; dia 23 com int\u00e9rprete de Libras \/\u00a0Ingressos a R$ 30,00 (inteira) e R$ 15,00 (meia) no <a href=\"http:\/\/ccbb.com.br\/brasilia\/programacao\"><strong>site do CCBB Bras\u00edlia<\/strong><\/a> e na bilheteria\u00a0f\u00edsica do CCBB \/\u00a0Classifica\u00e7\u00e3o: Livre \/ Siga <a href=\"https:\/\/www.instagram.com\/ccbbbrasilia\/\"><strong>@ccbbbrasilia<\/strong><\/a> e <strong><a href=\"https:\/\/www.instagram.com\/osburiti\/\">@osburiti<\/a><\/strong><\/em><\/p>\n<pre>Fotos: Divulga\u00e7\u00e3o<\/pre>\n<p style=\"text-align: justify\">\n","protected":false},"excerpt":{"rendered":"<p>Atra\u00e7\u00e3o integra a Ocupa\u00e7\u00e3o Os Buriti \u2013 30 anos e fica em cartaz at\u00e9 domingo (25). A Cia. Os Buriti est\u00e1 em cartaz de 22 a 25 de janeiro (quinta a domingo) com o espet\u00e1culo \u201c\u00c0 Beira do Sol\u201d (classifica\u00e7\u00e3o livre), no teatro do Centro Cultural Banco do Brasil Bras\u00edlia (CCBB Bras\u00edlia). A pe\u00e7a integra a Ocupa\u00e7\u00e3o Os Buriti \u2013 30 anos, que celebra tr\u00eas d\u00e9cadas do grupo. O espet\u00e1culo fica em cartaz na quinta e sexta (22 e 23), \u00e0s 19h; e no s\u00e1bado e domingo (24 e 25), com sess\u00f5es \u00e0s 16h. A sess\u00e3o do dia 23 tem interpreta\u00e7\u00e3o em Libras. Os ingressos est\u00e3o dispon\u00edveis no site do CCBB Bras\u00edlia e na bilheteria do CCBB. \u201c\u00c0 Beira do Sol\u201d \u00e9 um solo interpretado por Naira Carneiro, que tamb\u00e9m assina a dire\u00e7\u00e3o e a dramaturgia juntamente com Duda Rios (Cia Barca dos Cora\u00e7\u00f5es Partidos). A montagem prop\u00f5e uma imers\u00e3o po\u00e9tica no universo da loucura e do inconsciente. A cria\u00e7\u00e3o se inspira nos artistas Arthur Bispo do Ros\u00e1rio e Profeta Gentileza, e tamb\u00e9m nos relatos da psiquiatra Nise da Silveira. A pe\u00e7a \u00e9 apresentada em sess\u00e3o extra em 22 de janeiro (quinta), \u00e0s 19h. Os ingressos j\u00e1 est\u00e3o dispon\u00edveis na bilheteria f\u00edsica do CCBB e no site. A obra acompanha a trajet\u00f3ria de Arian, que ouve vozes dizendo que o Astro Rei vai se p\u00f4r para nunca mais voltar. Ela, ent\u00e3o, passa a vigiar o Sol para impedir que o mundo fique para sempre na escurid\u00e3o. O espet\u00e1culo recebeu 19 indica\u00e7\u00f5es a pr\u00eamios nacionais, como a de melhor espet\u00e1culo infantil pelo Pr\u00eamio APTR (Associa\u00e7\u00e3o de Produtores de Teatro) e a de melhor atriz no Pr\u00eamio CBTIJ. Ocupa\u00e7\u00e3o Al\u00e9m de \u201c\u00c0 Beira do Sol\u201d, a Ocupa\u00e7\u00e3o Os Buriti \u2013 30 anos apresenta ainda os espet\u00e1culos \u201cCantos de Encontro\u201d (classifica\u00e7\u00e3o livre). \u201cDepois do Sil\u00eancio\u201d (foto acima &#8211; classifica\u00e7\u00e3o 12 anos), que fica em cartaz nos fins de semana de 30 de janeiro a 1\u00ba de fevereiro e de 6 a 8 de fevereiro, com sess\u00f5es sempre \u00e0s 19h. As entradas podem ser adquiridas na bilheteria f\u00edsica do CCBB e no site. Com dire\u00e7\u00e3o art\u00edstica e coreografia de Eliana Carneiro, a atra\u00e7\u00e3o se baseia em fatos reais da vida da menina Helen Keller (1880-1968), que perde a vis\u00e3o e a audi\u00e7\u00e3o com poucos anos de idade e passa a viver em um mundo totalmente apartado at\u00e9 a chegada da professora Anne Sullivan. A partir desse encontro, Anne inicia a \u00e1rdua tarefa de ensinar libras t\u00e1til e possibilitar que Helen aprenda a se comunicar com o mundo exterior. A montagem tem no elenco Camila Guerra e Naira Carneiro, que interpretam Anne Sullivan e Helen Keller, e Renata Rezende, atriz surda, que apresenta ao p\u00fablico um contexto atual e autobiogr\u00e1fico, criando um contundente di\u00e1logo paralelo entre as personagens de 1890 e os dias de hoje. A pe\u00e7a \u00e9 bil\u00edngue, encenada em portugu\u00eas e em Libras pelas pr\u00f3prias atrizes, o que a torna acess\u00edvel para pessoas surdas. J\u00e1 \u201cCantos de Encontro\u201d tem sess\u00f5es nos dias 31 de janeiro, 1\u00ba, 7 e 8 de fevereiro, sempre \u00e0s 16h, com venda de ingressos na bilheteria f\u00edsica do CCBB e no site do CCBB. Voltado para crian\u00e7as de todas as idades, o espet\u00e1culo apresenta can\u00e7\u00f5es autorais, hist\u00f3rias, dan\u00e7a e manipula\u00e7\u00e3o de bonecos. Em cena, quatro int\u00e9rpretes apresentam diferentes ritmos da m\u00fasica popular brasileira, em uma montagem que j\u00e1 encantou p\u00fablicos no Brasil e no exterior, com passagens por 40 cidades brasileiras e seis pa\u00edses europeus. Tr\u00eas d\u00e9cadas Criada em 1995 por Eliana Carneiro, a Cia Os Buriti &#8211; Teatro de Dan\u00e7a se dedica \u00e0 cria\u00e7\u00e3o de espet\u00e1culos para todas as idades, unindo diferentes linguagens art\u00edsticas. A companhia \u00e9 formada pela diretora e atriz Eliana, seus filhos Naira Carneiro e Guian Carneiro, pelas atrizes Camila Guerra e Renata Rezende e pelos m\u00fasicos Jorge Brasil, Andr\u00e9 Togni, Daniel Pitanga, Mar\u00edlia Carvalho, Diogo Vanelli e Carlos Fraz\u00e3o. Ao longo de sua trajet\u00f3ria, o grupo criou 16 espet\u00e1culos autorais, gravou tr\u00eas \u00e1lbuns musicais, lan\u00e7ou tr\u00eas livros infantis, produziu dois curtas-metragens e 14 videoclipes. Desde 2020, realiza a\u00e7\u00f5es art\u00edsticas e educacionais cont\u00ednuas no Espa\u00e7o Cultural Casa Buriti. A companhia j\u00e1 se apresentou em diversas cidades brasileiras e em pa\u00edses como Portugal, Espanha, Alemanha, It\u00e1lia, Fran\u00e7a, \u00c1ustria, Gr\u00e9cia, \u00cdndia, M\u00e9xico, Paraguai e Rom\u00eania, participando de importantes festivais e encontros de teatro, dan\u00e7a e m\u00fasica. Parceria O Centro Cultural Banco do Brasil e a Cia. Os Buriti mant\u00eam uma parceria s\u00f3lida desde 2006, com a montagem do espet\u00e1culo &#8220;Cordas e Contos&#8220;. Em 2016, essa uni\u00e3o foi reafirmada com o espet\u00e1culo &#8220;Kalo &#8211; Filhos do Vento&#8220;. Em seguida, a companhia foi convidada a conceber e realizar a instala\u00e7\u00e3o e a performance de abertura do Museu Permanente do CCBB. Foi no palco do Centro Cultural que os \u00faltimos espet\u00e1culos da companhia, &#8220;\u00c0 Beira do Sol&#8221; e &#8220;Depois do Sil\u00eancio&#8220;, tiveram suas estreias. Sobre o CCBB Bras\u00edlia O Centro Cultural Banco do Brasil Bras\u00edlia (CCBB Bras\u00edlia) foi inaugurado em 12 de outubro de 2000. Sediado no Edif\u00edcio Tancredo Neves, uma obra arquitet\u00f4nica de Oscar Niemeyer, tem o objetivo de reunir, em um s\u00f3 lugar, todas as formas de arte e criatividade poss\u00edveis. Com projeto paisag\u00edstico assinado por Alda Rabello Cunha, disp\u00f5e de amplos espa\u00e7os de conviv\u00eancia, galerias de artes, sala de cinema, teatro, pra\u00e7a central e jardins, onde s\u00e3o realizadas exposi\u00e7\u00f5es, shows musicais, espet\u00e1culos, exibi\u00e7\u00f5es de filmes e performances. Al\u00e9m disso, oferece o Programa Educativo CCBB Bras\u00edlia, projeto cont\u00ednuo de arte-educa\u00e7\u00e3o que desenvolve a\u00e7\u00f5es educativas e culturais para aproximar o visitante da programa\u00e7\u00e3o em cartaz, acolhendo o p\u00fablico espont\u00e2neo e, especialmente, estudantes de escolas p\u00fablicas e particulares, universit\u00e1rios e institui\u00e7\u00f5es, por meio de visitas mediadas agendadas. Em 2022, o CCBB Bras\u00edlia se tornou o terceiro pr\u00e9dio do Banco do Brasil a receber a certifica\u00e7\u00e3o ISO 14001, cuja renova\u00e7\u00e3o anual ratifica o compromisso da institui\u00e7\u00e3o com a gest\u00e3o ambiental e a sustentabilidade. Partiu Teatro? \u201c\u00c0 Beira do Sol\u201d \/ 16 a 25 de janeiro &#8211; sextas \u00e0s 19h; s\u00e1bados e domingos \u00e0s 16h \/ Sess\u00e3o extra em 22 de<\/p>\n","protected":false},"author":6,"featured_media":11674,"comment_status":"closed","ping_status":"open","sticky":false,"template":"","format":"standard","meta":{"site-sidebar-layout":"default","site-content-layout":"","ast-site-content-layout":"default","site-content-style":"default","site-sidebar-style":"default","ast-global-header-display":"","ast-banner-title-visibility":"","ast-main-header-display":"","ast-hfb-above-header-display":"","ast-hfb-below-header-display":"","ast-hfb-mobile-header-display":"","site-post-title":"","ast-breadcrumbs-content":"","ast-featured-img":"","footer-sml-layout":"","ast-disable-related-posts":"","theme-transparent-header-meta":"default","adv-header-id-meta":"","stick-header-meta":"","header-above-stick-meta":"","header-main-stick-meta":"","header-below-stick-meta":"","astra-migrate-meta-layouts":"set","ast-page-background-enabled":"default","ast-page-background-meta":{"desktop":{"background-color":"","background-image":"","background-repeat":"repeat","background-position":"center center","background-size":"auto","background-attachment":"scroll","background-type":"","background-media":"","overlay-type":"","overlay-color":"","overlay-opacity":"","overlay-gradient":""},"tablet":{"background-color":"","background-image":"","background-repeat":"repeat","background-position":"center center","background-size":"auto","background-attachment":"scroll","background-type":"","background-media":"","overlay-type":"","overlay-color":"","overlay-opacity":"","overlay-gradient":""},"mobile":{"background-color":"","background-image":"","background-repeat":"repeat","background-position":"center center","background-size":"auto","background-attachment":"scroll","background-type":"","background-media":"","overlay-type":"","overlay-color":"","overlay-opacity":"","overlay-gradient":""}},"ast-content-background-meta":{"desktop":{"background-color":"var(--ast-global-color-5)","background-image":"","background-repeat":"repeat","background-position":"center center","background-size":"auto","background-attachment":"scroll","background-type":"","background-media":"","overlay-type":"","overlay-color":"","overlay-opacity":"","overlay-gradient":""},"tablet":{"background-color":"var(--ast-global-color-5)","background-image":"","background-repeat":"repeat","background-position":"center center","background-size":"auto","background-attachment":"scroll","background-type":"","background-media":"","overlay-type":"","overlay-color":"","overlay-opacity":"","overlay-gradient":""},"mobile":{"background-color":"var(--ast-global-color-5)","background-image":"","background-repeat":"repeat","background-position":"center center","background-size":"auto","background-attachment":"scroll","background-type":"","background-media":"","overlay-type":"","overlay-color":"","overlay-opacity":"","overlay-gradient":""}},"footnotes":""},"categories":[47,43],"tags":[],"class_list":["post-11671","post","type-post","status-publish","format-standard","has-post-thumbnail","hentry","category-cultura-arte","category-perambulando"],"yoast_head":"<!-- This site is optimized with the Yoast SEO plugin v27.0 - https:\/\/yoast.com\/product\/yoast-seo-wordpress\/ -->\n<title>\u201c\u00c0 Beira do Sol\u201d em cartaz no CCBB - LACKMAN &amp; CO.<\/title>\n<meta name=\"robots\" content=\"index, follow, max-snippet:-1, max-image-preview:large, max-video-preview:-1\" \/>\n<link rel=\"canonical\" href=\"https:\/\/lackman.com.br\/index.php\/2026\/01\/23\/a-beira-do-sol-em-cartaz-no-ccbb\/\" \/>\n<meta property=\"og:locale\" content=\"pt_BR\" \/>\n<meta property=\"og:type\" content=\"article\" \/>\n<meta property=\"og:title\" content=\"\u201c\u00c0 Beira do Sol\u201d em cartaz no CCBB - LACKMAN &amp; CO.\" \/>\n<meta property=\"og:description\" content=\"Atra\u00e7\u00e3o integra a Ocupa\u00e7\u00e3o Os Buriti \u2013 30 anos e fica em cartaz at\u00e9 domingo (25). A Cia. Os Buriti est\u00e1 em cartaz de 22 a 25 de janeiro (quinta a domingo) com o espet\u00e1culo \u201c\u00c0 Beira do Sol\u201d (classifica\u00e7\u00e3o livre), no teatro do Centro Cultural Banco do Brasil Bras\u00edlia (CCBB Bras\u00edlia). A pe\u00e7a integra a Ocupa\u00e7\u00e3o Os Buriti \u2013 30 anos, que celebra tr\u00eas d\u00e9cadas do grupo. O espet\u00e1culo fica em cartaz na quinta e sexta (22 e 23), \u00e0s 19h; e no s\u00e1bado e domingo (24 e 25), com sess\u00f5es \u00e0s 16h. A sess\u00e3o do dia 23 tem interpreta\u00e7\u00e3o em Libras. Os ingressos est\u00e3o dispon\u00edveis no site do CCBB Bras\u00edlia e na bilheteria do CCBB. \u201c\u00c0 Beira do Sol\u201d \u00e9 um solo interpretado por Naira Carneiro, que tamb\u00e9m assina a dire\u00e7\u00e3o e a dramaturgia juntamente com Duda Rios (Cia Barca dos Cora\u00e7\u00f5es Partidos). A montagem prop\u00f5e uma imers\u00e3o po\u00e9tica no universo da loucura e do inconsciente. A cria\u00e7\u00e3o se inspira nos artistas Arthur Bispo do Ros\u00e1rio e Profeta Gentileza, e tamb\u00e9m nos relatos da psiquiatra Nise da Silveira. A pe\u00e7a \u00e9 apresentada em sess\u00e3o extra em 22 de janeiro (quinta), \u00e0s 19h. Os ingressos j\u00e1 est\u00e3o dispon\u00edveis na bilheteria f\u00edsica do CCBB e no site. A obra acompanha a trajet\u00f3ria de Arian, que ouve vozes dizendo que o Astro Rei vai se p\u00f4r para nunca mais voltar. Ela, ent\u00e3o, passa a vigiar o Sol para impedir que o mundo fique para sempre na escurid\u00e3o. O espet\u00e1culo recebeu 19 indica\u00e7\u00f5es a pr\u00eamios nacionais, como a de melhor espet\u00e1culo infantil pelo Pr\u00eamio APTR (Associa\u00e7\u00e3o de Produtores de Teatro) e a de melhor atriz no Pr\u00eamio CBTIJ. Ocupa\u00e7\u00e3o Al\u00e9m de \u201c\u00c0 Beira do Sol\u201d, a Ocupa\u00e7\u00e3o Os Buriti \u2013 30 anos apresenta ainda os espet\u00e1culos \u201cCantos de Encontro\u201d (classifica\u00e7\u00e3o livre). \u201cDepois do Sil\u00eancio\u201d (foto acima &#8211; classifica\u00e7\u00e3o 12 anos), que fica em cartaz nos fins de semana de 30 de janeiro a 1\u00ba de fevereiro e de 6 a 8 de fevereiro, com sess\u00f5es sempre \u00e0s 19h. As entradas podem ser adquiridas na bilheteria f\u00edsica do CCBB e no site. Com dire\u00e7\u00e3o art\u00edstica e coreografia de Eliana Carneiro, a atra\u00e7\u00e3o se baseia em fatos reais da vida da menina Helen Keller (1880-1968), que perde a vis\u00e3o e a audi\u00e7\u00e3o com poucos anos de idade e passa a viver em um mundo totalmente apartado at\u00e9 a chegada da professora Anne Sullivan. A partir desse encontro, Anne inicia a \u00e1rdua tarefa de ensinar libras t\u00e1til e possibilitar que Helen aprenda a se comunicar com o mundo exterior. A montagem tem no elenco Camila Guerra e Naira Carneiro, que interpretam Anne Sullivan e Helen Keller, e Renata Rezende, atriz surda, que apresenta ao p\u00fablico um contexto atual e autobiogr\u00e1fico, criando um contundente di\u00e1logo paralelo entre as personagens de 1890 e os dias de hoje. A pe\u00e7a \u00e9 bil\u00edngue, encenada em portugu\u00eas e em Libras pelas pr\u00f3prias atrizes, o que a torna acess\u00edvel para pessoas surdas. J\u00e1 \u201cCantos de Encontro\u201d tem sess\u00f5es nos dias 31 de janeiro, 1\u00ba, 7 e 8 de fevereiro, sempre \u00e0s 16h, com venda de ingressos na bilheteria f\u00edsica do CCBB e no site do CCBB. Voltado para crian\u00e7as de todas as idades, o espet\u00e1culo apresenta can\u00e7\u00f5es autorais, hist\u00f3rias, dan\u00e7a e manipula\u00e7\u00e3o de bonecos. Em cena, quatro int\u00e9rpretes apresentam diferentes ritmos da m\u00fasica popular brasileira, em uma montagem que j\u00e1 encantou p\u00fablicos no Brasil e no exterior, com passagens por 40 cidades brasileiras e seis pa\u00edses europeus. Tr\u00eas d\u00e9cadas Criada em 1995 por Eliana Carneiro, a Cia Os Buriti &#8211; Teatro de Dan\u00e7a se dedica \u00e0 cria\u00e7\u00e3o de espet\u00e1culos para todas as idades, unindo diferentes linguagens art\u00edsticas. A companhia \u00e9 formada pela diretora e atriz Eliana, seus filhos Naira Carneiro e Guian Carneiro, pelas atrizes Camila Guerra e Renata Rezende e pelos m\u00fasicos Jorge Brasil, Andr\u00e9 Togni, Daniel Pitanga, Mar\u00edlia Carvalho, Diogo Vanelli e Carlos Fraz\u00e3o. Ao longo de sua trajet\u00f3ria, o grupo criou 16 espet\u00e1culos autorais, gravou tr\u00eas \u00e1lbuns musicais, lan\u00e7ou tr\u00eas livros infantis, produziu dois curtas-metragens e 14 videoclipes. Desde 2020, realiza a\u00e7\u00f5es art\u00edsticas e educacionais cont\u00ednuas no Espa\u00e7o Cultural Casa Buriti. A companhia j\u00e1 se apresentou em diversas cidades brasileiras e em pa\u00edses como Portugal, Espanha, Alemanha, It\u00e1lia, Fran\u00e7a, \u00c1ustria, Gr\u00e9cia, \u00cdndia, M\u00e9xico, Paraguai e Rom\u00eania, participando de importantes festivais e encontros de teatro, dan\u00e7a e m\u00fasica. Parceria O Centro Cultural Banco do Brasil e a Cia. Os Buriti mant\u00eam uma parceria s\u00f3lida desde 2006, com a montagem do espet\u00e1culo &#8220;Cordas e Contos&#8220;. Em 2016, essa uni\u00e3o foi reafirmada com o espet\u00e1culo &#8220;Kalo &#8211; Filhos do Vento&#8220;. Em seguida, a companhia foi convidada a conceber e realizar a instala\u00e7\u00e3o e a performance de abertura do Museu Permanente do CCBB. Foi no palco do Centro Cultural que os \u00faltimos espet\u00e1culos da companhia, &#8220;\u00c0 Beira do Sol&#8221; e &#8220;Depois do Sil\u00eancio&#8220;, tiveram suas estreias. Sobre o CCBB Bras\u00edlia O Centro Cultural Banco do Brasil Bras\u00edlia (CCBB Bras\u00edlia) foi inaugurado em 12 de outubro de 2000. Sediado no Edif\u00edcio Tancredo Neves, uma obra arquitet\u00f4nica de Oscar Niemeyer, tem o objetivo de reunir, em um s\u00f3 lugar, todas as formas de arte e criatividade poss\u00edveis. Com projeto paisag\u00edstico assinado por Alda Rabello Cunha, disp\u00f5e de amplos espa\u00e7os de conviv\u00eancia, galerias de artes, sala de cinema, teatro, pra\u00e7a central e jardins, onde s\u00e3o realizadas exposi\u00e7\u00f5es, shows musicais, espet\u00e1culos, exibi\u00e7\u00f5es de filmes e performances. Al\u00e9m disso, oferece o Programa Educativo CCBB Bras\u00edlia, projeto cont\u00ednuo de arte-educa\u00e7\u00e3o que desenvolve a\u00e7\u00f5es educativas e culturais para aproximar o visitante da programa\u00e7\u00e3o em cartaz, acolhendo o p\u00fablico espont\u00e2neo e, especialmente, estudantes de escolas p\u00fablicas e particulares, universit\u00e1rios e institui\u00e7\u00f5es, por meio de visitas mediadas agendadas. Em 2022, o CCBB Bras\u00edlia se tornou o terceiro pr\u00e9dio do Banco do Brasil a receber a certifica\u00e7\u00e3o ISO 14001, cuja renova\u00e7\u00e3o anual ratifica o compromisso da institui\u00e7\u00e3o com a gest\u00e3o ambiental e a sustentabilidade. Partiu Teatro? \u201c\u00c0 Beira do Sol\u201d \/ 16 a 25 de janeiro &#8211; sextas \u00e0s 19h; s\u00e1bados e domingos \u00e0s 16h \/ Sess\u00e3o extra em 22 de\" \/>\n<meta property=\"og:url\" content=\"https:\/\/lackman.com.br\/index.php\/2026\/01\/23\/a-beira-do-sol-em-cartaz-no-ccbb\/\" \/>\n<meta property=\"og:site_name\" content=\"LACKMAN &amp; CO.\" \/>\n<meta property=\"article:published_time\" content=\"2026-01-23T21:07:14+00:00\" \/>\n<meta property=\"og:image\" content=\"http:\/\/lackman.com.br\/wp-content\/uploads\/2026\/01\/Espetaculo-A-Beira-do-Sol-da-Cia.-Os-Buriti-Foto-Diego-Bresani-1.jpg\" \/>\n\t<meta property=\"og:image:width\" content=\"2000\" \/>\n\t<meta property=\"og:image:height\" content=\"1335\" \/>\n\t<meta property=\"og:image:type\" content=\"image\/jpeg\" \/>\n<meta name=\"author\" content=\"Gilberto Evangelista - Colunista\" \/>\n<meta name=\"twitter:card\" content=\"summary_large_image\" \/>\n<meta name=\"twitter:label1\" content=\"Escrito por\" \/>\n\t<meta name=\"twitter:data1\" content=\"Gilberto Evangelista - Colunista\" \/>\n\t<meta name=\"twitter:label2\" content=\"Est. tempo de leitura\" \/>\n\t<meta name=\"twitter:data2\" content=\"7 minutos\" \/>\n<script type=\"application\/ld+json\" class=\"yoast-schema-graph\">{\"@context\":\"https:\/\/schema.org\",\"@graph\":[{\"@type\":\"Article\",\"@id\":\"https:\/\/lackman.com.br\/index.php\/2026\/01\/23\/a-beira-do-sol-em-cartaz-no-ccbb\/#article\",\"isPartOf\":{\"@id\":\"https:\/\/lackman.com.br\/index.php\/2026\/01\/23\/a-beira-do-sol-em-cartaz-no-ccbb\/\"},\"author\":{\"name\":\"Gilberto Evangelista - Colunista\",\"@id\":\"https:\/\/lackman.com.br\/#\/schema\/person\/8a2355f699593d21d4f0d25b69db5747\"},\"headline\":\"\u201c\u00c0 Beira do Sol\u201d em cartaz no CCBB\",\"datePublished\":\"2026-01-23T21:07:14+00:00\",\"mainEntityOfPage\":{\"@id\":\"https:\/\/lackman.com.br\/index.php\/2026\/01\/23\/a-beira-do-sol-em-cartaz-no-ccbb\/\"},\"wordCount\":1148,\"publisher\":{\"@id\":\"https:\/\/lackman.com.br\/#organization\"},\"image\":{\"@id\":\"https:\/\/lackman.com.br\/index.php\/2026\/01\/23\/a-beira-do-sol-em-cartaz-no-ccbb\/#primaryimage\"},\"thumbnailUrl\":\"https:\/\/lackman.com.br\/wp-content\/uploads\/2026\/01\/Espetaculo-A-Beira-do-Sol-da-Cia.-Os-Buriti-Foto-Diego-Bresani-1.jpg\",\"articleSection\":[\"Cultura\",\"Perambulando\"],\"inLanguage\":\"pt-BR\"},{\"@type\":\"WebPage\",\"@id\":\"https:\/\/lackman.com.br\/index.php\/2026\/01\/23\/a-beira-do-sol-em-cartaz-no-ccbb\/\",\"url\":\"https:\/\/lackman.com.br\/index.php\/2026\/01\/23\/a-beira-do-sol-em-cartaz-no-ccbb\/\",\"name\":\"\u201c\u00c0 Beira do Sol\u201d em cartaz no CCBB - LACKMAN &amp; CO.\",\"isPartOf\":{\"@id\":\"https:\/\/lackman.com.br\/#website\"},\"primaryImageOfPage\":{\"@id\":\"https:\/\/lackman.com.br\/index.php\/2026\/01\/23\/a-beira-do-sol-em-cartaz-no-ccbb\/#primaryimage\"},\"image\":{\"@id\":\"https:\/\/lackman.com.br\/index.php\/2026\/01\/23\/a-beira-do-sol-em-cartaz-no-ccbb\/#primaryimage\"},\"thumbnailUrl\":\"https:\/\/lackman.com.br\/wp-content\/uploads\/2026\/01\/Espetaculo-A-Beira-do-Sol-da-Cia.-Os-Buriti-Foto-Diego-Bresani-1.jpg\",\"datePublished\":\"2026-01-23T21:07:14+00:00\",\"breadcrumb\":{\"@id\":\"https:\/\/lackman.com.br\/index.php\/2026\/01\/23\/a-beira-do-sol-em-cartaz-no-ccbb\/#breadcrumb\"},\"inLanguage\":\"pt-BR\",\"potentialAction\":[{\"@type\":\"ReadAction\",\"target\":[\"https:\/\/lackman.com.br\/index.php\/2026\/01\/23\/a-beira-do-sol-em-cartaz-no-ccbb\/\"]}]},{\"@type\":\"ImageObject\",\"inLanguage\":\"pt-BR\",\"@id\":\"https:\/\/lackman.com.br\/index.php\/2026\/01\/23\/a-beira-do-sol-em-cartaz-no-ccbb\/#primaryimage\",\"url\":\"https:\/\/lackman.com.br\/wp-content\/uploads\/2026\/01\/Espetaculo-A-Beira-do-Sol-da-Cia.-Os-Buriti-Foto-Diego-Bresani-1.jpg\",\"contentUrl\":\"https:\/\/lackman.com.br\/wp-content\/uploads\/2026\/01\/Espetaculo-A-Beira-do-Sol-da-Cia.-Os-Buriti-Foto-Diego-Bresani-1.jpg\",\"width\":2000,\"height\":1335},{\"@type\":\"BreadcrumbList\",\"@id\":\"https:\/\/lackman.com.br\/index.php\/2026\/01\/23\/a-beira-do-sol-em-cartaz-no-ccbb\/#breadcrumb\",\"itemListElement\":[{\"@type\":\"ListItem\",\"position\":1,\"name\":\"In\u00edcio\",\"item\":\"https:\/\/lackman.com.br\/\"},{\"@type\":\"ListItem\",\"position\":2,\"name\":\"\u201c\u00c0 Beira do Sol\u201d em cartaz no CCBB\"}]},{\"@type\":\"WebSite\",\"@id\":\"https:\/\/lackman.com.br\/#website\",\"url\":\"https:\/\/lackman.com.br\/\",\"name\":\"LACKMAN &amp; CO.\",\"description\":\"VIDA | MODA | ARTE\",\"publisher\":{\"@id\":\"https:\/\/lackman.com.br\/#organization\"},\"potentialAction\":[{\"@type\":\"SearchAction\",\"target\":{\"@type\":\"EntryPoint\",\"urlTemplate\":\"https:\/\/lackman.com.br\/?s={search_term_string}\"},\"query-input\":{\"@type\":\"PropertyValueSpecification\",\"valueRequired\":true,\"valueName\":\"search_term_string\"}}],\"inLanguage\":\"pt-BR\"},{\"@type\":\"Organization\",\"@id\":\"https:\/\/lackman.com.br\/#organization\",\"name\":\"LACKMAN &amp; CO.\",\"url\":\"https:\/\/lackman.com.br\/\",\"logo\":{\"@type\":\"ImageObject\",\"inLanguage\":\"pt-BR\",\"@id\":\"https:\/\/lackman.com.br\/#\/schema\/logo\/image\/\",\"url\":\"https:\/\/lackman.com.br\/wp-content\/uploads\/2023\/06\/Logotipo_preto-1.png\",\"contentUrl\":\"https:\/\/lackman.com.br\/wp-content\/uploads\/2023\/06\/Logotipo_preto-1.png\",\"width\":739,\"height\":393,\"caption\":\"LACKMAN &amp; CO.\"},\"image\":{\"@id\":\"https:\/\/lackman.com.br\/#\/schema\/logo\/image\/\"}},{\"@type\":\"Person\",\"@id\":\"https:\/\/lackman.com.br\/#\/schema\/person\/8a2355f699593d21d4f0d25b69db5747\",\"name\":\"Gilberto Evangelista - Colunista\",\"image\":{\"@type\":\"ImageObject\",\"inLanguage\":\"pt-BR\",\"@id\":\"https:\/\/lackman.com.br\/#\/schema\/person\/image\/\",\"url\":\"https:\/\/secure.gravatar.com\/avatar\/cea9badf02f8a90f7a745f2cbea45fda61f65711ec015e2faf3809cca6337c28?s=96&d=mm&r=g\",\"contentUrl\":\"https:\/\/secure.gravatar.com\/avatar\/cea9badf02f8a90f7a745f2cbea45fda61f65711ec015e2faf3809cca6337c28?s=96&d=mm&r=g\",\"caption\":\"Gilberto Evangelista - Colunista\"},\"description\":\"Jornalista e globetrotter.\",\"url\":\"https:\/\/lackman.com.br\/index.php\/author\/gilberto-brito\/\"}]}<\/script>\n<!-- \/ Yoast SEO plugin. -->","yoast_head_json":{"title":"\u201c\u00c0 Beira do Sol\u201d em cartaz no CCBB - LACKMAN &amp; CO.","robots":{"index":"index","follow":"follow","max-snippet":"max-snippet:-1","max-image-preview":"max-image-preview:large","max-video-preview":"max-video-preview:-1"},"canonical":"https:\/\/lackman.com.br\/index.php\/2026\/01\/23\/a-beira-do-sol-em-cartaz-no-ccbb\/","og_locale":"pt_BR","og_type":"article","og_title":"\u201c\u00c0 Beira do Sol\u201d em cartaz no CCBB - LACKMAN &amp; CO.","og_description":"Atra\u00e7\u00e3o integra a Ocupa\u00e7\u00e3o Os Buriti \u2013 30 anos e fica em cartaz at\u00e9 domingo (25). A Cia. Os Buriti est\u00e1 em cartaz de 22 a 25 de janeiro (quinta a domingo) com o espet\u00e1culo \u201c\u00c0 Beira do Sol\u201d (classifica\u00e7\u00e3o livre), no teatro do Centro Cultural Banco do Brasil Bras\u00edlia (CCBB Bras\u00edlia). A pe\u00e7a integra a Ocupa\u00e7\u00e3o Os Buriti \u2013 30 anos, que celebra tr\u00eas d\u00e9cadas do grupo. O espet\u00e1culo fica em cartaz na quinta e sexta (22 e 23), \u00e0s 19h; e no s\u00e1bado e domingo (24 e 25), com sess\u00f5es \u00e0s 16h. A sess\u00e3o do dia 23 tem interpreta\u00e7\u00e3o em Libras. Os ingressos est\u00e3o dispon\u00edveis no site do CCBB Bras\u00edlia e na bilheteria do CCBB. \u201c\u00c0 Beira do Sol\u201d \u00e9 um solo interpretado por Naira Carneiro, que tamb\u00e9m assina a dire\u00e7\u00e3o e a dramaturgia juntamente com Duda Rios (Cia Barca dos Cora\u00e7\u00f5es Partidos). A montagem prop\u00f5e uma imers\u00e3o po\u00e9tica no universo da loucura e do inconsciente. A cria\u00e7\u00e3o se inspira nos artistas Arthur Bispo do Ros\u00e1rio e Profeta Gentileza, e tamb\u00e9m nos relatos da psiquiatra Nise da Silveira. A pe\u00e7a \u00e9 apresentada em sess\u00e3o extra em 22 de janeiro (quinta), \u00e0s 19h. Os ingressos j\u00e1 est\u00e3o dispon\u00edveis na bilheteria f\u00edsica do CCBB e no site. A obra acompanha a trajet\u00f3ria de Arian, que ouve vozes dizendo que o Astro Rei vai se p\u00f4r para nunca mais voltar. Ela, ent\u00e3o, passa a vigiar o Sol para impedir que o mundo fique para sempre na escurid\u00e3o. O espet\u00e1culo recebeu 19 indica\u00e7\u00f5es a pr\u00eamios nacionais, como a de melhor espet\u00e1culo infantil pelo Pr\u00eamio APTR (Associa\u00e7\u00e3o de Produtores de Teatro) e a de melhor atriz no Pr\u00eamio CBTIJ. Ocupa\u00e7\u00e3o Al\u00e9m de \u201c\u00c0 Beira do Sol\u201d, a Ocupa\u00e7\u00e3o Os Buriti \u2013 30 anos apresenta ainda os espet\u00e1culos \u201cCantos de Encontro\u201d (classifica\u00e7\u00e3o livre). \u201cDepois do Sil\u00eancio\u201d (foto acima &#8211; classifica\u00e7\u00e3o 12 anos), que fica em cartaz nos fins de semana de 30 de janeiro a 1\u00ba de fevereiro e de 6 a 8 de fevereiro, com sess\u00f5es sempre \u00e0s 19h. As entradas podem ser adquiridas na bilheteria f\u00edsica do CCBB e no site. Com dire\u00e7\u00e3o art\u00edstica e coreografia de Eliana Carneiro, a atra\u00e7\u00e3o se baseia em fatos reais da vida da menina Helen Keller (1880-1968), que perde a vis\u00e3o e a audi\u00e7\u00e3o com poucos anos de idade e passa a viver em um mundo totalmente apartado at\u00e9 a chegada da professora Anne Sullivan. A partir desse encontro, Anne inicia a \u00e1rdua tarefa de ensinar libras t\u00e1til e possibilitar que Helen aprenda a se comunicar com o mundo exterior. A montagem tem no elenco Camila Guerra e Naira Carneiro, que interpretam Anne Sullivan e Helen Keller, e Renata Rezende, atriz surda, que apresenta ao p\u00fablico um contexto atual e autobiogr\u00e1fico, criando um contundente di\u00e1logo paralelo entre as personagens de 1890 e os dias de hoje. A pe\u00e7a \u00e9 bil\u00edngue, encenada em portugu\u00eas e em Libras pelas pr\u00f3prias atrizes, o que a torna acess\u00edvel para pessoas surdas. J\u00e1 \u201cCantos de Encontro\u201d tem sess\u00f5es nos dias 31 de janeiro, 1\u00ba, 7 e 8 de fevereiro, sempre \u00e0s 16h, com venda de ingressos na bilheteria f\u00edsica do CCBB e no site do CCBB. Voltado para crian\u00e7as de todas as idades, o espet\u00e1culo apresenta can\u00e7\u00f5es autorais, hist\u00f3rias, dan\u00e7a e manipula\u00e7\u00e3o de bonecos. Em cena, quatro int\u00e9rpretes apresentam diferentes ritmos da m\u00fasica popular brasileira, em uma montagem que j\u00e1 encantou p\u00fablicos no Brasil e no exterior, com passagens por 40 cidades brasileiras e seis pa\u00edses europeus. Tr\u00eas d\u00e9cadas Criada em 1995 por Eliana Carneiro, a Cia Os Buriti &#8211; Teatro de Dan\u00e7a se dedica \u00e0 cria\u00e7\u00e3o de espet\u00e1culos para todas as idades, unindo diferentes linguagens art\u00edsticas. A companhia \u00e9 formada pela diretora e atriz Eliana, seus filhos Naira Carneiro e Guian Carneiro, pelas atrizes Camila Guerra e Renata Rezende e pelos m\u00fasicos Jorge Brasil, Andr\u00e9 Togni, Daniel Pitanga, Mar\u00edlia Carvalho, Diogo Vanelli e Carlos Fraz\u00e3o. Ao longo de sua trajet\u00f3ria, o grupo criou 16 espet\u00e1culos autorais, gravou tr\u00eas \u00e1lbuns musicais, lan\u00e7ou tr\u00eas livros infantis, produziu dois curtas-metragens e 14 videoclipes. Desde 2020, realiza a\u00e7\u00f5es art\u00edsticas e educacionais cont\u00ednuas no Espa\u00e7o Cultural Casa Buriti. A companhia j\u00e1 se apresentou em diversas cidades brasileiras e em pa\u00edses como Portugal, Espanha, Alemanha, It\u00e1lia, Fran\u00e7a, \u00c1ustria, Gr\u00e9cia, \u00cdndia, M\u00e9xico, Paraguai e Rom\u00eania, participando de importantes festivais e encontros de teatro, dan\u00e7a e m\u00fasica. Parceria O Centro Cultural Banco do Brasil e a Cia. Os Buriti mant\u00eam uma parceria s\u00f3lida desde 2006, com a montagem do espet\u00e1culo &#8220;Cordas e Contos&#8220;. Em 2016, essa uni\u00e3o foi reafirmada com o espet\u00e1culo &#8220;Kalo &#8211; Filhos do Vento&#8220;. Em seguida, a companhia foi convidada a conceber e realizar a instala\u00e7\u00e3o e a performance de abertura do Museu Permanente do CCBB. Foi no palco do Centro Cultural que os \u00faltimos espet\u00e1culos da companhia, &#8220;\u00c0 Beira do Sol&#8221; e &#8220;Depois do Sil\u00eancio&#8220;, tiveram suas estreias. Sobre o CCBB Bras\u00edlia O Centro Cultural Banco do Brasil Bras\u00edlia (CCBB Bras\u00edlia) foi inaugurado em 12 de outubro de 2000. Sediado no Edif\u00edcio Tancredo Neves, uma obra arquitet\u00f4nica de Oscar Niemeyer, tem o objetivo de reunir, em um s\u00f3 lugar, todas as formas de arte e criatividade poss\u00edveis. Com projeto paisag\u00edstico assinado por Alda Rabello Cunha, disp\u00f5e de amplos espa\u00e7os de conviv\u00eancia, galerias de artes, sala de cinema, teatro, pra\u00e7a central e jardins, onde s\u00e3o realizadas exposi\u00e7\u00f5es, shows musicais, espet\u00e1culos, exibi\u00e7\u00f5es de filmes e performances. Al\u00e9m disso, oferece o Programa Educativo CCBB Bras\u00edlia, projeto cont\u00ednuo de arte-educa\u00e7\u00e3o que desenvolve a\u00e7\u00f5es educativas e culturais para aproximar o visitante da programa\u00e7\u00e3o em cartaz, acolhendo o p\u00fablico espont\u00e2neo e, especialmente, estudantes de escolas p\u00fablicas e particulares, universit\u00e1rios e institui\u00e7\u00f5es, por meio de visitas mediadas agendadas. Em 2022, o CCBB Bras\u00edlia se tornou o terceiro pr\u00e9dio do Banco do Brasil a receber a certifica\u00e7\u00e3o ISO 14001, cuja renova\u00e7\u00e3o anual ratifica o compromisso da institui\u00e7\u00e3o com a gest\u00e3o ambiental e a sustentabilidade. Partiu Teatro? \u201c\u00c0 Beira do Sol\u201d \/ 16 a 25 de janeiro &#8211; sextas \u00e0s 19h; s\u00e1bados e domingos \u00e0s 16h \/ Sess\u00e3o extra em 22 de","og_url":"https:\/\/lackman.com.br\/index.php\/2026\/01\/23\/a-beira-do-sol-em-cartaz-no-ccbb\/","og_site_name":"LACKMAN &amp; CO.","article_published_time":"2026-01-23T21:07:14+00:00","og_image":[{"width":2000,"height":1335,"url":"http:\/\/lackman.com.br\/wp-content\/uploads\/2026\/01\/Espetaculo-A-Beira-do-Sol-da-Cia.-Os-Buriti-Foto-Diego-Bresani-1.jpg","type":"image\/jpeg"}],"author":"Gilberto Evangelista - Colunista","twitter_card":"summary_large_image","twitter_misc":{"Escrito por":"Gilberto Evangelista - Colunista","Est. tempo de leitura":"7 minutos"},"schema":{"@context":"https:\/\/schema.org","@graph":[{"@type":"Article","@id":"https:\/\/lackman.com.br\/index.php\/2026\/01\/23\/a-beira-do-sol-em-cartaz-no-ccbb\/#article","isPartOf":{"@id":"https:\/\/lackman.com.br\/index.php\/2026\/01\/23\/a-beira-do-sol-em-cartaz-no-ccbb\/"},"author":{"name":"Gilberto Evangelista - Colunista","@id":"https:\/\/lackman.com.br\/#\/schema\/person\/8a2355f699593d21d4f0d25b69db5747"},"headline":"\u201c\u00c0 Beira do Sol\u201d em cartaz no CCBB","datePublished":"2026-01-23T21:07:14+00:00","mainEntityOfPage":{"@id":"https:\/\/lackman.com.br\/index.php\/2026\/01\/23\/a-beira-do-sol-em-cartaz-no-ccbb\/"},"wordCount":1148,"publisher":{"@id":"https:\/\/lackman.com.br\/#organization"},"image":{"@id":"https:\/\/lackman.com.br\/index.php\/2026\/01\/23\/a-beira-do-sol-em-cartaz-no-ccbb\/#primaryimage"},"thumbnailUrl":"https:\/\/lackman.com.br\/wp-content\/uploads\/2026\/01\/Espetaculo-A-Beira-do-Sol-da-Cia.-Os-Buriti-Foto-Diego-Bresani-1.jpg","articleSection":["Cultura","Perambulando"],"inLanguage":"pt-BR"},{"@type":"WebPage","@id":"https:\/\/lackman.com.br\/index.php\/2026\/01\/23\/a-beira-do-sol-em-cartaz-no-ccbb\/","url":"https:\/\/lackman.com.br\/index.php\/2026\/01\/23\/a-beira-do-sol-em-cartaz-no-ccbb\/","name":"\u201c\u00c0 Beira do Sol\u201d em cartaz no CCBB - LACKMAN &amp; CO.","isPartOf":{"@id":"https:\/\/lackman.com.br\/#website"},"primaryImageOfPage":{"@id":"https:\/\/lackman.com.br\/index.php\/2026\/01\/23\/a-beira-do-sol-em-cartaz-no-ccbb\/#primaryimage"},"image":{"@id":"https:\/\/lackman.com.br\/index.php\/2026\/01\/23\/a-beira-do-sol-em-cartaz-no-ccbb\/#primaryimage"},"thumbnailUrl":"https:\/\/lackman.com.br\/wp-content\/uploads\/2026\/01\/Espetaculo-A-Beira-do-Sol-da-Cia.-Os-Buriti-Foto-Diego-Bresani-1.jpg","datePublished":"2026-01-23T21:07:14+00:00","breadcrumb":{"@id":"https:\/\/lackman.com.br\/index.php\/2026\/01\/23\/a-beira-do-sol-em-cartaz-no-ccbb\/#breadcrumb"},"inLanguage":"pt-BR","potentialAction":[{"@type":"ReadAction","target":["https:\/\/lackman.com.br\/index.php\/2026\/01\/23\/a-beira-do-sol-em-cartaz-no-ccbb\/"]}]},{"@type":"ImageObject","inLanguage":"pt-BR","@id":"https:\/\/lackman.com.br\/index.php\/2026\/01\/23\/a-beira-do-sol-em-cartaz-no-ccbb\/#primaryimage","url":"https:\/\/lackman.com.br\/wp-content\/uploads\/2026\/01\/Espetaculo-A-Beira-do-Sol-da-Cia.-Os-Buriti-Foto-Diego-Bresani-1.jpg","contentUrl":"https:\/\/lackman.com.br\/wp-content\/uploads\/2026\/01\/Espetaculo-A-Beira-do-Sol-da-Cia.-Os-Buriti-Foto-Diego-Bresani-1.jpg","width":2000,"height":1335},{"@type":"BreadcrumbList","@id":"https:\/\/lackman.com.br\/index.php\/2026\/01\/23\/a-beira-do-sol-em-cartaz-no-ccbb\/#breadcrumb","itemListElement":[{"@type":"ListItem","position":1,"name":"In\u00edcio","item":"https:\/\/lackman.com.br\/"},{"@type":"ListItem","position":2,"name":"\u201c\u00c0 Beira do Sol\u201d em cartaz no CCBB"}]},{"@type":"WebSite","@id":"https:\/\/lackman.com.br\/#website","url":"https:\/\/lackman.com.br\/","name":"LACKMAN &amp; CO.","description":"VIDA | MODA | ARTE","publisher":{"@id":"https:\/\/lackman.com.br\/#organization"},"potentialAction":[{"@type":"SearchAction","target":{"@type":"EntryPoint","urlTemplate":"https:\/\/lackman.com.br\/?s={search_term_string}"},"query-input":{"@type":"PropertyValueSpecification","valueRequired":true,"valueName":"search_term_string"}}],"inLanguage":"pt-BR"},{"@type":"Organization","@id":"https:\/\/lackman.com.br\/#organization","name":"LACKMAN &amp; CO.","url":"https:\/\/lackman.com.br\/","logo":{"@type":"ImageObject","inLanguage":"pt-BR","@id":"https:\/\/lackman.com.br\/#\/schema\/logo\/image\/","url":"https:\/\/lackman.com.br\/wp-content\/uploads\/2023\/06\/Logotipo_preto-1.png","contentUrl":"https:\/\/lackman.com.br\/wp-content\/uploads\/2023\/06\/Logotipo_preto-1.png","width":739,"height":393,"caption":"LACKMAN &amp; CO."},"image":{"@id":"https:\/\/lackman.com.br\/#\/schema\/logo\/image\/"}},{"@type":"Person","@id":"https:\/\/lackman.com.br\/#\/schema\/person\/8a2355f699593d21d4f0d25b69db5747","name":"Gilberto Evangelista - Colunista","image":{"@type":"ImageObject","inLanguage":"pt-BR","@id":"https:\/\/lackman.com.br\/#\/schema\/person\/image\/","url":"https:\/\/secure.gravatar.com\/avatar\/cea9badf02f8a90f7a745f2cbea45fda61f65711ec015e2faf3809cca6337c28?s=96&d=mm&r=g","contentUrl":"https:\/\/secure.gravatar.com\/avatar\/cea9badf02f8a90f7a745f2cbea45fda61f65711ec015e2faf3809cca6337c28?s=96&d=mm&r=g","caption":"Gilberto Evangelista - Colunista"},"description":"Jornalista e globetrotter.","url":"https:\/\/lackman.com.br\/index.php\/author\/gilberto-brito\/"}]}},"rttpg_featured_image_url":{"full":["https:\/\/lackman.com.br\/wp-content\/uploads\/2026\/01\/Espetaculo-A-Beira-do-Sol-da-Cia.-Os-Buriti-Foto-Diego-Bresani-1.jpg",2000,1335,false],"landscape":["https:\/\/lackman.com.br\/wp-content\/uploads\/2026\/01\/Espetaculo-A-Beira-do-Sol-da-Cia.-Os-Buriti-Foto-Diego-Bresani-1.jpg",2000,1335,false],"portraits":["https:\/\/lackman.com.br\/wp-content\/uploads\/2026\/01\/Espetaculo-A-Beira-do-Sol-da-Cia.-Os-Buriti-Foto-Diego-Bresani-1.jpg",2000,1335,false],"thumbnail":["https:\/\/lackman.com.br\/wp-content\/uploads\/2026\/01\/Espetaculo-A-Beira-do-Sol-da-Cia.-Os-Buriti-Foto-Diego-Bresani-1-150x150.jpg",150,150,true],"medium":["https:\/\/lackman.com.br\/wp-content\/uploads\/2026\/01\/Espetaculo-A-Beira-do-Sol-da-Cia.-Os-Buriti-Foto-Diego-Bresani-1-300x200.jpg",300,200,true],"large":["https:\/\/lackman.com.br\/wp-content\/uploads\/2026\/01\/Espetaculo-A-Beira-do-Sol-da-Cia.-Os-Buriti-Foto-Diego-Bresani-1-1024x684.jpg",1024,684,true],"RoboGalleryMansoryImagesCenter":["https:\/\/lackman.com.br\/wp-content\/uploads\/2026\/01\/Espetaculo-A-Beira-do-Sol-da-Cia.-Os-Buriti-Foto-Diego-Bresani-1-600x1024.jpg",600,1024,true],"RoboGalleryPreload":["https:\/\/lackman.com.br\/wp-content\/uploads\/2026\/01\/Espetaculo-A-Beira-do-Sol-da-Cia.-Os-Buriti-Foto-Diego-Bresani-1-100x67.jpg",100,67,true],"1536x1536":["https:\/\/lackman.com.br\/wp-content\/uploads\/2026\/01\/Espetaculo-A-Beira-do-Sol-da-Cia.-Os-Buriti-Foto-Diego-Bresani-1-1536x1025.jpg",1536,1025,true],"2048x2048":["https:\/\/lackman.com.br\/wp-content\/uploads\/2026\/01\/Espetaculo-A-Beira-do-Sol-da-Cia.-Os-Buriti-Foto-Diego-Bresani-1.jpg",2000,1335,false]},"rttpg_author":{"display_name":"Gilberto Evangelista - Colunista","author_link":"https:\/\/lackman.com.br\/index.php\/author\/gilberto-brito\/"},"rttpg_comment":0,"rttpg_category":"<a href=\"https:\/\/lackman.com.br\/index.php\/category\/arte\/cultura-arte\/\" rel=\"category tag\">Cultura<\/a> <a href=\"https:\/\/lackman.com.br\/index.php\/category\/vida\/perambulando\/\" rel=\"category tag\">Perambulando<\/a>","rttpg_excerpt":"Atra\u00e7\u00e3o integra a Ocupa\u00e7\u00e3o Os Buriti \u2013 30 anos e fica em cartaz at\u00e9 domingo (25). A Cia. Os Buriti est\u00e1 em cartaz de 22 a 25 de janeiro (quinta a domingo) com o espet\u00e1culo \u201c\u00c0 Beira do Sol\u201d (classifica\u00e7\u00e3o livre), no teatro do Centro Cultural Banco do Brasil Bras\u00edlia (CCBB Bras\u00edlia). A pe\u00e7a integra&hellip;","_links":{"self":[{"href":"https:\/\/lackman.com.br\/index.php\/wp-json\/wp\/v2\/posts\/11671","targetHints":{"allow":["GET"]}}],"collection":[{"href":"https:\/\/lackman.com.br\/index.php\/wp-json\/wp\/v2\/posts"}],"about":[{"href":"https:\/\/lackman.com.br\/index.php\/wp-json\/wp\/v2\/types\/post"}],"author":[{"embeddable":true,"href":"https:\/\/lackman.com.br\/index.php\/wp-json\/wp\/v2\/users\/6"}],"replies":[{"embeddable":true,"href":"https:\/\/lackman.com.br\/index.php\/wp-json\/wp\/v2\/comments?post=11671"}],"version-history":[{"count":1,"href":"https:\/\/lackman.com.br\/index.php\/wp-json\/wp\/v2\/posts\/11671\/revisions"}],"predecessor-version":[{"id":11675,"href":"https:\/\/lackman.com.br\/index.php\/wp-json\/wp\/v2\/posts\/11671\/revisions\/11675"}],"wp:featuredmedia":[{"embeddable":true,"href":"https:\/\/lackman.com.br\/index.php\/wp-json\/wp\/v2\/media\/11674"}],"wp:attachment":[{"href":"https:\/\/lackman.com.br\/index.php\/wp-json\/wp\/v2\/media?parent=11671"}],"wp:term":[{"taxonomy":"category","embeddable":true,"href":"https:\/\/lackman.com.br\/index.php\/wp-json\/wp\/v2\/categories?post=11671"},{"taxonomy":"post_tag","embeddable":true,"href":"https:\/\/lackman.com.br\/index.php\/wp-json\/wp\/v2\/tags?post=11671"}],"curies":[{"name":"wp","href":"https:\/\/api.w.org\/{rel}","templated":true}]}}