{"id":11665,"date":"2026-01-23T17:49:00","date_gmt":"2026-01-23T20:49:00","guid":{"rendered":"https:\/\/lackman.com.br\/?p=11665"},"modified":"2026-01-23T18:09:47","modified_gmt":"2026-01-23T21:09:47","slug":"entra-em-cena-o-em-casa-brasilia","status":"publish","type":"post","link":"https:\/\/lackman.com.br\/index.php\/2026\/01\/23\/entra-em-cena-o-em-casa-brasilia\/","title":{"rendered":"Vai come\u00e7ar o Em Casa Bras\u00edlia"},"content":{"rendered":"<h5 style=\"text-align: justify\"><strong>Festival de arte, encontros e experi\u00eancias ao ar livre abre oficialmente neste s\u00e1bado com a festa Ben\u00e7\u00e3o Bras\u00edlia.<\/strong><\/h5>\n<p style=\"text-align: justify\">Bras\u00edlia ganha um novo ponto de encontro cultural a partir deste <strong>s\u00e1bado, 24<\/strong>, com a abertura oficial do <a href=\"https:\/\/www.instagram.com\/festivalemcasabrasilia\/\"><em><strong>Festival em Casa Bras\u00edlia<\/strong><\/em><\/a>, uma ocupa\u00e7\u00e3o urbana art\u00edstica e cultural tempor\u00e1ria que nasce no antigo <strong>Pesque e Pague da Lagoa dos Patos<\/strong>, dentro do <strong>Parque da Cidade<\/strong>. O projeto prop\u00f5e a revitaliza\u00e7\u00e3o afetiva e criativa de um espa\u00e7o que estava adormecido, devolvendo vida ao local por meio de arte, cultura, festas, encontros e experi\u00eancias ao ar livre.<\/p>\n<p style=\"text-align: justify\">Idealizado a partir de encontros entre amigos, o <em>Festival em Casa Bras\u00edlia<\/em> surge do desejo dos s\u00f3cios <strong>Jo\u00e3o Felipe Maione<\/strong> e <strong>Victor Braga<\/strong> de criar um espa\u00e7o onde o p\u00fablico se sinta acolhido, livre e pertencente. A proposta \u00e9 simples: ocupar com respeito, criatividade e cuidado um lugar esquecido, ativando-o por um per\u00edodo determinado com programa\u00e7\u00e3o cultural diversa.<\/p>\n<p style=\"text-align: justify\">\u201c<em>O Festival em Casa nasce do desejo de devolver vida a um espa\u00e7o que sempre esteve ali, mas que precisava de afeto, presen\u00e7a e criatividade. A gente acredita na ocupa\u00e7\u00e3o como forma de cuidado, encontro e celebra\u00e7\u00e3o da cidade e das pessoas que fazem Bras\u00edlia pulsar<\/em>\u201d, afirma <strong>Victor Braga<\/strong>.<\/p>\n<p style=\"text-align: justify\">O projeto se apresenta como \u201c<em>a casa dos produtores da cidade<\/em>\u201d, um espa\u00e7o aberto para receber festas, coletivos e iniciativas culturais que j\u00e1 movimentam a cena brasiliense. Sem r\u00f3tulos, o <em>Festival em Casa Bras\u00edlia<\/em> mistura linguagens, ritmos, estilos e p\u00fablicos, criando um ambiente plural, descolado e genuinamente conectado \u00e0 identidade da capital.<\/p>\n<p><img fetchpriority=\"high\" decoding=\"async\" class=\"alignnone size-large wp-image-11666\" src=\"http:\/\/lackman.com.br\/wp-content\/uploads\/2026\/01\/H_SOFT_00094649.00_03_10_08.Still006-1024x576.jpg\" alt=\"\" width=\"1024\" height=\"576\" srcset=\"https:\/\/lackman.com.br\/wp-content\/uploads\/2026\/01\/H_SOFT_00094649.00_03_10_08.Still006-1024x576.jpg 1024w, https:\/\/lackman.com.br\/wp-content\/uploads\/2026\/01\/H_SOFT_00094649.00_03_10_08.Still006-300x169.jpg 300w, https:\/\/lackman.com.br\/wp-content\/uploads\/2026\/01\/H_SOFT_00094649.00_03_10_08.Still006-768x432.jpg 768w, https:\/\/lackman.com.br\/wp-content\/uploads\/2026\/01\/H_SOFT_00094649.00_03_10_08.Still006-100x56.jpg 100w, https:\/\/lackman.com.br\/wp-content\/uploads\/2026\/01\/H_SOFT_00094649.00_03_10_08.Still006-1536x864.jpg 1536w, https:\/\/lackman.com.br\/wp-content\/uploads\/2026\/01\/H_SOFT_00094649.00_03_10_08.Still006-2048x1152.jpg 2048w\" sizes=\"(max-width: 1024px) 100vw, 1024px\" \/><\/p>\n<p style=\"text-align: justify\">Inspirado na ideia de uma casa de cabe\u00e7a para baixo, o espa\u00e7o prop\u00f5e novas formas de ocupar e viver a cidade. O conceito atravessa tanto a curadoria quanto a cenografia do espa\u00e7o, simbolizando a invers\u00e3o de perspectivas e a busca por novos caminhos para celebrar, conviver e criar.<\/p>\n<p style=\"text-align: justify\">Durante o per\u00edodo da ocupa\u00e7\u00e3o, o p\u00fablico poder\u00e1 vivenciar uma programa\u00e7\u00e3o diversa, que inclui festas e encontros musicais, <em>picnics<\/em>, feiras criativas e gastron\u00f4micas, interven\u00e7\u00f5es art\u00edsticas, cenografia autoral e a\u00e7\u00f5es promovidas por coletivos culturais da cidade. Tudo pensado para valorizar a brasilidade, os afetos, as cores e a pot\u00eancia criativa de Bras\u00edlia.<\/p>\n<p style=\"text-align: justify\">A primeira festa, \u201c<em><strong>Ben\u00e7a Bras\u00edlia<\/strong><\/em>\u201d, acontece no s\u00e1bado, <strong>24 de janeiro<\/strong>, \u00e0s <strong>18h<\/strong>, e marca oficialmente o in\u00edcio do projeto. Um gesto de sauda\u00e7\u00e3o \u00e0 cidade, ao parque e \u00e0s pessoas que fazem Bras\u00edlia pulsar, pedindo licen\u00e7a para ocupar, cuidar e transformar o espa\u00e7o com alegria, respeito e pertencimento. No estacionamento 10 do Parque da Cidade, a batida convida o p\u00fablico a embarcar em uma viagem pelas nossas ra\u00edzes e misturas, ao som de m\u00fasica urbana, <em>afrohouse<\/em>, brasilidades e sons que atravessam o Brasil.<\/p>\n<p style=\"text-align: justify\">No domingo, <strong>25 de janeiro<\/strong>, a programa\u00e7\u00e3o continua a partir das <strong>15h<\/strong>, com o <strong>Pic Nic Samba da Tia Z\u00e9lia<\/strong>, que convida o p\u00fablico a estender a canga, chamar os amigos e curtir uma tarde ao ar livre cheia de afeto e brasilidades. A trilha sonora fica por conta do Samba da Tia Z\u00e9lia, que recebe Jess Ullun e convidados, transformando o gramado em uma grande comemora\u00e7\u00e3o coletiva.<\/p>\n<p style=\"text-align: justify\"><em><strong>E a\u00ed, vamos nessa?<\/strong><\/em><\/p>\n<p style=\"text-align: justify\"><em><strong>\u00a0<\/strong><strong style=\"font-size: 16px\">Festival em Casa Bras\u00edlia<\/strong> \/ Parque da Cidade &#8211; antigo Pesque e Pague da Lagoa dos Patos (estacionamento 10) \/ <span style=\"font-size: 16px\">24 de janeiro (s\u00e1bado) e 25 de janeiro (domingo) \/\u00a0<\/span>Ingressos\u00a0<a href=\"https:\/\/www.sympla.com.br\/evento\/benca-inauguracao-festival-em-casa-brasilia\/3280093?referrer=br.search.yahoo.com&amp;referrer=br.search.yahoo.com\"><strong>Ben\u00e7\u00e3o Bras\u00edlia<\/strong><\/a> &amp;\u00a0<a href=\"https:\/\/www.sympla.com.br\/evento\/pic-nic-samba-da-tia-zelia\/3281784?referrer=br.search.yahoo.com&amp;referrer=br.search.yahoo.com\"><strong>Pic Nic Samba da ia Z\u00e9lia<\/strong> <\/a><\/em><em><span style=\"font-size: 16px\">\u00a0\/ Siga: <a href=\"https:\/\/www.instagram.com\/festivalemcasabrasilia\/\"><strong>@festivalemcasabrasilia<\/strong><\/a><\/span><\/em><\/p>\n<p>&nbsp;<\/p>\n<pre style=\"text-align: justify\">Fotos: Divulga\u00e7\u00e3o<\/pre>\n<p style=\"text-align: justify\">\n","protected":false},"excerpt":{"rendered":"<p>Festival de arte, encontros e experi\u00eancias ao ar livre abre oficialmente neste s\u00e1bado com a festa Ben\u00e7\u00e3o Bras\u00edlia. Bras\u00edlia ganha um novo ponto de encontro cultural a partir deste s\u00e1bado, 24, com a abertura oficial do Festival em Casa Bras\u00edlia, uma ocupa\u00e7\u00e3o urbana art\u00edstica e cultural tempor\u00e1ria que nasce no antigo Pesque e Pague da Lagoa dos Patos, dentro do Parque da Cidade. O projeto prop\u00f5e a revitaliza\u00e7\u00e3o afetiva e criativa de um espa\u00e7o que estava adormecido, devolvendo vida ao local por meio de arte, cultura, festas, encontros e experi\u00eancias ao ar livre. Idealizado a partir de encontros entre amigos, o Festival em Casa Bras\u00edlia surge do desejo dos s\u00f3cios Jo\u00e3o Felipe Maione e Victor Braga de criar um espa\u00e7o onde o p\u00fablico se sinta acolhido, livre e pertencente. A proposta \u00e9 simples: ocupar com respeito, criatividade e cuidado um lugar esquecido, ativando-o por um per\u00edodo determinado com programa\u00e7\u00e3o cultural diversa. \u201cO Festival em Casa nasce do desejo de devolver vida a um espa\u00e7o que sempre esteve ali, mas que precisava de afeto, presen\u00e7a e criatividade. A gente acredita na ocupa\u00e7\u00e3o como forma de cuidado, encontro e celebra\u00e7\u00e3o da cidade e das pessoas que fazem Bras\u00edlia pulsar\u201d, afirma Victor Braga. O projeto se apresenta como \u201ca casa dos produtores da cidade\u201d, um espa\u00e7o aberto para receber festas, coletivos e iniciativas culturais que j\u00e1 movimentam a cena brasiliense. Sem r\u00f3tulos, o Festival em Casa Bras\u00edlia mistura linguagens, ritmos, estilos e p\u00fablicos, criando um ambiente plural, descolado e genuinamente conectado \u00e0 identidade da capital. Inspirado na ideia de uma casa de cabe\u00e7a para baixo, o espa\u00e7o prop\u00f5e novas formas de ocupar e viver a cidade. O conceito atravessa tanto a curadoria quanto a cenografia do espa\u00e7o, simbolizando a invers\u00e3o de perspectivas e a busca por novos caminhos para celebrar, conviver e criar. Durante o per\u00edodo da ocupa\u00e7\u00e3o, o p\u00fablico poder\u00e1 vivenciar uma programa\u00e7\u00e3o diversa, que inclui festas e encontros musicais, picnics, feiras criativas e gastron\u00f4micas, interven\u00e7\u00f5es art\u00edsticas, cenografia autoral e a\u00e7\u00f5es promovidas por coletivos culturais da cidade. Tudo pensado para valorizar a brasilidade, os afetos, as cores e a pot\u00eancia criativa de Bras\u00edlia. A primeira festa, \u201cBen\u00e7a Bras\u00edlia\u201d, acontece no s\u00e1bado, 24 de janeiro, \u00e0s 18h, e marca oficialmente o in\u00edcio do projeto. Um gesto de sauda\u00e7\u00e3o \u00e0 cidade, ao parque e \u00e0s pessoas que fazem Bras\u00edlia pulsar, pedindo licen\u00e7a para ocupar, cuidar e transformar o espa\u00e7o com alegria, respeito e pertencimento. No estacionamento 10 do Parque da Cidade, a batida convida o p\u00fablico a embarcar em uma viagem pelas nossas ra\u00edzes e misturas, ao som de m\u00fasica urbana, afrohouse, brasilidades e sons que atravessam o Brasil. No domingo, 25 de janeiro, a programa\u00e7\u00e3o continua a partir das 15h, com o Pic Nic Samba da Tia Z\u00e9lia, que convida o p\u00fablico a estender a canga, chamar os amigos e curtir uma tarde ao ar livre cheia de afeto e brasilidades. A trilha sonora fica por conta do Samba da Tia Z\u00e9lia, que recebe Jess Ullun e convidados, transformando o gramado em uma grande comemora\u00e7\u00e3o coletiva. E a\u00ed, vamos nessa? \u00a0Festival em Casa Bras\u00edlia \/ Parque da Cidade &#8211; antigo Pesque e Pague da Lagoa dos Patos (estacionamento 10) \/ 24 de janeiro (s\u00e1bado) e 25 de janeiro (domingo) \/\u00a0Ingressos\u00a0Ben\u00e7\u00e3o Bras\u00edlia &amp;\u00a0Pic Nic Samba da ia Z\u00e9lia \u00a0\/ Siga: @festivalemcasabrasilia &nbsp; Fotos: Divulga\u00e7\u00e3o<\/p>\n","protected":false},"author":6,"featured_media":11667,"comment_status":"closed","ping_status":"open","sticky":false,"template":"","format":"standard","meta":{"site-sidebar-layout":"default","site-content-layout":"","ast-site-content-layout":"default","site-content-style":"default","site-sidebar-style":"default","ast-global-header-display":"","ast-banner-title-visibility":"","ast-main-header-display":"","ast-hfb-above-header-display":"","ast-hfb-below-header-display":"","ast-hfb-mobile-header-display":"","site-post-title":"","ast-breadcrumbs-content":"","ast-featured-img":"","footer-sml-layout":"","ast-disable-related-posts":"","theme-transparent-header-meta":"default","adv-header-id-meta":"","stick-header-meta":"","header-above-stick-meta":"","header-main-stick-meta":"","header-below-stick-meta":"","astra-migrate-meta-layouts":"set","ast-page-background-enabled":"default","ast-page-background-meta":{"desktop":{"background-color":"","background-image":"","background-repeat":"repeat","background-position":"center center","background-size":"auto","background-attachment":"scroll","background-type":"","background-media":"","overlay-type":"","overlay-color":"","overlay-opacity":"","overlay-gradient":""},"tablet":{"background-color":"","background-image":"","background-repeat":"repeat","background-position":"center center","background-size":"auto","background-attachment":"scroll","background-type":"","background-media":"","overlay-type":"","overlay-color":"","overlay-opacity":"","overlay-gradient":""},"mobile":{"background-color":"","background-image":"","background-repeat":"repeat","background-position":"center center","background-size":"auto","background-attachment":"scroll","background-type":"","background-media":"","overlay-type":"","overlay-color":"","overlay-opacity":"","overlay-gradient":""}},"ast-content-background-meta":{"desktop":{"background-color":"var(--ast-global-color-5)","background-image":"","background-repeat":"repeat","background-position":"center center","background-size":"auto","background-attachment":"scroll","background-type":"","background-media":"","overlay-type":"","overlay-color":"","overlay-opacity":"","overlay-gradient":""},"tablet":{"background-color":"var(--ast-global-color-5)","background-image":"","background-repeat":"repeat","background-position":"center center","background-size":"auto","background-attachment":"scroll","background-type":"","background-media":"","overlay-type":"","overlay-color":"","overlay-opacity":"","overlay-gradient":""},"mobile":{"background-color":"var(--ast-global-color-5)","background-image":"","background-repeat":"repeat","background-position":"center center","background-size":"auto","background-attachment":"scroll","background-type":"","background-media":"","overlay-type":"","overlay-color":"","overlay-opacity":"","overlay-gradient":""}},"footnotes":""},"categories":[48,43],"tags":[],"class_list":["post-11665","post","type-post","status-publish","format-standard","has-post-thumbnail","hentry","category-entretenimento","category-perambulando"],"yoast_head":"<!-- This site is optimized with the Yoast SEO plugin v27.0 - https:\/\/yoast.com\/product\/yoast-seo-wordpress\/ -->\n<title>Vai come\u00e7ar o Em Casa Bras\u00edlia - LACKMAN &amp; CO.<\/title>\n<meta name=\"robots\" content=\"index, follow, max-snippet:-1, max-image-preview:large, max-video-preview:-1\" \/>\n<link rel=\"canonical\" href=\"https:\/\/lackman.com.br\/index.php\/2026\/01\/23\/entra-em-cena-o-em-casa-brasilia\/\" \/>\n<meta property=\"og:locale\" content=\"pt_BR\" \/>\n<meta property=\"og:type\" content=\"article\" \/>\n<meta property=\"og:title\" content=\"Vai come\u00e7ar o Em Casa Bras\u00edlia - LACKMAN &amp; CO.\" \/>\n<meta property=\"og:description\" content=\"Festival de arte, encontros e experi\u00eancias ao ar livre abre oficialmente neste s\u00e1bado com a festa Ben\u00e7\u00e3o Bras\u00edlia. Bras\u00edlia ganha um novo ponto de encontro cultural a partir deste s\u00e1bado, 24, com a abertura oficial do Festival em Casa Bras\u00edlia, uma ocupa\u00e7\u00e3o urbana art\u00edstica e cultural tempor\u00e1ria que nasce no antigo Pesque e Pague da Lagoa dos Patos, dentro do Parque da Cidade. O projeto prop\u00f5e a revitaliza\u00e7\u00e3o afetiva e criativa de um espa\u00e7o que estava adormecido, devolvendo vida ao local por meio de arte, cultura, festas, encontros e experi\u00eancias ao ar livre. Idealizado a partir de encontros entre amigos, o Festival em Casa Bras\u00edlia surge do desejo dos s\u00f3cios Jo\u00e3o Felipe Maione e Victor Braga de criar um espa\u00e7o onde o p\u00fablico se sinta acolhido, livre e pertencente. A proposta \u00e9 simples: ocupar com respeito, criatividade e cuidado um lugar esquecido, ativando-o por um per\u00edodo determinado com programa\u00e7\u00e3o cultural diversa. \u201cO Festival em Casa nasce do desejo de devolver vida a um espa\u00e7o que sempre esteve ali, mas que precisava de afeto, presen\u00e7a e criatividade. A gente acredita na ocupa\u00e7\u00e3o como forma de cuidado, encontro e celebra\u00e7\u00e3o da cidade e das pessoas que fazem Bras\u00edlia pulsar\u201d, afirma Victor Braga. O projeto se apresenta como \u201ca casa dos produtores da cidade\u201d, um espa\u00e7o aberto para receber festas, coletivos e iniciativas culturais que j\u00e1 movimentam a cena brasiliense. Sem r\u00f3tulos, o Festival em Casa Bras\u00edlia mistura linguagens, ritmos, estilos e p\u00fablicos, criando um ambiente plural, descolado e genuinamente conectado \u00e0 identidade da capital. Inspirado na ideia de uma casa de cabe\u00e7a para baixo, o espa\u00e7o prop\u00f5e novas formas de ocupar e viver a cidade. O conceito atravessa tanto a curadoria quanto a cenografia do espa\u00e7o, simbolizando a invers\u00e3o de perspectivas e a busca por novos caminhos para celebrar, conviver e criar. Durante o per\u00edodo da ocupa\u00e7\u00e3o, o p\u00fablico poder\u00e1 vivenciar uma programa\u00e7\u00e3o diversa, que inclui festas e encontros musicais, picnics, feiras criativas e gastron\u00f4micas, interven\u00e7\u00f5es art\u00edsticas, cenografia autoral e a\u00e7\u00f5es promovidas por coletivos culturais da cidade. Tudo pensado para valorizar a brasilidade, os afetos, as cores e a pot\u00eancia criativa de Bras\u00edlia. A primeira festa, \u201cBen\u00e7a Bras\u00edlia\u201d, acontece no s\u00e1bado, 24 de janeiro, \u00e0s 18h, e marca oficialmente o in\u00edcio do projeto. Um gesto de sauda\u00e7\u00e3o \u00e0 cidade, ao parque e \u00e0s pessoas que fazem Bras\u00edlia pulsar, pedindo licen\u00e7a para ocupar, cuidar e transformar o espa\u00e7o com alegria, respeito e pertencimento. No estacionamento 10 do Parque da Cidade, a batida convida o p\u00fablico a embarcar em uma viagem pelas nossas ra\u00edzes e misturas, ao som de m\u00fasica urbana, afrohouse, brasilidades e sons que atravessam o Brasil. No domingo, 25 de janeiro, a programa\u00e7\u00e3o continua a partir das 15h, com o Pic Nic Samba da Tia Z\u00e9lia, que convida o p\u00fablico a estender a canga, chamar os amigos e curtir uma tarde ao ar livre cheia de afeto e brasilidades. A trilha sonora fica por conta do Samba da Tia Z\u00e9lia, que recebe Jess Ullun e convidados, transformando o gramado em uma grande comemora\u00e7\u00e3o coletiva. E a\u00ed, vamos nessa? \u00a0Festival em Casa Bras\u00edlia \/ Parque da Cidade &#8211; antigo Pesque e Pague da Lagoa dos Patos (estacionamento 10) \/ 24 de janeiro (s\u00e1bado) e 25 de janeiro (domingo) \/\u00a0Ingressos\u00a0Ben\u00e7\u00e3o Bras\u00edlia &amp;\u00a0Pic Nic Samba da ia Z\u00e9lia \u00a0\/ Siga: @festivalemcasabrasilia &nbsp; Fotos: Divulga\u00e7\u00e3o\" \/>\n<meta property=\"og:url\" content=\"https:\/\/lackman.com.br\/index.php\/2026\/01\/23\/entra-em-cena-o-em-casa-brasilia\/\" \/>\n<meta property=\"og:site_name\" content=\"LACKMAN &amp; CO.\" \/>\n<meta property=\"article:published_time\" content=\"2026-01-23T20:49:00+00:00\" \/>\n<meta property=\"article:modified_time\" content=\"2026-01-23T21:09:47+00:00\" \/>\n<meta property=\"og:image\" content=\"http:\/\/lackman.com.br\/wp-content\/uploads\/2026\/01\/H_SOFT_00094649.00_00_34_00.Still001-scaled.jpg\" \/>\n\t<meta property=\"og:image:width\" content=\"2560\" \/>\n\t<meta property=\"og:image:height\" content=\"1440\" \/>\n\t<meta property=\"og:image:type\" content=\"image\/jpeg\" \/>\n<meta name=\"author\" content=\"Gilberto Evangelista - Colunista\" \/>\n<meta name=\"twitter:card\" content=\"summary_large_image\" \/>\n<meta name=\"twitter:label1\" content=\"Escrito por\" \/>\n\t<meta name=\"twitter:data1\" content=\"Gilberto Evangelista - Colunista\" \/>\n\t<meta name=\"twitter:label2\" content=\"Est. tempo de leitura\" \/>\n\t<meta name=\"twitter:data2\" content=\"4 minutos\" \/>\n<script type=\"application\/ld+json\" class=\"yoast-schema-graph\">{\"@context\":\"https:\/\/schema.org\",\"@graph\":[{\"@type\":\"Article\",\"@id\":\"https:\/\/lackman.com.br\/index.php\/2026\/01\/23\/entra-em-cena-o-em-casa-brasilia\/#article\",\"isPartOf\":{\"@id\":\"https:\/\/lackman.com.br\/index.php\/2026\/01\/23\/entra-em-cena-o-em-casa-brasilia\/\"},\"author\":{\"name\":\"Gilberto Evangelista - Colunista\",\"@id\":\"https:\/\/lackman.com.br\/#\/schema\/person\/8a2355f699593d21d4f0d25b69db5747\"},\"headline\":\"Vai come\u00e7ar o Em Casa Bras\u00edlia\",\"datePublished\":\"2026-01-23T20:49:00+00:00\",\"dateModified\":\"2026-01-23T21:09:47+00:00\",\"mainEntityOfPage\":{\"@id\":\"https:\/\/lackman.com.br\/index.php\/2026\/01\/23\/entra-em-cena-o-em-casa-brasilia\/\"},\"wordCount\":611,\"publisher\":{\"@id\":\"https:\/\/lackman.com.br\/#organization\"},\"image\":{\"@id\":\"https:\/\/lackman.com.br\/index.php\/2026\/01\/23\/entra-em-cena-o-em-casa-brasilia\/#primaryimage\"},\"thumbnailUrl\":\"https:\/\/lackman.com.br\/wp-content\/uploads\/2026\/01\/H_SOFT_00094649.00_00_34_00.Still001-scaled.jpg\",\"articleSection\":[\"Entretenimento\",\"Perambulando\"],\"inLanguage\":\"pt-BR\"},{\"@type\":\"WebPage\",\"@id\":\"https:\/\/lackman.com.br\/index.php\/2026\/01\/23\/entra-em-cena-o-em-casa-brasilia\/\",\"url\":\"https:\/\/lackman.com.br\/index.php\/2026\/01\/23\/entra-em-cena-o-em-casa-brasilia\/\",\"name\":\"Vai come\u00e7ar o Em Casa Bras\u00edlia - LACKMAN &amp; CO.\",\"isPartOf\":{\"@id\":\"https:\/\/lackman.com.br\/#website\"},\"primaryImageOfPage\":{\"@id\":\"https:\/\/lackman.com.br\/index.php\/2026\/01\/23\/entra-em-cena-o-em-casa-brasilia\/#primaryimage\"},\"image\":{\"@id\":\"https:\/\/lackman.com.br\/index.php\/2026\/01\/23\/entra-em-cena-o-em-casa-brasilia\/#primaryimage\"},\"thumbnailUrl\":\"https:\/\/lackman.com.br\/wp-content\/uploads\/2026\/01\/H_SOFT_00094649.00_00_34_00.Still001-scaled.jpg\",\"datePublished\":\"2026-01-23T20:49:00+00:00\",\"dateModified\":\"2026-01-23T21:09:47+00:00\",\"breadcrumb\":{\"@id\":\"https:\/\/lackman.com.br\/index.php\/2026\/01\/23\/entra-em-cena-o-em-casa-brasilia\/#breadcrumb\"},\"inLanguage\":\"pt-BR\",\"potentialAction\":[{\"@type\":\"ReadAction\",\"target\":[\"https:\/\/lackman.com.br\/index.php\/2026\/01\/23\/entra-em-cena-o-em-casa-brasilia\/\"]}]},{\"@type\":\"ImageObject\",\"inLanguage\":\"pt-BR\",\"@id\":\"https:\/\/lackman.com.br\/index.php\/2026\/01\/23\/entra-em-cena-o-em-casa-brasilia\/#primaryimage\",\"url\":\"https:\/\/lackman.com.br\/wp-content\/uploads\/2026\/01\/H_SOFT_00094649.00_00_34_00.Still001-scaled.jpg\",\"contentUrl\":\"https:\/\/lackman.com.br\/wp-content\/uploads\/2026\/01\/H_SOFT_00094649.00_00_34_00.Still001-scaled.jpg\",\"width\":2560,\"height\":1440},{\"@type\":\"BreadcrumbList\",\"@id\":\"https:\/\/lackman.com.br\/index.php\/2026\/01\/23\/entra-em-cena-o-em-casa-brasilia\/#breadcrumb\",\"itemListElement\":[{\"@type\":\"ListItem\",\"position\":1,\"name\":\"In\u00edcio\",\"item\":\"https:\/\/lackman.com.br\/\"},{\"@type\":\"ListItem\",\"position\":2,\"name\":\"Vai come\u00e7ar o Em Casa Bras\u00edlia\"}]},{\"@type\":\"WebSite\",\"@id\":\"https:\/\/lackman.com.br\/#website\",\"url\":\"https:\/\/lackman.com.br\/\",\"name\":\"LACKMAN &amp; CO.\",\"description\":\"VIDA | MODA | ARTE\",\"publisher\":{\"@id\":\"https:\/\/lackman.com.br\/#organization\"},\"potentialAction\":[{\"@type\":\"SearchAction\",\"target\":{\"@type\":\"EntryPoint\",\"urlTemplate\":\"https:\/\/lackman.com.br\/?s={search_term_string}\"},\"query-input\":{\"@type\":\"PropertyValueSpecification\",\"valueRequired\":true,\"valueName\":\"search_term_string\"}}],\"inLanguage\":\"pt-BR\"},{\"@type\":\"Organization\",\"@id\":\"https:\/\/lackman.com.br\/#organization\",\"name\":\"LACKMAN &amp; CO.\",\"url\":\"https:\/\/lackman.com.br\/\",\"logo\":{\"@type\":\"ImageObject\",\"inLanguage\":\"pt-BR\",\"@id\":\"https:\/\/lackman.com.br\/#\/schema\/logo\/image\/\",\"url\":\"https:\/\/lackman.com.br\/wp-content\/uploads\/2023\/06\/Logotipo_preto-1.png\",\"contentUrl\":\"https:\/\/lackman.com.br\/wp-content\/uploads\/2023\/06\/Logotipo_preto-1.png\",\"width\":739,\"height\":393,\"caption\":\"LACKMAN &amp; CO.\"},\"image\":{\"@id\":\"https:\/\/lackman.com.br\/#\/schema\/logo\/image\/\"}},{\"@type\":\"Person\",\"@id\":\"https:\/\/lackman.com.br\/#\/schema\/person\/8a2355f699593d21d4f0d25b69db5747\",\"name\":\"Gilberto Evangelista - Colunista\",\"image\":{\"@type\":\"ImageObject\",\"inLanguage\":\"pt-BR\",\"@id\":\"https:\/\/lackman.com.br\/#\/schema\/person\/image\/\",\"url\":\"https:\/\/secure.gravatar.com\/avatar\/cea9badf02f8a90f7a745f2cbea45fda61f65711ec015e2faf3809cca6337c28?s=96&d=mm&r=g\",\"contentUrl\":\"https:\/\/secure.gravatar.com\/avatar\/cea9badf02f8a90f7a745f2cbea45fda61f65711ec015e2faf3809cca6337c28?s=96&d=mm&r=g\",\"caption\":\"Gilberto Evangelista - Colunista\"},\"description\":\"Jornalista e globetrotter.\",\"url\":\"https:\/\/lackman.com.br\/index.php\/author\/gilberto-brito\/\"}]}<\/script>\n<!-- \/ Yoast SEO plugin. -->","yoast_head_json":{"title":"Vai come\u00e7ar o Em Casa Bras\u00edlia - LACKMAN &amp; CO.","robots":{"index":"index","follow":"follow","max-snippet":"max-snippet:-1","max-image-preview":"max-image-preview:large","max-video-preview":"max-video-preview:-1"},"canonical":"https:\/\/lackman.com.br\/index.php\/2026\/01\/23\/entra-em-cena-o-em-casa-brasilia\/","og_locale":"pt_BR","og_type":"article","og_title":"Vai come\u00e7ar o Em Casa Bras\u00edlia - LACKMAN &amp; CO.","og_description":"Festival de arte, encontros e experi\u00eancias ao ar livre abre oficialmente neste s\u00e1bado com a festa Ben\u00e7\u00e3o Bras\u00edlia. Bras\u00edlia ganha um novo ponto de encontro cultural a partir deste s\u00e1bado, 24, com a abertura oficial do Festival em Casa Bras\u00edlia, uma ocupa\u00e7\u00e3o urbana art\u00edstica e cultural tempor\u00e1ria que nasce no antigo Pesque e Pague da Lagoa dos Patos, dentro do Parque da Cidade. O projeto prop\u00f5e a revitaliza\u00e7\u00e3o afetiva e criativa de um espa\u00e7o que estava adormecido, devolvendo vida ao local por meio de arte, cultura, festas, encontros e experi\u00eancias ao ar livre. Idealizado a partir de encontros entre amigos, o Festival em Casa Bras\u00edlia surge do desejo dos s\u00f3cios Jo\u00e3o Felipe Maione e Victor Braga de criar um espa\u00e7o onde o p\u00fablico se sinta acolhido, livre e pertencente. A proposta \u00e9 simples: ocupar com respeito, criatividade e cuidado um lugar esquecido, ativando-o por um per\u00edodo determinado com programa\u00e7\u00e3o cultural diversa. \u201cO Festival em Casa nasce do desejo de devolver vida a um espa\u00e7o que sempre esteve ali, mas que precisava de afeto, presen\u00e7a e criatividade. A gente acredita na ocupa\u00e7\u00e3o como forma de cuidado, encontro e celebra\u00e7\u00e3o da cidade e das pessoas que fazem Bras\u00edlia pulsar\u201d, afirma Victor Braga. O projeto se apresenta como \u201ca casa dos produtores da cidade\u201d, um espa\u00e7o aberto para receber festas, coletivos e iniciativas culturais que j\u00e1 movimentam a cena brasiliense. Sem r\u00f3tulos, o Festival em Casa Bras\u00edlia mistura linguagens, ritmos, estilos e p\u00fablicos, criando um ambiente plural, descolado e genuinamente conectado \u00e0 identidade da capital. Inspirado na ideia de uma casa de cabe\u00e7a para baixo, o espa\u00e7o prop\u00f5e novas formas de ocupar e viver a cidade. O conceito atravessa tanto a curadoria quanto a cenografia do espa\u00e7o, simbolizando a invers\u00e3o de perspectivas e a busca por novos caminhos para celebrar, conviver e criar. Durante o per\u00edodo da ocupa\u00e7\u00e3o, o p\u00fablico poder\u00e1 vivenciar uma programa\u00e7\u00e3o diversa, que inclui festas e encontros musicais, picnics, feiras criativas e gastron\u00f4micas, interven\u00e7\u00f5es art\u00edsticas, cenografia autoral e a\u00e7\u00f5es promovidas por coletivos culturais da cidade. Tudo pensado para valorizar a brasilidade, os afetos, as cores e a pot\u00eancia criativa de Bras\u00edlia. A primeira festa, \u201cBen\u00e7a Bras\u00edlia\u201d, acontece no s\u00e1bado, 24 de janeiro, \u00e0s 18h, e marca oficialmente o in\u00edcio do projeto. Um gesto de sauda\u00e7\u00e3o \u00e0 cidade, ao parque e \u00e0s pessoas que fazem Bras\u00edlia pulsar, pedindo licen\u00e7a para ocupar, cuidar e transformar o espa\u00e7o com alegria, respeito e pertencimento. No estacionamento 10 do Parque da Cidade, a batida convida o p\u00fablico a embarcar em uma viagem pelas nossas ra\u00edzes e misturas, ao som de m\u00fasica urbana, afrohouse, brasilidades e sons que atravessam o Brasil. No domingo, 25 de janeiro, a programa\u00e7\u00e3o continua a partir das 15h, com o Pic Nic Samba da Tia Z\u00e9lia, que convida o p\u00fablico a estender a canga, chamar os amigos e curtir uma tarde ao ar livre cheia de afeto e brasilidades. A trilha sonora fica por conta do Samba da Tia Z\u00e9lia, que recebe Jess Ullun e convidados, transformando o gramado em uma grande comemora\u00e7\u00e3o coletiva. E a\u00ed, vamos nessa? \u00a0Festival em Casa Bras\u00edlia \/ Parque da Cidade &#8211; antigo Pesque e Pague da Lagoa dos Patos (estacionamento 10) \/ 24 de janeiro (s\u00e1bado) e 25 de janeiro (domingo) \/\u00a0Ingressos\u00a0Ben\u00e7\u00e3o Bras\u00edlia &amp;\u00a0Pic Nic Samba da ia Z\u00e9lia \u00a0\/ Siga: @festivalemcasabrasilia &nbsp; Fotos: Divulga\u00e7\u00e3o","og_url":"https:\/\/lackman.com.br\/index.php\/2026\/01\/23\/entra-em-cena-o-em-casa-brasilia\/","og_site_name":"LACKMAN &amp; CO.","article_published_time":"2026-01-23T20:49:00+00:00","article_modified_time":"2026-01-23T21:09:47+00:00","og_image":[{"width":2560,"height":1440,"url":"http:\/\/lackman.com.br\/wp-content\/uploads\/2026\/01\/H_SOFT_00094649.00_00_34_00.Still001-scaled.jpg","type":"image\/jpeg"}],"author":"Gilberto Evangelista - Colunista","twitter_card":"summary_large_image","twitter_misc":{"Escrito por":"Gilberto Evangelista - Colunista","Est. tempo de leitura":"4 minutos"},"schema":{"@context":"https:\/\/schema.org","@graph":[{"@type":"Article","@id":"https:\/\/lackman.com.br\/index.php\/2026\/01\/23\/entra-em-cena-o-em-casa-brasilia\/#article","isPartOf":{"@id":"https:\/\/lackman.com.br\/index.php\/2026\/01\/23\/entra-em-cena-o-em-casa-brasilia\/"},"author":{"name":"Gilberto Evangelista - Colunista","@id":"https:\/\/lackman.com.br\/#\/schema\/person\/8a2355f699593d21d4f0d25b69db5747"},"headline":"Vai come\u00e7ar o Em Casa Bras\u00edlia","datePublished":"2026-01-23T20:49:00+00:00","dateModified":"2026-01-23T21:09:47+00:00","mainEntityOfPage":{"@id":"https:\/\/lackman.com.br\/index.php\/2026\/01\/23\/entra-em-cena-o-em-casa-brasilia\/"},"wordCount":611,"publisher":{"@id":"https:\/\/lackman.com.br\/#organization"},"image":{"@id":"https:\/\/lackman.com.br\/index.php\/2026\/01\/23\/entra-em-cena-o-em-casa-brasilia\/#primaryimage"},"thumbnailUrl":"https:\/\/lackman.com.br\/wp-content\/uploads\/2026\/01\/H_SOFT_00094649.00_00_34_00.Still001-scaled.jpg","articleSection":["Entretenimento","Perambulando"],"inLanguage":"pt-BR"},{"@type":"WebPage","@id":"https:\/\/lackman.com.br\/index.php\/2026\/01\/23\/entra-em-cena-o-em-casa-brasilia\/","url":"https:\/\/lackman.com.br\/index.php\/2026\/01\/23\/entra-em-cena-o-em-casa-brasilia\/","name":"Vai come\u00e7ar o Em Casa Bras\u00edlia - LACKMAN &amp; CO.","isPartOf":{"@id":"https:\/\/lackman.com.br\/#website"},"primaryImageOfPage":{"@id":"https:\/\/lackman.com.br\/index.php\/2026\/01\/23\/entra-em-cena-o-em-casa-brasilia\/#primaryimage"},"image":{"@id":"https:\/\/lackman.com.br\/index.php\/2026\/01\/23\/entra-em-cena-o-em-casa-brasilia\/#primaryimage"},"thumbnailUrl":"https:\/\/lackman.com.br\/wp-content\/uploads\/2026\/01\/H_SOFT_00094649.00_00_34_00.Still001-scaled.jpg","datePublished":"2026-01-23T20:49:00+00:00","dateModified":"2026-01-23T21:09:47+00:00","breadcrumb":{"@id":"https:\/\/lackman.com.br\/index.php\/2026\/01\/23\/entra-em-cena-o-em-casa-brasilia\/#breadcrumb"},"inLanguage":"pt-BR","potentialAction":[{"@type":"ReadAction","target":["https:\/\/lackman.com.br\/index.php\/2026\/01\/23\/entra-em-cena-o-em-casa-brasilia\/"]}]},{"@type":"ImageObject","inLanguage":"pt-BR","@id":"https:\/\/lackman.com.br\/index.php\/2026\/01\/23\/entra-em-cena-o-em-casa-brasilia\/#primaryimage","url":"https:\/\/lackman.com.br\/wp-content\/uploads\/2026\/01\/H_SOFT_00094649.00_00_34_00.Still001-scaled.jpg","contentUrl":"https:\/\/lackman.com.br\/wp-content\/uploads\/2026\/01\/H_SOFT_00094649.00_00_34_00.Still001-scaled.jpg","width":2560,"height":1440},{"@type":"BreadcrumbList","@id":"https:\/\/lackman.com.br\/index.php\/2026\/01\/23\/entra-em-cena-o-em-casa-brasilia\/#breadcrumb","itemListElement":[{"@type":"ListItem","position":1,"name":"In\u00edcio","item":"https:\/\/lackman.com.br\/"},{"@type":"ListItem","position":2,"name":"Vai come\u00e7ar o Em Casa Bras\u00edlia"}]},{"@type":"WebSite","@id":"https:\/\/lackman.com.br\/#website","url":"https:\/\/lackman.com.br\/","name":"LACKMAN &amp; CO.","description":"VIDA | MODA | ARTE","publisher":{"@id":"https:\/\/lackman.com.br\/#organization"},"potentialAction":[{"@type":"SearchAction","target":{"@type":"EntryPoint","urlTemplate":"https:\/\/lackman.com.br\/?s={search_term_string}"},"query-input":{"@type":"PropertyValueSpecification","valueRequired":true,"valueName":"search_term_string"}}],"inLanguage":"pt-BR"},{"@type":"Organization","@id":"https:\/\/lackman.com.br\/#organization","name":"LACKMAN &amp; CO.","url":"https:\/\/lackman.com.br\/","logo":{"@type":"ImageObject","inLanguage":"pt-BR","@id":"https:\/\/lackman.com.br\/#\/schema\/logo\/image\/","url":"https:\/\/lackman.com.br\/wp-content\/uploads\/2023\/06\/Logotipo_preto-1.png","contentUrl":"https:\/\/lackman.com.br\/wp-content\/uploads\/2023\/06\/Logotipo_preto-1.png","width":739,"height":393,"caption":"LACKMAN &amp; CO."},"image":{"@id":"https:\/\/lackman.com.br\/#\/schema\/logo\/image\/"}},{"@type":"Person","@id":"https:\/\/lackman.com.br\/#\/schema\/person\/8a2355f699593d21d4f0d25b69db5747","name":"Gilberto Evangelista - Colunista","image":{"@type":"ImageObject","inLanguage":"pt-BR","@id":"https:\/\/lackman.com.br\/#\/schema\/person\/image\/","url":"https:\/\/secure.gravatar.com\/avatar\/cea9badf02f8a90f7a745f2cbea45fda61f65711ec015e2faf3809cca6337c28?s=96&d=mm&r=g","contentUrl":"https:\/\/secure.gravatar.com\/avatar\/cea9badf02f8a90f7a745f2cbea45fda61f65711ec015e2faf3809cca6337c28?s=96&d=mm&r=g","caption":"Gilberto Evangelista - Colunista"},"description":"Jornalista e globetrotter.","url":"https:\/\/lackman.com.br\/index.php\/author\/gilberto-brito\/"}]}},"rttpg_featured_image_url":{"full":["https:\/\/lackman.com.br\/wp-content\/uploads\/2026\/01\/H_SOFT_00094649.00_00_34_00.Still001-scaled.jpg",2560,1440,false],"landscape":["https:\/\/lackman.com.br\/wp-content\/uploads\/2026\/01\/H_SOFT_00094649.00_00_34_00.Still001-scaled.jpg",2560,1440,false],"portraits":["https:\/\/lackman.com.br\/wp-content\/uploads\/2026\/01\/H_SOFT_00094649.00_00_34_00.Still001-scaled.jpg",2560,1440,false],"thumbnail":["https:\/\/lackman.com.br\/wp-content\/uploads\/2026\/01\/H_SOFT_00094649.00_00_34_00.Still001-150x150.jpg",150,150,true],"medium":["https:\/\/lackman.com.br\/wp-content\/uploads\/2026\/01\/H_SOFT_00094649.00_00_34_00.Still001-300x169.jpg",300,169,true],"large":["https:\/\/lackman.com.br\/wp-content\/uploads\/2026\/01\/H_SOFT_00094649.00_00_34_00.Still001-1024x576.jpg",1024,576,true],"RoboGalleryMansoryImagesCenter":["https:\/\/lackman.com.br\/wp-content\/uploads\/2026\/01\/H_SOFT_00094649.00_00_34_00.Still001-600x1024.jpg",600,1024,true],"RoboGalleryPreload":["https:\/\/lackman.com.br\/wp-content\/uploads\/2026\/01\/H_SOFT_00094649.00_00_34_00.Still001-100x56.jpg",100,56,true],"1536x1536":["https:\/\/lackman.com.br\/wp-content\/uploads\/2026\/01\/H_SOFT_00094649.00_00_34_00.Still001-1536x864.jpg",1536,864,true],"2048x2048":["https:\/\/lackman.com.br\/wp-content\/uploads\/2026\/01\/H_SOFT_00094649.00_00_34_00.Still001-2048x1152.jpg",2048,1152,true]},"rttpg_author":{"display_name":"Gilberto Evangelista - Colunista","author_link":"https:\/\/lackman.com.br\/index.php\/author\/gilberto-brito\/"},"rttpg_comment":0,"rttpg_category":"<a href=\"https:\/\/lackman.com.br\/index.php\/category\/arte\/entretenimento\/\" rel=\"category tag\">Entretenimento<\/a> <a href=\"https:\/\/lackman.com.br\/index.php\/category\/vida\/perambulando\/\" rel=\"category tag\">Perambulando<\/a>","rttpg_excerpt":"Festival de arte, encontros e experi\u00eancias ao ar livre abre oficialmente neste s\u00e1bado com a festa Ben\u00e7\u00e3o Bras\u00edlia. Bras\u00edlia ganha um novo ponto de encontro cultural a partir deste s\u00e1bado, 24, com a abertura oficial do Festival em Casa Bras\u00edlia, uma ocupa\u00e7\u00e3o urbana art\u00edstica e cultural tempor\u00e1ria que nasce no antigo Pesque e Pague da&hellip;","_links":{"self":[{"href":"https:\/\/lackman.com.br\/index.php\/wp-json\/wp\/v2\/posts\/11665","targetHints":{"allow":["GET"]}}],"collection":[{"href":"https:\/\/lackman.com.br\/index.php\/wp-json\/wp\/v2\/posts"}],"about":[{"href":"https:\/\/lackman.com.br\/index.php\/wp-json\/wp\/v2\/types\/post"}],"author":[{"embeddable":true,"href":"https:\/\/lackman.com.br\/index.php\/wp-json\/wp\/v2\/users\/6"}],"replies":[{"embeddable":true,"href":"https:\/\/lackman.com.br\/index.php\/wp-json\/wp\/v2\/comments?post=11665"}],"version-history":[{"count":4,"href":"https:\/\/lackman.com.br\/index.php\/wp-json\/wp\/v2\/posts\/11665\/revisions"}],"predecessor-version":[{"id":11677,"href":"https:\/\/lackman.com.br\/index.php\/wp-json\/wp\/v2\/posts\/11665\/revisions\/11677"}],"wp:featuredmedia":[{"embeddable":true,"href":"https:\/\/lackman.com.br\/index.php\/wp-json\/wp\/v2\/media\/11667"}],"wp:attachment":[{"href":"https:\/\/lackman.com.br\/index.php\/wp-json\/wp\/v2\/media?parent=11665"}],"wp:term":[{"taxonomy":"category","embeddable":true,"href":"https:\/\/lackman.com.br\/index.php\/wp-json\/wp\/v2\/categories?post=11665"},{"taxonomy":"post_tag","embeddable":true,"href":"https:\/\/lackman.com.br\/index.php\/wp-json\/wp\/v2\/tags?post=11665"}],"curies":[{"name":"wp","href":"https:\/\/api.w.org\/{rel}","templated":true}]}}