{"id":11660,"date":"2026-01-23T17:34:51","date_gmt":"2026-01-23T20:34:51","guid":{"rendered":"https:\/\/lackman.com.br\/?p=11660"},"modified":"2026-01-23T18:09:10","modified_gmt":"2026-01-23T21:09:10","slug":"brasilia-recebe-a-marsha-trans-brasil","status":"publish","type":"post","link":"https:\/\/lackman.com.br\/index.php\/2026\/01\/23\/brasilia-recebe-a-marsha-trans-brasil\/","title":{"rendered":"Partiu Marsha Trans Brasil!"},"content":{"rendered":"<h5 style=\"text-align: justify\"><em>Ato pol\u00edtico-cultural tem participa\u00e7\u00f5es das deputadas Erika Hilton e da cantora Pepita neste domingo.<\/em><\/h5>\n<p style=\"text-align: justify\">Em sua terceira edi\u00e7\u00e3o, a Marsha Trans Brasil ocupa o centro de Bras\u00edlia no dia 25 de janeiro. Organizada pela Antra (Associa\u00e7\u00e3o Nacional de Travestis e Transexuais) e pelo Ibrat (Instituto Brasileiro de Transmasculinidades), a manifesta\u00e7\u00e3o pol\u00edtico-cultural tem sua concentra\u00e7\u00e3o em frente ao Congresso Nacional, a partir das 13h, seguida por uma caminhada que segue at\u00e9 o Museu Nacional da Rep\u00fablica. Entre as participa\u00e7\u00f5es confirmadas est\u00e3o a deputada federal Erika Hilton e a cantora Pepita.<\/p>\n<p style=\"text-align: justify\">Para reverberar a voz da popula\u00e7\u00e3o transexual brasileira, a Marsha recebe a participa\u00e7\u00e3o de pessoas trans da pol\u00edtica, do ativismo e da cultura, al\u00e9m de caravanas de ativistas vindas de diversos estados. Participam da manifesta\u00e7\u00e3o a cantora Pepita, a deputada federal Erika Hilton (SP), as deputadas estaduais Linda Brasil (SE) e Dani Balbi (RJ) e as vereadoras Amanda Paschoal (S\u00e3o Paulo), Juhlia Santos (Belo Horizonte) e Natasha Ferreira (Porto Alegre). Como aliados da causa trans, participam a deputada federal Erika Kokay (DF) e o deputado distrital F\u00e1bio Felix (DF), al\u00e9m de representantes de minist\u00e9rios do governo federal.<\/p>\n<p style=\"text-align: justify\"><img fetchpriority=\"high\" decoding=\"async\" class=\"alignnone size-large wp-image-11661\" src=\"http:\/\/lackman.com.br\/wp-content\/uploads\/2026\/01\/image-1024x683.png\" alt=\"\" width=\"1024\" height=\"683\" srcset=\"https:\/\/lackman.com.br\/wp-content\/uploads\/2026\/01\/image-1024x683.png 1024w, https:\/\/lackman.com.br\/wp-content\/uploads\/2026\/01\/image-300x200.png 300w, https:\/\/lackman.com.br\/wp-content\/uploads\/2026\/01\/image-768x512.png 768w, https:\/\/lackman.com.br\/wp-content\/uploads\/2026\/01\/image-100x67.png 100w, https:\/\/lackman.com.br\/wp-content\/uploads\/2026\/01\/image-1536x1025.png 1536w, https:\/\/lackman.com.br\/wp-content\/uploads\/2026\/01\/image.png 2001w\" sizes=\"(max-width: 1024px) 100vw, 1024px\" \/><\/p>\n<p style=\"text-align: justify\">Para a presidenta da Antra, Bruna Benevides, a programa\u00e7\u00e3o da Marsha Trans Brasil 2026 expressa uma grande constru\u00e7\u00e3o coletiva. \u201cS\u00e3o mais de 65 entidades unidas, compostas por movimentos sociais nacionais e locais, sindicatos, organiza\u00e7\u00f5es internacionais e ativistas comprometidos com a defesa dos direitos das pessoas trans e travestis\u201d, detalha.<\/p>\n<p style=\"text-align: justify\">A manifesta\u00e7\u00e3o tem como eixo central o enfrentamento ao genoc\u00eddio de pessoas trans e travestis e a garantia do direito \u00e0 vida. A organiza\u00e7\u00e3o defende o direito ao nome, \u00e0 identidade de g\u00eanero e ao reconhecimento legal pleno, al\u00e9m da imediata publica\u00e7\u00e3o do Paes Pop Trans (Programa de Aten\u00e7\u00e3o \u00e0 Sa\u00fade da Popula\u00e7\u00e3o Trans). As pautas levantadas abarcam ainda a inclus\u00e3o e a perman\u00eancia de estudantes trans na educa\u00e7\u00e3o, com a implementa\u00e7\u00e3o de cotas em universidades, institutos federais e concursos p\u00fablicos, al\u00e9m de programas de acesso e qualifica\u00e7\u00e3o para o mercado de trabalho formal.<\/p>\n<p style=\"text-align: justify\">Completam as pautas o enfrentamento \u00e0 transfobia no sistema de Justi\u00e7a e na seguran\u00e7a p\u00fablica, a prote\u00e7\u00e3o de pessoas trans em contextos de migra\u00e7\u00e3o e ref\u00fagio, o combate \u00e0 agenda antitrans e a valoriza\u00e7\u00e3o do ac\u00famulo hist\u00f3rico dos movimentos sociais trans como base para solu\u00e7\u00f5es pol\u00edticas.<\/p>\n<p style=\"text-align: justify\"><strong>Programa\u00e7\u00e3o<\/strong><br \/>\nA edi\u00e7\u00e3o 2026 da Marsha Trans, grafada assim em homenagem a Marsha P. Johnson, refer\u00eancia trans global, tem como tema \u201cBrasil soberano \u00e9 pa\u00eds sem transfobia\u201d. A pauta refor\u00e7a o papel das entidades que defendem os direitos das pessoas trans como um espa\u00e7o de den\u00fancia, mem\u00f3ria, resist\u00eancia e proposi\u00e7\u00e3o. Para isso, as entidades realizadoras preparam uma programa\u00e7\u00e3o de atividades de 24 a 27 de janeiro.<\/p>\n<p style=\"text-align: justify\"><img decoding=\"async\" class=\"aligncenter wp-image-11662 size-full\" src=\"http:\/\/lackman.com.br\/wp-content\/uploads\/2026\/01\/SaveClip.App_475258201_18484304683018587_8480004306605881087_n.jpg\" alt=\"\" width=\"1080\" height=\"1350\" srcset=\"https:\/\/lackman.com.br\/wp-content\/uploads\/2026\/01\/SaveClip.App_475258201_18484304683018587_8480004306605881087_n.jpg 1080w, https:\/\/lackman.com.br\/wp-content\/uploads\/2026\/01\/SaveClip.App_475258201_18484304683018587_8480004306605881087_n-240x300.jpg 240w, https:\/\/lackman.com.br\/wp-content\/uploads\/2026\/01\/SaveClip.App_475258201_18484304683018587_8480004306605881087_n-819x1024.jpg 819w, https:\/\/lackman.com.br\/wp-content\/uploads\/2026\/01\/SaveClip.App_475258201_18484304683018587_8480004306605881087_n-768x960.jpg 768w, https:\/\/lackman.com.br\/wp-content\/uploads\/2026\/01\/SaveClip.App_475258201_18484304683018587_8480004306605881087_n-100x125.jpg 100w\" sizes=\"(max-width: 1080px) 100vw, 1080px\" \/><\/p>\n<p style=\"text-align: justify\">No dia 24 (s\u00e1bado), \u00e9 realizada a Jornada Ibrat, \u00e0s 9h, e o Bailinho Trans, \u00e0s 15h. No domingo (25), a concentra\u00e7\u00e3o para a Marsha come\u00e7a \u00e0s 13h, em frente ao Congresso Nacional, com a caminhada \u00e0s 17h, seguida pelo show da cantora Pepita e apresenta\u00e7\u00f5es de DJs no Palco Marsha Trans Brasil, a partir das 19h, na \u00e1rea externa do Museu Nacional da Rep\u00fablica. A programa\u00e7\u00e3o de domingo \u00e9 encerrada com o after da Marsha, com karaok\u00ea, no Lah no Bar.<\/p>\n<p style=\"text-align: justify\">Na segunda-feira (26), \u00e9 promovido o F\u00f3rum Nacional de Marchas Trans, \u00e0s 9h, e o F\u00f3rum Nacional de Transmasculinidades Negras e Perif\u00e9ricas, \u00e0s 10h. No turno da tarde, \u00e0s 14h, \u00e9 apresentado o Semin\u00e1rio Ativismos e Fam\u00edlias em Defesa das Juventudes Trans. \u00c0s 17h, \u00e9 celebrada a Visibilidade Trans Nacional no Minist\u00e9rio dos Direitos Humanos, e \u00e0s 18h \u00e9 lan\u00e7ado o Dossi\u00ea da Antra 2026, que compila dados sobre viol\u00eancias cometidas contra a popula\u00e7\u00e3o trans em todo o Brasil.<\/p>\n<p style=\"text-align: justify\"><strong>Veja a programa\u00e7\u00e3o completa<\/strong><em>24 de janeiro<\/em><br \/>\n9h &#8211; Jornada Ibrat (St. Paul Plaza Hotel)<br \/>\n15h &#8211; Bailinho Trans (Teatro dos Banc\u00e1rios)<\/p>\n<p style=\"text-align: justify\"><em>25 de janeiro<\/em><br \/>\n13h &#8211; Marsha Trans (em frente ao Congresso Nacional)<br \/>\n19h &#8211; Shows com Pepita e DJs (Museu Nacional da Rep\u00fablica)<br \/>\n22h &#8211; After da Marsha + Karaok\u00ea (Lah no Bar)<\/p>\n<p style=\"text-align: justify\"><em>26 de janeiro<\/em><br \/>\n9h &#8211; F\u00f3rum Nacional de Marchas Trans (C\u00e2mara dos Deputados, Anexo 2)<br \/>\n10h &#8211; F\u00f3rum Nacional de Transmasculinidades Negras e Perif\u00e9ricas (C\u00e2mara dos Deputados, Anexo 2)<br \/>\n14h &#8211; Semin\u00e1rio Ativismos e Fam\u00edlias em Defesa das Juventudes Trans (C\u00e2mara dos Deputados, Anexo 2)<br \/>\n17h &#8211; Visibilidade Trans Nacional no Minist\u00e9rio dos Direitos Humanos e lan\u00e7amento do Dossi\u00ea da Antra 2026 (Audit\u00f3rio do Minist\u00e9rio dos Direitos Humanos)<\/p>\n<p style=\"text-align: justify\"><em>27 de janeiro<\/em><br \/>\n10h &#8211; Semin\u00e1rio Educa\u00e7\u00e3o para Transformar (Sede da OAB-DF, Audit\u00f3rio Jos\u00e9 Paulo Sep\u00falveda Pertence)<\/p>\n<p style=\"text-align: justify\"><em>Siga: <a href=\"http:\/\/instagram.com\/marshatransbr\"><strong>@marshatransbr\u00a0<\/strong><\/a><\/em><\/p>\n<pre>Fotos: Divulga\u00e7\u00e3o \/ Reprodu\u00e7\u00e3o Instagram<\/pre>\n","protected":false},"excerpt":{"rendered":"<p>Ato pol\u00edtico-cultural tem participa\u00e7\u00f5es das deputadas Erika Hilton e da cantora Pepita neste domingo. Em sua terceira edi\u00e7\u00e3o, a Marsha Trans Brasil ocupa o centro de Bras\u00edlia no dia 25 de janeiro. Organizada pela Antra (Associa\u00e7\u00e3o Nacional de Travestis e Transexuais) e pelo Ibrat (Instituto Brasileiro de Transmasculinidades), a manifesta\u00e7\u00e3o pol\u00edtico-cultural tem sua concentra\u00e7\u00e3o em frente ao Congresso Nacional, a partir das 13h, seguida por uma caminhada que segue at\u00e9 o Museu Nacional da Rep\u00fablica. Entre as participa\u00e7\u00f5es confirmadas est\u00e3o a deputada federal Erika Hilton e a cantora Pepita. Para reverberar a voz da popula\u00e7\u00e3o transexual brasileira, a Marsha recebe a participa\u00e7\u00e3o de pessoas trans da pol\u00edtica, do ativismo e da cultura, al\u00e9m de caravanas de ativistas vindas de diversos estados. Participam da manifesta\u00e7\u00e3o a cantora Pepita, a deputada federal Erika Hilton (SP), as deputadas estaduais Linda Brasil (SE) e Dani Balbi (RJ) e as vereadoras Amanda Paschoal (S\u00e3o Paulo), Juhlia Santos (Belo Horizonte) e Natasha Ferreira (Porto Alegre). Como aliados da causa trans, participam a deputada federal Erika Kokay (DF) e o deputado distrital F\u00e1bio Felix (DF), al\u00e9m de representantes de minist\u00e9rios do governo federal. Para a presidenta da Antra, Bruna Benevides, a programa\u00e7\u00e3o da Marsha Trans Brasil 2026 expressa uma grande constru\u00e7\u00e3o coletiva. \u201cS\u00e3o mais de 65 entidades unidas, compostas por movimentos sociais nacionais e locais, sindicatos, organiza\u00e7\u00f5es internacionais e ativistas comprometidos com a defesa dos direitos das pessoas trans e travestis\u201d, detalha. A manifesta\u00e7\u00e3o tem como eixo central o enfrentamento ao genoc\u00eddio de pessoas trans e travestis e a garantia do direito \u00e0 vida. A organiza\u00e7\u00e3o defende o direito ao nome, \u00e0 identidade de g\u00eanero e ao reconhecimento legal pleno, al\u00e9m da imediata publica\u00e7\u00e3o do Paes Pop Trans (Programa de Aten\u00e7\u00e3o \u00e0 Sa\u00fade da Popula\u00e7\u00e3o Trans). As pautas levantadas abarcam ainda a inclus\u00e3o e a perman\u00eancia de estudantes trans na educa\u00e7\u00e3o, com a implementa\u00e7\u00e3o de cotas em universidades, institutos federais e concursos p\u00fablicos, al\u00e9m de programas de acesso e qualifica\u00e7\u00e3o para o mercado de trabalho formal. Completam as pautas o enfrentamento \u00e0 transfobia no sistema de Justi\u00e7a e na seguran\u00e7a p\u00fablica, a prote\u00e7\u00e3o de pessoas trans em contextos de migra\u00e7\u00e3o e ref\u00fagio, o combate \u00e0 agenda antitrans e a valoriza\u00e7\u00e3o do ac\u00famulo hist\u00f3rico dos movimentos sociais trans como base para solu\u00e7\u00f5es pol\u00edticas. Programa\u00e7\u00e3o A edi\u00e7\u00e3o 2026 da Marsha Trans, grafada assim em homenagem a Marsha P. Johnson, refer\u00eancia trans global, tem como tema \u201cBrasil soberano \u00e9 pa\u00eds sem transfobia\u201d. A pauta refor\u00e7a o papel das entidades que defendem os direitos das pessoas trans como um espa\u00e7o de den\u00fancia, mem\u00f3ria, resist\u00eancia e proposi\u00e7\u00e3o. Para isso, as entidades realizadoras preparam uma programa\u00e7\u00e3o de atividades de 24 a 27 de janeiro. No dia 24 (s\u00e1bado), \u00e9 realizada a Jornada Ibrat, \u00e0s 9h, e o Bailinho Trans, \u00e0s 15h. No domingo (25), a concentra\u00e7\u00e3o para a Marsha come\u00e7a \u00e0s 13h, em frente ao Congresso Nacional, com a caminhada \u00e0s 17h, seguida pelo show da cantora Pepita e apresenta\u00e7\u00f5es de DJs no Palco Marsha Trans Brasil, a partir das 19h, na \u00e1rea externa do Museu Nacional da Rep\u00fablica. A programa\u00e7\u00e3o de domingo \u00e9 encerrada com o after da Marsha, com karaok\u00ea, no Lah no Bar. Na segunda-feira (26), \u00e9 promovido o F\u00f3rum Nacional de Marchas Trans, \u00e0s 9h, e o F\u00f3rum Nacional de Transmasculinidades Negras e Perif\u00e9ricas, \u00e0s 10h. No turno da tarde, \u00e0s 14h, \u00e9 apresentado o Semin\u00e1rio Ativismos e Fam\u00edlias em Defesa das Juventudes Trans. \u00c0s 17h, \u00e9 celebrada a Visibilidade Trans Nacional no Minist\u00e9rio dos Direitos Humanos, e \u00e0s 18h \u00e9 lan\u00e7ado o Dossi\u00ea da Antra 2026, que compila dados sobre viol\u00eancias cometidas contra a popula\u00e7\u00e3o trans em todo o Brasil. Veja a programa\u00e7\u00e3o completa24 de janeiro 9h &#8211; Jornada Ibrat (St. Paul Plaza Hotel) 15h &#8211; Bailinho Trans (Teatro dos Banc\u00e1rios) 25 de janeiro 13h &#8211; Marsha Trans (em frente ao Congresso Nacional) 19h &#8211; Shows com Pepita e DJs (Museu Nacional da Rep\u00fablica) 22h &#8211; After da Marsha + Karaok\u00ea (Lah no Bar) 26 de janeiro 9h &#8211; F\u00f3rum Nacional de Marchas Trans (C\u00e2mara dos Deputados, Anexo 2) 10h &#8211; F\u00f3rum Nacional de Transmasculinidades Negras e Perif\u00e9ricas (C\u00e2mara dos Deputados, Anexo 2) 14h &#8211; Semin\u00e1rio Ativismos e Fam\u00edlias em Defesa das Juventudes Trans (C\u00e2mara dos Deputados, Anexo 2) 17h &#8211; Visibilidade Trans Nacional no Minist\u00e9rio dos Direitos Humanos e lan\u00e7amento do Dossi\u00ea da Antra 2026 (Audit\u00f3rio do Minist\u00e9rio dos Direitos Humanos) 27 de janeiro 10h &#8211; Semin\u00e1rio Educa\u00e7\u00e3o para Transformar (Sede da OAB-DF, Audit\u00f3rio Jos\u00e9 Paulo Sep\u00falveda Pertence) Siga: @marshatransbr\u00a0 Fotos: Divulga\u00e7\u00e3o \/ Reprodu\u00e7\u00e3o Instagram<\/p>\n","protected":false},"author":6,"featured_media":11663,"comment_status":"closed","ping_status":"open","sticky":false,"template":"","format":"standard","meta":{"site-sidebar-layout":"default","site-content-layout":"","ast-site-content-layout":"default","site-content-style":"default","site-sidebar-style":"default","ast-global-header-display":"","ast-banner-title-visibility":"","ast-main-header-display":"","ast-hfb-above-header-display":"","ast-hfb-below-header-display":"","ast-hfb-mobile-header-display":"","site-post-title":"","ast-breadcrumbs-content":"","ast-featured-img":"","footer-sml-layout":"","ast-disable-related-posts":"","theme-transparent-header-meta":"default","adv-header-id-meta":"","stick-header-meta":"","header-above-stick-meta":"","header-main-stick-meta":"","header-below-stick-meta":"","astra-migrate-meta-layouts":"set","ast-page-background-enabled":"default","ast-page-background-meta":{"desktop":{"background-color":"","background-image":"","background-repeat":"repeat","background-position":"center center","background-size":"auto","background-attachment":"scroll","background-type":"","background-media":"","overlay-type":"","overlay-color":"","overlay-opacity":"","overlay-gradient":""},"tablet":{"background-color":"","background-image":"","background-repeat":"repeat","background-position":"center center","background-size":"auto","background-attachment":"scroll","background-type":"","background-media":"","overlay-type":"","overlay-color":"","overlay-opacity":"","overlay-gradient":""},"mobile":{"background-color":"","background-image":"","background-repeat":"repeat","background-position":"center center","background-size":"auto","background-attachment":"scroll","background-type":"","background-media":"","overlay-type":"","overlay-color":"","overlay-opacity":"","overlay-gradient":""}},"ast-content-background-meta":{"desktop":{"background-color":"var(--ast-global-color-5)","background-image":"","background-repeat":"repeat","background-position":"center center","background-size":"auto","background-attachment":"scroll","background-type":"","background-media":"","overlay-type":"","overlay-color":"","overlay-opacity":"","overlay-gradient":""},"tablet":{"background-color":"var(--ast-global-color-5)","background-image":"","background-repeat":"repeat","background-position":"center center","background-size":"auto","background-attachment":"scroll","background-type":"","background-media":"","overlay-type":"","overlay-color":"","overlay-opacity":"","overlay-gradient":""},"mobile":{"background-color":"var(--ast-global-color-5)","background-image":"","background-repeat":"repeat","background-position":"center center","background-size":"auto","background-attachment":"scroll","background-type":"","background-media":"","overlay-type":"","overlay-color":"","overlay-opacity":"","overlay-gradient":""}},"footnotes":""},"categories":[44,43,41],"tags":[],"class_list":["post-11660","post","type-post","status-publish","format-standard","has-post-thumbnail","hentry","category-capital-e-politica","category-perambulando","category-vida"],"yoast_head":"<!-- This site is optimized with the Yoast SEO plugin v27.0 - https:\/\/yoast.com\/product\/yoast-seo-wordpress\/ -->\n<title>Partiu Marsha Trans Brasil! - LACKMAN &amp; CO.<\/title>\n<meta name=\"robots\" content=\"index, follow, max-snippet:-1, max-image-preview:large, max-video-preview:-1\" \/>\n<link rel=\"canonical\" href=\"https:\/\/lackman.com.br\/index.php\/2026\/01\/23\/brasilia-recebe-a-marsha-trans-brasil\/\" \/>\n<meta property=\"og:locale\" content=\"pt_BR\" \/>\n<meta property=\"og:type\" content=\"article\" \/>\n<meta property=\"og:title\" content=\"Partiu Marsha Trans Brasil! - LACKMAN &amp; CO.\" \/>\n<meta property=\"og:description\" content=\"Ato pol\u00edtico-cultural tem participa\u00e7\u00f5es das deputadas Erika Hilton e da cantora Pepita neste domingo. Em sua terceira edi\u00e7\u00e3o, a Marsha Trans Brasil ocupa o centro de Bras\u00edlia no dia 25 de janeiro. Organizada pela Antra (Associa\u00e7\u00e3o Nacional de Travestis e Transexuais) e pelo Ibrat (Instituto Brasileiro de Transmasculinidades), a manifesta\u00e7\u00e3o pol\u00edtico-cultural tem sua concentra\u00e7\u00e3o em frente ao Congresso Nacional, a partir das 13h, seguida por uma caminhada que segue at\u00e9 o Museu Nacional da Rep\u00fablica. Entre as participa\u00e7\u00f5es confirmadas est\u00e3o a deputada federal Erika Hilton e a cantora Pepita. Para reverberar a voz da popula\u00e7\u00e3o transexual brasileira, a Marsha recebe a participa\u00e7\u00e3o de pessoas trans da pol\u00edtica, do ativismo e da cultura, al\u00e9m de caravanas de ativistas vindas de diversos estados. Participam da manifesta\u00e7\u00e3o a cantora Pepita, a deputada federal Erika Hilton (SP), as deputadas estaduais Linda Brasil (SE) e Dani Balbi (RJ) e as vereadoras Amanda Paschoal (S\u00e3o Paulo), Juhlia Santos (Belo Horizonte) e Natasha Ferreira (Porto Alegre). Como aliados da causa trans, participam a deputada federal Erika Kokay (DF) e o deputado distrital F\u00e1bio Felix (DF), al\u00e9m de representantes de minist\u00e9rios do governo federal. Para a presidenta da Antra, Bruna Benevides, a programa\u00e7\u00e3o da Marsha Trans Brasil 2026 expressa uma grande constru\u00e7\u00e3o coletiva. \u201cS\u00e3o mais de 65 entidades unidas, compostas por movimentos sociais nacionais e locais, sindicatos, organiza\u00e7\u00f5es internacionais e ativistas comprometidos com a defesa dos direitos das pessoas trans e travestis\u201d, detalha. A manifesta\u00e7\u00e3o tem como eixo central o enfrentamento ao genoc\u00eddio de pessoas trans e travestis e a garantia do direito \u00e0 vida. A organiza\u00e7\u00e3o defende o direito ao nome, \u00e0 identidade de g\u00eanero e ao reconhecimento legal pleno, al\u00e9m da imediata publica\u00e7\u00e3o do Paes Pop Trans (Programa de Aten\u00e7\u00e3o \u00e0 Sa\u00fade da Popula\u00e7\u00e3o Trans). As pautas levantadas abarcam ainda a inclus\u00e3o e a perman\u00eancia de estudantes trans na educa\u00e7\u00e3o, com a implementa\u00e7\u00e3o de cotas em universidades, institutos federais e concursos p\u00fablicos, al\u00e9m de programas de acesso e qualifica\u00e7\u00e3o para o mercado de trabalho formal. Completam as pautas o enfrentamento \u00e0 transfobia no sistema de Justi\u00e7a e na seguran\u00e7a p\u00fablica, a prote\u00e7\u00e3o de pessoas trans em contextos de migra\u00e7\u00e3o e ref\u00fagio, o combate \u00e0 agenda antitrans e a valoriza\u00e7\u00e3o do ac\u00famulo hist\u00f3rico dos movimentos sociais trans como base para solu\u00e7\u00f5es pol\u00edticas. Programa\u00e7\u00e3o A edi\u00e7\u00e3o 2026 da Marsha Trans, grafada assim em homenagem a Marsha P. Johnson, refer\u00eancia trans global, tem como tema \u201cBrasil soberano \u00e9 pa\u00eds sem transfobia\u201d. A pauta refor\u00e7a o papel das entidades que defendem os direitos das pessoas trans como um espa\u00e7o de den\u00fancia, mem\u00f3ria, resist\u00eancia e proposi\u00e7\u00e3o. Para isso, as entidades realizadoras preparam uma programa\u00e7\u00e3o de atividades de 24 a 27 de janeiro. No dia 24 (s\u00e1bado), \u00e9 realizada a Jornada Ibrat, \u00e0s 9h, e o Bailinho Trans, \u00e0s 15h. No domingo (25), a concentra\u00e7\u00e3o para a Marsha come\u00e7a \u00e0s 13h, em frente ao Congresso Nacional, com a caminhada \u00e0s 17h, seguida pelo show da cantora Pepita e apresenta\u00e7\u00f5es de DJs no Palco Marsha Trans Brasil, a partir das 19h, na \u00e1rea externa do Museu Nacional da Rep\u00fablica. A programa\u00e7\u00e3o de domingo \u00e9 encerrada com o after da Marsha, com karaok\u00ea, no Lah no Bar. Na segunda-feira (26), \u00e9 promovido o F\u00f3rum Nacional de Marchas Trans, \u00e0s 9h, e o F\u00f3rum Nacional de Transmasculinidades Negras e Perif\u00e9ricas, \u00e0s 10h. No turno da tarde, \u00e0s 14h, \u00e9 apresentado o Semin\u00e1rio Ativismos e Fam\u00edlias em Defesa das Juventudes Trans. \u00c0s 17h, \u00e9 celebrada a Visibilidade Trans Nacional no Minist\u00e9rio dos Direitos Humanos, e \u00e0s 18h \u00e9 lan\u00e7ado o Dossi\u00ea da Antra 2026, que compila dados sobre viol\u00eancias cometidas contra a popula\u00e7\u00e3o trans em todo o Brasil. Veja a programa\u00e7\u00e3o completa24 de janeiro 9h &#8211; Jornada Ibrat (St. Paul Plaza Hotel) 15h &#8211; Bailinho Trans (Teatro dos Banc\u00e1rios) 25 de janeiro 13h &#8211; Marsha Trans (em frente ao Congresso Nacional) 19h &#8211; Shows com Pepita e DJs (Museu Nacional da Rep\u00fablica) 22h &#8211; After da Marsha + Karaok\u00ea (Lah no Bar) 26 de janeiro 9h &#8211; F\u00f3rum Nacional de Marchas Trans (C\u00e2mara dos Deputados, Anexo 2) 10h &#8211; F\u00f3rum Nacional de Transmasculinidades Negras e Perif\u00e9ricas (C\u00e2mara dos Deputados, Anexo 2) 14h &#8211; Semin\u00e1rio Ativismos e Fam\u00edlias em Defesa das Juventudes Trans (C\u00e2mara dos Deputados, Anexo 2) 17h &#8211; Visibilidade Trans Nacional no Minist\u00e9rio dos Direitos Humanos e lan\u00e7amento do Dossi\u00ea da Antra 2026 (Audit\u00f3rio do Minist\u00e9rio dos Direitos Humanos) 27 de janeiro 10h &#8211; Semin\u00e1rio Educa\u00e7\u00e3o para Transformar (Sede da OAB-DF, Audit\u00f3rio Jos\u00e9 Paulo Sep\u00falveda Pertence) Siga: @marshatransbr\u00a0 Fotos: Divulga\u00e7\u00e3o \/ Reprodu\u00e7\u00e3o Instagram\" \/>\n<meta property=\"og:url\" content=\"https:\/\/lackman.com.br\/index.php\/2026\/01\/23\/brasilia-recebe-a-marsha-trans-brasil\/\" \/>\n<meta property=\"og:site_name\" content=\"LACKMAN &amp; CO.\" \/>\n<meta property=\"article:published_time\" content=\"2026-01-23T20:34:51+00:00\" \/>\n<meta property=\"article:modified_time\" content=\"2026-01-23T21:09:10+00:00\" \/>\n<meta property=\"og:image\" content=\"http:\/\/lackman.com.br\/wp-content\/uploads\/2026\/01\/WhatsApp-Image-2026-01-23-at-17.29.15.jpeg\" \/>\n\t<meta property=\"og:image:width\" content=\"1079\" \/>\n\t<meta property=\"og:image:height\" content=\"1344\" \/>\n\t<meta property=\"og:image:type\" content=\"image\/jpeg\" \/>\n<meta name=\"author\" content=\"Gilberto Evangelista - Colunista\" \/>\n<meta name=\"twitter:card\" content=\"summary_large_image\" \/>\n<meta name=\"twitter:label1\" content=\"Escrito por\" \/>\n\t<meta name=\"twitter:data1\" content=\"Gilberto Evangelista - Colunista\" \/>\n\t<meta name=\"twitter:label2\" content=\"Est. tempo de leitura\" \/>\n\t<meta name=\"twitter:data2\" content=\"5 minutos\" \/>\n<script type=\"application\/ld+json\" class=\"yoast-schema-graph\">{\"@context\":\"https:\/\/schema.org\",\"@graph\":[{\"@type\":\"Article\",\"@id\":\"https:\/\/lackman.com.br\/index.php\/2026\/01\/23\/brasilia-recebe-a-marsha-trans-brasil\/#article\",\"isPartOf\":{\"@id\":\"https:\/\/lackman.com.br\/index.php\/2026\/01\/23\/brasilia-recebe-a-marsha-trans-brasil\/\"},\"author\":{\"name\":\"Gilberto Evangelista - Colunista\",\"@id\":\"https:\/\/lackman.com.br\/#\/schema\/person\/8a2355f699593d21d4f0d25b69db5747\"},\"headline\":\"Partiu Marsha Trans Brasil!\",\"datePublished\":\"2026-01-23T20:34:51+00:00\",\"dateModified\":\"2026-01-23T21:09:10+00:00\",\"mainEntityOfPage\":{\"@id\":\"https:\/\/lackman.com.br\/index.php\/2026\/01\/23\/brasilia-recebe-a-marsha-trans-brasil\/\"},\"wordCount\":813,\"publisher\":{\"@id\":\"https:\/\/lackman.com.br\/#organization\"},\"image\":{\"@id\":\"https:\/\/lackman.com.br\/index.php\/2026\/01\/23\/brasilia-recebe-a-marsha-trans-brasil\/#primaryimage\"},\"thumbnailUrl\":\"https:\/\/lackman.com.br\/wp-content\/uploads\/2026\/01\/WhatsApp-Image-2026-01-23-at-17.29.15.jpeg\",\"articleSection\":[\"Capital &amp; Pol\u00edtica\",\"Perambulando\",\"Vida\"],\"inLanguage\":\"pt-BR\"},{\"@type\":\"WebPage\",\"@id\":\"https:\/\/lackman.com.br\/index.php\/2026\/01\/23\/brasilia-recebe-a-marsha-trans-brasil\/\",\"url\":\"https:\/\/lackman.com.br\/index.php\/2026\/01\/23\/brasilia-recebe-a-marsha-trans-brasil\/\",\"name\":\"Partiu Marsha Trans Brasil! - LACKMAN &amp; CO.\",\"isPartOf\":{\"@id\":\"https:\/\/lackman.com.br\/#website\"},\"primaryImageOfPage\":{\"@id\":\"https:\/\/lackman.com.br\/index.php\/2026\/01\/23\/brasilia-recebe-a-marsha-trans-brasil\/#primaryimage\"},\"image\":{\"@id\":\"https:\/\/lackman.com.br\/index.php\/2026\/01\/23\/brasilia-recebe-a-marsha-trans-brasil\/#primaryimage\"},\"thumbnailUrl\":\"https:\/\/lackman.com.br\/wp-content\/uploads\/2026\/01\/WhatsApp-Image-2026-01-23-at-17.29.15.jpeg\",\"datePublished\":\"2026-01-23T20:34:51+00:00\",\"dateModified\":\"2026-01-23T21:09:10+00:00\",\"breadcrumb\":{\"@id\":\"https:\/\/lackman.com.br\/index.php\/2026\/01\/23\/brasilia-recebe-a-marsha-trans-brasil\/#breadcrumb\"},\"inLanguage\":\"pt-BR\",\"potentialAction\":[{\"@type\":\"ReadAction\",\"target\":[\"https:\/\/lackman.com.br\/index.php\/2026\/01\/23\/brasilia-recebe-a-marsha-trans-brasil\/\"]}]},{\"@type\":\"ImageObject\",\"inLanguage\":\"pt-BR\",\"@id\":\"https:\/\/lackman.com.br\/index.php\/2026\/01\/23\/brasilia-recebe-a-marsha-trans-brasil\/#primaryimage\",\"url\":\"https:\/\/lackman.com.br\/wp-content\/uploads\/2026\/01\/WhatsApp-Image-2026-01-23-at-17.29.15.jpeg\",\"contentUrl\":\"https:\/\/lackman.com.br\/wp-content\/uploads\/2026\/01\/WhatsApp-Image-2026-01-23-at-17.29.15.jpeg\",\"width\":1079,\"height\":1344},{\"@type\":\"BreadcrumbList\",\"@id\":\"https:\/\/lackman.com.br\/index.php\/2026\/01\/23\/brasilia-recebe-a-marsha-trans-brasil\/#breadcrumb\",\"itemListElement\":[{\"@type\":\"ListItem\",\"position\":1,\"name\":\"In\u00edcio\",\"item\":\"https:\/\/lackman.com.br\/\"},{\"@type\":\"ListItem\",\"position\":2,\"name\":\"Partiu Marsha Trans Brasil!\"}]},{\"@type\":\"WebSite\",\"@id\":\"https:\/\/lackman.com.br\/#website\",\"url\":\"https:\/\/lackman.com.br\/\",\"name\":\"LACKMAN &amp; CO.\",\"description\":\"VIDA | MODA | ARTE\",\"publisher\":{\"@id\":\"https:\/\/lackman.com.br\/#organization\"},\"potentialAction\":[{\"@type\":\"SearchAction\",\"target\":{\"@type\":\"EntryPoint\",\"urlTemplate\":\"https:\/\/lackman.com.br\/?s={search_term_string}\"},\"query-input\":{\"@type\":\"PropertyValueSpecification\",\"valueRequired\":true,\"valueName\":\"search_term_string\"}}],\"inLanguage\":\"pt-BR\"},{\"@type\":\"Organization\",\"@id\":\"https:\/\/lackman.com.br\/#organization\",\"name\":\"LACKMAN &amp; CO.\",\"url\":\"https:\/\/lackman.com.br\/\",\"logo\":{\"@type\":\"ImageObject\",\"inLanguage\":\"pt-BR\",\"@id\":\"https:\/\/lackman.com.br\/#\/schema\/logo\/image\/\",\"url\":\"https:\/\/lackman.com.br\/wp-content\/uploads\/2023\/06\/Logotipo_preto-1.png\",\"contentUrl\":\"https:\/\/lackman.com.br\/wp-content\/uploads\/2023\/06\/Logotipo_preto-1.png\",\"width\":739,\"height\":393,\"caption\":\"LACKMAN &amp; CO.\"},\"image\":{\"@id\":\"https:\/\/lackman.com.br\/#\/schema\/logo\/image\/\"}},{\"@type\":\"Person\",\"@id\":\"https:\/\/lackman.com.br\/#\/schema\/person\/8a2355f699593d21d4f0d25b69db5747\",\"name\":\"Gilberto Evangelista - Colunista\",\"image\":{\"@type\":\"ImageObject\",\"inLanguage\":\"pt-BR\",\"@id\":\"https:\/\/lackman.com.br\/#\/schema\/person\/image\/\",\"url\":\"https:\/\/secure.gravatar.com\/avatar\/cea9badf02f8a90f7a745f2cbea45fda61f65711ec015e2faf3809cca6337c28?s=96&d=mm&r=g\",\"contentUrl\":\"https:\/\/secure.gravatar.com\/avatar\/cea9badf02f8a90f7a745f2cbea45fda61f65711ec015e2faf3809cca6337c28?s=96&d=mm&r=g\",\"caption\":\"Gilberto Evangelista - Colunista\"},\"description\":\"Jornalista e globetrotter.\",\"url\":\"https:\/\/lackman.com.br\/index.php\/author\/gilberto-brito\/\"}]}<\/script>\n<!-- \/ Yoast SEO plugin. -->","yoast_head_json":{"title":"Partiu Marsha Trans Brasil! - LACKMAN &amp; CO.","robots":{"index":"index","follow":"follow","max-snippet":"max-snippet:-1","max-image-preview":"max-image-preview:large","max-video-preview":"max-video-preview:-1"},"canonical":"https:\/\/lackman.com.br\/index.php\/2026\/01\/23\/brasilia-recebe-a-marsha-trans-brasil\/","og_locale":"pt_BR","og_type":"article","og_title":"Partiu Marsha Trans Brasil! - LACKMAN &amp; CO.","og_description":"Ato pol\u00edtico-cultural tem participa\u00e7\u00f5es das deputadas Erika Hilton e da cantora Pepita neste domingo. Em sua terceira edi\u00e7\u00e3o, a Marsha Trans Brasil ocupa o centro de Bras\u00edlia no dia 25 de janeiro. Organizada pela Antra (Associa\u00e7\u00e3o Nacional de Travestis e Transexuais) e pelo Ibrat (Instituto Brasileiro de Transmasculinidades), a manifesta\u00e7\u00e3o pol\u00edtico-cultural tem sua concentra\u00e7\u00e3o em frente ao Congresso Nacional, a partir das 13h, seguida por uma caminhada que segue at\u00e9 o Museu Nacional da Rep\u00fablica. Entre as participa\u00e7\u00f5es confirmadas est\u00e3o a deputada federal Erika Hilton e a cantora Pepita. Para reverberar a voz da popula\u00e7\u00e3o transexual brasileira, a Marsha recebe a participa\u00e7\u00e3o de pessoas trans da pol\u00edtica, do ativismo e da cultura, al\u00e9m de caravanas de ativistas vindas de diversos estados. Participam da manifesta\u00e7\u00e3o a cantora Pepita, a deputada federal Erika Hilton (SP), as deputadas estaduais Linda Brasil (SE) e Dani Balbi (RJ) e as vereadoras Amanda Paschoal (S\u00e3o Paulo), Juhlia Santos (Belo Horizonte) e Natasha Ferreira (Porto Alegre). Como aliados da causa trans, participam a deputada federal Erika Kokay (DF) e o deputado distrital F\u00e1bio Felix (DF), al\u00e9m de representantes de minist\u00e9rios do governo federal. Para a presidenta da Antra, Bruna Benevides, a programa\u00e7\u00e3o da Marsha Trans Brasil 2026 expressa uma grande constru\u00e7\u00e3o coletiva. \u201cS\u00e3o mais de 65 entidades unidas, compostas por movimentos sociais nacionais e locais, sindicatos, organiza\u00e7\u00f5es internacionais e ativistas comprometidos com a defesa dos direitos das pessoas trans e travestis\u201d, detalha. A manifesta\u00e7\u00e3o tem como eixo central o enfrentamento ao genoc\u00eddio de pessoas trans e travestis e a garantia do direito \u00e0 vida. A organiza\u00e7\u00e3o defende o direito ao nome, \u00e0 identidade de g\u00eanero e ao reconhecimento legal pleno, al\u00e9m da imediata publica\u00e7\u00e3o do Paes Pop Trans (Programa de Aten\u00e7\u00e3o \u00e0 Sa\u00fade da Popula\u00e7\u00e3o Trans). As pautas levantadas abarcam ainda a inclus\u00e3o e a perman\u00eancia de estudantes trans na educa\u00e7\u00e3o, com a implementa\u00e7\u00e3o de cotas em universidades, institutos federais e concursos p\u00fablicos, al\u00e9m de programas de acesso e qualifica\u00e7\u00e3o para o mercado de trabalho formal. Completam as pautas o enfrentamento \u00e0 transfobia no sistema de Justi\u00e7a e na seguran\u00e7a p\u00fablica, a prote\u00e7\u00e3o de pessoas trans em contextos de migra\u00e7\u00e3o e ref\u00fagio, o combate \u00e0 agenda antitrans e a valoriza\u00e7\u00e3o do ac\u00famulo hist\u00f3rico dos movimentos sociais trans como base para solu\u00e7\u00f5es pol\u00edticas. Programa\u00e7\u00e3o A edi\u00e7\u00e3o 2026 da Marsha Trans, grafada assim em homenagem a Marsha P. Johnson, refer\u00eancia trans global, tem como tema \u201cBrasil soberano \u00e9 pa\u00eds sem transfobia\u201d. A pauta refor\u00e7a o papel das entidades que defendem os direitos das pessoas trans como um espa\u00e7o de den\u00fancia, mem\u00f3ria, resist\u00eancia e proposi\u00e7\u00e3o. Para isso, as entidades realizadoras preparam uma programa\u00e7\u00e3o de atividades de 24 a 27 de janeiro. No dia 24 (s\u00e1bado), \u00e9 realizada a Jornada Ibrat, \u00e0s 9h, e o Bailinho Trans, \u00e0s 15h. No domingo (25), a concentra\u00e7\u00e3o para a Marsha come\u00e7a \u00e0s 13h, em frente ao Congresso Nacional, com a caminhada \u00e0s 17h, seguida pelo show da cantora Pepita e apresenta\u00e7\u00f5es de DJs no Palco Marsha Trans Brasil, a partir das 19h, na \u00e1rea externa do Museu Nacional da Rep\u00fablica. A programa\u00e7\u00e3o de domingo \u00e9 encerrada com o after da Marsha, com karaok\u00ea, no Lah no Bar. Na segunda-feira (26), \u00e9 promovido o F\u00f3rum Nacional de Marchas Trans, \u00e0s 9h, e o F\u00f3rum Nacional de Transmasculinidades Negras e Perif\u00e9ricas, \u00e0s 10h. No turno da tarde, \u00e0s 14h, \u00e9 apresentado o Semin\u00e1rio Ativismos e Fam\u00edlias em Defesa das Juventudes Trans. \u00c0s 17h, \u00e9 celebrada a Visibilidade Trans Nacional no Minist\u00e9rio dos Direitos Humanos, e \u00e0s 18h \u00e9 lan\u00e7ado o Dossi\u00ea da Antra 2026, que compila dados sobre viol\u00eancias cometidas contra a popula\u00e7\u00e3o trans em todo o Brasil. Veja a programa\u00e7\u00e3o completa24 de janeiro 9h &#8211; Jornada Ibrat (St. Paul Plaza Hotel) 15h &#8211; Bailinho Trans (Teatro dos Banc\u00e1rios) 25 de janeiro 13h &#8211; Marsha Trans (em frente ao Congresso Nacional) 19h &#8211; Shows com Pepita e DJs (Museu Nacional da Rep\u00fablica) 22h &#8211; After da Marsha + Karaok\u00ea (Lah no Bar) 26 de janeiro 9h &#8211; F\u00f3rum Nacional de Marchas Trans (C\u00e2mara dos Deputados, Anexo 2) 10h &#8211; F\u00f3rum Nacional de Transmasculinidades Negras e Perif\u00e9ricas (C\u00e2mara dos Deputados, Anexo 2) 14h &#8211; Semin\u00e1rio Ativismos e Fam\u00edlias em Defesa das Juventudes Trans (C\u00e2mara dos Deputados, Anexo 2) 17h &#8211; Visibilidade Trans Nacional no Minist\u00e9rio dos Direitos Humanos e lan\u00e7amento do Dossi\u00ea da Antra 2026 (Audit\u00f3rio do Minist\u00e9rio dos Direitos Humanos) 27 de janeiro 10h &#8211; Semin\u00e1rio Educa\u00e7\u00e3o para Transformar (Sede da OAB-DF, Audit\u00f3rio Jos\u00e9 Paulo Sep\u00falveda Pertence) Siga: @marshatransbr\u00a0 Fotos: Divulga\u00e7\u00e3o \/ Reprodu\u00e7\u00e3o Instagram","og_url":"https:\/\/lackman.com.br\/index.php\/2026\/01\/23\/brasilia-recebe-a-marsha-trans-brasil\/","og_site_name":"LACKMAN &amp; CO.","article_published_time":"2026-01-23T20:34:51+00:00","article_modified_time":"2026-01-23T21:09:10+00:00","og_image":[{"width":1079,"height":1344,"url":"http:\/\/lackman.com.br\/wp-content\/uploads\/2026\/01\/WhatsApp-Image-2026-01-23-at-17.29.15.jpeg","type":"image\/jpeg"}],"author":"Gilberto Evangelista - Colunista","twitter_card":"summary_large_image","twitter_misc":{"Escrito por":"Gilberto Evangelista - Colunista","Est. tempo de leitura":"5 minutos"},"schema":{"@context":"https:\/\/schema.org","@graph":[{"@type":"Article","@id":"https:\/\/lackman.com.br\/index.php\/2026\/01\/23\/brasilia-recebe-a-marsha-trans-brasil\/#article","isPartOf":{"@id":"https:\/\/lackman.com.br\/index.php\/2026\/01\/23\/brasilia-recebe-a-marsha-trans-brasil\/"},"author":{"name":"Gilberto Evangelista - Colunista","@id":"https:\/\/lackman.com.br\/#\/schema\/person\/8a2355f699593d21d4f0d25b69db5747"},"headline":"Partiu Marsha Trans Brasil!","datePublished":"2026-01-23T20:34:51+00:00","dateModified":"2026-01-23T21:09:10+00:00","mainEntityOfPage":{"@id":"https:\/\/lackman.com.br\/index.php\/2026\/01\/23\/brasilia-recebe-a-marsha-trans-brasil\/"},"wordCount":813,"publisher":{"@id":"https:\/\/lackman.com.br\/#organization"},"image":{"@id":"https:\/\/lackman.com.br\/index.php\/2026\/01\/23\/brasilia-recebe-a-marsha-trans-brasil\/#primaryimage"},"thumbnailUrl":"https:\/\/lackman.com.br\/wp-content\/uploads\/2026\/01\/WhatsApp-Image-2026-01-23-at-17.29.15.jpeg","articleSection":["Capital &amp; Pol\u00edtica","Perambulando","Vida"],"inLanguage":"pt-BR"},{"@type":"WebPage","@id":"https:\/\/lackman.com.br\/index.php\/2026\/01\/23\/brasilia-recebe-a-marsha-trans-brasil\/","url":"https:\/\/lackman.com.br\/index.php\/2026\/01\/23\/brasilia-recebe-a-marsha-trans-brasil\/","name":"Partiu Marsha Trans Brasil! - LACKMAN &amp; CO.","isPartOf":{"@id":"https:\/\/lackman.com.br\/#website"},"primaryImageOfPage":{"@id":"https:\/\/lackman.com.br\/index.php\/2026\/01\/23\/brasilia-recebe-a-marsha-trans-brasil\/#primaryimage"},"image":{"@id":"https:\/\/lackman.com.br\/index.php\/2026\/01\/23\/brasilia-recebe-a-marsha-trans-brasil\/#primaryimage"},"thumbnailUrl":"https:\/\/lackman.com.br\/wp-content\/uploads\/2026\/01\/WhatsApp-Image-2026-01-23-at-17.29.15.jpeg","datePublished":"2026-01-23T20:34:51+00:00","dateModified":"2026-01-23T21:09:10+00:00","breadcrumb":{"@id":"https:\/\/lackman.com.br\/index.php\/2026\/01\/23\/brasilia-recebe-a-marsha-trans-brasil\/#breadcrumb"},"inLanguage":"pt-BR","potentialAction":[{"@type":"ReadAction","target":["https:\/\/lackman.com.br\/index.php\/2026\/01\/23\/brasilia-recebe-a-marsha-trans-brasil\/"]}]},{"@type":"ImageObject","inLanguage":"pt-BR","@id":"https:\/\/lackman.com.br\/index.php\/2026\/01\/23\/brasilia-recebe-a-marsha-trans-brasil\/#primaryimage","url":"https:\/\/lackman.com.br\/wp-content\/uploads\/2026\/01\/WhatsApp-Image-2026-01-23-at-17.29.15.jpeg","contentUrl":"https:\/\/lackman.com.br\/wp-content\/uploads\/2026\/01\/WhatsApp-Image-2026-01-23-at-17.29.15.jpeg","width":1079,"height":1344},{"@type":"BreadcrumbList","@id":"https:\/\/lackman.com.br\/index.php\/2026\/01\/23\/brasilia-recebe-a-marsha-trans-brasil\/#breadcrumb","itemListElement":[{"@type":"ListItem","position":1,"name":"In\u00edcio","item":"https:\/\/lackman.com.br\/"},{"@type":"ListItem","position":2,"name":"Partiu Marsha Trans Brasil!"}]},{"@type":"WebSite","@id":"https:\/\/lackman.com.br\/#website","url":"https:\/\/lackman.com.br\/","name":"LACKMAN &amp; CO.","description":"VIDA | MODA | ARTE","publisher":{"@id":"https:\/\/lackman.com.br\/#organization"},"potentialAction":[{"@type":"SearchAction","target":{"@type":"EntryPoint","urlTemplate":"https:\/\/lackman.com.br\/?s={search_term_string}"},"query-input":{"@type":"PropertyValueSpecification","valueRequired":true,"valueName":"search_term_string"}}],"inLanguage":"pt-BR"},{"@type":"Organization","@id":"https:\/\/lackman.com.br\/#organization","name":"LACKMAN &amp; CO.","url":"https:\/\/lackman.com.br\/","logo":{"@type":"ImageObject","inLanguage":"pt-BR","@id":"https:\/\/lackman.com.br\/#\/schema\/logo\/image\/","url":"https:\/\/lackman.com.br\/wp-content\/uploads\/2023\/06\/Logotipo_preto-1.png","contentUrl":"https:\/\/lackman.com.br\/wp-content\/uploads\/2023\/06\/Logotipo_preto-1.png","width":739,"height":393,"caption":"LACKMAN &amp; CO."},"image":{"@id":"https:\/\/lackman.com.br\/#\/schema\/logo\/image\/"}},{"@type":"Person","@id":"https:\/\/lackman.com.br\/#\/schema\/person\/8a2355f699593d21d4f0d25b69db5747","name":"Gilberto Evangelista - Colunista","image":{"@type":"ImageObject","inLanguage":"pt-BR","@id":"https:\/\/lackman.com.br\/#\/schema\/person\/image\/","url":"https:\/\/secure.gravatar.com\/avatar\/cea9badf02f8a90f7a745f2cbea45fda61f65711ec015e2faf3809cca6337c28?s=96&d=mm&r=g","contentUrl":"https:\/\/secure.gravatar.com\/avatar\/cea9badf02f8a90f7a745f2cbea45fda61f65711ec015e2faf3809cca6337c28?s=96&d=mm&r=g","caption":"Gilberto Evangelista - Colunista"},"description":"Jornalista e globetrotter.","url":"https:\/\/lackman.com.br\/index.php\/author\/gilberto-brito\/"}]}},"rttpg_featured_image_url":{"full":["https:\/\/lackman.com.br\/wp-content\/uploads\/2026\/01\/WhatsApp-Image-2026-01-23-at-17.29.15.jpeg",1079,1344,false],"landscape":["https:\/\/lackman.com.br\/wp-content\/uploads\/2026\/01\/WhatsApp-Image-2026-01-23-at-17.29.15.jpeg",1079,1344,false],"portraits":["https:\/\/lackman.com.br\/wp-content\/uploads\/2026\/01\/WhatsApp-Image-2026-01-23-at-17.29.15.jpeg",1079,1344,false],"thumbnail":["https:\/\/lackman.com.br\/wp-content\/uploads\/2026\/01\/WhatsApp-Image-2026-01-23-at-17.29.15-150x150.jpeg",150,150,true],"medium":["https:\/\/lackman.com.br\/wp-content\/uploads\/2026\/01\/WhatsApp-Image-2026-01-23-at-17.29.15-241x300.jpeg",241,300,true],"large":["https:\/\/lackman.com.br\/wp-content\/uploads\/2026\/01\/WhatsApp-Image-2026-01-23-at-17.29.15-822x1024.jpeg",822,1024,true],"RoboGalleryMansoryImagesCenter":["https:\/\/lackman.com.br\/wp-content\/uploads\/2026\/01\/WhatsApp-Image-2026-01-23-at-17.29.15-600x1024.jpeg",600,1024,true],"RoboGalleryPreload":["https:\/\/lackman.com.br\/wp-content\/uploads\/2026\/01\/WhatsApp-Image-2026-01-23-at-17.29.15-100x125.jpeg",100,125,true],"1536x1536":["https:\/\/lackman.com.br\/wp-content\/uploads\/2026\/01\/WhatsApp-Image-2026-01-23-at-17.29.15.jpeg",1079,1344,false],"2048x2048":["https:\/\/lackman.com.br\/wp-content\/uploads\/2026\/01\/WhatsApp-Image-2026-01-23-at-17.29.15.jpeg",1079,1344,false]},"rttpg_author":{"display_name":"Gilberto Evangelista - Colunista","author_link":"https:\/\/lackman.com.br\/index.php\/author\/gilberto-brito\/"},"rttpg_comment":0,"rttpg_category":"<a href=\"https:\/\/lackman.com.br\/index.php\/category\/vida\/capital-e-politica\/\" rel=\"category tag\">Capital &amp; Pol\u00edtica<\/a> <a href=\"https:\/\/lackman.com.br\/index.php\/category\/vida\/perambulando\/\" rel=\"category tag\">Perambulando<\/a> <a href=\"https:\/\/lackman.com.br\/index.php\/category\/vida\/\" rel=\"category tag\">Vida<\/a>","rttpg_excerpt":"Ato pol\u00edtico-cultural tem participa\u00e7\u00f5es das deputadas Erika Hilton e da cantora Pepita neste domingo. Em sua terceira edi\u00e7\u00e3o, a Marsha Trans Brasil ocupa o centro de Bras\u00edlia no dia 25 de janeiro. Organizada pela Antra (Associa\u00e7\u00e3o Nacional de Travestis e Transexuais) e pelo Ibrat (Instituto Brasileiro de Transmasculinidades), a manifesta\u00e7\u00e3o pol\u00edtico-cultural tem sua concentra\u00e7\u00e3o em&hellip;","_links":{"self":[{"href":"https:\/\/lackman.com.br\/index.php\/wp-json\/wp\/v2\/posts\/11660","targetHints":{"allow":["GET"]}}],"collection":[{"href":"https:\/\/lackman.com.br\/index.php\/wp-json\/wp\/v2\/posts"}],"about":[{"href":"https:\/\/lackman.com.br\/index.php\/wp-json\/wp\/v2\/types\/post"}],"author":[{"embeddable":true,"href":"https:\/\/lackman.com.br\/index.php\/wp-json\/wp\/v2\/users\/6"}],"replies":[{"embeddable":true,"href":"https:\/\/lackman.com.br\/index.php\/wp-json\/wp\/v2\/comments?post=11660"}],"version-history":[{"count":2,"href":"https:\/\/lackman.com.br\/index.php\/wp-json\/wp\/v2\/posts\/11660\/revisions"}],"predecessor-version":[{"id":11676,"href":"https:\/\/lackman.com.br\/index.php\/wp-json\/wp\/v2\/posts\/11660\/revisions\/11676"}],"wp:featuredmedia":[{"embeddable":true,"href":"https:\/\/lackman.com.br\/index.php\/wp-json\/wp\/v2\/media\/11663"}],"wp:attachment":[{"href":"https:\/\/lackman.com.br\/index.php\/wp-json\/wp\/v2\/media?parent=11660"}],"wp:term":[{"taxonomy":"category","embeddable":true,"href":"https:\/\/lackman.com.br\/index.php\/wp-json\/wp\/v2\/categories?post=11660"},{"taxonomy":"post_tag","embeddable":true,"href":"https:\/\/lackman.com.br\/index.php\/wp-json\/wp\/v2\/tags?post=11660"}],"curies":[{"name":"wp","href":"https:\/\/api.w.org\/{rel}","templated":true}]}}