{"id":11616,"date":"2026-01-16T19:32:07","date_gmt":"2026-01-16T22:32:07","guid":{"rendered":"https:\/\/lackman.com.br\/?p=11616"},"modified":"2026-01-16T19:32:07","modified_gmt":"2026-01-16T22:32:07","slug":"coquetel-marca-inicio-do-liquidecora","status":"publish","type":"post","link":"https:\/\/lackman.com.br\/index.php\/2026\/01\/16\/coquetel-marca-inicio-do-liquidecora\/","title":{"rendered":"Coquetel marca in\u00edcio do Liquidecora"},"content":{"rendered":"<h5 style=\"font-weight: 400\"><strong><em>Come\u00e7ou a uma das mais esperadas liquida\u00e7\u00f5es de in\u00edcio de ano com descontos de at\u00e9 50% em m\u00f3veis, objetos e acess\u00f3rios, bem como a mostra de ambientes assinados por arquitetos e designers, inspirando novas formas de viver e decorar a casa.<\/em><\/strong><\/h5>\n<p style=\"font-weight: 400\">De 16 de janeiro a 22 de fevereiro, o <a href=\"https:\/\/www.instagram.com\/casapark\/\"><strong>Casapark<\/strong><\/a> realiza a primeira edi\u00e7\u00e3o do\u00a0<strong>Liquidecora Casapark 2026<\/strong>, reunindo descontos de at\u00e9 50% em m\u00f3veis, objetos e acess\u00f3rios de decora\u00e7\u00e3o. Com o conceito\u00a0<strong>\u201cSua casa, sua cara com at\u00e9 50% off\u201d<\/strong>, a campanha convida o p\u00fablico a transformar os ambientes do lar aproveitando vantagens como frete gr\u00e1tis, pronta-entrega e condi\u00e7\u00f5es especiais de pagamento. \u00c9 a oportunidade ideal para renovar a casa com estilo, economia e produtos de qualidade.<\/p>\n<p style=\"font-weight: 400\">Paralelamente \u00e0 campanha promocional, acontece, na Pra\u00e7a Central, a\u00a0<strong>Mostra Liquidecora + Casapark Prime 2026<\/strong>, com ambientes assinados por seis escrit\u00f3rios de arquitetura e design de interiores convidados pelo programa de relacionamento do shopping, refer\u00eancia em mobili\u00e1rio e complementos para a casa.<\/p>\n<p style=\"font-weight: 400\"><img fetchpriority=\"high\" decoding=\"async\" class=\"alignnone size-large wp-image-11617\" src=\"http:\/\/lackman.com.br\/wp-content\/uploads\/2026\/01\/liqui-1024x726.jpg\" alt=\"\" width=\"1024\" height=\"726\" srcset=\"https:\/\/lackman.com.br\/wp-content\/uploads\/2026\/01\/liqui-1024x726.jpg 1024w, https:\/\/lackman.com.br\/wp-content\/uploads\/2026\/01\/liqui-300x213.jpg 300w, https:\/\/lackman.com.br\/wp-content\/uploads\/2026\/01\/liqui-768x545.jpg 768w, https:\/\/lackman.com.br\/wp-content\/uploads\/2026\/01\/liqui-100x71.jpg 100w, https:\/\/lackman.com.br\/wp-content\/uploads\/2026\/01\/liqui-1536x1090.jpg 1536w, https:\/\/lackman.com.br\/wp-content\/uploads\/2026\/01\/liqui.jpg 1748w\" sizes=\"(max-width: 1024px) 100vw, 1024px\" \/><\/p>\n<p style=\"font-weight: 400\">Participam da mostra Cec\u00edlia Herculano, respons\u00e1vel pelo\u00a0<strong>Quarto de Casal<\/strong>; Renata Ciccarini, que assina o\u00a0<strong>Home Office<\/strong>; o Studio Freij\u00f3 \u2014 formado por Natalie Tramontini e Thalita Gon\u00e7alves \u2014 \u00e0 frente do\u00a0<strong>Living do Colecionador<\/strong>; e o Studio Vanguarda, representado por Matheus Silva, com a\u00a0<strong>Sala de Estar<\/strong>. O\u00a0<strong>Loft de Solteiro<\/strong>\u00a0\u00e9 assinado pela Traama Arquitetura, com Ana Luiza Veloso e Amanda Saback, enquanto o\u00a0<strong>Espa\u00e7o Gourmet<\/strong>\u00a0fica sob responsabilidade da Orla Arquitetura, formada por Isabella Souza e Carla Monza.<\/p>\n<p style=\"font-weight: 400\">Um dos destaques da edi\u00e7\u00e3o \u00e9 o\u00a0<strong>Living do Colecionador<\/strong>, que apresenta solu\u00e7\u00f5es alinhadas a uma das tend\u00eancias mais relevantes da arquitetura de interiores contempor\u00e2nea. \u201cA Mostra Liquidecora + Casapark Prime \u00e9 din\u00e2mica e nos permite inovar, incorporando espa\u00e7os que refletem as novas formas de morar dos brasileiros\u201d, afirma Carol Valen\u00e7a, gerente de marketing do Casapark. \u201cNesta edi\u00e7\u00e3o, inclu\u00edmos o Living do Colecionador, uma tend\u00eancia mundial que cresce com velocidade surpreendente no Brasil.\u201d<\/p>\n<p style=\"font-weight: 400\">A arte como conceito e forma de express\u00e3o atravessa todos os ambientes da mostra, seja por meio de obras, seja na concep\u00e7\u00e3o dos espa\u00e7os. Integrada aos projetos de interiores, ela amplia o significado dos ambientes e cria di\u00e1logos entre forma, fun\u00e7\u00e3o, materiais e luz. Essa presen\u00e7a fortalece a identidade dos projetos e promove experi\u00eancias mais sens\u00edveis, acolhedoras e conectadas ao modo de viver contempor\u00e2neo.<\/p>\n<p>Confira abaixo cliques de <strong>C\u00e9sar Rebou\u00e7as<\/strong> de algumas das pessoas que prestigiaram a abertura do evento, que aconteceu nessa sexta-feira (16), na pra\u00e7a central do mall:<\/p>\n<p>&nbsp;<\/p>\n<figure id=\"attachment_11619\" aria-describedby=\"caption-attachment-11619\" style=\"width: 1024px\" class=\"wp-caption aligncenter\"><img decoding=\"async\" class=\"wp-image-11619 size-large\" src=\"http:\/\/lackman.com.br\/wp-content\/uploads\/2026\/01\/Ana-Clara-e-Renata-Ciccarini-com-Maria-Cecilia-Barreto-2-1024x683.jpg\" alt=\"\" width=\"1024\" height=\"683\" srcset=\"https:\/\/lackman.com.br\/wp-content\/uploads\/2026\/01\/Ana-Clara-e-Renata-Ciccarini-com-Maria-Cecilia-Barreto-2-1024x683.jpg 1024w, https:\/\/lackman.com.br\/wp-content\/uploads\/2026\/01\/Ana-Clara-e-Renata-Ciccarini-com-Maria-Cecilia-Barreto-2-300x200.jpg 300w, https:\/\/lackman.com.br\/wp-content\/uploads\/2026\/01\/Ana-Clara-e-Renata-Ciccarini-com-Maria-Cecilia-Barreto-2-768x512.jpg 768w, https:\/\/lackman.com.br\/wp-content\/uploads\/2026\/01\/Ana-Clara-e-Renata-Ciccarini-com-Maria-Cecilia-Barreto-2-100x67.jpg 100w, https:\/\/lackman.com.br\/wp-content\/uploads\/2026\/01\/Ana-Clara-e-Renata-Ciccarini-com-Maria-Cecilia-Barreto-2-1536x1024.jpg 1536w, https:\/\/lackman.com.br\/wp-content\/uploads\/2026\/01\/Ana-Clara-e-Renata-Ciccarini-com-Maria-Cecilia-Barreto-2-2048x1365.jpg 2048w\" sizes=\"(max-width: 1024px) 100vw, 1024px\" \/><figcaption id=\"caption-attachment-11619\" class=\"wp-caption-text\">Ana Clara e Renata Ciccarini com Maria Cec\u00edlia Barreto<\/figcaption><\/figure>\n<figure id=\"attachment_11620\" aria-describedby=\"caption-attachment-11620\" style=\"width: 1024px\" class=\"wp-caption aligncenter\"><img decoding=\"async\" class=\"wp-image-11620 size-large\" src=\"http:\/\/lackman.com.br\/wp-content\/uploads\/2026\/01\/Elisa-Sayure-Ana-Luiza-Veloso-Maria-Vercosa-e-Amanda-Saback-1024x683.jpg\" alt=\"\" width=\"1024\" height=\"683\" srcset=\"https:\/\/lackman.com.br\/wp-content\/uploads\/2026\/01\/Elisa-Sayure-Ana-Luiza-Veloso-Maria-Vercosa-e-Amanda-Saback-1024x683.jpg 1024w, https:\/\/lackman.com.br\/wp-content\/uploads\/2026\/01\/Elisa-Sayure-Ana-Luiza-Veloso-Maria-Vercosa-e-Amanda-Saback-300x200.jpg 300w, https:\/\/lackman.com.br\/wp-content\/uploads\/2026\/01\/Elisa-Sayure-Ana-Luiza-Veloso-Maria-Vercosa-e-Amanda-Saback-768x512.jpg 768w, https:\/\/lackman.com.br\/wp-content\/uploads\/2026\/01\/Elisa-Sayure-Ana-Luiza-Veloso-Maria-Vercosa-e-Amanda-Saback-100x67.jpg 100w, https:\/\/lackman.com.br\/wp-content\/uploads\/2026\/01\/Elisa-Sayure-Ana-Luiza-Veloso-Maria-Vercosa-e-Amanda-Saback-1536x1024.jpg 1536w, https:\/\/lackman.com.br\/wp-content\/uploads\/2026\/01\/Elisa-Sayure-Ana-Luiza-Veloso-Maria-Vercosa-e-Amanda-Saback-2048x1365.jpg 2048w\" sizes=\"(max-width: 1024px) 100vw, 1024px\" \/><figcaption id=\"caption-attachment-11620\" class=\"wp-caption-text\">Elisa Sayure, Ana Luiza Veloso, Maria Ver\u00e7osa e Amanda Saback<\/figcaption><\/figure>\n<figure id=\"attachment_11621\" aria-describedby=\"caption-attachment-11621\" style=\"width: 1024px\" class=\"wp-caption aligncenter\"><img loading=\"lazy\" decoding=\"async\" class=\"wp-image-11621 size-large\" src=\"http:\/\/lackman.com.br\/wp-content\/uploads\/2026\/01\/Gustavo-Roccha-2-1024x683.jpg\" alt=\"\" width=\"1024\" height=\"683\" srcset=\"https:\/\/lackman.com.br\/wp-content\/uploads\/2026\/01\/Gustavo-Roccha-2-1024x683.jpg 1024w, https:\/\/lackman.com.br\/wp-content\/uploads\/2026\/01\/Gustavo-Roccha-2-300x200.jpg 300w, https:\/\/lackman.com.br\/wp-content\/uploads\/2026\/01\/Gustavo-Roccha-2-768x512.jpg 768w, https:\/\/lackman.com.br\/wp-content\/uploads\/2026\/01\/Gustavo-Roccha-2-100x67.jpg 100w, https:\/\/lackman.com.br\/wp-content\/uploads\/2026\/01\/Gustavo-Roccha-2-1536x1024.jpg 1536w, https:\/\/lackman.com.br\/wp-content\/uploads\/2026\/01\/Gustavo-Roccha-2-2048x1365.jpg 2048w\" sizes=\"(max-width: 1024px) 100vw, 1024px\" \/><figcaption id=\"caption-attachment-11621\" class=\"wp-caption-text\">Gustavo Roccha<\/figcaption><\/figure>\n<figure id=\"attachment_11622\" aria-describedby=\"caption-attachment-11622\" style=\"width: 1024px\" class=\"wp-caption aligncenter\"><img loading=\"lazy\" decoding=\"async\" class=\"wp-image-11622 size-large\" src=\"http:\/\/lackman.com.br\/wp-content\/uploads\/2026\/01\/Joao-Rafael-e-Caio-Aurelios-1024x683.jpg\" alt=\"\" width=\"1024\" height=\"683\" srcset=\"https:\/\/lackman.com.br\/wp-content\/uploads\/2026\/01\/Joao-Rafael-e-Caio-Aurelios-1024x683.jpg 1024w, https:\/\/lackman.com.br\/wp-content\/uploads\/2026\/01\/Joao-Rafael-e-Caio-Aurelios-300x200.jpg 300w, https:\/\/lackman.com.br\/wp-content\/uploads\/2026\/01\/Joao-Rafael-e-Caio-Aurelios-768x512.jpg 768w, https:\/\/lackman.com.br\/wp-content\/uploads\/2026\/01\/Joao-Rafael-e-Caio-Aurelios-100x67.jpg 100w, https:\/\/lackman.com.br\/wp-content\/uploads\/2026\/01\/Joao-Rafael-e-Caio-Aurelios-1536x1024.jpg 1536w, https:\/\/lackman.com.br\/wp-content\/uploads\/2026\/01\/Joao-Rafael-e-Caio-Aurelios-2048x1365.jpg 2048w\" sizes=\"(max-width: 1024px) 100vw, 1024px\" \/><figcaption id=\"caption-attachment-11622\" class=\"wp-caption-text\">Jo\u00e3o Rafael e Caio Aur\u00e9lios<\/figcaption><\/figure>\n<figure id=\"attachment_11623\" aria-describedby=\"caption-attachment-11623\" style=\"width: 1024px\" class=\"wp-caption aligncenter\"><img loading=\"lazy\" decoding=\"async\" class=\"wp-image-11623 size-large\" src=\"http:\/\/lackman.com.br\/wp-content\/uploads\/2026\/01\/Lucas-Honda-Beatriz-Garcia-Sabryna-Pereira-e-Rafaela-Heinzelmann-1024x683.jpg\" alt=\"\" width=\"1024\" height=\"683\" srcset=\"https:\/\/lackman.com.br\/wp-content\/uploads\/2026\/01\/Lucas-Honda-Beatriz-Garcia-Sabryna-Pereira-e-Rafaela-Heinzelmann-1024x683.jpg 1024w, https:\/\/lackman.com.br\/wp-content\/uploads\/2026\/01\/Lucas-Honda-Beatriz-Garcia-Sabryna-Pereira-e-Rafaela-Heinzelmann-300x200.jpg 300w, https:\/\/lackman.com.br\/wp-content\/uploads\/2026\/01\/Lucas-Honda-Beatriz-Garcia-Sabryna-Pereira-e-Rafaela-Heinzelmann-768x512.jpg 768w, https:\/\/lackman.com.br\/wp-content\/uploads\/2026\/01\/Lucas-Honda-Beatriz-Garcia-Sabryna-Pereira-e-Rafaela-Heinzelmann-100x67.jpg 100w, https:\/\/lackman.com.br\/wp-content\/uploads\/2026\/01\/Lucas-Honda-Beatriz-Garcia-Sabryna-Pereira-e-Rafaela-Heinzelmann-1536x1024.jpg 1536w, https:\/\/lackman.com.br\/wp-content\/uploads\/2026\/01\/Lucas-Honda-Beatriz-Garcia-Sabryna-Pereira-e-Rafaela-Heinzelmann-2048x1365.jpg 2048w\" sizes=\"(max-width: 1024px) 100vw, 1024px\" \/><figcaption id=\"caption-attachment-11623\" class=\"wp-caption-text\">Lucas Honda, Beatriz Garcia, Sabryna Pereira e Rafaela Heinzelmann<\/figcaption><\/figure>\n<figure id=\"attachment_11624\" aria-describedby=\"caption-attachment-11624\" style=\"width: 1024px\" class=\"wp-caption aligncenter\"><img loading=\"lazy\" decoding=\"async\" class=\"wp-image-11624 size-large\" src=\"http:\/\/lackman.com.br\/wp-content\/uploads\/2026\/01\/Luis-Colen-e-Roberta-Vidotti-1024x683.jpg\" alt=\"\" width=\"1024\" height=\"683\" srcset=\"https:\/\/lackman.com.br\/wp-content\/uploads\/2026\/01\/Luis-Colen-e-Roberta-Vidotti-1024x683.jpg 1024w, https:\/\/lackman.com.br\/wp-content\/uploads\/2026\/01\/Luis-Colen-e-Roberta-Vidotti-300x200.jpg 300w, https:\/\/lackman.com.br\/wp-content\/uploads\/2026\/01\/Luis-Colen-e-Roberta-Vidotti-768x512.jpg 768w, https:\/\/lackman.com.br\/wp-content\/uploads\/2026\/01\/Luis-Colen-e-Roberta-Vidotti-100x67.jpg 100w, https:\/\/lackman.com.br\/wp-content\/uploads\/2026\/01\/Luis-Colen-e-Roberta-Vidotti-1536x1024.jpg 1536w, https:\/\/lackman.com.br\/wp-content\/uploads\/2026\/01\/Luis-Colen-e-Roberta-Vidotti-2048x1365.jpg 2048w\" sizes=\"(max-width: 1024px) 100vw, 1024px\" \/><figcaption id=\"caption-attachment-11624\" class=\"wp-caption-text\">Luis Colen e Roberta Vidotti<\/figcaption><\/figure>\n<figure id=\"attachment_11625\" aria-describedby=\"caption-attachment-11625\" style=\"width: 1024px\" class=\"wp-caption aligncenter\"><img loading=\"lazy\" decoding=\"async\" class=\"wp-image-11625 size-large\" src=\"http:\/\/lackman.com.br\/wp-content\/uploads\/2026\/01\/Milena-Camara-Cecilia-Herculano-e-Marcella-Teixeira-1024x683.jpg\" alt=\"\" width=\"1024\" height=\"683\" srcset=\"https:\/\/lackman.com.br\/wp-content\/uploads\/2026\/01\/Milena-Camara-Cecilia-Herculano-e-Marcella-Teixeira-1024x683.jpg 1024w, https:\/\/lackman.com.br\/wp-content\/uploads\/2026\/01\/Milena-Camara-Cecilia-Herculano-e-Marcella-Teixeira-300x200.jpg 300w, https:\/\/lackman.com.br\/wp-content\/uploads\/2026\/01\/Milena-Camara-Cecilia-Herculano-e-Marcella-Teixeira-768x512.jpg 768w, https:\/\/lackman.com.br\/wp-content\/uploads\/2026\/01\/Milena-Camara-Cecilia-Herculano-e-Marcella-Teixeira-100x67.jpg 100w, https:\/\/lackman.com.br\/wp-content\/uploads\/2026\/01\/Milena-Camara-Cecilia-Herculano-e-Marcella-Teixeira-1536x1024.jpg 1536w, https:\/\/lackman.com.br\/wp-content\/uploads\/2026\/01\/Milena-Camara-Cecilia-Herculano-e-Marcella-Teixeira-2048x1365.jpg 2048w\" sizes=\"(max-width: 1024px) 100vw, 1024px\" \/><figcaption id=\"caption-attachment-11625\" class=\"wp-caption-text\">Milena C\u00e2mara, Cecilia Herculano e Marcella Teixeira<\/figcaption><\/figure>\n<figure id=\"attachment_11627\" aria-describedby=\"caption-attachment-11627\" style=\"width: 1024px\" class=\"wp-caption aligncenter\"><img loading=\"lazy\" decoding=\"async\" class=\"wp-image-11627 size-large\" style=\"font-style: inherit;font-weight: 600;text-align: center\" src=\"http:\/\/lackman.com.br\/wp-content\/uploads\/2026\/01\/Roberta-Mandelli-1024x683.jpg\" alt=\"\" width=\"1024\" height=\"683\" srcset=\"https:\/\/lackman.com.br\/wp-content\/uploads\/2026\/01\/Roberta-Mandelli-1024x683.jpg 1024w, https:\/\/lackman.com.br\/wp-content\/uploads\/2026\/01\/Roberta-Mandelli-300x200.jpg 300w, https:\/\/lackman.com.br\/wp-content\/uploads\/2026\/01\/Roberta-Mandelli-768x512.jpg 768w, https:\/\/lackman.com.br\/wp-content\/uploads\/2026\/01\/Roberta-Mandelli-100x67.jpg 100w, https:\/\/lackman.com.br\/wp-content\/uploads\/2026\/01\/Roberta-Mandelli-1536x1024.jpg 1536w, https:\/\/lackman.com.br\/wp-content\/uploads\/2026\/01\/Roberta-Mandelli-2048x1365.jpg 2048w\" sizes=\"(max-width: 1024px) 100vw, 1024px\" \/><figcaption id=\"caption-attachment-11627\" class=\"wp-caption-text\">Roberta Mandelli<\/figcaption><\/figure>\n<figure id=\"attachment_11628\" aria-describedby=\"caption-attachment-11628\" style=\"width: 1024px\" class=\"wp-caption aligncenter\"><img loading=\"lazy\" decoding=\"async\" class=\"wp-image-11628 size-large\" src=\"http:\/\/lackman.com.br\/wp-content\/uploads\/2026\/01\/Sicella-Fernandes-e-Bella-Souza-1024x683.jpg\" alt=\"\" width=\"1024\" height=\"683\" srcset=\"https:\/\/lackman.com.br\/wp-content\/uploads\/2026\/01\/Sicella-Fernandes-e-Bella-Souza-1024x683.jpg 1024w, https:\/\/lackman.com.br\/wp-content\/uploads\/2026\/01\/Sicella-Fernandes-e-Bella-Souza-300x200.jpg 300w, https:\/\/lackman.com.br\/wp-content\/uploads\/2026\/01\/Sicella-Fernandes-e-Bella-Souza-768x512.jpg 768w, https:\/\/lackman.com.br\/wp-content\/uploads\/2026\/01\/Sicella-Fernandes-e-Bella-Souza-100x67.jpg 100w, https:\/\/lackman.com.br\/wp-content\/uploads\/2026\/01\/Sicella-Fernandes-e-Bella-Souza-1536x1024.jpg 1536w, https:\/\/lackman.com.br\/wp-content\/uploads\/2026\/01\/Sicella-Fernandes-e-Bella-Souza-2048x1365.jpg 2048w\" sizes=\"(max-width: 1024px) 100vw, 1024px\" \/><figcaption id=\"caption-attachment-11628\" class=\"wp-caption-text\">S\u00edcella Fernandes e Bella Souza<\/figcaption><\/figure>\n<p style=\"font-weight: 400\"><em><strong>Vamos decorar o lar?<br \/>\nMostra Liquidecora + Casapark Prime 2026 <\/strong>\/ Pra\u00e7a Central do Casapark \/\u00a0Visita\u00e7\u00e3o 16\/01 a 22\/02 &#8211; segunda a s\u00e1bado &#8211; 10h \u00e0s 22h, domingo &#8211; 12h \u00e0s 20h \/ Gratuita \/ <a href=\"https:\/\/www.instagram.com\/casapark\/\">@casapark<\/a><\/em><\/p>\n","protected":false},"excerpt":{"rendered":"<p>Come\u00e7ou a uma das mais esperadas liquida\u00e7\u00f5es de in\u00edcio de ano com descontos de at\u00e9 50% em m\u00f3veis, objetos e acess\u00f3rios, bem como a mostra de ambientes assinados por arquitetos e designers, inspirando novas formas de viver e decorar a casa. De 16 de janeiro a 22 de fevereiro, o Casapark realiza a primeira edi\u00e7\u00e3o do\u00a0Liquidecora Casapark 2026, reunindo descontos de at\u00e9 50% em m\u00f3veis, objetos e acess\u00f3rios de decora\u00e7\u00e3o. Com o conceito\u00a0\u201cSua casa, sua cara com at\u00e9 50% off\u201d, a campanha convida o p\u00fablico a transformar os ambientes do lar aproveitando vantagens como frete gr\u00e1tis, pronta-entrega e condi\u00e7\u00f5es especiais de pagamento. \u00c9 a oportunidade ideal para renovar a casa com estilo, economia e produtos de qualidade. Paralelamente \u00e0 campanha promocional, acontece, na Pra\u00e7a Central, a\u00a0Mostra Liquidecora + Casapark Prime 2026, com ambientes assinados por seis escrit\u00f3rios de arquitetura e design de interiores convidados pelo programa de relacionamento do shopping, refer\u00eancia em mobili\u00e1rio e complementos para a casa. Participam da mostra Cec\u00edlia Herculano, respons\u00e1vel pelo\u00a0Quarto de Casal; Renata Ciccarini, que assina o\u00a0Home Office; o Studio Freij\u00f3 \u2014 formado por Natalie Tramontini e Thalita Gon\u00e7alves \u2014 \u00e0 frente do\u00a0Living do Colecionador; e o Studio Vanguarda, representado por Matheus Silva, com a\u00a0Sala de Estar. O\u00a0Loft de Solteiro\u00a0\u00e9 assinado pela Traama Arquitetura, com Ana Luiza Veloso e Amanda Saback, enquanto o\u00a0Espa\u00e7o Gourmet\u00a0fica sob responsabilidade da Orla Arquitetura, formada por Isabella Souza e Carla Monza. Um dos destaques da edi\u00e7\u00e3o \u00e9 o\u00a0Living do Colecionador, que apresenta solu\u00e7\u00f5es alinhadas a uma das tend\u00eancias mais relevantes da arquitetura de interiores contempor\u00e2nea. \u201cA Mostra Liquidecora + Casapark Prime \u00e9 din\u00e2mica e nos permite inovar, incorporando espa\u00e7os que refletem as novas formas de morar dos brasileiros\u201d, afirma Carol Valen\u00e7a, gerente de marketing do Casapark. \u201cNesta edi\u00e7\u00e3o, inclu\u00edmos o Living do Colecionador, uma tend\u00eancia mundial que cresce com velocidade surpreendente no Brasil.\u201d A arte como conceito e forma de express\u00e3o atravessa todos os ambientes da mostra, seja por meio de obras, seja na concep\u00e7\u00e3o dos espa\u00e7os. Integrada aos projetos de interiores, ela amplia o significado dos ambientes e cria di\u00e1logos entre forma, fun\u00e7\u00e3o, materiais e luz. Essa presen\u00e7a fortalece a identidade dos projetos e promove experi\u00eancias mais sens\u00edveis, acolhedoras e conectadas ao modo de viver contempor\u00e2neo. Confira abaixo cliques de C\u00e9sar Rebou\u00e7as de algumas das pessoas que prestigiaram a abertura do evento, que aconteceu nessa sexta-feira (16), na pra\u00e7a central do mall: &nbsp; Vamos decorar o lar? Mostra Liquidecora + Casapark Prime 2026 \/ Pra\u00e7a Central do Casapark \/\u00a0Visita\u00e7\u00e3o 16\/01 a 22\/02 &#8211; segunda a s\u00e1bado &#8211; 10h \u00e0s 22h, domingo &#8211; 12h \u00e0s 20h \/ Gratuita \/ @casapark<\/p>\n","protected":false},"author":6,"featured_media":11618,"comment_status":"closed","ping_status":"open","sticky":false,"template":"","format":"standard","meta":{"site-sidebar-layout":"default","site-content-layout":"","ast-site-content-layout":"default","site-content-style":"default","site-sidebar-style":"default","ast-global-header-display":"","ast-banner-title-visibility":"","ast-main-header-display":"","ast-hfb-above-header-display":"","ast-hfb-below-header-display":"","ast-hfb-mobile-header-display":"","site-post-title":"","ast-breadcrumbs-content":"","ast-featured-img":"","footer-sml-layout":"","ast-disable-related-posts":"","theme-transparent-header-meta":"default","adv-header-id-meta":"","stick-header-meta":"","header-above-stick-meta":"","header-main-stick-meta":"","header-below-stick-meta":"","astra-migrate-meta-layouts":"set","ast-page-background-enabled":"default","ast-page-background-meta":{"desktop":{"background-color":"","background-image":"","background-repeat":"repeat","background-position":"center center","background-size":"auto","background-attachment":"scroll","background-type":"","background-media":"","overlay-type":"","overlay-color":"","overlay-opacity":"","overlay-gradient":""},"tablet":{"background-color":"","background-image":"","background-repeat":"repeat","background-position":"center center","background-size":"auto","background-attachment":"scroll","background-type":"","background-media":"","overlay-type":"","overlay-color":"","overlay-opacity":"","overlay-gradient":""},"mobile":{"background-color":"","background-image":"","background-repeat":"repeat","background-position":"center center","background-size":"auto","background-attachment":"scroll","background-type":"","background-media":"","overlay-type":"","overlay-color":"","overlay-opacity":"","overlay-gradient":""}},"ast-content-background-meta":{"desktop":{"background-color":"var(--ast-global-color-5)","background-image":"","background-repeat":"repeat","background-position":"center center","background-size":"auto","background-attachment":"scroll","background-type":"","background-media":"","overlay-type":"","overlay-color":"","overlay-opacity":"","overlay-gradient":""},"tablet":{"background-color":"var(--ast-global-color-5)","background-image":"","background-repeat":"repeat","background-position":"center center","background-size":"auto","background-attachment":"scroll","background-type":"","background-media":"","overlay-type":"","overlay-color":"","overlay-opacity":"","overlay-gradient":""},"mobile":{"background-color":"var(--ast-global-color-5)","background-image":"","background-repeat":"repeat","background-position":"center center","background-size":"auto","background-attachment":"scroll","background-type":"","background-media":"","overlay-type":"","overlay-color":"","overlay-opacity":"","overlay-gradient":""}},"footnotes":""},"categories":[67,43,41],"tags":[],"class_list":["post-11616","post","type-post","status-publish","format-standard","has-post-thumbnail","hentry","category-design","category-perambulando","category-vida"],"yoast_head":"<!-- This site is optimized with the Yoast SEO plugin v27.0 - https:\/\/yoast.com\/product\/yoast-seo-wordpress\/ -->\n<title>Coquetel marca in\u00edcio do Liquidecora - LACKMAN &amp; CO.<\/title>\n<meta name=\"robots\" content=\"index, follow, max-snippet:-1, max-image-preview:large, max-video-preview:-1\" \/>\n<link rel=\"canonical\" href=\"https:\/\/lackman.com.br\/index.php\/2026\/01\/16\/coquetel-marca-inicio-do-liquidecora\/\" \/>\n<meta property=\"og:locale\" content=\"pt_BR\" \/>\n<meta property=\"og:type\" content=\"article\" \/>\n<meta property=\"og:title\" content=\"Coquetel marca in\u00edcio do Liquidecora - LACKMAN &amp; CO.\" \/>\n<meta property=\"og:description\" content=\"Come\u00e7ou a uma das mais esperadas liquida\u00e7\u00f5es de in\u00edcio de ano com descontos de at\u00e9 50% em m\u00f3veis, objetos e acess\u00f3rios, bem como a mostra de ambientes assinados por arquitetos e designers, inspirando novas formas de viver e decorar a casa. De 16 de janeiro a 22 de fevereiro, o Casapark realiza a primeira edi\u00e7\u00e3o do\u00a0Liquidecora Casapark 2026, reunindo descontos de at\u00e9 50% em m\u00f3veis, objetos e acess\u00f3rios de decora\u00e7\u00e3o. Com o conceito\u00a0\u201cSua casa, sua cara com at\u00e9 50% off\u201d, a campanha convida o p\u00fablico a transformar os ambientes do lar aproveitando vantagens como frete gr\u00e1tis, pronta-entrega e condi\u00e7\u00f5es especiais de pagamento. \u00c9 a oportunidade ideal para renovar a casa com estilo, economia e produtos de qualidade. Paralelamente \u00e0 campanha promocional, acontece, na Pra\u00e7a Central, a\u00a0Mostra Liquidecora + Casapark Prime 2026, com ambientes assinados por seis escrit\u00f3rios de arquitetura e design de interiores convidados pelo programa de relacionamento do shopping, refer\u00eancia em mobili\u00e1rio e complementos para a casa. Participam da mostra Cec\u00edlia Herculano, respons\u00e1vel pelo\u00a0Quarto de Casal; Renata Ciccarini, que assina o\u00a0Home Office; o Studio Freij\u00f3 \u2014 formado por Natalie Tramontini e Thalita Gon\u00e7alves \u2014 \u00e0 frente do\u00a0Living do Colecionador; e o Studio Vanguarda, representado por Matheus Silva, com a\u00a0Sala de Estar. O\u00a0Loft de Solteiro\u00a0\u00e9 assinado pela Traama Arquitetura, com Ana Luiza Veloso e Amanda Saback, enquanto o\u00a0Espa\u00e7o Gourmet\u00a0fica sob responsabilidade da Orla Arquitetura, formada por Isabella Souza e Carla Monza. Um dos destaques da edi\u00e7\u00e3o \u00e9 o\u00a0Living do Colecionador, que apresenta solu\u00e7\u00f5es alinhadas a uma das tend\u00eancias mais relevantes da arquitetura de interiores contempor\u00e2nea. \u201cA Mostra Liquidecora + Casapark Prime \u00e9 din\u00e2mica e nos permite inovar, incorporando espa\u00e7os que refletem as novas formas de morar dos brasileiros\u201d, afirma Carol Valen\u00e7a, gerente de marketing do Casapark. \u201cNesta edi\u00e7\u00e3o, inclu\u00edmos o Living do Colecionador, uma tend\u00eancia mundial que cresce com velocidade surpreendente no Brasil.\u201d A arte como conceito e forma de express\u00e3o atravessa todos os ambientes da mostra, seja por meio de obras, seja na concep\u00e7\u00e3o dos espa\u00e7os. Integrada aos projetos de interiores, ela amplia o significado dos ambientes e cria di\u00e1logos entre forma, fun\u00e7\u00e3o, materiais e luz. Essa presen\u00e7a fortalece a identidade dos projetos e promove experi\u00eancias mais sens\u00edveis, acolhedoras e conectadas ao modo de viver contempor\u00e2neo. Confira abaixo cliques de C\u00e9sar Rebou\u00e7as de algumas das pessoas que prestigiaram a abertura do evento, que aconteceu nessa sexta-feira (16), na pra\u00e7a central do mall: &nbsp; Vamos decorar o lar? Mostra Liquidecora + Casapark Prime 2026 \/ Pra\u00e7a Central do Casapark \/\u00a0Visita\u00e7\u00e3o 16\/01 a 22\/02 &#8211; segunda a s\u00e1bado &#8211; 10h \u00e0s 22h, domingo &#8211; 12h \u00e0s 20h \/ Gratuita \/ @casapark\" \/>\n<meta property=\"og:url\" content=\"https:\/\/lackman.com.br\/index.php\/2026\/01\/16\/coquetel-marca-inicio-do-liquidecora\/\" \/>\n<meta property=\"og:site_name\" content=\"LACKMAN &amp; CO.\" \/>\n<meta property=\"article:published_time\" content=\"2026-01-16T22:32:07+00:00\" \/>\n<meta property=\"og:image\" content=\"http:\/\/lackman.com.br\/wp-content\/uploads\/2026\/01\/liqui-1.jpg\" \/>\n\t<meta property=\"og:image:width\" content=\"1748\" \/>\n\t<meta property=\"og:image:height\" content=\"1240\" \/>\n\t<meta property=\"og:image:type\" content=\"image\/jpeg\" \/>\n<meta name=\"author\" content=\"Gilberto Evangelista - Colunista\" \/>\n<meta name=\"twitter:card\" content=\"summary_large_image\" \/>\n<meta name=\"twitter:label1\" content=\"Escrito por\" \/>\n\t<meta name=\"twitter:data1\" content=\"Gilberto Evangelista - Colunista\" \/>\n\t<meta name=\"twitter:label2\" content=\"Est. tempo de leitura\" \/>\n\t<meta name=\"twitter:data2\" content=\"6 minutos\" \/>\n<script type=\"application\/ld+json\" class=\"yoast-schema-graph\">{\"@context\":\"https:\/\/schema.org\",\"@graph\":[{\"@type\":\"Article\",\"@id\":\"https:\/\/lackman.com.br\/index.php\/2026\/01\/16\/coquetel-marca-inicio-do-liquidecora\/#article\",\"isPartOf\":{\"@id\":\"https:\/\/lackman.com.br\/index.php\/2026\/01\/16\/coquetel-marca-inicio-do-liquidecora\/\"},\"author\":{\"name\":\"Gilberto Evangelista - Colunista\",\"@id\":\"https:\/\/lackman.com.br\/#\/schema\/person\/8a2355f699593d21d4f0d25b69db5747\"},\"headline\":\"Coquetel marca in\u00edcio do Liquidecora\",\"datePublished\":\"2026-01-16T22:32:07+00:00\",\"mainEntityOfPage\":{\"@id\":\"https:\/\/lackman.com.br\/index.php\/2026\/01\/16\/coquetel-marca-inicio-do-liquidecora\/\"},\"wordCount\":591,\"publisher\":{\"@id\":\"https:\/\/lackman.com.br\/#organization\"},\"image\":{\"@id\":\"https:\/\/lackman.com.br\/index.php\/2026\/01\/16\/coquetel-marca-inicio-do-liquidecora\/#primaryimage\"},\"thumbnailUrl\":\"https:\/\/lackman.com.br\/wp-content\/uploads\/2026\/01\/liqui-1.jpg\",\"articleSection\":[\"Design\",\"Perambulando\",\"Vida\"],\"inLanguage\":\"pt-BR\"},{\"@type\":\"WebPage\",\"@id\":\"https:\/\/lackman.com.br\/index.php\/2026\/01\/16\/coquetel-marca-inicio-do-liquidecora\/\",\"url\":\"https:\/\/lackman.com.br\/index.php\/2026\/01\/16\/coquetel-marca-inicio-do-liquidecora\/\",\"name\":\"Coquetel marca in\u00edcio do Liquidecora - LACKMAN &amp; CO.\",\"isPartOf\":{\"@id\":\"https:\/\/lackman.com.br\/#website\"},\"primaryImageOfPage\":{\"@id\":\"https:\/\/lackman.com.br\/index.php\/2026\/01\/16\/coquetel-marca-inicio-do-liquidecora\/#primaryimage\"},\"image\":{\"@id\":\"https:\/\/lackman.com.br\/index.php\/2026\/01\/16\/coquetel-marca-inicio-do-liquidecora\/#primaryimage\"},\"thumbnailUrl\":\"https:\/\/lackman.com.br\/wp-content\/uploads\/2026\/01\/liqui-1.jpg\",\"datePublished\":\"2026-01-16T22:32:07+00:00\",\"breadcrumb\":{\"@id\":\"https:\/\/lackman.com.br\/index.php\/2026\/01\/16\/coquetel-marca-inicio-do-liquidecora\/#breadcrumb\"},\"inLanguage\":\"pt-BR\",\"potentialAction\":[{\"@type\":\"ReadAction\",\"target\":[\"https:\/\/lackman.com.br\/index.php\/2026\/01\/16\/coquetel-marca-inicio-do-liquidecora\/\"]}]},{\"@type\":\"ImageObject\",\"inLanguage\":\"pt-BR\",\"@id\":\"https:\/\/lackman.com.br\/index.php\/2026\/01\/16\/coquetel-marca-inicio-do-liquidecora\/#primaryimage\",\"url\":\"https:\/\/lackman.com.br\/wp-content\/uploads\/2026\/01\/liqui-1.jpg\",\"contentUrl\":\"https:\/\/lackman.com.br\/wp-content\/uploads\/2026\/01\/liqui-1.jpg\",\"width\":1748,\"height\":1240},{\"@type\":\"BreadcrumbList\",\"@id\":\"https:\/\/lackman.com.br\/index.php\/2026\/01\/16\/coquetel-marca-inicio-do-liquidecora\/#breadcrumb\",\"itemListElement\":[{\"@type\":\"ListItem\",\"position\":1,\"name\":\"In\u00edcio\",\"item\":\"https:\/\/lackman.com.br\/\"},{\"@type\":\"ListItem\",\"position\":2,\"name\":\"Coquetel marca in\u00edcio do Liquidecora\"}]},{\"@type\":\"WebSite\",\"@id\":\"https:\/\/lackman.com.br\/#website\",\"url\":\"https:\/\/lackman.com.br\/\",\"name\":\"LACKMAN &amp; CO.\",\"description\":\"VIDA | MODA | ARTE\",\"publisher\":{\"@id\":\"https:\/\/lackman.com.br\/#organization\"},\"potentialAction\":[{\"@type\":\"SearchAction\",\"target\":{\"@type\":\"EntryPoint\",\"urlTemplate\":\"https:\/\/lackman.com.br\/?s={search_term_string}\"},\"query-input\":{\"@type\":\"PropertyValueSpecification\",\"valueRequired\":true,\"valueName\":\"search_term_string\"}}],\"inLanguage\":\"pt-BR\"},{\"@type\":\"Organization\",\"@id\":\"https:\/\/lackman.com.br\/#organization\",\"name\":\"LACKMAN &amp; CO.\",\"url\":\"https:\/\/lackman.com.br\/\",\"logo\":{\"@type\":\"ImageObject\",\"inLanguage\":\"pt-BR\",\"@id\":\"https:\/\/lackman.com.br\/#\/schema\/logo\/image\/\",\"url\":\"https:\/\/lackman.com.br\/wp-content\/uploads\/2023\/06\/Logotipo_preto-1.png\",\"contentUrl\":\"https:\/\/lackman.com.br\/wp-content\/uploads\/2023\/06\/Logotipo_preto-1.png\",\"width\":739,\"height\":393,\"caption\":\"LACKMAN &amp; CO.\"},\"image\":{\"@id\":\"https:\/\/lackman.com.br\/#\/schema\/logo\/image\/\"}},{\"@type\":\"Person\",\"@id\":\"https:\/\/lackman.com.br\/#\/schema\/person\/8a2355f699593d21d4f0d25b69db5747\",\"name\":\"Gilberto Evangelista - Colunista\",\"image\":{\"@type\":\"ImageObject\",\"inLanguage\":\"pt-BR\",\"@id\":\"https:\/\/lackman.com.br\/#\/schema\/person\/image\/\",\"url\":\"https:\/\/secure.gravatar.com\/avatar\/cea9badf02f8a90f7a745f2cbea45fda61f65711ec015e2faf3809cca6337c28?s=96&d=mm&r=g\",\"contentUrl\":\"https:\/\/secure.gravatar.com\/avatar\/cea9badf02f8a90f7a745f2cbea45fda61f65711ec015e2faf3809cca6337c28?s=96&d=mm&r=g\",\"caption\":\"Gilberto Evangelista - Colunista\"},\"description\":\"Jornalista e globetrotter.\",\"url\":\"https:\/\/lackman.com.br\/index.php\/author\/gilberto-brito\/\"}]}<\/script>\n<!-- \/ Yoast SEO plugin. -->","yoast_head_json":{"title":"Coquetel marca in\u00edcio do Liquidecora - LACKMAN &amp; CO.","robots":{"index":"index","follow":"follow","max-snippet":"max-snippet:-1","max-image-preview":"max-image-preview:large","max-video-preview":"max-video-preview:-1"},"canonical":"https:\/\/lackman.com.br\/index.php\/2026\/01\/16\/coquetel-marca-inicio-do-liquidecora\/","og_locale":"pt_BR","og_type":"article","og_title":"Coquetel marca in\u00edcio do Liquidecora - LACKMAN &amp; CO.","og_description":"Come\u00e7ou a uma das mais esperadas liquida\u00e7\u00f5es de in\u00edcio de ano com descontos de at\u00e9 50% em m\u00f3veis, objetos e acess\u00f3rios, bem como a mostra de ambientes assinados por arquitetos e designers, inspirando novas formas de viver e decorar a casa. De 16 de janeiro a 22 de fevereiro, o Casapark realiza a primeira edi\u00e7\u00e3o do\u00a0Liquidecora Casapark 2026, reunindo descontos de at\u00e9 50% em m\u00f3veis, objetos e acess\u00f3rios de decora\u00e7\u00e3o. Com o conceito\u00a0\u201cSua casa, sua cara com at\u00e9 50% off\u201d, a campanha convida o p\u00fablico a transformar os ambientes do lar aproveitando vantagens como frete gr\u00e1tis, pronta-entrega e condi\u00e7\u00f5es especiais de pagamento. \u00c9 a oportunidade ideal para renovar a casa com estilo, economia e produtos de qualidade. Paralelamente \u00e0 campanha promocional, acontece, na Pra\u00e7a Central, a\u00a0Mostra Liquidecora + Casapark Prime 2026, com ambientes assinados por seis escrit\u00f3rios de arquitetura e design de interiores convidados pelo programa de relacionamento do shopping, refer\u00eancia em mobili\u00e1rio e complementos para a casa. Participam da mostra Cec\u00edlia Herculano, respons\u00e1vel pelo\u00a0Quarto de Casal; Renata Ciccarini, que assina o\u00a0Home Office; o Studio Freij\u00f3 \u2014 formado por Natalie Tramontini e Thalita Gon\u00e7alves \u2014 \u00e0 frente do\u00a0Living do Colecionador; e o Studio Vanguarda, representado por Matheus Silva, com a\u00a0Sala de Estar. O\u00a0Loft de Solteiro\u00a0\u00e9 assinado pela Traama Arquitetura, com Ana Luiza Veloso e Amanda Saback, enquanto o\u00a0Espa\u00e7o Gourmet\u00a0fica sob responsabilidade da Orla Arquitetura, formada por Isabella Souza e Carla Monza. Um dos destaques da edi\u00e7\u00e3o \u00e9 o\u00a0Living do Colecionador, que apresenta solu\u00e7\u00f5es alinhadas a uma das tend\u00eancias mais relevantes da arquitetura de interiores contempor\u00e2nea. \u201cA Mostra Liquidecora + Casapark Prime \u00e9 din\u00e2mica e nos permite inovar, incorporando espa\u00e7os que refletem as novas formas de morar dos brasileiros\u201d, afirma Carol Valen\u00e7a, gerente de marketing do Casapark. \u201cNesta edi\u00e7\u00e3o, inclu\u00edmos o Living do Colecionador, uma tend\u00eancia mundial que cresce com velocidade surpreendente no Brasil.\u201d A arte como conceito e forma de express\u00e3o atravessa todos os ambientes da mostra, seja por meio de obras, seja na concep\u00e7\u00e3o dos espa\u00e7os. Integrada aos projetos de interiores, ela amplia o significado dos ambientes e cria di\u00e1logos entre forma, fun\u00e7\u00e3o, materiais e luz. Essa presen\u00e7a fortalece a identidade dos projetos e promove experi\u00eancias mais sens\u00edveis, acolhedoras e conectadas ao modo de viver contempor\u00e2neo. Confira abaixo cliques de C\u00e9sar Rebou\u00e7as de algumas das pessoas que prestigiaram a abertura do evento, que aconteceu nessa sexta-feira (16), na pra\u00e7a central do mall: &nbsp; Vamos decorar o lar? Mostra Liquidecora + Casapark Prime 2026 \/ Pra\u00e7a Central do Casapark \/\u00a0Visita\u00e7\u00e3o 16\/01 a 22\/02 &#8211; segunda a s\u00e1bado &#8211; 10h \u00e0s 22h, domingo &#8211; 12h \u00e0s 20h \/ Gratuita \/ @casapark","og_url":"https:\/\/lackman.com.br\/index.php\/2026\/01\/16\/coquetel-marca-inicio-do-liquidecora\/","og_site_name":"LACKMAN &amp; CO.","article_published_time":"2026-01-16T22:32:07+00:00","og_image":[{"width":1748,"height":1240,"url":"http:\/\/lackman.com.br\/wp-content\/uploads\/2026\/01\/liqui-1.jpg","type":"image\/jpeg"}],"author":"Gilberto Evangelista - Colunista","twitter_card":"summary_large_image","twitter_misc":{"Escrito por":"Gilberto Evangelista - Colunista","Est. tempo de leitura":"6 minutos"},"schema":{"@context":"https:\/\/schema.org","@graph":[{"@type":"Article","@id":"https:\/\/lackman.com.br\/index.php\/2026\/01\/16\/coquetel-marca-inicio-do-liquidecora\/#article","isPartOf":{"@id":"https:\/\/lackman.com.br\/index.php\/2026\/01\/16\/coquetel-marca-inicio-do-liquidecora\/"},"author":{"name":"Gilberto Evangelista - Colunista","@id":"https:\/\/lackman.com.br\/#\/schema\/person\/8a2355f699593d21d4f0d25b69db5747"},"headline":"Coquetel marca in\u00edcio do Liquidecora","datePublished":"2026-01-16T22:32:07+00:00","mainEntityOfPage":{"@id":"https:\/\/lackman.com.br\/index.php\/2026\/01\/16\/coquetel-marca-inicio-do-liquidecora\/"},"wordCount":591,"publisher":{"@id":"https:\/\/lackman.com.br\/#organization"},"image":{"@id":"https:\/\/lackman.com.br\/index.php\/2026\/01\/16\/coquetel-marca-inicio-do-liquidecora\/#primaryimage"},"thumbnailUrl":"https:\/\/lackman.com.br\/wp-content\/uploads\/2026\/01\/liqui-1.jpg","articleSection":["Design","Perambulando","Vida"],"inLanguage":"pt-BR"},{"@type":"WebPage","@id":"https:\/\/lackman.com.br\/index.php\/2026\/01\/16\/coquetel-marca-inicio-do-liquidecora\/","url":"https:\/\/lackman.com.br\/index.php\/2026\/01\/16\/coquetel-marca-inicio-do-liquidecora\/","name":"Coquetel marca in\u00edcio do Liquidecora - LACKMAN &amp; CO.","isPartOf":{"@id":"https:\/\/lackman.com.br\/#website"},"primaryImageOfPage":{"@id":"https:\/\/lackman.com.br\/index.php\/2026\/01\/16\/coquetel-marca-inicio-do-liquidecora\/#primaryimage"},"image":{"@id":"https:\/\/lackman.com.br\/index.php\/2026\/01\/16\/coquetel-marca-inicio-do-liquidecora\/#primaryimage"},"thumbnailUrl":"https:\/\/lackman.com.br\/wp-content\/uploads\/2026\/01\/liqui-1.jpg","datePublished":"2026-01-16T22:32:07+00:00","breadcrumb":{"@id":"https:\/\/lackman.com.br\/index.php\/2026\/01\/16\/coquetel-marca-inicio-do-liquidecora\/#breadcrumb"},"inLanguage":"pt-BR","potentialAction":[{"@type":"ReadAction","target":["https:\/\/lackman.com.br\/index.php\/2026\/01\/16\/coquetel-marca-inicio-do-liquidecora\/"]}]},{"@type":"ImageObject","inLanguage":"pt-BR","@id":"https:\/\/lackman.com.br\/index.php\/2026\/01\/16\/coquetel-marca-inicio-do-liquidecora\/#primaryimage","url":"https:\/\/lackman.com.br\/wp-content\/uploads\/2026\/01\/liqui-1.jpg","contentUrl":"https:\/\/lackman.com.br\/wp-content\/uploads\/2026\/01\/liqui-1.jpg","width":1748,"height":1240},{"@type":"BreadcrumbList","@id":"https:\/\/lackman.com.br\/index.php\/2026\/01\/16\/coquetel-marca-inicio-do-liquidecora\/#breadcrumb","itemListElement":[{"@type":"ListItem","position":1,"name":"In\u00edcio","item":"https:\/\/lackman.com.br\/"},{"@type":"ListItem","position":2,"name":"Coquetel marca in\u00edcio do Liquidecora"}]},{"@type":"WebSite","@id":"https:\/\/lackman.com.br\/#website","url":"https:\/\/lackman.com.br\/","name":"LACKMAN &amp; CO.","description":"VIDA | MODA | ARTE","publisher":{"@id":"https:\/\/lackman.com.br\/#organization"},"potentialAction":[{"@type":"SearchAction","target":{"@type":"EntryPoint","urlTemplate":"https:\/\/lackman.com.br\/?s={search_term_string}"},"query-input":{"@type":"PropertyValueSpecification","valueRequired":true,"valueName":"search_term_string"}}],"inLanguage":"pt-BR"},{"@type":"Organization","@id":"https:\/\/lackman.com.br\/#organization","name":"LACKMAN &amp; CO.","url":"https:\/\/lackman.com.br\/","logo":{"@type":"ImageObject","inLanguage":"pt-BR","@id":"https:\/\/lackman.com.br\/#\/schema\/logo\/image\/","url":"https:\/\/lackman.com.br\/wp-content\/uploads\/2023\/06\/Logotipo_preto-1.png","contentUrl":"https:\/\/lackman.com.br\/wp-content\/uploads\/2023\/06\/Logotipo_preto-1.png","width":739,"height":393,"caption":"LACKMAN &amp; CO."},"image":{"@id":"https:\/\/lackman.com.br\/#\/schema\/logo\/image\/"}},{"@type":"Person","@id":"https:\/\/lackman.com.br\/#\/schema\/person\/8a2355f699593d21d4f0d25b69db5747","name":"Gilberto Evangelista - Colunista","image":{"@type":"ImageObject","inLanguage":"pt-BR","@id":"https:\/\/lackman.com.br\/#\/schema\/person\/image\/","url":"https:\/\/secure.gravatar.com\/avatar\/cea9badf02f8a90f7a745f2cbea45fda61f65711ec015e2faf3809cca6337c28?s=96&d=mm&r=g","contentUrl":"https:\/\/secure.gravatar.com\/avatar\/cea9badf02f8a90f7a745f2cbea45fda61f65711ec015e2faf3809cca6337c28?s=96&d=mm&r=g","caption":"Gilberto Evangelista - Colunista"},"description":"Jornalista e globetrotter.","url":"https:\/\/lackman.com.br\/index.php\/author\/gilberto-brito\/"}]}},"rttpg_featured_image_url":{"full":["https:\/\/lackman.com.br\/wp-content\/uploads\/2026\/01\/liqui-1.jpg",1748,1240,false],"landscape":["https:\/\/lackman.com.br\/wp-content\/uploads\/2026\/01\/liqui-1.jpg",1748,1240,false],"portraits":["https:\/\/lackman.com.br\/wp-content\/uploads\/2026\/01\/liqui-1.jpg",1748,1240,false],"thumbnail":["https:\/\/lackman.com.br\/wp-content\/uploads\/2026\/01\/liqui-1-150x150.jpg",150,150,true],"medium":["https:\/\/lackman.com.br\/wp-content\/uploads\/2026\/01\/liqui-1-300x213.jpg",300,213,true],"large":["https:\/\/lackman.com.br\/wp-content\/uploads\/2026\/01\/liqui-1-1024x726.jpg",1024,726,true],"RoboGalleryMansoryImagesCenter":["https:\/\/lackman.com.br\/wp-content\/uploads\/2026\/01\/liqui-1-600x1024.jpg",600,1024,true],"RoboGalleryPreload":["https:\/\/lackman.com.br\/wp-content\/uploads\/2026\/01\/liqui-1-100x71.jpg",100,71,true],"1536x1536":["https:\/\/lackman.com.br\/wp-content\/uploads\/2026\/01\/liqui-1-1536x1090.jpg",1536,1090,true],"2048x2048":["https:\/\/lackman.com.br\/wp-content\/uploads\/2026\/01\/liqui-1.jpg",1748,1240,false]},"rttpg_author":{"display_name":"Gilberto Evangelista - Colunista","author_link":"https:\/\/lackman.com.br\/index.php\/author\/gilberto-brito\/"},"rttpg_comment":0,"rttpg_category":"<a href=\"https:\/\/lackman.com.br\/index.php\/category\/arte\/design\/\" rel=\"category tag\">Design<\/a> <a href=\"https:\/\/lackman.com.br\/index.php\/category\/vida\/perambulando\/\" rel=\"category tag\">Perambulando<\/a> <a href=\"https:\/\/lackman.com.br\/index.php\/category\/vida\/\" rel=\"category tag\">Vida<\/a>","rttpg_excerpt":"Come\u00e7ou a uma das mais esperadas liquida\u00e7\u00f5es de in\u00edcio de ano com descontos de at\u00e9 50% em m\u00f3veis, objetos e acess\u00f3rios, bem como a mostra de ambientes assinados por arquitetos e designers, inspirando novas formas de viver e decorar a casa. De 16 de janeiro a 22 de fevereiro, o Casapark realiza a primeira edi\u00e7\u00e3o&hellip;","_links":{"self":[{"href":"https:\/\/lackman.com.br\/index.php\/wp-json\/wp\/v2\/posts\/11616","targetHints":{"allow":["GET"]}}],"collection":[{"href":"https:\/\/lackman.com.br\/index.php\/wp-json\/wp\/v2\/posts"}],"about":[{"href":"https:\/\/lackman.com.br\/index.php\/wp-json\/wp\/v2\/types\/post"}],"author":[{"embeddable":true,"href":"https:\/\/lackman.com.br\/index.php\/wp-json\/wp\/v2\/users\/6"}],"replies":[{"embeddable":true,"href":"https:\/\/lackman.com.br\/index.php\/wp-json\/wp\/v2\/comments?post=11616"}],"version-history":[{"count":2,"href":"https:\/\/lackman.com.br\/index.php\/wp-json\/wp\/v2\/posts\/11616\/revisions"}],"predecessor-version":[{"id":11632,"href":"https:\/\/lackman.com.br\/index.php\/wp-json\/wp\/v2\/posts\/11616\/revisions\/11632"}],"wp:featuredmedia":[{"embeddable":true,"href":"https:\/\/lackman.com.br\/index.php\/wp-json\/wp\/v2\/media\/11618"}],"wp:attachment":[{"href":"https:\/\/lackman.com.br\/index.php\/wp-json\/wp\/v2\/media?parent=11616"}],"wp:term":[{"taxonomy":"category","embeddable":true,"href":"https:\/\/lackman.com.br\/index.php\/wp-json\/wp\/v2\/categories?post=11616"},{"taxonomy":"post_tag","embeddable":true,"href":"https:\/\/lackman.com.br\/index.php\/wp-json\/wp\/v2\/tags?post=11616"}],"curies":[{"name":"wp","href":"https:\/\/api.w.org\/{rel}","templated":true}]}}