{"id":11606,"date":"2026-01-16T18:32:20","date_gmt":"2026-01-16T21:32:20","guid":{"rendered":"https:\/\/lackman.com.br\/?p=11606"},"modified":"2026-01-16T19:48:16","modified_gmt":"2026-01-16T22:48:16","slug":"arroz-afeto-e-tradicao-no-coracao-de-brasilia","status":"publish","type":"post","link":"https:\/\/lackman.com.br\/index.php\/2026\/01\/16\/arroz-afeto-e-tradicao-no-coracao-de-brasilia\/","title":{"rendered":"Arroz, afeto e tradi\u00e7\u00e3o no cora\u00e7\u00e3o de Bras\u00edlia"},"content":{"rendered":"<h5 style=\"text-align: justify\"><em>Com menu criativo e harmoniza\u00e7\u00f5es cuidadosas, Festival de Risoto do Lucca segue at\u00e9 o fim de fevereiro no complexo Brasil 21. Vem ver essa dica deliciosa da Coluna #PERAMBULANDO!<\/em><\/h5>\n<p>&nbsp;<\/p>\n<p style=\"text-align: justify\">Poucos pratos traduzem t\u00e3o bem a alma da gastronomia italiana quanto o risoto. Cremoso, reconfortante e vers\u00e1til, ele atravessou s\u00e9culos como s\u00edmbolo de tradi\u00e7\u00e3o, t\u00e9cnica e afeto \u00e0 mesa. E foi justamente essa paix\u00e3o pelo arroz arb\u00f3reo que conquistou o p\u00fablico brasiliense e levou o <a href=\"http:\/\/www.luccarestaurante.com.br\"><strong>Lucca Restaurante<\/strong><\/a>, no complexo Brasil 21, a tomar uma decis\u00e3o certeira: prorrogar seu elogiado <strong>Festival de Risoto<\/strong> at\u00e9 o <strong>fim de fevereiro<\/strong>.<\/p>\n<p style=\"text-align: justify\">O evento, que inicialmente aconteceria apenas nos meses de novembro e dezembro, segue agora firme e forte \u00e0s sextas e s\u00e1bados, sempre no jantar. A proposta continua irresist\u00edvel: degusta\u00e7\u00e3o de cinco receitas especiais por <strong>R$ 90<\/strong>, uma verdadeira viagem pelos sabores do norte da It\u00e1lia sem sair da capital federal.<\/p>\n<p style=\"text-align: justify\">\u201c<em>Estender o festival \u00e9 a nossa forma de agradecer aos nossos clientes e continuar celebrando a culin\u00e1ria italiana<\/em>\u201d, comenta o chef <strong>Miguel Ojeda<\/strong>, respons\u00e1vel por comandar as panelas e manter o padr\u00e3o que j\u00e1 virou marca registrada da casa.<\/p>\n<p><img fetchpriority=\"high\" decoding=\"async\" class=\"alignnone size-large wp-image-11607\" src=\"http:\/\/lackman.com.br\/wp-content\/uploads\/2026\/01\/Vinho-1024x726.jpg\" alt=\"\" width=\"1024\" height=\"726\" srcset=\"https:\/\/lackman.com.br\/wp-content\/uploads\/2026\/01\/Vinho-1024x726.jpg 1024w, https:\/\/lackman.com.br\/wp-content\/uploads\/2026\/01\/Vinho-300x213.jpg 300w, https:\/\/lackman.com.br\/wp-content\/uploads\/2026\/01\/Vinho-768x545.jpg 768w, https:\/\/lackman.com.br\/wp-content\/uploads\/2026\/01\/Vinho-100x71.jpg 100w, https:\/\/lackman.com.br\/wp-content\/uploads\/2026\/01\/Vinho-1536x1090.jpg 1536w, https:\/\/lackman.com.br\/wp-content\/uploads\/2026\/01\/Vinho.jpg 1748w\" sizes=\"(max-width: 1024px) 100vw, 1024px\" \/><\/p>\n<p style=\"text-align: justify\">O card\u00e1pio do festival foi pensado para agradar tanto os puristas quanto os amantes de vers\u00f5es mais criativas do prato. Entre as estrelas do menu est\u00e3o o leve e colorido <strong>Risoto Mediterraneo<\/strong>, com abobrinhas e berinjelas salteadas; o delicado <strong>Risoto de Aspargos<\/strong>; o marcante <strong>Risoto Veneto<\/strong>, preparado com funghi seco hidratado em vinho tinto; o encorpado <strong>Risoto al Rag\u00f9 di Manzo<\/strong>, feito com ragu de ossobuco; e o sofisticado <strong>Risoto di Gamberetti<\/strong>, que leva camar\u00f5es salteados no vinho branco, molho de tomate e finaliza\u00e7\u00e3o com pesto.<\/p>\n<p style=\"text-align: justify\">Para completar a experi\u00eancia, a harmoniza\u00e7\u00e3o tamb\u00e9m recebe aten\u00e7\u00e3o especial. A carta de vinhos, elaborada pelo sommelier Gabriel Cunha Campos, re\u00fane r\u00f3tulos selecionados com predomin\u00e2ncia de importa\u00e7\u00f5es da <a href=\"https:\/\/www.instagram.com\/delmaipowines\/\"><strong>Del Maipo<\/strong><\/a>, al\u00e9m de op\u00e7\u00f5es em meia garrafa e vinhos servidos em ta\u00e7a, ou seja, um convite para brindar cada garfada.<\/p>\n<p style=\"text-align: justify\"><em><strong>Para quem ama a culin\u00e1ria italiana<\/strong><\/em><\/p>\n<p style=\"text-align: justify\"><em><strong>Festival de Risoto<\/strong> \/ Lucca Restaurante,\u00a0Brasil 21 Su\u00edtes &#8211; SHS, Quadra 6, Conjunto A, Bloco F, 1\u00ba andar \/\u00a0Buffet de segunda a sexta, das 12h \u00e0s 15h &#8211; \u00c0 la carte de segunda a s\u00e1bado, das 19h \u00e0s 23h \/ Cortesia: tr\u00eas horas de estacionamento gr\u00e1tis \/ Mais informa\u00e7\u00f5es (61) 9 9257-3968 &#8211; @lucca_restaurante<\/em><\/p>\n<pre style=\"text-align: justify\">Fotos: Reprodu\u00e7\u00e3o\/Instagram<\/pre>\n","protected":false},"excerpt":{"rendered":"<p>Com menu criativo e harmoniza\u00e7\u00f5es cuidadosas, Festival de Risoto do Lucca segue at\u00e9 o fim de fevereiro no complexo Brasil 21. Vem ver essa dica deliciosa da Coluna #PERAMBULANDO! &nbsp; Poucos pratos traduzem t\u00e3o bem a alma da gastronomia italiana quanto o risoto. Cremoso, reconfortante e vers\u00e1til, ele atravessou s\u00e9culos como s\u00edmbolo de tradi\u00e7\u00e3o, t\u00e9cnica e afeto \u00e0 mesa. E foi justamente essa paix\u00e3o pelo arroz arb\u00f3reo que conquistou o p\u00fablico brasiliense e levou o Lucca Restaurante, no complexo Brasil 21, a tomar uma decis\u00e3o certeira: prorrogar seu elogiado Festival de Risoto at\u00e9 o fim de fevereiro. O evento, que inicialmente aconteceria apenas nos meses de novembro e dezembro, segue agora firme e forte \u00e0s sextas e s\u00e1bados, sempre no jantar. A proposta continua irresist\u00edvel: degusta\u00e7\u00e3o de cinco receitas especiais por R$ 90, uma verdadeira viagem pelos sabores do norte da It\u00e1lia sem sair da capital federal. \u201cEstender o festival \u00e9 a nossa forma de agradecer aos nossos clientes e continuar celebrando a culin\u00e1ria italiana\u201d, comenta o chef Miguel Ojeda, respons\u00e1vel por comandar as panelas e manter o padr\u00e3o que j\u00e1 virou marca registrada da casa. O card\u00e1pio do festival foi pensado para agradar tanto os puristas quanto os amantes de vers\u00f5es mais criativas do prato. Entre as estrelas do menu est\u00e3o o leve e colorido Risoto Mediterraneo, com abobrinhas e berinjelas salteadas; o delicado Risoto de Aspargos; o marcante Risoto Veneto, preparado com funghi seco hidratado em vinho tinto; o encorpado Risoto al Rag\u00f9 di Manzo, feito com ragu de ossobuco; e o sofisticado Risoto di Gamberetti, que leva camar\u00f5es salteados no vinho branco, molho de tomate e finaliza\u00e7\u00e3o com pesto. Para completar a experi\u00eancia, a harmoniza\u00e7\u00e3o tamb\u00e9m recebe aten\u00e7\u00e3o especial. A carta de vinhos, elaborada pelo sommelier Gabriel Cunha Campos, re\u00fane r\u00f3tulos selecionados com predomin\u00e2ncia de importa\u00e7\u00f5es da Del Maipo, al\u00e9m de op\u00e7\u00f5es em meia garrafa e vinhos servidos em ta\u00e7a, ou seja, um convite para brindar cada garfada. Para quem ama a culin\u00e1ria italiana Festival de Risoto \/ Lucca Restaurante,\u00a0Brasil 21 Su\u00edtes &#8211; SHS, Quadra 6, Conjunto A, Bloco F, 1\u00ba andar \/\u00a0Buffet de segunda a sexta, das 12h \u00e0s 15h &#8211; \u00c0 la carte de segunda a s\u00e1bado, das 19h \u00e0s 23h \/ Cortesia: tr\u00eas horas de estacionamento gr\u00e1tis \/ Mais informa\u00e7\u00f5es (61) 9 9257-3968 &#8211; @lucca_restaurante Fotos: Reprodu\u00e7\u00e3o\/Instagram<\/p>\n","protected":false},"author":6,"featured_media":11608,"comment_status":"closed","ping_status":"open","sticky":false,"template":"","format":"standard","meta":{"site-sidebar-layout":"default","site-content-layout":"","ast-site-content-layout":"default","site-content-style":"default","site-sidebar-style":"default","ast-global-header-display":"","ast-banner-title-visibility":"","ast-main-header-display":"","ast-hfb-above-header-display":"","ast-hfb-below-header-display":"","ast-hfb-mobile-header-display":"","site-post-title":"","ast-breadcrumbs-content":"","ast-featured-img":"","footer-sml-layout":"","ast-disable-related-posts":"","theme-transparent-header-meta":"default","adv-header-id-meta":"","stick-header-meta":"","header-above-stick-meta":"","header-main-stick-meta":"","header-below-stick-meta":"","astra-migrate-meta-layouts":"set","ast-page-background-enabled":"default","ast-page-background-meta":{"desktop":{"background-color":"","background-image":"","background-repeat":"repeat","background-position":"center center","background-size":"auto","background-attachment":"scroll","background-type":"","background-media":"","overlay-type":"","overlay-color":"","overlay-opacity":"","overlay-gradient":""},"tablet":{"background-color":"","background-image":"","background-repeat":"repeat","background-position":"center center","background-size":"auto","background-attachment":"scroll","background-type":"","background-media":"","overlay-type":"","overlay-color":"","overlay-opacity":"","overlay-gradient":""},"mobile":{"background-color":"","background-image":"","background-repeat":"repeat","background-position":"center center","background-size":"auto","background-attachment":"scroll","background-type":"","background-media":"","overlay-type":"","overlay-color":"","overlay-opacity":"","overlay-gradient":""}},"ast-content-background-meta":{"desktop":{"background-color":"var(--ast-global-color-5)","background-image":"","background-repeat":"repeat","background-position":"center center","background-size":"auto","background-attachment":"scroll","background-type":"","background-media":"","overlay-type":"","overlay-color":"","overlay-opacity":"","overlay-gradient":""},"tablet":{"background-color":"var(--ast-global-color-5)","background-image":"","background-repeat":"repeat","background-position":"center center","background-size":"auto","background-attachment":"scroll","background-type":"","background-media":"","overlay-type":"","overlay-color":"","overlay-opacity":"","overlay-gradient":""},"mobile":{"background-color":"var(--ast-global-color-5)","background-image":"","background-repeat":"repeat","background-position":"center center","background-size":"auto","background-attachment":"scroll","background-type":"","background-media":"","overlay-type":"","overlay-color":"","overlay-opacity":"","overlay-gradient":""}},"footnotes":""},"categories":[42,43],"tags":[],"class_list":["post-11606","post","type-post","status-publish","format-standard","has-post-thumbnail","hentry","category-gastronomia","category-perambulando"],"yoast_head":"<!-- This site is optimized with the Yoast SEO plugin v27.0 - https:\/\/yoast.com\/product\/yoast-seo-wordpress\/ -->\n<title>Arroz, afeto e tradi\u00e7\u00e3o no cora\u00e7\u00e3o de Bras\u00edlia - LACKMAN &amp; CO.<\/title>\n<meta name=\"robots\" content=\"index, follow, max-snippet:-1, max-image-preview:large, max-video-preview:-1\" \/>\n<link rel=\"canonical\" href=\"https:\/\/lackman.com.br\/index.php\/2026\/01\/16\/arroz-afeto-e-tradicao-no-coracao-de-brasilia\/\" \/>\n<meta property=\"og:locale\" content=\"pt_BR\" \/>\n<meta property=\"og:type\" content=\"article\" \/>\n<meta property=\"og:title\" content=\"Arroz, afeto e tradi\u00e7\u00e3o no cora\u00e7\u00e3o de Bras\u00edlia - LACKMAN &amp; CO.\" \/>\n<meta property=\"og:description\" content=\"Com menu criativo e harmoniza\u00e7\u00f5es cuidadosas, Festival de Risoto do Lucca segue at\u00e9 o fim de fevereiro no complexo Brasil 21. Vem ver essa dica deliciosa da Coluna #PERAMBULANDO! &nbsp; Poucos pratos traduzem t\u00e3o bem a alma da gastronomia italiana quanto o risoto. Cremoso, reconfortante e vers\u00e1til, ele atravessou s\u00e9culos como s\u00edmbolo de tradi\u00e7\u00e3o, t\u00e9cnica e afeto \u00e0 mesa. E foi justamente essa paix\u00e3o pelo arroz arb\u00f3reo que conquistou o p\u00fablico brasiliense e levou o Lucca Restaurante, no complexo Brasil 21, a tomar uma decis\u00e3o certeira: prorrogar seu elogiado Festival de Risoto at\u00e9 o fim de fevereiro. O evento, que inicialmente aconteceria apenas nos meses de novembro e dezembro, segue agora firme e forte \u00e0s sextas e s\u00e1bados, sempre no jantar. A proposta continua irresist\u00edvel: degusta\u00e7\u00e3o de cinco receitas especiais por R$ 90, uma verdadeira viagem pelos sabores do norte da It\u00e1lia sem sair da capital federal. \u201cEstender o festival \u00e9 a nossa forma de agradecer aos nossos clientes e continuar celebrando a culin\u00e1ria italiana\u201d, comenta o chef Miguel Ojeda, respons\u00e1vel por comandar as panelas e manter o padr\u00e3o que j\u00e1 virou marca registrada da casa. O card\u00e1pio do festival foi pensado para agradar tanto os puristas quanto os amantes de vers\u00f5es mais criativas do prato. Entre as estrelas do menu est\u00e3o o leve e colorido Risoto Mediterraneo, com abobrinhas e berinjelas salteadas; o delicado Risoto de Aspargos; o marcante Risoto Veneto, preparado com funghi seco hidratado em vinho tinto; o encorpado Risoto al Rag\u00f9 di Manzo, feito com ragu de ossobuco; e o sofisticado Risoto di Gamberetti, que leva camar\u00f5es salteados no vinho branco, molho de tomate e finaliza\u00e7\u00e3o com pesto. Para completar a experi\u00eancia, a harmoniza\u00e7\u00e3o tamb\u00e9m recebe aten\u00e7\u00e3o especial. A carta de vinhos, elaborada pelo sommelier Gabriel Cunha Campos, re\u00fane r\u00f3tulos selecionados com predomin\u00e2ncia de importa\u00e7\u00f5es da Del Maipo, al\u00e9m de op\u00e7\u00f5es em meia garrafa e vinhos servidos em ta\u00e7a, ou seja, um convite para brindar cada garfada. Para quem ama a culin\u00e1ria italiana Festival de Risoto \/ Lucca Restaurante,\u00a0Brasil 21 Su\u00edtes &#8211; SHS, Quadra 6, Conjunto A, Bloco F, 1\u00ba andar \/\u00a0Buffet de segunda a sexta, das 12h \u00e0s 15h &#8211; \u00c0 la carte de segunda a s\u00e1bado, das 19h \u00e0s 23h \/ Cortesia: tr\u00eas horas de estacionamento gr\u00e1tis \/ Mais informa\u00e7\u00f5es (61) 9 9257-3968 &#8211; @lucca_restaurante Fotos: Reprodu\u00e7\u00e3o\/Instagram\" \/>\n<meta property=\"og:url\" content=\"https:\/\/lackman.com.br\/index.php\/2026\/01\/16\/arroz-afeto-e-tradicao-no-coracao-de-brasilia\/\" \/>\n<meta property=\"og:site_name\" content=\"LACKMAN &amp; CO.\" \/>\n<meta property=\"article:published_time\" content=\"2026-01-16T21:32:20+00:00\" \/>\n<meta property=\"article:modified_time\" content=\"2026-01-16T22:48:16+00:00\" \/>\n<meta property=\"og:image\" content=\"http:\/\/lackman.com.br\/wp-content\/uploads\/2026\/01\/SaveClip.App_557042168_18290758300273137_315039661039245077_n.jpg\" \/>\n\t<meta property=\"og:image:width\" content=\"1080\" \/>\n\t<meta property=\"og:image:height\" content=\"1432\" \/>\n\t<meta property=\"og:image:type\" content=\"image\/jpeg\" \/>\n<meta name=\"author\" content=\"Gilberto Evangelista - Colunista\" \/>\n<meta name=\"twitter:card\" content=\"summary_large_image\" \/>\n<meta name=\"twitter:label1\" content=\"Escrito por\" \/>\n\t<meta name=\"twitter:data1\" content=\"Gilberto Evangelista - Colunista\" \/>\n\t<meta name=\"twitter:label2\" content=\"Est. tempo de leitura\" \/>\n\t<meta name=\"twitter:data2\" content=\"3 minutos\" \/>\n<script type=\"application\/ld+json\" class=\"yoast-schema-graph\">{\"@context\":\"https:\/\/schema.org\",\"@graph\":[{\"@type\":\"Article\",\"@id\":\"https:\/\/lackman.com.br\/index.php\/2026\/01\/16\/arroz-afeto-e-tradicao-no-coracao-de-brasilia\/#article\",\"isPartOf\":{\"@id\":\"https:\/\/lackman.com.br\/index.php\/2026\/01\/16\/arroz-afeto-e-tradicao-no-coracao-de-brasilia\/\"},\"author\":{\"name\":\"Gilberto Evangelista - Colunista\",\"@id\":\"https:\/\/lackman.com.br\/#\/schema\/person\/8a2355f699593d21d4f0d25b69db5747\"},\"headline\":\"Arroz, afeto e tradi\u00e7\u00e3o no cora\u00e7\u00e3o de Bras\u00edlia\",\"datePublished\":\"2026-01-16T21:32:20+00:00\",\"dateModified\":\"2026-01-16T22:48:16+00:00\",\"mainEntityOfPage\":{\"@id\":\"https:\/\/lackman.com.br\/index.php\/2026\/01\/16\/arroz-afeto-e-tradicao-no-coracao-de-brasilia\/\"},\"wordCount\":420,\"publisher\":{\"@id\":\"https:\/\/lackman.com.br\/#organization\"},\"image\":{\"@id\":\"https:\/\/lackman.com.br\/index.php\/2026\/01\/16\/arroz-afeto-e-tradicao-no-coracao-de-brasilia\/#primaryimage\"},\"thumbnailUrl\":\"https:\/\/lackman.com.br\/wp-content\/uploads\/2026\/01\/SaveClip.App_557042168_18290758300273137_315039661039245077_n.jpg\",\"articleSection\":[\"Gastr\u00f4\",\"Perambulando\"],\"inLanguage\":\"pt-BR\"},{\"@type\":\"WebPage\",\"@id\":\"https:\/\/lackman.com.br\/index.php\/2026\/01\/16\/arroz-afeto-e-tradicao-no-coracao-de-brasilia\/\",\"url\":\"https:\/\/lackman.com.br\/index.php\/2026\/01\/16\/arroz-afeto-e-tradicao-no-coracao-de-brasilia\/\",\"name\":\"Arroz, afeto e tradi\u00e7\u00e3o no cora\u00e7\u00e3o de Bras\u00edlia - LACKMAN &amp; CO.\",\"isPartOf\":{\"@id\":\"https:\/\/lackman.com.br\/#website\"},\"primaryImageOfPage\":{\"@id\":\"https:\/\/lackman.com.br\/index.php\/2026\/01\/16\/arroz-afeto-e-tradicao-no-coracao-de-brasilia\/#primaryimage\"},\"image\":{\"@id\":\"https:\/\/lackman.com.br\/index.php\/2026\/01\/16\/arroz-afeto-e-tradicao-no-coracao-de-brasilia\/#primaryimage\"},\"thumbnailUrl\":\"https:\/\/lackman.com.br\/wp-content\/uploads\/2026\/01\/SaveClip.App_557042168_18290758300273137_315039661039245077_n.jpg\",\"datePublished\":\"2026-01-16T21:32:20+00:00\",\"dateModified\":\"2026-01-16T22:48:16+00:00\",\"breadcrumb\":{\"@id\":\"https:\/\/lackman.com.br\/index.php\/2026\/01\/16\/arroz-afeto-e-tradicao-no-coracao-de-brasilia\/#breadcrumb\"},\"inLanguage\":\"pt-BR\",\"potentialAction\":[{\"@type\":\"ReadAction\",\"target\":[\"https:\/\/lackman.com.br\/index.php\/2026\/01\/16\/arroz-afeto-e-tradicao-no-coracao-de-brasilia\/\"]}]},{\"@type\":\"ImageObject\",\"inLanguage\":\"pt-BR\",\"@id\":\"https:\/\/lackman.com.br\/index.php\/2026\/01\/16\/arroz-afeto-e-tradicao-no-coracao-de-brasilia\/#primaryimage\",\"url\":\"https:\/\/lackman.com.br\/wp-content\/uploads\/2026\/01\/SaveClip.App_557042168_18290758300273137_315039661039245077_n.jpg\",\"contentUrl\":\"https:\/\/lackman.com.br\/wp-content\/uploads\/2026\/01\/SaveClip.App_557042168_18290758300273137_315039661039245077_n.jpg\",\"width\":1080,\"height\":1432},{\"@type\":\"BreadcrumbList\",\"@id\":\"https:\/\/lackman.com.br\/index.php\/2026\/01\/16\/arroz-afeto-e-tradicao-no-coracao-de-brasilia\/#breadcrumb\",\"itemListElement\":[{\"@type\":\"ListItem\",\"position\":1,\"name\":\"In\u00edcio\",\"item\":\"https:\/\/lackman.com.br\/\"},{\"@type\":\"ListItem\",\"position\":2,\"name\":\"Arroz, afeto e tradi\u00e7\u00e3o no cora\u00e7\u00e3o de Bras\u00edlia\"}]},{\"@type\":\"WebSite\",\"@id\":\"https:\/\/lackman.com.br\/#website\",\"url\":\"https:\/\/lackman.com.br\/\",\"name\":\"LACKMAN &amp; CO.\",\"description\":\"VIDA | MODA | ARTE\",\"publisher\":{\"@id\":\"https:\/\/lackman.com.br\/#organization\"},\"potentialAction\":[{\"@type\":\"SearchAction\",\"target\":{\"@type\":\"EntryPoint\",\"urlTemplate\":\"https:\/\/lackman.com.br\/?s={search_term_string}\"},\"query-input\":{\"@type\":\"PropertyValueSpecification\",\"valueRequired\":true,\"valueName\":\"search_term_string\"}}],\"inLanguage\":\"pt-BR\"},{\"@type\":\"Organization\",\"@id\":\"https:\/\/lackman.com.br\/#organization\",\"name\":\"LACKMAN &amp; CO.\",\"url\":\"https:\/\/lackman.com.br\/\",\"logo\":{\"@type\":\"ImageObject\",\"inLanguage\":\"pt-BR\",\"@id\":\"https:\/\/lackman.com.br\/#\/schema\/logo\/image\/\",\"url\":\"https:\/\/lackman.com.br\/wp-content\/uploads\/2023\/06\/Logotipo_preto-1.png\",\"contentUrl\":\"https:\/\/lackman.com.br\/wp-content\/uploads\/2023\/06\/Logotipo_preto-1.png\",\"width\":739,\"height\":393,\"caption\":\"LACKMAN &amp; CO.\"},\"image\":{\"@id\":\"https:\/\/lackman.com.br\/#\/schema\/logo\/image\/\"}},{\"@type\":\"Person\",\"@id\":\"https:\/\/lackman.com.br\/#\/schema\/person\/8a2355f699593d21d4f0d25b69db5747\",\"name\":\"Gilberto Evangelista - Colunista\",\"image\":{\"@type\":\"ImageObject\",\"inLanguage\":\"pt-BR\",\"@id\":\"https:\/\/lackman.com.br\/#\/schema\/person\/image\/\",\"url\":\"https:\/\/secure.gravatar.com\/avatar\/cea9badf02f8a90f7a745f2cbea45fda61f65711ec015e2faf3809cca6337c28?s=96&d=mm&r=g\",\"contentUrl\":\"https:\/\/secure.gravatar.com\/avatar\/cea9badf02f8a90f7a745f2cbea45fda61f65711ec015e2faf3809cca6337c28?s=96&d=mm&r=g\",\"caption\":\"Gilberto Evangelista - Colunista\"},\"description\":\"Jornalista e globetrotter.\",\"url\":\"https:\/\/lackman.com.br\/index.php\/author\/gilberto-brito\/\"}]}<\/script>\n<!-- \/ Yoast SEO plugin. -->","yoast_head_json":{"title":"Arroz, afeto e tradi\u00e7\u00e3o no cora\u00e7\u00e3o de Bras\u00edlia - LACKMAN &amp; CO.","robots":{"index":"index","follow":"follow","max-snippet":"max-snippet:-1","max-image-preview":"max-image-preview:large","max-video-preview":"max-video-preview:-1"},"canonical":"https:\/\/lackman.com.br\/index.php\/2026\/01\/16\/arroz-afeto-e-tradicao-no-coracao-de-brasilia\/","og_locale":"pt_BR","og_type":"article","og_title":"Arroz, afeto e tradi\u00e7\u00e3o no cora\u00e7\u00e3o de Bras\u00edlia - LACKMAN &amp; CO.","og_description":"Com menu criativo e harmoniza\u00e7\u00f5es cuidadosas, Festival de Risoto do Lucca segue at\u00e9 o fim de fevereiro no complexo Brasil 21. Vem ver essa dica deliciosa da Coluna #PERAMBULANDO! &nbsp; Poucos pratos traduzem t\u00e3o bem a alma da gastronomia italiana quanto o risoto. Cremoso, reconfortante e vers\u00e1til, ele atravessou s\u00e9culos como s\u00edmbolo de tradi\u00e7\u00e3o, t\u00e9cnica e afeto \u00e0 mesa. E foi justamente essa paix\u00e3o pelo arroz arb\u00f3reo que conquistou o p\u00fablico brasiliense e levou o Lucca Restaurante, no complexo Brasil 21, a tomar uma decis\u00e3o certeira: prorrogar seu elogiado Festival de Risoto at\u00e9 o fim de fevereiro. O evento, que inicialmente aconteceria apenas nos meses de novembro e dezembro, segue agora firme e forte \u00e0s sextas e s\u00e1bados, sempre no jantar. A proposta continua irresist\u00edvel: degusta\u00e7\u00e3o de cinco receitas especiais por R$ 90, uma verdadeira viagem pelos sabores do norte da It\u00e1lia sem sair da capital federal. \u201cEstender o festival \u00e9 a nossa forma de agradecer aos nossos clientes e continuar celebrando a culin\u00e1ria italiana\u201d, comenta o chef Miguel Ojeda, respons\u00e1vel por comandar as panelas e manter o padr\u00e3o que j\u00e1 virou marca registrada da casa. O card\u00e1pio do festival foi pensado para agradar tanto os puristas quanto os amantes de vers\u00f5es mais criativas do prato. Entre as estrelas do menu est\u00e3o o leve e colorido Risoto Mediterraneo, com abobrinhas e berinjelas salteadas; o delicado Risoto de Aspargos; o marcante Risoto Veneto, preparado com funghi seco hidratado em vinho tinto; o encorpado Risoto al Rag\u00f9 di Manzo, feito com ragu de ossobuco; e o sofisticado Risoto di Gamberetti, que leva camar\u00f5es salteados no vinho branco, molho de tomate e finaliza\u00e7\u00e3o com pesto. Para completar a experi\u00eancia, a harmoniza\u00e7\u00e3o tamb\u00e9m recebe aten\u00e7\u00e3o especial. A carta de vinhos, elaborada pelo sommelier Gabriel Cunha Campos, re\u00fane r\u00f3tulos selecionados com predomin\u00e2ncia de importa\u00e7\u00f5es da Del Maipo, al\u00e9m de op\u00e7\u00f5es em meia garrafa e vinhos servidos em ta\u00e7a, ou seja, um convite para brindar cada garfada. Para quem ama a culin\u00e1ria italiana Festival de Risoto \/ Lucca Restaurante,\u00a0Brasil 21 Su\u00edtes &#8211; SHS, Quadra 6, Conjunto A, Bloco F, 1\u00ba andar \/\u00a0Buffet de segunda a sexta, das 12h \u00e0s 15h &#8211; \u00c0 la carte de segunda a s\u00e1bado, das 19h \u00e0s 23h \/ Cortesia: tr\u00eas horas de estacionamento gr\u00e1tis \/ Mais informa\u00e7\u00f5es (61) 9 9257-3968 &#8211; @lucca_restaurante Fotos: Reprodu\u00e7\u00e3o\/Instagram","og_url":"https:\/\/lackman.com.br\/index.php\/2026\/01\/16\/arroz-afeto-e-tradicao-no-coracao-de-brasilia\/","og_site_name":"LACKMAN &amp; CO.","article_published_time":"2026-01-16T21:32:20+00:00","article_modified_time":"2026-01-16T22:48:16+00:00","og_image":[{"width":1080,"height":1432,"url":"http:\/\/lackman.com.br\/wp-content\/uploads\/2026\/01\/SaveClip.App_557042168_18290758300273137_315039661039245077_n.jpg","type":"image\/jpeg"}],"author":"Gilberto Evangelista - Colunista","twitter_card":"summary_large_image","twitter_misc":{"Escrito por":"Gilberto Evangelista - Colunista","Est. tempo de leitura":"3 minutos"},"schema":{"@context":"https:\/\/schema.org","@graph":[{"@type":"Article","@id":"https:\/\/lackman.com.br\/index.php\/2026\/01\/16\/arroz-afeto-e-tradicao-no-coracao-de-brasilia\/#article","isPartOf":{"@id":"https:\/\/lackman.com.br\/index.php\/2026\/01\/16\/arroz-afeto-e-tradicao-no-coracao-de-brasilia\/"},"author":{"name":"Gilberto Evangelista - Colunista","@id":"https:\/\/lackman.com.br\/#\/schema\/person\/8a2355f699593d21d4f0d25b69db5747"},"headline":"Arroz, afeto e tradi\u00e7\u00e3o no cora\u00e7\u00e3o de Bras\u00edlia","datePublished":"2026-01-16T21:32:20+00:00","dateModified":"2026-01-16T22:48:16+00:00","mainEntityOfPage":{"@id":"https:\/\/lackman.com.br\/index.php\/2026\/01\/16\/arroz-afeto-e-tradicao-no-coracao-de-brasilia\/"},"wordCount":420,"publisher":{"@id":"https:\/\/lackman.com.br\/#organization"},"image":{"@id":"https:\/\/lackman.com.br\/index.php\/2026\/01\/16\/arroz-afeto-e-tradicao-no-coracao-de-brasilia\/#primaryimage"},"thumbnailUrl":"https:\/\/lackman.com.br\/wp-content\/uploads\/2026\/01\/SaveClip.App_557042168_18290758300273137_315039661039245077_n.jpg","articleSection":["Gastr\u00f4","Perambulando"],"inLanguage":"pt-BR"},{"@type":"WebPage","@id":"https:\/\/lackman.com.br\/index.php\/2026\/01\/16\/arroz-afeto-e-tradicao-no-coracao-de-brasilia\/","url":"https:\/\/lackman.com.br\/index.php\/2026\/01\/16\/arroz-afeto-e-tradicao-no-coracao-de-brasilia\/","name":"Arroz, afeto e tradi\u00e7\u00e3o no cora\u00e7\u00e3o de Bras\u00edlia - LACKMAN &amp; CO.","isPartOf":{"@id":"https:\/\/lackman.com.br\/#website"},"primaryImageOfPage":{"@id":"https:\/\/lackman.com.br\/index.php\/2026\/01\/16\/arroz-afeto-e-tradicao-no-coracao-de-brasilia\/#primaryimage"},"image":{"@id":"https:\/\/lackman.com.br\/index.php\/2026\/01\/16\/arroz-afeto-e-tradicao-no-coracao-de-brasilia\/#primaryimage"},"thumbnailUrl":"https:\/\/lackman.com.br\/wp-content\/uploads\/2026\/01\/SaveClip.App_557042168_18290758300273137_315039661039245077_n.jpg","datePublished":"2026-01-16T21:32:20+00:00","dateModified":"2026-01-16T22:48:16+00:00","breadcrumb":{"@id":"https:\/\/lackman.com.br\/index.php\/2026\/01\/16\/arroz-afeto-e-tradicao-no-coracao-de-brasilia\/#breadcrumb"},"inLanguage":"pt-BR","potentialAction":[{"@type":"ReadAction","target":["https:\/\/lackman.com.br\/index.php\/2026\/01\/16\/arroz-afeto-e-tradicao-no-coracao-de-brasilia\/"]}]},{"@type":"ImageObject","inLanguage":"pt-BR","@id":"https:\/\/lackman.com.br\/index.php\/2026\/01\/16\/arroz-afeto-e-tradicao-no-coracao-de-brasilia\/#primaryimage","url":"https:\/\/lackman.com.br\/wp-content\/uploads\/2026\/01\/SaveClip.App_557042168_18290758300273137_315039661039245077_n.jpg","contentUrl":"https:\/\/lackman.com.br\/wp-content\/uploads\/2026\/01\/SaveClip.App_557042168_18290758300273137_315039661039245077_n.jpg","width":1080,"height":1432},{"@type":"BreadcrumbList","@id":"https:\/\/lackman.com.br\/index.php\/2026\/01\/16\/arroz-afeto-e-tradicao-no-coracao-de-brasilia\/#breadcrumb","itemListElement":[{"@type":"ListItem","position":1,"name":"In\u00edcio","item":"https:\/\/lackman.com.br\/"},{"@type":"ListItem","position":2,"name":"Arroz, afeto e tradi\u00e7\u00e3o no cora\u00e7\u00e3o de Bras\u00edlia"}]},{"@type":"WebSite","@id":"https:\/\/lackman.com.br\/#website","url":"https:\/\/lackman.com.br\/","name":"LACKMAN &amp; CO.","description":"VIDA | MODA | ARTE","publisher":{"@id":"https:\/\/lackman.com.br\/#organization"},"potentialAction":[{"@type":"SearchAction","target":{"@type":"EntryPoint","urlTemplate":"https:\/\/lackman.com.br\/?s={search_term_string}"},"query-input":{"@type":"PropertyValueSpecification","valueRequired":true,"valueName":"search_term_string"}}],"inLanguage":"pt-BR"},{"@type":"Organization","@id":"https:\/\/lackman.com.br\/#organization","name":"LACKMAN &amp; CO.","url":"https:\/\/lackman.com.br\/","logo":{"@type":"ImageObject","inLanguage":"pt-BR","@id":"https:\/\/lackman.com.br\/#\/schema\/logo\/image\/","url":"https:\/\/lackman.com.br\/wp-content\/uploads\/2023\/06\/Logotipo_preto-1.png","contentUrl":"https:\/\/lackman.com.br\/wp-content\/uploads\/2023\/06\/Logotipo_preto-1.png","width":739,"height":393,"caption":"LACKMAN &amp; CO."},"image":{"@id":"https:\/\/lackman.com.br\/#\/schema\/logo\/image\/"}},{"@type":"Person","@id":"https:\/\/lackman.com.br\/#\/schema\/person\/8a2355f699593d21d4f0d25b69db5747","name":"Gilberto Evangelista - Colunista","image":{"@type":"ImageObject","inLanguage":"pt-BR","@id":"https:\/\/lackman.com.br\/#\/schema\/person\/image\/","url":"https:\/\/secure.gravatar.com\/avatar\/cea9badf02f8a90f7a745f2cbea45fda61f65711ec015e2faf3809cca6337c28?s=96&d=mm&r=g","contentUrl":"https:\/\/secure.gravatar.com\/avatar\/cea9badf02f8a90f7a745f2cbea45fda61f65711ec015e2faf3809cca6337c28?s=96&d=mm&r=g","caption":"Gilberto Evangelista - Colunista"},"description":"Jornalista e globetrotter.","url":"https:\/\/lackman.com.br\/index.php\/author\/gilberto-brito\/"}]}},"rttpg_featured_image_url":{"full":["https:\/\/lackman.com.br\/wp-content\/uploads\/2026\/01\/SaveClip.App_557042168_18290758300273137_315039661039245077_n.jpg",1080,1432,false],"landscape":["https:\/\/lackman.com.br\/wp-content\/uploads\/2026\/01\/SaveClip.App_557042168_18290758300273137_315039661039245077_n.jpg",1080,1432,false],"portraits":["https:\/\/lackman.com.br\/wp-content\/uploads\/2026\/01\/SaveClip.App_557042168_18290758300273137_315039661039245077_n.jpg",1080,1432,false],"thumbnail":["https:\/\/lackman.com.br\/wp-content\/uploads\/2026\/01\/SaveClip.App_557042168_18290758300273137_315039661039245077_n-150x150.jpg",150,150,true],"medium":["https:\/\/lackman.com.br\/wp-content\/uploads\/2026\/01\/SaveClip.App_557042168_18290758300273137_315039661039245077_n-226x300.jpg",226,300,true],"large":["https:\/\/lackman.com.br\/wp-content\/uploads\/2026\/01\/SaveClip.App_557042168_18290758300273137_315039661039245077_n-772x1024.jpg",772,1024,true],"RoboGalleryMansoryImagesCenter":["https:\/\/lackman.com.br\/wp-content\/uploads\/2026\/01\/SaveClip.App_557042168_18290758300273137_315039661039245077_n-600x1024.jpg",600,1024,true],"RoboGalleryPreload":["https:\/\/lackman.com.br\/wp-content\/uploads\/2026\/01\/SaveClip.App_557042168_18290758300273137_315039661039245077_n-100x133.jpg",100,133,true],"1536x1536":["https:\/\/lackman.com.br\/wp-content\/uploads\/2026\/01\/SaveClip.App_557042168_18290758300273137_315039661039245077_n.jpg",1080,1432,false],"2048x2048":["https:\/\/lackman.com.br\/wp-content\/uploads\/2026\/01\/SaveClip.App_557042168_18290758300273137_315039661039245077_n.jpg",1080,1432,false]},"rttpg_author":{"display_name":"Gilberto Evangelista - Colunista","author_link":"https:\/\/lackman.com.br\/index.php\/author\/gilberto-brito\/"},"rttpg_comment":0,"rttpg_category":"<a href=\"https:\/\/lackman.com.br\/index.php\/category\/vida\/gastronomia\/\" rel=\"category tag\">Gastr\u00f4<\/a> <a href=\"https:\/\/lackman.com.br\/index.php\/category\/vida\/perambulando\/\" rel=\"category tag\">Perambulando<\/a>","rttpg_excerpt":"Com menu criativo e harmoniza\u00e7\u00f5es cuidadosas, Festival de Risoto do Lucca segue at\u00e9 o fim de fevereiro no complexo Brasil 21. Vem ver essa dica deliciosa da Coluna #PERAMBULANDO! &nbsp; Poucos pratos traduzem t\u00e3o bem a alma da gastronomia italiana quanto o risoto. Cremoso, reconfortante e vers\u00e1til, ele atravessou s\u00e9culos como s\u00edmbolo de tradi\u00e7\u00e3o, t\u00e9cnica&hellip;","_links":{"self":[{"href":"https:\/\/lackman.com.br\/index.php\/wp-json\/wp\/v2\/posts\/11606","targetHints":{"allow":["GET"]}}],"collection":[{"href":"https:\/\/lackman.com.br\/index.php\/wp-json\/wp\/v2\/posts"}],"about":[{"href":"https:\/\/lackman.com.br\/index.php\/wp-json\/wp\/v2\/types\/post"}],"author":[{"embeddable":true,"href":"https:\/\/lackman.com.br\/index.php\/wp-json\/wp\/v2\/users\/6"}],"replies":[{"embeddable":true,"href":"https:\/\/lackman.com.br\/index.php\/wp-json\/wp\/v2\/comments?post=11606"}],"version-history":[{"count":2,"href":"https:\/\/lackman.com.br\/index.php\/wp-json\/wp\/v2\/posts\/11606\/revisions"}],"predecessor-version":[{"id":11633,"href":"https:\/\/lackman.com.br\/index.php\/wp-json\/wp\/v2\/posts\/11606\/revisions\/11633"}],"wp:featuredmedia":[{"embeddable":true,"href":"https:\/\/lackman.com.br\/index.php\/wp-json\/wp\/v2\/media\/11608"}],"wp:attachment":[{"href":"https:\/\/lackman.com.br\/index.php\/wp-json\/wp\/v2\/media?parent=11606"}],"wp:term":[{"taxonomy":"category","embeddable":true,"href":"https:\/\/lackman.com.br\/index.php\/wp-json\/wp\/v2\/categories?post=11606"},{"taxonomy":"post_tag","embeddable":true,"href":"https:\/\/lackman.com.br\/index.php\/wp-json\/wp\/v2\/tags?post=11606"}],"curies":[{"name":"wp","href":"https:\/\/api.w.org\/{rel}","templated":true}]}}