{"id":11414,"date":"2025-12-12T17:22:43","date_gmt":"2025-12-12T20:22:43","guid":{"rendered":"https:\/\/lackman.com.br\/?p=11414"},"modified":"2025-12-12T17:22:43","modified_gmt":"2025-12-12T20:22:43","slug":"aprenda-ja-como-se-tornar-antifragil","status":"publish","type":"post","link":"https:\/\/lackman.com.br\/index.php\/2025\/12\/12\/aprenda-ja-como-se-tornar-antifragil\/","title":{"rendered":"Aprenda j\u00e1 como se tornar antifr\u00e1gil!"},"content":{"rendered":"<p><strong><em>Lan\u00e7amento do livro \u201cCaixa de Ferramenta da Maturidade\u201d re\u00faniu amigos, convidados e marca estreia liter\u00e1ria de empres\u00e1rio aspirante a autor.<\/em><\/strong><\/p>\n<p>O empres\u00e1rio e escritor\u00a0<strong>Carlos Magno<\/strong>\u00a0acaba de lan\u00e7ar seu primeiro livro,\u00a0<strong>\u201c<em>Caixa de Ferramenta da Maturidade<\/em>\u201d<\/strong>, em um encontro que reuniu amigos, familiares, parceiros e convidados no\u00a0<strong>Cerratto Restaurante<\/strong>, na \u00faltima semana, em Bras\u00edlia. A noite de aut\u00f3grafos celebrou a chegada da obra ao p\u00fablico e destacou a proposta inovadora do autor: um m\u00e9todo pr\u00e1tico de amadurecimento emocional, espiritual e profissional estruturado em 52 semanas.<\/p>\n<figure id=\"attachment_11415\" aria-describedby=\"caption-attachment-11415\" style=\"width: 2560px\" class=\"wp-caption aligncenter\"><img fetchpriority=\"high\" decoding=\"async\" class=\"wp-image-11415 size-full\" src=\"http:\/\/lackman.com.br\/wp-content\/uploads\/2025\/12\/Alberto-Reis-filho-Carlos-Magno-e-Vitoria-Reis-filha-_-foto-Gabriel-Medeiros-scaled.jpg\" alt=\"\" width=\"2560\" height=\"1707\" srcset=\"https:\/\/lackman.com.br\/wp-content\/uploads\/2025\/12\/Alberto-Reis-filho-Carlos-Magno-e-Vitoria-Reis-filha-_-foto-Gabriel-Medeiros-scaled.jpg 2560w, https:\/\/lackman.com.br\/wp-content\/uploads\/2025\/12\/Alberto-Reis-filho-Carlos-Magno-e-Vitoria-Reis-filha-_-foto-Gabriel-Medeiros-300x200.jpg 300w, https:\/\/lackman.com.br\/wp-content\/uploads\/2025\/12\/Alberto-Reis-filho-Carlos-Magno-e-Vitoria-Reis-filha-_-foto-Gabriel-Medeiros-1024x683.jpg 1024w, https:\/\/lackman.com.br\/wp-content\/uploads\/2025\/12\/Alberto-Reis-filho-Carlos-Magno-e-Vitoria-Reis-filha-_-foto-Gabriel-Medeiros-768x512.jpg 768w, https:\/\/lackman.com.br\/wp-content\/uploads\/2025\/12\/Alberto-Reis-filho-Carlos-Magno-e-Vitoria-Reis-filha-_-foto-Gabriel-Medeiros-100x67.jpg 100w, https:\/\/lackman.com.br\/wp-content\/uploads\/2025\/12\/Alberto-Reis-filho-Carlos-Magno-e-Vitoria-Reis-filha-_-foto-Gabriel-Medeiros-1536x1024.jpg 1536w, https:\/\/lackman.com.br\/wp-content\/uploads\/2025\/12\/Alberto-Reis-filho-Carlos-Magno-e-Vitoria-Reis-filha-_-foto-Gabriel-Medeiros-2048x1365.jpg 2048w\" sizes=\"(max-width: 2560px) 100vw, 2560px\" \/><figcaption id=\"caption-attachment-11415\" class=\"wp-caption-text\">Alberto Reis, Carlos Magno e Vitoria Reis<\/figcaption><\/figure>\n<p>No livro, Magno apresenta uma jornada de desenvolvimento baseada em exerc\u00edcios semanais, v\u00eddeos explicativos acessados por QR Code e reflex\u00f5es que ajudam o leitor a sair do autom\u00e1tico, assumir responsabilidades e construir clareza de prop\u00f3sito. Inspirada em sua pr\u00f3pria trajet\u00f3ria, marcada por desafios pessoais, recome\u00e7os e uma profunda imers\u00e3o em intelig\u00eancia emocional, a obra re\u00fane aprendizados, quedas e reconstru\u00e7\u00f5es transformados em ferramentas de crescimento.<\/p>\n<p>Durante o evento, o autor destacou que o livro \u00e9 \u201c<em>uma experi\u00eancia para ser vivida, n\u00e3o apenas lida<\/em>\u201d, refor\u00e7ando a import\u00e2ncia da const\u00e2ncia e da a\u00e7\u00e3o no processo de maturidade. O lan\u00e7amento contou com grande ades\u00e3o e clima acolhedor, marcando oficialmente a estreia de Carlos Magno no universo liter\u00e1rio.<\/p>\n<p>Em tempo, Magno \u00e9 empres\u00e1rio h\u00e1 mais de 25 anos nas \u00e1reas de tecnologia, ciberseguran\u00e7a e desenvolvimento humano. Fundador da CM Desenvolvimento Humano, atuando com educa\u00e7\u00e3o emocional e lideran\u00e7a pr\u00e1tica h\u00e1 v\u00e1rios anos. Baiano de nascimento e brasiliense de cora\u00e7\u00e3o, \u00e9 pai de dois filhos e apaixonado pelo aprendizado cont\u00ednuo. Aproveite e confira quem prestigiou o lan\u00e7amento de <em>&#8220;Caixa de Ferramenta da Maturidade&#8221;<\/em> pelas lentes de Gabriel Medeiros:<\/p>\n<figure id=\"attachment_11417\" aria-describedby=\"caption-attachment-11417\" style=\"width: 2560px\" class=\"wp-caption aligncenter\"><img decoding=\"async\" class=\"wp-image-11417 size-full\" src=\"http:\/\/lackman.com.br\/wp-content\/uploads\/2025\/12\/Julio-Mesquita-e-Thais-Caitano-_-Foto-Gabriel-Medeiros-scaled.jpg\" alt=\"\" width=\"2560\" height=\"1713\" srcset=\"https:\/\/lackman.com.br\/wp-content\/uploads\/2025\/12\/Julio-Mesquita-e-Thais-Caitano-_-Foto-Gabriel-Medeiros-scaled.jpg 2560w, https:\/\/lackman.com.br\/wp-content\/uploads\/2025\/12\/Julio-Mesquita-e-Thais-Caitano-_-Foto-Gabriel-Medeiros-300x201.jpg 300w, https:\/\/lackman.com.br\/wp-content\/uploads\/2025\/12\/Julio-Mesquita-e-Thais-Caitano-_-Foto-Gabriel-Medeiros-1024x685.jpg 1024w, https:\/\/lackman.com.br\/wp-content\/uploads\/2025\/12\/Julio-Mesquita-e-Thais-Caitano-_-Foto-Gabriel-Medeiros-768x514.jpg 768w, https:\/\/lackman.com.br\/wp-content\/uploads\/2025\/12\/Julio-Mesquita-e-Thais-Caitano-_-Foto-Gabriel-Medeiros-100x67.jpg 100w, https:\/\/lackman.com.br\/wp-content\/uploads\/2025\/12\/Julio-Mesquita-e-Thais-Caitano-_-Foto-Gabriel-Medeiros-1536x1028.jpg 1536w, https:\/\/lackman.com.br\/wp-content\/uploads\/2025\/12\/Julio-Mesquita-e-Thais-Caitano-_-Foto-Gabriel-Medeiros-2048x1370.jpg 2048w\" sizes=\"(max-width: 2560px) 100vw, 2560px\" \/><figcaption id=\"caption-attachment-11417\" class=\"wp-caption-text\">Julio Mesquita e Thais Caitano<\/figcaption><\/figure>\n<figure id=\"attachment_11418\" aria-describedby=\"caption-attachment-11418\" style=\"width: 2560px\" class=\"wp-caption aligncenter\"><img decoding=\"async\" class=\"wp-image-11418 size-full\" src=\"http:\/\/lackman.com.br\/wp-content\/uploads\/2025\/12\/Cristovam-Garcia-e-Wagner-Tadeu-_-Foto-Gabriel-Medeiros-scaled.jpg\" alt=\"\" width=\"2560\" height=\"1707\" srcset=\"https:\/\/lackman.com.br\/wp-content\/uploads\/2025\/12\/Cristovam-Garcia-e-Wagner-Tadeu-_-Foto-Gabriel-Medeiros-scaled.jpg 2560w, https:\/\/lackman.com.br\/wp-content\/uploads\/2025\/12\/Cristovam-Garcia-e-Wagner-Tadeu-_-Foto-Gabriel-Medeiros-300x200.jpg 300w, https:\/\/lackman.com.br\/wp-content\/uploads\/2025\/12\/Cristovam-Garcia-e-Wagner-Tadeu-_-Foto-Gabriel-Medeiros-1024x683.jpg 1024w, https:\/\/lackman.com.br\/wp-content\/uploads\/2025\/12\/Cristovam-Garcia-e-Wagner-Tadeu-_-Foto-Gabriel-Medeiros-768x512.jpg 768w, https:\/\/lackman.com.br\/wp-content\/uploads\/2025\/12\/Cristovam-Garcia-e-Wagner-Tadeu-_-Foto-Gabriel-Medeiros-100x67.jpg 100w, https:\/\/lackman.com.br\/wp-content\/uploads\/2025\/12\/Cristovam-Garcia-e-Wagner-Tadeu-_-Foto-Gabriel-Medeiros-1536x1024.jpg 1536w, https:\/\/lackman.com.br\/wp-content\/uploads\/2025\/12\/Cristovam-Garcia-e-Wagner-Tadeu-_-Foto-Gabriel-Medeiros-2048x1365.jpg 2048w\" sizes=\"(max-width: 2560px) 100vw, 2560px\" \/><figcaption id=\"caption-attachment-11418\" class=\"wp-caption-text\">Cristovam Garcia e Wagner Tadeu<\/figcaption><\/figure>\n<figure id=\"attachment_11419\" aria-describedby=\"caption-attachment-11419\" style=\"width: 2560px\" class=\"wp-caption aligncenter\"><img loading=\"lazy\" decoding=\"async\" class=\"wp-image-11419 size-full\" src=\"http:\/\/lackman.com.br\/wp-content\/uploads\/2025\/12\/Alexsander-Bastos-e-Wallace-Bastos-_-Foto-Gabriel-Medeiros-scaled.jpg\" alt=\"\" width=\"2560\" height=\"1707\" srcset=\"https:\/\/lackman.com.br\/wp-content\/uploads\/2025\/12\/Alexsander-Bastos-e-Wallace-Bastos-_-Foto-Gabriel-Medeiros-scaled.jpg 2560w, https:\/\/lackman.com.br\/wp-content\/uploads\/2025\/12\/Alexsander-Bastos-e-Wallace-Bastos-_-Foto-Gabriel-Medeiros-300x200.jpg 300w, https:\/\/lackman.com.br\/wp-content\/uploads\/2025\/12\/Alexsander-Bastos-e-Wallace-Bastos-_-Foto-Gabriel-Medeiros-1024x683.jpg 1024w, https:\/\/lackman.com.br\/wp-content\/uploads\/2025\/12\/Alexsander-Bastos-e-Wallace-Bastos-_-Foto-Gabriel-Medeiros-768x512.jpg 768w, https:\/\/lackman.com.br\/wp-content\/uploads\/2025\/12\/Alexsander-Bastos-e-Wallace-Bastos-_-Foto-Gabriel-Medeiros-100x67.jpg 100w, https:\/\/lackman.com.br\/wp-content\/uploads\/2025\/12\/Alexsander-Bastos-e-Wallace-Bastos-_-Foto-Gabriel-Medeiros-1536x1024.jpg 1536w, https:\/\/lackman.com.br\/wp-content\/uploads\/2025\/12\/Alexsander-Bastos-e-Wallace-Bastos-_-Foto-Gabriel-Medeiros-2048x1365.jpg 2048w\" sizes=\"(max-width: 2560px) 100vw, 2560px\" \/><figcaption id=\"caption-attachment-11419\" class=\"wp-caption-text\">Alexsander Bastos e Wallace Bastos<\/figcaption><\/figure>\n<figure id=\"attachment_11420\" aria-describedby=\"caption-attachment-11420\" style=\"width: 2560px\" class=\"wp-caption aligncenter\"><img loading=\"lazy\" decoding=\"async\" class=\"wp-image-11420 size-full\" src=\"http:\/\/lackman.com.br\/wp-content\/uploads\/2025\/12\/Zuleide-Silva-e-Marcelo-Lino-_-Foto-Gabriel-Medeios-scaled.jpg\" alt=\"\" width=\"2560\" height=\"1707\" srcset=\"https:\/\/lackman.com.br\/wp-content\/uploads\/2025\/12\/Zuleide-Silva-e-Marcelo-Lino-_-Foto-Gabriel-Medeios-scaled.jpg 2560w, https:\/\/lackman.com.br\/wp-content\/uploads\/2025\/12\/Zuleide-Silva-e-Marcelo-Lino-_-Foto-Gabriel-Medeios-300x200.jpg 300w, https:\/\/lackman.com.br\/wp-content\/uploads\/2025\/12\/Zuleide-Silva-e-Marcelo-Lino-_-Foto-Gabriel-Medeios-1024x683.jpg 1024w, https:\/\/lackman.com.br\/wp-content\/uploads\/2025\/12\/Zuleide-Silva-e-Marcelo-Lino-_-Foto-Gabriel-Medeios-768x512.jpg 768w, https:\/\/lackman.com.br\/wp-content\/uploads\/2025\/12\/Zuleide-Silva-e-Marcelo-Lino-_-Foto-Gabriel-Medeios-100x67.jpg 100w, https:\/\/lackman.com.br\/wp-content\/uploads\/2025\/12\/Zuleide-Silva-e-Marcelo-Lino-_-Foto-Gabriel-Medeios-1536x1024.jpg 1536w, https:\/\/lackman.com.br\/wp-content\/uploads\/2025\/12\/Zuleide-Silva-e-Marcelo-Lino-_-Foto-Gabriel-Medeios-2048x1365.jpg 2048w\" sizes=\"(max-width: 2560px) 100vw, 2560px\" \/><figcaption id=\"caption-attachment-11420\" class=\"wp-caption-text\">Thais Caetano e J\u00falio Mesquita<\/figcaption><\/figure>\n<figure id=\"attachment_11421\" aria-describedby=\"caption-attachment-11421\" style=\"width: 2560px\" class=\"wp-caption aligncenter\"><img loading=\"lazy\" decoding=\"async\" class=\"wp-image-11421 size-full\" src=\"http:\/\/lackman.com.br\/wp-content\/uploads\/2025\/12\/Marcus-Neves-e-Luana-Depieri-_-Foto-Gabriel-Medeiros-scaled.jpg\" alt=\"\" width=\"2560\" height=\"1707\" srcset=\"https:\/\/lackman.com.br\/wp-content\/uploads\/2025\/12\/Marcus-Neves-e-Luana-Depieri-_-Foto-Gabriel-Medeiros-scaled.jpg 2560w, https:\/\/lackman.com.br\/wp-content\/uploads\/2025\/12\/Marcus-Neves-e-Luana-Depieri-_-Foto-Gabriel-Medeiros-300x200.jpg 300w, https:\/\/lackman.com.br\/wp-content\/uploads\/2025\/12\/Marcus-Neves-e-Luana-Depieri-_-Foto-Gabriel-Medeiros-1024x683.jpg 1024w, https:\/\/lackman.com.br\/wp-content\/uploads\/2025\/12\/Marcus-Neves-e-Luana-Depieri-_-Foto-Gabriel-Medeiros-768x512.jpg 768w, https:\/\/lackman.com.br\/wp-content\/uploads\/2025\/12\/Marcus-Neves-e-Luana-Depieri-_-Foto-Gabriel-Medeiros-100x67.jpg 100w, https:\/\/lackman.com.br\/wp-content\/uploads\/2025\/12\/Marcus-Neves-e-Luana-Depieri-_-Foto-Gabriel-Medeiros-1536x1024.jpg 1536w, https:\/\/lackman.com.br\/wp-content\/uploads\/2025\/12\/Marcus-Neves-e-Luana-Depieri-_-Foto-Gabriel-Medeiros-2048x1365.jpg 2048w\" sizes=\"(max-width: 2560px) 100vw, 2560px\" \/><figcaption id=\"caption-attachment-11421\" class=\"wp-caption-text\">Marcus Neves e Luana Depieri<\/figcaption><\/figure>\n<figure id=\"attachment_11422\" aria-describedby=\"caption-attachment-11422\" style=\"width: 2560px\" class=\"wp-caption aligncenter\"><img loading=\"lazy\" decoding=\"async\" class=\"wp-image-11422 size-full\" src=\"http:\/\/lackman.com.br\/wp-content\/uploads\/2025\/12\/Rodrigo-Carvalho-e-Marcia-Alves-_-Foto-Gabriel-Medeiros-scaled.jpg\" alt=\"\" width=\"2560\" height=\"1707\" srcset=\"https:\/\/lackman.com.br\/wp-content\/uploads\/2025\/12\/Rodrigo-Carvalho-e-Marcia-Alves-_-Foto-Gabriel-Medeiros-scaled.jpg 2560w, https:\/\/lackman.com.br\/wp-content\/uploads\/2025\/12\/Rodrigo-Carvalho-e-Marcia-Alves-_-Foto-Gabriel-Medeiros-300x200.jpg 300w, https:\/\/lackman.com.br\/wp-content\/uploads\/2025\/12\/Rodrigo-Carvalho-e-Marcia-Alves-_-Foto-Gabriel-Medeiros-1024x683.jpg 1024w, https:\/\/lackman.com.br\/wp-content\/uploads\/2025\/12\/Rodrigo-Carvalho-e-Marcia-Alves-_-Foto-Gabriel-Medeiros-768x512.jpg 768w, https:\/\/lackman.com.br\/wp-content\/uploads\/2025\/12\/Rodrigo-Carvalho-e-Marcia-Alves-_-Foto-Gabriel-Medeiros-100x67.jpg 100w, https:\/\/lackman.com.br\/wp-content\/uploads\/2025\/12\/Rodrigo-Carvalho-e-Marcia-Alves-_-Foto-Gabriel-Medeiros-1536x1024.jpg 1536w, https:\/\/lackman.com.br\/wp-content\/uploads\/2025\/12\/Rodrigo-Carvalho-e-Marcia-Alves-_-Foto-Gabriel-Medeiros-2048x1365.jpg 2048w\" sizes=\"(max-width: 2560px) 100vw, 2560px\" \/><figcaption id=\"caption-attachment-11422\" class=\"wp-caption-text\">Rodrigo Carvalho e Marcia Alves<\/figcaption><\/figure>\n<p><strong><em>Para quem quer amadurecer!<\/em><\/strong><\/p>\n<p><strong><em>&#8220;Caixa de Ferramenta da Maturidade&#8221;<\/em><\/strong><em> de Carlos Magno \/ 52 cap\u00edtulos semanais com exerc\u00edcios e QR Codes para v\u00eddeos de implementa\u00e7\u00e3o \/ Mais informa\u00e7\u00f5es:\u00a0<a href=\"https:\/\/www.instagram.com\/carlos.magnoreis\/\">@carlos.magnoreis<\/a><\/em><\/p>\n<pre>Fotos: Gabriel Medeiros<\/pre>\n","protected":false},"excerpt":{"rendered":"<p>Lan\u00e7amento do livro \u201cCaixa de Ferramenta da Maturidade\u201d re\u00faniu amigos, convidados e marca estreia liter\u00e1ria de empres\u00e1rio aspirante a autor. O empres\u00e1rio e escritor\u00a0Carlos Magno\u00a0acaba de lan\u00e7ar seu primeiro livro,\u00a0\u201cCaixa de Ferramenta da Maturidade\u201d, em um encontro que reuniu amigos, familiares, parceiros e convidados no\u00a0Cerratto Restaurante, na \u00faltima semana, em Bras\u00edlia. A noite de aut\u00f3grafos celebrou a chegada da obra ao p\u00fablico e destacou a proposta inovadora do autor: um m\u00e9todo pr\u00e1tico de amadurecimento emocional, espiritual e profissional estruturado em 52 semanas. No livro, Magno apresenta uma jornada de desenvolvimento baseada em exerc\u00edcios semanais, v\u00eddeos explicativos acessados por QR Code e reflex\u00f5es que ajudam o leitor a sair do autom\u00e1tico, assumir responsabilidades e construir clareza de prop\u00f3sito. Inspirada em sua pr\u00f3pria trajet\u00f3ria, marcada por desafios pessoais, recome\u00e7os e uma profunda imers\u00e3o em intelig\u00eancia emocional, a obra re\u00fane aprendizados, quedas e reconstru\u00e7\u00f5es transformados em ferramentas de crescimento. Durante o evento, o autor destacou que o livro \u00e9 \u201cuma experi\u00eancia para ser vivida, n\u00e3o apenas lida\u201d, refor\u00e7ando a import\u00e2ncia da const\u00e2ncia e da a\u00e7\u00e3o no processo de maturidade. O lan\u00e7amento contou com grande ades\u00e3o e clima acolhedor, marcando oficialmente a estreia de Carlos Magno no universo liter\u00e1rio. Em tempo, Magno \u00e9 empres\u00e1rio h\u00e1 mais de 25 anos nas \u00e1reas de tecnologia, ciberseguran\u00e7a e desenvolvimento humano. Fundador da CM Desenvolvimento Humano, atuando com educa\u00e7\u00e3o emocional e lideran\u00e7a pr\u00e1tica h\u00e1 v\u00e1rios anos. Baiano de nascimento e brasiliense de cora\u00e7\u00e3o, \u00e9 pai de dois filhos e apaixonado pelo aprendizado cont\u00ednuo. Aproveite e confira quem prestigiou o lan\u00e7amento de &#8220;Caixa de Ferramenta da Maturidade&#8221; pelas lentes de Gabriel Medeiros: Para quem quer amadurecer! &#8220;Caixa de Ferramenta da Maturidade&#8221; de Carlos Magno \/ 52 cap\u00edtulos semanais com exerc\u00edcios e QR Codes para v\u00eddeos de implementa\u00e7\u00e3o \/ Mais informa\u00e7\u00f5es:\u00a0@carlos.magnoreis Fotos: Gabriel Medeiros<\/p>\n","protected":false},"author":6,"featured_media":11416,"comment_status":"closed","ping_status":"open","sticky":false,"template":"","format":"standard","meta":{"site-sidebar-layout":"default","site-content-layout":"","ast-site-content-layout":"default","site-content-style":"default","site-sidebar-style":"default","ast-global-header-display":"","ast-banner-title-visibility":"","ast-main-header-display":"","ast-hfb-above-header-display":"","ast-hfb-below-header-display":"","ast-hfb-mobile-header-display":"","site-post-title":"","ast-breadcrumbs-content":"","ast-featured-img":"","footer-sml-layout":"","ast-disable-related-posts":"","theme-transparent-header-meta":"default","adv-header-id-meta":"","stick-header-meta":"","header-above-stick-meta":"","header-main-stick-meta":"","header-below-stick-meta":"","astra-migrate-meta-layouts":"set","ast-page-background-enabled":"default","ast-page-background-meta":{"desktop":{"background-color":"","background-image":"","background-repeat":"repeat","background-position":"center center","background-size":"auto","background-attachment":"scroll","background-type":"","background-media":"","overlay-type":"","overlay-color":"","overlay-opacity":"","overlay-gradient":""},"tablet":{"background-color":"","background-image":"","background-repeat":"repeat","background-position":"center center","background-size":"auto","background-attachment":"scroll","background-type":"","background-media":"","overlay-type":"","overlay-color":"","overlay-opacity":"","overlay-gradient":""},"mobile":{"background-color":"","background-image":"","background-repeat":"repeat","background-position":"center center","background-size":"auto","background-attachment":"scroll","background-type":"","background-media":"","overlay-type":"","overlay-color":"","overlay-opacity":"","overlay-gradient":""}},"ast-content-background-meta":{"desktop":{"background-color":"var(--ast-global-color-5)","background-image":"","background-repeat":"repeat","background-position":"center center","background-size":"auto","background-attachment":"scroll","background-type":"","background-media":"","overlay-type":"","overlay-color":"","overlay-opacity":"","overlay-gradient":""},"tablet":{"background-color":"var(--ast-global-color-5)","background-image":"","background-repeat":"repeat","background-position":"center center","background-size":"auto","background-attachment":"scroll","background-type":"","background-media":"","overlay-type":"","overlay-color":"","overlay-opacity":"","overlay-gradient":""},"mobile":{"background-color":"var(--ast-global-color-5)","background-image":"","background-repeat":"repeat","background-position":"center center","background-size":"auto","background-attachment":"scroll","background-type":"","background-media":"","overlay-type":"","overlay-color":"","overlay-opacity":"","overlay-gradient":""}},"footnotes":""},"categories":[43,41],"tags":[],"class_list":["post-11414","post","type-post","status-publish","format-standard","has-post-thumbnail","hentry","category-perambulando","category-vida"],"yoast_head":"<!-- This site is optimized with the Yoast SEO plugin v27.0 - https:\/\/yoast.com\/product\/yoast-seo-wordpress\/ -->\n<title>Aprenda j\u00e1 como se tornar antifr\u00e1gil! - LACKMAN &amp; CO.<\/title>\n<meta name=\"robots\" content=\"index, follow, max-snippet:-1, max-image-preview:large, max-video-preview:-1\" \/>\n<link rel=\"canonical\" href=\"https:\/\/lackman.com.br\/index.php\/2025\/12\/12\/aprenda-ja-como-se-tornar-antifragil\/\" \/>\n<meta property=\"og:locale\" content=\"pt_BR\" \/>\n<meta property=\"og:type\" content=\"article\" \/>\n<meta property=\"og:title\" content=\"Aprenda j\u00e1 como se tornar antifr\u00e1gil! - LACKMAN &amp; CO.\" \/>\n<meta property=\"og:description\" content=\"Lan\u00e7amento do livro \u201cCaixa de Ferramenta da Maturidade\u201d re\u00faniu amigos, convidados e marca estreia liter\u00e1ria de empres\u00e1rio aspirante a autor. O empres\u00e1rio e escritor\u00a0Carlos Magno\u00a0acaba de lan\u00e7ar seu primeiro livro,\u00a0\u201cCaixa de Ferramenta da Maturidade\u201d, em um encontro que reuniu amigos, familiares, parceiros e convidados no\u00a0Cerratto Restaurante, na \u00faltima semana, em Bras\u00edlia. A noite de aut\u00f3grafos celebrou a chegada da obra ao p\u00fablico e destacou a proposta inovadora do autor: um m\u00e9todo pr\u00e1tico de amadurecimento emocional, espiritual e profissional estruturado em 52 semanas. No livro, Magno apresenta uma jornada de desenvolvimento baseada em exerc\u00edcios semanais, v\u00eddeos explicativos acessados por QR Code e reflex\u00f5es que ajudam o leitor a sair do autom\u00e1tico, assumir responsabilidades e construir clareza de prop\u00f3sito. Inspirada em sua pr\u00f3pria trajet\u00f3ria, marcada por desafios pessoais, recome\u00e7os e uma profunda imers\u00e3o em intelig\u00eancia emocional, a obra re\u00fane aprendizados, quedas e reconstru\u00e7\u00f5es transformados em ferramentas de crescimento. Durante o evento, o autor destacou que o livro \u00e9 \u201cuma experi\u00eancia para ser vivida, n\u00e3o apenas lida\u201d, refor\u00e7ando a import\u00e2ncia da const\u00e2ncia e da a\u00e7\u00e3o no processo de maturidade. O lan\u00e7amento contou com grande ades\u00e3o e clima acolhedor, marcando oficialmente a estreia de Carlos Magno no universo liter\u00e1rio. Em tempo, Magno \u00e9 empres\u00e1rio h\u00e1 mais de 25 anos nas \u00e1reas de tecnologia, ciberseguran\u00e7a e desenvolvimento humano. Fundador da CM Desenvolvimento Humano, atuando com educa\u00e7\u00e3o emocional e lideran\u00e7a pr\u00e1tica h\u00e1 v\u00e1rios anos. Baiano de nascimento e brasiliense de cora\u00e7\u00e3o, \u00e9 pai de dois filhos e apaixonado pelo aprendizado cont\u00ednuo. Aproveite e confira quem prestigiou o lan\u00e7amento de &#8220;Caixa de Ferramenta da Maturidade&#8221; pelas lentes de Gabriel Medeiros: Para quem quer amadurecer! &#8220;Caixa de Ferramenta da Maturidade&#8221; de Carlos Magno \/ 52 cap\u00edtulos semanais com exerc\u00edcios e QR Codes para v\u00eddeos de implementa\u00e7\u00e3o \/ Mais informa\u00e7\u00f5es:\u00a0@carlos.magnoreis Fotos: Gabriel Medeiros\" \/>\n<meta property=\"og:url\" content=\"https:\/\/lackman.com.br\/index.php\/2025\/12\/12\/aprenda-ja-como-se-tornar-antifragil\/\" \/>\n<meta property=\"og:site_name\" content=\"LACKMAN &amp; CO.\" \/>\n<meta property=\"article:published_time\" content=\"2025-12-12T20:22:43+00:00\" \/>\n<meta property=\"og:image\" content=\"http:\/\/lackman.com.br\/wp-content\/uploads\/2025\/12\/Uni-6.jpg\" \/>\n\t<meta property=\"og:image:width\" content=\"1748\" \/>\n\t<meta property=\"og:image:height\" content=\"1240\" \/>\n\t<meta property=\"og:image:type\" content=\"image\/jpeg\" \/>\n<meta name=\"author\" content=\"Gilberto Evangelista - Colunista\" \/>\n<meta name=\"twitter:card\" content=\"summary_large_image\" \/>\n<meta name=\"twitter:label1\" content=\"Escrito por\" \/>\n\t<meta name=\"twitter:data1\" content=\"Gilberto Evangelista - Colunista\" \/>\n\t<meta name=\"twitter:label2\" content=\"Est. tempo de leitura\" \/>\n\t<meta name=\"twitter:data2\" content=\"4 minutos\" \/>\n<script type=\"application\/ld+json\" class=\"yoast-schema-graph\">{\"@context\":\"https:\/\/schema.org\",\"@graph\":[{\"@type\":\"Article\",\"@id\":\"https:\/\/lackman.com.br\/index.php\/2025\/12\/12\/aprenda-ja-como-se-tornar-antifragil\/#article\",\"isPartOf\":{\"@id\":\"https:\/\/lackman.com.br\/index.php\/2025\/12\/12\/aprenda-ja-como-se-tornar-antifragil\/\"},\"author\":{\"name\":\"Gilberto Evangelista - Colunista\",\"@id\":\"https:\/\/lackman.com.br\/#\/schema\/person\/8a2355f699593d21d4f0d25b69db5747\"},\"headline\":\"Aprenda j\u00e1 como se tornar antifr\u00e1gil!\",\"datePublished\":\"2025-12-12T20:22:43+00:00\",\"mainEntityOfPage\":{\"@id\":\"https:\/\/lackman.com.br\/index.php\/2025\/12\/12\/aprenda-ja-como-se-tornar-antifragil\/\"},\"wordCount\":429,\"publisher\":{\"@id\":\"https:\/\/lackman.com.br\/#organization\"},\"image\":{\"@id\":\"https:\/\/lackman.com.br\/index.php\/2025\/12\/12\/aprenda-ja-como-se-tornar-antifragil\/#primaryimage\"},\"thumbnailUrl\":\"https:\/\/lackman.com.br\/wp-content\/uploads\/2025\/12\/Uni-6.jpg\",\"articleSection\":[\"Perambulando\",\"Vida\"],\"inLanguage\":\"pt-BR\"},{\"@type\":\"WebPage\",\"@id\":\"https:\/\/lackman.com.br\/index.php\/2025\/12\/12\/aprenda-ja-como-se-tornar-antifragil\/\",\"url\":\"https:\/\/lackman.com.br\/index.php\/2025\/12\/12\/aprenda-ja-como-se-tornar-antifragil\/\",\"name\":\"Aprenda j\u00e1 como se tornar antifr\u00e1gil! - LACKMAN &amp; CO.\",\"isPartOf\":{\"@id\":\"https:\/\/lackman.com.br\/#website\"},\"primaryImageOfPage\":{\"@id\":\"https:\/\/lackman.com.br\/index.php\/2025\/12\/12\/aprenda-ja-como-se-tornar-antifragil\/#primaryimage\"},\"image\":{\"@id\":\"https:\/\/lackman.com.br\/index.php\/2025\/12\/12\/aprenda-ja-como-se-tornar-antifragil\/#primaryimage\"},\"thumbnailUrl\":\"https:\/\/lackman.com.br\/wp-content\/uploads\/2025\/12\/Uni-6.jpg\",\"datePublished\":\"2025-12-12T20:22:43+00:00\",\"breadcrumb\":{\"@id\":\"https:\/\/lackman.com.br\/index.php\/2025\/12\/12\/aprenda-ja-como-se-tornar-antifragil\/#breadcrumb\"},\"inLanguage\":\"pt-BR\",\"potentialAction\":[{\"@type\":\"ReadAction\",\"target\":[\"https:\/\/lackman.com.br\/index.php\/2025\/12\/12\/aprenda-ja-como-se-tornar-antifragil\/\"]}]},{\"@type\":\"ImageObject\",\"inLanguage\":\"pt-BR\",\"@id\":\"https:\/\/lackman.com.br\/index.php\/2025\/12\/12\/aprenda-ja-como-se-tornar-antifragil\/#primaryimage\",\"url\":\"https:\/\/lackman.com.br\/wp-content\/uploads\/2025\/12\/Uni-6.jpg\",\"contentUrl\":\"https:\/\/lackman.com.br\/wp-content\/uploads\/2025\/12\/Uni-6.jpg\",\"width\":1748,\"height\":1240},{\"@type\":\"BreadcrumbList\",\"@id\":\"https:\/\/lackman.com.br\/index.php\/2025\/12\/12\/aprenda-ja-como-se-tornar-antifragil\/#breadcrumb\",\"itemListElement\":[{\"@type\":\"ListItem\",\"position\":1,\"name\":\"In\u00edcio\",\"item\":\"https:\/\/lackman.com.br\/\"},{\"@type\":\"ListItem\",\"position\":2,\"name\":\"Aprenda j\u00e1 como se tornar antifr\u00e1gil!\"}]},{\"@type\":\"WebSite\",\"@id\":\"https:\/\/lackman.com.br\/#website\",\"url\":\"https:\/\/lackman.com.br\/\",\"name\":\"LACKMAN &amp; CO.\",\"description\":\"VIDA | MODA | ARTE\",\"publisher\":{\"@id\":\"https:\/\/lackman.com.br\/#organization\"},\"potentialAction\":[{\"@type\":\"SearchAction\",\"target\":{\"@type\":\"EntryPoint\",\"urlTemplate\":\"https:\/\/lackman.com.br\/?s={search_term_string}\"},\"query-input\":{\"@type\":\"PropertyValueSpecification\",\"valueRequired\":true,\"valueName\":\"search_term_string\"}}],\"inLanguage\":\"pt-BR\"},{\"@type\":\"Organization\",\"@id\":\"https:\/\/lackman.com.br\/#organization\",\"name\":\"LACKMAN &amp; CO.\",\"url\":\"https:\/\/lackman.com.br\/\",\"logo\":{\"@type\":\"ImageObject\",\"inLanguage\":\"pt-BR\",\"@id\":\"https:\/\/lackman.com.br\/#\/schema\/logo\/image\/\",\"url\":\"https:\/\/lackman.com.br\/wp-content\/uploads\/2023\/06\/Logotipo_preto-1.png\",\"contentUrl\":\"https:\/\/lackman.com.br\/wp-content\/uploads\/2023\/06\/Logotipo_preto-1.png\",\"width\":739,\"height\":393,\"caption\":\"LACKMAN &amp; CO.\"},\"image\":{\"@id\":\"https:\/\/lackman.com.br\/#\/schema\/logo\/image\/\"}},{\"@type\":\"Person\",\"@id\":\"https:\/\/lackman.com.br\/#\/schema\/person\/8a2355f699593d21d4f0d25b69db5747\",\"name\":\"Gilberto Evangelista - Colunista\",\"image\":{\"@type\":\"ImageObject\",\"inLanguage\":\"pt-BR\",\"@id\":\"https:\/\/lackman.com.br\/#\/schema\/person\/image\/\",\"url\":\"https:\/\/secure.gravatar.com\/avatar\/cea9badf02f8a90f7a745f2cbea45fda61f65711ec015e2faf3809cca6337c28?s=96&d=mm&r=g\",\"contentUrl\":\"https:\/\/secure.gravatar.com\/avatar\/cea9badf02f8a90f7a745f2cbea45fda61f65711ec015e2faf3809cca6337c28?s=96&d=mm&r=g\",\"caption\":\"Gilberto Evangelista - Colunista\"},\"description\":\"Jornalista e globetrotter.\",\"url\":\"https:\/\/lackman.com.br\/index.php\/author\/gilberto-brito\/\"}]}<\/script>\n<!-- \/ Yoast SEO plugin. -->","yoast_head_json":{"title":"Aprenda j\u00e1 como se tornar antifr\u00e1gil! - LACKMAN &amp; CO.","robots":{"index":"index","follow":"follow","max-snippet":"max-snippet:-1","max-image-preview":"max-image-preview:large","max-video-preview":"max-video-preview:-1"},"canonical":"https:\/\/lackman.com.br\/index.php\/2025\/12\/12\/aprenda-ja-como-se-tornar-antifragil\/","og_locale":"pt_BR","og_type":"article","og_title":"Aprenda j\u00e1 como se tornar antifr\u00e1gil! - LACKMAN &amp; CO.","og_description":"Lan\u00e7amento do livro \u201cCaixa de Ferramenta da Maturidade\u201d re\u00faniu amigos, convidados e marca estreia liter\u00e1ria de empres\u00e1rio aspirante a autor. O empres\u00e1rio e escritor\u00a0Carlos Magno\u00a0acaba de lan\u00e7ar seu primeiro livro,\u00a0\u201cCaixa de Ferramenta da Maturidade\u201d, em um encontro que reuniu amigos, familiares, parceiros e convidados no\u00a0Cerratto Restaurante, na \u00faltima semana, em Bras\u00edlia. A noite de aut\u00f3grafos celebrou a chegada da obra ao p\u00fablico e destacou a proposta inovadora do autor: um m\u00e9todo pr\u00e1tico de amadurecimento emocional, espiritual e profissional estruturado em 52 semanas. No livro, Magno apresenta uma jornada de desenvolvimento baseada em exerc\u00edcios semanais, v\u00eddeos explicativos acessados por QR Code e reflex\u00f5es que ajudam o leitor a sair do autom\u00e1tico, assumir responsabilidades e construir clareza de prop\u00f3sito. Inspirada em sua pr\u00f3pria trajet\u00f3ria, marcada por desafios pessoais, recome\u00e7os e uma profunda imers\u00e3o em intelig\u00eancia emocional, a obra re\u00fane aprendizados, quedas e reconstru\u00e7\u00f5es transformados em ferramentas de crescimento. Durante o evento, o autor destacou que o livro \u00e9 \u201cuma experi\u00eancia para ser vivida, n\u00e3o apenas lida\u201d, refor\u00e7ando a import\u00e2ncia da const\u00e2ncia e da a\u00e7\u00e3o no processo de maturidade. O lan\u00e7amento contou com grande ades\u00e3o e clima acolhedor, marcando oficialmente a estreia de Carlos Magno no universo liter\u00e1rio. Em tempo, Magno \u00e9 empres\u00e1rio h\u00e1 mais de 25 anos nas \u00e1reas de tecnologia, ciberseguran\u00e7a e desenvolvimento humano. Fundador da CM Desenvolvimento Humano, atuando com educa\u00e7\u00e3o emocional e lideran\u00e7a pr\u00e1tica h\u00e1 v\u00e1rios anos. Baiano de nascimento e brasiliense de cora\u00e7\u00e3o, \u00e9 pai de dois filhos e apaixonado pelo aprendizado cont\u00ednuo. Aproveite e confira quem prestigiou o lan\u00e7amento de &#8220;Caixa de Ferramenta da Maturidade&#8221; pelas lentes de Gabriel Medeiros: Para quem quer amadurecer! &#8220;Caixa de Ferramenta da Maturidade&#8221; de Carlos Magno \/ 52 cap\u00edtulos semanais com exerc\u00edcios e QR Codes para v\u00eddeos de implementa\u00e7\u00e3o \/ Mais informa\u00e7\u00f5es:\u00a0@carlos.magnoreis Fotos: Gabriel Medeiros","og_url":"https:\/\/lackman.com.br\/index.php\/2025\/12\/12\/aprenda-ja-como-se-tornar-antifragil\/","og_site_name":"LACKMAN &amp; CO.","article_published_time":"2025-12-12T20:22:43+00:00","og_image":[{"width":1748,"height":1240,"url":"http:\/\/lackman.com.br\/wp-content\/uploads\/2025\/12\/Uni-6.jpg","type":"image\/jpeg"}],"author":"Gilberto Evangelista - Colunista","twitter_card":"summary_large_image","twitter_misc":{"Escrito por":"Gilberto Evangelista - Colunista","Est. tempo de leitura":"4 minutos"},"schema":{"@context":"https:\/\/schema.org","@graph":[{"@type":"Article","@id":"https:\/\/lackman.com.br\/index.php\/2025\/12\/12\/aprenda-ja-como-se-tornar-antifragil\/#article","isPartOf":{"@id":"https:\/\/lackman.com.br\/index.php\/2025\/12\/12\/aprenda-ja-como-se-tornar-antifragil\/"},"author":{"name":"Gilberto Evangelista - Colunista","@id":"https:\/\/lackman.com.br\/#\/schema\/person\/8a2355f699593d21d4f0d25b69db5747"},"headline":"Aprenda j\u00e1 como se tornar antifr\u00e1gil!","datePublished":"2025-12-12T20:22:43+00:00","mainEntityOfPage":{"@id":"https:\/\/lackman.com.br\/index.php\/2025\/12\/12\/aprenda-ja-como-se-tornar-antifragil\/"},"wordCount":429,"publisher":{"@id":"https:\/\/lackman.com.br\/#organization"},"image":{"@id":"https:\/\/lackman.com.br\/index.php\/2025\/12\/12\/aprenda-ja-como-se-tornar-antifragil\/#primaryimage"},"thumbnailUrl":"https:\/\/lackman.com.br\/wp-content\/uploads\/2025\/12\/Uni-6.jpg","articleSection":["Perambulando","Vida"],"inLanguage":"pt-BR"},{"@type":"WebPage","@id":"https:\/\/lackman.com.br\/index.php\/2025\/12\/12\/aprenda-ja-como-se-tornar-antifragil\/","url":"https:\/\/lackman.com.br\/index.php\/2025\/12\/12\/aprenda-ja-como-se-tornar-antifragil\/","name":"Aprenda j\u00e1 como se tornar antifr\u00e1gil! - LACKMAN &amp; CO.","isPartOf":{"@id":"https:\/\/lackman.com.br\/#website"},"primaryImageOfPage":{"@id":"https:\/\/lackman.com.br\/index.php\/2025\/12\/12\/aprenda-ja-como-se-tornar-antifragil\/#primaryimage"},"image":{"@id":"https:\/\/lackman.com.br\/index.php\/2025\/12\/12\/aprenda-ja-como-se-tornar-antifragil\/#primaryimage"},"thumbnailUrl":"https:\/\/lackman.com.br\/wp-content\/uploads\/2025\/12\/Uni-6.jpg","datePublished":"2025-12-12T20:22:43+00:00","breadcrumb":{"@id":"https:\/\/lackman.com.br\/index.php\/2025\/12\/12\/aprenda-ja-como-se-tornar-antifragil\/#breadcrumb"},"inLanguage":"pt-BR","potentialAction":[{"@type":"ReadAction","target":["https:\/\/lackman.com.br\/index.php\/2025\/12\/12\/aprenda-ja-como-se-tornar-antifragil\/"]}]},{"@type":"ImageObject","inLanguage":"pt-BR","@id":"https:\/\/lackman.com.br\/index.php\/2025\/12\/12\/aprenda-ja-como-se-tornar-antifragil\/#primaryimage","url":"https:\/\/lackman.com.br\/wp-content\/uploads\/2025\/12\/Uni-6.jpg","contentUrl":"https:\/\/lackman.com.br\/wp-content\/uploads\/2025\/12\/Uni-6.jpg","width":1748,"height":1240},{"@type":"BreadcrumbList","@id":"https:\/\/lackman.com.br\/index.php\/2025\/12\/12\/aprenda-ja-como-se-tornar-antifragil\/#breadcrumb","itemListElement":[{"@type":"ListItem","position":1,"name":"In\u00edcio","item":"https:\/\/lackman.com.br\/"},{"@type":"ListItem","position":2,"name":"Aprenda j\u00e1 como se tornar antifr\u00e1gil!"}]},{"@type":"WebSite","@id":"https:\/\/lackman.com.br\/#website","url":"https:\/\/lackman.com.br\/","name":"LACKMAN &amp; CO.","description":"VIDA | MODA | ARTE","publisher":{"@id":"https:\/\/lackman.com.br\/#organization"},"potentialAction":[{"@type":"SearchAction","target":{"@type":"EntryPoint","urlTemplate":"https:\/\/lackman.com.br\/?s={search_term_string}"},"query-input":{"@type":"PropertyValueSpecification","valueRequired":true,"valueName":"search_term_string"}}],"inLanguage":"pt-BR"},{"@type":"Organization","@id":"https:\/\/lackman.com.br\/#organization","name":"LACKMAN &amp; CO.","url":"https:\/\/lackman.com.br\/","logo":{"@type":"ImageObject","inLanguage":"pt-BR","@id":"https:\/\/lackman.com.br\/#\/schema\/logo\/image\/","url":"https:\/\/lackman.com.br\/wp-content\/uploads\/2023\/06\/Logotipo_preto-1.png","contentUrl":"https:\/\/lackman.com.br\/wp-content\/uploads\/2023\/06\/Logotipo_preto-1.png","width":739,"height":393,"caption":"LACKMAN &amp; CO."},"image":{"@id":"https:\/\/lackman.com.br\/#\/schema\/logo\/image\/"}},{"@type":"Person","@id":"https:\/\/lackman.com.br\/#\/schema\/person\/8a2355f699593d21d4f0d25b69db5747","name":"Gilberto Evangelista - Colunista","image":{"@type":"ImageObject","inLanguage":"pt-BR","@id":"https:\/\/lackman.com.br\/#\/schema\/person\/image\/","url":"https:\/\/secure.gravatar.com\/avatar\/cea9badf02f8a90f7a745f2cbea45fda61f65711ec015e2faf3809cca6337c28?s=96&d=mm&r=g","contentUrl":"https:\/\/secure.gravatar.com\/avatar\/cea9badf02f8a90f7a745f2cbea45fda61f65711ec015e2faf3809cca6337c28?s=96&d=mm&r=g","caption":"Gilberto Evangelista - Colunista"},"description":"Jornalista e globetrotter.","url":"https:\/\/lackman.com.br\/index.php\/author\/gilberto-brito\/"}]}},"rttpg_featured_image_url":{"full":["https:\/\/lackman.com.br\/wp-content\/uploads\/2025\/12\/Uni-6.jpg",1748,1240,false],"landscape":["https:\/\/lackman.com.br\/wp-content\/uploads\/2025\/12\/Uni-6.jpg",1748,1240,false],"portraits":["https:\/\/lackman.com.br\/wp-content\/uploads\/2025\/12\/Uni-6.jpg",1748,1240,false],"thumbnail":["https:\/\/lackman.com.br\/wp-content\/uploads\/2025\/12\/Uni-6-150x150.jpg",150,150,true],"medium":["https:\/\/lackman.com.br\/wp-content\/uploads\/2025\/12\/Uni-6-300x213.jpg",300,213,true],"large":["https:\/\/lackman.com.br\/wp-content\/uploads\/2025\/12\/Uni-6-1024x726.jpg",1024,726,true],"RoboGalleryMansoryImagesCenter":["https:\/\/lackman.com.br\/wp-content\/uploads\/2025\/12\/Uni-6-600x1024.jpg",600,1024,true],"RoboGalleryPreload":["https:\/\/lackman.com.br\/wp-content\/uploads\/2025\/12\/Uni-6-100x71.jpg",100,71,true],"1536x1536":["https:\/\/lackman.com.br\/wp-content\/uploads\/2025\/12\/Uni-6-1536x1090.jpg",1536,1090,true],"2048x2048":["https:\/\/lackman.com.br\/wp-content\/uploads\/2025\/12\/Uni-6.jpg",1748,1240,false]},"rttpg_author":{"display_name":"Gilberto Evangelista - Colunista","author_link":"https:\/\/lackman.com.br\/index.php\/author\/gilberto-brito\/"},"rttpg_comment":0,"rttpg_category":"<a href=\"https:\/\/lackman.com.br\/index.php\/category\/vida\/perambulando\/\" rel=\"category tag\">Perambulando<\/a> <a href=\"https:\/\/lackman.com.br\/index.php\/category\/vida\/\" rel=\"category tag\">Vida<\/a>","rttpg_excerpt":"Lan\u00e7amento do livro \u201cCaixa de Ferramenta da Maturidade\u201d re\u00faniu amigos, convidados e marca estreia liter\u00e1ria de empres\u00e1rio aspirante a autor. O empres\u00e1rio e escritor\u00a0Carlos Magno\u00a0acaba de lan\u00e7ar seu primeiro livro,\u00a0\u201cCaixa de Ferramenta da Maturidade\u201d, em um encontro que reuniu amigos, familiares, parceiros e convidados no\u00a0Cerratto Restaurante, na \u00faltima semana, em Bras\u00edlia. A noite de aut\u00f3grafos&hellip;","_links":{"self":[{"href":"https:\/\/lackman.com.br\/index.php\/wp-json\/wp\/v2\/posts\/11414","targetHints":{"allow":["GET"]}}],"collection":[{"href":"https:\/\/lackman.com.br\/index.php\/wp-json\/wp\/v2\/posts"}],"about":[{"href":"https:\/\/lackman.com.br\/index.php\/wp-json\/wp\/v2\/types\/post"}],"author":[{"embeddable":true,"href":"https:\/\/lackman.com.br\/index.php\/wp-json\/wp\/v2\/users\/6"}],"replies":[{"embeddable":true,"href":"https:\/\/lackman.com.br\/index.php\/wp-json\/wp\/v2\/comments?post=11414"}],"version-history":[{"count":1,"href":"https:\/\/lackman.com.br\/index.php\/wp-json\/wp\/v2\/posts\/11414\/revisions"}],"predecessor-version":[{"id":11423,"href":"https:\/\/lackman.com.br\/index.php\/wp-json\/wp\/v2\/posts\/11414\/revisions\/11423"}],"wp:featuredmedia":[{"embeddable":true,"href":"https:\/\/lackman.com.br\/index.php\/wp-json\/wp\/v2\/media\/11416"}],"wp:attachment":[{"href":"https:\/\/lackman.com.br\/index.php\/wp-json\/wp\/v2\/media?parent=11414"}],"wp:term":[{"taxonomy":"category","embeddable":true,"href":"https:\/\/lackman.com.br\/index.php\/wp-json\/wp\/v2\/categories?post=11414"},{"taxonomy":"post_tag","embeddable":true,"href":"https:\/\/lackman.com.br\/index.php\/wp-json\/wp\/v2\/tags?post=11414"}],"curies":[{"name":"wp","href":"https:\/\/api.w.org\/{rel}","templated":true}]}}