{"id":11410,"date":"2025-12-12T16:50:57","date_gmt":"2025-12-12T19:50:57","guid":{"rendered":"https:\/\/lackman.com.br\/?p=11410"},"modified":"2025-12-12T16:50:57","modified_gmt":"2025-12-12T19:50:57","slug":"2025-o-ano-do-grupo-benzadeus","status":"publish","type":"post","link":"https:\/\/lackman.com.br\/index.php\/2025\/12\/12\/2025-o-ano-do-grupo-benzadeus\/","title":{"rendered":"2025: o ano do grupo Benzadeus"},"content":{"rendered":"<div>\n<div style=\"text-align: justify\">O pagode brasiliense vive um momento hist\u00f3rico. O grupo\u00a0<span class=\"il\">Benzadeus<\/span> venceu, na \u00faltima ter\u00e7a-feira (9), o <b>Pr\u00eamio Multishow 2025<\/b>\u00a0na categoria\u00a0<b>Brasil<\/b>, representando o Centro-Oeste em uma das premia\u00e7\u00f5es mais importantes da m\u00fasica nacional. A 32\u00aa edi\u00e7\u00e3o do evento aconteceu no Rio de Janeiro e consagrou o quinteto como um dos destaques da nova gera\u00e7\u00e3o do g\u00eanero.<\/div>\n<div style=\"text-align: justify\"><\/div>\n<\/div>\n<div style=\"text-align: justify\">\n<div>Formado em 2020, o\u00a0<span class=\"il\">Benzadeus<\/span>\u00a0\u00e9 composto por\u00a0<b>Magr\u00e3o<\/b>,\u00a0<b>Vini de Oliveira<\/b>,\u00a0<b>Das Sortes<\/b>,\u00a0<b>Nen\u00e9m<\/b>\u00a0e\u00a0<b>Pedigree<\/b>. Em cinco anos de estrada, o grupo se tornou um dos principais nomes do pagode produzido na regi\u00e3o, acumulando quatro \u00e1lbuns, milh\u00f5es de\u00a0streams\u00a0e elogios de grandes refer\u00eancias como\u00a0<b>P\u00e9ricles<\/b>\u00a0e\u00a0<b>Thiaguinho<\/b>. No Multishow, eles disputaram o trof\u00e9u com artistas que representam outras regi\u00f5es do pa\u00eds:\u00a0<b>Zudizilla\u00a0(Sul)<\/b>,\u00a0<b>Bruna Black (Sudeste)<\/b>,\u00a0<b>Josyara\u00a0(Nordeste)<\/b>\u00a0e\u00a0<b>Mar\u00edlia Tavares (Norte)<\/b>.<\/div>\n<div><\/div>\n<\/div>\n<div style=\"text-align: justify\">\n<div>Apadrinhados pelo\u00a0<b>Menos \u00e9 Mais<\/b>\u00a0\u2014 que tamb\u00e9m foi premiado na noite \u2014 os integrantes do Benza comemoraram a conquista no palco e dedicaram o pr\u00eamio ao p\u00fablico da regi\u00e3o que os acompanha desde o in\u00edcio.<\/div>\n<div><img fetchpriority=\"high\" decoding=\"async\" class=\"aligncenter wp-image-11412 size-full\" src=\"http:\/\/lackman.com.br\/wp-content\/uploads\/2025\/12\/SaveClip.App_597909986_18075110927524166_6889731490877023995_n.jpg\" alt=\"\" width=\"1080\" height=\"1440\" srcset=\"https:\/\/lackman.com.br\/wp-content\/uploads\/2025\/12\/SaveClip.App_597909986_18075110927524166_6889731490877023995_n.jpg 1080w, https:\/\/lackman.com.br\/wp-content\/uploads\/2025\/12\/SaveClip.App_597909986_18075110927524166_6889731490877023995_n-225x300.jpg 225w, https:\/\/lackman.com.br\/wp-content\/uploads\/2025\/12\/SaveClip.App_597909986_18075110927524166_6889731490877023995_n-768x1024.jpg 768w, https:\/\/lackman.com.br\/wp-content\/uploads\/2025\/12\/SaveClip.App_597909986_18075110927524166_6889731490877023995_n-100x133.jpg 100w\" sizes=\"(max-width: 1080px) 100vw, 1080px\" \/><\/div>\n<div><\/div>\n<\/div>\n<div style=\"text-align: justify\">\n<div>\u201c<em>N\u00f3s somos sobreviventes dos nossos sonhos. Vivemos a m\u00fasica, vivemos para a m\u00fasica. Agradecemos a todos os nossos f\u00e3s, familiares,\u00a0a galera\u00a0do Centro-Oeste que acredita na gente desde os primeiros passos. Ver nosso nome chamado ali foi emocionante, passou um filme na cabe\u00e7a. Esse pr\u00eamio \u00e9 de todos que caminham com o Benza<\/em>\u201d, disse Magr\u00e3o, emocionado.<\/div>\n<div><\/div>\n<\/div>\n<div style=\"text-align: justify\">\n<div>A vit\u00f3ria chega em uma fase especialmente importante para o grupo. O\u00a0<span class=\"il\">Benzadeus<\/span>\u00a0acaba de lan\u00e7ar o primeiro single do DVD\u00a0\u201c<b><em>Na Rota do Benza no Pel\u00f4<\/em><\/b>\u201d, que marca a maior produ\u00e7\u00e3o da carreira at\u00e9 agora e a primeira grava\u00e7\u00e3o fora de Bras\u00edlia. A faixa escolhida para abrir os trabalhos,\u00a0\u201c<b><em>Modo Ioi\u00f4<\/em><\/b>\u201d, traz a for\u00e7a e a tradi\u00e7\u00e3o do\u00a0<b>Olodum<\/b>, refor\u00e7ando a conex\u00e3o do Benza com a musicalidade baiana. <span style=\"font-size: 16px\">Gravado no\u00a0<\/span><b style=\"font-style: inherit\">Pelourinho<\/b><span style=\"font-size: 16px\">, em Salvador, o projeto reuniu 10 mil pessoas e contou com participa\u00e7\u00f5es de nomes como\u00a0<\/span><b style=\"font-style: inherit\">Pixote<\/b><span style=\"font-size: 16px\">,\u00a0<\/span><b style=\"font-style: inherit\">J.\u00a0Eskine<\/b><span style=\"font-size: 16px\">,\u00a0<\/span><b style=\"font-style: inherit\">Mari Fernandes<\/b><span style=\"font-size: 16px\">,\u00a0<\/span><b style=\"font-style: inherit\">Escandurras<\/b><span style=\"font-size: 16px\">\u00a0e\u00a0<\/span><b style=\"font-style: inherit\">Suel<\/b><span style=\"font-size: 16px\">\u2014 um marco para o grupo e para a cena do pagode do Centro-Oeste.\u00a0<\/span><\/div>\n<\/div>\n<div style=\"text-align: justify\"><\/div>\n<div style=\"text-align: justify\">Fotos: Reprodu\u00e7\u00e3o Instagram<\/div>\n","protected":false},"excerpt":{"rendered":"<p>O pagode brasiliense vive um momento hist\u00f3rico. O grupo\u00a0Benzadeus venceu, na \u00faltima ter\u00e7a-feira (9), o Pr\u00eamio Multishow 2025\u00a0na categoria\u00a0Brasil, representando o Centro-Oeste em uma das premia\u00e7\u00f5es mais importantes da m\u00fasica nacional. A 32\u00aa edi\u00e7\u00e3o do evento aconteceu no Rio de Janeiro e consagrou o quinteto como um dos destaques da nova gera\u00e7\u00e3o do g\u00eanero. Formado em 2020, o\u00a0Benzadeus\u00a0\u00e9 composto por\u00a0Magr\u00e3o,\u00a0Vini de Oliveira,\u00a0Das Sortes,\u00a0Nen\u00e9m\u00a0e\u00a0Pedigree. Em cinco anos de estrada, o grupo se tornou um dos principais nomes do pagode produzido na regi\u00e3o, acumulando quatro \u00e1lbuns, milh\u00f5es de\u00a0streams\u00a0e elogios de grandes refer\u00eancias como\u00a0P\u00e9ricles\u00a0e\u00a0Thiaguinho. No Multishow, eles disputaram o trof\u00e9u com artistas que representam outras regi\u00f5es do pa\u00eds:\u00a0Zudizilla\u00a0(Sul),\u00a0Bruna Black (Sudeste),\u00a0Josyara\u00a0(Nordeste)\u00a0e\u00a0Mar\u00edlia Tavares (Norte). Apadrinhados pelo\u00a0Menos \u00e9 Mais\u00a0\u2014 que tamb\u00e9m foi premiado na noite \u2014 os integrantes do Benza comemoraram a conquista no palco e dedicaram o pr\u00eamio ao p\u00fablico da regi\u00e3o que os acompanha desde o in\u00edcio. \u201cN\u00f3s somos sobreviventes dos nossos sonhos. Vivemos a m\u00fasica, vivemos para a m\u00fasica. Agradecemos a todos os nossos f\u00e3s, familiares,\u00a0a galera\u00a0do Centro-Oeste que acredita na gente desde os primeiros passos. Ver nosso nome chamado ali foi emocionante, passou um filme na cabe\u00e7a. Esse pr\u00eamio \u00e9 de todos que caminham com o Benza\u201d, disse Magr\u00e3o, emocionado. A vit\u00f3ria chega em uma fase especialmente importante para o grupo. O\u00a0Benzadeus\u00a0acaba de lan\u00e7ar o primeiro single do DVD\u00a0\u201cNa Rota do Benza no Pel\u00f4\u201d, que marca a maior produ\u00e7\u00e3o da carreira at\u00e9 agora e a primeira grava\u00e7\u00e3o fora de Bras\u00edlia. A faixa escolhida para abrir os trabalhos,\u00a0\u201cModo Ioi\u00f4\u201d, traz a for\u00e7a e a tradi\u00e7\u00e3o do\u00a0Olodum, refor\u00e7ando a conex\u00e3o do Benza com a musicalidade baiana. Gravado no\u00a0Pelourinho, em Salvador, o projeto reuniu 10 mil pessoas e contou com participa\u00e7\u00f5es de nomes como\u00a0Pixote,\u00a0J.\u00a0Eskine,\u00a0Mari Fernandes,\u00a0Escandurras\u00a0e\u00a0Suel\u2014 um marco para o grupo e para a cena do pagode do Centro-Oeste.\u00a0 Fotos: Reprodu\u00e7\u00e3o Instagram<\/p>\n","protected":false},"author":6,"featured_media":11411,"comment_status":"closed","ping_status":"open","sticky":false,"template":"","format":"standard","meta":{"site-sidebar-layout":"default","site-content-layout":"","ast-site-content-layout":"default","site-content-style":"default","site-sidebar-style":"default","ast-global-header-display":"","ast-banner-title-visibility":"","ast-main-header-display":"","ast-hfb-above-header-display":"","ast-hfb-below-header-display":"","ast-hfb-mobile-header-display":"","site-post-title":"","ast-breadcrumbs-content":"","ast-featured-img":"","footer-sml-layout":"","ast-disable-related-posts":"","theme-transparent-header-meta":"default","adv-header-id-meta":"","stick-header-meta":"","header-above-stick-meta":"","header-main-stick-meta":"","header-below-stick-meta":"","astra-migrate-meta-layouts":"set","ast-page-background-enabled":"default","ast-page-background-meta":{"desktop":{"background-color":"","background-image":"","background-repeat":"repeat","background-position":"center center","background-size":"auto","background-attachment":"scroll","background-type":"","background-media":"","overlay-type":"","overlay-color":"","overlay-opacity":"","overlay-gradient":""},"tablet":{"background-color":"","background-image":"","background-repeat":"repeat","background-position":"center center","background-size":"auto","background-attachment":"scroll","background-type":"","background-media":"","overlay-type":"","overlay-color":"","overlay-opacity":"","overlay-gradient":""},"mobile":{"background-color":"","background-image":"","background-repeat":"repeat","background-position":"center center","background-size":"auto","background-attachment":"scroll","background-type":"","background-media":"","overlay-type":"","overlay-color":"","overlay-opacity":"","overlay-gradient":""}},"ast-content-background-meta":{"desktop":{"background-color":"var(--ast-global-color-5)","background-image":"","background-repeat":"repeat","background-position":"center center","background-size":"auto","background-attachment":"scroll","background-type":"","background-media":"","overlay-type":"","overlay-color":"","overlay-opacity":"","overlay-gradient":""},"tablet":{"background-color":"var(--ast-global-color-5)","background-image":"","background-repeat":"repeat","background-position":"center center","background-size":"auto","background-attachment":"scroll","background-type":"","background-media":"","overlay-type":"","overlay-color":"","overlay-opacity":"","overlay-gradient":""},"mobile":{"background-color":"var(--ast-global-color-5)","background-image":"","background-repeat":"repeat","background-position":"center center","background-size":"auto","background-attachment":"scroll","background-type":"","background-media":"","overlay-type":"","overlay-color":"","overlay-opacity":"","overlay-gradient":""}},"footnotes":""},"categories":[46,47,43],"tags":[],"class_list":["post-11410","post","type-post","status-publish","format-standard","has-post-thumbnail","hentry","category-arte","category-cultura-arte","category-perambulando"],"yoast_head":"<!-- This site is optimized with the Yoast SEO plugin v27.0 - https:\/\/yoast.com\/product\/yoast-seo-wordpress\/ -->\n<title>2025: o ano do grupo Benzadeus - LACKMAN &amp; CO.<\/title>\n<meta name=\"robots\" content=\"index, follow, max-snippet:-1, max-image-preview:large, max-video-preview:-1\" \/>\n<link rel=\"canonical\" href=\"https:\/\/lackman.com.br\/index.php\/2025\/12\/12\/2025-o-ano-do-grupo-benzadeus\/\" \/>\n<meta property=\"og:locale\" content=\"pt_BR\" \/>\n<meta property=\"og:type\" content=\"article\" \/>\n<meta property=\"og:title\" content=\"2025: o ano do grupo Benzadeus - LACKMAN &amp; CO.\" \/>\n<meta property=\"og:description\" content=\"O pagode brasiliense vive um momento hist\u00f3rico. O grupo\u00a0Benzadeus venceu, na \u00faltima ter\u00e7a-feira (9), o Pr\u00eamio Multishow 2025\u00a0na categoria\u00a0Brasil, representando o Centro-Oeste em uma das premia\u00e7\u00f5es mais importantes da m\u00fasica nacional. A 32\u00aa edi\u00e7\u00e3o do evento aconteceu no Rio de Janeiro e consagrou o quinteto como um dos destaques da nova gera\u00e7\u00e3o do g\u00eanero. Formado em 2020, o\u00a0Benzadeus\u00a0\u00e9 composto por\u00a0Magr\u00e3o,\u00a0Vini de Oliveira,\u00a0Das Sortes,\u00a0Nen\u00e9m\u00a0e\u00a0Pedigree. Em cinco anos de estrada, o grupo se tornou um dos principais nomes do pagode produzido na regi\u00e3o, acumulando quatro \u00e1lbuns, milh\u00f5es de\u00a0streams\u00a0e elogios de grandes refer\u00eancias como\u00a0P\u00e9ricles\u00a0e\u00a0Thiaguinho. No Multishow, eles disputaram o trof\u00e9u com artistas que representam outras regi\u00f5es do pa\u00eds:\u00a0Zudizilla\u00a0(Sul),\u00a0Bruna Black (Sudeste),\u00a0Josyara\u00a0(Nordeste)\u00a0e\u00a0Mar\u00edlia Tavares (Norte). Apadrinhados pelo\u00a0Menos \u00e9 Mais\u00a0\u2014 que tamb\u00e9m foi premiado na noite \u2014 os integrantes do Benza comemoraram a conquista no palco e dedicaram o pr\u00eamio ao p\u00fablico da regi\u00e3o que os acompanha desde o in\u00edcio. \u201cN\u00f3s somos sobreviventes dos nossos sonhos. Vivemos a m\u00fasica, vivemos para a m\u00fasica. Agradecemos a todos os nossos f\u00e3s, familiares,\u00a0a galera\u00a0do Centro-Oeste que acredita na gente desde os primeiros passos. Ver nosso nome chamado ali foi emocionante, passou um filme na cabe\u00e7a. Esse pr\u00eamio \u00e9 de todos que caminham com o Benza\u201d, disse Magr\u00e3o, emocionado. A vit\u00f3ria chega em uma fase especialmente importante para o grupo. O\u00a0Benzadeus\u00a0acaba de lan\u00e7ar o primeiro single do DVD\u00a0\u201cNa Rota do Benza no Pel\u00f4\u201d, que marca a maior produ\u00e7\u00e3o da carreira at\u00e9 agora e a primeira grava\u00e7\u00e3o fora de Bras\u00edlia. A faixa escolhida para abrir os trabalhos,\u00a0\u201cModo Ioi\u00f4\u201d, traz a for\u00e7a e a tradi\u00e7\u00e3o do\u00a0Olodum, refor\u00e7ando a conex\u00e3o do Benza com a musicalidade baiana. Gravado no\u00a0Pelourinho, em Salvador, o projeto reuniu 10 mil pessoas e contou com participa\u00e7\u00f5es de nomes como\u00a0Pixote,\u00a0J.\u00a0Eskine,\u00a0Mari Fernandes,\u00a0Escandurras\u00a0e\u00a0Suel\u2014 um marco para o grupo e para a cena do pagode do Centro-Oeste.\u00a0 Fotos: Reprodu\u00e7\u00e3o Instagram\" \/>\n<meta property=\"og:url\" content=\"https:\/\/lackman.com.br\/index.php\/2025\/12\/12\/2025-o-ano-do-grupo-benzadeus\/\" \/>\n<meta property=\"og:site_name\" content=\"LACKMAN &amp; CO.\" \/>\n<meta property=\"article:published_time\" content=\"2025-12-12T19:50:57+00:00\" \/>\n<meta property=\"og:image\" content=\"http:\/\/lackman.com.br\/wp-content\/uploads\/2025\/12\/SaveClip.App_552029816_18066331979524166_601211764225088896_n.jpg\" \/>\n\t<meta property=\"og:image:width\" content=\"1080\" \/>\n\t<meta property=\"og:image:height\" content=\"722\" \/>\n\t<meta property=\"og:image:type\" content=\"image\/jpeg\" \/>\n<meta name=\"author\" content=\"Gilberto Evangelista - Colunista\" \/>\n<meta name=\"twitter:card\" content=\"summary_large_image\" \/>\n<meta name=\"twitter:label1\" content=\"Escrito por\" \/>\n\t<meta name=\"twitter:data1\" content=\"Gilberto Evangelista - Colunista\" \/>\n\t<meta name=\"twitter:label2\" content=\"Est. tempo de leitura\" \/>\n\t<meta name=\"twitter:data2\" content=\"3 minutos\" \/>\n<script type=\"application\/ld+json\" class=\"yoast-schema-graph\">{\"@context\":\"https:\/\/schema.org\",\"@graph\":[{\"@type\":\"Article\",\"@id\":\"https:\/\/lackman.com.br\/index.php\/2025\/12\/12\/2025-o-ano-do-grupo-benzadeus\/#article\",\"isPartOf\":{\"@id\":\"https:\/\/lackman.com.br\/index.php\/2025\/12\/12\/2025-o-ano-do-grupo-benzadeus\/\"},\"author\":{\"name\":\"Gilberto Evangelista - Colunista\",\"@id\":\"https:\/\/lackman.com.br\/#\/schema\/person\/8a2355f699593d21d4f0d25b69db5747\"},\"headline\":\"2025: o ano do grupo Benzadeus\",\"datePublished\":\"2025-12-12T19:50:57+00:00\",\"mainEntityOfPage\":{\"@id\":\"https:\/\/lackman.com.br\/index.php\/2025\/12\/12\/2025-o-ano-do-grupo-benzadeus\/\"},\"wordCount\":372,\"publisher\":{\"@id\":\"https:\/\/lackman.com.br\/#organization\"},\"image\":{\"@id\":\"https:\/\/lackman.com.br\/index.php\/2025\/12\/12\/2025-o-ano-do-grupo-benzadeus\/#primaryimage\"},\"thumbnailUrl\":\"https:\/\/lackman.com.br\/wp-content\/uploads\/2025\/12\/SaveClip.App_552029816_18066331979524166_601211764225088896_n.jpg\",\"articleSection\":[\"Arte\",\"Cultura\",\"Perambulando\"],\"inLanguage\":\"pt-BR\"},{\"@type\":\"WebPage\",\"@id\":\"https:\/\/lackman.com.br\/index.php\/2025\/12\/12\/2025-o-ano-do-grupo-benzadeus\/\",\"url\":\"https:\/\/lackman.com.br\/index.php\/2025\/12\/12\/2025-o-ano-do-grupo-benzadeus\/\",\"name\":\"2025: o ano do grupo Benzadeus - LACKMAN &amp; CO.\",\"isPartOf\":{\"@id\":\"https:\/\/lackman.com.br\/#website\"},\"primaryImageOfPage\":{\"@id\":\"https:\/\/lackman.com.br\/index.php\/2025\/12\/12\/2025-o-ano-do-grupo-benzadeus\/#primaryimage\"},\"image\":{\"@id\":\"https:\/\/lackman.com.br\/index.php\/2025\/12\/12\/2025-o-ano-do-grupo-benzadeus\/#primaryimage\"},\"thumbnailUrl\":\"https:\/\/lackman.com.br\/wp-content\/uploads\/2025\/12\/SaveClip.App_552029816_18066331979524166_601211764225088896_n.jpg\",\"datePublished\":\"2025-12-12T19:50:57+00:00\",\"breadcrumb\":{\"@id\":\"https:\/\/lackman.com.br\/index.php\/2025\/12\/12\/2025-o-ano-do-grupo-benzadeus\/#breadcrumb\"},\"inLanguage\":\"pt-BR\",\"potentialAction\":[{\"@type\":\"ReadAction\",\"target\":[\"https:\/\/lackman.com.br\/index.php\/2025\/12\/12\/2025-o-ano-do-grupo-benzadeus\/\"]}]},{\"@type\":\"ImageObject\",\"inLanguage\":\"pt-BR\",\"@id\":\"https:\/\/lackman.com.br\/index.php\/2025\/12\/12\/2025-o-ano-do-grupo-benzadeus\/#primaryimage\",\"url\":\"https:\/\/lackman.com.br\/wp-content\/uploads\/2025\/12\/SaveClip.App_552029816_18066331979524166_601211764225088896_n.jpg\",\"contentUrl\":\"https:\/\/lackman.com.br\/wp-content\/uploads\/2025\/12\/SaveClip.App_552029816_18066331979524166_601211764225088896_n.jpg\",\"width\":1080,\"height\":722},{\"@type\":\"BreadcrumbList\",\"@id\":\"https:\/\/lackman.com.br\/index.php\/2025\/12\/12\/2025-o-ano-do-grupo-benzadeus\/#breadcrumb\",\"itemListElement\":[{\"@type\":\"ListItem\",\"position\":1,\"name\":\"In\u00edcio\",\"item\":\"https:\/\/lackman.com.br\/\"},{\"@type\":\"ListItem\",\"position\":2,\"name\":\"2025: o ano do grupo Benzadeus\"}]},{\"@type\":\"WebSite\",\"@id\":\"https:\/\/lackman.com.br\/#website\",\"url\":\"https:\/\/lackman.com.br\/\",\"name\":\"LACKMAN &amp; CO.\",\"description\":\"VIDA | MODA | ARTE\",\"publisher\":{\"@id\":\"https:\/\/lackman.com.br\/#organization\"},\"potentialAction\":[{\"@type\":\"SearchAction\",\"target\":{\"@type\":\"EntryPoint\",\"urlTemplate\":\"https:\/\/lackman.com.br\/?s={search_term_string}\"},\"query-input\":{\"@type\":\"PropertyValueSpecification\",\"valueRequired\":true,\"valueName\":\"search_term_string\"}}],\"inLanguage\":\"pt-BR\"},{\"@type\":\"Organization\",\"@id\":\"https:\/\/lackman.com.br\/#organization\",\"name\":\"LACKMAN &amp; CO.\",\"url\":\"https:\/\/lackman.com.br\/\",\"logo\":{\"@type\":\"ImageObject\",\"inLanguage\":\"pt-BR\",\"@id\":\"https:\/\/lackman.com.br\/#\/schema\/logo\/image\/\",\"url\":\"https:\/\/lackman.com.br\/wp-content\/uploads\/2023\/06\/Logotipo_preto-1.png\",\"contentUrl\":\"https:\/\/lackman.com.br\/wp-content\/uploads\/2023\/06\/Logotipo_preto-1.png\",\"width\":739,\"height\":393,\"caption\":\"LACKMAN &amp; CO.\"},\"image\":{\"@id\":\"https:\/\/lackman.com.br\/#\/schema\/logo\/image\/\"}},{\"@type\":\"Person\",\"@id\":\"https:\/\/lackman.com.br\/#\/schema\/person\/8a2355f699593d21d4f0d25b69db5747\",\"name\":\"Gilberto Evangelista - Colunista\",\"image\":{\"@type\":\"ImageObject\",\"inLanguage\":\"pt-BR\",\"@id\":\"https:\/\/lackman.com.br\/#\/schema\/person\/image\/\",\"url\":\"https:\/\/secure.gravatar.com\/avatar\/cea9badf02f8a90f7a745f2cbea45fda61f65711ec015e2faf3809cca6337c28?s=96&d=mm&r=g\",\"contentUrl\":\"https:\/\/secure.gravatar.com\/avatar\/cea9badf02f8a90f7a745f2cbea45fda61f65711ec015e2faf3809cca6337c28?s=96&d=mm&r=g\",\"caption\":\"Gilberto Evangelista - Colunista\"},\"description\":\"Jornalista e globetrotter.\",\"url\":\"https:\/\/lackman.com.br\/index.php\/author\/gilberto-brito\/\"}]}<\/script>\n<!-- \/ Yoast SEO plugin. -->","yoast_head_json":{"title":"2025: o ano do grupo Benzadeus - LACKMAN &amp; CO.","robots":{"index":"index","follow":"follow","max-snippet":"max-snippet:-1","max-image-preview":"max-image-preview:large","max-video-preview":"max-video-preview:-1"},"canonical":"https:\/\/lackman.com.br\/index.php\/2025\/12\/12\/2025-o-ano-do-grupo-benzadeus\/","og_locale":"pt_BR","og_type":"article","og_title":"2025: o ano do grupo Benzadeus - LACKMAN &amp; CO.","og_description":"O pagode brasiliense vive um momento hist\u00f3rico. O grupo\u00a0Benzadeus venceu, na \u00faltima ter\u00e7a-feira (9), o Pr\u00eamio Multishow 2025\u00a0na categoria\u00a0Brasil, representando o Centro-Oeste em uma das premia\u00e7\u00f5es mais importantes da m\u00fasica nacional. A 32\u00aa edi\u00e7\u00e3o do evento aconteceu no Rio de Janeiro e consagrou o quinteto como um dos destaques da nova gera\u00e7\u00e3o do g\u00eanero. Formado em 2020, o\u00a0Benzadeus\u00a0\u00e9 composto por\u00a0Magr\u00e3o,\u00a0Vini de Oliveira,\u00a0Das Sortes,\u00a0Nen\u00e9m\u00a0e\u00a0Pedigree. Em cinco anos de estrada, o grupo se tornou um dos principais nomes do pagode produzido na regi\u00e3o, acumulando quatro \u00e1lbuns, milh\u00f5es de\u00a0streams\u00a0e elogios de grandes refer\u00eancias como\u00a0P\u00e9ricles\u00a0e\u00a0Thiaguinho. No Multishow, eles disputaram o trof\u00e9u com artistas que representam outras regi\u00f5es do pa\u00eds:\u00a0Zudizilla\u00a0(Sul),\u00a0Bruna Black (Sudeste),\u00a0Josyara\u00a0(Nordeste)\u00a0e\u00a0Mar\u00edlia Tavares (Norte). Apadrinhados pelo\u00a0Menos \u00e9 Mais\u00a0\u2014 que tamb\u00e9m foi premiado na noite \u2014 os integrantes do Benza comemoraram a conquista no palco e dedicaram o pr\u00eamio ao p\u00fablico da regi\u00e3o que os acompanha desde o in\u00edcio. \u201cN\u00f3s somos sobreviventes dos nossos sonhos. Vivemos a m\u00fasica, vivemos para a m\u00fasica. Agradecemos a todos os nossos f\u00e3s, familiares,\u00a0a galera\u00a0do Centro-Oeste que acredita na gente desde os primeiros passos. Ver nosso nome chamado ali foi emocionante, passou um filme na cabe\u00e7a. Esse pr\u00eamio \u00e9 de todos que caminham com o Benza\u201d, disse Magr\u00e3o, emocionado. A vit\u00f3ria chega em uma fase especialmente importante para o grupo. O\u00a0Benzadeus\u00a0acaba de lan\u00e7ar o primeiro single do DVD\u00a0\u201cNa Rota do Benza no Pel\u00f4\u201d, que marca a maior produ\u00e7\u00e3o da carreira at\u00e9 agora e a primeira grava\u00e7\u00e3o fora de Bras\u00edlia. A faixa escolhida para abrir os trabalhos,\u00a0\u201cModo Ioi\u00f4\u201d, traz a for\u00e7a e a tradi\u00e7\u00e3o do\u00a0Olodum, refor\u00e7ando a conex\u00e3o do Benza com a musicalidade baiana. Gravado no\u00a0Pelourinho, em Salvador, o projeto reuniu 10 mil pessoas e contou com participa\u00e7\u00f5es de nomes como\u00a0Pixote,\u00a0J.\u00a0Eskine,\u00a0Mari Fernandes,\u00a0Escandurras\u00a0e\u00a0Suel\u2014 um marco para o grupo e para a cena do pagode do Centro-Oeste.\u00a0 Fotos: Reprodu\u00e7\u00e3o Instagram","og_url":"https:\/\/lackman.com.br\/index.php\/2025\/12\/12\/2025-o-ano-do-grupo-benzadeus\/","og_site_name":"LACKMAN &amp; CO.","article_published_time":"2025-12-12T19:50:57+00:00","og_image":[{"width":1080,"height":722,"url":"http:\/\/lackman.com.br\/wp-content\/uploads\/2025\/12\/SaveClip.App_552029816_18066331979524166_601211764225088896_n.jpg","type":"image\/jpeg"}],"author":"Gilberto Evangelista - Colunista","twitter_card":"summary_large_image","twitter_misc":{"Escrito por":"Gilberto Evangelista - Colunista","Est. tempo de leitura":"3 minutos"},"schema":{"@context":"https:\/\/schema.org","@graph":[{"@type":"Article","@id":"https:\/\/lackman.com.br\/index.php\/2025\/12\/12\/2025-o-ano-do-grupo-benzadeus\/#article","isPartOf":{"@id":"https:\/\/lackman.com.br\/index.php\/2025\/12\/12\/2025-o-ano-do-grupo-benzadeus\/"},"author":{"name":"Gilberto Evangelista - Colunista","@id":"https:\/\/lackman.com.br\/#\/schema\/person\/8a2355f699593d21d4f0d25b69db5747"},"headline":"2025: o ano do grupo Benzadeus","datePublished":"2025-12-12T19:50:57+00:00","mainEntityOfPage":{"@id":"https:\/\/lackman.com.br\/index.php\/2025\/12\/12\/2025-o-ano-do-grupo-benzadeus\/"},"wordCount":372,"publisher":{"@id":"https:\/\/lackman.com.br\/#organization"},"image":{"@id":"https:\/\/lackman.com.br\/index.php\/2025\/12\/12\/2025-o-ano-do-grupo-benzadeus\/#primaryimage"},"thumbnailUrl":"https:\/\/lackman.com.br\/wp-content\/uploads\/2025\/12\/SaveClip.App_552029816_18066331979524166_601211764225088896_n.jpg","articleSection":["Arte","Cultura","Perambulando"],"inLanguage":"pt-BR"},{"@type":"WebPage","@id":"https:\/\/lackman.com.br\/index.php\/2025\/12\/12\/2025-o-ano-do-grupo-benzadeus\/","url":"https:\/\/lackman.com.br\/index.php\/2025\/12\/12\/2025-o-ano-do-grupo-benzadeus\/","name":"2025: o ano do grupo Benzadeus - LACKMAN &amp; CO.","isPartOf":{"@id":"https:\/\/lackman.com.br\/#website"},"primaryImageOfPage":{"@id":"https:\/\/lackman.com.br\/index.php\/2025\/12\/12\/2025-o-ano-do-grupo-benzadeus\/#primaryimage"},"image":{"@id":"https:\/\/lackman.com.br\/index.php\/2025\/12\/12\/2025-o-ano-do-grupo-benzadeus\/#primaryimage"},"thumbnailUrl":"https:\/\/lackman.com.br\/wp-content\/uploads\/2025\/12\/SaveClip.App_552029816_18066331979524166_601211764225088896_n.jpg","datePublished":"2025-12-12T19:50:57+00:00","breadcrumb":{"@id":"https:\/\/lackman.com.br\/index.php\/2025\/12\/12\/2025-o-ano-do-grupo-benzadeus\/#breadcrumb"},"inLanguage":"pt-BR","potentialAction":[{"@type":"ReadAction","target":["https:\/\/lackman.com.br\/index.php\/2025\/12\/12\/2025-o-ano-do-grupo-benzadeus\/"]}]},{"@type":"ImageObject","inLanguage":"pt-BR","@id":"https:\/\/lackman.com.br\/index.php\/2025\/12\/12\/2025-o-ano-do-grupo-benzadeus\/#primaryimage","url":"https:\/\/lackman.com.br\/wp-content\/uploads\/2025\/12\/SaveClip.App_552029816_18066331979524166_601211764225088896_n.jpg","contentUrl":"https:\/\/lackman.com.br\/wp-content\/uploads\/2025\/12\/SaveClip.App_552029816_18066331979524166_601211764225088896_n.jpg","width":1080,"height":722},{"@type":"BreadcrumbList","@id":"https:\/\/lackman.com.br\/index.php\/2025\/12\/12\/2025-o-ano-do-grupo-benzadeus\/#breadcrumb","itemListElement":[{"@type":"ListItem","position":1,"name":"In\u00edcio","item":"https:\/\/lackman.com.br\/"},{"@type":"ListItem","position":2,"name":"2025: o ano do grupo Benzadeus"}]},{"@type":"WebSite","@id":"https:\/\/lackman.com.br\/#website","url":"https:\/\/lackman.com.br\/","name":"LACKMAN &amp; CO.","description":"VIDA | MODA | ARTE","publisher":{"@id":"https:\/\/lackman.com.br\/#organization"},"potentialAction":[{"@type":"SearchAction","target":{"@type":"EntryPoint","urlTemplate":"https:\/\/lackman.com.br\/?s={search_term_string}"},"query-input":{"@type":"PropertyValueSpecification","valueRequired":true,"valueName":"search_term_string"}}],"inLanguage":"pt-BR"},{"@type":"Organization","@id":"https:\/\/lackman.com.br\/#organization","name":"LACKMAN &amp; CO.","url":"https:\/\/lackman.com.br\/","logo":{"@type":"ImageObject","inLanguage":"pt-BR","@id":"https:\/\/lackman.com.br\/#\/schema\/logo\/image\/","url":"https:\/\/lackman.com.br\/wp-content\/uploads\/2023\/06\/Logotipo_preto-1.png","contentUrl":"https:\/\/lackman.com.br\/wp-content\/uploads\/2023\/06\/Logotipo_preto-1.png","width":739,"height":393,"caption":"LACKMAN &amp; CO."},"image":{"@id":"https:\/\/lackman.com.br\/#\/schema\/logo\/image\/"}},{"@type":"Person","@id":"https:\/\/lackman.com.br\/#\/schema\/person\/8a2355f699593d21d4f0d25b69db5747","name":"Gilberto Evangelista - Colunista","image":{"@type":"ImageObject","inLanguage":"pt-BR","@id":"https:\/\/lackman.com.br\/#\/schema\/person\/image\/","url":"https:\/\/secure.gravatar.com\/avatar\/cea9badf02f8a90f7a745f2cbea45fda61f65711ec015e2faf3809cca6337c28?s=96&d=mm&r=g","contentUrl":"https:\/\/secure.gravatar.com\/avatar\/cea9badf02f8a90f7a745f2cbea45fda61f65711ec015e2faf3809cca6337c28?s=96&d=mm&r=g","caption":"Gilberto Evangelista - Colunista"},"description":"Jornalista e globetrotter.","url":"https:\/\/lackman.com.br\/index.php\/author\/gilberto-brito\/"}]}},"rttpg_featured_image_url":{"full":["https:\/\/lackman.com.br\/wp-content\/uploads\/2025\/12\/SaveClip.App_552029816_18066331979524166_601211764225088896_n.jpg",1080,722,false],"landscape":["https:\/\/lackman.com.br\/wp-content\/uploads\/2025\/12\/SaveClip.App_552029816_18066331979524166_601211764225088896_n.jpg",1080,722,false],"portraits":["https:\/\/lackman.com.br\/wp-content\/uploads\/2025\/12\/SaveClip.App_552029816_18066331979524166_601211764225088896_n.jpg",1080,722,false],"thumbnail":["https:\/\/lackman.com.br\/wp-content\/uploads\/2025\/12\/SaveClip.App_552029816_18066331979524166_601211764225088896_n-150x150.jpg",150,150,true],"medium":["https:\/\/lackman.com.br\/wp-content\/uploads\/2025\/12\/SaveClip.App_552029816_18066331979524166_601211764225088896_n-300x201.jpg",300,201,true],"large":["https:\/\/lackman.com.br\/wp-content\/uploads\/2025\/12\/SaveClip.App_552029816_18066331979524166_601211764225088896_n-1024x685.jpg",1024,685,true],"RoboGalleryMansoryImagesCenter":["https:\/\/lackman.com.br\/wp-content\/uploads\/2025\/12\/SaveClip.App_552029816_18066331979524166_601211764225088896_n-600x722.jpg",600,722,true],"RoboGalleryPreload":["https:\/\/lackman.com.br\/wp-content\/uploads\/2025\/12\/SaveClip.App_552029816_18066331979524166_601211764225088896_n-100x67.jpg",100,67,true],"1536x1536":["https:\/\/lackman.com.br\/wp-content\/uploads\/2025\/12\/SaveClip.App_552029816_18066331979524166_601211764225088896_n.jpg",1080,722,false],"2048x2048":["https:\/\/lackman.com.br\/wp-content\/uploads\/2025\/12\/SaveClip.App_552029816_18066331979524166_601211764225088896_n.jpg",1080,722,false]},"rttpg_author":{"display_name":"Gilberto Evangelista - Colunista","author_link":"https:\/\/lackman.com.br\/index.php\/author\/gilberto-brito\/"},"rttpg_comment":0,"rttpg_category":"<a href=\"https:\/\/lackman.com.br\/index.php\/category\/arte\/\" rel=\"category tag\">Arte<\/a> <a href=\"https:\/\/lackman.com.br\/index.php\/category\/arte\/cultura-arte\/\" rel=\"category tag\">Cultura<\/a> <a href=\"https:\/\/lackman.com.br\/index.php\/category\/vida\/perambulando\/\" rel=\"category tag\">Perambulando<\/a>","rttpg_excerpt":"O pagode brasiliense vive um momento hist\u00f3rico. O grupo\u00a0Benzadeus venceu, na \u00faltima ter\u00e7a-feira (9), o Pr\u00eamio Multishow 2025\u00a0na categoria\u00a0Brasil, representando o Centro-Oeste em uma das premia\u00e7\u00f5es mais importantes da m\u00fasica nacional. A 32\u00aa edi\u00e7\u00e3o do evento aconteceu no Rio de Janeiro e consagrou o quinteto como um dos destaques da nova gera\u00e7\u00e3o do g\u00eanero. Formado&hellip;","_links":{"self":[{"href":"https:\/\/lackman.com.br\/index.php\/wp-json\/wp\/v2\/posts\/11410","targetHints":{"allow":["GET"]}}],"collection":[{"href":"https:\/\/lackman.com.br\/index.php\/wp-json\/wp\/v2\/posts"}],"about":[{"href":"https:\/\/lackman.com.br\/index.php\/wp-json\/wp\/v2\/types\/post"}],"author":[{"embeddable":true,"href":"https:\/\/lackman.com.br\/index.php\/wp-json\/wp\/v2\/users\/6"}],"replies":[{"embeddable":true,"href":"https:\/\/lackman.com.br\/index.php\/wp-json\/wp\/v2\/comments?post=11410"}],"version-history":[{"count":1,"href":"https:\/\/lackman.com.br\/index.php\/wp-json\/wp\/v2\/posts\/11410\/revisions"}],"predecessor-version":[{"id":11413,"href":"https:\/\/lackman.com.br\/index.php\/wp-json\/wp\/v2\/posts\/11410\/revisions\/11413"}],"wp:featuredmedia":[{"embeddable":true,"href":"https:\/\/lackman.com.br\/index.php\/wp-json\/wp\/v2\/media\/11411"}],"wp:attachment":[{"href":"https:\/\/lackman.com.br\/index.php\/wp-json\/wp\/v2\/media?parent=11410"}],"wp:term":[{"taxonomy":"category","embeddable":true,"href":"https:\/\/lackman.com.br\/index.php\/wp-json\/wp\/v2\/categories?post=11410"},{"taxonomy":"post_tag","embeddable":true,"href":"https:\/\/lackman.com.br\/index.php\/wp-json\/wp\/v2\/tags?post=11410"}],"curies":[{"name":"wp","href":"https:\/\/api.w.org\/{rel}","templated":true}]}}