{"id":11349,"date":"2025-12-06T09:19:43","date_gmt":"2025-12-06T12:19:43","guid":{"rendered":"https:\/\/lackman.com.br\/?p=11349"},"modified":"2025-12-06T09:19:43","modified_gmt":"2025-12-06T12:19:43","slug":"o-iluminado-retorna-as-telas-45-anos-depois","status":"publish","type":"post","link":"https:\/\/lackman.com.br\/index.php\/2025\/12\/06\/o-iluminado-retorna-as-telas-45-anos-depois\/","title":{"rendered":"&#8220;O Iluminado&#8221; retorna \u00e0s telas 45 anos depois"},"content":{"rendered":"<h5 style=\"text-align: justify\" align=\"center\">C<i style=\"font-weight: inherit\">l\u00e1ssico de Stanley Kubrick retornar\u00e1 aos cinemas entre os dias 11 e 17 de dezembro em comemora\u00e7\u00e3o ao seu legado.<\/i><\/h5>\n<p style=\"text-align: justify\" align=\"center\">\n<p style=\"text-align: justify\">Os amantes do terror j\u00e1 podem anotar na agenda: a\u00a0<strong>Warner Bros. Pictures<\/strong>\u00a0trar\u00e1\u00a0<em><b>O Iluminado<\/b><\/em> de volta \u00e0s telonas brasileiras ap\u00f3s 45 anos do seu lan\u00e7amento e os ingressos j\u00e1 est\u00e3o sendo vendidos em esquema de pr\u00e9-venda. Dirigido por <strong>Stanley Kubrick<\/strong>, o longa ser\u00e1 reexibido entre os dias <strong>11 e 17 de dezembro<\/strong>, dispon\u00edvel em sess\u00f5es IMAX e regulares. \u00a0<u><\/u><u><\/u><\/p>\n<p style=\"text-align: justify\">A hist\u00f3ria leva o p\u00fablico para o cora\u00e7\u00e3o do inverno do Colorado, quando o isolamento de uma fam\u00edlia em um hotel d\u00e1 in\u00edcio a uma s\u00e9rie de horrores que percorrem a linha entre o real e o sobrenatural. Estrelado por\u00a0<strong>Jack Nicholson<\/strong>,<strong>\u00a0Shelley Duvall\u00a0<\/strong>e<strong>\u00a0Danny Lloyd<\/strong>,\u00a0<em><b>O Iluminado<\/b><\/em>\u00a0adapta a obra hom\u00f4nima de Stephen King e se consolidou como um dos grandes cl\u00e1ssicos do cinema.\u00a0<u><\/u><u><\/u><\/p>\n<p><img fetchpriority=\"high\" decoding=\"async\" class=\"aligncenter wp-image-11350 size-full\" src=\"http:\/\/lackman.com.br\/wp-content\/uploads\/2025\/12\/jack_nicholson_em_o_iluminado_foto_divulgacao.jpg\" alt=\"\" width=\"1920\" height=\"1080\" srcset=\"https:\/\/lackman.com.br\/wp-content\/uploads\/2025\/12\/jack_nicholson_em_o_iluminado_foto_divulgacao.jpg 1920w, https:\/\/lackman.com.br\/wp-content\/uploads\/2025\/12\/jack_nicholson_em_o_iluminado_foto_divulgacao-300x169.jpg 300w, https:\/\/lackman.com.br\/wp-content\/uploads\/2025\/12\/jack_nicholson_em_o_iluminado_foto_divulgacao-1024x576.jpg 1024w, https:\/\/lackman.com.br\/wp-content\/uploads\/2025\/12\/jack_nicholson_em_o_iluminado_foto_divulgacao-768x432.jpg 768w, https:\/\/lackman.com.br\/wp-content\/uploads\/2025\/12\/jack_nicholson_em_o_iluminado_foto_divulgacao-100x56.jpg 100w, https:\/\/lackman.com.br\/wp-content\/uploads\/2025\/12\/jack_nicholson_em_o_iluminado_foto_divulgacao-1536x864.jpg 1536w\" sizes=\"(max-width: 1920px) 100vw, 1920px\" \/><\/p>\n<p style=\"text-align: justify\">Para mais informa\u00e7\u00f5es sobre ingressos e sess\u00f5es, consulte a programa\u00e7\u00e3o da rede de cinema mais pr\u00f3xima e j\u00e1 aproveita para seguir o <a href=\"https:\/\/www.instagram.com\/wbpictures_br\/\"><strong>@wbpictures_br<\/strong><\/a>. Para aqueles que n\u00e3o aguentam esperar, a <strong>Coluna #PERAMBULANDO<\/strong> traz o trailer original desse grande cl\u00e1ssico, <a href=\"https:\/\/www.youtube.com\/watch?v=dSQ3yN5yJ0g\"><strong>clique aqui<\/strong><\/a> e boa divers\u00e3o!<\/p>\n<p style=\"text-align: justify\">\n<pre>Fotos: Divulga\u00e7\u00e3o<\/pre>\n","protected":false},"excerpt":{"rendered":"<p>Cl\u00e1ssico de Stanley Kubrick retornar\u00e1 aos cinemas entre os dias 11 e 17 de dezembro em comemora\u00e7\u00e3o ao seu legado. Os amantes do terror j\u00e1 podem anotar na agenda: a\u00a0Warner Bros. Pictures\u00a0trar\u00e1\u00a0O Iluminado de volta \u00e0s telonas brasileiras ap\u00f3s 45 anos do seu lan\u00e7amento e os ingressos j\u00e1 est\u00e3o sendo vendidos em esquema de pr\u00e9-venda. Dirigido por Stanley Kubrick, o longa ser\u00e1 reexibido entre os dias 11 e 17 de dezembro, dispon\u00edvel em sess\u00f5es IMAX e regulares. \u00a0 A hist\u00f3ria leva o p\u00fablico para o cora\u00e7\u00e3o do inverno do Colorado, quando o isolamento de uma fam\u00edlia em um hotel d\u00e1 in\u00edcio a uma s\u00e9rie de horrores que percorrem a linha entre o real e o sobrenatural. Estrelado por\u00a0Jack Nicholson,\u00a0Shelley Duvall\u00a0e\u00a0Danny Lloyd,\u00a0O Iluminado\u00a0adapta a obra hom\u00f4nima de Stephen King e se consolidou como um dos grandes cl\u00e1ssicos do cinema.\u00a0 Para mais informa\u00e7\u00f5es sobre ingressos e sess\u00f5es, consulte a programa\u00e7\u00e3o da rede de cinema mais pr\u00f3xima e j\u00e1 aproveita para seguir o @wbpictures_br. Para aqueles que n\u00e3o aguentam esperar, a Coluna #PERAMBULANDO traz o trailer original desse grande cl\u00e1ssico, clique aqui e boa divers\u00e3o! Fotos: Divulga\u00e7\u00e3o<\/p>\n","protected":false},"author":6,"featured_media":11351,"comment_status":"closed","ping_status":"open","sticky":false,"template":"","format":"standard","meta":{"site-sidebar-layout":"default","site-content-layout":"","ast-site-content-layout":"default","site-content-style":"default","site-sidebar-style":"default","ast-global-header-display":"","ast-banner-title-visibility":"","ast-main-header-display":"","ast-hfb-above-header-display":"","ast-hfb-below-header-display":"","ast-hfb-mobile-header-display":"","site-post-title":"","ast-breadcrumbs-content":"","ast-featured-img":"","footer-sml-layout":"","ast-disable-related-posts":"","theme-transparent-header-meta":"default","adv-header-id-meta":"","stick-header-meta":"","header-above-stick-meta":"","header-main-stick-meta":"","header-below-stick-meta":"","astra-migrate-meta-layouts":"set","ast-page-background-enabled":"default","ast-page-background-meta":{"desktop":{"background-color":"","background-image":"","background-repeat":"repeat","background-position":"center center","background-size":"auto","background-attachment":"scroll","background-type":"","background-media":"","overlay-type":"","overlay-color":"","overlay-opacity":"","overlay-gradient":""},"tablet":{"background-color":"","background-image":"","background-repeat":"repeat","background-position":"center center","background-size":"auto","background-attachment":"scroll","background-type":"","background-media":"","overlay-type":"","overlay-color":"","overlay-opacity":"","overlay-gradient":""},"mobile":{"background-color":"","background-image":"","background-repeat":"repeat","background-position":"center center","background-size":"auto","background-attachment":"scroll","background-type":"","background-media":"","overlay-type":"","overlay-color":"","overlay-opacity":"","overlay-gradient":""}},"ast-content-background-meta":{"desktop":{"background-color":"var(--ast-global-color-5)","background-image":"","background-repeat":"repeat","background-position":"center center","background-size":"auto","background-attachment":"scroll","background-type":"","background-media":"","overlay-type":"","overlay-color":"","overlay-opacity":"","overlay-gradient":""},"tablet":{"background-color":"var(--ast-global-color-5)","background-image":"","background-repeat":"repeat","background-position":"center center","background-size":"auto","background-attachment":"scroll","background-type":"","background-media":"","overlay-type":"","overlay-color":"","overlay-opacity":"","overlay-gradient":""},"mobile":{"background-color":"var(--ast-global-color-5)","background-image":"","background-repeat":"repeat","background-position":"center center","background-size":"auto","background-attachment":"scroll","background-type":"","background-media":"","overlay-type":"","overlay-color":"","overlay-opacity":"","overlay-gradient":""}},"footnotes":""},"categories":[47,43],"tags":[],"class_list":["post-11349","post","type-post","status-publish","format-standard","has-post-thumbnail","hentry","category-cultura-arte","category-perambulando"],"yoast_head":"<!-- This site is optimized with the Yoast SEO plugin v27.0 - https:\/\/yoast.com\/product\/yoast-seo-wordpress\/ -->\n<title>&quot;O Iluminado&quot; retorna \u00e0s telas 45 anos depois - LACKMAN &amp; CO.<\/title>\n<meta name=\"robots\" content=\"index, follow, max-snippet:-1, max-image-preview:large, max-video-preview:-1\" \/>\n<link rel=\"canonical\" href=\"https:\/\/lackman.com.br\/index.php\/2025\/12\/06\/o-iluminado-retorna-as-telas-45-anos-depois\/\" \/>\n<meta property=\"og:locale\" content=\"pt_BR\" \/>\n<meta property=\"og:type\" content=\"article\" \/>\n<meta property=\"og:title\" content=\"&quot;O Iluminado&quot; retorna \u00e0s telas 45 anos depois - LACKMAN &amp; CO.\" \/>\n<meta property=\"og:description\" content=\"Cl\u00e1ssico de Stanley Kubrick retornar\u00e1 aos cinemas entre os dias 11 e 17 de dezembro em comemora\u00e7\u00e3o ao seu legado. Os amantes do terror j\u00e1 podem anotar na agenda: a\u00a0Warner Bros. Pictures\u00a0trar\u00e1\u00a0O Iluminado de volta \u00e0s telonas brasileiras ap\u00f3s 45 anos do seu lan\u00e7amento e os ingressos j\u00e1 est\u00e3o sendo vendidos em esquema de pr\u00e9-venda. Dirigido por Stanley Kubrick, o longa ser\u00e1 reexibido entre os dias 11 e 17 de dezembro, dispon\u00edvel em sess\u00f5es IMAX e regulares. \u00a0 A hist\u00f3ria leva o p\u00fablico para o cora\u00e7\u00e3o do inverno do Colorado, quando o isolamento de uma fam\u00edlia em um hotel d\u00e1 in\u00edcio a uma s\u00e9rie de horrores que percorrem a linha entre o real e o sobrenatural. Estrelado por\u00a0Jack Nicholson,\u00a0Shelley Duvall\u00a0e\u00a0Danny Lloyd,\u00a0O Iluminado\u00a0adapta a obra hom\u00f4nima de Stephen King e se consolidou como um dos grandes cl\u00e1ssicos do cinema.\u00a0 Para mais informa\u00e7\u00f5es sobre ingressos e sess\u00f5es, consulte a programa\u00e7\u00e3o da rede de cinema mais pr\u00f3xima e j\u00e1 aproveita para seguir o @wbpictures_br. Para aqueles que n\u00e3o aguentam esperar, a Coluna #PERAMBULANDO traz o trailer original desse grande cl\u00e1ssico, clique aqui e boa divers\u00e3o! Fotos: Divulga\u00e7\u00e3o\" \/>\n<meta property=\"og:url\" content=\"https:\/\/lackman.com.br\/index.php\/2025\/12\/06\/o-iluminado-retorna-as-telas-45-anos-depois\/\" \/>\n<meta property=\"og:site_name\" content=\"LACKMAN &amp; CO.\" \/>\n<meta property=\"article:published_time\" content=\"2025-12-06T12:19:43+00:00\" \/>\n<meta property=\"og:image\" content=\"http:\/\/lackman.com.br\/wp-content\/uploads\/2025\/12\/3942969_3b35bb5882b15bd.jpg\" \/>\n\t<meta property=\"og:image:width\" content=\"700\" \/>\n\t<meta property=\"og:image:height\" content=\"394\" \/>\n\t<meta property=\"og:image:type\" content=\"image\/jpeg\" \/>\n<meta name=\"author\" content=\"Gilberto Evangelista - Colunista\" \/>\n<meta name=\"twitter:card\" content=\"summary_large_image\" \/>\n<meta name=\"twitter:label1\" content=\"Escrito por\" \/>\n\t<meta name=\"twitter:data1\" content=\"Gilberto Evangelista - Colunista\" \/>\n\t<meta name=\"twitter:label2\" content=\"Est. tempo de leitura\" \/>\n\t<meta name=\"twitter:data2\" content=\"2 minutos\" \/>\n<script type=\"application\/ld+json\" class=\"yoast-schema-graph\">{\"@context\":\"https:\/\/schema.org\",\"@graph\":[{\"@type\":\"Article\",\"@id\":\"https:\/\/lackman.com.br\/index.php\/2025\/12\/06\/o-iluminado-retorna-as-telas-45-anos-depois\/#article\",\"isPartOf\":{\"@id\":\"https:\/\/lackman.com.br\/index.php\/2025\/12\/06\/o-iluminado-retorna-as-telas-45-anos-depois\/\"},\"author\":{\"name\":\"Gilberto Evangelista - Colunista\",\"@id\":\"https:\/\/lackman.com.br\/#\/schema\/person\/8a2355f699593d21d4f0d25b69db5747\"},\"headline\":\"&#8220;O Iluminado&#8221; retorna \u00e0s telas 45 anos depois\",\"datePublished\":\"2025-12-06T12:19:43+00:00\",\"mainEntityOfPage\":{\"@id\":\"https:\/\/lackman.com.br\/index.php\/2025\/12\/06\/o-iluminado-retorna-as-telas-45-anos-depois\/\"},\"wordCount\":216,\"publisher\":{\"@id\":\"https:\/\/lackman.com.br\/#organization\"},\"image\":{\"@id\":\"https:\/\/lackman.com.br\/index.php\/2025\/12\/06\/o-iluminado-retorna-as-telas-45-anos-depois\/#primaryimage\"},\"thumbnailUrl\":\"https:\/\/lackman.com.br\/wp-content\/uploads\/2025\/12\/3942969_3b35bb5882b15bd.jpg\",\"articleSection\":[\"Cultura\",\"Perambulando\"],\"inLanguage\":\"pt-BR\"},{\"@type\":\"WebPage\",\"@id\":\"https:\/\/lackman.com.br\/index.php\/2025\/12\/06\/o-iluminado-retorna-as-telas-45-anos-depois\/\",\"url\":\"https:\/\/lackman.com.br\/index.php\/2025\/12\/06\/o-iluminado-retorna-as-telas-45-anos-depois\/\",\"name\":\"\\\"O Iluminado\\\" retorna \u00e0s telas 45 anos depois - LACKMAN &amp; CO.\",\"isPartOf\":{\"@id\":\"https:\/\/lackman.com.br\/#website\"},\"primaryImageOfPage\":{\"@id\":\"https:\/\/lackman.com.br\/index.php\/2025\/12\/06\/o-iluminado-retorna-as-telas-45-anos-depois\/#primaryimage\"},\"image\":{\"@id\":\"https:\/\/lackman.com.br\/index.php\/2025\/12\/06\/o-iluminado-retorna-as-telas-45-anos-depois\/#primaryimage\"},\"thumbnailUrl\":\"https:\/\/lackman.com.br\/wp-content\/uploads\/2025\/12\/3942969_3b35bb5882b15bd.jpg\",\"datePublished\":\"2025-12-06T12:19:43+00:00\",\"breadcrumb\":{\"@id\":\"https:\/\/lackman.com.br\/index.php\/2025\/12\/06\/o-iluminado-retorna-as-telas-45-anos-depois\/#breadcrumb\"},\"inLanguage\":\"pt-BR\",\"potentialAction\":[{\"@type\":\"ReadAction\",\"target\":[\"https:\/\/lackman.com.br\/index.php\/2025\/12\/06\/o-iluminado-retorna-as-telas-45-anos-depois\/\"]}]},{\"@type\":\"ImageObject\",\"inLanguage\":\"pt-BR\",\"@id\":\"https:\/\/lackman.com.br\/index.php\/2025\/12\/06\/o-iluminado-retorna-as-telas-45-anos-depois\/#primaryimage\",\"url\":\"https:\/\/lackman.com.br\/wp-content\/uploads\/2025\/12\/3942969_3b35bb5882b15bd.jpg\",\"contentUrl\":\"https:\/\/lackman.com.br\/wp-content\/uploads\/2025\/12\/3942969_3b35bb5882b15bd.jpg\",\"width\":700,\"height\":394},{\"@type\":\"BreadcrumbList\",\"@id\":\"https:\/\/lackman.com.br\/index.php\/2025\/12\/06\/o-iluminado-retorna-as-telas-45-anos-depois\/#breadcrumb\",\"itemListElement\":[{\"@type\":\"ListItem\",\"position\":1,\"name\":\"In\u00edcio\",\"item\":\"https:\/\/lackman.com.br\/\"},{\"@type\":\"ListItem\",\"position\":2,\"name\":\"&#8220;O Iluminado&#8221; retorna \u00e0s telas 45 anos depois\"}]},{\"@type\":\"WebSite\",\"@id\":\"https:\/\/lackman.com.br\/#website\",\"url\":\"https:\/\/lackman.com.br\/\",\"name\":\"LACKMAN &amp; CO.\",\"description\":\"VIDA | MODA | ARTE\",\"publisher\":{\"@id\":\"https:\/\/lackman.com.br\/#organization\"},\"potentialAction\":[{\"@type\":\"SearchAction\",\"target\":{\"@type\":\"EntryPoint\",\"urlTemplate\":\"https:\/\/lackman.com.br\/?s={search_term_string}\"},\"query-input\":{\"@type\":\"PropertyValueSpecification\",\"valueRequired\":true,\"valueName\":\"search_term_string\"}}],\"inLanguage\":\"pt-BR\"},{\"@type\":\"Organization\",\"@id\":\"https:\/\/lackman.com.br\/#organization\",\"name\":\"LACKMAN &amp; CO.\",\"url\":\"https:\/\/lackman.com.br\/\",\"logo\":{\"@type\":\"ImageObject\",\"inLanguage\":\"pt-BR\",\"@id\":\"https:\/\/lackman.com.br\/#\/schema\/logo\/image\/\",\"url\":\"https:\/\/lackman.com.br\/wp-content\/uploads\/2023\/06\/Logotipo_preto-1.png\",\"contentUrl\":\"https:\/\/lackman.com.br\/wp-content\/uploads\/2023\/06\/Logotipo_preto-1.png\",\"width\":739,\"height\":393,\"caption\":\"LACKMAN &amp; CO.\"},\"image\":{\"@id\":\"https:\/\/lackman.com.br\/#\/schema\/logo\/image\/\"}},{\"@type\":\"Person\",\"@id\":\"https:\/\/lackman.com.br\/#\/schema\/person\/8a2355f699593d21d4f0d25b69db5747\",\"name\":\"Gilberto Evangelista - Colunista\",\"image\":{\"@type\":\"ImageObject\",\"inLanguage\":\"pt-BR\",\"@id\":\"https:\/\/lackman.com.br\/#\/schema\/person\/image\/\",\"url\":\"https:\/\/secure.gravatar.com\/avatar\/cea9badf02f8a90f7a745f2cbea45fda61f65711ec015e2faf3809cca6337c28?s=96&d=mm&r=g\",\"contentUrl\":\"https:\/\/secure.gravatar.com\/avatar\/cea9badf02f8a90f7a745f2cbea45fda61f65711ec015e2faf3809cca6337c28?s=96&d=mm&r=g\",\"caption\":\"Gilberto Evangelista - Colunista\"},\"description\":\"Jornalista e globetrotter.\",\"url\":\"https:\/\/lackman.com.br\/index.php\/author\/gilberto-brito\/\"}]}<\/script>\n<!-- \/ Yoast SEO plugin. -->","yoast_head_json":{"title":"\"O Iluminado\" retorna \u00e0s telas 45 anos depois - LACKMAN &amp; CO.","robots":{"index":"index","follow":"follow","max-snippet":"max-snippet:-1","max-image-preview":"max-image-preview:large","max-video-preview":"max-video-preview:-1"},"canonical":"https:\/\/lackman.com.br\/index.php\/2025\/12\/06\/o-iluminado-retorna-as-telas-45-anos-depois\/","og_locale":"pt_BR","og_type":"article","og_title":"\"O Iluminado\" retorna \u00e0s telas 45 anos depois - LACKMAN &amp; CO.","og_description":"Cl\u00e1ssico de Stanley Kubrick retornar\u00e1 aos cinemas entre os dias 11 e 17 de dezembro em comemora\u00e7\u00e3o ao seu legado. Os amantes do terror j\u00e1 podem anotar na agenda: a\u00a0Warner Bros. Pictures\u00a0trar\u00e1\u00a0O Iluminado de volta \u00e0s telonas brasileiras ap\u00f3s 45 anos do seu lan\u00e7amento e os ingressos j\u00e1 est\u00e3o sendo vendidos em esquema de pr\u00e9-venda. Dirigido por Stanley Kubrick, o longa ser\u00e1 reexibido entre os dias 11 e 17 de dezembro, dispon\u00edvel em sess\u00f5es IMAX e regulares. \u00a0 A hist\u00f3ria leva o p\u00fablico para o cora\u00e7\u00e3o do inverno do Colorado, quando o isolamento de uma fam\u00edlia em um hotel d\u00e1 in\u00edcio a uma s\u00e9rie de horrores que percorrem a linha entre o real e o sobrenatural. Estrelado por\u00a0Jack Nicholson,\u00a0Shelley Duvall\u00a0e\u00a0Danny Lloyd,\u00a0O Iluminado\u00a0adapta a obra hom\u00f4nima de Stephen King e se consolidou como um dos grandes cl\u00e1ssicos do cinema.\u00a0 Para mais informa\u00e7\u00f5es sobre ingressos e sess\u00f5es, consulte a programa\u00e7\u00e3o da rede de cinema mais pr\u00f3xima e j\u00e1 aproveita para seguir o @wbpictures_br. Para aqueles que n\u00e3o aguentam esperar, a Coluna #PERAMBULANDO traz o trailer original desse grande cl\u00e1ssico, clique aqui e boa divers\u00e3o! Fotos: Divulga\u00e7\u00e3o","og_url":"https:\/\/lackman.com.br\/index.php\/2025\/12\/06\/o-iluminado-retorna-as-telas-45-anos-depois\/","og_site_name":"LACKMAN &amp; CO.","article_published_time":"2025-12-06T12:19:43+00:00","og_image":[{"width":700,"height":394,"url":"http:\/\/lackman.com.br\/wp-content\/uploads\/2025\/12\/3942969_3b35bb5882b15bd.jpg","type":"image\/jpeg"}],"author":"Gilberto Evangelista - Colunista","twitter_card":"summary_large_image","twitter_misc":{"Escrito por":"Gilberto Evangelista - Colunista","Est. tempo de leitura":"2 minutos"},"schema":{"@context":"https:\/\/schema.org","@graph":[{"@type":"Article","@id":"https:\/\/lackman.com.br\/index.php\/2025\/12\/06\/o-iluminado-retorna-as-telas-45-anos-depois\/#article","isPartOf":{"@id":"https:\/\/lackman.com.br\/index.php\/2025\/12\/06\/o-iluminado-retorna-as-telas-45-anos-depois\/"},"author":{"name":"Gilberto Evangelista - Colunista","@id":"https:\/\/lackman.com.br\/#\/schema\/person\/8a2355f699593d21d4f0d25b69db5747"},"headline":"&#8220;O Iluminado&#8221; retorna \u00e0s telas 45 anos depois","datePublished":"2025-12-06T12:19:43+00:00","mainEntityOfPage":{"@id":"https:\/\/lackman.com.br\/index.php\/2025\/12\/06\/o-iluminado-retorna-as-telas-45-anos-depois\/"},"wordCount":216,"publisher":{"@id":"https:\/\/lackman.com.br\/#organization"},"image":{"@id":"https:\/\/lackman.com.br\/index.php\/2025\/12\/06\/o-iluminado-retorna-as-telas-45-anos-depois\/#primaryimage"},"thumbnailUrl":"https:\/\/lackman.com.br\/wp-content\/uploads\/2025\/12\/3942969_3b35bb5882b15bd.jpg","articleSection":["Cultura","Perambulando"],"inLanguage":"pt-BR"},{"@type":"WebPage","@id":"https:\/\/lackman.com.br\/index.php\/2025\/12\/06\/o-iluminado-retorna-as-telas-45-anos-depois\/","url":"https:\/\/lackman.com.br\/index.php\/2025\/12\/06\/o-iluminado-retorna-as-telas-45-anos-depois\/","name":"\"O Iluminado\" retorna \u00e0s telas 45 anos depois - LACKMAN &amp; CO.","isPartOf":{"@id":"https:\/\/lackman.com.br\/#website"},"primaryImageOfPage":{"@id":"https:\/\/lackman.com.br\/index.php\/2025\/12\/06\/o-iluminado-retorna-as-telas-45-anos-depois\/#primaryimage"},"image":{"@id":"https:\/\/lackman.com.br\/index.php\/2025\/12\/06\/o-iluminado-retorna-as-telas-45-anos-depois\/#primaryimage"},"thumbnailUrl":"https:\/\/lackman.com.br\/wp-content\/uploads\/2025\/12\/3942969_3b35bb5882b15bd.jpg","datePublished":"2025-12-06T12:19:43+00:00","breadcrumb":{"@id":"https:\/\/lackman.com.br\/index.php\/2025\/12\/06\/o-iluminado-retorna-as-telas-45-anos-depois\/#breadcrumb"},"inLanguage":"pt-BR","potentialAction":[{"@type":"ReadAction","target":["https:\/\/lackman.com.br\/index.php\/2025\/12\/06\/o-iluminado-retorna-as-telas-45-anos-depois\/"]}]},{"@type":"ImageObject","inLanguage":"pt-BR","@id":"https:\/\/lackman.com.br\/index.php\/2025\/12\/06\/o-iluminado-retorna-as-telas-45-anos-depois\/#primaryimage","url":"https:\/\/lackman.com.br\/wp-content\/uploads\/2025\/12\/3942969_3b35bb5882b15bd.jpg","contentUrl":"https:\/\/lackman.com.br\/wp-content\/uploads\/2025\/12\/3942969_3b35bb5882b15bd.jpg","width":700,"height":394},{"@type":"BreadcrumbList","@id":"https:\/\/lackman.com.br\/index.php\/2025\/12\/06\/o-iluminado-retorna-as-telas-45-anos-depois\/#breadcrumb","itemListElement":[{"@type":"ListItem","position":1,"name":"In\u00edcio","item":"https:\/\/lackman.com.br\/"},{"@type":"ListItem","position":2,"name":"&#8220;O Iluminado&#8221; retorna \u00e0s telas 45 anos depois"}]},{"@type":"WebSite","@id":"https:\/\/lackman.com.br\/#website","url":"https:\/\/lackman.com.br\/","name":"LACKMAN &amp; CO.","description":"VIDA | MODA | ARTE","publisher":{"@id":"https:\/\/lackman.com.br\/#organization"},"potentialAction":[{"@type":"SearchAction","target":{"@type":"EntryPoint","urlTemplate":"https:\/\/lackman.com.br\/?s={search_term_string}"},"query-input":{"@type":"PropertyValueSpecification","valueRequired":true,"valueName":"search_term_string"}}],"inLanguage":"pt-BR"},{"@type":"Organization","@id":"https:\/\/lackman.com.br\/#organization","name":"LACKMAN &amp; CO.","url":"https:\/\/lackman.com.br\/","logo":{"@type":"ImageObject","inLanguage":"pt-BR","@id":"https:\/\/lackman.com.br\/#\/schema\/logo\/image\/","url":"https:\/\/lackman.com.br\/wp-content\/uploads\/2023\/06\/Logotipo_preto-1.png","contentUrl":"https:\/\/lackman.com.br\/wp-content\/uploads\/2023\/06\/Logotipo_preto-1.png","width":739,"height":393,"caption":"LACKMAN &amp; CO."},"image":{"@id":"https:\/\/lackman.com.br\/#\/schema\/logo\/image\/"}},{"@type":"Person","@id":"https:\/\/lackman.com.br\/#\/schema\/person\/8a2355f699593d21d4f0d25b69db5747","name":"Gilberto Evangelista - Colunista","image":{"@type":"ImageObject","inLanguage":"pt-BR","@id":"https:\/\/lackman.com.br\/#\/schema\/person\/image\/","url":"https:\/\/secure.gravatar.com\/avatar\/cea9badf02f8a90f7a745f2cbea45fda61f65711ec015e2faf3809cca6337c28?s=96&d=mm&r=g","contentUrl":"https:\/\/secure.gravatar.com\/avatar\/cea9badf02f8a90f7a745f2cbea45fda61f65711ec015e2faf3809cca6337c28?s=96&d=mm&r=g","caption":"Gilberto Evangelista - Colunista"},"description":"Jornalista e globetrotter.","url":"https:\/\/lackman.com.br\/index.php\/author\/gilberto-brito\/"}]}},"rttpg_featured_image_url":{"full":["https:\/\/lackman.com.br\/wp-content\/uploads\/2025\/12\/3942969_3b35bb5882b15bd.jpg",700,394,false],"landscape":["https:\/\/lackman.com.br\/wp-content\/uploads\/2025\/12\/3942969_3b35bb5882b15bd.jpg",700,394,false],"portraits":["https:\/\/lackman.com.br\/wp-content\/uploads\/2025\/12\/3942969_3b35bb5882b15bd.jpg",700,394,false],"thumbnail":["https:\/\/lackman.com.br\/wp-content\/uploads\/2025\/12\/3942969_3b35bb5882b15bd-150x150.jpg",150,150,true],"medium":["https:\/\/lackman.com.br\/wp-content\/uploads\/2025\/12\/3942969_3b35bb5882b15bd-300x169.jpg",300,169,true],"large":["https:\/\/lackman.com.br\/wp-content\/uploads\/2025\/12\/3942969_3b35bb5882b15bd.jpg",700,394,false],"RoboGalleryMansoryImagesCenter":["https:\/\/lackman.com.br\/wp-content\/uploads\/2025\/12\/3942969_3b35bb5882b15bd-600x394.jpg",600,394,true],"RoboGalleryPreload":["https:\/\/lackman.com.br\/wp-content\/uploads\/2025\/12\/3942969_3b35bb5882b15bd-100x56.jpg",100,56,true],"1536x1536":["https:\/\/lackman.com.br\/wp-content\/uploads\/2025\/12\/3942969_3b35bb5882b15bd.jpg",700,394,false],"2048x2048":["https:\/\/lackman.com.br\/wp-content\/uploads\/2025\/12\/3942969_3b35bb5882b15bd.jpg",700,394,false]},"rttpg_author":{"display_name":"Gilberto Evangelista - Colunista","author_link":"https:\/\/lackman.com.br\/index.php\/author\/gilberto-brito\/"},"rttpg_comment":0,"rttpg_category":"<a href=\"https:\/\/lackman.com.br\/index.php\/category\/arte\/cultura-arte\/\" rel=\"category tag\">Cultura<\/a> <a href=\"https:\/\/lackman.com.br\/index.php\/category\/vida\/perambulando\/\" rel=\"category tag\">Perambulando<\/a>","rttpg_excerpt":"Cl\u00e1ssico de Stanley Kubrick retornar\u00e1 aos cinemas entre os dias 11 e 17 de dezembro em comemora\u00e7\u00e3o ao seu legado. Os amantes do terror j\u00e1 podem anotar na agenda: a\u00a0Warner Bros. Pictures\u00a0trar\u00e1\u00a0O Iluminado de volta \u00e0s telonas brasileiras ap\u00f3s 45 anos do seu lan\u00e7amento e os ingressos j\u00e1 est\u00e3o sendo vendidos em esquema de pr\u00e9-venda.&hellip;","_links":{"self":[{"href":"https:\/\/lackman.com.br\/index.php\/wp-json\/wp\/v2\/posts\/11349","targetHints":{"allow":["GET"]}}],"collection":[{"href":"https:\/\/lackman.com.br\/index.php\/wp-json\/wp\/v2\/posts"}],"about":[{"href":"https:\/\/lackman.com.br\/index.php\/wp-json\/wp\/v2\/types\/post"}],"author":[{"embeddable":true,"href":"https:\/\/lackman.com.br\/index.php\/wp-json\/wp\/v2\/users\/6"}],"replies":[{"embeddable":true,"href":"https:\/\/lackman.com.br\/index.php\/wp-json\/wp\/v2\/comments?post=11349"}],"version-history":[{"count":1,"href":"https:\/\/lackman.com.br\/index.php\/wp-json\/wp\/v2\/posts\/11349\/revisions"}],"predecessor-version":[{"id":11352,"href":"https:\/\/lackman.com.br\/index.php\/wp-json\/wp\/v2\/posts\/11349\/revisions\/11352"}],"wp:featuredmedia":[{"embeddable":true,"href":"https:\/\/lackman.com.br\/index.php\/wp-json\/wp\/v2\/media\/11351"}],"wp:attachment":[{"href":"https:\/\/lackman.com.br\/index.php\/wp-json\/wp\/v2\/media?parent=11349"}],"wp:term":[{"taxonomy":"category","embeddable":true,"href":"https:\/\/lackman.com.br\/index.php\/wp-json\/wp\/v2\/categories?post=11349"},{"taxonomy":"post_tag","embeddable":true,"href":"https:\/\/lackman.com.br\/index.php\/wp-json\/wp\/v2\/tags?post=11349"}],"curies":[{"name":"wp","href":"https:\/\/api.w.org\/{rel}","templated":true}]}}