{"id":11345,"date":"2025-12-06T09:06:57","date_gmt":"2025-12-06T12:06:57","guid":{"rendered":"https:\/\/lackman.com.br\/?p=11345"},"modified":"2025-12-06T11:30:43","modified_gmt":"2025-12-06T14:30:43","slug":"liniker-encerra-o-festival-estilo-brasil","status":"publish","type":"post","link":"https:\/\/lackman.com.br\/index.php\/2025\/12\/06\/liniker-encerra-o-festival-estilo-brasil\/","title":{"rendered":"Liniker encerra o Festival Estilo Brasil"},"content":{"rendered":"<div>\n<h5 style=\"text-align: justify\"><em>Ap\u00f3s conquistar tr\u00eas Grammys Latino 2025, Liniker desembarca em Bras\u00edlia com o show\u00a0CAJU, no Centro de Conven\u00e7\u00f5es Ulysses, para encerrar a programa\u00e7\u00e3o do festival.<\/em><\/h5>\n<div style=\"text-align: justify\"><\/div>\n<p style=\"font-weight: 400;text-align: justify\">O\u00a0<strong>Festival Estilo Brasil<\/strong>\u00a0encerra sua segunda edi\u00e7\u00e3o com o show de\u00a0<strong>Liniker<\/strong>, em\u00a0<strong>14 de dezembro<\/strong>, no Centro de Conven\u00e7\u00f5es Ulysses. A artista \u00e9 dona de uma das vozes mais marcantes da m\u00fasica brasileira contempor\u00e2nea e retorna a Bras\u00edlia trazendo aos palcos o espet\u00e1culo\u00a0<em>CAJU<\/em>, elogiado pelo p\u00fablico e pela cr\u00edtica.<\/p>\n<p style=\"font-weight: 400;text-align: justify\">A apresenta\u00e7\u00e3o acontece em meio ao reconhecimento internacional da carreira de\u00a0<strong>Liniker<\/strong>. No Grammy Latino 2025, a cantora venceu tr\u00eas categorias: Melhor Int\u00e9rprete Urbana em L\u00edngua Portuguesa, Melhor \u00c1lbum de Pop Contempor\u00e2neo em L\u00edngua Portuguesa (com\u00a0<em>CAJU<\/em>) e Melhor Can\u00e7\u00e3o em L\u00edngua Portuguesa (com\u00a0<em>Veludo Marrom<\/em>). As conquistas refor\u00e7am sua for\u00e7a art\u00edstica e a consolidam como um dos nomes mais importantes da m\u00fasica brasileira atual.<\/p>\n<p style=\"font-weight: 400;text-align: justify\">Ap\u00f3s rodar o pa\u00eds com ingressos esgotados na\u00a0<em>CAJU Tour<\/em>\u00a0\u2014 incluindo\u00a0<strong>duas sess\u00f5es\u00a0<em>sold out<\/em>\u00a0em Bras\u00edlia, em abril<\/strong>\u00a0\u2014,\u00a0<strong>Liniker<\/strong>\u00a0volta \u00e0 capital para um reencontro especial com o p\u00fablico. No repert\u00f3rio, est\u00e3o faixas premiadas do \u00e1lbum, sucessos de diferentes fases da carreira e momentos que traduzem sua entrega emocional e est\u00e9tica no palco.<\/p>\n<p style=\"font-weight: 400;text-align: justify\">\u201c<em>Estou muito animada para retornar a Bras\u00edlia e encerrar os shows do ano com muita energia no Festival Estilo Brasil. \u00c9 muito especial fazer parte dessa celebra\u00e7\u00e3o da m\u00fasica brasileira. Com certeza ser\u00e1 inesquec\u00edvel<\/em>\u201d, afirma Liniker.<\/p>\n<p><img fetchpriority=\"high\" decoding=\"async\" class=\"aligncenter wp-image-11347 size-full\" src=\"http:\/\/lackman.com.br\/wp-content\/uploads\/2025\/12\/image-2.png\" alt=\"\" width=\"480\" height=\"720\" srcset=\"https:\/\/lackman.com.br\/wp-content\/uploads\/2025\/12\/image-2.png 480w, https:\/\/lackman.com.br\/wp-content\/uploads\/2025\/12\/image-2-200x300.png 200w, https:\/\/lackman.com.br\/wp-content\/uploads\/2025\/12\/image-2-100x150.png 100w\" sizes=\"(max-width: 480px) 100vw, 480px\" \/><\/p>\n<p style=\"font-weight: 400;text-align: justify\">Ent\u00e3o, se voc\u00ea \u00e9 mesmo f\u00e3 da Diva, corre, pois ainda tem ingressos dispon\u00edveis a partir de R$189 (poltrona especial &#8211; sim, os mais em conta j\u00e1 acabaram), e eles podem ser adquiridos pelo site <a href=\"https:\/\/www.bilheteriadigital.com\/estilo-brasil-liniker-caju-tour-14-de-dezembro\"><strong>Bilheteria Digital<\/strong><\/a>.\u00a0 Para clientes de cart\u00f5es BB Visa, o parcelamento pode ser feito em at\u00e9 seis vezes sem juros. Al\u00e9m disso, clientes Banco do Brasil contam com benef\u00edcios em toda a jornada, como desconto no ingresso, entrada diferenciada e desconto na compra de vinhos para aproveitar o show com ainda mais estilo.<\/p>\n<p style=\"font-weight: 400;text-align: justify\">Vale destacar ainda que o <strong>Festival Estilo Brasil<\/strong> tem o oferecimento do Banco do Brasil Estilo e patroc\u00ednio de cart\u00f5es BB Visa, Banco do Brasil e Governo Federal. A realiza\u00e7\u00e3o \u00e9 do Metr\u00f3poles, com produ\u00e7\u00e3o da Oh! Artes \u2014 um evento que reafirma Bras\u00edlia como palco da m\u00fasica brasileira, reunindo grandes nomes em um di\u00e1logo vibrante entre tradi\u00e7\u00e3o e contemporaneidade. E para quem chegou at\u00e9 o final do texto, <a href=\"https:\/\/www.instagram.com\/reel\/DR7NUYLgPel\/?utm_source=ig_web_copy_link&amp;igsh=MzRlODBiNWFlZA==\"><strong>clique aqui<\/strong><\/a> e assista ao v\u00eddeo que eu fiz para divulgar o assunto. Ficou t\u00e3o legal que voc\u00ea vai querer compartilhar para todo mundo , com certeza, !<\/p>\n<p style=\"font-weight: 400;text-align: justify\"><em><strong>Grand Finale!<\/strong><\/em><\/p>\n<p style=\"font-weight: 400;text-align: justify\"><em><strong>Festival Estilo Brasil com Liniker e sua turn\u00ea Caju<\/strong> \/ Centro de Conven\u00e7\u00f5es Ulysses &#8211; Bras\u00edlia \/ 14 de dezembro (domingo) &#8211; 20h \/ A partir de R$ 189 (poltrona especial) &#8211; <a href=\"https:\/\/www.bilheteriadigital.com\/estilo-brasil-liniker-caju-tour-14-de-dezembro\">Bilheteria Digital<\/a>\u00a0<\/em><\/p>\n<\/div>\n<pre>Fotos: Larissa Kreili<\/pre>\n","protected":false},"excerpt":{"rendered":"<p>Ap\u00f3s conquistar tr\u00eas Grammys Latino 2025, Liniker desembarca em Bras\u00edlia com o show\u00a0CAJU, no Centro de Conven\u00e7\u00f5es Ulysses, para encerrar a programa\u00e7\u00e3o do festival. O\u00a0Festival Estilo Brasil\u00a0encerra sua segunda edi\u00e7\u00e3o com o show de\u00a0Liniker, em\u00a014 de dezembro, no Centro de Conven\u00e7\u00f5es Ulysses. A artista \u00e9 dona de uma das vozes mais marcantes da m\u00fasica brasileira contempor\u00e2nea e retorna a Bras\u00edlia trazendo aos palcos o espet\u00e1culo\u00a0CAJU, elogiado pelo p\u00fablico e pela cr\u00edtica. A apresenta\u00e7\u00e3o acontece em meio ao reconhecimento internacional da carreira de\u00a0Liniker. No Grammy Latino 2025, a cantora venceu tr\u00eas categorias: Melhor Int\u00e9rprete Urbana em L\u00edngua Portuguesa, Melhor \u00c1lbum de Pop Contempor\u00e2neo em L\u00edngua Portuguesa (com\u00a0CAJU) e Melhor Can\u00e7\u00e3o em L\u00edngua Portuguesa (com\u00a0Veludo Marrom). As conquistas refor\u00e7am sua for\u00e7a art\u00edstica e a consolidam como um dos nomes mais importantes da m\u00fasica brasileira atual. Ap\u00f3s rodar o pa\u00eds com ingressos esgotados na\u00a0CAJU Tour\u00a0\u2014 incluindo\u00a0duas sess\u00f5es\u00a0sold out\u00a0em Bras\u00edlia, em abril\u00a0\u2014,\u00a0Liniker\u00a0volta \u00e0 capital para um reencontro especial com o p\u00fablico. No repert\u00f3rio, est\u00e3o faixas premiadas do \u00e1lbum, sucessos de diferentes fases da carreira e momentos que traduzem sua entrega emocional e est\u00e9tica no palco. \u201cEstou muito animada para retornar a Bras\u00edlia e encerrar os shows do ano com muita energia no Festival Estilo Brasil. \u00c9 muito especial fazer parte dessa celebra\u00e7\u00e3o da m\u00fasica brasileira. Com certeza ser\u00e1 inesquec\u00edvel\u201d, afirma Liniker. Ent\u00e3o, se voc\u00ea \u00e9 mesmo f\u00e3 da Diva, corre, pois ainda tem ingressos dispon\u00edveis a partir de R$189 (poltrona especial &#8211; sim, os mais em conta j\u00e1 acabaram), e eles podem ser adquiridos pelo site Bilheteria Digital.\u00a0 Para clientes de cart\u00f5es BB Visa, o parcelamento pode ser feito em at\u00e9 seis vezes sem juros. Al\u00e9m disso, clientes Banco do Brasil contam com benef\u00edcios em toda a jornada, como desconto no ingresso, entrada diferenciada e desconto na compra de vinhos para aproveitar o show com ainda mais estilo. Vale destacar ainda que o Festival Estilo Brasil tem o oferecimento do Banco do Brasil Estilo e patroc\u00ednio de cart\u00f5es BB Visa, Banco do Brasil e Governo Federal. A realiza\u00e7\u00e3o \u00e9 do Metr\u00f3poles, com produ\u00e7\u00e3o da Oh! Artes \u2014 um evento que reafirma Bras\u00edlia como palco da m\u00fasica brasileira, reunindo grandes nomes em um di\u00e1logo vibrante entre tradi\u00e7\u00e3o e contemporaneidade. E para quem chegou at\u00e9 o final do texto, clique aqui e assista ao v\u00eddeo que eu fiz para divulgar o assunto. Ficou t\u00e3o legal que voc\u00ea vai querer compartilhar para todo mundo , com certeza, ! Grand Finale! Festival Estilo Brasil com Liniker e sua turn\u00ea Caju \/ Centro de Conven\u00e7\u00f5es Ulysses &#8211; Bras\u00edlia \/ 14 de dezembro (domingo) &#8211; 20h \/ A partir de R$ 189 (poltrona especial) &#8211; Bilheteria Digital\u00a0 Fotos: Larissa Kreili<\/p>\n","protected":false},"author":6,"featured_media":11346,"comment_status":"closed","ping_status":"open","sticky":false,"template":"","format":"standard","meta":{"site-sidebar-layout":"default","site-content-layout":"","ast-site-content-layout":"default","site-content-style":"default","site-sidebar-style":"default","ast-global-header-display":"","ast-banner-title-visibility":"","ast-main-header-display":"","ast-hfb-above-header-display":"","ast-hfb-below-header-display":"","ast-hfb-mobile-header-display":"","site-post-title":"","ast-breadcrumbs-content":"","ast-featured-img":"","footer-sml-layout":"","ast-disable-related-posts":"","theme-transparent-header-meta":"default","adv-header-id-meta":"","stick-header-meta":"","header-above-stick-meta":"","header-main-stick-meta":"","header-below-stick-meta":"","astra-migrate-meta-layouts":"set","ast-page-background-enabled":"default","ast-page-background-meta":{"desktop":{"background-color":"","background-image":"","background-repeat":"repeat","background-position":"center center","background-size":"auto","background-attachment":"scroll","background-type":"","background-media":"","overlay-type":"","overlay-color":"","overlay-opacity":"","overlay-gradient":""},"tablet":{"background-color":"","background-image":"","background-repeat":"repeat","background-position":"center center","background-size":"auto","background-attachment":"scroll","background-type":"","background-media":"","overlay-type":"","overlay-color":"","overlay-opacity":"","overlay-gradient":""},"mobile":{"background-color":"","background-image":"","background-repeat":"repeat","background-position":"center center","background-size":"auto","background-attachment":"scroll","background-type":"","background-media":"","overlay-type":"","overlay-color":"","overlay-opacity":"","overlay-gradient":""}},"ast-content-background-meta":{"desktop":{"background-color":"var(--ast-global-color-5)","background-image":"","background-repeat":"repeat","background-position":"center center","background-size":"auto","background-attachment":"scroll","background-type":"","background-media":"","overlay-type":"","overlay-color":"","overlay-opacity":"","overlay-gradient":""},"tablet":{"background-color":"var(--ast-global-color-5)","background-image":"","background-repeat":"repeat","background-position":"center center","background-size":"auto","background-attachment":"scroll","background-type":"","background-media":"","overlay-type":"","overlay-color":"","overlay-opacity":"","overlay-gradient":""},"mobile":{"background-color":"var(--ast-global-color-5)","background-image":"","background-repeat":"repeat","background-position":"center center","background-size":"auto","background-attachment":"scroll","background-type":"","background-media":"","overlay-type":"","overlay-color":"","overlay-opacity":"","overlay-gradient":""}},"footnotes":""},"categories":[48,43],"tags":[],"class_list":["post-11345","post","type-post","status-publish","format-standard","has-post-thumbnail","hentry","category-entretenimento","category-perambulando"],"yoast_head":"<!-- This site is optimized with the Yoast SEO plugin v27.0 - https:\/\/yoast.com\/product\/yoast-seo-wordpress\/ -->\n<title>Liniker encerra o Festival Estilo Brasil - LACKMAN &amp; CO.<\/title>\n<meta name=\"robots\" content=\"index, follow, max-snippet:-1, max-image-preview:large, max-video-preview:-1\" \/>\n<link rel=\"canonical\" href=\"https:\/\/lackman.com.br\/index.php\/2025\/12\/06\/liniker-encerra-o-festival-estilo-brasil\/\" \/>\n<meta property=\"og:locale\" content=\"pt_BR\" \/>\n<meta property=\"og:type\" content=\"article\" \/>\n<meta property=\"og:title\" content=\"Liniker encerra o Festival Estilo Brasil - LACKMAN &amp; CO.\" \/>\n<meta property=\"og:description\" content=\"Ap\u00f3s conquistar tr\u00eas Grammys Latino 2025, Liniker desembarca em Bras\u00edlia com o show\u00a0CAJU, no Centro de Conven\u00e7\u00f5es Ulysses, para encerrar a programa\u00e7\u00e3o do festival. O\u00a0Festival Estilo Brasil\u00a0encerra sua segunda edi\u00e7\u00e3o com o show de\u00a0Liniker, em\u00a014 de dezembro, no Centro de Conven\u00e7\u00f5es Ulysses. A artista \u00e9 dona de uma das vozes mais marcantes da m\u00fasica brasileira contempor\u00e2nea e retorna a Bras\u00edlia trazendo aos palcos o espet\u00e1culo\u00a0CAJU, elogiado pelo p\u00fablico e pela cr\u00edtica. A apresenta\u00e7\u00e3o acontece em meio ao reconhecimento internacional da carreira de\u00a0Liniker. No Grammy Latino 2025, a cantora venceu tr\u00eas categorias: Melhor Int\u00e9rprete Urbana em L\u00edngua Portuguesa, Melhor \u00c1lbum de Pop Contempor\u00e2neo em L\u00edngua Portuguesa (com\u00a0CAJU) e Melhor Can\u00e7\u00e3o em L\u00edngua Portuguesa (com\u00a0Veludo Marrom). As conquistas refor\u00e7am sua for\u00e7a art\u00edstica e a consolidam como um dos nomes mais importantes da m\u00fasica brasileira atual. Ap\u00f3s rodar o pa\u00eds com ingressos esgotados na\u00a0CAJU Tour\u00a0\u2014 incluindo\u00a0duas sess\u00f5es\u00a0sold out\u00a0em Bras\u00edlia, em abril\u00a0\u2014,\u00a0Liniker\u00a0volta \u00e0 capital para um reencontro especial com o p\u00fablico. No repert\u00f3rio, est\u00e3o faixas premiadas do \u00e1lbum, sucessos de diferentes fases da carreira e momentos que traduzem sua entrega emocional e est\u00e9tica no palco. \u201cEstou muito animada para retornar a Bras\u00edlia e encerrar os shows do ano com muita energia no Festival Estilo Brasil. \u00c9 muito especial fazer parte dessa celebra\u00e7\u00e3o da m\u00fasica brasileira. Com certeza ser\u00e1 inesquec\u00edvel\u201d, afirma Liniker. Ent\u00e3o, se voc\u00ea \u00e9 mesmo f\u00e3 da Diva, corre, pois ainda tem ingressos dispon\u00edveis a partir de R$189 (poltrona especial &#8211; sim, os mais em conta j\u00e1 acabaram), e eles podem ser adquiridos pelo site Bilheteria Digital.\u00a0 Para clientes de cart\u00f5es BB Visa, o parcelamento pode ser feito em at\u00e9 seis vezes sem juros. Al\u00e9m disso, clientes Banco do Brasil contam com benef\u00edcios em toda a jornada, como desconto no ingresso, entrada diferenciada e desconto na compra de vinhos para aproveitar o show com ainda mais estilo. Vale destacar ainda que o Festival Estilo Brasil tem o oferecimento do Banco do Brasil Estilo e patroc\u00ednio de cart\u00f5es BB Visa, Banco do Brasil e Governo Federal. A realiza\u00e7\u00e3o \u00e9 do Metr\u00f3poles, com produ\u00e7\u00e3o da Oh! Artes \u2014 um evento que reafirma Bras\u00edlia como palco da m\u00fasica brasileira, reunindo grandes nomes em um di\u00e1logo vibrante entre tradi\u00e7\u00e3o e contemporaneidade. E para quem chegou at\u00e9 o final do texto, clique aqui e assista ao v\u00eddeo que eu fiz para divulgar o assunto. Ficou t\u00e3o legal que voc\u00ea vai querer compartilhar para todo mundo , com certeza, ! Grand Finale! Festival Estilo Brasil com Liniker e sua turn\u00ea Caju \/ Centro de Conven\u00e7\u00f5es Ulysses &#8211; Bras\u00edlia \/ 14 de dezembro (domingo) &#8211; 20h \/ A partir de R$ 189 (poltrona especial) &#8211; Bilheteria Digital\u00a0 Fotos: Larissa Kreili\" \/>\n<meta property=\"og:url\" content=\"https:\/\/lackman.com.br\/index.php\/2025\/12\/06\/liniker-encerra-o-festival-estilo-brasil\/\" \/>\n<meta property=\"og:site_name\" content=\"LACKMAN &amp; CO.\" \/>\n<meta property=\"article:published_time\" content=\"2025-12-06T12:06:57+00:00\" \/>\n<meta property=\"article:modified_time\" content=\"2025-12-06T14:30:43+00:00\" \/>\n<meta property=\"og:image\" content=\"http:\/\/lackman.com.br\/wp-content\/uploads\/2025\/12\/08-Liniker_BSB_credits-Larissa-Kreili.jpg\" \/>\n\t<meta property=\"og:image:width\" content=\"2000\" \/>\n\t<meta property=\"og:image:height\" content=\"1334\" \/>\n\t<meta property=\"og:image:type\" content=\"image\/jpeg\" \/>\n<meta name=\"author\" content=\"Gilberto Evangelista - Colunista\" \/>\n<meta name=\"twitter:card\" content=\"summary_large_image\" \/>\n<meta name=\"twitter:label1\" content=\"Escrito por\" \/>\n\t<meta name=\"twitter:data1\" content=\"Gilberto Evangelista - Colunista\" \/>\n\t<meta name=\"twitter:label2\" content=\"Est. tempo de leitura\" \/>\n\t<meta name=\"twitter:data2\" content=\"3 minutos\" \/>\n<script type=\"application\/ld+json\" class=\"yoast-schema-graph\">{\"@context\":\"https:\/\/schema.org\",\"@graph\":[{\"@type\":\"Article\",\"@id\":\"https:\/\/lackman.com.br\/index.php\/2025\/12\/06\/liniker-encerra-o-festival-estilo-brasil\/#article\",\"isPartOf\":{\"@id\":\"https:\/\/lackman.com.br\/index.php\/2025\/12\/06\/liniker-encerra-o-festival-estilo-brasil\/\"},\"author\":{\"name\":\"Gilberto Evangelista - Colunista\",\"@id\":\"https:\/\/lackman.com.br\/#\/schema\/person\/8a2355f699593d21d4f0d25b69db5747\"},\"headline\":\"Liniker encerra o Festival Estilo Brasil\",\"datePublished\":\"2025-12-06T12:06:57+00:00\",\"dateModified\":\"2025-12-06T14:30:43+00:00\",\"mainEntityOfPage\":{\"@id\":\"https:\/\/lackman.com.br\/index.php\/2025\/12\/06\/liniker-encerra-o-festival-estilo-brasil\/\"},\"wordCount\":497,\"publisher\":{\"@id\":\"https:\/\/lackman.com.br\/#organization\"},\"image\":{\"@id\":\"https:\/\/lackman.com.br\/index.php\/2025\/12\/06\/liniker-encerra-o-festival-estilo-brasil\/#primaryimage\"},\"thumbnailUrl\":\"https:\/\/lackman.com.br\/wp-content\/uploads\/2025\/12\/08-Liniker_BSB_credits-Larissa-Kreili.jpg\",\"articleSection\":[\"Entretenimento\",\"Perambulando\"],\"inLanguage\":\"pt-BR\"},{\"@type\":\"WebPage\",\"@id\":\"https:\/\/lackman.com.br\/index.php\/2025\/12\/06\/liniker-encerra-o-festival-estilo-brasil\/\",\"url\":\"https:\/\/lackman.com.br\/index.php\/2025\/12\/06\/liniker-encerra-o-festival-estilo-brasil\/\",\"name\":\"Liniker encerra o Festival Estilo Brasil - LACKMAN &amp; CO.\",\"isPartOf\":{\"@id\":\"https:\/\/lackman.com.br\/#website\"},\"primaryImageOfPage\":{\"@id\":\"https:\/\/lackman.com.br\/index.php\/2025\/12\/06\/liniker-encerra-o-festival-estilo-brasil\/#primaryimage\"},\"image\":{\"@id\":\"https:\/\/lackman.com.br\/index.php\/2025\/12\/06\/liniker-encerra-o-festival-estilo-brasil\/#primaryimage\"},\"thumbnailUrl\":\"https:\/\/lackman.com.br\/wp-content\/uploads\/2025\/12\/08-Liniker_BSB_credits-Larissa-Kreili.jpg\",\"datePublished\":\"2025-12-06T12:06:57+00:00\",\"dateModified\":\"2025-12-06T14:30:43+00:00\",\"breadcrumb\":{\"@id\":\"https:\/\/lackman.com.br\/index.php\/2025\/12\/06\/liniker-encerra-o-festival-estilo-brasil\/#breadcrumb\"},\"inLanguage\":\"pt-BR\",\"potentialAction\":[{\"@type\":\"ReadAction\",\"target\":[\"https:\/\/lackman.com.br\/index.php\/2025\/12\/06\/liniker-encerra-o-festival-estilo-brasil\/\"]}]},{\"@type\":\"ImageObject\",\"inLanguage\":\"pt-BR\",\"@id\":\"https:\/\/lackman.com.br\/index.php\/2025\/12\/06\/liniker-encerra-o-festival-estilo-brasil\/#primaryimage\",\"url\":\"https:\/\/lackman.com.br\/wp-content\/uploads\/2025\/12\/08-Liniker_BSB_credits-Larissa-Kreili.jpg\",\"contentUrl\":\"https:\/\/lackman.com.br\/wp-content\/uploads\/2025\/12\/08-Liniker_BSB_credits-Larissa-Kreili.jpg\",\"width\":2000,\"height\":1334},{\"@type\":\"BreadcrumbList\",\"@id\":\"https:\/\/lackman.com.br\/index.php\/2025\/12\/06\/liniker-encerra-o-festival-estilo-brasil\/#breadcrumb\",\"itemListElement\":[{\"@type\":\"ListItem\",\"position\":1,\"name\":\"In\u00edcio\",\"item\":\"https:\/\/lackman.com.br\/\"},{\"@type\":\"ListItem\",\"position\":2,\"name\":\"Liniker encerra o Festival Estilo Brasil\"}]},{\"@type\":\"WebSite\",\"@id\":\"https:\/\/lackman.com.br\/#website\",\"url\":\"https:\/\/lackman.com.br\/\",\"name\":\"LACKMAN &amp; CO.\",\"description\":\"VIDA | MODA | ARTE\",\"publisher\":{\"@id\":\"https:\/\/lackman.com.br\/#organization\"},\"potentialAction\":[{\"@type\":\"SearchAction\",\"target\":{\"@type\":\"EntryPoint\",\"urlTemplate\":\"https:\/\/lackman.com.br\/?s={search_term_string}\"},\"query-input\":{\"@type\":\"PropertyValueSpecification\",\"valueRequired\":true,\"valueName\":\"search_term_string\"}}],\"inLanguage\":\"pt-BR\"},{\"@type\":\"Organization\",\"@id\":\"https:\/\/lackman.com.br\/#organization\",\"name\":\"LACKMAN &amp; CO.\",\"url\":\"https:\/\/lackman.com.br\/\",\"logo\":{\"@type\":\"ImageObject\",\"inLanguage\":\"pt-BR\",\"@id\":\"https:\/\/lackman.com.br\/#\/schema\/logo\/image\/\",\"url\":\"https:\/\/lackman.com.br\/wp-content\/uploads\/2023\/06\/Logotipo_preto-1.png\",\"contentUrl\":\"https:\/\/lackman.com.br\/wp-content\/uploads\/2023\/06\/Logotipo_preto-1.png\",\"width\":739,\"height\":393,\"caption\":\"LACKMAN &amp; CO.\"},\"image\":{\"@id\":\"https:\/\/lackman.com.br\/#\/schema\/logo\/image\/\"}},{\"@type\":\"Person\",\"@id\":\"https:\/\/lackman.com.br\/#\/schema\/person\/8a2355f699593d21d4f0d25b69db5747\",\"name\":\"Gilberto Evangelista - Colunista\",\"image\":{\"@type\":\"ImageObject\",\"inLanguage\":\"pt-BR\",\"@id\":\"https:\/\/lackman.com.br\/#\/schema\/person\/image\/\",\"url\":\"https:\/\/secure.gravatar.com\/avatar\/cea9badf02f8a90f7a745f2cbea45fda61f65711ec015e2faf3809cca6337c28?s=96&d=mm&r=g\",\"contentUrl\":\"https:\/\/secure.gravatar.com\/avatar\/cea9badf02f8a90f7a745f2cbea45fda61f65711ec015e2faf3809cca6337c28?s=96&d=mm&r=g\",\"caption\":\"Gilberto Evangelista - Colunista\"},\"description\":\"Jornalista e globetrotter.\",\"url\":\"https:\/\/lackman.com.br\/index.php\/author\/gilberto-brito\/\"}]}<\/script>\n<!-- \/ Yoast SEO plugin. -->","yoast_head_json":{"title":"Liniker encerra o Festival Estilo Brasil - LACKMAN &amp; CO.","robots":{"index":"index","follow":"follow","max-snippet":"max-snippet:-1","max-image-preview":"max-image-preview:large","max-video-preview":"max-video-preview:-1"},"canonical":"https:\/\/lackman.com.br\/index.php\/2025\/12\/06\/liniker-encerra-o-festival-estilo-brasil\/","og_locale":"pt_BR","og_type":"article","og_title":"Liniker encerra o Festival Estilo Brasil - LACKMAN &amp; CO.","og_description":"Ap\u00f3s conquistar tr\u00eas Grammys Latino 2025, Liniker desembarca em Bras\u00edlia com o show\u00a0CAJU, no Centro de Conven\u00e7\u00f5es Ulysses, para encerrar a programa\u00e7\u00e3o do festival. O\u00a0Festival Estilo Brasil\u00a0encerra sua segunda edi\u00e7\u00e3o com o show de\u00a0Liniker, em\u00a014 de dezembro, no Centro de Conven\u00e7\u00f5es Ulysses. A artista \u00e9 dona de uma das vozes mais marcantes da m\u00fasica brasileira contempor\u00e2nea e retorna a Bras\u00edlia trazendo aos palcos o espet\u00e1culo\u00a0CAJU, elogiado pelo p\u00fablico e pela cr\u00edtica. A apresenta\u00e7\u00e3o acontece em meio ao reconhecimento internacional da carreira de\u00a0Liniker. No Grammy Latino 2025, a cantora venceu tr\u00eas categorias: Melhor Int\u00e9rprete Urbana em L\u00edngua Portuguesa, Melhor \u00c1lbum de Pop Contempor\u00e2neo em L\u00edngua Portuguesa (com\u00a0CAJU) e Melhor Can\u00e7\u00e3o em L\u00edngua Portuguesa (com\u00a0Veludo Marrom). As conquistas refor\u00e7am sua for\u00e7a art\u00edstica e a consolidam como um dos nomes mais importantes da m\u00fasica brasileira atual. Ap\u00f3s rodar o pa\u00eds com ingressos esgotados na\u00a0CAJU Tour\u00a0\u2014 incluindo\u00a0duas sess\u00f5es\u00a0sold out\u00a0em Bras\u00edlia, em abril\u00a0\u2014,\u00a0Liniker\u00a0volta \u00e0 capital para um reencontro especial com o p\u00fablico. No repert\u00f3rio, est\u00e3o faixas premiadas do \u00e1lbum, sucessos de diferentes fases da carreira e momentos que traduzem sua entrega emocional e est\u00e9tica no palco. \u201cEstou muito animada para retornar a Bras\u00edlia e encerrar os shows do ano com muita energia no Festival Estilo Brasil. \u00c9 muito especial fazer parte dessa celebra\u00e7\u00e3o da m\u00fasica brasileira. Com certeza ser\u00e1 inesquec\u00edvel\u201d, afirma Liniker. Ent\u00e3o, se voc\u00ea \u00e9 mesmo f\u00e3 da Diva, corre, pois ainda tem ingressos dispon\u00edveis a partir de R$189 (poltrona especial &#8211; sim, os mais em conta j\u00e1 acabaram), e eles podem ser adquiridos pelo site Bilheteria Digital.\u00a0 Para clientes de cart\u00f5es BB Visa, o parcelamento pode ser feito em at\u00e9 seis vezes sem juros. Al\u00e9m disso, clientes Banco do Brasil contam com benef\u00edcios em toda a jornada, como desconto no ingresso, entrada diferenciada e desconto na compra de vinhos para aproveitar o show com ainda mais estilo. Vale destacar ainda que o Festival Estilo Brasil tem o oferecimento do Banco do Brasil Estilo e patroc\u00ednio de cart\u00f5es BB Visa, Banco do Brasil e Governo Federal. A realiza\u00e7\u00e3o \u00e9 do Metr\u00f3poles, com produ\u00e7\u00e3o da Oh! Artes \u2014 um evento que reafirma Bras\u00edlia como palco da m\u00fasica brasileira, reunindo grandes nomes em um di\u00e1logo vibrante entre tradi\u00e7\u00e3o e contemporaneidade. E para quem chegou at\u00e9 o final do texto, clique aqui e assista ao v\u00eddeo que eu fiz para divulgar o assunto. Ficou t\u00e3o legal que voc\u00ea vai querer compartilhar para todo mundo , com certeza, ! Grand Finale! Festival Estilo Brasil com Liniker e sua turn\u00ea Caju \/ Centro de Conven\u00e7\u00f5es Ulysses &#8211; Bras\u00edlia \/ 14 de dezembro (domingo) &#8211; 20h \/ A partir de R$ 189 (poltrona especial) &#8211; Bilheteria Digital\u00a0 Fotos: Larissa Kreili","og_url":"https:\/\/lackman.com.br\/index.php\/2025\/12\/06\/liniker-encerra-o-festival-estilo-brasil\/","og_site_name":"LACKMAN &amp; CO.","article_published_time":"2025-12-06T12:06:57+00:00","article_modified_time":"2025-12-06T14:30:43+00:00","og_image":[{"width":2000,"height":1334,"url":"http:\/\/lackman.com.br\/wp-content\/uploads\/2025\/12\/08-Liniker_BSB_credits-Larissa-Kreili.jpg","type":"image\/jpeg"}],"author":"Gilberto Evangelista - Colunista","twitter_card":"summary_large_image","twitter_misc":{"Escrito por":"Gilberto Evangelista - Colunista","Est. tempo de leitura":"3 minutos"},"schema":{"@context":"https:\/\/schema.org","@graph":[{"@type":"Article","@id":"https:\/\/lackman.com.br\/index.php\/2025\/12\/06\/liniker-encerra-o-festival-estilo-brasil\/#article","isPartOf":{"@id":"https:\/\/lackman.com.br\/index.php\/2025\/12\/06\/liniker-encerra-o-festival-estilo-brasil\/"},"author":{"name":"Gilberto Evangelista - Colunista","@id":"https:\/\/lackman.com.br\/#\/schema\/person\/8a2355f699593d21d4f0d25b69db5747"},"headline":"Liniker encerra o Festival Estilo Brasil","datePublished":"2025-12-06T12:06:57+00:00","dateModified":"2025-12-06T14:30:43+00:00","mainEntityOfPage":{"@id":"https:\/\/lackman.com.br\/index.php\/2025\/12\/06\/liniker-encerra-o-festival-estilo-brasil\/"},"wordCount":497,"publisher":{"@id":"https:\/\/lackman.com.br\/#organization"},"image":{"@id":"https:\/\/lackman.com.br\/index.php\/2025\/12\/06\/liniker-encerra-o-festival-estilo-brasil\/#primaryimage"},"thumbnailUrl":"https:\/\/lackman.com.br\/wp-content\/uploads\/2025\/12\/08-Liniker_BSB_credits-Larissa-Kreili.jpg","articleSection":["Entretenimento","Perambulando"],"inLanguage":"pt-BR"},{"@type":"WebPage","@id":"https:\/\/lackman.com.br\/index.php\/2025\/12\/06\/liniker-encerra-o-festival-estilo-brasil\/","url":"https:\/\/lackman.com.br\/index.php\/2025\/12\/06\/liniker-encerra-o-festival-estilo-brasil\/","name":"Liniker encerra o Festival Estilo Brasil - LACKMAN &amp; CO.","isPartOf":{"@id":"https:\/\/lackman.com.br\/#website"},"primaryImageOfPage":{"@id":"https:\/\/lackman.com.br\/index.php\/2025\/12\/06\/liniker-encerra-o-festival-estilo-brasil\/#primaryimage"},"image":{"@id":"https:\/\/lackman.com.br\/index.php\/2025\/12\/06\/liniker-encerra-o-festival-estilo-brasil\/#primaryimage"},"thumbnailUrl":"https:\/\/lackman.com.br\/wp-content\/uploads\/2025\/12\/08-Liniker_BSB_credits-Larissa-Kreili.jpg","datePublished":"2025-12-06T12:06:57+00:00","dateModified":"2025-12-06T14:30:43+00:00","breadcrumb":{"@id":"https:\/\/lackman.com.br\/index.php\/2025\/12\/06\/liniker-encerra-o-festival-estilo-brasil\/#breadcrumb"},"inLanguage":"pt-BR","potentialAction":[{"@type":"ReadAction","target":["https:\/\/lackman.com.br\/index.php\/2025\/12\/06\/liniker-encerra-o-festival-estilo-brasil\/"]}]},{"@type":"ImageObject","inLanguage":"pt-BR","@id":"https:\/\/lackman.com.br\/index.php\/2025\/12\/06\/liniker-encerra-o-festival-estilo-brasil\/#primaryimage","url":"https:\/\/lackman.com.br\/wp-content\/uploads\/2025\/12\/08-Liniker_BSB_credits-Larissa-Kreili.jpg","contentUrl":"https:\/\/lackman.com.br\/wp-content\/uploads\/2025\/12\/08-Liniker_BSB_credits-Larissa-Kreili.jpg","width":2000,"height":1334},{"@type":"BreadcrumbList","@id":"https:\/\/lackman.com.br\/index.php\/2025\/12\/06\/liniker-encerra-o-festival-estilo-brasil\/#breadcrumb","itemListElement":[{"@type":"ListItem","position":1,"name":"In\u00edcio","item":"https:\/\/lackman.com.br\/"},{"@type":"ListItem","position":2,"name":"Liniker encerra o Festival Estilo Brasil"}]},{"@type":"WebSite","@id":"https:\/\/lackman.com.br\/#website","url":"https:\/\/lackman.com.br\/","name":"LACKMAN &amp; CO.","description":"VIDA | MODA | ARTE","publisher":{"@id":"https:\/\/lackman.com.br\/#organization"},"potentialAction":[{"@type":"SearchAction","target":{"@type":"EntryPoint","urlTemplate":"https:\/\/lackman.com.br\/?s={search_term_string}"},"query-input":{"@type":"PropertyValueSpecification","valueRequired":true,"valueName":"search_term_string"}}],"inLanguage":"pt-BR"},{"@type":"Organization","@id":"https:\/\/lackman.com.br\/#organization","name":"LACKMAN &amp; CO.","url":"https:\/\/lackman.com.br\/","logo":{"@type":"ImageObject","inLanguage":"pt-BR","@id":"https:\/\/lackman.com.br\/#\/schema\/logo\/image\/","url":"https:\/\/lackman.com.br\/wp-content\/uploads\/2023\/06\/Logotipo_preto-1.png","contentUrl":"https:\/\/lackman.com.br\/wp-content\/uploads\/2023\/06\/Logotipo_preto-1.png","width":739,"height":393,"caption":"LACKMAN &amp; CO."},"image":{"@id":"https:\/\/lackman.com.br\/#\/schema\/logo\/image\/"}},{"@type":"Person","@id":"https:\/\/lackman.com.br\/#\/schema\/person\/8a2355f699593d21d4f0d25b69db5747","name":"Gilberto Evangelista - Colunista","image":{"@type":"ImageObject","inLanguage":"pt-BR","@id":"https:\/\/lackman.com.br\/#\/schema\/person\/image\/","url":"https:\/\/secure.gravatar.com\/avatar\/cea9badf02f8a90f7a745f2cbea45fda61f65711ec015e2faf3809cca6337c28?s=96&d=mm&r=g","contentUrl":"https:\/\/secure.gravatar.com\/avatar\/cea9badf02f8a90f7a745f2cbea45fda61f65711ec015e2faf3809cca6337c28?s=96&d=mm&r=g","caption":"Gilberto Evangelista - Colunista"},"description":"Jornalista e globetrotter.","url":"https:\/\/lackman.com.br\/index.php\/author\/gilberto-brito\/"}]}},"rttpg_featured_image_url":{"full":["https:\/\/lackman.com.br\/wp-content\/uploads\/2025\/12\/08-Liniker_BSB_credits-Larissa-Kreili.jpg",2000,1334,false],"landscape":["https:\/\/lackman.com.br\/wp-content\/uploads\/2025\/12\/08-Liniker_BSB_credits-Larissa-Kreili.jpg",2000,1334,false],"portraits":["https:\/\/lackman.com.br\/wp-content\/uploads\/2025\/12\/08-Liniker_BSB_credits-Larissa-Kreili.jpg",2000,1334,false],"thumbnail":["https:\/\/lackman.com.br\/wp-content\/uploads\/2025\/12\/08-Liniker_BSB_credits-Larissa-Kreili-150x150.jpg",150,150,true],"medium":["https:\/\/lackman.com.br\/wp-content\/uploads\/2025\/12\/08-Liniker_BSB_credits-Larissa-Kreili-300x200.jpg",300,200,true],"large":["https:\/\/lackman.com.br\/wp-content\/uploads\/2025\/12\/08-Liniker_BSB_credits-Larissa-Kreili-1024x683.jpg",1024,683,true],"RoboGalleryMansoryImagesCenter":["https:\/\/lackman.com.br\/wp-content\/uploads\/2025\/12\/08-Liniker_BSB_credits-Larissa-Kreili-600x1024.jpg",600,1024,true],"RoboGalleryPreload":["https:\/\/lackman.com.br\/wp-content\/uploads\/2025\/12\/08-Liniker_BSB_credits-Larissa-Kreili-100x67.jpg",100,67,true],"1536x1536":["https:\/\/lackman.com.br\/wp-content\/uploads\/2025\/12\/08-Liniker_BSB_credits-Larissa-Kreili-1536x1025.jpg",1536,1025,true],"2048x2048":["https:\/\/lackman.com.br\/wp-content\/uploads\/2025\/12\/08-Liniker_BSB_credits-Larissa-Kreili.jpg",2000,1334,false]},"rttpg_author":{"display_name":"Gilberto Evangelista - Colunista","author_link":"https:\/\/lackman.com.br\/index.php\/author\/gilberto-brito\/"},"rttpg_comment":0,"rttpg_category":"<a href=\"https:\/\/lackman.com.br\/index.php\/category\/arte\/entretenimento\/\" rel=\"category tag\">Entretenimento<\/a> <a href=\"https:\/\/lackman.com.br\/index.php\/category\/vida\/perambulando\/\" rel=\"category tag\">Perambulando<\/a>","rttpg_excerpt":"Ap\u00f3s conquistar tr\u00eas Grammys Latino 2025, Liniker desembarca em Bras\u00edlia com o show\u00a0CAJU, no Centro de Conven\u00e7\u00f5es Ulysses, para encerrar a programa\u00e7\u00e3o do festival. O\u00a0Festival Estilo Brasil\u00a0encerra sua segunda edi\u00e7\u00e3o com o show de\u00a0Liniker, em\u00a014 de dezembro, no Centro de Conven\u00e7\u00f5es Ulysses. A artista \u00e9 dona de uma das vozes mais marcantes da m\u00fasica brasileira&hellip;","_links":{"self":[{"href":"https:\/\/lackman.com.br\/index.php\/wp-json\/wp\/v2\/posts\/11345","targetHints":{"allow":["GET"]}}],"collection":[{"href":"https:\/\/lackman.com.br\/index.php\/wp-json\/wp\/v2\/posts"}],"about":[{"href":"https:\/\/lackman.com.br\/index.php\/wp-json\/wp\/v2\/types\/post"}],"author":[{"embeddable":true,"href":"https:\/\/lackman.com.br\/index.php\/wp-json\/wp\/v2\/users\/6"}],"replies":[{"embeddable":true,"href":"https:\/\/lackman.com.br\/index.php\/wp-json\/wp\/v2\/comments?post=11345"}],"version-history":[{"count":3,"href":"https:\/\/lackman.com.br\/index.php\/wp-json\/wp\/v2\/posts\/11345\/revisions"}],"predecessor-version":[{"id":11353,"href":"https:\/\/lackman.com.br\/index.php\/wp-json\/wp\/v2\/posts\/11345\/revisions\/11353"}],"wp:featuredmedia":[{"embeddable":true,"href":"https:\/\/lackman.com.br\/index.php\/wp-json\/wp\/v2\/media\/11346"}],"wp:attachment":[{"href":"https:\/\/lackman.com.br\/index.php\/wp-json\/wp\/v2\/media?parent=11345"}],"wp:term":[{"taxonomy":"category","embeddable":true,"href":"https:\/\/lackman.com.br\/index.php\/wp-json\/wp\/v2\/categories?post=11345"},{"taxonomy":"post_tag","embeddable":true,"href":"https:\/\/lackman.com.br\/index.php\/wp-json\/wp\/v2\/tags?post=11345"}],"curies":[{"name":"wp","href":"https:\/\/api.w.org\/{rel}","templated":true}]}}