{"id":11331,"date":"2025-12-04T17:57:45","date_gmt":"2025-12-04T20:57:45","guid":{"rendered":"https:\/\/lackman.com.br\/?p=11331"},"modified":"2025-12-04T21:17:39","modified_gmt":"2025-12-05T00:17:39","slug":"mulheres-pretas-transformam-memorias-em-futuro-com-livro-fufu-ajayo","status":"publish","type":"post","link":"https:\/\/lackman.com.br\/index.php\/2025\/12\/04\/mulheres-pretas-transformam-memorias-em-futuro-com-livro-fufu-ajayo\/","title":{"rendered":"Mulheres da Estrutural criam mem\u00f3rias em livro"},"content":{"rendered":"<h4><strong><em><span style=\"font-size: 16px; -webkit-text-size-adjust: 100%;\">\u201cFufu Ajay\u00f4\u201d registra forma\u00e7\u00e3o gratuita que uniu culin\u00e1ria, identidade e gest\u00e3o de neg\u00f3cios na periferia do DF<\/span><\/em><\/strong><\/h4>\n<p>A Cidade Estrutural, no Distrito Federal, \u00e9 o ber\u00e7o do livro Fufu Ajay\u00f4 \u2013 Empreendedorismo Feminino e Alimenta\u00e7\u00e3o Ancestral, publica\u00e7\u00e3o que re\u00fane relatos, receitas e reflex\u00f5es produzidas por mulheres negras e LGBTQIAPN+ durante um curso gratuito de gastronomia ancestral e gest\u00e3o de pequenos neg\u00f3cios.<\/p>\n<figure id=\"attachment_11333\" aria-describedby=\"caption-attachment-11333\" style=\"width: 1024px\" class=\"wp-caption aligncenter\"><img fetchpriority=\"high\" decoding=\"async\" class=\"size-large wp-image-11333\" src=\"http:\/\/lackman.com.br\/wp-content\/uploads\/2025\/12\/1a1f7656-eeba-44b1-987b-6bb8f30cfa8b-1024x819.jpeg\" alt=\"\" width=\"1024\" height=\"819\" srcset=\"https:\/\/lackman.com.br\/wp-content\/uploads\/2025\/12\/1a1f7656-eeba-44b1-987b-6bb8f30cfa8b-1024x819.jpeg 1024w, https:\/\/lackman.com.br\/wp-content\/uploads\/2025\/12\/1a1f7656-eeba-44b1-987b-6bb8f30cfa8b-300x240.jpeg 300w, https:\/\/lackman.com.br\/wp-content\/uploads\/2025\/12\/1a1f7656-eeba-44b1-987b-6bb8f30cfa8b-768x614.jpeg 768w, https:\/\/lackman.com.br\/wp-content\/uploads\/2025\/12\/1a1f7656-eeba-44b1-987b-6bb8f30cfa8b-100x80.jpeg 100w, https:\/\/lackman.com.br\/wp-content\/uploads\/2025\/12\/1a1f7656-eeba-44b1-987b-6bb8f30cfa8b-1536x1229.jpeg 1536w, https:\/\/lackman.com.br\/wp-content\/uploads\/2025\/12\/1a1f7656-eeba-44b1-987b-6bb8f30cfa8b.jpeg 1599w\" sizes=\"(max-width: 1024px) 100vw, 1024px\" \/><figcaption id=\"caption-attachment-11333\" class=\"wp-caption-text\"><strong> Idealizadora do projeto, Ray Preta<\/strong><\/figcaption><\/figure>\n<p>Idealizado por Ray Preta, o projeto foi desenvolvido ao longo de dois meses e transformou a cozinha em espa\u00e7o de troca, cura e fortalecimento de hist\u00f3rias. \u201cO Fufu Ajay\u00f4 nasceu para reconectar mulheres negras \u00e0 pr\u00f3pria trajet\u00f3ria na comida. Cozinhar \u00e9 mem\u00f3ria, afeto e ato pol\u00edtico \u2014 e foi isso que vimos acontecer\u201d, afirma Ray.<\/p>\n<h5><strong>Da panela ao papel<\/strong><\/h5>\n<p>As oficinas estimularam a cria\u00e7\u00e3o de receitas autorais e conversas sobre territ\u00f3rio, identidade e v\u00ednculos familiares. Gestos cotidianos \u2014 lavar folhas, mexer panelas, sentir o cheiro do fogo \u2014 tornaram-se narrativas reunidas no livro, que busca valorizar saberes ancestrais muitas vezes invisibilizados.<\/p>\n<figure id=\"attachment_11332\" aria-describedby=\"caption-attachment-11332\" style=\"width: 1024px\" class=\"wp-caption aligncenter\"><img decoding=\"async\" class=\"size-large wp-image-11332\" src=\"http:\/\/lackman.com.br\/wp-content\/uploads\/2025\/12\/2c527db7-47b8-4ff5-afa9-5bdf5b130b76-1024x768.jpeg\" alt=\"\" width=\"1024\" height=\"768\" srcset=\"https:\/\/lackman.com.br\/wp-content\/uploads\/2025\/12\/2c527db7-47b8-4ff5-afa9-5bdf5b130b76-1024x768.jpeg 1024w, https:\/\/lackman.com.br\/wp-content\/uploads\/2025\/12\/2c527db7-47b8-4ff5-afa9-5bdf5b130b76-300x225.jpeg 300w, https:\/\/lackman.com.br\/wp-content\/uploads\/2025\/12\/2c527db7-47b8-4ff5-afa9-5bdf5b130b76-768x576.jpeg 768w, https:\/\/lackman.com.br\/wp-content\/uploads\/2025\/12\/2c527db7-47b8-4ff5-afa9-5bdf5b130b76-100x75.jpeg 100w, https:\/\/lackman.com.br\/wp-content\/uploads\/2025\/12\/2c527db7-47b8-4ff5-afa9-5bdf5b130b76-1536x1152.jpeg 1536w, https:\/\/lackman.com.br\/wp-content\/uploads\/2025\/12\/2c527db7-47b8-4ff5-afa9-5bdf5b130b76.jpeg 1600w\" sizes=\"(max-width: 1024px) 100vw, 1024px\" \/><figcaption id=\"caption-attachment-11332\" class=\"wp-caption-text\"><strong> Receita destaque: Pir\u00e3o de Carne de Sol com Mandioca<\/strong><\/figcaption><\/figure>\n<p>A publica\u00e7\u00e3o tamb\u00e9m evidencia impactos concretos: alunas j\u00e1 est\u00e3o desenvolvendo projetos para editais culturais, planejando neg\u00f3cios gastron\u00f4micos e ocupando o cen\u00e1rio do empreendedorismo alimentar na periferia.<\/p>\n<p>Sem evento de lan\u00e7amento, os exemplares ser\u00e3o distribu\u00eddos gratuitamente \u00e0s participantes, oficineiras, juradas convidadas, equipe de produ\u00e7\u00e3o e ao Coletivo da Cidade, onde ficar\u00e3o dispon\u00edveis para consulta p\u00fablica.<\/p>\n<hr \/>\n<pre>Fotos: Divulga\u00e7\u00e3o<\/pre>\n","protected":false},"excerpt":{"rendered":"<p>\u201cFufu Ajay\u00f4\u201d registra forma\u00e7\u00e3o gratuita que uniu culin\u00e1ria, identidade e gest\u00e3o de neg\u00f3cios na periferia do DF A Cidade Estrutural, no Distrito Federal, \u00e9 o ber\u00e7o do livro Fufu Ajay\u00f4 \u2013 Empreendedorismo Feminino e Alimenta\u00e7\u00e3o Ancestral, publica\u00e7\u00e3o que re\u00fane relatos, receitas e reflex\u00f5es produzidas por mulheres negras e LGBTQIAPN+ durante um curso gratuito de gastronomia ancestral e gest\u00e3o de pequenos neg\u00f3cios. Idealizado por Ray Preta, o projeto foi desenvolvido ao longo de dois meses e transformou a cozinha em espa\u00e7o de troca, cura e fortalecimento de hist\u00f3rias. \u201cO Fufu Ajay\u00f4 nasceu para reconectar mulheres negras \u00e0 pr\u00f3pria trajet\u00f3ria na comida. Cozinhar \u00e9 mem\u00f3ria, afeto e ato pol\u00edtico \u2014 e foi isso que vimos acontecer\u201d, afirma Ray. Da panela ao papel As oficinas estimularam a cria\u00e7\u00e3o de receitas autorais e conversas sobre territ\u00f3rio, identidade e v\u00ednculos familiares. Gestos cotidianos \u2014 lavar folhas, mexer panelas, sentir o cheiro do fogo \u2014 tornaram-se narrativas reunidas no livro, que busca valorizar saberes ancestrais muitas vezes invisibilizados. A publica\u00e7\u00e3o tamb\u00e9m evidencia impactos concretos: alunas j\u00e1 est\u00e3o desenvolvendo projetos para editais culturais, planejando neg\u00f3cios gastron\u00f4micos e ocupando o cen\u00e1rio do empreendedorismo alimentar na periferia. Sem evento de lan\u00e7amento, os exemplares ser\u00e3o distribu\u00eddos gratuitamente \u00e0s participantes, oficineiras, juradas convidadas, equipe de produ\u00e7\u00e3o e ao Coletivo da Cidade, onde ficar\u00e3o dispon\u00edveis para consulta p\u00fablica. Fotos: Divulga\u00e7\u00e3o<\/p>\n","protected":false},"author":2,"featured_media":11334,"comment_status":"closed","ping_status":"open","sticky":false,"template":"","format":"standard","meta":{"site-sidebar-layout":"default","site-content-layout":"","ast-site-content-layout":"default","site-content-style":"default","site-sidebar-style":"default","ast-global-header-display":"","ast-banner-title-visibility":"","ast-main-header-display":"","ast-hfb-above-header-display":"","ast-hfb-below-header-display":"","ast-hfb-mobile-header-display":"","site-post-title":"","ast-breadcrumbs-content":"","ast-featured-img":"","footer-sml-layout":"","ast-disable-related-posts":"","theme-transparent-header-meta":"default","adv-header-id-meta":"","stick-header-meta":"","header-above-stick-meta":"","header-main-stick-meta":"","header-below-stick-meta":"","astra-migrate-meta-layouts":"set","ast-page-background-enabled":"default","ast-page-background-meta":{"desktop":{"background-color":"","background-image":"","background-repeat":"repeat","background-position":"center center","background-size":"auto","background-attachment":"scroll","background-type":"","background-media":"","overlay-type":"","overlay-color":"","overlay-opacity":"","overlay-gradient":""},"tablet":{"background-color":"","background-image":"","background-repeat":"repeat","background-position":"center center","background-size":"auto","background-attachment":"scroll","background-type":"","background-media":"","overlay-type":"","overlay-color":"","overlay-opacity":"","overlay-gradient":""},"mobile":{"background-color":"","background-image":"","background-repeat":"repeat","background-position":"center center","background-size":"auto","background-attachment":"scroll","background-type":"","background-media":"","overlay-type":"","overlay-color":"","overlay-opacity":"","overlay-gradient":""}},"ast-content-background-meta":{"desktop":{"background-color":"var(--ast-global-color-5)","background-image":"","background-repeat":"repeat","background-position":"center center","background-size":"auto","background-attachment":"scroll","background-type":"","background-media":"","overlay-type":"","overlay-color":"","overlay-opacity":"","overlay-gradient":""},"tablet":{"background-color":"var(--ast-global-color-5)","background-image":"","background-repeat":"repeat","background-position":"center center","background-size":"auto","background-attachment":"scroll","background-type":"","background-media":"","overlay-type":"","overlay-color":"","overlay-opacity":"","overlay-gradient":""},"mobile":{"background-color":"var(--ast-global-color-5)","background-image":"","background-repeat":"repeat","background-position":"center center","background-size":"auto","background-attachment":"scroll","background-type":"","background-media":"","overlay-type":"","overlay-color":"","overlay-opacity":"","overlay-gradient":""}},"footnotes":""},"categories":[44,41],"tags":[],"class_list":["post-11331","post","type-post","status-publish","format-standard","has-post-thumbnail","hentry","category-capital-e-politica","category-vida"],"yoast_head":"<!-- This site is optimized with the Yoast SEO plugin v27.0 - https:\/\/yoast.com\/product\/yoast-seo-wordpress\/ -->\n<title>Mulheres da Estrutural criam mem\u00f3rias em livro - LACKMAN &amp; CO.<\/title>\n<meta name=\"robots\" content=\"index, follow, max-snippet:-1, max-image-preview:large, max-video-preview:-1\" \/>\n<link rel=\"canonical\" href=\"https:\/\/lackman.com.br\/index.php\/2025\/12\/04\/mulheres-pretas-transformam-memorias-em-futuro-com-livro-fufu-ajayo\/\" \/>\n<meta property=\"og:locale\" content=\"pt_BR\" \/>\n<meta property=\"og:type\" content=\"article\" \/>\n<meta property=\"og:title\" content=\"Mulheres da Estrutural criam mem\u00f3rias em livro - LACKMAN &amp; CO.\" \/>\n<meta property=\"og:description\" content=\"\u201cFufu Ajay\u00f4\u201d registra forma\u00e7\u00e3o gratuita que uniu culin\u00e1ria, identidade e gest\u00e3o de neg\u00f3cios na periferia do DF A Cidade Estrutural, no Distrito Federal, \u00e9 o ber\u00e7o do livro Fufu Ajay\u00f4 \u2013 Empreendedorismo Feminino e Alimenta\u00e7\u00e3o Ancestral, publica\u00e7\u00e3o que re\u00fane relatos, receitas e reflex\u00f5es produzidas por mulheres negras e LGBTQIAPN+ durante um curso gratuito de gastronomia ancestral e gest\u00e3o de pequenos neg\u00f3cios. Idealizado por Ray Preta, o projeto foi desenvolvido ao longo de dois meses e transformou a cozinha em espa\u00e7o de troca, cura e fortalecimento de hist\u00f3rias. \u201cO Fufu Ajay\u00f4 nasceu para reconectar mulheres negras \u00e0 pr\u00f3pria trajet\u00f3ria na comida. Cozinhar \u00e9 mem\u00f3ria, afeto e ato pol\u00edtico \u2014 e foi isso que vimos acontecer\u201d, afirma Ray. Da panela ao papel As oficinas estimularam a cria\u00e7\u00e3o de receitas autorais e conversas sobre territ\u00f3rio, identidade e v\u00ednculos familiares. Gestos cotidianos \u2014 lavar folhas, mexer panelas, sentir o cheiro do fogo \u2014 tornaram-se narrativas reunidas no livro, que busca valorizar saberes ancestrais muitas vezes invisibilizados. A publica\u00e7\u00e3o tamb\u00e9m evidencia impactos concretos: alunas j\u00e1 est\u00e3o desenvolvendo projetos para editais culturais, planejando neg\u00f3cios gastron\u00f4micos e ocupando o cen\u00e1rio do empreendedorismo alimentar na periferia. Sem evento de lan\u00e7amento, os exemplares ser\u00e3o distribu\u00eddos gratuitamente \u00e0s participantes, oficineiras, juradas convidadas, equipe de produ\u00e7\u00e3o e ao Coletivo da Cidade, onde ficar\u00e3o dispon\u00edveis para consulta p\u00fablica. Fotos: Divulga\u00e7\u00e3o\" \/>\n<meta property=\"og:url\" content=\"https:\/\/lackman.com.br\/index.php\/2025\/12\/04\/mulheres-pretas-transformam-memorias-em-futuro-com-livro-fufu-ajayo\/\" \/>\n<meta property=\"og:site_name\" content=\"LACKMAN &amp; CO.\" \/>\n<meta property=\"article:author\" content=\"https:\/\/www.facebook.com\/fernandolackman\" \/>\n<meta property=\"article:published_time\" content=\"2025-12-04T20:57:45+00:00\" \/>\n<meta property=\"article:modified_time\" content=\"2025-12-05T00:17:39+00:00\" \/>\n<meta property=\"og:image\" content=\"http:\/\/lackman.com.br\/wp-content\/uploads\/2025\/12\/4128c5c7-a079-4bd1-bd0f-ae198c3cc588.jpeg\" \/>\n\t<meta property=\"og:image:width\" content=\"1600\" \/>\n\t<meta property=\"og:image:height\" content=\"1353\" \/>\n\t<meta property=\"og:image:type\" content=\"image\/jpeg\" \/>\n<meta name=\"author\" content=\"Fernando Lackman\" \/>\n<meta name=\"twitter:card\" content=\"summary_large_image\" \/>\n<meta name=\"twitter:creator\" content=\"@fernandolackman\" \/>\n<meta name=\"twitter:label1\" content=\"Escrito por\" \/>\n\t<meta name=\"twitter:data1\" content=\"Fernando Lackman\" \/>\n\t<meta name=\"twitter:label2\" content=\"Est. tempo de leitura\" \/>\n\t<meta name=\"twitter:data2\" content=\"2 minutos\" \/>\n<script type=\"application\/ld+json\" class=\"yoast-schema-graph\">{\"@context\":\"https:\/\/schema.org\",\"@graph\":[{\"@type\":\"Article\",\"@id\":\"https:\/\/lackman.com.br\/index.php\/2025\/12\/04\/mulheres-pretas-transformam-memorias-em-futuro-com-livro-fufu-ajayo\/#article\",\"isPartOf\":{\"@id\":\"https:\/\/lackman.com.br\/index.php\/2025\/12\/04\/mulheres-pretas-transformam-memorias-em-futuro-com-livro-fufu-ajayo\/\"},\"author\":{\"name\":\"Fernando Lackman\",\"@id\":\"https:\/\/lackman.com.br\/#\/schema\/person\/dbfb3fbfc55f2b0bd4f9039696e70858\"},\"headline\":\"Mulheres da Estrutural criam mem\u00f3rias em livro\",\"datePublished\":\"2025-12-04T20:57:45+00:00\",\"dateModified\":\"2025-12-05T00:17:39+00:00\",\"mainEntityOfPage\":{\"@id\":\"https:\/\/lackman.com.br\/index.php\/2025\/12\/04\/mulheres-pretas-transformam-memorias-em-futuro-com-livro-fufu-ajayo\/\"},\"wordCount\":279,\"publisher\":{\"@id\":\"https:\/\/lackman.com.br\/#organization\"},\"image\":{\"@id\":\"https:\/\/lackman.com.br\/index.php\/2025\/12\/04\/mulheres-pretas-transformam-memorias-em-futuro-com-livro-fufu-ajayo\/#primaryimage\"},\"thumbnailUrl\":\"https:\/\/lackman.com.br\/wp-content\/uploads\/2025\/12\/4128c5c7-a079-4bd1-bd0f-ae198c3cc588.jpeg\",\"articleSection\":[\"Capital &amp; Pol\u00edtica\",\"Vida\"],\"inLanguage\":\"pt-BR\"},{\"@type\":\"WebPage\",\"@id\":\"https:\/\/lackman.com.br\/index.php\/2025\/12\/04\/mulheres-pretas-transformam-memorias-em-futuro-com-livro-fufu-ajayo\/\",\"url\":\"https:\/\/lackman.com.br\/index.php\/2025\/12\/04\/mulheres-pretas-transformam-memorias-em-futuro-com-livro-fufu-ajayo\/\",\"name\":\"Mulheres da Estrutural criam mem\u00f3rias em livro - LACKMAN &amp; CO.\",\"isPartOf\":{\"@id\":\"https:\/\/lackman.com.br\/#website\"},\"primaryImageOfPage\":{\"@id\":\"https:\/\/lackman.com.br\/index.php\/2025\/12\/04\/mulheres-pretas-transformam-memorias-em-futuro-com-livro-fufu-ajayo\/#primaryimage\"},\"image\":{\"@id\":\"https:\/\/lackman.com.br\/index.php\/2025\/12\/04\/mulheres-pretas-transformam-memorias-em-futuro-com-livro-fufu-ajayo\/#primaryimage\"},\"thumbnailUrl\":\"https:\/\/lackman.com.br\/wp-content\/uploads\/2025\/12\/4128c5c7-a079-4bd1-bd0f-ae198c3cc588.jpeg\",\"datePublished\":\"2025-12-04T20:57:45+00:00\",\"dateModified\":\"2025-12-05T00:17:39+00:00\",\"breadcrumb\":{\"@id\":\"https:\/\/lackman.com.br\/index.php\/2025\/12\/04\/mulheres-pretas-transformam-memorias-em-futuro-com-livro-fufu-ajayo\/#breadcrumb\"},\"inLanguage\":\"pt-BR\",\"potentialAction\":[{\"@type\":\"ReadAction\",\"target\":[\"https:\/\/lackman.com.br\/index.php\/2025\/12\/04\/mulheres-pretas-transformam-memorias-em-futuro-com-livro-fufu-ajayo\/\"]}]},{\"@type\":\"ImageObject\",\"inLanguage\":\"pt-BR\",\"@id\":\"https:\/\/lackman.com.br\/index.php\/2025\/12\/04\/mulheres-pretas-transformam-memorias-em-futuro-com-livro-fufu-ajayo\/#primaryimage\",\"url\":\"https:\/\/lackman.com.br\/wp-content\/uploads\/2025\/12\/4128c5c7-a079-4bd1-bd0f-ae198c3cc588.jpeg\",\"contentUrl\":\"https:\/\/lackman.com.br\/wp-content\/uploads\/2025\/12\/4128c5c7-a079-4bd1-bd0f-ae198c3cc588.jpeg\",\"width\":1600,\"height\":1353,\"caption\":\"Participantes do Fufu Ajay\u00f4 - Empreendedorismo Feminino e Alimenta\u00e7\u00e3o Ancestral\"},{\"@type\":\"BreadcrumbList\",\"@id\":\"https:\/\/lackman.com.br\/index.php\/2025\/12\/04\/mulheres-pretas-transformam-memorias-em-futuro-com-livro-fufu-ajayo\/#breadcrumb\",\"itemListElement\":[{\"@type\":\"ListItem\",\"position\":1,\"name\":\"In\u00edcio\",\"item\":\"https:\/\/lackman.com.br\/\"},{\"@type\":\"ListItem\",\"position\":2,\"name\":\"Mulheres da Estrutural criam mem\u00f3rias em livro\"}]},{\"@type\":\"WebSite\",\"@id\":\"https:\/\/lackman.com.br\/#website\",\"url\":\"https:\/\/lackman.com.br\/\",\"name\":\"LACKMAN &amp; CO.\",\"description\":\"VIDA | MODA | ARTE\",\"publisher\":{\"@id\":\"https:\/\/lackman.com.br\/#organization\"},\"potentialAction\":[{\"@type\":\"SearchAction\",\"target\":{\"@type\":\"EntryPoint\",\"urlTemplate\":\"https:\/\/lackman.com.br\/?s={search_term_string}\"},\"query-input\":{\"@type\":\"PropertyValueSpecification\",\"valueRequired\":true,\"valueName\":\"search_term_string\"}}],\"inLanguage\":\"pt-BR\"},{\"@type\":\"Organization\",\"@id\":\"https:\/\/lackman.com.br\/#organization\",\"name\":\"LACKMAN &amp; CO.\",\"url\":\"https:\/\/lackman.com.br\/\",\"logo\":{\"@type\":\"ImageObject\",\"inLanguage\":\"pt-BR\",\"@id\":\"https:\/\/lackman.com.br\/#\/schema\/logo\/image\/\",\"url\":\"https:\/\/lackman.com.br\/wp-content\/uploads\/2023\/06\/Logotipo_preto-1.png\",\"contentUrl\":\"https:\/\/lackman.com.br\/wp-content\/uploads\/2023\/06\/Logotipo_preto-1.png\",\"width\":739,\"height\":393,\"caption\":\"LACKMAN &amp; CO.\"},\"image\":{\"@id\":\"https:\/\/lackman.com.br\/#\/schema\/logo\/image\/\"}},{\"@type\":\"Person\",\"@id\":\"https:\/\/lackman.com.br\/#\/schema\/person\/dbfb3fbfc55f2b0bd4f9039696e70858\",\"name\":\"Fernando Lackman\",\"image\":{\"@type\":\"ImageObject\",\"inLanguage\":\"pt-BR\",\"@id\":\"https:\/\/lackman.com.br\/#\/schema\/person\/image\/\",\"url\":\"https:\/\/secure.gravatar.com\/avatar\/ae7993150af197e66480c8a769891833dd2b8d809f0d9ff3f25af796cf378ce8?s=96&d=mm&r=g\",\"contentUrl\":\"https:\/\/secure.gravatar.com\/avatar\/ae7993150af197e66480c8a769891833dd2b8d809f0d9ff3f25af796cf378ce8?s=96&d=mm&r=g\",\"caption\":\"Fernando Lackman\"},\"description\":\"Fernando Lackman \u00e9 jornalista especializado em Moda e Cultura, editor do site LACKMAN.com.br. \u00c9 autor do livro Bras\u00edlia Capital dos Criadores, que conta a hist\u00f3ria da moda no Distrito Federal. Tem em seu curr\u00edculo assinatura de dire\u00e7\u00e3o criativa e de desfiles em eventos como Estilo DF Plaza, Summer Collections, JK Street Fashion, Desfile Beleza Negra (DBN), PicniK Fashion Show, Vogue Fashion\u2019s Night Out Bras\u00edlia, entre outros. Foi diretor criativo do extinto Capital Fashion Week. Atualmente trabalha na dire\u00e7\u00e3o criativa de eventos como Top CUFA, BSB Fashion Street, Bras\u00edlia Fashion House, Ateli\u00ea Bras\u00edlia e Goi\u00e1s Fashion Week.\",\"sameAs\":[\"https:\/\/lackman.com.br\/\",\"https:\/\/www.facebook.com\/fernandolackman\",\"https:\/\/www.instagram.com\/fernandolackman\/\",\"https:\/\/www.linkedin.com\/in\/fernando-lackman\/\",\"https:\/\/br.pinterest.com\/fernandolackman\/\",\"https:\/\/x.com\/fernandolackman\"],\"url\":\"https:\/\/lackman.com.br\/index.php\/author\/fernando-lackman\/\"}]}<\/script>\n<!-- \/ Yoast SEO plugin. -->","yoast_head_json":{"title":"Mulheres da Estrutural criam mem\u00f3rias em livro - LACKMAN &amp; CO.","robots":{"index":"index","follow":"follow","max-snippet":"max-snippet:-1","max-image-preview":"max-image-preview:large","max-video-preview":"max-video-preview:-1"},"canonical":"https:\/\/lackman.com.br\/index.php\/2025\/12\/04\/mulheres-pretas-transformam-memorias-em-futuro-com-livro-fufu-ajayo\/","og_locale":"pt_BR","og_type":"article","og_title":"Mulheres da Estrutural criam mem\u00f3rias em livro - LACKMAN &amp; CO.","og_description":"\u201cFufu Ajay\u00f4\u201d registra forma\u00e7\u00e3o gratuita que uniu culin\u00e1ria, identidade e gest\u00e3o de neg\u00f3cios na periferia do DF A Cidade Estrutural, no Distrito Federal, \u00e9 o ber\u00e7o do livro Fufu Ajay\u00f4 \u2013 Empreendedorismo Feminino e Alimenta\u00e7\u00e3o Ancestral, publica\u00e7\u00e3o que re\u00fane relatos, receitas e reflex\u00f5es produzidas por mulheres negras e LGBTQIAPN+ durante um curso gratuito de gastronomia ancestral e gest\u00e3o de pequenos neg\u00f3cios. Idealizado por Ray Preta, o projeto foi desenvolvido ao longo de dois meses e transformou a cozinha em espa\u00e7o de troca, cura e fortalecimento de hist\u00f3rias. \u201cO Fufu Ajay\u00f4 nasceu para reconectar mulheres negras \u00e0 pr\u00f3pria trajet\u00f3ria na comida. Cozinhar \u00e9 mem\u00f3ria, afeto e ato pol\u00edtico \u2014 e foi isso que vimos acontecer\u201d, afirma Ray. Da panela ao papel As oficinas estimularam a cria\u00e7\u00e3o de receitas autorais e conversas sobre territ\u00f3rio, identidade e v\u00ednculos familiares. Gestos cotidianos \u2014 lavar folhas, mexer panelas, sentir o cheiro do fogo \u2014 tornaram-se narrativas reunidas no livro, que busca valorizar saberes ancestrais muitas vezes invisibilizados. A publica\u00e7\u00e3o tamb\u00e9m evidencia impactos concretos: alunas j\u00e1 est\u00e3o desenvolvendo projetos para editais culturais, planejando neg\u00f3cios gastron\u00f4micos e ocupando o cen\u00e1rio do empreendedorismo alimentar na periferia. Sem evento de lan\u00e7amento, os exemplares ser\u00e3o distribu\u00eddos gratuitamente \u00e0s participantes, oficineiras, juradas convidadas, equipe de produ\u00e7\u00e3o e ao Coletivo da Cidade, onde ficar\u00e3o dispon\u00edveis para consulta p\u00fablica. Fotos: Divulga\u00e7\u00e3o","og_url":"https:\/\/lackman.com.br\/index.php\/2025\/12\/04\/mulheres-pretas-transformam-memorias-em-futuro-com-livro-fufu-ajayo\/","og_site_name":"LACKMAN &amp; CO.","article_author":"https:\/\/www.facebook.com\/fernandolackman","article_published_time":"2025-12-04T20:57:45+00:00","article_modified_time":"2025-12-05T00:17:39+00:00","og_image":[{"width":1600,"height":1353,"url":"http:\/\/lackman.com.br\/wp-content\/uploads\/2025\/12\/4128c5c7-a079-4bd1-bd0f-ae198c3cc588.jpeg","type":"image\/jpeg"}],"author":"Fernando Lackman","twitter_card":"summary_large_image","twitter_creator":"@fernandolackman","twitter_misc":{"Escrito por":"Fernando Lackman","Est. tempo de leitura":"2 minutos"},"schema":{"@context":"https:\/\/schema.org","@graph":[{"@type":"Article","@id":"https:\/\/lackman.com.br\/index.php\/2025\/12\/04\/mulheres-pretas-transformam-memorias-em-futuro-com-livro-fufu-ajayo\/#article","isPartOf":{"@id":"https:\/\/lackman.com.br\/index.php\/2025\/12\/04\/mulheres-pretas-transformam-memorias-em-futuro-com-livro-fufu-ajayo\/"},"author":{"name":"Fernando Lackman","@id":"https:\/\/lackman.com.br\/#\/schema\/person\/dbfb3fbfc55f2b0bd4f9039696e70858"},"headline":"Mulheres da Estrutural criam mem\u00f3rias em livro","datePublished":"2025-12-04T20:57:45+00:00","dateModified":"2025-12-05T00:17:39+00:00","mainEntityOfPage":{"@id":"https:\/\/lackman.com.br\/index.php\/2025\/12\/04\/mulheres-pretas-transformam-memorias-em-futuro-com-livro-fufu-ajayo\/"},"wordCount":279,"publisher":{"@id":"https:\/\/lackman.com.br\/#organization"},"image":{"@id":"https:\/\/lackman.com.br\/index.php\/2025\/12\/04\/mulheres-pretas-transformam-memorias-em-futuro-com-livro-fufu-ajayo\/#primaryimage"},"thumbnailUrl":"https:\/\/lackman.com.br\/wp-content\/uploads\/2025\/12\/4128c5c7-a079-4bd1-bd0f-ae198c3cc588.jpeg","articleSection":["Capital &amp; Pol\u00edtica","Vida"],"inLanguage":"pt-BR"},{"@type":"WebPage","@id":"https:\/\/lackman.com.br\/index.php\/2025\/12\/04\/mulheres-pretas-transformam-memorias-em-futuro-com-livro-fufu-ajayo\/","url":"https:\/\/lackman.com.br\/index.php\/2025\/12\/04\/mulheres-pretas-transformam-memorias-em-futuro-com-livro-fufu-ajayo\/","name":"Mulheres da Estrutural criam mem\u00f3rias em livro - LACKMAN &amp; CO.","isPartOf":{"@id":"https:\/\/lackman.com.br\/#website"},"primaryImageOfPage":{"@id":"https:\/\/lackman.com.br\/index.php\/2025\/12\/04\/mulheres-pretas-transformam-memorias-em-futuro-com-livro-fufu-ajayo\/#primaryimage"},"image":{"@id":"https:\/\/lackman.com.br\/index.php\/2025\/12\/04\/mulheres-pretas-transformam-memorias-em-futuro-com-livro-fufu-ajayo\/#primaryimage"},"thumbnailUrl":"https:\/\/lackman.com.br\/wp-content\/uploads\/2025\/12\/4128c5c7-a079-4bd1-bd0f-ae198c3cc588.jpeg","datePublished":"2025-12-04T20:57:45+00:00","dateModified":"2025-12-05T00:17:39+00:00","breadcrumb":{"@id":"https:\/\/lackman.com.br\/index.php\/2025\/12\/04\/mulheres-pretas-transformam-memorias-em-futuro-com-livro-fufu-ajayo\/#breadcrumb"},"inLanguage":"pt-BR","potentialAction":[{"@type":"ReadAction","target":["https:\/\/lackman.com.br\/index.php\/2025\/12\/04\/mulheres-pretas-transformam-memorias-em-futuro-com-livro-fufu-ajayo\/"]}]},{"@type":"ImageObject","inLanguage":"pt-BR","@id":"https:\/\/lackman.com.br\/index.php\/2025\/12\/04\/mulheres-pretas-transformam-memorias-em-futuro-com-livro-fufu-ajayo\/#primaryimage","url":"https:\/\/lackman.com.br\/wp-content\/uploads\/2025\/12\/4128c5c7-a079-4bd1-bd0f-ae198c3cc588.jpeg","contentUrl":"https:\/\/lackman.com.br\/wp-content\/uploads\/2025\/12\/4128c5c7-a079-4bd1-bd0f-ae198c3cc588.jpeg","width":1600,"height":1353,"caption":"Participantes do Fufu Ajay\u00f4 - Empreendedorismo Feminino e Alimenta\u00e7\u00e3o Ancestral"},{"@type":"BreadcrumbList","@id":"https:\/\/lackman.com.br\/index.php\/2025\/12\/04\/mulheres-pretas-transformam-memorias-em-futuro-com-livro-fufu-ajayo\/#breadcrumb","itemListElement":[{"@type":"ListItem","position":1,"name":"In\u00edcio","item":"https:\/\/lackman.com.br\/"},{"@type":"ListItem","position":2,"name":"Mulheres da Estrutural criam mem\u00f3rias em livro"}]},{"@type":"WebSite","@id":"https:\/\/lackman.com.br\/#website","url":"https:\/\/lackman.com.br\/","name":"LACKMAN &amp; CO.","description":"VIDA | MODA | ARTE","publisher":{"@id":"https:\/\/lackman.com.br\/#organization"},"potentialAction":[{"@type":"SearchAction","target":{"@type":"EntryPoint","urlTemplate":"https:\/\/lackman.com.br\/?s={search_term_string}"},"query-input":{"@type":"PropertyValueSpecification","valueRequired":true,"valueName":"search_term_string"}}],"inLanguage":"pt-BR"},{"@type":"Organization","@id":"https:\/\/lackman.com.br\/#organization","name":"LACKMAN &amp; CO.","url":"https:\/\/lackman.com.br\/","logo":{"@type":"ImageObject","inLanguage":"pt-BR","@id":"https:\/\/lackman.com.br\/#\/schema\/logo\/image\/","url":"https:\/\/lackman.com.br\/wp-content\/uploads\/2023\/06\/Logotipo_preto-1.png","contentUrl":"https:\/\/lackman.com.br\/wp-content\/uploads\/2023\/06\/Logotipo_preto-1.png","width":739,"height":393,"caption":"LACKMAN &amp; CO."},"image":{"@id":"https:\/\/lackman.com.br\/#\/schema\/logo\/image\/"}},{"@type":"Person","@id":"https:\/\/lackman.com.br\/#\/schema\/person\/dbfb3fbfc55f2b0bd4f9039696e70858","name":"Fernando Lackman","image":{"@type":"ImageObject","inLanguage":"pt-BR","@id":"https:\/\/lackman.com.br\/#\/schema\/person\/image\/","url":"https:\/\/secure.gravatar.com\/avatar\/ae7993150af197e66480c8a769891833dd2b8d809f0d9ff3f25af796cf378ce8?s=96&d=mm&r=g","contentUrl":"https:\/\/secure.gravatar.com\/avatar\/ae7993150af197e66480c8a769891833dd2b8d809f0d9ff3f25af796cf378ce8?s=96&d=mm&r=g","caption":"Fernando Lackman"},"description":"Fernando Lackman \u00e9 jornalista especializado em Moda e Cultura, editor do site LACKMAN.com.br. \u00c9 autor do livro Bras\u00edlia Capital dos Criadores, que conta a hist\u00f3ria da moda no Distrito Federal. Tem em seu curr\u00edculo assinatura de dire\u00e7\u00e3o criativa e de desfiles em eventos como Estilo DF Plaza, Summer Collections, JK Street Fashion, Desfile Beleza Negra (DBN), PicniK Fashion Show, Vogue Fashion\u2019s Night Out Bras\u00edlia, entre outros. Foi diretor criativo do extinto Capital Fashion Week. Atualmente trabalha na dire\u00e7\u00e3o criativa de eventos como Top CUFA, BSB Fashion Street, Bras\u00edlia Fashion House, Ateli\u00ea Bras\u00edlia e Goi\u00e1s Fashion Week.","sameAs":["https:\/\/lackman.com.br\/","https:\/\/www.facebook.com\/fernandolackman","https:\/\/www.instagram.com\/fernandolackman\/","https:\/\/www.linkedin.com\/in\/fernando-lackman\/","https:\/\/br.pinterest.com\/fernandolackman\/","https:\/\/x.com\/fernandolackman"],"url":"https:\/\/lackman.com.br\/index.php\/author\/fernando-lackman\/"}]}},"rttpg_featured_image_url":{"full":["https:\/\/lackman.com.br\/wp-content\/uploads\/2025\/12\/4128c5c7-a079-4bd1-bd0f-ae198c3cc588.jpeg",1600,1353,false],"landscape":["https:\/\/lackman.com.br\/wp-content\/uploads\/2025\/12\/4128c5c7-a079-4bd1-bd0f-ae198c3cc588.jpeg",1600,1353,false],"portraits":["https:\/\/lackman.com.br\/wp-content\/uploads\/2025\/12\/4128c5c7-a079-4bd1-bd0f-ae198c3cc588.jpeg",1600,1353,false],"thumbnail":["https:\/\/lackman.com.br\/wp-content\/uploads\/2025\/12\/4128c5c7-a079-4bd1-bd0f-ae198c3cc588-150x150.jpeg",150,150,true],"medium":["https:\/\/lackman.com.br\/wp-content\/uploads\/2025\/12\/4128c5c7-a079-4bd1-bd0f-ae198c3cc588-300x254.jpeg",300,254,true],"large":["https:\/\/lackman.com.br\/wp-content\/uploads\/2025\/12\/4128c5c7-a079-4bd1-bd0f-ae198c3cc588-1024x866.jpeg",1024,866,true],"RoboGalleryMansoryImagesCenter":["https:\/\/lackman.com.br\/wp-content\/uploads\/2025\/12\/4128c5c7-a079-4bd1-bd0f-ae198c3cc588-600x1024.jpeg",600,1024,true],"RoboGalleryPreload":["https:\/\/lackman.com.br\/wp-content\/uploads\/2025\/12\/4128c5c7-a079-4bd1-bd0f-ae198c3cc588-100x85.jpeg",100,85,true],"1536x1536":["https:\/\/lackman.com.br\/wp-content\/uploads\/2025\/12\/4128c5c7-a079-4bd1-bd0f-ae198c3cc588-1536x1299.jpeg",1536,1299,true],"2048x2048":["https:\/\/lackman.com.br\/wp-content\/uploads\/2025\/12\/4128c5c7-a079-4bd1-bd0f-ae198c3cc588.jpeg",1600,1353,false]},"rttpg_author":{"display_name":"Fernando Lackman","author_link":"https:\/\/lackman.com.br\/index.php\/author\/fernando-lackman\/"},"rttpg_comment":0,"rttpg_category":"<a href=\"https:\/\/lackman.com.br\/index.php\/category\/vida\/capital-e-politica\/\" rel=\"category tag\">Capital &amp; Pol\u00edtica<\/a> <a href=\"https:\/\/lackman.com.br\/index.php\/category\/vida\/\" rel=\"category tag\">Vida<\/a>","rttpg_excerpt":"\u201cFufu Ajay\u00f4\u201d registra forma\u00e7\u00e3o gratuita que uniu culin\u00e1ria, identidade e gest\u00e3o de neg\u00f3cios na periferia do DF A Cidade Estrutural, no Distrito Federal, \u00e9 o ber\u00e7o do livro Fufu Ajay\u00f4 \u2013 Empreendedorismo Feminino e Alimenta\u00e7\u00e3o Ancestral, publica\u00e7\u00e3o que re\u00fane relatos, receitas e reflex\u00f5es produzidas por mulheres negras e LGBTQIAPN+ durante um curso gratuito de gastronomia&hellip;","_links":{"self":[{"href":"https:\/\/lackman.com.br\/index.php\/wp-json\/wp\/v2\/posts\/11331","targetHints":{"allow":["GET"]}}],"collection":[{"href":"https:\/\/lackman.com.br\/index.php\/wp-json\/wp\/v2\/posts"}],"about":[{"href":"https:\/\/lackman.com.br\/index.php\/wp-json\/wp\/v2\/types\/post"}],"author":[{"embeddable":true,"href":"https:\/\/lackman.com.br\/index.php\/wp-json\/wp\/v2\/users\/2"}],"replies":[{"embeddable":true,"href":"https:\/\/lackman.com.br\/index.php\/wp-json\/wp\/v2\/comments?post=11331"}],"version-history":[{"count":3,"href":"https:\/\/lackman.com.br\/index.php\/wp-json\/wp\/v2\/posts\/11331\/revisions"}],"predecessor-version":[{"id":11337,"href":"https:\/\/lackman.com.br\/index.php\/wp-json\/wp\/v2\/posts\/11331\/revisions\/11337"}],"wp:featuredmedia":[{"embeddable":true,"href":"https:\/\/lackman.com.br\/index.php\/wp-json\/wp\/v2\/media\/11334"}],"wp:attachment":[{"href":"https:\/\/lackman.com.br\/index.php\/wp-json\/wp\/v2\/media?parent=11331"}],"wp:term":[{"taxonomy":"category","embeddable":true,"href":"https:\/\/lackman.com.br\/index.php\/wp-json\/wp\/v2\/categories?post=11331"},{"taxonomy":"post_tag","embeddable":true,"href":"https:\/\/lackman.com.br\/index.php\/wp-json\/wp\/v2\/tags?post=11331"}],"curies":[{"name":"wp","href":"https:\/\/api.w.org\/{rel}","templated":true}]}}