{"id":10951,"date":"2025-10-17T16:06:17","date_gmt":"2025-10-17T19:06:17","guid":{"rendered":"https:\/\/lackman.com.br\/?p=10951"},"modified":"2025-10-17T17:03:10","modified_gmt":"2025-10-17T20:03:10","slug":"raul-seixas-sinfonico-em-brasilia","status":"publish","type":"post","link":"https:\/\/lackman.com.br\/index.php\/2025\/10\/17\/raul-seixas-sinfonico-em-brasilia\/","title":{"rendered":"Imperd\u00edvel: Raul Seixas Sinf\u00f4nico!"},"content":{"rendered":"<h5 style=\"text-align: justify\"><em>Espet\u00e1culo re\u00fane a Orquestra Filarm\u00f4nica de Bras\u00edlia e o ator Bruce Gomlevsky em uma\u00a0homenagem grandiosa ao legado de Raulzito.<\/em><\/h5>\n<p style=\"text-align: justify\">O Minist\u00e9rio da Cultura apresenta o espet\u00e1culo <strong>Raul Seixas Sinf\u00f4nico<\/strong>, em apresenta\u00e7\u00e3o \u00fanica nesta sexta-feira (17), no Centro de Conven\u00e7\u00f5es Ulysses. A apresenta\u00e7\u00e3o integra o projeto <strong>Bras\u00edlia em Concertos<\/strong> e celebra a genialidade de Raul Seixas, que em 2025 completaria 80 anos. Com patroc\u00ednio da Brasal por meio da Lei de Incentivo \u00e0 Cultura, os ingressos ainda est\u00e3o dispon\u00edveis, a partir de <strong>R$ 100<\/strong> pela <a href=\"https:\/\/www.bilheteriadigital.com\/raul-sinfonico-17-de-outubro\"><strong>Bilheteria Digital<\/strong><\/a>.<\/p>\n<p style=\"text-align: justify\">A noite promete ser inesquec\u00edvel: a <strong>Orquestra Filarm\u00f4nica de Bras\u00edlia<\/strong> se une \u00e0 irrever\u00eancia e \u00e0 for\u00e7a po\u00e9tica da obra de Raulzito em um concerto que transforma o rock em experi\u00eancia sinf\u00f4nica. Com arranjos in\u00e9ditos, o espet\u00e1culo conduz o p\u00fablico a uma viagem sonora e emocional por sucessos que atravessam gera\u00e7\u00f5es.<\/p>\n<p><img fetchpriority=\"high\" decoding=\"async\" class=\"aligncenter wp-image-10952 size-full\" src=\"http:\/\/lackman.com.br\/wp-content\/uploads\/2025\/10\/RaulSeixas-OMusical-fotos-de-Dalton-Valerio_DMV3977.jpeg\" alt=\"\" width=\"1488\" height=\"2229\" srcset=\"https:\/\/lackman.com.br\/wp-content\/uploads\/2025\/10\/RaulSeixas-OMusical-fotos-de-Dalton-Valerio_DMV3977.jpeg 1488w, https:\/\/lackman.com.br\/wp-content\/uploads\/2025\/10\/RaulSeixas-OMusical-fotos-de-Dalton-Valerio_DMV3977-200x300.jpeg 200w, https:\/\/lackman.com.br\/wp-content\/uploads\/2025\/10\/RaulSeixas-OMusical-fotos-de-Dalton-Valerio_DMV3977-684x1024.jpeg 684w, https:\/\/lackman.com.br\/wp-content\/uploads\/2025\/10\/RaulSeixas-OMusical-fotos-de-Dalton-Valerio_DMV3977-768x1150.jpeg 768w, https:\/\/lackman.com.br\/wp-content\/uploads\/2025\/10\/RaulSeixas-OMusical-fotos-de-Dalton-Valerio_DMV3977-100x150.jpeg 100w, https:\/\/lackman.com.br\/wp-content\/uploads\/2025\/10\/RaulSeixas-OMusical-fotos-de-Dalton-Valerio_DMV3977-1025x1536.jpeg 1025w, https:\/\/lackman.com.br\/wp-content\/uploads\/2025\/10\/RaulSeixas-OMusical-fotos-de-Dalton-Valerio_DMV3977-1367x2048.jpeg 1367w\" sizes=\"(max-width: 1488px) 100vw, 1488px\" \/><\/p>\n<p style=\"text-align: justify\">A apresenta\u00e7\u00e3o ter\u00e1 participa\u00e7\u00e3o especial do ator <strong>Bruce Gomlevsky<\/strong> (acima), que tem emocionado plateias de todo o Brasil ao incorporar Raul em uma performance intensa e visceral no espet\u00e1culo <strong>RAUL<\/strong>. Com dire\u00e7\u00e3o e dramaturgia de Leonardo da Selva e dire\u00e7\u00e3o musical de Gabriel Gabriel, o concerto mergulha na ess\u00eancia criativa de Raul, inspirado em manuscritos originais que revelam suas reflex\u00f5es sobre m\u00fasica, liberdade, amor e o Brasil.<\/p>\n<p style=\"text-align: justify\">\u201c<em>Dirigir o Raul Seixas Sinf\u00f4nico \u00e9 um grande desafio e tamb\u00e9m uma imensa alegria. Raul foi um artista \u00e0 frente do seu tempo, um criador que unia m\u00fasica, pensamento e poesia de forma \u00fanica. Trazer sua obra para o formato sinf\u00f4nico, no ano em que ele completaria 80 anos, \u00e9 n\u00e3o s\u00f3 a realiza\u00e7\u00e3o de um sonho, mas tamb\u00e9m um gesto de reconhecimento da import\u00e2ncia cultural que ele tem para o Brasil. Esse espet\u00e1culo celebra um legado que continua vivo e inspirando novas gera\u00e7\u00f5es<\/em>\u201d, afirma <strong>Leonardo da Selva<\/strong>.<\/p>\n<p style=\"text-align: justify\"><em><strong>Justa homenagem!<\/strong><\/em><\/p>\n<p style=\"text-align: justify\"><em><strong>Raul Sinf\u00f4nico<\/strong> \/ Centro de Conven\u00e7\u00f5es Ulysses \/ 17 de outubro (sexta-feira) &#8211; 20h30 \/ R$ 100 &#8211; <a href=\"https:\/\/www.bilheteriadigital.com\/raul-sinfonico-17-de-outubro\">Bilheteria Digital<\/a> \/ I<span style=\"font-size: 16px\">nforma\u00e7\u00f5es (61)98141-1990<\/span><\/em><\/p>\n<pre style=\"text-align: justify\">Fotos: Divulga\u00e7\u00e3o<\/pre>\n","protected":false},"excerpt":{"rendered":"<p>Espet\u00e1culo re\u00fane a Orquestra Filarm\u00f4nica de Bras\u00edlia e o ator Bruce Gomlevsky em uma\u00a0homenagem grandiosa ao legado de Raulzito. O Minist\u00e9rio da Cultura apresenta o espet\u00e1culo Raul Seixas Sinf\u00f4nico, em apresenta\u00e7\u00e3o \u00fanica nesta sexta-feira (17), no Centro de Conven\u00e7\u00f5es Ulysses. A apresenta\u00e7\u00e3o integra o projeto Bras\u00edlia em Concertos e celebra a genialidade de Raul Seixas, que em 2025 completaria 80 anos. Com patroc\u00ednio da Brasal por meio da Lei de Incentivo \u00e0 Cultura, os ingressos ainda est\u00e3o dispon\u00edveis, a partir de R$ 100 pela Bilheteria Digital. A noite promete ser inesquec\u00edvel: a Orquestra Filarm\u00f4nica de Bras\u00edlia se une \u00e0 irrever\u00eancia e \u00e0 for\u00e7a po\u00e9tica da obra de Raulzito em um concerto que transforma o rock em experi\u00eancia sinf\u00f4nica. Com arranjos in\u00e9ditos, o espet\u00e1culo conduz o p\u00fablico a uma viagem sonora e emocional por sucessos que atravessam gera\u00e7\u00f5es. A apresenta\u00e7\u00e3o ter\u00e1 participa\u00e7\u00e3o especial do ator Bruce Gomlevsky (acima), que tem emocionado plateias de todo o Brasil ao incorporar Raul em uma performance intensa e visceral no espet\u00e1culo RAUL. Com dire\u00e7\u00e3o e dramaturgia de Leonardo da Selva e dire\u00e7\u00e3o musical de Gabriel Gabriel, o concerto mergulha na ess\u00eancia criativa de Raul, inspirado em manuscritos originais que revelam suas reflex\u00f5es sobre m\u00fasica, liberdade, amor e o Brasil. \u201cDirigir o Raul Seixas Sinf\u00f4nico \u00e9 um grande desafio e tamb\u00e9m uma imensa alegria. Raul foi um artista \u00e0 frente do seu tempo, um criador que unia m\u00fasica, pensamento e poesia de forma \u00fanica. Trazer sua obra para o formato sinf\u00f4nico, no ano em que ele completaria 80 anos, \u00e9 n\u00e3o s\u00f3 a realiza\u00e7\u00e3o de um sonho, mas tamb\u00e9m um gesto de reconhecimento da import\u00e2ncia cultural que ele tem para o Brasil. Esse espet\u00e1culo celebra um legado que continua vivo e inspirando novas gera\u00e7\u00f5es\u201d, afirma Leonardo da Selva. Justa homenagem! Raul Sinf\u00f4nico \/ Centro de Conven\u00e7\u00f5es Ulysses \/ 17 de outubro (sexta-feira) &#8211; 20h30 \/ R$ 100 &#8211; Bilheteria Digital \/ Informa\u00e7\u00f5es (61)98141-1990 Fotos: Divulga\u00e7\u00e3o<\/p>\n","protected":false},"author":6,"featured_media":10953,"comment_status":"closed","ping_status":"open","sticky":false,"template":"","format":"standard","meta":{"site-sidebar-layout":"default","site-content-layout":"","ast-site-content-layout":"default","site-content-style":"default","site-sidebar-style":"default","ast-global-header-display":"","ast-banner-title-visibility":"","ast-main-header-display":"","ast-hfb-above-header-display":"","ast-hfb-below-header-display":"","ast-hfb-mobile-header-display":"","site-post-title":"","ast-breadcrumbs-content":"","ast-featured-img":"","footer-sml-layout":"","ast-disable-related-posts":"","theme-transparent-header-meta":"default","adv-header-id-meta":"","stick-header-meta":"","header-above-stick-meta":"","header-main-stick-meta":"","header-below-stick-meta":"","astra-migrate-meta-layouts":"set","ast-page-background-enabled":"default","ast-page-background-meta":{"desktop":{"background-color":"","background-image":"","background-repeat":"repeat","background-position":"center center","background-size":"auto","background-attachment":"scroll","background-type":"","background-media":"","overlay-type":"","overlay-color":"","overlay-opacity":"","overlay-gradient":""},"tablet":{"background-color":"","background-image":"","background-repeat":"repeat","background-position":"center center","background-size":"auto","background-attachment":"scroll","background-type":"","background-media":"","overlay-type":"","overlay-color":"","overlay-opacity":"","overlay-gradient":""},"mobile":{"background-color":"","background-image":"","background-repeat":"repeat","background-position":"center center","background-size":"auto","background-attachment":"scroll","background-type":"","background-media":"","overlay-type":"","overlay-color":"","overlay-opacity":"","overlay-gradient":""}},"ast-content-background-meta":{"desktop":{"background-color":"var(--ast-global-color-5)","background-image":"","background-repeat":"repeat","background-position":"center center","background-size":"auto","background-attachment":"scroll","background-type":"","background-media":"","overlay-type":"","overlay-color":"","overlay-opacity":"","overlay-gradient":""},"tablet":{"background-color":"var(--ast-global-color-5)","background-image":"","background-repeat":"repeat","background-position":"center center","background-size":"auto","background-attachment":"scroll","background-type":"","background-media":"","overlay-type":"","overlay-color":"","overlay-opacity":"","overlay-gradient":""},"mobile":{"background-color":"var(--ast-global-color-5)","background-image":"","background-repeat":"repeat","background-position":"center center","background-size":"auto","background-attachment":"scroll","background-type":"","background-media":"","overlay-type":"","overlay-color":"","overlay-opacity":"","overlay-gradient":""}},"footnotes":""},"categories":[47,43],"tags":[],"class_list":["post-10951","post","type-post","status-publish","format-standard","has-post-thumbnail","hentry","category-cultura-arte","category-perambulando"],"yoast_head":"<!-- This site is optimized with the Yoast SEO plugin v27.0 - https:\/\/yoast.com\/product\/yoast-seo-wordpress\/ -->\n<title>Imperd\u00edvel: Raul Seixas Sinf\u00f4nico! - LACKMAN &amp; CO.<\/title>\n<meta name=\"robots\" content=\"index, follow, max-snippet:-1, max-image-preview:large, max-video-preview:-1\" \/>\n<link rel=\"canonical\" href=\"https:\/\/lackman.com.br\/index.php\/2025\/10\/17\/raul-seixas-sinfonico-em-brasilia\/\" \/>\n<meta property=\"og:locale\" content=\"pt_BR\" \/>\n<meta property=\"og:type\" content=\"article\" \/>\n<meta property=\"og:title\" content=\"Imperd\u00edvel: Raul Seixas Sinf\u00f4nico! - LACKMAN &amp; CO.\" \/>\n<meta property=\"og:description\" content=\"Espet\u00e1culo re\u00fane a Orquestra Filarm\u00f4nica de Bras\u00edlia e o ator Bruce Gomlevsky em uma\u00a0homenagem grandiosa ao legado de Raulzito. O Minist\u00e9rio da Cultura apresenta o espet\u00e1culo Raul Seixas Sinf\u00f4nico, em apresenta\u00e7\u00e3o \u00fanica nesta sexta-feira (17), no Centro de Conven\u00e7\u00f5es Ulysses. A apresenta\u00e7\u00e3o integra o projeto Bras\u00edlia em Concertos e celebra a genialidade de Raul Seixas, que em 2025 completaria 80 anos. Com patroc\u00ednio da Brasal por meio da Lei de Incentivo \u00e0 Cultura, os ingressos ainda est\u00e3o dispon\u00edveis, a partir de R$ 100 pela Bilheteria Digital. A noite promete ser inesquec\u00edvel: a Orquestra Filarm\u00f4nica de Bras\u00edlia se une \u00e0 irrever\u00eancia e \u00e0 for\u00e7a po\u00e9tica da obra de Raulzito em um concerto que transforma o rock em experi\u00eancia sinf\u00f4nica. Com arranjos in\u00e9ditos, o espet\u00e1culo conduz o p\u00fablico a uma viagem sonora e emocional por sucessos que atravessam gera\u00e7\u00f5es. A apresenta\u00e7\u00e3o ter\u00e1 participa\u00e7\u00e3o especial do ator Bruce Gomlevsky (acima), que tem emocionado plateias de todo o Brasil ao incorporar Raul em uma performance intensa e visceral no espet\u00e1culo RAUL. Com dire\u00e7\u00e3o e dramaturgia de Leonardo da Selva e dire\u00e7\u00e3o musical de Gabriel Gabriel, o concerto mergulha na ess\u00eancia criativa de Raul, inspirado em manuscritos originais que revelam suas reflex\u00f5es sobre m\u00fasica, liberdade, amor e o Brasil. \u201cDirigir o Raul Seixas Sinf\u00f4nico \u00e9 um grande desafio e tamb\u00e9m uma imensa alegria. Raul foi um artista \u00e0 frente do seu tempo, um criador que unia m\u00fasica, pensamento e poesia de forma \u00fanica. Trazer sua obra para o formato sinf\u00f4nico, no ano em que ele completaria 80 anos, \u00e9 n\u00e3o s\u00f3 a realiza\u00e7\u00e3o de um sonho, mas tamb\u00e9m um gesto de reconhecimento da import\u00e2ncia cultural que ele tem para o Brasil. Esse espet\u00e1culo celebra um legado que continua vivo e inspirando novas gera\u00e7\u00f5es\u201d, afirma Leonardo da Selva. Justa homenagem! Raul Sinf\u00f4nico \/ Centro de Conven\u00e7\u00f5es Ulysses \/ 17 de outubro (sexta-feira) &#8211; 20h30 \/ R$ 100 &#8211; Bilheteria Digital \/ Informa\u00e7\u00f5es (61)98141-1990 Fotos: Divulga\u00e7\u00e3o\" \/>\n<meta property=\"og:url\" content=\"https:\/\/lackman.com.br\/index.php\/2025\/10\/17\/raul-seixas-sinfonico-em-brasilia\/\" \/>\n<meta property=\"og:site_name\" content=\"LACKMAN &amp; CO.\" \/>\n<meta property=\"article:published_time\" content=\"2025-10-17T19:06:17+00:00\" \/>\n<meta property=\"article:modified_time\" content=\"2025-10-17T20:03:10+00:00\" \/>\n<meta property=\"og:image\" content=\"http:\/\/lackman.com.br\/wp-content\/uploads\/2025\/10\/IMG_2842.jpg\" \/>\n\t<meta property=\"og:image:width\" content=\"1600\" \/>\n\t<meta property=\"og:image:height\" content=\"1067\" \/>\n\t<meta property=\"og:image:type\" content=\"image\/jpeg\" \/>\n<meta name=\"author\" content=\"Gilberto Evangelista - Colunista\" \/>\n<meta name=\"twitter:card\" content=\"summary_large_image\" \/>\n<meta name=\"twitter:label1\" content=\"Escrito por\" \/>\n\t<meta name=\"twitter:data1\" content=\"Gilberto Evangelista - Colunista\" \/>\n\t<meta name=\"twitter:label2\" content=\"Est. tempo de leitura\" \/>\n\t<meta name=\"twitter:data2\" content=\"3 minutos\" \/>\n<script type=\"application\/ld+json\" class=\"yoast-schema-graph\">{\"@context\":\"https:\/\/schema.org\",\"@graph\":[{\"@type\":\"Article\",\"@id\":\"https:\/\/lackman.com.br\/index.php\/2025\/10\/17\/raul-seixas-sinfonico-em-brasilia\/#article\",\"isPartOf\":{\"@id\":\"https:\/\/lackman.com.br\/index.php\/2025\/10\/17\/raul-seixas-sinfonico-em-brasilia\/\"},\"author\":{\"name\":\"Gilberto Evangelista - Colunista\",\"@id\":\"https:\/\/lackman.com.br\/#\/schema\/person\/8a2355f699593d21d4f0d25b69db5747\"},\"headline\":\"Imperd\u00edvel: Raul Seixas Sinf\u00f4nico!\",\"datePublished\":\"2025-10-17T19:06:17+00:00\",\"dateModified\":\"2025-10-17T20:03:10+00:00\",\"mainEntityOfPage\":{\"@id\":\"https:\/\/lackman.com.br\/index.php\/2025\/10\/17\/raul-seixas-sinfonico-em-brasilia\/\"},\"wordCount\":354,\"publisher\":{\"@id\":\"https:\/\/lackman.com.br\/#organization\"},\"image\":{\"@id\":\"https:\/\/lackman.com.br\/index.php\/2025\/10\/17\/raul-seixas-sinfonico-em-brasilia\/#primaryimage\"},\"thumbnailUrl\":\"https:\/\/lackman.com.br\/wp-content\/uploads\/2025\/10\/IMG_2842.jpg\",\"articleSection\":[\"Cultura\",\"Perambulando\"],\"inLanguage\":\"pt-BR\"},{\"@type\":\"WebPage\",\"@id\":\"https:\/\/lackman.com.br\/index.php\/2025\/10\/17\/raul-seixas-sinfonico-em-brasilia\/\",\"url\":\"https:\/\/lackman.com.br\/index.php\/2025\/10\/17\/raul-seixas-sinfonico-em-brasilia\/\",\"name\":\"Imperd\u00edvel: Raul Seixas Sinf\u00f4nico! - LACKMAN &amp; CO.\",\"isPartOf\":{\"@id\":\"https:\/\/lackman.com.br\/#website\"},\"primaryImageOfPage\":{\"@id\":\"https:\/\/lackman.com.br\/index.php\/2025\/10\/17\/raul-seixas-sinfonico-em-brasilia\/#primaryimage\"},\"image\":{\"@id\":\"https:\/\/lackman.com.br\/index.php\/2025\/10\/17\/raul-seixas-sinfonico-em-brasilia\/#primaryimage\"},\"thumbnailUrl\":\"https:\/\/lackman.com.br\/wp-content\/uploads\/2025\/10\/IMG_2842.jpg\",\"datePublished\":\"2025-10-17T19:06:17+00:00\",\"dateModified\":\"2025-10-17T20:03:10+00:00\",\"breadcrumb\":{\"@id\":\"https:\/\/lackman.com.br\/index.php\/2025\/10\/17\/raul-seixas-sinfonico-em-brasilia\/#breadcrumb\"},\"inLanguage\":\"pt-BR\",\"potentialAction\":[{\"@type\":\"ReadAction\",\"target\":[\"https:\/\/lackman.com.br\/index.php\/2025\/10\/17\/raul-seixas-sinfonico-em-brasilia\/\"]}]},{\"@type\":\"ImageObject\",\"inLanguage\":\"pt-BR\",\"@id\":\"https:\/\/lackman.com.br\/index.php\/2025\/10\/17\/raul-seixas-sinfonico-em-brasilia\/#primaryimage\",\"url\":\"https:\/\/lackman.com.br\/wp-content\/uploads\/2025\/10\/IMG_2842.jpg\",\"contentUrl\":\"https:\/\/lackman.com.br\/wp-content\/uploads\/2025\/10\/IMG_2842.jpg\",\"width\":1600,\"height\":1067},{\"@type\":\"BreadcrumbList\",\"@id\":\"https:\/\/lackman.com.br\/index.php\/2025\/10\/17\/raul-seixas-sinfonico-em-brasilia\/#breadcrumb\",\"itemListElement\":[{\"@type\":\"ListItem\",\"position\":1,\"name\":\"In\u00edcio\",\"item\":\"https:\/\/lackman.com.br\/\"},{\"@type\":\"ListItem\",\"position\":2,\"name\":\"Imperd\u00edvel: Raul Seixas Sinf\u00f4nico!\"}]},{\"@type\":\"WebSite\",\"@id\":\"https:\/\/lackman.com.br\/#website\",\"url\":\"https:\/\/lackman.com.br\/\",\"name\":\"LACKMAN &amp; CO.\",\"description\":\"VIDA | MODA | ARTE\",\"publisher\":{\"@id\":\"https:\/\/lackman.com.br\/#organization\"},\"potentialAction\":[{\"@type\":\"SearchAction\",\"target\":{\"@type\":\"EntryPoint\",\"urlTemplate\":\"https:\/\/lackman.com.br\/?s={search_term_string}\"},\"query-input\":{\"@type\":\"PropertyValueSpecification\",\"valueRequired\":true,\"valueName\":\"search_term_string\"}}],\"inLanguage\":\"pt-BR\"},{\"@type\":\"Organization\",\"@id\":\"https:\/\/lackman.com.br\/#organization\",\"name\":\"LACKMAN &amp; CO.\",\"url\":\"https:\/\/lackman.com.br\/\",\"logo\":{\"@type\":\"ImageObject\",\"inLanguage\":\"pt-BR\",\"@id\":\"https:\/\/lackman.com.br\/#\/schema\/logo\/image\/\",\"url\":\"https:\/\/lackman.com.br\/wp-content\/uploads\/2023\/06\/Logotipo_preto-1.png\",\"contentUrl\":\"https:\/\/lackman.com.br\/wp-content\/uploads\/2023\/06\/Logotipo_preto-1.png\",\"width\":739,\"height\":393,\"caption\":\"LACKMAN &amp; CO.\"},\"image\":{\"@id\":\"https:\/\/lackman.com.br\/#\/schema\/logo\/image\/\"}},{\"@type\":\"Person\",\"@id\":\"https:\/\/lackman.com.br\/#\/schema\/person\/8a2355f699593d21d4f0d25b69db5747\",\"name\":\"Gilberto Evangelista - Colunista\",\"image\":{\"@type\":\"ImageObject\",\"inLanguage\":\"pt-BR\",\"@id\":\"https:\/\/lackman.com.br\/#\/schema\/person\/image\/\",\"url\":\"https:\/\/secure.gravatar.com\/avatar\/cea9badf02f8a90f7a745f2cbea45fda61f65711ec015e2faf3809cca6337c28?s=96&d=mm&r=g\",\"contentUrl\":\"https:\/\/secure.gravatar.com\/avatar\/cea9badf02f8a90f7a745f2cbea45fda61f65711ec015e2faf3809cca6337c28?s=96&d=mm&r=g\",\"caption\":\"Gilberto Evangelista - Colunista\"},\"description\":\"Jornalista e globetrotter.\",\"url\":\"https:\/\/lackman.com.br\/index.php\/author\/gilberto-brito\/\"}]}<\/script>\n<!-- \/ Yoast SEO plugin. -->","yoast_head_json":{"title":"Imperd\u00edvel: Raul Seixas Sinf\u00f4nico! - LACKMAN &amp; CO.","robots":{"index":"index","follow":"follow","max-snippet":"max-snippet:-1","max-image-preview":"max-image-preview:large","max-video-preview":"max-video-preview:-1"},"canonical":"https:\/\/lackman.com.br\/index.php\/2025\/10\/17\/raul-seixas-sinfonico-em-brasilia\/","og_locale":"pt_BR","og_type":"article","og_title":"Imperd\u00edvel: Raul Seixas Sinf\u00f4nico! - LACKMAN &amp; CO.","og_description":"Espet\u00e1culo re\u00fane a Orquestra Filarm\u00f4nica de Bras\u00edlia e o ator Bruce Gomlevsky em uma\u00a0homenagem grandiosa ao legado de Raulzito. O Minist\u00e9rio da Cultura apresenta o espet\u00e1culo Raul Seixas Sinf\u00f4nico, em apresenta\u00e7\u00e3o \u00fanica nesta sexta-feira (17), no Centro de Conven\u00e7\u00f5es Ulysses. A apresenta\u00e7\u00e3o integra o projeto Bras\u00edlia em Concertos e celebra a genialidade de Raul Seixas, que em 2025 completaria 80 anos. Com patroc\u00ednio da Brasal por meio da Lei de Incentivo \u00e0 Cultura, os ingressos ainda est\u00e3o dispon\u00edveis, a partir de R$ 100 pela Bilheteria Digital. A noite promete ser inesquec\u00edvel: a Orquestra Filarm\u00f4nica de Bras\u00edlia se une \u00e0 irrever\u00eancia e \u00e0 for\u00e7a po\u00e9tica da obra de Raulzito em um concerto que transforma o rock em experi\u00eancia sinf\u00f4nica. Com arranjos in\u00e9ditos, o espet\u00e1culo conduz o p\u00fablico a uma viagem sonora e emocional por sucessos que atravessam gera\u00e7\u00f5es. A apresenta\u00e7\u00e3o ter\u00e1 participa\u00e7\u00e3o especial do ator Bruce Gomlevsky (acima), que tem emocionado plateias de todo o Brasil ao incorporar Raul em uma performance intensa e visceral no espet\u00e1culo RAUL. Com dire\u00e7\u00e3o e dramaturgia de Leonardo da Selva e dire\u00e7\u00e3o musical de Gabriel Gabriel, o concerto mergulha na ess\u00eancia criativa de Raul, inspirado em manuscritos originais que revelam suas reflex\u00f5es sobre m\u00fasica, liberdade, amor e o Brasil. \u201cDirigir o Raul Seixas Sinf\u00f4nico \u00e9 um grande desafio e tamb\u00e9m uma imensa alegria. Raul foi um artista \u00e0 frente do seu tempo, um criador que unia m\u00fasica, pensamento e poesia de forma \u00fanica. Trazer sua obra para o formato sinf\u00f4nico, no ano em que ele completaria 80 anos, \u00e9 n\u00e3o s\u00f3 a realiza\u00e7\u00e3o de um sonho, mas tamb\u00e9m um gesto de reconhecimento da import\u00e2ncia cultural que ele tem para o Brasil. Esse espet\u00e1culo celebra um legado que continua vivo e inspirando novas gera\u00e7\u00f5es\u201d, afirma Leonardo da Selva. Justa homenagem! Raul Sinf\u00f4nico \/ Centro de Conven\u00e7\u00f5es Ulysses \/ 17 de outubro (sexta-feira) &#8211; 20h30 \/ R$ 100 &#8211; Bilheteria Digital \/ Informa\u00e7\u00f5es (61)98141-1990 Fotos: Divulga\u00e7\u00e3o","og_url":"https:\/\/lackman.com.br\/index.php\/2025\/10\/17\/raul-seixas-sinfonico-em-brasilia\/","og_site_name":"LACKMAN &amp; CO.","article_published_time":"2025-10-17T19:06:17+00:00","article_modified_time":"2025-10-17T20:03:10+00:00","og_image":[{"width":1600,"height":1067,"url":"http:\/\/lackman.com.br\/wp-content\/uploads\/2025\/10\/IMG_2842.jpg","type":"image\/jpeg"}],"author":"Gilberto Evangelista - Colunista","twitter_card":"summary_large_image","twitter_misc":{"Escrito por":"Gilberto Evangelista - Colunista","Est. tempo de leitura":"3 minutos"},"schema":{"@context":"https:\/\/schema.org","@graph":[{"@type":"Article","@id":"https:\/\/lackman.com.br\/index.php\/2025\/10\/17\/raul-seixas-sinfonico-em-brasilia\/#article","isPartOf":{"@id":"https:\/\/lackman.com.br\/index.php\/2025\/10\/17\/raul-seixas-sinfonico-em-brasilia\/"},"author":{"name":"Gilberto Evangelista - Colunista","@id":"https:\/\/lackman.com.br\/#\/schema\/person\/8a2355f699593d21d4f0d25b69db5747"},"headline":"Imperd\u00edvel: Raul Seixas Sinf\u00f4nico!","datePublished":"2025-10-17T19:06:17+00:00","dateModified":"2025-10-17T20:03:10+00:00","mainEntityOfPage":{"@id":"https:\/\/lackman.com.br\/index.php\/2025\/10\/17\/raul-seixas-sinfonico-em-brasilia\/"},"wordCount":354,"publisher":{"@id":"https:\/\/lackman.com.br\/#organization"},"image":{"@id":"https:\/\/lackman.com.br\/index.php\/2025\/10\/17\/raul-seixas-sinfonico-em-brasilia\/#primaryimage"},"thumbnailUrl":"https:\/\/lackman.com.br\/wp-content\/uploads\/2025\/10\/IMG_2842.jpg","articleSection":["Cultura","Perambulando"],"inLanguage":"pt-BR"},{"@type":"WebPage","@id":"https:\/\/lackman.com.br\/index.php\/2025\/10\/17\/raul-seixas-sinfonico-em-brasilia\/","url":"https:\/\/lackman.com.br\/index.php\/2025\/10\/17\/raul-seixas-sinfonico-em-brasilia\/","name":"Imperd\u00edvel: Raul Seixas Sinf\u00f4nico! - LACKMAN &amp; CO.","isPartOf":{"@id":"https:\/\/lackman.com.br\/#website"},"primaryImageOfPage":{"@id":"https:\/\/lackman.com.br\/index.php\/2025\/10\/17\/raul-seixas-sinfonico-em-brasilia\/#primaryimage"},"image":{"@id":"https:\/\/lackman.com.br\/index.php\/2025\/10\/17\/raul-seixas-sinfonico-em-brasilia\/#primaryimage"},"thumbnailUrl":"https:\/\/lackman.com.br\/wp-content\/uploads\/2025\/10\/IMG_2842.jpg","datePublished":"2025-10-17T19:06:17+00:00","dateModified":"2025-10-17T20:03:10+00:00","breadcrumb":{"@id":"https:\/\/lackman.com.br\/index.php\/2025\/10\/17\/raul-seixas-sinfonico-em-brasilia\/#breadcrumb"},"inLanguage":"pt-BR","potentialAction":[{"@type":"ReadAction","target":["https:\/\/lackman.com.br\/index.php\/2025\/10\/17\/raul-seixas-sinfonico-em-brasilia\/"]}]},{"@type":"ImageObject","inLanguage":"pt-BR","@id":"https:\/\/lackman.com.br\/index.php\/2025\/10\/17\/raul-seixas-sinfonico-em-brasilia\/#primaryimage","url":"https:\/\/lackman.com.br\/wp-content\/uploads\/2025\/10\/IMG_2842.jpg","contentUrl":"https:\/\/lackman.com.br\/wp-content\/uploads\/2025\/10\/IMG_2842.jpg","width":1600,"height":1067},{"@type":"BreadcrumbList","@id":"https:\/\/lackman.com.br\/index.php\/2025\/10\/17\/raul-seixas-sinfonico-em-brasilia\/#breadcrumb","itemListElement":[{"@type":"ListItem","position":1,"name":"In\u00edcio","item":"https:\/\/lackman.com.br\/"},{"@type":"ListItem","position":2,"name":"Imperd\u00edvel: Raul Seixas Sinf\u00f4nico!"}]},{"@type":"WebSite","@id":"https:\/\/lackman.com.br\/#website","url":"https:\/\/lackman.com.br\/","name":"LACKMAN &amp; CO.","description":"VIDA | MODA | ARTE","publisher":{"@id":"https:\/\/lackman.com.br\/#organization"},"potentialAction":[{"@type":"SearchAction","target":{"@type":"EntryPoint","urlTemplate":"https:\/\/lackman.com.br\/?s={search_term_string}"},"query-input":{"@type":"PropertyValueSpecification","valueRequired":true,"valueName":"search_term_string"}}],"inLanguage":"pt-BR"},{"@type":"Organization","@id":"https:\/\/lackman.com.br\/#organization","name":"LACKMAN &amp; CO.","url":"https:\/\/lackman.com.br\/","logo":{"@type":"ImageObject","inLanguage":"pt-BR","@id":"https:\/\/lackman.com.br\/#\/schema\/logo\/image\/","url":"https:\/\/lackman.com.br\/wp-content\/uploads\/2023\/06\/Logotipo_preto-1.png","contentUrl":"https:\/\/lackman.com.br\/wp-content\/uploads\/2023\/06\/Logotipo_preto-1.png","width":739,"height":393,"caption":"LACKMAN &amp; CO."},"image":{"@id":"https:\/\/lackman.com.br\/#\/schema\/logo\/image\/"}},{"@type":"Person","@id":"https:\/\/lackman.com.br\/#\/schema\/person\/8a2355f699593d21d4f0d25b69db5747","name":"Gilberto Evangelista - Colunista","image":{"@type":"ImageObject","inLanguage":"pt-BR","@id":"https:\/\/lackman.com.br\/#\/schema\/person\/image\/","url":"https:\/\/secure.gravatar.com\/avatar\/cea9badf02f8a90f7a745f2cbea45fda61f65711ec015e2faf3809cca6337c28?s=96&d=mm&r=g","contentUrl":"https:\/\/secure.gravatar.com\/avatar\/cea9badf02f8a90f7a745f2cbea45fda61f65711ec015e2faf3809cca6337c28?s=96&d=mm&r=g","caption":"Gilberto Evangelista - Colunista"},"description":"Jornalista e globetrotter.","url":"https:\/\/lackman.com.br\/index.php\/author\/gilberto-brito\/"}]}},"rttpg_featured_image_url":{"full":["https:\/\/lackman.com.br\/wp-content\/uploads\/2025\/10\/IMG_2842.jpg",1600,1067,false],"landscape":["https:\/\/lackman.com.br\/wp-content\/uploads\/2025\/10\/IMG_2842.jpg",1600,1067,false],"portraits":["https:\/\/lackman.com.br\/wp-content\/uploads\/2025\/10\/IMG_2842.jpg",1600,1067,false],"thumbnail":["https:\/\/lackman.com.br\/wp-content\/uploads\/2025\/10\/IMG_2842-150x150.jpg",150,150,true],"medium":["https:\/\/lackman.com.br\/wp-content\/uploads\/2025\/10\/IMG_2842-300x200.jpg",300,200,true],"large":["https:\/\/lackman.com.br\/wp-content\/uploads\/2025\/10\/IMG_2842-1024x683.jpg",1024,683,true],"RoboGalleryMansoryImagesCenter":["https:\/\/lackman.com.br\/wp-content\/uploads\/2025\/10\/IMG_2842-600x1024.jpg",600,1024,true],"RoboGalleryPreload":["https:\/\/lackman.com.br\/wp-content\/uploads\/2025\/10\/IMG_2842-100x67.jpg",100,67,true],"1536x1536":["https:\/\/lackman.com.br\/wp-content\/uploads\/2025\/10\/IMG_2842-1536x1024.jpg",1536,1024,true],"2048x2048":["https:\/\/lackman.com.br\/wp-content\/uploads\/2025\/10\/IMG_2842.jpg",1600,1067,false]},"rttpg_author":{"display_name":"Gilberto Evangelista - Colunista","author_link":"https:\/\/lackman.com.br\/index.php\/author\/gilberto-brito\/"},"rttpg_comment":0,"rttpg_category":"<a href=\"https:\/\/lackman.com.br\/index.php\/category\/arte\/cultura-arte\/\" rel=\"category tag\">Cultura<\/a> <a href=\"https:\/\/lackman.com.br\/index.php\/category\/vida\/perambulando\/\" rel=\"category tag\">Perambulando<\/a>","rttpg_excerpt":"Espet\u00e1culo re\u00fane a Orquestra Filarm\u00f4nica de Bras\u00edlia e o ator Bruce Gomlevsky em uma\u00a0homenagem grandiosa ao legado de Raulzito. O Minist\u00e9rio da Cultura apresenta o espet\u00e1culo Raul Seixas Sinf\u00f4nico, em apresenta\u00e7\u00e3o \u00fanica nesta sexta-feira (17), no Centro de Conven\u00e7\u00f5es Ulysses. A apresenta\u00e7\u00e3o integra o projeto Bras\u00edlia em Concertos e celebra a genialidade de Raul Seixas,&hellip;","_links":{"self":[{"href":"https:\/\/lackman.com.br\/index.php\/wp-json\/wp\/v2\/posts\/10951","targetHints":{"allow":["GET"]}}],"collection":[{"href":"https:\/\/lackman.com.br\/index.php\/wp-json\/wp\/v2\/posts"}],"about":[{"href":"https:\/\/lackman.com.br\/index.php\/wp-json\/wp\/v2\/types\/post"}],"author":[{"embeddable":true,"href":"https:\/\/lackman.com.br\/index.php\/wp-json\/wp\/v2\/users\/6"}],"replies":[{"embeddable":true,"href":"https:\/\/lackman.com.br\/index.php\/wp-json\/wp\/v2\/comments?post=10951"}],"version-history":[{"count":2,"href":"https:\/\/lackman.com.br\/index.php\/wp-json\/wp\/v2\/posts\/10951\/revisions"}],"predecessor-version":[{"id":10966,"href":"https:\/\/lackman.com.br\/index.php\/wp-json\/wp\/v2\/posts\/10951\/revisions\/10966"}],"wp:featuredmedia":[{"embeddable":true,"href":"https:\/\/lackman.com.br\/index.php\/wp-json\/wp\/v2\/media\/10953"}],"wp:attachment":[{"href":"https:\/\/lackman.com.br\/index.php\/wp-json\/wp\/v2\/media?parent=10951"}],"wp:term":[{"taxonomy":"category","embeddable":true,"href":"https:\/\/lackman.com.br\/index.php\/wp-json\/wp\/v2\/categories?post=10951"},{"taxonomy":"post_tag","embeddable":true,"href":"https:\/\/lackman.com.br\/index.php\/wp-json\/wp\/v2\/tags?post=10951"}],"curies":[{"name":"wp","href":"https:\/\/api.w.org\/{rel}","templated":true}]}}