{"id":10945,"date":"2025-10-15T20:45:34","date_gmt":"2025-10-15T23:45:34","guid":{"rendered":"https:\/\/lackman.com.br\/?p=10945"},"modified":"2025-10-15T21:15:14","modified_gmt":"2025-10-16T00:15:14","slug":"maneco-chega-ao-mane-mercado-plano-piloto","status":"publish","type":"post","link":"https:\/\/lackman.com.br\/index.php\/2025\/10\/15\/maneco-chega-ao-mane-mercado-plano-piloto\/","title":{"rendered":"Maneco chega ao Man\u00e9 Mercado Plano Piloto"},"content":{"rendered":"<p data-start=\"405\" data-end=\"769\">Se voc\u00ea ainda n\u00e3o conheceu o <strong>Maneco do Man\u00e9 Mercado \u00c1guas Claras<\/strong>, j\u00e1 vai se atualizando: o boteco, que j\u00e1 caiu nas gra\u00e7as do p\u00fablico, acaba de abrir mais uma unidade e dessa vez, na matriz, ou seja, no cora\u00e7\u00e3o da cidade. O novo Maneco desembarcou no Man\u00e9 Mercado Bras\u00edlia que fica ali no Eixo Monumental. Este colunista arrisca o palpite de que o bar promete repetir o sucesso da primeira casa com aquele jeitinho bom de boteco raiz.<\/p>\n<p data-start=\"771\" data-end=\"1052\">O espa\u00e7o abre as portas com tudo: chopp na tulipa, cerveja 600ml bem gelada, drinks autorais e o card\u00e1pio irresist\u00edvel de petiscos criado pelas <strong data-start=\"915\" data-end=\"945\">14 opera\u00e7\u00f5es gastron\u00f4micas<\/strong> do complexo. \u00c9 o ponto certo pra reunir os amigos, assistir aos jogos e deixar o papo render sem pressa.\u00a0E tem mais: de segunda a sexta, o <strong data-start=\"1088\" data-end=\"1133\">happy hour come\u00e7a \u00e0s 15h e vai at\u00e9 as 20h<\/strong>, com chopp Amstel por <strong data-start=\"1156\" data-end=\"1167\">R$ 6,90<\/strong>, longneck Amstel a <strong data-start=\"1187\" data-end=\"1198\">R$ 7,90<\/strong> e o drink queridinho da casa, o <strong data-start=\"1231\" data-end=\"1247\">Caju do Man\u00e9<\/strong>, por <strong data-start=\"1253\" data-end=\"1265\">R$ 18,90<\/strong>.<\/p>\n<p data-start=\"771\" data-end=\"1052\"><img fetchpriority=\"high\" decoding=\"async\" class=\"alignnone size-large wp-image-10947\" src=\"http:\/\/lackman.com.br\/wp-content\/uploads\/2025\/10\/01.10.ColetivaManeco@fercoutinhoshakeitbsb_084-1024x683.jpg\" alt=\"\" width=\"1024\" height=\"683\" srcset=\"https:\/\/lackman.com.br\/wp-content\/uploads\/2025\/10\/01.10.ColetivaManeco@fercoutinhoshakeitbsb_084-1024x683.jpg 1024w, https:\/\/lackman.com.br\/wp-content\/uploads\/2025\/10\/01.10.ColetivaManeco@fercoutinhoshakeitbsb_084-300x200.jpg 300w, https:\/\/lackman.com.br\/wp-content\/uploads\/2025\/10\/01.10.ColetivaManeco@fercoutinhoshakeitbsb_084-768x512.jpg 768w, https:\/\/lackman.com.br\/wp-content\/uploads\/2025\/10\/01.10.ColetivaManeco@fercoutinhoshakeitbsb_084-100x67.jpg 100w, https:\/\/lackman.com.br\/wp-content\/uploads\/2025\/10\/01.10.ColetivaManeco@fercoutinhoshakeitbsb_084-1536x1024.jpg 1536w, https:\/\/lackman.com.br\/wp-content\/uploads\/2025\/10\/01.10.ColetivaManeco@fercoutinhoshakeitbsb_084.jpg 2048w\" sizes=\"(max-width: 1024px) 100vw, 1024px\" \/><\/p>\n<p data-start=\"1270\" data-end=\"1430\">Como resume o gerente operacional <strong>Gabriel Bereohff<\/strong>: \u201c<em>O Maneco chega pra ser aquele boteco de verdade \u2014 cerveja gelada, resenha boa e o esp\u00edrito leve do Man\u00e9<\/em>\u201d.<\/p>\n<p><em><strong>E a\u00ed, vambora?<\/strong><\/em><\/p>\n<p><em><strong>Maneco &#8211; Man\u00e9 Mercado Bras\u00edlia<\/strong>\/ Man\u00e9 Mercado &#8211; Eixo Monumental &#8211; Arena BRB Man\u00e9 Garrincha \/\u00a0segunda a quinta &#8211; 15h \u00e0s 00h; sexta e s\u00e1bado &#8211; 11h \u00e0s 01h; domingo &#8211; 11h \u00e0s 23h \/ Happy Hour: segunda a sexta-feira &#8211; 15h \u00e0s 20h \/ Siga\u00a0<a href=\"https:\/\/www.instagram.com\/manebrasilia\/\">@manebrasilia<\/a><\/em><\/p>\n<p>&nbsp;<\/p>\n<pre>Fotos: Divulga\u00e7\u00e3o<\/pre>\n","protected":false},"excerpt":{"rendered":"<p>Se voc\u00ea ainda n\u00e3o conheceu o Maneco do Man\u00e9 Mercado \u00c1guas Claras, j\u00e1 vai se atualizando: o boteco, que j\u00e1 caiu nas gra\u00e7as do p\u00fablico, acaba de abrir mais uma unidade e dessa vez, na matriz, ou seja, no cora\u00e7\u00e3o da cidade. O novo Maneco desembarcou no Man\u00e9 Mercado Bras\u00edlia que fica ali no Eixo Monumental. Este colunista arrisca o palpite de que o bar promete repetir o sucesso da primeira casa com aquele jeitinho bom de boteco raiz. O espa\u00e7o abre as portas com tudo: chopp na tulipa, cerveja 600ml bem gelada, drinks autorais e o card\u00e1pio irresist\u00edvel de petiscos criado pelas 14 opera\u00e7\u00f5es gastron\u00f4micas do complexo. \u00c9 o ponto certo pra reunir os amigos, assistir aos jogos e deixar o papo render sem pressa.\u00a0E tem mais: de segunda a sexta, o happy hour come\u00e7a \u00e0s 15h e vai at\u00e9 as 20h, com chopp Amstel por R$ 6,90, longneck Amstel a R$ 7,90 e o drink queridinho da casa, o Caju do Man\u00e9, por R$ 18,90. Como resume o gerente operacional Gabriel Bereohff: \u201cO Maneco chega pra ser aquele boteco de verdade \u2014 cerveja gelada, resenha boa e o esp\u00edrito leve do Man\u00e9\u201d. E a\u00ed, vambora? Maneco &#8211; Man\u00e9 Mercado Bras\u00edlia\/ Man\u00e9 Mercado &#8211; Eixo Monumental &#8211; Arena BRB Man\u00e9 Garrincha \/\u00a0segunda a quinta &#8211; 15h \u00e0s 00h; sexta e s\u00e1bado &#8211; 11h \u00e0s 01h; domingo &#8211; 11h \u00e0s 23h \/ Happy Hour: segunda a sexta-feira &#8211; 15h \u00e0s 20h \/ Siga\u00a0@manebrasilia &nbsp; Fotos: Divulga\u00e7\u00e3o<\/p>\n","protected":false},"author":6,"featured_media":10946,"comment_status":"closed","ping_status":"open","sticky":false,"template":"","format":"standard","meta":{"site-sidebar-layout":"default","site-content-layout":"","ast-site-content-layout":"default","site-content-style":"default","site-sidebar-style":"default","ast-global-header-display":"","ast-banner-title-visibility":"","ast-main-header-display":"","ast-hfb-above-header-display":"","ast-hfb-below-header-display":"","ast-hfb-mobile-header-display":"","site-post-title":"","ast-breadcrumbs-content":"","ast-featured-img":"","footer-sml-layout":"","ast-disable-related-posts":"","theme-transparent-header-meta":"default","adv-header-id-meta":"","stick-header-meta":"","header-above-stick-meta":"","header-main-stick-meta":"","header-below-stick-meta":"","astra-migrate-meta-layouts":"set","ast-page-background-enabled":"default","ast-page-background-meta":{"desktop":{"background-color":"","background-image":"","background-repeat":"repeat","background-position":"center center","background-size":"auto","background-attachment":"scroll","background-type":"","background-media":"","overlay-type":"","overlay-color":"","overlay-opacity":"","overlay-gradient":""},"tablet":{"background-color":"","background-image":"","background-repeat":"repeat","background-position":"center center","background-size":"auto","background-attachment":"scroll","background-type":"","background-media":"","overlay-type":"","overlay-color":"","overlay-opacity":"","overlay-gradient":""},"mobile":{"background-color":"","background-image":"","background-repeat":"repeat","background-position":"center center","background-size":"auto","background-attachment":"scroll","background-type":"","background-media":"","overlay-type":"","overlay-color":"","overlay-opacity":"","overlay-gradient":""}},"ast-content-background-meta":{"desktop":{"background-color":"var(--ast-global-color-5)","background-image":"","background-repeat":"repeat","background-position":"center center","background-size":"auto","background-attachment":"scroll","background-type":"","background-media":"","overlay-type":"","overlay-color":"","overlay-opacity":"","overlay-gradient":""},"tablet":{"background-color":"var(--ast-global-color-5)","background-image":"","background-repeat":"repeat","background-position":"center center","background-size":"auto","background-attachment":"scroll","background-type":"","background-media":"","overlay-type":"","overlay-color":"","overlay-opacity":"","overlay-gradient":""},"mobile":{"background-color":"var(--ast-global-color-5)","background-image":"","background-repeat":"repeat","background-position":"center center","background-size":"auto","background-attachment":"scroll","background-type":"","background-media":"","overlay-type":"","overlay-color":"","overlay-opacity":"","overlay-gradient":""}},"footnotes":""},"categories":[42,43],"tags":[],"class_list":["post-10945","post","type-post","status-publish","format-standard","has-post-thumbnail","hentry","category-gastronomia","category-perambulando"],"yoast_head":"<!-- This site is optimized with the Yoast SEO plugin v27.0 - https:\/\/yoast.com\/product\/yoast-seo-wordpress\/ -->\n<title>Maneco chega ao Man\u00e9 Mercado Plano Piloto - LACKMAN &amp; CO.<\/title>\n<meta name=\"robots\" content=\"index, follow, max-snippet:-1, max-image-preview:large, max-video-preview:-1\" \/>\n<link rel=\"canonical\" href=\"https:\/\/lackman.com.br\/index.php\/2025\/10\/15\/maneco-chega-ao-mane-mercado-plano-piloto\/\" \/>\n<meta property=\"og:locale\" content=\"pt_BR\" \/>\n<meta property=\"og:type\" content=\"article\" \/>\n<meta property=\"og:title\" content=\"Maneco chega ao Man\u00e9 Mercado Plano Piloto - LACKMAN &amp; CO.\" \/>\n<meta property=\"og:description\" content=\"Se voc\u00ea ainda n\u00e3o conheceu o Maneco do Man\u00e9 Mercado \u00c1guas Claras, j\u00e1 vai se atualizando: o boteco, que j\u00e1 caiu nas gra\u00e7as do p\u00fablico, acaba de abrir mais uma unidade e dessa vez, na matriz, ou seja, no cora\u00e7\u00e3o da cidade. O novo Maneco desembarcou no Man\u00e9 Mercado Bras\u00edlia que fica ali no Eixo Monumental. Este colunista arrisca o palpite de que o bar promete repetir o sucesso da primeira casa com aquele jeitinho bom de boteco raiz. O espa\u00e7o abre as portas com tudo: chopp na tulipa, cerveja 600ml bem gelada, drinks autorais e o card\u00e1pio irresist\u00edvel de petiscos criado pelas 14 opera\u00e7\u00f5es gastron\u00f4micas do complexo. \u00c9 o ponto certo pra reunir os amigos, assistir aos jogos e deixar o papo render sem pressa.\u00a0E tem mais: de segunda a sexta, o happy hour come\u00e7a \u00e0s 15h e vai at\u00e9 as 20h, com chopp Amstel por R$ 6,90, longneck Amstel a R$ 7,90 e o drink queridinho da casa, o Caju do Man\u00e9, por R$ 18,90. Como resume o gerente operacional Gabriel Bereohff: \u201cO Maneco chega pra ser aquele boteco de verdade \u2014 cerveja gelada, resenha boa e o esp\u00edrito leve do Man\u00e9\u201d. E a\u00ed, vambora? Maneco &#8211; Man\u00e9 Mercado Bras\u00edlia\/ Man\u00e9 Mercado &#8211; Eixo Monumental &#8211; Arena BRB Man\u00e9 Garrincha \/\u00a0segunda a quinta &#8211; 15h \u00e0s 00h; sexta e s\u00e1bado &#8211; 11h \u00e0s 01h; domingo &#8211; 11h \u00e0s 23h \/ Happy Hour: segunda a sexta-feira &#8211; 15h \u00e0s 20h \/ Siga\u00a0@manebrasilia &nbsp; Fotos: Divulga\u00e7\u00e3o\" \/>\n<meta property=\"og:url\" content=\"https:\/\/lackman.com.br\/index.php\/2025\/10\/15\/maneco-chega-ao-mane-mercado-plano-piloto\/\" \/>\n<meta property=\"og:site_name\" content=\"LACKMAN &amp; CO.\" \/>\n<meta property=\"article:published_time\" content=\"2025-10-15T23:45:34+00:00\" \/>\n<meta property=\"article:modified_time\" content=\"2025-10-16T00:15:14+00:00\" \/>\n<meta property=\"og:image\" content=\"http:\/\/lackman.com.br\/wp-content\/uploads\/2025\/10\/01.10.ColetivaManeco@fercoutinhoshakeitbsb_031-683x1024.jpg\" \/>\n\t<meta property=\"og:image:width\" content=\"683\" \/>\n\t<meta property=\"og:image:height\" content=\"1024\" \/>\n\t<meta property=\"og:image:type\" content=\"image\/jpeg\" \/>\n<meta name=\"author\" content=\"Gilberto Evangelista - Colunista\" \/>\n<meta name=\"twitter:card\" content=\"summary_large_image\" \/>\n<meta name=\"twitter:label1\" content=\"Escrito por\" \/>\n\t<meta name=\"twitter:data1\" content=\"Gilberto Evangelista - Colunista\" \/>\n\t<meta name=\"twitter:label2\" content=\"Est. tempo de leitura\" \/>\n\t<meta name=\"twitter:data2\" content=\"2 minutos\" \/>\n<script type=\"application\/ld+json\" class=\"yoast-schema-graph\">{\"@context\":\"https:\/\/schema.org\",\"@graph\":[{\"@type\":\"Article\",\"@id\":\"https:\/\/lackman.com.br\/index.php\/2025\/10\/15\/maneco-chega-ao-mane-mercado-plano-piloto\/#article\",\"isPartOf\":{\"@id\":\"https:\/\/lackman.com.br\/index.php\/2025\/10\/15\/maneco-chega-ao-mane-mercado-plano-piloto\/\"},\"author\":{\"name\":\"Gilberto Evangelista - Colunista\",\"@id\":\"https:\/\/lackman.com.br\/#\/schema\/person\/8a2355f699593d21d4f0d25b69db5747\"},\"headline\":\"Maneco chega ao Man\u00e9 Mercado Plano Piloto\",\"datePublished\":\"2025-10-15T23:45:34+00:00\",\"dateModified\":\"2025-10-16T00:15:14+00:00\",\"mainEntityOfPage\":{\"@id\":\"https:\/\/lackman.com.br\/index.php\/2025\/10\/15\/maneco-chega-ao-mane-mercado-plano-piloto\/\"},\"wordCount\":259,\"publisher\":{\"@id\":\"https:\/\/lackman.com.br\/#organization\"},\"image\":{\"@id\":\"https:\/\/lackman.com.br\/index.php\/2025\/10\/15\/maneco-chega-ao-mane-mercado-plano-piloto\/#primaryimage\"},\"thumbnailUrl\":\"https:\/\/lackman.com.br\/wp-content\/uploads\/2025\/10\/01.10.ColetivaManeco@fercoutinhoshakeitbsb_031.jpg\",\"articleSection\":[\"Gastr\u00f4\",\"Perambulando\"],\"inLanguage\":\"pt-BR\"},{\"@type\":\"WebPage\",\"@id\":\"https:\/\/lackman.com.br\/index.php\/2025\/10\/15\/maneco-chega-ao-mane-mercado-plano-piloto\/\",\"url\":\"https:\/\/lackman.com.br\/index.php\/2025\/10\/15\/maneco-chega-ao-mane-mercado-plano-piloto\/\",\"name\":\"Maneco chega ao Man\u00e9 Mercado Plano Piloto - LACKMAN &amp; CO.\",\"isPartOf\":{\"@id\":\"https:\/\/lackman.com.br\/#website\"},\"primaryImageOfPage\":{\"@id\":\"https:\/\/lackman.com.br\/index.php\/2025\/10\/15\/maneco-chega-ao-mane-mercado-plano-piloto\/#primaryimage\"},\"image\":{\"@id\":\"https:\/\/lackman.com.br\/index.php\/2025\/10\/15\/maneco-chega-ao-mane-mercado-plano-piloto\/#primaryimage\"},\"thumbnailUrl\":\"https:\/\/lackman.com.br\/wp-content\/uploads\/2025\/10\/01.10.ColetivaManeco@fercoutinhoshakeitbsb_031.jpg\",\"datePublished\":\"2025-10-15T23:45:34+00:00\",\"dateModified\":\"2025-10-16T00:15:14+00:00\",\"breadcrumb\":{\"@id\":\"https:\/\/lackman.com.br\/index.php\/2025\/10\/15\/maneco-chega-ao-mane-mercado-plano-piloto\/#breadcrumb\"},\"inLanguage\":\"pt-BR\",\"potentialAction\":[{\"@type\":\"ReadAction\",\"target\":[\"https:\/\/lackman.com.br\/index.php\/2025\/10\/15\/maneco-chega-ao-mane-mercado-plano-piloto\/\"]}]},{\"@type\":\"ImageObject\",\"inLanguage\":\"pt-BR\",\"@id\":\"https:\/\/lackman.com.br\/index.php\/2025\/10\/15\/maneco-chega-ao-mane-mercado-plano-piloto\/#primaryimage\",\"url\":\"https:\/\/lackman.com.br\/wp-content\/uploads\/2025\/10\/01.10.ColetivaManeco@fercoutinhoshakeitbsb_031.jpg\",\"contentUrl\":\"https:\/\/lackman.com.br\/wp-content\/uploads\/2025\/10\/01.10.ColetivaManeco@fercoutinhoshakeitbsb_031.jpg\",\"width\":1365,\"height\":2048},{\"@type\":\"BreadcrumbList\",\"@id\":\"https:\/\/lackman.com.br\/index.php\/2025\/10\/15\/maneco-chega-ao-mane-mercado-plano-piloto\/#breadcrumb\",\"itemListElement\":[{\"@type\":\"ListItem\",\"position\":1,\"name\":\"In\u00edcio\",\"item\":\"https:\/\/lackman.com.br\/\"},{\"@type\":\"ListItem\",\"position\":2,\"name\":\"Maneco chega ao Man\u00e9 Mercado Plano Piloto\"}]},{\"@type\":\"WebSite\",\"@id\":\"https:\/\/lackman.com.br\/#website\",\"url\":\"https:\/\/lackman.com.br\/\",\"name\":\"LACKMAN &amp; CO.\",\"description\":\"VIDA | MODA | ARTE\",\"publisher\":{\"@id\":\"https:\/\/lackman.com.br\/#organization\"},\"potentialAction\":[{\"@type\":\"SearchAction\",\"target\":{\"@type\":\"EntryPoint\",\"urlTemplate\":\"https:\/\/lackman.com.br\/?s={search_term_string}\"},\"query-input\":{\"@type\":\"PropertyValueSpecification\",\"valueRequired\":true,\"valueName\":\"search_term_string\"}}],\"inLanguage\":\"pt-BR\"},{\"@type\":\"Organization\",\"@id\":\"https:\/\/lackman.com.br\/#organization\",\"name\":\"LACKMAN &amp; CO.\",\"url\":\"https:\/\/lackman.com.br\/\",\"logo\":{\"@type\":\"ImageObject\",\"inLanguage\":\"pt-BR\",\"@id\":\"https:\/\/lackman.com.br\/#\/schema\/logo\/image\/\",\"url\":\"https:\/\/lackman.com.br\/wp-content\/uploads\/2023\/06\/Logotipo_preto-1.png\",\"contentUrl\":\"https:\/\/lackman.com.br\/wp-content\/uploads\/2023\/06\/Logotipo_preto-1.png\",\"width\":739,\"height\":393,\"caption\":\"LACKMAN &amp; CO.\"},\"image\":{\"@id\":\"https:\/\/lackman.com.br\/#\/schema\/logo\/image\/\"}},{\"@type\":\"Person\",\"@id\":\"https:\/\/lackman.com.br\/#\/schema\/person\/8a2355f699593d21d4f0d25b69db5747\",\"name\":\"Gilberto Evangelista - Colunista\",\"image\":{\"@type\":\"ImageObject\",\"inLanguage\":\"pt-BR\",\"@id\":\"https:\/\/lackman.com.br\/#\/schema\/person\/image\/\",\"url\":\"https:\/\/secure.gravatar.com\/avatar\/cea9badf02f8a90f7a745f2cbea45fda61f65711ec015e2faf3809cca6337c28?s=96&d=mm&r=g\",\"contentUrl\":\"https:\/\/secure.gravatar.com\/avatar\/cea9badf02f8a90f7a745f2cbea45fda61f65711ec015e2faf3809cca6337c28?s=96&d=mm&r=g\",\"caption\":\"Gilberto Evangelista - Colunista\"},\"description\":\"Jornalista e globetrotter.\",\"url\":\"https:\/\/lackman.com.br\/index.php\/author\/gilberto-brito\/\"}]}<\/script>\n<!-- \/ Yoast SEO plugin. -->","yoast_head_json":{"title":"Maneco chega ao Man\u00e9 Mercado Plano Piloto - LACKMAN &amp; CO.","robots":{"index":"index","follow":"follow","max-snippet":"max-snippet:-1","max-image-preview":"max-image-preview:large","max-video-preview":"max-video-preview:-1"},"canonical":"https:\/\/lackman.com.br\/index.php\/2025\/10\/15\/maneco-chega-ao-mane-mercado-plano-piloto\/","og_locale":"pt_BR","og_type":"article","og_title":"Maneco chega ao Man\u00e9 Mercado Plano Piloto - LACKMAN &amp; CO.","og_description":"Se voc\u00ea ainda n\u00e3o conheceu o Maneco do Man\u00e9 Mercado \u00c1guas Claras, j\u00e1 vai se atualizando: o boteco, que j\u00e1 caiu nas gra\u00e7as do p\u00fablico, acaba de abrir mais uma unidade e dessa vez, na matriz, ou seja, no cora\u00e7\u00e3o da cidade. O novo Maneco desembarcou no Man\u00e9 Mercado Bras\u00edlia que fica ali no Eixo Monumental. Este colunista arrisca o palpite de que o bar promete repetir o sucesso da primeira casa com aquele jeitinho bom de boteco raiz. O espa\u00e7o abre as portas com tudo: chopp na tulipa, cerveja 600ml bem gelada, drinks autorais e o card\u00e1pio irresist\u00edvel de petiscos criado pelas 14 opera\u00e7\u00f5es gastron\u00f4micas do complexo. \u00c9 o ponto certo pra reunir os amigos, assistir aos jogos e deixar o papo render sem pressa.\u00a0E tem mais: de segunda a sexta, o happy hour come\u00e7a \u00e0s 15h e vai at\u00e9 as 20h, com chopp Amstel por R$ 6,90, longneck Amstel a R$ 7,90 e o drink queridinho da casa, o Caju do Man\u00e9, por R$ 18,90. Como resume o gerente operacional Gabriel Bereohff: \u201cO Maneco chega pra ser aquele boteco de verdade \u2014 cerveja gelada, resenha boa e o esp\u00edrito leve do Man\u00e9\u201d. E a\u00ed, vambora? Maneco &#8211; Man\u00e9 Mercado Bras\u00edlia\/ Man\u00e9 Mercado &#8211; Eixo Monumental &#8211; Arena BRB Man\u00e9 Garrincha \/\u00a0segunda a quinta &#8211; 15h \u00e0s 00h; sexta e s\u00e1bado &#8211; 11h \u00e0s 01h; domingo &#8211; 11h \u00e0s 23h \/ Happy Hour: segunda a sexta-feira &#8211; 15h \u00e0s 20h \/ Siga\u00a0@manebrasilia &nbsp; Fotos: Divulga\u00e7\u00e3o","og_url":"https:\/\/lackman.com.br\/index.php\/2025\/10\/15\/maneco-chega-ao-mane-mercado-plano-piloto\/","og_site_name":"LACKMAN &amp; CO.","article_published_time":"2025-10-15T23:45:34+00:00","article_modified_time":"2025-10-16T00:15:14+00:00","og_image":[{"width":683,"height":1024,"url":"http:\/\/lackman.com.br\/wp-content\/uploads\/2025\/10\/01.10.ColetivaManeco@fercoutinhoshakeitbsb_031-683x1024.jpg","type":"image\/jpeg"}],"author":"Gilberto Evangelista - Colunista","twitter_card":"summary_large_image","twitter_misc":{"Escrito por":"Gilberto Evangelista - Colunista","Est. tempo de leitura":"2 minutos"},"schema":{"@context":"https:\/\/schema.org","@graph":[{"@type":"Article","@id":"https:\/\/lackman.com.br\/index.php\/2025\/10\/15\/maneco-chega-ao-mane-mercado-plano-piloto\/#article","isPartOf":{"@id":"https:\/\/lackman.com.br\/index.php\/2025\/10\/15\/maneco-chega-ao-mane-mercado-plano-piloto\/"},"author":{"name":"Gilberto Evangelista - Colunista","@id":"https:\/\/lackman.com.br\/#\/schema\/person\/8a2355f699593d21d4f0d25b69db5747"},"headline":"Maneco chega ao Man\u00e9 Mercado Plano Piloto","datePublished":"2025-10-15T23:45:34+00:00","dateModified":"2025-10-16T00:15:14+00:00","mainEntityOfPage":{"@id":"https:\/\/lackman.com.br\/index.php\/2025\/10\/15\/maneco-chega-ao-mane-mercado-plano-piloto\/"},"wordCount":259,"publisher":{"@id":"https:\/\/lackman.com.br\/#organization"},"image":{"@id":"https:\/\/lackman.com.br\/index.php\/2025\/10\/15\/maneco-chega-ao-mane-mercado-plano-piloto\/#primaryimage"},"thumbnailUrl":"https:\/\/lackman.com.br\/wp-content\/uploads\/2025\/10\/01.10.ColetivaManeco@fercoutinhoshakeitbsb_031.jpg","articleSection":["Gastr\u00f4","Perambulando"],"inLanguage":"pt-BR"},{"@type":"WebPage","@id":"https:\/\/lackman.com.br\/index.php\/2025\/10\/15\/maneco-chega-ao-mane-mercado-plano-piloto\/","url":"https:\/\/lackman.com.br\/index.php\/2025\/10\/15\/maneco-chega-ao-mane-mercado-plano-piloto\/","name":"Maneco chega ao Man\u00e9 Mercado Plano Piloto - LACKMAN &amp; CO.","isPartOf":{"@id":"https:\/\/lackman.com.br\/#website"},"primaryImageOfPage":{"@id":"https:\/\/lackman.com.br\/index.php\/2025\/10\/15\/maneco-chega-ao-mane-mercado-plano-piloto\/#primaryimage"},"image":{"@id":"https:\/\/lackman.com.br\/index.php\/2025\/10\/15\/maneco-chega-ao-mane-mercado-plano-piloto\/#primaryimage"},"thumbnailUrl":"https:\/\/lackman.com.br\/wp-content\/uploads\/2025\/10\/01.10.ColetivaManeco@fercoutinhoshakeitbsb_031.jpg","datePublished":"2025-10-15T23:45:34+00:00","dateModified":"2025-10-16T00:15:14+00:00","breadcrumb":{"@id":"https:\/\/lackman.com.br\/index.php\/2025\/10\/15\/maneco-chega-ao-mane-mercado-plano-piloto\/#breadcrumb"},"inLanguage":"pt-BR","potentialAction":[{"@type":"ReadAction","target":["https:\/\/lackman.com.br\/index.php\/2025\/10\/15\/maneco-chega-ao-mane-mercado-plano-piloto\/"]}]},{"@type":"ImageObject","inLanguage":"pt-BR","@id":"https:\/\/lackman.com.br\/index.php\/2025\/10\/15\/maneco-chega-ao-mane-mercado-plano-piloto\/#primaryimage","url":"https:\/\/lackman.com.br\/wp-content\/uploads\/2025\/10\/01.10.ColetivaManeco@fercoutinhoshakeitbsb_031.jpg","contentUrl":"https:\/\/lackman.com.br\/wp-content\/uploads\/2025\/10\/01.10.ColetivaManeco@fercoutinhoshakeitbsb_031.jpg","width":1365,"height":2048},{"@type":"BreadcrumbList","@id":"https:\/\/lackman.com.br\/index.php\/2025\/10\/15\/maneco-chega-ao-mane-mercado-plano-piloto\/#breadcrumb","itemListElement":[{"@type":"ListItem","position":1,"name":"In\u00edcio","item":"https:\/\/lackman.com.br\/"},{"@type":"ListItem","position":2,"name":"Maneco chega ao Man\u00e9 Mercado Plano Piloto"}]},{"@type":"WebSite","@id":"https:\/\/lackman.com.br\/#website","url":"https:\/\/lackman.com.br\/","name":"LACKMAN &amp; CO.","description":"VIDA | MODA | ARTE","publisher":{"@id":"https:\/\/lackman.com.br\/#organization"},"potentialAction":[{"@type":"SearchAction","target":{"@type":"EntryPoint","urlTemplate":"https:\/\/lackman.com.br\/?s={search_term_string}"},"query-input":{"@type":"PropertyValueSpecification","valueRequired":true,"valueName":"search_term_string"}}],"inLanguage":"pt-BR"},{"@type":"Organization","@id":"https:\/\/lackman.com.br\/#organization","name":"LACKMAN &amp; CO.","url":"https:\/\/lackman.com.br\/","logo":{"@type":"ImageObject","inLanguage":"pt-BR","@id":"https:\/\/lackman.com.br\/#\/schema\/logo\/image\/","url":"https:\/\/lackman.com.br\/wp-content\/uploads\/2023\/06\/Logotipo_preto-1.png","contentUrl":"https:\/\/lackman.com.br\/wp-content\/uploads\/2023\/06\/Logotipo_preto-1.png","width":739,"height":393,"caption":"LACKMAN &amp; CO."},"image":{"@id":"https:\/\/lackman.com.br\/#\/schema\/logo\/image\/"}},{"@type":"Person","@id":"https:\/\/lackman.com.br\/#\/schema\/person\/8a2355f699593d21d4f0d25b69db5747","name":"Gilberto Evangelista - Colunista","image":{"@type":"ImageObject","inLanguage":"pt-BR","@id":"https:\/\/lackman.com.br\/#\/schema\/person\/image\/","url":"https:\/\/secure.gravatar.com\/avatar\/cea9badf02f8a90f7a745f2cbea45fda61f65711ec015e2faf3809cca6337c28?s=96&d=mm&r=g","contentUrl":"https:\/\/secure.gravatar.com\/avatar\/cea9badf02f8a90f7a745f2cbea45fda61f65711ec015e2faf3809cca6337c28?s=96&d=mm&r=g","caption":"Gilberto Evangelista - Colunista"},"description":"Jornalista e globetrotter.","url":"https:\/\/lackman.com.br\/index.php\/author\/gilberto-brito\/"}]}},"rttpg_featured_image_url":{"full":["https:\/\/lackman.com.br\/wp-content\/uploads\/2025\/10\/01.10.ColetivaManeco@fercoutinhoshakeitbsb_031.jpg",1365,2048,false],"landscape":["https:\/\/lackman.com.br\/wp-content\/uploads\/2025\/10\/01.10.ColetivaManeco@fercoutinhoshakeitbsb_031.jpg",1365,2048,false],"portraits":["https:\/\/lackman.com.br\/wp-content\/uploads\/2025\/10\/01.10.ColetivaManeco@fercoutinhoshakeitbsb_031.jpg",1365,2048,false],"thumbnail":["https:\/\/lackman.com.br\/wp-content\/uploads\/2025\/10\/01.10.ColetivaManeco@fercoutinhoshakeitbsb_031-150x150.jpg",150,150,true],"medium":["https:\/\/lackman.com.br\/wp-content\/uploads\/2025\/10\/01.10.ColetivaManeco@fercoutinhoshakeitbsb_031-200x300.jpg",200,300,true],"large":["https:\/\/lackman.com.br\/wp-content\/uploads\/2025\/10\/01.10.ColetivaManeco@fercoutinhoshakeitbsb_031-683x1024.jpg",683,1024,true],"RoboGalleryMansoryImagesCenter":["https:\/\/lackman.com.br\/wp-content\/uploads\/2025\/10\/01.10.ColetivaManeco@fercoutinhoshakeitbsb_031-600x1024.jpg",600,1024,true],"RoboGalleryPreload":["https:\/\/lackman.com.br\/wp-content\/uploads\/2025\/10\/01.10.ColetivaManeco@fercoutinhoshakeitbsb_031-100x150.jpg",100,150,true],"1536x1536":["https:\/\/lackman.com.br\/wp-content\/uploads\/2025\/10\/01.10.ColetivaManeco@fercoutinhoshakeitbsb_031-1024x1536.jpg",1024,1536,true],"2048x2048":["https:\/\/lackman.com.br\/wp-content\/uploads\/2025\/10\/01.10.ColetivaManeco@fercoutinhoshakeitbsb_031.jpg",1365,2048,false]},"rttpg_author":{"display_name":"Gilberto Evangelista - Colunista","author_link":"https:\/\/lackman.com.br\/index.php\/author\/gilberto-brito\/"},"rttpg_comment":0,"rttpg_category":"<a href=\"https:\/\/lackman.com.br\/index.php\/category\/vida\/gastronomia\/\" rel=\"category tag\">Gastr\u00f4<\/a> <a href=\"https:\/\/lackman.com.br\/index.php\/category\/vida\/perambulando\/\" rel=\"category tag\">Perambulando<\/a>","rttpg_excerpt":"Se voc\u00ea ainda n\u00e3o conheceu o Maneco do Man\u00e9 Mercado \u00c1guas Claras, j\u00e1 vai se atualizando: o boteco, que j\u00e1 caiu nas gra\u00e7as do p\u00fablico, acaba de abrir mais uma unidade e dessa vez, na matriz, ou seja, no cora\u00e7\u00e3o da cidade. O novo Maneco desembarcou no Man\u00e9 Mercado Bras\u00edlia que fica ali no Eixo&hellip;","_links":{"self":[{"href":"https:\/\/lackman.com.br\/index.php\/wp-json\/wp\/v2\/posts\/10945","targetHints":{"allow":["GET"]}}],"collection":[{"href":"https:\/\/lackman.com.br\/index.php\/wp-json\/wp\/v2\/posts"}],"about":[{"href":"https:\/\/lackman.com.br\/index.php\/wp-json\/wp\/v2\/types\/post"}],"author":[{"embeddable":true,"href":"https:\/\/lackman.com.br\/index.php\/wp-json\/wp\/v2\/users\/6"}],"replies":[{"embeddable":true,"href":"https:\/\/lackman.com.br\/index.php\/wp-json\/wp\/v2\/comments?post=10945"}],"version-history":[{"count":1,"href":"https:\/\/lackman.com.br\/index.php\/wp-json\/wp\/v2\/posts\/10945\/revisions"}],"predecessor-version":[{"id":10948,"href":"https:\/\/lackman.com.br\/index.php\/wp-json\/wp\/v2\/posts\/10945\/revisions\/10948"}],"wp:featuredmedia":[{"embeddable":true,"href":"https:\/\/lackman.com.br\/index.php\/wp-json\/wp\/v2\/media\/10946"}],"wp:attachment":[{"href":"https:\/\/lackman.com.br\/index.php\/wp-json\/wp\/v2\/media?parent=10945"}],"wp:term":[{"taxonomy":"category","embeddable":true,"href":"https:\/\/lackman.com.br\/index.php\/wp-json\/wp\/v2\/categories?post=10945"},{"taxonomy":"post_tag","embeddable":true,"href":"https:\/\/lackman.com.br\/index.php\/wp-json\/wp\/v2\/tags?post=10945"}],"curies":[{"name":"wp","href":"https:\/\/api.w.org\/{rel}","templated":true}]}}