{"id":10940,"date":"2025-10-15T21:15:24","date_gmt":"2025-10-16T00:15:24","guid":{"rendered":"https:\/\/lackman.com.br\/?p=10940"},"modified":"2025-10-15T21:17:05","modified_gmt":"2025-10-16T00:17:05","slug":"museu-das-ilusoes-estende-temporada-em-bsb","status":"publish","type":"post","link":"https:\/\/lackman.com.br\/index.php\/2025\/10\/15\/museu-das-ilusoes-estende-temporada-em-bsb\/","title":{"rendered":"Museu das Ilus\u00f5es estende temporada em Bsb"},"content":{"rendered":"<h5 style=\"text-align: justify\" data-start=\"324\" data-end=\"413\"><em><strong style=\"font-size: 16px\" data-start=\"414\" data-end=\"571\">Instalado no P\u00e1tio Brasil desde maio, o espa\u00e7o desafia o olhar, provoca o c\u00e9rebro e convida o p\u00fablico a brincar com a pr\u00f3pria percep\u00e7\u00e3o.<\/strong><\/em><\/h5>\n<p style=\"text-align: justify\" data-start=\"573\" data-end=\"1010\">O sucesso foi tanto que o Museu das Ilus\u00f5es decidiu ficar mais um pouco na capital. A mostra, in\u00e9dita na Am\u00e9rica Latina e com o maior acervo de ilus\u00f5es de \u00f3tica do mundo, segue em cartaz no P\u00e1tio Brasil Shopping at\u00e9 o dia <strong data-start=\"795\" data-end=\"812\">26 de outubro<\/strong>. Desde a estreia, em maio, a atra\u00e7\u00e3o j\u00e1 encantou milhares de visitantes \u2014 e promete continuar surpreendendo tanto quem chega pela primeira vez quanto aqueles que querem viver o encanto novamente.<\/p>\n<p data-start=\"573\" data-end=\"1010\"><img fetchpriority=\"high\" decoding=\"async\" class=\"aligncenter wp-image-10943 size-full\" src=\"http:\/\/lackman.com.br\/wp-content\/uploads\/2025\/10\/cadeira.jpeg\" alt=\"\" width=\"1200\" height=\"627\" srcset=\"https:\/\/lackman.com.br\/wp-content\/uploads\/2025\/10\/cadeira.jpeg 1200w, https:\/\/lackman.com.br\/wp-content\/uploads\/2025\/10\/cadeira-300x157.jpeg 300w, https:\/\/lackman.com.br\/wp-content\/uploads\/2025\/10\/cadeira-1024x535.jpeg 1024w, https:\/\/lackman.com.br\/wp-content\/uploads\/2025\/10\/cadeira-768x401.jpeg 768w, https:\/\/lackman.com.br\/wp-content\/uploads\/2025\/10\/cadeira-100x52.jpeg 100w\" sizes=\"(max-width: 1200px) 100vw, 1200px\" \/><\/p>\n<p style=\"text-align: justify\" data-start=\"1012\" data-end=\"1706\">Em um espa\u00e7o de <strong data-start=\"1028\" data-end=\"1040\">1.000 m\u00b2<\/strong> e mais de <strong data-start=\"1051\" data-end=\"1081\">80 instala\u00e7\u00f5es interativas<\/strong>, o museu transforma o imposs\u00edvel em experi\u00eancia sensorial. A cada passo, o visitante \u00e9 convidado a duvidar do que v\u00ea: uma <strong data-start=\"1204\" data-end=\"1222\">Casa Invertida<\/strong> que desafia a gravidade, <strong data-start=\"1248\" data-end=\"1269\">Cadeiras Confusas<\/strong> que brincam com a escala e a <strong data-start=\"1299\" data-end=\"1315\">Sala de Ames<\/strong>, onde pessoas mudam de tamanho diante dos olhos. H\u00e1 ainda pain\u00e9is 3D, quadros cin\u00e9ticos, esculturas anam\u00f3rficas e jogos de espelhos que distorcem a realidade \u2014 tudo pensado para enganar os sentidos e render cliques inusitados. Entre os favoritos, uma escultura realista de <strong data-start=\"1589\" data-end=\"1626\">tubar\u00e3o branco em tamanho natural<\/strong> e uma <strong data-start=\"1633\" data-end=\"1670\">sombra que se transforma em bruxa<\/strong> quando iluminada do \u00e2ngulo certo.<\/p>\n<p style=\"text-align: justify\" data-start=\"1708\" data-end=\"1831\">Nesse museu, tudo \u00e9 <strong data-start=\"1721\" data-end=\"1740\">100% interativo<\/strong>: n\u00e3o s\u00f3 se pode tocar, como \u00e9 <strong data-start=\"1771\" data-end=\"1828\">obrigat\u00f3rio explorar, experimentar e se deixar iludir<\/strong>.\u00a0Mais do que uma atra\u00e7\u00e3o divertida, o Museu das Ilus\u00f5es \u00e9 um mergulho no fascinante di\u00e1logo entre <strong data-start=\"1930\" data-end=\"1959\">arte, ci\u00eancia e percep\u00e7\u00e3o<\/strong>. Cada ambiente instiga o visitante a compreender \u2014 brincando \u2014 como o c\u00e9rebro interpreta o que os olhos veem. Inaugurado em <strong data-start=\"2084\" data-end=\"2092\">2019<\/strong>, o projeto brasileiro j\u00e1 percorreu mais de <strong data-start=\"2136\" data-end=\"2150\">20 cidades<\/strong>, consolidando-se como refer\u00eancia mundial ao unir conhecimento e entretenimento de forma l\u00fadica.<\/p>\n<p data-start=\"1708\" data-end=\"1831\"><img decoding=\"async\" class=\"aligncenter wp-image-10942 size-full\" src=\"http:\/\/lackman.com.br\/wp-content\/uploads\/2025\/10\/SaveClip.App_494910290_18055834358241803_2196880373070464379_n.webp\" alt=\"\" width=\"1440\" height=\"1440\" srcset=\"https:\/\/lackman.com.br\/wp-content\/uploads\/2025\/10\/SaveClip.App_494910290_18055834358241803_2196880373070464379_n.webp 1440w, https:\/\/lackman.com.br\/wp-content\/uploads\/2025\/10\/SaveClip.App_494910290_18055834358241803_2196880373070464379_n-300x300.webp 300w, https:\/\/lackman.com.br\/wp-content\/uploads\/2025\/10\/SaveClip.App_494910290_18055834358241803_2196880373070464379_n-1024x1024.webp 1024w, https:\/\/lackman.com.br\/wp-content\/uploads\/2025\/10\/SaveClip.App_494910290_18055834358241803_2196880373070464379_n-150x150.webp 150w, https:\/\/lackman.com.br\/wp-content\/uploads\/2025\/10\/SaveClip.App_494910290_18055834358241803_2196880373070464379_n-768x768.webp 768w, https:\/\/lackman.com.br\/wp-content\/uploads\/2025\/10\/SaveClip.App_494910290_18055834358241803_2196880373070464379_n-100x100.webp 100w\" sizes=\"(max-width: 1440px) 100vw, 1440px\" \/>Premiado com o <strong data-start=\"2265\" data-end=\"2291\">Mauricio de Sousa 2023<\/strong>, o chamado \u201cOscar do Entretenimento Brasileiro\u201d, na categoria <strong data-start=\"2354\" data-end=\"2366\">Inova\u00e7\u00e3o<\/strong>, o museu refor\u00e7a seu prop\u00f3sito de despertar a curiosidade e o pensamento cr\u00edtico em todas as idades. Ideal para fam\u00edlias, grupos de amigos ou at\u00e9 para uma visita solo, o passeio \u00e9 uma imers\u00e3o em mundos que s\u00f3 parecem imposs\u00edveis.<br \/>\n<span style=\"font-size: 16px\"><br \/>\n<em><strong>Corre que d\u00e1 tempo!<\/strong><\/em><\/span><\/p>\n<p style=\"text-align: justify\" data-start=\"2250\" data-end=\"2598\"><em><span style=\"font-size: 16px\"><strong>Museu das Ilus\u00f5es<\/strong> \/ P\u00e1tio Brasil Shopping &#8211; SCS Quadra 07, Bloco A, Piso P2 \/ at\u00e9 26 de outubro &#8211; ter\u00e7a a s\u00e1bado, das 10h \u00e0s 22h; domingo- 12h \u00e0s 20h \/ R$ 40 (meia-entrada) &#8211; bilheteria e pelo <a href=\"http:\/\/www.museudasilusoes.com.br\">site oficial<\/a> \/ Siga\u00a0 <a href=\"https:\/\/www.instagram.com\/museudasilusoes\/\">@museudasilusoes<\/a><\/span><\/em><\/p>\n<pre data-start=\"2250\" data-end=\"2598\">Fotos: Reprodu\u00e7\u00e3o Instagram<\/pre>\n","protected":false},"excerpt":{"rendered":"<p>Instalado no P\u00e1tio Brasil desde maio, o espa\u00e7o desafia o olhar, provoca o c\u00e9rebro e convida o p\u00fablico a brincar com a pr\u00f3pria percep\u00e7\u00e3o. O sucesso foi tanto que o Museu das Ilus\u00f5es decidiu ficar mais um pouco na capital. A mostra, in\u00e9dita na Am\u00e9rica Latina e com o maior acervo de ilus\u00f5es de \u00f3tica do mundo, segue em cartaz no P\u00e1tio Brasil Shopping at\u00e9 o dia 26 de outubro. Desde a estreia, em maio, a atra\u00e7\u00e3o j\u00e1 encantou milhares de visitantes \u2014 e promete continuar surpreendendo tanto quem chega pela primeira vez quanto aqueles que querem viver o encanto novamente. Em um espa\u00e7o de 1.000 m\u00b2 e mais de 80 instala\u00e7\u00f5es interativas, o museu transforma o imposs\u00edvel em experi\u00eancia sensorial. A cada passo, o visitante \u00e9 convidado a duvidar do que v\u00ea: uma Casa Invertida que desafia a gravidade, Cadeiras Confusas que brincam com a escala e a Sala de Ames, onde pessoas mudam de tamanho diante dos olhos. H\u00e1 ainda pain\u00e9is 3D, quadros cin\u00e9ticos, esculturas anam\u00f3rficas e jogos de espelhos que distorcem a realidade \u2014 tudo pensado para enganar os sentidos e render cliques inusitados. Entre os favoritos, uma escultura realista de tubar\u00e3o branco em tamanho natural e uma sombra que se transforma em bruxa quando iluminada do \u00e2ngulo certo. Nesse museu, tudo \u00e9 100% interativo: n\u00e3o s\u00f3 se pode tocar, como \u00e9 obrigat\u00f3rio explorar, experimentar e se deixar iludir.\u00a0Mais do que uma atra\u00e7\u00e3o divertida, o Museu das Ilus\u00f5es \u00e9 um mergulho no fascinante di\u00e1logo entre arte, ci\u00eancia e percep\u00e7\u00e3o. Cada ambiente instiga o visitante a compreender \u2014 brincando \u2014 como o c\u00e9rebro interpreta o que os olhos veem. Inaugurado em 2019, o projeto brasileiro j\u00e1 percorreu mais de 20 cidades, consolidando-se como refer\u00eancia mundial ao unir conhecimento e entretenimento de forma l\u00fadica. Premiado com o Mauricio de Sousa 2023, o chamado \u201cOscar do Entretenimento Brasileiro\u201d, na categoria Inova\u00e7\u00e3o, o museu refor\u00e7a seu prop\u00f3sito de despertar a curiosidade e o pensamento cr\u00edtico em todas as idades. Ideal para fam\u00edlias, grupos de amigos ou at\u00e9 para uma visita solo, o passeio \u00e9 uma imers\u00e3o em mundos que s\u00f3 parecem imposs\u00edveis. Corre que d\u00e1 tempo! Museu das Ilus\u00f5es \/ P\u00e1tio Brasil Shopping &#8211; SCS Quadra 07, Bloco A, Piso P2 \/ at\u00e9 26 de outubro &#8211; ter\u00e7a a s\u00e1bado, das 10h \u00e0s 22h; domingo- 12h \u00e0s 20h \/ R$ 40 (meia-entrada) &#8211; bilheteria e pelo site oficial \/ Siga\u00a0 @museudasilusoes Fotos: Reprodu\u00e7\u00e3o Instagram<\/p>\n","protected":false},"author":6,"featured_media":10941,"comment_status":"closed","ping_status":"open","sticky":false,"template":"","format":"standard","meta":{"site-sidebar-layout":"default","site-content-layout":"","ast-site-content-layout":"default","site-content-style":"default","site-sidebar-style":"default","ast-global-header-display":"","ast-banner-title-visibility":"","ast-main-header-display":"","ast-hfb-above-header-display":"","ast-hfb-below-header-display":"","ast-hfb-mobile-header-display":"","site-post-title":"","ast-breadcrumbs-content":"","ast-featured-img":"","footer-sml-layout":"","ast-disable-related-posts":"","theme-transparent-header-meta":"default","adv-header-id-meta":"","stick-header-meta":"","header-above-stick-meta":"","header-main-stick-meta":"","header-below-stick-meta":"","astra-migrate-meta-layouts":"set","ast-page-background-enabled":"default","ast-page-background-meta":{"desktop":{"background-color":"","background-image":"","background-repeat":"repeat","background-position":"center center","background-size":"auto","background-attachment":"scroll","background-type":"","background-media":"","overlay-type":"","overlay-color":"","overlay-opacity":"","overlay-gradient":""},"tablet":{"background-color":"","background-image":"","background-repeat":"repeat","background-position":"center center","background-size":"auto","background-attachment":"scroll","background-type":"","background-media":"","overlay-type":"","overlay-color":"","overlay-opacity":"","overlay-gradient":""},"mobile":{"background-color":"","background-image":"","background-repeat":"repeat","background-position":"center center","background-size":"auto","background-attachment":"scroll","background-type":"","background-media":"","overlay-type":"","overlay-color":"","overlay-opacity":"","overlay-gradient":""}},"ast-content-background-meta":{"desktop":{"background-color":"var(--ast-global-color-5)","background-image":"","background-repeat":"repeat","background-position":"center center","background-size":"auto","background-attachment":"scroll","background-type":"","background-media":"","overlay-type":"","overlay-color":"","overlay-opacity":"","overlay-gradient":""},"tablet":{"background-color":"var(--ast-global-color-5)","background-image":"","background-repeat":"repeat","background-position":"center center","background-size":"auto","background-attachment":"scroll","background-type":"","background-media":"","overlay-type":"","overlay-color":"","overlay-opacity":"","overlay-gradient":""},"mobile":{"background-color":"var(--ast-global-color-5)","background-image":"","background-repeat":"repeat","background-position":"center center","background-size":"auto","background-attachment":"scroll","background-type":"","background-media":"","overlay-type":"","overlay-color":"","overlay-opacity":"","overlay-gradient":""}},"footnotes":""},"categories":[48,43],"tags":[],"class_list":["post-10940","post","type-post","status-publish","format-standard","has-post-thumbnail","hentry","category-entretenimento","category-perambulando"],"yoast_head":"<!-- This site is optimized with the Yoast SEO plugin v27.0 - https:\/\/yoast.com\/product\/yoast-seo-wordpress\/ -->\n<title>Museu das Ilus\u00f5es estende temporada em Bsb - LACKMAN &amp; CO.<\/title>\n<meta name=\"robots\" content=\"index, follow, max-snippet:-1, max-image-preview:large, max-video-preview:-1\" \/>\n<link rel=\"canonical\" href=\"https:\/\/lackman.com.br\/index.php\/2025\/10\/15\/museu-das-ilusoes-estende-temporada-em-bsb\/\" \/>\n<meta property=\"og:locale\" content=\"pt_BR\" \/>\n<meta property=\"og:type\" content=\"article\" \/>\n<meta property=\"og:title\" content=\"Museu das Ilus\u00f5es estende temporada em Bsb - LACKMAN &amp; CO.\" \/>\n<meta property=\"og:description\" content=\"Instalado no P\u00e1tio Brasil desde maio, o espa\u00e7o desafia o olhar, provoca o c\u00e9rebro e convida o p\u00fablico a brincar com a pr\u00f3pria percep\u00e7\u00e3o. O sucesso foi tanto que o Museu das Ilus\u00f5es decidiu ficar mais um pouco na capital. A mostra, in\u00e9dita na Am\u00e9rica Latina e com o maior acervo de ilus\u00f5es de \u00f3tica do mundo, segue em cartaz no P\u00e1tio Brasil Shopping at\u00e9 o dia 26 de outubro. Desde a estreia, em maio, a atra\u00e7\u00e3o j\u00e1 encantou milhares de visitantes \u2014 e promete continuar surpreendendo tanto quem chega pela primeira vez quanto aqueles que querem viver o encanto novamente. Em um espa\u00e7o de 1.000 m\u00b2 e mais de 80 instala\u00e7\u00f5es interativas, o museu transforma o imposs\u00edvel em experi\u00eancia sensorial. A cada passo, o visitante \u00e9 convidado a duvidar do que v\u00ea: uma Casa Invertida que desafia a gravidade, Cadeiras Confusas que brincam com a escala e a Sala de Ames, onde pessoas mudam de tamanho diante dos olhos. H\u00e1 ainda pain\u00e9is 3D, quadros cin\u00e9ticos, esculturas anam\u00f3rficas e jogos de espelhos que distorcem a realidade \u2014 tudo pensado para enganar os sentidos e render cliques inusitados. Entre os favoritos, uma escultura realista de tubar\u00e3o branco em tamanho natural e uma sombra que se transforma em bruxa quando iluminada do \u00e2ngulo certo. Nesse museu, tudo \u00e9 100% interativo: n\u00e3o s\u00f3 se pode tocar, como \u00e9 obrigat\u00f3rio explorar, experimentar e se deixar iludir.\u00a0Mais do que uma atra\u00e7\u00e3o divertida, o Museu das Ilus\u00f5es \u00e9 um mergulho no fascinante di\u00e1logo entre arte, ci\u00eancia e percep\u00e7\u00e3o. Cada ambiente instiga o visitante a compreender \u2014 brincando \u2014 como o c\u00e9rebro interpreta o que os olhos veem. Inaugurado em 2019, o projeto brasileiro j\u00e1 percorreu mais de 20 cidades, consolidando-se como refer\u00eancia mundial ao unir conhecimento e entretenimento de forma l\u00fadica. Premiado com o Mauricio de Sousa 2023, o chamado \u201cOscar do Entretenimento Brasileiro\u201d, na categoria Inova\u00e7\u00e3o, o museu refor\u00e7a seu prop\u00f3sito de despertar a curiosidade e o pensamento cr\u00edtico em todas as idades. Ideal para fam\u00edlias, grupos de amigos ou at\u00e9 para uma visita solo, o passeio \u00e9 uma imers\u00e3o em mundos que s\u00f3 parecem imposs\u00edveis. Corre que d\u00e1 tempo! Museu das Ilus\u00f5es \/ P\u00e1tio Brasil Shopping &#8211; SCS Quadra 07, Bloco A, Piso P2 \/ at\u00e9 26 de outubro &#8211; ter\u00e7a a s\u00e1bado, das 10h \u00e0s 22h; domingo- 12h \u00e0s 20h \/ R$ 40 (meia-entrada) &#8211; bilheteria e pelo site oficial \/ Siga\u00a0 @museudasilusoes Fotos: Reprodu\u00e7\u00e3o Instagram\" \/>\n<meta property=\"og:url\" content=\"https:\/\/lackman.com.br\/index.php\/2025\/10\/15\/museu-das-ilusoes-estende-temporada-em-bsb\/\" \/>\n<meta property=\"og:site_name\" content=\"LACKMAN &amp; CO.\" \/>\n<meta property=\"article:published_time\" content=\"2025-10-16T00:15:24+00:00\" \/>\n<meta property=\"article:modified_time\" content=\"2025-10-16T00:17:05+00:00\" \/>\n<meta property=\"og:image\" content=\"http:\/\/lackman.com.br\/wp-content\/uploads\/2025\/10\/SaveClip.App_491451703_18055834304241803_6780469043250558641_n.webp\" \/>\n\t<meta property=\"og:image:width\" content=\"1440\" \/>\n\t<meta property=\"og:image:height\" content=\"1440\" \/>\n\t<meta property=\"og:image:type\" content=\"image\/webp\" \/>\n<meta name=\"author\" content=\"Gilberto Evangelista - Colunista\" \/>\n<meta name=\"twitter:card\" content=\"summary_large_image\" \/>\n<meta name=\"twitter:label1\" content=\"Escrito por\" \/>\n\t<meta name=\"twitter:data1\" content=\"Gilberto Evangelista - Colunista\" \/>\n\t<meta name=\"twitter:label2\" content=\"Est. tempo de leitura\" \/>\n\t<meta name=\"twitter:data2\" content=\"3 minutos\" \/>\n<script type=\"application\/ld+json\" class=\"yoast-schema-graph\">{\"@context\":\"https:\/\/schema.org\",\"@graph\":[{\"@type\":\"Article\",\"@id\":\"https:\/\/lackman.com.br\/index.php\/2025\/10\/15\/museu-das-ilusoes-estende-temporada-em-bsb\/#article\",\"isPartOf\":{\"@id\":\"https:\/\/lackman.com.br\/index.php\/2025\/10\/15\/museu-das-ilusoes-estende-temporada-em-bsb\/\"},\"author\":{\"name\":\"Gilberto Evangelista - Colunista\",\"@id\":\"https:\/\/lackman.com.br\/#\/schema\/person\/8a2355f699593d21d4f0d25b69db5747\"},\"headline\":\"Museu das Ilus\u00f5es estende temporada em Bsb\",\"datePublished\":\"2025-10-16T00:15:24+00:00\",\"dateModified\":\"2025-10-16T00:17:05+00:00\",\"mainEntityOfPage\":{\"@id\":\"https:\/\/lackman.com.br\/index.php\/2025\/10\/15\/museu-das-ilusoes-estende-temporada-em-bsb\/\"},\"wordCount\":427,\"publisher\":{\"@id\":\"https:\/\/lackman.com.br\/#organization\"},\"image\":{\"@id\":\"https:\/\/lackman.com.br\/index.php\/2025\/10\/15\/museu-das-ilusoes-estende-temporada-em-bsb\/#primaryimage\"},\"thumbnailUrl\":\"https:\/\/lackman.com.br\/wp-content\/uploads\/2025\/10\/SaveClip.App_491451703_18055834304241803_6780469043250558641_n.webp\",\"articleSection\":[\"Entretenimento\",\"Perambulando\"],\"inLanguage\":\"pt-BR\"},{\"@type\":\"WebPage\",\"@id\":\"https:\/\/lackman.com.br\/index.php\/2025\/10\/15\/museu-das-ilusoes-estende-temporada-em-bsb\/\",\"url\":\"https:\/\/lackman.com.br\/index.php\/2025\/10\/15\/museu-das-ilusoes-estende-temporada-em-bsb\/\",\"name\":\"Museu das Ilus\u00f5es estende temporada em Bsb - LACKMAN &amp; CO.\",\"isPartOf\":{\"@id\":\"https:\/\/lackman.com.br\/#website\"},\"primaryImageOfPage\":{\"@id\":\"https:\/\/lackman.com.br\/index.php\/2025\/10\/15\/museu-das-ilusoes-estende-temporada-em-bsb\/#primaryimage\"},\"image\":{\"@id\":\"https:\/\/lackman.com.br\/index.php\/2025\/10\/15\/museu-das-ilusoes-estende-temporada-em-bsb\/#primaryimage\"},\"thumbnailUrl\":\"https:\/\/lackman.com.br\/wp-content\/uploads\/2025\/10\/SaveClip.App_491451703_18055834304241803_6780469043250558641_n.webp\",\"datePublished\":\"2025-10-16T00:15:24+00:00\",\"dateModified\":\"2025-10-16T00:17:05+00:00\",\"breadcrumb\":{\"@id\":\"https:\/\/lackman.com.br\/index.php\/2025\/10\/15\/museu-das-ilusoes-estende-temporada-em-bsb\/#breadcrumb\"},\"inLanguage\":\"pt-BR\",\"potentialAction\":[{\"@type\":\"ReadAction\",\"target\":[\"https:\/\/lackman.com.br\/index.php\/2025\/10\/15\/museu-das-ilusoes-estende-temporada-em-bsb\/\"]}]},{\"@type\":\"ImageObject\",\"inLanguage\":\"pt-BR\",\"@id\":\"https:\/\/lackman.com.br\/index.php\/2025\/10\/15\/museu-das-ilusoes-estende-temporada-em-bsb\/#primaryimage\",\"url\":\"https:\/\/lackman.com.br\/wp-content\/uploads\/2025\/10\/SaveClip.App_491451703_18055834304241803_6780469043250558641_n.webp\",\"contentUrl\":\"https:\/\/lackman.com.br\/wp-content\/uploads\/2025\/10\/SaveClip.App_491451703_18055834304241803_6780469043250558641_n.webp\",\"width\":1440,\"height\":1440},{\"@type\":\"BreadcrumbList\",\"@id\":\"https:\/\/lackman.com.br\/index.php\/2025\/10\/15\/museu-das-ilusoes-estende-temporada-em-bsb\/#breadcrumb\",\"itemListElement\":[{\"@type\":\"ListItem\",\"position\":1,\"name\":\"In\u00edcio\",\"item\":\"https:\/\/lackman.com.br\/\"},{\"@type\":\"ListItem\",\"position\":2,\"name\":\"Museu das Ilus\u00f5es estende temporada em Bsb\"}]},{\"@type\":\"WebSite\",\"@id\":\"https:\/\/lackman.com.br\/#website\",\"url\":\"https:\/\/lackman.com.br\/\",\"name\":\"LACKMAN &amp; CO.\",\"description\":\"VIDA | MODA | ARTE\",\"publisher\":{\"@id\":\"https:\/\/lackman.com.br\/#organization\"},\"potentialAction\":[{\"@type\":\"SearchAction\",\"target\":{\"@type\":\"EntryPoint\",\"urlTemplate\":\"https:\/\/lackman.com.br\/?s={search_term_string}\"},\"query-input\":{\"@type\":\"PropertyValueSpecification\",\"valueRequired\":true,\"valueName\":\"search_term_string\"}}],\"inLanguage\":\"pt-BR\"},{\"@type\":\"Organization\",\"@id\":\"https:\/\/lackman.com.br\/#organization\",\"name\":\"LACKMAN &amp; CO.\",\"url\":\"https:\/\/lackman.com.br\/\",\"logo\":{\"@type\":\"ImageObject\",\"inLanguage\":\"pt-BR\",\"@id\":\"https:\/\/lackman.com.br\/#\/schema\/logo\/image\/\",\"url\":\"https:\/\/lackman.com.br\/wp-content\/uploads\/2023\/06\/Logotipo_preto-1.png\",\"contentUrl\":\"https:\/\/lackman.com.br\/wp-content\/uploads\/2023\/06\/Logotipo_preto-1.png\",\"width\":739,\"height\":393,\"caption\":\"LACKMAN &amp; CO.\"},\"image\":{\"@id\":\"https:\/\/lackman.com.br\/#\/schema\/logo\/image\/\"}},{\"@type\":\"Person\",\"@id\":\"https:\/\/lackman.com.br\/#\/schema\/person\/8a2355f699593d21d4f0d25b69db5747\",\"name\":\"Gilberto Evangelista - Colunista\",\"image\":{\"@type\":\"ImageObject\",\"inLanguage\":\"pt-BR\",\"@id\":\"https:\/\/lackman.com.br\/#\/schema\/person\/image\/\",\"url\":\"https:\/\/secure.gravatar.com\/avatar\/cea9badf02f8a90f7a745f2cbea45fda61f65711ec015e2faf3809cca6337c28?s=96&d=mm&r=g\",\"contentUrl\":\"https:\/\/secure.gravatar.com\/avatar\/cea9badf02f8a90f7a745f2cbea45fda61f65711ec015e2faf3809cca6337c28?s=96&d=mm&r=g\",\"caption\":\"Gilberto Evangelista - Colunista\"},\"description\":\"Jornalista e globetrotter.\",\"url\":\"https:\/\/lackman.com.br\/index.php\/author\/gilberto-brito\/\"}]}<\/script>\n<!-- \/ Yoast SEO plugin. -->","yoast_head_json":{"title":"Museu das Ilus\u00f5es estende temporada em Bsb - LACKMAN &amp; CO.","robots":{"index":"index","follow":"follow","max-snippet":"max-snippet:-1","max-image-preview":"max-image-preview:large","max-video-preview":"max-video-preview:-1"},"canonical":"https:\/\/lackman.com.br\/index.php\/2025\/10\/15\/museu-das-ilusoes-estende-temporada-em-bsb\/","og_locale":"pt_BR","og_type":"article","og_title":"Museu das Ilus\u00f5es estende temporada em Bsb - LACKMAN &amp; CO.","og_description":"Instalado no P\u00e1tio Brasil desde maio, o espa\u00e7o desafia o olhar, provoca o c\u00e9rebro e convida o p\u00fablico a brincar com a pr\u00f3pria percep\u00e7\u00e3o. O sucesso foi tanto que o Museu das Ilus\u00f5es decidiu ficar mais um pouco na capital. A mostra, in\u00e9dita na Am\u00e9rica Latina e com o maior acervo de ilus\u00f5es de \u00f3tica do mundo, segue em cartaz no P\u00e1tio Brasil Shopping at\u00e9 o dia 26 de outubro. Desde a estreia, em maio, a atra\u00e7\u00e3o j\u00e1 encantou milhares de visitantes \u2014 e promete continuar surpreendendo tanto quem chega pela primeira vez quanto aqueles que querem viver o encanto novamente. Em um espa\u00e7o de 1.000 m\u00b2 e mais de 80 instala\u00e7\u00f5es interativas, o museu transforma o imposs\u00edvel em experi\u00eancia sensorial. A cada passo, o visitante \u00e9 convidado a duvidar do que v\u00ea: uma Casa Invertida que desafia a gravidade, Cadeiras Confusas que brincam com a escala e a Sala de Ames, onde pessoas mudam de tamanho diante dos olhos. H\u00e1 ainda pain\u00e9is 3D, quadros cin\u00e9ticos, esculturas anam\u00f3rficas e jogos de espelhos que distorcem a realidade \u2014 tudo pensado para enganar os sentidos e render cliques inusitados. Entre os favoritos, uma escultura realista de tubar\u00e3o branco em tamanho natural e uma sombra que se transforma em bruxa quando iluminada do \u00e2ngulo certo. Nesse museu, tudo \u00e9 100% interativo: n\u00e3o s\u00f3 se pode tocar, como \u00e9 obrigat\u00f3rio explorar, experimentar e se deixar iludir.\u00a0Mais do que uma atra\u00e7\u00e3o divertida, o Museu das Ilus\u00f5es \u00e9 um mergulho no fascinante di\u00e1logo entre arte, ci\u00eancia e percep\u00e7\u00e3o. Cada ambiente instiga o visitante a compreender \u2014 brincando \u2014 como o c\u00e9rebro interpreta o que os olhos veem. Inaugurado em 2019, o projeto brasileiro j\u00e1 percorreu mais de 20 cidades, consolidando-se como refer\u00eancia mundial ao unir conhecimento e entretenimento de forma l\u00fadica. Premiado com o Mauricio de Sousa 2023, o chamado \u201cOscar do Entretenimento Brasileiro\u201d, na categoria Inova\u00e7\u00e3o, o museu refor\u00e7a seu prop\u00f3sito de despertar a curiosidade e o pensamento cr\u00edtico em todas as idades. Ideal para fam\u00edlias, grupos de amigos ou at\u00e9 para uma visita solo, o passeio \u00e9 uma imers\u00e3o em mundos que s\u00f3 parecem imposs\u00edveis. Corre que d\u00e1 tempo! Museu das Ilus\u00f5es \/ P\u00e1tio Brasil Shopping &#8211; SCS Quadra 07, Bloco A, Piso P2 \/ at\u00e9 26 de outubro &#8211; ter\u00e7a a s\u00e1bado, das 10h \u00e0s 22h; domingo- 12h \u00e0s 20h \/ R$ 40 (meia-entrada) &#8211; bilheteria e pelo site oficial \/ Siga\u00a0 @museudasilusoes Fotos: Reprodu\u00e7\u00e3o Instagram","og_url":"https:\/\/lackman.com.br\/index.php\/2025\/10\/15\/museu-das-ilusoes-estende-temporada-em-bsb\/","og_site_name":"LACKMAN &amp; CO.","article_published_time":"2025-10-16T00:15:24+00:00","article_modified_time":"2025-10-16T00:17:05+00:00","og_image":[{"width":1440,"height":1440,"url":"http:\/\/lackman.com.br\/wp-content\/uploads\/2025\/10\/SaveClip.App_491451703_18055834304241803_6780469043250558641_n.webp","type":"image\/webp"}],"author":"Gilberto Evangelista - Colunista","twitter_card":"summary_large_image","twitter_misc":{"Escrito por":"Gilberto Evangelista - Colunista","Est. tempo de leitura":"3 minutos"},"schema":{"@context":"https:\/\/schema.org","@graph":[{"@type":"Article","@id":"https:\/\/lackman.com.br\/index.php\/2025\/10\/15\/museu-das-ilusoes-estende-temporada-em-bsb\/#article","isPartOf":{"@id":"https:\/\/lackman.com.br\/index.php\/2025\/10\/15\/museu-das-ilusoes-estende-temporada-em-bsb\/"},"author":{"name":"Gilberto Evangelista - Colunista","@id":"https:\/\/lackman.com.br\/#\/schema\/person\/8a2355f699593d21d4f0d25b69db5747"},"headline":"Museu das Ilus\u00f5es estende temporada em Bsb","datePublished":"2025-10-16T00:15:24+00:00","dateModified":"2025-10-16T00:17:05+00:00","mainEntityOfPage":{"@id":"https:\/\/lackman.com.br\/index.php\/2025\/10\/15\/museu-das-ilusoes-estende-temporada-em-bsb\/"},"wordCount":427,"publisher":{"@id":"https:\/\/lackman.com.br\/#organization"},"image":{"@id":"https:\/\/lackman.com.br\/index.php\/2025\/10\/15\/museu-das-ilusoes-estende-temporada-em-bsb\/#primaryimage"},"thumbnailUrl":"https:\/\/lackman.com.br\/wp-content\/uploads\/2025\/10\/SaveClip.App_491451703_18055834304241803_6780469043250558641_n.webp","articleSection":["Entretenimento","Perambulando"],"inLanguage":"pt-BR"},{"@type":"WebPage","@id":"https:\/\/lackman.com.br\/index.php\/2025\/10\/15\/museu-das-ilusoes-estende-temporada-em-bsb\/","url":"https:\/\/lackman.com.br\/index.php\/2025\/10\/15\/museu-das-ilusoes-estende-temporada-em-bsb\/","name":"Museu das Ilus\u00f5es estende temporada em Bsb - LACKMAN &amp; CO.","isPartOf":{"@id":"https:\/\/lackman.com.br\/#website"},"primaryImageOfPage":{"@id":"https:\/\/lackman.com.br\/index.php\/2025\/10\/15\/museu-das-ilusoes-estende-temporada-em-bsb\/#primaryimage"},"image":{"@id":"https:\/\/lackman.com.br\/index.php\/2025\/10\/15\/museu-das-ilusoes-estende-temporada-em-bsb\/#primaryimage"},"thumbnailUrl":"https:\/\/lackman.com.br\/wp-content\/uploads\/2025\/10\/SaveClip.App_491451703_18055834304241803_6780469043250558641_n.webp","datePublished":"2025-10-16T00:15:24+00:00","dateModified":"2025-10-16T00:17:05+00:00","breadcrumb":{"@id":"https:\/\/lackman.com.br\/index.php\/2025\/10\/15\/museu-das-ilusoes-estende-temporada-em-bsb\/#breadcrumb"},"inLanguage":"pt-BR","potentialAction":[{"@type":"ReadAction","target":["https:\/\/lackman.com.br\/index.php\/2025\/10\/15\/museu-das-ilusoes-estende-temporada-em-bsb\/"]}]},{"@type":"ImageObject","inLanguage":"pt-BR","@id":"https:\/\/lackman.com.br\/index.php\/2025\/10\/15\/museu-das-ilusoes-estende-temporada-em-bsb\/#primaryimage","url":"https:\/\/lackman.com.br\/wp-content\/uploads\/2025\/10\/SaveClip.App_491451703_18055834304241803_6780469043250558641_n.webp","contentUrl":"https:\/\/lackman.com.br\/wp-content\/uploads\/2025\/10\/SaveClip.App_491451703_18055834304241803_6780469043250558641_n.webp","width":1440,"height":1440},{"@type":"BreadcrumbList","@id":"https:\/\/lackman.com.br\/index.php\/2025\/10\/15\/museu-das-ilusoes-estende-temporada-em-bsb\/#breadcrumb","itemListElement":[{"@type":"ListItem","position":1,"name":"In\u00edcio","item":"https:\/\/lackman.com.br\/"},{"@type":"ListItem","position":2,"name":"Museu das Ilus\u00f5es estende temporada em Bsb"}]},{"@type":"WebSite","@id":"https:\/\/lackman.com.br\/#website","url":"https:\/\/lackman.com.br\/","name":"LACKMAN &amp; CO.","description":"VIDA | MODA | ARTE","publisher":{"@id":"https:\/\/lackman.com.br\/#organization"},"potentialAction":[{"@type":"SearchAction","target":{"@type":"EntryPoint","urlTemplate":"https:\/\/lackman.com.br\/?s={search_term_string}"},"query-input":{"@type":"PropertyValueSpecification","valueRequired":true,"valueName":"search_term_string"}}],"inLanguage":"pt-BR"},{"@type":"Organization","@id":"https:\/\/lackman.com.br\/#organization","name":"LACKMAN &amp; CO.","url":"https:\/\/lackman.com.br\/","logo":{"@type":"ImageObject","inLanguage":"pt-BR","@id":"https:\/\/lackman.com.br\/#\/schema\/logo\/image\/","url":"https:\/\/lackman.com.br\/wp-content\/uploads\/2023\/06\/Logotipo_preto-1.png","contentUrl":"https:\/\/lackman.com.br\/wp-content\/uploads\/2023\/06\/Logotipo_preto-1.png","width":739,"height":393,"caption":"LACKMAN &amp; CO."},"image":{"@id":"https:\/\/lackman.com.br\/#\/schema\/logo\/image\/"}},{"@type":"Person","@id":"https:\/\/lackman.com.br\/#\/schema\/person\/8a2355f699593d21d4f0d25b69db5747","name":"Gilberto Evangelista - Colunista","image":{"@type":"ImageObject","inLanguage":"pt-BR","@id":"https:\/\/lackman.com.br\/#\/schema\/person\/image\/","url":"https:\/\/secure.gravatar.com\/avatar\/cea9badf02f8a90f7a745f2cbea45fda61f65711ec015e2faf3809cca6337c28?s=96&d=mm&r=g","contentUrl":"https:\/\/secure.gravatar.com\/avatar\/cea9badf02f8a90f7a745f2cbea45fda61f65711ec015e2faf3809cca6337c28?s=96&d=mm&r=g","caption":"Gilberto Evangelista - Colunista"},"description":"Jornalista e globetrotter.","url":"https:\/\/lackman.com.br\/index.php\/author\/gilberto-brito\/"}]}},"rttpg_featured_image_url":{"full":["https:\/\/lackman.com.br\/wp-content\/uploads\/2025\/10\/SaveClip.App_491451703_18055834304241803_6780469043250558641_n.webp",1440,1440,false],"landscape":["https:\/\/lackman.com.br\/wp-content\/uploads\/2025\/10\/SaveClip.App_491451703_18055834304241803_6780469043250558641_n.webp",1440,1440,false],"portraits":["https:\/\/lackman.com.br\/wp-content\/uploads\/2025\/10\/SaveClip.App_491451703_18055834304241803_6780469043250558641_n.webp",1440,1440,false],"thumbnail":["https:\/\/lackman.com.br\/wp-content\/uploads\/2025\/10\/SaveClip.App_491451703_18055834304241803_6780469043250558641_n-150x150.webp",150,150,true],"medium":["https:\/\/lackman.com.br\/wp-content\/uploads\/2025\/10\/SaveClip.App_491451703_18055834304241803_6780469043250558641_n-300x300.webp",300,300,true],"large":["https:\/\/lackman.com.br\/wp-content\/uploads\/2025\/10\/SaveClip.App_491451703_18055834304241803_6780469043250558641_n-1024x1024.webp",1024,1024,true],"RoboGalleryMansoryImagesCenter":["https:\/\/lackman.com.br\/wp-content\/uploads\/2025\/10\/SaveClip.App_491451703_18055834304241803_6780469043250558641_n-600x1024.webp",600,1024,true],"RoboGalleryPreload":["https:\/\/lackman.com.br\/wp-content\/uploads\/2025\/10\/SaveClip.App_491451703_18055834304241803_6780469043250558641_n-100x100.webp",100,100,true],"1536x1536":["https:\/\/lackman.com.br\/wp-content\/uploads\/2025\/10\/SaveClip.App_491451703_18055834304241803_6780469043250558641_n.webp",1440,1440,false],"2048x2048":["https:\/\/lackman.com.br\/wp-content\/uploads\/2025\/10\/SaveClip.App_491451703_18055834304241803_6780469043250558641_n.webp",1440,1440,false]},"rttpg_author":{"display_name":"Gilberto Evangelista - Colunista","author_link":"https:\/\/lackman.com.br\/index.php\/author\/gilberto-brito\/"},"rttpg_comment":0,"rttpg_category":"<a href=\"https:\/\/lackman.com.br\/index.php\/category\/arte\/entretenimento\/\" rel=\"category tag\">Entretenimento<\/a> <a href=\"https:\/\/lackman.com.br\/index.php\/category\/vida\/perambulando\/\" rel=\"category tag\">Perambulando<\/a>","rttpg_excerpt":"Instalado no P\u00e1tio Brasil desde maio, o espa\u00e7o desafia o olhar, provoca o c\u00e9rebro e convida o p\u00fablico a brincar com a pr\u00f3pria percep\u00e7\u00e3o. O sucesso foi tanto que o Museu das Ilus\u00f5es decidiu ficar mais um pouco na capital. A mostra, in\u00e9dita na Am\u00e9rica Latina e com o maior acervo de ilus\u00f5es de \u00f3tica&hellip;","_links":{"self":[{"href":"https:\/\/lackman.com.br\/index.php\/wp-json\/wp\/v2\/posts\/10940","targetHints":{"allow":["GET"]}}],"collection":[{"href":"https:\/\/lackman.com.br\/index.php\/wp-json\/wp\/v2\/posts"}],"about":[{"href":"https:\/\/lackman.com.br\/index.php\/wp-json\/wp\/v2\/types\/post"}],"author":[{"embeddable":true,"href":"https:\/\/lackman.com.br\/index.php\/wp-json\/wp\/v2\/users\/6"}],"replies":[{"embeddable":true,"href":"https:\/\/lackman.com.br\/index.php\/wp-json\/wp\/v2\/comments?post=10940"}],"version-history":[{"count":2,"href":"https:\/\/lackman.com.br\/index.php\/wp-json\/wp\/v2\/posts\/10940\/revisions"}],"predecessor-version":[{"id":10949,"href":"https:\/\/lackman.com.br\/index.php\/wp-json\/wp\/v2\/posts\/10940\/revisions\/10949"}],"wp:featuredmedia":[{"embeddable":true,"href":"https:\/\/lackman.com.br\/index.php\/wp-json\/wp\/v2\/media\/10941"}],"wp:attachment":[{"href":"https:\/\/lackman.com.br\/index.php\/wp-json\/wp\/v2\/media?parent=10940"}],"wp:term":[{"taxonomy":"category","embeddable":true,"href":"https:\/\/lackman.com.br\/index.php\/wp-json\/wp\/v2\/categories?post=10940"},{"taxonomy":"post_tag","embeddable":true,"href":"https:\/\/lackman.com.br\/index.php\/wp-json\/wp\/v2\/tags?post=10940"}],"curies":[{"name":"wp","href":"https:\/\/api.w.org\/{rel}","templated":true}]}}