{"id":10934,"date":"2025-10-15T20:44:37","date_gmt":"2025-10-15T23:44:37","guid":{"rendered":"https:\/\/lackman.com.br\/?p=10934"},"modified":"2025-10-15T20:44:37","modified_gmt":"2025-10-15T23:44:37","slug":"partiu-2a-edicao-do-acelera-brasilia","status":"publish","type":"post","link":"https:\/\/lackman.com.br\/index.php\/2025\/10\/15\/partiu-2a-edicao-do-acelera-brasilia\/","title":{"rendered":"Partiu 2a edi\u00e7\u00e3o do Acelera Bras\u00edlia!"},"content":{"rendered":"<h5 style=\"text-align: justify\"><strong><i>Come\u00e7ou o maior evento de kart da capital e que vai oferecer tr\u00eas meses com corridas, simuladores de \u00faltima gera\u00e7\u00e3o e a presen\u00e7a de pilotos renomados.<\/i><\/strong><\/h5>\n<p style=\"text-align: justify\">\n<p style=\"text-align: justify\"><span style=\"font-weight: 400\">O <a href=\"https:\/\/acelerabrasilia.com\/\"><strong>Acelera Bras\u00edlia<\/strong><\/a> est\u00e1 de volta para a sua segunda edi\u00e7\u00e3o, prometendo repetir e ampliar o sucesso de 2024 na capital federal. O evento abriu oficialmente ao p\u00fablico nesta quarta-feira (15), \u00e0s 17h, e seguir\u00e1 por tr\u00eas meses no <strong>Kart\u00f3dromo Ayrton Senna<\/strong>, no Guar\u00e1, um dos principais centros de kartismo do Brasil. Com 892 metros de extens\u00e3o, a pista j\u00e1 foi palco de importantes competi\u00e7\u00f5es, incluindo etapas do Campeonato Brasiliense de Kart \u2013 Bras\u00edlia Kart Series (BKS) 2025. Antes disso, no dia 14 de outubro, uma corrida inaugural exclusiva para convidados reuniu nomes de peso do esporte, como Vitor Meira, Nelsinho Piquet, Gaetano di Mauro, Renato Russo, Lucas Foresti, Enzo Elias, Raphinha Reis, Pedro Cardoso, Ricardo Maur\u00edcio, Ricardo Landi, entre outros. A prova teve transmiss\u00e3o simult\u00e2nea pelo YouTube.<\/span><\/p>\n<p style=\"text-align: justify\"><span style=\"font-weight: 400\">A primeira edi\u00e7\u00e3o do Acelera, realizada entre setembro e dezembro de 2024, atraiu milhares de pessoas e consolidou-se como o maior evento de kart rental j\u00e1 realizado no Brasil. Em apenas 42 dias, uma pista de alto padr\u00e3o foi montada na Arena BRB, ao lado do Gin\u00e1sio Nilson Nelson, recebendo mais de 20 campeonatos de kart rental e pilotos consagrados nacional e internacionalmente. O impacto foi direto no automobilismo local: o Campeonato Brasiliense de Kart alcan\u00e7ou 172 inscritos na primeira etapa de 2025, com expectativa de superar 200 competidores. Al\u00e9m das corridas, a programa\u00e7\u00e3o contou com feira de ado\u00e7\u00e3o de pets, exposi\u00e7\u00e3o de carros antigos e visitas de 22 escolas p\u00fablicas, proporcionando a mais de 700 alunos a primeira experi\u00eancia no automobilismo.<\/span><\/p>\n<p><img fetchpriority=\"high\" decoding=\"async\" class=\"aligncenter wp-image-10937 size-full\" src=\"http:\/\/lackman.com.br\/wp-content\/uploads\/2025\/10\/WhatsApp-Image-2025-10-15-at-15.19.06-2.jpeg\" alt=\"\" width=\"1600\" height=\"1066\" srcset=\"https:\/\/lackman.com.br\/wp-content\/uploads\/2025\/10\/WhatsApp-Image-2025-10-15-at-15.19.06-2.jpeg 1600w, https:\/\/lackman.com.br\/wp-content\/uploads\/2025\/10\/WhatsApp-Image-2025-10-15-at-15.19.06-2-300x200.jpeg 300w, https:\/\/lackman.com.br\/wp-content\/uploads\/2025\/10\/WhatsApp-Image-2025-10-15-at-15.19.06-2-1024x682.jpeg 1024w, https:\/\/lackman.com.br\/wp-content\/uploads\/2025\/10\/WhatsApp-Image-2025-10-15-at-15.19.06-2-768x512.jpeg 768w, https:\/\/lackman.com.br\/wp-content\/uploads\/2025\/10\/WhatsApp-Image-2025-10-15-at-15.19.06-2-100x67.jpeg 100w, https:\/\/lackman.com.br\/wp-content\/uploads\/2025\/10\/WhatsApp-Image-2025-10-15-at-15.19.06-2-1536x1023.jpeg 1536w\" sizes=\"(max-width: 1600px) 100vw, 1600px\" \/><\/p>\n<p style=\"text-align: justify\"><span style=\"font-weight: 400\">Para 2025, a estrutura ser\u00e1 ainda mais robusta. O Kart\u00f3dromo Ayrton Senna, reconhecido como ber\u00e7o de talentos da velocidade, receber\u00e1 melhorias de seguran\u00e7a e \u00e1reas ampliadas de escape. A programa\u00e7\u00e3o prev\u00ea campeonatos de kart rental, simuladores de corrida de \u00faltima gera\u00e7\u00e3o, exposi\u00e7\u00e3o de carros esportivos e atividades voltadas para crian\u00e7as e fam\u00edlias. Haver\u00e1 tamb\u00e9m espa\u00e7os gastron\u00f4micos, lounges e camarotes, inspirados em modelos europeus de kart\u00f3dromos.<\/span><\/p>\n<p style=\"text-align: justify\"><span style=\"font-weight: 400\">Entre as novidades, destaque para os karts equipados com cinto de seguran\u00e7a, um recurso in\u00e9dito em Bras\u00edlia no kart rental. O espa\u00e7o ainda contar\u00e1 com banheiros com chuveiro, banheiro adaptado para PCD, brinquedoteca climatizada, mesa de sinuca e tot\u00f3, al\u00e9m de um Museu do Automobilismo, que promete atrair apaixonados por velocidade e hist\u00f3ria do esporte.<\/span><\/p>\n<p style=\"text-align: justify\"><span style=\"font-weight: 400\">O p\u00fablico poder\u00e1 acompanhar a programa\u00e7\u00e3o de ter\u00e7a a domingo. Durante a semana, o funcionamento ser\u00e1 das 17h \u00e0s 23h, e aos s\u00e1bados e domingos, das 14h \u00e0s 20h. Para quem quiser sentir a emo\u00e7\u00e3o das pistas, o valor do kart rental ser\u00e1 de R$ 90, incluindo bateria individual, luvas e balaclava.<\/span><\/p>\n<p style=\"text-align: justify\"><span style=\"font-weight: 400\">A iniciativa \u00e9 realizada pela Federa\u00e7\u00e3o de Automobilismo do Distrito Federal e apoio da Secretaria de Esporte e Lazer do Distrito Federal, al\u00e9m da Administra\u00e7\u00e3o Regional do Guar\u00e1. &#8220;<em>O Acelera Bras\u00edlia j\u00e1 nasceu grande e mostrou, em sua primeira edi\u00e7\u00e3o, a for\u00e7a que o automobilismo tem na nossa cidade. Agora, com essa segunda edi\u00e7\u00e3o no Kart\u00f3dromo Ayrton Senna, damos mais um passo para consolidar Bras\u00edlia como refer\u00eancia no esporte a motor, oferecendo estrutura de ponta, seguran\u00e7a e um ambiente que une lazer, fam\u00edlia e inclus\u00e3o. Esse \u00e9 o esp\u00edrito da nossa gest\u00e3o: promover o esporte em todas as suas modalidades, movimentar a economia local e transformar o Distrito Federal na verdadeira Capital do Esporte<\/em>\u201d destaca, <strong>Renato Junqueira, secret\u00e1rio de Esporte e Lazer<\/strong>.<\/span><\/p>\n<p><img decoding=\"async\" class=\"aligncenter wp-image-10938 size-full\" src=\"http:\/\/lackman.com.br\/wp-content\/uploads\/2025\/10\/WhatsApp-Image-2025-10-15-at-15.19.06-1.jpeg\" alt=\"\" width=\"1600\" height=\"1066\" srcset=\"https:\/\/lackman.com.br\/wp-content\/uploads\/2025\/10\/WhatsApp-Image-2025-10-15-at-15.19.06-1.jpeg 1600w, https:\/\/lackman.com.br\/wp-content\/uploads\/2025\/10\/WhatsApp-Image-2025-10-15-at-15.19.06-1-300x200.jpeg 300w, https:\/\/lackman.com.br\/wp-content\/uploads\/2025\/10\/WhatsApp-Image-2025-10-15-at-15.19.06-1-1024x682.jpeg 1024w, https:\/\/lackman.com.br\/wp-content\/uploads\/2025\/10\/WhatsApp-Image-2025-10-15-at-15.19.06-1-768x512.jpeg 768w, https:\/\/lackman.com.br\/wp-content\/uploads\/2025\/10\/WhatsApp-Image-2025-10-15-at-15.19.06-1-100x67.jpeg 100w, https:\/\/lackman.com.br\/wp-content\/uploads\/2025\/10\/WhatsApp-Image-2025-10-15-at-15.19.06-1-1536x1023.jpeg 1536w\" sizes=\"(max-width: 1600px) 100vw, 1600px\" \/><\/p>\n<p style=\"text-align: justify\"><span style=\"font-weight: 400\">A expectativa \u00e9 de que o Acelera Bras\u00edlia se consolide como um dos principais eventos esportivos do calend\u00e1rio nacional. \u201cMais do que um espet\u00e1culo de velocidade, \u00e9 um encontro da comunidade apaixonada por automobilismo, capaz de unir esporte, cultura e inclus\u00e3o social em uma mesma arena\u201d, coment<\/span><span style=\"font-weight: 400\">a <strong>Renato Constantino, presidente da Federa\u00e7\u00e3o de Automobilismo do Distrito Federal<\/strong>.\u00a0<\/span><\/p>\n<p style=\"text-align: justify\"><b>\u00a0<em>Vrum-vrum!<\/em><\/b><\/p>\n<p style=\"text-align: justify\"><em><b>Acelera Bras\u00edlia<\/b> \/ <span style=\"font-weight: 400\">Kart\u00f3dromo Ayrton Senna &#8211; Guar\u00e1, DF \/ at\u00e9<\/span><span style=\"font-weight: 400\"> janeiro de 2026 &#8211; t<\/span><span style=\"font-weight: 400\">er\u00e7a a sexta, 17h \u00e0s 23h; s\u00e1bados e domingos, 14h \u00e0s 20h \/ R$ 90 (aluguel do kart com bateria, luvas e balaclava) \/ <a href=\"http:\/\/acelerabrasilia.com\">Mais informa\u00e7\u00f5es<\/a> \/ Siga <a href=\"https:\/\/www.instagram.com\/acelerabrasilia\/\">@acelerabrasilia<\/a><\/span><\/em><span style=\"font-weight: 400\"><br \/>\n<\/span><b> <\/b><\/p>\n<p style=\"text-align: justify\">\n<pre>Fotos: Divulga\u00e7\u00e3o<\/pre>\n","protected":false},"excerpt":{"rendered":"<p>Come\u00e7ou o maior evento de kart da capital e que vai oferecer tr\u00eas meses com corridas, simuladores de \u00faltima gera\u00e7\u00e3o e a presen\u00e7a de pilotos renomados. O Acelera Bras\u00edlia est\u00e1 de volta para a sua segunda edi\u00e7\u00e3o, prometendo repetir e ampliar o sucesso de 2024 na capital federal. O evento abriu oficialmente ao p\u00fablico nesta quarta-feira (15), \u00e0s 17h, e seguir\u00e1 por tr\u00eas meses no Kart\u00f3dromo Ayrton Senna, no Guar\u00e1, um dos principais centros de kartismo do Brasil. Com 892 metros de extens\u00e3o, a pista j\u00e1 foi palco de importantes competi\u00e7\u00f5es, incluindo etapas do Campeonato Brasiliense de Kart \u2013 Bras\u00edlia Kart Series (BKS) 2025. Antes disso, no dia 14 de outubro, uma corrida inaugural exclusiva para convidados reuniu nomes de peso do esporte, como Vitor Meira, Nelsinho Piquet, Gaetano di Mauro, Renato Russo, Lucas Foresti, Enzo Elias, Raphinha Reis, Pedro Cardoso, Ricardo Maur\u00edcio, Ricardo Landi, entre outros. A prova teve transmiss\u00e3o simult\u00e2nea pelo YouTube. A primeira edi\u00e7\u00e3o do Acelera, realizada entre setembro e dezembro de 2024, atraiu milhares de pessoas e consolidou-se como o maior evento de kart rental j\u00e1 realizado no Brasil. Em apenas 42 dias, uma pista de alto padr\u00e3o foi montada na Arena BRB, ao lado do Gin\u00e1sio Nilson Nelson, recebendo mais de 20 campeonatos de kart rental e pilotos consagrados nacional e internacionalmente. O impacto foi direto no automobilismo local: o Campeonato Brasiliense de Kart alcan\u00e7ou 172 inscritos na primeira etapa de 2025, com expectativa de superar 200 competidores. Al\u00e9m das corridas, a programa\u00e7\u00e3o contou com feira de ado\u00e7\u00e3o de pets, exposi\u00e7\u00e3o de carros antigos e visitas de 22 escolas p\u00fablicas, proporcionando a mais de 700 alunos a primeira experi\u00eancia no automobilismo. Para 2025, a estrutura ser\u00e1 ainda mais robusta. O Kart\u00f3dromo Ayrton Senna, reconhecido como ber\u00e7o de talentos da velocidade, receber\u00e1 melhorias de seguran\u00e7a e \u00e1reas ampliadas de escape. A programa\u00e7\u00e3o prev\u00ea campeonatos de kart rental, simuladores de corrida de \u00faltima gera\u00e7\u00e3o, exposi\u00e7\u00e3o de carros esportivos e atividades voltadas para crian\u00e7as e fam\u00edlias. Haver\u00e1 tamb\u00e9m espa\u00e7os gastron\u00f4micos, lounges e camarotes, inspirados em modelos europeus de kart\u00f3dromos. Entre as novidades, destaque para os karts equipados com cinto de seguran\u00e7a, um recurso in\u00e9dito em Bras\u00edlia no kart rental. O espa\u00e7o ainda contar\u00e1 com banheiros com chuveiro, banheiro adaptado para PCD, brinquedoteca climatizada, mesa de sinuca e tot\u00f3, al\u00e9m de um Museu do Automobilismo, que promete atrair apaixonados por velocidade e hist\u00f3ria do esporte. O p\u00fablico poder\u00e1 acompanhar a programa\u00e7\u00e3o de ter\u00e7a a domingo. Durante a semana, o funcionamento ser\u00e1 das 17h \u00e0s 23h, e aos s\u00e1bados e domingos, das 14h \u00e0s 20h. Para quem quiser sentir a emo\u00e7\u00e3o das pistas, o valor do kart rental ser\u00e1 de R$ 90, incluindo bateria individual, luvas e balaclava. A iniciativa \u00e9 realizada pela Federa\u00e7\u00e3o de Automobilismo do Distrito Federal e apoio da Secretaria de Esporte e Lazer do Distrito Federal, al\u00e9m da Administra\u00e7\u00e3o Regional do Guar\u00e1. &#8220;O Acelera Bras\u00edlia j\u00e1 nasceu grande e mostrou, em sua primeira edi\u00e7\u00e3o, a for\u00e7a que o automobilismo tem na nossa cidade. Agora, com essa segunda edi\u00e7\u00e3o no Kart\u00f3dromo Ayrton Senna, damos mais um passo para consolidar Bras\u00edlia como refer\u00eancia no esporte a motor, oferecendo estrutura de ponta, seguran\u00e7a e um ambiente que une lazer, fam\u00edlia e inclus\u00e3o. Esse \u00e9 o esp\u00edrito da nossa gest\u00e3o: promover o esporte em todas as suas modalidades, movimentar a economia local e transformar o Distrito Federal na verdadeira Capital do Esporte\u201d destaca, Renato Junqueira, secret\u00e1rio de Esporte e Lazer. A expectativa \u00e9 de que o Acelera Bras\u00edlia se consolide como um dos principais eventos esportivos do calend\u00e1rio nacional. \u201cMais do que um espet\u00e1culo de velocidade, \u00e9 um encontro da comunidade apaixonada por automobilismo, capaz de unir esporte, cultura e inclus\u00e3o social em uma mesma arena\u201d, comenta Renato Constantino, presidente da Federa\u00e7\u00e3o de Automobilismo do Distrito Federal.\u00a0 \u00a0Vrum-vrum! Acelera Bras\u00edlia \/ Kart\u00f3dromo Ayrton Senna &#8211; Guar\u00e1, DF \/ at\u00e9 janeiro de 2026 &#8211; ter\u00e7a a sexta, 17h \u00e0s 23h; s\u00e1bados e domingos, 14h \u00e0s 20h \/ R$ 90 (aluguel do kart com bateria, luvas e balaclava) \/ Mais informa\u00e7\u00f5es \/ Siga @acelerabrasilia Fotos: Divulga\u00e7\u00e3o<\/p>\n","protected":false},"author":6,"featured_media":10936,"comment_status":"closed","ping_status":"open","sticky":false,"template":"","format":"standard","meta":{"site-sidebar-layout":"default","site-content-layout":"","ast-site-content-layout":"default","site-content-style":"default","site-sidebar-style":"default","ast-global-header-display":"","ast-banner-title-visibility":"","ast-main-header-display":"","ast-hfb-above-header-display":"","ast-hfb-below-header-display":"","ast-hfb-mobile-header-display":"","site-post-title":"","ast-breadcrumbs-content":"","ast-featured-img":"","footer-sml-layout":"","ast-disable-related-posts":"","theme-transparent-header-meta":"default","adv-header-id-meta":"","stick-header-meta":"","header-above-stick-meta":"","header-main-stick-meta":"","header-below-stick-meta":"","astra-migrate-meta-layouts":"set","ast-page-background-enabled":"default","ast-page-background-meta":{"desktop":{"background-color":"","background-image":"","background-repeat":"repeat","background-position":"center center","background-size":"auto","background-attachment":"scroll","background-type":"","background-media":"","overlay-type":"","overlay-color":"","overlay-opacity":"","overlay-gradient":""},"tablet":{"background-color":"","background-image":"","background-repeat":"repeat","background-position":"center center","background-size":"auto","background-attachment":"scroll","background-type":"","background-media":"","overlay-type":"","overlay-color":"","overlay-opacity":"","overlay-gradient":""},"mobile":{"background-color":"","background-image":"","background-repeat":"repeat","background-position":"center center","background-size":"auto","background-attachment":"scroll","background-type":"","background-media":"","overlay-type":"","overlay-color":"","overlay-opacity":"","overlay-gradient":""}},"ast-content-background-meta":{"desktop":{"background-color":"var(--ast-global-color-5)","background-image":"","background-repeat":"repeat","background-position":"center center","background-size":"auto","background-attachment":"scroll","background-type":"","background-media":"","overlay-type":"","overlay-color":"","overlay-opacity":"","overlay-gradient":""},"tablet":{"background-color":"var(--ast-global-color-5)","background-image":"","background-repeat":"repeat","background-position":"center center","background-size":"auto","background-attachment":"scroll","background-type":"","background-media":"","overlay-type":"","overlay-color":"","overlay-opacity":"","overlay-gradient":""},"mobile":{"background-color":"var(--ast-global-color-5)","background-image":"","background-repeat":"repeat","background-position":"center center","background-size":"auto","background-attachment":"scroll","background-type":"","background-media":"","overlay-type":"","overlay-color":"","overlay-opacity":"","overlay-gradient":""}},"footnotes":""},"categories":[48,43],"tags":[],"class_list":["post-10934","post","type-post","status-publish","format-standard","has-post-thumbnail","hentry","category-entretenimento","category-perambulando"],"yoast_head":"<!-- This site is optimized with the Yoast SEO plugin v27.0 - https:\/\/yoast.com\/product\/yoast-seo-wordpress\/ -->\n<title>Partiu 2a edi\u00e7\u00e3o do Acelera Bras\u00edlia! - LACKMAN &amp; CO.<\/title>\n<meta name=\"robots\" content=\"index, follow, max-snippet:-1, max-image-preview:large, max-video-preview:-1\" \/>\n<link rel=\"canonical\" href=\"https:\/\/lackman.com.br\/index.php\/2025\/10\/15\/partiu-2a-edicao-do-acelera-brasilia\/\" \/>\n<meta property=\"og:locale\" content=\"pt_BR\" \/>\n<meta property=\"og:type\" content=\"article\" \/>\n<meta property=\"og:title\" content=\"Partiu 2a edi\u00e7\u00e3o do Acelera Bras\u00edlia! - LACKMAN &amp; CO.\" \/>\n<meta property=\"og:description\" content=\"Come\u00e7ou o maior evento de kart da capital e que vai oferecer tr\u00eas meses com corridas, simuladores de \u00faltima gera\u00e7\u00e3o e a presen\u00e7a de pilotos renomados. O Acelera Bras\u00edlia est\u00e1 de volta para a sua segunda edi\u00e7\u00e3o, prometendo repetir e ampliar o sucesso de 2024 na capital federal. O evento abriu oficialmente ao p\u00fablico nesta quarta-feira (15), \u00e0s 17h, e seguir\u00e1 por tr\u00eas meses no Kart\u00f3dromo Ayrton Senna, no Guar\u00e1, um dos principais centros de kartismo do Brasil. Com 892 metros de extens\u00e3o, a pista j\u00e1 foi palco de importantes competi\u00e7\u00f5es, incluindo etapas do Campeonato Brasiliense de Kart \u2013 Bras\u00edlia Kart Series (BKS) 2025. Antes disso, no dia 14 de outubro, uma corrida inaugural exclusiva para convidados reuniu nomes de peso do esporte, como Vitor Meira, Nelsinho Piquet, Gaetano di Mauro, Renato Russo, Lucas Foresti, Enzo Elias, Raphinha Reis, Pedro Cardoso, Ricardo Maur\u00edcio, Ricardo Landi, entre outros. A prova teve transmiss\u00e3o simult\u00e2nea pelo YouTube. A primeira edi\u00e7\u00e3o do Acelera, realizada entre setembro e dezembro de 2024, atraiu milhares de pessoas e consolidou-se como o maior evento de kart rental j\u00e1 realizado no Brasil. Em apenas 42 dias, uma pista de alto padr\u00e3o foi montada na Arena BRB, ao lado do Gin\u00e1sio Nilson Nelson, recebendo mais de 20 campeonatos de kart rental e pilotos consagrados nacional e internacionalmente. O impacto foi direto no automobilismo local: o Campeonato Brasiliense de Kart alcan\u00e7ou 172 inscritos na primeira etapa de 2025, com expectativa de superar 200 competidores. Al\u00e9m das corridas, a programa\u00e7\u00e3o contou com feira de ado\u00e7\u00e3o de pets, exposi\u00e7\u00e3o de carros antigos e visitas de 22 escolas p\u00fablicas, proporcionando a mais de 700 alunos a primeira experi\u00eancia no automobilismo. Para 2025, a estrutura ser\u00e1 ainda mais robusta. O Kart\u00f3dromo Ayrton Senna, reconhecido como ber\u00e7o de talentos da velocidade, receber\u00e1 melhorias de seguran\u00e7a e \u00e1reas ampliadas de escape. A programa\u00e7\u00e3o prev\u00ea campeonatos de kart rental, simuladores de corrida de \u00faltima gera\u00e7\u00e3o, exposi\u00e7\u00e3o de carros esportivos e atividades voltadas para crian\u00e7as e fam\u00edlias. Haver\u00e1 tamb\u00e9m espa\u00e7os gastron\u00f4micos, lounges e camarotes, inspirados em modelos europeus de kart\u00f3dromos. Entre as novidades, destaque para os karts equipados com cinto de seguran\u00e7a, um recurso in\u00e9dito em Bras\u00edlia no kart rental. O espa\u00e7o ainda contar\u00e1 com banheiros com chuveiro, banheiro adaptado para PCD, brinquedoteca climatizada, mesa de sinuca e tot\u00f3, al\u00e9m de um Museu do Automobilismo, que promete atrair apaixonados por velocidade e hist\u00f3ria do esporte. O p\u00fablico poder\u00e1 acompanhar a programa\u00e7\u00e3o de ter\u00e7a a domingo. Durante a semana, o funcionamento ser\u00e1 das 17h \u00e0s 23h, e aos s\u00e1bados e domingos, das 14h \u00e0s 20h. Para quem quiser sentir a emo\u00e7\u00e3o das pistas, o valor do kart rental ser\u00e1 de R$ 90, incluindo bateria individual, luvas e balaclava. A iniciativa \u00e9 realizada pela Federa\u00e7\u00e3o de Automobilismo do Distrito Federal e apoio da Secretaria de Esporte e Lazer do Distrito Federal, al\u00e9m da Administra\u00e7\u00e3o Regional do Guar\u00e1. &#8220;O Acelera Bras\u00edlia j\u00e1 nasceu grande e mostrou, em sua primeira edi\u00e7\u00e3o, a for\u00e7a que o automobilismo tem na nossa cidade. Agora, com essa segunda edi\u00e7\u00e3o no Kart\u00f3dromo Ayrton Senna, damos mais um passo para consolidar Bras\u00edlia como refer\u00eancia no esporte a motor, oferecendo estrutura de ponta, seguran\u00e7a e um ambiente que une lazer, fam\u00edlia e inclus\u00e3o. Esse \u00e9 o esp\u00edrito da nossa gest\u00e3o: promover o esporte em todas as suas modalidades, movimentar a economia local e transformar o Distrito Federal na verdadeira Capital do Esporte\u201d destaca, Renato Junqueira, secret\u00e1rio de Esporte e Lazer. A expectativa \u00e9 de que o Acelera Bras\u00edlia se consolide como um dos principais eventos esportivos do calend\u00e1rio nacional. \u201cMais do que um espet\u00e1culo de velocidade, \u00e9 um encontro da comunidade apaixonada por automobilismo, capaz de unir esporte, cultura e inclus\u00e3o social em uma mesma arena\u201d, comenta Renato Constantino, presidente da Federa\u00e7\u00e3o de Automobilismo do Distrito Federal.\u00a0 \u00a0Vrum-vrum! Acelera Bras\u00edlia \/ Kart\u00f3dromo Ayrton Senna &#8211; Guar\u00e1, DF \/ at\u00e9 janeiro de 2026 &#8211; ter\u00e7a a sexta, 17h \u00e0s 23h; s\u00e1bados e domingos, 14h \u00e0s 20h \/ R$ 90 (aluguel do kart com bateria, luvas e balaclava) \/ Mais informa\u00e7\u00f5es \/ Siga @acelerabrasilia Fotos: Divulga\u00e7\u00e3o\" \/>\n<meta property=\"og:url\" content=\"https:\/\/lackman.com.br\/index.php\/2025\/10\/15\/partiu-2a-edicao-do-acelera-brasilia\/\" \/>\n<meta property=\"og:site_name\" content=\"LACKMAN &amp; CO.\" \/>\n<meta property=\"article:published_time\" content=\"2025-10-15T23:44:37+00:00\" \/>\n<meta property=\"og:image\" content=\"http:\/\/lackman.com.br\/wp-content\/uploads\/2025\/10\/WhatsApp-Image-2025-10-15-at-15.19.06.jpeg\" \/>\n\t<meta property=\"og:image:width\" content=\"1600\" \/>\n\t<meta property=\"og:image:height\" content=\"1066\" \/>\n\t<meta property=\"og:image:type\" content=\"image\/jpeg\" \/>\n<meta name=\"author\" content=\"Gilberto Evangelista - Colunista\" \/>\n<meta name=\"twitter:card\" content=\"summary_large_image\" \/>\n<meta name=\"twitter:label1\" content=\"Escrito por\" \/>\n\t<meta name=\"twitter:data1\" content=\"Gilberto Evangelista - Colunista\" \/>\n\t<meta name=\"twitter:label2\" content=\"Est. tempo de leitura\" \/>\n\t<meta name=\"twitter:data2\" content=\"5 minutos\" \/>\n<script type=\"application\/ld+json\" class=\"yoast-schema-graph\">{\"@context\":\"https:\/\/schema.org\",\"@graph\":[{\"@type\":\"Article\",\"@id\":\"https:\/\/lackman.com.br\/index.php\/2025\/10\/15\/partiu-2a-edicao-do-acelera-brasilia\/#article\",\"isPartOf\":{\"@id\":\"https:\/\/lackman.com.br\/index.php\/2025\/10\/15\/partiu-2a-edicao-do-acelera-brasilia\/\"},\"author\":{\"name\":\"Gilberto Evangelista - Colunista\",\"@id\":\"https:\/\/lackman.com.br\/#\/schema\/person\/8a2355f699593d21d4f0d25b69db5747\"},\"headline\":\"Partiu 2a edi\u00e7\u00e3o do Acelera Bras\u00edlia!\",\"datePublished\":\"2025-10-15T23:44:37+00:00\",\"mainEntityOfPage\":{\"@id\":\"https:\/\/lackman.com.br\/index.php\/2025\/10\/15\/partiu-2a-edicao-do-acelera-brasilia\/\"},\"wordCount\":729,\"publisher\":{\"@id\":\"https:\/\/lackman.com.br\/#organization\"},\"image\":{\"@id\":\"https:\/\/lackman.com.br\/index.php\/2025\/10\/15\/partiu-2a-edicao-do-acelera-brasilia\/#primaryimage\"},\"thumbnailUrl\":\"https:\/\/lackman.com.br\/wp-content\/uploads\/2025\/10\/WhatsApp-Image-2025-10-15-at-15.19.06.jpeg\",\"articleSection\":[\"Entretenimento\",\"Perambulando\"],\"inLanguage\":\"pt-BR\"},{\"@type\":\"WebPage\",\"@id\":\"https:\/\/lackman.com.br\/index.php\/2025\/10\/15\/partiu-2a-edicao-do-acelera-brasilia\/\",\"url\":\"https:\/\/lackman.com.br\/index.php\/2025\/10\/15\/partiu-2a-edicao-do-acelera-brasilia\/\",\"name\":\"Partiu 2a edi\u00e7\u00e3o do Acelera Bras\u00edlia! - LACKMAN &amp; CO.\",\"isPartOf\":{\"@id\":\"https:\/\/lackman.com.br\/#website\"},\"primaryImageOfPage\":{\"@id\":\"https:\/\/lackman.com.br\/index.php\/2025\/10\/15\/partiu-2a-edicao-do-acelera-brasilia\/#primaryimage\"},\"image\":{\"@id\":\"https:\/\/lackman.com.br\/index.php\/2025\/10\/15\/partiu-2a-edicao-do-acelera-brasilia\/#primaryimage\"},\"thumbnailUrl\":\"https:\/\/lackman.com.br\/wp-content\/uploads\/2025\/10\/WhatsApp-Image-2025-10-15-at-15.19.06.jpeg\",\"datePublished\":\"2025-10-15T23:44:37+00:00\",\"breadcrumb\":{\"@id\":\"https:\/\/lackman.com.br\/index.php\/2025\/10\/15\/partiu-2a-edicao-do-acelera-brasilia\/#breadcrumb\"},\"inLanguage\":\"pt-BR\",\"potentialAction\":[{\"@type\":\"ReadAction\",\"target\":[\"https:\/\/lackman.com.br\/index.php\/2025\/10\/15\/partiu-2a-edicao-do-acelera-brasilia\/\"]}]},{\"@type\":\"ImageObject\",\"inLanguage\":\"pt-BR\",\"@id\":\"https:\/\/lackman.com.br\/index.php\/2025\/10\/15\/partiu-2a-edicao-do-acelera-brasilia\/#primaryimage\",\"url\":\"https:\/\/lackman.com.br\/wp-content\/uploads\/2025\/10\/WhatsApp-Image-2025-10-15-at-15.19.06.jpeg\",\"contentUrl\":\"https:\/\/lackman.com.br\/wp-content\/uploads\/2025\/10\/WhatsApp-Image-2025-10-15-at-15.19.06.jpeg\",\"width\":1600,\"height\":1066},{\"@type\":\"BreadcrumbList\",\"@id\":\"https:\/\/lackman.com.br\/index.php\/2025\/10\/15\/partiu-2a-edicao-do-acelera-brasilia\/#breadcrumb\",\"itemListElement\":[{\"@type\":\"ListItem\",\"position\":1,\"name\":\"In\u00edcio\",\"item\":\"https:\/\/lackman.com.br\/\"},{\"@type\":\"ListItem\",\"position\":2,\"name\":\"Partiu 2a edi\u00e7\u00e3o do Acelera Bras\u00edlia!\"}]},{\"@type\":\"WebSite\",\"@id\":\"https:\/\/lackman.com.br\/#website\",\"url\":\"https:\/\/lackman.com.br\/\",\"name\":\"LACKMAN &amp; CO.\",\"description\":\"VIDA | MODA | ARTE\",\"publisher\":{\"@id\":\"https:\/\/lackman.com.br\/#organization\"},\"potentialAction\":[{\"@type\":\"SearchAction\",\"target\":{\"@type\":\"EntryPoint\",\"urlTemplate\":\"https:\/\/lackman.com.br\/?s={search_term_string}\"},\"query-input\":{\"@type\":\"PropertyValueSpecification\",\"valueRequired\":true,\"valueName\":\"search_term_string\"}}],\"inLanguage\":\"pt-BR\"},{\"@type\":\"Organization\",\"@id\":\"https:\/\/lackman.com.br\/#organization\",\"name\":\"LACKMAN &amp; CO.\",\"url\":\"https:\/\/lackman.com.br\/\",\"logo\":{\"@type\":\"ImageObject\",\"inLanguage\":\"pt-BR\",\"@id\":\"https:\/\/lackman.com.br\/#\/schema\/logo\/image\/\",\"url\":\"https:\/\/lackman.com.br\/wp-content\/uploads\/2023\/06\/Logotipo_preto-1.png\",\"contentUrl\":\"https:\/\/lackman.com.br\/wp-content\/uploads\/2023\/06\/Logotipo_preto-1.png\",\"width\":739,\"height\":393,\"caption\":\"LACKMAN &amp; CO.\"},\"image\":{\"@id\":\"https:\/\/lackman.com.br\/#\/schema\/logo\/image\/\"}},{\"@type\":\"Person\",\"@id\":\"https:\/\/lackman.com.br\/#\/schema\/person\/8a2355f699593d21d4f0d25b69db5747\",\"name\":\"Gilberto Evangelista - Colunista\",\"image\":{\"@type\":\"ImageObject\",\"inLanguage\":\"pt-BR\",\"@id\":\"https:\/\/lackman.com.br\/#\/schema\/person\/image\/\",\"url\":\"https:\/\/secure.gravatar.com\/avatar\/cea9badf02f8a90f7a745f2cbea45fda61f65711ec015e2faf3809cca6337c28?s=96&d=mm&r=g\",\"contentUrl\":\"https:\/\/secure.gravatar.com\/avatar\/cea9badf02f8a90f7a745f2cbea45fda61f65711ec015e2faf3809cca6337c28?s=96&d=mm&r=g\",\"caption\":\"Gilberto Evangelista - Colunista\"},\"description\":\"Jornalista e globetrotter.\",\"url\":\"https:\/\/lackman.com.br\/index.php\/author\/gilberto-brito\/\"}]}<\/script>\n<!-- \/ Yoast SEO plugin. -->","yoast_head_json":{"title":"Partiu 2a edi\u00e7\u00e3o do Acelera Bras\u00edlia! - LACKMAN &amp; CO.","robots":{"index":"index","follow":"follow","max-snippet":"max-snippet:-1","max-image-preview":"max-image-preview:large","max-video-preview":"max-video-preview:-1"},"canonical":"https:\/\/lackman.com.br\/index.php\/2025\/10\/15\/partiu-2a-edicao-do-acelera-brasilia\/","og_locale":"pt_BR","og_type":"article","og_title":"Partiu 2a edi\u00e7\u00e3o do Acelera Bras\u00edlia! - LACKMAN &amp; CO.","og_description":"Come\u00e7ou o maior evento de kart da capital e que vai oferecer tr\u00eas meses com corridas, simuladores de \u00faltima gera\u00e7\u00e3o e a presen\u00e7a de pilotos renomados. O Acelera Bras\u00edlia est\u00e1 de volta para a sua segunda edi\u00e7\u00e3o, prometendo repetir e ampliar o sucesso de 2024 na capital federal. O evento abriu oficialmente ao p\u00fablico nesta quarta-feira (15), \u00e0s 17h, e seguir\u00e1 por tr\u00eas meses no Kart\u00f3dromo Ayrton Senna, no Guar\u00e1, um dos principais centros de kartismo do Brasil. Com 892 metros de extens\u00e3o, a pista j\u00e1 foi palco de importantes competi\u00e7\u00f5es, incluindo etapas do Campeonato Brasiliense de Kart \u2013 Bras\u00edlia Kart Series (BKS) 2025. Antes disso, no dia 14 de outubro, uma corrida inaugural exclusiva para convidados reuniu nomes de peso do esporte, como Vitor Meira, Nelsinho Piquet, Gaetano di Mauro, Renato Russo, Lucas Foresti, Enzo Elias, Raphinha Reis, Pedro Cardoso, Ricardo Maur\u00edcio, Ricardo Landi, entre outros. A prova teve transmiss\u00e3o simult\u00e2nea pelo YouTube. A primeira edi\u00e7\u00e3o do Acelera, realizada entre setembro e dezembro de 2024, atraiu milhares de pessoas e consolidou-se como o maior evento de kart rental j\u00e1 realizado no Brasil. Em apenas 42 dias, uma pista de alto padr\u00e3o foi montada na Arena BRB, ao lado do Gin\u00e1sio Nilson Nelson, recebendo mais de 20 campeonatos de kart rental e pilotos consagrados nacional e internacionalmente. O impacto foi direto no automobilismo local: o Campeonato Brasiliense de Kart alcan\u00e7ou 172 inscritos na primeira etapa de 2025, com expectativa de superar 200 competidores. Al\u00e9m das corridas, a programa\u00e7\u00e3o contou com feira de ado\u00e7\u00e3o de pets, exposi\u00e7\u00e3o de carros antigos e visitas de 22 escolas p\u00fablicas, proporcionando a mais de 700 alunos a primeira experi\u00eancia no automobilismo. Para 2025, a estrutura ser\u00e1 ainda mais robusta. O Kart\u00f3dromo Ayrton Senna, reconhecido como ber\u00e7o de talentos da velocidade, receber\u00e1 melhorias de seguran\u00e7a e \u00e1reas ampliadas de escape. A programa\u00e7\u00e3o prev\u00ea campeonatos de kart rental, simuladores de corrida de \u00faltima gera\u00e7\u00e3o, exposi\u00e7\u00e3o de carros esportivos e atividades voltadas para crian\u00e7as e fam\u00edlias. Haver\u00e1 tamb\u00e9m espa\u00e7os gastron\u00f4micos, lounges e camarotes, inspirados em modelos europeus de kart\u00f3dromos. Entre as novidades, destaque para os karts equipados com cinto de seguran\u00e7a, um recurso in\u00e9dito em Bras\u00edlia no kart rental. O espa\u00e7o ainda contar\u00e1 com banheiros com chuveiro, banheiro adaptado para PCD, brinquedoteca climatizada, mesa de sinuca e tot\u00f3, al\u00e9m de um Museu do Automobilismo, que promete atrair apaixonados por velocidade e hist\u00f3ria do esporte. O p\u00fablico poder\u00e1 acompanhar a programa\u00e7\u00e3o de ter\u00e7a a domingo. Durante a semana, o funcionamento ser\u00e1 das 17h \u00e0s 23h, e aos s\u00e1bados e domingos, das 14h \u00e0s 20h. Para quem quiser sentir a emo\u00e7\u00e3o das pistas, o valor do kart rental ser\u00e1 de R$ 90, incluindo bateria individual, luvas e balaclava. A iniciativa \u00e9 realizada pela Federa\u00e7\u00e3o de Automobilismo do Distrito Federal e apoio da Secretaria de Esporte e Lazer do Distrito Federal, al\u00e9m da Administra\u00e7\u00e3o Regional do Guar\u00e1. &#8220;O Acelera Bras\u00edlia j\u00e1 nasceu grande e mostrou, em sua primeira edi\u00e7\u00e3o, a for\u00e7a que o automobilismo tem na nossa cidade. Agora, com essa segunda edi\u00e7\u00e3o no Kart\u00f3dromo Ayrton Senna, damos mais um passo para consolidar Bras\u00edlia como refer\u00eancia no esporte a motor, oferecendo estrutura de ponta, seguran\u00e7a e um ambiente que une lazer, fam\u00edlia e inclus\u00e3o. Esse \u00e9 o esp\u00edrito da nossa gest\u00e3o: promover o esporte em todas as suas modalidades, movimentar a economia local e transformar o Distrito Federal na verdadeira Capital do Esporte\u201d destaca, Renato Junqueira, secret\u00e1rio de Esporte e Lazer. A expectativa \u00e9 de que o Acelera Bras\u00edlia se consolide como um dos principais eventos esportivos do calend\u00e1rio nacional. \u201cMais do que um espet\u00e1culo de velocidade, \u00e9 um encontro da comunidade apaixonada por automobilismo, capaz de unir esporte, cultura e inclus\u00e3o social em uma mesma arena\u201d, comenta Renato Constantino, presidente da Federa\u00e7\u00e3o de Automobilismo do Distrito Federal.\u00a0 \u00a0Vrum-vrum! Acelera Bras\u00edlia \/ Kart\u00f3dromo Ayrton Senna &#8211; Guar\u00e1, DF \/ at\u00e9 janeiro de 2026 &#8211; ter\u00e7a a sexta, 17h \u00e0s 23h; s\u00e1bados e domingos, 14h \u00e0s 20h \/ R$ 90 (aluguel do kart com bateria, luvas e balaclava) \/ Mais informa\u00e7\u00f5es \/ Siga @acelerabrasilia Fotos: Divulga\u00e7\u00e3o","og_url":"https:\/\/lackman.com.br\/index.php\/2025\/10\/15\/partiu-2a-edicao-do-acelera-brasilia\/","og_site_name":"LACKMAN &amp; CO.","article_published_time":"2025-10-15T23:44:37+00:00","og_image":[{"width":1600,"height":1066,"url":"http:\/\/lackman.com.br\/wp-content\/uploads\/2025\/10\/WhatsApp-Image-2025-10-15-at-15.19.06.jpeg","type":"image\/jpeg"}],"author":"Gilberto Evangelista - Colunista","twitter_card":"summary_large_image","twitter_misc":{"Escrito por":"Gilberto Evangelista - Colunista","Est. tempo de leitura":"5 minutos"},"schema":{"@context":"https:\/\/schema.org","@graph":[{"@type":"Article","@id":"https:\/\/lackman.com.br\/index.php\/2025\/10\/15\/partiu-2a-edicao-do-acelera-brasilia\/#article","isPartOf":{"@id":"https:\/\/lackman.com.br\/index.php\/2025\/10\/15\/partiu-2a-edicao-do-acelera-brasilia\/"},"author":{"name":"Gilberto Evangelista - Colunista","@id":"https:\/\/lackman.com.br\/#\/schema\/person\/8a2355f699593d21d4f0d25b69db5747"},"headline":"Partiu 2a edi\u00e7\u00e3o do Acelera Bras\u00edlia!","datePublished":"2025-10-15T23:44:37+00:00","mainEntityOfPage":{"@id":"https:\/\/lackman.com.br\/index.php\/2025\/10\/15\/partiu-2a-edicao-do-acelera-brasilia\/"},"wordCount":729,"publisher":{"@id":"https:\/\/lackman.com.br\/#organization"},"image":{"@id":"https:\/\/lackman.com.br\/index.php\/2025\/10\/15\/partiu-2a-edicao-do-acelera-brasilia\/#primaryimage"},"thumbnailUrl":"https:\/\/lackman.com.br\/wp-content\/uploads\/2025\/10\/WhatsApp-Image-2025-10-15-at-15.19.06.jpeg","articleSection":["Entretenimento","Perambulando"],"inLanguage":"pt-BR"},{"@type":"WebPage","@id":"https:\/\/lackman.com.br\/index.php\/2025\/10\/15\/partiu-2a-edicao-do-acelera-brasilia\/","url":"https:\/\/lackman.com.br\/index.php\/2025\/10\/15\/partiu-2a-edicao-do-acelera-brasilia\/","name":"Partiu 2a edi\u00e7\u00e3o do Acelera Bras\u00edlia! - LACKMAN &amp; CO.","isPartOf":{"@id":"https:\/\/lackman.com.br\/#website"},"primaryImageOfPage":{"@id":"https:\/\/lackman.com.br\/index.php\/2025\/10\/15\/partiu-2a-edicao-do-acelera-brasilia\/#primaryimage"},"image":{"@id":"https:\/\/lackman.com.br\/index.php\/2025\/10\/15\/partiu-2a-edicao-do-acelera-brasilia\/#primaryimage"},"thumbnailUrl":"https:\/\/lackman.com.br\/wp-content\/uploads\/2025\/10\/WhatsApp-Image-2025-10-15-at-15.19.06.jpeg","datePublished":"2025-10-15T23:44:37+00:00","breadcrumb":{"@id":"https:\/\/lackman.com.br\/index.php\/2025\/10\/15\/partiu-2a-edicao-do-acelera-brasilia\/#breadcrumb"},"inLanguage":"pt-BR","potentialAction":[{"@type":"ReadAction","target":["https:\/\/lackman.com.br\/index.php\/2025\/10\/15\/partiu-2a-edicao-do-acelera-brasilia\/"]}]},{"@type":"ImageObject","inLanguage":"pt-BR","@id":"https:\/\/lackman.com.br\/index.php\/2025\/10\/15\/partiu-2a-edicao-do-acelera-brasilia\/#primaryimage","url":"https:\/\/lackman.com.br\/wp-content\/uploads\/2025\/10\/WhatsApp-Image-2025-10-15-at-15.19.06.jpeg","contentUrl":"https:\/\/lackman.com.br\/wp-content\/uploads\/2025\/10\/WhatsApp-Image-2025-10-15-at-15.19.06.jpeg","width":1600,"height":1066},{"@type":"BreadcrumbList","@id":"https:\/\/lackman.com.br\/index.php\/2025\/10\/15\/partiu-2a-edicao-do-acelera-brasilia\/#breadcrumb","itemListElement":[{"@type":"ListItem","position":1,"name":"In\u00edcio","item":"https:\/\/lackman.com.br\/"},{"@type":"ListItem","position":2,"name":"Partiu 2a edi\u00e7\u00e3o do Acelera Bras\u00edlia!"}]},{"@type":"WebSite","@id":"https:\/\/lackman.com.br\/#website","url":"https:\/\/lackman.com.br\/","name":"LACKMAN &amp; CO.","description":"VIDA | MODA | ARTE","publisher":{"@id":"https:\/\/lackman.com.br\/#organization"},"potentialAction":[{"@type":"SearchAction","target":{"@type":"EntryPoint","urlTemplate":"https:\/\/lackman.com.br\/?s={search_term_string}"},"query-input":{"@type":"PropertyValueSpecification","valueRequired":true,"valueName":"search_term_string"}}],"inLanguage":"pt-BR"},{"@type":"Organization","@id":"https:\/\/lackman.com.br\/#organization","name":"LACKMAN &amp; CO.","url":"https:\/\/lackman.com.br\/","logo":{"@type":"ImageObject","inLanguage":"pt-BR","@id":"https:\/\/lackman.com.br\/#\/schema\/logo\/image\/","url":"https:\/\/lackman.com.br\/wp-content\/uploads\/2023\/06\/Logotipo_preto-1.png","contentUrl":"https:\/\/lackman.com.br\/wp-content\/uploads\/2023\/06\/Logotipo_preto-1.png","width":739,"height":393,"caption":"LACKMAN &amp; CO."},"image":{"@id":"https:\/\/lackman.com.br\/#\/schema\/logo\/image\/"}},{"@type":"Person","@id":"https:\/\/lackman.com.br\/#\/schema\/person\/8a2355f699593d21d4f0d25b69db5747","name":"Gilberto Evangelista - Colunista","image":{"@type":"ImageObject","inLanguage":"pt-BR","@id":"https:\/\/lackman.com.br\/#\/schema\/person\/image\/","url":"https:\/\/secure.gravatar.com\/avatar\/cea9badf02f8a90f7a745f2cbea45fda61f65711ec015e2faf3809cca6337c28?s=96&d=mm&r=g","contentUrl":"https:\/\/secure.gravatar.com\/avatar\/cea9badf02f8a90f7a745f2cbea45fda61f65711ec015e2faf3809cca6337c28?s=96&d=mm&r=g","caption":"Gilberto Evangelista - Colunista"},"description":"Jornalista e globetrotter.","url":"https:\/\/lackman.com.br\/index.php\/author\/gilberto-brito\/"}]}},"rttpg_featured_image_url":{"full":["https:\/\/lackman.com.br\/wp-content\/uploads\/2025\/10\/WhatsApp-Image-2025-10-15-at-15.19.06.jpeg",1600,1066,false],"landscape":["https:\/\/lackman.com.br\/wp-content\/uploads\/2025\/10\/WhatsApp-Image-2025-10-15-at-15.19.06.jpeg",1600,1066,false],"portraits":["https:\/\/lackman.com.br\/wp-content\/uploads\/2025\/10\/WhatsApp-Image-2025-10-15-at-15.19.06.jpeg",1600,1066,false],"thumbnail":["https:\/\/lackman.com.br\/wp-content\/uploads\/2025\/10\/WhatsApp-Image-2025-10-15-at-15.19.06-150x150.jpeg",150,150,true],"medium":["https:\/\/lackman.com.br\/wp-content\/uploads\/2025\/10\/WhatsApp-Image-2025-10-15-at-15.19.06-300x200.jpeg",300,200,true],"large":["https:\/\/lackman.com.br\/wp-content\/uploads\/2025\/10\/WhatsApp-Image-2025-10-15-at-15.19.06-1024x682.jpeg",1024,682,true],"RoboGalleryMansoryImagesCenter":["https:\/\/lackman.com.br\/wp-content\/uploads\/2025\/10\/WhatsApp-Image-2025-10-15-at-15.19.06-600x1024.jpeg",600,1024,true],"RoboGalleryPreload":["https:\/\/lackman.com.br\/wp-content\/uploads\/2025\/10\/WhatsApp-Image-2025-10-15-at-15.19.06-100x67.jpeg",100,67,true],"1536x1536":["https:\/\/lackman.com.br\/wp-content\/uploads\/2025\/10\/WhatsApp-Image-2025-10-15-at-15.19.06-1536x1023.jpeg",1536,1023,true],"2048x2048":["https:\/\/lackman.com.br\/wp-content\/uploads\/2025\/10\/WhatsApp-Image-2025-10-15-at-15.19.06.jpeg",1600,1066,false]},"rttpg_author":{"display_name":"Gilberto Evangelista - Colunista","author_link":"https:\/\/lackman.com.br\/index.php\/author\/gilberto-brito\/"},"rttpg_comment":0,"rttpg_category":"<a href=\"https:\/\/lackman.com.br\/index.php\/category\/arte\/entretenimento\/\" rel=\"category tag\">Entretenimento<\/a> <a href=\"https:\/\/lackman.com.br\/index.php\/category\/vida\/perambulando\/\" rel=\"category tag\">Perambulando<\/a>","rttpg_excerpt":"Come\u00e7ou o maior evento de kart da capital e que vai oferecer tr\u00eas meses com corridas, simuladores de \u00faltima gera\u00e7\u00e3o e a presen\u00e7a de pilotos renomados. O Acelera Bras\u00edlia est\u00e1 de volta para a sua segunda edi\u00e7\u00e3o, prometendo repetir e ampliar o sucesso de 2024 na capital federal. O evento abriu oficialmente ao p\u00fablico nesta&hellip;","_links":{"self":[{"href":"https:\/\/lackman.com.br\/index.php\/wp-json\/wp\/v2\/posts\/10934","targetHints":{"allow":["GET"]}}],"collection":[{"href":"https:\/\/lackman.com.br\/index.php\/wp-json\/wp\/v2\/posts"}],"about":[{"href":"https:\/\/lackman.com.br\/index.php\/wp-json\/wp\/v2\/types\/post"}],"author":[{"embeddable":true,"href":"https:\/\/lackman.com.br\/index.php\/wp-json\/wp\/v2\/users\/6"}],"replies":[{"embeddable":true,"href":"https:\/\/lackman.com.br\/index.php\/wp-json\/wp\/v2\/comments?post=10934"}],"version-history":[{"count":1,"href":"https:\/\/lackman.com.br\/index.php\/wp-json\/wp\/v2\/posts\/10934\/revisions"}],"predecessor-version":[{"id":10939,"href":"https:\/\/lackman.com.br\/index.php\/wp-json\/wp\/v2\/posts\/10934\/revisions\/10939"}],"wp:featuredmedia":[{"embeddable":true,"href":"https:\/\/lackman.com.br\/index.php\/wp-json\/wp\/v2\/media\/10936"}],"wp:attachment":[{"href":"https:\/\/lackman.com.br\/index.php\/wp-json\/wp\/v2\/media?parent=10934"}],"wp:term":[{"taxonomy":"category","embeddable":true,"href":"https:\/\/lackman.com.br\/index.php\/wp-json\/wp\/v2\/categories?post=10934"},{"taxonomy":"post_tag","embeddable":true,"href":"https:\/\/lackman.com.br\/index.php\/wp-json\/wp\/v2\/tags?post=10934"}],"curies":[{"name":"wp","href":"https:\/\/api.w.org\/{rel}","templated":true}]}}